{"id":8587,"date":"2025-07-07T21:17:23","date_gmt":"2025-07-07T19:17:23","guid":{"rendered":"https:\/\/vieassociative.be\/actualites\/ce-melangeur-vitamix-de-grade-professionnel-est-de-250-de-reduction-avant-le-premier-jour\/"},"modified":"2025-07-07T21:17:23","modified_gmt":"2025-07-07T19:17:23","slug":"ce-melangeur-vitamix-de-grade-professionnel-est-de-250-de-reduction-avant-le-premier-jour","status":"publish","type":"post","link":"https:\/\/vieassociative.be\/actualites\/ce-melangeur-vitamix-de-grade-professionnel-est-de-250-de-reduction-avant-le-premier-jour\/","title":{"rendered":"Ce m\u00e9langeur Vitamix de grade professionnel est de 250 $ de r\u00e9duction avant le premier jour"},"content":{"rendered":"<div class=\"mt-4 leading-6 md:mb-8\">Ce m\u00e9langeur Vitamix est de 40% de r\u00e9duction avant que Amazon Prime Day ne commence m\u00eame.<\/div>\n<p><\/p>\n<p><em>Prime Day 2025 est l\u00e0 du mardi 8 juillet au vendredi 11 juillet et Vie Associative partage les meilleures ventes en fonction des avis de produits, des comparaisons et des outils de suivi des prix. <\/em><\/p>\n<ul>\n<li>\n<p><em>Suivez notre blog en direct<\/em><em>  Pour rester \u00e0 jour sur les meilleures ventes que nous trouvons.<\/em><\/p>\n<\/li>\n<li>\n<p><em>Abonnez-vous \u00e0 notre newsletter shopping<\/em><em>Ajouter au panier, pour les meilleures ventes envoy\u00e9es dans votre bo\u00eete de r\u00e9ception.<\/em><\/p>\n<\/li>\n<\/ul>\n<p><em>Nouveau \u00e0 Prime Day? Nous avons un appr\u00eat sur tout ce que vous devez savoir<\/em><em>.<\/em><\/p>\n<p>Je me sens g\u00e9n\u00e9ralement assez bien dans ma peau quand je peux \u00e9conomiser de 40 $ \u00e0 50 $ sur les ventes d&rsquo;Amazon Prime Day &#8211; quel chasseur de bonnes affaires! &#8211; mais 250 $ \u00e9conomis\u00e9s est le niveau suivant. Que cette \u00e9conomie soit sur un m\u00e9langeur Vitamix. C&rsquo;est l&rsquo;un des appareils de cuisine les plus utiles sur lesquels vous pouvez mettre la main, et vous pouvez en saisir un avant le d\u00e9but des ventes officielles de la journ\u00e9e de grande \u00e9coute demain.<\/p>\n<div class=\"pogoClear mb-12 mt-10 rounded-md border-2 border-gray-100 py-7 shadow-xl md:py-6\">\n<div class=\"flex flex-wrap justify-between px-7 text-black no-underline md:flex-nowrap md:px-8\">\n<div class=\"order-1 mx-auto flex flex-col justify-center md:order-2 md:ml-4 md:w-full md:grow\">\n<div class=\"block cursor-pointer text-center font-akshar text-2xl font-medium leading-7 text-brand-green duration-200 ease-in-out hover:text-brand-green-700 md:text-left md:text-xl md:leading-6\">Blender S\u00e9rie 750 Vitamix Propel S\u00e9rie 750\n                <\/div>\n<div class=\"mt-4 hidden md:flex md:justify-between\">\n<div class=\"self-end\">\n<div class=\"mb-0 h-11 md:flex md:flex-col md:justify-center\">\n<div class=\" font-sans leading-4 text-black\">\n<div class=\"flex flex-wrap items-center justify-center gap-x-1 md:justify-start\">\n        <span class=\"font-bold\"><\/p>\n<p>            629,95 $<br \/>\n                            <span class=\"font-medium\">\u00e0 Amazon<\/span><br \/>\n                    <\/span><br \/>\n                    <img decoding=\"async\" class=\"mt-0 h-(15px)\" src=\"https:\/\/vieassociative.be\/actualites\/wp-content\/uploads\/2025\/07\/Ce-melangeur-Vitamix-de-grade-professionnel-est-de-250.svg.svg+xml\" title=\"Amazon Prime\" alt=\"Amazon Prime\">\n            <\/div>\n<\/p><\/div>\n<\/p><\/div>\n<\/p><\/div>\n<div class=\"w-44 self-end\">\n                            <button class=\"flex justify-center items-center w-full bg-brand-green text-white text-base font-sans font-medium rounded-md hover:bg-brand-green-700 hover:cursor-pointer md:text-sm h-11\"><\/p>\n<p>    Conclure un accord<br \/>\n<\/button>\n                        <\/div>\n<\/p><\/div>\n<\/p><\/div>\n<div class=\"order-2 mt-5 h-auto w-full md:order-1 md:mt-0 md:hidden\">\n<div class=\"flex aspect-video items-center justify-center\">\n                                            <img decoding=\"async\" class=\"m-0 max-h-full max-w-full rounded-md\" src=\"https:\/\/vieassociative.be\/actualites\/wp-content\/uploads\/2025\/07\/Ce-melangeur-Vitamix-de-grade-professionnel-est-de-250.jpg\" alt=\"Vitamix Propel Series 750 Blender, Blender de qualit\u00e9 professionnelle, 4 pr\u00e9r\u00e9glages + autonettoyant, smoothie, dessert gel\u00e9, soupes et trempettes, pichet de 64 oz, ardoise\" width=\"auto\" height=\"auto\" loading=\"lazy\">\n                                    <\/div>\n<\/p><\/div>\n<div class=\"order-2 ml-2 hidden w-32 shrink-0 items-center md:order-1 md:ml-0 md:flex\">\n<div class=\"flex aspect-video items-center justify-center\">\n                                            <img decoding=\"async\" class=\"m-0 max-h-full max-w-full rounded-md\" src=\"https:\/\/vieassociative.be\/actualites\/wp-content\/uploads\/2025\/07\/Ce-melangeur-Vitamix-de-grade-professionnel-est-de-250.jpg\" alt=\"Vitamix Propel Series 750 Blender, Blender de qualit\u00e9 professionnelle, 4 pr\u00e9r\u00e9glages + autonettoyant, smoothie, dessert gel\u00e9, soupes et trempettes, pichet de 64 oz, ardoise\" width=\"auto\" height=\"auto\" loading=\"lazy\">\n                                    <\/div>\n<\/p><\/div>\n<div class=\"order-3 flex grow flex-wrap md:hidden md:grow-0\">\n<div class=\"mt-4 w-full\">\n                        <button class=\"flex justify-center items-center w-full bg-brand-green text-white text-base font-sans font-medium rounded-md hover:bg-brand-green-700 hover:cursor-pointer md:text-sm h-11\"><\/p>\n<p>    Conclure un accord<br \/>\n<\/button>\n                    <\/div>\n<div class=\"mx-2 mt-4 w-full\">\n<div class=\" font-sans leading-4 text-black\">\n<div class=\"flex flex-wrap items-center justify-center gap-x-1 md:justify-start\">\n        <span class=\"font-bold\"><\/p>\n<p>            629,95 $<br \/>\n                            <span class=\"font-medium\">\u00e0 Amazon<\/span><br \/>\n                    <\/span><br \/>\n                    <img decoding=\"async\" class=\"mt-0 h-(15px)\" src=\"https:\/\/vieassociative.be\/actualites\/wp-content\/uploads\/2025\/07\/Ce-melangeur-Vitamix-de-grade-professionnel-est-de-250.svg.svg+xml\" title=\"Amazon Prime\" alt=\"Amazon Prime\">\n            <\/div>\n<\/p><\/div>\n<\/p><\/div>\n<\/p><\/div>\n<\/p><\/div>\n<\/div>\n<p>La s\u00e9rie Vitamix Propel 750 est dans ce que je consid\u00e9rerais, la ligne du mod\u00e8le moyen de Vitamix. C&rsquo;est le point id\u00e9al entre l&rsquo;abordabilit\u00e9 de la s\u00e9rie Explorian et le puissant moteur de la s\u00e9rie Ascent. Pour le contexte, l&rsquo;ascension a un moteur de 2,2 chevaux, tout comme le Propel 750, tandis que l&rsquo;Explorian a un <em>ONU<\/em>Moteur sensiblement plus faible (\u00e0 mon avis) \u00e0 2 chevaux. (Vous pouvez en savoir plus ici sur mes tests et mes critiques compl\u00e8tes sur la Vitamix Ascent X5 et l&rsquo;Explorian E310.)<\/p>\n<p>Normalement, le Vitamix Propel 750 co\u00fbterait 629,95 $, ce qui est sacr\u00e9ment pr\u00e8s du prix de la s\u00e9rie de mont\u00e9e en haut. Il a beaucoup d&rsquo;avantages et de pr\u00e9r\u00e9glages, mais soyons honn\u00eates, c&rsquo;est assez hors budget pour beaucoup de gens. En ce moment, il est en vente pour <strong>379,95 $<\/strong>. Encore un grand prix, mais si vous vouliez obtenir un vitamix, cela pourrait \u00eatre la diff\u00e9rence que vous attendiez. C&rsquo;est 40% de r\u00e9duction, ce qui en fait presque le m\u00eame prix que le m\u00e9langeur Vitamix le moins cher. \u00c9tant donn\u00e9 que m\u00eame les marques de base offrent des m\u00e9langes pour plus de 150 $ avec litt\u00e9ralement la moiti\u00e9 de la puissance, cette vente Vitamix est importante.<\/p>\n<div class=\"pogoClear relative my-10 border-b-(1.5px) border-t-(1.5px) border-dashed border-black py-5 sm:my-14 sm:border-0 sm:py-0\" data-ga-click data-ga-template=\"Deals\" data-ga-module=\"openweb_widget\" data-ga-element=\"openweb_scroll\" data-ga-item=\"openweb_scroll_midpage\" x-data=\"{\n         commentsCount: null,\n         hasComments: false,\n         async fetchCommentsCount() {\n             try {\n                 if (window.openweb &amp;&amp; typeof window.openweb.getMessagesCount === 'function') {\n                     this.commentsCount = await window.openweb.getMessagesCount('01JZK26V9V3K0VBNP7WETDJGG1');\n                     this.hasComments = this.commentsCount !== null &amp;&amp; this.commentsCount &gt; 0;\n                 }\n             } catch (e) {\n                 console.warn('Failed to fetch comment count:', e);\n             }\n         }\n     }\" x-init=\"fetchCommentsCount()\" x-cloak><\/p>\n<div class=\"absolute top-1\/2 hidden w-full -translate-y-1\/2 border-t-(1.5px) border-dashed border-black sm:block\"><\/div>\n<div class=\"relative flex justify-center\">\n<div class=\"flex max-w-fit items-center gap-x-3 bg-white px-5\">\n<div class=\"relative\">\n                <span class=\"absolute left-1\/2 top-1\/2 -translate-x-1\/2 -translate-y-1\/2 font-akshar text-sm font-medium text-black\" aria-live=\"polite\" x-show=\"hasComments\" x-text=\"commentsCount\"><\/span><\/p>\n<p>                <svg class=\"h-8 w-8 text-black\" role=\"img\" aria-hidden=\"true\">\n                    <use href=\"http:\/\/lifehacker.com\/images\/icons\/spritemap.svg#sprite-chat-bubble\"><\/use>\n                <\/svg>\n            <\/div>\n<p>            <span class=\"text-sm font-medium text-black\"><\/p>\n<p>                Que pensez-vous jusqu&rsquo;\u00e0 pr\u00e9sent?<br \/>\n                <button class=\"ml-1 font-semibold text-brand-green underline hover:text-brand-green-700\" type=\"button\" aria-label=\"Comment section trigger\" onclick=\"window.openweb.scrollToComments('01JZK26V9V3K0VBNP7WETDJGG1')\" x-text=\"hasComments ? 'Post a comment.' : 'Be the first to post a comment.'\"><\/button><br \/>\n            <\/span>\n        <\/div>\n<\/p><\/div>\n<\/div>\n<p>Le propul 750 est livr\u00e9 avec ses quatre pr\u00e9r\u00e9glages les plus populaires (beurres de noix, soupes, desserts congel\u00e9s et smoothies) et 10 niveaux de vitesse variables de mani\u00e8re transparente. Personnellement, je suis frapp\u00e9 par les capacit\u00e9s de Vitamix. Les m\u00e9langeurs que j&rsquo;ai test\u00e9s sont impressionnants et un instantan\u00e9 \u00e0 nettoyer, m\u00eame plus avec le r\u00e9glage de nettoyage automatique du propage. Vous pouvez lire sur toutes les soupes, les puddings et les desserts que j&rsquo;ai fouett\u00e9s dans le mien. <\/p>\n<p><em>Vous cherchez autre chose? Des d\u00e9taillants comme Walmart, Best Buy et Home Depot ont des ventes de concurrence de premier ordre qui sont particuli\u00e8rement utiles si vous n&rsquo;avez pas Amazon Prime.<\/em><\/p>\n<ul>\n<li>\n<p><strong><em>Vente de concours de premier jour de Walmart<\/em><\/strong><em>  commence \u00e0 minuit le 8 juillet et comprendra des offres jusqu&rsquo;\u00e0 50% de r\u00e9duction<\/em><em>. C&rsquo;est une option particuli\u00e8rement bonne si vous avez Walmart +. <\/em><\/p>\n<\/li>\n<li>\n<p><strong><em>Vente de concours de grande journ\u00e9e de Best Buy<\/em><\/strong><em>\u00abBlack Friday de juillet\u00bb, se d\u00e9roule jusqu&rsquo;au dimanche 13 juillet et a certaines des meilleures ventes technologiques en ligne<\/em><em>. C&rsquo;est une option particuli\u00e8rement bonne si vous \u00eates un membre \u00abplus\u00bb ou \u00abtotal\u00bb de mon meilleur achat.<\/em><\/p>\n<\/li>\n<li>\n<p><strong><em>Home Depot a prolong\u00e9 sa vente du 4 juillet<\/em><\/strong><em>  \u00e0 travers au moins le 9 juillet, en rivalisant avec ses propres offres incroyables<\/em><em>. C&rsquo;est une option particuli\u00e8rement bonne si vous recherchez des outils \u00e9lectriques, des appareils \u00e9lectrom\u00e9nagers ou des \u00e9quipements en plein air. <\/em><\/p>\n<\/li>\n<\/ul>\n<div class=\" relative flex justify-center py-16 md:left-1\/2 md:w-(780px) md:max-w-max md:-translate-x-1\/2\" x-data=\"{ showAll: false }\">\n<div class=\"w-max text-center sm:text-left\">\n<div class=\"flex flex-col items-center justify-between text-black sm:flex-row sm:px-6\">\n                <span class=\"text-xs italic sm:ml-7 sm:text-sm\">Les offres sont s\u00e9lectionn\u00e9es par notre \u00e9quipe de commerce<\/span><\/p>\n<p>                                    <button class=\"mt-3 flex items-center gap-1 text-center font-akshar font-medium uppercase sm:mt-0 sm:text-sm\" type=\"button\" x-on:click=\"showAll=!showAll\"><br \/>\n                        <span x-show=\"!showAll\"><\/p>\n<p>                            Voir 1 de plus<br \/>\n                        <\/span><\/p>\n<p>                        <span x-show=\"showAll\"><\/p>\n<p>                            Voir 1 de moins<br \/>\n                        <\/span><\/p>\n<p>                        <svg class=\"block size-3 fill-current text-brand-green\" :class=\"{ 'rotate-180': showAll }\">\n                            <use href=\"http:\/\/lifehacker.com\/images\/icons\/spritemap.svg#sprite-chevron-down\"><\/use>\n                        <\/svg><br \/>\n                    <\/button>\n                            <\/div>\n<\/p><\/div>\n<\/p><\/div>\n","protected":false},"excerpt":{"rendered":"<p>Ce m\u00e9langeur Vitamix est de 40% de r\u00e9duction avant que Amazon Prime Day ne commence m\u00eame. Prime Day 2025 est l\u00e0 du mardi 8 juillet<\/p>\n","protected":false},"author":1,"featured_media":8588,"comment_status":"","ping_status":"","sticky":false,"template":"","format":"standard","meta":{"footnotes":""},"categories":[1],"tags":[142,76,6908,53,3577,443,1441,308,1451],"class_list":["post-8587","post","type-post","status-publish","format-standard","has-post-thumbnail","hentry","category-non-classe","tag-avant","tag-est","tag-grade","tag-jour","tag-melangeur","tag-premier","tag-professionnel","tag-reduction","tag-vitamix","generate-columns","tablet-grid-50","mobile-grid-100","grid-parent","grid-33"],"yoast_head":"<!-- This site is optimized with the Yoast SEO plugin v24.0 - https:\/\/yoast.com\/wordpress\/plugins\/seo\/ -->\n<title>Ce m\u00e9langeur Vitamix de grade professionnel est de 250 $ de r\u00e9duction avant le premier jour | Vie Associative<\/title>\n<meta name=\"robots\" content=\"index, follow, max-snippet:-1, max-image-preview:large, max-video-preview:-1\" \/>\n<link rel=\"canonical\" href=\"https:\/\/vieassociative.be\/actualites\/ce-melangeur-vitamix-de-grade-professionnel-est-de-250-de-reduction-avant-le-premier-jour\/\" \/>\n<meta property=\"og:locale\" content=\"fr_FR\" \/>\n<meta property=\"og:type\" content=\"article\" \/>\n<meta property=\"og:title\" content=\"Ce m\u00e9langeur Vitamix de grade professionnel est de 250 $ de r\u00e9duction avant le premier jour | Vie Associative\" \/>\n<meta property=\"og:description\" content=\"Ce m\u00e9langeur Vitamix est de 40% de r\u00e9duction avant que Amazon Prime Day ne commence m\u00eame. Prime Day 2025 est l\u00e0 du mardi 8 juillet\" \/>\n<meta property=\"og:url\" content=\"https:\/\/vieassociative.be\/actualites\/ce-melangeur-vitamix-de-grade-professionnel-est-de-250-de-reduction-avant-le-premier-jour\/\" \/>\n<meta property=\"og:site_name\" content=\"Vie Associative\" \/>\n<meta property=\"article:published_time\" content=\"2025-07-07T19:17:23+00:00\" \/>\n<meta property=\"og:image\" content=\"https:\/\/vieassociative.be\/actualites\/wp-content\/uploads\/2025\/07\/Ce-melangeur-Vitamix-de-grade-professionnel-est-de-250.svg.svg+xml\" \/>\n<meta name=\"author\" content=\"Julien\" \/>\n<meta name=\"twitter:card\" content=\"summary_large_image\" \/>\n<meta name=\"twitter:label1\" content=\"\u00c9crit par\" \/>\n\t<meta name=\"twitter:data1\" content=\"Julien\" \/>\n\t<meta name=\"twitter:label2\" content=\"Dur\u00e9e de lecture est.\" \/>\n\t<meta name=\"twitter:data2\" content=\"3 minutes\" \/>\n<script type=\"application\/ld+json\" class=\"yoast-schema-graph\">{\"@context\":\"https:\/\/schema.org\",\"@graph\":[{\"@type\":\"Article\",\"@id\":\"https:\/\/vieassociative.be\/actualites\/ce-melangeur-vitamix-de-grade-professionnel-est-de-250-de-reduction-avant-le-premier-jour\/#article\",\"isPartOf\":{\"@id\":\"https:\/\/vieassociative.be\/actualites\/ce-melangeur-vitamix-de-grade-professionnel-est-de-250-de-reduction-avant-le-premier-jour\/\"},\"author\":{\"name\":\"Julien\",\"@id\":\"https:\/\/vieassociative.be\/actualites\/#\/schema\/person\/b87ac4f82f9d4e7b7cec7395b679edc4\"},\"headline\":\"Ce m\u00e9langeur Vitamix de grade professionnel est de 250 $ de r\u00e9duction avant le premier jour\",\"datePublished\":\"2025-07-07T19:17:23+00:00\",\"dateModified\":\"2025-07-07T19:17:23+00:00\",\"mainEntityOfPage\":{\"@id\":\"https:\/\/vieassociative.be\/actualites\/ce-melangeur-vitamix-de-grade-professionnel-est-de-250-de-reduction-avant-le-premier-jour\/\"},\"wordCount\":701,\"publisher\":{\"@id\":\"https:\/\/vieassociative.be\/actualites\/#organization\"},\"image\":{\"@id\":\"https:\/\/vieassociative.be\/actualites\/ce-melangeur-vitamix-de-grade-professionnel-est-de-250-de-reduction-avant-le-premier-jour\/#primaryimage\"},\"thumbnailUrl\":\"https:\/\/vieassociative.be\/actualites\/wp-content\/uploads\/2025\/07\/1751915843_Ce-melangeur-Vitamix-de-grade-professionnel-est-de-250.jpg\",\"keywords\":[\"avant\",\"est\",\"Grade\",\"jour\",\"m\u00e9langeur\",\"premier\",\"professionnel\",\"r\u00e9duction\",\"Vitamix\"],\"inLanguage\":\"fr-BE\"},{\"@type\":\"WebPage\",\"@id\":\"https:\/\/vieassociative.be\/actualites\/ce-melangeur-vitamix-de-grade-professionnel-est-de-250-de-reduction-avant-le-premier-jour\/\",\"url\":\"https:\/\/vieassociative.be\/actualites\/ce-melangeur-vitamix-de-grade-professionnel-est-de-250-de-reduction-avant-le-premier-jour\/\",\"name\":\"Ce m\u00e9langeur Vitamix de grade professionnel est de 250 $ de r\u00e9duction avant le premier jour | Vie Associative\",\"isPartOf\":{\"@id\":\"https:\/\/vieassociative.be\/actualites\/#website\"},\"primaryImageOfPage\":{\"@id\":\"https:\/\/vieassociative.be\/actualites\/ce-melangeur-vitamix-de-grade-professionnel-est-de-250-de-reduction-avant-le-premier-jour\/#primaryimage\"},\"image\":{\"@id\":\"https:\/\/vieassociative.be\/actualites\/ce-melangeur-vitamix-de-grade-professionnel-est-de-250-de-reduction-avant-le-premier-jour\/#primaryimage\"},\"thumbnailUrl\":\"https:\/\/vieassociative.be\/actualites\/wp-content\/uploads\/2025\/07\/1751915843_Ce-melangeur-Vitamix-de-grade-professionnel-est-de-250.jpg\",\"datePublished\":\"2025-07-07T19:17:23+00:00\",\"dateModified\":\"2025-07-07T19:17:23+00:00\",\"breadcrumb\":{\"@id\":\"https:\/\/vieassociative.be\/actualites\/ce-melangeur-vitamix-de-grade-professionnel-est-de-250-de-reduction-avant-le-premier-jour\/#breadcrumb\"},\"inLanguage\":\"fr-BE\",\"potentialAction\":[{\"@type\":\"ReadAction\",\"target\":[\"https:\/\/vieassociative.be\/actualites\/ce-melangeur-vitamix-de-grade-professionnel-est-de-250-de-reduction-avant-le-premier-jour\/\"]}]},{\"@type\":\"ImageObject\",\"inLanguage\":\"fr-BE\",\"@id\":\"https:\/\/vieassociative.be\/actualites\/ce-melangeur-vitamix-de-grade-professionnel-est-de-250-de-reduction-avant-le-premier-jour\/#primaryimage\",\"url\":\"https:\/\/vieassociative.be\/actualites\/wp-content\/uploads\/2025\/07\/1751915843_Ce-melangeur-Vitamix-de-grade-professionnel-est-de-250.jpg\",\"contentUrl\":\"https:\/\/vieassociative.be\/actualites\/wp-content\/uploads\/2025\/07\/1751915843_Ce-melangeur-Vitamix-de-grade-professionnel-est-de-250.jpg\",\"width\":1200,\"height\":675,\"caption\":\"Ce m\u00e9langeur Vitamix de grade professionnel est de 250 $ de r\u00e9duction avant le premier jour\"},{\"@type\":\"BreadcrumbList\",\"@id\":\"https:\/\/vieassociative.be\/actualites\/ce-melangeur-vitamix-de-grade-professionnel-est-de-250-de-reduction-avant-le-premier-jour\/#breadcrumb\",\"itemListElement\":[{\"@type\":\"ListItem\",\"position\":1,\"name\":\"Accueil\",\"item\":\"https:\/\/vieassociative.be\/actualites\/\"},{\"@type\":\"ListItem\",\"position\":2,\"name\":\"Ce m\u00e9langeur Vitamix de grade professionnel est de 250 $ de r\u00e9duction avant le premier jour\"}]},{\"@type\":\"WebSite\",\"@id\":\"https:\/\/vieassociative.be\/actualites\/#website\",\"url\":\"https:\/\/vieassociative.be\/actualites\/\",\"name\":\"Vie Associative\",\"description\":\"\",\"publisher\":{\"@id\":\"https:\/\/vieassociative.be\/actualites\/#organization\"},\"potentialAction\":[{\"@type\":\"SearchAction\",\"target\":{\"@type\":\"EntryPoint\",\"urlTemplate\":\"https:\/\/vieassociative.be\/actualites\/?s={search_term_string}\"},\"query-input\":{\"@type\":\"PropertyValueSpecification\",\"valueRequired\":true,\"valueName\":\"search_term_string\"}}],\"inLanguage\":\"fr-BE\"},{\"@type\":\"Organization\",\"@id\":\"https:\/\/vieassociative.be\/actualites\/#organization\",\"name\":\"Vie Associative\",\"url\":\"https:\/\/vieassociative.be\/actualites\/\",\"logo\":{\"@type\":\"ImageObject\",\"inLanguage\":\"fr-BE\",\"@id\":\"https:\/\/vieassociative.be\/actualites\/#\/schema\/logo\/image\/\",\"url\":\"https:\/\/vieassociative.be\/actualites\/wp-content\/uploads\/2024\/09\/cropped-vieassociative_favicon.ico.png\",\"contentUrl\":\"https:\/\/vieassociative.be\/actualites\/wp-content\/uploads\/2024\/09\/cropped-vieassociative_favicon.ico.png\",\"width\":512,\"height\":512,\"caption\":\"Vie Associative\"},\"image\":{\"@id\":\"https:\/\/vieassociative.be\/actualites\/#\/schema\/logo\/image\/\"}},{\"@type\":\"Person\",\"@id\":\"https:\/\/vieassociative.be\/actualites\/#\/schema\/person\/b87ac4f82f9d4e7b7cec7395b679edc4\",\"name\":\"Julien\",\"image\":{\"@type\":\"ImageObject\",\"inLanguage\":\"fr-BE\",\"@id\":\"https:\/\/vieassociative.be\/actualites\/#\/schema\/person\/image\/\",\"url\":\"https:\/\/vieassociative.be\/actualites\/wp-content\/uploads\/2024\/09\/vie-associative-1-150x150.jpg\",\"contentUrl\":\"https:\/\/vieassociative.be\/actualites\/wp-content\/uploads\/2024\/09\/vie-associative-1-150x150.jpg\",\"caption\":\"Julien\"},\"description\":\"Je suis Julien, r\u00e9dacteur pour Vie Associative. Passionn\u00e9 par le monde associatif depuis plus de 10 ans, j'ai \u00e0 c\u0153ur de partager des histoires inspirantes et de mettre en lumi\u00e8re les initiatives locales. Mon objectif est de sensibiliser et d'encourager l'engagement communautaire \u00e0 travers mes articles.\",\"sameAs\":[\"https:\/\/vieassociative.be\/\"]}]}<\/script>\n<!-- \/ Yoast SEO plugin. -->","yoast_head_json":{"title":"Ce m\u00e9langeur Vitamix de grade professionnel est de 250 $ de r\u00e9duction avant le premier jour | Vie Associative","robots":{"index":"index","follow":"follow","max-snippet":"max-snippet:-1","max-image-preview":"max-image-preview:large","max-video-preview":"max-video-preview:-1"},"canonical":"https:\/\/vieassociative.be\/actualites\/ce-melangeur-vitamix-de-grade-professionnel-est-de-250-de-reduction-avant-le-premier-jour\/","og_locale":"fr_FR","og_type":"article","og_title":"Ce m\u00e9langeur Vitamix de grade professionnel est de 250 $ de r\u00e9duction avant le premier jour | Vie Associative","og_description":"Ce m\u00e9langeur Vitamix est de 40% de r\u00e9duction avant que Amazon Prime Day ne commence m\u00eame. Prime Day 2025 est l\u00e0 du mardi 8 juillet","og_url":"https:\/\/vieassociative.be\/actualites\/ce-melangeur-vitamix-de-grade-professionnel-est-de-250-de-reduction-avant-le-premier-jour\/","og_site_name":"Vie Associative","article_published_time":"2025-07-07T19:17:23+00:00","og_image":[{"url":"https:\/\/vieassociative.be\/actualites\/wp-content\/uploads\/2025\/07\/Ce-melangeur-Vitamix-de-grade-professionnel-est-de-250.svg.svg+xml","type":"","width":"","height":""}],"author":"Julien","twitter_card":"summary_large_image","twitter_misc":{"\u00c9crit par":"Julien","Dur\u00e9e de lecture est.":"3 minutes"},"schema":{"@context":"https:\/\/schema.org","@graph":[{"@type":"Article","@id":"https:\/\/vieassociative.be\/actualites\/ce-melangeur-vitamix-de-grade-professionnel-est-de-250-de-reduction-avant-le-premier-jour\/#article","isPartOf":{"@id":"https:\/\/vieassociative.be\/actualites\/ce-melangeur-vitamix-de-grade-professionnel-est-de-250-de-reduction-avant-le-premier-jour\/"},"author":{"name":"Julien","@id":"https:\/\/vieassociative.be\/actualites\/#\/schema\/person\/b87ac4f82f9d4e7b7cec7395b679edc4"},"headline":"Ce m\u00e9langeur Vitamix de grade professionnel est de 250 $ de r\u00e9duction avant le premier jour","datePublished":"2025-07-07T19:17:23+00:00","dateModified":"2025-07-07T19:17:23+00:00","mainEntityOfPage":{"@id":"https:\/\/vieassociative.be\/actualites\/ce-melangeur-vitamix-de-grade-professionnel-est-de-250-de-reduction-avant-le-premier-jour\/"},"wordCount":701,"publisher":{"@id":"https:\/\/vieassociative.be\/actualites\/#organization"},"image":{"@id":"https:\/\/vieassociative.be\/actualites\/ce-melangeur-vitamix-de-grade-professionnel-est-de-250-de-reduction-avant-le-premier-jour\/#primaryimage"},"thumbnailUrl":"https:\/\/vieassociative.be\/actualites\/wp-content\/uploads\/2025\/07\/1751915843_Ce-melangeur-Vitamix-de-grade-professionnel-est-de-250.jpg","keywords":["avant","est","Grade","jour","m\u00e9langeur","premier","professionnel","r\u00e9duction","Vitamix"],"inLanguage":"fr-BE"},{"@type":"WebPage","@id":"https:\/\/vieassociative.be\/actualites\/ce-melangeur-vitamix-de-grade-professionnel-est-de-250-de-reduction-avant-le-premier-jour\/","url":"https:\/\/vieassociative.be\/actualites\/ce-melangeur-vitamix-de-grade-professionnel-est-de-250-de-reduction-avant-le-premier-jour\/","name":"Ce m\u00e9langeur Vitamix de grade professionnel est de 250 $ de r\u00e9duction avant le premier jour | Vie Associative","isPartOf":{"@id":"https:\/\/vieassociative.be\/actualites\/#website"},"primaryImageOfPage":{"@id":"https:\/\/vieassociative.be\/actualites\/ce-melangeur-vitamix-de-grade-professionnel-est-de-250-de-reduction-avant-le-premier-jour\/#primaryimage"},"image":{"@id":"https:\/\/vieassociative.be\/actualites\/ce-melangeur-vitamix-de-grade-professionnel-est-de-250-de-reduction-avant-le-premier-jour\/#primaryimage"},"thumbnailUrl":"https:\/\/vieassociative.be\/actualites\/wp-content\/uploads\/2025\/07\/1751915843_Ce-melangeur-Vitamix-de-grade-professionnel-est-de-250.jpg","datePublished":"2025-07-07T19:17:23+00:00","dateModified":"2025-07-07T19:17:23+00:00","breadcrumb":{"@id":"https:\/\/vieassociative.be\/actualites\/ce-melangeur-vitamix-de-grade-professionnel-est-de-250-de-reduction-avant-le-premier-jour\/#breadcrumb"},"inLanguage":"fr-BE","potentialAction":[{"@type":"ReadAction","target":["https:\/\/vieassociative.be\/actualites\/ce-melangeur-vitamix-de-grade-professionnel-est-de-250-de-reduction-avant-le-premier-jour\/"]}]},{"@type":"ImageObject","inLanguage":"fr-BE","@id":"https:\/\/vieassociative.be\/actualites\/ce-melangeur-vitamix-de-grade-professionnel-est-de-250-de-reduction-avant-le-premier-jour\/#primaryimage","url":"https:\/\/vieassociative.be\/actualites\/wp-content\/uploads\/2025\/07\/1751915843_Ce-melangeur-Vitamix-de-grade-professionnel-est-de-250.jpg","contentUrl":"https:\/\/vieassociative.be\/actualites\/wp-content\/uploads\/2025\/07\/1751915843_Ce-melangeur-Vitamix-de-grade-professionnel-est-de-250.jpg","width":1200,"height":675,"caption":"Ce m\u00e9langeur Vitamix de grade professionnel est de 250 $ de r\u00e9duction avant le premier jour"},{"@type":"BreadcrumbList","@id":"https:\/\/vieassociative.be\/actualites\/ce-melangeur-vitamix-de-grade-professionnel-est-de-250-de-reduction-avant-le-premier-jour\/#breadcrumb","itemListElement":[{"@type":"ListItem","position":1,"name":"Accueil","item":"https:\/\/vieassociative.be\/actualites\/"},{"@type":"ListItem","position":2,"name":"Ce m\u00e9langeur Vitamix de grade professionnel est de 250 $ de r\u00e9duction avant le premier jour"}]},{"@type":"WebSite","@id":"https:\/\/vieassociative.be\/actualites\/#website","url":"https:\/\/vieassociative.be\/actualites\/","name":"Vie Associative","description":"","publisher":{"@id":"https:\/\/vieassociative.be\/actualites\/#organization"},"potentialAction":[{"@type":"SearchAction","target":{"@type":"EntryPoint","urlTemplate":"https:\/\/vieassociative.be\/actualites\/?s={search_term_string}"},"query-input":{"@type":"PropertyValueSpecification","valueRequired":true,"valueName":"search_term_string"}}],"inLanguage":"fr-BE"},{"@type":"Organization","@id":"https:\/\/vieassociative.be\/actualites\/#organization","name":"Vie Associative","url":"https:\/\/vieassociative.be\/actualites\/","logo":{"@type":"ImageObject","inLanguage":"fr-BE","@id":"https:\/\/vieassociative.be\/actualites\/#\/schema\/logo\/image\/","url":"https:\/\/vieassociative.be\/actualites\/wp-content\/uploads\/2024\/09\/cropped-vieassociative_favicon.ico.png","contentUrl":"https:\/\/vieassociative.be\/actualites\/wp-content\/uploads\/2024\/09\/cropped-vieassociative_favicon.ico.png","width":512,"height":512,"caption":"Vie Associative"},"image":{"@id":"https:\/\/vieassociative.be\/actualites\/#\/schema\/logo\/image\/"}},{"@type":"Person","@id":"https:\/\/vieassociative.be\/actualites\/#\/schema\/person\/b87ac4f82f9d4e7b7cec7395b679edc4","name":"Julien","image":{"@type":"ImageObject","inLanguage":"fr-BE","@id":"https:\/\/vieassociative.be\/actualites\/#\/schema\/person\/image\/","url":"https:\/\/vieassociative.be\/actualites\/wp-content\/uploads\/2024\/09\/vie-associative-1-150x150.jpg","contentUrl":"https:\/\/vieassociative.be\/actualites\/wp-content\/uploads\/2024\/09\/vie-associative-1-150x150.jpg","caption":"Julien"},"description":"Je suis Julien, r\u00e9dacteur pour Vie Associative. Passionn\u00e9 par le monde associatif depuis plus de 10 ans, j'ai \u00e0 c\u0153ur de partager des histoires inspirantes et de mettre en lumi\u00e8re les initiatives locales. Mon objectif est de sensibiliser et d'encourager l'engagement communautaire \u00e0 travers mes articles.","sameAs":["https:\/\/vieassociative.be\/"]}]}},"_links":{"self":[{"href":"https:\/\/vieassociative.be\/actualites\/wp-json\/wp\/v2\/posts\/8587"}],"collection":[{"href":"https:\/\/vieassociative.be\/actualites\/wp-json\/wp\/v2\/posts"}],"about":[{"href":"https:\/\/vieassociative.be\/actualites\/wp-json\/wp\/v2\/types\/post"}],"author":[{"embeddable":true,"href":"https:\/\/vieassociative.be\/actualites\/wp-json\/wp\/v2\/users\/1"}],"replies":[{"embeddable":true,"href":"https:\/\/vieassociative.be\/actualites\/wp-json\/wp\/v2\/comments?post=8587"}],"version-history":[{"count":0,"href":"https:\/\/vieassociative.be\/actualites\/wp-json\/wp\/v2\/posts\/8587\/revisions"}],"wp:featuredmedia":[{"embeddable":true,"href":"https:\/\/vieassociative.be\/actualites\/wp-json\/wp\/v2\/media\/8588"}],"wp:attachment":[{"href":"https:\/\/vieassociative.be\/actualites\/wp-json\/wp\/v2\/media?parent=8587"}],"wp:term":[{"taxonomy":"category","embeddable":true,"href":"https:\/\/vieassociative.be\/actualites\/wp-json\/wp\/v2\/categories?post=8587"},{"taxonomy":"post_tag","embeddable":true,"href":"https:\/\/vieassociative.be\/actualites\/wp-json\/wp\/v2\/tags?post=8587"}],"curies":[{"name":"wp","href":"https:\/\/api.w.org\/{rel}","templated":true}]}}