{"id":8585,"date":"2025-07-07T19:18:01","date_gmt":"2025-07-07T17:18:01","guid":{"rendered":"https:\/\/vieassociative.be\/actualites\/prime-day-2025-blog-en-direct-toutes-les-meilleures-offres-sur-les-ordinateurs-portables-les-trackers-de-fitness-les-appareils-electromenagers-et-plus-encore-2\/"},"modified":"2025-07-07T19:18:01","modified_gmt":"2025-07-07T17:18:01","slug":"prime-day-2025-blog-en-direct-toutes-les-meilleures-offres-sur-les-ordinateurs-portables-les-trackers-de-fitness-les-appareils-electromenagers-et-plus-encore-2","status":"publish","type":"post","link":"https:\/\/vieassociative.be\/actualites\/prime-day-2025-blog-en-direct-toutes-les-meilleures-offres-sur-les-ordinateurs-portables-les-trackers-de-fitness-les-appareils-electromenagers-et-plus-encore-2\/","title":{"rendered":"Prime Day 2025 Blog en direct: toutes les meilleures offres sur les ordinateurs portables, les trackers de fitness, les appareils \u00e9lectrom\u00e9nagers et plus encore"},"content":{"rendered":"<div class=\"mt-4 leading-6 md:mb-8\">Suivez les meilleures offres de premi\u00e8re journ\u00e9e d\u00e8s que nous les trouvons.<\/div>\n<p><\/p>\n<p>Les offres des premiers jours sont l\u00e0. La vente de Prime Day d&rsquo;Amazon ne commence officiellement que le 8 juillet, mais comme c&rsquo;est g\u00e9n\u00e9ralement le cas avec Amazon, les premi\u00e8res offres commencent \u00e0 appara\u00eetre beaucoup plus t\u00f4t que la date de coup d&rsquo;envoi. <\/p>\n<p>Notre couverture de premi\u00e8re journ\u00e9e commence maintenant, vous donnant un acc\u00e8s en direct aux meilleures offres que notre \u00e9quipe d&rsquo;experts peut trouver. Nous utiliserons toujours des outils de suivi des prix pour nous assurer que les offres que vous voyez sont en fait de bonnes affaires, et pas seulement le battage m\u00e9diatique con\u00e7u pour vous tromper. <\/p>\n<p>Vous devrez \u00eatre un membre privil\u00e9gi\u00e9 pour avoir acc\u00e8s \u00e0 toutes les offres de premi\u00e8re journ\u00e9e d&rsquo;Amazon et pour obtenir la livraison gratuite. L&rsquo;adh\u00e9sion principale commence \u00e0 <strong>14,99 $<\/strong> par mois (<strong>139 $<\/strong> par an) et comporte beaucoup plus d&rsquo;avantages que les gens ne le pensent. Il est facile de d\u00e9terminer si l&rsquo;adh\u00e9sion annuelle en vaut la peine pour vous, mais n&rsquo;oubliez pas que vous pouvez toujours annuler votre abonnement Prime une fois la vente termin\u00e9e. Amazon propose des essais gratuits de 30 jours, afin que vous puissiez acheter tout l&rsquo;\u00e9v\u00e9nement et avoir encore le temps d&rsquo;annuler avant d&rsquo;\u00eatre factur\u00e9. (Voici comment s&rsquo;inscrire \u00e0 un compte principal.)<\/p>\n<p>Si c&rsquo;est votre premier jour de premier ordre, vous devez conna\u00eetre certaines bases:<\/p>\n<div class=\"pogoClear relative my-10 border-b-(1.5px) border-t-(1.5px) border-dashed border-black py-5 sm:my-14 sm:border-0 sm:py-0\" data-ga-click data-ga-template=\"Deals\" data-ga-module=\"openweb_widget\" data-ga-element=\"openweb_scroll\" data-ga-item=\"openweb_scroll_midpage\" x-data=\"{\n         commentsCount: null,\n         hasComments: false,\n         async fetchCommentsCount() {\n             try {\n                 if (window.openweb &amp;&amp; typeof window.openweb.getMessagesCount === 'function') {\n                     this.commentsCount = await window.openweb.getMessagesCount('01JZ65F66VZVV1RGZRGVPCWJS9');\n                     this.hasComments = this.commentsCount !== null &amp;&amp; this.commentsCount &gt; 0;\n                 }\n             } catch (e) {\n                 console.warn('Failed to fetch comment count:', e);\n             }\n         }\n     }\" x-init=\"fetchCommentsCount()\" x-cloak><\/p>\n<div class=\"absolute top-1\/2 hidden w-full -translate-y-1\/2 border-t-(1.5px) border-dashed border-black sm:block\"><\/div>\n<div class=\"relative flex justify-center\">\n<div class=\"flex max-w-fit items-center gap-x-3 bg-white px-5\">\n<div class=\"relative\">\n                <span class=\"absolute left-1\/2 top-1\/2 -translate-x-1\/2 -translate-y-1\/2 font-akshar text-sm font-medium text-black\" aria-live=\"polite\" x-show=\"hasComments\" x-text=\"commentsCount\"><\/span><\/p>\n<p>                <svg class=\"h-8 w-8 text-black\" role=\"img\" aria-hidden=\"true\">\n                    <use href=\"http:\/\/lifehacker.com\/images\/icons\/spritemap.svg#sprite-chat-bubble\"><\/use>\n                <\/svg>\n            <\/div>\n<p>            <span class=\"text-sm font-medium text-black\"><\/p>\n<p>                Que pensez-vous jusqu&rsquo;\u00e0 pr\u00e9sent?<br \/>\n                <button class=\"ml-1 font-semibold text-brand-green underline hover:text-brand-green-700\" type=\"button\" aria-label=\"Comment section trigger\" onclick=\"window.openweb.scrollToComments('01JZ65F66VZVV1RGZRGVPCWJS9')\" x-text=\"hasComments ? 'Post a comment.' : 'Be the first to post a comment.'\"><\/button><br \/>\n            <\/span>\n        <\/div>\n<\/p><\/div>\n<\/div>\n<ul>\n<li>\n<p>Vous pouvez partager votre adh\u00e9sion principale avec les membres de la famille m\u00eame s&rsquo;ils ne vivent pas avec vous.<\/p>\n<\/li>\n<li>\n<p>Vous pouvez d\u00e9finir des alertes de prix pour les produits que vous souhaitez, et vos appareils Alexa peuvent vous informer lorsqu&rsquo;ils seront mis en vente.<\/p>\n<\/li>\n<li>\n<p>Il y a g\u00e9n\u00e9ralement des offres \u00ab\u00a0uniquement\u00a0\u00bb pour lesquelles vous pouvez vous inscrire.<\/p>\n<\/li>\n<li>\n<p>Il existe des outils que vous pouvez utiliser pour voir si l&rsquo;accord que vous regardez est bon ou non.<\/p>\n<\/li>\n<li>\n<p>Il peut \u00eatre difficile de prendre contact avec une vraie personne, mais c&rsquo;est le moyen le plus rapide de le faire.<\/p>\n<\/li>\n<\/ul>\n<p>Vous pouvez consulter notre blog en direct de l&rsquo;\u00e9v\u00e9nement ci-dessous, qui pr\u00e9sente la couverture de l&rsquo;\u00e9quipe des quatre jours de la journ\u00e9e de grande \u00e9coute. Nous continuerons \u00e0 couvrir les nouvelles offres lors de leur publication, mais faites d\u00e9filer le blog pour consulter toutes les meilleures offres jusqu&rsquo;\u00e0 pr\u00e9sent.<\/p><\/p>\n","protected":false},"excerpt":{"rendered":"<p>Suivez les meilleures offres de premi\u00e8re journ\u00e9e d\u00e8s que nous les trouvons. Les offres des premiers jours sont l\u00e0. La vente de Prime Day d&rsquo;Amazon<\/p>\n","protected":false},"author":1,"featured_media":8561,"comment_status":"","ping_status":"","sticky":false,"template":"","format":"standard","meta":{"footnotes":""},"categories":[41],"tags":[451,7637,347,3308,5308,592,2703,14,79,345,3414,427,346,33,62,5247],"class_list":["post-8585","post","type-post","status-publish","format-standard","has-post-thumbnail","hentry","category-argent","tag-appareils","tag-blog","tag-day","tag-direct","tag-electromenagers","tag-encore","tag-fitness","tag-les","tag-meilleures","tag-offres","tag-ordinateurs","tag-portables","tag-prime","tag-sur","tag-toutes","tag-trackers","generate-columns","tablet-grid-50","mobile-grid-100","grid-parent","grid-33"],"yoast_head":"<!-- This site is optimized with the Yoast SEO plugin v24.0 - https:\/\/yoast.com\/wordpress\/plugins\/seo\/ -->\n<title>Prime Day 2025 Blog en direct: toutes les meilleures offres sur les ordinateurs portables, les trackers de fitness, les appareils \u00e9lectrom\u00e9nagers et plus encore | Vie Associative<\/title>\n<meta name=\"robots\" content=\"index, follow, max-snippet:-1, max-image-preview:large, max-video-preview:-1\" \/>\n<link rel=\"canonical\" href=\"https:\/\/vieassociative.be\/actualites\/prime-day-2025-blog-en-direct-toutes-les-meilleures-offres-sur-les-ordinateurs-portables-les-trackers-de-fitness-les-appareils-electromenagers-et-plus-encore-2\/\" \/>\n<meta property=\"og:locale\" content=\"fr_FR\" \/>\n<meta property=\"og:type\" content=\"article\" \/>\n<meta property=\"og:title\" content=\"Prime Day 2025 Blog en direct: toutes les meilleures offres sur les ordinateurs portables, les trackers de fitness, les appareils \u00e9lectrom\u00e9nagers et plus encore | Vie Associative\" \/>\n<meta property=\"og:description\" content=\"Suivez les meilleures offres de premi\u00e8re journ\u00e9e d\u00e8s que nous les trouvons. Les offres des premiers jours sont l\u00e0. La vente de Prime Day d&rsquo;Amazon\" \/>\n<meta property=\"og:url\" content=\"https:\/\/vieassociative.be\/actualites\/prime-day-2025-blog-en-direct-toutes-les-meilleures-offres-sur-les-ordinateurs-portables-les-trackers-de-fitness-les-appareils-electromenagers-et-plus-encore-2\/\" \/>\n<meta property=\"og:site_name\" content=\"Vie Associative\" \/>\n<meta property=\"article:published_time\" content=\"2025-07-07T17:18:01+00:00\" \/>\n<meta property=\"og:image\" content=\"https:\/\/vieassociative.be\/actualites\/wp-content\/uploads\/2024\/09\/header_backgroundk-01-e1726694325946.png\" \/>\n\t<meta property=\"og:image:width\" content=\"279\" \/>\n\t<meta property=\"og:image:height\" content=\"92\" \/>\n\t<meta property=\"og:image:type\" content=\"image\/png\" \/>\n<meta name=\"author\" content=\"Julien\" \/>\n<meta name=\"twitter:card\" content=\"summary_large_image\" \/>\n<meta name=\"twitter:label1\" content=\"\u00c9crit par\" \/>\n\t<meta name=\"twitter:data1\" content=\"Julien\" \/>\n\t<meta name=\"twitter:label2\" content=\"Dur\u00e9e de lecture est.\" \/>\n\t<meta name=\"twitter:data2\" content=\"2 minutes\" \/>\n<script type=\"application\/ld+json\" class=\"yoast-schema-graph\">{\"@context\":\"https:\/\/schema.org\",\"@graph\":[{\"@type\":\"Article\",\"@id\":\"https:\/\/vieassociative.be\/actualites\/prime-day-2025-blog-en-direct-toutes-les-meilleures-offres-sur-les-ordinateurs-portables-les-trackers-de-fitness-les-appareils-electromenagers-et-plus-encore-2\/#article\",\"isPartOf\":{\"@id\":\"https:\/\/vieassociative.be\/actualites\/prime-day-2025-blog-en-direct-toutes-les-meilleures-offres-sur-les-ordinateurs-portables-les-trackers-de-fitness-les-appareils-electromenagers-et-plus-encore-2\/\"},\"author\":{\"name\":\"Julien\",\"@id\":\"https:\/\/vieassociative.be\/actualites\/#\/schema\/person\/b87ac4f82f9d4e7b7cec7395b679edc4\"},\"headline\":\"Prime Day 2025 Blog en direct: toutes les meilleures offres sur les ordinateurs portables, les trackers de fitness, les appareils \u00e9lectrom\u00e9nagers et plus encore\",\"datePublished\":\"2025-07-07T17:18:01+00:00\",\"dateModified\":\"2025-07-07T17:18:01+00:00\",\"mainEntityOfPage\":{\"@id\":\"https:\/\/vieassociative.be\/actualites\/prime-day-2025-blog-en-direct-toutes-les-meilleures-offres-sur-les-ordinateurs-portables-les-trackers-de-fitness-les-appareils-electromenagers-et-plus-encore-2\/\"},\"wordCount\":448,\"publisher\":{\"@id\":\"https:\/\/vieassociative.be\/actualites\/#organization\"},\"image\":{\"@id\":\"https:\/\/vieassociative.be\/actualites\/prime-day-2025-blog-en-direct-toutes-les-meilleures-offres-sur-les-ordinateurs-portables-les-trackers-de-fitness-les-appareils-electromenagers-et-plus-encore-2\/#primaryimage\"},\"thumbnailUrl\":\"https:\/\/vieassociative.be\/actualites\/wp-content\/uploads\/2025\/07\/Prime-Day-2025-Blog-en-direct-toutes-les-meilleures-offres.jpg\",\"keywords\":[\"appareils\",\"Blog\",\"Day\",\"direct\",\"\u00e9lectrom\u00e9nagers\",\"encore\",\"fitness\",\"Les\",\"meilleures\",\"offres\",\"ordinateurs\",\"portables\",\"Prime\",\"sur\",\"toutes\",\"trackers\"],\"articleSection\":[\"Argent\"],\"inLanguage\":\"fr-BE\"},{\"@type\":\"WebPage\",\"@id\":\"https:\/\/vieassociative.be\/actualites\/prime-day-2025-blog-en-direct-toutes-les-meilleures-offres-sur-les-ordinateurs-portables-les-trackers-de-fitness-les-appareils-electromenagers-et-plus-encore-2\/\",\"url\":\"https:\/\/vieassociative.be\/actualites\/prime-day-2025-blog-en-direct-toutes-les-meilleures-offres-sur-les-ordinateurs-portables-les-trackers-de-fitness-les-appareils-electromenagers-et-plus-encore-2\/\",\"name\":\"Prime Day 2025 Blog en direct: toutes les meilleures offres sur les ordinateurs portables, les trackers de fitness, les appareils \u00e9lectrom\u00e9nagers et plus encore | Vie Associative\",\"isPartOf\":{\"@id\":\"https:\/\/vieassociative.be\/actualites\/#website\"},\"primaryImageOfPage\":{\"@id\":\"https:\/\/vieassociative.be\/actualites\/prime-day-2025-blog-en-direct-toutes-les-meilleures-offres-sur-les-ordinateurs-portables-les-trackers-de-fitness-les-appareils-electromenagers-et-plus-encore-2\/#primaryimage\"},\"image\":{\"@id\":\"https:\/\/vieassociative.be\/actualites\/prime-day-2025-blog-en-direct-toutes-les-meilleures-offres-sur-les-ordinateurs-portables-les-trackers-de-fitness-les-appareils-electromenagers-et-plus-encore-2\/#primaryimage\"},\"thumbnailUrl\":\"https:\/\/vieassociative.be\/actualites\/wp-content\/uploads\/2025\/07\/Prime-Day-2025-Blog-en-direct-toutes-les-meilleures-offres.jpg\",\"datePublished\":\"2025-07-07T17:18:01+00:00\",\"dateModified\":\"2025-07-07T17:18:01+00:00\",\"breadcrumb\":{\"@id\":\"https:\/\/vieassociative.be\/actualites\/prime-day-2025-blog-en-direct-toutes-les-meilleures-offres-sur-les-ordinateurs-portables-les-trackers-de-fitness-les-appareils-electromenagers-et-plus-encore-2\/#breadcrumb\"},\"inLanguage\":\"fr-BE\",\"potentialAction\":[{\"@type\":\"ReadAction\",\"target\":[\"https:\/\/vieassociative.be\/actualites\/prime-day-2025-blog-en-direct-toutes-les-meilleures-offres-sur-les-ordinateurs-portables-les-trackers-de-fitness-les-appareils-electromenagers-et-plus-encore-2\/\"]}]},{\"@type\":\"ImageObject\",\"inLanguage\":\"fr-BE\",\"@id\":\"https:\/\/vieassociative.be\/actualites\/prime-day-2025-blog-en-direct-toutes-les-meilleures-offres-sur-les-ordinateurs-portables-les-trackers-de-fitness-les-appareils-electromenagers-et-plus-encore-2\/#primaryimage\",\"url\":\"https:\/\/vieassociative.be\/actualites\/wp-content\/uploads\/2025\/07\/Prime-Day-2025-Blog-en-direct-toutes-les-meilleures-offres.jpg\",\"contentUrl\":\"https:\/\/vieassociative.be\/actualites\/wp-content\/uploads\/2025\/07\/Prime-Day-2025-Blog-en-direct-toutes-les-meilleures-offres.jpg\",\"width\":1200,\"height\":675,\"caption\":\"Prime Day 2025 Blog en direct: toutes les meilleures offres sur les ordinateurs portables, les trackers de fitness, les appareils \u00e9lectrom\u00e9nagers et plus encore\"},{\"@type\":\"BreadcrumbList\",\"@id\":\"https:\/\/vieassociative.be\/actualites\/prime-day-2025-blog-en-direct-toutes-les-meilleures-offres-sur-les-ordinateurs-portables-les-trackers-de-fitness-les-appareils-electromenagers-et-plus-encore-2\/#breadcrumb\",\"itemListElement\":[{\"@type\":\"ListItem\",\"position\":1,\"name\":\"Accueil\",\"item\":\"https:\/\/vieassociative.be\/actualites\/\"},{\"@type\":\"ListItem\",\"position\":2,\"name\":\"Prime Day 2025 Blog en direct: toutes les meilleures offres sur les ordinateurs portables, les trackers de fitness, les appareils \u00e9lectrom\u00e9nagers et plus encore\"}]},{\"@type\":\"WebSite\",\"@id\":\"https:\/\/vieassociative.be\/actualites\/#website\",\"url\":\"https:\/\/vieassociative.be\/actualites\/\",\"name\":\"Vie Associative\",\"description\":\"\",\"publisher\":{\"@id\":\"https:\/\/vieassociative.be\/actualites\/#organization\"},\"potentialAction\":[{\"@type\":\"SearchAction\",\"target\":{\"@type\":\"EntryPoint\",\"urlTemplate\":\"https:\/\/vieassociative.be\/actualites\/?s={search_term_string}\"},\"query-input\":{\"@type\":\"PropertyValueSpecification\",\"valueRequired\":true,\"valueName\":\"search_term_string\"}}],\"inLanguage\":\"fr-BE\"},{\"@type\":\"Organization\",\"@id\":\"https:\/\/vieassociative.be\/actualites\/#organization\",\"name\":\"Vie Associative\",\"url\":\"https:\/\/vieassociative.be\/actualites\/\",\"logo\":{\"@type\":\"ImageObject\",\"inLanguage\":\"fr-BE\",\"@id\":\"https:\/\/vieassociative.be\/actualites\/#\/schema\/logo\/image\/\",\"url\":\"https:\/\/vieassociative.be\/actualites\/wp-content\/uploads\/2024\/09\/cropped-vieassociative_favicon.ico.png\",\"contentUrl\":\"https:\/\/vieassociative.be\/actualites\/wp-content\/uploads\/2024\/09\/cropped-vieassociative_favicon.ico.png\",\"width\":512,\"height\":512,\"caption\":\"Vie Associative\"},\"image\":{\"@id\":\"https:\/\/vieassociative.be\/actualites\/#\/schema\/logo\/image\/\"}},{\"@type\":\"Person\",\"@id\":\"https:\/\/vieassociative.be\/actualites\/#\/schema\/person\/b87ac4f82f9d4e7b7cec7395b679edc4\",\"name\":\"Julien\",\"image\":{\"@type\":\"ImageObject\",\"inLanguage\":\"fr-BE\",\"@id\":\"https:\/\/vieassociative.be\/actualites\/#\/schema\/person\/image\/\",\"url\":\"https:\/\/vieassociative.be\/actualites\/wp-content\/uploads\/2024\/09\/vie-associative-1-150x150.jpg\",\"contentUrl\":\"https:\/\/vieassociative.be\/actualites\/wp-content\/uploads\/2024\/09\/vie-associative-1-150x150.jpg\",\"caption\":\"Julien\"},\"description\":\"Je suis Julien, r\u00e9dacteur pour Vie Associative. Passionn\u00e9 par le monde associatif depuis plus de 10 ans, j'ai \u00e0 c\u0153ur de partager des histoires inspirantes et de mettre en lumi\u00e8re les initiatives locales. Mon objectif est de sensibiliser et d'encourager l'engagement communautaire \u00e0 travers mes articles.\",\"sameAs\":[\"https:\/\/vieassociative.be\/\"]}]}<\/script>\n<!-- \/ Yoast SEO plugin. -->","yoast_head_json":{"title":"Prime Day 2025 Blog en direct: toutes les meilleures offres sur les ordinateurs portables, les trackers de fitness, les appareils \u00e9lectrom\u00e9nagers et plus encore | Vie Associative","robots":{"index":"index","follow":"follow","max-snippet":"max-snippet:-1","max-image-preview":"max-image-preview:large","max-video-preview":"max-video-preview:-1"},"canonical":"https:\/\/vieassociative.be\/actualites\/prime-day-2025-blog-en-direct-toutes-les-meilleures-offres-sur-les-ordinateurs-portables-les-trackers-de-fitness-les-appareils-electromenagers-et-plus-encore-2\/","og_locale":"fr_FR","og_type":"article","og_title":"Prime Day 2025 Blog en direct: toutes les meilleures offres sur les ordinateurs portables, les trackers de fitness, les appareils \u00e9lectrom\u00e9nagers et plus encore | Vie Associative","og_description":"Suivez les meilleures offres de premi\u00e8re journ\u00e9e d\u00e8s que nous les trouvons. Les offres des premiers jours sont l\u00e0. La vente de Prime Day d&rsquo;Amazon","og_url":"https:\/\/vieassociative.be\/actualites\/prime-day-2025-blog-en-direct-toutes-les-meilleures-offres-sur-les-ordinateurs-portables-les-trackers-de-fitness-les-appareils-electromenagers-et-plus-encore-2\/","og_site_name":"Vie Associative","article_published_time":"2025-07-07T17:18:01+00:00","og_image":[{"width":279,"height":92,"url":"https:\/\/vieassociative.be\/actualites\/wp-content\/uploads\/2024\/09\/header_backgroundk-01-e1726694325946.png","type":"image\/png"}],"author":"Julien","twitter_card":"summary_large_image","twitter_misc":{"\u00c9crit par":"Julien","Dur\u00e9e de lecture est.":"2 minutes"},"schema":{"@context":"https:\/\/schema.org","@graph":[{"@type":"Article","@id":"https:\/\/vieassociative.be\/actualites\/prime-day-2025-blog-en-direct-toutes-les-meilleures-offres-sur-les-ordinateurs-portables-les-trackers-de-fitness-les-appareils-electromenagers-et-plus-encore-2\/#article","isPartOf":{"@id":"https:\/\/vieassociative.be\/actualites\/prime-day-2025-blog-en-direct-toutes-les-meilleures-offres-sur-les-ordinateurs-portables-les-trackers-de-fitness-les-appareils-electromenagers-et-plus-encore-2\/"},"author":{"name":"Julien","@id":"https:\/\/vieassociative.be\/actualites\/#\/schema\/person\/b87ac4f82f9d4e7b7cec7395b679edc4"},"headline":"Prime Day 2025 Blog en direct: toutes les meilleures offres sur les ordinateurs portables, les trackers de fitness, les appareils \u00e9lectrom\u00e9nagers et plus encore","datePublished":"2025-07-07T17:18:01+00:00","dateModified":"2025-07-07T17:18:01+00:00","mainEntityOfPage":{"@id":"https:\/\/vieassociative.be\/actualites\/prime-day-2025-blog-en-direct-toutes-les-meilleures-offres-sur-les-ordinateurs-portables-les-trackers-de-fitness-les-appareils-electromenagers-et-plus-encore-2\/"},"wordCount":448,"publisher":{"@id":"https:\/\/vieassociative.be\/actualites\/#organization"},"image":{"@id":"https:\/\/vieassociative.be\/actualites\/prime-day-2025-blog-en-direct-toutes-les-meilleures-offres-sur-les-ordinateurs-portables-les-trackers-de-fitness-les-appareils-electromenagers-et-plus-encore-2\/#primaryimage"},"thumbnailUrl":"https:\/\/vieassociative.be\/actualites\/wp-content\/uploads\/2025\/07\/Prime-Day-2025-Blog-en-direct-toutes-les-meilleures-offres.jpg","keywords":["appareils","Blog","Day","direct","\u00e9lectrom\u00e9nagers","encore","fitness","Les","meilleures","offres","ordinateurs","portables","Prime","sur","toutes","trackers"],"articleSection":["Argent"],"inLanguage":"fr-BE"},{"@type":"WebPage","@id":"https:\/\/vieassociative.be\/actualites\/prime-day-2025-blog-en-direct-toutes-les-meilleures-offres-sur-les-ordinateurs-portables-les-trackers-de-fitness-les-appareils-electromenagers-et-plus-encore-2\/","url":"https:\/\/vieassociative.be\/actualites\/prime-day-2025-blog-en-direct-toutes-les-meilleures-offres-sur-les-ordinateurs-portables-les-trackers-de-fitness-les-appareils-electromenagers-et-plus-encore-2\/","name":"Prime Day 2025 Blog en direct: toutes les meilleures offres sur les ordinateurs portables, les trackers de fitness, les appareils \u00e9lectrom\u00e9nagers et plus encore | Vie Associative","isPartOf":{"@id":"https:\/\/vieassociative.be\/actualites\/#website"},"primaryImageOfPage":{"@id":"https:\/\/vieassociative.be\/actualites\/prime-day-2025-blog-en-direct-toutes-les-meilleures-offres-sur-les-ordinateurs-portables-les-trackers-de-fitness-les-appareils-electromenagers-et-plus-encore-2\/#primaryimage"},"image":{"@id":"https:\/\/vieassociative.be\/actualites\/prime-day-2025-blog-en-direct-toutes-les-meilleures-offres-sur-les-ordinateurs-portables-les-trackers-de-fitness-les-appareils-electromenagers-et-plus-encore-2\/#primaryimage"},"thumbnailUrl":"https:\/\/vieassociative.be\/actualites\/wp-content\/uploads\/2025\/07\/Prime-Day-2025-Blog-en-direct-toutes-les-meilleures-offres.jpg","datePublished":"2025-07-07T17:18:01+00:00","dateModified":"2025-07-07T17:18:01+00:00","breadcrumb":{"@id":"https:\/\/vieassociative.be\/actualites\/prime-day-2025-blog-en-direct-toutes-les-meilleures-offres-sur-les-ordinateurs-portables-les-trackers-de-fitness-les-appareils-electromenagers-et-plus-encore-2\/#breadcrumb"},"inLanguage":"fr-BE","potentialAction":[{"@type":"ReadAction","target":["https:\/\/vieassociative.be\/actualites\/prime-day-2025-blog-en-direct-toutes-les-meilleures-offres-sur-les-ordinateurs-portables-les-trackers-de-fitness-les-appareils-electromenagers-et-plus-encore-2\/"]}]},{"@type":"ImageObject","inLanguage":"fr-BE","@id":"https:\/\/vieassociative.be\/actualites\/prime-day-2025-blog-en-direct-toutes-les-meilleures-offres-sur-les-ordinateurs-portables-les-trackers-de-fitness-les-appareils-electromenagers-et-plus-encore-2\/#primaryimage","url":"https:\/\/vieassociative.be\/actualites\/wp-content\/uploads\/2025\/07\/Prime-Day-2025-Blog-en-direct-toutes-les-meilleures-offres.jpg","contentUrl":"https:\/\/vieassociative.be\/actualites\/wp-content\/uploads\/2025\/07\/Prime-Day-2025-Blog-en-direct-toutes-les-meilleures-offres.jpg","width":1200,"height":675,"caption":"Prime Day 2025 Blog en direct: toutes les meilleures offres sur les ordinateurs portables, les trackers de fitness, les appareils \u00e9lectrom\u00e9nagers et plus encore"},{"@type":"BreadcrumbList","@id":"https:\/\/vieassociative.be\/actualites\/prime-day-2025-blog-en-direct-toutes-les-meilleures-offres-sur-les-ordinateurs-portables-les-trackers-de-fitness-les-appareils-electromenagers-et-plus-encore-2\/#breadcrumb","itemListElement":[{"@type":"ListItem","position":1,"name":"Accueil","item":"https:\/\/vieassociative.be\/actualites\/"},{"@type":"ListItem","position":2,"name":"Prime Day 2025 Blog en direct: toutes les meilleures offres sur les ordinateurs portables, les trackers de fitness, les appareils \u00e9lectrom\u00e9nagers et plus encore"}]},{"@type":"WebSite","@id":"https:\/\/vieassociative.be\/actualites\/#website","url":"https:\/\/vieassociative.be\/actualites\/","name":"Vie Associative","description":"","publisher":{"@id":"https:\/\/vieassociative.be\/actualites\/#organization"},"potentialAction":[{"@type":"SearchAction","target":{"@type":"EntryPoint","urlTemplate":"https:\/\/vieassociative.be\/actualites\/?s={search_term_string}"},"query-input":{"@type":"PropertyValueSpecification","valueRequired":true,"valueName":"search_term_string"}}],"inLanguage":"fr-BE"},{"@type":"Organization","@id":"https:\/\/vieassociative.be\/actualites\/#organization","name":"Vie Associative","url":"https:\/\/vieassociative.be\/actualites\/","logo":{"@type":"ImageObject","inLanguage":"fr-BE","@id":"https:\/\/vieassociative.be\/actualites\/#\/schema\/logo\/image\/","url":"https:\/\/vieassociative.be\/actualites\/wp-content\/uploads\/2024\/09\/cropped-vieassociative_favicon.ico.png","contentUrl":"https:\/\/vieassociative.be\/actualites\/wp-content\/uploads\/2024\/09\/cropped-vieassociative_favicon.ico.png","width":512,"height":512,"caption":"Vie Associative"},"image":{"@id":"https:\/\/vieassociative.be\/actualites\/#\/schema\/logo\/image\/"}},{"@type":"Person","@id":"https:\/\/vieassociative.be\/actualites\/#\/schema\/person\/b87ac4f82f9d4e7b7cec7395b679edc4","name":"Julien","image":{"@type":"ImageObject","inLanguage":"fr-BE","@id":"https:\/\/vieassociative.be\/actualites\/#\/schema\/person\/image\/","url":"https:\/\/vieassociative.be\/actualites\/wp-content\/uploads\/2024\/09\/vie-associative-1-150x150.jpg","contentUrl":"https:\/\/vieassociative.be\/actualites\/wp-content\/uploads\/2024\/09\/vie-associative-1-150x150.jpg","caption":"Julien"},"description":"Je suis Julien, r\u00e9dacteur pour Vie Associative. Passionn\u00e9 par le monde associatif depuis plus de 10 ans, j'ai \u00e0 c\u0153ur de partager des histoires inspirantes et de mettre en lumi\u00e8re les initiatives locales. Mon objectif est de sensibiliser et d'encourager l'engagement communautaire \u00e0 travers mes articles.","sameAs":["https:\/\/vieassociative.be\/"]}]}},"_links":{"self":[{"href":"https:\/\/vieassociative.be\/actualites\/wp-json\/wp\/v2\/posts\/8585"}],"collection":[{"href":"https:\/\/vieassociative.be\/actualites\/wp-json\/wp\/v2\/posts"}],"about":[{"href":"https:\/\/vieassociative.be\/actualites\/wp-json\/wp\/v2\/types\/post"}],"author":[{"embeddable":true,"href":"https:\/\/vieassociative.be\/actualites\/wp-json\/wp\/v2\/users\/1"}],"replies":[{"embeddable":true,"href":"https:\/\/vieassociative.be\/actualites\/wp-json\/wp\/v2\/comments?post=8585"}],"version-history":[{"count":0,"href":"https:\/\/vieassociative.be\/actualites\/wp-json\/wp\/v2\/posts\/8585\/revisions"}],"wp:featuredmedia":[{"embeddable":true,"href":"https:\/\/vieassociative.be\/actualites\/wp-json\/wp\/v2\/media\/8561"}],"wp:attachment":[{"href":"https:\/\/vieassociative.be\/actualites\/wp-json\/wp\/v2\/media?parent=8585"}],"wp:term":[{"taxonomy":"category","embeddable":true,"href":"https:\/\/vieassociative.be\/actualites\/wp-json\/wp\/v2\/categories?post=8585"},{"taxonomy":"post_tag","embeddable":true,"href":"https:\/\/vieassociative.be\/actualites\/wp-json\/wp\/v2\/tags?post=8585"}],"curies":[{"name":"wp","href":"https:\/\/api.w.org\/{rel}","templated":true}]}}