{"id":8583,"date":"2025-07-07T16:17:27","date_gmt":"2025-07-07T14:17:27","guid":{"rendered":"https:\/\/vieassociative.be\/actualites\/red-flames-aujourdhui-a-18-h-contre-le-champion-du-monde-espagne-devant-une-mission-impossible\/"},"modified":"2025-07-07T16:17:27","modified_gmt":"2025-07-07T14:17:27","slug":"red-flames-aujourdhui-a-18-h-contre-le-champion-du-monde-espagne-devant-une-mission-impossible","status":"publish","type":"post","link":"https:\/\/vieassociative.be\/actualites\/red-flames-aujourdhui-a-18-h-contre-le-champion-du-monde-espagne-devant-une-mission-impossible\/","title":{"rendered":"Red Flames aujourd&rsquo;hui \u00e0 18 h contre le champion du monde Espagne devant une \u00ab\u00a0mission impossible\u00a0\u00bb?"},"content":{"rendered":"<p><strong>Les footballeurs belges joueront leur deuxi\u00e8me match de groupe au Championnat d&rsquo;Europe en Suisse lundi (18 h \/ Live sur RTBF1 \u00ab\u00a0LA UNE\u00a0\u00bb, VRT2 \u00ab\u00a0Canvas\u00a0\u00bb et ZDF). \u00c0 Thun dans le Bernese Oberland, les Red Flames rencontrent le champion du monde de l&rsquo;Espagne.<\/strong><\/p>\n<p><span id=\"more-419521\"><\/span>Apr\u00e8s l&rsquo;ouverture de l&rsquo;Italie (0: 1), les Belges sont d\u00e9j\u00e0 debout avec le dos au mur et doivent faire une performance brillante afin d&rsquo;avoir une chance de qualification pour les quarts de finale, ou de prot\u00e9ger l&rsquo;aide du Portugal, qui rencontre l&rsquo;Italie le soir (21 h).<\/p>\n<div id=\"attachment_419526\" class=\"wp-caption alignleft\" style=\"max-width: 300px\"><img fetchpriority=\"high\" decoding=\"async\" class=\"wp-image-419526 size-medium\" src=\"https:\/\/vieassociative.be\/actualites\/wp-content\/uploads\/2025\/07\/Red-Flames-aujourdhui-a-18-h-contre-le-champion-du.jpg\" alt=\"\" width=\"300\" height=\"200\"><\/p>\n<p class=\"wp-caption-text\">03.07.2025, Suisse, Sion: Tessa Wullaert en Belgique dans le match contre l&rsquo;Italie. Photo: Alessandra Tarantino \/ AP \/ DPA<\/p>\n<\/div>\n<p>Les Espagnols, dont les deux derniers vainqueurs du Ballon d&rsquo;Or, Alexia Putellas et Aitana Bonmati, ont commenc\u00e9 leurs qualifications avec une victoire 5-0 contre le Portugal jeudi soir.<\/p>\n<p>La Roja a \u00e9galement remport\u00e9 les quatre duels contre les flammes rouges au cours des deux derni\u00e8res ann\u00e9es. Les champions du monde avaient ajout\u00e9 une d\u00e9faite de 0: 7 aux Belges lors de la qualification du Championnat d&rsquo;Europe en avril 2024 \u00e0 L\u00f6wen. \u00c0 la deuxi\u00e8me \u00e9tape, ils ont gagn\u00e9 2-0. Dans la Ligue des nations, les Espagnols ont gagn\u00e9 3-2 \u00e0 nouveau \u00e0 domicile puis 1: 5 dans le stade.<\/p>\n<p>Cependant, la d\u00e9faite 3-2 en Espagne semble \u00eatre la seule raison d&rsquo;espoir pour les joueurs d&rsquo;Elisabet Gunnarsdottir, car ils \u00e9taient en t\u00eate jusqu&rsquo;\u00e0 ce qu&rsquo;ils soient suppl\u00e9mentaires avant qu&rsquo;ils ne soient touch\u00e9s par deux buts en quatre minutes en blessure.<\/p>\n<p>Les Belges auraient pu partir apr\u00e8s la deuxi\u00e8me journ\u00e9e s&rsquo;ils perdent contre l&rsquo;Espagne et atteignent au moins les Italiens contre les femmes portugaises. Seules les deux meilleures \u00e9quipes chacune des quatre groupes entrent dans le trimestre-finale. (Cre)<\/p>\n","protected":false},"excerpt":{"rendered":"<p>Les footballeurs belges joueront leur deuxi\u00e8me match de groupe au Championnat d&rsquo;Europe en Suisse lundi (18 h \/ Live sur RTBF1 \u00ab\u00a0LA UNE\u00a0\u00bb, VRT2 \u00ab\u00a0Canvas\u00a0\u00bb<\/p>\n","protected":false},"author":1,"featured_media":8584,"comment_status":"","ping_status":"","sticky":false,"template":"","format":"standard","meta":{"footnotes":""},"categories":[298],"tags":[2330,2524,796,2381,648,7651,7652,6918,237,3312,110],"class_list":["post-8583","post","type-post","status-publish","format-standard","has-post-thumbnail","hentry","category-belgique","tag-aujourdhui","tag-champion","tag-contre","tag-devant","tag-espagne","tag-flames","tag-impossible","tag-mission","tag-monde","tag-red","tag-une","generate-columns","tablet-grid-50","mobile-grid-100","grid-parent","grid-33"],"yoast_head":"<!-- This site is optimized with the Yoast SEO plugin v24.0 - https:\/\/yoast.com\/wordpress\/plugins\/seo\/ -->\n<title>Red Flames aujourd&#039;hui \u00e0 18 h contre le champion du monde Espagne devant une &quot;mission impossible&quot;? | Vie Associative<\/title>\n<meta name=\"robots\" content=\"index, follow, max-snippet:-1, max-image-preview:large, max-video-preview:-1\" \/>\n<link rel=\"canonical\" href=\"https:\/\/vieassociative.be\/actualites\/red-flames-aujourdhui-a-18-h-contre-le-champion-du-monde-espagne-devant-une-mission-impossible\/\" \/>\n<meta property=\"og:locale\" content=\"fr_FR\" \/>\n<meta property=\"og:type\" content=\"article\" \/>\n<meta property=\"og:title\" content=\"Red Flames aujourd&#039;hui \u00e0 18 h contre le champion du monde Espagne devant une &quot;mission impossible&quot;? | Vie Associative\" \/>\n<meta property=\"og:description\" content=\"Les footballeurs belges joueront leur deuxi\u00e8me match de groupe au Championnat d&rsquo;Europe en Suisse lundi (18 h \/ Live sur RTBF1 \u00ab\u00a0LA UNE\u00a0\u00bb, VRT2 \u00ab\u00a0Canvas\u00a0\u00bb\" \/>\n<meta property=\"og:url\" content=\"https:\/\/vieassociative.be\/actualites\/red-flames-aujourdhui-a-18-h-contre-le-champion-du-monde-espagne-devant-une-mission-impossible\/\" \/>\n<meta property=\"og:site_name\" content=\"Vie Associative\" \/>\n<meta property=\"article:published_time\" content=\"2025-07-07T14:17:27+00:00\" \/>\n<meta property=\"og:image\" content=\"https:\/\/vieassociative.be\/actualites\/wp-content\/uploads\/2024\/09\/header_backgroundk-01-e1726694325946.png\" \/>\n\t<meta property=\"og:image:width\" content=\"279\" \/>\n\t<meta property=\"og:image:height\" content=\"92\" \/>\n\t<meta property=\"og:image:type\" content=\"image\/png\" \/>\n<meta name=\"author\" content=\"Julien\" \/>\n<meta name=\"twitter:card\" content=\"summary_large_image\" \/>\n<meta name=\"twitter:label1\" content=\"\u00c9crit par\" \/>\n\t<meta name=\"twitter:data1\" content=\"Julien\" \/>\n\t<meta name=\"twitter:label2\" content=\"Dur\u00e9e de lecture est.\" \/>\n\t<meta name=\"twitter:data2\" content=\"1 minute\" \/>\n<script type=\"application\/ld+json\" class=\"yoast-schema-graph\">{\"@context\":\"https:\/\/schema.org\",\"@graph\":[{\"@type\":\"Article\",\"@id\":\"https:\/\/vieassociative.be\/actualites\/red-flames-aujourdhui-a-18-h-contre-le-champion-du-monde-espagne-devant-une-mission-impossible\/#article\",\"isPartOf\":{\"@id\":\"https:\/\/vieassociative.be\/actualites\/red-flames-aujourdhui-a-18-h-contre-le-champion-du-monde-espagne-devant-une-mission-impossible\/\"},\"author\":{\"name\":\"Julien\",\"@id\":\"https:\/\/vieassociative.be\/actualites\/#\/schema\/person\/b87ac4f82f9d4e7b7cec7395b679edc4\"},\"headline\":\"Red Flames aujourd&rsquo;hui \u00e0 18 h contre le champion du monde Espagne devant une \u00ab\u00a0mission impossible\u00a0\u00bb?\",\"datePublished\":\"2025-07-07T14:17:27+00:00\",\"dateModified\":\"2025-07-07T14:17:27+00:00\",\"mainEntityOfPage\":{\"@id\":\"https:\/\/vieassociative.be\/actualites\/red-flames-aujourdhui-a-18-h-contre-le-champion-du-monde-espagne-devant-une-mission-impossible\/\"},\"wordCount\":313,\"publisher\":{\"@id\":\"https:\/\/vieassociative.be\/actualites\/#organization\"},\"image\":{\"@id\":\"https:\/\/vieassociative.be\/actualites\/red-flames-aujourdhui-a-18-h-contre-le-champion-du-monde-espagne-devant-une-mission-impossible\/#primaryimage\"},\"thumbnailUrl\":\"https:\/\/vieassociative.be\/actualites\/wp-content\/uploads\/2025\/07\/1751897847_Red-Flames-aujourdhui-a-18-h-contre-le-champion-du.jpg\",\"keywords\":[\"aujourdhui\",\"champion\",\"contre\",\"devant\",\"Espagne\",\"Flames\",\"impossible\",\"Mission\",\"monde\",\"Red\",\"une\"],\"articleSection\":[\"Belgique\"],\"inLanguage\":\"fr-BE\"},{\"@type\":\"WebPage\",\"@id\":\"https:\/\/vieassociative.be\/actualites\/red-flames-aujourdhui-a-18-h-contre-le-champion-du-monde-espagne-devant-une-mission-impossible\/\",\"url\":\"https:\/\/vieassociative.be\/actualites\/red-flames-aujourdhui-a-18-h-contre-le-champion-du-monde-espagne-devant-une-mission-impossible\/\",\"name\":\"Red Flames aujourd'hui \u00e0 18 h contre le champion du monde Espagne devant une \\\"mission impossible\\\"? | Vie Associative\",\"isPartOf\":{\"@id\":\"https:\/\/vieassociative.be\/actualites\/#website\"},\"primaryImageOfPage\":{\"@id\":\"https:\/\/vieassociative.be\/actualites\/red-flames-aujourdhui-a-18-h-contre-le-champion-du-monde-espagne-devant-une-mission-impossible\/#primaryimage\"},\"image\":{\"@id\":\"https:\/\/vieassociative.be\/actualites\/red-flames-aujourdhui-a-18-h-contre-le-champion-du-monde-espagne-devant-une-mission-impossible\/#primaryimage\"},\"thumbnailUrl\":\"https:\/\/vieassociative.be\/actualites\/wp-content\/uploads\/2025\/07\/1751897847_Red-Flames-aujourdhui-a-18-h-contre-le-champion-du.jpg\",\"datePublished\":\"2025-07-07T14:17:27+00:00\",\"dateModified\":\"2025-07-07T14:17:27+00:00\",\"breadcrumb\":{\"@id\":\"https:\/\/vieassociative.be\/actualites\/red-flames-aujourdhui-a-18-h-contre-le-champion-du-monde-espagne-devant-une-mission-impossible\/#breadcrumb\"},\"inLanguage\":\"fr-BE\",\"potentialAction\":[{\"@type\":\"ReadAction\",\"target\":[\"https:\/\/vieassociative.be\/actualites\/red-flames-aujourdhui-a-18-h-contre-le-champion-du-monde-espagne-devant-une-mission-impossible\/\"]}]},{\"@type\":\"ImageObject\",\"inLanguage\":\"fr-BE\",\"@id\":\"https:\/\/vieassociative.be\/actualites\/red-flames-aujourdhui-a-18-h-contre-le-champion-du-monde-espagne-devant-une-mission-impossible\/#primaryimage\",\"url\":\"https:\/\/vieassociative.be\/actualites\/wp-content\/uploads\/2025\/07\/1751897847_Red-Flames-aujourdhui-a-18-h-contre-le-champion-du.jpg\",\"contentUrl\":\"https:\/\/vieassociative.be\/actualites\/wp-content\/uploads\/2025\/07\/1751897847_Red-Flames-aujourdhui-a-18-h-contre-le-champion-du.jpg\",\"width\":1200,\"height\":800,\"caption\":\"Red Flames aujourd'hui \u00e0 18 h contre le champion du monde Espagne devant une \\\"mission impossible\\\"?\"},{\"@type\":\"BreadcrumbList\",\"@id\":\"https:\/\/vieassociative.be\/actualites\/red-flames-aujourdhui-a-18-h-contre-le-champion-du-monde-espagne-devant-une-mission-impossible\/#breadcrumb\",\"itemListElement\":[{\"@type\":\"ListItem\",\"position\":1,\"name\":\"Accueil\",\"item\":\"https:\/\/vieassociative.be\/actualites\/\"},{\"@type\":\"ListItem\",\"position\":2,\"name\":\"Red Flames aujourd&rsquo;hui \u00e0 18 h contre le champion du monde Espagne devant une \u00ab\u00a0mission impossible\u00a0\u00bb?\"}]},{\"@type\":\"WebSite\",\"@id\":\"https:\/\/vieassociative.be\/actualites\/#website\",\"url\":\"https:\/\/vieassociative.be\/actualites\/\",\"name\":\"Vie Associative\",\"description\":\"\",\"publisher\":{\"@id\":\"https:\/\/vieassociative.be\/actualites\/#organization\"},\"potentialAction\":[{\"@type\":\"SearchAction\",\"target\":{\"@type\":\"EntryPoint\",\"urlTemplate\":\"https:\/\/vieassociative.be\/actualites\/?s={search_term_string}\"},\"query-input\":{\"@type\":\"PropertyValueSpecification\",\"valueRequired\":true,\"valueName\":\"search_term_string\"}}],\"inLanguage\":\"fr-BE\"},{\"@type\":\"Organization\",\"@id\":\"https:\/\/vieassociative.be\/actualites\/#organization\",\"name\":\"Vie Associative\",\"url\":\"https:\/\/vieassociative.be\/actualites\/\",\"logo\":{\"@type\":\"ImageObject\",\"inLanguage\":\"fr-BE\",\"@id\":\"https:\/\/vieassociative.be\/actualites\/#\/schema\/logo\/image\/\",\"url\":\"https:\/\/vieassociative.be\/actualites\/wp-content\/uploads\/2024\/09\/cropped-vieassociative_favicon.ico.png\",\"contentUrl\":\"https:\/\/vieassociative.be\/actualites\/wp-content\/uploads\/2024\/09\/cropped-vieassociative_favicon.ico.png\",\"width\":512,\"height\":512,\"caption\":\"Vie Associative\"},\"image\":{\"@id\":\"https:\/\/vieassociative.be\/actualites\/#\/schema\/logo\/image\/\"}},{\"@type\":\"Person\",\"@id\":\"https:\/\/vieassociative.be\/actualites\/#\/schema\/person\/b87ac4f82f9d4e7b7cec7395b679edc4\",\"name\":\"Julien\",\"image\":{\"@type\":\"ImageObject\",\"inLanguage\":\"fr-BE\",\"@id\":\"https:\/\/vieassociative.be\/actualites\/#\/schema\/person\/image\/\",\"url\":\"https:\/\/vieassociative.be\/actualites\/wp-content\/uploads\/2024\/09\/vie-associative-1-150x150.jpg\",\"contentUrl\":\"https:\/\/vieassociative.be\/actualites\/wp-content\/uploads\/2024\/09\/vie-associative-1-150x150.jpg\",\"caption\":\"Julien\"},\"description\":\"Je suis Julien, r\u00e9dacteur pour Vie Associative. Passionn\u00e9 par le monde associatif depuis plus de 10 ans, j'ai \u00e0 c\u0153ur de partager des histoires inspirantes et de mettre en lumi\u00e8re les initiatives locales. Mon objectif est de sensibiliser et d'encourager l'engagement communautaire \u00e0 travers mes articles.\",\"sameAs\":[\"https:\/\/vieassociative.be\/\"]}]}<\/script>\n<!-- \/ Yoast SEO plugin. -->","yoast_head_json":{"title":"Red Flames aujourd'hui \u00e0 18 h contre le champion du monde Espagne devant une \"mission impossible\"? | Vie Associative","robots":{"index":"index","follow":"follow","max-snippet":"max-snippet:-1","max-image-preview":"max-image-preview:large","max-video-preview":"max-video-preview:-1"},"canonical":"https:\/\/vieassociative.be\/actualites\/red-flames-aujourdhui-a-18-h-contre-le-champion-du-monde-espagne-devant-une-mission-impossible\/","og_locale":"fr_FR","og_type":"article","og_title":"Red Flames aujourd'hui \u00e0 18 h contre le champion du monde Espagne devant une \"mission impossible\"? | Vie Associative","og_description":"Les footballeurs belges joueront leur deuxi\u00e8me match de groupe au Championnat d&rsquo;Europe en Suisse lundi (18 h \/ Live sur RTBF1 \u00ab\u00a0LA UNE\u00a0\u00bb, VRT2 \u00ab\u00a0Canvas\u00a0\u00bb","og_url":"https:\/\/vieassociative.be\/actualites\/red-flames-aujourdhui-a-18-h-contre-le-champion-du-monde-espagne-devant-une-mission-impossible\/","og_site_name":"Vie Associative","article_published_time":"2025-07-07T14:17:27+00:00","og_image":[{"width":279,"height":92,"url":"https:\/\/vieassociative.be\/actualites\/wp-content\/uploads\/2024\/09\/header_backgroundk-01-e1726694325946.png","type":"image\/png"}],"author":"Julien","twitter_card":"summary_large_image","twitter_misc":{"\u00c9crit par":"Julien","Dur\u00e9e de lecture est.":"1 minute"},"schema":{"@context":"https:\/\/schema.org","@graph":[{"@type":"Article","@id":"https:\/\/vieassociative.be\/actualites\/red-flames-aujourdhui-a-18-h-contre-le-champion-du-monde-espagne-devant-une-mission-impossible\/#article","isPartOf":{"@id":"https:\/\/vieassociative.be\/actualites\/red-flames-aujourdhui-a-18-h-contre-le-champion-du-monde-espagne-devant-une-mission-impossible\/"},"author":{"name":"Julien","@id":"https:\/\/vieassociative.be\/actualites\/#\/schema\/person\/b87ac4f82f9d4e7b7cec7395b679edc4"},"headline":"Red Flames aujourd&rsquo;hui \u00e0 18 h contre le champion du monde Espagne devant une \u00ab\u00a0mission impossible\u00a0\u00bb?","datePublished":"2025-07-07T14:17:27+00:00","dateModified":"2025-07-07T14:17:27+00:00","mainEntityOfPage":{"@id":"https:\/\/vieassociative.be\/actualites\/red-flames-aujourdhui-a-18-h-contre-le-champion-du-monde-espagne-devant-une-mission-impossible\/"},"wordCount":313,"publisher":{"@id":"https:\/\/vieassociative.be\/actualites\/#organization"},"image":{"@id":"https:\/\/vieassociative.be\/actualites\/red-flames-aujourdhui-a-18-h-contre-le-champion-du-monde-espagne-devant-une-mission-impossible\/#primaryimage"},"thumbnailUrl":"https:\/\/vieassociative.be\/actualites\/wp-content\/uploads\/2025\/07\/1751897847_Red-Flames-aujourdhui-a-18-h-contre-le-champion-du.jpg","keywords":["aujourdhui","champion","contre","devant","Espagne","Flames","impossible","Mission","monde","Red","une"],"articleSection":["Belgique"],"inLanguage":"fr-BE"},{"@type":"WebPage","@id":"https:\/\/vieassociative.be\/actualites\/red-flames-aujourdhui-a-18-h-contre-le-champion-du-monde-espagne-devant-une-mission-impossible\/","url":"https:\/\/vieassociative.be\/actualites\/red-flames-aujourdhui-a-18-h-contre-le-champion-du-monde-espagne-devant-une-mission-impossible\/","name":"Red Flames aujourd'hui \u00e0 18 h contre le champion du monde Espagne devant une \"mission impossible\"? | Vie Associative","isPartOf":{"@id":"https:\/\/vieassociative.be\/actualites\/#website"},"primaryImageOfPage":{"@id":"https:\/\/vieassociative.be\/actualites\/red-flames-aujourdhui-a-18-h-contre-le-champion-du-monde-espagne-devant-une-mission-impossible\/#primaryimage"},"image":{"@id":"https:\/\/vieassociative.be\/actualites\/red-flames-aujourdhui-a-18-h-contre-le-champion-du-monde-espagne-devant-une-mission-impossible\/#primaryimage"},"thumbnailUrl":"https:\/\/vieassociative.be\/actualites\/wp-content\/uploads\/2025\/07\/1751897847_Red-Flames-aujourdhui-a-18-h-contre-le-champion-du.jpg","datePublished":"2025-07-07T14:17:27+00:00","dateModified":"2025-07-07T14:17:27+00:00","breadcrumb":{"@id":"https:\/\/vieassociative.be\/actualites\/red-flames-aujourdhui-a-18-h-contre-le-champion-du-monde-espagne-devant-une-mission-impossible\/#breadcrumb"},"inLanguage":"fr-BE","potentialAction":[{"@type":"ReadAction","target":["https:\/\/vieassociative.be\/actualites\/red-flames-aujourdhui-a-18-h-contre-le-champion-du-monde-espagne-devant-une-mission-impossible\/"]}]},{"@type":"ImageObject","inLanguage":"fr-BE","@id":"https:\/\/vieassociative.be\/actualites\/red-flames-aujourdhui-a-18-h-contre-le-champion-du-monde-espagne-devant-une-mission-impossible\/#primaryimage","url":"https:\/\/vieassociative.be\/actualites\/wp-content\/uploads\/2025\/07\/1751897847_Red-Flames-aujourdhui-a-18-h-contre-le-champion-du.jpg","contentUrl":"https:\/\/vieassociative.be\/actualites\/wp-content\/uploads\/2025\/07\/1751897847_Red-Flames-aujourdhui-a-18-h-contre-le-champion-du.jpg","width":1200,"height":800,"caption":"Red Flames aujourd'hui \u00e0 18 h contre le champion du monde Espagne devant une \"mission impossible\"?"},{"@type":"BreadcrumbList","@id":"https:\/\/vieassociative.be\/actualites\/red-flames-aujourdhui-a-18-h-contre-le-champion-du-monde-espagne-devant-une-mission-impossible\/#breadcrumb","itemListElement":[{"@type":"ListItem","position":1,"name":"Accueil","item":"https:\/\/vieassociative.be\/actualites\/"},{"@type":"ListItem","position":2,"name":"Red Flames aujourd&rsquo;hui \u00e0 18 h contre le champion du monde Espagne devant une \u00ab\u00a0mission impossible\u00a0\u00bb?"}]},{"@type":"WebSite","@id":"https:\/\/vieassociative.be\/actualites\/#website","url":"https:\/\/vieassociative.be\/actualites\/","name":"Vie Associative","description":"","publisher":{"@id":"https:\/\/vieassociative.be\/actualites\/#organization"},"potentialAction":[{"@type":"SearchAction","target":{"@type":"EntryPoint","urlTemplate":"https:\/\/vieassociative.be\/actualites\/?s={search_term_string}"},"query-input":{"@type":"PropertyValueSpecification","valueRequired":true,"valueName":"search_term_string"}}],"inLanguage":"fr-BE"},{"@type":"Organization","@id":"https:\/\/vieassociative.be\/actualites\/#organization","name":"Vie Associative","url":"https:\/\/vieassociative.be\/actualites\/","logo":{"@type":"ImageObject","inLanguage":"fr-BE","@id":"https:\/\/vieassociative.be\/actualites\/#\/schema\/logo\/image\/","url":"https:\/\/vieassociative.be\/actualites\/wp-content\/uploads\/2024\/09\/cropped-vieassociative_favicon.ico.png","contentUrl":"https:\/\/vieassociative.be\/actualites\/wp-content\/uploads\/2024\/09\/cropped-vieassociative_favicon.ico.png","width":512,"height":512,"caption":"Vie Associative"},"image":{"@id":"https:\/\/vieassociative.be\/actualites\/#\/schema\/logo\/image\/"}},{"@type":"Person","@id":"https:\/\/vieassociative.be\/actualites\/#\/schema\/person\/b87ac4f82f9d4e7b7cec7395b679edc4","name":"Julien","image":{"@type":"ImageObject","inLanguage":"fr-BE","@id":"https:\/\/vieassociative.be\/actualites\/#\/schema\/person\/image\/","url":"https:\/\/vieassociative.be\/actualites\/wp-content\/uploads\/2024\/09\/vie-associative-1-150x150.jpg","contentUrl":"https:\/\/vieassociative.be\/actualites\/wp-content\/uploads\/2024\/09\/vie-associative-1-150x150.jpg","caption":"Julien"},"description":"Je suis Julien, r\u00e9dacteur pour Vie Associative. Passionn\u00e9 par le monde associatif depuis plus de 10 ans, j'ai \u00e0 c\u0153ur de partager des histoires inspirantes et de mettre en lumi\u00e8re les initiatives locales. Mon objectif est de sensibiliser et d'encourager l'engagement communautaire \u00e0 travers mes articles.","sameAs":["https:\/\/vieassociative.be\/"]}]}},"_links":{"self":[{"href":"https:\/\/vieassociative.be\/actualites\/wp-json\/wp\/v2\/posts\/8583"}],"collection":[{"href":"https:\/\/vieassociative.be\/actualites\/wp-json\/wp\/v2\/posts"}],"about":[{"href":"https:\/\/vieassociative.be\/actualites\/wp-json\/wp\/v2\/types\/post"}],"author":[{"embeddable":true,"href":"https:\/\/vieassociative.be\/actualites\/wp-json\/wp\/v2\/users\/1"}],"replies":[{"embeddable":true,"href":"https:\/\/vieassociative.be\/actualites\/wp-json\/wp\/v2\/comments?post=8583"}],"version-history":[{"count":0,"href":"https:\/\/vieassociative.be\/actualites\/wp-json\/wp\/v2\/posts\/8583\/revisions"}],"wp:featuredmedia":[{"embeddable":true,"href":"https:\/\/vieassociative.be\/actualites\/wp-json\/wp\/v2\/media\/8584"}],"wp:attachment":[{"href":"https:\/\/vieassociative.be\/actualites\/wp-json\/wp\/v2\/media?parent=8583"}],"wp:term":[{"taxonomy":"category","embeddable":true,"href":"https:\/\/vieassociative.be\/actualites\/wp-json\/wp\/v2\/categories?post=8583"},{"taxonomy":"post_tag","embeddable":true,"href":"https:\/\/vieassociative.be\/actualites\/wp-json\/wp\/v2\/tags?post=8583"}],"curies":[{"name":"wp","href":"https:\/\/api.w.org\/{rel}","templated":true}]}}