{"id":8581,"date":"2025-07-07T15:17:32","date_gmt":"2025-07-07T13:17:32","guid":{"rendered":"https:\/\/vieassociative.be\/actualites\/cette-camera-de-securite-de-lanneau-a-trois-pack-est-de-150-en-ce-moment\/"},"modified":"2025-07-07T15:17:32","modified_gmt":"2025-07-07T13:17:32","slug":"cette-camera-de-securite-de-lanneau-a-trois-pack-est-de-150-en-ce-moment","status":"publish","type":"post","link":"https:\/\/vieassociative.be\/actualites\/cette-camera-de-securite-de-lanneau-a-trois-pack-est-de-150-en-ce-moment\/","title":{"rendered":"Cette cam\u00e9ra de s\u00e9curit\u00e9 de l&rsquo;anneau \u00e0 trois pack est de 150 $ en ce moment"},"content":{"rendered":"<div class=\"mt-4 leading-6 md:mb-8\">Ce pack 3-Pack propuls\u00e9 \u00e0 l&rsquo;int\u00e9rieur ou \u00e0 l&rsquo;ext\u00e9rieur, propose une vid\u00e9o nette 1080p et joue bien avec Alexa.<\/div>\n<p><\/p>\n<p>Si vous essayez de garder un \u0153il sur votre maison sans faire passer des fils \u00e0 travers vos murs, ce pack de 3 pack de cammes de b\u00e2ton aliment\u00e9 par batterie de Ring pourrait valoir un coup d&rsquo;\u0153il. Il est actuellement disponible pour 149,97 $ avant Prime Day, ce qui n&rsquo;est pas exactement un achat \u00e0 petit budget mais fait toujours tomber 70 $ sur le prix r\u00e9gulier. Et parce que ceux-ci sont aliment\u00e9s par batterie et r\u00e9sistants aux intemp\u00e9ries, ils sont \u00e9galement adapt\u00e9s aux \u00e9tag\u00e8res int\u00e9rieures ou aux patios en plein air. Vous pouvez facilement en monter un sur votre entr\u00e9e, incliner un autre vers le garage et laisser le troisi\u00e8me surveiller votre salon.<\/p>\n<div class=\"pogoClear mb-12 mt-10 rounded-md border-2 border-gray-100 py-7 shadow-xl md:py-6\">\n<div class=\"flex flex-wrap justify-between px-7 text-black no-underline md:flex-nowrap md:px-8\">\n<div class=\"order-1 mx-auto flex flex-col justify-center md:order-2 md:ml-4 md:w-full md:grow\">\n<div class=\"block cursor-pointer text-center font-akshar text-2xl font-medium leading-7 text-brand-green duration-200 ease-in-out hover:text-brand-green-700 md:text-left md:text-xl md:leading-6\">Batterie de came \u00e0 cale de bague | Cam\u00e9ra ext\u00e9rieure r\u00e9sistante aux intemp\u00e9ries, vue en direct, vision nocturne de couleur, conversation bidirectionnelle, alertes de mouvement, travaille avec Alexa | 3 pack | Blanc\n                <\/div>\n<div class=\"mt-4 hidden md:flex md:justify-between\">\n<div class=\"self-end\">\n<div class=\"mb-0 h-11 md:flex md:flex-col md:justify-center\">\n<div class=\" font-sans leading-4 text-black\">\n<div class=\"flex flex-wrap items-center justify-center gap-x-1 md:justify-start\">\n        <span class=\"font-bold\"><\/p>\n<p>            149,97 $<br \/>\n                            <span class=\"font-medium\">\u00e0 Amazon<\/span><br \/>\n                    <\/span><br \/>\n                    <img decoding=\"async\" class=\"mt-0 h-(15px)\" src=\"https:\/\/vieassociative.be\/actualites\/wp-content\/uploads\/2025\/07\/Cette-camera-de-securite-de-lanneau-a-trois-pack-est.svg.svg+xml\" title=\"Amazon Prime\" alt=\"Amazon Prime\">\n            <\/div>\n<div class=\"flex items-center justify-center gap-x-1 font-bold md:justify-start\">\n            <span class=\"text-sm line-through\">219,99 $<\/span><br \/>\n            <span class=\"text-sm text-brand-green\">\u00c9conomisez 70,02 $<\/span>\n        <\/div>\n<\/p><\/div>\n<\/p><\/div>\n<\/p><\/div>\n<div class=\"w-44 self-end\">\n                            <button class=\"flex justify-center items-center w-full bg-brand-green text-white text-base font-sans font-medium rounded-md hover:bg-brand-green-700 hover:cursor-pointer md:text-sm h-11\"><\/p>\n<p>    Conclure un accord<br \/>\n<\/button>\n                        <\/div>\n<\/p><\/div>\n<\/p><\/div>\n<div class=\"order-2 mt-5 h-auto w-full md:order-1 md:mt-0 md:hidden\">\n<div class=\"flex aspect-video items-center justify-center\">\n                                            <img decoding=\"async\" class=\"m-0 max-h-full max-w-full rounded-md\" src=\"https:\/\/vieassociative.be\/actualites\/wp-content\/uploads\/2025\/07\/Cette-camera-de-securite-de-lanneau-a-trois-pack-est.jpg\" alt=\"Batterie de came \u00e0 cale de bague | Cam\u00e9ra ext\u00e9rieure r\u00e9sistante aux intemp\u00e9ries, vue en direct, vision nocturne de couleur, conversation bidirectionnelle, alertes de mouvement, travaille avec Alexa | 3 pack | Blanc\" width=\"auto\" height=\"auto\" loading=\"lazy\">\n                                    <\/div>\n<\/p><\/div>\n<div class=\"order-2 ml-2 hidden w-32 shrink-0 items-center md:order-1 md:ml-0 md:flex\">\n<div class=\"flex aspect-video items-center justify-center\">\n                                            <img decoding=\"async\" class=\"m-0 max-h-full max-w-full rounded-md\" src=\"https:\/\/vieassociative.be\/actualites\/wp-content\/uploads\/2025\/07\/Cette-camera-de-securite-de-lanneau-a-trois-pack-est.jpg\" alt=\"Batterie de came \u00e0 cale de bague | Cam\u00e9ra ext\u00e9rieure r\u00e9sistante aux intemp\u00e9ries, vue en direct, vision nocturne de couleur, conversation bidirectionnelle, alertes de mouvement, travaille avec Alexa | 3 pack | Blanc\" width=\"auto\" height=\"auto\" loading=\"lazy\">\n                                    <\/div>\n<\/p><\/div>\n<div class=\"order-3 flex grow flex-wrap md:hidden md:grow-0\">\n<div class=\"mt-4 w-full\">\n                        <button class=\"flex justify-center items-center w-full bg-brand-green text-white text-base font-sans font-medium rounded-md hover:bg-brand-green-700 hover:cursor-pointer md:text-sm h-11\"><\/p>\n<p>    Conclure un accord<br \/>\n<\/button>\n                    <\/div>\n<div class=\"mx-2 mt-4 w-full\">\n<div class=\" font-sans leading-4 text-black\">\n<div class=\"flex flex-wrap items-center justify-center gap-x-1 md:justify-start\">\n        <span class=\"font-bold\"><\/p>\n<p>            149,97 $<br \/>\n                            <span class=\"font-medium\">\u00e0 Amazon<\/span><br \/>\n                    <\/span><br \/>\n                    <img decoding=\"async\" class=\"mt-0 h-(15px)\" src=\"https:\/\/vieassociative.be\/actualites\/wp-content\/uploads\/2025\/07\/Cette-camera-de-securite-de-lanneau-a-trois-pack-est.svg.svg+xml\" title=\"Amazon Prime\" alt=\"Amazon Prime\">\n            <\/div>\n<div class=\"flex items-center justify-center gap-x-1 font-bold md:justify-start\">\n            <span class=\"text-sm line-through\">219,99 $<\/span><br \/>\n            <span class=\"text-sm text-brand-green\">\u00c9conomisez 70,02 $<\/span>\n        <\/div>\n<\/p><\/div>\n<\/p><\/div>\n<\/p><\/div>\n<\/p><\/div>\n<\/div>\n<p>La vid\u00e9o est nette \u00e0 1080p et la d\u00e9tection de mouvement est rapide \u00e0 r\u00e9pondre, selon cette revue PCMAG. Vous obtiendrez des notifications instantan\u00e9es lorsque quelque chose bouge, plus l&rsquo;acc\u00e8s \u00e0 l&rsquo;audio bidirectionnel pour s&rsquo;enregistrer ou parler. La vision nocturne entre en jeu automatiquement et montre une vue d\u00e9cente jusqu&rsquo;\u00e0 environ 30 pieds. Vous pouvez \u00e9galement d\u00e9finir des zones de mouvement et des alertes de r\u00e9p\u00e9tition si n\u00e9cessaire. Ces cam\u00e9ras ne sont pas panoramiques ou inclin\u00e9es seules, mais le champ de vision \u00e0 130 degr\u00e9s vous donne un look suffisamment large pour la plupart des configurations de maison. L&rsquo;application vous permet \u00e9galement de contr\u00f4ler les param\u00e8tres, de surveiller les niveaux de batterie et de vous int\u00e9grer \u00e0 Alexa ou IFTTT, afin que vous puissiez le lier avec d&rsquo;autres appareils intelligents comme des lumi\u00e8res ou des verrous.<\/p>\n<div class=\"pogoClear relative my-10 border-b-(1.5px) border-t-(1.5px) border-dashed border-black py-5 sm:my-14 sm:border-0 sm:py-0\" data-ga-click data-ga-template=\"Deals\" data-ga-module=\"openweb_widget\" data-ga-element=\"openweb_scroll\" data-ga-item=\"openweb_scroll_midpage\" x-data=\"{\n         commentsCount: null,\n         hasComments: false,\n         async fetchCommentsCount() {\n             try {\n                 if (window.openweb &amp;&amp; typeof window.openweb.getMessagesCount === 'function') {\n                     this.commentsCount = await window.openweb.getMessagesCount('01JZHYJG6K3AE0065GJBYR34H9');\n                     this.hasComments = this.commentsCount !== null &amp;&amp; this.commentsCount &gt; 0;\n                 }\n             } catch (e) {\n                 console.warn('Failed to fetch comment count:', e);\n             }\n         }\n     }\" x-init=\"fetchCommentsCount()\" x-cloak><\/p>\n<div class=\"absolute top-1\/2 hidden w-full -translate-y-1\/2 border-t-(1.5px) border-dashed border-black sm:block\"><\/div>\n<div class=\"relative flex justify-center\">\n<div class=\"flex max-w-fit items-center gap-x-3 bg-white px-5\">\n<div class=\"relative\">\n                <span class=\"absolute left-1\/2 top-1\/2 -translate-x-1\/2 -translate-y-1\/2 font-akshar text-sm font-medium text-black\" aria-live=\"polite\" x-show=\"hasComments\" x-text=\"commentsCount\"><\/span><\/p>\n<p>                <svg class=\"h-8 w-8 text-black\" role=\"img\" aria-hidden=\"true\">\n                    <use href=\"http:\/\/lifehacker.com\/images\/icons\/spritemap.svg#sprite-chat-bubble\"><\/use>\n                <\/svg>\n            <\/div>\n<p>            <span class=\"text-sm font-medium text-black\"><\/p>\n<p>                Que pensez-vous jusqu&rsquo;\u00e0 pr\u00e9sent?<br \/>\n                <button class=\"ml-1 font-semibold text-brand-green underline hover:text-brand-green-700\" type=\"button\" aria-label=\"Comment section trigger\" onclick=\"window.openweb.scrollToComments('01JZHYJG6K3AE0065GJBYR34H9')\" x-text=\"hasComments ? 'Post a comment.' : 'Be the first to post a comment.'\"><\/button><br \/>\n            <\/span>\n        <\/div>\n<\/p><\/div>\n<\/div>\n<p>Cela dit, la plus grande prise ici est l&rsquo;abonnement Cloud. Sans cela, vous verrez toujours ce qui se passe en direct et obtenez des alertes de mouvement, mais rien n&rsquo;est sauv\u00e9. Le plan de base du ring est de 4,99 $ par mois ou 49,99 $ par an et prend en charge une cam\u00e9ra avec jusqu&rsquo;\u00e0 180 jours de s\u00e9quences \u00e9conomis\u00e9es. Le plan standard co\u00fbte 9,99 $ par mois ou 99,99 $ par an et couvre toutes vos cam\u00e9ras avec des avantages suppl\u00e9mentaires comme des r\u00e9sum\u00e9s en direct et des \u00e9v\u00e9nements quotidiens. Et pour ceux qui souhaitent des fonctionnalit\u00e9s d&rsquo;enregistrement et de recherche intelligentes 24 heures sur 24, le niveau premium co\u00fbte 19,99 $ par mois ou 199,99 $ par an. Cela vaut la peine de faire le calcul avant de sauter, mais pour les gens qui veulent une configuration de s\u00e9curit\u00e9 propre et polyvalente avec un minimum d&rsquo;agitation, ce kit v\u00e9rifie la plupart des cases.<\/p>\n","protected":false},"excerpt":{"rendered":"<p>Ce pack 3-Pack propuls\u00e9 \u00e0 l&rsquo;int\u00e9rieur ou \u00e0 l&rsquo;ext\u00e9rieur, propose une vid\u00e9o nette 1080p et joue bien avec Alexa. Si vous essayez de garder un<\/p>\n","protected":false},"author":1,"featured_media":8582,"comment_status":"","ping_status":"","sticky":false,"template":"","format":"standard","meta":{"footnotes":""},"categories":[13],"tags":[1487,206,76,7331,1429,7248,151,771],"class_list":["post-8581","post","type-post","status-publish","format-standard","has-post-thumbnail","hentry","category-technologie","tag-camera","tag-cette","tag-est","tag-lanneau","tag-moment","tag-pack","tag-securite","tag-trois","generate-columns","tablet-grid-50","mobile-grid-100","grid-parent","grid-33"],"yoast_head":"<!-- This site is optimized with the Yoast SEO plugin v24.0 - https:\/\/yoast.com\/wordpress\/plugins\/seo\/ -->\n<title>Cette cam\u00e9ra de s\u00e9curit\u00e9 de l&#039;anneau \u00e0 trois pack est de 150 $ en ce moment | Vie Associative<\/title>\n<meta name=\"robots\" content=\"index, follow, max-snippet:-1, max-image-preview:large, max-video-preview:-1\" \/>\n<link rel=\"canonical\" href=\"https:\/\/vieassociative.be\/actualites\/cette-camera-de-securite-de-lanneau-a-trois-pack-est-de-150-en-ce-moment\/\" \/>\n<meta property=\"og:locale\" content=\"fr_FR\" \/>\n<meta property=\"og:type\" content=\"article\" \/>\n<meta property=\"og:title\" content=\"Cette cam\u00e9ra de s\u00e9curit\u00e9 de l&#039;anneau \u00e0 trois pack est de 150 $ en ce moment | Vie Associative\" \/>\n<meta property=\"og:description\" content=\"Ce pack 3-Pack propuls\u00e9 \u00e0 l&rsquo;int\u00e9rieur ou \u00e0 l&rsquo;ext\u00e9rieur, propose une vid\u00e9o nette 1080p et joue bien avec Alexa. Si vous essayez de garder un\" \/>\n<meta property=\"og:url\" content=\"https:\/\/vieassociative.be\/actualites\/cette-camera-de-securite-de-lanneau-a-trois-pack-est-de-150-en-ce-moment\/\" \/>\n<meta property=\"og:site_name\" content=\"Vie Associative\" \/>\n<meta property=\"article:published_time\" content=\"2025-07-07T13:17:32+00:00\" \/>\n<meta property=\"og:image\" content=\"https:\/\/vieassociative.be\/actualites\/wp-content\/uploads\/2025\/07\/Cette-camera-de-securite-de-lanneau-a-trois-pack-est.svg.svg+xml\" \/>\n<meta name=\"author\" content=\"Julien\" \/>\n<meta name=\"twitter:card\" content=\"summary_large_image\" \/>\n<meta name=\"twitter:label1\" content=\"\u00c9crit par\" \/>\n\t<meta name=\"twitter:data1\" content=\"Julien\" \/>\n\t<meta name=\"twitter:label2\" content=\"Dur\u00e9e de lecture est.\" \/>\n\t<meta name=\"twitter:data2\" content=\"2 minutes\" \/>\n<script type=\"application\/ld+json\" class=\"yoast-schema-graph\">{\"@context\":\"https:\/\/schema.org\",\"@graph\":[{\"@type\":\"Article\",\"@id\":\"https:\/\/vieassociative.be\/actualites\/cette-camera-de-securite-de-lanneau-a-trois-pack-est-de-150-en-ce-moment\/#article\",\"isPartOf\":{\"@id\":\"https:\/\/vieassociative.be\/actualites\/cette-camera-de-securite-de-lanneau-a-trois-pack-est-de-150-en-ce-moment\/\"},\"author\":{\"name\":\"Julien\",\"@id\":\"https:\/\/vieassociative.be\/actualites\/#\/schema\/person\/b87ac4f82f9d4e7b7cec7395b679edc4\"},\"headline\":\"Cette cam\u00e9ra de s\u00e9curit\u00e9 de l&rsquo;anneau \u00e0 trois pack est de 150 $ en ce moment\",\"datePublished\":\"2025-07-07T13:17:32+00:00\",\"dateModified\":\"2025-07-07T13:17:32+00:00\",\"mainEntityOfPage\":{\"@id\":\"https:\/\/vieassociative.be\/actualites\/cette-camera-de-securite-de-lanneau-a-trois-pack-est-de-150-en-ce-moment\/\"},\"wordCount\":514,\"publisher\":{\"@id\":\"https:\/\/vieassociative.be\/actualites\/#organization\"},\"image\":{\"@id\":\"https:\/\/vieassociative.be\/actualites\/cette-camera-de-securite-de-lanneau-a-trois-pack-est-de-150-en-ce-moment\/#primaryimage\"},\"thumbnailUrl\":\"https:\/\/vieassociative.be\/actualites\/wp-content\/uploads\/2025\/07\/Cette-camera-de-securite-de-lanneau-a-trois-pack-est.png\",\"keywords\":[\"cam\u00e9ra\",\"cette\",\"est\",\"lanneau\",\"moment\",\"pack\",\"s\u00e9curit\u00e9\",\"trois\"],\"articleSection\":[\"Technologie\"],\"inLanguage\":\"fr-BE\"},{\"@type\":\"WebPage\",\"@id\":\"https:\/\/vieassociative.be\/actualites\/cette-camera-de-securite-de-lanneau-a-trois-pack-est-de-150-en-ce-moment\/\",\"url\":\"https:\/\/vieassociative.be\/actualites\/cette-camera-de-securite-de-lanneau-a-trois-pack-est-de-150-en-ce-moment\/\",\"name\":\"Cette cam\u00e9ra de s\u00e9curit\u00e9 de l'anneau \u00e0 trois pack est de 150 $ en ce moment | Vie Associative\",\"isPartOf\":{\"@id\":\"https:\/\/vieassociative.be\/actualites\/#website\"},\"primaryImageOfPage\":{\"@id\":\"https:\/\/vieassociative.be\/actualites\/cette-camera-de-securite-de-lanneau-a-trois-pack-est-de-150-en-ce-moment\/#primaryimage\"},\"image\":{\"@id\":\"https:\/\/vieassociative.be\/actualites\/cette-camera-de-securite-de-lanneau-a-trois-pack-est-de-150-en-ce-moment\/#primaryimage\"},\"thumbnailUrl\":\"https:\/\/vieassociative.be\/actualites\/wp-content\/uploads\/2025\/07\/Cette-camera-de-securite-de-lanneau-a-trois-pack-est.png\",\"datePublished\":\"2025-07-07T13:17:32+00:00\",\"dateModified\":\"2025-07-07T13:17:32+00:00\",\"breadcrumb\":{\"@id\":\"https:\/\/vieassociative.be\/actualites\/cette-camera-de-securite-de-lanneau-a-trois-pack-est-de-150-en-ce-moment\/#breadcrumb\"},\"inLanguage\":\"fr-BE\",\"potentialAction\":[{\"@type\":\"ReadAction\",\"target\":[\"https:\/\/vieassociative.be\/actualites\/cette-camera-de-securite-de-lanneau-a-trois-pack-est-de-150-en-ce-moment\/\"]}]},{\"@type\":\"ImageObject\",\"inLanguage\":\"fr-BE\",\"@id\":\"https:\/\/vieassociative.be\/actualites\/cette-camera-de-securite-de-lanneau-a-trois-pack-est-de-150-en-ce-moment\/#primaryimage\",\"url\":\"https:\/\/vieassociative.be\/actualites\/wp-content\/uploads\/2025\/07\/Cette-camera-de-securite-de-lanneau-a-trois-pack-est.png\",\"contentUrl\":\"https:\/\/vieassociative.be\/actualites\/wp-content\/uploads\/2025\/07\/Cette-camera-de-securite-de-lanneau-a-trois-pack-est.png\",\"width\":1200,\"height\":675,\"caption\":\"Cette cam\u00e9ra de s\u00e9curit\u00e9 de l'anneau \u00e0 trois pack est de 150 $ en ce moment\"},{\"@type\":\"BreadcrumbList\",\"@id\":\"https:\/\/vieassociative.be\/actualites\/cette-camera-de-securite-de-lanneau-a-trois-pack-est-de-150-en-ce-moment\/#breadcrumb\",\"itemListElement\":[{\"@type\":\"ListItem\",\"position\":1,\"name\":\"Accueil\",\"item\":\"https:\/\/vieassociative.be\/actualites\/\"},{\"@type\":\"ListItem\",\"position\":2,\"name\":\"Cette cam\u00e9ra de s\u00e9curit\u00e9 de l&rsquo;anneau \u00e0 trois pack est de 150 $ en ce moment\"}]},{\"@type\":\"WebSite\",\"@id\":\"https:\/\/vieassociative.be\/actualites\/#website\",\"url\":\"https:\/\/vieassociative.be\/actualites\/\",\"name\":\"Vie Associative\",\"description\":\"\",\"publisher\":{\"@id\":\"https:\/\/vieassociative.be\/actualites\/#organization\"},\"potentialAction\":[{\"@type\":\"SearchAction\",\"target\":{\"@type\":\"EntryPoint\",\"urlTemplate\":\"https:\/\/vieassociative.be\/actualites\/?s={search_term_string}\"},\"query-input\":{\"@type\":\"PropertyValueSpecification\",\"valueRequired\":true,\"valueName\":\"search_term_string\"}}],\"inLanguage\":\"fr-BE\"},{\"@type\":\"Organization\",\"@id\":\"https:\/\/vieassociative.be\/actualites\/#organization\",\"name\":\"Vie Associative\",\"url\":\"https:\/\/vieassociative.be\/actualites\/\",\"logo\":{\"@type\":\"ImageObject\",\"inLanguage\":\"fr-BE\",\"@id\":\"https:\/\/vieassociative.be\/actualites\/#\/schema\/logo\/image\/\",\"url\":\"https:\/\/vieassociative.be\/actualites\/wp-content\/uploads\/2024\/09\/cropped-vieassociative_favicon.ico.png\",\"contentUrl\":\"https:\/\/vieassociative.be\/actualites\/wp-content\/uploads\/2024\/09\/cropped-vieassociative_favicon.ico.png\",\"width\":512,\"height\":512,\"caption\":\"Vie Associative\"},\"image\":{\"@id\":\"https:\/\/vieassociative.be\/actualites\/#\/schema\/logo\/image\/\"}},{\"@type\":\"Person\",\"@id\":\"https:\/\/vieassociative.be\/actualites\/#\/schema\/person\/b87ac4f82f9d4e7b7cec7395b679edc4\",\"name\":\"Julien\",\"image\":{\"@type\":\"ImageObject\",\"inLanguage\":\"fr-BE\",\"@id\":\"https:\/\/vieassociative.be\/actualites\/#\/schema\/person\/image\/\",\"url\":\"https:\/\/vieassociative.be\/actualites\/wp-content\/uploads\/2024\/09\/vie-associative-1-150x150.jpg\",\"contentUrl\":\"https:\/\/vieassociative.be\/actualites\/wp-content\/uploads\/2024\/09\/vie-associative-1-150x150.jpg\",\"caption\":\"Julien\"},\"description\":\"Je suis Julien, r\u00e9dacteur pour Vie Associative. Passionn\u00e9 par le monde associatif depuis plus de 10 ans, j'ai \u00e0 c\u0153ur de partager des histoires inspirantes et de mettre en lumi\u00e8re les initiatives locales. Mon objectif est de sensibiliser et d'encourager l'engagement communautaire \u00e0 travers mes articles.\",\"sameAs\":[\"https:\/\/vieassociative.be\/\"]}]}<\/script>\n<!-- \/ Yoast SEO plugin. -->","yoast_head_json":{"title":"Cette cam\u00e9ra de s\u00e9curit\u00e9 de l'anneau \u00e0 trois pack est de 150 $ en ce moment | Vie Associative","robots":{"index":"index","follow":"follow","max-snippet":"max-snippet:-1","max-image-preview":"max-image-preview:large","max-video-preview":"max-video-preview:-1"},"canonical":"https:\/\/vieassociative.be\/actualites\/cette-camera-de-securite-de-lanneau-a-trois-pack-est-de-150-en-ce-moment\/","og_locale":"fr_FR","og_type":"article","og_title":"Cette cam\u00e9ra de s\u00e9curit\u00e9 de l'anneau \u00e0 trois pack est de 150 $ en ce moment | Vie Associative","og_description":"Ce pack 3-Pack propuls\u00e9 \u00e0 l&rsquo;int\u00e9rieur ou \u00e0 l&rsquo;ext\u00e9rieur, propose une vid\u00e9o nette 1080p et joue bien avec Alexa. Si vous essayez de garder un","og_url":"https:\/\/vieassociative.be\/actualites\/cette-camera-de-securite-de-lanneau-a-trois-pack-est-de-150-en-ce-moment\/","og_site_name":"Vie Associative","article_published_time":"2025-07-07T13:17:32+00:00","og_image":[{"url":"https:\/\/vieassociative.be\/actualites\/wp-content\/uploads\/2025\/07\/Cette-camera-de-securite-de-lanneau-a-trois-pack-est.svg.svg+xml","type":"","width":"","height":""}],"author":"Julien","twitter_card":"summary_large_image","twitter_misc":{"\u00c9crit par":"Julien","Dur\u00e9e de lecture est.":"2 minutes"},"schema":{"@context":"https:\/\/schema.org","@graph":[{"@type":"Article","@id":"https:\/\/vieassociative.be\/actualites\/cette-camera-de-securite-de-lanneau-a-trois-pack-est-de-150-en-ce-moment\/#article","isPartOf":{"@id":"https:\/\/vieassociative.be\/actualites\/cette-camera-de-securite-de-lanneau-a-trois-pack-est-de-150-en-ce-moment\/"},"author":{"name":"Julien","@id":"https:\/\/vieassociative.be\/actualites\/#\/schema\/person\/b87ac4f82f9d4e7b7cec7395b679edc4"},"headline":"Cette cam\u00e9ra de s\u00e9curit\u00e9 de l&rsquo;anneau \u00e0 trois pack est de 150 $ en ce moment","datePublished":"2025-07-07T13:17:32+00:00","dateModified":"2025-07-07T13:17:32+00:00","mainEntityOfPage":{"@id":"https:\/\/vieassociative.be\/actualites\/cette-camera-de-securite-de-lanneau-a-trois-pack-est-de-150-en-ce-moment\/"},"wordCount":514,"publisher":{"@id":"https:\/\/vieassociative.be\/actualites\/#organization"},"image":{"@id":"https:\/\/vieassociative.be\/actualites\/cette-camera-de-securite-de-lanneau-a-trois-pack-est-de-150-en-ce-moment\/#primaryimage"},"thumbnailUrl":"https:\/\/vieassociative.be\/actualites\/wp-content\/uploads\/2025\/07\/Cette-camera-de-securite-de-lanneau-a-trois-pack-est.png","keywords":["cam\u00e9ra","cette","est","lanneau","moment","pack","s\u00e9curit\u00e9","trois"],"articleSection":["Technologie"],"inLanguage":"fr-BE"},{"@type":"WebPage","@id":"https:\/\/vieassociative.be\/actualites\/cette-camera-de-securite-de-lanneau-a-trois-pack-est-de-150-en-ce-moment\/","url":"https:\/\/vieassociative.be\/actualites\/cette-camera-de-securite-de-lanneau-a-trois-pack-est-de-150-en-ce-moment\/","name":"Cette cam\u00e9ra de s\u00e9curit\u00e9 de l'anneau \u00e0 trois pack est de 150 $ en ce moment | Vie Associative","isPartOf":{"@id":"https:\/\/vieassociative.be\/actualites\/#website"},"primaryImageOfPage":{"@id":"https:\/\/vieassociative.be\/actualites\/cette-camera-de-securite-de-lanneau-a-trois-pack-est-de-150-en-ce-moment\/#primaryimage"},"image":{"@id":"https:\/\/vieassociative.be\/actualites\/cette-camera-de-securite-de-lanneau-a-trois-pack-est-de-150-en-ce-moment\/#primaryimage"},"thumbnailUrl":"https:\/\/vieassociative.be\/actualites\/wp-content\/uploads\/2025\/07\/Cette-camera-de-securite-de-lanneau-a-trois-pack-est.png","datePublished":"2025-07-07T13:17:32+00:00","dateModified":"2025-07-07T13:17:32+00:00","breadcrumb":{"@id":"https:\/\/vieassociative.be\/actualites\/cette-camera-de-securite-de-lanneau-a-trois-pack-est-de-150-en-ce-moment\/#breadcrumb"},"inLanguage":"fr-BE","potentialAction":[{"@type":"ReadAction","target":["https:\/\/vieassociative.be\/actualites\/cette-camera-de-securite-de-lanneau-a-trois-pack-est-de-150-en-ce-moment\/"]}]},{"@type":"ImageObject","inLanguage":"fr-BE","@id":"https:\/\/vieassociative.be\/actualites\/cette-camera-de-securite-de-lanneau-a-trois-pack-est-de-150-en-ce-moment\/#primaryimage","url":"https:\/\/vieassociative.be\/actualites\/wp-content\/uploads\/2025\/07\/Cette-camera-de-securite-de-lanneau-a-trois-pack-est.png","contentUrl":"https:\/\/vieassociative.be\/actualites\/wp-content\/uploads\/2025\/07\/Cette-camera-de-securite-de-lanneau-a-trois-pack-est.png","width":1200,"height":675,"caption":"Cette cam\u00e9ra de s\u00e9curit\u00e9 de l'anneau \u00e0 trois pack est de 150 $ en ce moment"},{"@type":"BreadcrumbList","@id":"https:\/\/vieassociative.be\/actualites\/cette-camera-de-securite-de-lanneau-a-trois-pack-est-de-150-en-ce-moment\/#breadcrumb","itemListElement":[{"@type":"ListItem","position":1,"name":"Accueil","item":"https:\/\/vieassociative.be\/actualites\/"},{"@type":"ListItem","position":2,"name":"Cette cam\u00e9ra de s\u00e9curit\u00e9 de l&rsquo;anneau \u00e0 trois pack est de 150 $ en ce moment"}]},{"@type":"WebSite","@id":"https:\/\/vieassociative.be\/actualites\/#website","url":"https:\/\/vieassociative.be\/actualites\/","name":"Vie Associative","description":"","publisher":{"@id":"https:\/\/vieassociative.be\/actualites\/#organization"},"potentialAction":[{"@type":"SearchAction","target":{"@type":"EntryPoint","urlTemplate":"https:\/\/vieassociative.be\/actualites\/?s={search_term_string}"},"query-input":{"@type":"PropertyValueSpecification","valueRequired":true,"valueName":"search_term_string"}}],"inLanguage":"fr-BE"},{"@type":"Organization","@id":"https:\/\/vieassociative.be\/actualites\/#organization","name":"Vie Associative","url":"https:\/\/vieassociative.be\/actualites\/","logo":{"@type":"ImageObject","inLanguage":"fr-BE","@id":"https:\/\/vieassociative.be\/actualites\/#\/schema\/logo\/image\/","url":"https:\/\/vieassociative.be\/actualites\/wp-content\/uploads\/2024\/09\/cropped-vieassociative_favicon.ico.png","contentUrl":"https:\/\/vieassociative.be\/actualites\/wp-content\/uploads\/2024\/09\/cropped-vieassociative_favicon.ico.png","width":512,"height":512,"caption":"Vie Associative"},"image":{"@id":"https:\/\/vieassociative.be\/actualites\/#\/schema\/logo\/image\/"}},{"@type":"Person","@id":"https:\/\/vieassociative.be\/actualites\/#\/schema\/person\/b87ac4f82f9d4e7b7cec7395b679edc4","name":"Julien","image":{"@type":"ImageObject","inLanguage":"fr-BE","@id":"https:\/\/vieassociative.be\/actualites\/#\/schema\/person\/image\/","url":"https:\/\/vieassociative.be\/actualites\/wp-content\/uploads\/2024\/09\/vie-associative-1-150x150.jpg","contentUrl":"https:\/\/vieassociative.be\/actualites\/wp-content\/uploads\/2024\/09\/vie-associative-1-150x150.jpg","caption":"Julien"},"description":"Je suis Julien, r\u00e9dacteur pour Vie Associative. Passionn\u00e9 par le monde associatif depuis plus de 10 ans, j'ai \u00e0 c\u0153ur de partager des histoires inspirantes et de mettre en lumi\u00e8re les initiatives locales. Mon objectif est de sensibiliser et d'encourager l'engagement communautaire \u00e0 travers mes articles.","sameAs":["https:\/\/vieassociative.be\/"]}]}},"_links":{"self":[{"href":"https:\/\/vieassociative.be\/actualites\/wp-json\/wp\/v2\/posts\/8581"}],"collection":[{"href":"https:\/\/vieassociative.be\/actualites\/wp-json\/wp\/v2\/posts"}],"about":[{"href":"https:\/\/vieassociative.be\/actualites\/wp-json\/wp\/v2\/types\/post"}],"author":[{"embeddable":true,"href":"https:\/\/vieassociative.be\/actualites\/wp-json\/wp\/v2\/users\/1"}],"replies":[{"embeddable":true,"href":"https:\/\/vieassociative.be\/actualites\/wp-json\/wp\/v2\/comments?post=8581"}],"version-history":[{"count":0,"href":"https:\/\/vieassociative.be\/actualites\/wp-json\/wp\/v2\/posts\/8581\/revisions"}],"wp:featuredmedia":[{"embeddable":true,"href":"https:\/\/vieassociative.be\/actualites\/wp-json\/wp\/v2\/media\/8582"}],"wp:attachment":[{"href":"https:\/\/vieassociative.be\/actualites\/wp-json\/wp\/v2\/media?parent=8581"}],"wp:term":[{"taxonomy":"category","embeddable":true,"href":"https:\/\/vieassociative.be\/actualites\/wp-json\/wp\/v2\/categories?post=8581"},{"taxonomy":"post_tag","embeddable":true,"href":"https:\/\/vieassociative.be\/actualites\/wp-json\/wp\/v2\/tags?post=8581"}],"curies":[{"name":"wp","href":"https:\/\/api.w.org\/{rel}","templated":true}]}}