{"id":8578,"date":"2025-07-07T10:18:39","date_gmt":"2025-07-07T08:18:39","guid":{"rendered":"https:\/\/vieassociative.be\/actualites\/pas-delectricite-pas-de-climatisation-et-pas-de-toilettes-train-trip-bruxelles-london-dans-leurostar-un-cauchemar\/"},"modified":"2025-07-07T10:18:39","modified_gmt":"2025-07-07T08:18:39","slug":"pas-delectricite-pas-de-climatisation-et-pas-de-toilettes-train-trip-bruxelles-london-dans-leurostar-un-cauchemar","status":"publish","type":"post","link":"https:\/\/vieassociative.be\/actualites\/pas-delectricite-pas-de-climatisation-et-pas-de-toilettes-train-trip-bruxelles-london-dans-leurostar-un-cauchemar\/","title":{"rendered":"Pas d&rsquo;\u00e9lectricit\u00e9, pas de climatisation et pas de toilettes: Train Trip Bruxelles-London dans l&rsquo;Eurostar un cauchemar"},"content":{"rendered":"<p><strong>\u00ab\u00a0Pas d&rsquo;\u00e9lectricit\u00e9, pas de climatisation &#8230; Les toilettes ne fonctionnent pas\u00a0\u00bb: le voyage Eurostar entre Bruxelles et Londres est devenu un cauchemar pour des centaines de passagers dimanche.<\/strong><\/p>\n<p><span id=\"more-419447\"><\/span>Dimanche, un train Eurostar qui \u00e9tait cens\u00e9 relier Bruxelles \u00e0 Londres a \u00e9chou\u00e9 juste derri\u00e8re Lille. Le r\u00e9sultat: Des centaines de passagers qui \u00e9taient cens\u00e9s \u00eatre dans la capitale britannique le matin \u00e0 10 heures n&rsquo;\u00e9taient toujours pas arriv\u00e9s \u00e0 16 heures.<\/p>\n<div id=\"attachment_419458\" class=\"wp-caption alignleft\" style=\"max-width: 300px\"><img fetchpriority=\"high\" decoding=\"async\" class=\"wp-image-419458 size-medium\" src=\"https:\/\/vieassociative.be\/actualites\/wp-content\/uploads\/2025\/07\/Pas-delectricite-pas-de-climatisation-et-pas-de-toilettes-Train.jpg\" alt=\"\" width=\"300\" height=\"200\"><\/p>\n<p class=\"wp-caption-text\">31\/01\/2020, Belgique, Bruxelles: un passager se pr\u00e9pare \u00e0 la gare de Bruxelles-centraux pour prendre le train \u00ab\u00a0Eurostar\u00a0\u00bb de Bruxelles \u00e0 Londres. Photo: Zhang Cheng \/ Xinhua \/ DPA<\/p>\n<\/div>\n<p>\u00ab\u00a0En raison de probl\u00e8mes techniques, votre train est retard\u00e9\u00a0\u00bb, a d\u00e9clar\u00e9 Eurostar sur son site Web. Le probl\u00e8me \u00e9tait que les personnes qui \u00e9taient dans le train pertinent n&rsquo;ont re\u00e7u aucune information et se sont retrouv\u00e9es dans une situation difficile: \u00ab\u00a0Aucune \u00e9lectricit\u00e9, pas de climatisation &#8230; les toilettes ne fonctionnent pas et nous n&rsquo;avons pas eu d&rsquo;eau\u00a0\u00bb, a d\u00e9clar\u00e9 Laure, un passager, au journal quotidien \u00ab\u00a0Het Laatte Nieuws\u00a0\u00bb. Elle regrette \u00e9galement le manque d&rsquo;informations de la part du personnel.<\/p>\n<p>Les passagers ont d\u00fb attendre plusieurs heures dans le train. Dans l&rsquo;apr\u00e8s-midi, ils ont finalement re\u00e7u la permission de quitter le train. Tant de passagers pourraient au moins attendre dans l&rsquo;air frais. Heureusement, il y avait un groupe dans le train qui a provoqu\u00e9 des divertissements avec leurs guitares \u00e0 l&rsquo;ext\u00e9rieur. Mais un autre train ne devrait arriver que vers 16 heures. Pendant tout ce temps, les passagers ont fonctionn\u00e9 du mieux que possible. Certains ont partag\u00e9 leur frustration sur les r\u00e9seaux sociaux. (Cre)<\/p>\n","protected":false},"excerpt":{"rendered":"<p>\u00ab\u00a0Pas d&rsquo;\u00e9lectricit\u00e9, pas de climatisation &#8230; Les toilettes ne fonctionnent pas\u00a0\u00bb: le voyage Eurostar entre Bruxelles et Londres est devenu un cauchemar pour des centaines<\/p>\n","protected":false},"author":1,"featured_media":8579,"comment_status":"","ping_status":"","sticky":false,"template":"","format":"standard","meta":{"footnotes":""},"categories":[298],"tags":[7648,7650,7645,166,7644,7649,126,7646,3026,7647],"class_list":["post-8578","post","type-post","status-publish","format-standard","has-post-thumbnail","hentry","category-belgique","tag-bruxelleslondon","tag-cauchemar","tag-climatisation","tag-dans","tag-delectricite","tag-leurostar","tag-pas","tag-toilettes","tag-train","tag-trip","generate-columns","tablet-grid-50","mobile-grid-100","grid-parent","grid-33"],"yoast_head":"<!-- This site is optimized with the Yoast SEO plugin v24.0 - https:\/\/yoast.com\/wordpress\/plugins\/seo\/ -->\n<title>Pas d&#039;\u00e9lectricit\u00e9, pas de climatisation et pas de toilettes: Train Trip Bruxelles-London dans l&#039;Eurostar un cauchemar | Vie Associative<\/title>\n<meta name=\"robots\" content=\"index, follow, max-snippet:-1, max-image-preview:large, max-video-preview:-1\" \/>\n<link rel=\"canonical\" href=\"https:\/\/vieassociative.be\/actualites\/pas-delectricite-pas-de-climatisation-et-pas-de-toilettes-train-trip-bruxelles-london-dans-leurostar-un-cauchemar\/\" \/>\n<meta property=\"og:locale\" content=\"fr_FR\" \/>\n<meta property=\"og:type\" content=\"article\" \/>\n<meta property=\"og:title\" content=\"Pas d&#039;\u00e9lectricit\u00e9, pas de climatisation et pas de toilettes: Train Trip Bruxelles-London dans l&#039;Eurostar un cauchemar | Vie Associative\" \/>\n<meta property=\"og:description\" content=\"\u00ab\u00a0Pas d&rsquo;\u00e9lectricit\u00e9, pas de climatisation &#8230; Les toilettes ne fonctionnent pas\u00a0\u00bb: le voyage Eurostar entre Bruxelles et Londres est devenu un cauchemar pour des centaines\" \/>\n<meta property=\"og:url\" content=\"https:\/\/vieassociative.be\/actualites\/pas-delectricite-pas-de-climatisation-et-pas-de-toilettes-train-trip-bruxelles-london-dans-leurostar-un-cauchemar\/\" \/>\n<meta property=\"og:site_name\" content=\"Vie Associative\" \/>\n<meta property=\"article:published_time\" content=\"2025-07-07T08:18:39+00:00\" \/>\n<meta property=\"og:image\" content=\"https:\/\/vieassociative.be\/actualites\/wp-content\/uploads\/2024\/09\/header_backgroundk-01-e1726694325946.png\" \/>\n\t<meta property=\"og:image:width\" content=\"279\" \/>\n\t<meta property=\"og:image:height\" content=\"92\" \/>\n\t<meta property=\"og:image:type\" content=\"image\/png\" \/>\n<meta name=\"author\" content=\"Julien\" \/>\n<meta name=\"twitter:card\" content=\"summary_large_image\" \/>\n<meta name=\"twitter:label1\" content=\"\u00c9crit par\" \/>\n\t<meta name=\"twitter:data1\" content=\"Julien\" \/>\n\t<meta name=\"twitter:label2\" content=\"Dur\u00e9e de lecture est.\" \/>\n\t<meta name=\"twitter:data2\" content=\"1 minute\" \/>\n<script type=\"application\/ld+json\" class=\"yoast-schema-graph\">{\"@context\":\"https:\/\/schema.org\",\"@graph\":[{\"@type\":\"Article\",\"@id\":\"https:\/\/vieassociative.be\/actualites\/pas-delectricite-pas-de-climatisation-et-pas-de-toilettes-train-trip-bruxelles-london-dans-leurostar-un-cauchemar\/#article\",\"isPartOf\":{\"@id\":\"https:\/\/vieassociative.be\/actualites\/pas-delectricite-pas-de-climatisation-et-pas-de-toilettes-train-trip-bruxelles-london-dans-leurostar-un-cauchemar\/\"},\"author\":{\"name\":\"Julien\",\"@id\":\"https:\/\/vieassociative.be\/actualites\/#\/schema\/person\/b87ac4f82f9d4e7b7cec7395b679edc4\"},\"headline\":\"Pas d&rsquo;\u00e9lectricit\u00e9, pas de climatisation et pas de toilettes: Train Trip Bruxelles-London dans l&rsquo;Eurostar un cauchemar\",\"datePublished\":\"2025-07-07T08:18:39+00:00\",\"dateModified\":\"2025-07-07T08:18:39+00:00\",\"mainEntityOfPage\":{\"@id\":\"https:\/\/vieassociative.be\/actualites\/pas-delectricite-pas-de-climatisation-et-pas-de-toilettes-train-trip-bruxelles-london-dans-leurostar-un-cauchemar\/\"},\"wordCount\":289,\"publisher\":{\"@id\":\"https:\/\/vieassociative.be\/actualites\/#organization\"},\"image\":{\"@id\":\"https:\/\/vieassociative.be\/actualites\/pas-delectricite-pas-de-climatisation-et-pas-de-toilettes-train-trip-bruxelles-london-dans-leurostar-un-cauchemar\/#primaryimage\"},\"thumbnailUrl\":\"https:\/\/vieassociative.be\/actualites\/wp-content\/uploads\/2025\/07\/1751876320_Pas-delectricite-pas-de-climatisation-et-pas-de-toilettes-Train.jpg\",\"keywords\":[\"BruxellesLondon\",\"cauchemar\",\"climatisation\",\"dans\",\"d\u00e9lectricit\u00e9\",\"lEurostar\",\"pas\",\"toilettes\",\"Train\",\"Trip\"],\"articleSection\":[\"Belgique\"],\"inLanguage\":\"fr-BE\"},{\"@type\":\"WebPage\",\"@id\":\"https:\/\/vieassociative.be\/actualites\/pas-delectricite-pas-de-climatisation-et-pas-de-toilettes-train-trip-bruxelles-london-dans-leurostar-un-cauchemar\/\",\"url\":\"https:\/\/vieassociative.be\/actualites\/pas-delectricite-pas-de-climatisation-et-pas-de-toilettes-train-trip-bruxelles-london-dans-leurostar-un-cauchemar\/\",\"name\":\"Pas d'\u00e9lectricit\u00e9, pas de climatisation et pas de toilettes: Train Trip Bruxelles-London dans l'Eurostar un cauchemar | Vie Associative\",\"isPartOf\":{\"@id\":\"https:\/\/vieassociative.be\/actualites\/#website\"},\"primaryImageOfPage\":{\"@id\":\"https:\/\/vieassociative.be\/actualites\/pas-delectricite-pas-de-climatisation-et-pas-de-toilettes-train-trip-bruxelles-london-dans-leurostar-un-cauchemar\/#primaryimage\"},\"image\":{\"@id\":\"https:\/\/vieassociative.be\/actualites\/pas-delectricite-pas-de-climatisation-et-pas-de-toilettes-train-trip-bruxelles-london-dans-leurostar-un-cauchemar\/#primaryimage\"},\"thumbnailUrl\":\"https:\/\/vieassociative.be\/actualites\/wp-content\/uploads\/2025\/07\/1751876320_Pas-delectricite-pas-de-climatisation-et-pas-de-toilettes-Train.jpg\",\"datePublished\":\"2025-07-07T08:18:39+00:00\",\"dateModified\":\"2025-07-07T08:18:39+00:00\",\"breadcrumb\":{\"@id\":\"https:\/\/vieassociative.be\/actualites\/pas-delectricite-pas-de-climatisation-et-pas-de-toilettes-train-trip-bruxelles-london-dans-leurostar-un-cauchemar\/#breadcrumb\"},\"inLanguage\":\"fr-BE\",\"potentialAction\":[{\"@type\":\"ReadAction\",\"target\":[\"https:\/\/vieassociative.be\/actualites\/pas-delectricite-pas-de-climatisation-et-pas-de-toilettes-train-trip-bruxelles-london-dans-leurostar-un-cauchemar\/\"]}]},{\"@type\":\"ImageObject\",\"inLanguage\":\"fr-BE\",\"@id\":\"https:\/\/vieassociative.be\/actualites\/pas-delectricite-pas-de-climatisation-et-pas-de-toilettes-train-trip-bruxelles-london-dans-leurostar-un-cauchemar\/#primaryimage\",\"url\":\"https:\/\/vieassociative.be\/actualites\/wp-content\/uploads\/2025\/07\/1751876320_Pas-delectricite-pas-de-climatisation-et-pas-de-toilettes-Train.jpg\",\"contentUrl\":\"https:\/\/vieassociative.be\/actualites\/wp-content\/uploads\/2025\/07\/1751876320_Pas-delectricite-pas-de-climatisation-et-pas-de-toilettes-Train.jpg\",\"width\":1200,\"height\":825,\"caption\":\"Pas d'\u00e9lectricit\u00e9, pas de climatisation et pas de toilettes: Train Trip Bruxelles-London dans l'Eurostar un cauchemar\"},{\"@type\":\"BreadcrumbList\",\"@id\":\"https:\/\/vieassociative.be\/actualites\/pas-delectricite-pas-de-climatisation-et-pas-de-toilettes-train-trip-bruxelles-london-dans-leurostar-un-cauchemar\/#breadcrumb\",\"itemListElement\":[{\"@type\":\"ListItem\",\"position\":1,\"name\":\"Accueil\",\"item\":\"https:\/\/vieassociative.be\/actualites\/\"},{\"@type\":\"ListItem\",\"position\":2,\"name\":\"Pas d&rsquo;\u00e9lectricit\u00e9, pas de climatisation et pas de toilettes: Train Trip Bruxelles-London dans l&rsquo;Eurostar un cauchemar\"}]},{\"@type\":\"WebSite\",\"@id\":\"https:\/\/vieassociative.be\/actualites\/#website\",\"url\":\"https:\/\/vieassociative.be\/actualites\/\",\"name\":\"Vie Associative\",\"description\":\"\",\"publisher\":{\"@id\":\"https:\/\/vieassociative.be\/actualites\/#organization\"},\"potentialAction\":[{\"@type\":\"SearchAction\",\"target\":{\"@type\":\"EntryPoint\",\"urlTemplate\":\"https:\/\/vieassociative.be\/actualites\/?s={search_term_string}\"},\"query-input\":{\"@type\":\"PropertyValueSpecification\",\"valueRequired\":true,\"valueName\":\"search_term_string\"}}],\"inLanguage\":\"fr-BE\"},{\"@type\":\"Organization\",\"@id\":\"https:\/\/vieassociative.be\/actualites\/#organization\",\"name\":\"Vie Associative\",\"url\":\"https:\/\/vieassociative.be\/actualites\/\",\"logo\":{\"@type\":\"ImageObject\",\"inLanguage\":\"fr-BE\",\"@id\":\"https:\/\/vieassociative.be\/actualites\/#\/schema\/logo\/image\/\",\"url\":\"https:\/\/vieassociative.be\/actualites\/wp-content\/uploads\/2024\/09\/cropped-vieassociative_favicon.ico.png\",\"contentUrl\":\"https:\/\/vieassociative.be\/actualites\/wp-content\/uploads\/2024\/09\/cropped-vieassociative_favicon.ico.png\",\"width\":512,\"height\":512,\"caption\":\"Vie Associative\"},\"image\":{\"@id\":\"https:\/\/vieassociative.be\/actualites\/#\/schema\/logo\/image\/\"}},{\"@type\":\"Person\",\"@id\":\"https:\/\/vieassociative.be\/actualites\/#\/schema\/person\/b87ac4f82f9d4e7b7cec7395b679edc4\",\"name\":\"Julien\",\"image\":{\"@type\":\"ImageObject\",\"inLanguage\":\"fr-BE\",\"@id\":\"https:\/\/vieassociative.be\/actualites\/#\/schema\/person\/image\/\",\"url\":\"https:\/\/vieassociative.be\/actualites\/wp-content\/uploads\/2024\/09\/vie-associative-1-150x150.jpg\",\"contentUrl\":\"https:\/\/vieassociative.be\/actualites\/wp-content\/uploads\/2024\/09\/vie-associative-1-150x150.jpg\",\"caption\":\"Julien\"},\"description\":\"Je suis Julien, r\u00e9dacteur pour Vie Associative. Passionn\u00e9 par le monde associatif depuis plus de 10 ans, j'ai \u00e0 c\u0153ur de partager des histoires inspirantes et de mettre en lumi\u00e8re les initiatives locales. Mon objectif est de sensibiliser et d'encourager l'engagement communautaire \u00e0 travers mes articles.\",\"sameAs\":[\"https:\/\/vieassociative.be\/\"]}]}<\/script>\n<!-- \/ Yoast SEO plugin. -->","yoast_head_json":{"title":"Pas d'\u00e9lectricit\u00e9, pas de climatisation et pas de toilettes: Train Trip Bruxelles-London dans l'Eurostar un cauchemar | Vie Associative","robots":{"index":"index","follow":"follow","max-snippet":"max-snippet:-1","max-image-preview":"max-image-preview:large","max-video-preview":"max-video-preview:-1"},"canonical":"https:\/\/vieassociative.be\/actualites\/pas-delectricite-pas-de-climatisation-et-pas-de-toilettes-train-trip-bruxelles-london-dans-leurostar-un-cauchemar\/","og_locale":"fr_FR","og_type":"article","og_title":"Pas d'\u00e9lectricit\u00e9, pas de climatisation et pas de toilettes: Train Trip Bruxelles-London dans l'Eurostar un cauchemar | Vie Associative","og_description":"\u00ab\u00a0Pas d&rsquo;\u00e9lectricit\u00e9, pas de climatisation &#8230; Les toilettes ne fonctionnent pas\u00a0\u00bb: le voyage Eurostar entre Bruxelles et Londres est devenu un cauchemar pour des centaines","og_url":"https:\/\/vieassociative.be\/actualites\/pas-delectricite-pas-de-climatisation-et-pas-de-toilettes-train-trip-bruxelles-london-dans-leurostar-un-cauchemar\/","og_site_name":"Vie Associative","article_published_time":"2025-07-07T08:18:39+00:00","og_image":[{"width":279,"height":92,"url":"https:\/\/vieassociative.be\/actualites\/wp-content\/uploads\/2024\/09\/header_backgroundk-01-e1726694325946.png","type":"image\/png"}],"author":"Julien","twitter_card":"summary_large_image","twitter_misc":{"\u00c9crit par":"Julien","Dur\u00e9e de lecture est.":"1 minute"},"schema":{"@context":"https:\/\/schema.org","@graph":[{"@type":"Article","@id":"https:\/\/vieassociative.be\/actualites\/pas-delectricite-pas-de-climatisation-et-pas-de-toilettes-train-trip-bruxelles-london-dans-leurostar-un-cauchemar\/#article","isPartOf":{"@id":"https:\/\/vieassociative.be\/actualites\/pas-delectricite-pas-de-climatisation-et-pas-de-toilettes-train-trip-bruxelles-london-dans-leurostar-un-cauchemar\/"},"author":{"name":"Julien","@id":"https:\/\/vieassociative.be\/actualites\/#\/schema\/person\/b87ac4f82f9d4e7b7cec7395b679edc4"},"headline":"Pas d&rsquo;\u00e9lectricit\u00e9, pas de climatisation et pas de toilettes: Train Trip Bruxelles-London dans l&rsquo;Eurostar un cauchemar","datePublished":"2025-07-07T08:18:39+00:00","dateModified":"2025-07-07T08:18:39+00:00","mainEntityOfPage":{"@id":"https:\/\/vieassociative.be\/actualites\/pas-delectricite-pas-de-climatisation-et-pas-de-toilettes-train-trip-bruxelles-london-dans-leurostar-un-cauchemar\/"},"wordCount":289,"publisher":{"@id":"https:\/\/vieassociative.be\/actualites\/#organization"},"image":{"@id":"https:\/\/vieassociative.be\/actualites\/pas-delectricite-pas-de-climatisation-et-pas-de-toilettes-train-trip-bruxelles-london-dans-leurostar-un-cauchemar\/#primaryimage"},"thumbnailUrl":"https:\/\/vieassociative.be\/actualites\/wp-content\/uploads\/2025\/07\/1751876320_Pas-delectricite-pas-de-climatisation-et-pas-de-toilettes-Train.jpg","keywords":["BruxellesLondon","cauchemar","climatisation","dans","d\u00e9lectricit\u00e9","lEurostar","pas","toilettes","Train","Trip"],"articleSection":["Belgique"],"inLanguage":"fr-BE"},{"@type":"WebPage","@id":"https:\/\/vieassociative.be\/actualites\/pas-delectricite-pas-de-climatisation-et-pas-de-toilettes-train-trip-bruxelles-london-dans-leurostar-un-cauchemar\/","url":"https:\/\/vieassociative.be\/actualites\/pas-delectricite-pas-de-climatisation-et-pas-de-toilettes-train-trip-bruxelles-london-dans-leurostar-un-cauchemar\/","name":"Pas d'\u00e9lectricit\u00e9, pas de climatisation et pas de toilettes: Train Trip Bruxelles-London dans l'Eurostar un cauchemar | Vie Associative","isPartOf":{"@id":"https:\/\/vieassociative.be\/actualites\/#website"},"primaryImageOfPage":{"@id":"https:\/\/vieassociative.be\/actualites\/pas-delectricite-pas-de-climatisation-et-pas-de-toilettes-train-trip-bruxelles-london-dans-leurostar-un-cauchemar\/#primaryimage"},"image":{"@id":"https:\/\/vieassociative.be\/actualites\/pas-delectricite-pas-de-climatisation-et-pas-de-toilettes-train-trip-bruxelles-london-dans-leurostar-un-cauchemar\/#primaryimage"},"thumbnailUrl":"https:\/\/vieassociative.be\/actualites\/wp-content\/uploads\/2025\/07\/1751876320_Pas-delectricite-pas-de-climatisation-et-pas-de-toilettes-Train.jpg","datePublished":"2025-07-07T08:18:39+00:00","dateModified":"2025-07-07T08:18:39+00:00","breadcrumb":{"@id":"https:\/\/vieassociative.be\/actualites\/pas-delectricite-pas-de-climatisation-et-pas-de-toilettes-train-trip-bruxelles-london-dans-leurostar-un-cauchemar\/#breadcrumb"},"inLanguage":"fr-BE","potentialAction":[{"@type":"ReadAction","target":["https:\/\/vieassociative.be\/actualites\/pas-delectricite-pas-de-climatisation-et-pas-de-toilettes-train-trip-bruxelles-london-dans-leurostar-un-cauchemar\/"]}]},{"@type":"ImageObject","inLanguage":"fr-BE","@id":"https:\/\/vieassociative.be\/actualites\/pas-delectricite-pas-de-climatisation-et-pas-de-toilettes-train-trip-bruxelles-london-dans-leurostar-un-cauchemar\/#primaryimage","url":"https:\/\/vieassociative.be\/actualites\/wp-content\/uploads\/2025\/07\/1751876320_Pas-delectricite-pas-de-climatisation-et-pas-de-toilettes-Train.jpg","contentUrl":"https:\/\/vieassociative.be\/actualites\/wp-content\/uploads\/2025\/07\/1751876320_Pas-delectricite-pas-de-climatisation-et-pas-de-toilettes-Train.jpg","width":1200,"height":825,"caption":"Pas d'\u00e9lectricit\u00e9, pas de climatisation et pas de toilettes: Train Trip Bruxelles-London dans l'Eurostar un cauchemar"},{"@type":"BreadcrumbList","@id":"https:\/\/vieassociative.be\/actualites\/pas-delectricite-pas-de-climatisation-et-pas-de-toilettes-train-trip-bruxelles-london-dans-leurostar-un-cauchemar\/#breadcrumb","itemListElement":[{"@type":"ListItem","position":1,"name":"Accueil","item":"https:\/\/vieassociative.be\/actualites\/"},{"@type":"ListItem","position":2,"name":"Pas d&rsquo;\u00e9lectricit\u00e9, pas de climatisation et pas de toilettes: Train Trip Bruxelles-London dans l&rsquo;Eurostar un cauchemar"}]},{"@type":"WebSite","@id":"https:\/\/vieassociative.be\/actualites\/#website","url":"https:\/\/vieassociative.be\/actualites\/","name":"Vie Associative","description":"","publisher":{"@id":"https:\/\/vieassociative.be\/actualites\/#organization"},"potentialAction":[{"@type":"SearchAction","target":{"@type":"EntryPoint","urlTemplate":"https:\/\/vieassociative.be\/actualites\/?s={search_term_string}"},"query-input":{"@type":"PropertyValueSpecification","valueRequired":true,"valueName":"search_term_string"}}],"inLanguage":"fr-BE"},{"@type":"Organization","@id":"https:\/\/vieassociative.be\/actualites\/#organization","name":"Vie Associative","url":"https:\/\/vieassociative.be\/actualites\/","logo":{"@type":"ImageObject","inLanguage":"fr-BE","@id":"https:\/\/vieassociative.be\/actualites\/#\/schema\/logo\/image\/","url":"https:\/\/vieassociative.be\/actualites\/wp-content\/uploads\/2024\/09\/cropped-vieassociative_favicon.ico.png","contentUrl":"https:\/\/vieassociative.be\/actualites\/wp-content\/uploads\/2024\/09\/cropped-vieassociative_favicon.ico.png","width":512,"height":512,"caption":"Vie Associative"},"image":{"@id":"https:\/\/vieassociative.be\/actualites\/#\/schema\/logo\/image\/"}},{"@type":"Person","@id":"https:\/\/vieassociative.be\/actualites\/#\/schema\/person\/b87ac4f82f9d4e7b7cec7395b679edc4","name":"Julien","image":{"@type":"ImageObject","inLanguage":"fr-BE","@id":"https:\/\/vieassociative.be\/actualites\/#\/schema\/person\/image\/","url":"https:\/\/vieassociative.be\/actualites\/wp-content\/uploads\/2024\/09\/vie-associative-1-150x150.jpg","contentUrl":"https:\/\/vieassociative.be\/actualites\/wp-content\/uploads\/2024\/09\/vie-associative-1-150x150.jpg","caption":"Julien"},"description":"Je suis Julien, r\u00e9dacteur pour Vie Associative. Passionn\u00e9 par le monde associatif depuis plus de 10 ans, j'ai \u00e0 c\u0153ur de partager des histoires inspirantes et de mettre en lumi\u00e8re les initiatives locales. Mon objectif est de sensibiliser et d'encourager l'engagement communautaire \u00e0 travers mes articles.","sameAs":["https:\/\/vieassociative.be\/"]}]}},"_links":{"self":[{"href":"https:\/\/vieassociative.be\/actualites\/wp-json\/wp\/v2\/posts\/8578"}],"collection":[{"href":"https:\/\/vieassociative.be\/actualites\/wp-json\/wp\/v2\/posts"}],"about":[{"href":"https:\/\/vieassociative.be\/actualites\/wp-json\/wp\/v2\/types\/post"}],"author":[{"embeddable":true,"href":"https:\/\/vieassociative.be\/actualites\/wp-json\/wp\/v2\/users\/1"}],"replies":[{"embeddable":true,"href":"https:\/\/vieassociative.be\/actualites\/wp-json\/wp\/v2\/comments?post=8578"}],"version-history":[{"count":0,"href":"https:\/\/vieassociative.be\/actualites\/wp-json\/wp\/v2\/posts\/8578\/revisions"}],"wp:featuredmedia":[{"embeddable":true,"href":"https:\/\/vieassociative.be\/actualites\/wp-json\/wp\/v2\/media\/8579"}],"wp:attachment":[{"href":"https:\/\/vieassociative.be\/actualites\/wp-json\/wp\/v2\/media?parent=8578"}],"wp:term":[{"taxonomy":"category","embeddable":true,"href":"https:\/\/vieassociative.be\/actualites\/wp-json\/wp\/v2\/categories?post=8578"},{"taxonomy":"post_tag","embeddable":true,"href":"https:\/\/vieassociative.be\/actualites\/wp-json\/wp\/v2\/tags?post=8578"}],"curies":[{"name":"wp","href":"https:\/\/api.w.org\/{rel}","templated":true}]}}