{"id":8576,"date":"2025-07-07T09:19:31","date_gmt":"2025-07-07T07:19:31","guid":{"rendered":"https:\/\/vieassociative.be\/actualites\/je-suis-un-ecrivain-culinaire-et-ce-sont-mes-offres-preferees-de-premier-jour-sur-les-appareils-de-cuisine\/"},"modified":"2025-07-07T09:19:31","modified_gmt":"2025-07-07T07:19:31","slug":"je-suis-un-ecrivain-culinaire-et-ce-sont-mes-offres-preferees-de-premier-jour-sur-les-appareils-de-cuisine","status":"publish","type":"post","link":"https:\/\/vieassociative.be\/actualites\/je-suis-un-ecrivain-culinaire-et-ce-sont-mes-offres-preferees-de-premier-jour-sur-les-appareils-de-cuisine\/","title":{"rendered":"Je suis un \u00e9crivain culinaire, et ce sont mes offres pr\u00e9f\u00e9r\u00e9es de premier jour sur les appareils de cuisine"},"content":{"rendered":"<div class=\"mt-4 leading-6 md:mb-8\">Il n&rsquo;est jamais trop t\u00f4t pour sauter dans une bonne affaire.<\/div>\n<p><\/p>\n<p>Avec Amazon Prime Day Immanent &#8211; cette vente prolong\u00e9e de l&rsquo;ann\u00e9e se d\u00e9roule du 8 juillet au 11 juillet &#8211; vous pourriez pratiquer la ma\u00eetrise de soi dans les jours pr\u00e9c\u00e9dant les jours f\u00e9ri\u00e9s annuels, dans l&rsquo;espoir d&rsquo;\u00e9conomiser vos dollars pour les meilleures affaires.<\/p>\n<p>Eh bien, je suis heureux d&rsquo;annoncer que vous pouvez faire preuve de prudence au vent un peu t\u00f4t: Amazon a d\u00e9j\u00e0 de bonnes affaires sur les appareils de cuisine. Voici mes offres pr\u00e9f\u00e9r\u00e9es ouvrant la voie \u00e0 Prime Day. <\/p>\n<div class=\"shadow-b-2 mb-12 mt-10 rounded-md border-2 border-(#F0F0F0) px-6 py-2 shadow-lg md:px-12\" role=\"region\" aria-label=\"Products List\" x-data=\"{ showMore: false }\">\n<div class=\"flex w-full gap-x-5\">\n<div class=\"flex w-full flex-col flex-nowrap justify-center gap-2 text-black no-underline md:order-2 md:gap-y-6\">\n<div class=\"flex flex-col justify-between gap-y-2 md:w-full md:gap-y-1\">\n<div class=\"block w-fit cursor-pointer font-akshar text-lg font-medium leading-5 text-brand-green duration-200 ease-in-out hover:text-brand-green-700 md:text-xl md:leading-6\">\n<p>                            Pot Instant Pot Duo plus 9 en 1 6qt Cuideur \u00e9lectrique\n                        <\/p><\/div>\n<\/p><\/div>\n<div class=\"hidden md:flex md:justify-between md:gap-x-4\">\n<div class=\"w-full mb-0 md:flex md:flex-col md:justify-center font-sans leading-4 text-black\">\n<div class=\"flex flex-wrap items-center justify-center gap-x-1 md:justify-start\">\n        <span class=\"font-bold\"><\/p>\n<p>            69,99 $<br \/>\n                            <span class=\"font-medium\">\u00e0 Amazon<\/span><br \/>\n                    <\/span><br \/>\n                    <img decoding=\"async\" class=\"mt-0 h-(15px)\" src=\"https:\/\/vieassociative.be\/actualites\/wp-content\/uploads\/2025\/07\/Je-suis-un-ecrivain-culinaire-et-ce-sont-mes-offres.svg.svg+xml\" title=\"Amazon Prime\" alt=\"Amazon Prime\">\n            <\/div>\n<div class=\"flex items-center justify-center gap-x-1 font-bold md:justify-start\">\n            <span class=\"text-sm line-through\">139,99 $<\/span><br \/>\n            <span class=\"text-sm text-brand-green\">\u00c9conomisez 70,00 $<\/span>\n        <\/div>\n<\/p><\/div>\n<p>                            <button class=\"flex justify-center items-center w-full bg-brand-green text-white text-base font-sans font-medium rounded-md hover:bg-brand-green-700 hover:cursor-pointer md:text-sm hidden self-end h-12 max-w-(10rem) duration-200 ease-in-out hover:bg-brand-green-700 md:flex md:h-10\"><\/p>\n<p>    Conclure un accord<br \/>\n<\/button>\n                        <\/div>\n<\/p><\/div>\n<div class=\"flex aspect-video h-(90px) shrink-0 items-center justify-center self-center md:order-1\">\n                        <img decoding=\"async\" class=\"m-0 max-h-full max-w-full rounded-md\" src=\"https:\/\/vieassociative.be\/actualites\/wp-content\/uploads\/2025\/07\/Je-suis-un-ecrivain-culinaire-et-ce-sont-mes-offres.jpg\" alt=\"Pot Instant Pot Duo plus 9 en 1 6qt Cuideur \u00e9lectrique\" width=\"auto\" height=\"auto\" loading=\"lazy\">\n                    <\/div>\n<\/p><\/div>\n<p>                            <button class=\"flex justify-center items-center w-full bg-brand-green text-white text-base font-sans font-medium rounded-md hover:bg-brand-green-700 hover:cursor-pointer md:text-sm w-full h-12 duration-200 ease-in-out hover:bg-brand-green-700 md:hidden md:h-10\"><\/p>\n<p>    Conclure un accord<br \/>\n<\/button><\/p>\n<div class=\"flex flex-col items-center w-full md:hidden font-sans leading-4 text-black\">\n<div class=\"flex flex-wrap items-center justify-center gap-x-1 md:justify-start\">\n        <span class=\"font-bold\"><\/p>\n<p>            69,99 $<br \/>\n                            <span class=\"font-medium\">\u00e0 Amazon<\/span><br \/>\n                    <\/span><br \/>\n                    <img decoding=\"async\" class=\"mt-0 h-(15px)\" src=\"https:\/\/vieassociative.be\/actualites\/wp-content\/uploads\/2025\/07\/Je-suis-un-ecrivain-culinaire-et-ce-sont-mes-offres.svg.svg+xml\" title=\"Amazon Prime\" alt=\"Amazon Prime\">\n            <\/div>\n<div class=\"flex items-center justify-center gap-x-1 font-bold md:justify-start\">\n            <span class=\"text-sm line-through\">139,99 $<\/span><br \/>\n            <span class=\"text-sm text-brand-green\">\u00c9conomisez 70,00 $<\/span>\n        <\/div>\n<\/p><\/div>\n<div class=\"flex w-full gap-x-5\">\n<div class=\"flex w-full flex-col flex-nowrap justify-center gap-2 text-black no-underline md:order-2 md:gap-y-6\">\n<div class=\"flex flex-col justify-between gap-y-2 md:w-full md:gap-y-1\">\n<div class=\"block w-fit cursor-pointer font-akshar text-lg font-medium leading-5 text-brand-green duration-200 ease-in-out hover:text-brand-green-700 md:text-xl md:leading-6\">\n<p>                            Bouxeur de support de pot instantan\u00e9 Pro \u00e0 10 vitesses\n                        <\/p><\/div>\n<\/p><\/div>\n<div class=\"hidden md:flex md:justify-between md:gap-x-4\">\n<div class=\"w-full mb-0 md:flex md:flex-col md:justify-center font-sans leading-4 text-black\">\n<div class=\"flex flex-wrap items-center justify-center gap-x-1 md:justify-start\">\n        <span class=\"font-bold\"><\/p>\n<p>            299,99 $<br \/>\n                            <span class=\"font-medium\">\u00e0 Amazon<\/span><br \/>\n                    <\/span><br \/>\n                    <img decoding=\"async\" class=\"mt-0 h-(15px)\" src=\"https:\/\/vieassociative.be\/actualites\/wp-content\/uploads\/2025\/07\/Je-suis-un-ecrivain-culinaire-et-ce-sont-mes-offres.svg.svg+xml\" title=\"Amazon Prime\" alt=\"Amazon Prime\">\n            <\/div>\n<\/p><\/div>\n<p>                            <button class=\"flex justify-center items-center w-full bg-brand-green text-white text-base font-sans font-medium rounded-md hover:bg-brand-green-700 hover:cursor-pointer md:text-sm hidden self-end h-12 max-w-(10rem) duration-200 ease-in-out hover:bg-brand-green-700 md:flex md:h-10\"><\/p>\n<p>    Conclure un accord<br \/>\n<\/button>\n                        <\/div>\n<\/p><\/div>\n<div class=\"flex aspect-video h-(90px) shrink-0 items-center justify-center self-center md:order-1\">\n                        <img decoding=\"async\" class=\"m-0 max-h-full max-w-full rounded-md\" src=\"https:\/\/vieassociative.be\/actualites\/wp-content\/uploads\/2025\/07\/1751872771_32_Je-suis-un-ecrivain-culinaire-et-ce-sont-mes-offres.jpg\" alt=\"Bouxeur de stand de pot instantan\u00e9 Pro, m\u00e9langeur \u00e9lectrique \u00e0 10 vitesses \u00e0 600W avec interface num\u00e9rique, bol en acier inoxydable 7.4-QT, des fabricants d'un pot instantan\u00e9, du lave-vaisselle en toute s\u00e9curit\u00e9, du crochet de p\u00e2te et du m\u00e9lange de pagaie, d'argent\" width=\"auto\" height=\"auto\" loading=\"lazy\">\n                    <\/div>\n<\/p><\/div>\n<p>                            <button class=\"flex justify-center items-center w-full bg-brand-green text-white text-base font-sans font-medium rounded-md hover:bg-brand-green-700 hover:cursor-pointer md:text-sm w-full h-12 duration-200 ease-in-out hover:bg-brand-green-700 md:hidden md:h-10\"><\/p>\n<p>    Conclure un accord<br \/>\n<\/button><\/p>\n<div class=\"flex flex-col items-center w-full md:hidden font-sans leading-4 text-black\">\n<div class=\"flex flex-wrap items-center justify-center gap-x-1 md:justify-start\">\n        <span class=\"font-bold\"><\/p>\n<p>            299,99 $<br \/>\n                            <span class=\"font-medium\">\u00e0 Amazon<\/span><br \/>\n                    <\/span><br \/>\n                    <img decoding=\"async\" class=\"mt-0 h-(15px)\" src=\"https:\/\/vieassociative.be\/actualites\/wp-content\/uploads\/2025\/07\/Je-suis-un-ecrivain-culinaire-et-ce-sont-mes-offres.svg.svg+xml\" title=\"Amazon Prime\" alt=\"Amazon Prime\">\n            <\/div>\n<\/p><\/div>\n<div class=\"flex w-full gap-x-5\">\n<div class=\"flex w-full flex-col flex-nowrap justify-center gap-2 text-black no-underline md:order-2 md:gap-y-6\">\n<div class=\"flex flex-col justify-between gap-y-2 md:w-full md:gap-y-1\">\n<div class=\"block w-fit cursor-pointer font-akshar text-lg font-medium leading-5 text-brand-green duration-200 ease-in-out hover:text-brand-green-700 md:text-xl md:leading-6\">\n<p>                            Vortex en pot instantan\u00e9 plus 6qt 6-en-1\n                        <\/p><\/div>\n<\/p><\/div>\n<div class=\"hidden md:flex md:justify-between md:gap-x-4\">\n<div class=\"w-full mb-0 md:flex md:flex-col md:justify-center font-sans leading-4 text-black\">\n<div class=\"flex flex-wrap items-center justify-center gap-x-1 md:justify-start\">\n        <span class=\"font-bold\"><\/p>\n<p>            139,95 $<br \/>\n                            <span class=\"font-medium\">\u00e0 Amazon<\/span><br \/>\n                    <\/span><br \/>\n                    <img decoding=\"async\" class=\"mt-0 h-(15px)\" src=\"https:\/\/vieassociative.be\/actualites\/wp-content\/uploads\/2025\/07\/Je-suis-un-ecrivain-culinaire-et-ce-sont-mes-offres.svg.svg+xml\" title=\"Amazon Prime\" alt=\"Amazon Prime\">\n            <\/div>\n<div class=\"flex items-center justify-center gap-x-1 font-bold md:justify-start\">\n            <span class=\"text-sm line-through\">159,99 $<\/span><br \/>\n            <span class=\"text-sm text-brand-green\">\u00c9conomisez 20,04 $<\/span>\n        <\/div>\n<\/p><\/div>\n<p>                            <button class=\"flex justify-center items-center w-full bg-brand-green text-white text-base font-sans font-medium rounded-md hover:bg-brand-green-700 hover:cursor-pointer md:text-sm hidden self-end h-12 max-w-(10rem) duration-200 ease-in-out hover:bg-brand-green-700 md:flex md:h-10\"><\/p>\n<p>    Conclure un accord<br \/>\n<\/button>\n                        <\/div>\n<\/p><\/div>\n<div class=\"flex aspect-video h-(90px) shrink-0 items-center justify-center self-center md:order-1\">\n                        <img decoding=\"async\" class=\"m-0 max-h-full max-w-full rounded-md\" src=\"https:\/\/vieassociative.be\/actualites\/wp-content\/uploads\/2025\/07\/1751872771_850_Je-suis-un-ecrivain-culinaire-et-ce-sont-mes-offres.jpg\" alt=\"Vortex en pot instantan\u00e9 plus 6qt 6-en-1\" width=\"auto\" height=\"auto\" loading=\"lazy\">\n                    <\/div>\n<\/p><\/div>\n<p>                            <button class=\"flex justify-center items-center w-full bg-brand-green text-white text-base font-sans font-medium rounded-md hover:bg-brand-green-700 hover:cursor-pointer md:text-sm w-full h-12 duration-200 ease-in-out hover:bg-brand-green-700 md:hidden md:h-10\"><\/p>\n<p>    Conclure un accord<br \/>\n<\/button><\/p>\n<div class=\"flex flex-col items-center w-full md:hidden font-sans leading-4 text-black\">\n<div class=\"flex flex-wrap items-center justify-center gap-x-1 md:justify-start\">\n        <span class=\"font-bold\"><\/p>\n<p>            139,95 $<br \/>\n                            <span class=\"font-medium\">\u00e0 Amazon<\/span><br \/>\n                    <\/span><br \/>\n                    <img decoding=\"async\" class=\"mt-0 h-(15px)\" src=\"https:\/\/vieassociative.be\/actualites\/wp-content\/uploads\/2025\/07\/Je-suis-un-ecrivain-culinaire-et-ce-sont-mes-offres.svg.svg+xml\" title=\"Amazon Prime\" alt=\"Amazon Prime\">\n            <\/div>\n<div class=\"flex items-center justify-center gap-x-1 font-bold md:justify-start\">\n            <span class=\"text-sm line-through\">159,99 $<\/span><br \/>\n            <span class=\"text-sm text-brand-green\">\u00c9conomisez 20,04 $<\/span>\n        <\/div>\n<\/p><\/div>\n<div class=\"flex w-full gap-x-5\">\n<div class=\"flex w-full flex-col flex-nowrap justify-center gap-2 text-black no-underline md:order-2 md:gap-y-6\">\n<div class=\"flex flex-col justify-between gap-y-2 md:w-full md:gap-y-1\">\n<div class=\"block w-fit cursor-pointer font-akshar text-lg font-medium leading-5 text-brand-green duration-200 ease-in-out hover:text-brand-green-700 md:text-xl md:leading-6\">\n<p>                            Breville Commercial Super Q Pro Blender\n                        <\/p><\/div>\n<\/p><\/div>\n<div class=\"hidden md:flex md:justify-between md:gap-x-4\">\n<div class=\"w-full mb-0 md:flex md:flex-col md:justify-center font-sans leading-4 text-black\">\n<div class=\"flex flex-wrap items-center justify-center gap-x-1 md:justify-start\">\n        <span class=\"font-bold\"><\/p>\n<p>            499,99 $<br \/>\n                            <span class=\"font-medium\">\u00e0 Amazon<\/span><br \/>\n                    <\/span>\n            <\/div>\n<div class=\"flex items-center justify-center gap-x-1 font-bold md:justify-start\">\n            <span class=\"text-sm line-through\">599,95 $<\/span><br \/>\n            <span class=\"text-sm text-brand-green\">\u00c9conomisez 99,96 $<\/span>\n        <\/div>\n<\/p><\/div>\n<p>                            <button class=\"flex justify-center items-center w-full bg-brand-green text-white text-base font-sans font-medium rounded-md hover:bg-brand-green-700 hover:cursor-pointer md:text-sm hidden self-end h-12 max-w-(10rem) duration-200 ease-in-out hover:bg-brand-green-700 md:flex md:h-10\"><\/p>\n<p>    Conclure un accord<br \/>\n<\/button>\n                        <\/div>\n<\/p><\/div>\n<div class=\"flex aspect-video h-(90px) shrink-0 items-center justify-center self-center md:order-1\">\n                        <img decoding=\"async\" class=\"m-0 max-h-full max-w-full rounded-md\" src=\"https:\/\/vieassociative.be\/actualites\/wp-content\/uploads\/2025\/07\/1751872771_525_Je-suis-un-ecrivain-culinaire-et-ce-sont-mes-offres.jpg\" alt=\"Breville Commercial Super Q Pro Blender, en acier inoxydable bross\u00e9, CBL920BS1BNA1, 68 oz, acier inoxydable bross\u00e9\" width=\"auto\" height=\"auto\" loading=\"lazy\">\n                    <\/div>\n<\/p><\/div>\n<p>                            <button class=\"flex justify-center items-center w-full bg-brand-green text-white text-base font-sans font-medium rounded-md hover:bg-brand-green-700 hover:cursor-pointer md:text-sm w-full h-12 duration-200 ease-in-out hover:bg-brand-green-700 md:hidden md:h-10\"><\/p>\n<p>    Conclure un accord<br \/>\n<\/button><\/p>\n<div class=\"flex flex-col items-center w-full md:hidden font-sans leading-4 text-black\">\n<div class=\"flex flex-wrap items-center justify-center gap-x-1 md:justify-start\">\n        <span class=\"font-bold\"><\/p>\n<p>            499,99 $<br \/>\n                            <span class=\"font-medium\">\u00e0 Amazon<\/span><br \/>\n                    <\/span>\n            <\/div>\n<div class=\"flex items-center justify-center gap-x-1 font-bold md:justify-start\">\n            <span class=\"text-sm line-through\">599,95 $<\/span><br \/>\n            <span class=\"text-sm text-brand-green\">\u00c9conomisez 99,96 $<\/span>\n        <\/div>\n<\/p><\/div>\n<div class=\"flex w-full gap-x-5\">\n<div class=\"flex w-full flex-col flex-nowrap justify-center gap-2 text-black no-underline md:order-2 md:gap-y-6\">\n<div class=\"flex flex-col justify-between gap-y-2 md:w-full md:gap-y-1\">\n<div class=\"block w-fit cursor-pointer font-akshar text-lg font-medium leading-5 text-brand-green duration-200 ease-in-out hover:text-brand-green-700 md:text-xl md:leading-6\">\n<p>                            Nespresso Vertuoplus Coffee and Espresso Machine par Breville, 8 onces, gris\n                        <\/p><\/div>\n<\/p><\/div>\n<div class=\"hidden md:flex md:justify-between md:gap-x-4\">\n<div class=\"w-full mb-0 md:flex md:flex-col md:justify-center font-sans leading-4 text-black\">\n<div class=\"flex flex-wrap items-center justify-center gap-x-1 md:justify-start\">\n        <span class=\"font-bold\"><\/p>\n<p>            118,00 $<br \/>\n                            <span class=\"font-medium\">\u00e0 Amazon<\/span><br \/>\n                    <\/span><br \/>\n                    <img decoding=\"async\" class=\"mt-0 h-(15px)\" src=\"https:\/\/vieassociative.be\/actualites\/wp-content\/uploads\/2025\/07\/Je-suis-un-ecrivain-culinaire-et-ce-sont-mes-offres.svg.svg+xml\" title=\"Amazon Prime\" alt=\"Amazon Prime\">\n            <\/div>\n<div class=\"flex items-center justify-center gap-x-1 font-bold md:justify-start\">\n            <span class=\"text-sm line-through\">169,95 $<\/span><br \/>\n            <span class=\"text-sm text-brand-green\">\u00c9conomisez 51,95 $<\/span>\n        <\/div>\n<\/p><\/div>\n<p>                            <button class=\"flex justify-center items-center w-full bg-brand-green text-white text-base font-sans font-medium rounded-md hover:bg-brand-green-700 hover:cursor-pointer md:text-sm hidden self-end h-12 max-w-(10rem) duration-200 ease-in-out hover:bg-brand-green-700 md:flex md:h-10\"><\/p>\n<p>    Conclure un accord<br \/>\n<\/button>\n                        <\/div>\n<\/p><\/div>\n<div class=\"flex aspect-video h-(90px) shrink-0 items-center justify-center self-center md:order-1\">\n                        <img decoding=\"async\" class=\"m-0 max-h-full max-w-full rounded-md\" src=\"https:\/\/vieassociative.be\/actualites\/wp-content\/uploads\/2025\/07\/1751872771_103_Je-suis-un-ecrivain-culinaire-et-ce-sont-mes-offres.jpg\" alt=\"Nespresso Vertuoplus Coffee and Espresso Machine par Breville, 8 onces, gris\" width=\"auto\" height=\"auto\" loading=\"lazy\">\n                    <\/div>\n<\/p><\/div>\n<p>                            <button class=\"flex justify-center items-center w-full bg-brand-green text-white text-base font-sans font-medium rounded-md hover:bg-brand-green-700 hover:cursor-pointer md:text-sm w-full h-12 duration-200 ease-in-out hover:bg-brand-green-700 md:hidden md:h-10\"><\/p>\n<p>    Conclure un accord<br \/>\n<\/button><\/p>\n<div class=\"flex flex-col items-center w-full md:hidden font-sans leading-4 text-black\">\n<div class=\"flex flex-wrap items-center justify-center gap-x-1 md:justify-start\">\n        <span class=\"font-bold\"><\/p>\n<p>            118,00 $<br \/>\n                            <span class=\"font-medium\">\u00e0 Amazon<\/span><br \/>\n                    <\/span><br \/>\n                    <img decoding=\"async\" class=\"mt-0 h-(15px)\" src=\"https:\/\/vieassociative.be\/actualites\/wp-content\/uploads\/2025\/07\/Je-suis-un-ecrivain-culinaire-et-ce-sont-mes-offres.svg.svg+xml\" title=\"Amazon Prime\" alt=\"Amazon Prime\">\n            <\/div>\n<div class=\"flex items-center justify-center gap-x-1 font-bold md:justify-start\">\n            <span class=\"text-sm line-through\">169,95 $<\/span><br \/>\n            <span class=\"text-sm text-brand-green\">\u00c9conomisez 51,95 $<\/span>\n        <\/div>\n<\/p><\/div>\n<\/div>\n<h2 id=\"the-best-early-prime-day-deals-on-multi-cookers\">Les meilleures offres de premi\u00e8re journ\u00e9e sur les multi-cuisiniers<\/h2>\n<p><strong>Moins de 100 $:<\/strong> La marque Instant Pot a organis\u00e9 sa propre vente de vacances depuis quelques jours, et ce duo Instant Pot 9-en-1 plus le multi-maisons est une bonne affaire pour le moment. Il est de 69,99 $, soit 50% de la r\u00e9duction de son prix de d\u00e9tail r\u00e9gulier de 139,99 $. C&rsquo;est le mod\u00e8le de six quart qui est une grande taille pour les familles plus grandes, ou les gens qui aiment pr\u00e9parer les repas multiples au d\u00e9but de la semaine. <\/p>\n<p><strong>Option de vente de folies:<\/strong> L&rsquo;Instant Pot Pro 10-in-1 multi-cuisinier pour 99,99 $. C&rsquo;est 41% de r\u00e9duction sur le prix de d\u00e9tail de 169,99 $. Pour 30 $ de plus que le duo en ce moment, cet appareil a plus de fonctionnalit\u00e9s, plus de pr\u00e9r\u00e9glages et de capacit\u00e9s de surveillance via l&rsquo;application Pot instantan\u00e9e. <\/p>\n<h2 id=\"the-best-early-prime-day-deals-on-stand-mixers\">Les meilleures offres de premi\u00e8re journ\u00e9e sur les m\u00e9langeurs de stands<\/h2>\n<p>Un m\u00e9langeur de stand de bonne qualit\u00e9 devrait \u00eatre en mesure de faire tout le travail dur pour vous avec de la p\u00e2te \u00e0 p\u00e9trir, de fouetter la cr\u00e8me et de battre du beurre &#8211; et il devrait le faire pendant des ann\u00e9es. Dans cet esprit, ces appareils lourds ne sont pas bon march\u00e9. Cependant, ce m\u00e9langeur de stand de marque instantan\u00e9e se rapproche le plus bon march\u00e9 que possible sans \u00eatre suspect. En vente d\u00e8s maintenant pour <strong>169,99 $<\/strong> (43% de r\u00e9duction sur 299,99 $), ce m\u00e9langeur a 10 vitesses, et contrairement \u00e0 la plupart des m\u00e9langeurs de stand, vous pouvez r\u00e9ellement programmer la vitesse et la dur\u00e9e pour qu&rsquo;il se m\u00e9lange. C&rsquo;est assez chic.<\/p>\n<p><strong>Option de vente de folies:<\/strong> Le m\u00e9langeur de stand Cuisinart 5,5 quart est une marque en qui j&rsquo;ai confiance pour de nombreux appareils de cuisine et un \u00e9quipement de cuisson de qualit\u00e9. Ce m\u00e9langeur de stand est <strong>234,94 $<\/strong> \u00c0 l&rsquo;heure actuelle, 22% du prix de d\u00e9tail normal de 299,95 $, et il est livr\u00e9 avec une garantie de trois ans. <\/p>\n<h2 id=\"the-best-early-prime-day-deals-on-air-fryers\">Les meilleures offres de premi\u00e8re journ\u00e9e sur les frites \u00e0 air<\/h2>\n<p><strong>Moins de 100 $: <\/strong>Pot instantan\u00e9 \u00e0 nouveau? \u00c9coutez, si ce n&rsquo;\u00e9tait pas un bon \u00e9quipement, je ne le couvrirais pas. L&rsquo;instruction vortex \u00e0 air vortex est ma friteuse \u00e0 air incontournable, et en ce moment c&rsquo;est 44% de r\u00e9duction, vendant pour <strong>89,99 $<\/strong>. Il est puissant, chauffe uniform\u00e9ment, il est incroyablement facile \u00e0 utiliser, et une brise pour nettoyer. Toujours pas vendu? Lisez ma critique de Glowg et voyez comment elle s&rsquo;accumule contre d&rsquo;autres grandes frites d&rsquo;air que j&rsquo;ai test\u00e9es.<\/p>\n<p><strong>Moins de 50 $: <\/strong>Pour <strong>49,99 $<\/strong> Vous pouvez obtenir une friteuse \u00e0 air moins flashy qui fera le travail. Le Dash 2,6-quart n&rsquo;est pas \u00e9norme et il ne vient pas avec des options de cuisson pr\u00e9d\u00e9finies fantaisistes, mais vous pouvez d\u00e9finir le temps et la temp\u00e9rature, et c&rsquo;est tout un petit four \u00e0 convection de comptoir doit offrir pour croustiller des frites ou r\u00e9chauffer le poulet frit de la nuit derni\u00e8re. <\/p>\n<div class=\"pogoClear relative my-10 border-b-(1.5px) border-t-(1.5px) border-dashed border-black py-5 sm:my-14 sm:border-0 sm:py-0\" data-ga-click data-ga-template=\"Deals\" data-ga-module=\"openweb_widget\" data-ga-element=\"openweb_scroll\" data-ga-item=\"openweb_scroll_midpage\" x-data=\"{\n         commentsCount: null,\n         hasComments: false,\n         async fetchCommentsCount() {\n             try {\n                 if (window.openweb &amp;&amp; typeof window.openweb.getMessagesCount === 'function') {\n                     this.commentsCount = await window.openweb.getMessagesCount('01JZ61FZ6M5NS1J3JPEVZYRRJ6');\n                     this.hasComments = this.commentsCount !== null &amp;&amp; this.commentsCount &gt; 0;\n                 }\n             } catch (e) {\n                 console.warn('Failed to fetch comment count:', e);\n             }\n         }\n     }\" x-init=\"fetchCommentsCount()\" x-cloak><\/p>\n<div class=\"absolute top-1\/2 hidden w-full -translate-y-1\/2 border-t-(1.5px) border-dashed border-black sm:block\"><\/div>\n<div class=\"relative flex justify-center\">\n<div class=\"flex max-w-fit items-center gap-x-3 bg-white px-5\">\n<div class=\"relative\">\n                <span class=\"absolute left-1\/2 top-1\/2 -translate-x-1\/2 -translate-y-1\/2 font-akshar text-sm font-medium text-black\" aria-live=\"polite\" x-show=\"hasComments\" x-text=\"commentsCount\"><\/span><\/p>\n<p>                <svg class=\"h-8 w-8 text-black\" role=\"img\" aria-hidden=\"true\">\n                    <use href=\"http:\/\/lifehacker.com\/images\/icons\/spritemap.svg#sprite-chat-bubble\"><\/use>\n                <\/svg>\n            <\/div>\n<p>            <span class=\"text-sm font-medium text-black\"><\/p>\n<p>                Que pensez-vous jusqu&rsquo;\u00e0 pr\u00e9sent?<br \/>\n                <button class=\"ml-1 font-semibold text-brand-green underline hover:text-brand-green-700\" type=\"button\" aria-label=\"Comment section trigger\" onclick=\"window.openweb.scrollToComments('01JZ61FZ6M5NS1J3JPEVZYRRJ6')\" x-text=\"hasComments ? 'Post a comment.' : 'Be the first to post a comment.'\"><\/button><br \/>\n            <\/span>\n        <\/div>\n<\/p><\/div>\n<\/div>\n<h2 id=\"the-best-early-prime-day-deals-on-blenders\">Les meilleures offres de premi\u00e8re journ\u00e9e sur les m\u00e9langes<\/h2>\n<p><strong>Option de vente de folies: <\/strong>En tant que nom tr\u00e8s respect\u00e9 dans le jeu de la cuisine, les produits Breville ne seraient jamais d\u00e9crits comme \u00abbon march\u00e9\u00bb, mais vous pouvez d\u00e9crire celui-ci comme \u00aben vente\u00bb. Le Breville Commercial Super Q Pro est actuellement  <strong>499,99 $<\/strong>ou 17% de r\u00e9duction. Ce mod\u00e8le dispose de cinq programmes pr\u00e9d\u00e9finis et comprend deux conteneurs de m\u00e9langeurs afin que vous puissiez les \u00e9changer pendant que l&rsquo;autre est utilis\u00e9.<\/p>\n<p><strong>Moins de 100 $:<\/strong> La Breville est l&rsquo;option de folie, alors voici un m\u00e9langeur qui pourrait mieux s&rsquo;adapter \u00e0 votre budget. Le m\u00e9langeur Ninja est de 27% de r\u00e9duction en ce moment, pour 79,99 $ plus g\u00e9rable. J&rsquo;ai toujours trouv\u00e9 que les appareils Ninja \u00e9taient efficaces et de haute qualit\u00e9, donc ce m\u00e9langeur devrait \u00eatre un excellent aide dans votre cuisine.<\/p>\n<p><strong>Moins de 50 $:<\/strong> Bien qu&rsquo;ils ne soient pas aussi polyvalents qu&rsquo;un m\u00e9langeur autonome, pendant des ann\u00e9es, je m\u00e9lange efficacement, des portions uniques de cr\u00e8me fouett\u00e9e aux smoothies prot\u00e9iques, des salsas \u00e9paisses aux grands lots de soupe de brocoli velout\u00e9 en utilisant seulement un m\u00e9langeur d&rsquo;immersion. Un bon m\u00e9langeur d&rsquo;immersion est le secret le mieux gard\u00e9 pour un chef sur un budget. Le m\u00e9langeur d&rsquo;immersion Braun est de 29% pour <strong>49,95 $<\/strong>. <\/p>\n<h2 id=\"the-best-early-prime-day-deals-on-coffee-makers\">Les meilleures offres de premi\u00e8re journ\u00e9e sur les cafeti\u00e8res<\/h2>\n<p>Je suis un snob de caf\u00e9 insupportable la plupart du temps (voici mon navire pr\u00e9f\u00e9r\u00e9, si vous cherchez) mais je suis \u00e9galement connu pour faire \u00e9clater un Nespresso de temps en temps. Breville s&rsquo;est associ\u00e9e \u00e0 Nespresso pour vous apporter un fabricant d&rsquo;expresso compact et c&rsquo;est 35% de r\u00e9duction en ce moment, \u00e0 <strong>110,47 $<\/strong>. <\/p>\n<p><strong>Moins de 100 $: <\/strong>Si vous aimez avoir plus de vari\u00e9t\u00e9 avec des caf\u00e9s chauds et froids et que cela ne vous d\u00e9range pas une touche d&rsquo;expression de soi,<strong> <\/strong>Le Nespresso Vertuo Pop + de Colord Nespresso Vertuo pourrait m\u00eame \u00eatre une meilleure affaire pour vous. Il peut pr\u00e9parer tous les m\u00eames types de caf\u00e9 que ce qui pr\u00e9c\u00e8de, en plus de faire des portions de 12 onces.<\/p>\n<div class=\" relative flex justify-center py-16 md:left-1\/2 md:w-(780px) md:max-w-max md:-translate-x-1\/2\" x-data=\"{ showAll: false }\">\n<div class=\"w-max text-center sm:text-left\">\n<div class=\"flex flex-col items-center justify-between text-black sm:flex-row sm:px-6\">\n                <span class=\"text-xs italic sm:ml-7 sm:text-sm\">Les offres sont s\u00e9lectionn\u00e9es par notre \u00e9quipe de commerce<\/span><\/p>\n<p>                                    <button class=\"mt-3 flex items-center gap-1 text-center font-akshar font-medium uppercase sm:mt-0 sm:text-sm\" type=\"button\" x-on:click=\"showAll=!showAll\"><br \/>\n                        <span x-show=\"!showAll\"><\/p>\n<p>                            Voir 1 de plus<br \/>\n                        <\/span><\/p>\n<p>                        <span x-show=\"showAll\"><\/p>\n<p>                            Voir 1 de moins<br \/>\n                        <\/span><\/p>\n<p>                        <svg class=\"block size-3 fill-current text-brand-green\" :class=\"{ 'rotate-180': showAll }\">\n                            <use href=\"http:\/\/lifehacker.com\/images\/icons\/spritemap.svg#sprite-chevron-down\"><\/use>\n                        <\/svg><br \/>\n                    <\/button>\n                            <\/div>\n<\/p><\/div>\n<\/p><\/div>\n","protected":false},"excerpt":{"rendered":"<p>Il n&rsquo;est jamais trop t\u00f4t pour sauter dans une bonne affaire. Avec Amazon Prime Day Immanent &#8211; cette vente prolong\u00e9e de l&rsquo;ann\u00e9e se d\u00e9roule du<\/p>\n","protected":false},"author":1,"featured_media":8577,"comment_status":"","ping_status":"","sticky":false,"template":"","format":"standard","meta":{"footnotes":""},"categories":[1],"tags":[451,1937,7465,3668,53,14,87,345,116,443,18,2985,33],"class_list":["post-8576","post","type-post","status-publish","format-standard","has-post-thumbnail","hentry","category-non-classe","tag-appareils","tag-cuisine","tag-culinaire","tag-ecrivain","tag-jour","tag-les","tag-mes","tag-offres","tag-preferees","tag-premier","tag-sont","tag-suis","tag-sur","generate-columns","tablet-grid-50","mobile-grid-100","grid-parent","grid-33"],"yoast_head":"<!-- This site is optimized with the Yoast SEO plugin v24.0 - https:\/\/yoast.com\/wordpress\/plugins\/seo\/ -->\n<title>Je suis un \u00e9crivain culinaire, et ce sont mes offres pr\u00e9f\u00e9r\u00e9es de premier jour sur les appareils de cuisine | Vie Associative<\/title>\n<meta name=\"robots\" content=\"index, follow, max-snippet:-1, max-image-preview:large, max-video-preview:-1\" \/>\n<link rel=\"canonical\" href=\"https:\/\/vieassociative.be\/actualites\/je-suis-un-ecrivain-culinaire-et-ce-sont-mes-offres-preferees-de-premier-jour-sur-les-appareils-de-cuisine\/\" \/>\n<meta property=\"og:locale\" content=\"fr_FR\" \/>\n<meta property=\"og:type\" content=\"article\" \/>\n<meta property=\"og:title\" content=\"Je suis un \u00e9crivain culinaire, et ce sont mes offres pr\u00e9f\u00e9r\u00e9es de premier jour sur les appareils de cuisine | Vie Associative\" \/>\n<meta property=\"og:description\" content=\"Il n&rsquo;est jamais trop t\u00f4t pour sauter dans une bonne affaire. Avec Amazon Prime Day Immanent &#8211; cette vente prolong\u00e9e de l&rsquo;ann\u00e9e se d\u00e9roule du\" \/>\n<meta property=\"og:url\" content=\"https:\/\/vieassociative.be\/actualites\/je-suis-un-ecrivain-culinaire-et-ce-sont-mes-offres-preferees-de-premier-jour-sur-les-appareils-de-cuisine\/\" \/>\n<meta property=\"og:site_name\" content=\"Vie Associative\" \/>\n<meta property=\"article:published_time\" content=\"2025-07-07T07:19:31+00:00\" \/>\n<meta property=\"og:image\" content=\"https:\/\/vieassociative.be\/actualites\/wp-content\/uploads\/2025\/07\/Je-suis-un-ecrivain-culinaire-et-ce-sont-mes-offres.svg.svg+xml\" \/>\n<meta name=\"author\" content=\"Julien\" \/>\n<meta name=\"twitter:card\" content=\"summary_large_image\" \/>\n<meta name=\"twitter:label1\" content=\"\u00c9crit par\" \/>\n\t<meta name=\"twitter:data1\" content=\"Julien\" \/>\n\t<meta name=\"twitter:label2\" content=\"Dur\u00e9e de lecture est.\" \/>\n\t<meta name=\"twitter:data2\" content=\"5 minutes\" \/>\n<script type=\"application\/ld+json\" class=\"yoast-schema-graph\">{\"@context\":\"https:\/\/schema.org\",\"@graph\":[{\"@type\":\"Article\",\"@id\":\"https:\/\/vieassociative.be\/actualites\/je-suis-un-ecrivain-culinaire-et-ce-sont-mes-offres-preferees-de-premier-jour-sur-les-appareils-de-cuisine\/#article\",\"isPartOf\":{\"@id\":\"https:\/\/vieassociative.be\/actualites\/je-suis-un-ecrivain-culinaire-et-ce-sont-mes-offres-preferees-de-premier-jour-sur-les-appareils-de-cuisine\/\"},\"author\":{\"name\":\"Julien\",\"@id\":\"https:\/\/vieassociative.be\/actualites\/#\/schema\/person\/b87ac4f82f9d4e7b7cec7395b679edc4\"},\"headline\":\"Je suis un \u00e9crivain culinaire, et ce sont mes offres pr\u00e9f\u00e9r\u00e9es de premier jour sur les appareils de cuisine\",\"datePublished\":\"2025-07-07T07:19:31+00:00\",\"dateModified\":\"2025-07-07T07:19:31+00:00\",\"mainEntityOfPage\":{\"@id\":\"https:\/\/vieassociative.be\/actualites\/je-suis-un-ecrivain-culinaire-et-ce-sont-mes-offres-preferees-de-premier-jour-sur-les-appareils-de-cuisine\/\"},\"wordCount\":1135,\"publisher\":{\"@id\":\"https:\/\/vieassociative.be\/actualites\/#organization\"},\"image\":{\"@id\":\"https:\/\/vieassociative.be\/actualites\/je-suis-un-ecrivain-culinaire-et-ce-sont-mes-offres-preferees-de-premier-jour-sur-les-appareils-de-cuisine\/#primaryimage\"},\"thumbnailUrl\":\"https:\/\/vieassociative.be\/actualites\/wp-content\/uploads\/2025\/07\/1751872772_Je-suis-un-ecrivain-culinaire-et-ce-sont-mes-offres.jpg\",\"keywords\":[\"appareils\",\"cuisine\",\"culinaire\",\"\u00e9crivain\",\"jour\",\"Les\",\"Mes\",\"offres\",\"pr\u00e9f\u00e9r\u00e9es\",\"premier\",\"sont\",\"suis\",\"sur\"],\"inLanguage\":\"fr-BE\"},{\"@type\":\"WebPage\",\"@id\":\"https:\/\/vieassociative.be\/actualites\/je-suis-un-ecrivain-culinaire-et-ce-sont-mes-offres-preferees-de-premier-jour-sur-les-appareils-de-cuisine\/\",\"url\":\"https:\/\/vieassociative.be\/actualites\/je-suis-un-ecrivain-culinaire-et-ce-sont-mes-offres-preferees-de-premier-jour-sur-les-appareils-de-cuisine\/\",\"name\":\"Je suis un \u00e9crivain culinaire, et ce sont mes offres pr\u00e9f\u00e9r\u00e9es de premier jour sur les appareils de cuisine | Vie Associative\",\"isPartOf\":{\"@id\":\"https:\/\/vieassociative.be\/actualites\/#website\"},\"primaryImageOfPage\":{\"@id\":\"https:\/\/vieassociative.be\/actualites\/je-suis-un-ecrivain-culinaire-et-ce-sont-mes-offres-preferees-de-premier-jour-sur-les-appareils-de-cuisine\/#primaryimage\"},\"image\":{\"@id\":\"https:\/\/vieassociative.be\/actualites\/je-suis-un-ecrivain-culinaire-et-ce-sont-mes-offres-preferees-de-premier-jour-sur-les-appareils-de-cuisine\/#primaryimage\"},\"thumbnailUrl\":\"https:\/\/vieassociative.be\/actualites\/wp-content\/uploads\/2025\/07\/1751872772_Je-suis-un-ecrivain-culinaire-et-ce-sont-mes-offres.jpg\",\"datePublished\":\"2025-07-07T07:19:31+00:00\",\"dateModified\":\"2025-07-07T07:19:31+00:00\",\"breadcrumb\":{\"@id\":\"https:\/\/vieassociative.be\/actualites\/je-suis-un-ecrivain-culinaire-et-ce-sont-mes-offres-preferees-de-premier-jour-sur-les-appareils-de-cuisine\/#breadcrumb\"},\"inLanguage\":\"fr-BE\",\"potentialAction\":[{\"@type\":\"ReadAction\",\"target\":[\"https:\/\/vieassociative.be\/actualites\/je-suis-un-ecrivain-culinaire-et-ce-sont-mes-offres-preferees-de-premier-jour-sur-les-appareils-de-cuisine\/\"]}]},{\"@type\":\"ImageObject\",\"inLanguage\":\"fr-BE\",\"@id\":\"https:\/\/vieassociative.be\/actualites\/je-suis-un-ecrivain-culinaire-et-ce-sont-mes-offres-preferees-de-premier-jour-sur-les-appareils-de-cuisine\/#primaryimage\",\"url\":\"https:\/\/vieassociative.be\/actualites\/wp-content\/uploads\/2025\/07\/1751872772_Je-suis-un-ecrivain-culinaire-et-ce-sont-mes-offres.jpg\",\"contentUrl\":\"https:\/\/vieassociative.be\/actualites\/wp-content\/uploads\/2025\/07\/1751872772_Je-suis-un-ecrivain-culinaire-et-ce-sont-mes-offres.jpg\",\"width\":1200,\"height\":675,\"caption\":\"Je suis un \u00e9crivain culinaire, et ce sont mes offres pr\u00e9f\u00e9r\u00e9es de premier jour sur les appareils de cuisine\"},{\"@type\":\"BreadcrumbList\",\"@id\":\"https:\/\/vieassociative.be\/actualites\/je-suis-un-ecrivain-culinaire-et-ce-sont-mes-offres-preferees-de-premier-jour-sur-les-appareils-de-cuisine\/#breadcrumb\",\"itemListElement\":[{\"@type\":\"ListItem\",\"position\":1,\"name\":\"Accueil\",\"item\":\"https:\/\/vieassociative.be\/actualites\/\"},{\"@type\":\"ListItem\",\"position\":2,\"name\":\"Je suis un \u00e9crivain culinaire, et ce sont mes offres pr\u00e9f\u00e9r\u00e9es de premier jour sur les appareils de cuisine\"}]},{\"@type\":\"WebSite\",\"@id\":\"https:\/\/vieassociative.be\/actualites\/#website\",\"url\":\"https:\/\/vieassociative.be\/actualites\/\",\"name\":\"Vie Associative\",\"description\":\"\",\"publisher\":{\"@id\":\"https:\/\/vieassociative.be\/actualites\/#organization\"},\"potentialAction\":[{\"@type\":\"SearchAction\",\"target\":{\"@type\":\"EntryPoint\",\"urlTemplate\":\"https:\/\/vieassociative.be\/actualites\/?s={search_term_string}\"},\"query-input\":{\"@type\":\"PropertyValueSpecification\",\"valueRequired\":true,\"valueName\":\"search_term_string\"}}],\"inLanguage\":\"fr-BE\"},{\"@type\":\"Organization\",\"@id\":\"https:\/\/vieassociative.be\/actualites\/#organization\",\"name\":\"Vie Associative\",\"url\":\"https:\/\/vieassociative.be\/actualites\/\",\"logo\":{\"@type\":\"ImageObject\",\"inLanguage\":\"fr-BE\",\"@id\":\"https:\/\/vieassociative.be\/actualites\/#\/schema\/logo\/image\/\",\"url\":\"https:\/\/vieassociative.be\/actualites\/wp-content\/uploads\/2024\/09\/cropped-vieassociative_favicon.ico.png\",\"contentUrl\":\"https:\/\/vieassociative.be\/actualites\/wp-content\/uploads\/2024\/09\/cropped-vieassociative_favicon.ico.png\",\"width\":512,\"height\":512,\"caption\":\"Vie Associative\"},\"image\":{\"@id\":\"https:\/\/vieassociative.be\/actualites\/#\/schema\/logo\/image\/\"}},{\"@type\":\"Person\",\"@id\":\"https:\/\/vieassociative.be\/actualites\/#\/schema\/person\/b87ac4f82f9d4e7b7cec7395b679edc4\",\"name\":\"Julien\",\"image\":{\"@type\":\"ImageObject\",\"inLanguage\":\"fr-BE\",\"@id\":\"https:\/\/vieassociative.be\/actualites\/#\/schema\/person\/image\/\",\"url\":\"https:\/\/vieassociative.be\/actualites\/wp-content\/uploads\/2024\/09\/vie-associative-1-150x150.jpg\",\"contentUrl\":\"https:\/\/vieassociative.be\/actualites\/wp-content\/uploads\/2024\/09\/vie-associative-1-150x150.jpg\",\"caption\":\"Julien\"},\"description\":\"Je suis Julien, r\u00e9dacteur pour Vie Associative. Passionn\u00e9 par le monde associatif depuis plus de 10 ans, j'ai \u00e0 c\u0153ur de partager des histoires inspirantes et de mettre en lumi\u00e8re les initiatives locales. Mon objectif est de sensibiliser et d'encourager l'engagement communautaire \u00e0 travers mes articles.\",\"sameAs\":[\"https:\/\/vieassociative.be\/\"]}]}<\/script>\n<!-- \/ Yoast SEO plugin. -->","yoast_head_json":{"title":"Je suis un \u00e9crivain culinaire, et ce sont mes offres pr\u00e9f\u00e9r\u00e9es de premier jour sur les appareils de cuisine | Vie Associative","robots":{"index":"index","follow":"follow","max-snippet":"max-snippet:-1","max-image-preview":"max-image-preview:large","max-video-preview":"max-video-preview:-1"},"canonical":"https:\/\/vieassociative.be\/actualites\/je-suis-un-ecrivain-culinaire-et-ce-sont-mes-offres-preferees-de-premier-jour-sur-les-appareils-de-cuisine\/","og_locale":"fr_FR","og_type":"article","og_title":"Je suis un \u00e9crivain culinaire, et ce sont mes offres pr\u00e9f\u00e9r\u00e9es de premier jour sur les appareils de cuisine | Vie Associative","og_description":"Il n&rsquo;est jamais trop t\u00f4t pour sauter dans une bonne affaire. Avec Amazon Prime Day Immanent &#8211; cette vente prolong\u00e9e de l&rsquo;ann\u00e9e se d\u00e9roule du","og_url":"https:\/\/vieassociative.be\/actualites\/je-suis-un-ecrivain-culinaire-et-ce-sont-mes-offres-preferees-de-premier-jour-sur-les-appareils-de-cuisine\/","og_site_name":"Vie Associative","article_published_time":"2025-07-07T07:19:31+00:00","og_image":[{"url":"https:\/\/vieassociative.be\/actualites\/wp-content\/uploads\/2025\/07\/Je-suis-un-ecrivain-culinaire-et-ce-sont-mes-offres.svg.svg+xml","type":"","width":"","height":""}],"author":"Julien","twitter_card":"summary_large_image","twitter_misc":{"\u00c9crit par":"Julien","Dur\u00e9e de lecture est.":"5 minutes"},"schema":{"@context":"https:\/\/schema.org","@graph":[{"@type":"Article","@id":"https:\/\/vieassociative.be\/actualites\/je-suis-un-ecrivain-culinaire-et-ce-sont-mes-offres-preferees-de-premier-jour-sur-les-appareils-de-cuisine\/#article","isPartOf":{"@id":"https:\/\/vieassociative.be\/actualites\/je-suis-un-ecrivain-culinaire-et-ce-sont-mes-offres-preferees-de-premier-jour-sur-les-appareils-de-cuisine\/"},"author":{"name":"Julien","@id":"https:\/\/vieassociative.be\/actualites\/#\/schema\/person\/b87ac4f82f9d4e7b7cec7395b679edc4"},"headline":"Je suis un \u00e9crivain culinaire, et ce sont mes offres pr\u00e9f\u00e9r\u00e9es de premier jour sur les appareils de cuisine","datePublished":"2025-07-07T07:19:31+00:00","dateModified":"2025-07-07T07:19:31+00:00","mainEntityOfPage":{"@id":"https:\/\/vieassociative.be\/actualites\/je-suis-un-ecrivain-culinaire-et-ce-sont-mes-offres-preferees-de-premier-jour-sur-les-appareils-de-cuisine\/"},"wordCount":1135,"publisher":{"@id":"https:\/\/vieassociative.be\/actualites\/#organization"},"image":{"@id":"https:\/\/vieassociative.be\/actualites\/je-suis-un-ecrivain-culinaire-et-ce-sont-mes-offres-preferees-de-premier-jour-sur-les-appareils-de-cuisine\/#primaryimage"},"thumbnailUrl":"https:\/\/vieassociative.be\/actualites\/wp-content\/uploads\/2025\/07\/1751872772_Je-suis-un-ecrivain-culinaire-et-ce-sont-mes-offres.jpg","keywords":["appareils","cuisine","culinaire","\u00e9crivain","jour","Les","Mes","offres","pr\u00e9f\u00e9r\u00e9es","premier","sont","suis","sur"],"inLanguage":"fr-BE"},{"@type":"WebPage","@id":"https:\/\/vieassociative.be\/actualites\/je-suis-un-ecrivain-culinaire-et-ce-sont-mes-offres-preferees-de-premier-jour-sur-les-appareils-de-cuisine\/","url":"https:\/\/vieassociative.be\/actualites\/je-suis-un-ecrivain-culinaire-et-ce-sont-mes-offres-preferees-de-premier-jour-sur-les-appareils-de-cuisine\/","name":"Je suis un \u00e9crivain culinaire, et ce sont mes offres pr\u00e9f\u00e9r\u00e9es de premier jour sur les appareils de cuisine | Vie Associative","isPartOf":{"@id":"https:\/\/vieassociative.be\/actualites\/#website"},"primaryImageOfPage":{"@id":"https:\/\/vieassociative.be\/actualites\/je-suis-un-ecrivain-culinaire-et-ce-sont-mes-offres-preferees-de-premier-jour-sur-les-appareils-de-cuisine\/#primaryimage"},"image":{"@id":"https:\/\/vieassociative.be\/actualites\/je-suis-un-ecrivain-culinaire-et-ce-sont-mes-offres-preferees-de-premier-jour-sur-les-appareils-de-cuisine\/#primaryimage"},"thumbnailUrl":"https:\/\/vieassociative.be\/actualites\/wp-content\/uploads\/2025\/07\/1751872772_Je-suis-un-ecrivain-culinaire-et-ce-sont-mes-offres.jpg","datePublished":"2025-07-07T07:19:31+00:00","dateModified":"2025-07-07T07:19:31+00:00","breadcrumb":{"@id":"https:\/\/vieassociative.be\/actualites\/je-suis-un-ecrivain-culinaire-et-ce-sont-mes-offres-preferees-de-premier-jour-sur-les-appareils-de-cuisine\/#breadcrumb"},"inLanguage":"fr-BE","potentialAction":[{"@type":"ReadAction","target":["https:\/\/vieassociative.be\/actualites\/je-suis-un-ecrivain-culinaire-et-ce-sont-mes-offres-preferees-de-premier-jour-sur-les-appareils-de-cuisine\/"]}]},{"@type":"ImageObject","inLanguage":"fr-BE","@id":"https:\/\/vieassociative.be\/actualites\/je-suis-un-ecrivain-culinaire-et-ce-sont-mes-offres-preferees-de-premier-jour-sur-les-appareils-de-cuisine\/#primaryimage","url":"https:\/\/vieassociative.be\/actualites\/wp-content\/uploads\/2025\/07\/1751872772_Je-suis-un-ecrivain-culinaire-et-ce-sont-mes-offres.jpg","contentUrl":"https:\/\/vieassociative.be\/actualites\/wp-content\/uploads\/2025\/07\/1751872772_Je-suis-un-ecrivain-culinaire-et-ce-sont-mes-offres.jpg","width":1200,"height":675,"caption":"Je suis un \u00e9crivain culinaire, et ce sont mes offres pr\u00e9f\u00e9r\u00e9es de premier jour sur les appareils de cuisine"},{"@type":"BreadcrumbList","@id":"https:\/\/vieassociative.be\/actualites\/je-suis-un-ecrivain-culinaire-et-ce-sont-mes-offres-preferees-de-premier-jour-sur-les-appareils-de-cuisine\/#breadcrumb","itemListElement":[{"@type":"ListItem","position":1,"name":"Accueil","item":"https:\/\/vieassociative.be\/actualites\/"},{"@type":"ListItem","position":2,"name":"Je suis un \u00e9crivain culinaire, et ce sont mes offres pr\u00e9f\u00e9r\u00e9es de premier jour sur les appareils de cuisine"}]},{"@type":"WebSite","@id":"https:\/\/vieassociative.be\/actualites\/#website","url":"https:\/\/vieassociative.be\/actualites\/","name":"Vie Associative","description":"","publisher":{"@id":"https:\/\/vieassociative.be\/actualites\/#organization"},"potentialAction":[{"@type":"SearchAction","target":{"@type":"EntryPoint","urlTemplate":"https:\/\/vieassociative.be\/actualites\/?s={search_term_string}"},"query-input":{"@type":"PropertyValueSpecification","valueRequired":true,"valueName":"search_term_string"}}],"inLanguage":"fr-BE"},{"@type":"Organization","@id":"https:\/\/vieassociative.be\/actualites\/#organization","name":"Vie Associative","url":"https:\/\/vieassociative.be\/actualites\/","logo":{"@type":"ImageObject","inLanguage":"fr-BE","@id":"https:\/\/vieassociative.be\/actualites\/#\/schema\/logo\/image\/","url":"https:\/\/vieassociative.be\/actualites\/wp-content\/uploads\/2024\/09\/cropped-vieassociative_favicon.ico.png","contentUrl":"https:\/\/vieassociative.be\/actualites\/wp-content\/uploads\/2024\/09\/cropped-vieassociative_favicon.ico.png","width":512,"height":512,"caption":"Vie Associative"},"image":{"@id":"https:\/\/vieassociative.be\/actualites\/#\/schema\/logo\/image\/"}},{"@type":"Person","@id":"https:\/\/vieassociative.be\/actualites\/#\/schema\/person\/b87ac4f82f9d4e7b7cec7395b679edc4","name":"Julien","image":{"@type":"ImageObject","inLanguage":"fr-BE","@id":"https:\/\/vieassociative.be\/actualites\/#\/schema\/person\/image\/","url":"https:\/\/vieassociative.be\/actualites\/wp-content\/uploads\/2024\/09\/vie-associative-1-150x150.jpg","contentUrl":"https:\/\/vieassociative.be\/actualites\/wp-content\/uploads\/2024\/09\/vie-associative-1-150x150.jpg","caption":"Julien"},"description":"Je suis Julien, r\u00e9dacteur pour Vie Associative. Passionn\u00e9 par le monde associatif depuis plus de 10 ans, j'ai \u00e0 c\u0153ur de partager des histoires inspirantes et de mettre en lumi\u00e8re les initiatives locales. Mon objectif est de sensibiliser et d'encourager l'engagement communautaire \u00e0 travers mes articles.","sameAs":["https:\/\/vieassociative.be\/"]}]}},"_links":{"self":[{"href":"https:\/\/vieassociative.be\/actualites\/wp-json\/wp\/v2\/posts\/8576"}],"collection":[{"href":"https:\/\/vieassociative.be\/actualites\/wp-json\/wp\/v2\/posts"}],"about":[{"href":"https:\/\/vieassociative.be\/actualites\/wp-json\/wp\/v2\/types\/post"}],"author":[{"embeddable":true,"href":"https:\/\/vieassociative.be\/actualites\/wp-json\/wp\/v2\/users\/1"}],"replies":[{"embeddable":true,"href":"https:\/\/vieassociative.be\/actualites\/wp-json\/wp\/v2\/comments?post=8576"}],"version-history":[{"count":0,"href":"https:\/\/vieassociative.be\/actualites\/wp-json\/wp\/v2\/posts\/8576\/revisions"}],"wp:featuredmedia":[{"embeddable":true,"href":"https:\/\/vieassociative.be\/actualites\/wp-json\/wp\/v2\/media\/8577"}],"wp:attachment":[{"href":"https:\/\/vieassociative.be\/actualites\/wp-json\/wp\/v2\/media?parent=8576"}],"wp:term":[{"taxonomy":"category","embeddable":true,"href":"https:\/\/vieassociative.be\/actualites\/wp-json\/wp\/v2\/categories?post=8576"},{"taxonomy":"post_tag","embeddable":true,"href":"https:\/\/vieassociative.be\/actualites\/wp-json\/wp\/v2\/tags?post=8576"}],"curies":[{"name":"wp","href":"https:\/\/api.w.org\/{rel}","templated":true}]}}