{"id":8572,"date":"2025-07-07T04:17:37","date_gmt":"2025-07-07T02:17:37","guid":{"rendered":"https:\/\/vieassociative.be\/actualites\/van-der-poel-remporte-la-deuxieme-scene-de-la-tournee-et-va-chercher-jaune\/"},"modified":"2025-07-07T04:17:37","modified_gmt":"2025-07-07T02:17:37","slug":"van-der-poel-remporte-la-deuxieme-scene-de-la-tournee-et-va-chercher-jaune","status":"publish","type":"post","link":"https:\/\/vieassociative.be\/actualites\/van-der-poel-remporte-la-deuxieme-scene-de-la-tournee-et-va-chercher-jaune\/","title":{"rendered":"Van der Poel remporte la deuxi\u00e8me sc\u00e8ne de la tourn\u00e9e et va chercher jaune"},"content":{"rendered":"<p><strong>L&rsquo;ancien champion du monde Mathieu van der Poel a remport\u00e9 la deuxi\u00e8me \u00e9tape du 112e Tour de France et a obtenu le maillot jaune.<\/strong><\/p>\n<p><span id=\"more-419465\"><\/span>Le sp\u00e9cialiste du classique n\u00e9erlandais a gagn\u00e9 apr\u00e8s 209,1 kilom\u00e8tres de Lauwin-Planque \u00e0 Boulogne-sur-Mer avant le champion de la tourn\u00e9e Tadej Pogacar et Jonas Vingegaard. Au sommet du classement g\u00e9n\u00e9ral, Van der Poel a remplac\u00e9 son co\u00e9quipier belge Jasper Philipsen, qui a remport\u00e9 le d\u00e9part \u00e0 Lille samedi.<\/p>\n<p>Lundi, des sprinters \u00e0 v\u00e9lo comme Philipsen, qui conduit maintenant dans le maillot vert du point le mieux, peut esp\u00e9rer une arriv\u00e9e de masse classique. La troisi\u00e8me \u00e9tape m\u00e8ne \u00e0 plus de 178,3 kilom\u00e8tres de Valenciennes \u00e0 la ville portuaire de Dunkerchen, o\u00f9 la finale est compl\u00e8tement plate. (DPA \/ CRE)<\/p>\n","protected":false},"excerpt":{"rendered":"<p>L&rsquo;ancien champion du monde Mathieu van der Poel a remport\u00e9 la deuxi\u00e8me \u00e9tape du 112e Tour de France et a obtenu le maillot jaune. Le<\/p>\n","protected":false},"author":1,"featured_media":8573,"comment_status":"","ping_status":"","sticky":false,"template":"","format":"standard","meta":{"footnotes":""},"categories":[298],"tags":[5414,668,2525,6238,5974,2809,4189,7589,4100],"class_list":["post-8572","post","type-post","status-publish","format-standard","has-post-thumbnail","hentry","category-belgique","tag-chercher","tag-der","tag-deuxieme","tag-jaune","tag-poel","tag-remporte","tag-scene","tag-tournee","tag-van","generate-columns","tablet-grid-50","mobile-grid-100","grid-parent","grid-33"],"yoast_head":"<!-- This site is optimized with the Yoast SEO plugin v24.0 - https:\/\/yoast.com\/wordpress\/plugins\/seo\/ -->\n<title>Van der Poel remporte la deuxi\u00e8me sc\u00e8ne de la tourn\u00e9e et va chercher jaune | Vie Associative<\/title>\n<meta name=\"robots\" content=\"index, follow, max-snippet:-1, max-image-preview:large, max-video-preview:-1\" \/>\n<link rel=\"canonical\" href=\"https:\/\/vieassociative.be\/actualites\/van-der-poel-remporte-la-deuxieme-scene-de-la-tournee-et-va-chercher-jaune\/\" \/>\n<meta property=\"og:locale\" content=\"fr_FR\" \/>\n<meta property=\"og:type\" content=\"article\" \/>\n<meta property=\"og:title\" content=\"Van der Poel remporte la deuxi\u00e8me sc\u00e8ne de la tourn\u00e9e et va chercher jaune | Vie Associative\" \/>\n<meta property=\"og:description\" content=\"L&rsquo;ancien champion du monde Mathieu van der Poel a remport\u00e9 la deuxi\u00e8me \u00e9tape du 112e Tour de France et a obtenu le maillot jaune. Le\" \/>\n<meta property=\"og:url\" content=\"https:\/\/vieassociative.be\/actualites\/van-der-poel-remporte-la-deuxieme-scene-de-la-tournee-et-va-chercher-jaune\/\" \/>\n<meta property=\"og:site_name\" content=\"Vie Associative\" \/>\n<meta property=\"article:published_time\" content=\"2025-07-07T02:17:37+00:00\" \/>\n<meta property=\"og:image\" content=\"https:\/\/vieassociative.be\/actualites\/wp-content\/uploads\/2024\/09\/header_backgroundk-01-e1726694325946.png\" \/>\n\t<meta property=\"og:image:width\" content=\"279\" \/>\n\t<meta property=\"og:image:height\" content=\"92\" \/>\n\t<meta property=\"og:image:type\" content=\"image\/png\" \/>\n<meta name=\"author\" content=\"Julien\" \/>\n<meta name=\"twitter:card\" content=\"summary_large_image\" \/>\n<meta name=\"twitter:label1\" content=\"\u00c9crit par\" \/>\n\t<meta name=\"twitter:data1\" content=\"Julien\" \/>\n\t<meta name=\"twitter:label2\" content=\"Dur\u00e9e de lecture est.\" \/>\n\t<meta name=\"twitter:data2\" content=\"1 minute\" \/>\n<script type=\"application\/ld+json\" class=\"yoast-schema-graph\">{\"@context\":\"https:\/\/schema.org\",\"@graph\":[{\"@type\":\"Article\",\"@id\":\"https:\/\/vieassociative.be\/actualites\/van-der-poel-remporte-la-deuxieme-scene-de-la-tournee-et-va-chercher-jaune\/#article\",\"isPartOf\":{\"@id\":\"https:\/\/vieassociative.be\/actualites\/van-der-poel-remporte-la-deuxieme-scene-de-la-tournee-et-va-chercher-jaune\/\"},\"author\":{\"name\":\"Julien\",\"@id\":\"https:\/\/vieassociative.be\/actualites\/#\/schema\/person\/b87ac4f82f9d4e7b7cec7395b679edc4\"},\"headline\":\"Van der Poel remporte la deuxi\u00e8me sc\u00e8ne de la tourn\u00e9e et va chercher jaune\",\"datePublished\":\"2025-07-07T02:17:37+00:00\",\"dateModified\":\"2025-07-07T02:17:37+00:00\",\"mainEntityOfPage\":{\"@id\":\"https:\/\/vieassociative.be\/actualites\/van-der-poel-remporte-la-deuxieme-scene-de-la-tournee-et-va-chercher-jaune\/\"},\"wordCount\":150,\"publisher\":{\"@id\":\"https:\/\/vieassociative.be\/actualites\/#organization\"},\"image\":{\"@id\":\"https:\/\/vieassociative.be\/actualites\/van-der-poel-remporte-la-deuxieme-scene-de-la-tournee-et-va-chercher-jaune\/#primaryimage\"},\"thumbnailUrl\":\"https:\/\/vieassociative.be\/actualites\/wp-content\/uploads\/2025\/07\/Van-der-Poel-remporte-la-deuxieme-scene-de-la-tournee.jpg\",\"keywords\":[\"chercher\",\"der\",\"deuxi\u00e8me\",\"jaune\",\"Poel\",\"remport\u00e9\",\"sc\u00e8ne\",\"tourn\u00e9e\",\"Van\"],\"articleSection\":[\"Belgique\"],\"inLanguage\":\"fr-BE\"},{\"@type\":\"WebPage\",\"@id\":\"https:\/\/vieassociative.be\/actualites\/van-der-poel-remporte-la-deuxieme-scene-de-la-tournee-et-va-chercher-jaune\/\",\"url\":\"https:\/\/vieassociative.be\/actualites\/van-der-poel-remporte-la-deuxieme-scene-de-la-tournee-et-va-chercher-jaune\/\",\"name\":\"Van der Poel remporte la deuxi\u00e8me sc\u00e8ne de la tourn\u00e9e et va chercher jaune | Vie Associative\",\"isPartOf\":{\"@id\":\"https:\/\/vieassociative.be\/actualites\/#website\"},\"primaryImageOfPage\":{\"@id\":\"https:\/\/vieassociative.be\/actualites\/van-der-poel-remporte-la-deuxieme-scene-de-la-tournee-et-va-chercher-jaune\/#primaryimage\"},\"image\":{\"@id\":\"https:\/\/vieassociative.be\/actualites\/van-der-poel-remporte-la-deuxieme-scene-de-la-tournee-et-va-chercher-jaune\/#primaryimage\"},\"thumbnailUrl\":\"https:\/\/vieassociative.be\/actualites\/wp-content\/uploads\/2025\/07\/Van-der-Poel-remporte-la-deuxieme-scene-de-la-tournee.jpg\",\"datePublished\":\"2025-07-07T02:17:37+00:00\",\"dateModified\":\"2025-07-07T02:17:37+00:00\",\"breadcrumb\":{\"@id\":\"https:\/\/vieassociative.be\/actualites\/van-der-poel-remporte-la-deuxieme-scene-de-la-tournee-et-va-chercher-jaune\/#breadcrumb\"},\"inLanguage\":\"fr-BE\",\"potentialAction\":[{\"@type\":\"ReadAction\",\"target\":[\"https:\/\/vieassociative.be\/actualites\/van-der-poel-remporte-la-deuxieme-scene-de-la-tournee-et-va-chercher-jaune\/\"]}]},{\"@type\":\"ImageObject\",\"inLanguage\":\"fr-BE\",\"@id\":\"https:\/\/vieassociative.be\/actualites\/van-der-poel-remporte-la-deuxieme-scene-de-la-tournee-et-va-chercher-jaune\/#primaryimage\",\"url\":\"https:\/\/vieassociative.be\/actualites\/wp-content\/uploads\/2025\/07\/Van-der-Poel-remporte-la-deuxieme-scene-de-la-tournee.jpg\",\"contentUrl\":\"https:\/\/vieassociative.be\/actualites\/wp-content\/uploads\/2025\/07\/Van-der-Poel-remporte-la-deuxieme-scene-de-la-tournee.jpg\",\"width\":1200,\"height\":800,\"caption\":\"Van der Poel remporte la deuxi\u00e8me sc\u00e8ne de la tourn\u00e9e et va chercher jaune\"},{\"@type\":\"BreadcrumbList\",\"@id\":\"https:\/\/vieassociative.be\/actualites\/van-der-poel-remporte-la-deuxieme-scene-de-la-tournee-et-va-chercher-jaune\/#breadcrumb\",\"itemListElement\":[{\"@type\":\"ListItem\",\"position\":1,\"name\":\"Accueil\",\"item\":\"https:\/\/vieassociative.be\/actualites\/\"},{\"@type\":\"ListItem\",\"position\":2,\"name\":\"Van der Poel remporte la deuxi\u00e8me sc\u00e8ne de la tourn\u00e9e et va chercher jaune\"}]},{\"@type\":\"WebSite\",\"@id\":\"https:\/\/vieassociative.be\/actualites\/#website\",\"url\":\"https:\/\/vieassociative.be\/actualites\/\",\"name\":\"Vie Associative\",\"description\":\"\",\"publisher\":{\"@id\":\"https:\/\/vieassociative.be\/actualites\/#organization\"},\"potentialAction\":[{\"@type\":\"SearchAction\",\"target\":{\"@type\":\"EntryPoint\",\"urlTemplate\":\"https:\/\/vieassociative.be\/actualites\/?s={search_term_string}\"},\"query-input\":{\"@type\":\"PropertyValueSpecification\",\"valueRequired\":true,\"valueName\":\"search_term_string\"}}],\"inLanguage\":\"fr-BE\"},{\"@type\":\"Organization\",\"@id\":\"https:\/\/vieassociative.be\/actualites\/#organization\",\"name\":\"Vie Associative\",\"url\":\"https:\/\/vieassociative.be\/actualites\/\",\"logo\":{\"@type\":\"ImageObject\",\"inLanguage\":\"fr-BE\",\"@id\":\"https:\/\/vieassociative.be\/actualites\/#\/schema\/logo\/image\/\",\"url\":\"https:\/\/vieassociative.be\/actualites\/wp-content\/uploads\/2024\/09\/cropped-vieassociative_favicon.ico.png\",\"contentUrl\":\"https:\/\/vieassociative.be\/actualites\/wp-content\/uploads\/2024\/09\/cropped-vieassociative_favicon.ico.png\",\"width\":512,\"height\":512,\"caption\":\"Vie Associative\"},\"image\":{\"@id\":\"https:\/\/vieassociative.be\/actualites\/#\/schema\/logo\/image\/\"}},{\"@type\":\"Person\",\"@id\":\"https:\/\/vieassociative.be\/actualites\/#\/schema\/person\/b87ac4f82f9d4e7b7cec7395b679edc4\",\"name\":\"Julien\",\"image\":{\"@type\":\"ImageObject\",\"inLanguage\":\"fr-BE\",\"@id\":\"https:\/\/vieassociative.be\/actualites\/#\/schema\/person\/image\/\",\"url\":\"https:\/\/vieassociative.be\/actualites\/wp-content\/uploads\/2024\/09\/vie-associative-1-150x150.jpg\",\"contentUrl\":\"https:\/\/vieassociative.be\/actualites\/wp-content\/uploads\/2024\/09\/vie-associative-1-150x150.jpg\",\"caption\":\"Julien\"},\"description\":\"Je suis Julien, r\u00e9dacteur pour Vie Associative. Passionn\u00e9 par le monde associatif depuis plus de 10 ans, j'ai \u00e0 c\u0153ur de partager des histoires inspirantes et de mettre en lumi\u00e8re les initiatives locales. Mon objectif est de sensibiliser et d'encourager l'engagement communautaire \u00e0 travers mes articles.\",\"sameAs\":[\"https:\/\/vieassociative.be\/\"]}]}<\/script>\n<!-- \/ Yoast SEO plugin. -->","yoast_head_json":{"title":"Van der Poel remporte la deuxi\u00e8me sc\u00e8ne de la tourn\u00e9e et va chercher jaune | Vie Associative","robots":{"index":"index","follow":"follow","max-snippet":"max-snippet:-1","max-image-preview":"max-image-preview:large","max-video-preview":"max-video-preview:-1"},"canonical":"https:\/\/vieassociative.be\/actualites\/van-der-poel-remporte-la-deuxieme-scene-de-la-tournee-et-va-chercher-jaune\/","og_locale":"fr_FR","og_type":"article","og_title":"Van der Poel remporte la deuxi\u00e8me sc\u00e8ne de la tourn\u00e9e et va chercher jaune | Vie Associative","og_description":"L&rsquo;ancien champion du monde Mathieu van der Poel a remport\u00e9 la deuxi\u00e8me \u00e9tape du 112e Tour de France et a obtenu le maillot jaune. Le","og_url":"https:\/\/vieassociative.be\/actualites\/van-der-poel-remporte-la-deuxieme-scene-de-la-tournee-et-va-chercher-jaune\/","og_site_name":"Vie Associative","article_published_time":"2025-07-07T02:17:37+00:00","og_image":[{"width":279,"height":92,"url":"https:\/\/vieassociative.be\/actualites\/wp-content\/uploads\/2024\/09\/header_backgroundk-01-e1726694325946.png","type":"image\/png"}],"author":"Julien","twitter_card":"summary_large_image","twitter_misc":{"\u00c9crit par":"Julien","Dur\u00e9e de lecture est.":"1 minute"},"schema":{"@context":"https:\/\/schema.org","@graph":[{"@type":"Article","@id":"https:\/\/vieassociative.be\/actualites\/van-der-poel-remporte-la-deuxieme-scene-de-la-tournee-et-va-chercher-jaune\/#article","isPartOf":{"@id":"https:\/\/vieassociative.be\/actualites\/van-der-poel-remporte-la-deuxieme-scene-de-la-tournee-et-va-chercher-jaune\/"},"author":{"name":"Julien","@id":"https:\/\/vieassociative.be\/actualites\/#\/schema\/person\/b87ac4f82f9d4e7b7cec7395b679edc4"},"headline":"Van der Poel remporte la deuxi\u00e8me sc\u00e8ne de la tourn\u00e9e et va chercher jaune","datePublished":"2025-07-07T02:17:37+00:00","dateModified":"2025-07-07T02:17:37+00:00","mainEntityOfPage":{"@id":"https:\/\/vieassociative.be\/actualites\/van-der-poel-remporte-la-deuxieme-scene-de-la-tournee-et-va-chercher-jaune\/"},"wordCount":150,"publisher":{"@id":"https:\/\/vieassociative.be\/actualites\/#organization"},"image":{"@id":"https:\/\/vieassociative.be\/actualites\/van-der-poel-remporte-la-deuxieme-scene-de-la-tournee-et-va-chercher-jaune\/#primaryimage"},"thumbnailUrl":"https:\/\/vieassociative.be\/actualites\/wp-content\/uploads\/2025\/07\/Van-der-Poel-remporte-la-deuxieme-scene-de-la-tournee.jpg","keywords":["chercher","der","deuxi\u00e8me","jaune","Poel","remport\u00e9","sc\u00e8ne","tourn\u00e9e","Van"],"articleSection":["Belgique"],"inLanguage":"fr-BE"},{"@type":"WebPage","@id":"https:\/\/vieassociative.be\/actualites\/van-der-poel-remporte-la-deuxieme-scene-de-la-tournee-et-va-chercher-jaune\/","url":"https:\/\/vieassociative.be\/actualites\/van-der-poel-remporte-la-deuxieme-scene-de-la-tournee-et-va-chercher-jaune\/","name":"Van der Poel remporte la deuxi\u00e8me sc\u00e8ne de la tourn\u00e9e et va chercher jaune | Vie Associative","isPartOf":{"@id":"https:\/\/vieassociative.be\/actualites\/#website"},"primaryImageOfPage":{"@id":"https:\/\/vieassociative.be\/actualites\/van-der-poel-remporte-la-deuxieme-scene-de-la-tournee-et-va-chercher-jaune\/#primaryimage"},"image":{"@id":"https:\/\/vieassociative.be\/actualites\/van-der-poel-remporte-la-deuxieme-scene-de-la-tournee-et-va-chercher-jaune\/#primaryimage"},"thumbnailUrl":"https:\/\/vieassociative.be\/actualites\/wp-content\/uploads\/2025\/07\/Van-der-Poel-remporte-la-deuxieme-scene-de-la-tournee.jpg","datePublished":"2025-07-07T02:17:37+00:00","dateModified":"2025-07-07T02:17:37+00:00","breadcrumb":{"@id":"https:\/\/vieassociative.be\/actualites\/van-der-poel-remporte-la-deuxieme-scene-de-la-tournee-et-va-chercher-jaune\/#breadcrumb"},"inLanguage":"fr-BE","potentialAction":[{"@type":"ReadAction","target":["https:\/\/vieassociative.be\/actualites\/van-der-poel-remporte-la-deuxieme-scene-de-la-tournee-et-va-chercher-jaune\/"]}]},{"@type":"ImageObject","inLanguage":"fr-BE","@id":"https:\/\/vieassociative.be\/actualites\/van-der-poel-remporte-la-deuxieme-scene-de-la-tournee-et-va-chercher-jaune\/#primaryimage","url":"https:\/\/vieassociative.be\/actualites\/wp-content\/uploads\/2025\/07\/Van-der-Poel-remporte-la-deuxieme-scene-de-la-tournee.jpg","contentUrl":"https:\/\/vieassociative.be\/actualites\/wp-content\/uploads\/2025\/07\/Van-der-Poel-remporte-la-deuxieme-scene-de-la-tournee.jpg","width":1200,"height":800,"caption":"Van der Poel remporte la deuxi\u00e8me sc\u00e8ne de la tourn\u00e9e et va chercher jaune"},{"@type":"BreadcrumbList","@id":"https:\/\/vieassociative.be\/actualites\/van-der-poel-remporte-la-deuxieme-scene-de-la-tournee-et-va-chercher-jaune\/#breadcrumb","itemListElement":[{"@type":"ListItem","position":1,"name":"Accueil","item":"https:\/\/vieassociative.be\/actualites\/"},{"@type":"ListItem","position":2,"name":"Van der Poel remporte la deuxi\u00e8me sc\u00e8ne de la tourn\u00e9e et va chercher jaune"}]},{"@type":"WebSite","@id":"https:\/\/vieassociative.be\/actualites\/#website","url":"https:\/\/vieassociative.be\/actualites\/","name":"Vie Associative","description":"","publisher":{"@id":"https:\/\/vieassociative.be\/actualites\/#organization"},"potentialAction":[{"@type":"SearchAction","target":{"@type":"EntryPoint","urlTemplate":"https:\/\/vieassociative.be\/actualites\/?s={search_term_string}"},"query-input":{"@type":"PropertyValueSpecification","valueRequired":true,"valueName":"search_term_string"}}],"inLanguage":"fr-BE"},{"@type":"Organization","@id":"https:\/\/vieassociative.be\/actualites\/#organization","name":"Vie Associative","url":"https:\/\/vieassociative.be\/actualites\/","logo":{"@type":"ImageObject","inLanguage":"fr-BE","@id":"https:\/\/vieassociative.be\/actualites\/#\/schema\/logo\/image\/","url":"https:\/\/vieassociative.be\/actualites\/wp-content\/uploads\/2024\/09\/cropped-vieassociative_favicon.ico.png","contentUrl":"https:\/\/vieassociative.be\/actualites\/wp-content\/uploads\/2024\/09\/cropped-vieassociative_favicon.ico.png","width":512,"height":512,"caption":"Vie Associative"},"image":{"@id":"https:\/\/vieassociative.be\/actualites\/#\/schema\/logo\/image\/"}},{"@type":"Person","@id":"https:\/\/vieassociative.be\/actualites\/#\/schema\/person\/b87ac4f82f9d4e7b7cec7395b679edc4","name":"Julien","image":{"@type":"ImageObject","inLanguage":"fr-BE","@id":"https:\/\/vieassociative.be\/actualites\/#\/schema\/person\/image\/","url":"https:\/\/vieassociative.be\/actualites\/wp-content\/uploads\/2024\/09\/vie-associative-1-150x150.jpg","contentUrl":"https:\/\/vieassociative.be\/actualites\/wp-content\/uploads\/2024\/09\/vie-associative-1-150x150.jpg","caption":"Julien"},"description":"Je suis Julien, r\u00e9dacteur pour Vie Associative. Passionn\u00e9 par le monde associatif depuis plus de 10 ans, j'ai \u00e0 c\u0153ur de partager des histoires inspirantes et de mettre en lumi\u00e8re les initiatives locales. Mon objectif est de sensibiliser et d'encourager l'engagement communautaire \u00e0 travers mes articles.","sameAs":["https:\/\/vieassociative.be\/"]}]}},"_links":{"self":[{"href":"https:\/\/vieassociative.be\/actualites\/wp-json\/wp\/v2\/posts\/8572"}],"collection":[{"href":"https:\/\/vieassociative.be\/actualites\/wp-json\/wp\/v2\/posts"}],"about":[{"href":"https:\/\/vieassociative.be\/actualites\/wp-json\/wp\/v2\/types\/post"}],"author":[{"embeddable":true,"href":"https:\/\/vieassociative.be\/actualites\/wp-json\/wp\/v2\/users\/1"}],"replies":[{"embeddable":true,"href":"https:\/\/vieassociative.be\/actualites\/wp-json\/wp\/v2\/comments?post=8572"}],"version-history":[{"count":0,"href":"https:\/\/vieassociative.be\/actualites\/wp-json\/wp\/v2\/posts\/8572\/revisions"}],"wp:featuredmedia":[{"embeddable":true,"href":"https:\/\/vieassociative.be\/actualites\/wp-json\/wp\/v2\/media\/8573"}],"wp:attachment":[{"href":"https:\/\/vieassociative.be\/actualites\/wp-json\/wp\/v2\/media?parent=8572"}],"wp:term":[{"taxonomy":"category","embeddable":true,"href":"https:\/\/vieassociative.be\/actualites\/wp-json\/wp\/v2\/categories?post=8572"},{"taxonomy":"post_tag","embeddable":true,"href":"https:\/\/vieassociative.be\/actualites\/wp-json\/wp\/v2\/tags?post=8572"}],"curies":[{"name":"wp","href":"https:\/\/api.w.org\/{rel}","templated":true}]}}