{"id":8570,"date":"2025-07-07T03:17:27","date_gmt":"2025-07-07T01:17:27","guid":{"rendered":"https:\/\/vieassociative.be\/actualites\/le-garmin-instinct-2-est-a-son-prix-le-plus-bas-pour-le-moment\/"},"modified":"2025-07-07T03:17:27","modified_gmt":"2025-07-07T01:17:27","slug":"le-garmin-instinct-2-est-a-son-prix-le-plus-bas-pour-le-moment","status":"publish","type":"post","link":"https:\/\/vieassociative.be\/actualites\/le-garmin-instinct-2-est-a-son-prix-le-plus-bas-pour-le-moment\/","title":{"rendered":"Le Garmin Instinct 2 est \u00e0 son prix le plus bas pour le moment"},"content":{"rendered":"<div class=\"mt-4 leading-6 md:mb-8\">Cette montre intelligente en plein air est polyvalente, durable et con\u00e7ue pour les aventures.<\/div>\n<p><\/p>\n<p>Si vous passez beaucoup de temps dans le d\u00e9sert, la smartwatch Garmin Instinct 2, compatible GPS, compatible GPS, est peut-\u00eatre d\u00e9j\u00e0 sur votre radar &#8211; et en ce moment, il est de 130 $ de r\u00e9duction sur Amazon. Avec une construction durable qui r\u00e9siste aux \u00e9l\u00e9ments et \u00e0 une batterie durable, c&rsquo;est un compagnon solide pour les aventures en plein air.<\/p>\n<div class=\"pogoClear mb-12 mt-10 rounded-md border-2 border-gray-100 py-7 shadow-xl md:py-6\">\n<div class=\"flex flex-wrap justify-between px-7 text-black no-underline md:flex-nowrap md:px-8\">\n<div class=\"order-1 mx-auto flex flex-col justify-center md:order-2 md:ml-4 md:w-full md:grow\">\n<div class=\"block cursor-pointer text-center font-akshar text-2xl font-medium leading-7 text-brand-green duration-200 ease-in-out hover:text-brand-green-700 md:text-left md:text-xl md:leading-6\">Garmin Instinct 2 Smartwatch\n                <\/div>\n<div class=\"mt-4 hidden md:flex md:justify-between\">\n<div class=\"self-end\">\n<div class=\"mb-0 h-11 md:flex md:flex-col md:justify-center\">\n<div class=\" font-sans leading-4 text-black\">\n<div class=\"flex flex-wrap items-center justify-center gap-x-1 md:justify-start\">\n        <span class=\"font-bold\"><\/p>\n<p>            169,99 $<br \/>\n                            <span class=\"font-medium\">\u00e0 Amazon<\/span><br \/>\n                    <\/span>\n            <\/div>\n<div class=\"flex items-center justify-center gap-x-1 font-bold md:justify-start\">\n            <span class=\"text-sm line-through\">299,99 $<\/span><br \/>\n            <span class=\"text-sm text-brand-green\">\u00c9conomisez 130,00 $<\/span>\n        <\/div>\n<\/p><\/div>\n<\/p><\/div>\n<\/p><\/div>\n<div class=\"w-44 self-end\">\n                            <button class=\"flex justify-center items-center w-full bg-brand-green text-white text-base font-sans font-medium rounded-md hover:bg-brand-green-700 hover:cursor-pointer md:text-sm h-11\"><\/p>\n<p>    Conclure un accord<br \/>\n<\/button>\n                        <\/div>\n<\/p><\/div>\n<\/p><\/div>\n<div class=\"order-2 mt-5 h-auto w-full md:order-1 md:mt-0 md:hidden\">\n<div class=\"flex aspect-video items-center justify-center\">\n                                            <img decoding=\"async\" class=\"m-0 max-h-full max-w-full rounded-md\" src=\"https:\/\/vieassociative.be\/actualites\/wp-content\/uploads\/2025\/07\/Le-Garmin-Instinct-2-est-a-son-prix-le-plus.jpg\" alt=\"Garmin Instinct 2 Smartwatch\" width=\"auto\" height=\"auto\" loading=\"lazy\">\n                                    <\/div>\n<\/p><\/div>\n<div class=\"order-2 ml-2 hidden w-32 shrink-0 items-center md:order-1 md:ml-0 md:flex\">\n<div class=\"flex aspect-video items-center justify-center\">\n                                            <img decoding=\"async\" class=\"m-0 max-h-full max-w-full rounded-md\" src=\"https:\/\/vieassociative.be\/actualites\/wp-content\/uploads\/2025\/07\/Le-Garmin-Instinct-2-est-a-son-prix-le-plus.jpg\" alt=\"Garmin Instinct 2 Smartwatch\" width=\"auto\" height=\"auto\" loading=\"lazy\">\n                                    <\/div>\n<\/p><\/div>\n<div class=\"order-3 flex grow flex-wrap md:hidden md:grow-0\">\n<div class=\"mt-4 w-full\">\n                        <button class=\"flex justify-center items-center w-full bg-brand-green text-white text-base font-sans font-medium rounded-md hover:bg-brand-green-700 hover:cursor-pointer md:text-sm h-11\"><\/p>\n<p>    Conclure un accord<br \/>\n<\/button>\n                    <\/div>\n<div class=\"mx-2 mt-4 w-full\">\n<div class=\" font-sans leading-4 text-black\">\n<div class=\"flex flex-wrap items-center justify-center gap-x-1 md:justify-start\">\n        <span class=\"font-bold\"><\/p>\n<p>            169,99 $<br \/>\n                            <span class=\"font-medium\">\u00e0 Amazon<\/span><br \/>\n                    <\/span>\n            <\/div>\n<div class=\"flex items-center justify-center gap-x-1 font-bold md:justify-start\">\n            <span class=\"text-sm line-through\">299,99 $<\/span><br \/>\n            <span class=\"text-sm text-brand-green\">\u00c9conomisez 130,00 $<\/span>\n        <\/div>\n<\/p><\/div>\n<\/p><\/div>\n<\/p><\/div>\n<\/p><\/div>\n<\/div>\n<p>En mode smartwatch, la dur\u00e9e de vie de la batterie de ce mod\u00e8le Garmin peut durer jusqu&rsquo;\u00e0 28 jours. En mode GPS, il tombe \u00e0 environ 30 heures. Bien que cela ne dure pas tant que l&rsquo;alternative solaire plus ch\u00e8re de la marque (qui est \u00e9galement \u00e0 40% de r\u00e9duction), il vous donne toujours beaucoup de ruissellement sur une seule charge pour les randonn\u00e9es courtes ou les week-ends. Il contient jusqu&rsquo;\u00e0 32 Mo de stockage et se connecte via USB et Bluetooth. La navigation est une fonctionnalit\u00e9 remarquable, avec une prise en charge des satellites GPS, GLONASS et Galileo, ainsi qu&rsquo;une boussole \u00e0 3 axes int\u00e9gr\u00e9e et un altim\u00e8tre barom\u00e9trique.<\/p>\n<p>La montre comprend \u00e9galement le suivi de la sant\u00e9 toute la journ\u00e9e (avec la mise en garde habituelle que ce sont des estimations), couvrant le sommeil, la fr\u00e9quence cardiaque, la respiration et le b\u0153uf de pouls dans certains pays. Les applications sportives int\u00e9gr\u00e9es prennent en charge la course, la randonn\u00e9e, le v\u00e9lo, la natation (elle est r\u00e9sistante \u00e0 l&rsquo;eau jusqu&rsquo;\u00e0 100 m\u00e8tres) et l&rsquo;entra\u00eenement en force. Les examinateurs mettent en \u00e9vidence son suivi des activit\u00e9s comme une force cl\u00e9, l&rsquo;appelant un outil fiable pour quiconque cherche \u00e0 surveiller ou \u00e0 am\u00e9liorer les performances physiques.<\/p>\n<p>Cela \u00e9tant dit, les opinions sont mitig\u00e9es concernant la facilit\u00e9 d&rsquo;utilisation. Bien que certains acheteurs le consid\u00e8rent conviviaux, d&rsquo;autres ne le trouvent pas aussi intuitifs, disant que les commandes et l&rsquo;interface sont difficiles \u00e0 habituer, surtout si vous ne l&rsquo;utilisez pas r\u00e9guli\u00e8rement. La montre est cependant hautement personnalisable, permettant aux utilisateurs de r\u00e9organiser l&rsquo;\u00e9cran principal et de modifier les fonctionnalit\u00e9s disponibles pour s&rsquo;adapter \u00e0 leurs routines.<\/p>\n<div class=\"pogoClear relative my-10 border-b-(1.5px) border-t-(1.5px) border-dashed border-black py-5 sm:my-14 sm:border-0 sm:py-0\" data-ga-click data-ga-template=\"Deals\" data-ga-module=\"openweb_widget\" data-ga-element=\"openweb_scroll\" data-ga-item=\"openweb_scroll_midpage\" x-data=\"{\n         commentsCount: null,\n         hasComments: false,\n         async fetchCommentsCount() {\n             try {\n                 if (window.openweb &amp;&amp; typeof window.openweb.getMessagesCount === 'function') {\n                     this.commentsCount = await window.openweb.getMessagesCount('01JZ8PTS798SFSJ4FPPTYH1FHV');\n                     this.hasComments = this.commentsCount !== null &amp;&amp; this.commentsCount &gt; 0;\n                 }\n             } catch (e) {\n                 console.warn('Failed to fetch comment count:', e);\n             }\n         }\n     }\" x-init=\"fetchCommentsCount()\" x-cloak><\/p>\n<div class=\"absolute top-1\/2 hidden w-full -translate-y-1\/2 border-t-(1.5px) border-dashed border-black sm:block\"><\/div>\n<div class=\"relative flex justify-center\">\n<div class=\"flex max-w-fit items-center gap-x-3 bg-white px-5\">\n<div class=\"relative\">\n                <span class=\"absolute left-1\/2 top-1\/2 -translate-x-1\/2 -translate-y-1\/2 font-akshar text-sm font-medium text-black\" aria-live=\"polite\" x-show=\"hasComments\" x-text=\"commentsCount\"><\/span><\/p>\n<p>                <svg class=\"h-8 w-8 text-black\" role=\"img\" aria-hidden=\"true\">\n                    <use href=\"http:\/\/lifehacker.com\/images\/icons\/spritemap.svg#sprite-chat-bubble\"><\/use>\n                <\/svg>\n            <\/div>\n<p>            <span class=\"text-sm font-medium text-black\"><\/p>\n<p>                Que pensez-vous jusqu&rsquo;\u00e0 pr\u00e9sent?<br \/>\n                <button class=\"ml-1 font-semibold text-brand-green underline hover:text-brand-green-700\" type=\"button\" aria-label=\"Comment section trigger\" onclick=\"window.openweb.scrollToComments('01JZ8PTS798SFSJ4FPPTYH1FHV')\" x-text=\"hasComments ? 'Post a comment.' : 'Be the first to post a comment.'\"><\/button><br \/>\n            <\/span>\n        <\/div>\n<\/p><\/div>\n<\/div>\n<p>En ce qui concerne la construction, l&rsquo;instinct 2 est d\u00e9crit comme robuste mais l\u00e9ger, gr\u00e2ce \u00e0 son bo\u00eetier en polym\u00e8re renforc\u00e9 de fibre et \u00e0 un verre de gorille Corning r\u00e9sistant aux rayures. L&rsquo;\u00e9cran d&rsquo;affichage monochrome de 1,12 pouce est facile \u00e0 lire en lumi\u00e8re directe du soleil, mais il manque de cloches et de sifflets comme un \u00e9cran tactile, une couleur et une lecture vid\u00e9o, donc si vous cherchez quelque chose d&rsquo;ultra-moderne, vous voudrez peut-\u00eatre passer \u00e0 un mod\u00e8le diff\u00e9rent. <\/p>\n<p>Pourtant, pour les amateurs de plein air et de fitness qui veulent une montre GPS durable sans fioritures avec une excellente autonomie et des capacit\u00e9s de suivi solides, le Garmin Instinct 2 SmartWatch peut aider \u00e0 faire passer vos aventures au niveau sup\u00e9rieur.<\/p>\n","protected":false},"excerpt":{"rendered":"<p>Cette montre intelligente en plein air est polyvalente, durable et con\u00e7ue pour les aventures. Si vous passez beaucoup de temps dans le d\u00e9sert, la smartwatch<\/p>\n","protected":false},"author":1,"featured_media":8571,"comment_status":"","ping_status":"","sticky":false,"template":"","format":"standard","meta":{"footnotes":""},"categories":[38],"tags":[700,76,3685,6167,1429,81,1399,800],"class_list":["post-8570","post","type-post","status-publish","format-standard","has-post-thumbnail","hentry","category-sante","tag-bas","tag-est","tag-garmin","tag-instinct","tag-moment","tag-pour","tag-prix","tag-son","generate-columns","tablet-grid-50","mobile-grid-100","grid-parent","grid-33"],"yoast_head":"<!-- This site is optimized with the Yoast SEO plugin v24.0 - https:\/\/yoast.com\/wordpress\/plugins\/seo\/ -->\n<title>Le Garmin Instinct 2 est \u00e0 son prix le plus bas pour le moment | Vie Associative<\/title>\n<meta name=\"robots\" content=\"index, follow, max-snippet:-1, max-image-preview:large, max-video-preview:-1\" \/>\n<link rel=\"canonical\" href=\"https:\/\/vieassociative.be\/actualites\/le-garmin-instinct-2-est-a-son-prix-le-plus-bas-pour-le-moment\/\" \/>\n<meta property=\"og:locale\" content=\"fr_FR\" \/>\n<meta property=\"og:type\" content=\"article\" \/>\n<meta property=\"og:title\" content=\"Le Garmin Instinct 2 est \u00e0 son prix le plus bas pour le moment | Vie Associative\" \/>\n<meta property=\"og:description\" content=\"Cette montre intelligente en plein air est polyvalente, durable et con\u00e7ue pour les aventures. Si vous passez beaucoup de temps dans le d\u00e9sert, la smartwatch\" \/>\n<meta property=\"og:url\" content=\"https:\/\/vieassociative.be\/actualites\/le-garmin-instinct-2-est-a-son-prix-le-plus-bas-pour-le-moment\/\" \/>\n<meta property=\"og:site_name\" content=\"Vie Associative\" \/>\n<meta property=\"article:published_time\" content=\"2025-07-07T01:17:27+00:00\" \/>\n<meta property=\"og:image\" content=\"https:\/\/vieassociative.be\/actualites\/wp-content\/uploads\/2025\/07\/Le-Garmin-Instinct-2-est-a-son-prix-le-plus.jpg\" \/>\n<meta name=\"author\" content=\"Julien\" \/>\n<meta name=\"twitter:card\" content=\"summary_large_image\" \/>\n<meta name=\"twitter:label1\" content=\"\u00c9crit par\" \/>\n\t<meta name=\"twitter:data1\" content=\"Julien\" \/>\n\t<meta name=\"twitter:label2\" content=\"Dur\u00e9e de lecture est.\" \/>\n\t<meta name=\"twitter:data2\" content=\"3 minutes\" \/>\n<script type=\"application\/ld+json\" class=\"yoast-schema-graph\">{\"@context\":\"https:\/\/schema.org\",\"@graph\":[{\"@type\":\"Article\",\"@id\":\"https:\/\/vieassociative.be\/actualites\/le-garmin-instinct-2-est-a-son-prix-le-plus-bas-pour-le-moment\/#article\",\"isPartOf\":{\"@id\":\"https:\/\/vieassociative.be\/actualites\/le-garmin-instinct-2-est-a-son-prix-le-plus-bas-pour-le-moment\/\"},\"author\":{\"name\":\"Julien\",\"@id\":\"https:\/\/vieassociative.be\/actualites\/#\/schema\/person\/b87ac4f82f9d4e7b7cec7395b679edc4\"},\"headline\":\"Le Garmin Instinct 2 est \u00e0 son prix le plus bas pour le moment\",\"datePublished\":\"2025-07-07T01:17:27+00:00\",\"dateModified\":\"2025-07-07T01:17:27+00:00\",\"mainEntityOfPage\":{\"@id\":\"https:\/\/vieassociative.be\/actualites\/le-garmin-instinct-2-est-a-son-prix-le-plus-bas-pour-le-moment\/\"},\"wordCount\":536,\"publisher\":{\"@id\":\"https:\/\/vieassociative.be\/actualites\/#organization\"},\"image\":{\"@id\":\"https:\/\/vieassociative.be\/actualites\/le-garmin-instinct-2-est-a-son-prix-le-plus-bas-pour-le-moment\/#primaryimage\"},\"thumbnailUrl\":\"https:\/\/vieassociative.be\/actualites\/wp-content\/uploads\/2025\/07\/Le-Garmin-Instinct-2-est-a-son-prix-le-plus.png\",\"keywords\":[\"bas\",\"est\",\"Garmin\",\"Instinct\",\"moment\",\"pour\",\"prix\",\"son\"],\"articleSection\":[\"Sant\u00e9\"],\"inLanguage\":\"fr-BE\"},{\"@type\":\"WebPage\",\"@id\":\"https:\/\/vieassociative.be\/actualites\/le-garmin-instinct-2-est-a-son-prix-le-plus-bas-pour-le-moment\/\",\"url\":\"https:\/\/vieassociative.be\/actualites\/le-garmin-instinct-2-est-a-son-prix-le-plus-bas-pour-le-moment\/\",\"name\":\"Le Garmin Instinct 2 est \u00e0 son prix le plus bas pour le moment | Vie Associative\",\"isPartOf\":{\"@id\":\"https:\/\/vieassociative.be\/actualites\/#website\"},\"primaryImageOfPage\":{\"@id\":\"https:\/\/vieassociative.be\/actualites\/le-garmin-instinct-2-est-a-son-prix-le-plus-bas-pour-le-moment\/#primaryimage\"},\"image\":{\"@id\":\"https:\/\/vieassociative.be\/actualites\/le-garmin-instinct-2-est-a-son-prix-le-plus-bas-pour-le-moment\/#primaryimage\"},\"thumbnailUrl\":\"https:\/\/vieassociative.be\/actualites\/wp-content\/uploads\/2025\/07\/Le-Garmin-Instinct-2-est-a-son-prix-le-plus.png\",\"datePublished\":\"2025-07-07T01:17:27+00:00\",\"dateModified\":\"2025-07-07T01:17:27+00:00\",\"breadcrumb\":{\"@id\":\"https:\/\/vieassociative.be\/actualites\/le-garmin-instinct-2-est-a-son-prix-le-plus-bas-pour-le-moment\/#breadcrumb\"},\"inLanguage\":\"fr-BE\",\"potentialAction\":[{\"@type\":\"ReadAction\",\"target\":[\"https:\/\/vieassociative.be\/actualites\/le-garmin-instinct-2-est-a-son-prix-le-plus-bas-pour-le-moment\/\"]}]},{\"@type\":\"ImageObject\",\"inLanguage\":\"fr-BE\",\"@id\":\"https:\/\/vieassociative.be\/actualites\/le-garmin-instinct-2-est-a-son-prix-le-plus-bas-pour-le-moment\/#primaryimage\",\"url\":\"https:\/\/vieassociative.be\/actualites\/wp-content\/uploads\/2025\/07\/Le-Garmin-Instinct-2-est-a-son-prix-le-plus.png\",\"contentUrl\":\"https:\/\/vieassociative.be\/actualites\/wp-content\/uploads\/2025\/07\/Le-Garmin-Instinct-2-est-a-son-prix-le-plus.png\",\"width\":1200,\"height\":675,\"caption\":\"Le Garmin Instinct 2 est \u00e0 son prix le plus bas pour le moment\"},{\"@type\":\"BreadcrumbList\",\"@id\":\"https:\/\/vieassociative.be\/actualites\/le-garmin-instinct-2-est-a-son-prix-le-plus-bas-pour-le-moment\/#breadcrumb\",\"itemListElement\":[{\"@type\":\"ListItem\",\"position\":1,\"name\":\"Accueil\",\"item\":\"https:\/\/vieassociative.be\/actualites\/\"},{\"@type\":\"ListItem\",\"position\":2,\"name\":\"Le Garmin Instinct 2 est \u00e0 son prix le plus bas pour le moment\"}]},{\"@type\":\"WebSite\",\"@id\":\"https:\/\/vieassociative.be\/actualites\/#website\",\"url\":\"https:\/\/vieassociative.be\/actualites\/\",\"name\":\"Vie Associative\",\"description\":\"\",\"publisher\":{\"@id\":\"https:\/\/vieassociative.be\/actualites\/#organization\"},\"potentialAction\":[{\"@type\":\"SearchAction\",\"target\":{\"@type\":\"EntryPoint\",\"urlTemplate\":\"https:\/\/vieassociative.be\/actualites\/?s={search_term_string}\"},\"query-input\":{\"@type\":\"PropertyValueSpecification\",\"valueRequired\":true,\"valueName\":\"search_term_string\"}}],\"inLanguage\":\"fr-BE\"},{\"@type\":\"Organization\",\"@id\":\"https:\/\/vieassociative.be\/actualites\/#organization\",\"name\":\"Vie Associative\",\"url\":\"https:\/\/vieassociative.be\/actualites\/\",\"logo\":{\"@type\":\"ImageObject\",\"inLanguage\":\"fr-BE\",\"@id\":\"https:\/\/vieassociative.be\/actualites\/#\/schema\/logo\/image\/\",\"url\":\"https:\/\/vieassociative.be\/actualites\/wp-content\/uploads\/2024\/09\/cropped-vieassociative_favicon.ico.png\",\"contentUrl\":\"https:\/\/vieassociative.be\/actualites\/wp-content\/uploads\/2024\/09\/cropped-vieassociative_favicon.ico.png\",\"width\":512,\"height\":512,\"caption\":\"Vie Associative\"},\"image\":{\"@id\":\"https:\/\/vieassociative.be\/actualites\/#\/schema\/logo\/image\/\"}},{\"@type\":\"Person\",\"@id\":\"https:\/\/vieassociative.be\/actualites\/#\/schema\/person\/b87ac4f82f9d4e7b7cec7395b679edc4\",\"name\":\"Julien\",\"image\":{\"@type\":\"ImageObject\",\"inLanguage\":\"fr-BE\",\"@id\":\"https:\/\/vieassociative.be\/actualites\/#\/schema\/person\/image\/\",\"url\":\"https:\/\/vieassociative.be\/actualites\/wp-content\/uploads\/2024\/09\/vie-associative-1-150x150.jpg\",\"contentUrl\":\"https:\/\/vieassociative.be\/actualites\/wp-content\/uploads\/2024\/09\/vie-associative-1-150x150.jpg\",\"caption\":\"Julien\"},\"description\":\"Je suis Julien, r\u00e9dacteur pour Vie Associative. Passionn\u00e9 par le monde associatif depuis plus de 10 ans, j'ai \u00e0 c\u0153ur de partager des histoires inspirantes et de mettre en lumi\u00e8re les initiatives locales. Mon objectif est de sensibiliser et d'encourager l'engagement communautaire \u00e0 travers mes articles.\",\"sameAs\":[\"https:\/\/vieassociative.be\/\"]}]}<\/script>\n<!-- \/ Yoast SEO plugin. -->","yoast_head_json":{"title":"Le Garmin Instinct 2 est \u00e0 son prix le plus bas pour le moment | Vie Associative","robots":{"index":"index","follow":"follow","max-snippet":"max-snippet:-1","max-image-preview":"max-image-preview:large","max-video-preview":"max-video-preview:-1"},"canonical":"https:\/\/vieassociative.be\/actualites\/le-garmin-instinct-2-est-a-son-prix-le-plus-bas-pour-le-moment\/","og_locale":"fr_FR","og_type":"article","og_title":"Le Garmin Instinct 2 est \u00e0 son prix le plus bas pour le moment | Vie Associative","og_description":"Cette montre intelligente en plein air est polyvalente, durable et con\u00e7ue pour les aventures. Si vous passez beaucoup de temps dans le d\u00e9sert, la smartwatch","og_url":"https:\/\/vieassociative.be\/actualites\/le-garmin-instinct-2-est-a-son-prix-le-plus-bas-pour-le-moment\/","og_site_name":"Vie Associative","article_published_time":"2025-07-07T01:17:27+00:00","og_image":[{"url":"https:\/\/vieassociative.be\/actualites\/wp-content\/uploads\/2025\/07\/Le-Garmin-Instinct-2-est-a-son-prix-le-plus.jpg","type":"","width":"","height":""}],"author":"Julien","twitter_card":"summary_large_image","twitter_misc":{"\u00c9crit par":"Julien","Dur\u00e9e de lecture est.":"3 minutes"},"schema":{"@context":"https:\/\/schema.org","@graph":[{"@type":"Article","@id":"https:\/\/vieassociative.be\/actualites\/le-garmin-instinct-2-est-a-son-prix-le-plus-bas-pour-le-moment\/#article","isPartOf":{"@id":"https:\/\/vieassociative.be\/actualites\/le-garmin-instinct-2-est-a-son-prix-le-plus-bas-pour-le-moment\/"},"author":{"name":"Julien","@id":"https:\/\/vieassociative.be\/actualites\/#\/schema\/person\/b87ac4f82f9d4e7b7cec7395b679edc4"},"headline":"Le Garmin Instinct 2 est \u00e0 son prix le plus bas pour le moment","datePublished":"2025-07-07T01:17:27+00:00","dateModified":"2025-07-07T01:17:27+00:00","mainEntityOfPage":{"@id":"https:\/\/vieassociative.be\/actualites\/le-garmin-instinct-2-est-a-son-prix-le-plus-bas-pour-le-moment\/"},"wordCount":536,"publisher":{"@id":"https:\/\/vieassociative.be\/actualites\/#organization"},"image":{"@id":"https:\/\/vieassociative.be\/actualites\/le-garmin-instinct-2-est-a-son-prix-le-plus-bas-pour-le-moment\/#primaryimage"},"thumbnailUrl":"https:\/\/vieassociative.be\/actualites\/wp-content\/uploads\/2025\/07\/Le-Garmin-Instinct-2-est-a-son-prix-le-plus.png","keywords":["bas","est","Garmin","Instinct","moment","pour","prix","son"],"articleSection":["Sant\u00e9"],"inLanguage":"fr-BE"},{"@type":"WebPage","@id":"https:\/\/vieassociative.be\/actualites\/le-garmin-instinct-2-est-a-son-prix-le-plus-bas-pour-le-moment\/","url":"https:\/\/vieassociative.be\/actualites\/le-garmin-instinct-2-est-a-son-prix-le-plus-bas-pour-le-moment\/","name":"Le Garmin Instinct 2 est \u00e0 son prix le plus bas pour le moment | Vie Associative","isPartOf":{"@id":"https:\/\/vieassociative.be\/actualites\/#website"},"primaryImageOfPage":{"@id":"https:\/\/vieassociative.be\/actualites\/le-garmin-instinct-2-est-a-son-prix-le-plus-bas-pour-le-moment\/#primaryimage"},"image":{"@id":"https:\/\/vieassociative.be\/actualites\/le-garmin-instinct-2-est-a-son-prix-le-plus-bas-pour-le-moment\/#primaryimage"},"thumbnailUrl":"https:\/\/vieassociative.be\/actualites\/wp-content\/uploads\/2025\/07\/Le-Garmin-Instinct-2-est-a-son-prix-le-plus.png","datePublished":"2025-07-07T01:17:27+00:00","dateModified":"2025-07-07T01:17:27+00:00","breadcrumb":{"@id":"https:\/\/vieassociative.be\/actualites\/le-garmin-instinct-2-est-a-son-prix-le-plus-bas-pour-le-moment\/#breadcrumb"},"inLanguage":"fr-BE","potentialAction":[{"@type":"ReadAction","target":["https:\/\/vieassociative.be\/actualites\/le-garmin-instinct-2-est-a-son-prix-le-plus-bas-pour-le-moment\/"]}]},{"@type":"ImageObject","inLanguage":"fr-BE","@id":"https:\/\/vieassociative.be\/actualites\/le-garmin-instinct-2-est-a-son-prix-le-plus-bas-pour-le-moment\/#primaryimage","url":"https:\/\/vieassociative.be\/actualites\/wp-content\/uploads\/2025\/07\/Le-Garmin-Instinct-2-est-a-son-prix-le-plus.png","contentUrl":"https:\/\/vieassociative.be\/actualites\/wp-content\/uploads\/2025\/07\/Le-Garmin-Instinct-2-est-a-son-prix-le-plus.png","width":1200,"height":675,"caption":"Le Garmin Instinct 2 est \u00e0 son prix le plus bas pour le moment"},{"@type":"BreadcrumbList","@id":"https:\/\/vieassociative.be\/actualites\/le-garmin-instinct-2-est-a-son-prix-le-plus-bas-pour-le-moment\/#breadcrumb","itemListElement":[{"@type":"ListItem","position":1,"name":"Accueil","item":"https:\/\/vieassociative.be\/actualites\/"},{"@type":"ListItem","position":2,"name":"Le Garmin Instinct 2 est \u00e0 son prix le plus bas pour le moment"}]},{"@type":"WebSite","@id":"https:\/\/vieassociative.be\/actualites\/#website","url":"https:\/\/vieassociative.be\/actualites\/","name":"Vie Associative","description":"","publisher":{"@id":"https:\/\/vieassociative.be\/actualites\/#organization"},"potentialAction":[{"@type":"SearchAction","target":{"@type":"EntryPoint","urlTemplate":"https:\/\/vieassociative.be\/actualites\/?s={search_term_string}"},"query-input":{"@type":"PropertyValueSpecification","valueRequired":true,"valueName":"search_term_string"}}],"inLanguage":"fr-BE"},{"@type":"Organization","@id":"https:\/\/vieassociative.be\/actualites\/#organization","name":"Vie Associative","url":"https:\/\/vieassociative.be\/actualites\/","logo":{"@type":"ImageObject","inLanguage":"fr-BE","@id":"https:\/\/vieassociative.be\/actualites\/#\/schema\/logo\/image\/","url":"https:\/\/vieassociative.be\/actualites\/wp-content\/uploads\/2024\/09\/cropped-vieassociative_favicon.ico.png","contentUrl":"https:\/\/vieassociative.be\/actualites\/wp-content\/uploads\/2024\/09\/cropped-vieassociative_favicon.ico.png","width":512,"height":512,"caption":"Vie Associative"},"image":{"@id":"https:\/\/vieassociative.be\/actualites\/#\/schema\/logo\/image\/"}},{"@type":"Person","@id":"https:\/\/vieassociative.be\/actualites\/#\/schema\/person\/b87ac4f82f9d4e7b7cec7395b679edc4","name":"Julien","image":{"@type":"ImageObject","inLanguage":"fr-BE","@id":"https:\/\/vieassociative.be\/actualites\/#\/schema\/person\/image\/","url":"https:\/\/vieassociative.be\/actualites\/wp-content\/uploads\/2024\/09\/vie-associative-1-150x150.jpg","contentUrl":"https:\/\/vieassociative.be\/actualites\/wp-content\/uploads\/2024\/09\/vie-associative-1-150x150.jpg","caption":"Julien"},"description":"Je suis Julien, r\u00e9dacteur pour Vie Associative. Passionn\u00e9 par le monde associatif depuis plus de 10 ans, j'ai \u00e0 c\u0153ur de partager des histoires inspirantes et de mettre en lumi\u00e8re les initiatives locales. Mon objectif est de sensibiliser et d'encourager l'engagement communautaire \u00e0 travers mes articles.","sameAs":["https:\/\/vieassociative.be\/"]}]}},"_links":{"self":[{"href":"https:\/\/vieassociative.be\/actualites\/wp-json\/wp\/v2\/posts\/8570"}],"collection":[{"href":"https:\/\/vieassociative.be\/actualites\/wp-json\/wp\/v2\/posts"}],"about":[{"href":"https:\/\/vieassociative.be\/actualites\/wp-json\/wp\/v2\/types\/post"}],"author":[{"embeddable":true,"href":"https:\/\/vieassociative.be\/actualites\/wp-json\/wp\/v2\/users\/1"}],"replies":[{"embeddable":true,"href":"https:\/\/vieassociative.be\/actualites\/wp-json\/wp\/v2\/comments?post=8570"}],"version-history":[{"count":0,"href":"https:\/\/vieassociative.be\/actualites\/wp-json\/wp\/v2\/posts\/8570\/revisions"}],"wp:featuredmedia":[{"embeddable":true,"href":"https:\/\/vieassociative.be\/actualites\/wp-json\/wp\/v2\/media\/8571"}],"wp:attachment":[{"href":"https:\/\/vieassociative.be\/actualites\/wp-json\/wp\/v2\/media?parent=8570"}],"wp:term":[{"taxonomy":"category","embeddable":true,"href":"https:\/\/vieassociative.be\/actualites\/wp-json\/wp\/v2\/categories?post=8570"},{"taxonomy":"post_tag","embeddable":true,"href":"https:\/\/vieassociative.be\/actualites\/wp-json\/wp\/v2\/tags?post=8570"}],"curies":[{"name":"wp","href":"https:\/\/api.w.org\/{rel}","templated":true}]}}