{"id":8568,"date":"2025-07-06T22:17:44","date_gmt":"2025-07-06T20:17:44","guid":{"rendered":"https:\/\/vieassociative.be\/actualites\/le-parlement-debat-du-vote-de-non-confiance-aujourdhui-contre-la-commission-de-lue-et-ursula-von-der-leyen\/"},"modified":"2025-07-06T22:17:44","modified_gmt":"2025-07-06T20:17:44","slug":"le-parlement-debat-du-vote-de-non-confiance-aujourdhui-contre-la-commission-de-lue-et-ursula-von-der-leyen","status":"publish","type":"post","link":"https:\/\/vieassociative.be\/actualites\/le-parlement-debat-du-vote-de-non-confiance-aujourdhui-contre-la-commission-de-lue-et-ursula-von-der-leyen\/","title":{"rendered":"Le Parlement d\u00e9bat du vote de non-confiance aujourd&rsquo;hui contre la Commission de l&rsquo;UE et Ursula von der Leyen"},"content":{"rendered":"<p><strong>Les d\u00e9put\u00e9s de l&rsquo;UE parlent d&rsquo;un sujet lundi qui a jusqu&rsquo;\u00e0 pr\u00e9sent rarement \u00e9t\u00e9 \u00e0 l&rsquo;ordre du jour du Parlement: une demande de non-confiance contre la Commission de l&rsquo;UE.<\/strong><\/p>\n<p><span id=\"more-419471\"><\/span>Le pr\u00e9sident de la Commission de l&rsquo;UE, Ursula von der Leyen, devra survenir au Parlement europ\u00e9en lundi soir du d\u00e9bat sur une demande de non-confiance contre vous et son \u00e9quipe.<\/p>\n<p>Une porte-parole de la commission a confirm\u00e9 que le Leyen serait pr\u00e9sent. Il est pr\u00e9vu qu&rsquo;un membre du groupe parlementaire prenne la parole. Le pr\u00e9sident de la Commission peut r\u00e9agir au discours dans le pl\u00e9num.<\/p>\n<p>La propagation de l&rsquo;absence de confiance a \u00e9t\u00e9 initi\u00e9e par un d\u00e9put\u00e9 roumain droit. Pour qu&rsquo;il soit discut\u00e9 et coordonn\u00e9 \u00e0 son sujet au Parlement, au moins un dixi\u00e8me des plus de 700 d\u00e9put\u00e9s doit le soutenir.<\/p>\n<div id=\"attachment_402783\" class=\"wp-caption alignleft\" style=\"max-width: 300px\"><img fetchpriority=\"high\" decoding=\"async\" class=\"wp-image-402783 size-medium\" src=\"https:\/\/vieassociative.be\/actualites\/wp-content\/uploads\/2025\/07\/Le-Parlement-debat-du-vote-de-non-confiance-aujourdhui-contre-la.jpg\" alt=\"\" width=\"300\" height=\"200\"><\/p>\n<p class=\"wp-caption-text\">27\/11\/2024, France, Strasbourg: Ursula von der Leyen (CDU, avant du 4e VL), pr\u00e9sident de la Commission europ\u00e9enne, est au Parlement de l&rsquo;UE avec les membres de la Commission Raffaele Fitto (Italie, premi\u00e8re rang\u00e9e LR), Henna Virkkunen (Finland), Teresa Riberguez (Spain St\u00e9phane S\u00e9journ\u00e9 (France), Roxana M\u00eenzatu (Roumanie). Derri\u00e8re Dubravka Suica (Croatie, LR de deuxi\u00e8me rang\u00e9e), Valdis Dombrovskis (Lettonie), Hadja Lahbib (Belgium), Apostolos Tzitzikostas (Greece. Derri\u00e8re Jessika Roswall (Sweden, troisi\u00e8me rang Ekaterina Zahariva (Bulgarie). Sefcovic (Slovaquie), Jozef Sikela (R\u00e9publique tch\u00e8que), Christophe Hansen (Luxembourg), Glenn Micallef (Malte) et Dan Jorgensen (Danemark) pour une image de groupe.<\/p>\n<\/div>\n<p>Dans la demande, Leyen et son \u00e9quipe sont accus\u00e9es de non-transparence et de mauvaise gestion en vue de la politique de Corona. Le vote \u00e0 ce sujet a lieu jeudi.<\/p>\n<p>Si la propagation de l&rsquo;absence de confiance est accept\u00e9e, la Commission de l&rsquo;UE devrait se retirer. Cependant, un tel sc\u00e9nario est peu probable, car il aurait besoin de la majorit\u00e9 des deux tiers des votes exprim\u00e9s et en m\u00eame temps la majorit\u00e9 des membres du Parlement. Ce serait au moins 361 si tous les d\u00e9put\u00e9s sont pr\u00e9sents et remettent leurs voix, voire 480 voix. La Commission d&rsquo;Ursula von der Leyen a re\u00e7u 370 sur 688 voix lors des \u00e9lections en novembre dernier.<\/p>\n<p>Pour le politicien allemand de la CDU, qui appartient \u00e0 l&rsquo;EVP de la famille du Parti europ\u00e9en, l&rsquo;avance de l&rsquo;entrep\u00f4t droit est un test de stress malgr\u00e9 les faibles perspectives. La raison en est que l&rsquo;homme de 66 ans, avec certaines initiatives politiques, a finalement provoqu\u00e9 un m\u00e9contentement envers elle en fait des d\u00e9put\u00e9s bien \u00e9lev\u00e9s et a planifi\u00e9 un programme de pr\u00eat d&rsquo;un milliard de dollars pour les investissements de d\u00e9fense en tant que mesure d&rsquo;urgence sans participation parlementaire. Ce dernier point est \u00e9galement critiqu\u00e9 dans la notification de non-confiance.<\/p>\n<p>De plus, elle en voulait avec enthousiasme avec les sociaux-d\u00e9mocrates, les lib\u00e9raux et le vert en annon\u00e7ant son pouvoir de retirer une loi contre le greenwashing. Le terme est appel\u00e9 la tentative des entreprises de pr\u00e9tendre que faire beaucoup pour la protection de l&rsquo;environnement.<\/p>\n<p><strong>-Allegations sur la politique de Corona:<\/strong> Plus pr\u00e9cis\u00e9ment, le gheorghe piperea roumain et les candidats du camp de droite de la Commission de l&rsquo;UE, par exemple, accusent \u00e9galement des informations sur les messages texte \u00e9chang\u00e9s dans la crise de la corona entre le Leyen et le chef du groupe pharmaceutique am\u00e9ricain Pfizer. Dans ce cas, le tribunal de l&rsquo;UE a r\u00e9cemment jug\u00e9 que cela avait \u00e9t\u00e9 fait sans justification juridique suffisante jusqu&rsquo;\u00e0 pr\u00e9sent.<\/p>\n<p>En outre, il est critiqu\u00e9, par exemple, que les vaccins corona d&rsquo;une valeur d&rsquo;environ quatre milliards d&rsquo;euros de doses de vaccin sont rest\u00e9s inutilis\u00e9s et que la Commission aurait influenc\u00e9 une application d\u00e9form\u00e9e de la loi sur les services num\u00e9riques sur les \u00e9lections dans des \u00c9tats membres tels que la Roumanie et l&rsquo;Allemagne.<\/p>\n<div id=\"attachment_282908\" class=\"wp-caption alignleft\" style=\"max-width: 300px\"><img decoding=\"async\" class=\"wp-image-282908 size-medium\" src=\"https:\/\/vieassociative.be\/actualites\/wp-content\/uploads\/2025\/02\/Lacquisition-de-vaccins-contre-Covid-19-a-t-elle-ete-legale-par.jpeg\" alt=\"\" width=\"300\" height=\"200\"><\/p>\n<p class=\"wp-caption-text\">23\/04\/2021, Belgique, Puurs: Ursula von der Leyen, pr\u00e9sident de la Commission de l&rsquo;UE, et Alexander de Croo, Premier ministre de Belgique, Glue Pfizer, producteur de la pr\u00e9paration Pfizer \/ Biontech, autocollants avec les couleurs du drapeau de l&rsquo;UE sur une bo\u00eete avec un vaccin. Photo: Benoit Doppagne \/ Belga \/ DPA<\/p>\n<\/div>\n<p>Le patron de l&rsquo;EVP, Manfred Weber, a d\u00e9crit l&rsquo;application lors d&rsquo;une premi\u00e8re r\u00e9action comme un jeu de f\u00eate qui ne trouverait pas la majorit\u00e9 au Parlement au d\u00e9but. \u00ab\u00a0L&rsquo;Europe a choisi il y a un an et Ursula von der Leyen m\u00e8ne l&rsquo;UE avec un fort mandat \u00e0 l&rsquo;\u00e9poque turbulente\u00a0\u00bb, explique le politicien de la CSU. En p\u00e9riode d&rsquo;incertitude \u00e9conomique et de bouleversements mondiaux, il est tout \u00e0 fait irresponsable de faire de tels \u00e9tourdissements publics. Les requ\u00e9rants ont poursuivi l&rsquo;objectif de l&rsquo;Europe instable et faible.<\/p>\n<p><strong>&#8211; La derni\u00e8re demande de non-confiance a \u00e9t\u00e9 soumise en 2014:<\/strong> Les demandes de non-confiance contre la commission sont extr\u00eamement rares. R\u00e9cemment, les populistes de droite en 2014 avaient \u00e9chou\u00e9 avec une demande de non-confiance contre la commission de l&rsquo;UE \u00e0 l&rsquo;\u00e9poque autour de Jean-Claude Juncker. Lors du vote \u00e0 l&rsquo;\u00e9poque, seulement 101 d\u00e9put\u00e9s ont vot\u00e9 pour l&rsquo;avance du camp critique de l&rsquo;UE. 461 l&rsquo;a rejet\u00e9, 88 se sont abstenus.<\/p>\n<p>Le contexte de la demande de suspension \u00e9tait \u00e0 l&rsquo;\u00e9poque des r\u00e9v\u00e9lations sur les avantages fiscaux des grandes soci\u00e9t\u00e9s \u00e0 l&rsquo;\u00e9chelle du Luxembourg. Juncker \u00e9tait le chef du Grand Duch\u00e9 depuis pr\u00e8s de 19 ans. Par cons\u00e9quent, les critiques l&rsquo;ont accus\u00e9 de \u00abl&rsquo;aide \u00e0 l&rsquo;\u00e9vasion fiscale\u00bb par les entreprises.<\/p>\n<p>Pour d\u00e9missionner d&rsquo;une commission de l&rsquo;UE, seul une suspicion mena\u00e7ante en 1999 a conduit. \u00c0 cette \u00e9poque, une commission dirig\u00e9e par Jacques Santer a rendu ses postes disponibles par pr\u00e9caution apr\u00e8s un rapport sur la fraude, la mauvaise gestion et le n\u00e9potisme. (DPA)<\/p>\n","protected":false},"excerpt":{"rendered":"<p>Les d\u00e9put\u00e9s de l&rsquo;UE parlent d&rsquo;un sujet lundi qui a jusqu&rsquo;\u00e0 pr\u00e9sent rarement \u00e9t\u00e9 \u00e0 l&rsquo;ordre du jour du Parlement: une demande de non-confiance contre<\/p>\n","protected":false},"author":1,"featured_media":8569,"comment_status":"","ping_status":"","sticky":false,"template":"","format":"standard","meta":{"footnotes":""},"categories":[298],"tags":[2330,3560,796,3035,668,4764,3578,7643,2895,4763,3558,3828],"class_list":["post-8568","post","type-post","status-publish","format-standard","has-post-thumbnail","hentry","category-belgique","tag-aujourdhui","tag-commission","tag-contre","tag-debat","tag-der","tag-leyen","tag-lue","tag-nonconfiance","tag-parlement","tag-ursula","tag-von","tag-vote","generate-columns","tablet-grid-50","mobile-grid-100","grid-parent","grid-33"],"yoast_head":"<!-- This site is optimized with the Yoast SEO plugin v24.0 - https:\/\/yoast.com\/wordpress\/plugins\/seo\/ -->\n<title>Le Parlement d\u00e9bat du vote de non-confiance aujourd&#039;hui contre la Commission de l&#039;UE et Ursula von der Leyen | Vie Associative<\/title>\n<meta name=\"robots\" content=\"index, follow, max-snippet:-1, max-image-preview:large, max-video-preview:-1\" \/>\n<link rel=\"canonical\" href=\"https:\/\/vieassociative.be\/actualites\/le-parlement-debat-du-vote-de-non-confiance-aujourdhui-contre-la-commission-de-lue-et-ursula-von-der-leyen\/\" \/>\n<meta property=\"og:locale\" content=\"fr_FR\" \/>\n<meta property=\"og:type\" content=\"article\" \/>\n<meta property=\"og:title\" content=\"Le Parlement d\u00e9bat du vote de non-confiance aujourd&#039;hui contre la Commission de l&#039;UE et Ursula von der Leyen | Vie Associative\" \/>\n<meta property=\"og:description\" content=\"Les d\u00e9put\u00e9s de l&rsquo;UE parlent d&rsquo;un sujet lundi qui a jusqu&rsquo;\u00e0 pr\u00e9sent rarement \u00e9t\u00e9 \u00e0 l&rsquo;ordre du jour du Parlement: une demande de non-confiance contre\" \/>\n<meta property=\"og:url\" content=\"https:\/\/vieassociative.be\/actualites\/le-parlement-debat-du-vote-de-non-confiance-aujourdhui-contre-la-commission-de-lue-et-ursula-von-der-leyen\/\" \/>\n<meta property=\"og:site_name\" content=\"Vie Associative\" \/>\n<meta property=\"article:published_time\" content=\"2025-07-06T20:17:44+00:00\" \/>\n<meta property=\"og:image\" content=\"https:\/\/vieassociative.be\/actualites\/wp-content\/uploads\/2024\/09\/header_backgroundk-01-e1726694325946.png\" \/>\n\t<meta property=\"og:image:width\" content=\"279\" \/>\n\t<meta property=\"og:image:height\" content=\"92\" \/>\n\t<meta property=\"og:image:type\" content=\"image\/png\" \/>\n<meta name=\"author\" content=\"Julien\" \/>\n<meta name=\"twitter:card\" content=\"summary_large_image\" \/>\n<meta name=\"twitter:label1\" content=\"\u00c9crit par\" \/>\n\t<meta name=\"twitter:data1\" content=\"Julien\" \/>\n\t<meta name=\"twitter:label2\" content=\"Dur\u00e9e de lecture est.\" \/>\n\t<meta name=\"twitter:data2\" content=\"5 minutes\" \/>\n<script type=\"application\/ld+json\" class=\"yoast-schema-graph\">{\"@context\":\"https:\/\/schema.org\",\"@graph\":[{\"@type\":\"Article\",\"@id\":\"https:\/\/vieassociative.be\/actualites\/le-parlement-debat-du-vote-de-non-confiance-aujourdhui-contre-la-commission-de-lue-et-ursula-von-der-leyen\/#article\",\"isPartOf\":{\"@id\":\"https:\/\/vieassociative.be\/actualites\/le-parlement-debat-du-vote-de-non-confiance-aujourdhui-contre-la-commission-de-lue-et-ursula-von-der-leyen\/\"},\"author\":{\"name\":\"Julien\",\"@id\":\"https:\/\/vieassociative.be\/actualites\/#\/schema\/person\/b87ac4f82f9d4e7b7cec7395b679edc4\"},\"headline\":\"Le Parlement d\u00e9bat du vote de non-confiance aujourd&rsquo;hui contre la Commission de l&rsquo;UE et Ursula von der Leyen\",\"datePublished\":\"2025-07-06T20:17:44+00:00\",\"dateModified\":\"2025-07-06T20:17:44+00:00\",\"mainEntityOfPage\":{\"@id\":\"https:\/\/vieassociative.be\/actualites\/le-parlement-debat-du-vote-de-non-confiance-aujourdhui-contre-la-commission-de-lue-et-ursula-von-der-leyen\/\"},\"wordCount\":1026,\"publisher\":{\"@id\":\"https:\/\/vieassociative.be\/actualites\/#organization\"},\"image\":{\"@id\":\"https:\/\/vieassociative.be\/actualites\/le-parlement-debat-du-vote-de-non-confiance-aujourdhui-contre-la-commission-de-lue-et-ursula-von-der-leyen\/#primaryimage\"},\"thumbnailUrl\":\"https:\/\/vieassociative.be\/actualites\/wp-content\/uploads\/2025\/07\/1751833064_Le-Parlement-debat-du-vote-de-non-confiance-aujourdhui-contre-la.jpg\",\"keywords\":[\"aujourdhui\",\"Commission\",\"contre\",\"d\u00e9bat\",\"der\",\"Leyen\",\"LUE\",\"nonconfiance\",\"Parlement\",\"Ursula\",\"von\",\"vote\"],\"articleSection\":[\"Belgique\"],\"inLanguage\":\"fr-BE\"},{\"@type\":\"WebPage\",\"@id\":\"https:\/\/vieassociative.be\/actualites\/le-parlement-debat-du-vote-de-non-confiance-aujourdhui-contre-la-commission-de-lue-et-ursula-von-der-leyen\/\",\"url\":\"https:\/\/vieassociative.be\/actualites\/le-parlement-debat-du-vote-de-non-confiance-aujourdhui-contre-la-commission-de-lue-et-ursula-von-der-leyen\/\",\"name\":\"Le Parlement d\u00e9bat du vote de non-confiance aujourd'hui contre la Commission de l'UE et Ursula von der Leyen | Vie Associative\",\"isPartOf\":{\"@id\":\"https:\/\/vieassociative.be\/actualites\/#website\"},\"primaryImageOfPage\":{\"@id\":\"https:\/\/vieassociative.be\/actualites\/le-parlement-debat-du-vote-de-non-confiance-aujourdhui-contre-la-commission-de-lue-et-ursula-von-der-leyen\/#primaryimage\"},\"image\":{\"@id\":\"https:\/\/vieassociative.be\/actualites\/le-parlement-debat-du-vote-de-non-confiance-aujourdhui-contre-la-commission-de-lue-et-ursula-von-der-leyen\/#primaryimage\"},\"thumbnailUrl\":\"https:\/\/vieassociative.be\/actualites\/wp-content\/uploads\/2025\/07\/1751833064_Le-Parlement-debat-du-vote-de-non-confiance-aujourdhui-contre-la.jpg\",\"datePublished\":\"2025-07-06T20:17:44+00:00\",\"dateModified\":\"2025-07-06T20:17:44+00:00\",\"breadcrumb\":{\"@id\":\"https:\/\/vieassociative.be\/actualites\/le-parlement-debat-du-vote-de-non-confiance-aujourdhui-contre-la-commission-de-lue-et-ursula-von-der-leyen\/#breadcrumb\"},\"inLanguage\":\"fr-BE\",\"potentialAction\":[{\"@type\":\"ReadAction\",\"target\":[\"https:\/\/vieassociative.be\/actualites\/le-parlement-debat-du-vote-de-non-confiance-aujourdhui-contre-la-commission-de-lue-et-ursula-von-der-leyen\/\"]}]},{\"@type\":\"ImageObject\",\"inLanguage\":\"fr-BE\",\"@id\":\"https:\/\/vieassociative.be\/actualites\/le-parlement-debat-du-vote-de-non-confiance-aujourdhui-contre-la-commission-de-lue-et-ursula-von-der-leyen\/#primaryimage\",\"url\":\"https:\/\/vieassociative.be\/actualites\/wp-content\/uploads\/2025\/07\/1751833064_Le-Parlement-debat-du-vote-de-non-confiance-aujourdhui-contre-la.jpg\",\"contentUrl\":\"https:\/\/vieassociative.be\/actualites\/wp-content\/uploads\/2025\/07\/1751833064_Le-Parlement-debat-du-vote-de-non-confiance-aujourdhui-contre-la.jpg\",\"width\":1200,\"height\":800,\"caption\":\"Le Parlement d\u00e9bat du vote de non-confiance aujourd'hui contre la Commission de l'UE et Ursula von der Leyen\"},{\"@type\":\"BreadcrumbList\",\"@id\":\"https:\/\/vieassociative.be\/actualites\/le-parlement-debat-du-vote-de-non-confiance-aujourdhui-contre-la-commission-de-lue-et-ursula-von-der-leyen\/#breadcrumb\",\"itemListElement\":[{\"@type\":\"ListItem\",\"position\":1,\"name\":\"Accueil\",\"item\":\"https:\/\/vieassociative.be\/actualites\/\"},{\"@type\":\"ListItem\",\"position\":2,\"name\":\"Le Parlement d\u00e9bat du vote de non-confiance aujourd&rsquo;hui contre la Commission de l&rsquo;UE et Ursula von der Leyen\"}]},{\"@type\":\"WebSite\",\"@id\":\"https:\/\/vieassociative.be\/actualites\/#website\",\"url\":\"https:\/\/vieassociative.be\/actualites\/\",\"name\":\"Vie Associative\",\"description\":\"\",\"publisher\":{\"@id\":\"https:\/\/vieassociative.be\/actualites\/#organization\"},\"potentialAction\":[{\"@type\":\"SearchAction\",\"target\":{\"@type\":\"EntryPoint\",\"urlTemplate\":\"https:\/\/vieassociative.be\/actualites\/?s={search_term_string}\"},\"query-input\":{\"@type\":\"PropertyValueSpecification\",\"valueRequired\":true,\"valueName\":\"search_term_string\"}}],\"inLanguage\":\"fr-BE\"},{\"@type\":\"Organization\",\"@id\":\"https:\/\/vieassociative.be\/actualites\/#organization\",\"name\":\"Vie Associative\",\"url\":\"https:\/\/vieassociative.be\/actualites\/\",\"logo\":{\"@type\":\"ImageObject\",\"inLanguage\":\"fr-BE\",\"@id\":\"https:\/\/vieassociative.be\/actualites\/#\/schema\/logo\/image\/\",\"url\":\"https:\/\/vieassociative.be\/actualites\/wp-content\/uploads\/2024\/09\/cropped-vieassociative_favicon.ico.png\",\"contentUrl\":\"https:\/\/vieassociative.be\/actualites\/wp-content\/uploads\/2024\/09\/cropped-vieassociative_favicon.ico.png\",\"width\":512,\"height\":512,\"caption\":\"Vie Associative\"},\"image\":{\"@id\":\"https:\/\/vieassociative.be\/actualites\/#\/schema\/logo\/image\/\"}},{\"@type\":\"Person\",\"@id\":\"https:\/\/vieassociative.be\/actualites\/#\/schema\/person\/b87ac4f82f9d4e7b7cec7395b679edc4\",\"name\":\"Julien\",\"image\":{\"@type\":\"ImageObject\",\"inLanguage\":\"fr-BE\",\"@id\":\"https:\/\/vieassociative.be\/actualites\/#\/schema\/person\/image\/\",\"url\":\"https:\/\/vieassociative.be\/actualites\/wp-content\/uploads\/2024\/09\/vie-associative-1-150x150.jpg\",\"contentUrl\":\"https:\/\/vieassociative.be\/actualites\/wp-content\/uploads\/2024\/09\/vie-associative-1-150x150.jpg\",\"caption\":\"Julien\"},\"description\":\"Je suis Julien, r\u00e9dacteur pour Vie Associative. Passionn\u00e9 par le monde associatif depuis plus de 10 ans, j'ai \u00e0 c\u0153ur de partager des histoires inspirantes et de mettre en lumi\u00e8re les initiatives locales. Mon objectif est de sensibiliser et d'encourager l'engagement communautaire \u00e0 travers mes articles.\",\"sameAs\":[\"https:\/\/vieassociative.be\/\"]}]}<\/script>\n<!-- \/ Yoast SEO plugin. -->","yoast_head_json":{"title":"Le Parlement d\u00e9bat du vote de non-confiance aujourd'hui contre la Commission de l'UE et Ursula von der Leyen | Vie Associative","robots":{"index":"index","follow":"follow","max-snippet":"max-snippet:-1","max-image-preview":"max-image-preview:large","max-video-preview":"max-video-preview:-1"},"canonical":"https:\/\/vieassociative.be\/actualites\/le-parlement-debat-du-vote-de-non-confiance-aujourdhui-contre-la-commission-de-lue-et-ursula-von-der-leyen\/","og_locale":"fr_FR","og_type":"article","og_title":"Le Parlement d\u00e9bat du vote de non-confiance aujourd'hui contre la Commission de l'UE et Ursula von der Leyen | Vie Associative","og_description":"Les d\u00e9put\u00e9s de l&rsquo;UE parlent d&rsquo;un sujet lundi qui a jusqu&rsquo;\u00e0 pr\u00e9sent rarement \u00e9t\u00e9 \u00e0 l&rsquo;ordre du jour du Parlement: une demande de non-confiance contre","og_url":"https:\/\/vieassociative.be\/actualites\/le-parlement-debat-du-vote-de-non-confiance-aujourdhui-contre-la-commission-de-lue-et-ursula-von-der-leyen\/","og_site_name":"Vie Associative","article_published_time":"2025-07-06T20:17:44+00:00","og_image":[{"width":279,"height":92,"url":"https:\/\/vieassociative.be\/actualites\/wp-content\/uploads\/2024\/09\/header_backgroundk-01-e1726694325946.png","type":"image\/png"}],"author":"Julien","twitter_card":"summary_large_image","twitter_misc":{"\u00c9crit par":"Julien","Dur\u00e9e de lecture est.":"5 minutes"},"schema":{"@context":"https:\/\/schema.org","@graph":[{"@type":"Article","@id":"https:\/\/vieassociative.be\/actualites\/le-parlement-debat-du-vote-de-non-confiance-aujourdhui-contre-la-commission-de-lue-et-ursula-von-der-leyen\/#article","isPartOf":{"@id":"https:\/\/vieassociative.be\/actualites\/le-parlement-debat-du-vote-de-non-confiance-aujourdhui-contre-la-commission-de-lue-et-ursula-von-der-leyen\/"},"author":{"name":"Julien","@id":"https:\/\/vieassociative.be\/actualites\/#\/schema\/person\/b87ac4f82f9d4e7b7cec7395b679edc4"},"headline":"Le Parlement d\u00e9bat du vote de non-confiance aujourd&rsquo;hui contre la Commission de l&rsquo;UE et Ursula von der Leyen","datePublished":"2025-07-06T20:17:44+00:00","dateModified":"2025-07-06T20:17:44+00:00","mainEntityOfPage":{"@id":"https:\/\/vieassociative.be\/actualites\/le-parlement-debat-du-vote-de-non-confiance-aujourdhui-contre-la-commission-de-lue-et-ursula-von-der-leyen\/"},"wordCount":1026,"publisher":{"@id":"https:\/\/vieassociative.be\/actualites\/#organization"},"image":{"@id":"https:\/\/vieassociative.be\/actualites\/le-parlement-debat-du-vote-de-non-confiance-aujourdhui-contre-la-commission-de-lue-et-ursula-von-der-leyen\/#primaryimage"},"thumbnailUrl":"https:\/\/vieassociative.be\/actualites\/wp-content\/uploads\/2025\/07\/1751833064_Le-Parlement-debat-du-vote-de-non-confiance-aujourdhui-contre-la.jpg","keywords":["aujourdhui","Commission","contre","d\u00e9bat","der","Leyen","LUE","nonconfiance","Parlement","Ursula","von","vote"],"articleSection":["Belgique"],"inLanguage":"fr-BE"},{"@type":"WebPage","@id":"https:\/\/vieassociative.be\/actualites\/le-parlement-debat-du-vote-de-non-confiance-aujourdhui-contre-la-commission-de-lue-et-ursula-von-der-leyen\/","url":"https:\/\/vieassociative.be\/actualites\/le-parlement-debat-du-vote-de-non-confiance-aujourdhui-contre-la-commission-de-lue-et-ursula-von-der-leyen\/","name":"Le Parlement d\u00e9bat du vote de non-confiance aujourd'hui contre la Commission de l'UE et Ursula von der Leyen | Vie Associative","isPartOf":{"@id":"https:\/\/vieassociative.be\/actualites\/#website"},"primaryImageOfPage":{"@id":"https:\/\/vieassociative.be\/actualites\/le-parlement-debat-du-vote-de-non-confiance-aujourdhui-contre-la-commission-de-lue-et-ursula-von-der-leyen\/#primaryimage"},"image":{"@id":"https:\/\/vieassociative.be\/actualites\/le-parlement-debat-du-vote-de-non-confiance-aujourdhui-contre-la-commission-de-lue-et-ursula-von-der-leyen\/#primaryimage"},"thumbnailUrl":"https:\/\/vieassociative.be\/actualites\/wp-content\/uploads\/2025\/07\/1751833064_Le-Parlement-debat-du-vote-de-non-confiance-aujourdhui-contre-la.jpg","datePublished":"2025-07-06T20:17:44+00:00","dateModified":"2025-07-06T20:17:44+00:00","breadcrumb":{"@id":"https:\/\/vieassociative.be\/actualites\/le-parlement-debat-du-vote-de-non-confiance-aujourdhui-contre-la-commission-de-lue-et-ursula-von-der-leyen\/#breadcrumb"},"inLanguage":"fr-BE","potentialAction":[{"@type":"ReadAction","target":["https:\/\/vieassociative.be\/actualites\/le-parlement-debat-du-vote-de-non-confiance-aujourdhui-contre-la-commission-de-lue-et-ursula-von-der-leyen\/"]}]},{"@type":"ImageObject","inLanguage":"fr-BE","@id":"https:\/\/vieassociative.be\/actualites\/le-parlement-debat-du-vote-de-non-confiance-aujourdhui-contre-la-commission-de-lue-et-ursula-von-der-leyen\/#primaryimage","url":"https:\/\/vieassociative.be\/actualites\/wp-content\/uploads\/2025\/07\/1751833064_Le-Parlement-debat-du-vote-de-non-confiance-aujourdhui-contre-la.jpg","contentUrl":"https:\/\/vieassociative.be\/actualites\/wp-content\/uploads\/2025\/07\/1751833064_Le-Parlement-debat-du-vote-de-non-confiance-aujourdhui-contre-la.jpg","width":1200,"height":800,"caption":"Le Parlement d\u00e9bat du vote de non-confiance aujourd'hui contre la Commission de l'UE et Ursula von der Leyen"},{"@type":"BreadcrumbList","@id":"https:\/\/vieassociative.be\/actualites\/le-parlement-debat-du-vote-de-non-confiance-aujourdhui-contre-la-commission-de-lue-et-ursula-von-der-leyen\/#breadcrumb","itemListElement":[{"@type":"ListItem","position":1,"name":"Accueil","item":"https:\/\/vieassociative.be\/actualites\/"},{"@type":"ListItem","position":2,"name":"Le Parlement d\u00e9bat du vote de non-confiance aujourd&rsquo;hui contre la Commission de l&rsquo;UE et Ursula von der Leyen"}]},{"@type":"WebSite","@id":"https:\/\/vieassociative.be\/actualites\/#website","url":"https:\/\/vieassociative.be\/actualites\/","name":"Vie Associative","description":"","publisher":{"@id":"https:\/\/vieassociative.be\/actualites\/#organization"},"potentialAction":[{"@type":"SearchAction","target":{"@type":"EntryPoint","urlTemplate":"https:\/\/vieassociative.be\/actualites\/?s={search_term_string}"},"query-input":{"@type":"PropertyValueSpecification","valueRequired":true,"valueName":"search_term_string"}}],"inLanguage":"fr-BE"},{"@type":"Organization","@id":"https:\/\/vieassociative.be\/actualites\/#organization","name":"Vie Associative","url":"https:\/\/vieassociative.be\/actualites\/","logo":{"@type":"ImageObject","inLanguage":"fr-BE","@id":"https:\/\/vieassociative.be\/actualites\/#\/schema\/logo\/image\/","url":"https:\/\/vieassociative.be\/actualites\/wp-content\/uploads\/2024\/09\/cropped-vieassociative_favicon.ico.png","contentUrl":"https:\/\/vieassociative.be\/actualites\/wp-content\/uploads\/2024\/09\/cropped-vieassociative_favicon.ico.png","width":512,"height":512,"caption":"Vie Associative"},"image":{"@id":"https:\/\/vieassociative.be\/actualites\/#\/schema\/logo\/image\/"}},{"@type":"Person","@id":"https:\/\/vieassociative.be\/actualites\/#\/schema\/person\/b87ac4f82f9d4e7b7cec7395b679edc4","name":"Julien","image":{"@type":"ImageObject","inLanguage":"fr-BE","@id":"https:\/\/vieassociative.be\/actualites\/#\/schema\/person\/image\/","url":"https:\/\/vieassociative.be\/actualites\/wp-content\/uploads\/2024\/09\/vie-associative-1-150x150.jpg","contentUrl":"https:\/\/vieassociative.be\/actualites\/wp-content\/uploads\/2024\/09\/vie-associative-1-150x150.jpg","caption":"Julien"},"description":"Je suis Julien, r\u00e9dacteur pour Vie Associative. Passionn\u00e9 par le monde associatif depuis plus de 10 ans, j'ai \u00e0 c\u0153ur de partager des histoires inspirantes et de mettre en lumi\u00e8re les initiatives locales. Mon objectif est de sensibiliser et d'encourager l'engagement communautaire \u00e0 travers mes articles.","sameAs":["https:\/\/vieassociative.be\/"]}]}},"_links":{"self":[{"href":"https:\/\/vieassociative.be\/actualites\/wp-json\/wp\/v2\/posts\/8568"}],"collection":[{"href":"https:\/\/vieassociative.be\/actualites\/wp-json\/wp\/v2\/posts"}],"about":[{"href":"https:\/\/vieassociative.be\/actualites\/wp-json\/wp\/v2\/types\/post"}],"author":[{"embeddable":true,"href":"https:\/\/vieassociative.be\/actualites\/wp-json\/wp\/v2\/users\/1"}],"replies":[{"embeddable":true,"href":"https:\/\/vieassociative.be\/actualites\/wp-json\/wp\/v2\/comments?post=8568"}],"version-history":[{"count":0,"href":"https:\/\/vieassociative.be\/actualites\/wp-json\/wp\/v2\/posts\/8568\/revisions"}],"wp:featuredmedia":[{"embeddable":true,"href":"https:\/\/vieassociative.be\/actualites\/wp-json\/wp\/v2\/media\/8569"}],"wp:attachment":[{"href":"https:\/\/vieassociative.be\/actualites\/wp-json\/wp\/v2\/media?parent=8568"}],"wp:term":[{"taxonomy":"category","embeddable":true,"href":"https:\/\/vieassociative.be\/actualites\/wp-json\/wp\/v2\/categories?post=8568"},{"taxonomy":"post_tag","embeddable":true,"href":"https:\/\/vieassociative.be\/actualites\/wp-json\/wp\/v2\/tags?post=8568"}],"curies":[{"name":"wp","href":"https:\/\/api.w.org\/{rel}","templated":true}]}}