{"id":8566,"date":"2025-07-06T21:17:39","date_gmt":"2025-07-06T19:17:39","guid":{"rendered":"https:\/\/vieassociative.be\/actualites\/le-garmin-forerunner-255-vient-de-tomber-a-son-prix-le-plus-bas-de-tous-les-temps\/"},"modified":"2025-07-06T21:17:39","modified_gmt":"2025-07-06T19:17:39","slug":"le-garmin-forerunner-255-vient-de-tomber-a-son-prix-le-plus-bas-de-tous-les-temps","status":"publish","type":"post","link":"https:\/\/vieassociative.be\/actualites\/le-garmin-forerunner-255-vient-de-tomber-a-son-prix-le-plus-bas-de-tous-les-temps\/","title":{"rendered":"Le Garmin Forerunner 255 vient de tomber \u00e0 son prix le plus bas de tous les temps"},"content":{"rendered":"<div class=\"mt-4 leading-6 md:mb-8\">Si vous \u00eates un coureur qui cherche \u00e0 am\u00e9liorer votre jeu, cette montre de course GPS de milieu de gamme offre des r\u00e9sultats bas\u00e9s sur les donn\u00e9es et un suivi de fitness avanc\u00e9.<\/div>\n<p><\/p>\n<p>Si vous \u00eates pr\u00eat \u00e0 passer du suivi de vos \u00e9tapes vers quelque chose de plus ax\u00e9 sur les performances, investir dans une montre de course pourrait \u00eatre votre meilleur mouvement. La Garmin Foreunner 255 Running Watch est con\u00e7ue pour aider les coureurs \u00e0 optimiser la formation et \u00e0 am\u00e9liorer les performances, et en ce moment, c&rsquo;est 43% sur Amazon, le prix le plus bas qu&rsquo;il ait jamais atteint selon les trackers de prix. Avec le suivi GPS, les statistiques compl\u00e8tes, les plans de formation gratuits et les \u00e9valuations de formation pour surveiller les performances et fournir des commentaires, c&rsquo;est comme un entra\u00eeneur de course int\u00e9gr\u00e9 pour votre poignet.<\/p>\n<div class=\"pogoClear mb-12 mt-10 rounded-md border-2 border-gray-100 py-7 shadow-xl md:py-6\">\n<div class=\"flex flex-wrap justify-between px-7 text-black no-underline md:flex-nowrap md:px-8\">\n<div class=\"order-1 mx-auto flex flex-col justify-center md:order-2 md:ml-4 md:w-full md:grow\">\n<div class=\"block cursor-pointer text-center font-akshar text-2xl font-medium leading-7 text-brand-green duration-200 ease-in-out hover:text-brand-green-700 md:text-left md:text-xl md:leading-6\">Garmin Forerunner 255 Ex\u00e9cution de smartwatch\n                <\/div>\n<div class=\"mt-4 hidden md:flex md:justify-between\">\n<div class=\"self-end\">\n<div class=\"mb-0 h-11 md:flex md:flex-col md:justify-center\">\n<div class=\" font-sans leading-4 text-black\">\n<div class=\"flex flex-wrap items-center justify-center gap-x-1 md:justify-start\">\n        <span class=\"font-bold\"><\/p>\n<p>            199,99 $<br \/>\n                            <span class=\"font-medium\">\u00e0 Amazon<\/span><br \/>\n                    <\/span>\n            <\/div>\n<div class=\"flex items-center justify-center gap-x-1 font-bold md:justify-start\">\n            <span class=\"text-sm line-through\">349,99 $<\/span><br \/>\n            <span class=\"text-sm text-brand-green\">\u00c9conomisez 150,00 $<\/span>\n        <\/div>\n<\/p><\/div>\n<\/p><\/div>\n<\/p><\/div>\n<div class=\"w-44 self-end\">\n                            <button class=\"flex justify-center items-center w-full bg-brand-green text-white text-base font-sans font-medium rounded-md hover:bg-brand-green-700 hover:cursor-pointer md:text-sm h-11\"><\/p>\n<p>    Conclure un accord<br \/>\n<\/button>\n                        <\/div>\n<\/p><\/div>\n<\/p><\/div>\n<div class=\"order-2 mt-5 h-auto w-full md:order-1 md:mt-0 md:hidden\">\n<div class=\"flex aspect-video items-center justify-center\">\n                                            <img decoding=\"async\" class=\"m-0 max-h-full max-w-full rounded-md\" src=\"https:\/\/vieassociative.be\/actualites\/wp-content\/uploads\/2025\/07\/Le-Garmin-Forerunner-255-vient-de-tomber-a-son-prix.jpg\" alt=\"Garmin Forerunner 255 Ex\u00e9cution de smartwatch\" width=\"auto\" height=\"auto\" loading=\"lazy\">\n                                    <\/div>\n<\/p><\/div>\n<div class=\"order-2 ml-2 hidden w-32 shrink-0 items-center md:order-1 md:ml-0 md:flex\">\n<div class=\"flex aspect-video items-center justify-center\">\n                                            <img decoding=\"async\" class=\"m-0 max-h-full max-w-full rounded-md\" src=\"https:\/\/vieassociative.be\/actualites\/wp-content\/uploads\/2025\/07\/Le-Garmin-Forerunner-255-vient-de-tomber-a-son-prix.jpg\" alt=\"Garmin Forerunner 255 Ex\u00e9cution de smartwatch\" width=\"auto\" height=\"auto\" loading=\"lazy\">\n                                    <\/div>\n<\/p><\/div>\n<div class=\"order-3 flex grow flex-wrap md:hidden md:grow-0\">\n<div class=\"mt-4 w-full\">\n                        <button class=\"flex justify-center items-center w-full bg-brand-green text-white text-base font-sans font-medium rounded-md hover:bg-brand-green-700 hover:cursor-pointer md:text-sm h-11\"><\/p>\n<p>    Conclure un accord<br \/>\n<\/button>\n                    <\/div>\n<div class=\"mx-2 mt-4 w-full\">\n<div class=\" font-sans leading-4 text-black\">\n<div class=\"flex flex-wrap items-center justify-center gap-x-1 md:justify-start\">\n        <span class=\"font-bold\"><\/p>\n<p>            199,99 $<br \/>\n                            <span class=\"font-medium\">\u00e0 Amazon<\/span><br \/>\n                    <\/span>\n            <\/div>\n<div class=\"flex items-center justify-center gap-x-1 font-bold md:justify-start\">\n            <span class=\"text-sm line-through\">349,99 $<\/span><br \/>\n            <span class=\"text-sm text-brand-green\">\u00c9conomisez 150,00 $<\/span>\n        <\/div>\n<\/p><\/div>\n<\/p><\/div>\n<\/p><\/div>\n<\/p><\/div>\n<\/div>\n<p>Ce mod\u00e8le \u00e0 prix r\u00e9duit a un \u00e9cran de 46 mm plus grand (par rapport \u00e0 la version 41 mm) et est l&rsquo;\u00e9dition non musicale, ce qui signifie qu&rsquo;elle ne stockait pas ou ne joue pas de musique, vous aurez donc toujours besoin de votre t\u00e9l\u00e9phone pour les listes de lecture. Il dure jusqu&rsquo;\u00e0 14 jours en mode smartwatch et 30 heures en mode GPS, avec un suivi pr\u00e9cis via plusieurs syst\u00e8mes satellites. \u00c0 seulement 1,7 once, il est l\u00e9ger malgr\u00e9 sa taille, et dispose d&rsquo;une bande de silicone r\u00e9sistante \u00e0 la transpiration et de Gorilla Glass 3.<\/p>\n<p>La fonction de coach Garmin int\u00e9gr\u00e9 propose des plans de formation adaptatifs gratuits pour les distances 5K, 10k et semi-marathon. Vous pouvez \u00e9galement cr\u00e9er des entra\u00eenements personnalis\u00e9s via l&rsquo;application Garmin Connect. La montre fournit des conseils de formation et des suggestions d&rsquo;entra\u00eenement personnalis\u00e9es qui s&rsquo;adaptent en fonction de vos performances et de votre r\u00e9cup\u00e9ration apr\u00e8s la course, suivant la fr\u00e9quence cardiaque et l&rsquo;utilisation de la technologie Satiq pour \u00e9quilibrer la pr\u00e9cision GPS avec la dur\u00e9e de vie de la batterie. Il \u00e9value m\u00eame votre routine actuelle pour vous aider \u00e0 \u00e9viter la sous-formation ou la surexertion.<\/p>\n<p>Lorsqu&rsquo;il est port\u00e9 pendant la nuit, le statut de VRC peut suivre votre fr\u00e9quence cardiaque pendant le sommeil et fournir des informations suppl\u00e9mentaires sur votre bien-\u00eatre g\u00e9n\u00e9ral. Cependant, \u00e9tant donn\u00e9 la nature l\u00e9g\u00e8rement volumineuse de la montre, il peut ne pas \u00eatre confortable pour certaines personnes pour dormir. Bien que ce soit un favori parmi les coureurs, de nombreux critiques d&rsquo;Amazon mettent \u00e9galement en \u00e9vidence sa pr\u00e9cision pour les nages en eau libre et en piscine, ce qui en fait une montre polyvalente pour diff\u00e9rents types d&rsquo;amateurs de fitness.<\/p>\n<div class=\"pogoClear relative my-10 border-b-(1.5px) border-t-(1.5px) border-dashed border-black py-5 sm:my-14 sm:border-0 sm:py-0\" data-ga-click data-ga-template=\"Deals\" data-ga-module=\"openweb_widget\" data-ga-element=\"openweb_scroll\" data-ga-item=\"openweb_scroll_midpage\" x-data=\"{\n         commentsCount: null,\n         hasComments: false,\n         async fetchCommentsCount() {\n             try {\n                 if (window.openweb &amp;&amp; typeof window.openweb.getMessagesCount === 'function') {\n                     this.commentsCount = await window.openweb.getMessagesCount('01JZ8P2K96H6ZZMF4Z0Y20S4PG');\n                     this.hasComments = this.commentsCount !== null &amp;&amp; this.commentsCount &gt; 0;\n                 }\n             } catch (e) {\n                 console.warn('Failed to fetch comment count:', e);\n             }\n         }\n     }\" x-init=\"fetchCommentsCount()\" x-cloak><\/p>\n<div class=\"absolute top-1\/2 hidden w-full -translate-y-1\/2 border-t-(1.5px) border-dashed border-black sm:block\"><\/div>\n<div class=\"relative flex justify-center\">\n<div class=\"flex max-w-fit items-center gap-x-3 bg-white px-5\">\n<div class=\"relative\">\n                <span class=\"absolute left-1\/2 top-1\/2 -translate-x-1\/2 -translate-y-1\/2 font-akshar text-sm font-medium text-black\" aria-live=\"polite\" x-show=\"hasComments\" x-text=\"commentsCount\"><\/span><\/p>\n<p>                <svg class=\"h-8 w-8 text-black\" role=\"img\" aria-hidden=\"true\">\n                    <use href=\"http:\/\/lifehacker.com\/images\/icons\/spritemap.svg#sprite-chat-bubble\"><\/use>\n                <\/svg>\n            <\/div>\n<p>            <span class=\"text-sm font-medium text-black\"><\/p>\n<p>                Que pensez-vous jusqu&rsquo;\u00e0 pr\u00e9sent?<br \/>\n                <button class=\"ml-1 font-semibold text-brand-green underline hover:text-brand-green-700\" type=\"button\" aria-label=\"Comment section trigger\" onclick=\"window.openweb.scrollToComments('01JZ8P2K96H6ZZMF4Z0Y20S4PG')\" x-text=\"hasComments ? 'Post a comment.' : 'Be the first to post a comment.'\"><\/button><br \/>\n            <\/span>\n        <\/div>\n<\/p><\/div>\n<\/div>\n<p>Bien qu&rsquo;il soit id\u00e9al pour les courses et l&rsquo;utilisation quotidienne, son bo\u00eetier en acier inoxydable n&rsquo;est pas aussi robuste que la s\u00e9rie Fenix \u200b\u200bou Instinct de Garmin, et si vous voulez de la musique int\u00e9gr\u00e9e, vous voudrez peut-\u00eatre faire des folies sur le mod\u00e8le am\u00e9lior\u00e9 de la marque. Si vous n&rsquo;avez pas besoin de ces fonctionnalit\u00e9s premium, la Garmin Foreunner 255 Running Watch offre une valeur solide avec une pr\u00e9cision GPS, des informations d&rsquo;entra\u00eenement approfondies et une longue dur\u00e9e de vie de la batterie pour les coureurs qui veulent s&rsquo;entra\u00eener intelligents sans d\u00e9penser trop. <\/p>\n","protected":false},"excerpt":{"rendered":"<p>Si vous \u00eates un coureur qui cherche \u00e0 am\u00e9liorer votre jeu, cette montre de course GPS de milieu de gamme offre des r\u00e9sultats bas\u00e9s sur<\/p>\n","protected":false},"author":1,"featured_media":8567,"comment_status":"","ping_status":"","sticky":false,"template":"","format":"standard","meta":{"footnotes":""},"categories":[38],"tags":[700,6754,3685,14,1399,800,790,3753,546,1213],"class_list":["post-8566","post","type-post","status-publish","format-standard","has-post-thumbnail","hentry","category-sante","tag-bas","tag-forerunner","tag-garmin","tag-les","tag-prix","tag-son","tag-temps","tag-tomber","tag-tous","tag-vient","generate-columns","tablet-grid-50","mobile-grid-100","grid-parent","grid-33"],"yoast_head":"<!-- This site is optimized with the Yoast SEO plugin v24.0 - https:\/\/yoast.com\/wordpress\/plugins\/seo\/ -->\n<title>Le Garmin Forerunner 255 vient de tomber \u00e0 son prix le plus bas de tous les temps | Vie Associative<\/title>\n<meta name=\"robots\" content=\"index, follow, max-snippet:-1, max-image-preview:large, max-video-preview:-1\" \/>\n<link rel=\"canonical\" href=\"https:\/\/vieassociative.be\/actualites\/le-garmin-forerunner-255-vient-de-tomber-a-son-prix-le-plus-bas-de-tous-les-temps\/\" \/>\n<meta property=\"og:locale\" content=\"fr_FR\" \/>\n<meta property=\"og:type\" content=\"article\" \/>\n<meta property=\"og:title\" content=\"Le Garmin Forerunner 255 vient de tomber \u00e0 son prix le plus bas de tous les temps | Vie Associative\" \/>\n<meta property=\"og:description\" content=\"Si vous \u00eates un coureur qui cherche \u00e0 am\u00e9liorer votre jeu, cette montre de course GPS de milieu de gamme offre des r\u00e9sultats bas\u00e9s sur\" \/>\n<meta property=\"og:url\" content=\"https:\/\/vieassociative.be\/actualites\/le-garmin-forerunner-255-vient-de-tomber-a-son-prix-le-plus-bas-de-tous-les-temps\/\" \/>\n<meta property=\"og:site_name\" content=\"Vie Associative\" \/>\n<meta property=\"article:published_time\" content=\"2025-07-06T19:17:39+00:00\" \/>\n<meta property=\"og:image\" content=\"https:\/\/vieassociative.be\/actualites\/wp-content\/uploads\/2025\/07\/Le-Garmin-Forerunner-255-vient-de-tomber-a-son-prix.jpg\" \/>\n<meta name=\"author\" content=\"Julien\" \/>\n<meta name=\"twitter:card\" content=\"summary_large_image\" \/>\n<meta name=\"twitter:label1\" content=\"\u00c9crit par\" \/>\n\t<meta name=\"twitter:data1\" content=\"Julien\" \/>\n\t<meta name=\"twitter:label2\" content=\"Dur\u00e9e de lecture est.\" \/>\n\t<meta name=\"twitter:data2\" content=\"3 minutes\" \/>\n<script type=\"application\/ld+json\" class=\"yoast-schema-graph\">{\"@context\":\"https:\/\/schema.org\",\"@graph\":[{\"@type\":\"Article\",\"@id\":\"https:\/\/vieassociative.be\/actualites\/le-garmin-forerunner-255-vient-de-tomber-a-son-prix-le-plus-bas-de-tous-les-temps\/#article\",\"isPartOf\":{\"@id\":\"https:\/\/vieassociative.be\/actualites\/le-garmin-forerunner-255-vient-de-tomber-a-son-prix-le-plus-bas-de-tous-les-temps\/\"},\"author\":{\"name\":\"Julien\",\"@id\":\"https:\/\/vieassociative.be\/actualites\/#\/schema\/person\/b87ac4f82f9d4e7b7cec7395b679edc4\"},\"headline\":\"Le Garmin Forerunner 255 vient de tomber \u00e0 son prix le plus bas de tous les temps\",\"datePublished\":\"2025-07-06T19:17:39+00:00\",\"dateModified\":\"2025-07-06T19:17:39+00:00\",\"mainEntityOfPage\":{\"@id\":\"https:\/\/vieassociative.be\/actualites\/le-garmin-forerunner-255-vient-de-tomber-a-son-prix-le-plus-bas-de-tous-les-temps\/\"},\"wordCount\":610,\"publisher\":{\"@id\":\"https:\/\/vieassociative.be\/actualites\/#organization\"},\"image\":{\"@id\":\"https:\/\/vieassociative.be\/actualites\/le-garmin-forerunner-255-vient-de-tomber-a-son-prix-le-plus-bas-de-tous-les-temps\/#primaryimage\"},\"thumbnailUrl\":\"https:\/\/vieassociative.be\/actualites\/wp-content\/uploads\/2025\/07\/Le-Garmin-Forerunner-255-vient-de-tomber-a-son-prix.png\",\"keywords\":[\"bas\",\"Forerunner\",\"Garmin\",\"Les\",\"prix\",\"son\",\"temps\",\"tomber\",\"tous\",\"vient\"],\"articleSection\":[\"Sant\u00e9\"],\"inLanguage\":\"fr-BE\"},{\"@type\":\"WebPage\",\"@id\":\"https:\/\/vieassociative.be\/actualites\/le-garmin-forerunner-255-vient-de-tomber-a-son-prix-le-plus-bas-de-tous-les-temps\/\",\"url\":\"https:\/\/vieassociative.be\/actualites\/le-garmin-forerunner-255-vient-de-tomber-a-son-prix-le-plus-bas-de-tous-les-temps\/\",\"name\":\"Le Garmin Forerunner 255 vient de tomber \u00e0 son prix le plus bas de tous les temps | Vie Associative\",\"isPartOf\":{\"@id\":\"https:\/\/vieassociative.be\/actualites\/#website\"},\"primaryImageOfPage\":{\"@id\":\"https:\/\/vieassociative.be\/actualites\/le-garmin-forerunner-255-vient-de-tomber-a-son-prix-le-plus-bas-de-tous-les-temps\/#primaryimage\"},\"image\":{\"@id\":\"https:\/\/vieassociative.be\/actualites\/le-garmin-forerunner-255-vient-de-tomber-a-son-prix-le-plus-bas-de-tous-les-temps\/#primaryimage\"},\"thumbnailUrl\":\"https:\/\/vieassociative.be\/actualites\/wp-content\/uploads\/2025\/07\/Le-Garmin-Forerunner-255-vient-de-tomber-a-son-prix.png\",\"datePublished\":\"2025-07-06T19:17:39+00:00\",\"dateModified\":\"2025-07-06T19:17:39+00:00\",\"breadcrumb\":{\"@id\":\"https:\/\/vieassociative.be\/actualites\/le-garmin-forerunner-255-vient-de-tomber-a-son-prix-le-plus-bas-de-tous-les-temps\/#breadcrumb\"},\"inLanguage\":\"fr-BE\",\"potentialAction\":[{\"@type\":\"ReadAction\",\"target\":[\"https:\/\/vieassociative.be\/actualites\/le-garmin-forerunner-255-vient-de-tomber-a-son-prix-le-plus-bas-de-tous-les-temps\/\"]}]},{\"@type\":\"ImageObject\",\"inLanguage\":\"fr-BE\",\"@id\":\"https:\/\/vieassociative.be\/actualites\/le-garmin-forerunner-255-vient-de-tomber-a-son-prix-le-plus-bas-de-tous-les-temps\/#primaryimage\",\"url\":\"https:\/\/vieassociative.be\/actualites\/wp-content\/uploads\/2025\/07\/Le-Garmin-Forerunner-255-vient-de-tomber-a-son-prix.png\",\"contentUrl\":\"https:\/\/vieassociative.be\/actualites\/wp-content\/uploads\/2025\/07\/Le-Garmin-Forerunner-255-vient-de-tomber-a-son-prix.png\",\"width\":1200,\"height\":675,\"caption\":\"Le Garmin Forerunner 255 vient de tomber \u00e0 son prix le plus bas de tous les temps\"},{\"@type\":\"BreadcrumbList\",\"@id\":\"https:\/\/vieassociative.be\/actualites\/le-garmin-forerunner-255-vient-de-tomber-a-son-prix-le-plus-bas-de-tous-les-temps\/#breadcrumb\",\"itemListElement\":[{\"@type\":\"ListItem\",\"position\":1,\"name\":\"Accueil\",\"item\":\"https:\/\/vieassociative.be\/actualites\/\"},{\"@type\":\"ListItem\",\"position\":2,\"name\":\"Le Garmin Forerunner 255 vient de tomber \u00e0 son prix le plus bas de tous les temps\"}]},{\"@type\":\"WebSite\",\"@id\":\"https:\/\/vieassociative.be\/actualites\/#website\",\"url\":\"https:\/\/vieassociative.be\/actualites\/\",\"name\":\"Vie Associative\",\"description\":\"\",\"publisher\":{\"@id\":\"https:\/\/vieassociative.be\/actualites\/#organization\"},\"potentialAction\":[{\"@type\":\"SearchAction\",\"target\":{\"@type\":\"EntryPoint\",\"urlTemplate\":\"https:\/\/vieassociative.be\/actualites\/?s={search_term_string}\"},\"query-input\":{\"@type\":\"PropertyValueSpecification\",\"valueRequired\":true,\"valueName\":\"search_term_string\"}}],\"inLanguage\":\"fr-BE\"},{\"@type\":\"Organization\",\"@id\":\"https:\/\/vieassociative.be\/actualites\/#organization\",\"name\":\"Vie Associative\",\"url\":\"https:\/\/vieassociative.be\/actualites\/\",\"logo\":{\"@type\":\"ImageObject\",\"inLanguage\":\"fr-BE\",\"@id\":\"https:\/\/vieassociative.be\/actualites\/#\/schema\/logo\/image\/\",\"url\":\"https:\/\/vieassociative.be\/actualites\/wp-content\/uploads\/2024\/09\/cropped-vieassociative_favicon.ico.png\",\"contentUrl\":\"https:\/\/vieassociative.be\/actualites\/wp-content\/uploads\/2024\/09\/cropped-vieassociative_favicon.ico.png\",\"width\":512,\"height\":512,\"caption\":\"Vie Associative\"},\"image\":{\"@id\":\"https:\/\/vieassociative.be\/actualites\/#\/schema\/logo\/image\/\"}},{\"@type\":\"Person\",\"@id\":\"https:\/\/vieassociative.be\/actualites\/#\/schema\/person\/b87ac4f82f9d4e7b7cec7395b679edc4\",\"name\":\"Julien\",\"image\":{\"@type\":\"ImageObject\",\"inLanguage\":\"fr-BE\",\"@id\":\"https:\/\/vieassociative.be\/actualites\/#\/schema\/person\/image\/\",\"url\":\"https:\/\/vieassociative.be\/actualites\/wp-content\/uploads\/2024\/09\/vie-associative-1-150x150.jpg\",\"contentUrl\":\"https:\/\/vieassociative.be\/actualites\/wp-content\/uploads\/2024\/09\/vie-associative-1-150x150.jpg\",\"caption\":\"Julien\"},\"description\":\"Je suis Julien, r\u00e9dacteur pour Vie Associative. Passionn\u00e9 par le monde associatif depuis plus de 10 ans, j'ai \u00e0 c\u0153ur de partager des histoires inspirantes et de mettre en lumi\u00e8re les initiatives locales. Mon objectif est de sensibiliser et d'encourager l'engagement communautaire \u00e0 travers mes articles.\",\"sameAs\":[\"https:\/\/vieassociative.be\/\"]}]}<\/script>\n<!-- \/ Yoast SEO plugin. -->","yoast_head_json":{"title":"Le Garmin Forerunner 255 vient de tomber \u00e0 son prix le plus bas de tous les temps | Vie Associative","robots":{"index":"index","follow":"follow","max-snippet":"max-snippet:-1","max-image-preview":"max-image-preview:large","max-video-preview":"max-video-preview:-1"},"canonical":"https:\/\/vieassociative.be\/actualites\/le-garmin-forerunner-255-vient-de-tomber-a-son-prix-le-plus-bas-de-tous-les-temps\/","og_locale":"fr_FR","og_type":"article","og_title":"Le Garmin Forerunner 255 vient de tomber \u00e0 son prix le plus bas de tous les temps | Vie Associative","og_description":"Si vous \u00eates un coureur qui cherche \u00e0 am\u00e9liorer votre jeu, cette montre de course GPS de milieu de gamme offre des r\u00e9sultats bas\u00e9s sur","og_url":"https:\/\/vieassociative.be\/actualites\/le-garmin-forerunner-255-vient-de-tomber-a-son-prix-le-plus-bas-de-tous-les-temps\/","og_site_name":"Vie Associative","article_published_time":"2025-07-06T19:17:39+00:00","og_image":[{"url":"https:\/\/vieassociative.be\/actualites\/wp-content\/uploads\/2025\/07\/Le-Garmin-Forerunner-255-vient-de-tomber-a-son-prix.jpg","type":"","width":"","height":""}],"author":"Julien","twitter_card":"summary_large_image","twitter_misc":{"\u00c9crit par":"Julien","Dur\u00e9e de lecture est.":"3 minutes"},"schema":{"@context":"https:\/\/schema.org","@graph":[{"@type":"Article","@id":"https:\/\/vieassociative.be\/actualites\/le-garmin-forerunner-255-vient-de-tomber-a-son-prix-le-plus-bas-de-tous-les-temps\/#article","isPartOf":{"@id":"https:\/\/vieassociative.be\/actualites\/le-garmin-forerunner-255-vient-de-tomber-a-son-prix-le-plus-bas-de-tous-les-temps\/"},"author":{"name":"Julien","@id":"https:\/\/vieassociative.be\/actualites\/#\/schema\/person\/b87ac4f82f9d4e7b7cec7395b679edc4"},"headline":"Le Garmin Forerunner 255 vient de tomber \u00e0 son prix le plus bas de tous les temps","datePublished":"2025-07-06T19:17:39+00:00","dateModified":"2025-07-06T19:17:39+00:00","mainEntityOfPage":{"@id":"https:\/\/vieassociative.be\/actualites\/le-garmin-forerunner-255-vient-de-tomber-a-son-prix-le-plus-bas-de-tous-les-temps\/"},"wordCount":610,"publisher":{"@id":"https:\/\/vieassociative.be\/actualites\/#organization"},"image":{"@id":"https:\/\/vieassociative.be\/actualites\/le-garmin-forerunner-255-vient-de-tomber-a-son-prix-le-plus-bas-de-tous-les-temps\/#primaryimage"},"thumbnailUrl":"https:\/\/vieassociative.be\/actualites\/wp-content\/uploads\/2025\/07\/Le-Garmin-Forerunner-255-vient-de-tomber-a-son-prix.png","keywords":["bas","Forerunner","Garmin","Les","prix","son","temps","tomber","tous","vient"],"articleSection":["Sant\u00e9"],"inLanguage":"fr-BE"},{"@type":"WebPage","@id":"https:\/\/vieassociative.be\/actualites\/le-garmin-forerunner-255-vient-de-tomber-a-son-prix-le-plus-bas-de-tous-les-temps\/","url":"https:\/\/vieassociative.be\/actualites\/le-garmin-forerunner-255-vient-de-tomber-a-son-prix-le-plus-bas-de-tous-les-temps\/","name":"Le Garmin Forerunner 255 vient de tomber \u00e0 son prix le plus bas de tous les temps | Vie Associative","isPartOf":{"@id":"https:\/\/vieassociative.be\/actualites\/#website"},"primaryImageOfPage":{"@id":"https:\/\/vieassociative.be\/actualites\/le-garmin-forerunner-255-vient-de-tomber-a-son-prix-le-plus-bas-de-tous-les-temps\/#primaryimage"},"image":{"@id":"https:\/\/vieassociative.be\/actualites\/le-garmin-forerunner-255-vient-de-tomber-a-son-prix-le-plus-bas-de-tous-les-temps\/#primaryimage"},"thumbnailUrl":"https:\/\/vieassociative.be\/actualites\/wp-content\/uploads\/2025\/07\/Le-Garmin-Forerunner-255-vient-de-tomber-a-son-prix.png","datePublished":"2025-07-06T19:17:39+00:00","dateModified":"2025-07-06T19:17:39+00:00","breadcrumb":{"@id":"https:\/\/vieassociative.be\/actualites\/le-garmin-forerunner-255-vient-de-tomber-a-son-prix-le-plus-bas-de-tous-les-temps\/#breadcrumb"},"inLanguage":"fr-BE","potentialAction":[{"@type":"ReadAction","target":["https:\/\/vieassociative.be\/actualites\/le-garmin-forerunner-255-vient-de-tomber-a-son-prix-le-plus-bas-de-tous-les-temps\/"]}]},{"@type":"ImageObject","inLanguage":"fr-BE","@id":"https:\/\/vieassociative.be\/actualites\/le-garmin-forerunner-255-vient-de-tomber-a-son-prix-le-plus-bas-de-tous-les-temps\/#primaryimage","url":"https:\/\/vieassociative.be\/actualites\/wp-content\/uploads\/2025\/07\/Le-Garmin-Forerunner-255-vient-de-tomber-a-son-prix.png","contentUrl":"https:\/\/vieassociative.be\/actualites\/wp-content\/uploads\/2025\/07\/Le-Garmin-Forerunner-255-vient-de-tomber-a-son-prix.png","width":1200,"height":675,"caption":"Le Garmin Forerunner 255 vient de tomber \u00e0 son prix le plus bas de tous les temps"},{"@type":"BreadcrumbList","@id":"https:\/\/vieassociative.be\/actualites\/le-garmin-forerunner-255-vient-de-tomber-a-son-prix-le-plus-bas-de-tous-les-temps\/#breadcrumb","itemListElement":[{"@type":"ListItem","position":1,"name":"Accueil","item":"https:\/\/vieassociative.be\/actualites\/"},{"@type":"ListItem","position":2,"name":"Le Garmin Forerunner 255 vient de tomber \u00e0 son prix le plus bas de tous les temps"}]},{"@type":"WebSite","@id":"https:\/\/vieassociative.be\/actualites\/#website","url":"https:\/\/vieassociative.be\/actualites\/","name":"Vie Associative","description":"","publisher":{"@id":"https:\/\/vieassociative.be\/actualites\/#organization"},"potentialAction":[{"@type":"SearchAction","target":{"@type":"EntryPoint","urlTemplate":"https:\/\/vieassociative.be\/actualites\/?s={search_term_string}"},"query-input":{"@type":"PropertyValueSpecification","valueRequired":true,"valueName":"search_term_string"}}],"inLanguage":"fr-BE"},{"@type":"Organization","@id":"https:\/\/vieassociative.be\/actualites\/#organization","name":"Vie Associative","url":"https:\/\/vieassociative.be\/actualites\/","logo":{"@type":"ImageObject","inLanguage":"fr-BE","@id":"https:\/\/vieassociative.be\/actualites\/#\/schema\/logo\/image\/","url":"https:\/\/vieassociative.be\/actualites\/wp-content\/uploads\/2024\/09\/cropped-vieassociative_favicon.ico.png","contentUrl":"https:\/\/vieassociative.be\/actualites\/wp-content\/uploads\/2024\/09\/cropped-vieassociative_favicon.ico.png","width":512,"height":512,"caption":"Vie Associative"},"image":{"@id":"https:\/\/vieassociative.be\/actualites\/#\/schema\/logo\/image\/"}},{"@type":"Person","@id":"https:\/\/vieassociative.be\/actualites\/#\/schema\/person\/b87ac4f82f9d4e7b7cec7395b679edc4","name":"Julien","image":{"@type":"ImageObject","inLanguage":"fr-BE","@id":"https:\/\/vieassociative.be\/actualites\/#\/schema\/person\/image\/","url":"https:\/\/vieassociative.be\/actualites\/wp-content\/uploads\/2024\/09\/vie-associative-1-150x150.jpg","contentUrl":"https:\/\/vieassociative.be\/actualites\/wp-content\/uploads\/2024\/09\/vie-associative-1-150x150.jpg","caption":"Julien"},"description":"Je suis Julien, r\u00e9dacteur pour Vie Associative. Passionn\u00e9 par le monde associatif depuis plus de 10 ans, j'ai \u00e0 c\u0153ur de partager des histoires inspirantes et de mettre en lumi\u00e8re les initiatives locales. Mon objectif est de sensibiliser et d'encourager l'engagement communautaire \u00e0 travers mes articles.","sameAs":["https:\/\/vieassociative.be\/"]}]}},"_links":{"self":[{"href":"https:\/\/vieassociative.be\/actualites\/wp-json\/wp\/v2\/posts\/8566"}],"collection":[{"href":"https:\/\/vieassociative.be\/actualites\/wp-json\/wp\/v2\/posts"}],"about":[{"href":"https:\/\/vieassociative.be\/actualites\/wp-json\/wp\/v2\/types\/post"}],"author":[{"embeddable":true,"href":"https:\/\/vieassociative.be\/actualites\/wp-json\/wp\/v2\/users\/1"}],"replies":[{"embeddable":true,"href":"https:\/\/vieassociative.be\/actualites\/wp-json\/wp\/v2\/comments?post=8566"}],"version-history":[{"count":0,"href":"https:\/\/vieassociative.be\/actualites\/wp-json\/wp\/v2\/posts\/8566\/revisions"}],"wp:featuredmedia":[{"embeddable":true,"href":"https:\/\/vieassociative.be\/actualites\/wp-json\/wp\/v2\/media\/8567"}],"wp:attachment":[{"href":"https:\/\/vieassociative.be\/actualites\/wp-json\/wp\/v2\/media?parent=8566"}],"wp:term":[{"taxonomy":"category","embeddable":true,"href":"https:\/\/vieassociative.be\/actualites\/wp-json\/wp\/v2\/categories?post=8566"},{"taxonomy":"post_tag","embeddable":true,"href":"https:\/\/vieassociative.be\/actualites\/wp-json\/wp\/v2\/tags?post=8566"}],"curies":[{"name":"wp","href":"https:\/\/api.w.org\/{rel}","templated":true}]}}