{"id":8564,"date":"2025-07-06T20:17:33","date_gmt":"2025-07-06T18:17:33","guid":{"rendered":"https:\/\/vieassociative.be\/actualites\/huit-problemes-a-negocier-avec-vos-nouveaux-voisins-des-que-vous-emmenagez\/"},"modified":"2025-07-06T20:17:33","modified_gmt":"2025-07-06T18:17:33","slug":"huit-problemes-a-negocier-avec-vos-nouveaux-voisins-des-que-vous-emmenagez","status":"publish","type":"post","link":"https:\/\/vieassociative.be\/actualites\/huit-problemes-a-negocier-avec-vos-nouveaux-voisins-des-que-vous-emmenagez\/","title":{"rendered":"Huit probl\u00e8mes \u00e0 n\u00e9gocier avec vos nouveaux voisins d\u00e8s que vous emm\u00e9nagez"},"content":{"rendered":"<div class=\"mt-4 leading-6 md:mb-8\">Venez imm\u00e9diatement \u00e0 une compr\u00e9hension de ces questions cruciales.<\/div>\n<p><\/p>\n<p>La plupart d&rsquo;entre nous s&rsquo;entendons tr\u00e8s bien avec nos voisins &#8211; parfois nous devenons m\u00eame amis. Mais m\u00eame si vous \u00eates amical avec les gens de votre bloc, dans votre cul de sac ou dans le couloir, vous pouvez toujours rencontrer des diff\u00e9rends avec eux, et ces diff\u00e9rends peuvent devenir laids.<\/p>\n<p>C&rsquo;est pourquoi c&rsquo;est une bonne id\u00e9e de n\u00e9gocier au moment o\u00f9 vous emm\u00e9nagez dans votre nouvel endroit. En abordant imm\u00e9diatement les probl\u00e8mes potentiels, vous pouvez \u00e9viter toute maladresse future. <\/p>\n<h2 id=\"parking\">Parking<\/h2>\n<p>Si vous \u00eates comme la plupart des gens de ce pays, vous comptez sur votre v\u00e9hicule pour vous rendre au travail et en train d&rsquo;acheter des produits d&rsquo;\u00e9picerie &#8211; pour faire presque tout en dehors de votre zone imm\u00e9diate.<\/p>\n<p>Si vous comptez sur le stationnement de rue, le temps de r\u00e9pondre \u00e0 ce besoin est imm\u00e9diatement. D\u00e9couvrez combien de stationnement est g\u00e9n\u00e9ralement disponible et comment les gens abordent les diff\u00e9rends sur le stationnement b\u00e2cl\u00e9 qui \u00e9limine les espaces pr\u00e9cieux, les endroits \u00ab\u00a0sauver\u00a0\u00bb avec des chaises ou d&rsquo;autres articles, et les voisins qui semblent penser que l&rsquo;endroit devant leur maison est en quelque sorte le leur \u00e0 droite. Une fois que vous connaissez les traditions et les trait\u00e9s existants que les voisins ont n\u00e9goci\u00e9s autour du stationnement, vous pouvez aborder tous les besoins sp\u00e9ciaux que vous pourriez avoir, comme un grand camion qui va manger un espace suppl\u00e9mentaire, ou un membre de la famille qui a besoin d&rsquo;un acc\u00e8s facile au v\u00e9hicule en raison de probl\u00e8mes de mobilit\u00e9.<\/p>\n<p>Si votre nouvelle maison est livr\u00e9e avec une all\u00e9e, vous pourriez penser que vous \u00eates clair &#8211; jusqu&rsquo;\u00e0 ce qu&rsquo;un voisin se jette dans votre all\u00e9e, car il supposait que vous n&rsquo;avez qu&rsquo;\u00e0 y acc\u00e9der \u00e0 certains moments, ou simplement parce qu&rsquo;il leur convient. \u00c9lever le sujet et noter que vous avez besoin de l&rsquo;all\u00e9e claire \u00e0 tout moment peut emp\u00eacher ce moment o\u00f9 vous voulez conduire quelque part, mais que vous devez d&rsquo;abord traquer un voisin pour d\u00e9placer sa voiture. <\/p>\n<h2 id=\"sleep-schedules\">Horaires de sommeil<\/h2>\n<p>Tout le monde ne dort pas sur les sc\u00e8nes &#8211; ou m\u00eame compatibles. Si vous travaillez des quarts de nuit ou si vous avez une routine qui comprend des matins tr\u00e8s t\u00f4t ou des nuits tr\u00e8s tardives, c&rsquo;est une bonne id\u00e9e de savoir \u00e0 vos voisins le plus t\u00f4t possible. Un peu d&rsquo;avertissement que &#8211; malgr\u00e9 vos meilleurs efforts &#8211; vous pourriez faire du bruit dans les petites heures lorsque vous allez travailler, ou que vous dormez pendant la journ\u00e9e et appr\u00e9cierais un peu de paix et de tranquillit\u00e9, peut conduire \u00e0 une conversation saine et \u00e0 un arrangement qui \u00e9vite les arguments futurs.<\/p>\n<h2 id=\"fencing-and-trespassing\">Escripteur et intrusion<\/h2>\n<p>Qu&rsquo;il s&rsquo;agisse de l&rsquo;entretien d&rsquo;une cl\u00f4ture partag\u00e9e, d&rsquo;un jardin qui se glisse sur la ligne de propri\u00e9t\u00e9 officielle ou des branches d&rsquo;arbres qui surplombent votre toit, c&rsquo;est une bonne id\u00e9e de noter les probl\u00e8mes de limite potentiels d\u00e8s que vous emm\u00e9nagez. Si vous ne savez pas tout de suite si votre voisin sera raisonnable \u00e0 propos de ces probl\u00e8mes ou si vous avez besoin de vous pr\u00e9parer \u00e0 la bataille. Et si vous pr\u00e9voyez de faire du travail \u00e0 la propri\u00e9t\u00e9 qui pourrait n\u00e9cessiter une servitude ou un acc\u00e8s \u00e0 la propri\u00e9t\u00e9 de votre voisin &#8211; m\u00eame si vous ne pr\u00e9voyez pas de commencer \u00e0 travailler pendant longtemps &#8211; n\u00e9gociant cet acc\u00e8s en tant que principe g\u00e9n\u00e9ral peut vous \u00e9viter les probl\u00e8mes le moment venu.<\/p>\n<p>Un autre probl\u00e8me de fronti\u00e8re qui vaut la peine d&rsquo;\u00eatre soulev\u00e9: l&rsquo;intrusion. Le mot semble d\u00e9sastreux, mais chaque fois que quelqu&rsquo;un traverse votre propri\u00e9t\u00e9 sans autorisation explicite, c&rsquo;est une intrusion. Cela inclut le voisin qui trouve plus facile de couper votre cour que de faire le tour, les enfants du voisin qui utilisent votre cour comme une extension de la leur, ou le gars \u00ab\u00a0serviable\u00a0\u00bb qui tontise votre pelouse comme il l&rsquo;aime. C&rsquo;est votre propri\u00e9t\u00e9, et vous avez le droit de permettre aux gens de l&rsquo;utiliser &#8211; ou pas. Et il en va de m\u00eame pour votre voisin. Avoir une conversation sur ce avec quoi vous \u00eates \u00e0 l&rsquo;aise est un excellent moyen de maintenir la paix aussi longtemps que vous y vivez.<\/p>\n<h2 id=\"pets\">Animaux de compagnie<\/h2>\n<p>Les animaux de compagnie apportent beaucoup de joie \u00e0 la vie des gens, mais ils peuvent \u00eatre des voisins terribles &#8211; ils vivent leur vie ignorant avec profond\u00e9ment le droit immobilier et les r\u00e8gles de la soci\u00e9t\u00e9 polie. Donc, si vous apportez un animal de compagnie dans le quartier ou si vous vous d\u00e9placez dans un endroit fortement peupl\u00e9 de compagnons d&rsquo;animaux, n\u00e9gocier ce qui va bien et ce qui ne va pas est un must.<\/p>\n<p>Cela peut \u00e9galement inclure de permettre \u00e0 vos voisins de savoir des choses importantes sur vos animaux de compagnie. Par exemple, si vous avez un chat uniquement \u00e0 l&rsquo;int\u00e9rieur, vous pouvez demander \u00e0 votre voisin de toujours vous faire savoir s&rsquo;ils le voient \u00e0 l&rsquo;ext\u00e9rieur. Ou si votre chien a de l&rsquo;anxi\u00e9t\u00e9 avec des \u00e9trangers, vous pouvez les avertir de ne pas laisser leurs enfants se rapprocher trop.<\/p>\n<div class=\"pogoClear relative my-10 border-b-(1.5px) border-t-(1.5px) border-dashed border-black py-5 sm:my-14 sm:border-0 sm:py-0\" data-ga-click data-ga-template=\"Explainers\" data-ga-module=\"openweb_widget\" data-ga-element=\"openweb_scroll\" data-ga-item=\"openweb_scroll_midpage\" x-data=\"{\n         commentsCount: null,\n         hasComments: false,\n         async fetchCommentsCount() {\n             try {\n                 if (window.openweb &amp;&amp; typeof window.openweb.getMessagesCount === 'function') {\n                     this.commentsCount = await window.openweb.getMessagesCount('01JYKRD0XNVFB3463ET8PYD84T');\n                     this.hasComments = this.commentsCount !== null &amp;&amp; this.commentsCount &gt; 0;\n                 }\n             } catch (e) {\n                 console.warn('Failed to fetch comment count:', e);\n             }\n         }\n     }\" x-init=\"fetchCommentsCount()\" x-cloak><\/p>\n<div class=\"absolute top-1\/2 hidden w-full -translate-y-1\/2 border-t-(1.5px) border-dashed border-black sm:block\"><\/div>\n<div class=\"relative flex justify-center\">\n<div class=\"flex max-w-fit items-center gap-x-3 bg-white px-5\">\n<div class=\"relative\">\n                <span class=\"absolute left-1\/2 top-1\/2 -translate-x-1\/2 -translate-y-1\/2 font-akshar text-sm font-medium text-black\" aria-live=\"polite\" x-show=\"hasComments\" x-text=\"commentsCount\"><\/span><\/p>\n<p>                <svg class=\"h-8 w-8 text-black\" role=\"img\" aria-hidden=\"true\">\n                    <use href=\"http:\/\/lifehacker.com\/images\/icons\/spritemap.svg#sprite-chat-bubble\"><\/use>\n                <\/svg>\n            <\/div>\n<p>            <span class=\"text-sm font-medium text-black\"><\/p>\n<p>                Que pensez-vous jusqu&rsquo;\u00e0 pr\u00e9sent?<br \/>\n                <button class=\"ml-1 font-semibold text-brand-green underline hover:text-brand-green-700\" type=\"button\" aria-label=\"Comment section trigger\" onclick=\"window.openweb.scrollToComments('01JYKRD0XNVFB3463ET8PYD84T')\" x-text=\"hasComments ? 'Post a comment.' : 'Be the first to post a comment.'\"><\/button><br \/>\n            <\/span>\n        <\/div>\n<\/p><\/div>\n<\/div>\n<h2 id=\"shared-walls\">Murs partag\u00e9s<\/h2>\n<p>Si vous partagez des murs avec vos voisins, vous voudrez peut-\u00eatre aller au-del\u00e0 d&rsquo;une n\u00e9gociation occasionnelle sur la journ\u00e9e de d\u00e9m\u00e9nagement et sugg\u00e9rer un accord de mur de parti plus formel. Les murs partag\u00e9s peuvent \u00eatre probl\u00e9matiques &#8211; le damage affecte les deux parties, la maintenance doit \u00eatre partag\u00e9e et ce que vous faites de votre c\u00f4t\u00e9 du mur sera presque certainement audible de l&rsquo;autre c\u00f4t\u00e9.<\/p>\n<h2 id=\"outdoor-lights\">Lumi\u00e8res ext\u00e9rieures<\/h2>\n<p>Les lumi\u00e8res ext\u00e9rieures dans une cour ou sur un balcon ou une terrasse peuvent \u00eatre d\u00e9licieuses &#8211; \u00e0 moins qu&rsquo;elle ne soit trois heures du matin et les lumi\u00e8res sont destin\u00e9es directement \u00e0 la fen\u00eatre de votre chambre. Les voisins ne pensent pas toujours au fait que les lumi\u00e8res ext\u00e9rieures sont souvent laiss\u00e9es tout le temps, surtout maintenant que tant de gens sont \u00e9nerv\u00e9s. Demander \u00e0 vos voisins le placement et le fonctionnement de <em>ton <\/em>Les lumi\u00e8res ext\u00e9rieures offrent la possibilit\u00e9 de demander poliment que vos voisins mettent leurs lumi\u00e8res sur une minuterie ou de les orienter afin qu&rsquo;ils ne soient pas destin\u00e9s directement \u00e0 votre maison.<\/p>\n<h2 id=\"security-cameras\">Cam\u00e9ras de s\u00e9curit\u00e9<\/h2>\n<p>Les cam\u00e9ras de s\u00e9curit\u00e9 peuvent vous aider \u00e0 vous sentir en s\u00e9curit\u00e9 dans votre nouvelle maison, mais le meilleur moment pour n\u00e9gocier des probl\u00e8mes de confidentialit\u00e9 avec vos voisins est tout de suite. Vous ne voulez pas enfreindre les lois lors de la mise en place de vos cam\u00e9ras, bien s\u00fbr, et vous n&rsquo;avez pas non plus d&rsquo;int\u00e9r\u00eat \u00e0 faire en sorte que vos voisins sentent comme s&rsquo;ils sont surveill\u00e9s. Mais tout le monde ne pense pas attentivement \u00e0 la fa\u00e7on dont ils organisent des cam\u00e9ras de s\u00e9curit\u00e9, donc cela vaut la peine de v\u00e9rifier comment vos voisins ont g\u00e9r\u00e9 cela afin que vous puissiez demander poliment des ajustements. Travailler ensemble pour n\u00e9gocier ce qui est et n&rsquo;est pas \u00e0 la cam\u00e9ra am\u00e9liorera votre s\u00e9curit\u00e9 &#8211; parce que vous aurez renforc\u00e9 la confiance et les int\u00e9r\u00eats partag\u00e9s avec vos voisins &#8211; et \u00e9viter les moments difficiles.<\/p>\n<h2 id=\"renovations\">R\u00e9novations<\/h2>\n<p>Si vous avez achet\u00e9 votre nouvel endroit avec l&rsquo;intention de faire une r\u00e9novation intestinale, vous savez que vous serez la personne la plus d\u00e9test\u00e9e de votre quartier \u00e0 peu pr\u00e8s au moment o\u00f9 le chaos commence. Anticiper et n\u00e9gocier des aspects de la r\u00e9novation est une tr\u00e8s bonne id\u00e9e. Si vos voisins comprennent la port\u00e9e du projet, ils seront beaucoup moins susceptibles de se plaindre et de jeter des barrages routiers. Certains aspects d&rsquo;une r\u00e9novation dont vous devriez discuter \u00e0 l&rsquo;avance comprennent:<\/p>\n<ul>\n<li>\n<p>Besoins de stationnement des entrepreneurs (surtout s&rsquo;ils mangent plusieurs espaces ou bloquent les routes et les all\u00e9es)<\/p>\n<\/li>\n<li>\n<p>Bruit et horaires &#8211; vos voisins peuvent avoir des \u00e9v\u00e9nements importants \u00e0 venir, comme des r\u00e9unions de travail ou des entretiens, qui b\u00e9n\u00e9ficieraient d&rsquo;une pause dans le mart\u00e8lement et le sciage sans fin<\/p>\n<\/li>\n<li>\n<p>Acc\u00e8s \u00e0 la propri\u00e9t\u00e9, surtout s&rsquo;il existe des zones de votre propri\u00e9t\u00e9 qui ne peuvent \u00eatre accessibles que via la propri\u00e9t\u00e9 d&rsquo;un voisin<\/p>\n<\/li>\n<\/ul>\n<p>Vous devez \u00e9galement demander \u00e0 vos voisins s&rsquo;ils ont des pr\u00e9occupations sp\u00e9cifiques. Par exemple, si vous allez d\u00e9chirer votre cour, un voisin pourrait s&rsquo;inqui\u00e9ter de la touche de leurs arbres ou plantations. N\u00e9gocier la fa\u00e7on dont vous sauvegarderez ces zones \u00e0 l&rsquo;avance rendra tout plus facilement.<\/p>\n","protected":false},"excerpt":{"rendered":"<p>Venez imm\u00e9diatement \u00e0 une compr\u00e9hension de ces questions cruciales. La plupart d&rsquo;entre nous s&rsquo;entendons tr\u00e8s bien avec nos voisins &#8211; parfois nous devenons m\u00eame amis.<\/p>\n","protected":false},"author":1,"featured_media":8565,"comment_status":"","ping_status":"","sticky":false,"template":"","format":"standard","meta":{"footnotes":""},"categories":[40],"tags":[61,29,7642,78,4283,2052,977,6488,27,4],"class_list":["post-8564","post","type-post","status-publish","format-standard","has-post-thumbnail","hentry","category-maison","tag-avec","tag-des","tag-emmenagez","tag-huit","tag-negocier","tag-nouveaux","tag-problemes","tag-voisins","tag-vos","tag-vous","generate-columns","tablet-grid-50","mobile-grid-100","grid-parent","grid-33"],"yoast_head":"<!-- This site is optimized with the Yoast SEO plugin v24.0 - https:\/\/yoast.com\/wordpress\/plugins\/seo\/ -->\n<title>Huit probl\u00e8mes \u00e0 n\u00e9gocier avec vos nouveaux voisins d\u00e8s que vous emm\u00e9nagez | Vie Associative<\/title>\n<meta name=\"robots\" content=\"index, follow, max-snippet:-1, max-image-preview:large, max-video-preview:-1\" \/>\n<link rel=\"canonical\" href=\"https:\/\/vieassociative.be\/actualites\/huit-problemes-a-negocier-avec-vos-nouveaux-voisins-des-que-vous-emmenagez\/\" \/>\n<meta property=\"og:locale\" content=\"fr_FR\" \/>\n<meta property=\"og:type\" content=\"article\" \/>\n<meta property=\"og:title\" content=\"Huit probl\u00e8mes \u00e0 n\u00e9gocier avec vos nouveaux voisins d\u00e8s que vous emm\u00e9nagez | Vie Associative\" \/>\n<meta property=\"og:description\" content=\"Venez imm\u00e9diatement \u00e0 une compr\u00e9hension de ces questions cruciales. La plupart d&rsquo;entre nous s&rsquo;entendons tr\u00e8s bien avec nos voisins &#8211; parfois nous devenons m\u00eame amis.\" \/>\n<meta property=\"og:url\" content=\"https:\/\/vieassociative.be\/actualites\/huit-problemes-a-negocier-avec-vos-nouveaux-voisins-des-que-vous-emmenagez\/\" \/>\n<meta property=\"og:site_name\" content=\"Vie Associative\" \/>\n<meta property=\"article:published_time\" content=\"2025-07-06T18:17:33+00:00\" \/>\n<meta property=\"og:image\" content=\"https:\/\/vieassociative.be\/actualites\/wp-content\/uploads\/2024\/09\/header_backgroundk-01-e1726694325946.png\" \/>\n\t<meta property=\"og:image:width\" content=\"279\" \/>\n\t<meta property=\"og:image:height\" content=\"92\" \/>\n\t<meta property=\"og:image:type\" content=\"image\/png\" \/>\n<meta name=\"author\" content=\"Julien\" \/>\n<meta name=\"twitter:card\" content=\"summary_large_image\" \/>\n<meta name=\"twitter:label1\" content=\"\u00c9crit par\" \/>\n\t<meta name=\"twitter:data1\" content=\"Julien\" \/>\n\t<meta name=\"twitter:label2\" content=\"Dur\u00e9e de lecture est.\" \/>\n\t<meta name=\"twitter:data2\" content=\"8 minutes\" \/>\n<script type=\"application\/ld+json\" class=\"yoast-schema-graph\">{\"@context\":\"https:\/\/schema.org\",\"@graph\":[{\"@type\":\"Article\",\"@id\":\"https:\/\/vieassociative.be\/actualites\/huit-problemes-a-negocier-avec-vos-nouveaux-voisins-des-que-vous-emmenagez\/#article\",\"isPartOf\":{\"@id\":\"https:\/\/vieassociative.be\/actualites\/huit-problemes-a-negocier-avec-vos-nouveaux-voisins-des-que-vous-emmenagez\/\"},\"author\":{\"name\":\"Julien\",\"@id\":\"https:\/\/vieassociative.be\/actualites\/#\/schema\/person\/b87ac4f82f9d4e7b7cec7395b679edc4\"},\"headline\":\"Huit probl\u00e8mes \u00e0 n\u00e9gocier avec vos nouveaux voisins d\u00e8s que vous emm\u00e9nagez\",\"datePublished\":\"2025-07-06T18:17:33+00:00\",\"dateModified\":\"2025-07-06T18:17:33+00:00\",\"mainEntityOfPage\":{\"@id\":\"https:\/\/vieassociative.be\/actualites\/huit-problemes-a-negocier-avec-vos-nouveaux-voisins-des-que-vous-emmenagez\/\"},\"wordCount\":1572,\"publisher\":{\"@id\":\"https:\/\/vieassociative.be\/actualites\/#organization\"},\"image\":{\"@id\":\"https:\/\/vieassociative.be\/actualites\/huit-problemes-a-negocier-avec-vos-nouveaux-voisins-des-que-vous-emmenagez\/#primaryimage\"},\"thumbnailUrl\":\"https:\/\/vieassociative.be\/actualites\/wp-content\/uploads\/2025\/07\/Huit-problemes-a-negocier-avec-vos-nouveaux-voisins-des-que.jpg\",\"keywords\":[\"avec\",\"Des\",\"emm\u00e9nagez\",\"Huit\",\"n\u00e9gocier\",\"nouveaux\",\"probl\u00e8mes\",\"voisins\",\"vos\",\"Vous\"],\"articleSection\":[\"Maison\"],\"inLanguage\":\"fr-BE\"},{\"@type\":\"WebPage\",\"@id\":\"https:\/\/vieassociative.be\/actualites\/huit-problemes-a-negocier-avec-vos-nouveaux-voisins-des-que-vous-emmenagez\/\",\"url\":\"https:\/\/vieassociative.be\/actualites\/huit-problemes-a-negocier-avec-vos-nouveaux-voisins-des-que-vous-emmenagez\/\",\"name\":\"Huit probl\u00e8mes \u00e0 n\u00e9gocier avec vos nouveaux voisins d\u00e8s que vous emm\u00e9nagez | Vie Associative\",\"isPartOf\":{\"@id\":\"https:\/\/vieassociative.be\/actualites\/#website\"},\"primaryImageOfPage\":{\"@id\":\"https:\/\/vieassociative.be\/actualites\/huit-problemes-a-negocier-avec-vos-nouveaux-voisins-des-que-vous-emmenagez\/#primaryimage\"},\"image\":{\"@id\":\"https:\/\/vieassociative.be\/actualites\/huit-problemes-a-negocier-avec-vos-nouveaux-voisins-des-que-vous-emmenagez\/#primaryimage\"},\"thumbnailUrl\":\"https:\/\/vieassociative.be\/actualites\/wp-content\/uploads\/2025\/07\/Huit-problemes-a-negocier-avec-vos-nouveaux-voisins-des-que.jpg\",\"datePublished\":\"2025-07-06T18:17:33+00:00\",\"dateModified\":\"2025-07-06T18:17:33+00:00\",\"breadcrumb\":{\"@id\":\"https:\/\/vieassociative.be\/actualites\/huit-problemes-a-negocier-avec-vos-nouveaux-voisins-des-que-vous-emmenagez\/#breadcrumb\"},\"inLanguage\":\"fr-BE\",\"potentialAction\":[{\"@type\":\"ReadAction\",\"target\":[\"https:\/\/vieassociative.be\/actualites\/huit-problemes-a-negocier-avec-vos-nouveaux-voisins-des-que-vous-emmenagez\/\"]}]},{\"@type\":\"ImageObject\",\"inLanguage\":\"fr-BE\",\"@id\":\"https:\/\/vieassociative.be\/actualites\/huit-problemes-a-negocier-avec-vos-nouveaux-voisins-des-que-vous-emmenagez\/#primaryimage\",\"url\":\"https:\/\/vieassociative.be\/actualites\/wp-content\/uploads\/2025\/07\/Huit-problemes-a-negocier-avec-vos-nouveaux-voisins-des-que.jpg\",\"contentUrl\":\"https:\/\/vieassociative.be\/actualites\/wp-content\/uploads\/2025\/07\/Huit-problemes-a-negocier-avec-vos-nouveaux-voisins-des-que.jpg\",\"width\":1200,\"height\":675,\"caption\":\"Huit probl\u00e8mes \u00e0 n\u00e9gocier avec vos nouveaux voisins d\u00e8s que vous emm\u00e9nagez\"},{\"@type\":\"BreadcrumbList\",\"@id\":\"https:\/\/vieassociative.be\/actualites\/huit-problemes-a-negocier-avec-vos-nouveaux-voisins-des-que-vous-emmenagez\/#breadcrumb\",\"itemListElement\":[{\"@type\":\"ListItem\",\"position\":1,\"name\":\"Accueil\",\"item\":\"https:\/\/vieassociative.be\/actualites\/\"},{\"@type\":\"ListItem\",\"position\":2,\"name\":\"Huit probl\u00e8mes \u00e0 n\u00e9gocier avec vos nouveaux voisins d\u00e8s que vous emm\u00e9nagez\"}]},{\"@type\":\"WebSite\",\"@id\":\"https:\/\/vieassociative.be\/actualites\/#website\",\"url\":\"https:\/\/vieassociative.be\/actualites\/\",\"name\":\"Vie Associative\",\"description\":\"\",\"publisher\":{\"@id\":\"https:\/\/vieassociative.be\/actualites\/#organization\"},\"potentialAction\":[{\"@type\":\"SearchAction\",\"target\":{\"@type\":\"EntryPoint\",\"urlTemplate\":\"https:\/\/vieassociative.be\/actualites\/?s={search_term_string}\"},\"query-input\":{\"@type\":\"PropertyValueSpecification\",\"valueRequired\":true,\"valueName\":\"search_term_string\"}}],\"inLanguage\":\"fr-BE\"},{\"@type\":\"Organization\",\"@id\":\"https:\/\/vieassociative.be\/actualites\/#organization\",\"name\":\"Vie Associative\",\"url\":\"https:\/\/vieassociative.be\/actualites\/\",\"logo\":{\"@type\":\"ImageObject\",\"inLanguage\":\"fr-BE\",\"@id\":\"https:\/\/vieassociative.be\/actualites\/#\/schema\/logo\/image\/\",\"url\":\"https:\/\/vieassociative.be\/actualites\/wp-content\/uploads\/2024\/09\/cropped-vieassociative_favicon.ico.png\",\"contentUrl\":\"https:\/\/vieassociative.be\/actualites\/wp-content\/uploads\/2024\/09\/cropped-vieassociative_favicon.ico.png\",\"width\":512,\"height\":512,\"caption\":\"Vie Associative\"},\"image\":{\"@id\":\"https:\/\/vieassociative.be\/actualites\/#\/schema\/logo\/image\/\"}},{\"@type\":\"Person\",\"@id\":\"https:\/\/vieassociative.be\/actualites\/#\/schema\/person\/b87ac4f82f9d4e7b7cec7395b679edc4\",\"name\":\"Julien\",\"image\":{\"@type\":\"ImageObject\",\"inLanguage\":\"fr-BE\",\"@id\":\"https:\/\/vieassociative.be\/actualites\/#\/schema\/person\/image\/\",\"url\":\"https:\/\/vieassociative.be\/actualites\/wp-content\/uploads\/2024\/09\/vie-associative-1-150x150.jpg\",\"contentUrl\":\"https:\/\/vieassociative.be\/actualites\/wp-content\/uploads\/2024\/09\/vie-associative-1-150x150.jpg\",\"caption\":\"Julien\"},\"description\":\"Je suis Julien, r\u00e9dacteur pour Vie Associative. Passionn\u00e9 par le monde associatif depuis plus de 10 ans, j'ai \u00e0 c\u0153ur de partager des histoires inspirantes et de mettre en lumi\u00e8re les initiatives locales. Mon objectif est de sensibiliser et d'encourager l'engagement communautaire \u00e0 travers mes articles.\",\"sameAs\":[\"https:\/\/vieassociative.be\/\"]}]}<\/script>\n<!-- \/ Yoast SEO plugin. -->","yoast_head_json":{"title":"Huit probl\u00e8mes \u00e0 n\u00e9gocier avec vos nouveaux voisins d\u00e8s que vous emm\u00e9nagez | Vie Associative","robots":{"index":"index","follow":"follow","max-snippet":"max-snippet:-1","max-image-preview":"max-image-preview:large","max-video-preview":"max-video-preview:-1"},"canonical":"https:\/\/vieassociative.be\/actualites\/huit-problemes-a-negocier-avec-vos-nouveaux-voisins-des-que-vous-emmenagez\/","og_locale":"fr_FR","og_type":"article","og_title":"Huit probl\u00e8mes \u00e0 n\u00e9gocier avec vos nouveaux voisins d\u00e8s que vous emm\u00e9nagez | Vie Associative","og_description":"Venez imm\u00e9diatement \u00e0 une compr\u00e9hension de ces questions cruciales. La plupart d&rsquo;entre nous s&rsquo;entendons tr\u00e8s bien avec nos voisins &#8211; parfois nous devenons m\u00eame amis.","og_url":"https:\/\/vieassociative.be\/actualites\/huit-problemes-a-negocier-avec-vos-nouveaux-voisins-des-que-vous-emmenagez\/","og_site_name":"Vie Associative","article_published_time":"2025-07-06T18:17:33+00:00","og_image":[{"width":279,"height":92,"url":"https:\/\/vieassociative.be\/actualites\/wp-content\/uploads\/2024\/09\/header_backgroundk-01-e1726694325946.png","type":"image\/png"}],"author":"Julien","twitter_card":"summary_large_image","twitter_misc":{"\u00c9crit par":"Julien","Dur\u00e9e de lecture est.":"8 minutes"},"schema":{"@context":"https:\/\/schema.org","@graph":[{"@type":"Article","@id":"https:\/\/vieassociative.be\/actualites\/huit-problemes-a-negocier-avec-vos-nouveaux-voisins-des-que-vous-emmenagez\/#article","isPartOf":{"@id":"https:\/\/vieassociative.be\/actualites\/huit-problemes-a-negocier-avec-vos-nouveaux-voisins-des-que-vous-emmenagez\/"},"author":{"name":"Julien","@id":"https:\/\/vieassociative.be\/actualites\/#\/schema\/person\/b87ac4f82f9d4e7b7cec7395b679edc4"},"headline":"Huit probl\u00e8mes \u00e0 n\u00e9gocier avec vos nouveaux voisins d\u00e8s que vous emm\u00e9nagez","datePublished":"2025-07-06T18:17:33+00:00","dateModified":"2025-07-06T18:17:33+00:00","mainEntityOfPage":{"@id":"https:\/\/vieassociative.be\/actualites\/huit-problemes-a-negocier-avec-vos-nouveaux-voisins-des-que-vous-emmenagez\/"},"wordCount":1572,"publisher":{"@id":"https:\/\/vieassociative.be\/actualites\/#organization"},"image":{"@id":"https:\/\/vieassociative.be\/actualites\/huit-problemes-a-negocier-avec-vos-nouveaux-voisins-des-que-vous-emmenagez\/#primaryimage"},"thumbnailUrl":"https:\/\/vieassociative.be\/actualites\/wp-content\/uploads\/2025\/07\/Huit-problemes-a-negocier-avec-vos-nouveaux-voisins-des-que.jpg","keywords":["avec","Des","emm\u00e9nagez","Huit","n\u00e9gocier","nouveaux","probl\u00e8mes","voisins","vos","Vous"],"articleSection":["Maison"],"inLanguage":"fr-BE"},{"@type":"WebPage","@id":"https:\/\/vieassociative.be\/actualites\/huit-problemes-a-negocier-avec-vos-nouveaux-voisins-des-que-vous-emmenagez\/","url":"https:\/\/vieassociative.be\/actualites\/huit-problemes-a-negocier-avec-vos-nouveaux-voisins-des-que-vous-emmenagez\/","name":"Huit probl\u00e8mes \u00e0 n\u00e9gocier avec vos nouveaux voisins d\u00e8s que vous emm\u00e9nagez | Vie Associative","isPartOf":{"@id":"https:\/\/vieassociative.be\/actualites\/#website"},"primaryImageOfPage":{"@id":"https:\/\/vieassociative.be\/actualites\/huit-problemes-a-negocier-avec-vos-nouveaux-voisins-des-que-vous-emmenagez\/#primaryimage"},"image":{"@id":"https:\/\/vieassociative.be\/actualites\/huit-problemes-a-negocier-avec-vos-nouveaux-voisins-des-que-vous-emmenagez\/#primaryimage"},"thumbnailUrl":"https:\/\/vieassociative.be\/actualites\/wp-content\/uploads\/2025\/07\/Huit-problemes-a-negocier-avec-vos-nouveaux-voisins-des-que.jpg","datePublished":"2025-07-06T18:17:33+00:00","dateModified":"2025-07-06T18:17:33+00:00","breadcrumb":{"@id":"https:\/\/vieassociative.be\/actualites\/huit-problemes-a-negocier-avec-vos-nouveaux-voisins-des-que-vous-emmenagez\/#breadcrumb"},"inLanguage":"fr-BE","potentialAction":[{"@type":"ReadAction","target":["https:\/\/vieassociative.be\/actualites\/huit-problemes-a-negocier-avec-vos-nouveaux-voisins-des-que-vous-emmenagez\/"]}]},{"@type":"ImageObject","inLanguage":"fr-BE","@id":"https:\/\/vieassociative.be\/actualites\/huit-problemes-a-negocier-avec-vos-nouveaux-voisins-des-que-vous-emmenagez\/#primaryimage","url":"https:\/\/vieassociative.be\/actualites\/wp-content\/uploads\/2025\/07\/Huit-problemes-a-negocier-avec-vos-nouveaux-voisins-des-que.jpg","contentUrl":"https:\/\/vieassociative.be\/actualites\/wp-content\/uploads\/2025\/07\/Huit-problemes-a-negocier-avec-vos-nouveaux-voisins-des-que.jpg","width":1200,"height":675,"caption":"Huit probl\u00e8mes \u00e0 n\u00e9gocier avec vos nouveaux voisins d\u00e8s que vous emm\u00e9nagez"},{"@type":"BreadcrumbList","@id":"https:\/\/vieassociative.be\/actualites\/huit-problemes-a-negocier-avec-vos-nouveaux-voisins-des-que-vous-emmenagez\/#breadcrumb","itemListElement":[{"@type":"ListItem","position":1,"name":"Accueil","item":"https:\/\/vieassociative.be\/actualites\/"},{"@type":"ListItem","position":2,"name":"Huit probl\u00e8mes \u00e0 n\u00e9gocier avec vos nouveaux voisins d\u00e8s que vous emm\u00e9nagez"}]},{"@type":"WebSite","@id":"https:\/\/vieassociative.be\/actualites\/#website","url":"https:\/\/vieassociative.be\/actualites\/","name":"Vie Associative","description":"","publisher":{"@id":"https:\/\/vieassociative.be\/actualites\/#organization"},"potentialAction":[{"@type":"SearchAction","target":{"@type":"EntryPoint","urlTemplate":"https:\/\/vieassociative.be\/actualites\/?s={search_term_string}"},"query-input":{"@type":"PropertyValueSpecification","valueRequired":true,"valueName":"search_term_string"}}],"inLanguage":"fr-BE"},{"@type":"Organization","@id":"https:\/\/vieassociative.be\/actualites\/#organization","name":"Vie Associative","url":"https:\/\/vieassociative.be\/actualites\/","logo":{"@type":"ImageObject","inLanguage":"fr-BE","@id":"https:\/\/vieassociative.be\/actualites\/#\/schema\/logo\/image\/","url":"https:\/\/vieassociative.be\/actualites\/wp-content\/uploads\/2024\/09\/cropped-vieassociative_favicon.ico.png","contentUrl":"https:\/\/vieassociative.be\/actualites\/wp-content\/uploads\/2024\/09\/cropped-vieassociative_favicon.ico.png","width":512,"height":512,"caption":"Vie Associative"},"image":{"@id":"https:\/\/vieassociative.be\/actualites\/#\/schema\/logo\/image\/"}},{"@type":"Person","@id":"https:\/\/vieassociative.be\/actualites\/#\/schema\/person\/b87ac4f82f9d4e7b7cec7395b679edc4","name":"Julien","image":{"@type":"ImageObject","inLanguage":"fr-BE","@id":"https:\/\/vieassociative.be\/actualites\/#\/schema\/person\/image\/","url":"https:\/\/vieassociative.be\/actualites\/wp-content\/uploads\/2024\/09\/vie-associative-1-150x150.jpg","contentUrl":"https:\/\/vieassociative.be\/actualites\/wp-content\/uploads\/2024\/09\/vie-associative-1-150x150.jpg","caption":"Julien"},"description":"Je suis Julien, r\u00e9dacteur pour Vie Associative. Passionn\u00e9 par le monde associatif depuis plus de 10 ans, j'ai \u00e0 c\u0153ur de partager des histoires inspirantes et de mettre en lumi\u00e8re les initiatives locales. Mon objectif est de sensibiliser et d'encourager l'engagement communautaire \u00e0 travers mes articles.","sameAs":["https:\/\/vieassociative.be\/"]}]}},"_links":{"self":[{"href":"https:\/\/vieassociative.be\/actualites\/wp-json\/wp\/v2\/posts\/8564"}],"collection":[{"href":"https:\/\/vieassociative.be\/actualites\/wp-json\/wp\/v2\/posts"}],"about":[{"href":"https:\/\/vieassociative.be\/actualites\/wp-json\/wp\/v2\/types\/post"}],"author":[{"embeddable":true,"href":"https:\/\/vieassociative.be\/actualites\/wp-json\/wp\/v2\/users\/1"}],"replies":[{"embeddable":true,"href":"https:\/\/vieassociative.be\/actualites\/wp-json\/wp\/v2\/comments?post=8564"}],"version-history":[{"count":0,"href":"https:\/\/vieassociative.be\/actualites\/wp-json\/wp\/v2\/posts\/8564\/revisions"}],"wp:featuredmedia":[{"embeddable":true,"href":"https:\/\/vieassociative.be\/actualites\/wp-json\/wp\/v2\/media\/8565"}],"wp:attachment":[{"href":"https:\/\/vieassociative.be\/actualites\/wp-json\/wp\/v2\/media?parent=8564"}],"wp:term":[{"taxonomy":"category","embeddable":true,"href":"https:\/\/vieassociative.be\/actualites\/wp-json\/wp\/v2\/categories?post=8564"},{"taxonomy":"post_tag","embeddable":true,"href":"https:\/\/vieassociative.be\/actualites\/wp-json\/wp\/v2\/tags?post=8564"}],"curies":[{"name":"wp","href":"https:\/\/api.w.org\/{rel}","templated":true}]}}