{"id":8562,"date":"2025-07-06T16:17:45","date_gmt":"2025-07-06T14:17:45","guid":{"rendered":"https:\/\/vieassociative.be\/actualites\/il-y-a-40-ans-becker-a-remporte-wimbledon-pour-la-premiere-fois-apres-que-tout-le-monde-ma-serre-dans-ses-bras-et-presque-ecrase\/"},"modified":"2025-07-06T16:17:45","modified_gmt":"2025-07-06T14:17:45","slug":"il-y-a-40-ans-becker-a-remporte-wimbledon-pour-la-premiere-fois-apres-que-tout-le-monde-ma-serre-dans-ses-bras-et-presque-ecrase","status":"publish","type":"post","link":"https:\/\/vieassociative.be\/actualites\/il-y-a-40-ans-becker-a-remporte-wimbledon-pour-la-premiere-fois-apres-que-tout-le-monde-ma-serre-dans-ses-bras-et-presque-ecrase\/","title":{"rendered":"Il y a 40 ans, Becker a remport\u00e9 Wimbledon pour la premi\u00e8re fois: \u00ab\u00a0Apr\u00e8s que tout le monde m&rsquo;a serr\u00e9 dans ses bras &#8211; et presque \u00e9cras\u00e9\u00a0\u00bb"},"content":{"rendered":"<p><strong>Boris Becker a chang\u00e9 le monde du sport il y a 40 ans. Le triomphe \u00e0 l&rsquo;\u00e2ge de 17 ans \u00e0 Wimbledon a non seulement fa\u00e7onn\u00e9 sa vie. Cependant, le grand honneur de son anniversaire devrait \u00eatre absent.<\/strong><\/p>\n<p><span id=\"more-419410\"><\/span>Peu de temps avant sa grande journ\u00e9e d&rsquo;anniversaire, quelque chose comme Melancholy est venu \u00e0 Boris Becker. \u00ab\u00a0Je suis un peu jaloux que vous soyez \u00e0 Wimbledon et \u00e0 Milan\u00a0\u00bb, a d\u00e9clar\u00e9 le joueur de 57 ans de son partenaire de podcast Andrea Petkovic au d\u00e9but du Grand Chelem, qu&rsquo;il appelle son \u00ab\u00a0chez lui\u00a0\u00bb. Lorsque Becker remporte le titre au tournoi le plus prestigieux le 7 juillet 1985 \u00e0 17 h 26. Temps local avec un service inaccessible contre Kevin Curren, il devient \u00ab\u00a0Leidener de 17 ans\u00a0\u00bb pour toujours.<\/p>\n<div id=\"attachment_419426\" class=\"wp-caption alignleft\" style=\"max-width: 300px\"><img fetchpriority=\"high\" decoding=\"async\" class=\"wp-image-419426 size-medium\" src=\"https:\/\/vieassociative.be\/actualites\/wp-content\/uploads\/2025\/07\/Il-y-a-40-ans-Becker-a-remporte-Wimbledon-pour.jpg\" alt=\"\" width=\"300\" height=\"213\"><\/p>\n<p class=\"wp-caption-text\">07.07.1985, Grande-Bretagne, Wimbledon: Le seul joueur de tennis allemand de 17 ans Boris Becker Beams et souligne triomphalement la Coupe du vainqueur, qui lui a \u00e9t\u00e9 pr\u00e9sent\u00e9e le 7 juillet 1985 apr\u00e8s son succ\u00e8s sur l&rsquo;American Kevin Curren en finale de Wimbledon. Photo: R\u00fcdiger Schrader \/ DPA<\/p>\n<\/div>\n<p><strong>&#8211; \u00ab\u00a0Mon atterrissage de la lune tr\u00e8s personnel\u00a0\u00bb:<\/strong> Un enfant prodige qui, avec Steffi Graf, d\u00e9clenche un boom de tennis sans pr\u00e9c\u00e9dent en Allemagne et est mondialement c\u00e9l\u00e8bre. \u00ab\u00a0La victoire a \u00e9t\u00e9 mon atterrissage sur la lune tr\u00e8s personnel\u00a0\u00bb, a d\u00e9clar\u00e9 Becker une fois dans une publicit\u00e9.<\/p>\n<p>Une victoire qui fa\u00e7onnera toute sa vie &#8211; avec des effets positifs et n\u00e9gatifs. Il est sur et \u00e0 c\u00f4t\u00e9 de la place sous une observation constante, en priv\u00e9 et un athl\u00e8te, les gros titres lui appartiennent. \u00ab\u00a0Tout le pays m&rsquo;a serr\u00e9 dans ses bras. Cela \u00e9tait certainement bien signifi\u00e9, mais j&rsquo;ai \u00e9t\u00e9 presque \u00e9cras\u00e9 et j&rsquo;ai pris mon air pour respirer\u00a0\u00bb, a d\u00e9clar\u00e9 l&rsquo;ic\u00f4ne r\u00e9cemment dans une interview \u00ab\u00a0\u00e9toile\u00a0\u00bb. \u00ab\u00a0J&rsquo;\u00e9tais toujours une personne qui travaille \u00e0 la libert\u00e9 et soudain, cette libert\u00e9 avait disparu.\u00a0\u00bb<\/p>\n<p><strong>&#8211; Londres comme lieu de destin:<\/strong> Le Club All England devient son \u00ab\u00a0salon\u00a0\u00bb auto-d\u00e9clarant, en 1986 et 1989, il a remport\u00e9 le titre \u00e0 nouveau sur Lawn, jusqu&rsquo;\u00e0 ses adieux en 1999, il y a quatre d\u00e9faites finales.<\/p>\n<div id=\"attachment_419427\" class=\"wp-caption alignleft\" style=\"max-width: 300px\"><img decoding=\"async\" class=\"wp-image-419427 size-medium\" src=\"https:\/\/vieassociative.be\/actualites\/wp-content\/uploads\/2025\/07\/1751811465_0_Il-y-a-40-ans-Becker-a-remporte-Wimbledon-pour.jpg\" alt=\"\" width=\"300\" height=\"200\"><\/p>\n<p class=\"wp-caption-text\">19.09.2024, Berlin: Boris Becker et son \u00e9pouse Lilian de Carvalho Monteiro sont venus \u00e0 la soir\u00e9e d&rsquo;ouverture du tournoi de tennis Laver Cup. Photo: Christophe Gateau \/ DPA<\/p>\n<\/div>\n<p>Peu de noms dans le sport sont aussi synonymes les uns des autres que Wimbledon et Becker. \u00ab\u00a0Cela fait partie de ma vie. C&rsquo;est dans mon ADN, vous ne pouvez pas nier cela\u00a0\u00bb, d\u00e9crit-il la connexion.<\/p>\n<p>Mais Londres sera \u00e9galement sa destination d&rsquo;une mani\u00e8re diff\u00e9rente. En avril 2022, il a \u00e9t\u00e9 condamn\u00e9 \u00e0 une peine de prison dans son lieu de r\u00e9sidence \u00e0 long terme, Becker s&rsquo;\u00e9tait silencieux sur ses administrateurs de faillite en millions.<\/p>\n<p>En raison d&rsquo;un r\u00e8glement sp\u00e9cial pour les prisonniers \u00e9trangers, il sera publi\u00e9 en d\u00e9cembre 2022, mais re\u00e7oit initialement une interdiction d&rsquo;entr\u00e9e pour la Grande-Bretagne. Becker a \u00e9galement rat\u00e9 son tournoi bien-aim\u00e9 ces derni\u00e8res ann\u00e9es. \u00ab\u00a0Je pense que personne ne conna\u00eet Wimbledon aussi bien que moi\u00a0\u00bb, a-t-il d\u00e9clar\u00e9 il y a un an. \u00ab\u00a0En fin de compte, vous voulez passer par les objectifs de SW19 et sentir \u00e0 nouveau l&rsquo;odeur des fleurs.\u00a0\u00bb<\/p>\n<p><strong>&#8211; Commentateur pour Sky Italia:<\/strong> La question d&rsquo;un voyage personnel de Becker \u00e0 Wimbledon ne se pose pas cette ann\u00e9e, a d\u00e9clar\u00e9 l&rsquo;avocat de Becker, Christian-Oliver Moser, \u00e0 l&rsquo;agence de presse allemande avant le tournoi. Becker commentera le diffuseur italien Sky Italia au cours de la deuxi\u00e8me semaine du tournoi de Milan, o\u00f9 il a \u00e9t\u00e9 li\u00e9 contractuellement.<\/p>\n<div id=\"attachment_419428\" class=\"wp-caption alignleft\" style=\"max-width: 300px\"><img decoding=\"async\" class=\"wp-image-419428 size-medium\" src=\"https:\/\/vieassociative.be\/actualites\/wp-content\/uploads\/2025\/07\/1751811465_972_Il-y-a-40-ans-Becker-a-remporte-Wimbledon-pour.jpg\" alt=\"\" width=\"300\" height=\"200\"  ><\/p>\n<p class=\"wp-caption-text\">22\/06\/2025, Rhin-Westphalie du Nord, Halle: Boris Becker entre dans le tribunal. Photo: David Inderlied \/ DPA<\/p>\n<\/div>\n<p>\u00c0 l&rsquo;occasion du 40e anniversaire, les organisateurs n&rsquo;avaient pas l&rsquo;intention de faire une c\u00e9r\u00e9monie officielle en son honneur. Chaque ann\u00e9e, il y a de nombreux anniversaires \u00e0 Wimbledon, les organisateurs du Tennis All England Lawn et du Croquet Club partagent sur demande. Cette ann\u00e9e, entre autres, Bj\u00f6rn Borg devrait \u00eatre c\u00e9l\u00e9br\u00e9 pour son cinqui\u00e8me titre il y a 45 ans.<\/p>\n<p>Dans son 30e anniversaire, Becker a dirig\u00e9 les Serbes Novak Djokovic en tant qu&rsquo;entra\u00eeneur au titre en 2015. Avant et apr\u00e8s, il a travaill\u00e9 pour la BBC britannique pendant longtemps en tant que commentateur respect\u00e9. Il y a maintenant \u00ab\u00a0un grand int\u00e9r\u00eat de diverses cha\u00eenes de t\u00e9l\u00e9vision, M. Becker \u00e0 nouveau en tant qu&rsquo;expert \/ commentateur sur place de l&rsquo;ann\u00e9e prochaine\u00a0\u00bb, poursuit son avocat. Ainsi, le d\u00e9sir pourrait alors \u00eatre r\u00e9alis\u00e9 \u00e0 nouveau, ce que Becker a d\u00e9crit peu de temps apr\u00e8s la garde: \u00ab\u00a0Londres me manque, Wimbledon me manque vraiment.\u00a0\u00bb (DPA)<\/p>\n","protected":false},"excerpt":{"rendered":"<p>Boris Becker a chang\u00e9 le monde du sport il y a 40 ans. Le triomphe \u00e0 l&rsquo;\u00e2ge de 17 ans \u00e0 Wimbledon a non seulement<\/p>\n","protected":false},"author":1,"featured_media":8563,"comment_status":"","ping_status":"","sticky":false,"template":"","format":"standard","meta":{"footnotes":""},"categories":[298],"tags":[584,472,7638,4552,166,7641,774,237,81,610,340,2809,7640,1055,236,7639],"class_list":["post-8562","post","type-post","status-publish","format-standard","has-post-thumbnail","hentry","category-belgique","tag-ans","tag-apres","tag-becker","tag-bras","tag-dans","tag-ecrase","tag-fois","tag-monde","tag-pour","tag-premiere","tag-presque","tag-remporte","tag-serre","tag-ses","tag-tout","tag-wimbledon","generate-columns","tablet-grid-50","mobile-grid-100","grid-parent","grid-33"],"yoast_head":"<!-- This site is optimized with the Yoast SEO plugin v24.0 - https:\/\/yoast.com\/wordpress\/plugins\/seo\/ -->\n<title>Il y a 40 ans, Becker a remport\u00e9 Wimbledon pour la premi\u00e8re fois: &quot;Apr\u00e8s que tout le monde m&#039;a serr\u00e9 dans ses bras - et presque \u00e9cras\u00e9&quot; | Vie Associative<\/title>\n<meta name=\"robots\" content=\"index, follow, max-snippet:-1, max-image-preview:large, max-video-preview:-1\" \/>\n<link rel=\"canonical\" href=\"https:\/\/vieassociative.be\/actualites\/il-y-a-40-ans-becker-a-remporte-wimbledon-pour-la-premiere-fois-apres-que-tout-le-monde-ma-serre-dans-ses-bras-et-presque-ecrase\/\" \/>\n<meta property=\"og:locale\" content=\"fr_FR\" \/>\n<meta property=\"og:type\" content=\"article\" \/>\n<meta property=\"og:title\" content=\"Il y a 40 ans, Becker a remport\u00e9 Wimbledon pour la premi\u00e8re fois: &quot;Apr\u00e8s que tout le monde m&#039;a serr\u00e9 dans ses bras - et presque \u00e9cras\u00e9&quot; | Vie Associative\" \/>\n<meta property=\"og:description\" content=\"Boris Becker a chang\u00e9 le monde du sport il y a 40 ans. Le triomphe \u00e0 l&rsquo;\u00e2ge de 17 ans \u00e0 Wimbledon a non seulement\" \/>\n<meta property=\"og:url\" content=\"https:\/\/vieassociative.be\/actualites\/il-y-a-40-ans-becker-a-remporte-wimbledon-pour-la-premiere-fois-apres-que-tout-le-monde-ma-serre-dans-ses-bras-et-presque-ecrase\/\" \/>\n<meta property=\"og:site_name\" content=\"Vie Associative\" \/>\n<meta property=\"article:published_time\" content=\"2025-07-06T14:17:45+00:00\" \/>\n<meta property=\"og:image\" content=\"https:\/\/vieassociative.be\/actualites\/wp-content\/uploads\/2024\/09\/header_backgroundk-01-e1726694325946.png\" \/>\n\t<meta property=\"og:image:width\" content=\"279\" \/>\n\t<meta property=\"og:image:height\" content=\"92\" \/>\n\t<meta property=\"og:image:type\" content=\"image\/png\" \/>\n<meta name=\"author\" content=\"Julien\" \/>\n<meta name=\"twitter:card\" content=\"summary_large_image\" \/>\n<meta name=\"twitter:label1\" content=\"\u00c9crit par\" \/>\n\t<meta name=\"twitter:data1\" content=\"Julien\" \/>\n\t<meta name=\"twitter:label2\" content=\"Dur\u00e9e de lecture est.\" \/>\n\t<meta name=\"twitter:data2\" content=\"4 minutes\" \/>\n<script type=\"application\/ld+json\" class=\"yoast-schema-graph\">{\"@context\":\"https:\/\/schema.org\",\"@graph\":[{\"@type\":\"Article\",\"@id\":\"https:\/\/vieassociative.be\/actualites\/il-y-a-40-ans-becker-a-remporte-wimbledon-pour-la-premiere-fois-apres-que-tout-le-monde-ma-serre-dans-ses-bras-et-presque-ecrase\/#article\",\"isPartOf\":{\"@id\":\"https:\/\/vieassociative.be\/actualites\/il-y-a-40-ans-becker-a-remporte-wimbledon-pour-la-premiere-fois-apres-que-tout-le-monde-ma-serre-dans-ses-bras-et-presque-ecrase\/\"},\"author\":{\"name\":\"Julien\",\"@id\":\"https:\/\/vieassociative.be\/actualites\/#\/schema\/person\/b87ac4f82f9d4e7b7cec7395b679edc4\"},\"headline\":\"Il y a 40 ans, Becker a remport\u00e9 Wimbledon pour la premi\u00e8re fois: \u00ab\u00a0Apr\u00e8s que tout le monde m&rsquo;a serr\u00e9 dans ses bras &#8211; et presque \u00e9cras\u00e9\u00a0\u00bb\",\"datePublished\":\"2025-07-06T14:17:45+00:00\",\"dateModified\":\"2025-07-06T14:17:45+00:00\",\"mainEntityOfPage\":{\"@id\":\"https:\/\/vieassociative.be\/actualites\/il-y-a-40-ans-becker-a-remporte-wimbledon-pour-la-premiere-fois-apres-que-tout-le-monde-ma-serre-dans-ses-bras-et-presque-ecrase\/\"},\"wordCount\":817,\"publisher\":{\"@id\":\"https:\/\/vieassociative.be\/actualites\/#organization\"},\"image\":{\"@id\":\"https:\/\/vieassociative.be\/actualites\/il-y-a-40-ans-becker-a-remporte-wimbledon-pour-la-premiere-fois-apres-que-tout-le-monde-ma-serre-dans-ses-bras-et-presque-ecrase\/#primaryimage\"},\"thumbnailUrl\":\"https:\/\/vieassociative.be\/actualites\/wp-content\/uploads\/2025\/07\/1751811466_Il-y-a-40-ans-Becker-a-remporte-Wimbledon-pour.jpg\",\"keywords\":[\"ans\",\"Apr\u00e8s\",\"Becker\",\"bras\",\"dans\",\"\u00e9cras\u00e9\",\"fois\",\"monde\",\"pour\",\"premi\u00e8re\",\"presque\",\"remport\u00e9\",\"serr\u00e9\",\"ses\",\"tout\",\"Wimbledon\"],\"articleSection\":[\"Belgique\"],\"inLanguage\":\"fr-BE\"},{\"@type\":\"WebPage\",\"@id\":\"https:\/\/vieassociative.be\/actualites\/il-y-a-40-ans-becker-a-remporte-wimbledon-pour-la-premiere-fois-apres-que-tout-le-monde-ma-serre-dans-ses-bras-et-presque-ecrase\/\",\"url\":\"https:\/\/vieassociative.be\/actualites\/il-y-a-40-ans-becker-a-remporte-wimbledon-pour-la-premiere-fois-apres-que-tout-le-monde-ma-serre-dans-ses-bras-et-presque-ecrase\/\",\"name\":\"Il y a 40 ans, Becker a remport\u00e9 Wimbledon pour la premi\u00e8re fois: \\\"Apr\u00e8s que tout le monde m'a serr\u00e9 dans ses bras - et presque \u00e9cras\u00e9\\\" | Vie Associative\",\"isPartOf\":{\"@id\":\"https:\/\/vieassociative.be\/actualites\/#website\"},\"primaryImageOfPage\":{\"@id\":\"https:\/\/vieassociative.be\/actualites\/il-y-a-40-ans-becker-a-remporte-wimbledon-pour-la-premiere-fois-apres-que-tout-le-monde-ma-serre-dans-ses-bras-et-presque-ecrase\/#primaryimage\"},\"image\":{\"@id\":\"https:\/\/vieassociative.be\/actualites\/il-y-a-40-ans-becker-a-remporte-wimbledon-pour-la-premiere-fois-apres-que-tout-le-monde-ma-serre-dans-ses-bras-et-presque-ecrase\/#primaryimage\"},\"thumbnailUrl\":\"https:\/\/vieassociative.be\/actualites\/wp-content\/uploads\/2025\/07\/1751811466_Il-y-a-40-ans-Becker-a-remporte-Wimbledon-pour.jpg\",\"datePublished\":\"2025-07-06T14:17:45+00:00\",\"dateModified\":\"2025-07-06T14:17:45+00:00\",\"breadcrumb\":{\"@id\":\"https:\/\/vieassociative.be\/actualites\/il-y-a-40-ans-becker-a-remporte-wimbledon-pour-la-premiere-fois-apres-que-tout-le-monde-ma-serre-dans-ses-bras-et-presque-ecrase\/#breadcrumb\"},\"inLanguage\":\"fr-BE\",\"potentialAction\":[{\"@type\":\"ReadAction\",\"target\":[\"https:\/\/vieassociative.be\/actualites\/il-y-a-40-ans-becker-a-remporte-wimbledon-pour-la-premiere-fois-apres-que-tout-le-monde-ma-serre-dans-ses-bras-et-presque-ecrase\/\"]}]},{\"@type\":\"ImageObject\",\"inLanguage\":\"fr-BE\",\"@id\":\"https:\/\/vieassociative.be\/actualites\/il-y-a-40-ans-becker-a-remporte-wimbledon-pour-la-premiere-fois-apres-que-tout-le-monde-ma-serre-dans-ses-bras-et-presque-ecrase\/#primaryimage\",\"url\":\"https:\/\/vieassociative.be\/actualites\/wp-content\/uploads\/2025\/07\/1751811466_Il-y-a-40-ans-Becker-a-remporte-Wimbledon-pour.jpg\",\"contentUrl\":\"https:\/\/vieassociative.be\/actualites\/wp-content\/uploads\/2025\/07\/1751811466_Il-y-a-40-ans-Becker-a-remporte-Wimbledon-pour.jpg\",\"width\":1200,\"height\":810,\"caption\":\"Il y a 40 ans, Becker a remport\u00e9 Wimbledon pour la premi\u00e8re fois: \\\"Apr\u00e8s que tout le monde m'a serr\u00e9 dans ses bras - et presque \u00e9cras\u00e9\\\"\"},{\"@type\":\"BreadcrumbList\",\"@id\":\"https:\/\/vieassociative.be\/actualites\/il-y-a-40-ans-becker-a-remporte-wimbledon-pour-la-premiere-fois-apres-que-tout-le-monde-ma-serre-dans-ses-bras-et-presque-ecrase\/#breadcrumb\",\"itemListElement\":[{\"@type\":\"ListItem\",\"position\":1,\"name\":\"Accueil\",\"item\":\"https:\/\/vieassociative.be\/actualites\/\"},{\"@type\":\"ListItem\",\"position\":2,\"name\":\"Il y a 40 ans, Becker a remport\u00e9 Wimbledon pour la premi\u00e8re fois: \u00ab\u00a0Apr\u00e8s que tout le monde m&rsquo;a serr\u00e9 dans ses bras &#8211; et presque \u00e9cras\u00e9\u00a0\u00bb\"}]},{\"@type\":\"WebSite\",\"@id\":\"https:\/\/vieassociative.be\/actualites\/#website\",\"url\":\"https:\/\/vieassociative.be\/actualites\/\",\"name\":\"Vie Associative\",\"description\":\"\",\"publisher\":{\"@id\":\"https:\/\/vieassociative.be\/actualites\/#organization\"},\"potentialAction\":[{\"@type\":\"SearchAction\",\"target\":{\"@type\":\"EntryPoint\",\"urlTemplate\":\"https:\/\/vieassociative.be\/actualites\/?s={search_term_string}\"},\"query-input\":{\"@type\":\"PropertyValueSpecification\",\"valueRequired\":true,\"valueName\":\"search_term_string\"}}],\"inLanguage\":\"fr-BE\"},{\"@type\":\"Organization\",\"@id\":\"https:\/\/vieassociative.be\/actualites\/#organization\",\"name\":\"Vie Associative\",\"url\":\"https:\/\/vieassociative.be\/actualites\/\",\"logo\":{\"@type\":\"ImageObject\",\"inLanguage\":\"fr-BE\",\"@id\":\"https:\/\/vieassociative.be\/actualites\/#\/schema\/logo\/image\/\",\"url\":\"https:\/\/vieassociative.be\/actualites\/wp-content\/uploads\/2024\/09\/cropped-vieassociative_favicon.ico.png\",\"contentUrl\":\"https:\/\/vieassociative.be\/actualites\/wp-content\/uploads\/2024\/09\/cropped-vieassociative_favicon.ico.png\",\"width\":512,\"height\":512,\"caption\":\"Vie Associative\"},\"image\":{\"@id\":\"https:\/\/vieassociative.be\/actualites\/#\/schema\/logo\/image\/\"}},{\"@type\":\"Person\",\"@id\":\"https:\/\/vieassociative.be\/actualites\/#\/schema\/person\/b87ac4f82f9d4e7b7cec7395b679edc4\",\"name\":\"Julien\",\"image\":{\"@type\":\"ImageObject\",\"inLanguage\":\"fr-BE\",\"@id\":\"https:\/\/vieassociative.be\/actualites\/#\/schema\/person\/image\/\",\"url\":\"https:\/\/vieassociative.be\/actualites\/wp-content\/uploads\/2024\/09\/vie-associative-1-150x150.jpg\",\"contentUrl\":\"https:\/\/vieassociative.be\/actualites\/wp-content\/uploads\/2024\/09\/vie-associative-1-150x150.jpg\",\"caption\":\"Julien\"},\"description\":\"Je suis Julien, r\u00e9dacteur pour Vie Associative. Passionn\u00e9 par le monde associatif depuis plus de 10 ans, j'ai \u00e0 c\u0153ur de partager des histoires inspirantes et de mettre en lumi\u00e8re les initiatives locales. Mon objectif est de sensibiliser et d'encourager l'engagement communautaire \u00e0 travers mes articles.\",\"sameAs\":[\"https:\/\/vieassociative.be\/\"]}]}<\/script>\n<!-- \/ Yoast SEO plugin. -->","yoast_head_json":{"title":"Il y a 40 ans, Becker a remport\u00e9 Wimbledon pour la premi\u00e8re fois: \"Apr\u00e8s que tout le monde m'a serr\u00e9 dans ses bras - et presque \u00e9cras\u00e9\" | Vie Associative","robots":{"index":"index","follow":"follow","max-snippet":"max-snippet:-1","max-image-preview":"max-image-preview:large","max-video-preview":"max-video-preview:-1"},"canonical":"https:\/\/vieassociative.be\/actualites\/il-y-a-40-ans-becker-a-remporte-wimbledon-pour-la-premiere-fois-apres-que-tout-le-monde-ma-serre-dans-ses-bras-et-presque-ecrase\/","og_locale":"fr_FR","og_type":"article","og_title":"Il y a 40 ans, Becker a remport\u00e9 Wimbledon pour la premi\u00e8re fois: \"Apr\u00e8s que tout le monde m'a serr\u00e9 dans ses bras - et presque \u00e9cras\u00e9\" | Vie Associative","og_description":"Boris Becker a chang\u00e9 le monde du sport il y a 40 ans. Le triomphe \u00e0 l&rsquo;\u00e2ge de 17 ans \u00e0 Wimbledon a non seulement","og_url":"https:\/\/vieassociative.be\/actualites\/il-y-a-40-ans-becker-a-remporte-wimbledon-pour-la-premiere-fois-apres-que-tout-le-monde-ma-serre-dans-ses-bras-et-presque-ecrase\/","og_site_name":"Vie Associative","article_published_time":"2025-07-06T14:17:45+00:00","og_image":[{"width":279,"height":92,"url":"https:\/\/vieassociative.be\/actualites\/wp-content\/uploads\/2024\/09\/header_backgroundk-01-e1726694325946.png","type":"image\/png"}],"author":"Julien","twitter_card":"summary_large_image","twitter_misc":{"\u00c9crit par":"Julien","Dur\u00e9e de lecture est.":"4 minutes"},"schema":{"@context":"https:\/\/schema.org","@graph":[{"@type":"Article","@id":"https:\/\/vieassociative.be\/actualites\/il-y-a-40-ans-becker-a-remporte-wimbledon-pour-la-premiere-fois-apres-que-tout-le-monde-ma-serre-dans-ses-bras-et-presque-ecrase\/#article","isPartOf":{"@id":"https:\/\/vieassociative.be\/actualites\/il-y-a-40-ans-becker-a-remporte-wimbledon-pour-la-premiere-fois-apres-que-tout-le-monde-ma-serre-dans-ses-bras-et-presque-ecrase\/"},"author":{"name":"Julien","@id":"https:\/\/vieassociative.be\/actualites\/#\/schema\/person\/b87ac4f82f9d4e7b7cec7395b679edc4"},"headline":"Il y a 40 ans, Becker a remport\u00e9 Wimbledon pour la premi\u00e8re fois: \u00ab\u00a0Apr\u00e8s que tout le monde m&rsquo;a serr\u00e9 dans ses bras &#8211; et presque \u00e9cras\u00e9\u00a0\u00bb","datePublished":"2025-07-06T14:17:45+00:00","dateModified":"2025-07-06T14:17:45+00:00","mainEntityOfPage":{"@id":"https:\/\/vieassociative.be\/actualites\/il-y-a-40-ans-becker-a-remporte-wimbledon-pour-la-premiere-fois-apres-que-tout-le-monde-ma-serre-dans-ses-bras-et-presque-ecrase\/"},"wordCount":817,"publisher":{"@id":"https:\/\/vieassociative.be\/actualites\/#organization"},"image":{"@id":"https:\/\/vieassociative.be\/actualites\/il-y-a-40-ans-becker-a-remporte-wimbledon-pour-la-premiere-fois-apres-que-tout-le-monde-ma-serre-dans-ses-bras-et-presque-ecrase\/#primaryimage"},"thumbnailUrl":"https:\/\/vieassociative.be\/actualites\/wp-content\/uploads\/2025\/07\/1751811466_Il-y-a-40-ans-Becker-a-remporte-Wimbledon-pour.jpg","keywords":["ans","Apr\u00e8s","Becker","bras","dans","\u00e9cras\u00e9","fois","monde","pour","premi\u00e8re","presque","remport\u00e9","serr\u00e9","ses","tout","Wimbledon"],"articleSection":["Belgique"],"inLanguage":"fr-BE"},{"@type":"WebPage","@id":"https:\/\/vieassociative.be\/actualites\/il-y-a-40-ans-becker-a-remporte-wimbledon-pour-la-premiere-fois-apres-que-tout-le-monde-ma-serre-dans-ses-bras-et-presque-ecrase\/","url":"https:\/\/vieassociative.be\/actualites\/il-y-a-40-ans-becker-a-remporte-wimbledon-pour-la-premiere-fois-apres-que-tout-le-monde-ma-serre-dans-ses-bras-et-presque-ecrase\/","name":"Il y a 40 ans, Becker a remport\u00e9 Wimbledon pour la premi\u00e8re fois: \"Apr\u00e8s que tout le monde m'a serr\u00e9 dans ses bras - et presque \u00e9cras\u00e9\" | Vie Associative","isPartOf":{"@id":"https:\/\/vieassociative.be\/actualites\/#website"},"primaryImageOfPage":{"@id":"https:\/\/vieassociative.be\/actualites\/il-y-a-40-ans-becker-a-remporte-wimbledon-pour-la-premiere-fois-apres-que-tout-le-monde-ma-serre-dans-ses-bras-et-presque-ecrase\/#primaryimage"},"image":{"@id":"https:\/\/vieassociative.be\/actualites\/il-y-a-40-ans-becker-a-remporte-wimbledon-pour-la-premiere-fois-apres-que-tout-le-monde-ma-serre-dans-ses-bras-et-presque-ecrase\/#primaryimage"},"thumbnailUrl":"https:\/\/vieassociative.be\/actualites\/wp-content\/uploads\/2025\/07\/1751811466_Il-y-a-40-ans-Becker-a-remporte-Wimbledon-pour.jpg","datePublished":"2025-07-06T14:17:45+00:00","dateModified":"2025-07-06T14:17:45+00:00","breadcrumb":{"@id":"https:\/\/vieassociative.be\/actualites\/il-y-a-40-ans-becker-a-remporte-wimbledon-pour-la-premiere-fois-apres-que-tout-le-monde-ma-serre-dans-ses-bras-et-presque-ecrase\/#breadcrumb"},"inLanguage":"fr-BE","potentialAction":[{"@type":"ReadAction","target":["https:\/\/vieassociative.be\/actualites\/il-y-a-40-ans-becker-a-remporte-wimbledon-pour-la-premiere-fois-apres-que-tout-le-monde-ma-serre-dans-ses-bras-et-presque-ecrase\/"]}]},{"@type":"ImageObject","inLanguage":"fr-BE","@id":"https:\/\/vieassociative.be\/actualites\/il-y-a-40-ans-becker-a-remporte-wimbledon-pour-la-premiere-fois-apres-que-tout-le-monde-ma-serre-dans-ses-bras-et-presque-ecrase\/#primaryimage","url":"https:\/\/vieassociative.be\/actualites\/wp-content\/uploads\/2025\/07\/1751811466_Il-y-a-40-ans-Becker-a-remporte-Wimbledon-pour.jpg","contentUrl":"https:\/\/vieassociative.be\/actualites\/wp-content\/uploads\/2025\/07\/1751811466_Il-y-a-40-ans-Becker-a-remporte-Wimbledon-pour.jpg","width":1200,"height":810,"caption":"Il y a 40 ans, Becker a remport\u00e9 Wimbledon pour la premi\u00e8re fois: \"Apr\u00e8s que tout le monde m'a serr\u00e9 dans ses bras - et presque \u00e9cras\u00e9\""},{"@type":"BreadcrumbList","@id":"https:\/\/vieassociative.be\/actualites\/il-y-a-40-ans-becker-a-remporte-wimbledon-pour-la-premiere-fois-apres-que-tout-le-monde-ma-serre-dans-ses-bras-et-presque-ecrase\/#breadcrumb","itemListElement":[{"@type":"ListItem","position":1,"name":"Accueil","item":"https:\/\/vieassociative.be\/actualites\/"},{"@type":"ListItem","position":2,"name":"Il y a 40 ans, Becker a remport\u00e9 Wimbledon pour la premi\u00e8re fois: \u00ab\u00a0Apr\u00e8s que tout le monde m&rsquo;a serr\u00e9 dans ses bras &#8211; et presque \u00e9cras\u00e9\u00a0\u00bb"}]},{"@type":"WebSite","@id":"https:\/\/vieassociative.be\/actualites\/#website","url":"https:\/\/vieassociative.be\/actualites\/","name":"Vie Associative","description":"","publisher":{"@id":"https:\/\/vieassociative.be\/actualites\/#organization"},"potentialAction":[{"@type":"SearchAction","target":{"@type":"EntryPoint","urlTemplate":"https:\/\/vieassociative.be\/actualites\/?s={search_term_string}"},"query-input":{"@type":"PropertyValueSpecification","valueRequired":true,"valueName":"search_term_string"}}],"inLanguage":"fr-BE"},{"@type":"Organization","@id":"https:\/\/vieassociative.be\/actualites\/#organization","name":"Vie Associative","url":"https:\/\/vieassociative.be\/actualites\/","logo":{"@type":"ImageObject","inLanguage":"fr-BE","@id":"https:\/\/vieassociative.be\/actualites\/#\/schema\/logo\/image\/","url":"https:\/\/vieassociative.be\/actualites\/wp-content\/uploads\/2024\/09\/cropped-vieassociative_favicon.ico.png","contentUrl":"https:\/\/vieassociative.be\/actualites\/wp-content\/uploads\/2024\/09\/cropped-vieassociative_favicon.ico.png","width":512,"height":512,"caption":"Vie Associative"},"image":{"@id":"https:\/\/vieassociative.be\/actualites\/#\/schema\/logo\/image\/"}},{"@type":"Person","@id":"https:\/\/vieassociative.be\/actualites\/#\/schema\/person\/b87ac4f82f9d4e7b7cec7395b679edc4","name":"Julien","image":{"@type":"ImageObject","inLanguage":"fr-BE","@id":"https:\/\/vieassociative.be\/actualites\/#\/schema\/person\/image\/","url":"https:\/\/vieassociative.be\/actualites\/wp-content\/uploads\/2024\/09\/vie-associative-1-150x150.jpg","contentUrl":"https:\/\/vieassociative.be\/actualites\/wp-content\/uploads\/2024\/09\/vie-associative-1-150x150.jpg","caption":"Julien"},"description":"Je suis Julien, r\u00e9dacteur pour Vie Associative. Passionn\u00e9 par le monde associatif depuis plus de 10 ans, j'ai \u00e0 c\u0153ur de partager des histoires inspirantes et de mettre en lumi\u00e8re les initiatives locales. Mon objectif est de sensibiliser et d'encourager l'engagement communautaire \u00e0 travers mes articles.","sameAs":["https:\/\/vieassociative.be\/"]}]}},"_links":{"self":[{"href":"https:\/\/vieassociative.be\/actualites\/wp-json\/wp\/v2\/posts\/8562"}],"collection":[{"href":"https:\/\/vieassociative.be\/actualites\/wp-json\/wp\/v2\/posts"}],"about":[{"href":"https:\/\/vieassociative.be\/actualites\/wp-json\/wp\/v2\/types\/post"}],"author":[{"embeddable":true,"href":"https:\/\/vieassociative.be\/actualites\/wp-json\/wp\/v2\/users\/1"}],"replies":[{"embeddable":true,"href":"https:\/\/vieassociative.be\/actualites\/wp-json\/wp\/v2\/comments?post=8562"}],"version-history":[{"count":0,"href":"https:\/\/vieassociative.be\/actualites\/wp-json\/wp\/v2\/posts\/8562\/revisions"}],"wp:featuredmedia":[{"embeddable":true,"href":"https:\/\/vieassociative.be\/actualites\/wp-json\/wp\/v2\/media\/8563"}],"wp:attachment":[{"href":"https:\/\/vieassociative.be\/actualites\/wp-json\/wp\/v2\/media?parent=8562"}],"wp:term":[{"taxonomy":"category","embeddable":true,"href":"https:\/\/vieassociative.be\/actualites\/wp-json\/wp\/v2\/categories?post=8562"},{"taxonomy":"post_tag","embeddable":true,"href":"https:\/\/vieassociative.be\/actualites\/wp-json\/wp\/v2\/tags?post=8562"}],"curies":[{"name":"wp","href":"https:\/\/api.w.org\/{rel}","templated":true}]}}