{"id":856,"date":"2024-10-05T00:27:29","date_gmt":"2024-10-04T22:27:29","guid":{"rendered":"https:\/\/vieassociative.be\/actualites\/comment-restreindre-les-aliments-des-fetes-de-votre-enfant-peut-se-retourner-contre-vous\/"},"modified":"2024-10-05T00:27:29","modified_gmt":"2024-10-04T22:27:29","slug":"comment-restreindre-les-aliments-des-fetes-de-votre-enfant-peut-se-retourner-contre-vous","status":"publish","type":"post","link":"https:\/\/vieassociative.be\/actualites\/comment-restreindre-les-aliments-des-fetes-de-votre-enfant-peut-se-retourner-contre-vous\/","title":{"rendered":"Comment restreindre les aliments des f\u00eates de votre enfant peut se retourner contre vous"},"content":{"rendered":"<div class=\"mt-4 leading-6 md:mb-8\">Laissez votre enfant avoir toutes les friandises qu&rsquo;il veut : elles pourraient bien vous surprendre.<\/div>\n<p><\/p>\n<p>Des cannes de bonbon. Maisons en pain d&rsquo;\u00e9pice. Et tant de cookies. Les vacances sont cette p\u00e9riode de l\u2019ann\u00e9e o\u00f9 nous \u00e9puisons nos papilles gustatives et comblons notre gourmandise. Selon votre relation avec la nourriture, c&rsquo;est soit la saison la plus merveilleuse de toutes, soit, si vous suivez un r\u00e9gime, un champ de mines de culpabilit\u00e9.<\/p>\n<p>\u00ab\u00a0Nous voulons aider les gens \u00e0 comprendre que les r\u00e9gimes ne les rendront pas heureux\u00a0\u00bb, d\u00e9clare Elyse Resch, di\u00e9t\u00e9tiste, nutritionth\u00e9rapeute et co-auteur de <em>Alimentation intuitive<\/em>. \u00ab\u00a0Le fait d&rsquo;entamer la p\u00e9riode des f\u00eates en suivant un r\u00e9gime va clairement provoquer une sorte de r\u00e9bellion.\u00a0\u00bb<\/p>\n<p>Si vous faites partie du groupe qui ressent de la culpabilit\u00e9 et de la honte face aux plaisirs des f\u00eates, vos sentiments concernant la nourriture peuvent \u00eatre transf\u00e9r\u00e9s \u00e0 vos enfants. Cela pourrait les amener \u00e0 d\u00e9velopper leur propre relation complexe et malsaine avec la nourriture. Nous expliquerons comment inspirer confiance \u00e0 vos enfants concernant la nourriture servie lors des f\u00eates de fin d&rsquo;ann\u00e9e et les cons\u00e9quences involontaires d&rsquo;une restriction de leur alimentation. <\/p>\n<h2 id=\"what-is-intuitive-eating\">Qu\u2019est-ce que l\u2019alimentation intuitive ?<\/h2>\n<p>Pour comprendre comment les parents et les enfants peuvent entretenir une meilleure relation avec la nourriture, nous devons expliquer le concept d\u2019alimentation intuitive. Une alimentation intuitive signifie faire confiance \u00e0 votre corps pour choisir les aliments qui vous font vous sentir mieux. C\u2019est une philosophie qui s\u2019oppose directement aux r\u00e9gimes qui restreignent ou interdisent compl\u00e8tement certains aliments. <\/p>\n<p>Resch d\u00e9crit l&rsquo;id\u00e9e comme s&rsquo;apparentant \u00e0 nourrir un b\u00e9b\u00e9. Qu&rsquo;ils soient nourris au sein ou au biberon, les nouveau-n\u00e9s savent intuitivement quand ils ont faim et s&rsquo;arr\u00eatent lorsque leur estomac est plein. \u00c0 mesure que nous vieillissons, les signaux auxquels nous \u00e9tions sensibles lorsque nous \u00e9tions b\u00e9b\u00e9s concernant la nourriture s&rsquo;affaiblissent, souvent parce que la culture alimentaire peut changer notre fa\u00e7on de voir la nourriture. Cela nous am\u00e8ne \u00e0 ne pas honorer notre faim ou \u00e0 nous priver de quelque chose que nous voulons, rendant ainsi cette chose plus d\u00e9sirable. <\/p>\n<p>\u00ab\u00a0L&rsquo;alimentation intuitive consiste \u00e0 aider les gens \u00e0 reprendre contact avec ce que nous savions \u00e0 notre naissance\u00a0\u00bb, explique Resch.<\/p>\n<h2 id=\"dont-tell-kids-just-one-cookie\">Ne dites pas aux enfants \u00ab\u00a0juste un cookie\u00a0\u00bb<\/h2>\n<p>Le concept selon lequel les enfants (et les adultes, d\u2019ailleurs) veulent ce qu\u2019ils ne peuvent pas avoir s\u2019applique \u00e9galement \u00e0 la nourriture. Cela envoie \u00e9galement un mauvais message sur ce que nous mangeons.<\/p>\n<p>Par exemple, si vous dites \u00e0 votre enfant qu\u2019il ne peut manger qu\u2019un seul cookie lors de la f\u00eate de famille, il en voudra probablement plus. Cela devient beaucoup plus excitant de manger que tout ce qui est plac\u00e9 devant eux sur la table. Ensuite, ils auront honte de vouloir plus d\u2019un cookie. <\/p>\n<p>\u00ab\u00a0Vous dites : &lsquo;Je ne peux pas vous faire confiance pour savoir ce dont vous avez besoin'\u00a0\u00bb, explique Resch. \u00ab\u00a0Vous d\u00e9veloppez de la honte chez un enfant lorsque vous limitez ce qu&rsquo;il est autoris\u00e9 \u00e0 avoir. Vous ne d\u00e9veloppez pas le sentiment qu&rsquo;il peut simplement s&rsquo;accorder avec lui-m\u00eame.\u00a0\u00bb<\/p>\n<p>Ce manque de confiance peut \u00e9galement \u00eatre ressenti lorsqu\u2019on dit aux enfants de nettoyer leurs assiettes m\u00eame s\u2019ils disent que c\u2019est fini. Nous voulons profiter de la nourriture, et lorsque les enfants ont la charge de terminer un repas, ils apprennent \u00e0 ne pas faire confiance lorsque leur estomac est plein, ce qui les rend insatisfaits.<\/p>\n<h2 id=\"theyre-not-going-to-eat-only-desserts\">Ils ne vont pas manger que des desserts<\/h2>\n<p>La plupart des parents supposent que leurs enfants ne mangeront que des bonbons et des tartes lors de la r\u00e9union de famille des f\u00eates s&rsquo;ils sont laiss\u00e9s \u00e0 eux-m\u00eames. Mais si nous soutenons d\u00e8s le d\u00e9part une relation positive avec la nourriture, ils choisiront ce qui les int\u00e9resse le plus au lieu de tra\u00eener exclusivement \u00e0 la table des desserts.<\/p>\n<p>M\u00eame si Resch admet que tous les parents ne peuvent pas fournir \u00e0 leur famille une grande vari\u00e9t\u00e9 d&rsquo;aliments, \u00e9tablir une association favorable avec ce que vos enfants peuvent manger commence par s&rsquo;asseoir ensemble et savourer un repas chaque fois que vous le pouvez. Les enfants voudront manger ce que vous trouvez int\u00e9ressant, ce qui devrait \u00eatre le cas lorsqu&rsquo;ils approcheront du repas-partage.<\/p>\n<p>\u00ab\u00a0Lorsque les enfants sont autoris\u00e9s \u00e0 choisir ce qu&rsquo;ils aiment et \u00e0 ne pas manger ce qu&rsquo;ils n&rsquo;aiment pas, ils ne mangeront pas seulement des bonbons parce que les autres aliments auront l&rsquo;air tr\u00e8s int\u00e9ressants\u00a0\u00bb, explique Resch.<\/p>\n<h2 id=\"set-the-example\">Donner l&rsquo;exemple<\/h2>\n<p>Lorsque les adultes en abusent, ils disent g\u00e9n\u00e9ralement quelque chose comme : \u00ab Je ferais mieux de le regarder demain \u00bb. S&rsquo;ils s&rsquo;en tiennent \u00e0 leur r\u00e9gime, ils pourraient dire quelque chose comme : \u00ab Je suis d&rsquo;autant plus pr\u00e8s d&rsquo;atteindre mon poids cible \u00bb. De telles d\u00e9clarations peuvent commencer \u00e0 \u00e9roder notre relation avec la nourriture. Manger nourrit, et en parler n\u00e9gativement n\u2019envoie pas de message positif \u00e0 nos enfants. <\/p>\n<p>En r\u00e8gle g\u00e9n\u00e9rale, les parents qui travaillent sur leur relation avec la nourriture ne devraient pas parler n\u00e9gativement de leur corps ou de celui de leurs enfants. Les enfants apprendront seulement de cet exemple que les parents sont m\u00e9contents de ce qu\u2019ils mangent et devraient contr\u00f4ler ce qu\u2019ils consomment. <\/p>\n<p>\u00ab\u00a0Je veux donner un peu de compassion aux parents\u00a0\u00bb, d\u00e9clare Resch. \u00ab\u00a0Ils craignent d&rsquo;\u00eatre critiqu\u00e9s et de ne pas \u00eatre de bons parents s&rsquo;ils ne contr\u00f4lent pas l&rsquo;alimentation de leurs enfants.\u00a0\u00bb<\/p>\n<h2 id=\"dont-worry-about-what-other-family-members-think\">Ne vous inqui\u00e9tez pas de ce que pensent les autres membres de la famille<\/h2>\n<p>Tout le monde a des id\u00e9es diff\u00e9rentes sur la nourriture, donc si vous craignez que les grands-parents fassent des commentaires sur ce que mange votre enfant, faites-leur savoir \u00e0 l&rsquo;avance comment les choses fonctionnent dans votre maison et qu&rsquo;ils ne devraient pas faire de commentaires sur la nourriture. <\/p>\n<p>Cependant, vous ne pouvez pas contr\u00f4ler ce que font les autres, alors soyez franc avec les enfants et faites-leur savoir qu&rsquo;ils peuvent ignorer tout commentaire d&rsquo;un autre membre de la famille sur ce qu&rsquo;ils mangent.<\/p>\n<p>\u00ab\u00a0Vous devez pouvoir leur dire que la maison de tout le monde ne fonctionne pas comme la v\u00f4tre\u00a0\u00bb, explique Resch.<\/p>\n<p>Lorsqu&rsquo;on lui demande si les parents ou les enfants devraient prendre des r\u00e9solutions alimentaires pour le Nouvel An, Resch r\u00e9pond par deux mots : \u00ab\u00a0Absolument pas\u00a0\u00bb.<\/p>\n","protected":false},"excerpt":{"rendered":"<p>Laissez votre enfant avoir toutes les friandises qu&rsquo;il veut : elles pourraient bien vous surprendre. Des cannes de bonbon. Maisons en pain d&rsquo;\u00e9pice. Et tant<\/p>\n","protected":false},"author":1,"featured_media":857,"comment_status":"","ping_status":"","sticky":false,"template":"","format":"standard","meta":{"footnotes":""},"categories":[37],"tags":[1344,44,796,29,295,1345,14,22,1343,1346,8,4],"class_list":["post-856","post","type-post","status-publish","format-standard","has-post-thumbnail","hentry","category-famille","tag-aliments","tag-comment","tag-contre","tag-des","tag-enfant","tag-fetes","tag-les","tag-peut","tag-restreindre","tag-retourner","tag-votre","tag-vous","generate-columns","tablet-grid-50","mobile-grid-100","grid-parent","grid-33"],"yoast_head":"<!-- This site is optimized with the Yoast SEO plugin v24.0 - https:\/\/yoast.com\/wordpress\/plugins\/seo\/ -->\n<title>Comment restreindre les aliments des f\u00eates de votre enfant peut se retourner contre vous | Vie Associative<\/title>\n<meta name=\"robots\" content=\"index, follow, max-snippet:-1, max-image-preview:large, max-video-preview:-1\" \/>\n<link rel=\"canonical\" href=\"https:\/\/vieassociative.be\/actualites\/comment-restreindre-les-aliments-des-fetes-de-votre-enfant-peut-se-retourner-contre-vous\/\" \/>\n<meta property=\"og:locale\" content=\"fr_FR\" \/>\n<meta property=\"og:type\" content=\"article\" \/>\n<meta property=\"og:title\" content=\"Comment restreindre les aliments des f\u00eates de votre enfant peut se retourner contre vous | Vie Associative\" \/>\n<meta property=\"og:description\" content=\"Laissez votre enfant avoir toutes les friandises qu&rsquo;il veut : elles pourraient bien vous surprendre. Des cannes de bonbon. Maisons en pain d&rsquo;\u00e9pice. Et tant\" \/>\n<meta property=\"og:url\" content=\"https:\/\/vieassociative.be\/actualites\/comment-restreindre-les-aliments-des-fetes-de-votre-enfant-peut-se-retourner-contre-vous\/\" \/>\n<meta property=\"og:site_name\" content=\"Vie Associative\" \/>\n<meta property=\"article:published_time\" content=\"2024-10-04T22:27:29+00:00\" \/>\n<meta property=\"og:image\" content=\"https:\/\/vieassociative.be\/actualites\/wp-content\/uploads\/2024\/09\/header_backgroundk-01-e1726694325946.png\" \/>\n\t<meta property=\"og:image:width\" content=\"279\" \/>\n\t<meta property=\"og:image:height\" content=\"92\" \/>\n\t<meta property=\"og:image:type\" content=\"image\/png\" \/>\n<meta name=\"author\" content=\"Julien\" \/>\n<meta name=\"twitter:card\" content=\"summary_large_image\" \/>\n<meta name=\"twitter:label1\" content=\"\u00c9crit par\" \/>\n\t<meta name=\"twitter:data1\" content=\"Julien\" \/>\n\t<meta name=\"twitter:label2\" content=\"Dur\u00e9e de lecture est.\" \/>\n\t<meta name=\"twitter:data2\" content=\"5 minutes\" \/>\n<script type=\"application\/ld+json\" class=\"yoast-schema-graph\">{\"@context\":\"https:\/\/schema.org\",\"@graph\":[{\"@type\":\"Article\",\"@id\":\"https:\/\/vieassociative.be\/actualites\/comment-restreindre-les-aliments-des-fetes-de-votre-enfant-peut-se-retourner-contre-vous\/#article\",\"isPartOf\":{\"@id\":\"https:\/\/vieassociative.be\/actualites\/comment-restreindre-les-aliments-des-fetes-de-votre-enfant-peut-se-retourner-contre-vous\/\"},\"author\":{\"name\":\"Julien\",\"@id\":\"https:\/\/vieassociative.be\/actualites\/#\/schema\/person\/b87ac4f82f9d4e7b7cec7395b679edc4\"},\"headline\":\"Comment restreindre les aliments des f\u00eates de votre enfant peut se retourner contre vous\",\"datePublished\":\"2024-10-04T22:27:29+00:00\",\"dateModified\":\"2024-10-04T22:27:29+00:00\",\"mainEntityOfPage\":{\"@id\":\"https:\/\/vieassociative.be\/actualites\/comment-restreindre-les-aliments-des-fetes-de-votre-enfant-peut-se-retourner-contre-vous\/\"},\"wordCount\":1128,\"publisher\":{\"@id\":\"https:\/\/vieassociative.be\/actualites\/#organization\"},\"image\":{\"@id\":\"https:\/\/vieassociative.be\/actualites\/comment-restreindre-les-aliments-des-fetes-de-votre-enfant-peut-se-retourner-contre-vous\/#primaryimage\"},\"thumbnailUrl\":\"https:\/\/vieassociative.be\/actualites\/wp-content\/uploads\/2024\/10\/Comment-restreindre-les-aliments-des-fetes-de-votre-enfant-peut.jpg\",\"keywords\":[\"aliments\",\"Comment\",\"contre\",\"Des\",\"enfant\",\"f\u00eates\",\"Les\",\"peut\",\"restreindre\",\"retourner\",\"votre\",\"Vous\"],\"articleSection\":[\"Famille\"],\"inLanguage\":\"fr-BE\"},{\"@type\":\"WebPage\",\"@id\":\"https:\/\/vieassociative.be\/actualites\/comment-restreindre-les-aliments-des-fetes-de-votre-enfant-peut-se-retourner-contre-vous\/\",\"url\":\"https:\/\/vieassociative.be\/actualites\/comment-restreindre-les-aliments-des-fetes-de-votre-enfant-peut-se-retourner-contre-vous\/\",\"name\":\"Comment restreindre les aliments des f\u00eates de votre enfant peut se retourner contre vous | Vie Associative\",\"isPartOf\":{\"@id\":\"https:\/\/vieassociative.be\/actualites\/#website\"},\"primaryImageOfPage\":{\"@id\":\"https:\/\/vieassociative.be\/actualites\/comment-restreindre-les-aliments-des-fetes-de-votre-enfant-peut-se-retourner-contre-vous\/#primaryimage\"},\"image\":{\"@id\":\"https:\/\/vieassociative.be\/actualites\/comment-restreindre-les-aliments-des-fetes-de-votre-enfant-peut-se-retourner-contre-vous\/#primaryimage\"},\"thumbnailUrl\":\"https:\/\/vieassociative.be\/actualites\/wp-content\/uploads\/2024\/10\/Comment-restreindre-les-aliments-des-fetes-de-votre-enfant-peut.jpg\",\"datePublished\":\"2024-10-04T22:27:29+00:00\",\"dateModified\":\"2024-10-04T22:27:29+00:00\",\"breadcrumb\":{\"@id\":\"https:\/\/vieassociative.be\/actualites\/comment-restreindre-les-aliments-des-fetes-de-votre-enfant-peut-se-retourner-contre-vous\/#breadcrumb\"},\"inLanguage\":\"fr-BE\",\"potentialAction\":[{\"@type\":\"ReadAction\",\"target\":[\"https:\/\/vieassociative.be\/actualites\/comment-restreindre-les-aliments-des-fetes-de-votre-enfant-peut-se-retourner-contre-vous\/\"]}]},{\"@type\":\"ImageObject\",\"inLanguage\":\"fr-BE\",\"@id\":\"https:\/\/vieassociative.be\/actualites\/comment-restreindre-les-aliments-des-fetes-de-votre-enfant-peut-se-retourner-contre-vous\/#primaryimage\",\"url\":\"https:\/\/vieassociative.be\/actualites\/wp-content\/uploads\/2024\/10\/Comment-restreindre-les-aliments-des-fetes-de-votre-enfant-peut.jpg\",\"contentUrl\":\"https:\/\/vieassociative.be\/actualites\/wp-content\/uploads\/2024\/10\/Comment-restreindre-les-aliments-des-fetes-de-votre-enfant-peut.jpg\",\"width\":1200,\"height\":675,\"caption\":\"Comment restreindre les aliments des f\u00eates de votre enfant peut se retourner contre vous\"},{\"@type\":\"BreadcrumbList\",\"@id\":\"https:\/\/vieassociative.be\/actualites\/comment-restreindre-les-aliments-des-fetes-de-votre-enfant-peut-se-retourner-contre-vous\/#breadcrumb\",\"itemListElement\":[{\"@type\":\"ListItem\",\"position\":1,\"name\":\"Accueil\",\"item\":\"https:\/\/vieassociative.be\/actualites\/\"},{\"@type\":\"ListItem\",\"position\":2,\"name\":\"Comment restreindre les aliments des f\u00eates de votre enfant peut se retourner contre vous\"}]},{\"@type\":\"WebSite\",\"@id\":\"https:\/\/vieassociative.be\/actualites\/#website\",\"url\":\"https:\/\/vieassociative.be\/actualites\/\",\"name\":\"Vie Associative\",\"description\":\"\",\"publisher\":{\"@id\":\"https:\/\/vieassociative.be\/actualites\/#organization\"},\"potentialAction\":[{\"@type\":\"SearchAction\",\"target\":{\"@type\":\"EntryPoint\",\"urlTemplate\":\"https:\/\/vieassociative.be\/actualites\/?s={search_term_string}\"},\"query-input\":{\"@type\":\"PropertyValueSpecification\",\"valueRequired\":true,\"valueName\":\"search_term_string\"}}],\"inLanguage\":\"fr-BE\"},{\"@type\":\"Organization\",\"@id\":\"https:\/\/vieassociative.be\/actualites\/#organization\",\"name\":\"Vie Associative\",\"url\":\"https:\/\/vieassociative.be\/actualites\/\",\"logo\":{\"@type\":\"ImageObject\",\"inLanguage\":\"fr-BE\",\"@id\":\"https:\/\/vieassociative.be\/actualites\/#\/schema\/logo\/image\/\",\"url\":\"https:\/\/vieassociative.be\/actualites\/wp-content\/uploads\/2024\/09\/cropped-vieassociative_favicon.ico.png\",\"contentUrl\":\"https:\/\/vieassociative.be\/actualites\/wp-content\/uploads\/2024\/09\/cropped-vieassociative_favicon.ico.png\",\"width\":512,\"height\":512,\"caption\":\"Vie Associative\"},\"image\":{\"@id\":\"https:\/\/vieassociative.be\/actualites\/#\/schema\/logo\/image\/\"}},{\"@type\":\"Person\",\"@id\":\"https:\/\/vieassociative.be\/actualites\/#\/schema\/person\/b87ac4f82f9d4e7b7cec7395b679edc4\",\"name\":\"Julien\",\"image\":{\"@type\":\"ImageObject\",\"inLanguage\":\"fr-BE\",\"@id\":\"https:\/\/vieassociative.be\/actualites\/#\/schema\/person\/image\/\",\"url\":\"https:\/\/vieassociative.be\/actualites\/wp-content\/uploads\/2024\/09\/vie-associative-1-150x150.jpg\",\"contentUrl\":\"https:\/\/vieassociative.be\/actualites\/wp-content\/uploads\/2024\/09\/vie-associative-1-150x150.jpg\",\"caption\":\"Julien\"},\"description\":\"Je suis Julien, r\u00e9dacteur pour Vie Associative. Passionn\u00e9 par le monde associatif depuis plus de 10 ans, j'ai \u00e0 c\u0153ur de partager des histoires inspirantes et de mettre en lumi\u00e8re les initiatives locales. Mon objectif est de sensibiliser et d'encourager l'engagement communautaire \u00e0 travers mes articles.\",\"sameAs\":[\"https:\/\/vieassociative.be\/\"]}]}<\/script>\n<!-- \/ Yoast SEO plugin. -->","yoast_head_json":{"title":"Comment restreindre les aliments des f\u00eates de votre enfant peut se retourner contre vous | Vie Associative","robots":{"index":"index","follow":"follow","max-snippet":"max-snippet:-1","max-image-preview":"max-image-preview:large","max-video-preview":"max-video-preview:-1"},"canonical":"https:\/\/vieassociative.be\/actualites\/comment-restreindre-les-aliments-des-fetes-de-votre-enfant-peut-se-retourner-contre-vous\/","og_locale":"fr_FR","og_type":"article","og_title":"Comment restreindre les aliments des f\u00eates de votre enfant peut se retourner contre vous | Vie Associative","og_description":"Laissez votre enfant avoir toutes les friandises qu&rsquo;il veut : elles pourraient bien vous surprendre. Des cannes de bonbon. Maisons en pain d&rsquo;\u00e9pice. Et tant","og_url":"https:\/\/vieassociative.be\/actualites\/comment-restreindre-les-aliments-des-fetes-de-votre-enfant-peut-se-retourner-contre-vous\/","og_site_name":"Vie Associative","article_published_time":"2024-10-04T22:27:29+00:00","og_image":[{"width":279,"height":92,"url":"https:\/\/vieassociative.be\/actualites\/wp-content\/uploads\/2024\/09\/header_backgroundk-01-e1726694325946.png","type":"image\/png"}],"author":"Julien","twitter_card":"summary_large_image","twitter_misc":{"\u00c9crit par":"Julien","Dur\u00e9e de lecture est.":"5 minutes"},"schema":{"@context":"https:\/\/schema.org","@graph":[{"@type":"Article","@id":"https:\/\/vieassociative.be\/actualites\/comment-restreindre-les-aliments-des-fetes-de-votre-enfant-peut-se-retourner-contre-vous\/#article","isPartOf":{"@id":"https:\/\/vieassociative.be\/actualites\/comment-restreindre-les-aliments-des-fetes-de-votre-enfant-peut-se-retourner-contre-vous\/"},"author":{"name":"Julien","@id":"https:\/\/vieassociative.be\/actualites\/#\/schema\/person\/b87ac4f82f9d4e7b7cec7395b679edc4"},"headline":"Comment restreindre les aliments des f\u00eates de votre enfant peut se retourner contre vous","datePublished":"2024-10-04T22:27:29+00:00","dateModified":"2024-10-04T22:27:29+00:00","mainEntityOfPage":{"@id":"https:\/\/vieassociative.be\/actualites\/comment-restreindre-les-aliments-des-fetes-de-votre-enfant-peut-se-retourner-contre-vous\/"},"wordCount":1128,"publisher":{"@id":"https:\/\/vieassociative.be\/actualites\/#organization"},"image":{"@id":"https:\/\/vieassociative.be\/actualites\/comment-restreindre-les-aliments-des-fetes-de-votre-enfant-peut-se-retourner-contre-vous\/#primaryimage"},"thumbnailUrl":"https:\/\/vieassociative.be\/actualites\/wp-content\/uploads\/2024\/10\/Comment-restreindre-les-aliments-des-fetes-de-votre-enfant-peut.jpg","keywords":["aliments","Comment","contre","Des","enfant","f\u00eates","Les","peut","restreindre","retourner","votre","Vous"],"articleSection":["Famille"],"inLanguage":"fr-BE"},{"@type":"WebPage","@id":"https:\/\/vieassociative.be\/actualites\/comment-restreindre-les-aliments-des-fetes-de-votre-enfant-peut-se-retourner-contre-vous\/","url":"https:\/\/vieassociative.be\/actualites\/comment-restreindre-les-aliments-des-fetes-de-votre-enfant-peut-se-retourner-contre-vous\/","name":"Comment restreindre les aliments des f\u00eates de votre enfant peut se retourner contre vous | Vie Associative","isPartOf":{"@id":"https:\/\/vieassociative.be\/actualites\/#website"},"primaryImageOfPage":{"@id":"https:\/\/vieassociative.be\/actualites\/comment-restreindre-les-aliments-des-fetes-de-votre-enfant-peut-se-retourner-contre-vous\/#primaryimage"},"image":{"@id":"https:\/\/vieassociative.be\/actualites\/comment-restreindre-les-aliments-des-fetes-de-votre-enfant-peut-se-retourner-contre-vous\/#primaryimage"},"thumbnailUrl":"https:\/\/vieassociative.be\/actualites\/wp-content\/uploads\/2024\/10\/Comment-restreindre-les-aliments-des-fetes-de-votre-enfant-peut.jpg","datePublished":"2024-10-04T22:27:29+00:00","dateModified":"2024-10-04T22:27:29+00:00","breadcrumb":{"@id":"https:\/\/vieassociative.be\/actualites\/comment-restreindre-les-aliments-des-fetes-de-votre-enfant-peut-se-retourner-contre-vous\/#breadcrumb"},"inLanguage":"fr-BE","potentialAction":[{"@type":"ReadAction","target":["https:\/\/vieassociative.be\/actualites\/comment-restreindre-les-aliments-des-fetes-de-votre-enfant-peut-se-retourner-contre-vous\/"]}]},{"@type":"ImageObject","inLanguage":"fr-BE","@id":"https:\/\/vieassociative.be\/actualites\/comment-restreindre-les-aliments-des-fetes-de-votre-enfant-peut-se-retourner-contre-vous\/#primaryimage","url":"https:\/\/vieassociative.be\/actualites\/wp-content\/uploads\/2024\/10\/Comment-restreindre-les-aliments-des-fetes-de-votre-enfant-peut.jpg","contentUrl":"https:\/\/vieassociative.be\/actualites\/wp-content\/uploads\/2024\/10\/Comment-restreindre-les-aliments-des-fetes-de-votre-enfant-peut.jpg","width":1200,"height":675,"caption":"Comment restreindre les aliments des f\u00eates de votre enfant peut se retourner contre vous"},{"@type":"BreadcrumbList","@id":"https:\/\/vieassociative.be\/actualites\/comment-restreindre-les-aliments-des-fetes-de-votre-enfant-peut-se-retourner-contre-vous\/#breadcrumb","itemListElement":[{"@type":"ListItem","position":1,"name":"Accueil","item":"https:\/\/vieassociative.be\/actualites\/"},{"@type":"ListItem","position":2,"name":"Comment restreindre les aliments des f\u00eates de votre enfant peut se retourner contre vous"}]},{"@type":"WebSite","@id":"https:\/\/vieassociative.be\/actualites\/#website","url":"https:\/\/vieassociative.be\/actualites\/","name":"Vie Associative","description":"","publisher":{"@id":"https:\/\/vieassociative.be\/actualites\/#organization"},"potentialAction":[{"@type":"SearchAction","target":{"@type":"EntryPoint","urlTemplate":"https:\/\/vieassociative.be\/actualites\/?s={search_term_string}"},"query-input":{"@type":"PropertyValueSpecification","valueRequired":true,"valueName":"search_term_string"}}],"inLanguage":"fr-BE"},{"@type":"Organization","@id":"https:\/\/vieassociative.be\/actualites\/#organization","name":"Vie Associative","url":"https:\/\/vieassociative.be\/actualites\/","logo":{"@type":"ImageObject","inLanguage":"fr-BE","@id":"https:\/\/vieassociative.be\/actualites\/#\/schema\/logo\/image\/","url":"https:\/\/vieassociative.be\/actualites\/wp-content\/uploads\/2024\/09\/cropped-vieassociative_favicon.ico.png","contentUrl":"https:\/\/vieassociative.be\/actualites\/wp-content\/uploads\/2024\/09\/cropped-vieassociative_favicon.ico.png","width":512,"height":512,"caption":"Vie Associative"},"image":{"@id":"https:\/\/vieassociative.be\/actualites\/#\/schema\/logo\/image\/"}},{"@type":"Person","@id":"https:\/\/vieassociative.be\/actualites\/#\/schema\/person\/b87ac4f82f9d4e7b7cec7395b679edc4","name":"Julien","image":{"@type":"ImageObject","inLanguage":"fr-BE","@id":"https:\/\/vieassociative.be\/actualites\/#\/schema\/person\/image\/","url":"https:\/\/vieassociative.be\/actualites\/wp-content\/uploads\/2024\/09\/vie-associative-1-150x150.jpg","contentUrl":"https:\/\/vieassociative.be\/actualites\/wp-content\/uploads\/2024\/09\/vie-associative-1-150x150.jpg","caption":"Julien"},"description":"Je suis Julien, r\u00e9dacteur pour Vie Associative. Passionn\u00e9 par le monde associatif depuis plus de 10 ans, j'ai \u00e0 c\u0153ur de partager des histoires inspirantes et de mettre en lumi\u00e8re les initiatives locales. Mon objectif est de sensibiliser et d'encourager l'engagement communautaire \u00e0 travers mes articles.","sameAs":["https:\/\/vieassociative.be\/"]}]}},"_links":{"self":[{"href":"https:\/\/vieassociative.be\/actualites\/wp-json\/wp\/v2\/posts\/856"}],"collection":[{"href":"https:\/\/vieassociative.be\/actualites\/wp-json\/wp\/v2\/posts"}],"about":[{"href":"https:\/\/vieassociative.be\/actualites\/wp-json\/wp\/v2\/types\/post"}],"author":[{"embeddable":true,"href":"https:\/\/vieassociative.be\/actualites\/wp-json\/wp\/v2\/users\/1"}],"replies":[{"embeddable":true,"href":"https:\/\/vieassociative.be\/actualites\/wp-json\/wp\/v2\/comments?post=856"}],"version-history":[{"count":0,"href":"https:\/\/vieassociative.be\/actualites\/wp-json\/wp\/v2\/posts\/856\/revisions"}],"wp:featuredmedia":[{"embeddable":true,"href":"https:\/\/vieassociative.be\/actualites\/wp-json\/wp\/v2\/media\/857"}],"wp:attachment":[{"href":"https:\/\/vieassociative.be\/actualites\/wp-json\/wp\/v2\/media?parent=856"}],"wp:term":[{"taxonomy":"category","embeddable":true,"href":"https:\/\/vieassociative.be\/actualites\/wp-json\/wp\/v2\/categories?post=856"},{"taxonomy":"post_tag","embeddable":true,"href":"https:\/\/vieassociative.be\/actualites\/wp-json\/wp\/v2\/tags?post=856"}],"curies":[{"name":"wp","href":"https:\/\/api.w.org\/{rel}","templated":true}]}}