{"id":8557,"date":"2025-07-06T09:20:23","date_gmt":"2025-07-06T07:20:23","guid":{"rendered":"https:\/\/vieassociative.be\/actualites\/cest-la-meilleure-application-de-transport-en-commun-que-jai-jamais-utilise\/"},"modified":"2025-07-06T09:20:23","modified_gmt":"2025-07-06T07:20:23","slug":"cest-la-meilleure-application-de-transport-en-commun-que-jai-jamais-utilise","status":"publish","type":"post","link":"https:\/\/vieassociative.be\/actualites\/cest-la-meilleure-application-de-transport-en-commun-que-jai-jamais-utilise\/","title":{"rendered":"C&rsquo;est la meilleure application de transport en commun que j&rsquo;ai jamais utilis\u00e9"},"content":{"rendered":"<div class=\"mt-4 leading-6 md:mb-8\">Cette application gratuite me donne la confiance n\u00e9cessaire pour monter des bus et trains dans des villes inconnues.<\/div>\n<p><\/p>\n<p>Je suis un grand fan d&rsquo;applications qui vous donnent les informations que vous souhaitez en un coup d&rsquo;\u0153il tout en restant hors de votre chemin. Le transit en est un excellent exemple.<\/p>\n<p>Cette application gratuite est parfaite si vous vous retrouvez \u00e0 attendre un bus, un train ou toute autre masse de transport. Ouvrez l&rsquo;application et vous verrez les prochains heures de d\u00e9part pour toutes les lignes pr\u00e8s de l&rsquo;endroit o\u00f9 vous vous tenez. Vous pouvez appuyer sur n&rsquo;importe quelle ligne pour voir un horaire plus d\u00e9taill\u00e9. Vous pouvez g\u00e9n\u00e9ralement voir \u00e9galement o\u00f9 se trouve le prochain train ou bus, en ce moment, gr\u00e2ce \u00e0 des donn\u00e9es en temps r\u00e9el.<\/p>\n<p>Tout cela supprime l&rsquo;anxi\u00e9t\u00e9 d&rsquo;utiliser les transports en commun. Au lieu de se demander quand le prochain bus arrivera &#8211; ou <em>si<\/em> Le prochain bus arrive &#8211; je peux regarder mon t\u00e9l\u00e9phone et savoir exactement combien de temps j&rsquo;ai besoin d&rsquo;attendre. Je vis pr\u00e8s de Portland, en Oregon et j&rsquo;utilise cette fonctionnalit\u00e9 \u00e0 chaque fois que je vais en ville &#8211; il est juste agr\u00e9able de savoir quand le prochain train arrivera.<\/p>\n<p>Mais la demande m&rsquo;a \u00e9galement sauv\u00e9 en voyage. Une fois, tandis que le v\u00e9lo au nord de Victoria, en Colombie-Britannique, l&rsquo;un de mes pneus est all\u00e9 \u00e0 plat. Retour \u00e0 la ville aurait pris des heures et je n&rsquo;avais aucun signal cellulaire. L&rsquo;application Transit, miraculeusement, avait une version mise en cache de l&rsquo;horaire des bus et m&rsquo;a indiqu\u00e9 un arr\u00eat \u00e0 proximit\u00e9. J&rsquo;ai attrap\u00e9 un bus 15 minutes plus tard et je suis retourn\u00e9 rapidement au centre-ville.<\/p>\n<div class=\"eloquent-imagery-image\">\n<div class=\"flex justify-center\">\n                    <img decoding=\"async\" class=\"border border-gray-100\" src=\"https:\/\/vieassociative.be\/actualites\/wp-content\/uploads\/2025\/07\/Cest-la-meilleure-application-de-transport-en-commun-que-jai.png\" alt=\"Un curseur vous permet de choisir jusqu'o\u00f9 vous \u00eates pr\u00eat \u00e0 faire du v\u00e9lo tandis qu'un autre demande \u00e0 quelle vitesse vous \u00eates sur votre v\u00e9lo\" width=\"590\" height=\"750\" loading=\"lazy\"  >\n            <\/div>\n<\/p><\/div>\n<p>M\u00eame les urgences ext\u00e9rieures, le transit rend beaucoup moins intimidant de nouvelles villes via les transports en commun. En plus des d\u00e9parts en temps r\u00e9el, il existe \u00e9galement un moyen de demander des directions, de la m\u00eame mani\u00e8re que vous pouvez Google ou Apple Maps. Et bien que ces applications proposent toutes deux des directions de transit, l&rsquo;application Transit fait un meilleur travail pour offrir plusieurs itin\u00e9raires.<\/p>\n<div class=\"pogoClear relative my-10 border-b-(1.5px) border-t-(1.5px) border-dashed border-black py-5 sm:my-14 sm:border-0 sm:py-0\" data-ga-click data-ga-template=\"Opinions\" data-ga-module=\"openweb_widget\" data-ga-element=\"openweb_scroll\" data-ga-item=\"openweb_scroll_midpage\" x-data=\"{\n         commentsCount: null,\n         hasComments: false,\n         async fetchCommentsCount() {\n             try {\n                 if (window.openweb &amp;&amp; typeof window.openweb.getMessagesCount === 'function') {\n                     this.commentsCount = await window.openweb.getMessagesCount('01JZ64T4T61PA3P4VSK3FVBPG7');\n                     this.hasComments = this.commentsCount !== null &amp;&amp; this.commentsCount &gt; 0;\n                 }\n             } catch (e) {\n                 console.warn('Failed to fetch comment count:', e);\n             }\n         }\n     }\" x-init=\"fetchCommentsCount()\" x-cloak><\/p>\n<div class=\"absolute top-1\/2 hidden w-full -translate-y-1\/2 border-t-(1.5px) border-dashed border-black sm:block\"><\/div>\n<div class=\"relative flex justify-center\">\n<div class=\"flex max-w-fit items-center gap-x-3 bg-white px-5\">\n<div class=\"relative\">\n                <span class=\"absolute left-1\/2 top-1\/2 -translate-x-1\/2 -translate-y-1\/2 font-akshar text-sm font-medium text-black\" aria-live=\"polite\" x-show=\"hasComments\" x-text=\"commentsCount\"><\/span><\/p>\n<p>                <svg class=\"h-8 w-8 text-black\" role=\"img\" aria-hidden=\"true\">\n                    <use href=\"http:\/\/lifehacker.com\/images\/icons\/spritemap.svg#sprite-chat-bubble\"><\/use>\n                <\/svg>\n            <\/div>\n<p>            <span class=\"text-sm font-medium text-black\"><\/p>\n<p>                Que pensez-vous jusqu&rsquo;\u00e0 pr\u00e9sent?<br \/>\n                <button class=\"ml-1 font-semibold text-brand-green underline hover:text-brand-green-700\" type=\"button\" aria-label=\"Comment section trigger\" onclick=\"window.openweb.scrollToComments('01JZ64T4T61PA3P4VSK3FVBPG7')\" x-text=\"hasComments ? 'Post a comment.' : 'Be the first to post a comment.'\"><\/button><br \/>\n            <\/span>\n        <\/div>\n<\/p><\/div>\n<\/div>\n<p>Cette application facilite \u00e9galement la modification pour la fa\u00e7on dont vous roulez. Par exemple, je suis heureux de marcher quelques kilom\u00e8tres si cela signifie \u00e9viter une longue connexion pass\u00e9e assis \u00e0 un arr\u00eat de bus. Transit vous permet de configurer combien de temps vous \u00eates pr\u00eat \u00e0 marcher et \u00e0 quelle vitesse vous marchez. Il y a aussi une tr\u00e8s grande prise en charge pour combiner le v\u00e9lo et le transit, quelque chose que Google et Apple Maps n&rsquo;offrent pas vraiment. Le r\u00e9sultat est que vous pouvez g\u00e9n\u00e9ralement vous d\u00e9placer plus rapidement en utilisant les instructions de Transit une fois que vous l&rsquo;avez configur\u00e9 pour correspondre \u00e0 vos pr\u00e9f\u00e9rences.<\/p>\n<p>Transit travaille dans 951 villes du monde, principalement en Am\u00e9rique du Nord et en Europe. Il existe une version payante, appel\u00e9e Royale, qui donne acc\u00e8s \u00e0 des choses comme des horaires plus complets et des options de personnalisation. Ces fonctionnalit\u00e9s sont offertes gratuitement dans certaines villes, un fait que j&rsquo;ai appris lors d&rsquo;une r\u00e9cente visite \u00e0 Grand Rapids, Michigan. Si vous \u00eates un utilisateur r\u00e9gulier de transport en commun, ou m\u00eame simplement quelqu&rsquo;un qui aime utiliser les transports en commun lorsque vous visitez une nouvelle ville, je vous recommande fortement d&rsquo;essayer cette application.<\/p>\n","protected":false},"excerpt":{"rendered":"<p>Cette application gratuite me donne la confiance n\u00e9cessaire pour monter des bus et trains dans des villes inconnues. Je suis un grand fan d&rsquo;applications qui<\/p>\n","protected":false},"author":1,"featured_media":8558,"comment_status":"","ping_status":"","sticky":false,"template":"","format":"standard","meta":{"footnotes":""},"categories":[13],"tags":[1277,362,7636,823,851,530,6351,153],"class_list":["post-8557","post","type-post","status-publish","format-standard","has-post-thumbnail","hentry","category-technologie","tag-application","tag-cest","tag-commun","tag-jai","tag-jamais","tag-meilleure","tag-transport","tag-utilise","generate-columns","tablet-grid-50","mobile-grid-100","grid-parent","grid-33"],"yoast_head":"<!-- This site is optimized with the Yoast SEO plugin v24.0 - https:\/\/yoast.com\/wordpress\/plugins\/seo\/ -->\n<title>C&#039;est la meilleure application de transport en commun que j&#039;ai jamais utilis\u00e9 | Vie Associative<\/title>\n<meta name=\"robots\" content=\"index, follow, max-snippet:-1, max-image-preview:large, max-video-preview:-1\" \/>\n<link rel=\"canonical\" href=\"https:\/\/vieassociative.be\/actualites\/cest-la-meilleure-application-de-transport-en-commun-que-jai-jamais-utilise\/\" \/>\n<meta property=\"og:locale\" content=\"fr_FR\" \/>\n<meta property=\"og:type\" content=\"article\" \/>\n<meta property=\"og:title\" content=\"C&#039;est la meilleure application de transport en commun que j&#039;ai jamais utilis\u00e9 | Vie Associative\" \/>\n<meta property=\"og:description\" content=\"Cette application gratuite me donne la confiance n\u00e9cessaire pour monter des bus et trains dans des villes inconnues. Je suis un grand fan d&rsquo;applications qui\" \/>\n<meta property=\"og:url\" content=\"https:\/\/vieassociative.be\/actualites\/cest-la-meilleure-application-de-transport-en-commun-que-jai-jamais-utilise\/\" \/>\n<meta property=\"og:site_name\" content=\"Vie Associative\" \/>\n<meta property=\"article:published_time\" content=\"2025-07-06T07:20:23+00:00\" \/>\n<meta property=\"og:image\" content=\"https:\/\/vieassociative.be\/actualites\/wp-content\/uploads\/2025\/07\/Cest-la-meilleure-application-de-transport-en-commun-que-jai.png\" \/>\n<meta name=\"author\" content=\"Julien\" \/>\n<meta name=\"twitter:card\" content=\"summary_large_image\" \/>\n<meta name=\"twitter:label1\" content=\"\u00c9crit par\" \/>\n\t<meta name=\"twitter:data1\" content=\"Julien\" \/>\n\t<meta name=\"twitter:label2\" content=\"Dur\u00e9e de lecture est.\" \/>\n\t<meta name=\"twitter:data2\" content=\"3 minutes\" \/>\n<script type=\"application\/ld+json\" class=\"yoast-schema-graph\">{\"@context\":\"https:\/\/schema.org\",\"@graph\":[{\"@type\":\"Article\",\"@id\":\"https:\/\/vieassociative.be\/actualites\/cest-la-meilleure-application-de-transport-en-commun-que-jai-jamais-utilise\/#article\",\"isPartOf\":{\"@id\":\"https:\/\/vieassociative.be\/actualites\/cest-la-meilleure-application-de-transport-en-commun-que-jai-jamais-utilise\/\"},\"author\":{\"name\":\"Julien\",\"@id\":\"https:\/\/vieassociative.be\/actualites\/#\/schema\/person\/b87ac4f82f9d4e7b7cec7395b679edc4\"},\"headline\":\"C&rsquo;est la meilleure application de transport en commun que j&rsquo;ai jamais utilis\u00e9\",\"datePublished\":\"2025-07-06T07:20:23+00:00\",\"dateModified\":\"2025-07-06T07:20:23+00:00\",\"mainEntityOfPage\":{\"@id\":\"https:\/\/vieassociative.be\/actualites\/cest-la-meilleure-application-de-transport-en-commun-que-jai-jamais-utilise\/\"},\"wordCount\":618,\"publisher\":{\"@id\":\"https:\/\/vieassociative.be\/actualites\/#organization\"},\"image\":{\"@id\":\"https:\/\/vieassociative.be\/actualites\/cest-la-meilleure-application-de-transport-en-commun-que-jai-jamais-utilise\/#primaryimage\"},\"thumbnailUrl\":\"https:\/\/vieassociative.be\/actualites\/wp-content\/uploads\/2025\/07\/1751786424_Cest-la-meilleure-application-de-transport-en-commun-que-jai.png\",\"keywords\":[\"application\",\"cest\",\"commun\",\"Jai\",\"jamais\",\"meilleure\",\"transport\",\"utilise\"],\"articleSection\":[\"Technologie\"],\"inLanguage\":\"fr-BE\"},{\"@type\":\"WebPage\",\"@id\":\"https:\/\/vieassociative.be\/actualites\/cest-la-meilleure-application-de-transport-en-commun-que-jai-jamais-utilise\/\",\"url\":\"https:\/\/vieassociative.be\/actualites\/cest-la-meilleure-application-de-transport-en-commun-que-jai-jamais-utilise\/\",\"name\":\"C'est la meilleure application de transport en commun que j'ai jamais utilis\u00e9 | Vie Associative\",\"isPartOf\":{\"@id\":\"https:\/\/vieassociative.be\/actualites\/#website\"},\"primaryImageOfPage\":{\"@id\":\"https:\/\/vieassociative.be\/actualites\/cest-la-meilleure-application-de-transport-en-commun-que-jai-jamais-utilise\/#primaryimage\"},\"image\":{\"@id\":\"https:\/\/vieassociative.be\/actualites\/cest-la-meilleure-application-de-transport-en-commun-que-jai-jamais-utilise\/#primaryimage\"},\"thumbnailUrl\":\"https:\/\/vieassociative.be\/actualites\/wp-content\/uploads\/2025\/07\/1751786424_Cest-la-meilleure-application-de-transport-en-commun-que-jai.png\",\"datePublished\":\"2025-07-06T07:20:23+00:00\",\"dateModified\":\"2025-07-06T07:20:23+00:00\",\"breadcrumb\":{\"@id\":\"https:\/\/vieassociative.be\/actualites\/cest-la-meilleure-application-de-transport-en-commun-que-jai-jamais-utilise\/#breadcrumb\"},\"inLanguage\":\"fr-BE\",\"potentialAction\":[{\"@type\":\"ReadAction\",\"target\":[\"https:\/\/vieassociative.be\/actualites\/cest-la-meilleure-application-de-transport-en-commun-que-jai-jamais-utilise\/\"]}]},{\"@type\":\"ImageObject\",\"inLanguage\":\"fr-BE\",\"@id\":\"https:\/\/vieassociative.be\/actualites\/cest-la-meilleure-application-de-transport-en-commun-que-jai-jamais-utilise\/#primaryimage\",\"url\":\"https:\/\/vieassociative.be\/actualites\/wp-content\/uploads\/2025\/07\/1751786424_Cest-la-meilleure-application-de-transport-en-commun-que-jai.png\",\"contentUrl\":\"https:\/\/vieassociative.be\/actualites\/wp-content\/uploads\/2025\/07\/1751786424_Cest-la-meilleure-application-de-transport-en-commun-que-jai.png\",\"width\":1200,\"height\":675,\"caption\":\"C'est la meilleure application de transport en commun que j'ai jamais utilis\u00e9\"},{\"@type\":\"BreadcrumbList\",\"@id\":\"https:\/\/vieassociative.be\/actualites\/cest-la-meilleure-application-de-transport-en-commun-que-jai-jamais-utilise\/#breadcrumb\",\"itemListElement\":[{\"@type\":\"ListItem\",\"position\":1,\"name\":\"Accueil\",\"item\":\"https:\/\/vieassociative.be\/actualites\/\"},{\"@type\":\"ListItem\",\"position\":2,\"name\":\"C&rsquo;est la meilleure application de transport en commun que j&rsquo;ai jamais utilis\u00e9\"}]},{\"@type\":\"WebSite\",\"@id\":\"https:\/\/vieassociative.be\/actualites\/#website\",\"url\":\"https:\/\/vieassociative.be\/actualites\/\",\"name\":\"Vie Associative\",\"description\":\"\",\"publisher\":{\"@id\":\"https:\/\/vieassociative.be\/actualites\/#organization\"},\"potentialAction\":[{\"@type\":\"SearchAction\",\"target\":{\"@type\":\"EntryPoint\",\"urlTemplate\":\"https:\/\/vieassociative.be\/actualites\/?s={search_term_string}\"},\"query-input\":{\"@type\":\"PropertyValueSpecification\",\"valueRequired\":true,\"valueName\":\"search_term_string\"}}],\"inLanguage\":\"fr-BE\"},{\"@type\":\"Organization\",\"@id\":\"https:\/\/vieassociative.be\/actualites\/#organization\",\"name\":\"Vie Associative\",\"url\":\"https:\/\/vieassociative.be\/actualites\/\",\"logo\":{\"@type\":\"ImageObject\",\"inLanguage\":\"fr-BE\",\"@id\":\"https:\/\/vieassociative.be\/actualites\/#\/schema\/logo\/image\/\",\"url\":\"https:\/\/vieassociative.be\/actualites\/wp-content\/uploads\/2024\/09\/cropped-vieassociative_favicon.ico.png\",\"contentUrl\":\"https:\/\/vieassociative.be\/actualites\/wp-content\/uploads\/2024\/09\/cropped-vieassociative_favicon.ico.png\",\"width\":512,\"height\":512,\"caption\":\"Vie Associative\"},\"image\":{\"@id\":\"https:\/\/vieassociative.be\/actualites\/#\/schema\/logo\/image\/\"}},{\"@type\":\"Person\",\"@id\":\"https:\/\/vieassociative.be\/actualites\/#\/schema\/person\/b87ac4f82f9d4e7b7cec7395b679edc4\",\"name\":\"Julien\",\"image\":{\"@type\":\"ImageObject\",\"inLanguage\":\"fr-BE\",\"@id\":\"https:\/\/vieassociative.be\/actualites\/#\/schema\/person\/image\/\",\"url\":\"https:\/\/vieassociative.be\/actualites\/wp-content\/uploads\/2024\/09\/vie-associative-1-150x150.jpg\",\"contentUrl\":\"https:\/\/vieassociative.be\/actualites\/wp-content\/uploads\/2024\/09\/vie-associative-1-150x150.jpg\",\"caption\":\"Julien\"},\"description\":\"Je suis Julien, r\u00e9dacteur pour Vie Associative. Passionn\u00e9 par le monde associatif depuis plus de 10 ans, j'ai \u00e0 c\u0153ur de partager des histoires inspirantes et de mettre en lumi\u00e8re les initiatives locales. Mon objectif est de sensibiliser et d'encourager l'engagement communautaire \u00e0 travers mes articles.\",\"sameAs\":[\"https:\/\/vieassociative.be\/\"]}]}<\/script>\n<!-- \/ Yoast SEO plugin. -->","yoast_head_json":{"title":"C'est la meilleure application de transport en commun que j'ai jamais utilis\u00e9 | Vie Associative","robots":{"index":"index","follow":"follow","max-snippet":"max-snippet:-1","max-image-preview":"max-image-preview:large","max-video-preview":"max-video-preview:-1"},"canonical":"https:\/\/vieassociative.be\/actualites\/cest-la-meilleure-application-de-transport-en-commun-que-jai-jamais-utilise\/","og_locale":"fr_FR","og_type":"article","og_title":"C'est la meilleure application de transport en commun que j'ai jamais utilis\u00e9 | Vie Associative","og_description":"Cette application gratuite me donne la confiance n\u00e9cessaire pour monter des bus et trains dans des villes inconnues. Je suis un grand fan d&rsquo;applications qui","og_url":"https:\/\/vieassociative.be\/actualites\/cest-la-meilleure-application-de-transport-en-commun-que-jai-jamais-utilise\/","og_site_name":"Vie Associative","article_published_time":"2025-07-06T07:20:23+00:00","og_image":[{"url":"https:\/\/vieassociative.be\/actualites\/wp-content\/uploads\/2025\/07\/Cest-la-meilleure-application-de-transport-en-commun-que-jai.png","type":"","width":"","height":""}],"author":"Julien","twitter_card":"summary_large_image","twitter_misc":{"\u00c9crit par":"Julien","Dur\u00e9e de lecture est.":"3 minutes"},"schema":{"@context":"https:\/\/schema.org","@graph":[{"@type":"Article","@id":"https:\/\/vieassociative.be\/actualites\/cest-la-meilleure-application-de-transport-en-commun-que-jai-jamais-utilise\/#article","isPartOf":{"@id":"https:\/\/vieassociative.be\/actualites\/cest-la-meilleure-application-de-transport-en-commun-que-jai-jamais-utilise\/"},"author":{"name":"Julien","@id":"https:\/\/vieassociative.be\/actualites\/#\/schema\/person\/b87ac4f82f9d4e7b7cec7395b679edc4"},"headline":"C&rsquo;est la meilleure application de transport en commun que j&rsquo;ai jamais utilis\u00e9","datePublished":"2025-07-06T07:20:23+00:00","dateModified":"2025-07-06T07:20:23+00:00","mainEntityOfPage":{"@id":"https:\/\/vieassociative.be\/actualites\/cest-la-meilleure-application-de-transport-en-commun-que-jai-jamais-utilise\/"},"wordCount":618,"publisher":{"@id":"https:\/\/vieassociative.be\/actualites\/#organization"},"image":{"@id":"https:\/\/vieassociative.be\/actualites\/cest-la-meilleure-application-de-transport-en-commun-que-jai-jamais-utilise\/#primaryimage"},"thumbnailUrl":"https:\/\/vieassociative.be\/actualites\/wp-content\/uploads\/2025\/07\/1751786424_Cest-la-meilleure-application-de-transport-en-commun-que-jai.png","keywords":["application","cest","commun","Jai","jamais","meilleure","transport","utilise"],"articleSection":["Technologie"],"inLanguage":"fr-BE"},{"@type":"WebPage","@id":"https:\/\/vieassociative.be\/actualites\/cest-la-meilleure-application-de-transport-en-commun-que-jai-jamais-utilise\/","url":"https:\/\/vieassociative.be\/actualites\/cest-la-meilleure-application-de-transport-en-commun-que-jai-jamais-utilise\/","name":"C'est la meilleure application de transport en commun que j'ai jamais utilis\u00e9 | Vie Associative","isPartOf":{"@id":"https:\/\/vieassociative.be\/actualites\/#website"},"primaryImageOfPage":{"@id":"https:\/\/vieassociative.be\/actualites\/cest-la-meilleure-application-de-transport-en-commun-que-jai-jamais-utilise\/#primaryimage"},"image":{"@id":"https:\/\/vieassociative.be\/actualites\/cest-la-meilleure-application-de-transport-en-commun-que-jai-jamais-utilise\/#primaryimage"},"thumbnailUrl":"https:\/\/vieassociative.be\/actualites\/wp-content\/uploads\/2025\/07\/1751786424_Cest-la-meilleure-application-de-transport-en-commun-que-jai.png","datePublished":"2025-07-06T07:20:23+00:00","dateModified":"2025-07-06T07:20:23+00:00","breadcrumb":{"@id":"https:\/\/vieassociative.be\/actualites\/cest-la-meilleure-application-de-transport-en-commun-que-jai-jamais-utilise\/#breadcrumb"},"inLanguage":"fr-BE","potentialAction":[{"@type":"ReadAction","target":["https:\/\/vieassociative.be\/actualites\/cest-la-meilleure-application-de-transport-en-commun-que-jai-jamais-utilise\/"]}]},{"@type":"ImageObject","inLanguage":"fr-BE","@id":"https:\/\/vieassociative.be\/actualites\/cest-la-meilleure-application-de-transport-en-commun-que-jai-jamais-utilise\/#primaryimage","url":"https:\/\/vieassociative.be\/actualites\/wp-content\/uploads\/2025\/07\/1751786424_Cest-la-meilleure-application-de-transport-en-commun-que-jai.png","contentUrl":"https:\/\/vieassociative.be\/actualites\/wp-content\/uploads\/2025\/07\/1751786424_Cest-la-meilleure-application-de-transport-en-commun-que-jai.png","width":1200,"height":675,"caption":"C'est la meilleure application de transport en commun que j'ai jamais utilis\u00e9"},{"@type":"BreadcrumbList","@id":"https:\/\/vieassociative.be\/actualites\/cest-la-meilleure-application-de-transport-en-commun-que-jai-jamais-utilise\/#breadcrumb","itemListElement":[{"@type":"ListItem","position":1,"name":"Accueil","item":"https:\/\/vieassociative.be\/actualites\/"},{"@type":"ListItem","position":2,"name":"C&rsquo;est la meilleure application de transport en commun que j&rsquo;ai jamais utilis\u00e9"}]},{"@type":"WebSite","@id":"https:\/\/vieassociative.be\/actualites\/#website","url":"https:\/\/vieassociative.be\/actualites\/","name":"Vie Associative","description":"","publisher":{"@id":"https:\/\/vieassociative.be\/actualites\/#organization"},"potentialAction":[{"@type":"SearchAction","target":{"@type":"EntryPoint","urlTemplate":"https:\/\/vieassociative.be\/actualites\/?s={search_term_string}"},"query-input":{"@type":"PropertyValueSpecification","valueRequired":true,"valueName":"search_term_string"}}],"inLanguage":"fr-BE"},{"@type":"Organization","@id":"https:\/\/vieassociative.be\/actualites\/#organization","name":"Vie Associative","url":"https:\/\/vieassociative.be\/actualites\/","logo":{"@type":"ImageObject","inLanguage":"fr-BE","@id":"https:\/\/vieassociative.be\/actualites\/#\/schema\/logo\/image\/","url":"https:\/\/vieassociative.be\/actualites\/wp-content\/uploads\/2024\/09\/cropped-vieassociative_favicon.ico.png","contentUrl":"https:\/\/vieassociative.be\/actualites\/wp-content\/uploads\/2024\/09\/cropped-vieassociative_favicon.ico.png","width":512,"height":512,"caption":"Vie Associative"},"image":{"@id":"https:\/\/vieassociative.be\/actualites\/#\/schema\/logo\/image\/"}},{"@type":"Person","@id":"https:\/\/vieassociative.be\/actualites\/#\/schema\/person\/b87ac4f82f9d4e7b7cec7395b679edc4","name":"Julien","image":{"@type":"ImageObject","inLanguage":"fr-BE","@id":"https:\/\/vieassociative.be\/actualites\/#\/schema\/person\/image\/","url":"https:\/\/vieassociative.be\/actualites\/wp-content\/uploads\/2024\/09\/vie-associative-1-150x150.jpg","contentUrl":"https:\/\/vieassociative.be\/actualites\/wp-content\/uploads\/2024\/09\/vie-associative-1-150x150.jpg","caption":"Julien"},"description":"Je suis Julien, r\u00e9dacteur pour Vie Associative. Passionn\u00e9 par le monde associatif depuis plus de 10 ans, j'ai \u00e0 c\u0153ur de partager des histoires inspirantes et de mettre en lumi\u00e8re les initiatives locales. Mon objectif est de sensibiliser et d'encourager l'engagement communautaire \u00e0 travers mes articles.","sameAs":["https:\/\/vieassociative.be\/"]}]}},"_links":{"self":[{"href":"https:\/\/vieassociative.be\/actualites\/wp-json\/wp\/v2\/posts\/8557"}],"collection":[{"href":"https:\/\/vieassociative.be\/actualites\/wp-json\/wp\/v2\/posts"}],"about":[{"href":"https:\/\/vieassociative.be\/actualites\/wp-json\/wp\/v2\/types\/post"}],"author":[{"embeddable":true,"href":"https:\/\/vieassociative.be\/actualites\/wp-json\/wp\/v2\/users\/1"}],"replies":[{"embeddable":true,"href":"https:\/\/vieassociative.be\/actualites\/wp-json\/wp\/v2\/comments?post=8557"}],"version-history":[{"count":0,"href":"https:\/\/vieassociative.be\/actualites\/wp-json\/wp\/v2\/posts\/8557\/revisions"}],"wp:featuredmedia":[{"embeddable":true,"href":"https:\/\/vieassociative.be\/actualites\/wp-json\/wp\/v2\/media\/8558"}],"wp:attachment":[{"href":"https:\/\/vieassociative.be\/actualites\/wp-json\/wp\/v2\/media?parent=8557"}],"wp:term":[{"taxonomy":"category","embeddable":true,"href":"https:\/\/vieassociative.be\/actualites\/wp-json\/wp\/v2\/categories?post=8557"},{"taxonomy":"post_tag","embeddable":true,"href":"https:\/\/vieassociative.be\/actualites\/wp-json\/wp\/v2\/tags?post=8557"}],"curies":[{"name":"wp","href":"https:\/\/api.w.org\/{rel}","templated":true}]}}