{"id":8552,"date":"2025-07-05T22:17:47","date_gmt":"2025-07-05T20:17:47","guid":{"rendered":"https:\/\/vieassociative.be\/actualites\/le-sprint-belge-le-roi-philipsen-gagne-et-a-conquis-le-premier-maillot-jaune-meme-meme\/"},"modified":"2025-07-05T22:17:47","modified_gmt":"2025-07-05T20:17:47","slug":"le-sprint-belge-le-roi-philipsen-gagne-et-a-conquis-le-premier-maillot-jaune-meme-meme","status":"publish","type":"post","link":"https:\/\/vieassociative.be\/actualites\/le-sprint-belge-le-roi-philipsen-gagne-et-a-conquis-le-premier-maillot-jaune-meme-meme\/","title":{"rendered":"Le sprint belge, le roi Philipsen, gagne et a conquis le premier maillot jaune-m\u00eame m\u00eame"},"content":{"rendered":"<p>Mis \u00e0 jour &#8211; Jasper Philipsen a embrass\u00e9 son partenaire et a c\u00e9l\u00e9br\u00e9 sa dixi\u00e8me victoire au d\u00e9but du 112e Tour de France. Mais pas seulement cela: le joueur de 27 ans a d\u00e9pouill\u00e9 le maillot jaune \u00e0 Lille et a fait un succ\u00e8s sp\u00e9cial, car les hommes rapides ont rarement la perspective de la robe la plus prestigieuse du monde du v\u00e9lo.<\/p>\n<p><span id=\"more-419313\"><\/span>\u00ab\u00a0Vous en r\u00eavez\u00a0\u00bb, a d\u00e9clar\u00e9 le Belge \u00e0 Eurosport de porter le maillot jaune. \u00ab\u00a0La dixi\u00e8me victoire est une victoire que je n&rsquo;oublierai pas\u00a0\u00bb, a-t-il ajout\u00e9. \u00ab\u00a0C&rsquo;\u00e9tait un combat d&rsquo;\u00eatre l\u00e0. C&rsquo;\u00e9tait tr\u00e8s stressant.\u00a0\u00bb Depuis Wout Van Aert en 2022, un Belge fait le tour de la France en jaune.<\/p>\n<div id=\"attachment_419381\" class=\"wp-caption alignleft\" style=\"max-width: 300px\"><img fetchpriority=\"high\" decoding=\"async\" class=\"wp-image-419381 size-medium\" src=\"https:\/\/vieassociative.be\/actualites\/wp-content\/uploads\/2025\/07\/Le-sprint-belge-le-roi-Philipsen-gagne-et-a-conquis.jpg\" alt=\"\" width=\"300\" height=\"200\"><\/p>\n<p class=\"wp-caption-text\">05.07.2025, France, Lille: Le jasper belge Philipsen de Team Alpecin-Deceuninck applaudie apr\u00e8s sa victoire sur sc\u00e8ne. Photo: Thibault Camus \/ AP \/ DPA<\/p>\n<\/div>\n<p><strong>&#8211; Amortisseur l\u00e9ger pour Red Bull:<\/strong> Pr\u00e8s de l&rsquo;imposante forteresse Fortress dans la ville du nord de la France, Philipsen a pr\u00e9valu apr\u00e8s le d\u00e9but de 184,9 kilom\u00e8tres \u00e0 la plupart avec un d\u00e9but et une fin \u00e0 Lille devant l&rsquo;Eritreische Profi Biniam Girmay et le norv\u00e9gien S\u00f6ren Welenskjold.<\/p>\n<p>Au d\u00e9but de la tourn\u00e9e, l&rsquo;\u00e9quipe de Red Bull autour de Primoz Roglic et Remco Ovenepoel, qui a termin\u00e9 la tourn\u00e9e \u00e0 la troisi\u00e8me place l&rsquo;ann\u00e9e derni\u00e8re, a \u00e9tonnamment re\u00e7u un l\u00e9ger revers. Gr\u00e2ce aux conditions de vent, les favoris globaux de la victoire Tadej Pogacar et Jonas Vingegaard se sont install\u00e9s dans le groupe de premier plan autour de Philipsen \u00e0 quelques kilom\u00e8tres avant l&rsquo;arriv\u00e9e \u00e0 Lille et ont laiss\u00e9 les candidats du podium Roglic et Evenepoel derri\u00e8re. 39 secondes apr\u00e8s les \u00e9toiles sup\u00e9rieures, les deux ont roul\u00e9 sur la ligne d&rsquo;arriv\u00e9e.<\/p>\n<p>Le plus grand \u00e9v\u00e9nement cycliste majeur au monde a commenc\u00e9 en France pour la premi\u00e8re fois en quatre ans. Entre les deux, les Grand D\u00e9parts de Copenhague, Bilbao et Florence. Vers 13 h 40 Le d\u00e9marrage net pour les 184 professionnels.<\/p>\n<div id=\"attachment_419370\" class=\"wp-caption alignleft\" style=\"max-width: 300px\"><img decoding=\"async\" class=\"wp-image-419370 size-medium\" src=\"https:\/\/vieassociative.be\/actualites\/wp-content\/uploads\/2025\/07\/1751746667_392_Le-sprint-belge-le-roi-Philipsen-gagne-et-a-conquis.jpg\" alt=\"\" width=\"300\" height=\"200\"><\/p>\n<p class=\"wp-caption-text\">05.07.2025, France, Lille: Le Slov\u00e8ne Tadej Pogacar (L) de l&rsquo;\u00e9quipe des EAU Emirates et le Dane Jonas Vingegaard de l&rsquo;\u00e9quipe Visma louent un discours \u00e0 v\u00e9lo avant le d\u00e9part. Photo: Mosa&rsquo;ab Elshamy \/ AP \/ DPA<\/p>\n<\/div>\n<p><strong>&#8211; chute curiosive \u00e0 la sc\u00e8ne:<\/strong> Les professionnels ne se prot\u00e9geaient pas \u00e0 grande vitesse. Une \u00e9trange chute l&rsquo;a clairement indiqu\u00e9. Les deux professionnels fran\u00e7ais Benjamin Thomas et Matt\u00e9o Vercher ont sprint\u00e9 autour d&rsquo;un point de note de montagne. Peu de temps apr\u00e8s que Thomas ait franchi la ligne environ 79 kilom\u00e8tres avant l&rsquo;arriv\u00e9e, le joueur de 29 ans s&rsquo;est \u00e9cras\u00e9 et s&rsquo;est d\u00e9chir\u00e9 peu de temps apr\u00e8s. Mais les deux pourraient continuer.<\/p>\n<p><strong>-Les heures de la premi\u00e8re tourn\u00e9e de la tourn\u00e9e est imminente:<\/strong> Le deux fois champion du monde de contre-la-montre, Filippo Ganna d&rsquo;Italie, a d\u00fb quitter la tourn\u00e9e t\u00f4t en raison des s\u00e9quences de Falls. Le Suisse Stefan Bissegger a \u00e9galement d\u00fb mettre fin \u00e0 la tourn\u00e9e. La premi\u00e8re semaine devrait \u00eatre tr\u00e8s mouvement\u00e9e de toute fa\u00e7on. Puisqu&rsquo;il y a principalement un terrain plat sur les dix premi\u00e8res \u00e9tapes, de nombreuses informations de masse peuvent \u00eatre attendues.<\/p>\n<p>Le deuxi\u00e8me jour, les professionnels sont sur le point de prendre la plus longue sc\u00e8ne dimanche. Sur les 209,1 kilom\u00e8tres entre Lauwin-Planque et Boulogne-sur-Mer dans le nord de la France, les valeurs aberrantes et les experts classiques ont de grands espoirs pour la victoire de la journ\u00e9e. Parmi eux, la star n\u00e9erlandaise Mathieu van der Poel, qui a remport\u00e9 les classiques Milan-Sanremo et Paris-Roubaix au printemps. (DPA \/ CRE)<\/p>\n","protected":false},"excerpt":{"rendered":"<p>Mis \u00e0 jour &#8211; Jasper Philipsen a embrass\u00e9 son partenaire et a c\u00e9l\u00e9br\u00e9 sa dixi\u00e8me victoire au d\u00e9but du 112e Tour de France. Mais pas<\/p>\n","protected":false},"author":1,"featured_media":8553,"comment_status":"","ping_status":"","sticky":false,"template":"","format":"standard","meta":{"footnotes":""},"categories":[298],"tags":[410,7634,2299,7635,2694,891,7633,443,3096,6145],"class_list":["post-8552","post","type-post","status-publish","format-standard","has-post-thumbnail","hentry","category-belgique","tag-belge","tag-conquis","tag-gagne","tag-jaunememe","tag-maillot","tag-meme","tag-philipsen","tag-premier","tag-roi","tag-sprint","generate-columns","tablet-grid-50","mobile-grid-100","grid-parent","grid-33"],"yoast_head":"<!-- This site is optimized with the Yoast SEO plugin v24.0 - https:\/\/yoast.com\/wordpress\/plugins\/seo\/ -->\n<title>Le sprint belge, le roi Philipsen, gagne et a conquis le premier maillot jaune-m\u00eame m\u00eame | Vie Associative<\/title>\n<meta name=\"robots\" content=\"index, follow, max-snippet:-1, max-image-preview:large, max-video-preview:-1\" \/>\n<link rel=\"canonical\" href=\"https:\/\/vieassociative.be\/actualites\/le-sprint-belge-le-roi-philipsen-gagne-et-a-conquis-le-premier-maillot-jaune-meme-meme\/\" \/>\n<meta property=\"og:locale\" content=\"fr_FR\" \/>\n<meta property=\"og:type\" content=\"article\" \/>\n<meta property=\"og:title\" content=\"Le sprint belge, le roi Philipsen, gagne et a conquis le premier maillot jaune-m\u00eame m\u00eame | Vie Associative\" \/>\n<meta property=\"og:description\" content=\"Mis \u00e0 jour &#8211; Jasper Philipsen a embrass\u00e9 son partenaire et a c\u00e9l\u00e9br\u00e9 sa dixi\u00e8me victoire au d\u00e9but du 112e Tour de France. Mais pas\" \/>\n<meta property=\"og:url\" content=\"https:\/\/vieassociative.be\/actualites\/le-sprint-belge-le-roi-philipsen-gagne-et-a-conquis-le-premier-maillot-jaune-meme-meme\/\" \/>\n<meta property=\"og:site_name\" content=\"Vie Associative\" \/>\n<meta property=\"article:published_time\" content=\"2025-07-05T20:17:47+00:00\" \/>\n<meta property=\"og:image\" content=\"https:\/\/vieassociative.be\/actualites\/wp-content\/uploads\/2024\/09\/header_backgroundk-01-e1726694325946.png\" \/>\n\t<meta property=\"og:image:width\" content=\"279\" \/>\n\t<meta property=\"og:image:height\" content=\"92\" \/>\n\t<meta property=\"og:image:type\" content=\"image\/png\" \/>\n<meta name=\"author\" content=\"Julien\" \/>\n<meta name=\"twitter:card\" content=\"summary_large_image\" \/>\n<meta name=\"twitter:label1\" content=\"\u00c9crit par\" \/>\n\t<meta name=\"twitter:data1\" content=\"Julien\" \/>\n\t<meta name=\"twitter:label2\" content=\"Dur\u00e9e de lecture est.\" \/>\n\t<meta name=\"twitter:data2\" content=\"3 minutes\" \/>\n<script type=\"application\/ld+json\" class=\"yoast-schema-graph\">{\"@context\":\"https:\/\/schema.org\",\"@graph\":[{\"@type\":\"Article\",\"@id\":\"https:\/\/vieassociative.be\/actualites\/le-sprint-belge-le-roi-philipsen-gagne-et-a-conquis-le-premier-maillot-jaune-meme-meme\/#article\",\"isPartOf\":{\"@id\":\"https:\/\/vieassociative.be\/actualites\/le-sprint-belge-le-roi-philipsen-gagne-et-a-conquis-le-premier-maillot-jaune-meme-meme\/\"},\"author\":{\"name\":\"Julien\",\"@id\":\"https:\/\/vieassociative.be\/actualites\/#\/schema\/person\/b87ac4f82f9d4e7b7cec7395b679edc4\"},\"headline\":\"Le sprint belge, le roi Philipsen, gagne et a conquis le premier maillot jaune-m\u00eame m\u00eame\",\"datePublished\":\"2025-07-05T20:17:47+00:00\",\"dateModified\":\"2025-07-05T20:17:47+00:00\",\"mainEntityOfPage\":{\"@id\":\"https:\/\/vieassociative.be\/actualites\/le-sprint-belge-le-roi-philipsen-gagne-et-a-conquis-le-premier-maillot-jaune-meme-meme\/\"},\"wordCount\":653,\"publisher\":{\"@id\":\"https:\/\/vieassociative.be\/actualites\/#organization\"},\"image\":{\"@id\":\"https:\/\/vieassociative.be\/actualites\/le-sprint-belge-le-roi-philipsen-gagne-et-a-conquis-le-premier-maillot-jaune-meme-meme\/#primaryimage\"},\"thumbnailUrl\":\"https:\/\/vieassociative.be\/actualites\/wp-content\/uploads\/2025\/07\/1751746668_Le-sprint-belge-le-roi-Philipsen-gagne-et-a-conquis.jpg\",\"keywords\":[\"belge\",\"conquis\",\"gagn\u00e9\",\"jaunem\u00eame\",\"maillot\",\"m\u00eame\",\"Philipsen\",\"premier\",\"roi\",\"sprint\"],\"articleSection\":[\"Belgique\"],\"inLanguage\":\"fr-BE\"},{\"@type\":\"WebPage\",\"@id\":\"https:\/\/vieassociative.be\/actualites\/le-sprint-belge-le-roi-philipsen-gagne-et-a-conquis-le-premier-maillot-jaune-meme-meme\/\",\"url\":\"https:\/\/vieassociative.be\/actualites\/le-sprint-belge-le-roi-philipsen-gagne-et-a-conquis-le-premier-maillot-jaune-meme-meme\/\",\"name\":\"Le sprint belge, le roi Philipsen, gagne et a conquis le premier maillot jaune-m\u00eame m\u00eame | Vie Associative\",\"isPartOf\":{\"@id\":\"https:\/\/vieassociative.be\/actualites\/#website\"},\"primaryImageOfPage\":{\"@id\":\"https:\/\/vieassociative.be\/actualites\/le-sprint-belge-le-roi-philipsen-gagne-et-a-conquis-le-premier-maillot-jaune-meme-meme\/#primaryimage\"},\"image\":{\"@id\":\"https:\/\/vieassociative.be\/actualites\/le-sprint-belge-le-roi-philipsen-gagne-et-a-conquis-le-premier-maillot-jaune-meme-meme\/#primaryimage\"},\"thumbnailUrl\":\"https:\/\/vieassociative.be\/actualites\/wp-content\/uploads\/2025\/07\/1751746668_Le-sprint-belge-le-roi-Philipsen-gagne-et-a-conquis.jpg\",\"datePublished\":\"2025-07-05T20:17:47+00:00\",\"dateModified\":\"2025-07-05T20:17:47+00:00\",\"breadcrumb\":{\"@id\":\"https:\/\/vieassociative.be\/actualites\/le-sprint-belge-le-roi-philipsen-gagne-et-a-conquis-le-premier-maillot-jaune-meme-meme\/#breadcrumb\"},\"inLanguage\":\"fr-BE\",\"potentialAction\":[{\"@type\":\"ReadAction\",\"target\":[\"https:\/\/vieassociative.be\/actualites\/le-sprint-belge-le-roi-philipsen-gagne-et-a-conquis-le-premier-maillot-jaune-meme-meme\/\"]}]},{\"@type\":\"ImageObject\",\"inLanguage\":\"fr-BE\",\"@id\":\"https:\/\/vieassociative.be\/actualites\/le-sprint-belge-le-roi-philipsen-gagne-et-a-conquis-le-premier-maillot-jaune-meme-meme\/#primaryimage\",\"url\":\"https:\/\/vieassociative.be\/actualites\/wp-content\/uploads\/2025\/07\/1751746668_Le-sprint-belge-le-roi-Philipsen-gagne-et-a-conquis.jpg\",\"contentUrl\":\"https:\/\/vieassociative.be\/actualites\/wp-content\/uploads\/2025\/07\/1751746668_Le-sprint-belge-le-roi-Philipsen-gagne-et-a-conquis.jpg\",\"width\":1200,\"height\":800,\"caption\":\"Le sprint belge, le roi Philipsen, gagne et a conquis le premier maillot jaune-m\u00eame m\u00eame\"},{\"@type\":\"BreadcrumbList\",\"@id\":\"https:\/\/vieassociative.be\/actualites\/le-sprint-belge-le-roi-philipsen-gagne-et-a-conquis-le-premier-maillot-jaune-meme-meme\/#breadcrumb\",\"itemListElement\":[{\"@type\":\"ListItem\",\"position\":1,\"name\":\"Accueil\",\"item\":\"https:\/\/vieassociative.be\/actualites\/\"},{\"@type\":\"ListItem\",\"position\":2,\"name\":\"Le sprint belge, le roi Philipsen, gagne et a conquis le premier maillot jaune-m\u00eame m\u00eame\"}]},{\"@type\":\"WebSite\",\"@id\":\"https:\/\/vieassociative.be\/actualites\/#website\",\"url\":\"https:\/\/vieassociative.be\/actualites\/\",\"name\":\"Vie Associative\",\"description\":\"\",\"publisher\":{\"@id\":\"https:\/\/vieassociative.be\/actualites\/#organization\"},\"potentialAction\":[{\"@type\":\"SearchAction\",\"target\":{\"@type\":\"EntryPoint\",\"urlTemplate\":\"https:\/\/vieassociative.be\/actualites\/?s={search_term_string}\"},\"query-input\":{\"@type\":\"PropertyValueSpecification\",\"valueRequired\":true,\"valueName\":\"search_term_string\"}}],\"inLanguage\":\"fr-BE\"},{\"@type\":\"Organization\",\"@id\":\"https:\/\/vieassociative.be\/actualites\/#organization\",\"name\":\"Vie Associative\",\"url\":\"https:\/\/vieassociative.be\/actualites\/\",\"logo\":{\"@type\":\"ImageObject\",\"inLanguage\":\"fr-BE\",\"@id\":\"https:\/\/vieassociative.be\/actualites\/#\/schema\/logo\/image\/\",\"url\":\"https:\/\/vieassociative.be\/actualites\/wp-content\/uploads\/2024\/09\/cropped-vieassociative_favicon.ico.png\",\"contentUrl\":\"https:\/\/vieassociative.be\/actualites\/wp-content\/uploads\/2024\/09\/cropped-vieassociative_favicon.ico.png\",\"width\":512,\"height\":512,\"caption\":\"Vie Associative\"},\"image\":{\"@id\":\"https:\/\/vieassociative.be\/actualites\/#\/schema\/logo\/image\/\"}},{\"@type\":\"Person\",\"@id\":\"https:\/\/vieassociative.be\/actualites\/#\/schema\/person\/b87ac4f82f9d4e7b7cec7395b679edc4\",\"name\":\"Julien\",\"image\":{\"@type\":\"ImageObject\",\"inLanguage\":\"fr-BE\",\"@id\":\"https:\/\/vieassociative.be\/actualites\/#\/schema\/person\/image\/\",\"url\":\"https:\/\/vieassociative.be\/actualites\/wp-content\/uploads\/2024\/09\/vie-associative-1-150x150.jpg\",\"contentUrl\":\"https:\/\/vieassociative.be\/actualites\/wp-content\/uploads\/2024\/09\/vie-associative-1-150x150.jpg\",\"caption\":\"Julien\"},\"description\":\"Je suis Julien, r\u00e9dacteur pour Vie Associative. Passionn\u00e9 par le monde associatif depuis plus de 10 ans, j'ai \u00e0 c\u0153ur de partager des histoires inspirantes et de mettre en lumi\u00e8re les initiatives locales. Mon objectif est de sensibiliser et d'encourager l'engagement communautaire \u00e0 travers mes articles.\",\"sameAs\":[\"https:\/\/vieassociative.be\/\"]}]}<\/script>\n<!-- \/ Yoast SEO plugin. -->","yoast_head_json":{"title":"Le sprint belge, le roi Philipsen, gagne et a conquis le premier maillot jaune-m\u00eame m\u00eame | Vie Associative","robots":{"index":"index","follow":"follow","max-snippet":"max-snippet:-1","max-image-preview":"max-image-preview:large","max-video-preview":"max-video-preview:-1"},"canonical":"https:\/\/vieassociative.be\/actualites\/le-sprint-belge-le-roi-philipsen-gagne-et-a-conquis-le-premier-maillot-jaune-meme-meme\/","og_locale":"fr_FR","og_type":"article","og_title":"Le sprint belge, le roi Philipsen, gagne et a conquis le premier maillot jaune-m\u00eame m\u00eame | Vie Associative","og_description":"Mis \u00e0 jour &#8211; Jasper Philipsen a embrass\u00e9 son partenaire et a c\u00e9l\u00e9br\u00e9 sa dixi\u00e8me victoire au d\u00e9but du 112e Tour de France. Mais pas","og_url":"https:\/\/vieassociative.be\/actualites\/le-sprint-belge-le-roi-philipsen-gagne-et-a-conquis-le-premier-maillot-jaune-meme-meme\/","og_site_name":"Vie Associative","article_published_time":"2025-07-05T20:17:47+00:00","og_image":[{"width":279,"height":92,"url":"https:\/\/vieassociative.be\/actualites\/wp-content\/uploads\/2024\/09\/header_backgroundk-01-e1726694325946.png","type":"image\/png"}],"author":"Julien","twitter_card":"summary_large_image","twitter_misc":{"\u00c9crit par":"Julien","Dur\u00e9e de lecture est.":"3 minutes"},"schema":{"@context":"https:\/\/schema.org","@graph":[{"@type":"Article","@id":"https:\/\/vieassociative.be\/actualites\/le-sprint-belge-le-roi-philipsen-gagne-et-a-conquis-le-premier-maillot-jaune-meme-meme\/#article","isPartOf":{"@id":"https:\/\/vieassociative.be\/actualites\/le-sprint-belge-le-roi-philipsen-gagne-et-a-conquis-le-premier-maillot-jaune-meme-meme\/"},"author":{"name":"Julien","@id":"https:\/\/vieassociative.be\/actualites\/#\/schema\/person\/b87ac4f82f9d4e7b7cec7395b679edc4"},"headline":"Le sprint belge, le roi Philipsen, gagne et a conquis le premier maillot jaune-m\u00eame m\u00eame","datePublished":"2025-07-05T20:17:47+00:00","dateModified":"2025-07-05T20:17:47+00:00","mainEntityOfPage":{"@id":"https:\/\/vieassociative.be\/actualites\/le-sprint-belge-le-roi-philipsen-gagne-et-a-conquis-le-premier-maillot-jaune-meme-meme\/"},"wordCount":653,"publisher":{"@id":"https:\/\/vieassociative.be\/actualites\/#organization"},"image":{"@id":"https:\/\/vieassociative.be\/actualites\/le-sprint-belge-le-roi-philipsen-gagne-et-a-conquis-le-premier-maillot-jaune-meme-meme\/#primaryimage"},"thumbnailUrl":"https:\/\/vieassociative.be\/actualites\/wp-content\/uploads\/2025\/07\/1751746668_Le-sprint-belge-le-roi-Philipsen-gagne-et-a-conquis.jpg","keywords":["belge","conquis","gagn\u00e9","jaunem\u00eame","maillot","m\u00eame","Philipsen","premier","roi","sprint"],"articleSection":["Belgique"],"inLanguage":"fr-BE"},{"@type":"WebPage","@id":"https:\/\/vieassociative.be\/actualites\/le-sprint-belge-le-roi-philipsen-gagne-et-a-conquis-le-premier-maillot-jaune-meme-meme\/","url":"https:\/\/vieassociative.be\/actualites\/le-sprint-belge-le-roi-philipsen-gagne-et-a-conquis-le-premier-maillot-jaune-meme-meme\/","name":"Le sprint belge, le roi Philipsen, gagne et a conquis le premier maillot jaune-m\u00eame m\u00eame | Vie Associative","isPartOf":{"@id":"https:\/\/vieassociative.be\/actualites\/#website"},"primaryImageOfPage":{"@id":"https:\/\/vieassociative.be\/actualites\/le-sprint-belge-le-roi-philipsen-gagne-et-a-conquis-le-premier-maillot-jaune-meme-meme\/#primaryimage"},"image":{"@id":"https:\/\/vieassociative.be\/actualites\/le-sprint-belge-le-roi-philipsen-gagne-et-a-conquis-le-premier-maillot-jaune-meme-meme\/#primaryimage"},"thumbnailUrl":"https:\/\/vieassociative.be\/actualites\/wp-content\/uploads\/2025\/07\/1751746668_Le-sprint-belge-le-roi-Philipsen-gagne-et-a-conquis.jpg","datePublished":"2025-07-05T20:17:47+00:00","dateModified":"2025-07-05T20:17:47+00:00","breadcrumb":{"@id":"https:\/\/vieassociative.be\/actualites\/le-sprint-belge-le-roi-philipsen-gagne-et-a-conquis-le-premier-maillot-jaune-meme-meme\/#breadcrumb"},"inLanguage":"fr-BE","potentialAction":[{"@type":"ReadAction","target":["https:\/\/vieassociative.be\/actualites\/le-sprint-belge-le-roi-philipsen-gagne-et-a-conquis-le-premier-maillot-jaune-meme-meme\/"]}]},{"@type":"ImageObject","inLanguage":"fr-BE","@id":"https:\/\/vieassociative.be\/actualites\/le-sprint-belge-le-roi-philipsen-gagne-et-a-conquis-le-premier-maillot-jaune-meme-meme\/#primaryimage","url":"https:\/\/vieassociative.be\/actualites\/wp-content\/uploads\/2025\/07\/1751746668_Le-sprint-belge-le-roi-Philipsen-gagne-et-a-conquis.jpg","contentUrl":"https:\/\/vieassociative.be\/actualites\/wp-content\/uploads\/2025\/07\/1751746668_Le-sprint-belge-le-roi-Philipsen-gagne-et-a-conquis.jpg","width":1200,"height":800,"caption":"Le sprint belge, le roi Philipsen, gagne et a conquis le premier maillot jaune-m\u00eame m\u00eame"},{"@type":"BreadcrumbList","@id":"https:\/\/vieassociative.be\/actualites\/le-sprint-belge-le-roi-philipsen-gagne-et-a-conquis-le-premier-maillot-jaune-meme-meme\/#breadcrumb","itemListElement":[{"@type":"ListItem","position":1,"name":"Accueil","item":"https:\/\/vieassociative.be\/actualites\/"},{"@type":"ListItem","position":2,"name":"Le sprint belge, le roi Philipsen, gagne et a conquis le premier maillot jaune-m\u00eame m\u00eame"}]},{"@type":"WebSite","@id":"https:\/\/vieassociative.be\/actualites\/#website","url":"https:\/\/vieassociative.be\/actualites\/","name":"Vie Associative","description":"","publisher":{"@id":"https:\/\/vieassociative.be\/actualites\/#organization"},"potentialAction":[{"@type":"SearchAction","target":{"@type":"EntryPoint","urlTemplate":"https:\/\/vieassociative.be\/actualites\/?s={search_term_string}"},"query-input":{"@type":"PropertyValueSpecification","valueRequired":true,"valueName":"search_term_string"}}],"inLanguage":"fr-BE"},{"@type":"Organization","@id":"https:\/\/vieassociative.be\/actualites\/#organization","name":"Vie Associative","url":"https:\/\/vieassociative.be\/actualites\/","logo":{"@type":"ImageObject","inLanguage":"fr-BE","@id":"https:\/\/vieassociative.be\/actualites\/#\/schema\/logo\/image\/","url":"https:\/\/vieassociative.be\/actualites\/wp-content\/uploads\/2024\/09\/cropped-vieassociative_favicon.ico.png","contentUrl":"https:\/\/vieassociative.be\/actualites\/wp-content\/uploads\/2024\/09\/cropped-vieassociative_favicon.ico.png","width":512,"height":512,"caption":"Vie Associative"},"image":{"@id":"https:\/\/vieassociative.be\/actualites\/#\/schema\/logo\/image\/"}},{"@type":"Person","@id":"https:\/\/vieassociative.be\/actualites\/#\/schema\/person\/b87ac4f82f9d4e7b7cec7395b679edc4","name":"Julien","image":{"@type":"ImageObject","inLanguage":"fr-BE","@id":"https:\/\/vieassociative.be\/actualites\/#\/schema\/person\/image\/","url":"https:\/\/vieassociative.be\/actualites\/wp-content\/uploads\/2024\/09\/vie-associative-1-150x150.jpg","contentUrl":"https:\/\/vieassociative.be\/actualites\/wp-content\/uploads\/2024\/09\/vie-associative-1-150x150.jpg","caption":"Julien"},"description":"Je suis Julien, r\u00e9dacteur pour Vie Associative. Passionn\u00e9 par le monde associatif depuis plus de 10 ans, j'ai \u00e0 c\u0153ur de partager des histoires inspirantes et de mettre en lumi\u00e8re les initiatives locales. Mon objectif est de sensibiliser et d'encourager l'engagement communautaire \u00e0 travers mes articles.","sameAs":["https:\/\/vieassociative.be\/"]}]}},"_links":{"self":[{"href":"https:\/\/vieassociative.be\/actualites\/wp-json\/wp\/v2\/posts\/8552"}],"collection":[{"href":"https:\/\/vieassociative.be\/actualites\/wp-json\/wp\/v2\/posts"}],"about":[{"href":"https:\/\/vieassociative.be\/actualites\/wp-json\/wp\/v2\/types\/post"}],"author":[{"embeddable":true,"href":"https:\/\/vieassociative.be\/actualites\/wp-json\/wp\/v2\/users\/1"}],"replies":[{"embeddable":true,"href":"https:\/\/vieassociative.be\/actualites\/wp-json\/wp\/v2\/comments?post=8552"}],"version-history":[{"count":0,"href":"https:\/\/vieassociative.be\/actualites\/wp-json\/wp\/v2\/posts\/8552\/revisions"}],"wp:featuredmedia":[{"embeddable":true,"href":"https:\/\/vieassociative.be\/actualites\/wp-json\/wp\/v2\/media\/8553"}],"wp:attachment":[{"href":"https:\/\/vieassociative.be\/actualites\/wp-json\/wp\/v2\/media?parent=8552"}],"wp:term":[{"taxonomy":"category","embeddable":true,"href":"https:\/\/vieassociative.be\/actualites\/wp-json\/wp\/v2\/categories?post=8552"},{"taxonomy":"post_tag","embeddable":true,"href":"https:\/\/vieassociative.be\/actualites\/wp-json\/wp\/v2\/tags?post=8552"}],"curies":[{"name":"wp","href":"https:\/\/api.w.org\/{rel}","templated":true}]}}