{"id":8550,"date":"2025-07-05T21:17:33","date_gmt":"2025-07-05T19:17:33","guid":{"rendered":"https:\/\/vieassociative.be\/actualites\/ces-cameras-de-securite-intelligentes-reolink-sont-toutes-en-vente-avant-le-premier-jour\/"},"modified":"2025-07-05T21:17:33","modified_gmt":"2025-07-05T19:17:33","slug":"ces-cameras-de-securite-intelligentes-reolink-sont-toutes-en-vente-avant-le-premier-jour","status":"publish","type":"post","link":"https:\/\/vieassociative.be\/actualites\/ces-cameras-de-securite-intelligentes-reolink-sont-toutes-en-vente-avant-le-premier-jour\/","title":{"rendered":"Ces cam\u00e9ras de s\u00e9curit\u00e9 intelligentes Reolink sont toutes en vente avant le premier jour"},"content":{"rendered":"<div class=\"mt-4 leading-6 md:mb-8\">Les cam\u00e9ras Reolink ont \u200b\u200bde grandes fonctionnalit\u00e9s de s\u00e9curit\u00e9 \u00e0 des prix raisonnables.<\/div>\n<p><\/p>\n<p>Je remplace les cam\u00e9ras de s\u00e9curit\u00e9 autour de ma maison par une fr\u00e9quence alarmante afin de tester et d&rsquo;\u00e9crire sur de nouveaux mod\u00e8les (un fait que je ne partage pas avec les voisins, car je trouve leur soup\u00e7on amusant). En tant que tel, on me demande souvent par les amis de la marque que je recommande, et Reolink est l&rsquo;une des marques qui obtient mon cachet d&rsquo;approbation. \u00c0 l&rsquo;heure actuelle, plusieurs des cam\u00e9ras de Reolink sont en vente, ce qui en fait un moment id\u00e9al pour en accrocher un si vous avez \u00e9t\u00e9 \u00e0 l&rsquo;aff\u00fbt.<\/p>\n<p>De plus en plus, la possibilit\u00e9 de sauter encore des frais mensuels est un facteur majeur dans mes recommandations de cam\u00e9ras de s\u00e9curit\u00e9, et c&rsquo;est l&rsquo;une des raisons pour lesquelles j&rsquo;aime Reolink. Ses cam\u00e9ras offrent un certain nombre de hubs de sauvegarde, donc si vous pr\u00e9f\u00e9rez sauter un abonnement, vous le pouvez certainement. Les cam\u00e9ras Reolink proposent \u00e9galement des options POE (Power Over Ethernet), ainsi que des cam\u00e9ras avec des IPS statiques, qui peuvent tous deux augmenter consid\u00e9rablement la s\u00e9curit\u00e9 de vos cam\u00e9ras. (Poe garantit que la puissance et Internet sont compatibles, les IP statiques facilitent la s\u00e9curisation de la connexion \u00e0 votre appareil photo, ce qui rend ainsi plus difficile le piratage.)<\/p>\n<div class=\"shadow-b-2 mb-12 mt-10 rounded-md border-2 border-(#F0F0F0) px-6 py-2 shadow-lg md:px-12\" role=\"region\" aria-label=\"Products List\" x-data=\"{ showMore: false }\">\n<div class=\"flex w-full gap-x-5\">\n<div class=\"flex w-full flex-col flex-nowrap justify-center gap-2 text-black no-underline md:order-2 md:gap-y-6\">\n<div class=\"flex flex-col justify-between gap-y-2 md:w-full md:gap-y-1\">\n<div class=\"block w-fit cursor-pointer font-akshar text-lg font-medium leading-5 text-brand-green duration-200 ease-in-out hover:text-brand-green-700 md:text-xl md:leading-6\">\n<p>                            Reolink argus pt ultra\n                        <\/p><\/div>\n<\/p><\/div>\n<div class=\"hidden md:flex md:justify-between md:gap-x-4\">\n<div class=\"w-full mb-0 md:flex md:flex-col md:justify-center font-sans leading-4 text-black\">\n<div class=\"flex flex-wrap items-center justify-center gap-x-1 md:justify-start\">\n        <span class=\"font-bold\"><\/p>\n<p>            139,99 $<br \/>\n                            <span class=\"font-medium\">\u00e0 Amazon<\/span><br \/>\n                    <\/span>\n            <\/div>\n<\/p><\/div>\n<p>                            <button class=\"flex justify-center items-center w-full bg-brand-green text-white text-base font-sans font-medium rounded-md hover:bg-brand-green-700 hover:cursor-pointer md:text-sm hidden self-end h-12 max-w-(10rem) duration-200 ease-in-out hover:bg-brand-green-700 md:flex md:h-10\"><\/p>\n<p>    Conclure un accord<br \/>\n<\/button>\n                        <\/div>\n<\/p><\/div>\n<div class=\"flex aspect-video h-(90px) shrink-0 items-center justify-center self-center md:order-1\">\n                        <img decoding=\"async\" class=\"m-0 max-h-full max-w-full rounded-md\" src=\"https:\/\/vieassociative.be\/actualites\/wp-content\/uploads\/2025\/07\/Ces-cameras-de-securite-intelligentes-Reolink-sont-toutes-en-vente.jpg\" alt=\"Reolink argus pt ultra\" width=\"auto\" height=\"auto\" loading=\"lazy\">\n                    <\/div>\n<\/p><\/div>\n<p>                            <button class=\"flex justify-center items-center w-full bg-brand-green text-white text-base font-sans font-medium rounded-md hover:bg-brand-green-700 hover:cursor-pointer md:text-sm w-full h-12 duration-200 ease-in-out hover:bg-brand-green-700 md:hidden md:h-10\"><\/p>\n<p>    Conclure un accord<br \/>\n<\/button><\/p>\n<div class=\"flex flex-col items-center w-full md:hidden font-sans leading-4 text-black\">\n<div class=\"flex flex-wrap items-center justify-center gap-x-1 md:justify-start\">\n        <span class=\"font-bold\"><\/p>\n<p>            139,99 $<br \/>\n                            <span class=\"font-medium\">\u00e0 Amazon<\/span><br \/>\n                    <\/span>\n            <\/div>\n<\/p><\/div>\n<div class=\"flex w-full gap-x-5\">\n<div class=\"flex w-full flex-col flex-nowrap justify-center gap-2 text-black no-underline md:order-2 md:gap-y-6\">\n<div class=\"flex flex-col justify-between gap-y-2 md:w-full md:gap-y-1\">\n<div class=\"block w-fit cursor-pointer font-akshar text-lg font-medium leading-5 text-brand-green duration-200 ease-in-out hover:text-brand-green-700 md:text-xl md:leading-6\">\n<p>                            Syst\u00e8me de cam\u00e9ra de s\u00e9curit\u00e9 REOLINK PTZ\n                        <\/p><\/div>\n<\/p><\/div>\n<div class=\"hidden md:flex md:justify-between md:gap-x-4\">\n<div class=\"w-full mb-0 md:flex md:flex-col md:justify-center font-sans leading-4 text-black\">\n<div class=\"flex flex-wrap items-center justify-center gap-x-1 md:justify-start\">\n        <span class=\"font-bold\"><\/p>\n<p>            135,99 $<br \/>\n                            <span class=\"font-medium\">\u00e0 Amazon<\/span><br \/>\n                    <\/span>\n            <\/div>\n<div class=\"flex items-center justify-center gap-x-1 font-bold md:justify-start\">\n            <span class=\"text-sm line-through\">179,99 $<\/span><br \/>\n            <span class=\"text-sm text-brand-green\">\u00c9conomisez 44,00 $<\/span>\n        <\/div>\n<\/p><\/div>\n<p>                            <button class=\"flex justify-center items-center w-full bg-brand-green text-white text-base font-sans font-medium rounded-md hover:bg-brand-green-700 hover:cursor-pointer md:text-sm hidden self-end h-12 max-w-(10rem) duration-200 ease-in-out hover:bg-brand-green-700 md:flex md:h-10\"><\/p>\n<p>    Conclure un accord<br \/>\n<\/button>\n                        <\/div>\n<\/p><\/div>\n<div class=\"flex aspect-video h-(90px) shrink-0 items-center justify-center self-center md:order-1\">\n                        <img decoding=\"async\" class=\"m-0 max-h-full max-w-full rounded-md\" src=\"https:\/\/vieassociative.be\/actualites\/wp-content\/uploads\/2025\/07\/1751743053_320_Ces-cameras-de-securite-intelligentes-Reolink-sont-toutes-en-vente.jpg\" alt=\"Syst\u00e8me de cam\u00e9ra de s\u00e9curit\u00e9 REOLINK PTZ\" width=\"auto\" height=\"auto\" loading=\"lazy\">\n                    <\/div>\n<\/p><\/div>\n<p>                            <button class=\"flex justify-center items-center w-full bg-brand-green text-white text-base font-sans font-medium rounded-md hover:bg-brand-green-700 hover:cursor-pointer md:text-sm w-full h-12 duration-200 ease-in-out hover:bg-brand-green-700 md:hidden md:h-10\"><\/p>\n<p>    Conclure un accord<br \/>\n<\/button><\/p>\n<div class=\"flex flex-col items-center w-full md:hidden font-sans leading-4 text-black\">\n<div class=\"flex flex-wrap items-center justify-center gap-x-1 md:justify-start\">\n        <span class=\"font-bold\"><\/p>\n<p>            135,99 $<br \/>\n                            <span class=\"font-medium\">\u00e0 Amazon<\/span><br \/>\n                    <\/span>\n            <\/div>\n<div class=\"flex items-center justify-center gap-x-1 font-bold md:justify-start\">\n            <span class=\"text-sm line-through\">179,99 $<\/span><br \/>\n            <span class=\"text-sm text-brand-green\">\u00c9conomisez 44,00 $<\/span>\n        <\/div>\n<\/p><\/div>\n<div class=\"flex w-full gap-x-5\">\n<div class=\"flex w-full flex-col flex-nowrap justify-center gap-2 text-black no-underline md:order-2 md:gap-y-6\">\n<div class=\"flex flex-col justify-between gap-y-2 md:w-full md:gap-y-1\">\n<div class=\"block w-fit cursor-pointer font-akshar text-lg font-medium leading-5 text-brand-green duration-200 ease-in-out hover:text-brand-green-700 md:text-xl md:leading-6\">\n<p>                            REOLINK VIDEO DOOTHELL CAME WIFI\n                        <\/p><\/div>\n<\/p><\/div>\n<div class=\"hidden md:flex md:justify-between md:gap-x-4\">\n<div class=\"w-full mb-0 md:flex md:flex-col md:justify-center font-sans leading-4 text-black\">\n<div class=\"flex flex-wrap items-center justify-center gap-x-1 md:justify-start\">\n        <span class=\"font-bold\"><\/p>\n<p>            88,00 $<br \/>\n                            <span class=\"font-medium\">\u00e0 Amazon<\/span><br \/>\n                    <\/span>\n            <\/div>\n<div class=\"flex items-center justify-center gap-x-1 font-bold md:justify-start\">\n            <span class=\"text-sm line-through\">109,99 $<\/span><br \/>\n            <span class=\"text-sm text-brand-green\">\u00c9conomisez 21,99 $<\/span>\n        <\/div>\n<\/p><\/div>\n<p>                            <button class=\"flex justify-center items-center w-full bg-brand-green text-white text-base font-sans font-medium rounded-md hover:bg-brand-green-700 hover:cursor-pointer md:text-sm hidden self-end h-12 max-w-(10rem) duration-200 ease-in-out hover:bg-brand-green-700 md:flex md:h-10\"><\/p>\n<p>    Conclure un accord<br \/>\n<\/button>\n                        <\/div>\n<\/p><\/div>\n<div class=\"flex aspect-video h-(90px) shrink-0 items-center justify-center self-center md:order-1\">\n                        <img decoding=\"async\" class=\"m-0 max-h-full max-w-full rounded-md\" src=\"https:\/\/vieassociative.be\/actualites\/wp-content\/uploads\/2025\/07\/1751743053_961_Ces-cameras-de-securite-intelligentes-Reolink-sont-toutes-en-vente.jpg\" alt=\"REOLINK VIDEO DOOTHELL CAME WIFI\" width=\"auto\" height=\"auto\" loading=\"lazy\">\n                    <\/div>\n<\/p><\/div>\n<p>                            <button class=\"flex justify-center items-center w-full bg-brand-green text-white text-base font-sans font-medium rounded-md hover:bg-brand-green-700 hover:cursor-pointer md:text-sm w-full h-12 duration-200 ease-in-out hover:bg-brand-green-700 md:hidden md:h-10\"><\/p>\n<p>    Conclure un accord<br \/>\n<\/button><\/p>\n<div class=\"flex flex-col items-center w-full md:hidden font-sans leading-4 text-black\">\n<div class=\"flex flex-wrap items-center justify-center gap-x-1 md:justify-start\">\n        <span class=\"font-bold\"><\/p>\n<p>            88,00 $<br \/>\n                            <span class=\"font-medium\">\u00e0 Amazon<\/span><br \/>\n                    <\/span>\n            <\/div>\n<div class=\"flex items-center justify-center gap-x-1 font-bold md:justify-start\">\n            <span class=\"text-sm line-through\">109,99 $<\/span><br \/>\n            <span class=\"text-sm text-brand-green\">\u00c9conomisez 21,99 $<\/span>\n        <\/div>\n<\/p><\/div>\n<div class=\"flex w-full gap-x-5\">\n<div class=\"flex w-full flex-col flex-nowrap justify-center gap-2 text-black no-underline md:order-2 md:gap-y-6\">\n<div class=\"flex flex-col justify-between gap-y-2 md:w-full md:gap-y-1\">\n<div class=\"block w-fit cursor-pointer font-akshar text-lg font-medium leading-5 text-brand-green duration-200 ease-in-out hover:text-brand-green-700 md:text-xl md:leading-6\">\n<p>                            Reolink Duo 3 WiFi\n                        <\/p><\/div>\n<\/p><\/div>\n<div class=\"hidden md:flex md:justify-between md:gap-x-4\">\n<div class=\"w-full mb-0 md:flex md:flex-col md:justify-center font-sans leading-4 text-black\">\n<div class=\"flex flex-wrap items-center justify-center gap-x-1 md:justify-start\">\n        <span class=\"font-bold\"><\/p>\n<p>            144,99 $<br \/>\n                            <span class=\"font-medium\">\u00e0 Amazon<\/span><br \/>\n                    <\/span>\n            <\/div>\n<div class=\"flex items-center justify-center gap-x-1 font-bold md:justify-start\">\n            <span class=\"text-sm line-through\">189,99 $<\/span><br \/>\n            <span class=\"text-sm text-brand-green\">\u00c9conomisez 45,00 $<\/span>\n        <\/div>\n<\/p><\/div>\n<p>                            <button class=\"flex justify-center items-center w-full bg-brand-green text-white text-base font-sans font-medium rounded-md hover:bg-brand-green-700 hover:cursor-pointer md:text-sm hidden self-end h-12 max-w-(10rem) duration-200 ease-in-out hover:bg-brand-green-700 md:flex md:h-10\"><\/p>\n<p>    Conclure un accord<br \/>\n<\/button>\n                        <\/div>\n<\/p><\/div>\n<div class=\"flex aspect-video h-(90px) shrink-0 items-center justify-center self-center md:order-1\">\n                        <img decoding=\"async\" class=\"m-0 max-h-full max-w-full rounded-md\" src=\"https:\/\/vieassociative.be\/actualites\/wp-content\/uploads\/2025\/07\/Ces-cameras-de-securite-intelligentes-Reolink-sont-toutes-en-vente.webp.webp\" alt=\"REOLINK 16MP WiFi Security Camera Outdoor\" width=\"auto\" height=\"auto\" loading=\"lazy\">\n                    <\/div>\n<\/p><\/div>\n<p>                            <button class=\"flex justify-center items-center w-full bg-brand-green text-white text-base font-sans font-medium rounded-md hover:bg-brand-green-700 hover:cursor-pointer md:text-sm w-full h-12 duration-200 ease-in-out hover:bg-brand-green-700 md:hidden md:h-10\"><\/p>\n<p>    Conclure un accord<br \/>\n<\/button><\/p>\n<div class=\"flex flex-col items-center w-full md:hidden font-sans leading-4 text-black\">\n<div class=\"flex flex-wrap items-center justify-center gap-x-1 md:justify-start\">\n        <span class=\"font-bold\"><\/p>\n<p>            144,99 $<br \/>\n                            <span class=\"font-medium\">\u00e0 Amazon<\/span><br \/>\n                    <\/span>\n            <\/div>\n<div class=\"flex items-center justify-center gap-x-1 font-bold md:justify-start\">\n            <span class=\"text-sm line-through\">189,99 $<\/span><br \/>\n            <span class=\"text-sm text-brand-green\">\u00c9conomisez 45,00 $<\/span>\n        <\/div>\n<\/p><\/div>\n<\/div>\n<h2 id=\"i-always-advise-going-with-a-ptz-camera\">Je conseille toujours d&rsquo;aller avec une cam\u00e9ra PTZ<\/h2>\n<p>Les cam\u00e9ras Point \/ Tilt \/ Zoom (PTZ) vous permettent d&rsquo;utiliser votre t\u00e9l\u00e9phone comme t\u00e9l\u00e9commande pour votre appareil photo, vous obtenez donc un champ de vision beaucoup plus grand sur les appareils photo focaux fixes. L&rsquo;Argus PT est un exemple fantastique, avec une cam\u00e9ra qui peut faire tourner 360 degr\u00e9s, offre une vision nocturne de couleur 8 MP et un suivi automatique pour suivre vos animaux de compagnie ou des \u00e9trangers autour de la cour. Utilisez le coupon sur la page du produit pour 28 $ de r\u00e9duction sur le prix r\u00e9gulier de 139,99 $. <\/p>\n<p>Si vous \u00eates vraiment m\u00e9fiant et que vous devez suivre plus d&rsquo;un animal de compagnie ou d&rsquo;une personne en m\u00eame temps, Reolink a un mod\u00e8le de suivi double. Le coupon sur page prendra 28 $ sur le prix de 169,99 $. <\/p>\n<div class=\"pogoClear relative my-10 border-b-(1.5px) border-t-(1.5px) border-dashed border-black py-5 sm:my-14 sm:border-0 sm:py-0\" data-ga-click data-ga-template=\"Deals\" data-ga-module=\"openweb_widget\" data-ga-element=\"openweb_scroll\" data-ga-item=\"openweb_scroll_midpage\" x-data=\"{\n         commentsCount: null,\n         hasComments: false,\n         async fetchCommentsCount() {\n             try {\n                 if (window.openweb &amp;&amp; typeof window.openweb.getMessagesCount === 'function') {\n                     this.commentsCount = await window.openweb.getMessagesCount('01JZ67ZQEZ0T40M22DGSWXJ43V');\n                     this.hasComments = this.commentsCount !== null &amp;&amp; this.commentsCount &gt; 0;\n                 }\n             } catch (e) {\n                 console.warn('Failed to fetch comment count:', e);\n             }\n         }\n     }\" x-init=\"fetchCommentsCount()\" x-cloak><\/p>\n<div class=\"absolute top-1\/2 hidden w-full -translate-y-1\/2 border-t-(1.5px) border-dashed border-black sm:block\"><\/div>\n<div class=\"relative flex justify-center\">\n<div class=\"flex max-w-fit items-center gap-x-3 bg-white px-5\">\n<div class=\"relative\">\n                <span class=\"absolute left-1\/2 top-1\/2 -translate-x-1\/2 -translate-y-1\/2 font-akshar text-sm font-medium text-black\" aria-live=\"polite\" x-show=\"hasComments\" x-text=\"commentsCount\"><\/span><\/p>\n<p>                <svg class=\"h-8 w-8 text-black\" role=\"img\" aria-hidden=\"true\">\n                    <use href=\"http:\/\/lifehacker.com\/images\/icons\/spritemap.svg#sprite-chat-bubble\"><\/use>\n                <\/svg>\n            <\/div>\n<p>            <span class=\"text-sm font-medium text-black\"><\/p>\n<p>                Que pensez-vous jusqu&rsquo;\u00e0 pr\u00e9sent?<br \/>\n                <button class=\"ml-1 font-semibold text-brand-green underline hover:text-brand-green-700\" type=\"button\" aria-label=\"Comment section trigger\" onclick=\"window.openweb.scrollToComments('01JZ67ZQEZ0T40M22DGSWXJ43V')\" x-text=\"hasComments ? 'Post a comment.' : 'Be the first to post a comment.'\"><\/button><br \/>\n            <\/span>\n        <\/div>\n<\/p><\/div>\n<\/div>\n<h2 id=\"get-a-video-doorbell-that-works-with-your-smart-cameras\">Obtenez une sonnette vid\u00e9o qui fonctionne avec vos cam\u00e9ras intelligentes<\/h2>\n<p>Il existe des marques de sonnettes vid\u00e9o si bonnes que je suis connu pour garder une application et un abonnement s\u00e9par\u00e9s juste pour la sonnette. Cette ann\u00e9e, j&rsquo;ai d\u00e9cid\u00e9 que c&rsquo;\u00e9tait absurde et je suis incroyablement heureux depuis &#8211; maintenant j&rsquo;utilise un syst\u00e8me pour toute la maison, y compris la sonnette. Cela permet au syst\u00e8me de suivre les personnes ou les animaux de compagnie d&rsquo;un appareil photo \u00e0 l&rsquo;autre, et je peux facilement acc\u00e9der \u00e0 tous les flux en un seul endroit. Si vous \u00eates dans l&rsquo;\u00e9cosyst\u00e8me Reolink, cette sonnette c\u00e2bl\u00e9e 2K est livr\u00e9e avec son propre carillon intelligent. Un coupon sur la page fera tomber 20% de son prix r\u00e9gulier de 109,99 $.<\/p>\n<h2 id=\"when-you-need-a-lot-of-storage-and-incredible-detail\">Lorsque vous avez besoin de beaucoup de stockage et de d\u00e9tails incroyables<\/h2>\n<p>Le duo Reolink, un autre appareil photo inclus dans la vente, n&rsquo;est pas PTZ, mais c&rsquo;est toujours une bonne option. L&rsquo;objectif de la cam\u00e9ra reste fixe, donc vous ne manquez jamais une seconde de ce qui se passe dans le champ de vision, qui est encore assez large, \u00e0 180 degr\u00e9s. Cette cam\u00e9ra double \u00e9galement le d\u00e9tail des mod\u00e8les Argus, avec un 16MP complet. Un autre avantage notable: jusqu&rsquo;\u00e0 512 Go de stockage \u00e0 bord, vous n&rsquo;avez donc pas \u00e0 supprimer des clips tous les quelques jours. Normalement, 189,99 $, un r\u00e9duction de 45 $ de r\u00e9duction peut \u00eatre empil\u00e9 avec un r\u00e9duction de 5% suppl\u00e9mentaire, les deux sur la page. <\/p>\n","protected":false},"excerpt":{"rendered":"<p>Les cam\u00e9ras Reolink ont \u200b\u200bde grandes fonctionnalit\u00e9s de s\u00e9curit\u00e9 \u00e0 des prix raisonnables. Je remplace les cam\u00e9ras de s\u00e9curit\u00e9 autour de ma maison par une<\/p>\n","protected":false},"author":1,"featured_media":8551,"comment_status":"","ping_status":"","sticky":false,"template":"","format":"standard","meta":{"footnotes":""},"categories":[13],"tags":[142,3519,248,2170,53,443,7632,151,18,62,223],"class_list":["post-8550","post","type-post","status-publish","format-standard","has-post-thumbnail","hentry","category-technologie","tag-avant","tag-cameras","tag-ces","tag-intelligentes","tag-jour","tag-premier","tag-reolink","tag-securite","tag-sont","tag-toutes","tag-vente","generate-columns","tablet-grid-50","mobile-grid-100","grid-parent","grid-33"],"yoast_head":"<!-- This site is optimized with the Yoast SEO plugin v24.0 - https:\/\/yoast.com\/wordpress\/plugins\/seo\/ -->\n<title>Ces cam\u00e9ras de s\u00e9curit\u00e9 intelligentes Reolink sont toutes en vente avant le premier jour | Vie Associative<\/title>\n<meta name=\"robots\" content=\"index, follow, max-snippet:-1, max-image-preview:large, max-video-preview:-1\" \/>\n<link rel=\"canonical\" href=\"https:\/\/vieassociative.be\/actualites\/ces-cameras-de-securite-intelligentes-reolink-sont-toutes-en-vente-avant-le-premier-jour\/\" \/>\n<meta property=\"og:locale\" content=\"fr_FR\" \/>\n<meta property=\"og:type\" content=\"article\" \/>\n<meta property=\"og:title\" content=\"Ces cam\u00e9ras de s\u00e9curit\u00e9 intelligentes Reolink sont toutes en vente avant le premier jour | Vie Associative\" \/>\n<meta property=\"og:description\" content=\"Les cam\u00e9ras Reolink ont \u200b\u200bde grandes fonctionnalit\u00e9s de s\u00e9curit\u00e9 \u00e0 des prix raisonnables. Je remplace les cam\u00e9ras de s\u00e9curit\u00e9 autour de ma maison par une\" \/>\n<meta property=\"og:url\" content=\"https:\/\/vieassociative.be\/actualites\/ces-cameras-de-securite-intelligentes-reolink-sont-toutes-en-vente-avant-le-premier-jour\/\" \/>\n<meta property=\"og:site_name\" content=\"Vie Associative\" \/>\n<meta property=\"article:published_time\" content=\"2025-07-05T19:17:33+00:00\" \/>\n<meta property=\"og:image\" content=\"https:\/\/vieassociative.be\/actualites\/wp-content\/uploads\/2025\/07\/Ces-cameras-de-securite-intelligentes-Reolink-sont-toutes-en-vente.jpg\" \/>\n<meta name=\"author\" content=\"Julien\" \/>\n<meta name=\"twitter:card\" content=\"summary_large_image\" \/>\n<meta name=\"twitter:label1\" content=\"\u00c9crit par\" \/>\n\t<meta name=\"twitter:data1\" content=\"Julien\" \/>\n\t<meta name=\"twitter:label2\" content=\"Dur\u00e9e de lecture est.\" \/>\n\t<meta name=\"twitter:data2\" content=\"4 minutes\" \/>\n<script type=\"application\/ld+json\" class=\"yoast-schema-graph\">{\"@context\":\"https:\/\/schema.org\",\"@graph\":[{\"@type\":\"Article\",\"@id\":\"https:\/\/vieassociative.be\/actualites\/ces-cameras-de-securite-intelligentes-reolink-sont-toutes-en-vente-avant-le-premier-jour\/#article\",\"isPartOf\":{\"@id\":\"https:\/\/vieassociative.be\/actualites\/ces-cameras-de-securite-intelligentes-reolink-sont-toutes-en-vente-avant-le-premier-jour\/\"},\"author\":{\"name\":\"Julien\",\"@id\":\"https:\/\/vieassociative.be\/actualites\/#\/schema\/person\/b87ac4f82f9d4e7b7cec7395b679edc4\"},\"headline\":\"Ces cam\u00e9ras de s\u00e9curit\u00e9 intelligentes Reolink sont toutes en vente avant le premier jour\",\"datePublished\":\"2025-07-05T19:17:33+00:00\",\"dateModified\":\"2025-07-05T19:17:33+00:00\",\"mainEntityOfPage\":{\"@id\":\"https:\/\/vieassociative.be\/actualites\/ces-cameras-de-securite-intelligentes-reolink-sont-toutes-en-vente-avant-le-premier-jour\/\"},\"wordCount\":745,\"publisher\":{\"@id\":\"https:\/\/vieassociative.be\/actualites\/#organization\"},\"image\":{\"@id\":\"https:\/\/vieassociative.be\/actualites\/ces-cameras-de-securite-intelligentes-reolink-sont-toutes-en-vente-avant-le-premier-jour\/#primaryimage\"},\"thumbnailUrl\":\"https:\/\/vieassociative.be\/actualites\/wp-content\/uploads\/2025\/07\/Ces-cameras-de-securite-intelligentes-Reolink-sont-toutes-en-vente.png\",\"keywords\":[\"avant\",\"cam\u00e9ras\",\"ces\",\"intelligentes\",\"jour\",\"premier\",\"Reolink\",\"s\u00e9curit\u00e9\",\"sont\",\"toutes\",\"vente\"],\"articleSection\":[\"Technologie\"],\"inLanguage\":\"fr-BE\"},{\"@type\":\"WebPage\",\"@id\":\"https:\/\/vieassociative.be\/actualites\/ces-cameras-de-securite-intelligentes-reolink-sont-toutes-en-vente-avant-le-premier-jour\/\",\"url\":\"https:\/\/vieassociative.be\/actualites\/ces-cameras-de-securite-intelligentes-reolink-sont-toutes-en-vente-avant-le-premier-jour\/\",\"name\":\"Ces cam\u00e9ras de s\u00e9curit\u00e9 intelligentes Reolink sont toutes en vente avant le premier jour | Vie Associative\",\"isPartOf\":{\"@id\":\"https:\/\/vieassociative.be\/actualites\/#website\"},\"primaryImageOfPage\":{\"@id\":\"https:\/\/vieassociative.be\/actualites\/ces-cameras-de-securite-intelligentes-reolink-sont-toutes-en-vente-avant-le-premier-jour\/#primaryimage\"},\"image\":{\"@id\":\"https:\/\/vieassociative.be\/actualites\/ces-cameras-de-securite-intelligentes-reolink-sont-toutes-en-vente-avant-le-premier-jour\/#primaryimage\"},\"thumbnailUrl\":\"https:\/\/vieassociative.be\/actualites\/wp-content\/uploads\/2025\/07\/Ces-cameras-de-securite-intelligentes-Reolink-sont-toutes-en-vente.png\",\"datePublished\":\"2025-07-05T19:17:33+00:00\",\"dateModified\":\"2025-07-05T19:17:33+00:00\",\"breadcrumb\":{\"@id\":\"https:\/\/vieassociative.be\/actualites\/ces-cameras-de-securite-intelligentes-reolink-sont-toutes-en-vente-avant-le-premier-jour\/#breadcrumb\"},\"inLanguage\":\"fr-BE\",\"potentialAction\":[{\"@type\":\"ReadAction\",\"target\":[\"https:\/\/vieassociative.be\/actualites\/ces-cameras-de-securite-intelligentes-reolink-sont-toutes-en-vente-avant-le-premier-jour\/\"]}]},{\"@type\":\"ImageObject\",\"inLanguage\":\"fr-BE\",\"@id\":\"https:\/\/vieassociative.be\/actualites\/ces-cameras-de-securite-intelligentes-reolink-sont-toutes-en-vente-avant-le-premier-jour\/#primaryimage\",\"url\":\"https:\/\/vieassociative.be\/actualites\/wp-content\/uploads\/2025\/07\/Ces-cameras-de-securite-intelligentes-Reolink-sont-toutes-en-vente.png\",\"contentUrl\":\"https:\/\/vieassociative.be\/actualites\/wp-content\/uploads\/2025\/07\/Ces-cameras-de-securite-intelligentes-Reolink-sont-toutes-en-vente.png\",\"width\":1200,\"height\":675,\"caption\":\"Ces cam\u00e9ras de s\u00e9curit\u00e9 intelligentes Reolink sont toutes en vente avant le premier jour\"},{\"@type\":\"BreadcrumbList\",\"@id\":\"https:\/\/vieassociative.be\/actualites\/ces-cameras-de-securite-intelligentes-reolink-sont-toutes-en-vente-avant-le-premier-jour\/#breadcrumb\",\"itemListElement\":[{\"@type\":\"ListItem\",\"position\":1,\"name\":\"Accueil\",\"item\":\"https:\/\/vieassociative.be\/actualites\/\"},{\"@type\":\"ListItem\",\"position\":2,\"name\":\"Ces cam\u00e9ras de s\u00e9curit\u00e9 intelligentes Reolink sont toutes en vente avant le premier jour\"}]},{\"@type\":\"WebSite\",\"@id\":\"https:\/\/vieassociative.be\/actualites\/#website\",\"url\":\"https:\/\/vieassociative.be\/actualites\/\",\"name\":\"Vie Associative\",\"description\":\"\",\"publisher\":{\"@id\":\"https:\/\/vieassociative.be\/actualites\/#organization\"},\"potentialAction\":[{\"@type\":\"SearchAction\",\"target\":{\"@type\":\"EntryPoint\",\"urlTemplate\":\"https:\/\/vieassociative.be\/actualites\/?s={search_term_string}\"},\"query-input\":{\"@type\":\"PropertyValueSpecification\",\"valueRequired\":true,\"valueName\":\"search_term_string\"}}],\"inLanguage\":\"fr-BE\"},{\"@type\":\"Organization\",\"@id\":\"https:\/\/vieassociative.be\/actualites\/#organization\",\"name\":\"Vie Associative\",\"url\":\"https:\/\/vieassociative.be\/actualites\/\",\"logo\":{\"@type\":\"ImageObject\",\"inLanguage\":\"fr-BE\",\"@id\":\"https:\/\/vieassociative.be\/actualites\/#\/schema\/logo\/image\/\",\"url\":\"https:\/\/vieassociative.be\/actualites\/wp-content\/uploads\/2024\/09\/cropped-vieassociative_favicon.ico.png\",\"contentUrl\":\"https:\/\/vieassociative.be\/actualites\/wp-content\/uploads\/2024\/09\/cropped-vieassociative_favicon.ico.png\",\"width\":512,\"height\":512,\"caption\":\"Vie Associative\"},\"image\":{\"@id\":\"https:\/\/vieassociative.be\/actualites\/#\/schema\/logo\/image\/\"}},{\"@type\":\"Person\",\"@id\":\"https:\/\/vieassociative.be\/actualites\/#\/schema\/person\/b87ac4f82f9d4e7b7cec7395b679edc4\",\"name\":\"Julien\",\"image\":{\"@type\":\"ImageObject\",\"inLanguage\":\"fr-BE\",\"@id\":\"https:\/\/vieassociative.be\/actualites\/#\/schema\/person\/image\/\",\"url\":\"https:\/\/vieassociative.be\/actualites\/wp-content\/uploads\/2024\/09\/vie-associative-1-150x150.jpg\",\"contentUrl\":\"https:\/\/vieassociative.be\/actualites\/wp-content\/uploads\/2024\/09\/vie-associative-1-150x150.jpg\",\"caption\":\"Julien\"},\"description\":\"Je suis Julien, r\u00e9dacteur pour Vie Associative. Passionn\u00e9 par le monde associatif depuis plus de 10 ans, j'ai \u00e0 c\u0153ur de partager des histoires inspirantes et de mettre en lumi\u00e8re les initiatives locales. Mon objectif est de sensibiliser et d'encourager l'engagement communautaire \u00e0 travers mes articles.\",\"sameAs\":[\"https:\/\/vieassociative.be\/\"]}]}<\/script>\n<!-- \/ Yoast SEO plugin. -->","yoast_head_json":{"title":"Ces cam\u00e9ras de s\u00e9curit\u00e9 intelligentes Reolink sont toutes en vente avant le premier jour | Vie Associative","robots":{"index":"index","follow":"follow","max-snippet":"max-snippet:-1","max-image-preview":"max-image-preview:large","max-video-preview":"max-video-preview:-1"},"canonical":"https:\/\/vieassociative.be\/actualites\/ces-cameras-de-securite-intelligentes-reolink-sont-toutes-en-vente-avant-le-premier-jour\/","og_locale":"fr_FR","og_type":"article","og_title":"Ces cam\u00e9ras de s\u00e9curit\u00e9 intelligentes Reolink sont toutes en vente avant le premier jour | Vie Associative","og_description":"Les cam\u00e9ras Reolink ont \u200b\u200bde grandes fonctionnalit\u00e9s de s\u00e9curit\u00e9 \u00e0 des prix raisonnables. Je remplace les cam\u00e9ras de s\u00e9curit\u00e9 autour de ma maison par une","og_url":"https:\/\/vieassociative.be\/actualites\/ces-cameras-de-securite-intelligentes-reolink-sont-toutes-en-vente-avant-le-premier-jour\/","og_site_name":"Vie Associative","article_published_time":"2025-07-05T19:17:33+00:00","og_image":[{"url":"https:\/\/vieassociative.be\/actualites\/wp-content\/uploads\/2025\/07\/Ces-cameras-de-securite-intelligentes-Reolink-sont-toutes-en-vente.jpg","type":"","width":"","height":""}],"author":"Julien","twitter_card":"summary_large_image","twitter_misc":{"\u00c9crit par":"Julien","Dur\u00e9e de lecture est.":"4 minutes"},"schema":{"@context":"https:\/\/schema.org","@graph":[{"@type":"Article","@id":"https:\/\/vieassociative.be\/actualites\/ces-cameras-de-securite-intelligentes-reolink-sont-toutes-en-vente-avant-le-premier-jour\/#article","isPartOf":{"@id":"https:\/\/vieassociative.be\/actualites\/ces-cameras-de-securite-intelligentes-reolink-sont-toutes-en-vente-avant-le-premier-jour\/"},"author":{"name":"Julien","@id":"https:\/\/vieassociative.be\/actualites\/#\/schema\/person\/b87ac4f82f9d4e7b7cec7395b679edc4"},"headline":"Ces cam\u00e9ras de s\u00e9curit\u00e9 intelligentes Reolink sont toutes en vente avant le premier jour","datePublished":"2025-07-05T19:17:33+00:00","dateModified":"2025-07-05T19:17:33+00:00","mainEntityOfPage":{"@id":"https:\/\/vieassociative.be\/actualites\/ces-cameras-de-securite-intelligentes-reolink-sont-toutes-en-vente-avant-le-premier-jour\/"},"wordCount":745,"publisher":{"@id":"https:\/\/vieassociative.be\/actualites\/#organization"},"image":{"@id":"https:\/\/vieassociative.be\/actualites\/ces-cameras-de-securite-intelligentes-reolink-sont-toutes-en-vente-avant-le-premier-jour\/#primaryimage"},"thumbnailUrl":"https:\/\/vieassociative.be\/actualites\/wp-content\/uploads\/2025\/07\/Ces-cameras-de-securite-intelligentes-Reolink-sont-toutes-en-vente.png","keywords":["avant","cam\u00e9ras","ces","intelligentes","jour","premier","Reolink","s\u00e9curit\u00e9","sont","toutes","vente"],"articleSection":["Technologie"],"inLanguage":"fr-BE"},{"@type":"WebPage","@id":"https:\/\/vieassociative.be\/actualites\/ces-cameras-de-securite-intelligentes-reolink-sont-toutes-en-vente-avant-le-premier-jour\/","url":"https:\/\/vieassociative.be\/actualites\/ces-cameras-de-securite-intelligentes-reolink-sont-toutes-en-vente-avant-le-premier-jour\/","name":"Ces cam\u00e9ras de s\u00e9curit\u00e9 intelligentes Reolink sont toutes en vente avant le premier jour | Vie Associative","isPartOf":{"@id":"https:\/\/vieassociative.be\/actualites\/#website"},"primaryImageOfPage":{"@id":"https:\/\/vieassociative.be\/actualites\/ces-cameras-de-securite-intelligentes-reolink-sont-toutes-en-vente-avant-le-premier-jour\/#primaryimage"},"image":{"@id":"https:\/\/vieassociative.be\/actualites\/ces-cameras-de-securite-intelligentes-reolink-sont-toutes-en-vente-avant-le-premier-jour\/#primaryimage"},"thumbnailUrl":"https:\/\/vieassociative.be\/actualites\/wp-content\/uploads\/2025\/07\/Ces-cameras-de-securite-intelligentes-Reolink-sont-toutes-en-vente.png","datePublished":"2025-07-05T19:17:33+00:00","dateModified":"2025-07-05T19:17:33+00:00","breadcrumb":{"@id":"https:\/\/vieassociative.be\/actualites\/ces-cameras-de-securite-intelligentes-reolink-sont-toutes-en-vente-avant-le-premier-jour\/#breadcrumb"},"inLanguage":"fr-BE","potentialAction":[{"@type":"ReadAction","target":["https:\/\/vieassociative.be\/actualites\/ces-cameras-de-securite-intelligentes-reolink-sont-toutes-en-vente-avant-le-premier-jour\/"]}]},{"@type":"ImageObject","inLanguage":"fr-BE","@id":"https:\/\/vieassociative.be\/actualites\/ces-cameras-de-securite-intelligentes-reolink-sont-toutes-en-vente-avant-le-premier-jour\/#primaryimage","url":"https:\/\/vieassociative.be\/actualites\/wp-content\/uploads\/2025\/07\/Ces-cameras-de-securite-intelligentes-Reolink-sont-toutes-en-vente.png","contentUrl":"https:\/\/vieassociative.be\/actualites\/wp-content\/uploads\/2025\/07\/Ces-cameras-de-securite-intelligentes-Reolink-sont-toutes-en-vente.png","width":1200,"height":675,"caption":"Ces cam\u00e9ras de s\u00e9curit\u00e9 intelligentes Reolink sont toutes en vente avant le premier jour"},{"@type":"BreadcrumbList","@id":"https:\/\/vieassociative.be\/actualites\/ces-cameras-de-securite-intelligentes-reolink-sont-toutes-en-vente-avant-le-premier-jour\/#breadcrumb","itemListElement":[{"@type":"ListItem","position":1,"name":"Accueil","item":"https:\/\/vieassociative.be\/actualites\/"},{"@type":"ListItem","position":2,"name":"Ces cam\u00e9ras de s\u00e9curit\u00e9 intelligentes Reolink sont toutes en vente avant le premier jour"}]},{"@type":"WebSite","@id":"https:\/\/vieassociative.be\/actualites\/#website","url":"https:\/\/vieassociative.be\/actualites\/","name":"Vie Associative","description":"","publisher":{"@id":"https:\/\/vieassociative.be\/actualites\/#organization"},"potentialAction":[{"@type":"SearchAction","target":{"@type":"EntryPoint","urlTemplate":"https:\/\/vieassociative.be\/actualites\/?s={search_term_string}"},"query-input":{"@type":"PropertyValueSpecification","valueRequired":true,"valueName":"search_term_string"}}],"inLanguage":"fr-BE"},{"@type":"Organization","@id":"https:\/\/vieassociative.be\/actualites\/#organization","name":"Vie Associative","url":"https:\/\/vieassociative.be\/actualites\/","logo":{"@type":"ImageObject","inLanguage":"fr-BE","@id":"https:\/\/vieassociative.be\/actualites\/#\/schema\/logo\/image\/","url":"https:\/\/vieassociative.be\/actualites\/wp-content\/uploads\/2024\/09\/cropped-vieassociative_favicon.ico.png","contentUrl":"https:\/\/vieassociative.be\/actualites\/wp-content\/uploads\/2024\/09\/cropped-vieassociative_favicon.ico.png","width":512,"height":512,"caption":"Vie Associative"},"image":{"@id":"https:\/\/vieassociative.be\/actualites\/#\/schema\/logo\/image\/"}},{"@type":"Person","@id":"https:\/\/vieassociative.be\/actualites\/#\/schema\/person\/b87ac4f82f9d4e7b7cec7395b679edc4","name":"Julien","image":{"@type":"ImageObject","inLanguage":"fr-BE","@id":"https:\/\/vieassociative.be\/actualites\/#\/schema\/person\/image\/","url":"https:\/\/vieassociative.be\/actualites\/wp-content\/uploads\/2024\/09\/vie-associative-1-150x150.jpg","contentUrl":"https:\/\/vieassociative.be\/actualites\/wp-content\/uploads\/2024\/09\/vie-associative-1-150x150.jpg","caption":"Julien"},"description":"Je suis Julien, r\u00e9dacteur pour Vie Associative. Passionn\u00e9 par le monde associatif depuis plus de 10 ans, j'ai \u00e0 c\u0153ur de partager des histoires inspirantes et de mettre en lumi\u00e8re les initiatives locales. Mon objectif est de sensibiliser et d'encourager l'engagement communautaire \u00e0 travers mes articles.","sameAs":["https:\/\/vieassociative.be\/"]}]}},"_links":{"self":[{"href":"https:\/\/vieassociative.be\/actualites\/wp-json\/wp\/v2\/posts\/8550"}],"collection":[{"href":"https:\/\/vieassociative.be\/actualites\/wp-json\/wp\/v2\/posts"}],"about":[{"href":"https:\/\/vieassociative.be\/actualites\/wp-json\/wp\/v2\/types\/post"}],"author":[{"embeddable":true,"href":"https:\/\/vieassociative.be\/actualites\/wp-json\/wp\/v2\/users\/1"}],"replies":[{"embeddable":true,"href":"https:\/\/vieassociative.be\/actualites\/wp-json\/wp\/v2\/comments?post=8550"}],"version-history":[{"count":0,"href":"https:\/\/vieassociative.be\/actualites\/wp-json\/wp\/v2\/posts\/8550\/revisions"}],"wp:featuredmedia":[{"embeddable":true,"href":"https:\/\/vieassociative.be\/actualites\/wp-json\/wp\/v2\/media\/8551"}],"wp:attachment":[{"href":"https:\/\/vieassociative.be\/actualites\/wp-json\/wp\/v2\/media?parent=8550"}],"wp:term":[{"taxonomy":"category","embeddable":true,"href":"https:\/\/vieassociative.be\/actualites\/wp-json\/wp\/v2\/categories?post=8550"},{"taxonomy":"post_tag","embeddable":true,"href":"https:\/\/vieassociative.be\/actualites\/wp-json\/wp\/v2\/tags?post=8550"}],"curies":[{"name":"wp","href":"https:\/\/api.w.org\/{rel}","templated":true}]}}