{"id":8537,"date":"2025-07-04T22:19:48","date_gmt":"2025-07-04T20:19:48","guid":{"rendered":"https:\/\/vieassociative.be\/actualites\/lendroit-suisse-impose-une-interdiction-de-baignade-pour-les-invites-de-la-journee-etrangere-apres-des-ennuis-avec-les-visiteurs-etrangers\/"},"modified":"2025-07-04T22:19:48","modified_gmt":"2025-07-04T20:19:48","slug":"lendroit-suisse-impose-une-interdiction-de-baignade-pour-les-invites-de-la-journee-etrangere-apres-des-ennuis-avec-les-visiteurs-etrangers","status":"publish","type":"post","link":"https:\/\/vieassociative.be\/actualites\/lendroit-suisse-impose-une-interdiction-de-baignade-pour-les-invites-de-la-journee-etrangere-apres-des-ennuis-avec-les-visiteurs-etrangers\/","title":{"rendered":"L&rsquo;endroit suisse impose une interdiction de baignade pour les invit\u00e9s de la journ\u00e9e \u00e9trang\u00e8re apr\u00e8s des ennuis avec les visiteurs \u00e9trangers"},"content":{"rendered":"<p><strong>L&rsquo;Eupen Wetzlarbad n&rsquo;est en aucun cas la seule piscine ext\u00e9rieure dans laquelle les visiteurs \u00e9trangers se d\u00e9marquent et causent des probl\u00e8mes \u00e0 travers un comportement inappropri\u00e9, impoli et non complicit\u00e9 avec les r\u00e8gles de la piscine. Une piscine ext\u00e9rieure suisse a m\u00eame pris une mesure drastique contre les fauteurs de troubles.<\/strong><\/p>\n<p><span id=\"more-419275\"><\/span>L&rsquo;entr\u00e9e dans la piscine ext\u00e9rieure du prustrut local de 6 000 doutes est r\u00e9glement\u00e9e. Presque seuls les Suisses et les touristes qui restent en ville sont autoris\u00e9s \u00e0 nager. C&rsquo;est une r\u00e9action \u00e0 la situation difficile.<\/p>\n<p>Dans la piscine ext\u00e9rieure suisse, le bain n&rsquo;est presque autoris\u00e9 que depuis vendredi et les touristes avec des preuves sp\u00e9ciales. Si vous n&rsquo;\u00eates pas bas\u00e9 en Suisse, en revanche, vous ne devriez plus utiliser la petite piscine ext\u00e9rieure d&rsquo;ici la fin ao\u00fbt, selon un message de la municipalit\u00e9 de Printrut dans le canton de Jura pr\u00e8s de la fronti\u00e8re fran\u00e7aise.<\/p>\n<div id=\"attachment_419288\" class=\"wp-caption alignleft\" style=\"max-width: 300px\"><img fetchpriority=\"high\" decoding=\"async\" class=\"wp-image-419288 size-medium\" src=\"https:\/\/vieassociative.be\/actualites\/wp-content\/uploads\/2025\/07\/Lendroit-suisse-impose-une-interdiction-de-baignade-pour-les-invites.jpg\" alt=\"\" width=\"300\" height=\"200\"><\/p>\n<p class=\"wp-caption-text\">20\/06\/2024, Lower Saxe, Emden: un employ\u00e9 de la s\u00e9curit\u00e9 de la piscine ext\u00e9rieure de Borssum surplombe la piscine. Photo: Lars Penning \/ DPA<\/p>\n<\/div>\n<p>Plus pr\u00e9cis\u00e9ment, la communaut\u00e9 de 6 000 chambres r\u00e9serve la piscine ext\u00e9rieure pour les ressortissants suisses et les personnes ayant un permis de r\u00e9sidence ou de travail en Suisse.<\/p>\n<p>La mesure, en particulier sur les visiteurs de pr\u00e8s de la France, AIMS, un repr\u00e9sentant municipal a d\u00e9clar\u00e9 plusieurs m\u00e9dias. Les touristes \u00e9trangers qui s\u00e9journent dans un h\u00f4tel ou un camping dans la r\u00e9gion pourraient continuer \u00e0 visiter la piscine avec une carte affich\u00e9e.<\/p>\n<p>Les restrictions ont servi la s\u00e9curit\u00e9 des visiteurs de la piscine ext\u00e9rieurs dans et autour de la piscine ainsi que le maintien d&rsquo;un environnement calme, respectueux et s\u00fbr, a d\u00e9clar\u00e9 la communaut\u00e9. \u00ab\u00a0Depuis le d\u00e9but de la saison estivale, plus de vingt personnes ont d\u00fb \u00eatre exclues de l&rsquo;acc\u00e8s \u00e0 la piscine urbaine en raison d&rsquo;un comportement inappropri\u00e9, impolie et non complicit\u00e9 avec les r\u00e8gles de la piscine\u00a0\u00bb, a-t-il d\u00e9clar\u00e9. (DPA \/ CRE)<\/p>\n<p><em><strong>Sur le sujet, voir \u00e9galement l&rsquo;article suivant sur OD:<\/strong><\/em><\/p>\n<div class=\"responsive-embed widescreen\">\n<blockquote class=\"wp-embedded-content\" data-secret=\"cAQbP9TpYI\">\n<p>Apr\u00e8s les affrontements dans l&rsquo;Eupen Wetzlarbad: l&rsquo;op\u00e9rateur Lago utilise un agent de s\u00e9curit\u00e9<\/p>\n<\/blockquote>\n<p><iframe loading=\"lazy\" class=\"wp-embedded-content\" sandbox=\"allow-scripts\" security=\"restricted\" style=\"position: absolute; visibility: hidden;\" title=\"\u201eNach Auseinandersetzungen im Wetzlarbad Eupen: Betreiber LAGO setzt einen Sicherheitsagenten ein\u201c \u2014 Ostbelgien Direkt\" src=\"https:\/\/ostbelgiendirekt.be\/about:blank\" data-secret=\"cAQbP9TpYI\" width=\"500\" height=\"282\" frameborder=\"0\" marginwidth=\"0\" marginheight=\"0\" scrolling=\"no\" data-rocket-lazyload=\"fitvidscompatible\" data-lazy-src=\"https:\/\/ostbelgiendirekt.be\/wetzlarbad-sicherheitsagenten-419122\/embed#?secret=EhoYY3OLIh#?secret=cAQbP9TpYI\"><\/iframe><noscript><iframe class=\"wp-embedded-content\" sandbox=\"allow-scripts\" security=\"restricted\" style=\"position: absolute; visibility: hidden;\" title=\"\u201eNach Auseinandersetzungen im Wetzlarbad Eupen: Betreiber LAGO setzt einen Sicherheitsagenten ein\u201c \u2014 Ostbelgien Direkt\" src=\"https:\/\/ostbelgiendirekt.be\/wetzlarbad-sicherheitsagenten-419122\/embed#?secret=EhoYY3OLIh#?secret=cAQbP9TpYI\" data-secret=\"cAQbP9TpYI\" width=\"500\" height=\"282\" frameborder=\"0\" marginwidth=\"0\" marginheight=\"0\" scrolling=\"no\"><\/iframe><\/noscript><\/p>\n<\/div>\n","protected":false},"excerpt":{"rendered":"<p>L&rsquo;Eupen Wetzlarbad n&rsquo;est en aucun cas la seule piscine ext\u00e9rieure dans laquelle les visiteurs \u00e9trangers se d\u00e9marquent et causent des probl\u00e8mes \u00e0 travers un comportement<\/p>\n","protected":false},"author":1,"featured_media":8538,"comment_status":"","ping_status":"","sticky":false,"template":"","format":"standard","meta":{"footnotes":""},"categories":[298],"tags":[472,61,7621,29,7623,7622,5812,7620,3574,3678,2877,7619,14,81,7603,110,3448],"class_list":["post-8537","post","type-post","status-publish","format-standard","has-post-thumbnail","hentry","category-belgique","tag-apres","tag-avec","tag-baignade","tag-des","tag-ennuis","tag-etrangere","tag-etrangers","tag-impose","tag-interdiction","tag-invites","tag-journee","tag-lendroit","tag-les","tag-pour","tag-suisse","tag-une","tag-visiteurs","generate-columns","tablet-grid-50","mobile-grid-100","grid-parent","grid-33"],"yoast_head":"<!-- This site is optimized with the Yoast SEO plugin v24.0 - https:\/\/yoast.com\/wordpress\/plugins\/seo\/ -->\n<title>L&#039;endroit suisse impose une interdiction de baignade pour les invit\u00e9s de la journ\u00e9e \u00e9trang\u00e8re apr\u00e8s des ennuis avec les visiteurs \u00e9trangers | Vie Associative<\/title>\n<meta name=\"robots\" content=\"index, follow, max-snippet:-1, max-image-preview:large, max-video-preview:-1\" \/>\n<link rel=\"canonical\" href=\"https:\/\/vieassociative.be\/actualites\/lendroit-suisse-impose-une-interdiction-de-baignade-pour-les-invites-de-la-journee-etrangere-apres-des-ennuis-avec-les-visiteurs-etrangers\/\" \/>\n<meta property=\"og:locale\" content=\"fr_FR\" \/>\n<meta property=\"og:type\" content=\"article\" \/>\n<meta property=\"og:title\" content=\"L&#039;endroit suisse impose une interdiction de baignade pour les invit\u00e9s de la journ\u00e9e \u00e9trang\u00e8re apr\u00e8s des ennuis avec les visiteurs \u00e9trangers | Vie Associative\" \/>\n<meta property=\"og:description\" content=\"L&rsquo;Eupen Wetzlarbad n&rsquo;est en aucun cas la seule piscine ext\u00e9rieure dans laquelle les visiteurs \u00e9trangers se d\u00e9marquent et causent des probl\u00e8mes \u00e0 travers un comportement\" \/>\n<meta property=\"og:url\" content=\"https:\/\/vieassociative.be\/actualites\/lendroit-suisse-impose-une-interdiction-de-baignade-pour-les-invites-de-la-journee-etrangere-apres-des-ennuis-avec-les-visiteurs-etrangers\/\" \/>\n<meta property=\"og:site_name\" content=\"Vie Associative\" \/>\n<meta property=\"article:published_time\" content=\"2025-07-04T20:19:48+00:00\" \/>\n<meta property=\"og:image\" content=\"https:\/\/vieassociative.be\/actualites\/wp-content\/uploads\/2024\/09\/header_backgroundk-01-e1726694325946.png\" \/>\n\t<meta property=\"og:image:width\" content=\"279\" \/>\n\t<meta property=\"og:image:height\" content=\"92\" \/>\n\t<meta property=\"og:image:type\" content=\"image\/png\" \/>\n<meta name=\"author\" content=\"Julien\" \/>\n<meta name=\"twitter:card\" content=\"summary_large_image\" \/>\n<meta name=\"twitter:label1\" content=\"\u00c9crit par\" \/>\n\t<meta name=\"twitter:data1\" content=\"Julien\" \/>\n\t<meta name=\"twitter:label2\" content=\"Dur\u00e9e de lecture est.\" \/>\n\t<meta name=\"twitter:data2\" content=\"2 minutes\" \/>\n<script type=\"application\/ld+json\" class=\"yoast-schema-graph\">{\"@context\":\"https:\/\/schema.org\",\"@graph\":[{\"@type\":\"Article\",\"@id\":\"https:\/\/vieassociative.be\/actualites\/lendroit-suisse-impose-une-interdiction-de-baignade-pour-les-invites-de-la-journee-etrangere-apres-des-ennuis-avec-les-visiteurs-etrangers\/#article\",\"isPartOf\":{\"@id\":\"https:\/\/vieassociative.be\/actualites\/lendroit-suisse-impose-une-interdiction-de-baignade-pour-les-invites-de-la-journee-etrangere-apres-des-ennuis-avec-les-visiteurs-etrangers\/\"},\"author\":{\"name\":\"Julien\",\"@id\":\"https:\/\/vieassociative.be\/actualites\/#\/schema\/person\/b87ac4f82f9d4e7b7cec7395b679edc4\"},\"headline\":\"L&rsquo;endroit suisse impose une interdiction de baignade pour les invit\u00e9s de la journ\u00e9e \u00e9trang\u00e8re apr\u00e8s des ennuis avec les visiteurs \u00e9trangers\",\"datePublished\":\"2025-07-04T20:19:48+00:00\",\"dateModified\":\"2025-07-04T20:19:48+00:00\",\"mainEntityOfPage\":{\"@id\":\"https:\/\/vieassociative.be\/actualites\/lendroit-suisse-impose-une-interdiction-de-baignade-pour-les-invites-de-la-journee-etrangere-apres-des-ennuis-avec-les-visiteurs-etrangers\/\"},\"wordCount\":410,\"publisher\":{\"@id\":\"https:\/\/vieassociative.be\/actualites\/#organization\"},\"image\":{\"@id\":\"https:\/\/vieassociative.be\/actualites\/lendroit-suisse-impose-une-interdiction-de-baignade-pour-les-invites-de-la-journee-etrangere-apres-des-ennuis-avec-les-visiteurs-etrangers\/#primaryimage\"},\"thumbnailUrl\":\"https:\/\/vieassociative.be\/actualites\/wp-content\/uploads\/2025\/07\/1751660388_Lendroit-suisse-impose-une-interdiction-de-baignade-pour-les-invites.jpg\",\"keywords\":[\"Apr\u00e8s\",\"avec\",\"baignade\",\"Des\",\"ennuis\",\"\u00e9trang\u00e8re\",\"\u00e9trangers\",\"impose\",\"Interdiction\",\"invit\u00e9s\",\"journ\u00e9e\",\"Lendroit\",\"Les\",\"pour\",\"Suisse\",\"une\",\"visiteurs\"],\"articleSection\":[\"Belgique\"],\"inLanguage\":\"fr-BE\"},{\"@type\":\"WebPage\",\"@id\":\"https:\/\/vieassociative.be\/actualites\/lendroit-suisse-impose-une-interdiction-de-baignade-pour-les-invites-de-la-journee-etrangere-apres-des-ennuis-avec-les-visiteurs-etrangers\/\",\"url\":\"https:\/\/vieassociative.be\/actualites\/lendroit-suisse-impose-une-interdiction-de-baignade-pour-les-invites-de-la-journee-etrangere-apres-des-ennuis-avec-les-visiteurs-etrangers\/\",\"name\":\"L'endroit suisse impose une interdiction de baignade pour les invit\u00e9s de la journ\u00e9e \u00e9trang\u00e8re apr\u00e8s des ennuis avec les visiteurs \u00e9trangers | Vie Associative\",\"isPartOf\":{\"@id\":\"https:\/\/vieassociative.be\/actualites\/#website\"},\"primaryImageOfPage\":{\"@id\":\"https:\/\/vieassociative.be\/actualites\/lendroit-suisse-impose-une-interdiction-de-baignade-pour-les-invites-de-la-journee-etrangere-apres-des-ennuis-avec-les-visiteurs-etrangers\/#primaryimage\"},\"image\":{\"@id\":\"https:\/\/vieassociative.be\/actualites\/lendroit-suisse-impose-une-interdiction-de-baignade-pour-les-invites-de-la-journee-etrangere-apres-des-ennuis-avec-les-visiteurs-etrangers\/#primaryimage\"},\"thumbnailUrl\":\"https:\/\/vieassociative.be\/actualites\/wp-content\/uploads\/2025\/07\/1751660388_Lendroit-suisse-impose-une-interdiction-de-baignade-pour-les-invites.jpg\",\"datePublished\":\"2025-07-04T20:19:48+00:00\",\"dateModified\":\"2025-07-04T20:19:48+00:00\",\"breadcrumb\":{\"@id\":\"https:\/\/vieassociative.be\/actualites\/lendroit-suisse-impose-une-interdiction-de-baignade-pour-les-invites-de-la-journee-etrangere-apres-des-ennuis-avec-les-visiteurs-etrangers\/#breadcrumb\"},\"inLanguage\":\"fr-BE\",\"potentialAction\":[{\"@type\":\"ReadAction\",\"target\":[\"https:\/\/vieassociative.be\/actualites\/lendroit-suisse-impose-une-interdiction-de-baignade-pour-les-invites-de-la-journee-etrangere-apres-des-ennuis-avec-les-visiteurs-etrangers\/\"]}]},{\"@type\":\"ImageObject\",\"inLanguage\":\"fr-BE\",\"@id\":\"https:\/\/vieassociative.be\/actualites\/lendroit-suisse-impose-une-interdiction-de-baignade-pour-les-invites-de-la-journee-etrangere-apres-des-ennuis-avec-les-visiteurs-etrangers\/#primaryimage\",\"url\":\"https:\/\/vieassociative.be\/actualites\/wp-content\/uploads\/2025\/07\/1751660388_Lendroit-suisse-impose-une-interdiction-de-baignade-pour-les-invites.jpg\",\"contentUrl\":\"https:\/\/vieassociative.be\/actualites\/wp-content\/uploads\/2025\/07\/1751660388_Lendroit-suisse-impose-une-interdiction-de-baignade-pour-les-invites.jpg\",\"width\":1200,\"height\":875,\"caption\":\"L'endroit suisse impose une interdiction de baignade pour les invit\u00e9s de la journ\u00e9e \u00e9trang\u00e8re apr\u00e8s des ennuis avec les visiteurs \u00e9trangers\"},{\"@type\":\"BreadcrumbList\",\"@id\":\"https:\/\/vieassociative.be\/actualites\/lendroit-suisse-impose-une-interdiction-de-baignade-pour-les-invites-de-la-journee-etrangere-apres-des-ennuis-avec-les-visiteurs-etrangers\/#breadcrumb\",\"itemListElement\":[{\"@type\":\"ListItem\",\"position\":1,\"name\":\"Accueil\",\"item\":\"https:\/\/vieassociative.be\/actualites\/\"},{\"@type\":\"ListItem\",\"position\":2,\"name\":\"L&rsquo;endroit suisse impose une interdiction de baignade pour les invit\u00e9s de la journ\u00e9e \u00e9trang\u00e8re apr\u00e8s des ennuis avec les visiteurs \u00e9trangers\"}]},{\"@type\":\"WebSite\",\"@id\":\"https:\/\/vieassociative.be\/actualites\/#website\",\"url\":\"https:\/\/vieassociative.be\/actualites\/\",\"name\":\"Vie Associative\",\"description\":\"\",\"publisher\":{\"@id\":\"https:\/\/vieassociative.be\/actualites\/#organization\"},\"potentialAction\":[{\"@type\":\"SearchAction\",\"target\":{\"@type\":\"EntryPoint\",\"urlTemplate\":\"https:\/\/vieassociative.be\/actualites\/?s={search_term_string}\"},\"query-input\":{\"@type\":\"PropertyValueSpecification\",\"valueRequired\":true,\"valueName\":\"search_term_string\"}}],\"inLanguage\":\"fr-BE\"},{\"@type\":\"Organization\",\"@id\":\"https:\/\/vieassociative.be\/actualites\/#organization\",\"name\":\"Vie Associative\",\"url\":\"https:\/\/vieassociative.be\/actualites\/\",\"logo\":{\"@type\":\"ImageObject\",\"inLanguage\":\"fr-BE\",\"@id\":\"https:\/\/vieassociative.be\/actualites\/#\/schema\/logo\/image\/\",\"url\":\"https:\/\/vieassociative.be\/actualites\/wp-content\/uploads\/2024\/09\/cropped-vieassociative_favicon.ico.png\",\"contentUrl\":\"https:\/\/vieassociative.be\/actualites\/wp-content\/uploads\/2024\/09\/cropped-vieassociative_favicon.ico.png\",\"width\":512,\"height\":512,\"caption\":\"Vie Associative\"},\"image\":{\"@id\":\"https:\/\/vieassociative.be\/actualites\/#\/schema\/logo\/image\/\"}},{\"@type\":\"Person\",\"@id\":\"https:\/\/vieassociative.be\/actualites\/#\/schema\/person\/b87ac4f82f9d4e7b7cec7395b679edc4\",\"name\":\"Julien\",\"image\":{\"@type\":\"ImageObject\",\"inLanguage\":\"fr-BE\",\"@id\":\"https:\/\/vieassociative.be\/actualites\/#\/schema\/person\/image\/\",\"url\":\"https:\/\/vieassociative.be\/actualites\/wp-content\/uploads\/2024\/09\/vie-associative-1-150x150.jpg\",\"contentUrl\":\"https:\/\/vieassociative.be\/actualites\/wp-content\/uploads\/2024\/09\/vie-associative-1-150x150.jpg\",\"caption\":\"Julien\"},\"description\":\"Je suis Julien, r\u00e9dacteur pour Vie Associative. Passionn\u00e9 par le monde associatif depuis plus de 10 ans, j'ai \u00e0 c\u0153ur de partager des histoires inspirantes et de mettre en lumi\u00e8re les initiatives locales. Mon objectif est de sensibiliser et d'encourager l'engagement communautaire \u00e0 travers mes articles.\",\"sameAs\":[\"https:\/\/vieassociative.be\/\"]}]}<\/script>\n<!-- \/ Yoast SEO plugin. -->","yoast_head_json":{"title":"L'endroit suisse impose une interdiction de baignade pour les invit\u00e9s de la journ\u00e9e \u00e9trang\u00e8re apr\u00e8s des ennuis avec les visiteurs \u00e9trangers | Vie Associative","robots":{"index":"index","follow":"follow","max-snippet":"max-snippet:-1","max-image-preview":"max-image-preview:large","max-video-preview":"max-video-preview:-1"},"canonical":"https:\/\/vieassociative.be\/actualites\/lendroit-suisse-impose-une-interdiction-de-baignade-pour-les-invites-de-la-journee-etrangere-apres-des-ennuis-avec-les-visiteurs-etrangers\/","og_locale":"fr_FR","og_type":"article","og_title":"L'endroit suisse impose une interdiction de baignade pour les invit\u00e9s de la journ\u00e9e \u00e9trang\u00e8re apr\u00e8s des ennuis avec les visiteurs \u00e9trangers | Vie Associative","og_description":"L&rsquo;Eupen Wetzlarbad n&rsquo;est en aucun cas la seule piscine ext\u00e9rieure dans laquelle les visiteurs \u00e9trangers se d\u00e9marquent et causent des probl\u00e8mes \u00e0 travers un comportement","og_url":"https:\/\/vieassociative.be\/actualites\/lendroit-suisse-impose-une-interdiction-de-baignade-pour-les-invites-de-la-journee-etrangere-apres-des-ennuis-avec-les-visiteurs-etrangers\/","og_site_name":"Vie Associative","article_published_time":"2025-07-04T20:19:48+00:00","og_image":[{"width":279,"height":92,"url":"https:\/\/vieassociative.be\/actualites\/wp-content\/uploads\/2024\/09\/header_backgroundk-01-e1726694325946.png","type":"image\/png"}],"author":"Julien","twitter_card":"summary_large_image","twitter_misc":{"\u00c9crit par":"Julien","Dur\u00e9e de lecture est.":"2 minutes"},"schema":{"@context":"https:\/\/schema.org","@graph":[{"@type":"Article","@id":"https:\/\/vieassociative.be\/actualites\/lendroit-suisse-impose-une-interdiction-de-baignade-pour-les-invites-de-la-journee-etrangere-apres-des-ennuis-avec-les-visiteurs-etrangers\/#article","isPartOf":{"@id":"https:\/\/vieassociative.be\/actualites\/lendroit-suisse-impose-une-interdiction-de-baignade-pour-les-invites-de-la-journee-etrangere-apres-des-ennuis-avec-les-visiteurs-etrangers\/"},"author":{"name":"Julien","@id":"https:\/\/vieassociative.be\/actualites\/#\/schema\/person\/b87ac4f82f9d4e7b7cec7395b679edc4"},"headline":"L&rsquo;endroit suisse impose une interdiction de baignade pour les invit\u00e9s de la journ\u00e9e \u00e9trang\u00e8re apr\u00e8s des ennuis avec les visiteurs \u00e9trangers","datePublished":"2025-07-04T20:19:48+00:00","dateModified":"2025-07-04T20:19:48+00:00","mainEntityOfPage":{"@id":"https:\/\/vieassociative.be\/actualites\/lendroit-suisse-impose-une-interdiction-de-baignade-pour-les-invites-de-la-journee-etrangere-apres-des-ennuis-avec-les-visiteurs-etrangers\/"},"wordCount":410,"publisher":{"@id":"https:\/\/vieassociative.be\/actualites\/#organization"},"image":{"@id":"https:\/\/vieassociative.be\/actualites\/lendroit-suisse-impose-une-interdiction-de-baignade-pour-les-invites-de-la-journee-etrangere-apres-des-ennuis-avec-les-visiteurs-etrangers\/#primaryimage"},"thumbnailUrl":"https:\/\/vieassociative.be\/actualites\/wp-content\/uploads\/2025\/07\/1751660388_Lendroit-suisse-impose-une-interdiction-de-baignade-pour-les-invites.jpg","keywords":["Apr\u00e8s","avec","baignade","Des","ennuis","\u00e9trang\u00e8re","\u00e9trangers","impose","Interdiction","invit\u00e9s","journ\u00e9e","Lendroit","Les","pour","Suisse","une","visiteurs"],"articleSection":["Belgique"],"inLanguage":"fr-BE"},{"@type":"WebPage","@id":"https:\/\/vieassociative.be\/actualites\/lendroit-suisse-impose-une-interdiction-de-baignade-pour-les-invites-de-la-journee-etrangere-apres-des-ennuis-avec-les-visiteurs-etrangers\/","url":"https:\/\/vieassociative.be\/actualites\/lendroit-suisse-impose-une-interdiction-de-baignade-pour-les-invites-de-la-journee-etrangere-apres-des-ennuis-avec-les-visiteurs-etrangers\/","name":"L'endroit suisse impose une interdiction de baignade pour les invit\u00e9s de la journ\u00e9e \u00e9trang\u00e8re apr\u00e8s des ennuis avec les visiteurs \u00e9trangers | Vie Associative","isPartOf":{"@id":"https:\/\/vieassociative.be\/actualites\/#website"},"primaryImageOfPage":{"@id":"https:\/\/vieassociative.be\/actualites\/lendroit-suisse-impose-une-interdiction-de-baignade-pour-les-invites-de-la-journee-etrangere-apres-des-ennuis-avec-les-visiteurs-etrangers\/#primaryimage"},"image":{"@id":"https:\/\/vieassociative.be\/actualites\/lendroit-suisse-impose-une-interdiction-de-baignade-pour-les-invites-de-la-journee-etrangere-apres-des-ennuis-avec-les-visiteurs-etrangers\/#primaryimage"},"thumbnailUrl":"https:\/\/vieassociative.be\/actualites\/wp-content\/uploads\/2025\/07\/1751660388_Lendroit-suisse-impose-une-interdiction-de-baignade-pour-les-invites.jpg","datePublished":"2025-07-04T20:19:48+00:00","dateModified":"2025-07-04T20:19:48+00:00","breadcrumb":{"@id":"https:\/\/vieassociative.be\/actualites\/lendroit-suisse-impose-une-interdiction-de-baignade-pour-les-invites-de-la-journee-etrangere-apres-des-ennuis-avec-les-visiteurs-etrangers\/#breadcrumb"},"inLanguage":"fr-BE","potentialAction":[{"@type":"ReadAction","target":["https:\/\/vieassociative.be\/actualites\/lendroit-suisse-impose-une-interdiction-de-baignade-pour-les-invites-de-la-journee-etrangere-apres-des-ennuis-avec-les-visiteurs-etrangers\/"]}]},{"@type":"ImageObject","inLanguage":"fr-BE","@id":"https:\/\/vieassociative.be\/actualites\/lendroit-suisse-impose-une-interdiction-de-baignade-pour-les-invites-de-la-journee-etrangere-apres-des-ennuis-avec-les-visiteurs-etrangers\/#primaryimage","url":"https:\/\/vieassociative.be\/actualites\/wp-content\/uploads\/2025\/07\/1751660388_Lendroit-suisse-impose-une-interdiction-de-baignade-pour-les-invites.jpg","contentUrl":"https:\/\/vieassociative.be\/actualites\/wp-content\/uploads\/2025\/07\/1751660388_Lendroit-suisse-impose-une-interdiction-de-baignade-pour-les-invites.jpg","width":1200,"height":875,"caption":"L'endroit suisse impose une interdiction de baignade pour les invit\u00e9s de la journ\u00e9e \u00e9trang\u00e8re apr\u00e8s des ennuis avec les visiteurs \u00e9trangers"},{"@type":"BreadcrumbList","@id":"https:\/\/vieassociative.be\/actualites\/lendroit-suisse-impose-une-interdiction-de-baignade-pour-les-invites-de-la-journee-etrangere-apres-des-ennuis-avec-les-visiteurs-etrangers\/#breadcrumb","itemListElement":[{"@type":"ListItem","position":1,"name":"Accueil","item":"https:\/\/vieassociative.be\/actualites\/"},{"@type":"ListItem","position":2,"name":"L&rsquo;endroit suisse impose une interdiction de baignade pour les invit\u00e9s de la journ\u00e9e \u00e9trang\u00e8re apr\u00e8s des ennuis avec les visiteurs \u00e9trangers"}]},{"@type":"WebSite","@id":"https:\/\/vieassociative.be\/actualites\/#website","url":"https:\/\/vieassociative.be\/actualites\/","name":"Vie Associative","description":"","publisher":{"@id":"https:\/\/vieassociative.be\/actualites\/#organization"},"potentialAction":[{"@type":"SearchAction","target":{"@type":"EntryPoint","urlTemplate":"https:\/\/vieassociative.be\/actualites\/?s={search_term_string}"},"query-input":{"@type":"PropertyValueSpecification","valueRequired":true,"valueName":"search_term_string"}}],"inLanguage":"fr-BE"},{"@type":"Organization","@id":"https:\/\/vieassociative.be\/actualites\/#organization","name":"Vie Associative","url":"https:\/\/vieassociative.be\/actualites\/","logo":{"@type":"ImageObject","inLanguage":"fr-BE","@id":"https:\/\/vieassociative.be\/actualites\/#\/schema\/logo\/image\/","url":"https:\/\/vieassociative.be\/actualites\/wp-content\/uploads\/2024\/09\/cropped-vieassociative_favicon.ico.png","contentUrl":"https:\/\/vieassociative.be\/actualites\/wp-content\/uploads\/2024\/09\/cropped-vieassociative_favicon.ico.png","width":512,"height":512,"caption":"Vie Associative"},"image":{"@id":"https:\/\/vieassociative.be\/actualites\/#\/schema\/logo\/image\/"}},{"@type":"Person","@id":"https:\/\/vieassociative.be\/actualites\/#\/schema\/person\/b87ac4f82f9d4e7b7cec7395b679edc4","name":"Julien","image":{"@type":"ImageObject","inLanguage":"fr-BE","@id":"https:\/\/vieassociative.be\/actualites\/#\/schema\/person\/image\/","url":"https:\/\/vieassociative.be\/actualites\/wp-content\/uploads\/2024\/09\/vie-associative-1-150x150.jpg","contentUrl":"https:\/\/vieassociative.be\/actualites\/wp-content\/uploads\/2024\/09\/vie-associative-1-150x150.jpg","caption":"Julien"},"description":"Je suis Julien, r\u00e9dacteur pour Vie Associative. Passionn\u00e9 par le monde associatif depuis plus de 10 ans, j'ai \u00e0 c\u0153ur de partager des histoires inspirantes et de mettre en lumi\u00e8re les initiatives locales. Mon objectif est de sensibiliser et d'encourager l'engagement communautaire \u00e0 travers mes articles.","sameAs":["https:\/\/vieassociative.be\/"]}]}},"_links":{"self":[{"href":"https:\/\/vieassociative.be\/actualites\/wp-json\/wp\/v2\/posts\/8537"}],"collection":[{"href":"https:\/\/vieassociative.be\/actualites\/wp-json\/wp\/v2\/posts"}],"about":[{"href":"https:\/\/vieassociative.be\/actualites\/wp-json\/wp\/v2\/types\/post"}],"author":[{"embeddable":true,"href":"https:\/\/vieassociative.be\/actualites\/wp-json\/wp\/v2\/users\/1"}],"replies":[{"embeddable":true,"href":"https:\/\/vieassociative.be\/actualites\/wp-json\/wp\/v2\/comments?post=8537"}],"version-history":[{"count":0,"href":"https:\/\/vieassociative.be\/actualites\/wp-json\/wp\/v2\/posts\/8537\/revisions"}],"wp:featuredmedia":[{"embeddable":true,"href":"https:\/\/vieassociative.be\/actualites\/wp-json\/wp\/v2\/media\/8538"}],"wp:attachment":[{"href":"https:\/\/vieassociative.be\/actualites\/wp-json\/wp\/v2\/media?parent=8537"}],"wp:term":[{"taxonomy":"category","embeddable":true,"href":"https:\/\/vieassociative.be\/actualites\/wp-json\/wp\/v2\/categories?post=8537"},{"taxonomy":"post_tag","embeddable":true,"href":"https:\/\/vieassociative.be\/actualites\/wp-json\/wp\/v2\/tags?post=8537"}],"curies":[{"name":"wp","href":"https:\/\/api.w.org\/{rel}","templated":true}]}}