{"id":8535,"date":"2025-07-04T21:17:15","date_gmt":"2025-07-04T19:17:15","guid":{"rendered":"https:\/\/vieassociative.be\/actualites\/ce-couteau-a-8-est-le-seul-achat-que-vous-devez-faire-avant-la-premiere-journee\/"},"modified":"2025-07-04T21:17:15","modified_gmt":"2025-07-04T19:17:15","slug":"ce-couteau-a-8-est-le-seul-achat-que-vous-devez-faire-avant-la-premiere-journee","status":"publish","type":"post","link":"https:\/\/vieassociative.be\/actualites\/ce-couteau-a-8-est-le-seul-achat-que-vous-devez-faire-avant-la-premiere-journee\/","title":{"rendered":"Ce couteau \u00e0 8 $ est le seul achat que vous devez faire avant la premi\u00e8re journ\u00e9e"},"content":{"rendered":"<div class=\"mt-4 leading-6 md:mb-8\">Craignez-moi, bo\u00eetes en carton!<\/div>\n<p><\/p>\n<p>Comme de nombreux Am\u00e9ricains, je d\u00e9plore le fait que les achats en ligne nuisent aux entreprises locales, qui ne peuvent pas rivaliser avec la commodit\u00e9 des avantages insoutenables comme l&rsquo;exp\u00e9dition de premier ordre \u00ab\u00a0gratuite\u00a0\u00bb. Comme beaucoup d&rsquo;Am\u00e9ricains, j&rsquo;ach\u00e8te toujours une tonne de trucs en ligne de toute fa\u00e7on, car il est certainement plus facile de ne pas avoir \u00e0 transporter un \u00e9norme paquet de papier toilette chez Aldi (au moins, en tant que New-Yorkais, je peux toujours \u00eatre un snob sur le fait que je marche pour acheter l&rsquo;\u00e9picerie). Mais cela signifie \u00e9galement que, Venez Prime Day ou pendant la saison des f\u00eates, je dois faire face \u00e0 beaucoup de bo\u00eetes en carton.<\/p>\n<p>Quelque 35 millions de tonnes de \u00abpanneaux de contene\u00bb ou en carton utilis\u00e9s pour fabriquer des conteneurs d&rsquo;exp\u00e9dition comme Amazon Boxs, sont produits aux \u00c9tats-Unis chaque ann\u00e9e. Selon mon estimation, au moins 10% de cela arrive \u00e0 ma porte. Et bien que je sois super diligent dans le recyclage de tout cela (l&rsquo;American Forest &#038; Paper Association estime que le \u00abtaux de recyclage efficace\u00bb pour le carton a une hauteur de 85% &#8211; et c&rsquo;est bien!), Rompre ces bo\u00eetes pour les pr\u00e9parer \u00e0 placer en bordure de rue est un tracas. <\/p>\n<p>Ou c&rsquo;\u00e9tait, jusqu&rsquo;\u00e0 ce que j&rsquo;apprenne le coupe-bo\u00eete Canary, un petit couteau mince avec une lame dentel\u00e9e antiadh\u00e9sive et une poign\u00e9e jaune joyeuse.<\/p>\n<div class=\"pogoClear mb-12 mt-10 rounded-md border-2 border-gray-100 py-7 shadow-xl md:py-6\">\n<div class=\"flex flex-wrap justify-between px-7 text-black no-underline md:flex-nowrap md:px-8\">\n<div class=\"order-1 mx-auto flex flex-col justify-center md:order-2 md:ml-4 md:w-full md:grow\">\n<div class=\"block cursor-pointer text-center font-akshar text-2xl font-medium leading-7 text-brand-green duration-200 ease-in-out hover:text-brand-green-700 md:text-left md:text-xl md:leading-6\">Couteau en carton ondul\u00e9 canari, fabriqu\u00e9 au Japon, jaune\n                <\/div>\n<div class=\"mt-4 hidden md:flex md:justify-between\">\n<div class=\"self-end\">\n<div class=\"mb-0 h-11 md:flex md:flex-col md:justify-center\">\n<div class=\" font-sans leading-4 text-black\">\n<div class=\"flex flex-wrap items-center justify-center gap-x-1 md:justify-start\">\n        <span class=\"font-bold\"><\/p>\n<p>            8,40 $<br \/>\n                            <span class=\"font-medium\">\u00e0 Amazon<\/span><br \/>\n                    <\/span><br \/>\n                    <img decoding=\"async\" class=\"mt-0 h-(15px)\" src=\"https:\/\/vieassociative.be\/actualites\/wp-content\/uploads\/2025\/07\/Ce-couteau-a-8-est-le-seul-achat-que.svg.svg+xml\" title=\"Amazon Prime\" alt=\"Amazon Prime\">\n            <\/div>\n<\/p><\/div>\n<\/p><\/div>\n<\/p><\/div>\n<div class=\"w-44 self-end\">\n                            <button class=\"flex justify-center items-center w-full bg-brand-green text-white text-base font-sans font-medium rounded-md hover:bg-brand-green-700 hover:cursor-pointer md:text-sm h-11\"><\/p>\n<p>    Faire un magasin maintenant<br \/>\n<\/button>\n                        <\/div>\n<\/p><\/div>\n<\/p><\/div>\n<div class=\"order-2 mt-5 h-auto w-full md:order-1 md:mt-0 md:hidden\">\n<div class=\"flex aspect-video items-center justify-center\">\n                                            <img decoding=\"async\" class=\"m-0 max-h-full max-w-full rounded-md\" src=\"https:\/\/vieassociative.be\/actualites\/wp-content\/uploads\/2025\/07\/Ce-couteau-a-8-est-le-seul-achat-que.jpg\" alt=\"Coupe en carton ondul\u00e9 Canary Dan Chan 7.5\" safety box cutter knife coated blade made in japan yellow width=\"auto\" height=\"auto\" loading=\"lazy\">\n                                    <\/div>\n<\/p><\/div>\n<div class=\"order-2 ml-2 hidden w-32 shrink-0 items-center md:order-1 md:ml-0 md:flex\">\n<div class=\"flex aspect-video items-center justify-center\">\n                                            <img decoding=\"async\" class=\"m-0 max-h-full max-w-full rounded-md\" src=\"https:\/\/vieassociative.be\/actualites\/wp-content\/uploads\/2025\/07\/Ce-couteau-a-8-est-le-seul-achat-que.jpg\" alt=\"Coupe en carton ondul\u00e9 Canary Dan Chan 7.5\" safety box cutter knife coated blade made in japan yellow width=\"auto\" height=\"auto\" loading=\"lazy\">\n                                    <\/div>\n<\/p><\/div>\n<div class=\"order-3 flex grow flex-wrap md:hidden md:grow-0\">\n<div class=\"mt-4 w-full\">\n                        <button class=\"flex justify-center items-center w-full bg-brand-green text-white text-base font-sans font-medium rounded-md hover:bg-brand-green-700 hover:cursor-pointer md:text-sm h-11\"><\/p>\n<p>    Faire un magasin maintenant<br \/>\n<\/button>\n                    <\/div>\n<div class=\"mx-2 mt-4 w-full\">\n<div class=\" font-sans leading-4 text-black\">\n<div class=\"flex flex-wrap items-center justify-center gap-x-1 md:justify-start\">\n        <span class=\"font-bold\"><\/p>\n<p>            8,40 $<br \/>\n                            <span class=\"font-medium\">\u00e0 Amazon<\/span><br \/>\n                    <\/span><br \/>\n                    <img decoding=\"async\" class=\"mt-0 h-(15px)\" src=\"https:\/\/vieassociative.be\/actualites\/wp-content\/uploads\/2025\/07\/Ce-couteau-a-8-est-le-seul-achat-que.svg.svg+xml\" title=\"Amazon Prime\" alt=\"Amazon Prime\">\n            <\/div>\n<\/p><\/div>\n<\/p><\/div>\n<\/p><\/div>\n<\/p><\/div>\n<\/div>\n<h2 id=\"a-box-cutter-produced-by-a-former-japanese-sword-company\">Un coupe-bo\u00eete produit par une ancienne entreprise d&rsquo;\u00e9p\u00e9e japonaise<\/h2>\n<p>Ce couteau \u00e0 8 $ &#8211; oui, il est vendu sur Amazon, bien que le mien m&rsquo;ait \u00e9t\u00e9 exp\u00e9di\u00e9 dans une enveloppe rembourr\u00e9e plut\u00f4t que dans une bo\u00eete &#8211; est fabriqu\u00e9e au Japon par une entreprise appel\u00e9e Hasegawa Cutlery, qui a commenc\u00e9 il y a pr\u00e8s de 100 ans \u00e0 polir et \u00e0 broyer des \u00e9p\u00e9es (la partie \u00ab\u00a0Cutlery\u00a0\u00bb a \u00e9t\u00e9 ajout\u00e9e au nom apr\u00e8s la Seconde Guerre mondiale, lorsque l&rsquo;entreprise a commenc\u00e9 \u00e0 produire des scepseurs). Le langage marketing de Hasegawa sugg\u00e8re que la soci\u00e9t\u00e9 a apport\u00e9 toute son expertise japonaise \u00e0 la fabrication d&rsquo;\u00e9p\u00e9es pour cr\u00e9er des biens de consommation, et m\u00eame si je n&rsquo;ai jamais essay\u00e9 de d\u00e9composer une pile de bo\u00eetes d&rsquo;exp\u00e9dition avec une \u00e9p\u00e9e, je ne peux pas imaginer que ce serait beaucoup plus facile que d&rsquo;utiliser mon canari. <\/p>\n<p>Mes m\u00e9thodes pr\u00e9c\u00e9dentes pour couper le carton &#8211; des ciseaux de kitchen ou un couteau \u00e0 steak (ne soyez pas comme moi, les enfants!) &#8211; \u00e9taient loin d&rsquo;\u00eatre efficaces, et les couteaux utilitaires, bien que certainement une am\u00e9lioration, ne sont pas excellents dans la t\u00e2che non plus. Le carton est rigide et fibreux, donc bien qu&rsquo;une lame de rasoir puisse la trancher assez facilement, il est difficile d&rsquo;en utiliser un pour faire une coupe contr\u00f4l\u00e9e, car la lame se carisera hors des courses si vous essayez d&rsquo;aller \u00e0 l&rsquo;encontre du \u00ab\u00a0grain\u00a0\u00bb, pour ainsi dire; Les lames utilitaires sont \u00e9galement ternes rapidement, mais resteront toujours suffisamment tranchantes pour vous couper facilement si vous les g\u00e9rez incorrectement.<\/p>\n<div class=\"pogoClear relative my-10 border-b-(1.5px) border-t-(1.5px) border-dashed border-black py-5 sm:my-14 sm:border-0 sm:py-0\" data-ga-click data-ga-template=\"Opinions\" data-ga-module=\"openweb_widget\" data-ga-element=\"openweb_scroll\" data-ga-item=\"openweb_scroll_midpage\" x-data=\"{\n         commentsCount: null,\n         hasComments: false,\n         async fetchCommentsCount() {\n             try {\n                 if (window.openweb &amp;&amp; typeof window.openweb.getMessagesCount === 'function') {\n                     this.commentsCount = await window.openweb.getMessagesCount('119711');\n                     this.hasComments = this.commentsCount !== null &amp;&amp; this.commentsCount &gt; 0;\n                 }\n             } catch (e) {\n                 console.warn('Failed to fetch comment count:', e);\n             }\n         }\n     }\" x-init=\"fetchCommentsCount()\" x-cloak><\/p>\n<div class=\"absolute top-1\/2 hidden w-full -translate-y-1\/2 border-t-(1.5px) border-dashed border-black sm:block\"><\/div>\n<div class=\"relative flex justify-center\">\n<div class=\"flex max-w-fit items-center gap-x-3 bg-white px-5\">\n<div class=\"relative\">\n                <span class=\"absolute left-1\/2 top-1\/2 -translate-x-1\/2 -translate-y-1\/2 font-akshar text-sm font-medium text-black\" aria-live=\"polite\" x-show=\"hasComments\" x-text=\"commentsCount\"><\/span><\/p>\n<p>                <svg class=\"h-8 w-8 text-black\" role=\"img\" aria-hidden=\"true\">\n                    <use href=\"http:\/\/lifehacker.com\/images\/icons\/spritemap.svg#sprite-chat-bubble\"><\/use>\n                <\/svg>\n            <\/div>\n<p>            <span class=\"text-sm font-medium text-black\"><\/p>\n<p>                Que pensez-vous jusqu&rsquo;\u00e0 pr\u00e9sent?<br \/>\n                <button class=\"ml-1 font-semibold text-brand-green underline hover:text-brand-green-700\" type=\"button\" aria-label=\"Comment section trigger\" onclick=\"window.openweb.scrollToComments('119711')\" x-text=\"hasComments ? 'Post a comment.' : 'Be the first to post a comment.'\"><\/button><br \/>\n            <\/span>\n        <\/div>\n<\/p><\/div>\n<\/div>\n<p>Les bords de service polyvalents du canari, en revanche, semblent couper du carton comme du beurre, que vous alliez avec ou contre le grain, en poussant la lame ou en le tirant, ou en faisant un mouvement de sciage; Sa lame reste tranchante et ne vous coupera pas aussi facilement. (Ces qualit\u00e9s ont fait de The Canary un favori des artisans qui travaillent avec du carton.)<\/p>\n<div class=\"mx-auto mt-8 w-full max-w-4xl aspect-video\">\n<div id=\"video-container-yYTsmczDByE\"><\/div>\n<\/div>\n<p>Je ne suis pas du type d&rsquo;artisanat, mais j&rsquo;ai utilis\u00e9 mon canari sur les bo\u00eetes \u00e0 la fois petit et grand. Dans environ une minute, j&rsquo;ai coup\u00e9 la grande bo\u00eete que mon d\u00e9shumidificateur a exp\u00e9di\u00e9, laissant une pile soign\u00e9e de petits morceaux de carton qui sont faciles \u00e0 attacher pour le recyclage. Le couteau fonctionne aussi bien sur les bo\u00eetes en carton plus l\u00e9g\u00e8res comme ces utilisations d&rsquo;Amazon, et les plus \u00e9paisses, comme les gar\u00e7ons costauds qui contenaient mes meubles cibles Flatpack. <\/p>\n<p>Il semble exag\u00e9r\u00e9 d&rsquo;appeler cette petite lame qui change la vie, mais cela m&rsquo;a d\u00e9finitivement fait gagner beaucoup de temps &#8211; beaucoup plus de 8 $.<\/p>\n","protected":false},"excerpt":{"rendered":"<p>Craignez-moi, bo\u00eetes en carton! Comme de nombreux Am\u00e9ricains, je d\u00e9plore le fait que les achats en ligne nuisent aux entreprises locales, qui ne peuvent pas<\/p>\n","protected":false},"author":1,"featured_media":8536,"comment_status":"","ping_status":"","sticky":false,"template":"","format":"standard","meta":{"footnotes":""},"categories":[40],"tags":[3909,142,4556,1086,76,127,2877,610,1236,4],"class_list":["post-8535","post","type-post","status-publish","format-standard","has-post-thumbnail","hentry","category-maison","tag-achat","tag-avant","tag-couteau","tag-devez","tag-est","tag-faire","tag-journee","tag-premiere","tag-seul","tag-vous","generate-columns","tablet-grid-50","mobile-grid-100","grid-parent","grid-33"],"yoast_head":"<!-- This site is optimized with the Yoast SEO plugin v24.0 - https:\/\/yoast.com\/wordpress\/plugins\/seo\/ -->\n<title>Ce couteau \u00e0 8 $ est le seul achat que vous devez faire avant la premi\u00e8re journ\u00e9e | Vie Associative<\/title>\n<meta name=\"robots\" content=\"index, follow, max-snippet:-1, max-image-preview:large, max-video-preview:-1\" \/>\n<link rel=\"canonical\" href=\"https:\/\/vieassociative.be\/actualites\/ce-couteau-a-8-est-le-seul-achat-que-vous-devez-faire-avant-la-premiere-journee\/\" \/>\n<meta property=\"og:locale\" content=\"fr_FR\" \/>\n<meta property=\"og:type\" content=\"article\" \/>\n<meta property=\"og:title\" content=\"Ce couteau \u00e0 8 $ est le seul achat que vous devez faire avant la premi\u00e8re journ\u00e9e | Vie Associative\" \/>\n<meta property=\"og:description\" content=\"Craignez-moi, bo\u00eetes en carton! Comme de nombreux Am\u00e9ricains, je d\u00e9plore le fait que les achats en ligne nuisent aux entreprises locales, qui ne peuvent pas\" \/>\n<meta property=\"og:url\" content=\"https:\/\/vieassociative.be\/actualites\/ce-couteau-a-8-est-le-seul-achat-que-vous-devez-faire-avant-la-premiere-journee\/\" \/>\n<meta property=\"og:site_name\" content=\"Vie Associative\" \/>\n<meta property=\"article:published_time\" content=\"2025-07-04T19:17:15+00:00\" \/>\n<meta property=\"og:image\" content=\"https:\/\/vieassociative.be\/actualites\/wp-content\/uploads\/2025\/07\/Ce-couteau-a-8-est-le-seul-achat-que.svg.svg+xml\" \/>\n<meta name=\"author\" content=\"Julien\" \/>\n<meta name=\"twitter:card\" content=\"summary_large_image\" \/>\n<meta name=\"twitter:label1\" content=\"\u00c9crit par\" \/>\n\t<meta name=\"twitter:data1\" content=\"Julien\" \/>\n\t<meta name=\"twitter:label2\" content=\"Dur\u00e9e de lecture est.\" \/>\n\t<meta name=\"twitter:data2\" content=\"4 minutes\" \/>\n<script type=\"application\/ld+json\" class=\"yoast-schema-graph\">{\"@context\":\"https:\/\/schema.org\",\"@graph\":[{\"@type\":\"Article\",\"@id\":\"https:\/\/vieassociative.be\/actualites\/ce-couteau-a-8-est-le-seul-achat-que-vous-devez-faire-avant-la-premiere-journee\/#article\",\"isPartOf\":{\"@id\":\"https:\/\/vieassociative.be\/actualites\/ce-couteau-a-8-est-le-seul-achat-que-vous-devez-faire-avant-la-premiere-journee\/\"},\"author\":{\"name\":\"Julien\",\"@id\":\"https:\/\/vieassociative.be\/actualites\/#\/schema\/person\/b87ac4f82f9d4e7b7cec7395b679edc4\"},\"headline\":\"Ce couteau \u00e0 8 $ est le seul achat que vous devez faire avant la premi\u00e8re journ\u00e9e\",\"datePublished\":\"2025-07-04T19:17:15+00:00\",\"dateModified\":\"2025-07-04T19:17:15+00:00\",\"mainEntityOfPage\":{\"@id\":\"https:\/\/vieassociative.be\/actualites\/ce-couteau-a-8-est-le-seul-achat-que-vous-devez-faire-avant-la-premiere-journee\/\"},\"wordCount\":767,\"publisher\":{\"@id\":\"https:\/\/vieassociative.be\/actualites\/#organization\"},\"image\":{\"@id\":\"https:\/\/vieassociative.be\/actualites\/ce-couteau-a-8-est-le-seul-achat-que-vous-devez-faire-avant-la-premiere-journee\/#primaryimage\"},\"thumbnailUrl\":\"https:\/\/vieassociative.be\/actualites\/wp-content\/uploads\/2025\/07\/Ce-couteau-a-8-est-le-seul-achat-que.png\",\"keywords\":[\"achat\",\"avant\",\"couteau\",\"devez\",\"est\",\"faire\",\"journ\u00e9e\",\"premi\u00e8re\",\"seul\",\"Vous\"],\"articleSection\":[\"Maison\"],\"inLanguage\":\"fr-BE\"},{\"@type\":\"WebPage\",\"@id\":\"https:\/\/vieassociative.be\/actualites\/ce-couteau-a-8-est-le-seul-achat-que-vous-devez-faire-avant-la-premiere-journee\/\",\"url\":\"https:\/\/vieassociative.be\/actualites\/ce-couteau-a-8-est-le-seul-achat-que-vous-devez-faire-avant-la-premiere-journee\/\",\"name\":\"Ce couteau \u00e0 8 $ est le seul achat que vous devez faire avant la premi\u00e8re journ\u00e9e | Vie Associative\",\"isPartOf\":{\"@id\":\"https:\/\/vieassociative.be\/actualites\/#website\"},\"primaryImageOfPage\":{\"@id\":\"https:\/\/vieassociative.be\/actualites\/ce-couteau-a-8-est-le-seul-achat-que-vous-devez-faire-avant-la-premiere-journee\/#primaryimage\"},\"image\":{\"@id\":\"https:\/\/vieassociative.be\/actualites\/ce-couteau-a-8-est-le-seul-achat-que-vous-devez-faire-avant-la-premiere-journee\/#primaryimage\"},\"thumbnailUrl\":\"https:\/\/vieassociative.be\/actualites\/wp-content\/uploads\/2025\/07\/Ce-couteau-a-8-est-le-seul-achat-que.png\",\"datePublished\":\"2025-07-04T19:17:15+00:00\",\"dateModified\":\"2025-07-04T19:17:15+00:00\",\"breadcrumb\":{\"@id\":\"https:\/\/vieassociative.be\/actualites\/ce-couteau-a-8-est-le-seul-achat-que-vous-devez-faire-avant-la-premiere-journee\/#breadcrumb\"},\"inLanguage\":\"fr-BE\",\"potentialAction\":[{\"@type\":\"ReadAction\",\"target\":[\"https:\/\/vieassociative.be\/actualites\/ce-couteau-a-8-est-le-seul-achat-que-vous-devez-faire-avant-la-premiere-journee\/\"]}]},{\"@type\":\"ImageObject\",\"inLanguage\":\"fr-BE\",\"@id\":\"https:\/\/vieassociative.be\/actualites\/ce-couteau-a-8-est-le-seul-achat-que-vous-devez-faire-avant-la-premiere-journee\/#primaryimage\",\"url\":\"https:\/\/vieassociative.be\/actualites\/wp-content\/uploads\/2025\/07\/Ce-couteau-a-8-est-le-seul-achat-que.png\",\"contentUrl\":\"https:\/\/vieassociative.be\/actualites\/wp-content\/uploads\/2025\/07\/Ce-couteau-a-8-est-le-seul-achat-que.png\",\"width\":1200,\"height\":675,\"caption\":\"Ce couteau \u00e0 8 $ est le seul achat que vous devez faire avant la premi\u00e8re journ\u00e9e\"},{\"@type\":\"BreadcrumbList\",\"@id\":\"https:\/\/vieassociative.be\/actualites\/ce-couteau-a-8-est-le-seul-achat-que-vous-devez-faire-avant-la-premiere-journee\/#breadcrumb\",\"itemListElement\":[{\"@type\":\"ListItem\",\"position\":1,\"name\":\"Accueil\",\"item\":\"https:\/\/vieassociative.be\/actualites\/\"},{\"@type\":\"ListItem\",\"position\":2,\"name\":\"Ce couteau \u00e0 8 $ est le seul achat que vous devez faire avant la premi\u00e8re journ\u00e9e\"}]},{\"@type\":\"WebSite\",\"@id\":\"https:\/\/vieassociative.be\/actualites\/#website\",\"url\":\"https:\/\/vieassociative.be\/actualites\/\",\"name\":\"Vie Associative\",\"description\":\"\",\"publisher\":{\"@id\":\"https:\/\/vieassociative.be\/actualites\/#organization\"},\"potentialAction\":[{\"@type\":\"SearchAction\",\"target\":{\"@type\":\"EntryPoint\",\"urlTemplate\":\"https:\/\/vieassociative.be\/actualites\/?s={search_term_string}\"},\"query-input\":{\"@type\":\"PropertyValueSpecification\",\"valueRequired\":true,\"valueName\":\"search_term_string\"}}],\"inLanguage\":\"fr-BE\"},{\"@type\":\"Organization\",\"@id\":\"https:\/\/vieassociative.be\/actualites\/#organization\",\"name\":\"Vie Associative\",\"url\":\"https:\/\/vieassociative.be\/actualites\/\",\"logo\":{\"@type\":\"ImageObject\",\"inLanguage\":\"fr-BE\",\"@id\":\"https:\/\/vieassociative.be\/actualites\/#\/schema\/logo\/image\/\",\"url\":\"https:\/\/vieassociative.be\/actualites\/wp-content\/uploads\/2024\/09\/cropped-vieassociative_favicon.ico.png\",\"contentUrl\":\"https:\/\/vieassociative.be\/actualites\/wp-content\/uploads\/2024\/09\/cropped-vieassociative_favicon.ico.png\",\"width\":512,\"height\":512,\"caption\":\"Vie Associative\"},\"image\":{\"@id\":\"https:\/\/vieassociative.be\/actualites\/#\/schema\/logo\/image\/\"}},{\"@type\":\"Person\",\"@id\":\"https:\/\/vieassociative.be\/actualites\/#\/schema\/person\/b87ac4f82f9d4e7b7cec7395b679edc4\",\"name\":\"Julien\",\"image\":{\"@type\":\"ImageObject\",\"inLanguage\":\"fr-BE\",\"@id\":\"https:\/\/vieassociative.be\/actualites\/#\/schema\/person\/image\/\",\"url\":\"https:\/\/vieassociative.be\/actualites\/wp-content\/uploads\/2024\/09\/vie-associative-1-150x150.jpg\",\"contentUrl\":\"https:\/\/vieassociative.be\/actualites\/wp-content\/uploads\/2024\/09\/vie-associative-1-150x150.jpg\",\"caption\":\"Julien\"},\"description\":\"Je suis Julien, r\u00e9dacteur pour Vie Associative. Passionn\u00e9 par le monde associatif depuis plus de 10 ans, j'ai \u00e0 c\u0153ur de partager des histoires inspirantes et de mettre en lumi\u00e8re les initiatives locales. Mon objectif est de sensibiliser et d'encourager l'engagement communautaire \u00e0 travers mes articles.\",\"sameAs\":[\"https:\/\/vieassociative.be\/\"]}]}<\/script>\n<!-- \/ Yoast SEO plugin. -->","yoast_head_json":{"title":"Ce couteau \u00e0 8 $ est le seul achat que vous devez faire avant la premi\u00e8re journ\u00e9e | Vie Associative","robots":{"index":"index","follow":"follow","max-snippet":"max-snippet:-1","max-image-preview":"max-image-preview:large","max-video-preview":"max-video-preview:-1"},"canonical":"https:\/\/vieassociative.be\/actualites\/ce-couteau-a-8-est-le-seul-achat-que-vous-devez-faire-avant-la-premiere-journee\/","og_locale":"fr_FR","og_type":"article","og_title":"Ce couteau \u00e0 8 $ est le seul achat que vous devez faire avant la premi\u00e8re journ\u00e9e | Vie Associative","og_description":"Craignez-moi, bo\u00eetes en carton! Comme de nombreux Am\u00e9ricains, je d\u00e9plore le fait que les achats en ligne nuisent aux entreprises locales, qui ne peuvent pas","og_url":"https:\/\/vieassociative.be\/actualites\/ce-couteau-a-8-est-le-seul-achat-que-vous-devez-faire-avant-la-premiere-journee\/","og_site_name":"Vie Associative","article_published_time":"2025-07-04T19:17:15+00:00","og_image":[{"url":"https:\/\/vieassociative.be\/actualites\/wp-content\/uploads\/2025\/07\/Ce-couteau-a-8-est-le-seul-achat-que.svg.svg+xml","type":"","width":"","height":""}],"author":"Julien","twitter_card":"summary_large_image","twitter_misc":{"\u00c9crit par":"Julien","Dur\u00e9e de lecture est.":"4 minutes"},"schema":{"@context":"https:\/\/schema.org","@graph":[{"@type":"Article","@id":"https:\/\/vieassociative.be\/actualites\/ce-couteau-a-8-est-le-seul-achat-que-vous-devez-faire-avant-la-premiere-journee\/#article","isPartOf":{"@id":"https:\/\/vieassociative.be\/actualites\/ce-couteau-a-8-est-le-seul-achat-que-vous-devez-faire-avant-la-premiere-journee\/"},"author":{"name":"Julien","@id":"https:\/\/vieassociative.be\/actualites\/#\/schema\/person\/b87ac4f82f9d4e7b7cec7395b679edc4"},"headline":"Ce couteau \u00e0 8 $ est le seul achat que vous devez faire avant la premi\u00e8re journ\u00e9e","datePublished":"2025-07-04T19:17:15+00:00","dateModified":"2025-07-04T19:17:15+00:00","mainEntityOfPage":{"@id":"https:\/\/vieassociative.be\/actualites\/ce-couteau-a-8-est-le-seul-achat-que-vous-devez-faire-avant-la-premiere-journee\/"},"wordCount":767,"publisher":{"@id":"https:\/\/vieassociative.be\/actualites\/#organization"},"image":{"@id":"https:\/\/vieassociative.be\/actualites\/ce-couteau-a-8-est-le-seul-achat-que-vous-devez-faire-avant-la-premiere-journee\/#primaryimage"},"thumbnailUrl":"https:\/\/vieassociative.be\/actualites\/wp-content\/uploads\/2025\/07\/Ce-couteau-a-8-est-le-seul-achat-que.png","keywords":["achat","avant","couteau","devez","est","faire","journ\u00e9e","premi\u00e8re","seul","Vous"],"articleSection":["Maison"],"inLanguage":"fr-BE"},{"@type":"WebPage","@id":"https:\/\/vieassociative.be\/actualites\/ce-couteau-a-8-est-le-seul-achat-que-vous-devez-faire-avant-la-premiere-journee\/","url":"https:\/\/vieassociative.be\/actualites\/ce-couteau-a-8-est-le-seul-achat-que-vous-devez-faire-avant-la-premiere-journee\/","name":"Ce couteau \u00e0 8 $ est le seul achat que vous devez faire avant la premi\u00e8re journ\u00e9e | Vie Associative","isPartOf":{"@id":"https:\/\/vieassociative.be\/actualites\/#website"},"primaryImageOfPage":{"@id":"https:\/\/vieassociative.be\/actualites\/ce-couteau-a-8-est-le-seul-achat-que-vous-devez-faire-avant-la-premiere-journee\/#primaryimage"},"image":{"@id":"https:\/\/vieassociative.be\/actualites\/ce-couteau-a-8-est-le-seul-achat-que-vous-devez-faire-avant-la-premiere-journee\/#primaryimage"},"thumbnailUrl":"https:\/\/vieassociative.be\/actualites\/wp-content\/uploads\/2025\/07\/Ce-couteau-a-8-est-le-seul-achat-que.png","datePublished":"2025-07-04T19:17:15+00:00","dateModified":"2025-07-04T19:17:15+00:00","breadcrumb":{"@id":"https:\/\/vieassociative.be\/actualites\/ce-couteau-a-8-est-le-seul-achat-que-vous-devez-faire-avant-la-premiere-journee\/#breadcrumb"},"inLanguage":"fr-BE","potentialAction":[{"@type":"ReadAction","target":["https:\/\/vieassociative.be\/actualites\/ce-couteau-a-8-est-le-seul-achat-que-vous-devez-faire-avant-la-premiere-journee\/"]}]},{"@type":"ImageObject","inLanguage":"fr-BE","@id":"https:\/\/vieassociative.be\/actualites\/ce-couteau-a-8-est-le-seul-achat-que-vous-devez-faire-avant-la-premiere-journee\/#primaryimage","url":"https:\/\/vieassociative.be\/actualites\/wp-content\/uploads\/2025\/07\/Ce-couteau-a-8-est-le-seul-achat-que.png","contentUrl":"https:\/\/vieassociative.be\/actualites\/wp-content\/uploads\/2025\/07\/Ce-couteau-a-8-est-le-seul-achat-que.png","width":1200,"height":675,"caption":"Ce couteau \u00e0 8 $ est le seul achat que vous devez faire avant la premi\u00e8re journ\u00e9e"},{"@type":"BreadcrumbList","@id":"https:\/\/vieassociative.be\/actualites\/ce-couteau-a-8-est-le-seul-achat-que-vous-devez-faire-avant-la-premiere-journee\/#breadcrumb","itemListElement":[{"@type":"ListItem","position":1,"name":"Accueil","item":"https:\/\/vieassociative.be\/actualites\/"},{"@type":"ListItem","position":2,"name":"Ce couteau \u00e0 8 $ est le seul achat que vous devez faire avant la premi\u00e8re journ\u00e9e"}]},{"@type":"WebSite","@id":"https:\/\/vieassociative.be\/actualites\/#website","url":"https:\/\/vieassociative.be\/actualites\/","name":"Vie Associative","description":"","publisher":{"@id":"https:\/\/vieassociative.be\/actualites\/#organization"},"potentialAction":[{"@type":"SearchAction","target":{"@type":"EntryPoint","urlTemplate":"https:\/\/vieassociative.be\/actualites\/?s={search_term_string}"},"query-input":{"@type":"PropertyValueSpecification","valueRequired":true,"valueName":"search_term_string"}}],"inLanguage":"fr-BE"},{"@type":"Organization","@id":"https:\/\/vieassociative.be\/actualites\/#organization","name":"Vie Associative","url":"https:\/\/vieassociative.be\/actualites\/","logo":{"@type":"ImageObject","inLanguage":"fr-BE","@id":"https:\/\/vieassociative.be\/actualites\/#\/schema\/logo\/image\/","url":"https:\/\/vieassociative.be\/actualites\/wp-content\/uploads\/2024\/09\/cropped-vieassociative_favicon.ico.png","contentUrl":"https:\/\/vieassociative.be\/actualites\/wp-content\/uploads\/2024\/09\/cropped-vieassociative_favicon.ico.png","width":512,"height":512,"caption":"Vie Associative"},"image":{"@id":"https:\/\/vieassociative.be\/actualites\/#\/schema\/logo\/image\/"}},{"@type":"Person","@id":"https:\/\/vieassociative.be\/actualites\/#\/schema\/person\/b87ac4f82f9d4e7b7cec7395b679edc4","name":"Julien","image":{"@type":"ImageObject","inLanguage":"fr-BE","@id":"https:\/\/vieassociative.be\/actualites\/#\/schema\/person\/image\/","url":"https:\/\/vieassociative.be\/actualites\/wp-content\/uploads\/2024\/09\/vie-associative-1-150x150.jpg","contentUrl":"https:\/\/vieassociative.be\/actualites\/wp-content\/uploads\/2024\/09\/vie-associative-1-150x150.jpg","caption":"Julien"},"description":"Je suis Julien, r\u00e9dacteur pour Vie Associative. Passionn\u00e9 par le monde associatif depuis plus de 10 ans, j'ai \u00e0 c\u0153ur de partager des histoires inspirantes et de mettre en lumi\u00e8re les initiatives locales. Mon objectif est de sensibiliser et d'encourager l'engagement communautaire \u00e0 travers mes articles.","sameAs":["https:\/\/vieassociative.be\/"]}]}},"_links":{"self":[{"href":"https:\/\/vieassociative.be\/actualites\/wp-json\/wp\/v2\/posts\/8535"}],"collection":[{"href":"https:\/\/vieassociative.be\/actualites\/wp-json\/wp\/v2\/posts"}],"about":[{"href":"https:\/\/vieassociative.be\/actualites\/wp-json\/wp\/v2\/types\/post"}],"author":[{"embeddable":true,"href":"https:\/\/vieassociative.be\/actualites\/wp-json\/wp\/v2\/users\/1"}],"replies":[{"embeddable":true,"href":"https:\/\/vieassociative.be\/actualites\/wp-json\/wp\/v2\/comments?post=8535"}],"version-history":[{"count":0,"href":"https:\/\/vieassociative.be\/actualites\/wp-json\/wp\/v2\/posts\/8535\/revisions"}],"wp:featuredmedia":[{"embeddable":true,"href":"https:\/\/vieassociative.be\/actualites\/wp-json\/wp\/v2\/media\/8536"}],"wp:attachment":[{"href":"https:\/\/vieassociative.be\/actualites\/wp-json\/wp\/v2\/media?parent=8535"}],"wp:term":[{"taxonomy":"category","embeddable":true,"href":"https:\/\/vieassociative.be\/actualites\/wp-json\/wp\/v2\/categories?post=8535"},{"taxonomy":"post_tag","embeddable":true,"href":"https:\/\/vieassociative.be\/actualites\/wp-json\/wp\/v2\/tags?post=8535"}],"curies":[{"name":"wp","href":"https:\/\/api.w.org\/{rel}","templated":true}]}}