{"id":8532,"date":"2025-07-04T16:19:33","date_gmt":"2025-07-04T14:19:33","guid":{"rendered":"https:\/\/vieassociative.be\/actualites\/la-ville-de-cologne-cree-le-concept-de-terrain-de-jeu-a-lavenir-il-ne-devrait-y-avoir-que-des-zones-de-jeu-et-daction\/"},"modified":"2025-07-04T16:19:33","modified_gmt":"2025-07-04T14:19:33","slug":"la-ville-de-cologne-cree-le-concept-de-terrain-de-jeu-a-lavenir-il-ne-devrait-y-avoir-que-des-zones-de-jeu-et-daction","status":"publish","type":"post","link":"https:\/\/vieassociative.be\/actualites\/la-ville-de-cologne-cree-le-concept-de-terrain-de-jeu-a-lavenir-il-ne-devrait-y-avoir-que-des-zones-de-jeu-et-daction\/","title":{"rendered":"La ville de Cologne cr\u00e9e le concept de \u00ab\u00a0terrain de jeu\u00a0\u00bb &#8211; \u00e0 l&rsquo;avenir, il ne devrait y avoir que \u00ab\u00a0des zones de jeu et d&rsquo;action\u00a0\u00bb"},"content":{"rendered":"<p><strong>Les terrains de jeux sont maintenant renomm\u00e9s parce que le nom n&rsquo;est plus \u00e0 jour, explique la ville de Cologne. \u00c0 l&rsquo;avenir, vous vous rencontrerez sur \u00ab\u00a0les zones de jeu et d&rsquo;action\u00a0\u00bb.<\/strong><\/p>\n<p><span id=\"more-419138\"><\/span>La ville de Cologne abolit le nom \u00ab\u00a0Playground\u00a0\u00bb. Le terme est d\u00e9limit\u00e9 et est remplac\u00e9 par \u00ab\u00a0Play and Action Space\u00a0\u00bb, dit-il dans un message de l&rsquo;administration de la ville au comit\u00e9 de protection des jeunes.<\/p>\n<p>Petit \u00e0 petit, tous les signes doivent \u00eatre remplac\u00e9s dans les plus de 700 terrains de jeux. Les conceptions actuelles sont obsol\u00e8tes. Les terrains de jeux d&rsquo;aujourd&rsquo;hui devraient \u00ab\u00a0servir le s\u00e9jour prot\u00e9g\u00e9 des enfants et des jeunes dans l&rsquo;espace public\u00a0\u00bb et promouvoir la rencontre des citoyens de tous \u00e2ges, indique la lettre.<\/p>\n<div id=\"attachment_419187\" class=\"wp-caption alignleft\" style=\"max-width: 219px\"><img fetchpriority=\"high\" decoding=\"async\" class=\"wp-image-419187 size-medium\" src=\"https:\/\/vieassociative.be\/actualites\/wp-content\/uploads\/2025\/07\/La-ville-de-Cologne-cree-le-concept-de-terrain-de.jpg\" alt=\"\" width=\"219\" height=\"300\"  ><\/p>\n<p class=\"wp-caption-text\">02.07.2025, Rhin-Westphalie du Nord, Cologne: Le nouveau signe pr\u00e9vu, avec le nom \u00ab\u00a0Play and Action Zone\u00a0\u00bb, doit \u00eatre attach\u00e9 aux terrains de jeux \u00e0 Cologne \u00e0 l&rsquo;avenir. Photo: Ville de Cologne \/ DPA<\/p>\n<\/div>\n<p><strong>&#8211; Les zones de spiel doivent s&rsquo;adresser \u00e0 tous les groupes d&rsquo;\u00e2ge:<\/strong> \u00ab\u00a0En particulier, l&rsquo;id\u00e9e \u00e9tendue de l&rsquo;inclusion, qui prend en compte la diversit\u00e9 des utilisateurs dans le contexte de leur \u00e2ge, de leurs ant\u00e9c\u00e9dents culturels et de leurs handicaps possibles.\u00a0\u00bb Par cons\u00e9quent, \u00ab\u00a0Playground\u00a0\u00bb sera distribu\u00e9 \u00e0 l&rsquo;avenir \u00ab\u00a0.<\/p>\n<p>Les nouveaux panneaux montrent des figures color\u00e9es qui entra\u00eenent un skateboard, jouent \u00e0 la balle ou creuser dans le sable. Le nouveau design s&rsquo;adresse non seulement aux jeunes enfants, mais aussi aux jeunes, a d\u00e9clar\u00e9 une porte-parole.<\/p>\n<p>\u00c9tant donn\u00e9 que les signes n&rsquo;ont qu&rsquo;un caract\u00e8re d&rsquo;information et qu&rsquo;aucune importance de la loi de planification, le bruit de l&rsquo;enfant, qui est autrement courant dans les terrains de jeux, continue d&rsquo;\u00eatre autoris\u00e9, indique l&rsquo;annonce administrative. Que le terme \u00abjeu\u00bb se produit sur le panneau, les options d&rsquo;intervention s\u00e9curis\u00e9es du bureau de r\u00e9glementation si la zone n&rsquo;est pas correctement utilis\u00e9e.<\/p>\n<p><strong>&#8211; Le bruit des enfants est en outre autoris\u00e9:<\/strong> Les anciens signes qui ont besoin de r\u00e9novation doivent \u00eatre progressivement remplac\u00e9s de l&rsquo;automne sur une p\u00e9riode de plusieurs ann\u00e9es. \u00ab\u00a0Un \u00e9change d&rsquo;une signalisation encore fonctionnelle n&rsquo;a pas lieu\u00a0\u00bb, a soulign\u00e9 une porte-parole. Les co\u00fbts n&rsquo;ont pas pu \u00eatre quantifi\u00e9s, car ils d\u00e9pendent du prix individuel et de la quantit\u00e9 d&rsquo;ordre respective.<\/p>\n<p>L&rsquo;administration des jeunes a travaill\u00e9 pendant un an sur le d\u00e9veloppement de la conception et comprenait \u00e9galement des enfants et des jeunes. Pour ce processus de participation, la politique a rendu 38 000 euros disponibles dans le budget 2023. (DPA)<\/p>\n","protected":false},"excerpt":{"rendered":"<p>Les terrains de jeux sont maintenant renomm\u00e9s parce que le nom n&rsquo;est plus \u00e0 jour, explique la ville de Cologne. \u00c0 l&rsquo;avenir, vous vous rencontrerez<\/p>\n","protected":false},"author":1,"featured_media":8533,"comment_status":"","ping_status":"","sticky":false,"template":"","format":"standard","meta":{"footnotes":""},"categories":[298],"tags":[224,7071,7618,552,5413,29,238,477,2274,665,684,1940],"class_list":["post-8532","post","type-post","status-publish","format-standard","has-post-thumbnail","hentry","category-belgique","tag-avoir","tag-cologne","tag-concept","tag-cree","tag-daction","tag-des","tag-devrait","tag-jeu","tag-lavenir","tag-terrain","tag-ville","tag-zones","generate-columns","tablet-grid-50","mobile-grid-100","grid-parent","grid-33"],"yoast_head":"<!-- This site is optimized with the Yoast SEO plugin v24.0 - https:\/\/yoast.com\/wordpress\/plugins\/seo\/ -->\n<title>La ville de Cologne cr\u00e9e le concept de &quot;terrain de jeu&quot; - \u00e0 l&#039;avenir, il ne devrait y avoir que &quot;des zones de jeu et d&#039;action&quot; | Vie Associative<\/title>\n<meta name=\"robots\" content=\"index, follow, max-snippet:-1, max-image-preview:large, max-video-preview:-1\" \/>\n<link rel=\"canonical\" href=\"https:\/\/vieassociative.be\/actualites\/la-ville-de-cologne-cree-le-concept-de-terrain-de-jeu-a-lavenir-il-ne-devrait-y-avoir-que-des-zones-de-jeu-et-daction\/\" \/>\n<meta property=\"og:locale\" content=\"fr_FR\" \/>\n<meta property=\"og:type\" content=\"article\" \/>\n<meta property=\"og:title\" content=\"La ville de Cologne cr\u00e9e le concept de &quot;terrain de jeu&quot; - \u00e0 l&#039;avenir, il ne devrait y avoir que &quot;des zones de jeu et d&#039;action&quot; | Vie Associative\" \/>\n<meta property=\"og:description\" content=\"Les terrains de jeux sont maintenant renomm\u00e9s parce que le nom n&rsquo;est plus \u00e0 jour, explique la ville de Cologne. \u00c0 l&rsquo;avenir, vous vous rencontrerez\" \/>\n<meta property=\"og:url\" content=\"https:\/\/vieassociative.be\/actualites\/la-ville-de-cologne-cree-le-concept-de-terrain-de-jeu-a-lavenir-il-ne-devrait-y-avoir-que-des-zones-de-jeu-et-daction\/\" \/>\n<meta property=\"og:site_name\" content=\"Vie Associative\" \/>\n<meta property=\"article:published_time\" content=\"2025-07-04T14:19:33+00:00\" \/>\n<meta property=\"og:image\" content=\"https:\/\/vieassociative.be\/actualites\/wp-content\/uploads\/2024\/09\/header_backgroundk-01-e1726694325946.png\" \/>\n\t<meta property=\"og:image:width\" content=\"279\" \/>\n\t<meta property=\"og:image:height\" content=\"92\" \/>\n\t<meta property=\"og:image:type\" content=\"image\/png\" \/>\n<meta name=\"author\" content=\"Julien\" \/>\n<meta name=\"twitter:card\" content=\"summary_large_image\" \/>\n<meta name=\"twitter:label1\" content=\"\u00c9crit par\" \/>\n\t<meta name=\"twitter:data1\" content=\"Julien\" \/>\n\t<meta name=\"twitter:label2\" content=\"Dur\u00e9e de lecture est.\" \/>\n\t<meta name=\"twitter:data2\" content=\"2 minutes\" \/>\n<script type=\"application\/ld+json\" class=\"yoast-schema-graph\">{\"@context\":\"https:\/\/schema.org\",\"@graph\":[{\"@type\":\"Article\",\"@id\":\"https:\/\/vieassociative.be\/actualites\/la-ville-de-cologne-cree-le-concept-de-terrain-de-jeu-a-lavenir-il-ne-devrait-y-avoir-que-des-zones-de-jeu-et-daction\/#article\",\"isPartOf\":{\"@id\":\"https:\/\/vieassociative.be\/actualites\/la-ville-de-cologne-cree-le-concept-de-terrain-de-jeu-a-lavenir-il-ne-devrait-y-avoir-que-des-zones-de-jeu-et-daction\/\"},\"author\":{\"name\":\"Julien\",\"@id\":\"https:\/\/vieassociative.be\/actualites\/#\/schema\/person\/b87ac4f82f9d4e7b7cec7395b679edc4\"},\"headline\":\"La ville de Cologne cr\u00e9e le concept de \u00ab\u00a0terrain de jeu\u00a0\u00bb &#8211; \u00e0 l&rsquo;avenir, il ne devrait y avoir que \u00ab\u00a0des zones de jeu et d&rsquo;action\u00a0\u00bb\",\"datePublished\":\"2025-07-04T14:19:33+00:00\",\"dateModified\":\"2025-07-04T14:19:33+00:00\",\"mainEntityOfPage\":{\"@id\":\"https:\/\/vieassociative.be\/actualites\/la-ville-de-cologne-cree-le-concept-de-terrain-de-jeu-a-lavenir-il-ne-devrait-y-avoir-que-des-zones-de-jeu-et-daction\/\"},\"wordCount\":468,\"publisher\":{\"@id\":\"https:\/\/vieassociative.be\/actualites\/#organization\"},\"image\":{\"@id\":\"https:\/\/vieassociative.be\/actualites\/la-ville-de-cologne-cree-le-concept-de-terrain-de-jeu-a-lavenir-il-ne-devrait-y-avoir-que-des-zones-de-jeu-et-daction\/#primaryimage\"},\"thumbnailUrl\":\"https:\/\/vieassociative.be\/actualites\/wp-content\/uploads\/2025\/07\/1751638774_La-ville-de-Cologne-cree-le-concept-de-terrain-de.jpg\",\"keywords\":[\"avoir\",\"Cologne\",\"concept\",\"cr\u00e9e\",\"daction\",\"Des\",\"devrait\",\"jeu\",\"lavenir\",\"terrain\",\"ville\",\"zones\"],\"articleSection\":[\"Belgique\"],\"inLanguage\":\"fr-BE\"},{\"@type\":\"WebPage\",\"@id\":\"https:\/\/vieassociative.be\/actualites\/la-ville-de-cologne-cree-le-concept-de-terrain-de-jeu-a-lavenir-il-ne-devrait-y-avoir-que-des-zones-de-jeu-et-daction\/\",\"url\":\"https:\/\/vieassociative.be\/actualites\/la-ville-de-cologne-cree-le-concept-de-terrain-de-jeu-a-lavenir-il-ne-devrait-y-avoir-que-des-zones-de-jeu-et-daction\/\",\"name\":\"La ville de Cologne cr\u00e9e le concept de \\\"terrain de jeu\\\" - \u00e0 l'avenir, il ne devrait y avoir que \\\"des zones de jeu et d'action\\\" | Vie Associative\",\"isPartOf\":{\"@id\":\"https:\/\/vieassociative.be\/actualites\/#website\"},\"primaryImageOfPage\":{\"@id\":\"https:\/\/vieassociative.be\/actualites\/la-ville-de-cologne-cree-le-concept-de-terrain-de-jeu-a-lavenir-il-ne-devrait-y-avoir-que-des-zones-de-jeu-et-daction\/#primaryimage\"},\"image\":{\"@id\":\"https:\/\/vieassociative.be\/actualites\/la-ville-de-cologne-cree-le-concept-de-terrain-de-jeu-a-lavenir-il-ne-devrait-y-avoir-que-des-zones-de-jeu-et-daction\/#primaryimage\"},\"thumbnailUrl\":\"https:\/\/vieassociative.be\/actualites\/wp-content\/uploads\/2025\/07\/1751638774_La-ville-de-Cologne-cree-le-concept-de-terrain-de.jpg\",\"datePublished\":\"2025-07-04T14:19:33+00:00\",\"dateModified\":\"2025-07-04T14:19:33+00:00\",\"breadcrumb\":{\"@id\":\"https:\/\/vieassociative.be\/actualites\/la-ville-de-cologne-cree-le-concept-de-terrain-de-jeu-a-lavenir-il-ne-devrait-y-avoir-que-des-zones-de-jeu-et-daction\/#breadcrumb\"},\"inLanguage\":\"fr-BE\",\"potentialAction\":[{\"@type\":\"ReadAction\",\"target\":[\"https:\/\/vieassociative.be\/actualites\/la-ville-de-cologne-cree-le-concept-de-terrain-de-jeu-a-lavenir-il-ne-devrait-y-avoir-que-des-zones-de-jeu-et-daction\/\"]}]},{\"@type\":\"ImageObject\",\"inLanguage\":\"fr-BE\",\"@id\":\"https:\/\/vieassociative.be\/actualites\/la-ville-de-cologne-cree-le-concept-de-terrain-de-jeu-a-lavenir-il-ne-devrait-y-avoir-que-des-zones-de-jeu-et-daction\/#primaryimage\",\"url\":\"https:\/\/vieassociative.be\/actualites\/wp-content\/uploads\/2025\/07\/1751638774_La-ville-de-Cologne-cree-le-concept-de-terrain-de.jpg\",\"contentUrl\":\"https:\/\/vieassociative.be\/actualites\/wp-content\/uploads\/2025\/07\/1751638774_La-ville-de-Cologne-cree-le-concept-de-terrain-de.jpg\",\"width\":1200,\"height\":800,\"caption\":\"La ville de Cologne cr\u00e9e le concept de \\\"terrain de jeu\\\" - \u00e0 l'avenir, il ne devrait y avoir que \\\"des zones de jeu et d'action\\\"\"},{\"@type\":\"BreadcrumbList\",\"@id\":\"https:\/\/vieassociative.be\/actualites\/la-ville-de-cologne-cree-le-concept-de-terrain-de-jeu-a-lavenir-il-ne-devrait-y-avoir-que-des-zones-de-jeu-et-daction\/#breadcrumb\",\"itemListElement\":[{\"@type\":\"ListItem\",\"position\":1,\"name\":\"Accueil\",\"item\":\"https:\/\/vieassociative.be\/actualites\/\"},{\"@type\":\"ListItem\",\"position\":2,\"name\":\"La ville de Cologne cr\u00e9e le concept de \u00ab\u00a0terrain de jeu\u00a0\u00bb &#8211; \u00e0 l&rsquo;avenir, il ne devrait y avoir que \u00ab\u00a0des zones de jeu et d&rsquo;action\u00a0\u00bb\"}]},{\"@type\":\"WebSite\",\"@id\":\"https:\/\/vieassociative.be\/actualites\/#website\",\"url\":\"https:\/\/vieassociative.be\/actualites\/\",\"name\":\"Vie Associative\",\"description\":\"\",\"publisher\":{\"@id\":\"https:\/\/vieassociative.be\/actualites\/#organization\"},\"potentialAction\":[{\"@type\":\"SearchAction\",\"target\":{\"@type\":\"EntryPoint\",\"urlTemplate\":\"https:\/\/vieassociative.be\/actualites\/?s={search_term_string}\"},\"query-input\":{\"@type\":\"PropertyValueSpecification\",\"valueRequired\":true,\"valueName\":\"search_term_string\"}}],\"inLanguage\":\"fr-BE\"},{\"@type\":\"Organization\",\"@id\":\"https:\/\/vieassociative.be\/actualites\/#organization\",\"name\":\"Vie Associative\",\"url\":\"https:\/\/vieassociative.be\/actualites\/\",\"logo\":{\"@type\":\"ImageObject\",\"inLanguage\":\"fr-BE\",\"@id\":\"https:\/\/vieassociative.be\/actualites\/#\/schema\/logo\/image\/\",\"url\":\"https:\/\/vieassociative.be\/actualites\/wp-content\/uploads\/2024\/09\/cropped-vieassociative_favicon.ico.png\",\"contentUrl\":\"https:\/\/vieassociative.be\/actualites\/wp-content\/uploads\/2024\/09\/cropped-vieassociative_favicon.ico.png\",\"width\":512,\"height\":512,\"caption\":\"Vie Associative\"},\"image\":{\"@id\":\"https:\/\/vieassociative.be\/actualites\/#\/schema\/logo\/image\/\"}},{\"@type\":\"Person\",\"@id\":\"https:\/\/vieassociative.be\/actualites\/#\/schema\/person\/b87ac4f82f9d4e7b7cec7395b679edc4\",\"name\":\"Julien\",\"image\":{\"@type\":\"ImageObject\",\"inLanguage\":\"fr-BE\",\"@id\":\"https:\/\/vieassociative.be\/actualites\/#\/schema\/person\/image\/\",\"url\":\"https:\/\/vieassociative.be\/actualites\/wp-content\/uploads\/2024\/09\/vie-associative-1-150x150.jpg\",\"contentUrl\":\"https:\/\/vieassociative.be\/actualites\/wp-content\/uploads\/2024\/09\/vie-associative-1-150x150.jpg\",\"caption\":\"Julien\"},\"description\":\"Je suis Julien, r\u00e9dacteur pour Vie Associative. Passionn\u00e9 par le monde associatif depuis plus de 10 ans, j'ai \u00e0 c\u0153ur de partager des histoires inspirantes et de mettre en lumi\u00e8re les initiatives locales. Mon objectif est de sensibiliser et d'encourager l'engagement communautaire \u00e0 travers mes articles.\",\"sameAs\":[\"https:\/\/vieassociative.be\/\"]}]}<\/script>\n<!-- \/ Yoast SEO plugin. -->","yoast_head_json":{"title":"La ville de Cologne cr\u00e9e le concept de \"terrain de jeu\" - \u00e0 l'avenir, il ne devrait y avoir que \"des zones de jeu et d'action\" | Vie Associative","robots":{"index":"index","follow":"follow","max-snippet":"max-snippet:-1","max-image-preview":"max-image-preview:large","max-video-preview":"max-video-preview:-1"},"canonical":"https:\/\/vieassociative.be\/actualites\/la-ville-de-cologne-cree-le-concept-de-terrain-de-jeu-a-lavenir-il-ne-devrait-y-avoir-que-des-zones-de-jeu-et-daction\/","og_locale":"fr_FR","og_type":"article","og_title":"La ville de Cologne cr\u00e9e le concept de \"terrain de jeu\" - \u00e0 l'avenir, il ne devrait y avoir que \"des zones de jeu et d'action\" | Vie Associative","og_description":"Les terrains de jeux sont maintenant renomm\u00e9s parce que le nom n&rsquo;est plus \u00e0 jour, explique la ville de Cologne. \u00c0 l&rsquo;avenir, vous vous rencontrerez","og_url":"https:\/\/vieassociative.be\/actualites\/la-ville-de-cologne-cree-le-concept-de-terrain-de-jeu-a-lavenir-il-ne-devrait-y-avoir-que-des-zones-de-jeu-et-daction\/","og_site_name":"Vie Associative","article_published_time":"2025-07-04T14:19:33+00:00","og_image":[{"width":279,"height":92,"url":"https:\/\/vieassociative.be\/actualites\/wp-content\/uploads\/2024\/09\/header_backgroundk-01-e1726694325946.png","type":"image\/png"}],"author":"Julien","twitter_card":"summary_large_image","twitter_misc":{"\u00c9crit par":"Julien","Dur\u00e9e de lecture est.":"2 minutes"},"schema":{"@context":"https:\/\/schema.org","@graph":[{"@type":"Article","@id":"https:\/\/vieassociative.be\/actualites\/la-ville-de-cologne-cree-le-concept-de-terrain-de-jeu-a-lavenir-il-ne-devrait-y-avoir-que-des-zones-de-jeu-et-daction\/#article","isPartOf":{"@id":"https:\/\/vieassociative.be\/actualites\/la-ville-de-cologne-cree-le-concept-de-terrain-de-jeu-a-lavenir-il-ne-devrait-y-avoir-que-des-zones-de-jeu-et-daction\/"},"author":{"name":"Julien","@id":"https:\/\/vieassociative.be\/actualites\/#\/schema\/person\/b87ac4f82f9d4e7b7cec7395b679edc4"},"headline":"La ville de Cologne cr\u00e9e le concept de \u00ab\u00a0terrain de jeu\u00a0\u00bb &#8211; \u00e0 l&rsquo;avenir, il ne devrait y avoir que \u00ab\u00a0des zones de jeu et d&rsquo;action\u00a0\u00bb","datePublished":"2025-07-04T14:19:33+00:00","dateModified":"2025-07-04T14:19:33+00:00","mainEntityOfPage":{"@id":"https:\/\/vieassociative.be\/actualites\/la-ville-de-cologne-cree-le-concept-de-terrain-de-jeu-a-lavenir-il-ne-devrait-y-avoir-que-des-zones-de-jeu-et-daction\/"},"wordCount":468,"publisher":{"@id":"https:\/\/vieassociative.be\/actualites\/#organization"},"image":{"@id":"https:\/\/vieassociative.be\/actualites\/la-ville-de-cologne-cree-le-concept-de-terrain-de-jeu-a-lavenir-il-ne-devrait-y-avoir-que-des-zones-de-jeu-et-daction\/#primaryimage"},"thumbnailUrl":"https:\/\/vieassociative.be\/actualites\/wp-content\/uploads\/2025\/07\/1751638774_La-ville-de-Cologne-cree-le-concept-de-terrain-de.jpg","keywords":["avoir","Cologne","concept","cr\u00e9e","daction","Des","devrait","jeu","lavenir","terrain","ville","zones"],"articleSection":["Belgique"],"inLanguage":"fr-BE"},{"@type":"WebPage","@id":"https:\/\/vieassociative.be\/actualites\/la-ville-de-cologne-cree-le-concept-de-terrain-de-jeu-a-lavenir-il-ne-devrait-y-avoir-que-des-zones-de-jeu-et-daction\/","url":"https:\/\/vieassociative.be\/actualites\/la-ville-de-cologne-cree-le-concept-de-terrain-de-jeu-a-lavenir-il-ne-devrait-y-avoir-que-des-zones-de-jeu-et-daction\/","name":"La ville de Cologne cr\u00e9e le concept de \"terrain de jeu\" - \u00e0 l'avenir, il ne devrait y avoir que \"des zones de jeu et d'action\" | Vie Associative","isPartOf":{"@id":"https:\/\/vieassociative.be\/actualites\/#website"},"primaryImageOfPage":{"@id":"https:\/\/vieassociative.be\/actualites\/la-ville-de-cologne-cree-le-concept-de-terrain-de-jeu-a-lavenir-il-ne-devrait-y-avoir-que-des-zones-de-jeu-et-daction\/#primaryimage"},"image":{"@id":"https:\/\/vieassociative.be\/actualites\/la-ville-de-cologne-cree-le-concept-de-terrain-de-jeu-a-lavenir-il-ne-devrait-y-avoir-que-des-zones-de-jeu-et-daction\/#primaryimage"},"thumbnailUrl":"https:\/\/vieassociative.be\/actualites\/wp-content\/uploads\/2025\/07\/1751638774_La-ville-de-Cologne-cree-le-concept-de-terrain-de.jpg","datePublished":"2025-07-04T14:19:33+00:00","dateModified":"2025-07-04T14:19:33+00:00","breadcrumb":{"@id":"https:\/\/vieassociative.be\/actualites\/la-ville-de-cologne-cree-le-concept-de-terrain-de-jeu-a-lavenir-il-ne-devrait-y-avoir-que-des-zones-de-jeu-et-daction\/#breadcrumb"},"inLanguage":"fr-BE","potentialAction":[{"@type":"ReadAction","target":["https:\/\/vieassociative.be\/actualites\/la-ville-de-cologne-cree-le-concept-de-terrain-de-jeu-a-lavenir-il-ne-devrait-y-avoir-que-des-zones-de-jeu-et-daction\/"]}]},{"@type":"ImageObject","inLanguage":"fr-BE","@id":"https:\/\/vieassociative.be\/actualites\/la-ville-de-cologne-cree-le-concept-de-terrain-de-jeu-a-lavenir-il-ne-devrait-y-avoir-que-des-zones-de-jeu-et-daction\/#primaryimage","url":"https:\/\/vieassociative.be\/actualites\/wp-content\/uploads\/2025\/07\/1751638774_La-ville-de-Cologne-cree-le-concept-de-terrain-de.jpg","contentUrl":"https:\/\/vieassociative.be\/actualites\/wp-content\/uploads\/2025\/07\/1751638774_La-ville-de-Cologne-cree-le-concept-de-terrain-de.jpg","width":1200,"height":800,"caption":"La ville de Cologne cr\u00e9e le concept de \"terrain de jeu\" - \u00e0 l'avenir, il ne devrait y avoir que \"des zones de jeu et d'action\""},{"@type":"BreadcrumbList","@id":"https:\/\/vieassociative.be\/actualites\/la-ville-de-cologne-cree-le-concept-de-terrain-de-jeu-a-lavenir-il-ne-devrait-y-avoir-que-des-zones-de-jeu-et-daction\/#breadcrumb","itemListElement":[{"@type":"ListItem","position":1,"name":"Accueil","item":"https:\/\/vieassociative.be\/actualites\/"},{"@type":"ListItem","position":2,"name":"La ville de Cologne cr\u00e9e le concept de \u00ab\u00a0terrain de jeu\u00a0\u00bb &#8211; \u00e0 l&rsquo;avenir, il ne devrait y avoir que \u00ab\u00a0des zones de jeu et d&rsquo;action\u00a0\u00bb"}]},{"@type":"WebSite","@id":"https:\/\/vieassociative.be\/actualites\/#website","url":"https:\/\/vieassociative.be\/actualites\/","name":"Vie Associative","description":"","publisher":{"@id":"https:\/\/vieassociative.be\/actualites\/#organization"},"potentialAction":[{"@type":"SearchAction","target":{"@type":"EntryPoint","urlTemplate":"https:\/\/vieassociative.be\/actualites\/?s={search_term_string}"},"query-input":{"@type":"PropertyValueSpecification","valueRequired":true,"valueName":"search_term_string"}}],"inLanguage":"fr-BE"},{"@type":"Organization","@id":"https:\/\/vieassociative.be\/actualites\/#organization","name":"Vie Associative","url":"https:\/\/vieassociative.be\/actualites\/","logo":{"@type":"ImageObject","inLanguage":"fr-BE","@id":"https:\/\/vieassociative.be\/actualites\/#\/schema\/logo\/image\/","url":"https:\/\/vieassociative.be\/actualites\/wp-content\/uploads\/2024\/09\/cropped-vieassociative_favicon.ico.png","contentUrl":"https:\/\/vieassociative.be\/actualites\/wp-content\/uploads\/2024\/09\/cropped-vieassociative_favicon.ico.png","width":512,"height":512,"caption":"Vie Associative"},"image":{"@id":"https:\/\/vieassociative.be\/actualites\/#\/schema\/logo\/image\/"}},{"@type":"Person","@id":"https:\/\/vieassociative.be\/actualites\/#\/schema\/person\/b87ac4f82f9d4e7b7cec7395b679edc4","name":"Julien","image":{"@type":"ImageObject","inLanguage":"fr-BE","@id":"https:\/\/vieassociative.be\/actualites\/#\/schema\/person\/image\/","url":"https:\/\/vieassociative.be\/actualites\/wp-content\/uploads\/2024\/09\/vie-associative-1-150x150.jpg","contentUrl":"https:\/\/vieassociative.be\/actualites\/wp-content\/uploads\/2024\/09\/vie-associative-1-150x150.jpg","caption":"Julien"},"description":"Je suis Julien, r\u00e9dacteur pour Vie Associative. Passionn\u00e9 par le monde associatif depuis plus de 10 ans, j'ai \u00e0 c\u0153ur de partager des histoires inspirantes et de mettre en lumi\u00e8re les initiatives locales. Mon objectif est de sensibiliser et d'encourager l'engagement communautaire \u00e0 travers mes articles.","sameAs":["https:\/\/vieassociative.be\/"]}]}},"_links":{"self":[{"href":"https:\/\/vieassociative.be\/actualites\/wp-json\/wp\/v2\/posts\/8532"}],"collection":[{"href":"https:\/\/vieassociative.be\/actualites\/wp-json\/wp\/v2\/posts"}],"about":[{"href":"https:\/\/vieassociative.be\/actualites\/wp-json\/wp\/v2\/types\/post"}],"author":[{"embeddable":true,"href":"https:\/\/vieassociative.be\/actualites\/wp-json\/wp\/v2\/users\/1"}],"replies":[{"embeddable":true,"href":"https:\/\/vieassociative.be\/actualites\/wp-json\/wp\/v2\/comments?post=8532"}],"version-history":[{"count":0,"href":"https:\/\/vieassociative.be\/actualites\/wp-json\/wp\/v2\/posts\/8532\/revisions"}],"wp:featuredmedia":[{"embeddable":true,"href":"https:\/\/vieassociative.be\/actualites\/wp-json\/wp\/v2\/media\/8533"}],"wp:attachment":[{"href":"https:\/\/vieassociative.be\/actualites\/wp-json\/wp\/v2\/media?parent=8532"}],"wp:term":[{"taxonomy":"category","embeddable":true,"href":"https:\/\/vieassociative.be\/actualites\/wp-json\/wp\/v2\/categories?post=8532"},{"taxonomy":"post_tag","embeddable":true,"href":"https:\/\/vieassociative.be\/actualites\/wp-json\/wp\/v2\/tags?post=8532"}],"curies":[{"name":"wp","href":"https:\/\/api.w.org\/{rel}","templated":true}]}}