{"id":8530,"date":"2025-07-04T15:18:02","date_gmt":"2025-07-04T13:18:02","guid":{"rendered":"https:\/\/vieassociative.be\/actualites\/la-nouvelle-television-oled-de-65-pouces-premium-de-lg-est-de-1000-de-reduction-en-ce-moment\/"},"modified":"2025-07-04T15:18:02","modified_gmt":"2025-07-04T13:18:02","slug":"la-nouvelle-television-oled-de-65-pouces-premium-de-lg-est-de-1000-de-reduction-en-ce-moment","status":"publish","type":"post","link":"https:\/\/vieassociative.be\/actualites\/la-nouvelle-television-oled-de-65-pouces-premium-de-lg-est-de-1000-de-reduction-en-ce-moment\/","title":{"rendered":"La nouvelle t\u00e9l\u00e9vision OLED de 65 pouces premium de LG est de 1000 $ de r\u00e9duction en ce moment"},"content":{"rendered":"<div class=\"mt-4 leading-6 md:mb-8\">C&rsquo;est un OLED poli et haute performance \u00e0 son prix le plus bas de 1 696,99 $.<\/div>\n<p><\/p>\n<p>Si vous attendiez le bon moment pour mettre \u00e0 niveau votre configuration de th\u00e9\u00e2tre \u00e0 domicile, le LG 65 pouces C5 OLED EVO 4K TV vient de atteindre son meilleur prix \u00e0 ce jour, selon Price Trackers. Il est maintenant tomb\u00e9 \u00e0 1 696,99 $ sur Amazon, ce qui repr\u00e9sente 1 000 $ sur son prix d&rsquo;origine de 2 696,99 $. C&rsquo;est une grande goutte pour un t\u00e9l\u00e9viseur qui ne fait que quelques mois dans son cycle de sortie et se trouve dans la gamme premium de LG, juste un cran sous la s\u00e9rie G. CNET lui a donn\u00e9 un solide 8,7 \/ 10, mettant en \u00e9vidence son excellent contraste, sa couleur pr\u00e9cise et ses performances raffin\u00e9es, mais a sugg\u00e9r\u00e9 de retenir jusqu&rsquo;\u00e0 ce que le prix baisse. Eh bien, maintenant \u00e7a l&rsquo;a fait.<\/p>\n<div class=\"pogoClear mb-12 mt-10 rounded-md border-2 border-gray-100 py-7 shadow-xl md:py-6\">\n<div class=\"flex flex-wrap justify-between px-7 text-black no-underline md:flex-nowrap md:px-8\">\n<div class=\"order-1 mx-auto flex flex-col justify-center md:order-2 md:ml-4 md:w-full md:grow\">\n<div class=\"block cursor-pointer text-center font-akshar text-2xl font-medium leading-7 text-brand-green duration-200 ease-in-out hover:text-brand-green-700 md:text-left md:text-xl md:leading-6\">LG 65 pouces C5 OLED EVO 4K TV\n                <\/div>\n<div class=\"mt-4 hidden md:flex md:justify-between\">\n<div class=\"self-end\">\n<div class=\"mb-0 h-11 md:flex md:flex-col md:justify-center\">\n<div class=\" font-sans leading-4 text-black\">\n<div class=\"flex flex-wrap items-center justify-center gap-x-1 md:justify-start\">\n        <span class=\"font-bold\"><\/p>\n<p>            1 696,99 $<br \/>\n                            <span class=\"font-medium\">\u00e0 Amazon<\/span><br \/>\n                    <\/span>\n            <\/div>\n<div class=\"flex items-center justify-center gap-x-1 font-bold md:justify-start\">\n            <span class=\"text-sm line-through\">2 696,99 $<\/span><br \/>\n            <span class=\"text-sm text-brand-green\">\u00c9conomisez 1 000,00 $<\/span>\n        <\/div>\n<\/p><\/div>\n<\/p><\/div>\n<\/p><\/div>\n<div class=\"w-44 self-end\">\n                            <button class=\"flex justify-center items-center w-full bg-brand-green text-white text-base font-sans font-medium rounded-md hover:bg-brand-green-700 hover:cursor-pointer md:text-sm h-11\"><\/p>\n<p>    Conclure un accord<br \/>\n<\/button>\n                        <\/div>\n<\/p><\/div>\n<\/p><\/div>\n<div class=\"order-2 mt-5 h-auto w-full md:order-1 md:mt-0 md:hidden\">\n<div class=\"flex aspect-video items-center justify-center\">\n                                            <img decoding=\"async\" class=\"m-0 max-h-full max-w-full rounded-md\" src=\"https:\/\/vieassociative.be\/actualites\/wp-content\/uploads\/2025\/07\/La-nouvelle-television-OLED-de-65-pouces-premium-de-LG.jpg\" alt=\"LG OLED EVO TV 65 pouces 4K C5 Series\" width=\"auto\" height=\"auto\" loading=\"lazy\">\n                                    <\/div>\n<\/p><\/div>\n<div class=\"order-2 ml-2 hidden w-32 shrink-0 items-center md:order-1 md:ml-0 md:flex\">\n<div class=\"flex aspect-video items-center justify-center\">\n                                            <img decoding=\"async\" class=\"m-0 max-h-full max-w-full rounded-md\" src=\"https:\/\/vieassociative.be\/actualites\/wp-content\/uploads\/2025\/07\/La-nouvelle-television-OLED-de-65-pouces-premium-de-LG.jpg\" alt=\"LG OLED EVO TV 65 pouces 4K C5 Series\" width=\"auto\" height=\"auto\" loading=\"lazy\">\n                                    <\/div>\n<\/p><\/div>\n<div class=\"order-3 flex grow flex-wrap md:hidden md:grow-0\">\n<div class=\"mt-4 w-full\">\n                        <button class=\"flex justify-center items-center w-full bg-brand-green text-white text-base font-sans font-medium rounded-md hover:bg-brand-green-700 hover:cursor-pointer md:text-sm h-11\"><\/p>\n<p>    Conclure un accord<br \/>\n<\/button>\n                    <\/div>\n<div class=\"mx-2 mt-4 w-full\">\n<div class=\" font-sans leading-4 text-black\">\n<div class=\"flex flex-wrap items-center justify-center gap-x-1 md:justify-start\">\n        <span class=\"font-bold\"><\/p>\n<p>            1 696,99 $<br \/>\n                            <span class=\"font-medium\">\u00e0 Amazon<\/span><br \/>\n                    <\/span>\n            <\/div>\n<div class=\"flex items-center justify-center gap-x-1 font-bold md:justify-start\">\n            <span class=\"text-sm line-through\">2 696,99 $<\/span><br \/>\n            <span class=\"text-sm text-brand-green\">\u00c9conomisez 1 000,00 $<\/span>\n        <\/div>\n<\/p><\/div>\n<\/p><\/div>\n<\/p><\/div>\n<\/p><\/div>\n<\/div>\n<p>En termes de performances, le C5 est construit sur la technologie OLED Panel OLED de LG, ce qui le rend plus brillant que les anciens mod\u00e8les C-Series comme le C4, mais pas aussi brillant que les ensembles Qled G5 ou Samsung. Pourtant, il aurait atteint jusqu&rsquo;\u00e0 870 nits dans le contenu HDR, ce qui est plus que suffisant pour la plupart des chambres \u00e0 moins que vous ayez rebondi sur l&rsquo;\u00e9cran. Et parce qu&rsquo;il est OLED, vous obtenez des Noirs parfaits, qui aident les films et les jeux dans des param\u00e8tres plus sombres. En parlant, pour les joueurs, le C5 v\u00e9rifie toutes les bonnes cases &#8211; 4k \u00e0 120 Hz, quatre ports HDMI 2.1, VRR, G-Sync, Freesync et un faible d\u00e9calage d&rsquo;entr\u00e9e (essentiellement tout ce que vous voudriez dans un t\u00e9l\u00e9viseur de jeu de nouvelle g\u00e9n\u00e9ration).<\/p>\n<div class=\"pogoClear relative my-10 border-b-(1.5px) border-t-(1.5px) border-dashed border-black py-5 sm:my-14 sm:border-0 sm:py-0\" data-ga-click data-ga-template=\"Deals\" data-ga-module=\"openweb_widget\" data-ga-element=\"openweb_scroll\" data-ga-item=\"openweb_scroll_midpage\" x-data=\"{\n         commentsCount: null,\n         hasComments: false,\n         async fetchCommentsCount() {\n             try {\n                 if (window.openweb &amp;&amp; typeof window.openweb.getMessagesCount === 'function') {\n                     this.commentsCount = await window.openweb.getMessagesCount('01JZ7NDXSNBC06HD16KFYNQZDJ');\n                     this.hasComments = this.commentsCount !== null &amp;&amp; this.commentsCount &gt; 0;\n                 }\n             } catch (e) {\n                 console.warn('Failed to fetch comment count:', e);\n             }\n         }\n     }\" x-init=\"fetchCommentsCount()\" x-cloak><\/p>\n<div class=\"absolute top-1\/2 hidden w-full -translate-y-1\/2 border-t-(1.5px) border-dashed border-black sm:block\"><\/div>\n<div class=\"relative flex justify-center\">\n<div class=\"flex max-w-fit items-center gap-x-3 bg-white px-5\">\n<div class=\"relative\">\n                <span class=\"absolute left-1\/2 top-1\/2 -translate-x-1\/2 -translate-y-1\/2 font-akshar text-sm font-medium text-black\" aria-live=\"polite\" x-show=\"hasComments\" x-text=\"commentsCount\"><\/span><\/p>\n<p>                <svg class=\"h-8 w-8 text-black\" role=\"img\" aria-hidden=\"true\">\n                    <use href=\"http:\/\/lifehacker.com\/images\/icons\/spritemap.svg#sprite-chat-bubble\"><\/use>\n                <\/svg>\n            <\/div>\n<p>            <span class=\"text-sm font-medium text-black\"><\/p>\n<p>                Que pensez-vous jusqu&rsquo;\u00e0 pr\u00e9sent?<br \/>\n                <button class=\"ml-1 font-semibold text-brand-green underline hover:text-brand-green-700\" type=\"button\" aria-label=\"Comment section trigger\" onclick=\"window.openweb.scrollToComments('01JZ7NDXSNBC06HD16KFYNQZDJ')\" x-text=\"hasComments ? 'Post a comment.' : 'Be the first to post a comment.'\"><\/button><br \/>\n            <\/span>\n        <\/div>\n<\/p><\/div>\n<\/div>\n<p>La plate-forme Smart TV ici est le WebOS 24 de LG, qui promet d\u00e9sormais cinq ans de mises \u00e0 jour logicielles (un avantage significatif si vous pr\u00e9voyez de garder votre t\u00e9l\u00e9viseur pendant un certain temps). Vous obtenez \u00e9galement la t\u00e9l\u00e9commande LG Magic habituelle avec des commandes vocales et la prise en charge de Alexa et Google Assistant. Dolby Vision et le support HDR10 sont cuits au four, ainsi que le nouveau processeur AI Alpha 9 de LG Gen8 qui aide le contenu inf\u00e9rieur haut de gamme et ajuste l&rsquo;image en temps r\u00e9el en fonction de ce que vous regardez. Il existe \u00e9galement un mode de cin\u00e9aste d\u00e9di\u00e9 qui d\u00e9sactive le post-traitement pour une atmosph\u00e8re plus de cin\u00e9ma, ce qui est g\u00e9nial si vous regardez les films comme les r\u00e9alisateurs le voulaient. Cela dit, bien que le t\u00e9l\u00e9viseur comprenne le support Dolby Atmos et les am\u00e9liorations aliment\u00e9es par l&rsquo;IA, l&rsquo;audio int\u00e9gr\u00e9 n&rsquo;est pas trop incroyable, vous voudrez peut-\u00eatre envisager une barre sonore ou des haut-parleurs externes.<\/p>\n","protected":false},"excerpt":{"rendered":"<p>C&rsquo;est un OLED poli et haute performance \u00e0 son prix le plus bas de 1 696,99 $. Si vous attendiez le bon moment pour mettre<\/p>\n","protected":false},"author":1,"featured_media":8531,"comment_status":"","ping_status":"","sticky":false,"template":"","format":"standard","meta":{"footnotes":""},"categories":[13],"tags":[76,1429,491,2558,1980,332,308,1316],"class_list":["post-8530","post","type-post","status-publish","format-standard","has-post-thumbnail","hentry","category-technologie","tag-est","tag-moment","tag-nouvelle","tag-oled","tag-pouces","tag-premium","tag-reduction","tag-television","generate-columns","tablet-grid-50","mobile-grid-100","grid-parent","grid-33"],"yoast_head":"<!-- This site is optimized with the Yoast SEO plugin v24.0 - https:\/\/yoast.com\/wordpress\/plugins\/seo\/ -->\n<title>La nouvelle t\u00e9l\u00e9vision OLED de 65 pouces premium de LG est de 1000 $ de r\u00e9duction en ce moment | Vie Associative<\/title>\n<meta name=\"robots\" content=\"index, follow, max-snippet:-1, max-image-preview:large, max-video-preview:-1\" \/>\n<link rel=\"canonical\" href=\"https:\/\/vieassociative.be\/actualites\/la-nouvelle-television-oled-de-65-pouces-premium-de-lg-est-de-1000-de-reduction-en-ce-moment\/\" \/>\n<meta property=\"og:locale\" content=\"fr_FR\" \/>\n<meta property=\"og:type\" content=\"article\" \/>\n<meta property=\"og:title\" content=\"La nouvelle t\u00e9l\u00e9vision OLED de 65 pouces premium de LG est de 1000 $ de r\u00e9duction en ce moment | Vie Associative\" \/>\n<meta property=\"og:description\" content=\"C&rsquo;est un OLED poli et haute performance \u00e0 son prix le plus bas de 1 696,99 $. Si vous attendiez le bon moment pour mettre\" \/>\n<meta property=\"og:url\" content=\"https:\/\/vieassociative.be\/actualites\/la-nouvelle-television-oled-de-65-pouces-premium-de-lg-est-de-1000-de-reduction-en-ce-moment\/\" \/>\n<meta property=\"og:site_name\" content=\"Vie Associative\" \/>\n<meta property=\"article:published_time\" content=\"2025-07-04T13:18:02+00:00\" \/>\n<meta property=\"og:image\" content=\"https:\/\/vieassociative.be\/actualites\/wp-content\/uploads\/2025\/07\/La-nouvelle-television-OLED-de-65-pouces-premium-de-LG.jpg\" \/>\n<meta name=\"author\" content=\"Julien\" \/>\n<meta name=\"twitter:card\" content=\"summary_large_image\" \/>\n<meta name=\"twitter:label1\" content=\"\u00c9crit par\" \/>\n\t<meta name=\"twitter:data1\" content=\"Julien\" \/>\n\t<meta name=\"twitter:label2\" content=\"Dur\u00e9e de lecture est.\" \/>\n\t<meta name=\"twitter:data2\" content=\"2 minutes\" \/>\n<script type=\"application\/ld+json\" class=\"yoast-schema-graph\">{\"@context\":\"https:\/\/schema.org\",\"@graph\":[{\"@type\":\"Article\",\"@id\":\"https:\/\/vieassociative.be\/actualites\/la-nouvelle-television-oled-de-65-pouces-premium-de-lg-est-de-1000-de-reduction-en-ce-moment\/#article\",\"isPartOf\":{\"@id\":\"https:\/\/vieassociative.be\/actualites\/la-nouvelle-television-oled-de-65-pouces-premium-de-lg-est-de-1000-de-reduction-en-ce-moment\/\"},\"author\":{\"name\":\"Julien\",\"@id\":\"https:\/\/vieassociative.be\/actualites\/#\/schema\/person\/b87ac4f82f9d4e7b7cec7395b679edc4\"},\"headline\":\"La nouvelle t\u00e9l\u00e9vision OLED de 65 pouces premium de LG est de 1000 $ de r\u00e9duction en ce moment\",\"datePublished\":\"2025-07-04T13:18:02+00:00\",\"dateModified\":\"2025-07-04T13:18:02+00:00\",\"mainEntityOfPage\":{\"@id\":\"https:\/\/vieassociative.be\/actualites\/la-nouvelle-television-oled-de-65-pouces-premium-de-lg-est-de-1000-de-reduction-en-ce-moment\/\"},\"wordCount\":513,\"publisher\":{\"@id\":\"https:\/\/vieassociative.be\/actualites\/#organization\"},\"image\":{\"@id\":\"https:\/\/vieassociative.be\/actualites\/la-nouvelle-television-oled-de-65-pouces-premium-de-lg-est-de-1000-de-reduction-en-ce-moment\/#primaryimage\"},\"thumbnailUrl\":\"https:\/\/vieassociative.be\/actualites\/wp-content\/uploads\/2025\/07\/1751635082_La-nouvelle-television-OLED-de-65-pouces-premium-de-LG.jpg\",\"keywords\":[\"est\",\"moment\",\"nouvelle\",\"OLED\",\"pouces\",\"Premium\",\"r\u00e9duction\",\"t\u00e9l\u00e9vision\"],\"articleSection\":[\"Technologie\"],\"inLanguage\":\"fr-BE\"},{\"@type\":\"WebPage\",\"@id\":\"https:\/\/vieassociative.be\/actualites\/la-nouvelle-television-oled-de-65-pouces-premium-de-lg-est-de-1000-de-reduction-en-ce-moment\/\",\"url\":\"https:\/\/vieassociative.be\/actualites\/la-nouvelle-television-oled-de-65-pouces-premium-de-lg-est-de-1000-de-reduction-en-ce-moment\/\",\"name\":\"La nouvelle t\u00e9l\u00e9vision OLED de 65 pouces premium de LG est de 1000 $ de r\u00e9duction en ce moment | Vie Associative\",\"isPartOf\":{\"@id\":\"https:\/\/vieassociative.be\/actualites\/#website\"},\"primaryImageOfPage\":{\"@id\":\"https:\/\/vieassociative.be\/actualites\/la-nouvelle-television-oled-de-65-pouces-premium-de-lg-est-de-1000-de-reduction-en-ce-moment\/#primaryimage\"},\"image\":{\"@id\":\"https:\/\/vieassociative.be\/actualites\/la-nouvelle-television-oled-de-65-pouces-premium-de-lg-est-de-1000-de-reduction-en-ce-moment\/#primaryimage\"},\"thumbnailUrl\":\"https:\/\/vieassociative.be\/actualites\/wp-content\/uploads\/2025\/07\/1751635082_La-nouvelle-television-OLED-de-65-pouces-premium-de-LG.jpg\",\"datePublished\":\"2025-07-04T13:18:02+00:00\",\"dateModified\":\"2025-07-04T13:18:02+00:00\",\"breadcrumb\":{\"@id\":\"https:\/\/vieassociative.be\/actualites\/la-nouvelle-television-oled-de-65-pouces-premium-de-lg-est-de-1000-de-reduction-en-ce-moment\/#breadcrumb\"},\"inLanguage\":\"fr-BE\",\"potentialAction\":[{\"@type\":\"ReadAction\",\"target\":[\"https:\/\/vieassociative.be\/actualites\/la-nouvelle-television-oled-de-65-pouces-premium-de-lg-est-de-1000-de-reduction-en-ce-moment\/\"]}]},{\"@type\":\"ImageObject\",\"inLanguage\":\"fr-BE\",\"@id\":\"https:\/\/vieassociative.be\/actualites\/la-nouvelle-television-oled-de-65-pouces-premium-de-lg-est-de-1000-de-reduction-en-ce-moment\/#primaryimage\",\"url\":\"https:\/\/vieassociative.be\/actualites\/wp-content\/uploads\/2025\/07\/1751635082_La-nouvelle-television-OLED-de-65-pouces-premium-de-LG.jpg\",\"contentUrl\":\"https:\/\/vieassociative.be\/actualites\/wp-content\/uploads\/2025\/07\/1751635082_La-nouvelle-television-OLED-de-65-pouces-premium-de-LG.jpg\",\"width\":1198,\"height\":675,\"caption\":\"La nouvelle t\u00e9l\u00e9vision OLED de 65 pouces premium de LG est de 1000 $ de r\u00e9duction en ce moment\"},{\"@type\":\"BreadcrumbList\",\"@id\":\"https:\/\/vieassociative.be\/actualites\/la-nouvelle-television-oled-de-65-pouces-premium-de-lg-est-de-1000-de-reduction-en-ce-moment\/#breadcrumb\",\"itemListElement\":[{\"@type\":\"ListItem\",\"position\":1,\"name\":\"Accueil\",\"item\":\"https:\/\/vieassociative.be\/actualites\/\"},{\"@type\":\"ListItem\",\"position\":2,\"name\":\"La nouvelle t\u00e9l\u00e9vision OLED de 65 pouces premium de LG est de 1000 $ de r\u00e9duction en ce moment\"}]},{\"@type\":\"WebSite\",\"@id\":\"https:\/\/vieassociative.be\/actualites\/#website\",\"url\":\"https:\/\/vieassociative.be\/actualites\/\",\"name\":\"Vie Associative\",\"description\":\"\",\"publisher\":{\"@id\":\"https:\/\/vieassociative.be\/actualites\/#organization\"},\"potentialAction\":[{\"@type\":\"SearchAction\",\"target\":{\"@type\":\"EntryPoint\",\"urlTemplate\":\"https:\/\/vieassociative.be\/actualites\/?s={search_term_string}\"},\"query-input\":{\"@type\":\"PropertyValueSpecification\",\"valueRequired\":true,\"valueName\":\"search_term_string\"}}],\"inLanguage\":\"fr-BE\"},{\"@type\":\"Organization\",\"@id\":\"https:\/\/vieassociative.be\/actualites\/#organization\",\"name\":\"Vie Associative\",\"url\":\"https:\/\/vieassociative.be\/actualites\/\",\"logo\":{\"@type\":\"ImageObject\",\"inLanguage\":\"fr-BE\",\"@id\":\"https:\/\/vieassociative.be\/actualites\/#\/schema\/logo\/image\/\",\"url\":\"https:\/\/vieassociative.be\/actualites\/wp-content\/uploads\/2024\/09\/cropped-vieassociative_favicon.ico.png\",\"contentUrl\":\"https:\/\/vieassociative.be\/actualites\/wp-content\/uploads\/2024\/09\/cropped-vieassociative_favicon.ico.png\",\"width\":512,\"height\":512,\"caption\":\"Vie Associative\"},\"image\":{\"@id\":\"https:\/\/vieassociative.be\/actualites\/#\/schema\/logo\/image\/\"}},{\"@type\":\"Person\",\"@id\":\"https:\/\/vieassociative.be\/actualites\/#\/schema\/person\/b87ac4f82f9d4e7b7cec7395b679edc4\",\"name\":\"Julien\",\"image\":{\"@type\":\"ImageObject\",\"inLanguage\":\"fr-BE\",\"@id\":\"https:\/\/vieassociative.be\/actualites\/#\/schema\/person\/image\/\",\"url\":\"https:\/\/vieassociative.be\/actualites\/wp-content\/uploads\/2024\/09\/vie-associative-1-150x150.jpg\",\"contentUrl\":\"https:\/\/vieassociative.be\/actualites\/wp-content\/uploads\/2024\/09\/vie-associative-1-150x150.jpg\",\"caption\":\"Julien\"},\"description\":\"Je suis Julien, r\u00e9dacteur pour Vie Associative. Passionn\u00e9 par le monde associatif depuis plus de 10 ans, j'ai \u00e0 c\u0153ur de partager des histoires inspirantes et de mettre en lumi\u00e8re les initiatives locales. Mon objectif est de sensibiliser et d'encourager l'engagement communautaire \u00e0 travers mes articles.\",\"sameAs\":[\"https:\/\/vieassociative.be\/\"]}]}<\/script>\n<!-- \/ Yoast SEO plugin. -->","yoast_head_json":{"title":"La nouvelle t\u00e9l\u00e9vision OLED de 65 pouces premium de LG est de 1000 $ de r\u00e9duction en ce moment | Vie Associative","robots":{"index":"index","follow":"follow","max-snippet":"max-snippet:-1","max-image-preview":"max-image-preview:large","max-video-preview":"max-video-preview:-1"},"canonical":"https:\/\/vieassociative.be\/actualites\/la-nouvelle-television-oled-de-65-pouces-premium-de-lg-est-de-1000-de-reduction-en-ce-moment\/","og_locale":"fr_FR","og_type":"article","og_title":"La nouvelle t\u00e9l\u00e9vision OLED de 65 pouces premium de LG est de 1000 $ de r\u00e9duction en ce moment | Vie Associative","og_description":"C&rsquo;est un OLED poli et haute performance \u00e0 son prix le plus bas de 1 696,99 $. Si vous attendiez le bon moment pour mettre","og_url":"https:\/\/vieassociative.be\/actualites\/la-nouvelle-television-oled-de-65-pouces-premium-de-lg-est-de-1000-de-reduction-en-ce-moment\/","og_site_name":"Vie Associative","article_published_time":"2025-07-04T13:18:02+00:00","og_image":[{"url":"https:\/\/vieassociative.be\/actualites\/wp-content\/uploads\/2025\/07\/La-nouvelle-television-OLED-de-65-pouces-premium-de-LG.jpg","type":"","width":"","height":""}],"author":"Julien","twitter_card":"summary_large_image","twitter_misc":{"\u00c9crit par":"Julien","Dur\u00e9e de lecture est.":"2 minutes"},"schema":{"@context":"https:\/\/schema.org","@graph":[{"@type":"Article","@id":"https:\/\/vieassociative.be\/actualites\/la-nouvelle-television-oled-de-65-pouces-premium-de-lg-est-de-1000-de-reduction-en-ce-moment\/#article","isPartOf":{"@id":"https:\/\/vieassociative.be\/actualites\/la-nouvelle-television-oled-de-65-pouces-premium-de-lg-est-de-1000-de-reduction-en-ce-moment\/"},"author":{"name":"Julien","@id":"https:\/\/vieassociative.be\/actualites\/#\/schema\/person\/b87ac4f82f9d4e7b7cec7395b679edc4"},"headline":"La nouvelle t\u00e9l\u00e9vision OLED de 65 pouces premium de LG est de 1000 $ de r\u00e9duction en ce moment","datePublished":"2025-07-04T13:18:02+00:00","dateModified":"2025-07-04T13:18:02+00:00","mainEntityOfPage":{"@id":"https:\/\/vieassociative.be\/actualites\/la-nouvelle-television-oled-de-65-pouces-premium-de-lg-est-de-1000-de-reduction-en-ce-moment\/"},"wordCount":513,"publisher":{"@id":"https:\/\/vieassociative.be\/actualites\/#organization"},"image":{"@id":"https:\/\/vieassociative.be\/actualites\/la-nouvelle-television-oled-de-65-pouces-premium-de-lg-est-de-1000-de-reduction-en-ce-moment\/#primaryimage"},"thumbnailUrl":"https:\/\/vieassociative.be\/actualites\/wp-content\/uploads\/2025\/07\/1751635082_La-nouvelle-television-OLED-de-65-pouces-premium-de-LG.jpg","keywords":["est","moment","nouvelle","OLED","pouces","Premium","r\u00e9duction","t\u00e9l\u00e9vision"],"articleSection":["Technologie"],"inLanguage":"fr-BE"},{"@type":"WebPage","@id":"https:\/\/vieassociative.be\/actualites\/la-nouvelle-television-oled-de-65-pouces-premium-de-lg-est-de-1000-de-reduction-en-ce-moment\/","url":"https:\/\/vieassociative.be\/actualites\/la-nouvelle-television-oled-de-65-pouces-premium-de-lg-est-de-1000-de-reduction-en-ce-moment\/","name":"La nouvelle t\u00e9l\u00e9vision OLED de 65 pouces premium de LG est de 1000 $ de r\u00e9duction en ce moment | Vie Associative","isPartOf":{"@id":"https:\/\/vieassociative.be\/actualites\/#website"},"primaryImageOfPage":{"@id":"https:\/\/vieassociative.be\/actualites\/la-nouvelle-television-oled-de-65-pouces-premium-de-lg-est-de-1000-de-reduction-en-ce-moment\/#primaryimage"},"image":{"@id":"https:\/\/vieassociative.be\/actualites\/la-nouvelle-television-oled-de-65-pouces-premium-de-lg-est-de-1000-de-reduction-en-ce-moment\/#primaryimage"},"thumbnailUrl":"https:\/\/vieassociative.be\/actualites\/wp-content\/uploads\/2025\/07\/1751635082_La-nouvelle-television-OLED-de-65-pouces-premium-de-LG.jpg","datePublished":"2025-07-04T13:18:02+00:00","dateModified":"2025-07-04T13:18:02+00:00","breadcrumb":{"@id":"https:\/\/vieassociative.be\/actualites\/la-nouvelle-television-oled-de-65-pouces-premium-de-lg-est-de-1000-de-reduction-en-ce-moment\/#breadcrumb"},"inLanguage":"fr-BE","potentialAction":[{"@type":"ReadAction","target":["https:\/\/vieassociative.be\/actualites\/la-nouvelle-television-oled-de-65-pouces-premium-de-lg-est-de-1000-de-reduction-en-ce-moment\/"]}]},{"@type":"ImageObject","inLanguage":"fr-BE","@id":"https:\/\/vieassociative.be\/actualites\/la-nouvelle-television-oled-de-65-pouces-premium-de-lg-est-de-1000-de-reduction-en-ce-moment\/#primaryimage","url":"https:\/\/vieassociative.be\/actualites\/wp-content\/uploads\/2025\/07\/1751635082_La-nouvelle-television-OLED-de-65-pouces-premium-de-LG.jpg","contentUrl":"https:\/\/vieassociative.be\/actualites\/wp-content\/uploads\/2025\/07\/1751635082_La-nouvelle-television-OLED-de-65-pouces-premium-de-LG.jpg","width":1198,"height":675,"caption":"La nouvelle t\u00e9l\u00e9vision OLED de 65 pouces premium de LG est de 1000 $ de r\u00e9duction en ce moment"},{"@type":"BreadcrumbList","@id":"https:\/\/vieassociative.be\/actualites\/la-nouvelle-television-oled-de-65-pouces-premium-de-lg-est-de-1000-de-reduction-en-ce-moment\/#breadcrumb","itemListElement":[{"@type":"ListItem","position":1,"name":"Accueil","item":"https:\/\/vieassociative.be\/actualites\/"},{"@type":"ListItem","position":2,"name":"La nouvelle t\u00e9l\u00e9vision OLED de 65 pouces premium de LG est de 1000 $ de r\u00e9duction en ce moment"}]},{"@type":"WebSite","@id":"https:\/\/vieassociative.be\/actualites\/#website","url":"https:\/\/vieassociative.be\/actualites\/","name":"Vie Associative","description":"","publisher":{"@id":"https:\/\/vieassociative.be\/actualites\/#organization"},"potentialAction":[{"@type":"SearchAction","target":{"@type":"EntryPoint","urlTemplate":"https:\/\/vieassociative.be\/actualites\/?s={search_term_string}"},"query-input":{"@type":"PropertyValueSpecification","valueRequired":true,"valueName":"search_term_string"}}],"inLanguage":"fr-BE"},{"@type":"Organization","@id":"https:\/\/vieassociative.be\/actualites\/#organization","name":"Vie Associative","url":"https:\/\/vieassociative.be\/actualites\/","logo":{"@type":"ImageObject","inLanguage":"fr-BE","@id":"https:\/\/vieassociative.be\/actualites\/#\/schema\/logo\/image\/","url":"https:\/\/vieassociative.be\/actualites\/wp-content\/uploads\/2024\/09\/cropped-vieassociative_favicon.ico.png","contentUrl":"https:\/\/vieassociative.be\/actualites\/wp-content\/uploads\/2024\/09\/cropped-vieassociative_favicon.ico.png","width":512,"height":512,"caption":"Vie Associative"},"image":{"@id":"https:\/\/vieassociative.be\/actualites\/#\/schema\/logo\/image\/"}},{"@type":"Person","@id":"https:\/\/vieassociative.be\/actualites\/#\/schema\/person\/b87ac4f82f9d4e7b7cec7395b679edc4","name":"Julien","image":{"@type":"ImageObject","inLanguage":"fr-BE","@id":"https:\/\/vieassociative.be\/actualites\/#\/schema\/person\/image\/","url":"https:\/\/vieassociative.be\/actualites\/wp-content\/uploads\/2024\/09\/vie-associative-1-150x150.jpg","contentUrl":"https:\/\/vieassociative.be\/actualites\/wp-content\/uploads\/2024\/09\/vie-associative-1-150x150.jpg","caption":"Julien"},"description":"Je suis Julien, r\u00e9dacteur pour Vie Associative. Passionn\u00e9 par le monde associatif depuis plus de 10 ans, j'ai \u00e0 c\u0153ur de partager des histoires inspirantes et de mettre en lumi\u00e8re les initiatives locales. Mon objectif est de sensibiliser et d'encourager l'engagement communautaire \u00e0 travers mes articles.","sameAs":["https:\/\/vieassociative.be\/"]}]}},"_links":{"self":[{"href":"https:\/\/vieassociative.be\/actualites\/wp-json\/wp\/v2\/posts\/8530"}],"collection":[{"href":"https:\/\/vieassociative.be\/actualites\/wp-json\/wp\/v2\/posts"}],"about":[{"href":"https:\/\/vieassociative.be\/actualites\/wp-json\/wp\/v2\/types\/post"}],"author":[{"embeddable":true,"href":"https:\/\/vieassociative.be\/actualites\/wp-json\/wp\/v2\/users\/1"}],"replies":[{"embeddable":true,"href":"https:\/\/vieassociative.be\/actualites\/wp-json\/wp\/v2\/comments?post=8530"}],"version-history":[{"count":0,"href":"https:\/\/vieassociative.be\/actualites\/wp-json\/wp\/v2\/posts\/8530\/revisions"}],"wp:featuredmedia":[{"embeddable":true,"href":"https:\/\/vieassociative.be\/actualites\/wp-json\/wp\/v2\/media\/8531"}],"wp:attachment":[{"href":"https:\/\/vieassociative.be\/actualites\/wp-json\/wp\/v2\/media?parent=8530"}],"wp:term":[{"taxonomy":"category","embeddable":true,"href":"https:\/\/vieassociative.be\/actualites\/wp-json\/wp\/v2\/categories?post=8530"},{"taxonomy":"post_tag","embeddable":true,"href":"https:\/\/vieassociative.be\/actualites\/wp-json\/wp\/v2\/tags?post=8530"}],"curies":[{"name":"wp","href":"https:\/\/api.w.org\/{rel}","templated":true}]}}