{"id":8528,"date":"2025-07-04T10:18:32","date_gmt":"2025-07-04T08:18:32","guid":{"rendered":"https:\/\/vieassociative.be\/actualites\/tec-lignes-e23-et-394-le-model-regional-adjoint-continue-dexhorter-le-service-ameliore\/"},"modified":"2025-07-04T10:18:32","modified_gmt":"2025-07-04T08:18:32","slug":"tec-lignes-e23-et-394-le-model-regional-adjoint-continue-dexhorter-le-service-ameliore","status":"publish","type":"post","link":"https:\/\/vieassociative.be\/actualites\/tec-lignes-e23-et-394-le-model-regional-adjoint-continue-dexhorter-le-service-ameliore\/","title":{"rendered":"TEC Lignes E23 et 394: Le Model r\u00e9gional adjoint continue d&rsquo;exhorter le service am\u00e9lior\u00e9"},"content":{"rendered":"<p><strong>Apr\u00e8s de nombreuses r\u00e9actions et commentaires des utilisateurs de l&rsquo;Express Bus Line E23 entre Eupen et Burg-Reuland (via St. Vith), le d\u00e9put\u00e9 r\u00e9gional Ecolo Freddy Mockel s&rsquo;est de nouveau abstenu du ministre de la Mobilit\u00e9 Fran\u00e7ois Desquesnes (Les Engage) apr\u00e8s une premi\u00e8re question parlementaire.<\/strong><\/p>\n<p><span id=\"more-419266\"><\/span>Les derniers chiffres continuent de confirmer le succ\u00e8s de la ligne TEC Express qui relie le nord et le sud de la DG. Comme on le sait, cependant, cela se fait au d\u00e9triment du confort des passagers. Cette fois, Mockel a obtenu plus d&rsquo;informations sur la surpeuplement des bus.<\/p>\n<div id=\"attachment_111434\" class=\"wp-caption alignleft\" style=\"max-width: 300px\"><img fetchpriority=\"high\" decoding=\"async\" class=\"wp-image-111434 size-medium\" src=\"https:\/\/vieassociative.be\/actualites\/wp-content\/uploads\/2025\/07\/TEC-Lignes-E23-et-394-Le-Model-regional-adjoint-continue.jpeg\" alt=\"\" width=\"300\" height=\"200\"  ><\/p>\n<p class=\"wp-caption-text\">Un bus TEC apr\u00e8s l&rsquo;\u00e9cole \u00e0 la gare d&rsquo;Eupen. Photo: OD<\/p>\n<\/div>\n<p>Desquesnes a admis qu&rsquo;\u00e0 l&rsquo;\u00e9cole, il peut souvent y avoir souvent un surpeuplement presque et parfois efficace, c&rsquo;est-\u00e0-dire plus de 80 passagers, et donc aucun autre voyageur n&rsquo;est autoris\u00e9 dans de rares cas. Le ministre a fait r\u00e9f\u00e9rence \u00e0 un incident matinal au cours duquel deux personnes ne pouvaient pas monter sur le Baraque Michel.<\/p>\n<p>\u00c9tant donn\u00e9 que les temps des lignes express sont g\u00e9n\u00e9ralement consacr\u00e9s \u00e0 d&rsquo;autres connexions importantes, le TEC est la possibilit\u00e9 d&rsquo;adapter les voyages 394 avec le caract\u00e8re de l&rsquo;\u00e9cole sans cr\u00e9er de nouvelles difficult\u00e9s pour le corps \u00e9tudiant.<\/p>\n<p>Mockel accueille cette solution et souligne qu&rsquo;il est important de cr\u00e9er un rem\u00e8de correct afin que les passagers soient mieux r\u00e9partis entre les bus de la ligne E23 et de la ligne 394. \u00c0 long terme, le d\u00e9put\u00e9 \u00e9colo souhaite aller plus loin: \u00ab\u00a0Le voyage sur le Venn a un objectif final relativement long et la vitesse est \u00e9galement consid\u00e9rablement plus \u00e9lev\u00e9e que les heures de pic. Ayez un si\u00e8ge. \u00ab\u00a0<\/p>\n","protected":false},"excerpt":{"rendered":"<p>Apr\u00e8s de nombreuses r\u00e9actions et commentaires des utilisateurs de l&rsquo;Express Bus Line E23 entre Eupen et Burg-Reuland (via St. Vith), le d\u00e9put\u00e9 r\u00e9gional Ecolo Freddy<\/p>\n","protected":false},"author":1,"featured_media":8529,"comment_status":"","ping_status":"","sticky":false,"template":"","format":"standard","meta":{"footnotes":""},"categories":[298],"tags":[7616,2222,2426,7617,6328,7613,7614,7615,2911,7612],"class_list":["post-8528","post","type-post","status-publish","format-standard","has-post-thumbnail","hentry","category-belgique","tag-adjoint","tag-ameliore","tag-continue","tag-dexhorter","tag-e23","tag-lignes","tag-model","tag-regional","tag-service","tag-tec","generate-columns","tablet-grid-50","mobile-grid-100","grid-parent","grid-33"],"yoast_head":"<!-- This site is optimized with the Yoast SEO plugin v24.0 - https:\/\/yoast.com\/wordpress\/plugins\/seo\/ -->\n<title>TEC Lignes E23 et 394: Le Model r\u00e9gional adjoint continue d&#039;exhorter le service am\u00e9lior\u00e9 | Vie Associative<\/title>\n<meta name=\"robots\" content=\"index, follow, max-snippet:-1, max-image-preview:large, max-video-preview:-1\" \/>\n<link rel=\"canonical\" href=\"https:\/\/vieassociative.be\/actualites\/tec-lignes-e23-et-394-le-model-regional-adjoint-continue-dexhorter-le-service-ameliore\/\" \/>\n<meta property=\"og:locale\" content=\"fr_FR\" \/>\n<meta property=\"og:type\" content=\"article\" \/>\n<meta property=\"og:title\" content=\"TEC Lignes E23 et 394: Le Model r\u00e9gional adjoint continue d&#039;exhorter le service am\u00e9lior\u00e9 | Vie Associative\" \/>\n<meta property=\"og:description\" content=\"Apr\u00e8s de nombreuses r\u00e9actions et commentaires des utilisateurs de l&rsquo;Express Bus Line E23 entre Eupen et Burg-Reuland (via St. Vith), le d\u00e9put\u00e9 r\u00e9gional Ecolo Freddy\" \/>\n<meta property=\"og:url\" content=\"https:\/\/vieassociative.be\/actualites\/tec-lignes-e23-et-394-le-model-regional-adjoint-continue-dexhorter-le-service-ameliore\/\" \/>\n<meta property=\"og:site_name\" content=\"Vie Associative\" \/>\n<meta property=\"article:published_time\" content=\"2025-07-04T08:18:32+00:00\" \/>\n<meta property=\"og:image\" content=\"https:\/\/vieassociative.be\/actualites\/wp-content\/uploads\/2024\/09\/header_backgroundk-01-e1726694325946.png\" \/>\n\t<meta property=\"og:image:width\" content=\"279\" \/>\n\t<meta property=\"og:image:height\" content=\"92\" \/>\n\t<meta property=\"og:image:type\" content=\"image\/png\" \/>\n<meta name=\"author\" content=\"Julien\" \/>\n<meta name=\"twitter:card\" content=\"summary_large_image\" \/>\n<meta name=\"twitter:label1\" content=\"\u00c9crit par\" \/>\n\t<meta name=\"twitter:data1\" content=\"Julien\" \/>\n\t<meta name=\"twitter:label2\" content=\"Dur\u00e9e de lecture est.\" \/>\n\t<meta name=\"twitter:data2\" content=\"1 minute\" \/>\n<script type=\"application\/ld+json\" class=\"yoast-schema-graph\">{\"@context\":\"https:\/\/schema.org\",\"@graph\":[{\"@type\":\"Article\",\"@id\":\"https:\/\/vieassociative.be\/actualites\/tec-lignes-e23-et-394-le-model-regional-adjoint-continue-dexhorter-le-service-ameliore\/#article\",\"isPartOf\":{\"@id\":\"https:\/\/vieassociative.be\/actualites\/tec-lignes-e23-et-394-le-model-regional-adjoint-continue-dexhorter-le-service-ameliore\/\"},\"author\":{\"name\":\"Julien\",\"@id\":\"https:\/\/vieassociative.be\/actualites\/#\/schema\/person\/b87ac4f82f9d4e7b7cec7395b679edc4\"},\"headline\":\"TEC Lignes E23 et 394: Le Model r\u00e9gional adjoint continue d&rsquo;exhorter le service am\u00e9lior\u00e9\",\"datePublished\":\"2025-07-04T08:18:32+00:00\",\"dateModified\":\"2025-07-04T08:18:32+00:00\",\"mainEntityOfPage\":{\"@id\":\"https:\/\/vieassociative.be\/actualites\/tec-lignes-e23-et-394-le-model-regional-adjoint-continue-dexhorter-le-service-ameliore\/\"},\"wordCount\":314,\"publisher\":{\"@id\":\"https:\/\/vieassociative.be\/actualites\/#organization\"},\"image\":{\"@id\":\"https:\/\/vieassociative.be\/actualites\/tec-lignes-e23-et-394-le-model-regional-adjoint-continue-dexhorter-le-service-ameliore\/#primaryimage\"},\"thumbnailUrl\":\"https:\/\/vieassociative.be\/actualites\/wp-content\/uploads\/2025\/07\/TEC-Lignes-E23-et-394-Le-Model-regional-adjoint-continue.jpg\",\"keywords\":[\"adjoint\",\"am\u00e9lior\u00e9\",\"continue\",\"dexhorter\",\"E23\",\"Lignes\",\"Model\",\"r\u00e9gional\",\"service\",\"TEC\"],\"articleSection\":[\"Belgique\"],\"inLanguage\":\"fr-BE\"},{\"@type\":\"WebPage\",\"@id\":\"https:\/\/vieassociative.be\/actualites\/tec-lignes-e23-et-394-le-model-regional-adjoint-continue-dexhorter-le-service-ameliore\/\",\"url\":\"https:\/\/vieassociative.be\/actualites\/tec-lignes-e23-et-394-le-model-regional-adjoint-continue-dexhorter-le-service-ameliore\/\",\"name\":\"TEC Lignes E23 et 394: Le Model r\u00e9gional adjoint continue d'exhorter le service am\u00e9lior\u00e9 | Vie Associative\",\"isPartOf\":{\"@id\":\"https:\/\/vieassociative.be\/actualites\/#website\"},\"primaryImageOfPage\":{\"@id\":\"https:\/\/vieassociative.be\/actualites\/tec-lignes-e23-et-394-le-model-regional-adjoint-continue-dexhorter-le-service-ameliore\/#primaryimage\"},\"image\":{\"@id\":\"https:\/\/vieassociative.be\/actualites\/tec-lignes-e23-et-394-le-model-regional-adjoint-continue-dexhorter-le-service-ameliore\/#primaryimage\"},\"thumbnailUrl\":\"https:\/\/vieassociative.be\/actualites\/wp-content\/uploads\/2025\/07\/TEC-Lignes-E23-et-394-Le-Model-regional-adjoint-continue.jpg\",\"datePublished\":\"2025-07-04T08:18:32+00:00\",\"dateModified\":\"2025-07-04T08:18:32+00:00\",\"breadcrumb\":{\"@id\":\"https:\/\/vieassociative.be\/actualites\/tec-lignes-e23-et-394-le-model-regional-adjoint-continue-dexhorter-le-service-ameliore\/#breadcrumb\"},\"inLanguage\":\"fr-BE\",\"potentialAction\":[{\"@type\":\"ReadAction\",\"target\":[\"https:\/\/vieassociative.be\/actualites\/tec-lignes-e23-et-394-le-model-regional-adjoint-continue-dexhorter-le-service-ameliore\/\"]}]},{\"@type\":\"ImageObject\",\"inLanguage\":\"fr-BE\",\"@id\":\"https:\/\/vieassociative.be\/actualites\/tec-lignes-e23-et-394-le-model-regional-adjoint-continue-dexhorter-le-service-ameliore\/#primaryimage\",\"url\":\"https:\/\/vieassociative.be\/actualites\/wp-content\/uploads\/2025\/07\/TEC-Lignes-E23-et-394-Le-Model-regional-adjoint-continue.jpg\",\"contentUrl\":\"https:\/\/vieassociative.be\/actualites\/wp-content\/uploads\/2025\/07\/TEC-Lignes-E23-et-394-Le-Model-regional-adjoint-continue.jpg\",\"width\":1200,\"height\":800,\"caption\":\"TEC Lignes E23 et 394: Le Model r\u00e9gional adjoint continue d'exhorter le service am\u00e9lior\u00e9\"},{\"@type\":\"BreadcrumbList\",\"@id\":\"https:\/\/vieassociative.be\/actualites\/tec-lignes-e23-et-394-le-model-regional-adjoint-continue-dexhorter-le-service-ameliore\/#breadcrumb\",\"itemListElement\":[{\"@type\":\"ListItem\",\"position\":1,\"name\":\"Accueil\",\"item\":\"https:\/\/vieassociative.be\/actualites\/\"},{\"@type\":\"ListItem\",\"position\":2,\"name\":\"TEC Lignes E23 et 394: Le Model r\u00e9gional adjoint continue d&rsquo;exhorter le service am\u00e9lior\u00e9\"}]},{\"@type\":\"WebSite\",\"@id\":\"https:\/\/vieassociative.be\/actualites\/#website\",\"url\":\"https:\/\/vieassociative.be\/actualites\/\",\"name\":\"Vie Associative\",\"description\":\"\",\"publisher\":{\"@id\":\"https:\/\/vieassociative.be\/actualites\/#organization\"},\"potentialAction\":[{\"@type\":\"SearchAction\",\"target\":{\"@type\":\"EntryPoint\",\"urlTemplate\":\"https:\/\/vieassociative.be\/actualites\/?s={search_term_string}\"},\"query-input\":{\"@type\":\"PropertyValueSpecification\",\"valueRequired\":true,\"valueName\":\"search_term_string\"}}],\"inLanguage\":\"fr-BE\"},{\"@type\":\"Organization\",\"@id\":\"https:\/\/vieassociative.be\/actualites\/#organization\",\"name\":\"Vie Associative\",\"url\":\"https:\/\/vieassociative.be\/actualites\/\",\"logo\":{\"@type\":\"ImageObject\",\"inLanguage\":\"fr-BE\",\"@id\":\"https:\/\/vieassociative.be\/actualites\/#\/schema\/logo\/image\/\",\"url\":\"https:\/\/vieassociative.be\/actualites\/wp-content\/uploads\/2024\/09\/cropped-vieassociative_favicon.ico.png\",\"contentUrl\":\"https:\/\/vieassociative.be\/actualites\/wp-content\/uploads\/2024\/09\/cropped-vieassociative_favicon.ico.png\",\"width\":512,\"height\":512,\"caption\":\"Vie Associative\"},\"image\":{\"@id\":\"https:\/\/vieassociative.be\/actualites\/#\/schema\/logo\/image\/\"}},{\"@type\":\"Person\",\"@id\":\"https:\/\/vieassociative.be\/actualites\/#\/schema\/person\/b87ac4f82f9d4e7b7cec7395b679edc4\",\"name\":\"Julien\",\"image\":{\"@type\":\"ImageObject\",\"inLanguage\":\"fr-BE\",\"@id\":\"https:\/\/vieassociative.be\/actualites\/#\/schema\/person\/image\/\",\"url\":\"https:\/\/vieassociative.be\/actualites\/wp-content\/uploads\/2024\/09\/vie-associative-1-150x150.jpg\",\"contentUrl\":\"https:\/\/vieassociative.be\/actualites\/wp-content\/uploads\/2024\/09\/vie-associative-1-150x150.jpg\",\"caption\":\"Julien\"},\"description\":\"Je suis Julien, r\u00e9dacteur pour Vie Associative. Passionn\u00e9 par le monde associatif depuis plus de 10 ans, j'ai \u00e0 c\u0153ur de partager des histoires inspirantes et de mettre en lumi\u00e8re les initiatives locales. Mon objectif est de sensibiliser et d'encourager l'engagement communautaire \u00e0 travers mes articles.\",\"sameAs\":[\"https:\/\/vieassociative.be\/\"]}]}<\/script>\n<!-- \/ Yoast SEO plugin. -->","yoast_head_json":{"title":"TEC Lignes E23 et 394: Le Model r\u00e9gional adjoint continue d'exhorter le service am\u00e9lior\u00e9 | Vie Associative","robots":{"index":"index","follow":"follow","max-snippet":"max-snippet:-1","max-image-preview":"max-image-preview:large","max-video-preview":"max-video-preview:-1"},"canonical":"https:\/\/vieassociative.be\/actualites\/tec-lignes-e23-et-394-le-model-regional-adjoint-continue-dexhorter-le-service-ameliore\/","og_locale":"fr_FR","og_type":"article","og_title":"TEC Lignes E23 et 394: Le Model r\u00e9gional adjoint continue d'exhorter le service am\u00e9lior\u00e9 | Vie Associative","og_description":"Apr\u00e8s de nombreuses r\u00e9actions et commentaires des utilisateurs de l&rsquo;Express Bus Line E23 entre Eupen et Burg-Reuland (via St. Vith), le d\u00e9put\u00e9 r\u00e9gional Ecolo Freddy","og_url":"https:\/\/vieassociative.be\/actualites\/tec-lignes-e23-et-394-le-model-regional-adjoint-continue-dexhorter-le-service-ameliore\/","og_site_name":"Vie Associative","article_published_time":"2025-07-04T08:18:32+00:00","og_image":[{"width":279,"height":92,"url":"https:\/\/vieassociative.be\/actualites\/wp-content\/uploads\/2024\/09\/header_backgroundk-01-e1726694325946.png","type":"image\/png"}],"author":"Julien","twitter_card":"summary_large_image","twitter_misc":{"\u00c9crit par":"Julien","Dur\u00e9e de lecture est.":"1 minute"},"schema":{"@context":"https:\/\/schema.org","@graph":[{"@type":"Article","@id":"https:\/\/vieassociative.be\/actualites\/tec-lignes-e23-et-394-le-model-regional-adjoint-continue-dexhorter-le-service-ameliore\/#article","isPartOf":{"@id":"https:\/\/vieassociative.be\/actualites\/tec-lignes-e23-et-394-le-model-regional-adjoint-continue-dexhorter-le-service-ameliore\/"},"author":{"name":"Julien","@id":"https:\/\/vieassociative.be\/actualites\/#\/schema\/person\/b87ac4f82f9d4e7b7cec7395b679edc4"},"headline":"TEC Lignes E23 et 394: Le Model r\u00e9gional adjoint continue d&rsquo;exhorter le service am\u00e9lior\u00e9","datePublished":"2025-07-04T08:18:32+00:00","dateModified":"2025-07-04T08:18:32+00:00","mainEntityOfPage":{"@id":"https:\/\/vieassociative.be\/actualites\/tec-lignes-e23-et-394-le-model-regional-adjoint-continue-dexhorter-le-service-ameliore\/"},"wordCount":314,"publisher":{"@id":"https:\/\/vieassociative.be\/actualites\/#organization"},"image":{"@id":"https:\/\/vieassociative.be\/actualites\/tec-lignes-e23-et-394-le-model-regional-adjoint-continue-dexhorter-le-service-ameliore\/#primaryimage"},"thumbnailUrl":"https:\/\/vieassociative.be\/actualites\/wp-content\/uploads\/2025\/07\/TEC-Lignes-E23-et-394-Le-Model-regional-adjoint-continue.jpg","keywords":["adjoint","am\u00e9lior\u00e9","continue","dexhorter","E23","Lignes","Model","r\u00e9gional","service","TEC"],"articleSection":["Belgique"],"inLanguage":"fr-BE"},{"@type":"WebPage","@id":"https:\/\/vieassociative.be\/actualites\/tec-lignes-e23-et-394-le-model-regional-adjoint-continue-dexhorter-le-service-ameliore\/","url":"https:\/\/vieassociative.be\/actualites\/tec-lignes-e23-et-394-le-model-regional-adjoint-continue-dexhorter-le-service-ameliore\/","name":"TEC Lignes E23 et 394: Le Model r\u00e9gional adjoint continue d'exhorter le service am\u00e9lior\u00e9 | Vie Associative","isPartOf":{"@id":"https:\/\/vieassociative.be\/actualites\/#website"},"primaryImageOfPage":{"@id":"https:\/\/vieassociative.be\/actualites\/tec-lignes-e23-et-394-le-model-regional-adjoint-continue-dexhorter-le-service-ameliore\/#primaryimage"},"image":{"@id":"https:\/\/vieassociative.be\/actualites\/tec-lignes-e23-et-394-le-model-regional-adjoint-continue-dexhorter-le-service-ameliore\/#primaryimage"},"thumbnailUrl":"https:\/\/vieassociative.be\/actualites\/wp-content\/uploads\/2025\/07\/TEC-Lignes-E23-et-394-Le-Model-regional-adjoint-continue.jpg","datePublished":"2025-07-04T08:18:32+00:00","dateModified":"2025-07-04T08:18:32+00:00","breadcrumb":{"@id":"https:\/\/vieassociative.be\/actualites\/tec-lignes-e23-et-394-le-model-regional-adjoint-continue-dexhorter-le-service-ameliore\/#breadcrumb"},"inLanguage":"fr-BE","potentialAction":[{"@type":"ReadAction","target":["https:\/\/vieassociative.be\/actualites\/tec-lignes-e23-et-394-le-model-regional-adjoint-continue-dexhorter-le-service-ameliore\/"]}]},{"@type":"ImageObject","inLanguage":"fr-BE","@id":"https:\/\/vieassociative.be\/actualites\/tec-lignes-e23-et-394-le-model-regional-adjoint-continue-dexhorter-le-service-ameliore\/#primaryimage","url":"https:\/\/vieassociative.be\/actualites\/wp-content\/uploads\/2025\/07\/TEC-Lignes-E23-et-394-Le-Model-regional-adjoint-continue.jpg","contentUrl":"https:\/\/vieassociative.be\/actualites\/wp-content\/uploads\/2025\/07\/TEC-Lignes-E23-et-394-Le-Model-regional-adjoint-continue.jpg","width":1200,"height":800,"caption":"TEC Lignes E23 et 394: Le Model r\u00e9gional adjoint continue d'exhorter le service am\u00e9lior\u00e9"},{"@type":"BreadcrumbList","@id":"https:\/\/vieassociative.be\/actualites\/tec-lignes-e23-et-394-le-model-regional-adjoint-continue-dexhorter-le-service-ameliore\/#breadcrumb","itemListElement":[{"@type":"ListItem","position":1,"name":"Accueil","item":"https:\/\/vieassociative.be\/actualites\/"},{"@type":"ListItem","position":2,"name":"TEC Lignes E23 et 394: Le Model r\u00e9gional adjoint continue d&rsquo;exhorter le service am\u00e9lior\u00e9"}]},{"@type":"WebSite","@id":"https:\/\/vieassociative.be\/actualites\/#website","url":"https:\/\/vieassociative.be\/actualites\/","name":"Vie Associative","description":"","publisher":{"@id":"https:\/\/vieassociative.be\/actualites\/#organization"},"potentialAction":[{"@type":"SearchAction","target":{"@type":"EntryPoint","urlTemplate":"https:\/\/vieassociative.be\/actualites\/?s={search_term_string}"},"query-input":{"@type":"PropertyValueSpecification","valueRequired":true,"valueName":"search_term_string"}}],"inLanguage":"fr-BE"},{"@type":"Organization","@id":"https:\/\/vieassociative.be\/actualites\/#organization","name":"Vie Associative","url":"https:\/\/vieassociative.be\/actualites\/","logo":{"@type":"ImageObject","inLanguage":"fr-BE","@id":"https:\/\/vieassociative.be\/actualites\/#\/schema\/logo\/image\/","url":"https:\/\/vieassociative.be\/actualites\/wp-content\/uploads\/2024\/09\/cropped-vieassociative_favicon.ico.png","contentUrl":"https:\/\/vieassociative.be\/actualites\/wp-content\/uploads\/2024\/09\/cropped-vieassociative_favicon.ico.png","width":512,"height":512,"caption":"Vie Associative"},"image":{"@id":"https:\/\/vieassociative.be\/actualites\/#\/schema\/logo\/image\/"}},{"@type":"Person","@id":"https:\/\/vieassociative.be\/actualites\/#\/schema\/person\/b87ac4f82f9d4e7b7cec7395b679edc4","name":"Julien","image":{"@type":"ImageObject","inLanguage":"fr-BE","@id":"https:\/\/vieassociative.be\/actualites\/#\/schema\/person\/image\/","url":"https:\/\/vieassociative.be\/actualites\/wp-content\/uploads\/2024\/09\/vie-associative-1-150x150.jpg","contentUrl":"https:\/\/vieassociative.be\/actualites\/wp-content\/uploads\/2024\/09\/vie-associative-1-150x150.jpg","caption":"Julien"},"description":"Je suis Julien, r\u00e9dacteur pour Vie Associative. Passionn\u00e9 par le monde associatif depuis plus de 10 ans, j'ai \u00e0 c\u0153ur de partager des histoires inspirantes et de mettre en lumi\u00e8re les initiatives locales. Mon objectif est de sensibiliser et d'encourager l'engagement communautaire \u00e0 travers mes articles.","sameAs":["https:\/\/vieassociative.be\/"]}]}},"_links":{"self":[{"href":"https:\/\/vieassociative.be\/actualites\/wp-json\/wp\/v2\/posts\/8528"}],"collection":[{"href":"https:\/\/vieassociative.be\/actualites\/wp-json\/wp\/v2\/posts"}],"about":[{"href":"https:\/\/vieassociative.be\/actualites\/wp-json\/wp\/v2\/types\/post"}],"author":[{"embeddable":true,"href":"https:\/\/vieassociative.be\/actualites\/wp-json\/wp\/v2\/users\/1"}],"replies":[{"embeddable":true,"href":"https:\/\/vieassociative.be\/actualites\/wp-json\/wp\/v2\/comments?post=8528"}],"version-history":[{"count":0,"href":"https:\/\/vieassociative.be\/actualites\/wp-json\/wp\/v2\/posts\/8528\/revisions"}],"wp:featuredmedia":[{"embeddable":true,"href":"https:\/\/vieassociative.be\/actualites\/wp-json\/wp\/v2\/media\/8529"}],"wp:attachment":[{"href":"https:\/\/vieassociative.be\/actualites\/wp-json\/wp\/v2\/media?parent=8528"}],"wp:term":[{"taxonomy":"category","embeddable":true,"href":"https:\/\/vieassociative.be\/actualites\/wp-json\/wp\/v2\/categories?post=8528"},{"taxonomy":"post_tag","embeddable":true,"href":"https:\/\/vieassociative.be\/actualites\/wp-json\/wp\/v2\/tags?post=8528"}],"curies":[{"name":"wp","href":"https:\/\/api.w.org\/{rel}","templated":true}]}}