{"id":8522,"date":"2025-07-04T04:20:33","date_gmt":"2025-07-04T02:20:33","guid":{"rendered":"https:\/\/vieassociative.be\/actualites\/le-monde-du-football-est-sous-le-choc-diogo-jota-decede-a-28-ans-dans-un-accident-de-voiture-marie-il-y-a-seulement-deux-semaines\/"},"modified":"2025-07-04T04:20:33","modified_gmt":"2025-07-04T02:20:33","slug":"le-monde-du-football-est-sous-le-choc-diogo-jota-decede-a-28-ans-dans-un-accident-de-voiture-marie-il-y-a-seulement-deux-semaines","status":"publish","type":"post","link":"https:\/\/vieassociative.be\/actualites\/le-monde-du-football-est-sous-le-choc-diogo-jota-decede-a-28-ans-dans-un-accident-de-voiture-marie-il-y-a-seulement-deux-semaines\/","title":{"rendered":"Le monde du football est sous le choc: Diogo Jota d\u00e9c\u00e8de \u00e0 28 ans dans un accident de voiture &#8211; mari\u00e9 il y a seulement deux semaines"},"content":{"rendered":"<p><strong>Le joueur de football national du Portugal \u00e0 jour, Jota, est tu\u00e9 dans un terrible accident de voiture. Son fr\u00e8re ne survit pas non plus. Diogo Jota venait de se marier et a trois enfants.<\/strong><\/p>\n<p><span id=\"more-419197\"><\/span>Le monde du football est sous le choc: l&rsquo;international portugais Diogo Jota de Liverpool a \u00e9t\u00e9 tu\u00e9 dans un accident de la circulation en Espagne. La police et l&rsquo;association portugaise de football ont confirm\u00e9 la mort de l&rsquo;homme de 28 ans. Le fr\u00e8re de Diogo Jota \u00e0 25 ans Andr\u00e9, Andr\u00e9, est \u00e9galement d\u00e9c\u00e9d\u00e9 dans l&rsquo;accident.<\/p>\n<div id=\"attachment_419199\" class=\"wp-caption alignleft\" style=\"max-width: 223px\"><img fetchpriority=\"high\" decoding=\"async\" class=\"wp-image-419199 size-medium\" src=\"https:\/\/vieassociative.be\/actualites\/wp-content\/uploads\/2025\/07\/Le-monde-du-football-est-sous-le-choc-Diogo-Jota.jpg\" alt=\"\" width=\"223\" height=\"300\"><\/p>\n<p class=\"wp-caption-text\">22\/05\/2022, Grande-Bretagne, Liverpool: Liverpool Diogo Jota, apr\u00e8s le match de la Premier League anglaise entre Liverpool et les Wolverhampton Wanderers \u00e0 Anfield avec sa femme Ruth Cardoso et son enfant. Photo: Peter Byrne \/ Pa Wire \/ DPA<\/p>\n<\/div>\n<p>Diogo Jota ne s&rsquo;\u00e9tait mari\u00e9 qu&rsquo;il y a moins de deux semaines. C&rsquo;est un triple p\u00e8re. Fin mai, il a c\u00e9l\u00e9br\u00e9 le championnat avec le Liverpool FC Liverpool avec une photo de famille, sur laquelle lui, sa femme et les trois enfants posent sur le terrain avec le troph\u00e9e du champion. Sur une autre photo, la famille peut \u00eatre vue avec trois chiens.<\/p>\n<p><strong>&#8211; L&rsquo;association demande le silence de Minute:<\/strong> \u00ab\u00a0L&rsquo;Association du football portugais et l&rsquo;ensemble du football portugais sont profond\u00e9ment secou\u00e9s au sujet de la mort de Diogo Jota et de son fr\u00e8re Andr\u00e9 Silva en Espagne ce matin\u00a0\u00bb, l&rsquo;association n&rsquo;\u00e9tait pas seulement un joueur fantastique \u00ab\u00a0, mais aussi une personne extraordinaire qui a \u00e9t\u00e9 respect\u00e9e par tous ses co-joueurs qui ont \u00e9t\u00e9 exsut\u00e9s \u00e0 une joie contagieuse et qui a \u00e9t\u00e9 un point de r\u00e9f\u00e9rence dans sa communaut\u00e9.\u00a0\u00bb<\/p>\n<p>L&rsquo;association a demand\u00e9 \u00e0 l&rsquo;UEFA de prendre une minute de silence au championnat d&rsquo;Europe des femmes avant le jeu portugais contre l&rsquo;Espagne ce soir.<\/p>\n<p>Diogo Jota joue pour Liverpool depuis septembre 2020. Avant le championnat la saison derni\u00e8re, il a remport\u00e9 la FA Cup avec les Reds en 2022 et 2022 et 2024 la Coupe de la Ligue. \u00ab\u00a0Le Liverpool Football Club est secou\u00e9 par la mort tragique de Diogo Jota\u00a0\u00bb, a d\u00e9clar\u00e9 le club. Liverpool a demand\u00e9 \u00ab\u00a0de respecter la famille, les amis, les co\u00e9quipiers et les employ\u00e9s du club de Diogo et Andr\u00e9 tout en essayant de faire face \u00e0 cette perte inimaginable. Nous continuerons \u00e0 vous envoyer notre soutien complet.\u00a0\u00bb<\/p>\n<div id=\"attachment_419203\" class=\"wp-caption alignleft\" style=\"max-width: 300px\"><img decoding=\"async\" class=\"wp-image-419203 size-medium\" src=\"https:\/\/vieassociative.be\/actualites\/wp-content\/uploads\/2025\/07\/1751595633_761_Le-monde-du-football-est-sous-le-choc-Diogo-Jota.jpg\" alt=\"\" width=\"300\" height=\"200\"><\/p>\n<p class=\"wp-caption-text\">03.07.2025, Espagne, Zamora: Le lieu de l&rsquo;accident de voiture o\u00f9 le joueur de Liverpool Diogo Jota et son fr\u00e8re sont morts dans la ville nord-ouest de Zamora. Photo: Emilio Fraile \/ AP \/ DPA<\/p>\n<\/div>\n<p>L&rsquo;attaquant a jou\u00e9 49 Caps pour le Portugal. Il a marqu\u00e9 14 buts. Diogo Jota faisait partie du Championnat d&rsquo;Europe en Allemagne l&rsquo;ann\u00e9e derni\u00e8re. Plus r\u00e9cemment, il a remport\u00e9 la Ligue des nations avec son pays d&rsquo;origine.<\/p>\n<p><strong>&#8211; Auto \u00e9tait en feu:<\/strong> Selon les m\u00e9dias d&rsquo;Espagne et du Portugal, Diogo Jota et son fr\u00e8re ont eu un accident t\u00f4t le matin. L&rsquo;accident s&rsquo;est produit sur Autobahn 52 \u00e0 la municipalit\u00e9 de Cernadilla.<\/p>\n<p>Le centre d&rsquo;op\u00e9rations responsables a re\u00e7u plusieurs appels dans lesquels il a \u00e9t\u00e9 inform\u00e9 de l&rsquo;accident. Les deux se sont \u00e9cras\u00e9s dans une voiture de sport dans une man\u0153uvre de d\u00e9passement. La voiture est sortie de la rue et s&rsquo;est enflamm\u00e9e. Les secouristes ne pouvaient confirmer que la mort des deux jeunes hommes sur les lieux de l&rsquo;accident.<\/p>\n<p>Selon \u00ab\u00a0Zamora24horas\u00a0\u00bb, les deux hommes ont \u00e9t\u00e9 br\u00fbl\u00e9s jusqu&rsquo;\u00e0 ce qu&rsquo;ils soient reconnus. Les restes ont \u00e9t\u00e9 apport\u00e9s \u00e0 un institut m\u00e9dico-l\u00e9gal. Le fr\u00e8re de Diogo Jota a jou\u00e9 pour le FC Penafiel dans la deuxi\u00e8me ligue portugaise.<\/p>\n<div id=\"attachment_419209\" class=\"wp-caption alignleft\" style=\"max-width: 300px\"><img decoding=\"async\" class=\"wp-image-419209 size-medium\" src=\"https:\/\/vieassociative.be\/actualites\/wp-content\/uploads\/2025\/07\/1751595633_329_Le-monde-du-football-est-sous-le-choc-Diogo-Jota.jpg\" alt=\"\" width=\"300\" height=\"200\"><\/p>\n<p class=\"wp-caption-text\">17\/11\/2019, Luxembourg: Cristiano Ronaldo (L) du Portugal et de son \u00e9quipe &#8211; Cate est heureux d&rsquo;un objectif pour le Portugal. Photo: Francisco Seco \/ AP \/ DPA<\/p>\n<\/div>\n<p><strong>-Le l\u00e9gende du football Pepe et Ronaldo choqu\u00e9s:<\/strong> La Portugais Football Association a exprim\u00e9 ses plus profondes condol\u00e9ances \u00e0 la famille et aux amis de Diogo et Andr\u00e9 Silva ainsi que le Liverpool FC et le FC Penafiel, les clubs dans lesquels les joueurs ont jou\u00e9.<\/p>\n<p>\u00ab\u00a0Avec une grande tristesse, j&rsquo;ai re\u00e7u la nouvelle de la mort de Diogo Jota et de son fr\u00e8re Andr\u00e9. L&rsquo;une des pertes douloureuses ant\u00e9rieures qui nous rend plus pauvres &#8211; en tant que coll\u00e8gue, en tant qu&rsquo;amis et en tant qu&rsquo;amoureux du football.\u00a0\u00bb L&rsquo;homme de 42 ans a exprim\u00e9 ses \u00abcondol\u00e9ances sinc\u00e8res\u00bb \u00e0 la famille et aux amis Diogo Jotas.<\/p>\n<p>Le c\u00e9l\u00e8bre compatriote de Jota, Cristiano Ronaldo, commente \u00e9galement la mort du co\u00e9quipier \u00e0 long terme. \u00ab\u00a0Cela n&rsquo;a aucun sens\u00a0\u00bb, a \u00e9crit Ronaldo sur Instagram. \u00ab\u00a0Nous \u00e9tions juste avec l&rsquo;\u00e9quipe nationale, vous venez de vous marier.\u00a0\u00bb<\/p>\n<p>Depuis 2019, le footballeur mondial r\u00e9p\u00e9t\u00e9 et Jota sont actifs ensemble dans l&rsquo;\u00e9quipe nationale portugaise. Plus r\u00e9cemment, tous deux ont applaudi pour gagner la Ligue des nations lors d&rsquo;une victoire finale sur l&rsquo;Espagne \u00e0 Munich.<\/p>\n<div id=\"attachment_419236\" class=\"wp-caption alignleft\" style=\"max-width: 300px\"><img loading=\"lazy\" decoding=\"async\" class=\"wp-image-419236 size-medium\" src=\"https:\/\/vieassociative.be\/actualites\/wp-content\/uploads\/2025\/07\/1751595633_602_Le-monde-du-football-est-sous-le-choc-Diogo-Jota.jpg\" alt=\"\" width=\"300\" height=\"200\"><\/p>\n<p class=\"wp-caption-text\">22\/11\/2020, Grande-Bretagne, Liverpool: J\u00fcrgen Klopp de l&rsquo;Allemagne, entra\u00eeneur du FC Liverpool, Hug Liverpools Diogo Jota. J\u00fcrgen Klopp est profond\u00e9ment constern\u00e9 par la mort de l&rsquo;accident de son ancien prot\u00e9g\u00e9 Diogo Jota. Photo: Peter Powell \/ Pool EPA \/ AP \/ DPA<\/p>\n<\/div>\n<p><strong>&#8211; J\u00fcrgen Klopp stup\u00e9fait:<\/strong> L&rsquo;ancien entra\u00eeneur \u00e0 succ\u00e8s de Liverpool, J\u00fcrgen Klopp, a r\u00e9agi avec beaucoup de chagrin et de Bewilderness \u00e0 la mort accidentelle tragique de son ancien prog\u00e9g\u00e9 Diogo Jota. \u00ab\u00a0C&rsquo;est un moment o\u00f9 je sonne avec moi-m\u00eame! Il doit y avoir une plus grande cause! Mais je ne peux pas le voir! \u00c7a me brise le c\u0153ur d&rsquo;entendre la mort de Diogo et de son fr\u00e8re Andr\u00e9\u00a0\u00bb, a \u00e9crit l&rsquo;entra\u00eeneur de d\u00e9part sur Instagram pour des photos avec le joueur de football national portugais.<\/p>\n<p>\u00ab\u00a0Diogo n&rsquo;\u00e9tait pas seulement un joueur fantastique, mais aussi un grand ami, un mari et un p\u00e8re aimant et attentionn\u00e9! Tu nous manqueras tellement!\u00a0\u00bb, Klopp a poursuivi le r\u00e9seau social. De 2020 au d\u00e9part de Klopps l&rsquo;\u00e9t\u00e9 dernier, Jota avait jou\u00e9 aux Reds sous l&rsquo;ancien entra\u00eeneur de Bundesliga.<\/p>\n<p>Le Klopp de 58 ans a souhait\u00e9 que la veuve de Jota et les trois enfants de la force, toutes ses pri\u00e8res et ses pens\u00e9es soient avec eux ainsi que la famille, les amis et \u00ab\u00a0tous ceux qui aiment! Calme en paix &#8211; amoureux J\u00a0\u00bb, dit Klopp. (DPA)<\/p>\n","protected":false},"excerpt":{"rendered":"<p>Le joueur de football national du Portugal \u00e0 jour, Jota, est tu\u00e9 dans un terrible accident de voiture. Son fr\u00e8re ne survit pas non plus.<\/p>\n","protected":false},"author":1,"featured_media":8523,"comment_status":"","ping_status":"","sticky":false,"template":"","format":"standard","meta":{"footnotes":""},"categories":[298],"tags":[3013,584,5004,166,1223,114,7609,76,1104,7610,7611,237,3098,2583,467,1229],"class_list":["post-8522","post","type-post","status-publish","format-standard","has-post-thumbnail","hentry","category-belgique","tag-accident","tag-ans","tag-choc","tag-dans","tag-decede","tag-deux","tag-diogo","tag-est","tag-football","tag-jota","tag-marie","tag-monde","tag-semaines","tag-seulement","tag-sous","tag-voiture","generate-columns","tablet-grid-50","mobile-grid-100","grid-parent","grid-33"],"yoast_head":"<!-- This site is optimized with the Yoast SEO plugin v24.0 - https:\/\/yoast.com\/wordpress\/plugins\/seo\/ -->\n<title>Le monde du football est sous le choc: Diogo Jota d\u00e9c\u00e8de \u00e0 28 ans dans un accident de voiture - mari\u00e9 il y a seulement deux semaines | Vie Associative<\/title>\n<meta name=\"robots\" content=\"index, follow, max-snippet:-1, max-image-preview:large, max-video-preview:-1\" \/>\n<link rel=\"canonical\" href=\"https:\/\/vieassociative.be\/actualites\/le-monde-du-football-est-sous-le-choc-diogo-jota-decede-a-28-ans-dans-un-accident-de-voiture-marie-il-y-a-seulement-deux-semaines\/\" \/>\n<meta property=\"og:locale\" content=\"fr_FR\" \/>\n<meta property=\"og:type\" content=\"article\" \/>\n<meta property=\"og:title\" content=\"Le monde du football est sous le choc: Diogo Jota d\u00e9c\u00e8de \u00e0 28 ans dans un accident de voiture - mari\u00e9 il y a seulement deux semaines | Vie Associative\" \/>\n<meta property=\"og:description\" content=\"Le joueur de football national du Portugal \u00e0 jour, Jota, est tu\u00e9 dans un terrible accident de voiture. Son fr\u00e8re ne survit pas non plus.\" \/>\n<meta property=\"og:url\" content=\"https:\/\/vieassociative.be\/actualites\/le-monde-du-football-est-sous-le-choc-diogo-jota-decede-a-28-ans-dans-un-accident-de-voiture-marie-il-y-a-seulement-deux-semaines\/\" \/>\n<meta property=\"og:site_name\" content=\"Vie Associative\" \/>\n<meta property=\"article:published_time\" content=\"2025-07-04T02:20:33+00:00\" \/>\n<meta property=\"og:image\" content=\"https:\/\/vieassociative.be\/actualites\/wp-content\/uploads\/2024\/09\/header_backgroundk-01-e1726694325946.png\" \/>\n\t<meta property=\"og:image:width\" content=\"279\" \/>\n\t<meta property=\"og:image:height\" content=\"92\" \/>\n\t<meta property=\"og:image:type\" content=\"image\/png\" \/>\n<meta name=\"author\" content=\"Julien\" \/>\n<meta name=\"twitter:card\" content=\"summary_large_image\" \/>\n<meta name=\"twitter:label1\" content=\"\u00c9crit par\" \/>\n\t<meta name=\"twitter:data1\" content=\"Julien\" \/>\n\t<meta name=\"twitter:label2\" content=\"Dur\u00e9e de lecture est.\" \/>\n\t<meta name=\"twitter:data2\" content=\"5 minutes\" \/>\n<script type=\"application\/ld+json\" class=\"yoast-schema-graph\">{\"@context\":\"https:\/\/schema.org\",\"@graph\":[{\"@type\":\"Article\",\"@id\":\"https:\/\/vieassociative.be\/actualites\/le-monde-du-football-est-sous-le-choc-diogo-jota-decede-a-28-ans-dans-un-accident-de-voiture-marie-il-y-a-seulement-deux-semaines\/#article\",\"isPartOf\":{\"@id\":\"https:\/\/vieassociative.be\/actualites\/le-monde-du-football-est-sous-le-choc-diogo-jota-decede-a-28-ans-dans-un-accident-de-voiture-marie-il-y-a-seulement-deux-semaines\/\"},\"author\":{\"name\":\"Julien\",\"@id\":\"https:\/\/vieassociative.be\/actualites\/#\/schema\/person\/b87ac4f82f9d4e7b7cec7395b679edc4\"},\"headline\":\"Le monde du football est sous le choc: Diogo Jota d\u00e9c\u00e8de \u00e0 28 ans dans un accident de voiture &#8211; mari\u00e9 il y a seulement deux semaines\",\"datePublished\":\"2025-07-04T02:20:33+00:00\",\"dateModified\":\"2025-07-04T02:20:33+00:00\",\"mainEntityOfPage\":{\"@id\":\"https:\/\/vieassociative.be\/actualites\/le-monde-du-football-est-sous-le-choc-diogo-jota-decede-a-28-ans-dans-un-accident-de-voiture-marie-il-y-a-seulement-deux-semaines\/\"},\"wordCount\":1125,\"publisher\":{\"@id\":\"https:\/\/vieassociative.be\/actualites\/#organization\"},\"image\":{\"@id\":\"https:\/\/vieassociative.be\/actualites\/le-monde-du-football-est-sous-le-choc-diogo-jota-decede-a-28-ans-dans-un-accident-de-voiture-marie-il-y-a-seulement-deux-semaines\/#primaryimage\"},\"thumbnailUrl\":\"https:\/\/vieassociative.be\/actualites\/wp-content\/uploads\/2025\/07\/1751595634_Le-monde-du-football-est-sous-le-choc-Diogo-Jota.jpg\",\"keywords\":[\"accident\",\"ans\",\"Choc\",\"dans\",\"d\u00e9c\u00e9d\u00e9\",\"deux\",\"Diogo\",\"est\",\"football\",\"Jota\",\"mari\u00e9\",\"monde\",\"semaines\",\"seulement\",\"sous\",\"voiture\"],\"articleSection\":[\"Belgique\"],\"inLanguage\":\"fr-BE\"},{\"@type\":\"WebPage\",\"@id\":\"https:\/\/vieassociative.be\/actualites\/le-monde-du-football-est-sous-le-choc-diogo-jota-decede-a-28-ans-dans-un-accident-de-voiture-marie-il-y-a-seulement-deux-semaines\/\",\"url\":\"https:\/\/vieassociative.be\/actualites\/le-monde-du-football-est-sous-le-choc-diogo-jota-decede-a-28-ans-dans-un-accident-de-voiture-marie-il-y-a-seulement-deux-semaines\/\",\"name\":\"Le monde du football est sous le choc: Diogo Jota d\u00e9c\u00e8de \u00e0 28 ans dans un accident de voiture - mari\u00e9 il y a seulement deux semaines | Vie Associative\",\"isPartOf\":{\"@id\":\"https:\/\/vieassociative.be\/actualites\/#website\"},\"primaryImageOfPage\":{\"@id\":\"https:\/\/vieassociative.be\/actualites\/le-monde-du-football-est-sous-le-choc-diogo-jota-decede-a-28-ans-dans-un-accident-de-voiture-marie-il-y-a-seulement-deux-semaines\/#primaryimage\"},\"image\":{\"@id\":\"https:\/\/vieassociative.be\/actualites\/le-monde-du-football-est-sous-le-choc-diogo-jota-decede-a-28-ans-dans-un-accident-de-voiture-marie-il-y-a-seulement-deux-semaines\/#primaryimage\"},\"thumbnailUrl\":\"https:\/\/vieassociative.be\/actualites\/wp-content\/uploads\/2025\/07\/1751595634_Le-monde-du-football-est-sous-le-choc-Diogo-Jota.jpg\",\"datePublished\":\"2025-07-04T02:20:33+00:00\",\"dateModified\":\"2025-07-04T02:20:33+00:00\",\"breadcrumb\":{\"@id\":\"https:\/\/vieassociative.be\/actualites\/le-monde-du-football-est-sous-le-choc-diogo-jota-decede-a-28-ans-dans-un-accident-de-voiture-marie-il-y-a-seulement-deux-semaines\/#breadcrumb\"},\"inLanguage\":\"fr-BE\",\"potentialAction\":[{\"@type\":\"ReadAction\",\"target\":[\"https:\/\/vieassociative.be\/actualites\/le-monde-du-football-est-sous-le-choc-diogo-jota-decede-a-28-ans-dans-un-accident-de-voiture-marie-il-y-a-seulement-deux-semaines\/\"]}]},{\"@type\":\"ImageObject\",\"inLanguage\":\"fr-BE\",\"@id\":\"https:\/\/vieassociative.be\/actualites\/le-monde-du-football-est-sous-le-choc-diogo-jota-decede-a-28-ans-dans-un-accident-de-voiture-marie-il-y-a-seulement-deux-semaines\/#primaryimage\",\"url\":\"https:\/\/vieassociative.be\/actualites\/wp-content\/uploads\/2025\/07\/1751595634_Le-monde-du-football-est-sous-le-choc-Diogo-Jota.jpg\",\"contentUrl\":\"https:\/\/vieassociative.be\/actualites\/wp-content\/uploads\/2025\/07\/1751595634_Le-monde-du-football-est-sous-le-choc-Diogo-Jota.jpg\",\"width\":900,\"height\":300,\"caption\":\"Le monde du football est sous le choc: Diogo Jota d\u00e9c\u00e8de \u00e0 28 ans dans un accident de voiture - mari\u00e9 il y a seulement deux semaines\"},{\"@type\":\"BreadcrumbList\",\"@id\":\"https:\/\/vieassociative.be\/actualites\/le-monde-du-football-est-sous-le-choc-diogo-jota-decede-a-28-ans-dans-un-accident-de-voiture-marie-il-y-a-seulement-deux-semaines\/#breadcrumb\",\"itemListElement\":[{\"@type\":\"ListItem\",\"position\":1,\"name\":\"Accueil\",\"item\":\"https:\/\/vieassociative.be\/actualites\/\"},{\"@type\":\"ListItem\",\"position\":2,\"name\":\"Le monde du football est sous le choc: Diogo Jota d\u00e9c\u00e8de \u00e0 28 ans dans un accident de voiture &#8211; mari\u00e9 il y a seulement deux semaines\"}]},{\"@type\":\"WebSite\",\"@id\":\"https:\/\/vieassociative.be\/actualites\/#website\",\"url\":\"https:\/\/vieassociative.be\/actualites\/\",\"name\":\"Vie Associative\",\"description\":\"\",\"publisher\":{\"@id\":\"https:\/\/vieassociative.be\/actualites\/#organization\"},\"potentialAction\":[{\"@type\":\"SearchAction\",\"target\":{\"@type\":\"EntryPoint\",\"urlTemplate\":\"https:\/\/vieassociative.be\/actualites\/?s={search_term_string}\"},\"query-input\":{\"@type\":\"PropertyValueSpecification\",\"valueRequired\":true,\"valueName\":\"search_term_string\"}}],\"inLanguage\":\"fr-BE\"},{\"@type\":\"Organization\",\"@id\":\"https:\/\/vieassociative.be\/actualites\/#organization\",\"name\":\"Vie Associative\",\"url\":\"https:\/\/vieassociative.be\/actualites\/\",\"logo\":{\"@type\":\"ImageObject\",\"inLanguage\":\"fr-BE\",\"@id\":\"https:\/\/vieassociative.be\/actualites\/#\/schema\/logo\/image\/\",\"url\":\"https:\/\/vieassociative.be\/actualites\/wp-content\/uploads\/2024\/09\/cropped-vieassociative_favicon.ico.png\",\"contentUrl\":\"https:\/\/vieassociative.be\/actualites\/wp-content\/uploads\/2024\/09\/cropped-vieassociative_favicon.ico.png\",\"width\":512,\"height\":512,\"caption\":\"Vie Associative\"},\"image\":{\"@id\":\"https:\/\/vieassociative.be\/actualites\/#\/schema\/logo\/image\/\"}},{\"@type\":\"Person\",\"@id\":\"https:\/\/vieassociative.be\/actualites\/#\/schema\/person\/b87ac4f82f9d4e7b7cec7395b679edc4\",\"name\":\"Julien\",\"image\":{\"@type\":\"ImageObject\",\"inLanguage\":\"fr-BE\",\"@id\":\"https:\/\/vieassociative.be\/actualites\/#\/schema\/person\/image\/\",\"url\":\"https:\/\/vieassociative.be\/actualites\/wp-content\/uploads\/2024\/09\/vie-associative-1-150x150.jpg\",\"contentUrl\":\"https:\/\/vieassociative.be\/actualites\/wp-content\/uploads\/2024\/09\/vie-associative-1-150x150.jpg\",\"caption\":\"Julien\"},\"description\":\"Je suis Julien, r\u00e9dacteur pour Vie Associative. Passionn\u00e9 par le monde associatif depuis plus de 10 ans, j'ai \u00e0 c\u0153ur de partager des histoires inspirantes et de mettre en lumi\u00e8re les initiatives locales. Mon objectif est de sensibiliser et d'encourager l'engagement communautaire \u00e0 travers mes articles.\",\"sameAs\":[\"https:\/\/vieassociative.be\/\"]}]}<\/script>\n<!-- \/ Yoast SEO plugin. -->","yoast_head_json":{"title":"Le monde du football est sous le choc: Diogo Jota d\u00e9c\u00e8de \u00e0 28 ans dans un accident de voiture - mari\u00e9 il y a seulement deux semaines | Vie Associative","robots":{"index":"index","follow":"follow","max-snippet":"max-snippet:-1","max-image-preview":"max-image-preview:large","max-video-preview":"max-video-preview:-1"},"canonical":"https:\/\/vieassociative.be\/actualites\/le-monde-du-football-est-sous-le-choc-diogo-jota-decede-a-28-ans-dans-un-accident-de-voiture-marie-il-y-a-seulement-deux-semaines\/","og_locale":"fr_FR","og_type":"article","og_title":"Le monde du football est sous le choc: Diogo Jota d\u00e9c\u00e8de \u00e0 28 ans dans un accident de voiture - mari\u00e9 il y a seulement deux semaines | Vie Associative","og_description":"Le joueur de football national du Portugal \u00e0 jour, Jota, est tu\u00e9 dans un terrible accident de voiture. Son fr\u00e8re ne survit pas non plus.","og_url":"https:\/\/vieassociative.be\/actualites\/le-monde-du-football-est-sous-le-choc-diogo-jota-decede-a-28-ans-dans-un-accident-de-voiture-marie-il-y-a-seulement-deux-semaines\/","og_site_name":"Vie Associative","article_published_time":"2025-07-04T02:20:33+00:00","og_image":[{"width":279,"height":92,"url":"https:\/\/vieassociative.be\/actualites\/wp-content\/uploads\/2024\/09\/header_backgroundk-01-e1726694325946.png","type":"image\/png"}],"author":"Julien","twitter_card":"summary_large_image","twitter_misc":{"\u00c9crit par":"Julien","Dur\u00e9e de lecture est.":"5 minutes"},"schema":{"@context":"https:\/\/schema.org","@graph":[{"@type":"Article","@id":"https:\/\/vieassociative.be\/actualites\/le-monde-du-football-est-sous-le-choc-diogo-jota-decede-a-28-ans-dans-un-accident-de-voiture-marie-il-y-a-seulement-deux-semaines\/#article","isPartOf":{"@id":"https:\/\/vieassociative.be\/actualites\/le-monde-du-football-est-sous-le-choc-diogo-jota-decede-a-28-ans-dans-un-accident-de-voiture-marie-il-y-a-seulement-deux-semaines\/"},"author":{"name":"Julien","@id":"https:\/\/vieassociative.be\/actualites\/#\/schema\/person\/b87ac4f82f9d4e7b7cec7395b679edc4"},"headline":"Le monde du football est sous le choc: Diogo Jota d\u00e9c\u00e8de \u00e0 28 ans dans un accident de voiture &#8211; mari\u00e9 il y a seulement deux semaines","datePublished":"2025-07-04T02:20:33+00:00","dateModified":"2025-07-04T02:20:33+00:00","mainEntityOfPage":{"@id":"https:\/\/vieassociative.be\/actualites\/le-monde-du-football-est-sous-le-choc-diogo-jota-decede-a-28-ans-dans-un-accident-de-voiture-marie-il-y-a-seulement-deux-semaines\/"},"wordCount":1125,"publisher":{"@id":"https:\/\/vieassociative.be\/actualites\/#organization"},"image":{"@id":"https:\/\/vieassociative.be\/actualites\/le-monde-du-football-est-sous-le-choc-diogo-jota-decede-a-28-ans-dans-un-accident-de-voiture-marie-il-y-a-seulement-deux-semaines\/#primaryimage"},"thumbnailUrl":"https:\/\/vieassociative.be\/actualites\/wp-content\/uploads\/2025\/07\/1751595634_Le-monde-du-football-est-sous-le-choc-Diogo-Jota.jpg","keywords":["accident","ans","Choc","dans","d\u00e9c\u00e9d\u00e9","deux","Diogo","est","football","Jota","mari\u00e9","monde","semaines","seulement","sous","voiture"],"articleSection":["Belgique"],"inLanguage":"fr-BE"},{"@type":"WebPage","@id":"https:\/\/vieassociative.be\/actualites\/le-monde-du-football-est-sous-le-choc-diogo-jota-decede-a-28-ans-dans-un-accident-de-voiture-marie-il-y-a-seulement-deux-semaines\/","url":"https:\/\/vieassociative.be\/actualites\/le-monde-du-football-est-sous-le-choc-diogo-jota-decede-a-28-ans-dans-un-accident-de-voiture-marie-il-y-a-seulement-deux-semaines\/","name":"Le monde du football est sous le choc: Diogo Jota d\u00e9c\u00e8de \u00e0 28 ans dans un accident de voiture - mari\u00e9 il y a seulement deux semaines | Vie Associative","isPartOf":{"@id":"https:\/\/vieassociative.be\/actualites\/#website"},"primaryImageOfPage":{"@id":"https:\/\/vieassociative.be\/actualites\/le-monde-du-football-est-sous-le-choc-diogo-jota-decede-a-28-ans-dans-un-accident-de-voiture-marie-il-y-a-seulement-deux-semaines\/#primaryimage"},"image":{"@id":"https:\/\/vieassociative.be\/actualites\/le-monde-du-football-est-sous-le-choc-diogo-jota-decede-a-28-ans-dans-un-accident-de-voiture-marie-il-y-a-seulement-deux-semaines\/#primaryimage"},"thumbnailUrl":"https:\/\/vieassociative.be\/actualites\/wp-content\/uploads\/2025\/07\/1751595634_Le-monde-du-football-est-sous-le-choc-Diogo-Jota.jpg","datePublished":"2025-07-04T02:20:33+00:00","dateModified":"2025-07-04T02:20:33+00:00","breadcrumb":{"@id":"https:\/\/vieassociative.be\/actualites\/le-monde-du-football-est-sous-le-choc-diogo-jota-decede-a-28-ans-dans-un-accident-de-voiture-marie-il-y-a-seulement-deux-semaines\/#breadcrumb"},"inLanguage":"fr-BE","potentialAction":[{"@type":"ReadAction","target":["https:\/\/vieassociative.be\/actualites\/le-monde-du-football-est-sous-le-choc-diogo-jota-decede-a-28-ans-dans-un-accident-de-voiture-marie-il-y-a-seulement-deux-semaines\/"]}]},{"@type":"ImageObject","inLanguage":"fr-BE","@id":"https:\/\/vieassociative.be\/actualites\/le-monde-du-football-est-sous-le-choc-diogo-jota-decede-a-28-ans-dans-un-accident-de-voiture-marie-il-y-a-seulement-deux-semaines\/#primaryimage","url":"https:\/\/vieassociative.be\/actualites\/wp-content\/uploads\/2025\/07\/1751595634_Le-monde-du-football-est-sous-le-choc-Diogo-Jota.jpg","contentUrl":"https:\/\/vieassociative.be\/actualites\/wp-content\/uploads\/2025\/07\/1751595634_Le-monde-du-football-est-sous-le-choc-Diogo-Jota.jpg","width":900,"height":300,"caption":"Le monde du football est sous le choc: Diogo Jota d\u00e9c\u00e8de \u00e0 28 ans dans un accident de voiture - mari\u00e9 il y a seulement deux semaines"},{"@type":"BreadcrumbList","@id":"https:\/\/vieassociative.be\/actualites\/le-monde-du-football-est-sous-le-choc-diogo-jota-decede-a-28-ans-dans-un-accident-de-voiture-marie-il-y-a-seulement-deux-semaines\/#breadcrumb","itemListElement":[{"@type":"ListItem","position":1,"name":"Accueil","item":"https:\/\/vieassociative.be\/actualites\/"},{"@type":"ListItem","position":2,"name":"Le monde du football est sous le choc: Diogo Jota d\u00e9c\u00e8de \u00e0 28 ans dans un accident de voiture &#8211; mari\u00e9 il y a seulement deux semaines"}]},{"@type":"WebSite","@id":"https:\/\/vieassociative.be\/actualites\/#website","url":"https:\/\/vieassociative.be\/actualites\/","name":"Vie Associative","description":"","publisher":{"@id":"https:\/\/vieassociative.be\/actualites\/#organization"},"potentialAction":[{"@type":"SearchAction","target":{"@type":"EntryPoint","urlTemplate":"https:\/\/vieassociative.be\/actualites\/?s={search_term_string}"},"query-input":{"@type":"PropertyValueSpecification","valueRequired":true,"valueName":"search_term_string"}}],"inLanguage":"fr-BE"},{"@type":"Organization","@id":"https:\/\/vieassociative.be\/actualites\/#organization","name":"Vie Associative","url":"https:\/\/vieassociative.be\/actualites\/","logo":{"@type":"ImageObject","inLanguage":"fr-BE","@id":"https:\/\/vieassociative.be\/actualites\/#\/schema\/logo\/image\/","url":"https:\/\/vieassociative.be\/actualites\/wp-content\/uploads\/2024\/09\/cropped-vieassociative_favicon.ico.png","contentUrl":"https:\/\/vieassociative.be\/actualites\/wp-content\/uploads\/2024\/09\/cropped-vieassociative_favicon.ico.png","width":512,"height":512,"caption":"Vie Associative"},"image":{"@id":"https:\/\/vieassociative.be\/actualites\/#\/schema\/logo\/image\/"}},{"@type":"Person","@id":"https:\/\/vieassociative.be\/actualites\/#\/schema\/person\/b87ac4f82f9d4e7b7cec7395b679edc4","name":"Julien","image":{"@type":"ImageObject","inLanguage":"fr-BE","@id":"https:\/\/vieassociative.be\/actualites\/#\/schema\/person\/image\/","url":"https:\/\/vieassociative.be\/actualites\/wp-content\/uploads\/2024\/09\/vie-associative-1-150x150.jpg","contentUrl":"https:\/\/vieassociative.be\/actualites\/wp-content\/uploads\/2024\/09\/vie-associative-1-150x150.jpg","caption":"Julien"},"description":"Je suis Julien, r\u00e9dacteur pour Vie Associative. Passionn\u00e9 par le monde associatif depuis plus de 10 ans, j'ai \u00e0 c\u0153ur de partager des histoires inspirantes et de mettre en lumi\u00e8re les initiatives locales. Mon objectif est de sensibiliser et d'encourager l'engagement communautaire \u00e0 travers mes articles.","sameAs":["https:\/\/vieassociative.be\/"]}]}},"_links":{"self":[{"href":"https:\/\/vieassociative.be\/actualites\/wp-json\/wp\/v2\/posts\/8522"}],"collection":[{"href":"https:\/\/vieassociative.be\/actualites\/wp-json\/wp\/v2\/posts"}],"about":[{"href":"https:\/\/vieassociative.be\/actualites\/wp-json\/wp\/v2\/types\/post"}],"author":[{"embeddable":true,"href":"https:\/\/vieassociative.be\/actualites\/wp-json\/wp\/v2\/users\/1"}],"replies":[{"embeddable":true,"href":"https:\/\/vieassociative.be\/actualites\/wp-json\/wp\/v2\/comments?post=8522"}],"version-history":[{"count":0,"href":"https:\/\/vieassociative.be\/actualites\/wp-json\/wp\/v2\/posts\/8522\/revisions"}],"wp:featuredmedia":[{"embeddable":true,"href":"https:\/\/vieassociative.be\/actualites\/wp-json\/wp\/v2\/media\/8523"}],"wp:attachment":[{"href":"https:\/\/vieassociative.be\/actualites\/wp-json\/wp\/v2\/media?parent=8522"}],"wp:term":[{"taxonomy":"category","embeddable":true,"href":"https:\/\/vieassociative.be\/actualites\/wp-json\/wp\/v2\/categories?post=8522"},{"taxonomy":"post_tag","embeddable":true,"href":"https:\/\/vieassociative.be\/actualites\/wp-json\/wp\/v2\/tags?post=8522"}],"curies":[{"name":"wp","href":"https:\/\/api.w.org\/{rel}","templated":true}]}}