{"id":8520,"date":"2025-07-04T03:19:14","date_gmt":"2025-07-04T01:19:14","guid":{"rendered":"https:\/\/vieassociative.be\/actualites\/cette-came-a-double-tableau-de-bord-r2-4k-est-45-de-reduction-en-ce-moment\/"},"modified":"2025-07-04T03:19:14","modified_gmt":"2025-07-04T01:19:14","slug":"cette-came-a-double-tableau-de-bord-r2-4k-est-45-de-reduction-en-ce-moment","status":"publish","type":"post","link":"https:\/\/vieassociative.be\/actualites\/cette-came-a-double-tableau-de-bord-r2-4k-est-45-de-reduction-en-ce-moment\/","title":{"rendered":"Cette came \u00e0 double tableau de bord R2-4K est 45% de r\u00e9duction en ce moment"},"content":{"rendered":"<div class=\"mt-4 leading-6 md:mb-8\">Vous cherchez une surveillance de voiture frontale fiable sans d\u00e9penser une fortune? Cette cam\u00e9ra \u00e0 double tableau de bord peut vous aider.<\/div>\n<p><\/p>\n<p>Les cames de tableau de bord facilitent \u00e9videmment la conduite plus facile et moins nerveuse, et ils peuvent \u00e9galement aider avec les r\u00e9clamations d&rsquo;assurance en capturant des images d&rsquo;accident. La came Dual Dash Rove R2-4K capture des images avant et arri\u00e8re et a obtenu une \u00abexcellente\u00bb note de PCMAG, et en ce moment elle est \u00e0 45% sur Amazon. <\/p>\n<div class=\"pogoClear mb-12 mt-10 rounded-md border-2 border-gray-100 py-7 shadow-xl md:py-6\">\n<div class=\"flex flex-wrap justify-between px-7 text-black no-underline md:flex-nowrap md:px-8\">\n<div class=\"order-1 mx-auto flex flex-col justify-center md:order-2 md:ml-4 md:w-full md:grow\">\n<div class=\"block cursor-pointer text-center font-akshar text-2xl font-medium leading-7 text-brand-green duration-200 ease-in-out hover:text-brand-green-700 md:text-left md:text-xl md:leading-6\">Rove R2-4k Cam \u00e0 double tirage\n                <\/div>\n<div class=\"mt-4 hidden md:flex md:justify-between\">\n<div class=\"self-end\">\n<div class=\"mb-0 h-11 md:flex md:flex-col md:justify-center\">\n<div class=\" font-sans leading-4 text-black\">\n<div class=\"flex flex-wrap items-center justify-center gap-x-1 md:justify-start\">\n        <span class=\"font-bold\"><\/p>\n<p>            109,99 $<br \/>\n                            <span class=\"font-medium\">\u00e0 Amazon<\/span><br \/>\n                    <\/span>\n            <\/div>\n<div class=\"flex items-center justify-center gap-x-1 font-bold md:justify-start\">\n            <span class=\"text-sm line-through\">199,99 $<\/span><br \/>\n            <span class=\"text-sm text-brand-green\">\u00c9conomisez 90,00 $<\/span>\n        <\/div>\n<\/p><\/div>\n<\/p><\/div>\n<\/p><\/div>\n<div class=\"w-44 self-end\">\n                            <button class=\"flex justify-center items-center w-full bg-brand-green text-white text-base font-sans font-medium rounded-md hover:bg-brand-green-700 hover:cursor-pointer md:text-sm h-11\"><\/p>\n<p>    Conclure un accord<br \/>\n<\/button>\n                        <\/div>\n<\/p><\/div>\n<\/p><\/div>\n<div class=\"order-2 mt-5 h-auto w-full md:order-1 md:mt-0 md:hidden\">\n<div class=\"flex aspect-video items-center justify-center\">\n                                            <img decoding=\"async\" class=\"m-0 max-h-full max-w-full rounded-md\" src=\"https:\/\/vieassociative.be\/actualites\/wp-content\/uploads\/2025\/07\/Cette-came-a-double-tableau-de-bord-R2-4K-est-45.jpg\" alt=\"R2-4K Dual Dash Cam\" width=\"auto\" height=\"auto\" loading=\"lazy\">\n                                    <\/div>\n<\/p><\/div>\n<div class=\"order-2 ml-2 hidden w-32 shrink-0 items-center md:order-1 md:ml-0 md:flex\">\n<div class=\"flex aspect-video items-center justify-center\">\n                                            <img decoding=\"async\" class=\"m-0 max-h-full max-w-full rounded-md\" src=\"https:\/\/vieassociative.be\/actualites\/wp-content\/uploads\/2025\/07\/Cette-came-a-double-tableau-de-bord-R2-4K-est-45.jpg\" alt=\"R2-4K Dual Dash Cam\" width=\"auto\" height=\"auto\" loading=\"lazy\">\n                                    <\/div>\n<\/p><\/div>\n<div class=\"order-3 flex grow flex-wrap md:hidden md:grow-0\">\n<div class=\"mt-4 w-full\">\n                        <button class=\"flex justify-center items-center w-full bg-brand-green text-white text-base font-sans font-medium rounded-md hover:bg-brand-green-700 hover:cursor-pointer md:text-sm h-11\"><\/p>\n<p>    Conclure un accord<br \/>\n<\/button>\n                    <\/div>\n<div class=\"mx-2 mt-4 w-full\">\n<div class=\" font-sans leading-4 text-black\">\n<div class=\"flex flex-wrap items-center justify-center gap-x-1 md:justify-start\">\n        <span class=\"font-bold\"><\/p>\n<p>            109,99 $<br \/>\n                            <span class=\"font-medium\">\u00e0 Amazon<\/span><br \/>\n                    <\/span>\n            <\/div>\n<div class=\"flex items-center justify-center gap-x-1 font-bold md:justify-start\">\n            <span class=\"text-sm line-through\">199,99 $<\/span><br \/>\n            <span class=\"text-sm text-brand-green\">\u00c9conomisez 90,00 $<\/span>\n        <\/div>\n<\/p><\/div>\n<\/p><\/div>\n<\/p><\/div>\n<\/p><\/div>\n<\/div>\n<p>La came Dual Dash R2-4K est compatible avec la plupart des v\u00e9hicules et dispose d&rsquo;une vid\u00e9o avant haute r\u00e9solution sur un \u00e9cran de 3 pouces qui, \u00e0 l&rsquo;avant, enregistre \u00e0 3840x2160p \u00e0 30 ips, tandis que la came arri\u00e8re capture 1920x1080p \u00e0 30 ips. Le devant a un objectif grand angle \u00e0 150 degr\u00e9s, et l&rsquo;arri\u00e8re offre 140 degr\u00e9s, donnant aux conducteurs une vue claire et compl\u00e8te. Les images sont utilisables m\u00eame en basse lumi\u00e8re gr\u00e2ce aux ouvertures F1.5 (avant) et F1.8 (arri\u00e8re).<\/p>\n<p>Il comprend \u00e9galement le WiFi \u00e0 double bande 5 GHz et 2,4 GHz int\u00e9gr\u00e9, vous permettant d&rsquo;afficher, g\u00e9rer et t\u00e9l\u00e9charger des images directement \u00e0 partir de l&rsquo;application Rove Dash Cam sur n&rsquo;importe quel iPhone ou Android. Il a \u00e9galement un GPS int\u00e9gr\u00e9, permettant aux pilotes d&rsquo;acc\u00e9der \u00e0 la vitesse en direct et \u00e0 une boussole \u00e0 l&rsquo;\u00e9cran en temps r\u00e9el, afin que vous puissiez regarder des vid\u00e9os avec des donn\u00e9es GPS comme des itin\u00e9raires, des emplacements ou des timbres de vitesse. <\/p>\n<p>Le package comprend des supports d&rsquo;aspiration et d&rsquo;adh\u00e9sif pour la configuration et un microSD gratuit de 128 Go. L&rsquo;appareil photo se d\u00e9roule sur un port USB-C, mais le mode de stationnement personnalis\u00e9 24h \/ 24 et 7j \/ 7 de la marque n\u00e9cessite un c\u00e2ble Hardwire, et vous devrez acheter le kit Hardwire de la marque s\u00e9par\u00e9ment. <\/p>\n<div class=\"pogoClear relative my-10 border-b-(1.5px) border-t-(1.5px) border-dashed border-black py-5 sm:my-14 sm:border-0 sm:py-0\" data-ga-click data-ga-template=\"Deals\" data-ga-module=\"openweb_widget\" data-ga-element=\"openweb_scroll\" data-ga-item=\"openweb_scroll_midpage\" x-data=\"{\n         commentsCount: null,\n         hasComments: false,\n         async fetchCommentsCount() {\n             try {\n                 if (window.openweb &amp;&amp; typeof window.openweb.getMessagesCount === 'function') {\n                     this.commentsCount = await window.openweb.getMessagesCount('01JZ84SB759K0XW94VY3QGFH73');\n                     this.hasComments = this.commentsCount !== null &amp;&amp; this.commentsCount &gt; 0;\n                 }\n             } catch (e) {\n                 console.warn('Failed to fetch comment count:', e);\n             }\n         }\n     }\" x-init=\"fetchCommentsCount()\" x-cloak><\/p>\n<div class=\"absolute top-1\/2 hidden w-full -translate-y-1\/2 border-t-(1.5px) border-dashed border-black sm:block\"><\/div>\n<div class=\"relative flex justify-center\">\n<div class=\"flex max-w-fit items-center gap-x-3 bg-white px-5\">\n<div class=\"relative\">\n                <span class=\"absolute left-1\/2 top-1\/2 -translate-x-1\/2 -translate-y-1\/2 font-akshar text-sm font-medium text-black\" aria-live=\"polite\" x-show=\"hasComments\" x-text=\"commentsCount\"><\/span><\/p>\n<p>                <svg class=\"h-8 w-8 text-black\" role=\"img\" aria-hidden=\"true\">\n                    <use href=\"http:\/\/lifehacker.com\/images\/icons\/spritemap.svg#sprite-chat-bubble\"><\/use>\n                <\/svg>\n            <\/div>\n<p>            <span class=\"text-sm font-medium text-black\"><\/p>\n<p>                Que pensez-vous jusqu&rsquo;\u00e0 pr\u00e9sent?<br \/>\n                <button class=\"ml-1 font-semibold text-brand-green underline hover:text-brand-green-700\" type=\"button\" aria-label=\"Comment section trigger\" onclick=\"window.openweb.scrollToComments('01JZ84SB759K0XW94VY3QGFH73')\" x-text=\"hasComments ? 'Post a comment.' : 'Be the first to post a comment.'\"><\/button><br \/>\n            <\/span>\n        <\/div>\n<\/p><\/div>\n<\/div>\n<p>Alors que les examinateurs d&rsquo;Amazon appr\u00e9cient l&rsquo;installation facile et la configuration conviviale, certains ont signal\u00e9 des probl\u00e8mes se connectant \u00e0 leur t\u00e9l\u00e9phone. La came arri\u00e8re a \u00e9galement une r\u00e9solution plus faible que les options 2K haut de gamme, mais pour une configuration \u00e0 double canal abordable avec le GPS et la prise en charge des applications, le R2-4K offre toujours une valeur forte.<\/p>\n<p>Si vous avez besoin d&rsquo;une qualit\u00e9 de cam\u00e9ra arri\u00e8re sans faille, des avertissements de collision vers l&rsquo;avant et d&rsquo;un \u00e9cran tactile, vous voudrez peut-\u00eatre investir dans un mod\u00e8le plus premium. Mais dans l&rsquo;ensemble, la cam\u00e9ra Dual Dash Rove R2\u2011 4K est une excellente option pour la protection de la conduite quotidienne avec le support GPS et l&rsquo;int\u00e9gration des applications.<\/p>\n","protected":false},"excerpt":{"rendered":"<p>Vous cherchez une surveillance de voiture frontale fiable sans d\u00e9penser une fortune? Cette cam\u00e9ra \u00e0 double tableau de bord peut vous aider. Les cames de<\/p>\n","protected":false},"author":1,"featured_media":8521,"comment_status":"","ping_status":"","sticky":false,"template":"","format":"standard","meta":{"footnotes":""},"categories":[13],"tags":[432,206,1328,76,1429,7608,308,2352],"class_list":["post-8520","post","type-post","status-publish","format-standard","has-post-thumbnail","hentry","category-technologie","tag-bord","tag-cette","tag-double","tag-est","tag-moment","tag-r24k","tag-reduction","tag-tableau","generate-columns","tablet-grid-50","mobile-grid-100","grid-parent","grid-33"],"yoast_head":"<!-- This site is optimized with the Yoast SEO plugin v24.0 - https:\/\/yoast.com\/wordpress\/plugins\/seo\/ -->\n<title>Cette came \u00e0 double tableau de bord R2-4K est 45% de r\u00e9duction en ce moment | Vie Associative<\/title>\n<meta name=\"robots\" content=\"index, follow, max-snippet:-1, max-image-preview:large, max-video-preview:-1\" \/>\n<link rel=\"canonical\" href=\"https:\/\/vieassociative.be\/actualites\/cette-came-a-double-tableau-de-bord-r2-4k-est-45-de-reduction-en-ce-moment\/\" \/>\n<meta property=\"og:locale\" content=\"fr_FR\" \/>\n<meta property=\"og:type\" content=\"article\" \/>\n<meta property=\"og:title\" content=\"Cette came \u00e0 double tableau de bord R2-4K est 45% de r\u00e9duction en ce moment | Vie Associative\" \/>\n<meta property=\"og:description\" content=\"Vous cherchez une surveillance de voiture frontale fiable sans d\u00e9penser une fortune? Cette cam\u00e9ra \u00e0 double tableau de bord peut vous aider. Les cames de\" \/>\n<meta property=\"og:url\" content=\"https:\/\/vieassociative.be\/actualites\/cette-came-a-double-tableau-de-bord-r2-4k-est-45-de-reduction-en-ce-moment\/\" \/>\n<meta property=\"og:site_name\" content=\"Vie Associative\" \/>\n<meta property=\"article:published_time\" content=\"2025-07-04T01:19:14+00:00\" \/>\n<meta property=\"og:image\" content=\"https:\/\/vieassociative.be\/actualites\/wp-content\/uploads\/2025\/07\/Cette-came-a-double-tableau-de-bord-R2-4K-est-45.jpg\" \/>\n<meta name=\"author\" content=\"Julien\" \/>\n<meta name=\"twitter:card\" content=\"summary_large_image\" \/>\n<meta name=\"twitter:label1\" content=\"\u00c9crit par\" \/>\n\t<meta name=\"twitter:data1\" content=\"Julien\" \/>\n\t<meta name=\"twitter:label2\" content=\"Dur\u00e9e de lecture est.\" \/>\n\t<meta name=\"twitter:data2\" content=\"2 minutes\" \/>\n<script type=\"application\/ld+json\" class=\"yoast-schema-graph\">{\"@context\":\"https:\/\/schema.org\",\"@graph\":[{\"@type\":\"Article\",\"@id\":\"https:\/\/vieassociative.be\/actualites\/cette-came-a-double-tableau-de-bord-r2-4k-est-45-de-reduction-en-ce-moment\/#article\",\"isPartOf\":{\"@id\":\"https:\/\/vieassociative.be\/actualites\/cette-came-a-double-tableau-de-bord-r2-4k-est-45-de-reduction-en-ce-moment\/\"},\"author\":{\"name\":\"Julien\",\"@id\":\"https:\/\/vieassociative.be\/actualites\/#\/schema\/person\/b87ac4f82f9d4e7b7cec7395b679edc4\"},\"headline\":\"Cette came \u00e0 double tableau de bord R2-4K est 45% de r\u00e9duction en ce moment\",\"datePublished\":\"2025-07-04T01:19:14+00:00\",\"dateModified\":\"2025-07-04T01:19:14+00:00\",\"mainEntityOfPage\":{\"@id\":\"https:\/\/vieassociative.be\/actualites\/cette-came-a-double-tableau-de-bord-r2-4k-est-45-de-reduction-en-ce-moment\/\"},\"wordCount\":507,\"publisher\":{\"@id\":\"https:\/\/vieassociative.be\/actualites\/#organization\"},\"image\":{\"@id\":\"https:\/\/vieassociative.be\/actualites\/cette-came-a-double-tableau-de-bord-r2-4k-est-45-de-reduction-en-ce-moment\/#primaryimage\"},\"thumbnailUrl\":\"https:\/\/vieassociative.be\/actualites\/wp-content\/uploads\/2025\/07\/Cette-came-a-double-tableau-de-bord-R2-4K-est-45.png\",\"keywords\":[\"Bord\",\"cette\",\"double\",\"est\",\"moment\",\"R24K\",\"r\u00e9duction\",\"tableau\"],\"articleSection\":[\"Technologie\"],\"inLanguage\":\"fr-BE\"},{\"@type\":\"WebPage\",\"@id\":\"https:\/\/vieassociative.be\/actualites\/cette-came-a-double-tableau-de-bord-r2-4k-est-45-de-reduction-en-ce-moment\/\",\"url\":\"https:\/\/vieassociative.be\/actualites\/cette-came-a-double-tableau-de-bord-r2-4k-est-45-de-reduction-en-ce-moment\/\",\"name\":\"Cette came \u00e0 double tableau de bord R2-4K est 45% de r\u00e9duction en ce moment | Vie Associative\",\"isPartOf\":{\"@id\":\"https:\/\/vieassociative.be\/actualites\/#website\"},\"primaryImageOfPage\":{\"@id\":\"https:\/\/vieassociative.be\/actualites\/cette-came-a-double-tableau-de-bord-r2-4k-est-45-de-reduction-en-ce-moment\/#primaryimage\"},\"image\":{\"@id\":\"https:\/\/vieassociative.be\/actualites\/cette-came-a-double-tableau-de-bord-r2-4k-est-45-de-reduction-en-ce-moment\/#primaryimage\"},\"thumbnailUrl\":\"https:\/\/vieassociative.be\/actualites\/wp-content\/uploads\/2025\/07\/Cette-came-a-double-tableau-de-bord-R2-4K-est-45.png\",\"datePublished\":\"2025-07-04T01:19:14+00:00\",\"dateModified\":\"2025-07-04T01:19:14+00:00\",\"breadcrumb\":{\"@id\":\"https:\/\/vieassociative.be\/actualites\/cette-came-a-double-tableau-de-bord-r2-4k-est-45-de-reduction-en-ce-moment\/#breadcrumb\"},\"inLanguage\":\"fr-BE\",\"potentialAction\":[{\"@type\":\"ReadAction\",\"target\":[\"https:\/\/vieassociative.be\/actualites\/cette-came-a-double-tableau-de-bord-r2-4k-est-45-de-reduction-en-ce-moment\/\"]}]},{\"@type\":\"ImageObject\",\"inLanguage\":\"fr-BE\",\"@id\":\"https:\/\/vieassociative.be\/actualites\/cette-came-a-double-tableau-de-bord-r2-4k-est-45-de-reduction-en-ce-moment\/#primaryimage\",\"url\":\"https:\/\/vieassociative.be\/actualites\/wp-content\/uploads\/2025\/07\/Cette-came-a-double-tableau-de-bord-R2-4K-est-45.png\",\"contentUrl\":\"https:\/\/vieassociative.be\/actualites\/wp-content\/uploads\/2025\/07\/Cette-came-a-double-tableau-de-bord-R2-4K-est-45.png\",\"width\":1200,\"height\":675,\"caption\":\"Cette came \u00e0 double tableau de bord R2-4K est 45% de r\u00e9duction en ce moment\"},{\"@type\":\"BreadcrumbList\",\"@id\":\"https:\/\/vieassociative.be\/actualites\/cette-came-a-double-tableau-de-bord-r2-4k-est-45-de-reduction-en-ce-moment\/#breadcrumb\",\"itemListElement\":[{\"@type\":\"ListItem\",\"position\":1,\"name\":\"Accueil\",\"item\":\"https:\/\/vieassociative.be\/actualites\/\"},{\"@type\":\"ListItem\",\"position\":2,\"name\":\"Cette came \u00e0 double tableau de bord R2-4K est 45% de r\u00e9duction en ce moment\"}]},{\"@type\":\"WebSite\",\"@id\":\"https:\/\/vieassociative.be\/actualites\/#website\",\"url\":\"https:\/\/vieassociative.be\/actualites\/\",\"name\":\"Vie Associative\",\"description\":\"\",\"publisher\":{\"@id\":\"https:\/\/vieassociative.be\/actualites\/#organization\"},\"potentialAction\":[{\"@type\":\"SearchAction\",\"target\":{\"@type\":\"EntryPoint\",\"urlTemplate\":\"https:\/\/vieassociative.be\/actualites\/?s={search_term_string}\"},\"query-input\":{\"@type\":\"PropertyValueSpecification\",\"valueRequired\":true,\"valueName\":\"search_term_string\"}}],\"inLanguage\":\"fr-BE\"},{\"@type\":\"Organization\",\"@id\":\"https:\/\/vieassociative.be\/actualites\/#organization\",\"name\":\"Vie Associative\",\"url\":\"https:\/\/vieassociative.be\/actualites\/\",\"logo\":{\"@type\":\"ImageObject\",\"inLanguage\":\"fr-BE\",\"@id\":\"https:\/\/vieassociative.be\/actualites\/#\/schema\/logo\/image\/\",\"url\":\"https:\/\/vieassociative.be\/actualites\/wp-content\/uploads\/2024\/09\/cropped-vieassociative_favicon.ico.png\",\"contentUrl\":\"https:\/\/vieassociative.be\/actualites\/wp-content\/uploads\/2024\/09\/cropped-vieassociative_favicon.ico.png\",\"width\":512,\"height\":512,\"caption\":\"Vie Associative\"},\"image\":{\"@id\":\"https:\/\/vieassociative.be\/actualites\/#\/schema\/logo\/image\/\"}},{\"@type\":\"Person\",\"@id\":\"https:\/\/vieassociative.be\/actualites\/#\/schema\/person\/b87ac4f82f9d4e7b7cec7395b679edc4\",\"name\":\"Julien\",\"image\":{\"@type\":\"ImageObject\",\"inLanguage\":\"fr-BE\",\"@id\":\"https:\/\/vieassociative.be\/actualites\/#\/schema\/person\/image\/\",\"url\":\"https:\/\/vieassociative.be\/actualites\/wp-content\/uploads\/2024\/09\/vie-associative-1-150x150.jpg\",\"contentUrl\":\"https:\/\/vieassociative.be\/actualites\/wp-content\/uploads\/2024\/09\/vie-associative-1-150x150.jpg\",\"caption\":\"Julien\"},\"description\":\"Je suis Julien, r\u00e9dacteur pour Vie Associative. Passionn\u00e9 par le monde associatif depuis plus de 10 ans, j'ai \u00e0 c\u0153ur de partager des histoires inspirantes et de mettre en lumi\u00e8re les initiatives locales. Mon objectif est de sensibiliser et d'encourager l'engagement communautaire \u00e0 travers mes articles.\",\"sameAs\":[\"https:\/\/vieassociative.be\/\"]}]}<\/script>\n<!-- \/ Yoast SEO plugin. -->","yoast_head_json":{"title":"Cette came \u00e0 double tableau de bord R2-4K est 45% de r\u00e9duction en ce moment | Vie Associative","robots":{"index":"index","follow":"follow","max-snippet":"max-snippet:-1","max-image-preview":"max-image-preview:large","max-video-preview":"max-video-preview:-1"},"canonical":"https:\/\/vieassociative.be\/actualites\/cette-came-a-double-tableau-de-bord-r2-4k-est-45-de-reduction-en-ce-moment\/","og_locale":"fr_FR","og_type":"article","og_title":"Cette came \u00e0 double tableau de bord R2-4K est 45% de r\u00e9duction en ce moment | Vie Associative","og_description":"Vous cherchez une surveillance de voiture frontale fiable sans d\u00e9penser une fortune? Cette cam\u00e9ra \u00e0 double tableau de bord peut vous aider. Les cames de","og_url":"https:\/\/vieassociative.be\/actualites\/cette-came-a-double-tableau-de-bord-r2-4k-est-45-de-reduction-en-ce-moment\/","og_site_name":"Vie Associative","article_published_time":"2025-07-04T01:19:14+00:00","og_image":[{"url":"https:\/\/vieassociative.be\/actualites\/wp-content\/uploads\/2025\/07\/Cette-came-a-double-tableau-de-bord-R2-4K-est-45.jpg","type":"","width":"","height":""}],"author":"Julien","twitter_card":"summary_large_image","twitter_misc":{"\u00c9crit par":"Julien","Dur\u00e9e de lecture est.":"2 minutes"},"schema":{"@context":"https:\/\/schema.org","@graph":[{"@type":"Article","@id":"https:\/\/vieassociative.be\/actualites\/cette-came-a-double-tableau-de-bord-r2-4k-est-45-de-reduction-en-ce-moment\/#article","isPartOf":{"@id":"https:\/\/vieassociative.be\/actualites\/cette-came-a-double-tableau-de-bord-r2-4k-est-45-de-reduction-en-ce-moment\/"},"author":{"name":"Julien","@id":"https:\/\/vieassociative.be\/actualites\/#\/schema\/person\/b87ac4f82f9d4e7b7cec7395b679edc4"},"headline":"Cette came \u00e0 double tableau de bord R2-4K est 45% de r\u00e9duction en ce moment","datePublished":"2025-07-04T01:19:14+00:00","dateModified":"2025-07-04T01:19:14+00:00","mainEntityOfPage":{"@id":"https:\/\/vieassociative.be\/actualites\/cette-came-a-double-tableau-de-bord-r2-4k-est-45-de-reduction-en-ce-moment\/"},"wordCount":507,"publisher":{"@id":"https:\/\/vieassociative.be\/actualites\/#organization"},"image":{"@id":"https:\/\/vieassociative.be\/actualites\/cette-came-a-double-tableau-de-bord-r2-4k-est-45-de-reduction-en-ce-moment\/#primaryimage"},"thumbnailUrl":"https:\/\/vieassociative.be\/actualites\/wp-content\/uploads\/2025\/07\/Cette-came-a-double-tableau-de-bord-R2-4K-est-45.png","keywords":["Bord","cette","double","est","moment","R24K","r\u00e9duction","tableau"],"articleSection":["Technologie"],"inLanguage":"fr-BE"},{"@type":"WebPage","@id":"https:\/\/vieassociative.be\/actualites\/cette-came-a-double-tableau-de-bord-r2-4k-est-45-de-reduction-en-ce-moment\/","url":"https:\/\/vieassociative.be\/actualites\/cette-came-a-double-tableau-de-bord-r2-4k-est-45-de-reduction-en-ce-moment\/","name":"Cette came \u00e0 double tableau de bord R2-4K est 45% de r\u00e9duction en ce moment | Vie Associative","isPartOf":{"@id":"https:\/\/vieassociative.be\/actualites\/#website"},"primaryImageOfPage":{"@id":"https:\/\/vieassociative.be\/actualites\/cette-came-a-double-tableau-de-bord-r2-4k-est-45-de-reduction-en-ce-moment\/#primaryimage"},"image":{"@id":"https:\/\/vieassociative.be\/actualites\/cette-came-a-double-tableau-de-bord-r2-4k-est-45-de-reduction-en-ce-moment\/#primaryimage"},"thumbnailUrl":"https:\/\/vieassociative.be\/actualites\/wp-content\/uploads\/2025\/07\/Cette-came-a-double-tableau-de-bord-R2-4K-est-45.png","datePublished":"2025-07-04T01:19:14+00:00","dateModified":"2025-07-04T01:19:14+00:00","breadcrumb":{"@id":"https:\/\/vieassociative.be\/actualites\/cette-came-a-double-tableau-de-bord-r2-4k-est-45-de-reduction-en-ce-moment\/#breadcrumb"},"inLanguage":"fr-BE","potentialAction":[{"@type":"ReadAction","target":["https:\/\/vieassociative.be\/actualites\/cette-came-a-double-tableau-de-bord-r2-4k-est-45-de-reduction-en-ce-moment\/"]}]},{"@type":"ImageObject","inLanguage":"fr-BE","@id":"https:\/\/vieassociative.be\/actualites\/cette-came-a-double-tableau-de-bord-r2-4k-est-45-de-reduction-en-ce-moment\/#primaryimage","url":"https:\/\/vieassociative.be\/actualites\/wp-content\/uploads\/2025\/07\/Cette-came-a-double-tableau-de-bord-R2-4K-est-45.png","contentUrl":"https:\/\/vieassociative.be\/actualites\/wp-content\/uploads\/2025\/07\/Cette-came-a-double-tableau-de-bord-R2-4K-est-45.png","width":1200,"height":675,"caption":"Cette came \u00e0 double tableau de bord R2-4K est 45% de r\u00e9duction en ce moment"},{"@type":"BreadcrumbList","@id":"https:\/\/vieassociative.be\/actualites\/cette-came-a-double-tableau-de-bord-r2-4k-est-45-de-reduction-en-ce-moment\/#breadcrumb","itemListElement":[{"@type":"ListItem","position":1,"name":"Accueil","item":"https:\/\/vieassociative.be\/actualites\/"},{"@type":"ListItem","position":2,"name":"Cette came \u00e0 double tableau de bord R2-4K est 45% de r\u00e9duction en ce moment"}]},{"@type":"WebSite","@id":"https:\/\/vieassociative.be\/actualites\/#website","url":"https:\/\/vieassociative.be\/actualites\/","name":"Vie Associative","description":"","publisher":{"@id":"https:\/\/vieassociative.be\/actualites\/#organization"},"potentialAction":[{"@type":"SearchAction","target":{"@type":"EntryPoint","urlTemplate":"https:\/\/vieassociative.be\/actualites\/?s={search_term_string}"},"query-input":{"@type":"PropertyValueSpecification","valueRequired":true,"valueName":"search_term_string"}}],"inLanguage":"fr-BE"},{"@type":"Organization","@id":"https:\/\/vieassociative.be\/actualites\/#organization","name":"Vie Associative","url":"https:\/\/vieassociative.be\/actualites\/","logo":{"@type":"ImageObject","inLanguage":"fr-BE","@id":"https:\/\/vieassociative.be\/actualites\/#\/schema\/logo\/image\/","url":"https:\/\/vieassociative.be\/actualites\/wp-content\/uploads\/2024\/09\/cropped-vieassociative_favicon.ico.png","contentUrl":"https:\/\/vieassociative.be\/actualites\/wp-content\/uploads\/2024\/09\/cropped-vieassociative_favicon.ico.png","width":512,"height":512,"caption":"Vie Associative"},"image":{"@id":"https:\/\/vieassociative.be\/actualites\/#\/schema\/logo\/image\/"}},{"@type":"Person","@id":"https:\/\/vieassociative.be\/actualites\/#\/schema\/person\/b87ac4f82f9d4e7b7cec7395b679edc4","name":"Julien","image":{"@type":"ImageObject","inLanguage":"fr-BE","@id":"https:\/\/vieassociative.be\/actualites\/#\/schema\/person\/image\/","url":"https:\/\/vieassociative.be\/actualites\/wp-content\/uploads\/2024\/09\/vie-associative-1-150x150.jpg","contentUrl":"https:\/\/vieassociative.be\/actualites\/wp-content\/uploads\/2024\/09\/vie-associative-1-150x150.jpg","caption":"Julien"},"description":"Je suis Julien, r\u00e9dacteur pour Vie Associative. Passionn\u00e9 par le monde associatif depuis plus de 10 ans, j'ai \u00e0 c\u0153ur de partager des histoires inspirantes et de mettre en lumi\u00e8re les initiatives locales. Mon objectif est de sensibiliser et d'encourager l'engagement communautaire \u00e0 travers mes articles.","sameAs":["https:\/\/vieassociative.be\/"]}]}},"_links":{"self":[{"href":"https:\/\/vieassociative.be\/actualites\/wp-json\/wp\/v2\/posts\/8520"}],"collection":[{"href":"https:\/\/vieassociative.be\/actualites\/wp-json\/wp\/v2\/posts"}],"about":[{"href":"https:\/\/vieassociative.be\/actualites\/wp-json\/wp\/v2\/types\/post"}],"author":[{"embeddable":true,"href":"https:\/\/vieassociative.be\/actualites\/wp-json\/wp\/v2\/users\/1"}],"replies":[{"embeddable":true,"href":"https:\/\/vieassociative.be\/actualites\/wp-json\/wp\/v2\/comments?post=8520"}],"version-history":[{"count":0,"href":"https:\/\/vieassociative.be\/actualites\/wp-json\/wp\/v2\/posts\/8520\/revisions"}],"wp:featuredmedia":[{"embeddable":true,"href":"https:\/\/vieassociative.be\/actualites\/wp-json\/wp\/v2\/media\/8521"}],"wp:attachment":[{"href":"https:\/\/vieassociative.be\/actualites\/wp-json\/wp\/v2\/media?parent=8520"}],"wp:term":[{"taxonomy":"category","embeddable":true,"href":"https:\/\/vieassociative.be\/actualites\/wp-json\/wp\/v2\/categories?post=8520"},{"taxonomy":"post_tag","embeddable":true,"href":"https:\/\/vieassociative.be\/actualites\/wp-json\/wp\/v2\/tags?post=8520"}],"curies":[{"name":"wp","href":"https:\/\/api.w.org\/{rel}","templated":true}]}}