{"id":8518,"date":"2025-07-03T22:16:58","date_gmt":"2025-07-03T20:16:58","guid":{"rendered":"https:\/\/vieassociative.be\/actualites\/0-1-false-debut-pour-les-flammes-rouges-au-championnat-deurope-de-football-feminin\/"},"modified":"2025-07-03T22:16:58","modified_gmt":"2025-07-03T20:16:58","slug":"0-1-false-debut-pour-les-flammes-rouges-au-championnat-deurope-de-football-feminin","status":"publish","type":"post","link":"https:\/\/vieassociative.be\/actualites\/0-1-false-debut-pour-les-flammes-rouges-au-championnat-deurope-de-football-feminin\/","title":{"rendered":"0: 1-False D\u00e9but pour les flammes rouges au Championnat d&rsquo;Europe de football f\u00e9minin"},"content":{"rendered":"<p><strong>Les footballeurs belges ont commenc\u00e9 une d\u00e9faite au Championnat d&rsquo;Europe en Suisse. Les Flames rouges ont perdu 0-1 jeudi \u00e0 Sion contre les Italiens. Le quartier de destination &#8211; les finales sont \u00e9loign\u00e9es, car dans le deuxi\u00e8me jeu de groupe, Tessa Wullaert &#038; Co.<\/strong><\/p>\n<p><span id=\"more-419248\"><\/span>Avant le deuxi\u00e8me match de groupe contre le champion du monde en titre de l&rsquo;Espagne, les Red Flames ont d\u00fb marquer des points le premier jour de match s&rsquo;ils voulaient survivre \u00e0 la phase du groupe. Malheureusement, la Belgique a \u00e9t\u00e9 perdue 0-1 apr\u00e8s que Caruso a marqu\u00e9 le seul but peu avant la fin de la premi\u00e8re mi-temps.<\/p>\n<p>Les Belges avaient commenc\u00e9 un bon d\u00e9part et \u00e9taient devenus le premier dangereux de Wullaert. Cependant, son tir n&rsquo;a pas surpris Giulani.<\/p>\n<div id=\"attachment_419258\" class=\"wp-caption alignleft\" style=\"max-width: 300px\"><img fetchpriority=\"high\" decoding=\"async\" class=\"wp-image-419258 size-medium\" src=\"https:\/\/vieassociative.be\/actualites\/wp-content\/uploads\/2025\/07\/0-1-False-Debut-pour-les-flammes-rouges-au-Championnat-dEurope.jpg\" alt=\"\" width=\"300\" height=\"200\"><\/p>\n<p class=\"wp-caption-text\">03.07.2025, Suisse, sion: Italie Lucia di Guglielmo (L) se bat pour le ballon contre la Belgique Hannah Eurling avec un fond impressionnant. Photo: Laurent Gillieron \/ Keystone \/ DPA<\/p>\n<\/div>\n<p>Le jeu a ensuite \u00e9t\u00e9 \u00e9quilibr\u00e9, et l&rsquo;Italie a r\u00e9ussi \u00e0 mettre Lichtus en difficult\u00e9 \u00e0 plusieurs reprises.<\/p>\n<p>Peu de temps avant la pause-temps, les Italiens ont r\u00e9ussi \u00e0 marquer le but en t\u00eate. Caruso \u00e9tait enti\u00e8rement libre au bord de la surface de p\u00e9nalit\u00e9. Elle a ensuite d\u00fb surmonter Lichtus sous la barre transversale avec un tir plac\u00e9.<\/p>\n<p>En seconde p\u00e9riode, vous avez d\u00fb attendre la 58e minute pour voir une chance belge de marquer. Apr\u00e8s une longue balle de Toloba, la t\u00eate de Wullaert \u00e9tait trop faible pour amener Giuliani \u00e0 des probl\u00e8mes dans le but de l&rsquo;escouade Azzurra.<\/p>\n<p>Il est rest\u00e9 que les flammes rouges combin\u00e9es en phases, mais au plus tard \u00e0 la limite de la zone de p\u00e9nalit\u00e9 des Italiens, c&rsquo;\u00e9tait le dernier arr\u00eat.<\/p>\n<\/p>\n<div id=\"attachment_419261\" class=\"wp-caption alignleft\" style=\"max-width: 300px\"><img decoding=\"async\" class=\"wp-image-419261 size-medium\" src=\"https:\/\/vieassociative.be\/actualites\/wp-content\/uploads\/2025\/07\/1751573818_437_0-1-False-Debut-pour-les-flammes-rouges-au-Championnat-dEurope.jpg\" alt=\"\" width=\"300\" height=\"200\"><\/p>\n<p class=\"wp-caption-text\">03.07.2025, Suisse, Sion: Italie Cristiana Girelli (R) se bat pour le ballon contre le gardien de but belge Lisa Lichtfus (L) et la Belgique Jill Janssens. Photo: Laurent Gillieron \/ Keystone \/ DPA<\/p>\n<\/div>\n<p>Peu de temps apr\u00e8s la premi\u00e8re heure, les Italiens ont eu la chance du deuxi\u00e8me but via Girelli et Caruso. L&rsquo;un des deux a \u00e9chou\u00e9 \u00e0 cause de Lichtfus, tandis que le tir des autres vient de passer le but.<\/p>\n<p>Alors que les flammes rouges n&rsquo;ont pas r\u00e9ussi \u00e0 \u00e9largir leur domination dans la moiti\u00e9 oppos\u00e9e, l&rsquo;Italie a donn\u00e9 une autre chance de rompre. Gr\u00e2ce \u00e0 un excellent travail pr\u00e9paratoire de Greggi, Cambighi est entr\u00e9 en bonne position au bord de la zone de p\u00e9nalit\u00e9 pour surmonter Lichtus. Mais le tir du joueur italien a pass\u00e9 le but et n&rsquo;a pas pr\u00e9sent\u00e9 positivement le gardien belge.<\/p>\n<p>\u00c0 la fin du match, Cambighi Lichtus a de nouveau remis Lichtus. Avec un joli coup de feu avec son pied gauche, elle a forc\u00e9 le gardien des flammes \u00e0 \u00e9tirer le ballon jusqu&rsquo;au coin. Les Italiens \u00e9taient plus proches du 2-0 que les Belges 1-1. Dans la phase finale, les flammes rouges ont jet\u00e9 leur force un peu d\u00e9sesp\u00e9r\u00e9ment, les chances \u00e9taient perceptibles.<\/p>\n<p>Il est donc rest\u00e9 \u00e0 0: 1. Apr\u00e8s ce faux d\u00e9part, les flammes rouges contre le champion du monde de l&rsquo;Espagne doivent esp\u00e9rer un peu de miracle lundi \u00e0 18 h. (Cre)<\/p>\n","protected":false},"excerpt":{"rendered":"<p>Les footballeurs belges ont commenc\u00e9 une d\u00e9faite au Championnat d&rsquo;Europe en Suisse. Les Flames rouges ont perdu 0-1 jeudi \u00e0 Sion contre les Italiens. Le<\/p>\n","protected":false},"author":1,"featured_media":8519,"comment_status":"","ping_status":"","sticky":false,"template":"","format":"standard","meta":{"footnotes":""},"categories":[298],"tags":[7319,4054,359,3976,4055,7329,1104,14,81,2366],"class_list":["post-8518","post","type-post","status-publish","format-standard","has-post-thumbnail","hentry","category-belgique","tag-1false","tag-championnat","tag-debut","tag-deurope","tag-feminin","tag-flammes","tag-football","tag-les","tag-pour","tag-rouges","generate-columns","tablet-grid-50","mobile-grid-100","grid-parent","grid-33"],"yoast_head":"<!-- This site is optimized with the Yoast SEO plugin v24.0 - https:\/\/yoast.com\/wordpress\/plugins\/seo\/ -->\n<title>0: 1-False D\u00e9but pour les flammes rouges au Championnat d&#039;Europe de football f\u00e9minin | Vie Associative<\/title>\n<meta name=\"robots\" content=\"index, follow, max-snippet:-1, max-image-preview:large, max-video-preview:-1\" \/>\n<link rel=\"canonical\" href=\"https:\/\/vieassociative.be\/actualites\/0-1-false-debut-pour-les-flammes-rouges-au-championnat-deurope-de-football-feminin\/\" \/>\n<meta property=\"og:locale\" content=\"fr_FR\" \/>\n<meta property=\"og:type\" content=\"article\" \/>\n<meta property=\"og:title\" content=\"0: 1-False D\u00e9but pour les flammes rouges au Championnat d&#039;Europe de football f\u00e9minin | Vie Associative\" \/>\n<meta property=\"og:description\" content=\"Les footballeurs belges ont commenc\u00e9 une d\u00e9faite au Championnat d&rsquo;Europe en Suisse. Les Flames rouges ont perdu 0-1 jeudi \u00e0 Sion contre les Italiens. Le\" \/>\n<meta property=\"og:url\" content=\"https:\/\/vieassociative.be\/actualites\/0-1-false-debut-pour-les-flammes-rouges-au-championnat-deurope-de-football-feminin\/\" \/>\n<meta property=\"og:site_name\" content=\"Vie Associative\" \/>\n<meta property=\"article:published_time\" content=\"2025-07-03T20:16:58+00:00\" \/>\n<meta property=\"og:image\" content=\"https:\/\/vieassociative.be\/actualites\/wp-content\/uploads\/2024\/09\/header_backgroundk-01-e1726694325946.png\" \/>\n\t<meta property=\"og:image:width\" content=\"279\" \/>\n\t<meta property=\"og:image:height\" content=\"92\" \/>\n\t<meta property=\"og:image:type\" content=\"image\/png\" \/>\n<meta name=\"author\" content=\"Julien\" \/>\n<meta name=\"twitter:card\" content=\"summary_large_image\" \/>\n<meta name=\"twitter:label1\" content=\"\u00c9crit par\" \/>\n\t<meta name=\"twitter:data1\" content=\"Julien\" \/>\n\t<meta name=\"twitter:label2\" content=\"Dur\u00e9e de lecture est.\" \/>\n\t<meta name=\"twitter:data2\" content=\"3 minutes\" \/>\n<script type=\"application\/ld+json\" class=\"yoast-schema-graph\">{\"@context\":\"https:\/\/schema.org\",\"@graph\":[{\"@type\":\"Article\",\"@id\":\"https:\/\/vieassociative.be\/actualites\/0-1-false-debut-pour-les-flammes-rouges-au-championnat-deurope-de-football-feminin\/#article\",\"isPartOf\":{\"@id\":\"https:\/\/vieassociative.be\/actualites\/0-1-false-debut-pour-les-flammes-rouges-au-championnat-deurope-de-football-feminin\/\"},\"author\":{\"name\":\"Julien\",\"@id\":\"https:\/\/vieassociative.be\/actualites\/#\/schema\/person\/b87ac4f82f9d4e7b7cec7395b679edc4\"},\"headline\":\"0: 1-False D\u00e9but pour les flammes rouges au Championnat d&rsquo;Europe de football f\u00e9minin\",\"datePublished\":\"2025-07-03T20:16:58+00:00\",\"dateModified\":\"2025-07-03T20:16:58+00:00\",\"mainEntityOfPage\":{\"@id\":\"https:\/\/vieassociative.be\/actualites\/0-1-false-debut-pour-les-flammes-rouges-au-championnat-deurope-de-football-feminin\/\"},\"wordCount\":556,\"publisher\":{\"@id\":\"https:\/\/vieassociative.be\/actualites\/#organization\"},\"image\":{\"@id\":\"https:\/\/vieassociative.be\/actualites\/0-1-false-debut-pour-les-flammes-rouges-au-championnat-deurope-de-football-feminin\/#primaryimage\"},\"thumbnailUrl\":\"https:\/\/vieassociative.be\/actualites\/wp-content\/uploads\/2025\/07\/1751573819_0-1-False-Debut-pour-les-flammes-rouges-au-Championnat-dEurope.jpg\",\"keywords\":[\"1False\",\"Championnat\",\"D\u00e9but\",\"dEurope\",\"f\u00e9minin\",\"flammes\",\"football\",\"Les\",\"pour\",\"rouges\"],\"articleSection\":[\"Belgique\"],\"inLanguage\":\"fr-BE\"},{\"@type\":\"WebPage\",\"@id\":\"https:\/\/vieassociative.be\/actualites\/0-1-false-debut-pour-les-flammes-rouges-au-championnat-deurope-de-football-feminin\/\",\"url\":\"https:\/\/vieassociative.be\/actualites\/0-1-false-debut-pour-les-flammes-rouges-au-championnat-deurope-de-football-feminin\/\",\"name\":\"0: 1-False D\u00e9but pour les flammes rouges au Championnat d'Europe de football f\u00e9minin | Vie Associative\",\"isPartOf\":{\"@id\":\"https:\/\/vieassociative.be\/actualites\/#website\"},\"primaryImageOfPage\":{\"@id\":\"https:\/\/vieassociative.be\/actualites\/0-1-false-debut-pour-les-flammes-rouges-au-championnat-deurope-de-football-feminin\/#primaryimage\"},\"image\":{\"@id\":\"https:\/\/vieassociative.be\/actualites\/0-1-false-debut-pour-les-flammes-rouges-au-championnat-deurope-de-football-feminin\/#primaryimage\"},\"thumbnailUrl\":\"https:\/\/vieassociative.be\/actualites\/wp-content\/uploads\/2025\/07\/1751573819_0-1-False-Debut-pour-les-flammes-rouges-au-Championnat-dEurope.jpg\",\"datePublished\":\"2025-07-03T20:16:58+00:00\",\"dateModified\":\"2025-07-03T20:16:58+00:00\",\"breadcrumb\":{\"@id\":\"https:\/\/vieassociative.be\/actualites\/0-1-false-debut-pour-les-flammes-rouges-au-championnat-deurope-de-football-feminin\/#breadcrumb\"},\"inLanguage\":\"fr-BE\",\"potentialAction\":[{\"@type\":\"ReadAction\",\"target\":[\"https:\/\/vieassociative.be\/actualites\/0-1-false-debut-pour-les-flammes-rouges-au-championnat-deurope-de-football-feminin\/\"]}]},{\"@type\":\"ImageObject\",\"inLanguage\":\"fr-BE\",\"@id\":\"https:\/\/vieassociative.be\/actualites\/0-1-false-debut-pour-les-flammes-rouges-au-championnat-deurope-de-football-feminin\/#primaryimage\",\"url\":\"https:\/\/vieassociative.be\/actualites\/wp-content\/uploads\/2025\/07\/1751573819_0-1-False-Debut-pour-les-flammes-rouges-au-Championnat-dEurope.jpg\",\"contentUrl\":\"https:\/\/vieassociative.be\/actualites\/wp-content\/uploads\/2025\/07\/1751573819_0-1-False-Debut-pour-les-flammes-rouges-au-Championnat-dEurope.jpg\",\"width\":1200,\"height\":800,\"caption\":\"0: 1-False D\u00e9but pour les flammes rouges au Championnat d'Europe de football f\u00e9minin\"},{\"@type\":\"BreadcrumbList\",\"@id\":\"https:\/\/vieassociative.be\/actualites\/0-1-false-debut-pour-les-flammes-rouges-au-championnat-deurope-de-football-feminin\/#breadcrumb\",\"itemListElement\":[{\"@type\":\"ListItem\",\"position\":1,\"name\":\"Accueil\",\"item\":\"https:\/\/vieassociative.be\/actualites\/\"},{\"@type\":\"ListItem\",\"position\":2,\"name\":\"0: 1-False D\u00e9but pour les flammes rouges au Championnat d&rsquo;Europe de football f\u00e9minin\"}]},{\"@type\":\"WebSite\",\"@id\":\"https:\/\/vieassociative.be\/actualites\/#website\",\"url\":\"https:\/\/vieassociative.be\/actualites\/\",\"name\":\"Vie Associative\",\"description\":\"\",\"publisher\":{\"@id\":\"https:\/\/vieassociative.be\/actualites\/#organization\"},\"potentialAction\":[{\"@type\":\"SearchAction\",\"target\":{\"@type\":\"EntryPoint\",\"urlTemplate\":\"https:\/\/vieassociative.be\/actualites\/?s={search_term_string}\"},\"query-input\":{\"@type\":\"PropertyValueSpecification\",\"valueRequired\":true,\"valueName\":\"search_term_string\"}}],\"inLanguage\":\"fr-BE\"},{\"@type\":\"Organization\",\"@id\":\"https:\/\/vieassociative.be\/actualites\/#organization\",\"name\":\"Vie Associative\",\"url\":\"https:\/\/vieassociative.be\/actualites\/\",\"logo\":{\"@type\":\"ImageObject\",\"inLanguage\":\"fr-BE\",\"@id\":\"https:\/\/vieassociative.be\/actualites\/#\/schema\/logo\/image\/\",\"url\":\"https:\/\/vieassociative.be\/actualites\/wp-content\/uploads\/2024\/09\/cropped-vieassociative_favicon.ico.png\",\"contentUrl\":\"https:\/\/vieassociative.be\/actualites\/wp-content\/uploads\/2024\/09\/cropped-vieassociative_favicon.ico.png\",\"width\":512,\"height\":512,\"caption\":\"Vie Associative\"},\"image\":{\"@id\":\"https:\/\/vieassociative.be\/actualites\/#\/schema\/logo\/image\/\"}},{\"@type\":\"Person\",\"@id\":\"https:\/\/vieassociative.be\/actualites\/#\/schema\/person\/b87ac4f82f9d4e7b7cec7395b679edc4\",\"name\":\"Julien\",\"image\":{\"@type\":\"ImageObject\",\"inLanguage\":\"fr-BE\",\"@id\":\"https:\/\/vieassociative.be\/actualites\/#\/schema\/person\/image\/\",\"url\":\"https:\/\/vieassociative.be\/actualites\/wp-content\/uploads\/2024\/09\/vie-associative-1-150x150.jpg\",\"contentUrl\":\"https:\/\/vieassociative.be\/actualites\/wp-content\/uploads\/2024\/09\/vie-associative-1-150x150.jpg\",\"caption\":\"Julien\"},\"description\":\"Je suis Julien, r\u00e9dacteur pour Vie Associative. Passionn\u00e9 par le monde associatif depuis plus de 10 ans, j'ai \u00e0 c\u0153ur de partager des histoires inspirantes et de mettre en lumi\u00e8re les initiatives locales. Mon objectif est de sensibiliser et d'encourager l'engagement communautaire \u00e0 travers mes articles.\",\"sameAs\":[\"https:\/\/vieassociative.be\/\"]}]}<\/script>\n<!-- \/ Yoast SEO plugin. -->","yoast_head_json":{"title":"0: 1-False D\u00e9but pour les flammes rouges au Championnat d'Europe de football f\u00e9minin | Vie Associative","robots":{"index":"index","follow":"follow","max-snippet":"max-snippet:-1","max-image-preview":"max-image-preview:large","max-video-preview":"max-video-preview:-1"},"canonical":"https:\/\/vieassociative.be\/actualites\/0-1-false-debut-pour-les-flammes-rouges-au-championnat-deurope-de-football-feminin\/","og_locale":"fr_FR","og_type":"article","og_title":"0: 1-False D\u00e9but pour les flammes rouges au Championnat d'Europe de football f\u00e9minin | Vie Associative","og_description":"Les footballeurs belges ont commenc\u00e9 une d\u00e9faite au Championnat d&rsquo;Europe en Suisse. Les Flames rouges ont perdu 0-1 jeudi \u00e0 Sion contre les Italiens. Le","og_url":"https:\/\/vieassociative.be\/actualites\/0-1-false-debut-pour-les-flammes-rouges-au-championnat-deurope-de-football-feminin\/","og_site_name":"Vie Associative","article_published_time":"2025-07-03T20:16:58+00:00","og_image":[{"width":279,"height":92,"url":"https:\/\/vieassociative.be\/actualites\/wp-content\/uploads\/2024\/09\/header_backgroundk-01-e1726694325946.png","type":"image\/png"}],"author":"Julien","twitter_card":"summary_large_image","twitter_misc":{"\u00c9crit par":"Julien","Dur\u00e9e de lecture est.":"3 minutes"},"schema":{"@context":"https:\/\/schema.org","@graph":[{"@type":"Article","@id":"https:\/\/vieassociative.be\/actualites\/0-1-false-debut-pour-les-flammes-rouges-au-championnat-deurope-de-football-feminin\/#article","isPartOf":{"@id":"https:\/\/vieassociative.be\/actualites\/0-1-false-debut-pour-les-flammes-rouges-au-championnat-deurope-de-football-feminin\/"},"author":{"name":"Julien","@id":"https:\/\/vieassociative.be\/actualites\/#\/schema\/person\/b87ac4f82f9d4e7b7cec7395b679edc4"},"headline":"0: 1-False D\u00e9but pour les flammes rouges au Championnat d&rsquo;Europe de football f\u00e9minin","datePublished":"2025-07-03T20:16:58+00:00","dateModified":"2025-07-03T20:16:58+00:00","mainEntityOfPage":{"@id":"https:\/\/vieassociative.be\/actualites\/0-1-false-debut-pour-les-flammes-rouges-au-championnat-deurope-de-football-feminin\/"},"wordCount":556,"publisher":{"@id":"https:\/\/vieassociative.be\/actualites\/#organization"},"image":{"@id":"https:\/\/vieassociative.be\/actualites\/0-1-false-debut-pour-les-flammes-rouges-au-championnat-deurope-de-football-feminin\/#primaryimage"},"thumbnailUrl":"https:\/\/vieassociative.be\/actualites\/wp-content\/uploads\/2025\/07\/1751573819_0-1-False-Debut-pour-les-flammes-rouges-au-Championnat-dEurope.jpg","keywords":["1False","Championnat","D\u00e9but","dEurope","f\u00e9minin","flammes","football","Les","pour","rouges"],"articleSection":["Belgique"],"inLanguage":"fr-BE"},{"@type":"WebPage","@id":"https:\/\/vieassociative.be\/actualites\/0-1-false-debut-pour-les-flammes-rouges-au-championnat-deurope-de-football-feminin\/","url":"https:\/\/vieassociative.be\/actualites\/0-1-false-debut-pour-les-flammes-rouges-au-championnat-deurope-de-football-feminin\/","name":"0: 1-False D\u00e9but pour les flammes rouges au Championnat d'Europe de football f\u00e9minin | Vie Associative","isPartOf":{"@id":"https:\/\/vieassociative.be\/actualites\/#website"},"primaryImageOfPage":{"@id":"https:\/\/vieassociative.be\/actualites\/0-1-false-debut-pour-les-flammes-rouges-au-championnat-deurope-de-football-feminin\/#primaryimage"},"image":{"@id":"https:\/\/vieassociative.be\/actualites\/0-1-false-debut-pour-les-flammes-rouges-au-championnat-deurope-de-football-feminin\/#primaryimage"},"thumbnailUrl":"https:\/\/vieassociative.be\/actualites\/wp-content\/uploads\/2025\/07\/1751573819_0-1-False-Debut-pour-les-flammes-rouges-au-Championnat-dEurope.jpg","datePublished":"2025-07-03T20:16:58+00:00","dateModified":"2025-07-03T20:16:58+00:00","breadcrumb":{"@id":"https:\/\/vieassociative.be\/actualites\/0-1-false-debut-pour-les-flammes-rouges-au-championnat-deurope-de-football-feminin\/#breadcrumb"},"inLanguage":"fr-BE","potentialAction":[{"@type":"ReadAction","target":["https:\/\/vieassociative.be\/actualites\/0-1-false-debut-pour-les-flammes-rouges-au-championnat-deurope-de-football-feminin\/"]}]},{"@type":"ImageObject","inLanguage":"fr-BE","@id":"https:\/\/vieassociative.be\/actualites\/0-1-false-debut-pour-les-flammes-rouges-au-championnat-deurope-de-football-feminin\/#primaryimage","url":"https:\/\/vieassociative.be\/actualites\/wp-content\/uploads\/2025\/07\/1751573819_0-1-False-Debut-pour-les-flammes-rouges-au-Championnat-dEurope.jpg","contentUrl":"https:\/\/vieassociative.be\/actualites\/wp-content\/uploads\/2025\/07\/1751573819_0-1-False-Debut-pour-les-flammes-rouges-au-Championnat-dEurope.jpg","width":1200,"height":800,"caption":"0: 1-False D\u00e9but pour les flammes rouges au Championnat d'Europe de football f\u00e9minin"},{"@type":"BreadcrumbList","@id":"https:\/\/vieassociative.be\/actualites\/0-1-false-debut-pour-les-flammes-rouges-au-championnat-deurope-de-football-feminin\/#breadcrumb","itemListElement":[{"@type":"ListItem","position":1,"name":"Accueil","item":"https:\/\/vieassociative.be\/actualites\/"},{"@type":"ListItem","position":2,"name":"0: 1-False D\u00e9but pour les flammes rouges au Championnat d&rsquo;Europe de football f\u00e9minin"}]},{"@type":"WebSite","@id":"https:\/\/vieassociative.be\/actualites\/#website","url":"https:\/\/vieassociative.be\/actualites\/","name":"Vie Associative","description":"","publisher":{"@id":"https:\/\/vieassociative.be\/actualites\/#organization"},"potentialAction":[{"@type":"SearchAction","target":{"@type":"EntryPoint","urlTemplate":"https:\/\/vieassociative.be\/actualites\/?s={search_term_string}"},"query-input":{"@type":"PropertyValueSpecification","valueRequired":true,"valueName":"search_term_string"}}],"inLanguage":"fr-BE"},{"@type":"Organization","@id":"https:\/\/vieassociative.be\/actualites\/#organization","name":"Vie Associative","url":"https:\/\/vieassociative.be\/actualites\/","logo":{"@type":"ImageObject","inLanguage":"fr-BE","@id":"https:\/\/vieassociative.be\/actualites\/#\/schema\/logo\/image\/","url":"https:\/\/vieassociative.be\/actualites\/wp-content\/uploads\/2024\/09\/cropped-vieassociative_favicon.ico.png","contentUrl":"https:\/\/vieassociative.be\/actualites\/wp-content\/uploads\/2024\/09\/cropped-vieassociative_favicon.ico.png","width":512,"height":512,"caption":"Vie Associative"},"image":{"@id":"https:\/\/vieassociative.be\/actualites\/#\/schema\/logo\/image\/"}},{"@type":"Person","@id":"https:\/\/vieassociative.be\/actualites\/#\/schema\/person\/b87ac4f82f9d4e7b7cec7395b679edc4","name":"Julien","image":{"@type":"ImageObject","inLanguage":"fr-BE","@id":"https:\/\/vieassociative.be\/actualites\/#\/schema\/person\/image\/","url":"https:\/\/vieassociative.be\/actualites\/wp-content\/uploads\/2024\/09\/vie-associative-1-150x150.jpg","contentUrl":"https:\/\/vieassociative.be\/actualites\/wp-content\/uploads\/2024\/09\/vie-associative-1-150x150.jpg","caption":"Julien"},"description":"Je suis Julien, r\u00e9dacteur pour Vie Associative. Passionn\u00e9 par le monde associatif depuis plus de 10 ans, j'ai \u00e0 c\u0153ur de partager des histoires inspirantes et de mettre en lumi\u00e8re les initiatives locales. Mon objectif est de sensibiliser et d'encourager l'engagement communautaire \u00e0 travers mes articles.","sameAs":["https:\/\/vieassociative.be\/"]}]}},"_links":{"self":[{"href":"https:\/\/vieassociative.be\/actualites\/wp-json\/wp\/v2\/posts\/8518"}],"collection":[{"href":"https:\/\/vieassociative.be\/actualites\/wp-json\/wp\/v2\/posts"}],"about":[{"href":"https:\/\/vieassociative.be\/actualites\/wp-json\/wp\/v2\/types\/post"}],"author":[{"embeddable":true,"href":"https:\/\/vieassociative.be\/actualites\/wp-json\/wp\/v2\/users\/1"}],"replies":[{"embeddable":true,"href":"https:\/\/vieassociative.be\/actualites\/wp-json\/wp\/v2\/comments?post=8518"}],"version-history":[{"count":0,"href":"https:\/\/vieassociative.be\/actualites\/wp-json\/wp\/v2\/posts\/8518\/revisions"}],"wp:featuredmedia":[{"embeddable":true,"href":"https:\/\/vieassociative.be\/actualites\/wp-json\/wp\/v2\/media\/8519"}],"wp:attachment":[{"href":"https:\/\/vieassociative.be\/actualites\/wp-json\/wp\/v2\/media?parent=8518"}],"wp:term":[{"taxonomy":"category","embeddable":true,"href":"https:\/\/vieassociative.be\/actualites\/wp-json\/wp\/v2\/categories?post=8518"},{"taxonomy":"post_tag","embeddable":true,"href":"https:\/\/vieassociative.be\/actualites\/wp-json\/wp\/v2\/tags?post=8518"}],"curies":[{"name":"wp","href":"https:\/\/api.w.org\/{rel}","templated":true}]}}