{"id":8516,"date":"2025-07-03T21:17:23","date_gmt":"2025-07-03T19:17:23","guid":{"rendered":"https:\/\/vieassociative.be\/actualites\/ce-65-panasonic-oled-avec-fire-tv-est-a-son-prix-le-plus-bas-pour-le-moment\/"},"modified":"2025-07-03T21:17:23","modified_gmt":"2025-07-03T19:17:23","slug":"ce-65-panasonic-oled-avec-fire-tv-est-a-son-prix-le-plus-bas-pour-le-moment","status":"publish","type":"post","link":"https:\/\/vieassociative.be\/actualites\/ce-65-panasonic-oled-avec-fire-tv-est-a-son-prix-le-plus-bas-pour-le-moment\/","title":{"rendered":"Ce 65&quot; Panasonic Oled avec Fire TV est \u00e0 son prix le plus bas pour le moment"},"content":{"rendered":"<div class=\"mt-4 leading-6 md:mb-8\">Ce t\u00e9l\u00e9viseur OLED de 65 pouces de Panasonic combine la qualit\u00e9 de l&rsquo;image premium, l&rsquo;int\u00e9gration de t\u00e9l\u00e9vision en feu et les sp\u00e9cifications conviviales.<\/div>\n<p><\/p>\n<p>Si vous cherchez \u00e0 passer \u00e0 un grand t\u00e9l\u00e9viseur OLED, ce t\u00e9l\u00e9viseur OLED Panasonic Z85 65 pouces est actuellement \u00e0 son prix le plus bas de tous les temps \u00e0 un peu moins de 1 000 $ &#8211; 45% de r\u00e9duction, ce qui en fait un point d&rsquo;entr\u00e9e convaincant dans une visualisation premium. En 2024, Panasonic s&rsquo;est associ\u00e9 \u00e0 Amazon pour int\u00e9grer Fire TV directement dans sa gamme OLED, et la s\u00e9rie Z85 est enti\u00e8rement \u00e9quip\u00e9e des fonctionnalit\u00e9s intelligentes de Fire TV et de la qualit\u00e9 d&rsquo;image impressionnante.<\/p>\n<div class=\"pogoClear mb-12 mt-10 rounded-md border-2 border-gray-100 py-7 shadow-xl md:py-6\">\n<div class=\"flex flex-wrap justify-between px-7 text-black no-underline md:flex-nowrap md:px-8\">\n<div class=\"order-1 mx-auto flex flex-col justify-center md:order-2 md:ml-4 md:w-full md:grow\">\n<div class=\"block cursor-pointer text-center font-akshar text-2xl font-medium leading-7 text-brand-green duration-200 ease-in-out hover:text-brand-green-700 md:text-left md:text-xl md:leading-6\">Panasonic Z85 TV OLED 65 pouces\n                <\/div>\n<div class=\"mt-4 hidden md:flex md:justify-between\">\n<div class=\"self-end\">\n<div class=\"mb-0 h-11 md:flex md:flex-col md:justify-center\">\n<div class=\" font-sans leading-4 text-black\">\n<div class=\"flex flex-wrap items-center justify-center gap-x-1 md:justify-start\">\n        <span class=\"font-bold\"><\/p>\n<p>            997,99 $<br \/>\n                            <span class=\"font-medium\">\u00e0 Amazon<\/span><br \/>\n                    <\/span>\n            <\/div>\n<div class=\"flex items-center justify-center gap-x-1 font-bold md:justify-start\">\n            <span class=\"text-sm line-through\">1 799,99 $<\/span><br \/>\n            <span class=\"text-sm text-brand-green\">\u00c9conomisez 802,00 $<\/span>\n        <\/div>\n<\/p><\/div>\n<\/p><\/div>\n<\/p><\/div>\n<div class=\"w-44 self-end\">\n                            <button class=\"flex justify-center items-center w-full bg-brand-green text-white text-base font-sans font-medium rounded-md hover:bg-brand-green-700 hover:cursor-pointer md:text-sm h-11\"><\/p>\n<p>    Conclure un accord<br \/>\n<\/button>\n                        <\/div>\n<\/p><\/div>\n<\/p><\/div>\n<div class=\"order-2 mt-5 h-auto w-full md:order-1 md:mt-0 md:hidden\">\n<div class=\"flex aspect-video items-center justify-center\">\n                                            <img decoding=\"async\" class=\"m-0 max-h-full max-w-full rounded-md\" src=\"https:\/\/vieassociative.be\/actualites\/wp-content\/uploads\/2025\/07\/Ce-65quot-Panasonic-Oled-avec-Fire-TV-est-a-son.jpg\" alt=\"Panasonic Z85 TV OLED 65 pouces\" width=\"auto\" height=\"auto\" loading=\"lazy\">\n                                    <\/div>\n<\/p><\/div>\n<div class=\"order-2 ml-2 hidden w-32 shrink-0 items-center md:order-1 md:ml-0 md:flex\">\n<div class=\"flex aspect-video items-center justify-center\">\n                                            <img decoding=\"async\" class=\"m-0 max-h-full max-w-full rounded-md\" src=\"https:\/\/vieassociative.be\/actualites\/wp-content\/uploads\/2025\/07\/Ce-65quot-Panasonic-Oled-avec-Fire-TV-est-a-son.jpg\" alt=\"Panasonic Z85 TV OLED 65 pouces\" width=\"auto\" height=\"auto\" loading=\"lazy\">\n                                    <\/div>\n<\/p><\/div>\n<div class=\"order-3 flex grow flex-wrap md:hidden md:grow-0\">\n<div class=\"mt-4 w-full\">\n                        <button class=\"flex justify-center items-center w-full bg-brand-green text-white text-base font-sans font-medium rounded-md hover:bg-brand-green-700 hover:cursor-pointer md:text-sm h-11\"><\/p>\n<p>    Conclure un accord<br \/>\n<\/button>\n                    <\/div>\n<div class=\"mx-2 mt-4 w-full\">\n<div class=\" font-sans leading-4 text-black\">\n<div class=\"flex flex-wrap items-center justify-center gap-x-1 md:justify-start\">\n        <span class=\"font-bold\"><\/p>\n<p>            997,99 $<br \/>\n                            <span class=\"font-medium\">\u00e0 Amazon<\/span><br \/>\n                    <\/span>\n            <\/div>\n<div class=\"flex items-center justify-center gap-x-1 font-bold md:justify-start\">\n            <span class=\"text-sm line-through\">1 799,99 $<\/span><br \/>\n            <span class=\"text-sm text-brand-green\">\u00c9conomisez 802,00 $<\/span>\n        <\/div>\n<\/p><\/div>\n<\/p><\/div>\n<\/p><\/div>\n<\/p><\/div>\n<\/div>\n<p>L&rsquo;int\u00e9gration de Fire TV remplace l&rsquo;interface ancienne de Panasonic avec le syst\u00e8me d&rsquo;exploitation incendie int\u00e9gr\u00e9 et convivial, offrant des performances en douceur et un contr\u00f4le vocal Alexa. Il est \u00e9galement compatible avec Apple Home et Apple Airplay. Les examinateurs appr\u00e9cient l&rsquo;interface rapide et r\u00e9active et la navigation par menu rationalis\u00e9e.<\/p>\n<p>Il est lou\u00e9 pour ses visuels OLED frappants, sa r\u00e9solution 4K et sa pr\u00e9cision des couleurs, et il prend en charge un taux de rafra\u00eechissement de 120 Hz, deux ports HDMI 2.1, VRR pour AMD Freesync Premium et NVIDIA G &#8211; SYNC et le retard d&rsquo;entr\u00e9e minimal. Cela dit, les joueurs avec des configurations multi-moniteurs plus complexes peuvent trouver deux ports HDMI 2.1 limitant.<\/p>\n<p>Les examinateurs d&rsquo;Amazon mettent \u00e9galement en \u00e9vidence la forte qualit\u00e9 audio. Une barre de son s\u00e9par\u00e9e n&rsquo;est pas n\u00e9cessaire gr\u00e2ce au subwoofer int\u00e9gr\u00e9 et au th\u00e9\u00e2tre Surround Pro. Bien que les visuels soient forts, les r\u00e9flexions peuvent poser un probl\u00e8me dans des pi\u00e8ces tr\u00e8s brillantes, comme le soulignent les testeurs PCMAG. Il est \u00e9galement un peu plus volumineux et plus lourd que les t\u00e9l\u00e9viseurs intelligents plus fins de marques comme LG, ce qui peut le rendre plus difficile \u00e0 installer.<\/p>\n<div class=\"pogoClear relative my-10 border-b-(1.5px) border-t-(1.5px) border-dashed border-black py-5 sm:my-14 sm:border-0 sm:py-0\" data-ga-click data-ga-template=\"Deals\" data-ga-module=\"openweb_widget\" data-ga-element=\"openweb_scroll\" data-ga-item=\"openweb_scroll_midpage\" x-data=\"{\n         commentsCount: null,\n         hasComments: false,\n         async fetchCommentsCount() {\n             try {\n                 if (window.openweb &amp;&amp; typeof window.openweb.getMessagesCount === 'function') {\n                     this.commentsCount = await window.openweb.getMessagesCount('01JZ842JC39979DS5DCEEA9S59');\n                     this.hasComments = this.commentsCount !== null &amp;&amp; this.commentsCount &gt; 0;\n                 }\n             } catch (e) {\n                 console.warn('Failed to fetch comment count:', e);\n             }\n         }\n     }\" x-init=\"fetchCommentsCount()\" x-cloak><\/p>\n<div class=\"absolute top-1\/2 hidden w-full -translate-y-1\/2 border-t-(1.5px) border-dashed border-black sm:block\"><\/div>\n<div class=\"relative flex justify-center\">\n<div class=\"flex max-w-fit items-center gap-x-3 bg-white px-5\">\n<div class=\"relative\">\n                <span class=\"absolute left-1\/2 top-1\/2 -translate-x-1\/2 -translate-y-1\/2 font-akshar text-sm font-medium text-black\" aria-live=\"polite\" x-show=\"hasComments\" x-text=\"commentsCount\"><\/span><\/p>\n<p>                <svg class=\"h-8 w-8 text-black\" role=\"img\" aria-hidden=\"true\">\n                    <use href=\"http:\/\/lifehacker.com\/images\/icons\/spritemap.svg#sprite-chat-bubble\"><\/use>\n                <\/svg>\n            <\/div>\n<p>            <span class=\"text-sm font-medium text-black\"><\/p>\n<p>                Que pensez-vous jusqu&rsquo;\u00e0 pr\u00e9sent?<br \/>\n                <button class=\"ml-1 font-semibold text-brand-green underline hover:text-brand-green-700\" type=\"button\" aria-label=\"Comment section trigger\" onclick=\"window.openweb.scrollToComments('01JZ842JC39979DS5DCEEA9S59')\" x-text=\"hasComments ? 'Post a comment.' : 'Be the first to post a comment.'\"><\/button><br \/>\n            <\/span>\n        <\/div>\n<\/p><\/div>\n<\/div>\n<p>En fin de compte, ce t\u00e9l\u00e9viseur OLED offre une qualit\u00e9 d&rsquo;image sup\u00e9rieure, des fonctionnalit\u00e9s adapt\u00e9es aux joueurs et une t\u00e9l\u00e9vision de feu int\u00e9gr\u00e9e \u00e0 un prix accessible, ce qui en fait un achat solide qui contient de nombreuses qualit\u00e9s comp\u00e9titives \u00e0 1 000 $. Si vous n&rsquo;\u00eates pas pr\u00e9occup\u00e9 par l&rsquo;\u00e9blouissement de la salle vive, que vous n&rsquo;avez besoin que de deux ports HDMI 2.1 et que vous allez bien avec une construction l\u00e9g\u00e8rement plus lourde, le t\u00e9l\u00e9viseur OLED Panasonic Z85 de 65 pouces est un achat fort et rare en ce moment \u00e0 45% de r\u00e9duction.<\/p>\n","protected":false},"excerpt":{"rendered":"<p>Ce t\u00e9l\u00e9viseur OLED de 65 pouces de Panasonic combine la qualit\u00e9 de l&rsquo;image premium, l&rsquo;int\u00e9gration de t\u00e9l\u00e9vision en feu et les sp\u00e9cifications conviviales. Si vous<\/p>\n","protected":false},"author":1,"featured_media":8517,"comment_status":"","ping_status":"","sticky":false,"template":"","format":"standard","meta":{"footnotes":""},"categories":[13],"tags":[7606,61,700,76,1378,1429,2558,7607,81,1399,800],"class_list":["post-8516","post","type-post","status-publish","format-standard","has-post-thumbnail","hentry","category-technologie","tag-65quot","tag-avec","tag-bas","tag-est","tag-fire","tag-moment","tag-oled","tag-panasonic","tag-pour","tag-prix","tag-son","generate-columns","tablet-grid-50","mobile-grid-100","grid-parent","grid-33"],"yoast_head":"<!-- This site is optimized with the Yoast SEO plugin v24.0 - https:\/\/yoast.com\/wordpress\/plugins\/seo\/ -->\n<title>Ce 65&quot; Panasonic Oled avec Fire TV est \u00e0 son prix le plus bas pour le moment | Vie Associative<\/title>\n<meta name=\"robots\" content=\"index, follow, max-snippet:-1, max-image-preview:large, max-video-preview:-1\" \/>\n<link rel=\"canonical\" href=\"https:\/\/vieassociative.be\/actualites\/ce-65-panasonic-oled-avec-fire-tv-est-a-son-prix-le-plus-bas-pour-le-moment\/\" \/>\n<meta property=\"og:locale\" content=\"fr_FR\" \/>\n<meta property=\"og:type\" content=\"article\" \/>\n<meta property=\"og:title\" content=\"Ce 65&quot; Panasonic Oled avec Fire TV est \u00e0 son prix le plus bas pour le moment | Vie Associative\" \/>\n<meta property=\"og:description\" content=\"Ce t\u00e9l\u00e9viseur OLED de 65 pouces de Panasonic combine la qualit\u00e9 de l&rsquo;image premium, l&rsquo;int\u00e9gration de t\u00e9l\u00e9vision en feu et les sp\u00e9cifications conviviales. Si vous\" \/>\n<meta property=\"og:url\" content=\"https:\/\/vieassociative.be\/actualites\/ce-65-panasonic-oled-avec-fire-tv-est-a-son-prix-le-plus-bas-pour-le-moment\/\" \/>\n<meta property=\"og:site_name\" content=\"Vie Associative\" \/>\n<meta property=\"article:published_time\" content=\"2025-07-03T19:17:23+00:00\" \/>\n<meta property=\"og:image\" content=\"https:\/\/vieassociative.be\/actualites\/wp-content\/uploads\/2025\/07\/Ce-65quot-Panasonic-Oled-avec-Fire-TV-est-a-son.jpg\" \/>\n<meta name=\"author\" content=\"Julien\" \/>\n<meta name=\"twitter:card\" content=\"summary_large_image\" \/>\n<meta name=\"twitter:label1\" content=\"\u00c9crit par\" \/>\n\t<meta name=\"twitter:data1\" content=\"Julien\" \/>\n\t<meta name=\"twitter:label2\" content=\"Dur\u00e9e de lecture est.\" \/>\n\t<meta name=\"twitter:data2\" content=\"2 minutes\" \/>\n<script type=\"application\/ld+json\" class=\"yoast-schema-graph\">{\"@context\":\"https:\/\/schema.org\",\"@graph\":[{\"@type\":\"Article\",\"@id\":\"https:\/\/vieassociative.be\/actualites\/ce-65-panasonic-oled-avec-fire-tv-est-a-son-prix-le-plus-bas-pour-le-moment\/#article\",\"isPartOf\":{\"@id\":\"https:\/\/vieassociative.be\/actualites\/ce-65-panasonic-oled-avec-fire-tv-est-a-son-prix-le-plus-bas-pour-le-moment\/\"},\"author\":{\"name\":\"Julien\",\"@id\":\"https:\/\/vieassociative.be\/actualites\/#\/schema\/person\/b87ac4f82f9d4e7b7cec7395b679edc4\"},\"headline\":\"Ce 65&quot; Panasonic Oled avec Fire TV est \u00e0 son prix le plus bas pour le moment\",\"datePublished\":\"2025-07-03T19:17:23+00:00\",\"dateModified\":\"2025-07-03T19:17:23+00:00\",\"mainEntityOfPage\":{\"@id\":\"https:\/\/vieassociative.be\/actualites\/ce-65-panasonic-oled-avec-fire-tv-est-a-son-prix-le-plus-bas-pour-le-moment\/\"},\"wordCount\":486,\"publisher\":{\"@id\":\"https:\/\/vieassociative.be\/actualites\/#organization\"},\"image\":{\"@id\":\"https:\/\/vieassociative.be\/actualites\/ce-65-panasonic-oled-avec-fire-tv-est-a-son-prix-le-plus-bas-pour-le-moment\/#primaryimage\"},\"thumbnailUrl\":\"https:\/\/vieassociative.be\/actualites\/wp-content\/uploads\/2025\/07\/Ce-65quot-Panasonic-Oled-avec-Fire-TV-est-a-son.png\",\"keywords\":[\"65quot\",\"avec\",\"bas\",\"est\",\"Fire\",\"moment\",\"OLED\",\"Panasonic\",\"pour\",\"prix\",\"son\"],\"articleSection\":[\"Technologie\"],\"inLanguage\":\"fr-BE\"},{\"@type\":\"WebPage\",\"@id\":\"https:\/\/vieassociative.be\/actualites\/ce-65-panasonic-oled-avec-fire-tv-est-a-son-prix-le-plus-bas-pour-le-moment\/\",\"url\":\"https:\/\/vieassociative.be\/actualites\/ce-65-panasonic-oled-avec-fire-tv-est-a-son-prix-le-plus-bas-pour-le-moment\/\",\"name\":\"Ce 65&quot; Panasonic Oled avec Fire TV est \u00e0 son prix le plus bas pour le moment | Vie Associative\",\"isPartOf\":{\"@id\":\"https:\/\/vieassociative.be\/actualites\/#website\"},\"primaryImageOfPage\":{\"@id\":\"https:\/\/vieassociative.be\/actualites\/ce-65-panasonic-oled-avec-fire-tv-est-a-son-prix-le-plus-bas-pour-le-moment\/#primaryimage\"},\"image\":{\"@id\":\"https:\/\/vieassociative.be\/actualites\/ce-65-panasonic-oled-avec-fire-tv-est-a-son-prix-le-plus-bas-pour-le-moment\/#primaryimage\"},\"thumbnailUrl\":\"https:\/\/vieassociative.be\/actualites\/wp-content\/uploads\/2025\/07\/Ce-65quot-Panasonic-Oled-avec-Fire-TV-est-a-son.png\",\"datePublished\":\"2025-07-03T19:17:23+00:00\",\"dateModified\":\"2025-07-03T19:17:23+00:00\",\"breadcrumb\":{\"@id\":\"https:\/\/vieassociative.be\/actualites\/ce-65-panasonic-oled-avec-fire-tv-est-a-son-prix-le-plus-bas-pour-le-moment\/#breadcrumb\"},\"inLanguage\":\"fr-BE\",\"potentialAction\":[{\"@type\":\"ReadAction\",\"target\":[\"https:\/\/vieassociative.be\/actualites\/ce-65-panasonic-oled-avec-fire-tv-est-a-son-prix-le-plus-bas-pour-le-moment\/\"]}]},{\"@type\":\"ImageObject\",\"inLanguage\":\"fr-BE\",\"@id\":\"https:\/\/vieassociative.be\/actualites\/ce-65-panasonic-oled-avec-fire-tv-est-a-son-prix-le-plus-bas-pour-le-moment\/#primaryimage\",\"url\":\"https:\/\/vieassociative.be\/actualites\/wp-content\/uploads\/2025\/07\/Ce-65quot-Panasonic-Oled-avec-Fire-TV-est-a-son.png\",\"contentUrl\":\"https:\/\/vieassociative.be\/actualites\/wp-content\/uploads\/2025\/07\/Ce-65quot-Panasonic-Oled-avec-Fire-TV-est-a-son.png\",\"width\":1200,\"height\":675,\"caption\":\"Ce 65&quot; Panasonic Oled avec Fire TV est \u00e0 son prix le plus bas pour le moment\"},{\"@type\":\"BreadcrumbList\",\"@id\":\"https:\/\/vieassociative.be\/actualites\/ce-65-panasonic-oled-avec-fire-tv-est-a-son-prix-le-plus-bas-pour-le-moment\/#breadcrumb\",\"itemListElement\":[{\"@type\":\"ListItem\",\"position\":1,\"name\":\"Accueil\",\"item\":\"https:\/\/vieassociative.be\/actualites\/\"},{\"@type\":\"ListItem\",\"position\":2,\"name\":\"Ce 65&quot; Panasonic Oled avec Fire TV est \u00e0 son prix le plus bas pour le moment\"}]},{\"@type\":\"WebSite\",\"@id\":\"https:\/\/vieassociative.be\/actualites\/#website\",\"url\":\"https:\/\/vieassociative.be\/actualites\/\",\"name\":\"Vie Associative\",\"description\":\"\",\"publisher\":{\"@id\":\"https:\/\/vieassociative.be\/actualites\/#organization\"},\"potentialAction\":[{\"@type\":\"SearchAction\",\"target\":{\"@type\":\"EntryPoint\",\"urlTemplate\":\"https:\/\/vieassociative.be\/actualites\/?s={search_term_string}\"},\"query-input\":{\"@type\":\"PropertyValueSpecification\",\"valueRequired\":true,\"valueName\":\"search_term_string\"}}],\"inLanguage\":\"fr-BE\"},{\"@type\":\"Organization\",\"@id\":\"https:\/\/vieassociative.be\/actualites\/#organization\",\"name\":\"Vie Associative\",\"url\":\"https:\/\/vieassociative.be\/actualites\/\",\"logo\":{\"@type\":\"ImageObject\",\"inLanguage\":\"fr-BE\",\"@id\":\"https:\/\/vieassociative.be\/actualites\/#\/schema\/logo\/image\/\",\"url\":\"https:\/\/vieassociative.be\/actualites\/wp-content\/uploads\/2024\/09\/cropped-vieassociative_favicon.ico.png\",\"contentUrl\":\"https:\/\/vieassociative.be\/actualites\/wp-content\/uploads\/2024\/09\/cropped-vieassociative_favicon.ico.png\",\"width\":512,\"height\":512,\"caption\":\"Vie Associative\"},\"image\":{\"@id\":\"https:\/\/vieassociative.be\/actualites\/#\/schema\/logo\/image\/\"}},{\"@type\":\"Person\",\"@id\":\"https:\/\/vieassociative.be\/actualites\/#\/schema\/person\/b87ac4f82f9d4e7b7cec7395b679edc4\",\"name\":\"Julien\",\"image\":{\"@type\":\"ImageObject\",\"inLanguage\":\"fr-BE\",\"@id\":\"https:\/\/vieassociative.be\/actualites\/#\/schema\/person\/image\/\",\"url\":\"https:\/\/vieassociative.be\/actualites\/wp-content\/uploads\/2024\/09\/vie-associative-1-150x150.jpg\",\"contentUrl\":\"https:\/\/vieassociative.be\/actualites\/wp-content\/uploads\/2024\/09\/vie-associative-1-150x150.jpg\",\"caption\":\"Julien\"},\"description\":\"Je suis Julien, r\u00e9dacteur pour Vie Associative. Passionn\u00e9 par le monde associatif depuis plus de 10 ans, j'ai \u00e0 c\u0153ur de partager des histoires inspirantes et de mettre en lumi\u00e8re les initiatives locales. Mon objectif est de sensibiliser et d'encourager l'engagement communautaire \u00e0 travers mes articles.\",\"sameAs\":[\"https:\/\/vieassociative.be\/\"]}]}<\/script>\n<!-- \/ Yoast SEO plugin. -->","yoast_head_json":{"title":"Ce 65&quot; Panasonic Oled avec Fire TV est \u00e0 son prix le plus bas pour le moment | Vie Associative","robots":{"index":"index","follow":"follow","max-snippet":"max-snippet:-1","max-image-preview":"max-image-preview:large","max-video-preview":"max-video-preview:-1"},"canonical":"https:\/\/vieassociative.be\/actualites\/ce-65-panasonic-oled-avec-fire-tv-est-a-son-prix-le-plus-bas-pour-le-moment\/","og_locale":"fr_FR","og_type":"article","og_title":"Ce 65&quot; Panasonic Oled avec Fire TV est \u00e0 son prix le plus bas pour le moment | Vie Associative","og_description":"Ce t\u00e9l\u00e9viseur OLED de 65 pouces de Panasonic combine la qualit\u00e9 de l&rsquo;image premium, l&rsquo;int\u00e9gration de t\u00e9l\u00e9vision en feu et les sp\u00e9cifications conviviales. Si vous","og_url":"https:\/\/vieassociative.be\/actualites\/ce-65-panasonic-oled-avec-fire-tv-est-a-son-prix-le-plus-bas-pour-le-moment\/","og_site_name":"Vie Associative","article_published_time":"2025-07-03T19:17:23+00:00","og_image":[{"url":"https:\/\/vieassociative.be\/actualites\/wp-content\/uploads\/2025\/07\/Ce-65quot-Panasonic-Oled-avec-Fire-TV-est-a-son.jpg","type":"","width":"","height":""}],"author":"Julien","twitter_card":"summary_large_image","twitter_misc":{"\u00c9crit par":"Julien","Dur\u00e9e de lecture est.":"2 minutes"},"schema":{"@context":"https:\/\/schema.org","@graph":[{"@type":"Article","@id":"https:\/\/vieassociative.be\/actualites\/ce-65-panasonic-oled-avec-fire-tv-est-a-son-prix-le-plus-bas-pour-le-moment\/#article","isPartOf":{"@id":"https:\/\/vieassociative.be\/actualites\/ce-65-panasonic-oled-avec-fire-tv-est-a-son-prix-le-plus-bas-pour-le-moment\/"},"author":{"name":"Julien","@id":"https:\/\/vieassociative.be\/actualites\/#\/schema\/person\/b87ac4f82f9d4e7b7cec7395b679edc4"},"headline":"Ce 65&quot; Panasonic Oled avec Fire TV est \u00e0 son prix le plus bas pour le moment","datePublished":"2025-07-03T19:17:23+00:00","dateModified":"2025-07-03T19:17:23+00:00","mainEntityOfPage":{"@id":"https:\/\/vieassociative.be\/actualites\/ce-65-panasonic-oled-avec-fire-tv-est-a-son-prix-le-plus-bas-pour-le-moment\/"},"wordCount":486,"publisher":{"@id":"https:\/\/vieassociative.be\/actualites\/#organization"},"image":{"@id":"https:\/\/vieassociative.be\/actualites\/ce-65-panasonic-oled-avec-fire-tv-est-a-son-prix-le-plus-bas-pour-le-moment\/#primaryimage"},"thumbnailUrl":"https:\/\/vieassociative.be\/actualites\/wp-content\/uploads\/2025\/07\/Ce-65quot-Panasonic-Oled-avec-Fire-TV-est-a-son.png","keywords":["65quot","avec","bas","est","Fire","moment","OLED","Panasonic","pour","prix","son"],"articleSection":["Technologie"],"inLanguage":"fr-BE"},{"@type":"WebPage","@id":"https:\/\/vieassociative.be\/actualites\/ce-65-panasonic-oled-avec-fire-tv-est-a-son-prix-le-plus-bas-pour-le-moment\/","url":"https:\/\/vieassociative.be\/actualites\/ce-65-panasonic-oled-avec-fire-tv-est-a-son-prix-le-plus-bas-pour-le-moment\/","name":"Ce 65&quot; Panasonic Oled avec Fire TV est \u00e0 son prix le plus bas pour le moment | Vie Associative","isPartOf":{"@id":"https:\/\/vieassociative.be\/actualites\/#website"},"primaryImageOfPage":{"@id":"https:\/\/vieassociative.be\/actualites\/ce-65-panasonic-oled-avec-fire-tv-est-a-son-prix-le-plus-bas-pour-le-moment\/#primaryimage"},"image":{"@id":"https:\/\/vieassociative.be\/actualites\/ce-65-panasonic-oled-avec-fire-tv-est-a-son-prix-le-plus-bas-pour-le-moment\/#primaryimage"},"thumbnailUrl":"https:\/\/vieassociative.be\/actualites\/wp-content\/uploads\/2025\/07\/Ce-65quot-Panasonic-Oled-avec-Fire-TV-est-a-son.png","datePublished":"2025-07-03T19:17:23+00:00","dateModified":"2025-07-03T19:17:23+00:00","breadcrumb":{"@id":"https:\/\/vieassociative.be\/actualites\/ce-65-panasonic-oled-avec-fire-tv-est-a-son-prix-le-plus-bas-pour-le-moment\/#breadcrumb"},"inLanguage":"fr-BE","potentialAction":[{"@type":"ReadAction","target":["https:\/\/vieassociative.be\/actualites\/ce-65-panasonic-oled-avec-fire-tv-est-a-son-prix-le-plus-bas-pour-le-moment\/"]}]},{"@type":"ImageObject","inLanguage":"fr-BE","@id":"https:\/\/vieassociative.be\/actualites\/ce-65-panasonic-oled-avec-fire-tv-est-a-son-prix-le-plus-bas-pour-le-moment\/#primaryimage","url":"https:\/\/vieassociative.be\/actualites\/wp-content\/uploads\/2025\/07\/Ce-65quot-Panasonic-Oled-avec-Fire-TV-est-a-son.png","contentUrl":"https:\/\/vieassociative.be\/actualites\/wp-content\/uploads\/2025\/07\/Ce-65quot-Panasonic-Oled-avec-Fire-TV-est-a-son.png","width":1200,"height":675,"caption":"Ce 65&quot; Panasonic Oled avec Fire TV est \u00e0 son prix le plus bas pour le moment"},{"@type":"BreadcrumbList","@id":"https:\/\/vieassociative.be\/actualites\/ce-65-panasonic-oled-avec-fire-tv-est-a-son-prix-le-plus-bas-pour-le-moment\/#breadcrumb","itemListElement":[{"@type":"ListItem","position":1,"name":"Accueil","item":"https:\/\/vieassociative.be\/actualites\/"},{"@type":"ListItem","position":2,"name":"Ce 65&quot; Panasonic Oled avec Fire TV est \u00e0 son prix le plus bas pour le moment"}]},{"@type":"WebSite","@id":"https:\/\/vieassociative.be\/actualites\/#website","url":"https:\/\/vieassociative.be\/actualites\/","name":"Vie Associative","description":"","publisher":{"@id":"https:\/\/vieassociative.be\/actualites\/#organization"},"potentialAction":[{"@type":"SearchAction","target":{"@type":"EntryPoint","urlTemplate":"https:\/\/vieassociative.be\/actualites\/?s={search_term_string}"},"query-input":{"@type":"PropertyValueSpecification","valueRequired":true,"valueName":"search_term_string"}}],"inLanguage":"fr-BE"},{"@type":"Organization","@id":"https:\/\/vieassociative.be\/actualites\/#organization","name":"Vie Associative","url":"https:\/\/vieassociative.be\/actualites\/","logo":{"@type":"ImageObject","inLanguage":"fr-BE","@id":"https:\/\/vieassociative.be\/actualites\/#\/schema\/logo\/image\/","url":"https:\/\/vieassociative.be\/actualites\/wp-content\/uploads\/2024\/09\/cropped-vieassociative_favicon.ico.png","contentUrl":"https:\/\/vieassociative.be\/actualites\/wp-content\/uploads\/2024\/09\/cropped-vieassociative_favicon.ico.png","width":512,"height":512,"caption":"Vie Associative"},"image":{"@id":"https:\/\/vieassociative.be\/actualites\/#\/schema\/logo\/image\/"}},{"@type":"Person","@id":"https:\/\/vieassociative.be\/actualites\/#\/schema\/person\/b87ac4f82f9d4e7b7cec7395b679edc4","name":"Julien","image":{"@type":"ImageObject","inLanguage":"fr-BE","@id":"https:\/\/vieassociative.be\/actualites\/#\/schema\/person\/image\/","url":"https:\/\/vieassociative.be\/actualites\/wp-content\/uploads\/2024\/09\/vie-associative-1-150x150.jpg","contentUrl":"https:\/\/vieassociative.be\/actualites\/wp-content\/uploads\/2024\/09\/vie-associative-1-150x150.jpg","caption":"Julien"},"description":"Je suis Julien, r\u00e9dacteur pour Vie Associative. Passionn\u00e9 par le monde associatif depuis plus de 10 ans, j'ai \u00e0 c\u0153ur de partager des histoires inspirantes et de mettre en lumi\u00e8re les initiatives locales. Mon objectif est de sensibiliser et d'encourager l'engagement communautaire \u00e0 travers mes articles.","sameAs":["https:\/\/vieassociative.be\/"]}]}},"_links":{"self":[{"href":"https:\/\/vieassociative.be\/actualites\/wp-json\/wp\/v2\/posts\/8516"}],"collection":[{"href":"https:\/\/vieassociative.be\/actualites\/wp-json\/wp\/v2\/posts"}],"about":[{"href":"https:\/\/vieassociative.be\/actualites\/wp-json\/wp\/v2\/types\/post"}],"author":[{"embeddable":true,"href":"https:\/\/vieassociative.be\/actualites\/wp-json\/wp\/v2\/users\/1"}],"replies":[{"embeddable":true,"href":"https:\/\/vieassociative.be\/actualites\/wp-json\/wp\/v2\/comments?post=8516"}],"version-history":[{"count":0,"href":"https:\/\/vieassociative.be\/actualites\/wp-json\/wp\/v2\/posts\/8516\/revisions"}],"wp:featuredmedia":[{"embeddable":true,"href":"https:\/\/vieassociative.be\/actualites\/wp-json\/wp\/v2\/media\/8517"}],"wp:attachment":[{"href":"https:\/\/vieassociative.be\/actualites\/wp-json\/wp\/v2\/media?parent=8516"}],"wp:term":[{"taxonomy":"category","embeddable":true,"href":"https:\/\/vieassociative.be\/actualites\/wp-json\/wp\/v2\/categories?post=8516"},{"taxonomy":"post_tag","embeddable":true,"href":"https:\/\/vieassociative.be\/actualites\/wp-json\/wp\/v2\/tags?post=8516"}],"curies":[{"name":"wp","href":"https:\/\/api.w.org\/{rel}","templated":true}]}}