{"id":8509,"date":"2025-07-03T10:17:11","date_gmt":"2025-07-03T08:17:11","guid":{"rendered":"https:\/\/vieassociative.be\/actualites\/aujourdhui-le-championnat-feminin-de-football-deurope-commence-en-suisse-des-flammes-rouges-dans-un-groupe-fort-questions-et-reponses\/"},"modified":"2025-07-03T10:17:11","modified_gmt":"2025-07-03T08:17:11","slug":"aujourdhui-le-championnat-feminin-de-football-deurope-commence-en-suisse-des-flammes-rouges-dans-un-groupe-fort-questions-et-reponses","status":"publish","type":"post","link":"https:\/\/vieassociative.be\/actualites\/aujourdhui-le-championnat-feminin-de-football-deurope-commence-en-suisse-des-flammes-rouges-dans-un-groupe-fort-questions-et-reponses\/","title":{"rendered":"Aujourd&rsquo;hui, le championnat f\u00e9minin de football d&rsquo;Europe commence en Suisse: des flammes rouges dans un groupe fort (questions et r\u00e9ponses)"},"content":{"rendered":"<p><strong>Les championnats de football europ\u00e9ens en Suisse commencent avec des h\u00f4tes fid\u00e8les, de nombreuses stars et des bonus record. Tout ce qui est important dans le tournoi en R\u00e9publique alpine.<\/strong><\/p>\n<p><span id=\"more-419071\"><\/span>Le ballon du championnat d&rsquo;Europe en Suisse se d\u00e9roule mercredi. Le match d&rsquo;ouverture officiel du championnat de football europ\u00e9en 2025 jouera aux h\u00f4tes Suisse et en Norv\u00e8ge \u00e0 21 h. Mais le ballon roule quelques heures \u00e0 l&rsquo;avance lorsque les premiers points entre l&rsquo;Islande et la Finlande sont d\u00e9cern\u00e9s \u00e0 18 h. <\/p>\n<p>Jeudi \u00e0 18 h, les footballeurs belges, les flammes rouges, entrent dans le tournoi contre l&rsquo;Italie.<\/p>\n<p>Voici les questions et r\u00e9ponses les plus importantes au championnat d&rsquo;Europe.<\/p>\n<p><strong>&#8211; Dans quel mode est-il jou\u00e9?<\/strong><\/p>\n<p>Le championnat d&rsquo;Europe est tr\u00e8s classique et clair. Les 16 nations participantes forment quatre groupes de quatre \u00e9quipes, les deux meilleurs de chaque groupe se d\u00e9placent dans le trimestre-finale. Les demi-finales et la finale le 27 juillet \u00e0 B\u00e2le suivent, mais pas un match pour la troisi\u00e8me place.<\/p>\n<p><strong>&#8211; Quelles \u00e9quipes sont l\u00e0?<\/strong><\/p>\n<p>16 \u00e9quipes se sont qualifi\u00e9es pour les finales du Championnat d&rsquo;Europe en Suisse. Ils sont r\u00e9partis sur quatre groupes de quatre \u00e9quipes:<\/p>\n<p>Groupe A: Islande, Finlande, Suisse, Norv\u00e8ge<br \/>\nGroupe B: Belgique, Italie, Espagne, Portugal<br \/>\nGroupe C: Danemark, Su\u00e8de, Allemagne, Pologne<br \/>\nGroupe D: Pays de Galles, Pays-Bas, France, Angleterre<\/p>\n<p><strong>&#8211; Dans quelles villes et stades sont jou\u00e9s?<\/strong><\/p>\n<p>Au total, les jeux ont lieu dans huit villes suisses. Voici un aper\u00e7u des lieux et des \u00e9tapes, y compris la capacit\u00e9:<\/p>\n<ul>\n<li>B\u00e2le-st. Jakob-Park (37 500 places)<\/li>\n<li>Berne &#8211; Stadium Wankdorf (32 997 places)<\/li>\n<li>Gen\u00e8ve &#8211; Stade de Gen\u00e8ve (30 084 places)<\/li>\n<li>Zurich &#8211; Stadium Letzigrund (24 186 places)<\/li>\n<li>Lucerne &#8211; Swisssporarena (environ 16 800 places)<\/li>\n<li>Sion &#8211; Stade de Tourbillon (environ 14 200 places)<\/li>\n<li>St. Gallen &#8211; Kybunpark (environ 18 200 places)<\/li>\n<li>Thun &#8211; Stockhorn Arena (environ 10 300 places)<\/li>\n<\/ul>\n<div id=\"attachment_419096\" class=\"wp-caption alignleft\" style=\"max-width: 300px\"><img fetchpriority=\"high\" decoding=\"async\" class=\"wp-image-419096 size-medium\" src=\"https:\/\/vieassociative.be\/actualites\/wp-content\/uploads\/2025\/07\/Aujourdhui-le-championnat-feminin-de-football-dEurope-commence-en-Suisse.jpg\" alt=\"\" width=\"300\" height=\"200\"><\/p>\n<p class=\"wp-caption-text\">30\/06\/2025, Suisse, Zurich: drapeaux des contractions europ\u00e9ennes de football f\u00e9minin sur les rives du lac Zurich. Le tournoi se d\u00e9roule en Suisse et commence le 2 juillet et dure jusqu&rsquo;au 27 juillet. Photo: Sebastian Gollnow \/ DPA<\/p>\n<\/div>\n<p><strong>&#8211; Qui sont les favoris?<\/strong><\/p>\n<p>L&rsquo;Espagne se rend au tournoi EM en Suisse en tant que premier favori. Le champion du monde sortant et le vainqueur actuel de la Ligue nord pour remporter le Championnat d&rsquo;Europe pour la premi\u00e8re fois. Un \u00absupercalculateur\u00bb voit les chances de l&rsquo;Espagne de gagner environ 40% &#8211; aussi haut que dans aucune autre nation.<\/p>\n<p>Le champion en titre en Angleterre est \u00e9galement l&rsquo;un des meilleurs candidats en tant que champion du monde en titre. Cependant, l&rsquo;\u00e9quipe de l&rsquo;entra\u00eeneur-chef n\u00e9erlandais Sarina Wiegman est un petit sac miracle apr\u00e8s diverses d\u00e9missions et blessures. Les aspirants du titre \u00e9tendu comprennent \u00e9galement la France et l&rsquo;Allemagne. Les femmes fran\u00e7aises ont une \u00e9quipe solide et avec l&rsquo;Olympique Lyon \u00e9galement une \u00e9quipe europ\u00e9enne de haut niveau. L&rsquo;Allemagne est un candidat au titre, notamment en raison de l&rsquo;exp\u00e9rience des grands tournois et du premier \u00e9quilibre aux championnats d&rsquo;Europe.<\/p>\n<p>Les opportunit\u00e9s d&rsquo;\u00e9toils sont \u00e9galement accord\u00e9es en Su\u00e8de et aux Pays-Bas. Le Danemark et la Suisse avec l&rsquo;avantage \u00e0 domicile dans le dos sont \u00e9galement mentionn\u00e9s.<\/p>\n<p>Qui est champion en titre?<br \/>\nL&rsquo;Angleterre commence le tournoi en tant que champion en titre. En 2022, les \u00ab\u00a0Three Lions\u00a0\u00bb en finale du London Wembley Stadium ont battu l&rsquo;ELF allemand 2-1 apr\u00e8s un temps suppl\u00e9mentaire.<\/p>\n<p><strong>&#8211; Que peut-on attendre de l&rsquo;\u00e9quipe belge?<\/strong><\/p>\n<p>Les Flames rouges rencontrent l&rsquo;Italie (3 juillet), l&rsquo;Espagne (7 juillet) et le Portugal (11 juillet) dans un groupe tr\u00e8s fort. L&rsquo;\u00e9quipe d&rsquo;Elisabet Gunnarsdottir, le successeur de l&rsquo;entra\u00eeneur national \u00e0 long terme, Yves Serneels, souhaite devenir deuxi\u00e8me d&rsquo;un groupe et se qualifier pour les quarts de finale &#8211; ainsi que 2022 au Championnat d&rsquo;Europe en Angleterre.<\/p>\n<div id=\"attachment_333152\" class=\"wp-caption alignleft\" style=\"max-width: 300px\"><img decoding=\"async\" class=\"wp-image-333152 size-medium\" src=\"https:\/\/vieassociative.be\/actualites\/wp-content\/uploads\/2025\/07\/Aujourdhui-le-championnat-feminin-de-football-dEurope-commence-en-Suisse.jpeg\" alt=\"\" width=\"300\" height=\"200\"  ><\/p>\n<p class=\"wp-caption-text\">Le joueur cl\u00e9 de la Belgique, Tessa Wullaert. Photo: David Catry \/ Belga \/ DPA<\/p>\n<\/div>\n<p><strong>-Comment est l&rsquo;\u00e9quipe d&rsquo;accueil dessus?<\/strong><\/p>\n<p>\u00ab\u00a0Je pense que c&rsquo;est le meilleur Nati dans lequel j&rsquo;ai jou\u00e9 jusqu&rsquo;\u00e0 pr\u00e9sent\u00a0\u00bb, a d\u00e9clar\u00e9 le r\u00e9alisateur de classe mondiale, Ramona Bachmann, au d\u00e9but d&rsquo;avril. Cependant, l&rsquo;ancien natif de Wolfsburg manquera le championnat d&rsquo;Europe \u00e0 domicile en raison d&rsquo;un ligament crois\u00e9 qui se d\u00e9chira ainsi que le chef d\u00e9fensif de la d\u00e9fense Luana B\u00fchler (Kniebschr\u00e4n) \u00e0 court terme.<\/p>\n<p>Dans tous les cas, l&rsquo;ambiance avant le match d&rsquo;ouverture du mercredi (21 h 00\/ard) \u00e0 B\u00e2le pourrait \u00eatre meilleure contre la Norv\u00e8ge. Les apparences ont \u00e9t\u00e9 envahies par la v\u00e9g\u00e9tation, y compris le tr\u00e8s d\u00e9battu 1: 7 contre les juniors U15 de FC Lucerne. Les arsenals Lia W\u00e4lti devraient \u00eatre dirig\u00e9s sur la place pour l&rsquo;\u00e9quipe de l&rsquo;entra\u00eeneur exp\u00e9riment\u00e9 Pia Sundhage (65). De plus, la star d&rsquo;Internet, Alisha Lehmann, en particulier, fait sensation. L&rsquo;accent est \u00e9galement mis sur le super talent Sydney Terren Body du FC Barcelone.<\/p>\n<p><strong>&#8211; Qui est nouveau?<\/strong><\/p>\n<p>Pour le Pays de Galles et la Pologne, leur participation en Suisse c\u00e9l\u00e8bre leur participation en Suisse et dans leurs groupes ne sont tr\u00e8s \u00e9tonnamment que des \u00e9trangers. Dans le groupe C, les polisseurs rencontrent l&rsquo;Allemagne, entre autres. Le Pays de Galles joue contre l&rsquo;Angleterre, la France et les Pays-Bas dans le meilleur groupe D.<\/p>\n<p><strong>&#8211; Quelles stars internationales sont particuli\u00e8rement au point?<\/strong><\/p>\n<p>Une grande partie de la classe individuelle se d\u00e9marque dans l&rsquo;\u00e9quipe anglaise. Des espoirs sp\u00e9ciaux reposent sur l&rsquo;artiste offensive Lauren James du Chelsea FC, qui vient de se mettre en forme apr\u00e8s trois mois de blessures. \u00ab\u00a0Pour moi, elle est une petite magicienne au milieu de terrain\u00a0\u00bb, a \u00ab\u00a0enthousiasm\u00e9 l&rsquo;ancien gardien de but national Karen Bardsley sur BBC Radio 5.\u00a0\u00bb Ses mouvements naturels, son impr\u00e9visibilit\u00e9 et sa technique de tir: elle a l&rsquo;air de faire son propre truc au milieu de terrain. \u00ab\u00a0<\/p>\n<\/p>\n<div id=\"attachment_419083\" class=\"wp-caption alignleft\" style=\"max-width: 300px\"><img decoding=\"async\" class=\"wp-image-419083 size-medium\" src=\"https:\/\/vieassociative.be\/actualites\/wp-content\/uploads\/2025\/07\/1751530631_664_Aujourdhui-le-championnat-feminin-de-football-dEurope-commence-en-Suisse.jpg\" alt=\"\" width=\"300\" height=\"200\"><\/p>\n<p class=\"wp-caption-text\">23\/06\/2025, Bavi\u00e8re, Herzogenaurach: The Kathrin Hendrich (L) de Kettenis lors de la formation de l&rsquo;\u00e9quipe nationale allemande de football f\u00e9minine. Photo: Daniel L\u00f6b \/ DPA<\/p>\n<\/div>\n<p>L&rsquo;Espagne repr\u00e9sente les footballeurs mondiaux \u00e0 deux temps Alexia Putellas et Aitana Bonmati, ce dernier est toujours un point d&rsquo;interrogation dans ce dernier apr\u00e8s la m\u00e9ningite virale et l&rsquo;hospitalisation.<\/p>\n<p>Les principales joueurs de ses \u00e9quipes incluent Wendie Renard (France), Kosovare Asllani (Su\u00e8de), Pernille Harder (Norv\u00e8ge) de la Bavi\u00e8re, Manuela Giugliano (Italie), Tessa Wullaert (Belgium), Tatiana Pinto (Portugal), Emma Koivisto (Finland) et Bayern Captain Glodis Glodis Glodisd.<\/p>\n<p><strong>&#8211; Combien y a-t-il \u00e0 gagner?<\/strong><\/p>\n<p>Plus que jamais. Dans l&rsquo;ensemble, l&rsquo;Union europ\u00e9enne de la football UEFA publie 41 millions d&rsquo;euros de primes, soit consid\u00e9rablement plus de 2022 (16 millions). Les associations re\u00e7oivent chacune 1,8 million d&rsquo;euros comme frais d&rsquo;inscription. Si une \u00e9quipe a remport\u00e9 tous les matchs de groupe et la phase \u00e0 \u00e9limination directe avec la finale, les gagnants gagneront un prix de 5,1 millions d&rsquo;euros.<\/p>\n<p><strong>&#8211; Qui d\u00e9tient quel record?<\/strong><\/p>\n<p>Le champion d&rsquo;Europe record est l&rsquo;Allemagne \u00e0 une tr\u00e8s grande distance. La s\u00e9lection du DFB a d\u00e9j\u00e0 remport\u00e9 un tournoi EM huit fois: 1989, 1991, 1995, 1997, 2001, 2005, 2009 et 2013. La Norv\u00e8ge suit en deuxi\u00e8me place avec deux titres (1987 et 1993). Une fois que chaque Su\u00e8de a triomph\u00e9 (1984), les Pays-Bas (2017) et l&rsquo;Angleterre (2022).<\/p>\n<div id=\"attachment_419085\" class=\"wp-caption alignleft\" style=\"max-width: 300px\"><img loading=\"lazy\" decoding=\"async\" class=\"wp-image-419085 size-medium\" src=\"https:\/\/vieassociative.be\/actualites\/wp-content\/uploads\/2025\/07\/1751530631_720_Aujourdhui-le-championnat-feminin-de-football-dEurope-commence-en-Suisse.jpg\" alt=\"\" width=\"300\" height=\"200\"><\/p>\n<p class=\"wp-caption-text\">30\/06\/2025, Suisse, Zurich: Un enfant tient un jouet c\u00e2lin de Maddli, la mascotte du championnat europ\u00e9en de football f\u00e9minin, sur les rives du lac Zurich devant une grande statue de la mascotte. Photo: Sebastian Christoph Gollnow \/ DPA<\/p>\n<\/div>\n<p><strong>&#8211; Et quel est le nom de la mascotte et du bal de jeu?<\/strong><\/p>\n<p>Maddli devrait \u00e9galement \u00eatre tr\u00e8s pr\u00e9sent \u00e0 tous les jeux, la mascotte avec la vision fid\u00e8le des grands yeux. Il est cens\u00e9 repr\u00e9senter un chiot Bernard brillant, le nom est bas\u00e9 sur Madeleine Boll, le premier joueur de licence en Suisse. Lorsque le joueur de pr\u00e8s de 72 ans a toujours donn\u00e9 un coup de pied au ballon, il n&rsquo;avait pas l&rsquo;air aussi futuriste que le Ball Office du championnat d&rsquo;Europe Konectis des fabricants d&rsquo;articles de sport Adidas.<\/p>\n<p>La chose particuli\u00e8re \u00e0 propos de la conactis: pour la premi\u00e8re fois dans un championnat d&rsquo;Europe f\u00e9minin, le ballon de jeu est \u00e9quip\u00e9 de la soi-disant \u00ab\u00a0technologie de balle connect\u00e9e\u00a0\u00bb. Cela permet \u00ab\u00a0des performances d&rsquo;arbitres plus rapides et plus pr\u00e9cises et facilite les processus d\u00e9cisionnels de l&rsquo;assistant de l&rsquo;arbitre vid\u00e9o (VAR)\u00a0\u00bb, a d\u00e9clar\u00e9 l&rsquo;UEFA.<\/p>\n<p><strong>-Oit pouvez-vous suivre le football europ\u00e9en FEEN \u00e0 la t\u00e9l\u00e9vision?<\/strong><\/p>\n<p>En Belgique, le RTBF montre le championnat d&rsquo;Europe sur \u00ab\u00a0La UNE\u00a0\u00bb, Tipik ou Auvio, ARD et ZDF diffus\u00e9s en Allemagne. (DPA \/ CRE)<\/p><\/p>\n","protected":false},"excerpt":{"rendered":"<p>Les championnats de football europ\u00e9ens en Suisse commencent avec des h\u00f4tes fid\u00e8les, de nombreuses stars et des bonus record. Tout ce qui est important dans<\/p>\n","protected":false},"author":1,"featured_media":8510,"comment_status":"","ping_status":"","sticky":false,"template":"","format":"standard","meta":{"footnotes":""},"categories":[298],"tags":[2330,4054,1051,166,29,3976,4055,7329,1104,5225,1827,481,1882,2366,7603],"class_list":["post-8509","post","type-post","status-publish","format-standard","has-post-thumbnail","hentry","category-belgique","tag-aujourdhui","tag-championnat","tag-commence","tag-dans","tag-des","tag-deurope","tag-feminin","tag-flammes","tag-football","tag-fort","tag-groupe","tag-questions","tag-reponses","tag-rouges","tag-suisse","generate-columns","tablet-grid-50","mobile-grid-100","grid-parent","grid-33"],"yoast_head":"<!-- This site is optimized with the Yoast SEO plugin v24.0 - https:\/\/yoast.com\/wordpress\/plugins\/seo\/ -->\n<title>Aujourd&#039;hui, le championnat f\u00e9minin de football d&#039;Europe commence en Suisse: des flammes rouges dans un groupe fort (questions et r\u00e9ponses) | Vie Associative<\/title>\n<meta name=\"robots\" content=\"index, follow, max-snippet:-1, max-image-preview:large, max-video-preview:-1\" \/>\n<link rel=\"canonical\" href=\"https:\/\/vieassociative.be\/actualites\/aujourdhui-le-championnat-feminin-de-football-deurope-commence-en-suisse-des-flammes-rouges-dans-un-groupe-fort-questions-et-reponses\/\" \/>\n<meta property=\"og:locale\" content=\"fr_FR\" \/>\n<meta property=\"og:type\" content=\"article\" \/>\n<meta property=\"og:title\" content=\"Aujourd&#039;hui, le championnat f\u00e9minin de football d&#039;Europe commence en Suisse: des flammes rouges dans un groupe fort (questions et r\u00e9ponses) | Vie Associative\" \/>\n<meta property=\"og:description\" content=\"Les championnats de football europ\u00e9ens en Suisse commencent avec des h\u00f4tes fid\u00e8les, de nombreuses stars et des bonus record. Tout ce qui est important dans\" \/>\n<meta property=\"og:url\" content=\"https:\/\/vieassociative.be\/actualites\/aujourdhui-le-championnat-feminin-de-football-deurope-commence-en-suisse-des-flammes-rouges-dans-un-groupe-fort-questions-et-reponses\/\" \/>\n<meta property=\"og:site_name\" content=\"Vie Associative\" \/>\n<meta property=\"article:published_time\" content=\"2025-07-03T08:17:11+00:00\" \/>\n<meta property=\"og:image\" content=\"https:\/\/vieassociative.be\/actualites\/wp-content\/uploads\/2024\/09\/header_backgroundk-01-e1726694325946.png\" \/>\n\t<meta property=\"og:image:width\" content=\"279\" \/>\n\t<meta property=\"og:image:height\" content=\"92\" \/>\n\t<meta property=\"og:image:type\" content=\"image\/png\" \/>\n<meta name=\"author\" content=\"Julien\" \/>\n<meta name=\"twitter:card\" content=\"summary_large_image\" \/>\n<meta name=\"twitter:label1\" content=\"\u00c9crit par\" \/>\n\t<meta name=\"twitter:data1\" content=\"Julien\" \/>\n\t<meta name=\"twitter:label2\" content=\"Dur\u00e9e de lecture est.\" \/>\n\t<meta name=\"twitter:data2\" content=\"7 minutes\" \/>\n<script type=\"application\/ld+json\" class=\"yoast-schema-graph\">{\"@context\":\"https:\/\/schema.org\",\"@graph\":[{\"@type\":\"Article\",\"@id\":\"https:\/\/vieassociative.be\/actualites\/aujourdhui-le-championnat-feminin-de-football-deurope-commence-en-suisse-des-flammes-rouges-dans-un-groupe-fort-questions-et-reponses\/#article\",\"isPartOf\":{\"@id\":\"https:\/\/vieassociative.be\/actualites\/aujourdhui-le-championnat-feminin-de-football-deurope-commence-en-suisse-des-flammes-rouges-dans-un-groupe-fort-questions-et-reponses\/\"},\"author\":{\"name\":\"Julien\",\"@id\":\"https:\/\/vieassociative.be\/actualites\/#\/schema\/person\/b87ac4f82f9d4e7b7cec7395b679edc4\"},\"headline\":\"Aujourd&rsquo;hui, le championnat f\u00e9minin de football d&rsquo;Europe commence en Suisse: des flammes rouges dans un groupe fort (questions et r\u00e9ponses)\",\"datePublished\":\"2025-07-03T08:17:11+00:00\",\"dateModified\":\"2025-07-03T08:17:11+00:00\",\"mainEntityOfPage\":{\"@id\":\"https:\/\/vieassociative.be\/actualites\/aujourdhui-le-championnat-feminin-de-football-deurope-commence-en-suisse-des-flammes-rouges-dans-un-groupe-fort-questions-et-reponses\/\"},\"wordCount\":1492,\"publisher\":{\"@id\":\"https:\/\/vieassociative.be\/actualites\/#organization\"},\"image\":{\"@id\":\"https:\/\/vieassociative.be\/actualites\/aujourdhui-le-championnat-feminin-de-football-deurope-commence-en-suisse-des-flammes-rouges-dans-un-groupe-fort-questions-et-reponses\/#primaryimage\"},\"thumbnailUrl\":\"https:\/\/vieassociative.be\/actualites\/wp-content\/uploads\/2025\/07\/1751530632_Aujourdhui-le-championnat-feminin-de-football-dEurope-commence-en-Suisse.jpg\",\"keywords\":[\"aujourdhui\",\"Championnat\",\"commenc\u00e9\",\"dans\",\"Des\",\"dEurope\",\"f\u00e9minin\",\"flammes\",\"football\",\"fort\",\"groupe\",\"questions\",\"r\u00e9ponses\",\"rouges\",\"Suisse\"],\"articleSection\":[\"Belgique\"],\"inLanguage\":\"fr-BE\"},{\"@type\":\"WebPage\",\"@id\":\"https:\/\/vieassociative.be\/actualites\/aujourdhui-le-championnat-feminin-de-football-deurope-commence-en-suisse-des-flammes-rouges-dans-un-groupe-fort-questions-et-reponses\/\",\"url\":\"https:\/\/vieassociative.be\/actualites\/aujourdhui-le-championnat-feminin-de-football-deurope-commence-en-suisse-des-flammes-rouges-dans-un-groupe-fort-questions-et-reponses\/\",\"name\":\"Aujourd'hui, le championnat f\u00e9minin de football d'Europe commence en Suisse: des flammes rouges dans un groupe fort (questions et r\u00e9ponses) | Vie Associative\",\"isPartOf\":{\"@id\":\"https:\/\/vieassociative.be\/actualites\/#website\"},\"primaryImageOfPage\":{\"@id\":\"https:\/\/vieassociative.be\/actualites\/aujourdhui-le-championnat-feminin-de-football-deurope-commence-en-suisse-des-flammes-rouges-dans-un-groupe-fort-questions-et-reponses\/#primaryimage\"},\"image\":{\"@id\":\"https:\/\/vieassociative.be\/actualites\/aujourdhui-le-championnat-feminin-de-football-deurope-commence-en-suisse-des-flammes-rouges-dans-un-groupe-fort-questions-et-reponses\/#primaryimage\"},\"thumbnailUrl\":\"https:\/\/vieassociative.be\/actualites\/wp-content\/uploads\/2025\/07\/1751530632_Aujourdhui-le-championnat-feminin-de-football-dEurope-commence-en-Suisse.jpg\",\"datePublished\":\"2025-07-03T08:17:11+00:00\",\"dateModified\":\"2025-07-03T08:17:11+00:00\",\"breadcrumb\":{\"@id\":\"https:\/\/vieassociative.be\/actualites\/aujourdhui-le-championnat-feminin-de-football-deurope-commence-en-suisse-des-flammes-rouges-dans-un-groupe-fort-questions-et-reponses\/#breadcrumb\"},\"inLanguage\":\"fr-BE\",\"potentialAction\":[{\"@type\":\"ReadAction\",\"target\":[\"https:\/\/vieassociative.be\/actualites\/aujourdhui-le-championnat-feminin-de-football-deurope-commence-en-suisse-des-flammes-rouges-dans-un-groupe-fort-questions-et-reponses\/\"]}]},{\"@type\":\"ImageObject\",\"inLanguage\":\"fr-BE\",\"@id\":\"https:\/\/vieassociative.be\/actualites\/aujourdhui-le-championnat-feminin-de-football-deurope-commence-en-suisse-des-flammes-rouges-dans-un-groupe-fort-questions-et-reponses\/#primaryimage\",\"url\":\"https:\/\/vieassociative.be\/actualites\/wp-content\/uploads\/2025\/07\/1751530632_Aujourdhui-le-championnat-feminin-de-football-dEurope-commence-en-Suisse.jpg\",\"contentUrl\":\"https:\/\/vieassociative.be\/actualites\/wp-content\/uploads\/2025\/07\/1751530632_Aujourdhui-le-championnat-feminin-de-football-dEurope-commence-en-Suisse.jpg\",\"width\":1200,\"height\":800,\"caption\":\"Aujourd'hui, le championnat f\u00e9minin de football d'Europe commence en Suisse: des flammes rouges dans un groupe fort (questions et r\u00e9ponses)\"},{\"@type\":\"BreadcrumbList\",\"@id\":\"https:\/\/vieassociative.be\/actualites\/aujourdhui-le-championnat-feminin-de-football-deurope-commence-en-suisse-des-flammes-rouges-dans-un-groupe-fort-questions-et-reponses\/#breadcrumb\",\"itemListElement\":[{\"@type\":\"ListItem\",\"position\":1,\"name\":\"Accueil\",\"item\":\"https:\/\/vieassociative.be\/actualites\/\"},{\"@type\":\"ListItem\",\"position\":2,\"name\":\"Aujourd&rsquo;hui, le championnat f\u00e9minin de football d&rsquo;Europe commence en Suisse: des flammes rouges dans un groupe fort (questions et r\u00e9ponses)\"}]},{\"@type\":\"WebSite\",\"@id\":\"https:\/\/vieassociative.be\/actualites\/#website\",\"url\":\"https:\/\/vieassociative.be\/actualites\/\",\"name\":\"Vie Associative\",\"description\":\"\",\"publisher\":{\"@id\":\"https:\/\/vieassociative.be\/actualites\/#organization\"},\"potentialAction\":[{\"@type\":\"SearchAction\",\"target\":{\"@type\":\"EntryPoint\",\"urlTemplate\":\"https:\/\/vieassociative.be\/actualites\/?s={search_term_string}\"},\"query-input\":{\"@type\":\"PropertyValueSpecification\",\"valueRequired\":true,\"valueName\":\"search_term_string\"}}],\"inLanguage\":\"fr-BE\"},{\"@type\":\"Organization\",\"@id\":\"https:\/\/vieassociative.be\/actualites\/#organization\",\"name\":\"Vie Associative\",\"url\":\"https:\/\/vieassociative.be\/actualites\/\",\"logo\":{\"@type\":\"ImageObject\",\"inLanguage\":\"fr-BE\",\"@id\":\"https:\/\/vieassociative.be\/actualites\/#\/schema\/logo\/image\/\",\"url\":\"https:\/\/vieassociative.be\/actualites\/wp-content\/uploads\/2024\/09\/cropped-vieassociative_favicon.ico.png\",\"contentUrl\":\"https:\/\/vieassociative.be\/actualites\/wp-content\/uploads\/2024\/09\/cropped-vieassociative_favicon.ico.png\",\"width\":512,\"height\":512,\"caption\":\"Vie Associative\"},\"image\":{\"@id\":\"https:\/\/vieassociative.be\/actualites\/#\/schema\/logo\/image\/\"}},{\"@type\":\"Person\",\"@id\":\"https:\/\/vieassociative.be\/actualites\/#\/schema\/person\/b87ac4f82f9d4e7b7cec7395b679edc4\",\"name\":\"Julien\",\"image\":{\"@type\":\"ImageObject\",\"inLanguage\":\"fr-BE\",\"@id\":\"https:\/\/vieassociative.be\/actualites\/#\/schema\/person\/image\/\",\"url\":\"https:\/\/vieassociative.be\/actualites\/wp-content\/uploads\/2024\/09\/vie-associative-1-150x150.jpg\",\"contentUrl\":\"https:\/\/vieassociative.be\/actualites\/wp-content\/uploads\/2024\/09\/vie-associative-1-150x150.jpg\",\"caption\":\"Julien\"},\"description\":\"Je suis Julien, r\u00e9dacteur pour Vie Associative. Passionn\u00e9 par le monde associatif depuis plus de 10 ans, j'ai \u00e0 c\u0153ur de partager des histoires inspirantes et de mettre en lumi\u00e8re les initiatives locales. Mon objectif est de sensibiliser et d'encourager l'engagement communautaire \u00e0 travers mes articles.\",\"sameAs\":[\"https:\/\/vieassociative.be\/\"]}]}<\/script>\n<!-- \/ Yoast SEO plugin. -->","yoast_head_json":{"title":"Aujourd'hui, le championnat f\u00e9minin de football d'Europe commence en Suisse: des flammes rouges dans un groupe fort (questions et r\u00e9ponses) | Vie Associative","robots":{"index":"index","follow":"follow","max-snippet":"max-snippet:-1","max-image-preview":"max-image-preview:large","max-video-preview":"max-video-preview:-1"},"canonical":"https:\/\/vieassociative.be\/actualites\/aujourdhui-le-championnat-feminin-de-football-deurope-commence-en-suisse-des-flammes-rouges-dans-un-groupe-fort-questions-et-reponses\/","og_locale":"fr_FR","og_type":"article","og_title":"Aujourd'hui, le championnat f\u00e9minin de football d'Europe commence en Suisse: des flammes rouges dans un groupe fort (questions et r\u00e9ponses) | Vie Associative","og_description":"Les championnats de football europ\u00e9ens en Suisse commencent avec des h\u00f4tes fid\u00e8les, de nombreuses stars et des bonus record. Tout ce qui est important dans","og_url":"https:\/\/vieassociative.be\/actualites\/aujourdhui-le-championnat-feminin-de-football-deurope-commence-en-suisse-des-flammes-rouges-dans-un-groupe-fort-questions-et-reponses\/","og_site_name":"Vie Associative","article_published_time":"2025-07-03T08:17:11+00:00","og_image":[{"width":279,"height":92,"url":"https:\/\/vieassociative.be\/actualites\/wp-content\/uploads\/2024\/09\/header_backgroundk-01-e1726694325946.png","type":"image\/png"}],"author":"Julien","twitter_card":"summary_large_image","twitter_misc":{"\u00c9crit par":"Julien","Dur\u00e9e de lecture est.":"7 minutes"},"schema":{"@context":"https:\/\/schema.org","@graph":[{"@type":"Article","@id":"https:\/\/vieassociative.be\/actualites\/aujourdhui-le-championnat-feminin-de-football-deurope-commence-en-suisse-des-flammes-rouges-dans-un-groupe-fort-questions-et-reponses\/#article","isPartOf":{"@id":"https:\/\/vieassociative.be\/actualites\/aujourdhui-le-championnat-feminin-de-football-deurope-commence-en-suisse-des-flammes-rouges-dans-un-groupe-fort-questions-et-reponses\/"},"author":{"name":"Julien","@id":"https:\/\/vieassociative.be\/actualites\/#\/schema\/person\/b87ac4f82f9d4e7b7cec7395b679edc4"},"headline":"Aujourd&rsquo;hui, le championnat f\u00e9minin de football d&rsquo;Europe commence en Suisse: des flammes rouges dans un groupe fort (questions et r\u00e9ponses)","datePublished":"2025-07-03T08:17:11+00:00","dateModified":"2025-07-03T08:17:11+00:00","mainEntityOfPage":{"@id":"https:\/\/vieassociative.be\/actualites\/aujourdhui-le-championnat-feminin-de-football-deurope-commence-en-suisse-des-flammes-rouges-dans-un-groupe-fort-questions-et-reponses\/"},"wordCount":1492,"publisher":{"@id":"https:\/\/vieassociative.be\/actualites\/#organization"},"image":{"@id":"https:\/\/vieassociative.be\/actualites\/aujourdhui-le-championnat-feminin-de-football-deurope-commence-en-suisse-des-flammes-rouges-dans-un-groupe-fort-questions-et-reponses\/#primaryimage"},"thumbnailUrl":"https:\/\/vieassociative.be\/actualites\/wp-content\/uploads\/2025\/07\/1751530632_Aujourdhui-le-championnat-feminin-de-football-dEurope-commence-en-Suisse.jpg","keywords":["aujourdhui","Championnat","commenc\u00e9","dans","Des","dEurope","f\u00e9minin","flammes","football","fort","groupe","questions","r\u00e9ponses","rouges","Suisse"],"articleSection":["Belgique"],"inLanguage":"fr-BE"},{"@type":"WebPage","@id":"https:\/\/vieassociative.be\/actualites\/aujourdhui-le-championnat-feminin-de-football-deurope-commence-en-suisse-des-flammes-rouges-dans-un-groupe-fort-questions-et-reponses\/","url":"https:\/\/vieassociative.be\/actualites\/aujourdhui-le-championnat-feminin-de-football-deurope-commence-en-suisse-des-flammes-rouges-dans-un-groupe-fort-questions-et-reponses\/","name":"Aujourd'hui, le championnat f\u00e9minin de football d'Europe commence en Suisse: des flammes rouges dans un groupe fort (questions et r\u00e9ponses) | Vie Associative","isPartOf":{"@id":"https:\/\/vieassociative.be\/actualites\/#website"},"primaryImageOfPage":{"@id":"https:\/\/vieassociative.be\/actualites\/aujourdhui-le-championnat-feminin-de-football-deurope-commence-en-suisse-des-flammes-rouges-dans-un-groupe-fort-questions-et-reponses\/#primaryimage"},"image":{"@id":"https:\/\/vieassociative.be\/actualites\/aujourdhui-le-championnat-feminin-de-football-deurope-commence-en-suisse-des-flammes-rouges-dans-un-groupe-fort-questions-et-reponses\/#primaryimage"},"thumbnailUrl":"https:\/\/vieassociative.be\/actualites\/wp-content\/uploads\/2025\/07\/1751530632_Aujourdhui-le-championnat-feminin-de-football-dEurope-commence-en-Suisse.jpg","datePublished":"2025-07-03T08:17:11+00:00","dateModified":"2025-07-03T08:17:11+00:00","breadcrumb":{"@id":"https:\/\/vieassociative.be\/actualites\/aujourdhui-le-championnat-feminin-de-football-deurope-commence-en-suisse-des-flammes-rouges-dans-un-groupe-fort-questions-et-reponses\/#breadcrumb"},"inLanguage":"fr-BE","potentialAction":[{"@type":"ReadAction","target":["https:\/\/vieassociative.be\/actualites\/aujourdhui-le-championnat-feminin-de-football-deurope-commence-en-suisse-des-flammes-rouges-dans-un-groupe-fort-questions-et-reponses\/"]}]},{"@type":"ImageObject","inLanguage":"fr-BE","@id":"https:\/\/vieassociative.be\/actualites\/aujourdhui-le-championnat-feminin-de-football-deurope-commence-en-suisse-des-flammes-rouges-dans-un-groupe-fort-questions-et-reponses\/#primaryimage","url":"https:\/\/vieassociative.be\/actualites\/wp-content\/uploads\/2025\/07\/1751530632_Aujourdhui-le-championnat-feminin-de-football-dEurope-commence-en-Suisse.jpg","contentUrl":"https:\/\/vieassociative.be\/actualites\/wp-content\/uploads\/2025\/07\/1751530632_Aujourdhui-le-championnat-feminin-de-football-dEurope-commence-en-Suisse.jpg","width":1200,"height":800,"caption":"Aujourd'hui, le championnat f\u00e9minin de football d'Europe commence en Suisse: des flammes rouges dans un groupe fort (questions et r\u00e9ponses)"},{"@type":"BreadcrumbList","@id":"https:\/\/vieassociative.be\/actualites\/aujourdhui-le-championnat-feminin-de-football-deurope-commence-en-suisse-des-flammes-rouges-dans-un-groupe-fort-questions-et-reponses\/#breadcrumb","itemListElement":[{"@type":"ListItem","position":1,"name":"Accueil","item":"https:\/\/vieassociative.be\/actualites\/"},{"@type":"ListItem","position":2,"name":"Aujourd&rsquo;hui, le championnat f\u00e9minin de football d&rsquo;Europe commence en Suisse: des flammes rouges dans un groupe fort (questions et r\u00e9ponses)"}]},{"@type":"WebSite","@id":"https:\/\/vieassociative.be\/actualites\/#website","url":"https:\/\/vieassociative.be\/actualites\/","name":"Vie Associative","description":"","publisher":{"@id":"https:\/\/vieassociative.be\/actualites\/#organization"},"potentialAction":[{"@type":"SearchAction","target":{"@type":"EntryPoint","urlTemplate":"https:\/\/vieassociative.be\/actualites\/?s={search_term_string}"},"query-input":{"@type":"PropertyValueSpecification","valueRequired":true,"valueName":"search_term_string"}}],"inLanguage":"fr-BE"},{"@type":"Organization","@id":"https:\/\/vieassociative.be\/actualites\/#organization","name":"Vie Associative","url":"https:\/\/vieassociative.be\/actualites\/","logo":{"@type":"ImageObject","inLanguage":"fr-BE","@id":"https:\/\/vieassociative.be\/actualites\/#\/schema\/logo\/image\/","url":"https:\/\/vieassociative.be\/actualites\/wp-content\/uploads\/2024\/09\/cropped-vieassociative_favicon.ico.png","contentUrl":"https:\/\/vieassociative.be\/actualites\/wp-content\/uploads\/2024\/09\/cropped-vieassociative_favicon.ico.png","width":512,"height":512,"caption":"Vie Associative"},"image":{"@id":"https:\/\/vieassociative.be\/actualites\/#\/schema\/logo\/image\/"}},{"@type":"Person","@id":"https:\/\/vieassociative.be\/actualites\/#\/schema\/person\/b87ac4f82f9d4e7b7cec7395b679edc4","name":"Julien","image":{"@type":"ImageObject","inLanguage":"fr-BE","@id":"https:\/\/vieassociative.be\/actualites\/#\/schema\/person\/image\/","url":"https:\/\/vieassociative.be\/actualites\/wp-content\/uploads\/2024\/09\/vie-associative-1-150x150.jpg","contentUrl":"https:\/\/vieassociative.be\/actualites\/wp-content\/uploads\/2024\/09\/vie-associative-1-150x150.jpg","caption":"Julien"},"description":"Je suis Julien, r\u00e9dacteur pour Vie Associative. Passionn\u00e9 par le monde associatif depuis plus de 10 ans, j'ai \u00e0 c\u0153ur de partager des histoires inspirantes et de mettre en lumi\u00e8re les initiatives locales. Mon objectif est de sensibiliser et d'encourager l'engagement communautaire \u00e0 travers mes articles.","sameAs":["https:\/\/vieassociative.be\/"]}]}},"_links":{"self":[{"href":"https:\/\/vieassociative.be\/actualites\/wp-json\/wp\/v2\/posts\/8509"}],"collection":[{"href":"https:\/\/vieassociative.be\/actualites\/wp-json\/wp\/v2\/posts"}],"about":[{"href":"https:\/\/vieassociative.be\/actualites\/wp-json\/wp\/v2\/types\/post"}],"author":[{"embeddable":true,"href":"https:\/\/vieassociative.be\/actualites\/wp-json\/wp\/v2\/users\/1"}],"replies":[{"embeddable":true,"href":"https:\/\/vieassociative.be\/actualites\/wp-json\/wp\/v2\/comments?post=8509"}],"version-history":[{"count":0,"href":"https:\/\/vieassociative.be\/actualites\/wp-json\/wp\/v2\/posts\/8509\/revisions"}],"wp:featuredmedia":[{"embeddable":true,"href":"https:\/\/vieassociative.be\/actualites\/wp-json\/wp\/v2\/media\/8510"}],"wp:attachment":[{"href":"https:\/\/vieassociative.be\/actualites\/wp-json\/wp\/v2\/media?parent=8509"}],"wp:term":[{"taxonomy":"category","embeddable":true,"href":"https:\/\/vieassociative.be\/actualites\/wp-json\/wp\/v2\/categories?post=8509"},{"taxonomy":"post_tag","embeddable":true,"href":"https:\/\/vieassociative.be\/actualites\/wp-json\/wp\/v2\/tags?post=8509"}],"curies":[{"name":"wp","href":"https:\/\/api.w.org\/{rel}","templated":true}]}}