{"id":8505,"date":"2025-07-03T04:17:33","date_gmt":"2025-07-03T02:17:33","guid":{"rendered":"https:\/\/vieassociative.be\/actualites\/apres-une-longue-pause-pope-passe-ses-vacances-a-castel-gandolfo-dans-le-sud-de-rome\/"},"modified":"2025-07-03T04:17:33","modified_gmt":"2025-07-03T02:17:33","slug":"apres-une-longue-pause-pope-passe-ses-vacances-a-castel-gandolfo-dans-le-sud-de-rome","status":"publish","type":"post","link":"https:\/\/vieassociative.be\/actualites\/apres-une-longue-pause-pope-passe-ses-vacances-a-castel-gandolfo-dans-le-sud-de-rome\/","title":{"rendered":"Apr\u00e8s une longue pause, Pope passe ses vacances \u00e0 Castel Gandolfo dans le sud de Rome"},"content":{"rendered":"<p><strong>Le pape Leo XIV est li\u00e9 \u00e0 une tradition de ses pr\u00e9d\u00e9cesseurs apr\u00e8s pr\u00e8s d&rsquo;une d\u00e9cennie et demi: en tant que nouveau chef de l&rsquo;\u00e9glise catholique, l&rsquo;Am\u00e9ricain de 69 ans passera deux semaines \u00e0 Castel Gandolfo, la r\u00e9sidence d&rsquo;\u00e9t\u00e9 traditionnelle des papes pr\u00e8s de Rome.<\/strong><\/p>\n<p><span id=\"more-419106\"><\/span>Le Vatican a annonc\u00e9 cela. Le Ponfex Francis, d\u00e9c\u00e9d\u00e9 de P\u00e2ques, avait \u00e9vit\u00e9 cela et \u00e9tait \u00e9galement rest\u00e9 au Vatican pendant l&rsquo;\u00e9t\u00e9.<\/p>\n<p>Le premier pape des \u00c9tats-Unis est autrefois une autre fois par rapport \u00e0 son pr\u00e9d\u00e9cesseur imm\u00e9diat, qui avait maintenu un style beaucoup plus modeste que les chefs ant\u00e9rieurs de l&rsquo;\u00c9glise. Leo &#8211; avec un nom bourgeois Robert Francis Prevost &#8211; veut \u00e9galement revenir \u00e0 l&rsquo;appartement du pape dans le palais apostolique une fois termin\u00e9. Francis \u00e9tait rest\u00e9 tout son pontificat sur la maison d&rsquo;h\u00f4tes du Vatican.<\/p>\n<div id=\"attachment_419110\" class=\"wp-caption alignleft\" style=\"max-width: 300px\"><img fetchpriority=\"high\" decoding=\"async\" class=\"wp-image-419110 size-medium\" src=\"https:\/\/vieassociative.be\/actualites\/wp-content\/uploads\/2025\/07\/Apres-une-longue-pause-Pope-passe-ses-vacances-a-Castel.jpg\" alt=\"\" width=\"300\" height=\"200\"><\/p>\n<p class=\"wp-caption-text\">25.06.2025, Vatican, Vatican City: Le pape Leo XIV arrive sur la place Saint-Pierre pour garder son public g\u00e9n\u00e9ral hebdomadaire au Vatican. Photo: Andrew Medichini \/ AP \/ DPA<\/p>\n<\/div>\n<p>Deux semaines en juillet et quelques jours \u00e0 la mi-ao\u00fbt: Selon le Vatican, Leo sera en Castel Gandolfo du 6 au 20 juillet et encore \u00e0 la mi-ao\u00fbt. Le dimanche, il parlera \u00e9galement la pri\u00e8re traditionnelle d&rsquo;Angelus, \u00e0 laquelle plusieurs mille personnes viennent normalement sur la place Saint-Pierre. Il a fait annuler tous les publics priv\u00e9s pour le mois de juillet.<\/p>\n<p>Castel Gandolfo Am Albaner Voir au sud de Rome a servi de r\u00e9sidence d&rsquo;\u00e9t\u00e9 papal jusqu&rsquo;au d\u00e9but de Francis Pontificate en 2013. Certains Ponfexe ont pass\u00e9 plusieurs mois dans l&rsquo;\u00e9tablissement avec trois villas et un grand parc. Le pape polonais Jean-Paul II avait m\u00eame une piscine dans les ann\u00e9es 1980. Son successeur allemand Beno\u00eet XVI. A v\u00e9cu \u00e0 la premi\u00e8re fois apr\u00e8s sa d\u00e9mission surprenante \u00e0 Castel Gandolfo et s&rsquo;est ensuite laiss\u00e9e y \u00eatre amen\u00e9e plus tard.<\/p>\n<p>Aujourd&rsquo;hui, une \u00e9co-universit\u00e9: Francis, d&rsquo;autre part, s&rsquo;est abstenu de l&rsquo;utiliser, a ouvert le palais en tant que mus\u00e9e et a cr\u00e9\u00e9 un coll\u00e8ge d&rsquo;\u00e9cologie appel\u00e9 \u00ab\u00a0Borgo Laudato Si\u00a0\u00bb. L&rsquo;universit\u00e9 est g\u00e9r\u00e9e par un pr\u00eatre am\u00e9ricain avec des racines mexicaines, Manuel Dorantes. Il appartient au clerg\u00e9 de l&rsquo;archidioc\u00e8se de Chicago, la ville de naissance de Leo. Le nouveau pape lui-m\u00eame a v\u00e9cu comme missionnaire et \u00e9v\u00eaque au P\u00e9rou pendant de nombreuses ann\u00e9es. Il a \u00e9galement la citoyennet\u00e9 du pays sud-am\u00e9ricain. (DPA)<\/p>\n","protected":false},"excerpt":{"rendered":"<p>Le pape Leo XIV est li\u00e9 \u00e0 une tradition de ses pr\u00e9d\u00e9cesseurs apr\u00e8s pr\u00e8s d&rsquo;une d\u00e9cennie et demi: en tant que nouveau chef de l&rsquo;\u00e9glise<\/p>\n","protected":false},"author":1,"featured_media":8506,"comment_status":"","ping_status":"","sticky":false,"template":"","format":"standard","meta":{"footnotes":""},"categories":[298],"tags":[472,7600,166,7601,1868,1073,5739,7599,6817,1055,617,110,561],"class_list":["post-8505","post","type-post","status-publish","format-standard","has-post-thumbnail","hentry","category-belgique","tag-apres","tag-castel","tag-dans","tag-gandolfo","tag-longue","tag-passe","tag-pause","tag-pope","tag-rome","tag-ses","tag-sud","tag-une","tag-vacances","generate-columns","tablet-grid-50","mobile-grid-100","grid-parent","grid-33"],"yoast_head":"<!-- This site is optimized with the Yoast SEO plugin v24.0 - https:\/\/yoast.com\/wordpress\/plugins\/seo\/ -->\n<title>Apr\u00e8s une longue pause, Pope passe ses vacances \u00e0 Castel Gandolfo dans le sud de Rome | Vie Associative<\/title>\n<meta name=\"robots\" content=\"index, follow, max-snippet:-1, max-image-preview:large, max-video-preview:-1\" \/>\n<link rel=\"canonical\" href=\"https:\/\/vieassociative.be\/actualites\/apres-une-longue-pause-pope-passe-ses-vacances-a-castel-gandolfo-dans-le-sud-de-rome\/\" \/>\n<meta property=\"og:locale\" content=\"fr_FR\" \/>\n<meta property=\"og:type\" content=\"article\" \/>\n<meta property=\"og:title\" content=\"Apr\u00e8s une longue pause, Pope passe ses vacances \u00e0 Castel Gandolfo dans le sud de Rome | Vie Associative\" \/>\n<meta property=\"og:description\" content=\"Le pape Leo XIV est li\u00e9 \u00e0 une tradition de ses pr\u00e9d\u00e9cesseurs apr\u00e8s pr\u00e8s d&rsquo;une d\u00e9cennie et demi: en tant que nouveau chef de l&rsquo;\u00e9glise\" \/>\n<meta property=\"og:url\" content=\"https:\/\/vieassociative.be\/actualites\/apres-une-longue-pause-pope-passe-ses-vacances-a-castel-gandolfo-dans-le-sud-de-rome\/\" \/>\n<meta property=\"og:site_name\" content=\"Vie Associative\" \/>\n<meta property=\"article:published_time\" content=\"2025-07-03T02:17:33+00:00\" \/>\n<meta property=\"og:image\" content=\"https:\/\/vieassociative.be\/actualites\/wp-content\/uploads\/2024\/09\/header_backgroundk-01-e1726694325946.png\" \/>\n\t<meta property=\"og:image:width\" content=\"279\" \/>\n\t<meta property=\"og:image:height\" content=\"92\" \/>\n\t<meta property=\"og:image:type\" content=\"image\/png\" \/>\n<meta name=\"author\" content=\"Julien\" \/>\n<meta name=\"twitter:card\" content=\"summary_large_image\" \/>\n<meta name=\"twitter:label1\" content=\"\u00c9crit par\" \/>\n\t<meta name=\"twitter:data1\" content=\"Julien\" \/>\n\t<meta name=\"twitter:label2\" content=\"Dur\u00e9e de lecture est.\" \/>\n\t<meta name=\"twitter:data2\" content=\"2 minutes\" \/>\n<script type=\"application\/ld+json\" class=\"yoast-schema-graph\">{\"@context\":\"https:\/\/schema.org\",\"@graph\":[{\"@type\":\"Article\",\"@id\":\"https:\/\/vieassociative.be\/actualites\/apres-une-longue-pause-pope-passe-ses-vacances-a-castel-gandolfo-dans-le-sud-de-rome\/#article\",\"isPartOf\":{\"@id\":\"https:\/\/vieassociative.be\/actualites\/apres-une-longue-pause-pope-passe-ses-vacances-a-castel-gandolfo-dans-le-sud-de-rome\/\"},\"author\":{\"name\":\"Julien\",\"@id\":\"https:\/\/vieassociative.be\/actualites\/#\/schema\/person\/b87ac4f82f9d4e7b7cec7395b679edc4\"},\"headline\":\"Apr\u00e8s une longue pause, Pope passe ses vacances \u00e0 Castel Gandolfo dans le sud de Rome\",\"datePublished\":\"2025-07-03T02:17:33+00:00\",\"dateModified\":\"2025-07-03T02:17:33+00:00\",\"mainEntityOfPage\":{\"@id\":\"https:\/\/vieassociative.be\/actualites\/apres-une-longue-pause-pope-passe-ses-vacances-a-castel-gandolfo-dans-le-sud-de-rome\/\"},\"wordCount\":444,\"publisher\":{\"@id\":\"https:\/\/vieassociative.be\/actualites\/#organization\"},\"image\":{\"@id\":\"https:\/\/vieassociative.be\/actualites\/apres-une-longue-pause-pope-passe-ses-vacances-a-castel-gandolfo-dans-le-sud-de-rome\/#primaryimage\"},\"thumbnailUrl\":\"https:\/\/vieassociative.be\/actualites\/wp-content\/uploads\/2025\/07\/1751509055_Apres-une-longue-pause-Pope-passe-ses-vacances-a-Castel.jpg\",\"keywords\":[\"Apr\u00e8s\",\"Castel\",\"dans\",\"Gandolfo\",\"longue\",\"passe\",\"pause\",\"Pope\",\"Rome\",\"ses\",\"Sud\",\"une\",\"vacances\"],\"articleSection\":[\"Belgique\"],\"inLanguage\":\"fr-BE\"},{\"@type\":\"WebPage\",\"@id\":\"https:\/\/vieassociative.be\/actualites\/apres-une-longue-pause-pope-passe-ses-vacances-a-castel-gandolfo-dans-le-sud-de-rome\/\",\"url\":\"https:\/\/vieassociative.be\/actualites\/apres-une-longue-pause-pope-passe-ses-vacances-a-castel-gandolfo-dans-le-sud-de-rome\/\",\"name\":\"Apr\u00e8s une longue pause, Pope passe ses vacances \u00e0 Castel Gandolfo dans le sud de Rome | Vie Associative\",\"isPartOf\":{\"@id\":\"https:\/\/vieassociative.be\/actualites\/#website\"},\"primaryImageOfPage\":{\"@id\":\"https:\/\/vieassociative.be\/actualites\/apres-une-longue-pause-pope-passe-ses-vacances-a-castel-gandolfo-dans-le-sud-de-rome\/#primaryimage\"},\"image\":{\"@id\":\"https:\/\/vieassociative.be\/actualites\/apres-une-longue-pause-pope-passe-ses-vacances-a-castel-gandolfo-dans-le-sud-de-rome\/#primaryimage\"},\"thumbnailUrl\":\"https:\/\/vieassociative.be\/actualites\/wp-content\/uploads\/2025\/07\/1751509055_Apres-une-longue-pause-Pope-passe-ses-vacances-a-Castel.jpg\",\"datePublished\":\"2025-07-03T02:17:33+00:00\",\"dateModified\":\"2025-07-03T02:17:33+00:00\",\"breadcrumb\":{\"@id\":\"https:\/\/vieassociative.be\/actualites\/apres-une-longue-pause-pope-passe-ses-vacances-a-castel-gandolfo-dans-le-sud-de-rome\/#breadcrumb\"},\"inLanguage\":\"fr-BE\",\"potentialAction\":[{\"@type\":\"ReadAction\",\"target\":[\"https:\/\/vieassociative.be\/actualites\/apres-une-longue-pause-pope-passe-ses-vacances-a-castel-gandolfo-dans-le-sud-de-rome\/\"]}]},{\"@type\":\"ImageObject\",\"inLanguage\":\"fr-BE\",\"@id\":\"https:\/\/vieassociative.be\/actualites\/apres-une-longue-pause-pope-passe-ses-vacances-a-castel-gandolfo-dans-le-sud-de-rome\/#primaryimage\",\"url\":\"https:\/\/vieassociative.be\/actualites\/wp-content\/uploads\/2025\/07\/1751509055_Apres-une-longue-pause-Pope-passe-ses-vacances-a-Castel.jpg\",\"contentUrl\":\"https:\/\/vieassociative.be\/actualites\/wp-content\/uploads\/2025\/07\/1751509055_Apres-une-longue-pause-Pope-passe-ses-vacances-a-Castel.jpg\",\"width\":1200,\"height\":800,\"caption\":\"Apr\u00e8s une longue pause, Pope passe ses vacances \u00e0 Castel Gandolfo dans le sud de Rome\"},{\"@type\":\"BreadcrumbList\",\"@id\":\"https:\/\/vieassociative.be\/actualites\/apres-une-longue-pause-pope-passe-ses-vacances-a-castel-gandolfo-dans-le-sud-de-rome\/#breadcrumb\",\"itemListElement\":[{\"@type\":\"ListItem\",\"position\":1,\"name\":\"Accueil\",\"item\":\"https:\/\/vieassociative.be\/actualites\/\"},{\"@type\":\"ListItem\",\"position\":2,\"name\":\"Apr\u00e8s une longue pause, Pope passe ses vacances \u00e0 Castel Gandolfo dans le sud de Rome\"}]},{\"@type\":\"WebSite\",\"@id\":\"https:\/\/vieassociative.be\/actualites\/#website\",\"url\":\"https:\/\/vieassociative.be\/actualites\/\",\"name\":\"Vie Associative\",\"description\":\"\",\"publisher\":{\"@id\":\"https:\/\/vieassociative.be\/actualites\/#organization\"},\"potentialAction\":[{\"@type\":\"SearchAction\",\"target\":{\"@type\":\"EntryPoint\",\"urlTemplate\":\"https:\/\/vieassociative.be\/actualites\/?s={search_term_string}\"},\"query-input\":{\"@type\":\"PropertyValueSpecification\",\"valueRequired\":true,\"valueName\":\"search_term_string\"}}],\"inLanguage\":\"fr-BE\"},{\"@type\":\"Organization\",\"@id\":\"https:\/\/vieassociative.be\/actualites\/#organization\",\"name\":\"Vie Associative\",\"url\":\"https:\/\/vieassociative.be\/actualites\/\",\"logo\":{\"@type\":\"ImageObject\",\"inLanguage\":\"fr-BE\",\"@id\":\"https:\/\/vieassociative.be\/actualites\/#\/schema\/logo\/image\/\",\"url\":\"https:\/\/vieassociative.be\/actualites\/wp-content\/uploads\/2024\/09\/cropped-vieassociative_favicon.ico.png\",\"contentUrl\":\"https:\/\/vieassociative.be\/actualites\/wp-content\/uploads\/2024\/09\/cropped-vieassociative_favicon.ico.png\",\"width\":512,\"height\":512,\"caption\":\"Vie Associative\"},\"image\":{\"@id\":\"https:\/\/vieassociative.be\/actualites\/#\/schema\/logo\/image\/\"}},{\"@type\":\"Person\",\"@id\":\"https:\/\/vieassociative.be\/actualites\/#\/schema\/person\/b87ac4f82f9d4e7b7cec7395b679edc4\",\"name\":\"Julien\",\"image\":{\"@type\":\"ImageObject\",\"inLanguage\":\"fr-BE\",\"@id\":\"https:\/\/vieassociative.be\/actualites\/#\/schema\/person\/image\/\",\"url\":\"https:\/\/vieassociative.be\/actualites\/wp-content\/uploads\/2024\/09\/vie-associative-1-150x150.jpg\",\"contentUrl\":\"https:\/\/vieassociative.be\/actualites\/wp-content\/uploads\/2024\/09\/vie-associative-1-150x150.jpg\",\"caption\":\"Julien\"},\"description\":\"Je suis Julien, r\u00e9dacteur pour Vie Associative. Passionn\u00e9 par le monde associatif depuis plus de 10 ans, j'ai \u00e0 c\u0153ur de partager des histoires inspirantes et de mettre en lumi\u00e8re les initiatives locales. Mon objectif est de sensibiliser et d'encourager l'engagement communautaire \u00e0 travers mes articles.\",\"sameAs\":[\"https:\/\/vieassociative.be\/\"]}]}<\/script>\n<!-- \/ Yoast SEO plugin. -->","yoast_head_json":{"title":"Apr\u00e8s une longue pause, Pope passe ses vacances \u00e0 Castel Gandolfo dans le sud de Rome | Vie Associative","robots":{"index":"index","follow":"follow","max-snippet":"max-snippet:-1","max-image-preview":"max-image-preview:large","max-video-preview":"max-video-preview:-1"},"canonical":"https:\/\/vieassociative.be\/actualites\/apres-une-longue-pause-pope-passe-ses-vacances-a-castel-gandolfo-dans-le-sud-de-rome\/","og_locale":"fr_FR","og_type":"article","og_title":"Apr\u00e8s une longue pause, Pope passe ses vacances \u00e0 Castel Gandolfo dans le sud de Rome | Vie Associative","og_description":"Le pape Leo XIV est li\u00e9 \u00e0 une tradition de ses pr\u00e9d\u00e9cesseurs apr\u00e8s pr\u00e8s d&rsquo;une d\u00e9cennie et demi: en tant que nouveau chef de l&rsquo;\u00e9glise","og_url":"https:\/\/vieassociative.be\/actualites\/apres-une-longue-pause-pope-passe-ses-vacances-a-castel-gandolfo-dans-le-sud-de-rome\/","og_site_name":"Vie Associative","article_published_time":"2025-07-03T02:17:33+00:00","og_image":[{"width":279,"height":92,"url":"https:\/\/vieassociative.be\/actualites\/wp-content\/uploads\/2024\/09\/header_backgroundk-01-e1726694325946.png","type":"image\/png"}],"author":"Julien","twitter_card":"summary_large_image","twitter_misc":{"\u00c9crit par":"Julien","Dur\u00e9e de lecture est.":"2 minutes"},"schema":{"@context":"https:\/\/schema.org","@graph":[{"@type":"Article","@id":"https:\/\/vieassociative.be\/actualites\/apres-une-longue-pause-pope-passe-ses-vacances-a-castel-gandolfo-dans-le-sud-de-rome\/#article","isPartOf":{"@id":"https:\/\/vieassociative.be\/actualites\/apres-une-longue-pause-pope-passe-ses-vacances-a-castel-gandolfo-dans-le-sud-de-rome\/"},"author":{"name":"Julien","@id":"https:\/\/vieassociative.be\/actualites\/#\/schema\/person\/b87ac4f82f9d4e7b7cec7395b679edc4"},"headline":"Apr\u00e8s une longue pause, Pope passe ses vacances \u00e0 Castel Gandolfo dans le sud de Rome","datePublished":"2025-07-03T02:17:33+00:00","dateModified":"2025-07-03T02:17:33+00:00","mainEntityOfPage":{"@id":"https:\/\/vieassociative.be\/actualites\/apres-une-longue-pause-pope-passe-ses-vacances-a-castel-gandolfo-dans-le-sud-de-rome\/"},"wordCount":444,"publisher":{"@id":"https:\/\/vieassociative.be\/actualites\/#organization"},"image":{"@id":"https:\/\/vieassociative.be\/actualites\/apres-une-longue-pause-pope-passe-ses-vacances-a-castel-gandolfo-dans-le-sud-de-rome\/#primaryimage"},"thumbnailUrl":"https:\/\/vieassociative.be\/actualites\/wp-content\/uploads\/2025\/07\/1751509055_Apres-une-longue-pause-Pope-passe-ses-vacances-a-Castel.jpg","keywords":["Apr\u00e8s","Castel","dans","Gandolfo","longue","passe","pause","Pope","Rome","ses","Sud","une","vacances"],"articleSection":["Belgique"],"inLanguage":"fr-BE"},{"@type":"WebPage","@id":"https:\/\/vieassociative.be\/actualites\/apres-une-longue-pause-pope-passe-ses-vacances-a-castel-gandolfo-dans-le-sud-de-rome\/","url":"https:\/\/vieassociative.be\/actualites\/apres-une-longue-pause-pope-passe-ses-vacances-a-castel-gandolfo-dans-le-sud-de-rome\/","name":"Apr\u00e8s une longue pause, Pope passe ses vacances \u00e0 Castel Gandolfo dans le sud de Rome | Vie Associative","isPartOf":{"@id":"https:\/\/vieassociative.be\/actualites\/#website"},"primaryImageOfPage":{"@id":"https:\/\/vieassociative.be\/actualites\/apres-une-longue-pause-pope-passe-ses-vacances-a-castel-gandolfo-dans-le-sud-de-rome\/#primaryimage"},"image":{"@id":"https:\/\/vieassociative.be\/actualites\/apres-une-longue-pause-pope-passe-ses-vacances-a-castel-gandolfo-dans-le-sud-de-rome\/#primaryimage"},"thumbnailUrl":"https:\/\/vieassociative.be\/actualites\/wp-content\/uploads\/2025\/07\/1751509055_Apres-une-longue-pause-Pope-passe-ses-vacances-a-Castel.jpg","datePublished":"2025-07-03T02:17:33+00:00","dateModified":"2025-07-03T02:17:33+00:00","breadcrumb":{"@id":"https:\/\/vieassociative.be\/actualites\/apres-une-longue-pause-pope-passe-ses-vacances-a-castel-gandolfo-dans-le-sud-de-rome\/#breadcrumb"},"inLanguage":"fr-BE","potentialAction":[{"@type":"ReadAction","target":["https:\/\/vieassociative.be\/actualites\/apres-une-longue-pause-pope-passe-ses-vacances-a-castel-gandolfo-dans-le-sud-de-rome\/"]}]},{"@type":"ImageObject","inLanguage":"fr-BE","@id":"https:\/\/vieassociative.be\/actualites\/apres-une-longue-pause-pope-passe-ses-vacances-a-castel-gandolfo-dans-le-sud-de-rome\/#primaryimage","url":"https:\/\/vieassociative.be\/actualites\/wp-content\/uploads\/2025\/07\/1751509055_Apres-une-longue-pause-Pope-passe-ses-vacances-a-Castel.jpg","contentUrl":"https:\/\/vieassociative.be\/actualites\/wp-content\/uploads\/2025\/07\/1751509055_Apres-une-longue-pause-Pope-passe-ses-vacances-a-Castel.jpg","width":1200,"height":800,"caption":"Apr\u00e8s une longue pause, Pope passe ses vacances \u00e0 Castel Gandolfo dans le sud de Rome"},{"@type":"BreadcrumbList","@id":"https:\/\/vieassociative.be\/actualites\/apres-une-longue-pause-pope-passe-ses-vacances-a-castel-gandolfo-dans-le-sud-de-rome\/#breadcrumb","itemListElement":[{"@type":"ListItem","position":1,"name":"Accueil","item":"https:\/\/vieassociative.be\/actualites\/"},{"@type":"ListItem","position":2,"name":"Apr\u00e8s une longue pause, Pope passe ses vacances \u00e0 Castel Gandolfo dans le sud de Rome"}]},{"@type":"WebSite","@id":"https:\/\/vieassociative.be\/actualites\/#website","url":"https:\/\/vieassociative.be\/actualites\/","name":"Vie Associative","description":"","publisher":{"@id":"https:\/\/vieassociative.be\/actualites\/#organization"},"potentialAction":[{"@type":"SearchAction","target":{"@type":"EntryPoint","urlTemplate":"https:\/\/vieassociative.be\/actualites\/?s={search_term_string}"},"query-input":{"@type":"PropertyValueSpecification","valueRequired":true,"valueName":"search_term_string"}}],"inLanguage":"fr-BE"},{"@type":"Organization","@id":"https:\/\/vieassociative.be\/actualites\/#organization","name":"Vie Associative","url":"https:\/\/vieassociative.be\/actualites\/","logo":{"@type":"ImageObject","inLanguage":"fr-BE","@id":"https:\/\/vieassociative.be\/actualites\/#\/schema\/logo\/image\/","url":"https:\/\/vieassociative.be\/actualites\/wp-content\/uploads\/2024\/09\/cropped-vieassociative_favicon.ico.png","contentUrl":"https:\/\/vieassociative.be\/actualites\/wp-content\/uploads\/2024\/09\/cropped-vieassociative_favicon.ico.png","width":512,"height":512,"caption":"Vie Associative"},"image":{"@id":"https:\/\/vieassociative.be\/actualites\/#\/schema\/logo\/image\/"}},{"@type":"Person","@id":"https:\/\/vieassociative.be\/actualites\/#\/schema\/person\/b87ac4f82f9d4e7b7cec7395b679edc4","name":"Julien","image":{"@type":"ImageObject","inLanguage":"fr-BE","@id":"https:\/\/vieassociative.be\/actualites\/#\/schema\/person\/image\/","url":"https:\/\/vieassociative.be\/actualites\/wp-content\/uploads\/2024\/09\/vie-associative-1-150x150.jpg","contentUrl":"https:\/\/vieassociative.be\/actualites\/wp-content\/uploads\/2024\/09\/vie-associative-1-150x150.jpg","caption":"Julien"},"description":"Je suis Julien, r\u00e9dacteur pour Vie Associative. Passionn\u00e9 par le monde associatif depuis plus de 10 ans, j'ai \u00e0 c\u0153ur de partager des histoires inspirantes et de mettre en lumi\u00e8re les initiatives locales. Mon objectif est de sensibiliser et d'encourager l'engagement communautaire \u00e0 travers mes articles.","sameAs":["https:\/\/vieassociative.be\/"]}]}},"_links":{"self":[{"href":"https:\/\/vieassociative.be\/actualites\/wp-json\/wp\/v2\/posts\/8505"}],"collection":[{"href":"https:\/\/vieassociative.be\/actualites\/wp-json\/wp\/v2\/posts"}],"about":[{"href":"https:\/\/vieassociative.be\/actualites\/wp-json\/wp\/v2\/types\/post"}],"author":[{"embeddable":true,"href":"https:\/\/vieassociative.be\/actualites\/wp-json\/wp\/v2\/users\/1"}],"replies":[{"embeddable":true,"href":"https:\/\/vieassociative.be\/actualites\/wp-json\/wp\/v2\/comments?post=8505"}],"version-history":[{"count":0,"href":"https:\/\/vieassociative.be\/actualites\/wp-json\/wp\/v2\/posts\/8505\/revisions"}],"wp:featuredmedia":[{"embeddable":true,"href":"https:\/\/vieassociative.be\/actualites\/wp-json\/wp\/v2\/media\/8506"}],"wp:attachment":[{"href":"https:\/\/vieassociative.be\/actualites\/wp-json\/wp\/v2\/media?parent=8505"}],"wp:term":[{"taxonomy":"category","embeddable":true,"href":"https:\/\/vieassociative.be\/actualites\/wp-json\/wp\/v2\/categories?post=8505"},{"taxonomy":"post_tag","embeddable":true,"href":"https:\/\/vieassociative.be\/actualites\/wp-json\/wp\/v2\/tags?post=8505"}],"curies":[{"name":"wp","href":"https:\/\/api.w.org\/{rel}","templated":true}]}}