{"id":8503,"date":"2025-07-03T03:17:17","date_gmt":"2025-07-03T01:17:17","guid":{"rendered":"https:\/\/vieassociative.be\/actualites\/jai-previsualise-ces-lunettes-intelligentes-de-suivi-des-emotions-et-elles-semblent-etrangement-utiles\/"},"modified":"2025-07-03T03:17:17","modified_gmt":"2025-07-03T01:17:17","slug":"jai-previsualise-ces-lunettes-intelligentes-de-suivi-des-emotions-et-elles-semblent-etrangement-utiles","status":"publish","type":"post","link":"https:\/\/vieassociative.be\/actualites\/jai-previsualise-ces-lunettes-intelligentes-de-suivi-des-emotions-et-elles-semblent-etrangement-utiles\/","title":{"rendered":"J&rsquo;ai pr\u00e9visualis\u00e9 ces lunettes intelligentes de suivi des \u00e9motions, et elles semblent \u00e9trangement utiles"},"content":{"rendered":"<div class=\"mt-4 leading-6 md:mb-8\">Et si une bague d&rsquo;humeur et un Fitbit avaient un b\u00e9b\u00e9 que vous pouviez porter sur votre visage?<\/div>\n<p><\/p>\n<p>Nous savons que les lunettes intelligentes peuvent jouer des podcasts et mettre un assistant AI \u00e0 l&rsquo;oreille, mais et s&rsquo;ils savaient ce que vous \u00e9tiez <em>sentiment<\/em>? C&rsquo;est l&rsquo;id\u00e9e derri\u00e8re les lunettes de sens d&rsquo;Emteq Lab. Ils ne sont pas encore sur le march\u00e9, mais l&rsquo;objectif final est une paire de sp\u00e9cifications l\u00e9g\u00e8res \u00e9quip\u00e9es de capteurs qui lisent les changements infimes dans les muscles faciaux des utilisateurs, le tout dans le but de d\u00e9tecter les changements d&rsquo;humeur en temps r\u00e9el pour d\u00e9bloquer des informations sur la sant\u00e9, les habitudes alimentaires, etc.<\/p>\n<p>Emteq fait partie d&rsquo;un nombre croissant d&rsquo;entreprises dans le domaine de \u00abl&rsquo;informatique affective\u00bb, une technologie con\u00e7ue pour reconna\u00eetre, interpr\u00e9ter, traiter et \/ ou simuler les \u00e9motions humaines. Pour le bon ou le mal, l&rsquo;avenir est susceptible d&rsquo;\u00eatre emball\u00e9 avec les choses.  <\/p>\n<h2 id=\"how-do-emotion-sensing-glasses-work\">Comment fonctionnent les lunettes \u00e9motionnelles?<\/h2>\n<div class=\"eloquent-imagery-image\">\n<div class=\"flex justify-center\">\n                    <img decoding=\"async\" class=\"border border-gray-100\" src=\"https:\/\/vieassociative.be\/actualites\/wp-content\/uploads\/2025\/07\/Jai-previsualise-ces-lunettes-intelligentes-de-suivi-des-emotions-et.jpg\" alt=\"LICATION D'EXPRESSION FACIALE SENS SENS\" width=\"2000\" height=\"1125\" loading=\"lazy\"  >\n            <\/div>\n<\/p><\/div>\n<p>La technologie derri\u00e8re les lunettes de suivi des \u00e9motions d&rsquo;Emteq est sophistiqu\u00e9e, mais le concept est simple: les capteurs orient\u00e9s vers l&rsquo;int\u00e9rieur des lunettes surveillent l&rsquo;activit\u00e9 \u00e9lectrique de votre groupe musculaire zygomaticus (les muscles souriants), le groupe Corrugator Supecillii (muscles du front), ainsi que les groupes musculaires qui contr\u00f4lent votre \u00e9l\u00e9ment, et combinent vos informations avec les \u00e9meutes et les donn\u00e9es de la t\u00eate, ensuite les donn\u00e9es de mouvement, ensuite les donn\u00e9es r\u00e9elles, vous r\u00e9jouissez des \u00e9meutes et des donn\u00e9es cardiaques et des donn\u00e9es de mouvement, ensuite, ensuite, vous r\u00e9jouissez des \u00e9meutes avec des \u00e9meutes et des donn\u00e9es de la t\u00eate, ensuite des donn\u00e9es de mouvement, puis de vous r\u00e9jouir des \u00e9meutes et des donn\u00e9es cardiaques et des donn\u00e9es de mouvement, ensuite, ensuite des informations sur les \u00e9meutes et les \u00e9meutes cardiaques et les donn\u00e9es de mouvement, puis mettent en place le temps r\u00e9el dans un temps r\u00e9el. peut acc\u00e9der sur votre t\u00e9l\u00e9phone intelligent. <\/p>\n<p>C&rsquo;est l&rsquo;id\u00e9e, de toute fa\u00e7on. La question de savoir si une machine peut interpr\u00e9ter avec pr\u00e9cision les \u00e9motions pour tout le monde \u00e0 travers le mouvement musculaire facial est une question complexe. La recherche indique que les \u00e9motions fondamentales comme le bonheur, la tristesse, la surprise et le d\u00e9go\u00fbt sont exprim\u00e9es \u00e0 la mani\u00e8re faciale de mani\u00e8re similaire \u00e0 travers les cultures, mais les influences culturelles et les diff\u00e9rences individuelles affectent la fa\u00e7on dont nous affichons les \u00e9motions. Certaines personnes ont des visages de poker. Certaines personnes rient quand ils ont peur. Et n&rsquo;importe qui peut sourire quand il se sent bleu. <\/p>\n<h2 id=\"use-cases-for-emotion-sensing-glasses\">Des cas d&rsquo;utilisation pour les lunettes de d\u00e9tection des \u00e9motions<\/h2>\n<p>J&rsquo;ai r\u00e9cemment parl\u00e9 avec le PDG d&rsquo;Emteq, Steen Strand et j&rsquo;ai vu une d\u00e9mo. Le prototype de lunettes Sense semble fonctionner comme annonc\u00e9 dans une paire de cadres de lunettes d&rsquo;aspect normal. La vision \u00e9ventuelle de la technologie couvre tout, des r\u00e9unions virtuelles \u00e0 la surveillance de la sant\u00e9 mentale au suivi alimentaire. <\/p>\n<h3>Rendre les r\u00e9unions virtuelles plus \u00ab\u00a0naturelles\u00a0\u00bb<\/h3>\n<p>\u00ab\u00a0Lorsque nous sommes dans une conversation, vous voulez voir mon visage, je veux voir le v\u00f4tre. Nous pouvons r\u00e9agir les uns aux autres\u00a0\u00bb, a d\u00e9clar\u00e9 Strand. \u00ab\u00a0Si vous voulez faire cela virtuellement, vous devez savoir ce que fait mon visage.\u00a0\u00bb L&rsquo;id\u00e9e est que les lunettes de d\u00e9tection d&rsquo;expression pourraient rendre les avatars et les interactions virtuelles plus \u00ab\u00a0r\u00e9elles\u00a0\u00bb en mettant ce qui est sur votre vrai visage sur votre visage num\u00e9rique. <\/p>\n<p>Pour quelques types de conversations virtuelles, ce serait incroyable, mais que se passe-t-il si je veux <em>pas<\/em> Vous \u00eates ennuy\u00e9 lors d&rsquo;une r\u00e9union? Quoi qu&rsquo;il en soit, la technologie VR existante peut faire quelque chose de similaire, mais selon Strand, la technologie d&rsquo;Emteq offre une meilleure solution. \u00ab\u00a0Beaucoup de technologies existantes, en particulier en VR, sont juste plus lourdes sur la puissance et l&rsquo;informatique\u00a0\u00bb, a d\u00e9clar\u00e9 Strand. \u00ab\u00a0Nous utilisons ces capteurs tr\u00e8s l\u00e9gers et basse puissance qui regardent simplement une petite partie de votre visage, et \u00e0 partir de cela, nous pouvons d\u00e9duire ce que fait tout votre visage.\u00a0\u00bb<\/p>\n<h3>Sant\u00e9 mentale <\/h3>\n<p>Selon Strand, un moniteur constant des \u00e9motions r\u00e9elles pourrait fournir un outil de diagnostic suppl\u00e9mentaire pour les professionnels de la sant\u00e9 mentale. \u00ab\u00a0L&rsquo;\u00e9talon-or pour diagnostiquer la d\u00e9pression en ce moment est un questionnaire\u00a0\u00bb, a-t-il d\u00e9clar\u00e9. \u00ab\u00a0Non seulement cela a un biais inh\u00e9rent, mais c&rsquo;est aussi un ruban dans le temps. La fa\u00e7on dont vous vous sentez \u00e0 un moment pourrait diff\u00e9rer de ce que vous vous sentez une heure plus tard\u00a0\u00bb, mais un enregistrement constant d&rsquo;\u00e9motions serait, probablement, plus r\u00e9v\u00e9lateur de son \u00e9tat mental. <\/p>\n<p>Pour les personnes qui ont du mal \u00e0 savoir quelle \u00e9motion leur visage affiche, que ce soit en raison d&rsquo;une condition physique comme la paralysie faciale ou un probl\u00e8me de sant\u00e9 mentale comme l&rsquo;autisme, les lunettes \u00e9motionnelles pourraient fournir une fen\u00eatre \u00e0 un sentiment que la plupart d&rsquo;entre nous tiennent pour acquis. <\/p>\n<div class=\"pogoClear relative my-10 border-b-(1.5px) border-t-(1.5px) border-dashed border-black py-5 sm:my-14 sm:border-0 sm:py-0\" data-ga-click data-ga-template=\"Opinions\" data-ga-module=\"openweb_widget\" data-ga-element=\"openweb_scroll\" data-ga-item=\"openweb_scroll_midpage\" x-data=\"{\n         commentsCount: null,\n         hasComments: false,\n         async fetchCommentsCount() {\n             try {\n                 if (window.openweb &amp;&amp; typeof window.openweb.getMessagesCount === 'function') {\n                     this.commentsCount = await window.openweb.getMessagesCount('01JZ3T69SV6RRW0S7D5YP6KA80');\n                     this.hasComments = this.commentsCount !== null &amp;&amp; this.commentsCount &gt; 0;\n                 }\n             } catch (e) {\n                 console.warn('Failed to fetch comment count:', e);\n             }\n         }\n     }\" x-init=\"fetchCommentsCount()\" x-cloak><\/p>\n<div class=\"absolute top-1\/2 hidden w-full -translate-y-1\/2 border-t-(1.5px) border-dashed border-black sm:block\"><\/div>\n<div class=\"relative flex justify-center\">\n<div class=\"flex max-w-fit items-center gap-x-3 bg-white px-5\">\n<div class=\"relative\">\n                <span class=\"absolute left-1\/2 top-1\/2 -translate-x-1\/2 -translate-y-1\/2 font-akshar text-sm font-medium text-black\" aria-live=\"polite\" x-show=\"hasComments\" x-text=\"commentsCount\"><\/span><\/p>\n<p>                <svg class=\"h-8 w-8 text-black\" role=\"img\" aria-hidden=\"true\">\n                    <use href=\"http:\/\/lifehacker.com\/images\/icons\/spritemap.svg#sprite-chat-bubble\"><\/use>\n                <\/svg>\n            <\/div>\n<p>            <span class=\"text-sm font-medium text-black\"><\/p>\n<p>                Que pensez-vous jusqu&rsquo;\u00e0 pr\u00e9sent?<br \/>\n                <button class=\"ml-1 font-semibold text-brand-green underline hover:text-brand-green-700\" type=\"button\" aria-label=\"Comment section trigger\" onclick=\"window.openweb.scrollToComments('01JZ3T69SV6RRW0S7D5YP6KA80')\" x-text=\"hasComments ? 'Post a comment.' : 'Be the first to post a comment.'\"><\/button><br \/>\n            <\/span>\n        <\/div>\n<\/p><\/div>\n<\/div>\n<h3>Alimentation plus saine<\/h3>\n<p>Peut-\u00eatre que l&rsquo;application la plus concr\u00e8te pour les lunettes de sens consiste \u00e0 surveiller les habitudes alimentaires. Ces sp\u00e9cifications peuvent suivre les mod\u00e8les de mastication, la fr\u00e9quence des morsures et la vitesse de l&rsquo;alimentation &#8211; des m\u00e9trages qui recherchent les liens vers la gestion du poids et la sant\u00e9 digestive. \u00ab\u00a0Vous pouvez dire combien de m\u00e2tes vous avez pris ce repas, combien de bouch\u00e9es, l&rsquo;espacement entre vos m\u00e2cher et vos piq\u00fbres\u00a0\u00bb, a d\u00e9clar\u00e9 Strand. Certaines recherches ont li\u00e9 la vitesse de manger \u00e0 la consommation de calories aux repas, donc en th\u00e9orie, la microgestion de votre mastication pourrait aider \u00e0 avec des objectifs de perte de poids, si cela ne vous rend pas fou en premier. <\/p>\n<p>Pour les personnes aux prises avec une alimentation saine ou qui ont des conditions m\u00e9dicales n\u00e9cessitant une surveillance alimentaire soigneuse, cela pourrait \u00eatre utile. Mais cela risque de transformer chaque repas en examen des performances. <\/p>\n<h2 id=\"the-bigger-questions-privacy-and-humanity\">Les plus grandes questions: la vie priv\u00e9e et l&rsquo;humanit\u00e9<\/h2>\n<div class=\"eloquent-imagery-image\">\n<div class=\"flex justify-center\">\n                    <img decoding=\"async\" class=\"border border-gray-100\" src=\"https:\/\/vieassociative.be\/actualites\/wp-content\/uploads\/2025\/07\/1751505437_534_Jai-previsualise-ces-lunettes-intelligentes-de-suivi-des-emotions-et.jpg\" alt=\"Emteq Sense Glass\" width=\"2000\" height=\"1125\" loading=\"lazy\"  >\n            <\/div>\n<\/p><\/div>\n<p>Avec une nouvelle technologie, une question logique est \u00ab\u00a0Comment cela pourrait-il \u00eatre utilis\u00e9 pour saisir davantage notre vie quotidienne?\u00a0\u00bb Il n&rsquo;y a pas de p\u00e9nurie d&rsquo;hypoth\u00e8ses dystopiques ici, car c&rsquo;est avec tout type d&rsquo;informatique affective. Imaginez ce que les annonceurs et les sp\u00e9cialistes du marketing feraient avec un enregistrement de ce que les consommateurs pensent de tout ce qu&rsquo;ils voient et exp\u00e9rimentent, toute la journ\u00e9e, tous les jours. \u00c0 quel point les algorithmes obtiendraient-ils de pire s&rsquo;ils savaient <em>exactement<\/em> Comment vous avez ressenti \u00e0 propos de ce tiktok? Que se passe-t-il si un employeur avait une lecture en temps r\u00e9el des travailleurs souriant et qui se plissent les sourcils? Imaginez comment un gouvernement oppressif pourrait utiliser cette technologie contre ses citoyens. <\/p>\n<p>Il est probablement injuste d&rsquo;\u00e9pingler ces grandes id\u00e9es sur une technologie de moniteur de verre intelligent, et Strand dit que Emteq ne poursuit pas la collecte et la vente de donn\u00e9es \u00e9motionnelles g\u00e9n\u00e9rales. \u00ab\u00a0Notre philosophie est maintenant, ce sont les donn\u00e9es personnelles de qualit\u00e9 m\u00e9dicale qui ne sont pas partag\u00e9es\u00a0\u00bb, a d\u00e9clar\u00e9 Strand. Mais les promesses de traitement des donn\u00e9es ont un moyen de \u00ab\u00a0faire \u00e9voluer\u00a0\u00bb \u00e0 mesure que les entreprises augmentent et font face \u00e0 des pressions financi\u00e8res.<\/p>\n<h2 id=\"when-will-sense-glasses-be-available-to-the-public\">Quand les lunettes Sense seront-elles accessibles au public?<\/h2>\n<p>Quant \u00e0 quand vous pourrez obtenir vos propres sp\u00e9cifications de mastication et de ma\u00eetrise de la mastication, la r\u00e9ponse courte est, \u00e0 l&rsquo;avenir, peut-\u00eatre. \u00ab\u00a0Au cours de l&rsquo;ann\u00e9e prochaine, vous vous attendez \u00e0 ce que nous mettons quelque chose\u00a0\u00bb, a d\u00e9clar\u00e9 Strand. \u00ab\u00a0Nous nous demandons toujours si nous allons ou non aller directement chez le consommateur. Il existe de nombreuses fa\u00e7ons diff\u00e9rentes d&rsquo;aller sur le march\u00e9 avec la technologie. Et donc nous \u00e9quilibrons toujours une partie de cela.\u00a0\u00bb<\/p>\n","protected":false},"excerpt":{"rendered":"<p>Et si une bague d&rsquo;humeur et un Fitbit avaient un b\u00e9b\u00e9 que vous pouviez porter sur votre visage? Nous savons que les lunettes intelligentes peuvent<\/p>\n","protected":false},"author":1,"featured_media":8504,"comment_status":"","ping_status":"","sticky":false,"template":"","format":"standard","meta":{"footnotes":""},"categories":[13],"tags":[248,29,3522,2616,4413,2170,823,3912,7598,3485,4473,1469],"class_list":["post-8503","post","type-post","status-publish","format-standard","has-post-thumbnail","hentry","category-technologie","tag-ces","tag-des","tag-elles","tag-emotions","tag-etrangement","tag-intelligentes","tag-jai","tag-lunettes","tag-previsualise","tag-semblent","tag-suivi","tag-utiles","generate-columns","tablet-grid-50","mobile-grid-100","grid-parent","grid-33"],"yoast_head":"<!-- This site is optimized with the Yoast SEO plugin v24.0 - https:\/\/yoast.com\/wordpress\/plugins\/seo\/ -->\n<title>J&#039;ai pr\u00e9visualis\u00e9 ces lunettes intelligentes de suivi des \u00e9motions, et elles semblent \u00e9trangement utiles | Vie Associative<\/title>\n<meta name=\"robots\" content=\"index, follow, max-snippet:-1, max-image-preview:large, max-video-preview:-1\" \/>\n<link rel=\"canonical\" href=\"https:\/\/vieassociative.be\/actualites\/jai-previsualise-ces-lunettes-intelligentes-de-suivi-des-emotions-et-elles-semblent-etrangement-utiles\/\" \/>\n<meta property=\"og:locale\" content=\"fr_FR\" \/>\n<meta property=\"og:type\" content=\"article\" \/>\n<meta property=\"og:title\" content=\"J&#039;ai pr\u00e9visualis\u00e9 ces lunettes intelligentes de suivi des \u00e9motions, et elles semblent \u00e9trangement utiles | Vie Associative\" \/>\n<meta property=\"og:description\" content=\"Et si une bague d&rsquo;humeur et un Fitbit avaient un b\u00e9b\u00e9 que vous pouviez porter sur votre visage? Nous savons que les lunettes intelligentes peuvent\" \/>\n<meta property=\"og:url\" content=\"https:\/\/vieassociative.be\/actualites\/jai-previsualise-ces-lunettes-intelligentes-de-suivi-des-emotions-et-elles-semblent-etrangement-utiles\/\" \/>\n<meta property=\"og:site_name\" content=\"Vie Associative\" \/>\n<meta property=\"article:published_time\" content=\"2025-07-03T01:17:17+00:00\" \/>\n<meta property=\"og:image\" content=\"https:\/\/vieassociative.be\/actualites\/wp-content\/uploads\/2025\/07\/Jai-previsualise-ces-lunettes-intelligentes-de-suivi-des-emotions-et.jpg\" \/>\n<meta name=\"author\" content=\"Julien\" \/>\n<meta name=\"twitter:card\" content=\"summary_large_image\" \/>\n<meta name=\"twitter:label1\" content=\"\u00c9crit par\" \/>\n\t<meta name=\"twitter:data1\" content=\"Julien\" \/>\n\t<meta name=\"twitter:label2\" content=\"Dur\u00e9e de lecture est.\" \/>\n\t<meta name=\"twitter:data2\" content=\"7 minutes\" \/>\n<script type=\"application\/ld+json\" class=\"yoast-schema-graph\">{\"@context\":\"https:\/\/schema.org\",\"@graph\":[{\"@type\":\"Article\",\"@id\":\"https:\/\/vieassociative.be\/actualites\/jai-previsualise-ces-lunettes-intelligentes-de-suivi-des-emotions-et-elles-semblent-etrangement-utiles\/#article\",\"isPartOf\":{\"@id\":\"https:\/\/vieassociative.be\/actualites\/jai-previsualise-ces-lunettes-intelligentes-de-suivi-des-emotions-et-elles-semblent-etrangement-utiles\/\"},\"author\":{\"name\":\"Julien\",\"@id\":\"https:\/\/vieassociative.be\/actualites\/#\/schema\/person\/b87ac4f82f9d4e7b7cec7395b679edc4\"},\"headline\":\"J&rsquo;ai pr\u00e9visualis\u00e9 ces lunettes intelligentes de suivi des \u00e9motions, et elles semblent \u00e9trangement utiles\",\"datePublished\":\"2025-07-03T01:17:17+00:00\",\"dateModified\":\"2025-07-03T01:17:17+00:00\",\"mainEntityOfPage\":{\"@id\":\"https:\/\/vieassociative.be\/actualites\/jai-previsualise-ces-lunettes-intelligentes-de-suivi-des-emotions-et-elles-semblent-etrangement-utiles\/\"},\"wordCount\":1405,\"publisher\":{\"@id\":\"https:\/\/vieassociative.be\/actualites\/#organization\"},\"image\":{\"@id\":\"https:\/\/vieassociative.be\/actualites\/jai-previsualise-ces-lunettes-intelligentes-de-suivi-des-emotions-et-elles-semblent-etrangement-utiles\/#primaryimage\"},\"thumbnailUrl\":\"https:\/\/vieassociative.be\/actualites\/wp-content\/uploads\/2025\/07\/1751505438_Jai-previsualise-ces-lunettes-intelligentes-de-suivi-des-emotions-et.jpg\",\"keywords\":[\"ces\",\"Des\",\"elles\",\"\u00e9motions\",\"\u00e9trangement\",\"intelligentes\",\"Jai\",\"lunettes\",\"pr\u00e9visualis\u00e9\",\"semblent\",\"suivi\",\"utiles\"],\"articleSection\":[\"Technologie\"],\"inLanguage\":\"fr-BE\"},{\"@type\":\"WebPage\",\"@id\":\"https:\/\/vieassociative.be\/actualites\/jai-previsualise-ces-lunettes-intelligentes-de-suivi-des-emotions-et-elles-semblent-etrangement-utiles\/\",\"url\":\"https:\/\/vieassociative.be\/actualites\/jai-previsualise-ces-lunettes-intelligentes-de-suivi-des-emotions-et-elles-semblent-etrangement-utiles\/\",\"name\":\"J'ai pr\u00e9visualis\u00e9 ces lunettes intelligentes de suivi des \u00e9motions, et elles semblent \u00e9trangement utiles | Vie Associative\",\"isPartOf\":{\"@id\":\"https:\/\/vieassociative.be\/actualites\/#website\"},\"primaryImageOfPage\":{\"@id\":\"https:\/\/vieassociative.be\/actualites\/jai-previsualise-ces-lunettes-intelligentes-de-suivi-des-emotions-et-elles-semblent-etrangement-utiles\/#primaryimage\"},\"image\":{\"@id\":\"https:\/\/vieassociative.be\/actualites\/jai-previsualise-ces-lunettes-intelligentes-de-suivi-des-emotions-et-elles-semblent-etrangement-utiles\/#primaryimage\"},\"thumbnailUrl\":\"https:\/\/vieassociative.be\/actualites\/wp-content\/uploads\/2025\/07\/1751505438_Jai-previsualise-ces-lunettes-intelligentes-de-suivi-des-emotions-et.jpg\",\"datePublished\":\"2025-07-03T01:17:17+00:00\",\"dateModified\":\"2025-07-03T01:17:17+00:00\",\"breadcrumb\":{\"@id\":\"https:\/\/vieassociative.be\/actualites\/jai-previsualise-ces-lunettes-intelligentes-de-suivi-des-emotions-et-elles-semblent-etrangement-utiles\/#breadcrumb\"},\"inLanguage\":\"fr-BE\",\"potentialAction\":[{\"@type\":\"ReadAction\",\"target\":[\"https:\/\/vieassociative.be\/actualites\/jai-previsualise-ces-lunettes-intelligentes-de-suivi-des-emotions-et-elles-semblent-etrangement-utiles\/\"]}]},{\"@type\":\"ImageObject\",\"inLanguage\":\"fr-BE\",\"@id\":\"https:\/\/vieassociative.be\/actualites\/jai-previsualise-ces-lunettes-intelligentes-de-suivi-des-emotions-et-elles-semblent-etrangement-utiles\/#primaryimage\",\"url\":\"https:\/\/vieassociative.be\/actualites\/wp-content\/uploads\/2025\/07\/1751505438_Jai-previsualise-ces-lunettes-intelligentes-de-suivi-des-emotions-et.jpg\",\"contentUrl\":\"https:\/\/vieassociative.be\/actualites\/wp-content\/uploads\/2025\/07\/1751505438_Jai-previsualise-ces-lunettes-intelligentes-de-suivi-des-emotions-et.jpg\",\"width\":1200,\"height\":675,\"caption\":\"J'ai pr\u00e9visualis\u00e9 ces lunettes intelligentes de suivi des \u00e9motions, et elles semblent \u00e9trangement utiles\"},{\"@type\":\"BreadcrumbList\",\"@id\":\"https:\/\/vieassociative.be\/actualites\/jai-previsualise-ces-lunettes-intelligentes-de-suivi-des-emotions-et-elles-semblent-etrangement-utiles\/#breadcrumb\",\"itemListElement\":[{\"@type\":\"ListItem\",\"position\":1,\"name\":\"Accueil\",\"item\":\"https:\/\/vieassociative.be\/actualites\/\"},{\"@type\":\"ListItem\",\"position\":2,\"name\":\"J&rsquo;ai pr\u00e9visualis\u00e9 ces lunettes intelligentes de suivi des \u00e9motions, et elles semblent \u00e9trangement utiles\"}]},{\"@type\":\"WebSite\",\"@id\":\"https:\/\/vieassociative.be\/actualites\/#website\",\"url\":\"https:\/\/vieassociative.be\/actualites\/\",\"name\":\"Vie Associative\",\"description\":\"\",\"publisher\":{\"@id\":\"https:\/\/vieassociative.be\/actualites\/#organization\"},\"potentialAction\":[{\"@type\":\"SearchAction\",\"target\":{\"@type\":\"EntryPoint\",\"urlTemplate\":\"https:\/\/vieassociative.be\/actualites\/?s={search_term_string}\"},\"query-input\":{\"@type\":\"PropertyValueSpecification\",\"valueRequired\":true,\"valueName\":\"search_term_string\"}}],\"inLanguage\":\"fr-BE\"},{\"@type\":\"Organization\",\"@id\":\"https:\/\/vieassociative.be\/actualites\/#organization\",\"name\":\"Vie Associative\",\"url\":\"https:\/\/vieassociative.be\/actualites\/\",\"logo\":{\"@type\":\"ImageObject\",\"inLanguage\":\"fr-BE\",\"@id\":\"https:\/\/vieassociative.be\/actualites\/#\/schema\/logo\/image\/\",\"url\":\"https:\/\/vieassociative.be\/actualites\/wp-content\/uploads\/2024\/09\/cropped-vieassociative_favicon.ico.png\",\"contentUrl\":\"https:\/\/vieassociative.be\/actualites\/wp-content\/uploads\/2024\/09\/cropped-vieassociative_favicon.ico.png\",\"width\":512,\"height\":512,\"caption\":\"Vie Associative\"},\"image\":{\"@id\":\"https:\/\/vieassociative.be\/actualites\/#\/schema\/logo\/image\/\"}},{\"@type\":\"Person\",\"@id\":\"https:\/\/vieassociative.be\/actualites\/#\/schema\/person\/b87ac4f82f9d4e7b7cec7395b679edc4\",\"name\":\"Julien\",\"image\":{\"@type\":\"ImageObject\",\"inLanguage\":\"fr-BE\",\"@id\":\"https:\/\/vieassociative.be\/actualites\/#\/schema\/person\/image\/\",\"url\":\"https:\/\/vieassociative.be\/actualites\/wp-content\/uploads\/2024\/09\/vie-associative-1-150x150.jpg\",\"contentUrl\":\"https:\/\/vieassociative.be\/actualites\/wp-content\/uploads\/2024\/09\/vie-associative-1-150x150.jpg\",\"caption\":\"Julien\"},\"description\":\"Je suis Julien, r\u00e9dacteur pour Vie Associative. Passionn\u00e9 par le monde associatif depuis plus de 10 ans, j'ai \u00e0 c\u0153ur de partager des histoires inspirantes et de mettre en lumi\u00e8re les initiatives locales. Mon objectif est de sensibiliser et d'encourager l'engagement communautaire \u00e0 travers mes articles.\",\"sameAs\":[\"https:\/\/vieassociative.be\/\"]}]}<\/script>\n<!-- \/ Yoast SEO plugin. -->","yoast_head_json":{"title":"J'ai pr\u00e9visualis\u00e9 ces lunettes intelligentes de suivi des \u00e9motions, et elles semblent \u00e9trangement utiles | Vie Associative","robots":{"index":"index","follow":"follow","max-snippet":"max-snippet:-1","max-image-preview":"max-image-preview:large","max-video-preview":"max-video-preview:-1"},"canonical":"https:\/\/vieassociative.be\/actualites\/jai-previsualise-ces-lunettes-intelligentes-de-suivi-des-emotions-et-elles-semblent-etrangement-utiles\/","og_locale":"fr_FR","og_type":"article","og_title":"J'ai pr\u00e9visualis\u00e9 ces lunettes intelligentes de suivi des \u00e9motions, et elles semblent \u00e9trangement utiles | Vie Associative","og_description":"Et si une bague d&rsquo;humeur et un Fitbit avaient un b\u00e9b\u00e9 que vous pouviez porter sur votre visage? Nous savons que les lunettes intelligentes peuvent","og_url":"https:\/\/vieassociative.be\/actualites\/jai-previsualise-ces-lunettes-intelligentes-de-suivi-des-emotions-et-elles-semblent-etrangement-utiles\/","og_site_name":"Vie Associative","article_published_time":"2025-07-03T01:17:17+00:00","og_image":[{"url":"https:\/\/vieassociative.be\/actualites\/wp-content\/uploads\/2025\/07\/Jai-previsualise-ces-lunettes-intelligentes-de-suivi-des-emotions-et.jpg","type":"","width":"","height":""}],"author":"Julien","twitter_card":"summary_large_image","twitter_misc":{"\u00c9crit par":"Julien","Dur\u00e9e de lecture est.":"7 minutes"},"schema":{"@context":"https:\/\/schema.org","@graph":[{"@type":"Article","@id":"https:\/\/vieassociative.be\/actualites\/jai-previsualise-ces-lunettes-intelligentes-de-suivi-des-emotions-et-elles-semblent-etrangement-utiles\/#article","isPartOf":{"@id":"https:\/\/vieassociative.be\/actualites\/jai-previsualise-ces-lunettes-intelligentes-de-suivi-des-emotions-et-elles-semblent-etrangement-utiles\/"},"author":{"name":"Julien","@id":"https:\/\/vieassociative.be\/actualites\/#\/schema\/person\/b87ac4f82f9d4e7b7cec7395b679edc4"},"headline":"J&rsquo;ai pr\u00e9visualis\u00e9 ces lunettes intelligentes de suivi des \u00e9motions, et elles semblent \u00e9trangement utiles","datePublished":"2025-07-03T01:17:17+00:00","dateModified":"2025-07-03T01:17:17+00:00","mainEntityOfPage":{"@id":"https:\/\/vieassociative.be\/actualites\/jai-previsualise-ces-lunettes-intelligentes-de-suivi-des-emotions-et-elles-semblent-etrangement-utiles\/"},"wordCount":1405,"publisher":{"@id":"https:\/\/vieassociative.be\/actualites\/#organization"},"image":{"@id":"https:\/\/vieassociative.be\/actualites\/jai-previsualise-ces-lunettes-intelligentes-de-suivi-des-emotions-et-elles-semblent-etrangement-utiles\/#primaryimage"},"thumbnailUrl":"https:\/\/vieassociative.be\/actualites\/wp-content\/uploads\/2025\/07\/1751505438_Jai-previsualise-ces-lunettes-intelligentes-de-suivi-des-emotions-et.jpg","keywords":["ces","Des","elles","\u00e9motions","\u00e9trangement","intelligentes","Jai","lunettes","pr\u00e9visualis\u00e9","semblent","suivi","utiles"],"articleSection":["Technologie"],"inLanguage":"fr-BE"},{"@type":"WebPage","@id":"https:\/\/vieassociative.be\/actualites\/jai-previsualise-ces-lunettes-intelligentes-de-suivi-des-emotions-et-elles-semblent-etrangement-utiles\/","url":"https:\/\/vieassociative.be\/actualites\/jai-previsualise-ces-lunettes-intelligentes-de-suivi-des-emotions-et-elles-semblent-etrangement-utiles\/","name":"J'ai pr\u00e9visualis\u00e9 ces lunettes intelligentes de suivi des \u00e9motions, et elles semblent \u00e9trangement utiles | Vie Associative","isPartOf":{"@id":"https:\/\/vieassociative.be\/actualites\/#website"},"primaryImageOfPage":{"@id":"https:\/\/vieassociative.be\/actualites\/jai-previsualise-ces-lunettes-intelligentes-de-suivi-des-emotions-et-elles-semblent-etrangement-utiles\/#primaryimage"},"image":{"@id":"https:\/\/vieassociative.be\/actualites\/jai-previsualise-ces-lunettes-intelligentes-de-suivi-des-emotions-et-elles-semblent-etrangement-utiles\/#primaryimage"},"thumbnailUrl":"https:\/\/vieassociative.be\/actualites\/wp-content\/uploads\/2025\/07\/1751505438_Jai-previsualise-ces-lunettes-intelligentes-de-suivi-des-emotions-et.jpg","datePublished":"2025-07-03T01:17:17+00:00","dateModified":"2025-07-03T01:17:17+00:00","breadcrumb":{"@id":"https:\/\/vieassociative.be\/actualites\/jai-previsualise-ces-lunettes-intelligentes-de-suivi-des-emotions-et-elles-semblent-etrangement-utiles\/#breadcrumb"},"inLanguage":"fr-BE","potentialAction":[{"@type":"ReadAction","target":["https:\/\/vieassociative.be\/actualites\/jai-previsualise-ces-lunettes-intelligentes-de-suivi-des-emotions-et-elles-semblent-etrangement-utiles\/"]}]},{"@type":"ImageObject","inLanguage":"fr-BE","@id":"https:\/\/vieassociative.be\/actualites\/jai-previsualise-ces-lunettes-intelligentes-de-suivi-des-emotions-et-elles-semblent-etrangement-utiles\/#primaryimage","url":"https:\/\/vieassociative.be\/actualites\/wp-content\/uploads\/2025\/07\/1751505438_Jai-previsualise-ces-lunettes-intelligentes-de-suivi-des-emotions-et.jpg","contentUrl":"https:\/\/vieassociative.be\/actualites\/wp-content\/uploads\/2025\/07\/1751505438_Jai-previsualise-ces-lunettes-intelligentes-de-suivi-des-emotions-et.jpg","width":1200,"height":675,"caption":"J'ai pr\u00e9visualis\u00e9 ces lunettes intelligentes de suivi des \u00e9motions, et elles semblent \u00e9trangement utiles"},{"@type":"BreadcrumbList","@id":"https:\/\/vieassociative.be\/actualites\/jai-previsualise-ces-lunettes-intelligentes-de-suivi-des-emotions-et-elles-semblent-etrangement-utiles\/#breadcrumb","itemListElement":[{"@type":"ListItem","position":1,"name":"Accueil","item":"https:\/\/vieassociative.be\/actualites\/"},{"@type":"ListItem","position":2,"name":"J&rsquo;ai pr\u00e9visualis\u00e9 ces lunettes intelligentes de suivi des \u00e9motions, et elles semblent \u00e9trangement utiles"}]},{"@type":"WebSite","@id":"https:\/\/vieassociative.be\/actualites\/#website","url":"https:\/\/vieassociative.be\/actualites\/","name":"Vie Associative","description":"","publisher":{"@id":"https:\/\/vieassociative.be\/actualites\/#organization"},"potentialAction":[{"@type":"SearchAction","target":{"@type":"EntryPoint","urlTemplate":"https:\/\/vieassociative.be\/actualites\/?s={search_term_string}"},"query-input":{"@type":"PropertyValueSpecification","valueRequired":true,"valueName":"search_term_string"}}],"inLanguage":"fr-BE"},{"@type":"Organization","@id":"https:\/\/vieassociative.be\/actualites\/#organization","name":"Vie Associative","url":"https:\/\/vieassociative.be\/actualites\/","logo":{"@type":"ImageObject","inLanguage":"fr-BE","@id":"https:\/\/vieassociative.be\/actualites\/#\/schema\/logo\/image\/","url":"https:\/\/vieassociative.be\/actualites\/wp-content\/uploads\/2024\/09\/cropped-vieassociative_favicon.ico.png","contentUrl":"https:\/\/vieassociative.be\/actualites\/wp-content\/uploads\/2024\/09\/cropped-vieassociative_favicon.ico.png","width":512,"height":512,"caption":"Vie Associative"},"image":{"@id":"https:\/\/vieassociative.be\/actualites\/#\/schema\/logo\/image\/"}},{"@type":"Person","@id":"https:\/\/vieassociative.be\/actualites\/#\/schema\/person\/b87ac4f82f9d4e7b7cec7395b679edc4","name":"Julien","image":{"@type":"ImageObject","inLanguage":"fr-BE","@id":"https:\/\/vieassociative.be\/actualites\/#\/schema\/person\/image\/","url":"https:\/\/vieassociative.be\/actualites\/wp-content\/uploads\/2024\/09\/vie-associative-1-150x150.jpg","contentUrl":"https:\/\/vieassociative.be\/actualites\/wp-content\/uploads\/2024\/09\/vie-associative-1-150x150.jpg","caption":"Julien"},"description":"Je suis Julien, r\u00e9dacteur pour Vie Associative. Passionn\u00e9 par le monde associatif depuis plus de 10 ans, j'ai \u00e0 c\u0153ur de partager des histoires inspirantes et de mettre en lumi\u00e8re les initiatives locales. Mon objectif est de sensibiliser et d'encourager l'engagement communautaire \u00e0 travers mes articles.","sameAs":["https:\/\/vieassociative.be\/"]}]}},"_links":{"self":[{"href":"https:\/\/vieassociative.be\/actualites\/wp-json\/wp\/v2\/posts\/8503"}],"collection":[{"href":"https:\/\/vieassociative.be\/actualites\/wp-json\/wp\/v2\/posts"}],"about":[{"href":"https:\/\/vieassociative.be\/actualites\/wp-json\/wp\/v2\/types\/post"}],"author":[{"embeddable":true,"href":"https:\/\/vieassociative.be\/actualites\/wp-json\/wp\/v2\/users\/1"}],"replies":[{"embeddable":true,"href":"https:\/\/vieassociative.be\/actualites\/wp-json\/wp\/v2\/comments?post=8503"}],"version-history":[{"count":0,"href":"https:\/\/vieassociative.be\/actualites\/wp-json\/wp\/v2\/posts\/8503\/revisions"}],"wp:featuredmedia":[{"embeddable":true,"href":"https:\/\/vieassociative.be\/actualites\/wp-json\/wp\/v2\/media\/8504"}],"wp:attachment":[{"href":"https:\/\/vieassociative.be\/actualites\/wp-json\/wp\/v2\/media?parent=8503"}],"wp:term":[{"taxonomy":"category","embeddable":true,"href":"https:\/\/vieassociative.be\/actualites\/wp-json\/wp\/v2\/categories?post=8503"},{"taxonomy":"post_tag","embeddable":true,"href":"https:\/\/vieassociative.be\/actualites\/wp-json\/wp\/v2\/tags?post=8503"}],"curies":[{"name":"wp","href":"https:\/\/api.w.org\/{rel}","templated":true}]}}