{"id":8501,"date":"2025-07-02T22:20:41","date_gmt":"2025-07-02T20:20:41","guid":{"rendered":"https:\/\/vieassociative.be\/actualites\/premier-de-wever-dans-eupen-la-representation-garantie-pour-la-repression-allemande-est-une-tache-resoluble\/"},"modified":"2025-07-02T22:20:41","modified_gmt":"2025-07-02T20:20:41","slug":"premier-de-wever-dans-eupen-la-representation-garantie-pour-la-repression-allemande-est-une-tache-resoluble","status":"publish","type":"post","link":"https:\/\/vieassociative.be\/actualites\/premier-de-wever-dans-eupen-la-representation-garantie-pour-la-repression-allemande-est-une-tache-resoluble\/","title":{"rendered":"Premier de Wever dans Eupen: la repr\u00e9sentation garantie pour la r\u00e9pression allemande est une t\u00e2che r\u00e9soluble"},"content":{"rendered":"<p><strong>Cinq mois apr\u00e8s son inauguration en tant que Premier ministre, Bart De Wever (N-VA) a visit\u00e9 la communaut\u00e9 germanophone.<\/strong><\/p>\n<p><span id=\"more-419144\"><\/span>En plus d&rsquo;un \u00e9change avec les membres du gouvernement DG, De Wever et le Premier ministre Oliver Paasch (ProDG) ont discut\u00e9 des questions actuelles telles que les r\u00e9formes socio-\u00e9conomiques du gouvernement f\u00e9d\u00e9ral ou les exigences de la repr\u00e9sentation germanophone dans la Chambre des membres f\u00e9d\u00e9raux.<\/p>\n<div id=\"attachment_419155\" class=\"wp-caption alignleft\" style=\"max-width: 300px\"><img fetchpriority=\"high\" decoding=\"async\" class=\"wp-image-419155 size-medium\" src=\"https:\/\/vieassociative.be\/actualites\/wp-content\/uploads\/2025\/07\/Premier-de-Wever-dans-Eupen-la-representation-garantie-pour-la.jpg\" alt=\"\" width=\"300\" height=\"199\"  ><\/p>\n<p class=\"wp-caption-text\">Le Premier ministre Bart De Wever (R) va dans le livre d&rsquo;or &#8211; au grand plaisir du Premier ministre Oliver Paasch (L). Photo: Helmut Koch<\/p>\n<\/div>\n<p>Lors de la conf\u00e9rence de presse ult\u00e9rieure, au cours de laquelle De Wever a parl\u00e9 exclusivement allemand, le Premier ministre a d\u00e9clar\u00e9 qu&rsquo;apr\u00e8s l&rsquo;abolition du S\u00e9nat, une solution pour repr\u00e9senter la communaut\u00e9 allemande au Parlement f\u00e9d\u00e9ral a d\u00fb \u00eatre trouv\u00e9e. \u00ab\u00a0Dans un pays complexe comme la Belgique, qui est comme une mini-europe, il est important que tout le monde ait une voix\u00a0\u00bb, a-t-il d\u00e9clar\u00e9.<\/p>\n<p>L&rsquo;abolition du S\u00e9nat est d&rsquo;une importance cruciale pour les personnes allemandes, car la DG y a un si\u00e8ge garanti. Le S\u00e9nat se compose de 29 personnes hollandaises, de 20 fran\u00e7ais et d&rsquo;un membre allemand. L&rsquo;abolition de l&rsquo;institution mettrait en danger cette repr\u00e9sentation garantie.<\/p>\n<p>\u00ab\u00a0L&rsquo;exp\u00e9rience a montr\u00e9 que cette repr\u00e9sentation \u00e9tait extr\u00eamement importante\u00a0\u00bb, a soulign\u00e9 le Premier ministre Paasch. En particulier, il a fait r\u00e9f\u00e9rence aux discussions tendues en 2015 apr\u00e8s la 6e r\u00e9forme de l&rsquo;\u00c9tat sur le refinancement de la DG, lorsqu&rsquo;une erreur dans les textes aurait pu avoir de graves cons\u00e9quences. \u00c0 son avis, le sous-financement en r\u00e9sulte ne pouvait \u00eatre corrig\u00e9 que gr\u00e2ce \u00e0 l&rsquo;approche conjointe de son gouvernement et du repr\u00e9sentant allemand-r\u00e9partiel au Parlement f\u00e9d\u00e9ral.<\/p>\n<\/p>\n<div id=\"attachment_419157\" class=\"wp-caption alignleft\" style=\"max-width: 300px\"><img decoding=\"async\" class=\"wp-image-419157 size-medium\" src=\"https:\/\/vieassociative.be\/actualites\/wp-content\/uploads\/2025\/07\/1751487641_722_Premier-de-Wever-dans-Eupen-la-representation-garantie-pour-la.jpg\" alt=\"\" width=\"300\" height=\"199\"  ><\/p>\n<p class=\"wp-caption-text\">Le Premier ministre Bart de Wever (R) dans l&rsquo;interview avec le BRF. Photo: Helmut Koch<\/p>\n<\/div>\n<p>La chambre a toujours un d\u00e9put\u00e9 allemand (Luc Frank du CSP ou des Engages), mais ce si\u00e8ge est \u00ab\u00a0accidentel\u00a0\u00bb et d\u00e9pend des r\u00e9sultats des \u00e9lections dans les circonscriptions, comme Bart De Wever l&rsquo;a admis. On se souvient seulement que l&rsquo;ancien d\u00e9put\u00e9 Fred Evers (PFF) a \u00e9t\u00e9 r\u00e9guli\u00e8rement insult\u00e9 par le PDG en tant que \u00ab\u00a0candidat \u00e0 la loterie\u00a0\u00bb.<\/p>\n<p>Selon le Premier ministre de Wever, la pr\u00e9sence de la r\u00e9partition allemande \u00e0 Br\u00fbssel doit \u00eatre \u00ab\u00a0s\u00e9curis\u00e9e\u00a0\u00bb. Il a parl\u00e9 de l&rsquo;id\u00e9e de cr\u00e9er sa propre circonscription pour la communaut\u00e9 allemande. Jusqu&rsquo;\u00e0 pr\u00e9sent, les 80 000 personnes allemandes pour les \u00e9lections f\u00e9d\u00e9rales ont fait partie de la circonscription de Li\u00e8ge.<\/p>\n<p>\u00ab\u00a0Ce n&rsquo;est jamais facile dans ce pays car nous avons besoin d&rsquo;une majorit\u00e9 \u00e0 deux tiers, mais nous y travaillerons\u00a0\u00bb, a promis de Wever et a ajout\u00e9 qu&rsquo;il pourrait \u00e9galement y avoir d&rsquo;autres solutions. (Cre)<\/p>\n<p><em><strong>Voici quelques photos de Helmut Koch de la visite du Premier ministre Bart De Wever mercredi \u00e0 Eupen (cliquez pour agrandir l&rsquo;image):<\/strong><\/em><\/p>\n<div class=\"wp-gallery row\">\n<figure class=\"column small-6 medium-3 end\"><img decoding=\"async\" src=\"https:\/\/vieassociative.be\/actualites\/wp-content\/uploads\/2025\/07\/1751487641_37_Premier-de-Wever-dans-Eupen-la-representation-garantie-pour-la.jpg\" width=\"159\" height=\"159\" alt=\"\"><\/figure>\n<figure class=\"column small-6 medium-3 end\"><img loading=\"lazy\" decoding=\"async\" src=\"https:\/\/vieassociative.be\/actualites\/wp-content\/uploads\/2025\/07\/1751487641_93_Premier-de-Wever-dans-Eupen-la-representation-garantie-pour-la.jpg\" width=\"159\" height=\"159\" alt=\"\"><\/figure>\n<figure class=\"column small-6 medium-3 end\"><img loading=\"lazy\" decoding=\"async\" src=\"https:\/\/vieassociative.be\/actualites\/wp-content\/uploads\/2025\/07\/1751487641_596_Premier-de-Wever-dans-Eupen-la-representation-garantie-pour-la.jpg\" width=\"159\" height=\"159\" alt=\"\"><\/figure>\n<figure class=\"column small-6 medium-3 end\"><img loading=\"lazy\" decoding=\"async\" src=\"https:\/\/vieassociative.be\/actualites\/wp-content\/uploads\/2025\/07\/1751487641_530_Premier-de-Wever-dans-Eupen-la-representation-garantie-pour-la.jpg\" width=\"159\" height=\"159\" alt=\"\"><\/figure>\n<\/div>\n","protected":false},"excerpt":{"rendered":"<p>Cinq mois apr\u00e8s son inauguration en tant que Premier ministre, Bart De Wever (N-VA) a visit\u00e9 la communaut\u00e9 germanophone. En plus d&rsquo;un \u00e9change avec les<\/p>\n","protected":false},"author":1,"featured_media":8502,"comment_status":"","ping_status":"","sticky":false,"template":"","format":"standard","meta":{"footnotes":""},"categories":[298],"tags":[7596,166,76,2329,5394,81,443,7594,7595,7597,7305,110,2755],"class_list":["post-8501","post","type-post","status-publish","format-standard","has-post-thumbnail","hentry","category-belgique","tag-allemande","tag-dans","tag-est","tag-eupen","tag-garantie","tag-pour","tag-premier","tag-representation","tag-repression","tag-resoluble","tag-tache","tag-une","tag-wever","generate-columns","tablet-grid-50","mobile-grid-100","grid-parent","grid-33"],"yoast_head":"<!-- This site is optimized with the Yoast SEO plugin v24.0 - https:\/\/yoast.com\/wordpress\/plugins\/seo\/ -->\n<title>Premier de Wever dans Eupen: la repr\u00e9sentation garantie pour la r\u00e9pression allemande est une t\u00e2che r\u00e9soluble | Vie Associative<\/title>\n<meta name=\"robots\" content=\"index, follow, max-snippet:-1, max-image-preview:large, max-video-preview:-1\" \/>\n<link rel=\"canonical\" href=\"https:\/\/vieassociative.be\/actualites\/premier-de-wever-dans-eupen-la-representation-garantie-pour-la-repression-allemande-est-une-tache-resoluble\/\" \/>\n<meta property=\"og:locale\" content=\"fr_FR\" \/>\n<meta property=\"og:type\" content=\"article\" \/>\n<meta property=\"og:title\" content=\"Premier de Wever dans Eupen: la repr\u00e9sentation garantie pour la r\u00e9pression allemande est une t\u00e2che r\u00e9soluble | Vie Associative\" \/>\n<meta property=\"og:description\" content=\"Cinq mois apr\u00e8s son inauguration en tant que Premier ministre, Bart De Wever (N-VA) a visit\u00e9 la communaut\u00e9 germanophone. En plus d&rsquo;un \u00e9change avec les\" \/>\n<meta property=\"og:url\" content=\"https:\/\/vieassociative.be\/actualites\/premier-de-wever-dans-eupen-la-representation-garantie-pour-la-repression-allemande-est-une-tache-resoluble\/\" \/>\n<meta property=\"og:site_name\" content=\"Vie Associative\" \/>\n<meta property=\"article:published_time\" content=\"2025-07-02T20:20:41+00:00\" \/>\n<meta property=\"og:image\" content=\"https:\/\/vieassociative.be\/actualites\/wp-content\/uploads\/2024\/09\/header_backgroundk-01-e1726694325946.png\" \/>\n\t<meta property=\"og:image:width\" content=\"279\" \/>\n\t<meta property=\"og:image:height\" content=\"92\" \/>\n\t<meta property=\"og:image:type\" content=\"image\/png\" \/>\n<meta name=\"author\" content=\"Julien\" \/>\n<meta name=\"twitter:card\" content=\"summary_large_image\" \/>\n<meta name=\"twitter:label1\" content=\"\u00c9crit par\" \/>\n\t<meta name=\"twitter:data1\" content=\"Julien\" \/>\n\t<meta name=\"twitter:label2\" content=\"Dur\u00e9e de lecture est.\" \/>\n\t<meta name=\"twitter:data2\" content=\"2 minutes\" \/>\n<script type=\"application\/ld+json\" class=\"yoast-schema-graph\">{\"@context\":\"https:\/\/schema.org\",\"@graph\":[{\"@type\":\"Article\",\"@id\":\"https:\/\/vieassociative.be\/actualites\/premier-de-wever-dans-eupen-la-representation-garantie-pour-la-repression-allemande-est-une-tache-resoluble\/#article\",\"isPartOf\":{\"@id\":\"https:\/\/vieassociative.be\/actualites\/premier-de-wever-dans-eupen-la-representation-garantie-pour-la-repression-allemande-est-une-tache-resoluble\/\"},\"author\":{\"name\":\"Julien\",\"@id\":\"https:\/\/vieassociative.be\/actualites\/#\/schema\/person\/b87ac4f82f9d4e7b7cec7395b679edc4\"},\"headline\":\"Premier de Wever dans Eupen: la repr\u00e9sentation garantie pour la r\u00e9pression allemande est une t\u00e2che r\u00e9soluble\",\"datePublished\":\"2025-07-02T20:20:41+00:00\",\"dateModified\":\"2025-07-02T20:20:41+00:00\",\"mainEntityOfPage\":{\"@id\":\"https:\/\/vieassociative.be\/actualites\/premier-de-wever-dans-eupen-la-representation-garantie-pour-la-repression-allemande-est-une-tache-resoluble\/\"},\"wordCount\":537,\"publisher\":{\"@id\":\"https:\/\/vieassociative.be\/actualites\/#organization\"},\"image\":{\"@id\":\"https:\/\/vieassociative.be\/actualites\/premier-de-wever-dans-eupen-la-representation-garantie-pour-la-repression-allemande-est-une-tache-resoluble\/#primaryimage\"},\"thumbnailUrl\":\"https:\/\/vieassociative.be\/actualites\/wp-content\/uploads\/2025\/07\/1751487642_Premier-de-Wever-dans-Eupen-la-representation-garantie-pour-la.jpg\",\"keywords\":[\"allemande\",\"dans\",\"est\",\"Eupen\",\"garantie\",\"pour\",\"premier\",\"repr\u00e9sentation\",\"r\u00e9pression\",\"r\u00e9soluble\",\"t\u00e2che\",\"une\",\"Wever\"],\"articleSection\":[\"Belgique\"],\"inLanguage\":\"fr-BE\"},{\"@type\":\"WebPage\",\"@id\":\"https:\/\/vieassociative.be\/actualites\/premier-de-wever-dans-eupen-la-representation-garantie-pour-la-repression-allemande-est-une-tache-resoluble\/\",\"url\":\"https:\/\/vieassociative.be\/actualites\/premier-de-wever-dans-eupen-la-representation-garantie-pour-la-repression-allemande-est-une-tache-resoluble\/\",\"name\":\"Premier de Wever dans Eupen: la repr\u00e9sentation garantie pour la r\u00e9pression allemande est une t\u00e2che r\u00e9soluble | Vie Associative\",\"isPartOf\":{\"@id\":\"https:\/\/vieassociative.be\/actualites\/#website\"},\"primaryImageOfPage\":{\"@id\":\"https:\/\/vieassociative.be\/actualites\/premier-de-wever-dans-eupen-la-representation-garantie-pour-la-repression-allemande-est-une-tache-resoluble\/#primaryimage\"},\"image\":{\"@id\":\"https:\/\/vieassociative.be\/actualites\/premier-de-wever-dans-eupen-la-representation-garantie-pour-la-repression-allemande-est-une-tache-resoluble\/#primaryimage\"},\"thumbnailUrl\":\"https:\/\/vieassociative.be\/actualites\/wp-content\/uploads\/2025\/07\/1751487642_Premier-de-Wever-dans-Eupen-la-representation-garantie-pour-la.jpg\",\"datePublished\":\"2025-07-02T20:20:41+00:00\",\"dateModified\":\"2025-07-02T20:20:41+00:00\",\"breadcrumb\":{\"@id\":\"https:\/\/vieassociative.be\/actualites\/premier-de-wever-dans-eupen-la-representation-garantie-pour-la-repression-allemande-est-une-tache-resoluble\/#breadcrumb\"},\"inLanguage\":\"fr-BE\",\"potentialAction\":[{\"@type\":\"ReadAction\",\"target\":[\"https:\/\/vieassociative.be\/actualites\/premier-de-wever-dans-eupen-la-representation-garantie-pour-la-repression-allemande-est-une-tache-resoluble\/\"]}]},{\"@type\":\"ImageObject\",\"inLanguage\":\"fr-BE\",\"@id\":\"https:\/\/vieassociative.be\/actualites\/premier-de-wever-dans-eupen-la-representation-garantie-pour-la-repression-allemande-est-une-tache-resoluble\/#primaryimage\",\"url\":\"https:\/\/vieassociative.be\/actualites\/wp-content\/uploads\/2025\/07\/1751487642_Premier-de-Wever-dans-Eupen-la-representation-garantie-pour-la.jpg\",\"contentUrl\":\"https:\/\/vieassociative.be\/actualites\/wp-content\/uploads\/2025\/07\/1751487642_Premier-de-Wever-dans-Eupen-la-representation-garantie-pour-la.jpg\",\"width\":1024,\"height\":678,\"caption\":\"Premier de Wever dans Eupen: la repr\u00e9sentation garantie pour la r\u00e9pression allemande est une t\u00e2che r\u00e9soluble\"},{\"@type\":\"BreadcrumbList\",\"@id\":\"https:\/\/vieassociative.be\/actualites\/premier-de-wever-dans-eupen-la-representation-garantie-pour-la-repression-allemande-est-une-tache-resoluble\/#breadcrumb\",\"itemListElement\":[{\"@type\":\"ListItem\",\"position\":1,\"name\":\"Accueil\",\"item\":\"https:\/\/vieassociative.be\/actualites\/\"},{\"@type\":\"ListItem\",\"position\":2,\"name\":\"Premier de Wever dans Eupen: la repr\u00e9sentation garantie pour la r\u00e9pression allemande est une t\u00e2che r\u00e9soluble\"}]},{\"@type\":\"WebSite\",\"@id\":\"https:\/\/vieassociative.be\/actualites\/#website\",\"url\":\"https:\/\/vieassociative.be\/actualites\/\",\"name\":\"Vie Associative\",\"description\":\"\",\"publisher\":{\"@id\":\"https:\/\/vieassociative.be\/actualites\/#organization\"},\"potentialAction\":[{\"@type\":\"SearchAction\",\"target\":{\"@type\":\"EntryPoint\",\"urlTemplate\":\"https:\/\/vieassociative.be\/actualites\/?s={search_term_string}\"},\"query-input\":{\"@type\":\"PropertyValueSpecification\",\"valueRequired\":true,\"valueName\":\"search_term_string\"}}],\"inLanguage\":\"fr-BE\"},{\"@type\":\"Organization\",\"@id\":\"https:\/\/vieassociative.be\/actualites\/#organization\",\"name\":\"Vie Associative\",\"url\":\"https:\/\/vieassociative.be\/actualites\/\",\"logo\":{\"@type\":\"ImageObject\",\"inLanguage\":\"fr-BE\",\"@id\":\"https:\/\/vieassociative.be\/actualites\/#\/schema\/logo\/image\/\",\"url\":\"https:\/\/vieassociative.be\/actualites\/wp-content\/uploads\/2024\/09\/cropped-vieassociative_favicon.ico.png\",\"contentUrl\":\"https:\/\/vieassociative.be\/actualites\/wp-content\/uploads\/2024\/09\/cropped-vieassociative_favicon.ico.png\",\"width\":512,\"height\":512,\"caption\":\"Vie Associative\"},\"image\":{\"@id\":\"https:\/\/vieassociative.be\/actualites\/#\/schema\/logo\/image\/\"}},{\"@type\":\"Person\",\"@id\":\"https:\/\/vieassociative.be\/actualites\/#\/schema\/person\/b87ac4f82f9d4e7b7cec7395b679edc4\",\"name\":\"Julien\",\"image\":{\"@type\":\"ImageObject\",\"inLanguage\":\"fr-BE\",\"@id\":\"https:\/\/vieassociative.be\/actualites\/#\/schema\/person\/image\/\",\"url\":\"https:\/\/vieassociative.be\/actualites\/wp-content\/uploads\/2024\/09\/vie-associative-1-150x150.jpg\",\"contentUrl\":\"https:\/\/vieassociative.be\/actualites\/wp-content\/uploads\/2024\/09\/vie-associative-1-150x150.jpg\",\"caption\":\"Julien\"},\"description\":\"Je suis Julien, r\u00e9dacteur pour Vie Associative. Passionn\u00e9 par le monde associatif depuis plus de 10 ans, j'ai \u00e0 c\u0153ur de partager des histoires inspirantes et de mettre en lumi\u00e8re les initiatives locales. Mon objectif est de sensibiliser et d'encourager l'engagement communautaire \u00e0 travers mes articles.\",\"sameAs\":[\"https:\/\/vieassociative.be\/\"]}]}<\/script>\n<!-- \/ Yoast SEO plugin. -->","yoast_head_json":{"title":"Premier de Wever dans Eupen: la repr\u00e9sentation garantie pour la r\u00e9pression allemande est une t\u00e2che r\u00e9soluble | Vie Associative","robots":{"index":"index","follow":"follow","max-snippet":"max-snippet:-1","max-image-preview":"max-image-preview:large","max-video-preview":"max-video-preview:-1"},"canonical":"https:\/\/vieassociative.be\/actualites\/premier-de-wever-dans-eupen-la-representation-garantie-pour-la-repression-allemande-est-une-tache-resoluble\/","og_locale":"fr_FR","og_type":"article","og_title":"Premier de Wever dans Eupen: la repr\u00e9sentation garantie pour la r\u00e9pression allemande est une t\u00e2che r\u00e9soluble | Vie Associative","og_description":"Cinq mois apr\u00e8s son inauguration en tant que Premier ministre, Bart De Wever (N-VA) a visit\u00e9 la communaut\u00e9 germanophone. En plus d&rsquo;un \u00e9change avec les","og_url":"https:\/\/vieassociative.be\/actualites\/premier-de-wever-dans-eupen-la-representation-garantie-pour-la-repression-allemande-est-une-tache-resoluble\/","og_site_name":"Vie Associative","article_published_time":"2025-07-02T20:20:41+00:00","og_image":[{"width":279,"height":92,"url":"https:\/\/vieassociative.be\/actualites\/wp-content\/uploads\/2024\/09\/header_backgroundk-01-e1726694325946.png","type":"image\/png"}],"author":"Julien","twitter_card":"summary_large_image","twitter_misc":{"\u00c9crit par":"Julien","Dur\u00e9e de lecture est.":"2 minutes"},"schema":{"@context":"https:\/\/schema.org","@graph":[{"@type":"Article","@id":"https:\/\/vieassociative.be\/actualites\/premier-de-wever-dans-eupen-la-representation-garantie-pour-la-repression-allemande-est-une-tache-resoluble\/#article","isPartOf":{"@id":"https:\/\/vieassociative.be\/actualites\/premier-de-wever-dans-eupen-la-representation-garantie-pour-la-repression-allemande-est-une-tache-resoluble\/"},"author":{"name":"Julien","@id":"https:\/\/vieassociative.be\/actualites\/#\/schema\/person\/b87ac4f82f9d4e7b7cec7395b679edc4"},"headline":"Premier de Wever dans Eupen: la repr\u00e9sentation garantie pour la r\u00e9pression allemande est une t\u00e2che r\u00e9soluble","datePublished":"2025-07-02T20:20:41+00:00","dateModified":"2025-07-02T20:20:41+00:00","mainEntityOfPage":{"@id":"https:\/\/vieassociative.be\/actualites\/premier-de-wever-dans-eupen-la-representation-garantie-pour-la-repression-allemande-est-une-tache-resoluble\/"},"wordCount":537,"publisher":{"@id":"https:\/\/vieassociative.be\/actualites\/#organization"},"image":{"@id":"https:\/\/vieassociative.be\/actualites\/premier-de-wever-dans-eupen-la-representation-garantie-pour-la-repression-allemande-est-une-tache-resoluble\/#primaryimage"},"thumbnailUrl":"https:\/\/vieassociative.be\/actualites\/wp-content\/uploads\/2025\/07\/1751487642_Premier-de-Wever-dans-Eupen-la-representation-garantie-pour-la.jpg","keywords":["allemande","dans","est","Eupen","garantie","pour","premier","repr\u00e9sentation","r\u00e9pression","r\u00e9soluble","t\u00e2che","une","Wever"],"articleSection":["Belgique"],"inLanguage":"fr-BE"},{"@type":"WebPage","@id":"https:\/\/vieassociative.be\/actualites\/premier-de-wever-dans-eupen-la-representation-garantie-pour-la-repression-allemande-est-une-tache-resoluble\/","url":"https:\/\/vieassociative.be\/actualites\/premier-de-wever-dans-eupen-la-representation-garantie-pour-la-repression-allemande-est-une-tache-resoluble\/","name":"Premier de Wever dans Eupen: la repr\u00e9sentation garantie pour la r\u00e9pression allemande est une t\u00e2che r\u00e9soluble | Vie Associative","isPartOf":{"@id":"https:\/\/vieassociative.be\/actualites\/#website"},"primaryImageOfPage":{"@id":"https:\/\/vieassociative.be\/actualites\/premier-de-wever-dans-eupen-la-representation-garantie-pour-la-repression-allemande-est-une-tache-resoluble\/#primaryimage"},"image":{"@id":"https:\/\/vieassociative.be\/actualites\/premier-de-wever-dans-eupen-la-representation-garantie-pour-la-repression-allemande-est-une-tache-resoluble\/#primaryimage"},"thumbnailUrl":"https:\/\/vieassociative.be\/actualites\/wp-content\/uploads\/2025\/07\/1751487642_Premier-de-Wever-dans-Eupen-la-representation-garantie-pour-la.jpg","datePublished":"2025-07-02T20:20:41+00:00","dateModified":"2025-07-02T20:20:41+00:00","breadcrumb":{"@id":"https:\/\/vieassociative.be\/actualites\/premier-de-wever-dans-eupen-la-representation-garantie-pour-la-repression-allemande-est-une-tache-resoluble\/#breadcrumb"},"inLanguage":"fr-BE","potentialAction":[{"@type":"ReadAction","target":["https:\/\/vieassociative.be\/actualites\/premier-de-wever-dans-eupen-la-representation-garantie-pour-la-repression-allemande-est-une-tache-resoluble\/"]}]},{"@type":"ImageObject","inLanguage":"fr-BE","@id":"https:\/\/vieassociative.be\/actualites\/premier-de-wever-dans-eupen-la-representation-garantie-pour-la-repression-allemande-est-une-tache-resoluble\/#primaryimage","url":"https:\/\/vieassociative.be\/actualites\/wp-content\/uploads\/2025\/07\/1751487642_Premier-de-Wever-dans-Eupen-la-representation-garantie-pour-la.jpg","contentUrl":"https:\/\/vieassociative.be\/actualites\/wp-content\/uploads\/2025\/07\/1751487642_Premier-de-Wever-dans-Eupen-la-representation-garantie-pour-la.jpg","width":1024,"height":678,"caption":"Premier de Wever dans Eupen: la repr\u00e9sentation garantie pour la r\u00e9pression allemande est une t\u00e2che r\u00e9soluble"},{"@type":"BreadcrumbList","@id":"https:\/\/vieassociative.be\/actualites\/premier-de-wever-dans-eupen-la-representation-garantie-pour-la-repression-allemande-est-une-tache-resoluble\/#breadcrumb","itemListElement":[{"@type":"ListItem","position":1,"name":"Accueil","item":"https:\/\/vieassociative.be\/actualites\/"},{"@type":"ListItem","position":2,"name":"Premier de Wever dans Eupen: la repr\u00e9sentation garantie pour la r\u00e9pression allemande est une t\u00e2che r\u00e9soluble"}]},{"@type":"WebSite","@id":"https:\/\/vieassociative.be\/actualites\/#website","url":"https:\/\/vieassociative.be\/actualites\/","name":"Vie Associative","description":"","publisher":{"@id":"https:\/\/vieassociative.be\/actualites\/#organization"},"potentialAction":[{"@type":"SearchAction","target":{"@type":"EntryPoint","urlTemplate":"https:\/\/vieassociative.be\/actualites\/?s={search_term_string}"},"query-input":{"@type":"PropertyValueSpecification","valueRequired":true,"valueName":"search_term_string"}}],"inLanguage":"fr-BE"},{"@type":"Organization","@id":"https:\/\/vieassociative.be\/actualites\/#organization","name":"Vie Associative","url":"https:\/\/vieassociative.be\/actualites\/","logo":{"@type":"ImageObject","inLanguage":"fr-BE","@id":"https:\/\/vieassociative.be\/actualites\/#\/schema\/logo\/image\/","url":"https:\/\/vieassociative.be\/actualites\/wp-content\/uploads\/2024\/09\/cropped-vieassociative_favicon.ico.png","contentUrl":"https:\/\/vieassociative.be\/actualites\/wp-content\/uploads\/2024\/09\/cropped-vieassociative_favicon.ico.png","width":512,"height":512,"caption":"Vie Associative"},"image":{"@id":"https:\/\/vieassociative.be\/actualites\/#\/schema\/logo\/image\/"}},{"@type":"Person","@id":"https:\/\/vieassociative.be\/actualites\/#\/schema\/person\/b87ac4f82f9d4e7b7cec7395b679edc4","name":"Julien","image":{"@type":"ImageObject","inLanguage":"fr-BE","@id":"https:\/\/vieassociative.be\/actualites\/#\/schema\/person\/image\/","url":"https:\/\/vieassociative.be\/actualites\/wp-content\/uploads\/2024\/09\/vie-associative-1-150x150.jpg","contentUrl":"https:\/\/vieassociative.be\/actualites\/wp-content\/uploads\/2024\/09\/vie-associative-1-150x150.jpg","caption":"Julien"},"description":"Je suis Julien, r\u00e9dacteur pour Vie Associative. Passionn\u00e9 par le monde associatif depuis plus de 10 ans, j'ai \u00e0 c\u0153ur de partager des histoires inspirantes et de mettre en lumi\u00e8re les initiatives locales. Mon objectif est de sensibiliser et d'encourager l'engagement communautaire \u00e0 travers mes articles.","sameAs":["https:\/\/vieassociative.be\/"]}]}},"_links":{"self":[{"href":"https:\/\/vieassociative.be\/actualites\/wp-json\/wp\/v2\/posts\/8501"}],"collection":[{"href":"https:\/\/vieassociative.be\/actualites\/wp-json\/wp\/v2\/posts"}],"about":[{"href":"https:\/\/vieassociative.be\/actualites\/wp-json\/wp\/v2\/types\/post"}],"author":[{"embeddable":true,"href":"https:\/\/vieassociative.be\/actualites\/wp-json\/wp\/v2\/users\/1"}],"replies":[{"embeddable":true,"href":"https:\/\/vieassociative.be\/actualites\/wp-json\/wp\/v2\/comments?post=8501"}],"version-history":[{"count":0,"href":"https:\/\/vieassociative.be\/actualites\/wp-json\/wp\/v2\/posts\/8501\/revisions"}],"wp:featuredmedia":[{"embeddable":true,"href":"https:\/\/vieassociative.be\/actualites\/wp-json\/wp\/v2\/media\/8502"}],"wp:attachment":[{"href":"https:\/\/vieassociative.be\/actualites\/wp-json\/wp\/v2\/media?parent=8501"}],"wp:term":[{"taxonomy":"category","embeddable":true,"href":"https:\/\/vieassociative.be\/actualites\/wp-json\/wp\/v2\/categories?post=8501"},{"taxonomy":"post_tag","embeddable":true,"href":"https:\/\/vieassociative.be\/actualites\/wp-json\/wp\/v2\/tags?post=8501"}],"curies":[{"name":"wp","href":"https:\/\/api.w.org\/{rel}","templated":true}]}}