{"id":8497,"date":"2025-07-02T16:17:41","date_gmt":"2025-07-02T14:17:41","guid":{"rendered":"https:\/\/vieassociative.be\/actualites\/apres-les-affrontements-dans-leupen-wetzlarbad-loperateur-lago-utilise-un-agent-de-securite\/"},"modified":"2025-07-02T16:17:41","modified_gmt":"2025-07-02T14:17:41","slug":"apres-les-affrontements-dans-leupen-wetzlarbad-loperateur-lago-utilise-un-agent-de-securite","status":"publish","type":"post","link":"https:\/\/vieassociative.be\/actualites\/apres-les-affrontements-dans-leupen-wetzlarbad-loperateur-lago-utilise-un-agent-de-securite\/","title":{"rendered":"Apr\u00e8s les affrontements dans l&rsquo;Eupen Wetzlarbad: l&rsquo;op\u00e9rateur Lago utilise un agent de s\u00e9curit\u00e9"},"content":{"rendered":"<p><strong>Le lundi 30 juin 2025, vers 17 heures, la zone de police de Weser-G\u00f6hl a de nouveau \u00e9t\u00e9 signal\u00e9e dans le Lago Wetzlarbad \u00e0 Eupen. L&rsquo;op\u00e9rateur est alors devenu actif.<\/strong><\/p>\n<p><span id=\"more-419122\"><\/span>Un groupe de douze jeunes de la r\u00e9gion de Vervier frappait \u00e0 20 h 20. et est par la suite entr\u00e9 en conflit avec un membre du personnel de la piscine. Un employ\u00e9 du Lago a \u00e9t\u00e9 verbalement et agress\u00e9 par l&rsquo;un des jeunes.<\/p>\n<p>La demande du personnel de la salle de bain de quitter le site n&rsquo;a pas \u00e9t\u00e9 suivie. Ce n&rsquo;est qu&rsquo;\u00e0 travers l&rsquo;intervention de la police que les personnes impliqu\u00e9es dans la piscine pouvaient \u00eatre r\u00e9f\u00e9r\u00e9es. Ils ont ensuite \u00e9t\u00e9 accompagn\u00e9s par les policiers \u00e0 l&rsquo;arr\u00eat de bus \u00e0 proximit\u00e9 pour s&rsquo;assurer qu&rsquo;ils quittent Eupen en direction de Verviers. La pr\u00e9sence simultan\u00e9e d&rsquo;un service d&rsquo;urgence n&rsquo;\u00e9tait en aucun lien avec cet engagement.<\/p>\n<div id=\"attachment_185776\" class=\"wp-caption alignleft\" style=\"max-width: 300px\"><img fetchpriority=\"high\" decoding=\"async\" class=\"wp-image-185776 size-medium\" src=\"https:\/\/vieassociative.be\/actualites\/wp-content\/uploads\/2025\/07\/Apres-les-affrontements-dans-lEupen-Wetzlarbad-loperateur-Lago-utilise-un.jpeg\" alt=\"\" width=\"300\" height=\"225\"  ><\/p>\n<p class=\"wp-caption-text\">La zone d&rsquo;entr\u00e9e du Lago Eupen Wetzlarbad. Photo: OD<\/p>\n<\/div>\n<p>Bertrand Thiefry, chef du centre de Lago Wetzlarbad, et la zone de police de Weser-G\u00f6hl \u00e9taient d\u00e9j\u00e0 en \u00e9change de pr\u00e8s \u00e0 l&rsquo;approche des incidents pour \u00e9valuer la situation de s\u00e9curit\u00e9 pour la saison estivale et le concept de s\u00e9curit\u00e9 existant de la piscine.<\/p>\n<p>En tant que r\u00e9action directe \u00e0 l&rsquo;action, le personnel de Lago Eupen est soutenu par un &#8211; avec deux agents de s\u00e9curit\u00e9 d&rsquo;un service de s\u00e9curit\u00e9 externe depuis le 1er juillet. De plus, l&rsquo;achat de billets, en ligne et sur place, n&rsquo;est d\u00e9sormais possible qu&rsquo;apr\u00e8s la soumission de la carte d&rsquo;identit\u00e9.<\/p>\n<p>\u00ab\u00a0La zone de police de Weser-G\u00f6hl continuera de montrer la pr\u00e9sence dans la r\u00e9gion de la rue H\u00fctte et, si n\u00e9cessaire, intervient rapidement sur place pour assurer la s\u00e9curit\u00e9 des baigneurs et de tous les citoyens\u00a0\u00bb, a indiqu\u00e9 le rapport de police.<\/p>\n<p>D\u00e8s le 21 juin, \u00e0 14 h 50, les services de la zone de police de Weser-G\u00f6hl avaient \u00e9t\u00e9 signal\u00e9s \u00e0 un groupe de jeunes qui ont frapp\u00e9 n\u00e9gativement en raison de mauvais comportements et sont devenus manuels envers deux employ\u00e9s de Lago. Selon le stress, l&rsquo;un des employ\u00e9s a probablement subi des probl\u00e8mes circulatoires et a ensuite \u00e9t\u00e9 trait\u00e9. Une grande partie des jeunes hommes, principalement de la r\u00e9gion de Verviers, a \u00e9t\u00e9 expuls\u00e9e. (DPA)<\/p>\n","protected":false},"excerpt":{"rendered":"<p>Le lundi 30 juin 2025, vers 17 heures, la zone de police de Weser-G\u00f6hl a de nouveau \u00e9t\u00e9 signal\u00e9e dans le Lago Wetzlarbad \u00e0 Eupen.<\/p>\n","protected":false},"author":1,"featured_media":8498,"comment_status":"","ping_status":"","sticky":false,"template":"","format":"standard","meta":{"footnotes":""},"categories":[298],"tags":[7591,7593,472,166,5099,14,5407,7592,151,153,4722],"class_list":["post-8497","post","type-post","status-publish","format-standard","has-post-thumbnail","hentry","category-belgique","tag-affrontements","tag-agent","tag-apres","tag-dans","tag-lago","tag-les","tag-leupen","tag-loperateur","tag-securite","tag-utilise","tag-wetzlarbad","generate-columns","tablet-grid-50","mobile-grid-100","grid-parent","grid-33"],"yoast_head":"<!-- This site is optimized with the Yoast SEO plugin v24.0 - https:\/\/yoast.com\/wordpress\/plugins\/seo\/ -->\n<title>Apr\u00e8s les affrontements dans l&#039;Eupen Wetzlarbad: l&#039;op\u00e9rateur Lago utilise un agent de s\u00e9curit\u00e9 | Vie Associative<\/title>\n<meta name=\"robots\" content=\"index, follow, max-snippet:-1, max-image-preview:large, max-video-preview:-1\" \/>\n<link rel=\"canonical\" href=\"https:\/\/vieassociative.be\/actualites\/apres-les-affrontements-dans-leupen-wetzlarbad-loperateur-lago-utilise-un-agent-de-securite\/\" \/>\n<meta property=\"og:locale\" content=\"fr_FR\" \/>\n<meta property=\"og:type\" content=\"article\" \/>\n<meta property=\"og:title\" content=\"Apr\u00e8s les affrontements dans l&#039;Eupen Wetzlarbad: l&#039;op\u00e9rateur Lago utilise un agent de s\u00e9curit\u00e9 | Vie Associative\" \/>\n<meta property=\"og:description\" content=\"Le lundi 30 juin 2025, vers 17 heures, la zone de police de Weser-G\u00f6hl a de nouveau \u00e9t\u00e9 signal\u00e9e dans le Lago Wetzlarbad \u00e0 Eupen.\" \/>\n<meta property=\"og:url\" content=\"https:\/\/vieassociative.be\/actualites\/apres-les-affrontements-dans-leupen-wetzlarbad-loperateur-lago-utilise-un-agent-de-securite\/\" \/>\n<meta property=\"og:site_name\" content=\"Vie Associative\" \/>\n<meta property=\"article:published_time\" content=\"2025-07-02T14:17:41+00:00\" \/>\n<meta property=\"og:image\" content=\"https:\/\/vieassociative.be\/actualites\/wp-content\/uploads\/2024\/09\/header_backgroundk-01-e1726694325946.png\" \/>\n\t<meta property=\"og:image:width\" content=\"279\" \/>\n\t<meta property=\"og:image:height\" content=\"92\" \/>\n\t<meta property=\"og:image:type\" content=\"image\/png\" \/>\n<meta name=\"author\" content=\"Julien\" \/>\n<meta name=\"twitter:card\" content=\"summary_large_image\" \/>\n<meta name=\"twitter:label1\" content=\"\u00c9crit par\" \/>\n\t<meta name=\"twitter:data1\" content=\"Julien\" \/>\n\t<meta name=\"twitter:label2\" content=\"Dur\u00e9e de lecture est.\" \/>\n\t<meta name=\"twitter:data2\" content=\"2 minutes\" \/>\n<script type=\"application\/ld+json\" class=\"yoast-schema-graph\">{\"@context\":\"https:\/\/schema.org\",\"@graph\":[{\"@type\":\"Article\",\"@id\":\"https:\/\/vieassociative.be\/actualites\/apres-les-affrontements-dans-leupen-wetzlarbad-loperateur-lago-utilise-un-agent-de-securite\/#article\",\"isPartOf\":{\"@id\":\"https:\/\/vieassociative.be\/actualites\/apres-les-affrontements-dans-leupen-wetzlarbad-loperateur-lago-utilise-un-agent-de-securite\/\"},\"author\":{\"name\":\"Julien\",\"@id\":\"https:\/\/vieassociative.be\/actualites\/#\/schema\/person\/b87ac4f82f9d4e7b7cec7395b679edc4\"},\"headline\":\"Apr\u00e8s les affrontements dans l&rsquo;Eupen Wetzlarbad: l&rsquo;op\u00e9rateur Lago utilise un agent de s\u00e9curit\u00e9\",\"datePublished\":\"2025-07-02T14:17:41+00:00\",\"dateModified\":\"2025-07-02T14:17:41+00:00\",\"mainEntityOfPage\":{\"@id\":\"https:\/\/vieassociative.be\/actualites\/apres-les-affrontements-dans-leupen-wetzlarbad-loperateur-lago-utilise-un-agent-de-securite\/\"},\"wordCount\":427,\"publisher\":{\"@id\":\"https:\/\/vieassociative.be\/actualites\/#organization\"},\"image\":{\"@id\":\"https:\/\/vieassociative.be\/actualites\/apres-les-affrontements-dans-leupen-wetzlarbad-loperateur-lago-utilise-un-agent-de-securite\/#primaryimage\"},\"thumbnailUrl\":\"https:\/\/vieassociative.be\/actualites\/wp-content\/uploads\/2025\/07\/1751465862_Apres-les-affrontements-dans-lEupen-Wetzlarbad-loperateur-Lago-utilise-un.jpeg\",\"keywords\":[\"affrontements\",\"agent\",\"Apr\u00e8s\",\"dans\",\"Lago\",\"Les\",\"LEupen\",\"lop\u00e9rateur\",\"s\u00e9curit\u00e9\",\"utilise\",\"Wetzlarbad\"],\"articleSection\":[\"Belgique\"],\"inLanguage\":\"fr-BE\"},{\"@type\":\"WebPage\",\"@id\":\"https:\/\/vieassociative.be\/actualites\/apres-les-affrontements-dans-leupen-wetzlarbad-loperateur-lago-utilise-un-agent-de-securite\/\",\"url\":\"https:\/\/vieassociative.be\/actualites\/apres-les-affrontements-dans-leupen-wetzlarbad-loperateur-lago-utilise-un-agent-de-securite\/\",\"name\":\"Apr\u00e8s les affrontements dans l'Eupen Wetzlarbad: l'op\u00e9rateur Lago utilise un agent de s\u00e9curit\u00e9 | Vie Associative\",\"isPartOf\":{\"@id\":\"https:\/\/vieassociative.be\/actualites\/#website\"},\"primaryImageOfPage\":{\"@id\":\"https:\/\/vieassociative.be\/actualites\/apres-les-affrontements-dans-leupen-wetzlarbad-loperateur-lago-utilise-un-agent-de-securite\/#primaryimage\"},\"image\":{\"@id\":\"https:\/\/vieassociative.be\/actualites\/apres-les-affrontements-dans-leupen-wetzlarbad-loperateur-lago-utilise-un-agent-de-securite\/#primaryimage\"},\"thumbnailUrl\":\"https:\/\/vieassociative.be\/actualites\/wp-content\/uploads\/2025\/07\/1751465862_Apres-les-affrontements-dans-lEupen-Wetzlarbad-loperateur-Lago-utilise-un.jpeg\",\"datePublished\":\"2025-07-02T14:17:41+00:00\",\"dateModified\":\"2025-07-02T14:17:41+00:00\",\"breadcrumb\":{\"@id\":\"https:\/\/vieassociative.be\/actualites\/apres-les-affrontements-dans-leupen-wetzlarbad-loperateur-lago-utilise-un-agent-de-securite\/#breadcrumb\"},\"inLanguage\":\"fr-BE\",\"potentialAction\":[{\"@type\":\"ReadAction\",\"target\":[\"https:\/\/vieassociative.be\/actualites\/apres-les-affrontements-dans-leupen-wetzlarbad-loperateur-lago-utilise-un-agent-de-securite\/\"]}]},{\"@type\":\"ImageObject\",\"inLanguage\":\"fr-BE\",\"@id\":\"https:\/\/vieassociative.be\/actualites\/apres-les-affrontements-dans-leupen-wetzlarbad-loperateur-lago-utilise-un-agent-de-securite\/#primaryimage\",\"url\":\"https:\/\/vieassociative.be\/actualites\/wp-content\/uploads\/2025\/07\/1751465862_Apres-les-affrontements-dans-lEupen-Wetzlarbad-loperateur-Lago-utilise-un.jpeg\",\"contentUrl\":\"https:\/\/vieassociative.be\/actualites\/wp-content\/uploads\/2025\/07\/1751465862_Apres-les-affrontements-dans-lEupen-Wetzlarbad-loperateur-Lago-utilise-un.jpeg\",\"width\":1800,\"height\":1200,\"caption\":\"Apr\u00e8s les affrontements dans l'Eupen Wetzlarbad: l'op\u00e9rateur Lago utilise un agent de s\u00e9curit\u00e9\"},{\"@type\":\"BreadcrumbList\",\"@id\":\"https:\/\/vieassociative.be\/actualites\/apres-les-affrontements-dans-leupen-wetzlarbad-loperateur-lago-utilise-un-agent-de-securite\/#breadcrumb\",\"itemListElement\":[{\"@type\":\"ListItem\",\"position\":1,\"name\":\"Accueil\",\"item\":\"https:\/\/vieassociative.be\/actualites\/\"},{\"@type\":\"ListItem\",\"position\":2,\"name\":\"Apr\u00e8s les affrontements dans l&rsquo;Eupen Wetzlarbad: l&rsquo;op\u00e9rateur Lago utilise un agent de s\u00e9curit\u00e9\"}]},{\"@type\":\"WebSite\",\"@id\":\"https:\/\/vieassociative.be\/actualites\/#website\",\"url\":\"https:\/\/vieassociative.be\/actualites\/\",\"name\":\"Vie Associative\",\"description\":\"\",\"publisher\":{\"@id\":\"https:\/\/vieassociative.be\/actualites\/#organization\"},\"potentialAction\":[{\"@type\":\"SearchAction\",\"target\":{\"@type\":\"EntryPoint\",\"urlTemplate\":\"https:\/\/vieassociative.be\/actualites\/?s={search_term_string}\"},\"query-input\":{\"@type\":\"PropertyValueSpecification\",\"valueRequired\":true,\"valueName\":\"search_term_string\"}}],\"inLanguage\":\"fr-BE\"},{\"@type\":\"Organization\",\"@id\":\"https:\/\/vieassociative.be\/actualites\/#organization\",\"name\":\"Vie Associative\",\"url\":\"https:\/\/vieassociative.be\/actualites\/\",\"logo\":{\"@type\":\"ImageObject\",\"inLanguage\":\"fr-BE\",\"@id\":\"https:\/\/vieassociative.be\/actualites\/#\/schema\/logo\/image\/\",\"url\":\"https:\/\/vieassociative.be\/actualites\/wp-content\/uploads\/2024\/09\/cropped-vieassociative_favicon.ico.png\",\"contentUrl\":\"https:\/\/vieassociative.be\/actualites\/wp-content\/uploads\/2024\/09\/cropped-vieassociative_favicon.ico.png\",\"width\":512,\"height\":512,\"caption\":\"Vie Associative\"},\"image\":{\"@id\":\"https:\/\/vieassociative.be\/actualites\/#\/schema\/logo\/image\/\"}},{\"@type\":\"Person\",\"@id\":\"https:\/\/vieassociative.be\/actualites\/#\/schema\/person\/b87ac4f82f9d4e7b7cec7395b679edc4\",\"name\":\"Julien\",\"image\":{\"@type\":\"ImageObject\",\"inLanguage\":\"fr-BE\",\"@id\":\"https:\/\/vieassociative.be\/actualites\/#\/schema\/person\/image\/\",\"url\":\"https:\/\/vieassociative.be\/actualites\/wp-content\/uploads\/2024\/09\/vie-associative-1-150x150.jpg\",\"contentUrl\":\"https:\/\/vieassociative.be\/actualites\/wp-content\/uploads\/2024\/09\/vie-associative-1-150x150.jpg\",\"caption\":\"Julien\"},\"description\":\"Je suis Julien, r\u00e9dacteur pour Vie Associative. Passionn\u00e9 par le monde associatif depuis plus de 10 ans, j'ai \u00e0 c\u0153ur de partager des histoires inspirantes et de mettre en lumi\u00e8re les initiatives locales. Mon objectif est de sensibiliser et d'encourager l'engagement communautaire \u00e0 travers mes articles.\",\"sameAs\":[\"https:\/\/vieassociative.be\/\"]}]}<\/script>\n<!-- \/ Yoast SEO plugin. -->","yoast_head_json":{"title":"Apr\u00e8s les affrontements dans l'Eupen Wetzlarbad: l'op\u00e9rateur Lago utilise un agent de s\u00e9curit\u00e9 | Vie Associative","robots":{"index":"index","follow":"follow","max-snippet":"max-snippet:-1","max-image-preview":"max-image-preview:large","max-video-preview":"max-video-preview:-1"},"canonical":"https:\/\/vieassociative.be\/actualites\/apres-les-affrontements-dans-leupen-wetzlarbad-loperateur-lago-utilise-un-agent-de-securite\/","og_locale":"fr_FR","og_type":"article","og_title":"Apr\u00e8s les affrontements dans l'Eupen Wetzlarbad: l'op\u00e9rateur Lago utilise un agent de s\u00e9curit\u00e9 | Vie Associative","og_description":"Le lundi 30 juin 2025, vers 17 heures, la zone de police de Weser-G\u00f6hl a de nouveau \u00e9t\u00e9 signal\u00e9e dans le Lago Wetzlarbad \u00e0 Eupen.","og_url":"https:\/\/vieassociative.be\/actualites\/apres-les-affrontements-dans-leupen-wetzlarbad-loperateur-lago-utilise-un-agent-de-securite\/","og_site_name":"Vie Associative","article_published_time":"2025-07-02T14:17:41+00:00","og_image":[{"width":279,"height":92,"url":"https:\/\/vieassociative.be\/actualites\/wp-content\/uploads\/2024\/09\/header_backgroundk-01-e1726694325946.png","type":"image\/png"}],"author":"Julien","twitter_card":"summary_large_image","twitter_misc":{"\u00c9crit par":"Julien","Dur\u00e9e de lecture est.":"2 minutes"},"schema":{"@context":"https:\/\/schema.org","@graph":[{"@type":"Article","@id":"https:\/\/vieassociative.be\/actualites\/apres-les-affrontements-dans-leupen-wetzlarbad-loperateur-lago-utilise-un-agent-de-securite\/#article","isPartOf":{"@id":"https:\/\/vieassociative.be\/actualites\/apres-les-affrontements-dans-leupen-wetzlarbad-loperateur-lago-utilise-un-agent-de-securite\/"},"author":{"name":"Julien","@id":"https:\/\/vieassociative.be\/actualites\/#\/schema\/person\/b87ac4f82f9d4e7b7cec7395b679edc4"},"headline":"Apr\u00e8s les affrontements dans l&rsquo;Eupen Wetzlarbad: l&rsquo;op\u00e9rateur Lago utilise un agent de s\u00e9curit\u00e9","datePublished":"2025-07-02T14:17:41+00:00","dateModified":"2025-07-02T14:17:41+00:00","mainEntityOfPage":{"@id":"https:\/\/vieassociative.be\/actualites\/apres-les-affrontements-dans-leupen-wetzlarbad-loperateur-lago-utilise-un-agent-de-securite\/"},"wordCount":427,"publisher":{"@id":"https:\/\/vieassociative.be\/actualites\/#organization"},"image":{"@id":"https:\/\/vieassociative.be\/actualites\/apres-les-affrontements-dans-leupen-wetzlarbad-loperateur-lago-utilise-un-agent-de-securite\/#primaryimage"},"thumbnailUrl":"https:\/\/vieassociative.be\/actualites\/wp-content\/uploads\/2025\/07\/1751465862_Apres-les-affrontements-dans-lEupen-Wetzlarbad-loperateur-Lago-utilise-un.jpeg","keywords":["affrontements","agent","Apr\u00e8s","dans","Lago","Les","LEupen","lop\u00e9rateur","s\u00e9curit\u00e9","utilise","Wetzlarbad"],"articleSection":["Belgique"],"inLanguage":"fr-BE"},{"@type":"WebPage","@id":"https:\/\/vieassociative.be\/actualites\/apres-les-affrontements-dans-leupen-wetzlarbad-loperateur-lago-utilise-un-agent-de-securite\/","url":"https:\/\/vieassociative.be\/actualites\/apres-les-affrontements-dans-leupen-wetzlarbad-loperateur-lago-utilise-un-agent-de-securite\/","name":"Apr\u00e8s les affrontements dans l'Eupen Wetzlarbad: l'op\u00e9rateur Lago utilise un agent de s\u00e9curit\u00e9 | Vie Associative","isPartOf":{"@id":"https:\/\/vieassociative.be\/actualites\/#website"},"primaryImageOfPage":{"@id":"https:\/\/vieassociative.be\/actualites\/apres-les-affrontements-dans-leupen-wetzlarbad-loperateur-lago-utilise-un-agent-de-securite\/#primaryimage"},"image":{"@id":"https:\/\/vieassociative.be\/actualites\/apres-les-affrontements-dans-leupen-wetzlarbad-loperateur-lago-utilise-un-agent-de-securite\/#primaryimage"},"thumbnailUrl":"https:\/\/vieassociative.be\/actualites\/wp-content\/uploads\/2025\/07\/1751465862_Apres-les-affrontements-dans-lEupen-Wetzlarbad-loperateur-Lago-utilise-un.jpeg","datePublished":"2025-07-02T14:17:41+00:00","dateModified":"2025-07-02T14:17:41+00:00","breadcrumb":{"@id":"https:\/\/vieassociative.be\/actualites\/apres-les-affrontements-dans-leupen-wetzlarbad-loperateur-lago-utilise-un-agent-de-securite\/#breadcrumb"},"inLanguage":"fr-BE","potentialAction":[{"@type":"ReadAction","target":["https:\/\/vieassociative.be\/actualites\/apres-les-affrontements-dans-leupen-wetzlarbad-loperateur-lago-utilise-un-agent-de-securite\/"]}]},{"@type":"ImageObject","inLanguage":"fr-BE","@id":"https:\/\/vieassociative.be\/actualites\/apres-les-affrontements-dans-leupen-wetzlarbad-loperateur-lago-utilise-un-agent-de-securite\/#primaryimage","url":"https:\/\/vieassociative.be\/actualites\/wp-content\/uploads\/2025\/07\/1751465862_Apres-les-affrontements-dans-lEupen-Wetzlarbad-loperateur-Lago-utilise-un.jpeg","contentUrl":"https:\/\/vieassociative.be\/actualites\/wp-content\/uploads\/2025\/07\/1751465862_Apres-les-affrontements-dans-lEupen-Wetzlarbad-loperateur-Lago-utilise-un.jpeg","width":1800,"height":1200,"caption":"Apr\u00e8s les affrontements dans l'Eupen Wetzlarbad: l'op\u00e9rateur Lago utilise un agent de s\u00e9curit\u00e9"},{"@type":"BreadcrumbList","@id":"https:\/\/vieassociative.be\/actualites\/apres-les-affrontements-dans-leupen-wetzlarbad-loperateur-lago-utilise-un-agent-de-securite\/#breadcrumb","itemListElement":[{"@type":"ListItem","position":1,"name":"Accueil","item":"https:\/\/vieassociative.be\/actualites\/"},{"@type":"ListItem","position":2,"name":"Apr\u00e8s les affrontements dans l&rsquo;Eupen Wetzlarbad: l&rsquo;op\u00e9rateur Lago utilise un agent de s\u00e9curit\u00e9"}]},{"@type":"WebSite","@id":"https:\/\/vieassociative.be\/actualites\/#website","url":"https:\/\/vieassociative.be\/actualites\/","name":"Vie Associative","description":"","publisher":{"@id":"https:\/\/vieassociative.be\/actualites\/#organization"},"potentialAction":[{"@type":"SearchAction","target":{"@type":"EntryPoint","urlTemplate":"https:\/\/vieassociative.be\/actualites\/?s={search_term_string}"},"query-input":{"@type":"PropertyValueSpecification","valueRequired":true,"valueName":"search_term_string"}}],"inLanguage":"fr-BE"},{"@type":"Organization","@id":"https:\/\/vieassociative.be\/actualites\/#organization","name":"Vie Associative","url":"https:\/\/vieassociative.be\/actualites\/","logo":{"@type":"ImageObject","inLanguage":"fr-BE","@id":"https:\/\/vieassociative.be\/actualites\/#\/schema\/logo\/image\/","url":"https:\/\/vieassociative.be\/actualites\/wp-content\/uploads\/2024\/09\/cropped-vieassociative_favicon.ico.png","contentUrl":"https:\/\/vieassociative.be\/actualites\/wp-content\/uploads\/2024\/09\/cropped-vieassociative_favicon.ico.png","width":512,"height":512,"caption":"Vie Associative"},"image":{"@id":"https:\/\/vieassociative.be\/actualites\/#\/schema\/logo\/image\/"}},{"@type":"Person","@id":"https:\/\/vieassociative.be\/actualites\/#\/schema\/person\/b87ac4f82f9d4e7b7cec7395b679edc4","name":"Julien","image":{"@type":"ImageObject","inLanguage":"fr-BE","@id":"https:\/\/vieassociative.be\/actualites\/#\/schema\/person\/image\/","url":"https:\/\/vieassociative.be\/actualites\/wp-content\/uploads\/2024\/09\/vie-associative-1-150x150.jpg","contentUrl":"https:\/\/vieassociative.be\/actualites\/wp-content\/uploads\/2024\/09\/vie-associative-1-150x150.jpg","caption":"Julien"},"description":"Je suis Julien, r\u00e9dacteur pour Vie Associative. Passionn\u00e9 par le monde associatif depuis plus de 10 ans, j'ai \u00e0 c\u0153ur de partager des histoires inspirantes et de mettre en lumi\u00e8re les initiatives locales. Mon objectif est de sensibiliser et d'encourager l'engagement communautaire \u00e0 travers mes articles.","sameAs":["https:\/\/vieassociative.be\/"]}]}},"_links":{"self":[{"href":"https:\/\/vieassociative.be\/actualites\/wp-json\/wp\/v2\/posts\/8497"}],"collection":[{"href":"https:\/\/vieassociative.be\/actualites\/wp-json\/wp\/v2\/posts"}],"about":[{"href":"https:\/\/vieassociative.be\/actualites\/wp-json\/wp\/v2\/types\/post"}],"author":[{"embeddable":true,"href":"https:\/\/vieassociative.be\/actualites\/wp-json\/wp\/v2\/users\/1"}],"replies":[{"embeddable":true,"href":"https:\/\/vieassociative.be\/actualites\/wp-json\/wp\/v2\/comments?post=8497"}],"version-history":[{"count":0,"href":"https:\/\/vieassociative.be\/actualites\/wp-json\/wp\/v2\/posts\/8497\/revisions"}],"wp:featuredmedia":[{"embeddable":true,"href":"https:\/\/vieassociative.be\/actualites\/wp-json\/wp\/v2\/media\/8498"}],"wp:attachment":[{"href":"https:\/\/vieassociative.be\/actualites\/wp-json\/wp\/v2\/media?parent=8497"}],"wp:term":[{"taxonomy":"category","embeddable":true,"href":"https:\/\/vieassociative.be\/actualites\/wp-json\/wp\/v2\/categories?post=8497"},{"taxonomy":"post_tag","embeddable":true,"href":"https:\/\/vieassociative.be\/actualites\/wp-json\/wp\/v2\/tags?post=8497"}],"curies":[{"name":"wp","href":"https:\/\/api.w.org\/{rel}","templated":true}]}}