{"id":8491,"date":"2025-07-02T10:20:04","date_gmt":"2025-07-02T08:20:04","guid":{"rendered":"https:\/\/vieassociative.be\/actualites\/tim-warens-en-tournee-dans-le-maillot-du-maitre-belge-remco-evenepoel-seulement\/"},"modified":"2025-07-02T10:20:04","modified_gmt":"2025-07-02T08:20:04","slug":"tim-warens-en-tournee-dans-le-maillot-du-maitre-belge-remco-evenepoel-seulement","status":"publish","type":"post","link":"https:\/\/vieassociative.be\/actualites\/tim-warens-en-tournee-dans-le-maillot-du-maitre-belge-remco-evenepoel-seulement\/","title":{"rendered":"Tim Warens en tourn\u00e9e dans le maillot du ma\u00eetre belge &#8211; Remco Evenepoel \u00ab\u00a0seulement\u00a0\u00bb"},"content":{"rendered":"<p><strong>Tim Wellens a remport\u00e9 la course de rue du championnat de cyclisme belge dans la cat\u00e9gorie Elite dimanche.<\/strong><\/p>\n<p><span id=\"more-418957\"><\/span>Le conducteur de l&rsquo;\u00e9quipe des \u00c9mirats UAE Emirates-XRG et donc le compagnon de l&rsquo;\u00e9quipe de Tadej Pogacar ont jou\u00e9 une farce contre les autres candidats en commen\u00e7ant 40 kilom\u00e8tres avant l&rsquo;arriv\u00e9e et apr\u00e8s le titre dans le contre-la-montre l&rsquo;ann\u00e9e derni\u00e8re a remport\u00e9 son premier championnat national de rue. Remco Nirepoel (Soudal Quick-Step) et Jasper Philipsen (Alpecin-Deceuninck) \u00e9taient sur ses talons, mais ne pouvaient jamais le rattraper et devaient se contenter des lieux 2 et 3.<\/p>\n<\/p>\n<div id=\"attachment_414314\" class=\"wp-caption alignleft\" style=\"max-width: 200px\"><img fetchpriority=\"high\" decoding=\"async\" class=\"wp-image-414314 size-medium\" src=\"https:\/\/vieassociative.be\/actualites\/wp-content\/uploads\/2025\/04\/1745806762_686_Tadej-Pogacar-remporte-les-classiques-liege-bastogne-liege-pour-la-troisieme-fois-sowinienne.jpg\" alt=\"\" width=\"200\" height=\"300\"><\/p>\n<p class=\"wp-caption-text\">Le Belge Remco Evenepoel de Soudal Quick-Step devait \u00eatre satisfait de la deuxi\u00e8me place. Photo: Maarten Stratemans \/ Belga \/ DPA<\/p>\n<\/div>\n<p>\u00c0 l&rsquo;\u00e2ge de 34 ans, Tim Wellens a remport\u00e9 le 40e succ\u00e8s de sa carri\u00e8re et succ\u00e8de \u00e0 Arnaud de Lie dans la liste des ma\u00eetres de la route belge. Le conducteur de St. Truiden, qui conduit pour l&rsquo;\u00e9quipe arabe \u00e9m\u00e9rite unie depuis 2023, remporte sa premi\u00e8re victoire cette saison. En mars, il \u00e9tait sur le podium de la Strade Bianche. Il y a un an, Wellens est \u00e9galement devenu champion national belge lors du contre-la-montre individuel. La ville de Binche, un bastion non seulement du carnaval, mais aussi du v\u00e9lo, semble apporter le bonheur \u00e0 l&rsquo;homme de 34 ans.<\/p>\n<p>Ce n&rsquo;\u00e9tait donc pas une double victoire pour Remco Evenepoel qui a remport\u00e9 le titre lors du contre-time \u00e0 Braschaat vendredi. Le champion olympique \u00e0 deux temps se concentre d\u00e9sormais sur le Tour de France, qui commencera \u00e0 Lille samedi prochain.<\/p>\n<p>N\u00e9anmoins, m\u00eame EvenEpoel a rapidement mis le peloton en alerte avec plusieurs attaques pr\u00e9coces. Le rythme a donn\u00e9 aux autres attaquants de la petite port\u00e9e de la journ\u00e9e. Apr\u00e8s un petit probl\u00e8me technique, le conducteur de Schepdael, avec environ quinze autres conducteurs, a form\u00e9 le groupe crucial un peu moins de 100 km avant la fin.<\/p>\n<p>La pers\u00e9cution n&rsquo;est pas venue car la plupart des \u00e9quipes avaient un meilleur pilote dans le petit groupe. M\u00eame m\u00eame \u00e9poustoufl\u00e9 sans rel\u00e2che, mais apr\u00e8s tout, Wellens en a pris l&rsquo;occasion pour chasser, suivi par Oelpoel et Jasper Philipsen. Le duo poursuivant n&rsquo;a jamais r\u00e9ussi \u00e0 rattraper Wekens, qui a pr\u00e9sent\u00e9 les 40 derniers kilom\u00e8tres seuls. (Cre)<\/p>\n","protected":false},"excerpt":{"rendered":"<p>Tim Wellens a remport\u00e9 la course de rue du championnat de cyclisme belge dans la cat\u00e9gorie Elite dimanche. Le conducteur de l&rsquo;\u00e9quipe des \u00c9mirats UAE<\/p>\n","protected":false},"author":1,"featured_media":8492,"comment_status":"","ping_status":"","sticky":false,"template":"","format":"standard","meta":{"footnotes":""},"categories":[298],"tags":[410,166,3737,2694,7131,6493,2583,7587,7589,7588],"class_list":["post-8491","post","type-post","status-publish","format-standard","has-post-thumbnail","hentry","category-belgique","tag-belge","tag-dans","tag-evenepoel","tag-maillot","tag-maitre","tag-remco","tag-seulement","tag-tim","tag-tournee","tag-warens","generate-columns","tablet-grid-50","mobile-grid-100","grid-parent","grid-33"],"yoast_head":"<!-- This site is optimized with the Yoast SEO plugin v24.0 - https:\/\/yoast.com\/wordpress\/plugins\/seo\/ -->\n<title>Tim Warens en tourn\u00e9e dans le maillot du ma\u00eetre belge - Remco Evenepoel &quot;seulement&quot; | Vie Associative<\/title>\n<meta name=\"robots\" content=\"index, follow, max-snippet:-1, max-image-preview:large, max-video-preview:-1\" \/>\n<link rel=\"canonical\" href=\"https:\/\/vieassociative.be\/actualites\/tim-warens-en-tournee-dans-le-maillot-du-maitre-belge-remco-evenepoel-seulement\/\" \/>\n<meta property=\"og:locale\" content=\"fr_FR\" \/>\n<meta property=\"og:type\" content=\"article\" \/>\n<meta property=\"og:title\" content=\"Tim Warens en tourn\u00e9e dans le maillot du ma\u00eetre belge - Remco Evenepoel &quot;seulement&quot; | Vie Associative\" \/>\n<meta property=\"og:description\" content=\"Tim Wellens a remport\u00e9 la course de rue du championnat de cyclisme belge dans la cat\u00e9gorie Elite dimanche. Le conducteur de l&rsquo;\u00e9quipe des \u00c9mirats UAE\" \/>\n<meta property=\"og:url\" content=\"https:\/\/vieassociative.be\/actualites\/tim-warens-en-tournee-dans-le-maillot-du-maitre-belge-remco-evenepoel-seulement\/\" \/>\n<meta property=\"og:site_name\" content=\"Vie Associative\" \/>\n<meta property=\"article:published_time\" content=\"2025-07-02T08:20:04+00:00\" \/>\n<meta property=\"og:image\" content=\"https:\/\/vieassociative.be\/actualites\/wp-content\/uploads\/2024\/09\/header_backgroundk-01-e1726694325946.png\" \/>\n\t<meta property=\"og:image:width\" content=\"279\" \/>\n\t<meta property=\"og:image:height\" content=\"92\" \/>\n\t<meta property=\"og:image:type\" content=\"image\/png\" \/>\n<meta name=\"author\" content=\"Julien\" \/>\n<meta name=\"twitter:card\" content=\"summary_large_image\" \/>\n<meta name=\"twitter:label1\" content=\"\u00c9crit par\" \/>\n\t<meta name=\"twitter:data1\" content=\"Julien\" \/>\n\t<meta name=\"twitter:label2\" content=\"Dur\u00e9e de lecture est.\" \/>\n\t<meta name=\"twitter:data2\" content=\"2 minutes\" \/>\n<script type=\"application\/ld+json\" class=\"yoast-schema-graph\">{\"@context\":\"https:\/\/schema.org\",\"@graph\":[{\"@type\":\"Article\",\"@id\":\"https:\/\/vieassociative.be\/actualites\/tim-warens-en-tournee-dans-le-maillot-du-maitre-belge-remco-evenepoel-seulement\/#article\",\"isPartOf\":{\"@id\":\"https:\/\/vieassociative.be\/actualites\/tim-warens-en-tournee-dans-le-maillot-du-maitre-belge-remco-evenepoel-seulement\/\"},\"author\":{\"name\":\"Julien\",\"@id\":\"https:\/\/vieassociative.be\/actualites\/#\/schema\/person\/b87ac4f82f9d4e7b7cec7395b679edc4\"},\"headline\":\"Tim Warens en tourn\u00e9e dans le maillot du ma\u00eetre belge &#8211; Remco Evenepoel \u00ab\u00a0seulement\u00a0\u00bb\",\"datePublished\":\"2025-07-02T08:20:04+00:00\",\"dateModified\":\"2025-07-02T08:20:04+00:00\",\"mainEntityOfPage\":{\"@id\":\"https:\/\/vieassociative.be\/actualites\/tim-warens-en-tournee-dans-le-maillot-du-maitre-belge-remco-evenepoel-seulement\/\"},\"wordCount\":409,\"publisher\":{\"@id\":\"https:\/\/vieassociative.be\/actualites\/#organization\"},\"image\":{\"@id\":\"https:\/\/vieassociative.be\/actualites\/tim-warens-en-tournee-dans-le-maillot-du-maitre-belge-remco-evenepoel-seulement\/#primaryimage\"},\"thumbnailUrl\":\"https:\/\/vieassociative.be\/actualites\/wp-content\/uploads\/2025\/07\/Tim-Warens-en-tournee-dans-le-maillot-du-maitre-belge.jpg\",\"keywords\":[\"belge\",\"dans\",\"Evenepoel\",\"maillot\",\"ma\u00eetre\",\"Remco\",\"seulement\",\"Tim\",\"tourn\u00e9e\",\"Warens\"],\"articleSection\":[\"Belgique\"],\"inLanguage\":\"fr-BE\"},{\"@type\":\"WebPage\",\"@id\":\"https:\/\/vieassociative.be\/actualites\/tim-warens-en-tournee-dans-le-maillot-du-maitre-belge-remco-evenepoel-seulement\/\",\"url\":\"https:\/\/vieassociative.be\/actualites\/tim-warens-en-tournee-dans-le-maillot-du-maitre-belge-remco-evenepoel-seulement\/\",\"name\":\"Tim Warens en tourn\u00e9e dans le maillot du ma\u00eetre belge - Remco Evenepoel \\\"seulement\\\" | Vie Associative\",\"isPartOf\":{\"@id\":\"https:\/\/vieassociative.be\/actualites\/#website\"},\"primaryImageOfPage\":{\"@id\":\"https:\/\/vieassociative.be\/actualites\/tim-warens-en-tournee-dans-le-maillot-du-maitre-belge-remco-evenepoel-seulement\/#primaryimage\"},\"image\":{\"@id\":\"https:\/\/vieassociative.be\/actualites\/tim-warens-en-tournee-dans-le-maillot-du-maitre-belge-remco-evenepoel-seulement\/#primaryimage\"},\"thumbnailUrl\":\"https:\/\/vieassociative.be\/actualites\/wp-content\/uploads\/2025\/07\/Tim-Warens-en-tournee-dans-le-maillot-du-maitre-belge.jpg\",\"datePublished\":\"2025-07-02T08:20:04+00:00\",\"dateModified\":\"2025-07-02T08:20:04+00:00\",\"breadcrumb\":{\"@id\":\"https:\/\/vieassociative.be\/actualites\/tim-warens-en-tournee-dans-le-maillot-du-maitre-belge-remco-evenepoel-seulement\/#breadcrumb\"},\"inLanguage\":\"fr-BE\",\"potentialAction\":[{\"@type\":\"ReadAction\",\"target\":[\"https:\/\/vieassociative.be\/actualites\/tim-warens-en-tournee-dans-le-maillot-du-maitre-belge-remco-evenepoel-seulement\/\"]}]},{\"@type\":\"ImageObject\",\"inLanguage\":\"fr-BE\",\"@id\":\"https:\/\/vieassociative.be\/actualites\/tim-warens-en-tournee-dans-le-maillot-du-maitre-belge-remco-evenepoel-seulement\/#primaryimage\",\"url\":\"https:\/\/vieassociative.be\/actualites\/wp-content\/uploads\/2025\/07\/Tim-Warens-en-tournee-dans-le-maillot-du-maitre-belge.jpg\",\"contentUrl\":\"https:\/\/vieassociative.be\/actualites\/wp-content\/uploads\/2025\/07\/Tim-Warens-en-tournee-dans-le-maillot-du-maitre-belge.jpg\",\"width\":1200,\"height\":800,\"caption\":\"Tim Warens en tourn\u00e9e dans le maillot du ma\u00eetre belge - Remco Evenepoel \\\"seulement\\\"\"},{\"@type\":\"BreadcrumbList\",\"@id\":\"https:\/\/vieassociative.be\/actualites\/tim-warens-en-tournee-dans-le-maillot-du-maitre-belge-remco-evenepoel-seulement\/#breadcrumb\",\"itemListElement\":[{\"@type\":\"ListItem\",\"position\":1,\"name\":\"Accueil\",\"item\":\"https:\/\/vieassociative.be\/actualites\/\"},{\"@type\":\"ListItem\",\"position\":2,\"name\":\"Tim Warens en tourn\u00e9e dans le maillot du ma\u00eetre belge &#8211; Remco Evenepoel \u00ab\u00a0seulement\u00a0\u00bb\"}]},{\"@type\":\"WebSite\",\"@id\":\"https:\/\/vieassociative.be\/actualites\/#website\",\"url\":\"https:\/\/vieassociative.be\/actualites\/\",\"name\":\"Vie Associative\",\"description\":\"\",\"publisher\":{\"@id\":\"https:\/\/vieassociative.be\/actualites\/#organization\"},\"potentialAction\":[{\"@type\":\"SearchAction\",\"target\":{\"@type\":\"EntryPoint\",\"urlTemplate\":\"https:\/\/vieassociative.be\/actualites\/?s={search_term_string}\"},\"query-input\":{\"@type\":\"PropertyValueSpecification\",\"valueRequired\":true,\"valueName\":\"search_term_string\"}}],\"inLanguage\":\"fr-BE\"},{\"@type\":\"Organization\",\"@id\":\"https:\/\/vieassociative.be\/actualites\/#organization\",\"name\":\"Vie Associative\",\"url\":\"https:\/\/vieassociative.be\/actualites\/\",\"logo\":{\"@type\":\"ImageObject\",\"inLanguage\":\"fr-BE\",\"@id\":\"https:\/\/vieassociative.be\/actualites\/#\/schema\/logo\/image\/\",\"url\":\"https:\/\/vieassociative.be\/actualites\/wp-content\/uploads\/2024\/09\/cropped-vieassociative_favicon.ico.png\",\"contentUrl\":\"https:\/\/vieassociative.be\/actualites\/wp-content\/uploads\/2024\/09\/cropped-vieassociative_favicon.ico.png\",\"width\":512,\"height\":512,\"caption\":\"Vie Associative\"},\"image\":{\"@id\":\"https:\/\/vieassociative.be\/actualites\/#\/schema\/logo\/image\/\"}},{\"@type\":\"Person\",\"@id\":\"https:\/\/vieassociative.be\/actualites\/#\/schema\/person\/b87ac4f82f9d4e7b7cec7395b679edc4\",\"name\":\"Julien\",\"image\":{\"@type\":\"ImageObject\",\"inLanguage\":\"fr-BE\",\"@id\":\"https:\/\/vieassociative.be\/actualites\/#\/schema\/person\/image\/\",\"url\":\"https:\/\/vieassociative.be\/actualites\/wp-content\/uploads\/2024\/09\/vie-associative-1-150x150.jpg\",\"contentUrl\":\"https:\/\/vieassociative.be\/actualites\/wp-content\/uploads\/2024\/09\/vie-associative-1-150x150.jpg\",\"caption\":\"Julien\"},\"description\":\"Je suis Julien, r\u00e9dacteur pour Vie Associative. Passionn\u00e9 par le monde associatif depuis plus de 10 ans, j'ai \u00e0 c\u0153ur de partager des histoires inspirantes et de mettre en lumi\u00e8re les initiatives locales. Mon objectif est de sensibiliser et d'encourager l'engagement communautaire \u00e0 travers mes articles.\",\"sameAs\":[\"https:\/\/vieassociative.be\/\"]}]}<\/script>\n<!-- \/ Yoast SEO plugin. -->","yoast_head_json":{"title":"Tim Warens en tourn\u00e9e dans le maillot du ma\u00eetre belge - Remco Evenepoel \"seulement\" | Vie Associative","robots":{"index":"index","follow":"follow","max-snippet":"max-snippet:-1","max-image-preview":"max-image-preview:large","max-video-preview":"max-video-preview:-1"},"canonical":"https:\/\/vieassociative.be\/actualites\/tim-warens-en-tournee-dans-le-maillot-du-maitre-belge-remco-evenepoel-seulement\/","og_locale":"fr_FR","og_type":"article","og_title":"Tim Warens en tourn\u00e9e dans le maillot du ma\u00eetre belge - Remco Evenepoel \"seulement\" | Vie Associative","og_description":"Tim Wellens a remport\u00e9 la course de rue du championnat de cyclisme belge dans la cat\u00e9gorie Elite dimanche. Le conducteur de l&rsquo;\u00e9quipe des \u00c9mirats UAE","og_url":"https:\/\/vieassociative.be\/actualites\/tim-warens-en-tournee-dans-le-maillot-du-maitre-belge-remco-evenepoel-seulement\/","og_site_name":"Vie Associative","article_published_time":"2025-07-02T08:20:04+00:00","og_image":[{"width":279,"height":92,"url":"https:\/\/vieassociative.be\/actualites\/wp-content\/uploads\/2024\/09\/header_backgroundk-01-e1726694325946.png","type":"image\/png"}],"author":"Julien","twitter_card":"summary_large_image","twitter_misc":{"\u00c9crit par":"Julien","Dur\u00e9e de lecture est.":"2 minutes"},"schema":{"@context":"https:\/\/schema.org","@graph":[{"@type":"Article","@id":"https:\/\/vieassociative.be\/actualites\/tim-warens-en-tournee-dans-le-maillot-du-maitre-belge-remco-evenepoel-seulement\/#article","isPartOf":{"@id":"https:\/\/vieassociative.be\/actualites\/tim-warens-en-tournee-dans-le-maillot-du-maitre-belge-remco-evenepoel-seulement\/"},"author":{"name":"Julien","@id":"https:\/\/vieassociative.be\/actualites\/#\/schema\/person\/b87ac4f82f9d4e7b7cec7395b679edc4"},"headline":"Tim Warens en tourn\u00e9e dans le maillot du ma\u00eetre belge &#8211; Remco Evenepoel \u00ab\u00a0seulement\u00a0\u00bb","datePublished":"2025-07-02T08:20:04+00:00","dateModified":"2025-07-02T08:20:04+00:00","mainEntityOfPage":{"@id":"https:\/\/vieassociative.be\/actualites\/tim-warens-en-tournee-dans-le-maillot-du-maitre-belge-remco-evenepoel-seulement\/"},"wordCount":409,"publisher":{"@id":"https:\/\/vieassociative.be\/actualites\/#organization"},"image":{"@id":"https:\/\/vieassociative.be\/actualites\/tim-warens-en-tournee-dans-le-maillot-du-maitre-belge-remco-evenepoel-seulement\/#primaryimage"},"thumbnailUrl":"https:\/\/vieassociative.be\/actualites\/wp-content\/uploads\/2025\/07\/Tim-Warens-en-tournee-dans-le-maillot-du-maitre-belge.jpg","keywords":["belge","dans","Evenepoel","maillot","ma\u00eetre","Remco","seulement","Tim","tourn\u00e9e","Warens"],"articleSection":["Belgique"],"inLanguage":"fr-BE"},{"@type":"WebPage","@id":"https:\/\/vieassociative.be\/actualites\/tim-warens-en-tournee-dans-le-maillot-du-maitre-belge-remco-evenepoel-seulement\/","url":"https:\/\/vieassociative.be\/actualites\/tim-warens-en-tournee-dans-le-maillot-du-maitre-belge-remco-evenepoel-seulement\/","name":"Tim Warens en tourn\u00e9e dans le maillot du ma\u00eetre belge - Remco Evenepoel \"seulement\" | Vie Associative","isPartOf":{"@id":"https:\/\/vieassociative.be\/actualites\/#website"},"primaryImageOfPage":{"@id":"https:\/\/vieassociative.be\/actualites\/tim-warens-en-tournee-dans-le-maillot-du-maitre-belge-remco-evenepoel-seulement\/#primaryimage"},"image":{"@id":"https:\/\/vieassociative.be\/actualites\/tim-warens-en-tournee-dans-le-maillot-du-maitre-belge-remco-evenepoel-seulement\/#primaryimage"},"thumbnailUrl":"https:\/\/vieassociative.be\/actualites\/wp-content\/uploads\/2025\/07\/Tim-Warens-en-tournee-dans-le-maillot-du-maitre-belge.jpg","datePublished":"2025-07-02T08:20:04+00:00","dateModified":"2025-07-02T08:20:04+00:00","breadcrumb":{"@id":"https:\/\/vieassociative.be\/actualites\/tim-warens-en-tournee-dans-le-maillot-du-maitre-belge-remco-evenepoel-seulement\/#breadcrumb"},"inLanguage":"fr-BE","potentialAction":[{"@type":"ReadAction","target":["https:\/\/vieassociative.be\/actualites\/tim-warens-en-tournee-dans-le-maillot-du-maitre-belge-remco-evenepoel-seulement\/"]}]},{"@type":"ImageObject","inLanguage":"fr-BE","@id":"https:\/\/vieassociative.be\/actualites\/tim-warens-en-tournee-dans-le-maillot-du-maitre-belge-remco-evenepoel-seulement\/#primaryimage","url":"https:\/\/vieassociative.be\/actualites\/wp-content\/uploads\/2025\/07\/Tim-Warens-en-tournee-dans-le-maillot-du-maitre-belge.jpg","contentUrl":"https:\/\/vieassociative.be\/actualites\/wp-content\/uploads\/2025\/07\/Tim-Warens-en-tournee-dans-le-maillot-du-maitre-belge.jpg","width":1200,"height":800,"caption":"Tim Warens en tourn\u00e9e dans le maillot du ma\u00eetre belge - Remco Evenepoel \"seulement\""},{"@type":"BreadcrumbList","@id":"https:\/\/vieassociative.be\/actualites\/tim-warens-en-tournee-dans-le-maillot-du-maitre-belge-remco-evenepoel-seulement\/#breadcrumb","itemListElement":[{"@type":"ListItem","position":1,"name":"Accueil","item":"https:\/\/vieassociative.be\/actualites\/"},{"@type":"ListItem","position":2,"name":"Tim Warens en tourn\u00e9e dans le maillot du ma\u00eetre belge &#8211; Remco Evenepoel \u00ab\u00a0seulement\u00a0\u00bb"}]},{"@type":"WebSite","@id":"https:\/\/vieassociative.be\/actualites\/#website","url":"https:\/\/vieassociative.be\/actualites\/","name":"Vie Associative","description":"","publisher":{"@id":"https:\/\/vieassociative.be\/actualites\/#organization"},"potentialAction":[{"@type":"SearchAction","target":{"@type":"EntryPoint","urlTemplate":"https:\/\/vieassociative.be\/actualites\/?s={search_term_string}"},"query-input":{"@type":"PropertyValueSpecification","valueRequired":true,"valueName":"search_term_string"}}],"inLanguage":"fr-BE"},{"@type":"Organization","@id":"https:\/\/vieassociative.be\/actualites\/#organization","name":"Vie Associative","url":"https:\/\/vieassociative.be\/actualites\/","logo":{"@type":"ImageObject","inLanguage":"fr-BE","@id":"https:\/\/vieassociative.be\/actualites\/#\/schema\/logo\/image\/","url":"https:\/\/vieassociative.be\/actualites\/wp-content\/uploads\/2024\/09\/cropped-vieassociative_favicon.ico.png","contentUrl":"https:\/\/vieassociative.be\/actualites\/wp-content\/uploads\/2024\/09\/cropped-vieassociative_favicon.ico.png","width":512,"height":512,"caption":"Vie Associative"},"image":{"@id":"https:\/\/vieassociative.be\/actualites\/#\/schema\/logo\/image\/"}},{"@type":"Person","@id":"https:\/\/vieassociative.be\/actualites\/#\/schema\/person\/b87ac4f82f9d4e7b7cec7395b679edc4","name":"Julien","image":{"@type":"ImageObject","inLanguage":"fr-BE","@id":"https:\/\/vieassociative.be\/actualites\/#\/schema\/person\/image\/","url":"https:\/\/vieassociative.be\/actualites\/wp-content\/uploads\/2024\/09\/vie-associative-1-150x150.jpg","contentUrl":"https:\/\/vieassociative.be\/actualites\/wp-content\/uploads\/2024\/09\/vie-associative-1-150x150.jpg","caption":"Julien"},"description":"Je suis Julien, r\u00e9dacteur pour Vie Associative. Passionn\u00e9 par le monde associatif depuis plus de 10 ans, j'ai \u00e0 c\u0153ur de partager des histoires inspirantes et de mettre en lumi\u00e8re les initiatives locales. Mon objectif est de sensibiliser et d'encourager l'engagement communautaire \u00e0 travers mes articles.","sameAs":["https:\/\/vieassociative.be\/"]}]}},"_links":{"self":[{"href":"https:\/\/vieassociative.be\/actualites\/wp-json\/wp\/v2\/posts\/8491"}],"collection":[{"href":"https:\/\/vieassociative.be\/actualites\/wp-json\/wp\/v2\/posts"}],"about":[{"href":"https:\/\/vieassociative.be\/actualites\/wp-json\/wp\/v2\/types\/post"}],"author":[{"embeddable":true,"href":"https:\/\/vieassociative.be\/actualites\/wp-json\/wp\/v2\/users\/1"}],"replies":[{"embeddable":true,"href":"https:\/\/vieassociative.be\/actualites\/wp-json\/wp\/v2\/comments?post=8491"}],"version-history":[{"count":0,"href":"https:\/\/vieassociative.be\/actualites\/wp-json\/wp\/v2\/posts\/8491\/revisions"}],"wp:featuredmedia":[{"embeddable":true,"href":"https:\/\/vieassociative.be\/actualites\/wp-json\/wp\/v2\/media\/8492"}],"wp:attachment":[{"href":"https:\/\/vieassociative.be\/actualites\/wp-json\/wp\/v2\/media?parent=8491"}],"wp:term":[{"taxonomy":"category","embeddable":true,"href":"https:\/\/vieassociative.be\/actualites\/wp-json\/wp\/v2\/categories?post=8491"},{"taxonomy":"post_tag","embeddable":true,"href":"https:\/\/vieassociative.be\/actualites\/wp-json\/wp\/v2\/tags?post=8491"}],"curies":[{"name":"wp","href":"https:\/\/api.w.org\/{rel}","templated":true}]}}