{"id":8489,"date":"2025-07-02T09:17:45","date_gmt":"2025-07-02T07:17:45","guid":{"rendered":"https:\/\/vieassociative.be\/actualites\/les-appareils-portables-ne-vont-pas-rendre-lamerique-en-bonne-sante\/"},"modified":"2025-07-02T09:17:45","modified_gmt":"2025-07-02T07:17:45","slug":"les-appareils-portables-ne-vont-pas-rendre-lamerique-en-bonne-sante","status":"publish","type":"post","link":"https:\/\/vieassociative.be\/actualites\/les-appareils-portables-ne-vont-pas-rendre-lamerique-en-bonne-sante\/","title":{"rendered":"Les appareils portables ne vont pas \u00abrendre l&rsquo;Am\u00e9rique en bonne sant\u00e9\u00bb"},"content":{"rendered":"<div class=\"mt-4 leading-6 md:mb-8\">Nous avons besoin d&rsquo;un syst\u00e8me de sant\u00e9 publique fonctionnel, pas d&rsquo;une campagne publicitaire pour les montres intelligentes.<\/div>\n<p><\/p>\n<p>Les appareils portables en sant\u00e9 et en fitness peuvent faire beaucoup de choses, mais ils ne peuvent vraiment pas faire grand-chose pour rendre les gens plus sains &#8211; peu importe ce que le secr\u00e9taire am\u00e9ricain \u00e0 la sant\u00e9 et aux services sociaux Robert F. Kennedy, Jr., dit devant le Congr\u00e8s. <\/p>\n<p>Je recherche, porte et teste les appareils portables en sant\u00e9 et en fitness ici \u00e0 Vie Associative. J&rsquo;ai \u00e9galement un int\u00e9r\u00eat de longue date pour la sant\u00e9 publique. J&rsquo;ai \u00e9crit un livre sur les \u00e9pid\u00e9mies de la maladie \u00e0 travers l&rsquo;histoire, et l&rsquo;\u00e9criture qui m&rsquo;a fait remarquer par Vie Associative, il y a dix ans, a \u00e9t\u00e9 publi\u00e9e sur un blog intitul\u00e9 <em>Perspectives de sant\u00e9 publique<\/em>. Comprenez donc que je ne suis pas un nouveau venu dans l&rsquo;un ou l&rsquo;autre de ces domaines quand je dis: les appareils portables ne \u00abrendront pas l&rsquo;Am\u00e9rique en bonne sant\u00e9\u00bb, M. secr\u00e9taire. \u00c0 quoi diable pensez-vous?<\/p>\n<h2 id=\"what-wearables-are-we-talking-about-exactly\">De quels portables parlons-nous, exactement? <\/h2>\n<p>Dans un article sur le site de m\u00e9dias sociaux X, RFK, Jr. a vant\u00e9 que \u00ab\u00a0les appareils portables ont remis le pouvoir de la sant\u00e9 entre les mains du peuple am\u00e9ricain\u00a0\u00bb, et a publi\u00e9 une br\u00e8ve vid\u00e9o dans laquelle il a parl\u00e9 les appareils tout en \u00e9tant interrog\u00e9s par des membres du Congr\u00e8s dans lesquels il a annonc\u00e9 sa vision des prochaines ann\u00e9es. <\/p>\n<p>Le bref \u00e9change que Kennedy a publi\u00e9 \u00e9tait incroyablement vague sur ce qu&rsquo;est un portable et comment ils sont cens\u00e9s am\u00e9liorer la sant\u00e9 de quiconque. (Dans son interrogatoire, Troy Balderson, un repr\u00e9sentant de l&rsquo;Ohio, a fait r\u00e9f\u00e9rence \u00e0 des \u00abappareils portables\u00bb qui permettent aux gens de surveiller leur sant\u00e9 et de partager ces donn\u00e9es avec les fournisseurs, et ont class\u00e9 ces appareils comme des \u00aboutils de bien-\u00eatre innovants\u00bb.))<\/p>\n<p>En g\u00e9n\u00e9ral, les \u00abv\u00eatements\u00bb peuvent \u00eatre n&rsquo;importe quelle technologie que vous portez, y compris, mais sans s&rsquo;y limiter, les montres intelligentes et les trackers de fitness. La r\u00e9ponse de Kennedy \u00e9tait un peu plus sp\u00e9cifique: il a mentionn\u00e9 que les gens peuvent les utiliser pour \u00ab\u00a0voir ce que la nourriture fait \u00e0 leur niveau de glucose, leur fr\u00e9quence cardiaque, un certain nombre d&rsquo;autres mesures, telles qu&rsquo;elles le mangent\u00a0\u00bb. <\/p>\n<p>Mais ce n&rsquo;est pas ce que fait une smartwatch. Ce n&rsquo;est pas ce que fait un portable conventionnel, vraiment. Si vous voulez voir ce qui arrive \u00e0 vos niveaux de glucose <em>apr\u00e8s<\/em> Vous mangez de la nourriture, un moniteur de glucose continu (CGM) peut le faire. (Plus de personnes sur une seconde.)<\/p>\n<p>Le suivi de vos changements de fr\u00e9quence cardiaque pendant que vous mangez de la nourriture n&rsquo;est pas vraiment une chose que j&rsquo;ai vu un essai portable de faire &#8211; ce n&rsquo;est pas une fonction Apple Watch typique ou quelque chose comme \u00e7a. La plupart du suivi de l&rsquo;alimentation n&rsquo;utilisent pas du tout un portable, mais vous oblige \u00e0 saisir manuellement les donn\u00e9es dans n&rsquo;importe quelle application que vous aimez (Cronom\u00e8tre est mon pr\u00e9f\u00e9r\u00e9 gratuit) sans collecter de donn\u00e9es biom\u00e9triques. <\/p>\n<p>Mais, ok, peut-\u00eatre qu&rsquo;il se confondait les choses. Smartwatches, anneaux et sangles <em>peut<\/em> Suivez votre fr\u00e9quence cardiaque tout au long de la journ\u00e9e, ainsi que votre activit\u00e9 physique (\u00e9tapes et exercice), ce que Kennedy a \u00e9galement mentionn\u00e9. Il met certainement en \u00e9vidence des choses que les fabricants de portables adoreraient voir discut\u00e9 favorablement devant le Congr\u00e8s. <\/p>\n<h2 id=\"this-isnt-about-health-at-all\">Ce n&rsquo;est pas du tout une question de sant\u00e9<\/h2>\n<p>S&rsquo;il y avait un r\u00e9el r\u00e9sultat li\u00e9 \u00e0 la sant\u00e9 que les appareils portables pourraient accomplir, vous penseriez qu&rsquo;une personne qui contr\u00f4le une branche du gouvernement entier proposerait certaines actions qui rendraient les appareils plus accessibles ou plus utiles aux Am\u00e9ricains. Mais tout ce que Kennedy a mentionn\u00e9 en termes d&rsquo;action est que la succursale \u00ablancerait bient\u00f4t l&rsquo;une des plus grandes campagnes publicitaires de l&rsquo;histoire du HHS pour encourager les Am\u00e9ricains \u00e0 utiliser des appareils portables\u00bb. <\/p>\n<p>Les campagnes publicitaires sont ce que vous entreprenez lorsque vous voulez que les gens <em>acheter<\/em> Votre produit &#8211; avec leur propre argent. Si vous pensiez que les appareils portables \u00e9taient vraiment l&rsquo;avenir de la sant\u00e9 publique, une action appropri\u00e9e pourrait impliquer de fournir des appareils portables gratuits \u00e0 ceux qui en ont besoin, ou de subventionner le co\u00fbt d&rsquo;une achat. Une action encore plus importante serait de mettre en place un syst\u00e8me pour \u00e9tudier ces appareils portables, fournissant des donn\u00e9es rigoureuses sur la pr\u00e9cision et l&rsquo;utilit\u00e9 du monde r\u00e9el tandis que les mod\u00e8les que vous avez test\u00e9s sont toujours sur le march\u00e9. (Actuellement, nous n&rsquo;avons pas un moyen d&rsquo;obtenir des donn\u00e9es fiables jusqu&rsquo;\u00e0 ce que les appareils soient presque obsol\u00e8tes.) <\/p>\n<p>Les appareils qui peuvent \u00eatre exacts ou non, et qui ne sont pas b\u00e9n\u00e9ficiaires de b\u00e9ton, ne sont gu\u00e8re quelque chose \u00e0 placer \u00e0 la pierre angulaire d&rsquo;un plan de sant\u00e9 national. Pendant ce temps, la m\u00eame personne qui pousse les appareils portables est celle pour \u00e9liminer les infrastructures de sant\u00e9 de notre pays et le financement de l&rsquo;arr\u00eat des laboratoires de recherche m\u00e9dicale et des agences de sant\u00e9 publique. C&rsquo;est le gars qui a fond\u00e9 une organisation anti-vaccin avant de prendre ses fonction <em>portables<\/em> sont la cl\u00e9 de la sant\u00e9? <\/p>\n<p>Non, ce n&rsquo;est pas du tout une question de sant\u00e9. Kennedy semble travailler avec des entreprises technologiques pour promouvoir leurs produits &#8211; des produits chers qui fournissent une aura de sant\u00e9. Il n&rsquo;y a pas longtemps, il a rencontr\u00e9 des cadres de sant\u00e9, notamment de Whoop (un produit d&rsquo;abonnement \u00e0 239 $ \/ an) et Fonction Health (LAB tests bien sup\u00e9rieures \u00e0 ce que votre m\u00e9decin commanderait, c&rsquo;est pourquoi vous allez dans une entreprise distincte pour les obtenir, avec des forfaits \u00e0 partir de 499 $), pour n&rsquo;en nommer que quelques-uns. <\/p>\n<p>La \u00absant\u00e9\u00bb au sens du MAHA ne semble pas \u00eatre de pr\u00e9venir les maladies ou de rendre les soins m\u00e9dicaux plus accessibles; C&rsquo;est plus une chose bas\u00e9e sur des vibrations. Casey signifie que le chirurgien g\u00e9n\u00e9ral qui a obtenu son emploi sur la recommandation de Kennedy, a d\u00e9clar\u00e9 qu&rsquo;il valait mieux \u00abregarder (un fermier local) dans les yeux, caresser sa vache, puis d\u00e9cider si je me sens en s\u00e9curit\u00e9 de boire le lait de sa ferme\u00bb que de r\u00e9glementer les ventes de lait cru. Ce n&rsquo;est pas une politique de sant\u00e9, c&rsquo;est une s\u00e9ance photo Instagram. <\/p>\n<p>Un moniteur de glucose intelligent ou continu, comme une excursion dans une ferme, est un luxe principalement inutile. Vous ne vous prot\u00e9gez pas des agents pathog\u00e8nes du lait en caressant une vache, et vous ne vous rendez pas en meilleure sant\u00e9 en obs\u00e9dant les donn\u00e9es des applications de sant\u00e9. <\/p>\n<h2 id=\"wearables-are-more-like-toys\">Les v\u00eatements sont plus comme des jouets<\/h2>\n<p>Autant que j&rsquo;aime courir avec un Garmin ou v\u00e9rifier les mesures de VRH de mon anneau Oura, je sais que ces gadgets ne me font pas <em>en bonne sant\u00e9<\/em>. Si un portable vous encourage \u00e0 prendre plus de mesures ou \u00e0 passer moins de temps \u00e0 vous asseoir, c&rsquo;est un coup de pouce dans une direction saine, mais cela n&rsquo;aura qu&rsquo;un petit effet sur votre sant\u00e9 globale, et seulement si vous \u00eates le genre de personne qui aime chasser les chiffres dans une application. <\/p>\n<p>Tout ce que vous pouvez faire avec un portable co\u00fbteux, vous pouvez faire gratuitement tout seul. Tu peux juste <em>d\u00e9cider<\/em> Pour vous promener apr\u00e8s le d\u00eener tous les jours, sans savoir exactement combien de pas il faut ou combien de minutes de zone active cela vous gagne. Vous pouvez faire une course sans suivre votre fr\u00e9quence cardiaque, et votre forme physique s&rsquo;am\u00e9liorera tout de m\u00eame. Vous pouvez vous coucher t\u00f4t parce que vous vous sentez fatigu\u00e9, plut\u00f4t que d&rsquo;avoir besoin d&rsquo;une montre pour vous dire que vous avez une tendance de cinq minutes plus bas sur le sommeil profond cette semaine par rapport \u00e0 la semaine derni\u00e8re. Vous pouvez oublier ces v\u00e9rit\u00e9s \u00e9videntes si vous \u00eates profond\u00e9ment dans le trou de lapin portables, mais nous tous <em>savoir<\/em> Ils sont vrais, n&rsquo;est-ce pas? <\/p>\n<div class=\"pogoClear relative my-10 border-b-(1.5px) border-t-(1.5px) border-dashed border-black py-5 sm:my-14 sm:border-0 sm:py-0\" data-ga-click data-ga-template=\"Opinions\" data-ga-module=\"openweb_widget\" data-ga-element=\"openweb_scroll\" data-ga-item=\"openweb_scroll_midpage\" x-data=\"{\n         commentsCount: null,\n         hasComments: false,\n         async fetchCommentsCount() {\n             try {\n                 if (window.openweb &amp;&amp; typeof window.openweb.getMessagesCount === 'function') {\n                     this.commentsCount = await window.openweb.getMessagesCount('01JZ3S4M5KVAGJQ3R5E4SJDPDP');\n                     this.hasComments = this.commentsCount !== null &amp;&amp; this.commentsCount &gt; 0;\n                 }\n             } catch (e) {\n                 console.warn('Failed to fetch comment count:', e);\n             }\n         }\n     }\" x-init=\"fetchCommentsCount()\" x-cloak><\/p>\n<div class=\"absolute top-1\/2 hidden w-full -translate-y-1\/2 border-t-(1.5px) border-dashed border-black sm:block\"><\/div>\n<div class=\"relative flex justify-center\">\n<div class=\"flex max-w-fit items-center gap-x-3 bg-white px-5\">\n<div class=\"relative\">\n                <span class=\"absolute left-1\/2 top-1\/2 -translate-x-1\/2 -translate-y-1\/2 font-akshar text-sm font-medium text-black\" aria-live=\"polite\" x-show=\"hasComments\" x-text=\"commentsCount\"><\/span><\/p>\n<p>                <svg class=\"h-8 w-8 text-black\" role=\"img\" aria-hidden=\"true\">\n                    <use href=\"http:\/\/lifehacker.com\/images\/icons\/spritemap.svg#sprite-chat-bubble\"><\/use>\n                <\/svg>\n            <\/div>\n<p>            <span class=\"text-sm font-medium text-black\"><\/p>\n<p>                Que pensez-vous jusqu&rsquo;\u00e0 pr\u00e9sent?<br \/>\n                <button class=\"ml-1 font-semibold text-brand-green underline hover:text-brand-green-700\" type=\"button\" aria-label=\"Comment section trigger\" onclick=\"window.openweb.scrollToComments('01JZ3S4M5KVAGJQ3R5E4SJDPDP')\" x-text=\"hasComments ? 'Post a comment.' : 'Be the first to post a comment.'\"><\/button><br \/>\n            <\/span>\n        <\/div>\n<\/p><\/div>\n<\/div>\n<p>Certaines personnes aiment la gamification que nous obtenons des appareils portables &#8211; marquant une cible de pas et ce genre de chose. Mais les gens peuvent \u00e9galement \u00eatre obs\u00e9d\u00e9s par ces cibles \u00e0 un niveau qui n&rsquo;est pas du tout sain. <\/p>\n<p>Et cela m&rsquo;am\u00e8ne \u00e0 la question continue des moniteurs de glucose, ou CGMS, que Kennedy a fait r\u00e9f\u00e9rence &#8211; et que Casey signifie, chirurgien g\u00e9n\u00e9ral, vend \u00e0 la soci\u00e9t\u00e9 qu&rsquo;elle a fond\u00e9e. Les CGM \u00e9taient \u00e0 l&rsquo;origine un dispositif m\u00e9dical destin\u00e9 aux personnes atteintes de diab\u00e8te, mais sont maintenant disponibles pour le simple glucose-curieux. <\/p>\n<h2 id=\"glucose-monitors-cant-make-you-healthy-either\">Les moniteurs de glucose ne peuvent pas non plus vous rendre en bonne sant\u00e9<\/h2>\n<p>Conna\u00eetre vos niveaux de glucose en temps quasi r\u00e9el est le changement de vie et potentiellement sauver la vie si vous souffrez de diab\u00e8te. Mais si vous ne le faites pas? Pas tellement. Le glucose ou la glyc\u00e9mie monte et descendent au cours d&rsquo;une journ\u00e9e, et c&rsquo;est normal. Les repas provoquent une augmentation, et d&rsquo;autres activit\u00e9s, comme l&rsquo;exercice et le stress, peuvent \u00e9galement l&rsquo;affecter. Tout cela est tout \u00e0 fait normal, et la plupart des m\u00e9decins vous diront qu&rsquo;il n&rsquo;est absolument pas n\u00e9cessaire de surveiller votre niveau de glucose si vous n&rsquo;avez pas de diab\u00e8te. <\/p>\n<p>Mais des entreprises comme les niveaux (l&rsquo;entreprise de Means) encouragent les gens \u00e0 suivre leur glucose pour de vagues raisons li\u00e9es \u00e0 la sant\u00e9. L&rsquo;application de niveaux co\u00fbte 199 $ \/ an, mais vous paieriez \u00e9galement 184 $ pour <em>chaque<\/em> capteur de glucose. Le capteur s&rsquo;en tient \u00e0 l&rsquo;arri\u00e8re de votre bras et transmet des donn\u00e9es sur votre t\u00e9l\u00e9phone. Le mod\u00e8le vendu par des niveaux dure environ 10 jours, il en co\u00fbterait donc des milliers de dollars d&rsquo;utiliser le capteur en continu pendant un an. Les CGM sont g\u00e9n\u00e9ralement couverts par une assurance pour les personnes qui en ont besoin pour g\u00e9rer leur diab\u00e8te, mais si vous les achetez vous-m\u00eame, vous paierez le prix fort.<\/p>\n<p>Ainsi, la vision simple de Kennedy &#8211; vous d\u00eenez, v\u00e9rifiez votre glucose, faites des choix plus sains &#8211; est un passe-temps incroyablement cher et \u00e0 maintenance. Les CGM peuvent fonctionner de 1 200 $ \u00e0 7 000 $ par an, selon GoodRX, et vous devrez enregistrer chaque repas dans une application et modifier p\u00e9riodiquement le capteur. Qui ferait cela sans une raison m\u00e9dicale convaincante? Plus que z\u00e9ro personnes, c&rsquo;est s\u00fbr (les niveaux ont ses clients satisfaits), mais ce n&rsquo;est gu\u00e8re une vision r\u00e9aliste pour tous les Am\u00e9ricains. <\/p>\n<p>Il n&rsquo;est m\u00eame pas clair qu&rsquo;il y a un avantage pour les non-diab\u00e9tiques de suivre leur glucose. Une \u00e9tude publi\u00e9e plus t\u00f4t cette ann\u00e9e a r\u00e9v\u00e9l\u00e9 que les CGM avaient tendance \u00e0 surestimer les niveaux de glucose pour les personnes sans diab\u00e8te, en particulier lorsque les personnes de l&rsquo;\u00e9tude ont mang\u00e9 des fruits ou bu des smoothies. L&rsquo;un des auteurs a d\u00e9clar\u00e9 \u00e0 propos des conclusions que \u00abpour les individus en bonne sant\u00e9, le fait de s&rsquo;appuyer sur les CGM pourrait conduire \u00e0 des restrictions alimentaires inutiles ou \u00e0 de mauvais choix alimentaires\u00bb. <\/p>\n<h2 id=\"americans-need-actual-health-care-not-wearables\">Les Am\u00e9ricains ont besoin de soins de sant\u00e9 r\u00e9els, pas de portables<\/h2>\n<p>Si nous devions prendre les gens du Maha au mot, la question \u00e9vidente serait: quelle est cette partie \u00abencore\u00bb? Si nous \u00e9tions en bonne sant\u00e9 dans le pass\u00e9 et que les appareils portables technologiques sont nouveaux, pourquoi n&rsquo;abandons-nous pas la technologie et retournons-nous \u00e0 une \u00e9poque o\u00f9 nous allions bien?<\/p>\n<p>Ils ne citeront jamais un d\u00e9lai particulier, bien s\u00fbr, car il n&rsquo;y en a pas de bon \u00e0 choisir. Dans les ann\u00e9es 1980, lorsque le VIH n&rsquo;a pas \u00e9t\u00e9 soign\u00e9 et a pris d&rsquo;innombrables vies? Les ann\u00e9es 1950, avec des \u00e9pid\u00e9mies de polio fr\u00e9quentes? Les ann\u00e9es 1920, lorsque la dipht\u00e9rie \u00e9tait connue comme la \u00abpeste des enfants\u00bb? Peut-\u00eatre dans les ann\u00e9es 1800, la pr\u00e9-antibiotique, lorsque la chirurgie et les blessures infect\u00e9es pourraient facilement conduire \u00e0 la mort? Ou au d\u00e9but des ann\u00e9es 1900, alors que 10% des b\u00e9b\u00e9s n&rsquo;ont pas surv\u00e9cu \u00e0 leur premi\u00e8re ann\u00e9e de vie? <\/p>\n<p>En attendant, nous savons <em>tonnes<\/em> des choses qui affectent la sant\u00e9 \u00e0 un niveau environnemental et de style de vie. Le terme scientifique pour cette cat\u00e9gorie de connaissances est les \u00abd\u00e9terminants sociaux de la sant\u00e9\u00bb, et la recherche \u00e0 ce sujet est de se faire r\u00e9duire pour \u00eatre trop r\u00e9veill\u00e9. Les agences qui sont cens\u00e9es assurer de l&rsquo;air et de l&rsquo;eau propres sont \u00e9galement vid\u00e9s. <\/p>\n<p>Je pr\u00e9f\u00e8re que les Am\u00e9ricains soient en bonne sant\u00e9 <em>maintenant<\/em>avec acc\u00e8s aux vaccins et aux soins de reproduction et \u00e0 de bonnes recherches et toutes les autres choses que nous <em>savoir<\/em> Aidez les gens \u00e0 rester en bonne sant\u00e9. Les appareils portables ne commencent pas \u00e0 le couvrir.<\/p>\n","protected":false},"excerpt":{"rendered":"<p>Nous avons besoin d&rsquo;un syst\u00e8me de sant\u00e9 publique fonctionnel, pas d&rsquo;une campagne publicitaire pour les montres intelligentes. Les appareils portables en sant\u00e9 et en fitness<\/p>\n","protected":false},"author":1,"featured_media":8490,"comment_status":"","ping_status":"","sticky":false,"template":"","format":"standard","meta":{"footnotes":""},"categories":[38],"tags":[451,680,5446,14,126,427,465,916,678],"class_list":["post-8489","post","type-post","status-publish","format-standard","has-post-thumbnail","hentry","category-sante","tag-appareils","tag-bonne","tag-lamerique","tag-les","tag-pas","tag-portables","tag-rendre","tag-sante","tag-vont","generate-columns","tablet-grid-50","mobile-grid-100","grid-parent","grid-33"],"yoast_head":"<!-- This site is optimized with the Yoast SEO plugin v24.0 - https:\/\/yoast.com\/wordpress\/plugins\/seo\/ -->\n<title>Les appareils portables ne vont pas \u00abrendre l&#039;Am\u00e9rique en bonne sant\u00e9\u00bb | Vie Associative<\/title>\n<meta name=\"robots\" content=\"index, follow, max-snippet:-1, max-image-preview:large, max-video-preview:-1\" \/>\n<link rel=\"canonical\" href=\"https:\/\/vieassociative.be\/actualites\/les-appareils-portables-ne-vont-pas-rendre-lamerique-en-bonne-sante\/\" \/>\n<meta property=\"og:locale\" content=\"fr_FR\" \/>\n<meta property=\"og:type\" content=\"article\" \/>\n<meta property=\"og:title\" content=\"Les appareils portables ne vont pas \u00abrendre l&#039;Am\u00e9rique en bonne sant\u00e9\u00bb | Vie Associative\" \/>\n<meta property=\"og:description\" content=\"Nous avons besoin d&rsquo;un syst\u00e8me de sant\u00e9 publique fonctionnel, pas d&rsquo;une campagne publicitaire pour les montres intelligentes. Les appareils portables en sant\u00e9 et en fitness\" \/>\n<meta property=\"og:url\" content=\"https:\/\/vieassociative.be\/actualites\/les-appareils-portables-ne-vont-pas-rendre-lamerique-en-bonne-sante\/\" \/>\n<meta property=\"og:site_name\" content=\"Vie Associative\" \/>\n<meta property=\"article:published_time\" content=\"2025-07-02T07:17:45+00:00\" \/>\n<meta property=\"og:image\" content=\"https:\/\/vieassociative.be\/actualites\/wp-content\/uploads\/2024\/09\/header_backgroundk-01-e1726694325946.png\" \/>\n\t<meta property=\"og:image:width\" content=\"279\" \/>\n\t<meta property=\"og:image:height\" content=\"92\" \/>\n\t<meta property=\"og:image:type\" content=\"image\/png\" \/>\n<meta name=\"author\" content=\"Julien\" \/>\n<meta name=\"twitter:card\" content=\"summary_large_image\" \/>\n<meta name=\"twitter:label1\" content=\"\u00c9crit par\" \/>\n\t<meta name=\"twitter:data1\" content=\"Julien\" \/>\n\t<meta name=\"twitter:label2\" content=\"Dur\u00e9e de lecture est.\" \/>\n\t<meta name=\"twitter:data2\" content=\"11 minutes\" \/>\n<script type=\"application\/ld+json\" class=\"yoast-schema-graph\">{\"@context\":\"https:\/\/schema.org\",\"@graph\":[{\"@type\":\"Article\",\"@id\":\"https:\/\/vieassociative.be\/actualites\/les-appareils-portables-ne-vont-pas-rendre-lamerique-en-bonne-sante\/#article\",\"isPartOf\":{\"@id\":\"https:\/\/vieassociative.be\/actualites\/les-appareils-portables-ne-vont-pas-rendre-lamerique-en-bonne-sante\/\"},\"author\":{\"name\":\"Julien\",\"@id\":\"https:\/\/vieassociative.be\/actualites\/#\/schema\/person\/b87ac4f82f9d4e7b7cec7395b679edc4\"},\"headline\":\"Les appareils portables ne vont pas \u00abrendre l&rsquo;Am\u00e9rique en bonne sant\u00e9\u00bb\",\"datePublished\":\"2025-07-02T07:17:45+00:00\",\"dateModified\":\"2025-07-02T07:17:45+00:00\",\"mainEntityOfPage\":{\"@id\":\"https:\/\/vieassociative.be\/actualites\/les-appareils-portables-ne-vont-pas-rendre-lamerique-en-bonne-sante\/\"},\"wordCount\":2303,\"publisher\":{\"@id\":\"https:\/\/vieassociative.be\/actualites\/#organization\"},\"image\":{\"@id\":\"https:\/\/vieassociative.be\/actualites\/les-appareils-portables-ne-vont-pas-rendre-lamerique-en-bonne-sante\/#primaryimage\"},\"thumbnailUrl\":\"https:\/\/vieassociative.be\/actualites\/wp-content\/uploads\/2025\/07\/Les-appareils-portables-ne-vont-pas-rendre-lAmerique-en-bonne.png\",\"keywords\":[\"appareils\",\"bonne\",\"LAm\u00e9rique\",\"Les\",\"pas\",\"portables\",\"rendre\",\"sant\u00e9\",\"vont\"],\"articleSection\":[\"Sant\u00e9\"],\"inLanguage\":\"fr-BE\"},{\"@type\":\"WebPage\",\"@id\":\"https:\/\/vieassociative.be\/actualites\/les-appareils-portables-ne-vont-pas-rendre-lamerique-en-bonne-sante\/\",\"url\":\"https:\/\/vieassociative.be\/actualites\/les-appareils-portables-ne-vont-pas-rendre-lamerique-en-bonne-sante\/\",\"name\":\"Les appareils portables ne vont pas \u00abrendre l'Am\u00e9rique en bonne sant\u00e9\u00bb | Vie Associative\",\"isPartOf\":{\"@id\":\"https:\/\/vieassociative.be\/actualites\/#website\"},\"primaryImageOfPage\":{\"@id\":\"https:\/\/vieassociative.be\/actualites\/les-appareils-portables-ne-vont-pas-rendre-lamerique-en-bonne-sante\/#primaryimage\"},\"image\":{\"@id\":\"https:\/\/vieassociative.be\/actualites\/les-appareils-portables-ne-vont-pas-rendre-lamerique-en-bonne-sante\/#primaryimage\"},\"thumbnailUrl\":\"https:\/\/vieassociative.be\/actualites\/wp-content\/uploads\/2025\/07\/Les-appareils-portables-ne-vont-pas-rendre-lAmerique-en-bonne.png\",\"datePublished\":\"2025-07-02T07:17:45+00:00\",\"dateModified\":\"2025-07-02T07:17:45+00:00\",\"breadcrumb\":{\"@id\":\"https:\/\/vieassociative.be\/actualites\/les-appareils-portables-ne-vont-pas-rendre-lamerique-en-bonne-sante\/#breadcrumb\"},\"inLanguage\":\"fr-BE\",\"potentialAction\":[{\"@type\":\"ReadAction\",\"target\":[\"https:\/\/vieassociative.be\/actualites\/les-appareils-portables-ne-vont-pas-rendre-lamerique-en-bonne-sante\/\"]}]},{\"@type\":\"ImageObject\",\"inLanguage\":\"fr-BE\",\"@id\":\"https:\/\/vieassociative.be\/actualites\/les-appareils-portables-ne-vont-pas-rendre-lamerique-en-bonne-sante\/#primaryimage\",\"url\":\"https:\/\/vieassociative.be\/actualites\/wp-content\/uploads\/2025\/07\/Les-appareils-portables-ne-vont-pas-rendre-lAmerique-en-bonne.png\",\"contentUrl\":\"https:\/\/vieassociative.be\/actualites\/wp-content\/uploads\/2025\/07\/Les-appareils-portables-ne-vont-pas-rendre-lAmerique-en-bonne.png\",\"width\":1200,\"height\":675,\"caption\":\"Les appareils portables ne vont pas \u00abrendre l'Am\u00e9rique en bonne sant\u00e9\u00bb\"},{\"@type\":\"BreadcrumbList\",\"@id\":\"https:\/\/vieassociative.be\/actualites\/les-appareils-portables-ne-vont-pas-rendre-lamerique-en-bonne-sante\/#breadcrumb\",\"itemListElement\":[{\"@type\":\"ListItem\",\"position\":1,\"name\":\"Accueil\",\"item\":\"https:\/\/vieassociative.be\/actualites\/\"},{\"@type\":\"ListItem\",\"position\":2,\"name\":\"Les appareils portables ne vont pas \u00abrendre l&rsquo;Am\u00e9rique en bonne sant\u00e9\u00bb\"}]},{\"@type\":\"WebSite\",\"@id\":\"https:\/\/vieassociative.be\/actualites\/#website\",\"url\":\"https:\/\/vieassociative.be\/actualites\/\",\"name\":\"Vie Associative\",\"description\":\"\",\"publisher\":{\"@id\":\"https:\/\/vieassociative.be\/actualites\/#organization\"},\"potentialAction\":[{\"@type\":\"SearchAction\",\"target\":{\"@type\":\"EntryPoint\",\"urlTemplate\":\"https:\/\/vieassociative.be\/actualites\/?s={search_term_string}\"},\"query-input\":{\"@type\":\"PropertyValueSpecification\",\"valueRequired\":true,\"valueName\":\"search_term_string\"}}],\"inLanguage\":\"fr-BE\"},{\"@type\":\"Organization\",\"@id\":\"https:\/\/vieassociative.be\/actualites\/#organization\",\"name\":\"Vie Associative\",\"url\":\"https:\/\/vieassociative.be\/actualites\/\",\"logo\":{\"@type\":\"ImageObject\",\"inLanguage\":\"fr-BE\",\"@id\":\"https:\/\/vieassociative.be\/actualites\/#\/schema\/logo\/image\/\",\"url\":\"https:\/\/vieassociative.be\/actualites\/wp-content\/uploads\/2024\/09\/cropped-vieassociative_favicon.ico.png\",\"contentUrl\":\"https:\/\/vieassociative.be\/actualites\/wp-content\/uploads\/2024\/09\/cropped-vieassociative_favicon.ico.png\",\"width\":512,\"height\":512,\"caption\":\"Vie Associative\"},\"image\":{\"@id\":\"https:\/\/vieassociative.be\/actualites\/#\/schema\/logo\/image\/\"}},{\"@type\":\"Person\",\"@id\":\"https:\/\/vieassociative.be\/actualites\/#\/schema\/person\/b87ac4f82f9d4e7b7cec7395b679edc4\",\"name\":\"Julien\",\"image\":{\"@type\":\"ImageObject\",\"inLanguage\":\"fr-BE\",\"@id\":\"https:\/\/vieassociative.be\/actualites\/#\/schema\/person\/image\/\",\"url\":\"https:\/\/vieassociative.be\/actualites\/wp-content\/uploads\/2024\/09\/vie-associative-1-150x150.jpg\",\"contentUrl\":\"https:\/\/vieassociative.be\/actualites\/wp-content\/uploads\/2024\/09\/vie-associative-1-150x150.jpg\",\"caption\":\"Julien\"},\"description\":\"Je suis Julien, r\u00e9dacteur pour Vie Associative. Passionn\u00e9 par le monde associatif depuis plus de 10 ans, j'ai \u00e0 c\u0153ur de partager des histoires inspirantes et de mettre en lumi\u00e8re les initiatives locales. Mon objectif est de sensibiliser et d'encourager l'engagement communautaire \u00e0 travers mes articles.\",\"sameAs\":[\"https:\/\/vieassociative.be\/\"]}]}<\/script>\n<!-- \/ Yoast SEO plugin. -->","yoast_head_json":{"title":"Les appareils portables ne vont pas \u00abrendre l'Am\u00e9rique en bonne sant\u00e9\u00bb | Vie Associative","robots":{"index":"index","follow":"follow","max-snippet":"max-snippet:-1","max-image-preview":"max-image-preview:large","max-video-preview":"max-video-preview:-1"},"canonical":"https:\/\/vieassociative.be\/actualites\/les-appareils-portables-ne-vont-pas-rendre-lamerique-en-bonne-sante\/","og_locale":"fr_FR","og_type":"article","og_title":"Les appareils portables ne vont pas \u00abrendre l'Am\u00e9rique en bonne sant\u00e9\u00bb | Vie Associative","og_description":"Nous avons besoin d&rsquo;un syst\u00e8me de sant\u00e9 publique fonctionnel, pas d&rsquo;une campagne publicitaire pour les montres intelligentes. Les appareils portables en sant\u00e9 et en fitness","og_url":"https:\/\/vieassociative.be\/actualites\/les-appareils-portables-ne-vont-pas-rendre-lamerique-en-bonne-sante\/","og_site_name":"Vie Associative","article_published_time":"2025-07-02T07:17:45+00:00","og_image":[{"width":279,"height":92,"url":"https:\/\/vieassociative.be\/actualites\/wp-content\/uploads\/2024\/09\/header_backgroundk-01-e1726694325946.png","type":"image\/png"}],"author":"Julien","twitter_card":"summary_large_image","twitter_misc":{"\u00c9crit par":"Julien","Dur\u00e9e de lecture est.":"11 minutes"},"schema":{"@context":"https:\/\/schema.org","@graph":[{"@type":"Article","@id":"https:\/\/vieassociative.be\/actualites\/les-appareils-portables-ne-vont-pas-rendre-lamerique-en-bonne-sante\/#article","isPartOf":{"@id":"https:\/\/vieassociative.be\/actualites\/les-appareils-portables-ne-vont-pas-rendre-lamerique-en-bonne-sante\/"},"author":{"name":"Julien","@id":"https:\/\/vieassociative.be\/actualites\/#\/schema\/person\/b87ac4f82f9d4e7b7cec7395b679edc4"},"headline":"Les appareils portables ne vont pas \u00abrendre l&rsquo;Am\u00e9rique en bonne sant\u00e9\u00bb","datePublished":"2025-07-02T07:17:45+00:00","dateModified":"2025-07-02T07:17:45+00:00","mainEntityOfPage":{"@id":"https:\/\/vieassociative.be\/actualites\/les-appareils-portables-ne-vont-pas-rendre-lamerique-en-bonne-sante\/"},"wordCount":2303,"publisher":{"@id":"https:\/\/vieassociative.be\/actualites\/#organization"},"image":{"@id":"https:\/\/vieassociative.be\/actualites\/les-appareils-portables-ne-vont-pas-rendre-lamerique-en-bonne-sante\/#primaryimage"},"thumbnailUrl":"https:\/\/vieassociative.be\/actualites\/wp-content\/uploads\/2025\/07\/Les-appareils-portables-ne-vont-pas-rendre-lAmerique-en-bonne.png","keywords":["appareils","bonne","LAm\u00e9rique","Les","pas","portables","rendre","sant\u00e9","vont"],"articleSection":["Sant\u00e9"],"inLanguage":"fr-BE"},{"@type":"WebPage","@id":"https:\/\/vieassociative.be\/actualites\/les-appareils-portables-ne-vont-pas-rendre-lamerique-en-bonne-sante\/","url":"https:\/\/vieassociative.be\/actualites\/les-appareils-portables-ne-vont-pas-rendre-lamerique-en-bonne-sante\/","name":"Les appareils portables ne vont pas \u00abrendre l'Am\u00e9rique en bonne sant\u00e9\u00bb | Vie Associative","isPartOf":{"@id":"https:\/\/vieassociative.be\/actualites\/#website"},"primaryImageOfPage":{"@id":"https:\/\/vieassociative.be\/actualites\/les-appareils-portables-ne-vont-pas-rendre-lamerique-en-bonne-sante\/#primaryimage"},"image":{"@id":"https:\/\/vieassociative.be\/actualites\/les-appareils-portables-ne-vont-pas-rendre-lamerique-en-bonne-sante\/#primaryimage"},"thumbnailUrl":"https:\/\/vieassociative.be\/actualites\/wp-content\/uploads\/2025\/07\/Les-appareils-portables-ne-vont-pas-rendre-lAmerique-en-bonne.png","datePublished":"2025-07-02T07:17:45+00:00","dateModified":"2025-07-02T07:17:45+00:00","breadcrumb":{"@id":"https:\/\/vieassociative.be\/actualites\/les-appareils-portables-ne-vont-pas-rendre-lamerique-en-bonne-sante\/#breadcrumb"},"inLanguage":"fr-BE","potentialAction":[{"@type":"ReadAction","target":["https:\/\/vieassociative.be\/actualites\/les-appareils-portables-ne-vont-pas-rendre-lamerique-en-bonne-sante\/"]}]},{"@type":"ImageObject","inLanguage":"fr-BE","@id":"https:\/\/vieassociative.be\/actualites\/les-appareils-portables-ne-vont-pas-rendre-lamerique-en-bonne-sante\/#primaryimage","url":"https:\/\/vieassociative.be\/actualites\/wp-content\/uploads\/2025\/07\/Les-appareils-portables-ne-vont-pas-rendre-lAmerique-en-bonne.png","contentUrl":"https:\/\/vieassociative.be\/actualites\/wp-content\/uploads\/2025\/07\/Les-appareils-portables-ne-vont-pas-rendre-lAmerique-en-bonne.png","width":1200,"height":675,"caption":"Les appareils portables ne vont pas \u00abrendre l'Am\u00e9rique en bonne sant\u00e9\u00bb"},{"@type":"BreadcrumbList","@id":"https:\/\/vieassociative.be\/actualites\/les-appareils-portables-ne-vont-pas-rendre-lamerique-en-bonne-sante\/#breadcrumb","itemListElement":[{"@type":"ListItem","position":1,"name":"Accueil","item":"https:\/\/vieassociative.be\/actualites\/"},{"@type":"ListItem","position":2,"name":"Les appareils portables ne vont pas \u00abrendre l&rsquo;Am\u00e9rique en bonne sant\u00e9\u00bb"}]},{"@type":"WebSite","@id":"https:\/\/vieassociative.be\/actualites\/#website","url":"https:\/\/vieassociative.be\/actualites\/","name":"Vie Associative","description":"","publisher":{"@id":"https:\/\/vieassociative.be\/actualites\/#organization"},"potentialAction":[{"@type":"SearchAction","target":{"@type":"EntryPoint","urlTemplate":"https:\/\/vieassociative.be\/actualites\/?s={search_term_string}"},"query-input":{"@type":"PropertyValueSpecification","valueRequired":true,"valueName":"search_term_string"}}],"inLanguage":"fr-BE"},{"@type":"Organization","@id":"https:\/\/vieassociative.be\/actualites\/#organization","name":"Vie Associative","url":"https:\/\/vieassociative.be\/actualites\/","logo":{"@type":"ImageObject","inLanguage":"fr-BE","@id":"https:\/\/vieassociative.be\/actualites\/#\/schema\/logo\/image\/","url":"https:\/\/vieassociative.be\/actualites\/wp-content\/uploads\/2024\/09\/cropped-vieassociative_favicon.ico.png","contentUrl":"https:\/\/vieassociative.be\/actualites\/wp-content\/uploads\/2024\/09\/cropped-vieassociative_favicon.ico.png","width":512,"height":512,"caption":"Vie Associative"},"image":{"@id":"https:\/\/vieassociative.be\/actualites\/#\/schema\/logo\/image\/"}},{"@type":"Person","@id":"https:\/\/vieassociative.be\/actualites\/#\/schema\/person\/b87ac4f82f9d4e7b7cec7395b679edc4","name":"Julien","image":{"@type":"ImageObject","inLanguage":"fr-BE","@id":"https:\/\/vieassociative.be\/actualites\/#\/schema\/person\/image\/","url":"https:\/\/vieassociative.be\/actualites\/wp-content\/uploads\/2024\/09\/vie-associative-1-150x150.jpg","contentUrl":"https:\/\/vieassociative.be\/actualites\/wp-content\/uploads\/2024\/09\/vie-associative-1-150x150.jpg","caption":"Julien"},"description":"Je suis Julien, r\u00e9dacteur pour Vie Associative. Passionn\u00e9 par le monde associatif depuis plus de 10 ans, j'ai \u00e0 c\u0153ur de partager des histoires inspirantes et de mettre en lumi\u00e8re les initiatives locales. Mon objectif est de sensibiliser et d'encourager l'engagement communautaire \u00e0 travers mes articles.","sameAs":["https:\/\/vieassociative.be\/"]}]}},"_links":{"self":[{"href":"https:\/\/vieassociative.be\/actualites\/wp-json\/wp\/v2\/posts\/8489"}],"collection":[{"href":"https:\/\/vieassociative.be\/actualites\/wp-json\/wp\/v2\/posts"}],"about":[{"href":"https:\/\/vieassociative.be\/actualites\/wp-json\/wp\/v2\/types\/post"}],"author":[{"embeddable":true,"href":"https:\/\/vieassociative.be\/actualites\/wp-json\/wp\/v2\/users\/1"}],"replies":[{"embeddable":true,"href":"https:\/\/vieassociative.be\/actualites\/wp-json\/wp\/v2\/comments?post=8489"}],"version-history":[{"count":0,"href":"https:\/\/vieassociative.be\/actualites\/wp-json\/wp\/v2\/posts\/8489\/revisions"}],"wp:featuredmedia":[{"embeddable":true,"href":"https:\/\/vieassociative.be\/actualites\/wp-json\/wp\/v2\/media\/8490"}],"wp:attachment":[{"href":"https:\/\/vieassociative.be\/actualites\/wp-json\/wp\/v2\/media?parent=8489"}],"wp:term":[{"taxonomy":"category","embeddable":true,"href":"https:\/\/vieassociative.be\/actualites\/wp-json\/wp\/v2\/categories?post=8489"},{"taxonomy":"post_tag","embeddable":true,"href":"https:\/\/vieassociative.be\/actualites\/wp-json\/wp\/v2\/tags?post=8489"}],"curies":[{"name":"wp","href":"https:\/\/api.w.org\/{rel}","templated":true}]}}