{"id":8487,"date":"2025-07-02T04:17:30","date_gmt":"2025-07-02T02:17:30","guid":{"rendered":"https:\/\/vieassociative.be\/actualites\/elisabeth-votre-vie-en-tant-que-future-reine-de-la-belgique\/"},"modified":"2025-07-02T04:17:30","modified_gmt":"2025-07-02T02:17:30","slug":"elisabeth-votre-vie-en-tant-que-future-reine-de-la-belgique","status":"publish","type":"post","link":"https:\/\/vieassociative.be\/actualites\/elisabeth-votre-vie-en-tant-que-future-reine-de-la-belgique\/","title":{"rendered":"Elisabeth: Votre vie en tant que future reine de la Belgique"},"content":{"rendered":"<p><strong>Vous \u00eates juste au d\u00e9but des ann\u00e9es 20, mais un jour probablement reine. Jusque-l\u00e0, les jeunes femmes et les futurs chefs d&rsquo;\u00c9tat sont assis dans la salle de conf\u00e9rence, vivant dans un appartement partag\u00e9 ou naviguant dans le monde. L&rsquo;un des h\u00e9ritiers du tr\u00f4ne est la princesse Elisabeth de Belgique, fille du roi Philippe et de la reine Mathilde.<\/strong><\/p>\n<p><span id=\"more-419007\"><\/span>Il y a un total de douze monarchies en Europe &#8211; et en personne, une femme est au sommet. Mais cela devrait changer \u00e0 l&rsquo;avenir: plusieurs princesses europ\u00e9ennes attendent actuellement le tr\u00f4ne. Ce ne sont pas seulement les futurs chefs d&rsquo;\u00c9tat, mais aussi les soldats. <\/p>\n<p>L&rsquo;h\u00e9ritier belge du tr\u00f4ne, par exemple, \u00e9tudie \u00e0 l&rsquo;Universit\u00e9 de Harvard et s&rsquo;inqui\u00e8te de sa lieu d&rsquo;\u00e9tude compte tenu des plans du gouvernement Trump. Certains faits m\u00e9ritent d&rsquo;\u00eatre connus de la vie en tant que future reine:<\/p>\n<div id=\"attachment_392185\" class=\"wp-caption alignleft\" style=\"max-width: 300px\"><img fetchpriority=\"high\" decoding=\"async\" class=\"wp-image-392185 size-medium\" src=\"https:\/\/vieassociative.be\/actualites\/wp-content\/uploads\/2025\/07\/Elisabeth-Votre-vie-en-tant-que-future-reine-de-la.jpg\" alt=\"\" width=\"300\" height=\"200\"><\/p>\n<p class=\"wp-caption-text\">23\/07\/2024, Grande-Bretagne, Oxford: King Philippe de Belgique, princesse de la Couronne Elisabeth et reine Mathilde de Belgique lors d&rsquo;une s\u00e9ance photo de la biblioth\u00e8que du Lincoln College de l&rsquo;Universit\u00e9 d&rsquo;Oxford. Photo: Laurie Dieffembacq \/ Belga \/ DPA<\/p>\n<\/div>\n<p>Ce sont le prochain h\u00e9ritier du tr\u00f4ne: en Belgique, aux Pays-Bas, en Espagne et en Su\u00e8de, les femmes sont les prochaines dans la succession du tr\u00f4ne. L&rsquo;un des plus jeunes d&rsquo;entre eux est la princesse de la Couronne Elisabeth (23 ans) de la Belgique, qui sera un jour la premi\u00e8re femme de l&rsquo;histoire de son pays. Le tr\u00f4ne n\u00e9erlandais sur le tr\u00f4ne Amalia (21 ans) appartient d\u00e9j\u00e0 au Conseil d&rsquo;\u00c9tat, un organisme consultatif du gouvernement. En Espagne, la princesse Leonor (19) est probablement au sommet &#8211; et serait la premi\u00e8re femme chef d&rsquo;\u00c9tat depuis 1868. En Su\u00e8de, la princesse de la Couronne s&rsquo;appelle Victoria (47).<\/p>\n<p><strong>&#8211; Oxford, Harvard, Amsterdam:<\/strong> Quant \u00e0 de nombreux autres jeunes, l&rsquo;universit\u00e9 est \u00e9galement all\u00e9e \u00e0 Elisabeth apr\u00e8s l&rsquo;\u00e9cole. Elle a termin\u00e9 son baccalaur\u00e9at \u00e0 l&rsquo;Universit\u00e9 britannique d&rsquo;Oxford et \u00e9tudie la politique publique de Master \u00e0 l&rsquo;Universit\u00e9 Harvard Elite aux \u00c9tats-Unis depuis un an. La princesse n\u00e9erlandaise Amalia vit actuellement dans une part plate \u00e0 Amsterdam et ses \u00e9tudes dans le baccalaur\u00e9at.<\/p>\n<p>Il n&rsquo;est toujours pas certain que le gouvernement Trump puisse faire respecter l&rsquo;arr\u00eat d&rsquo;entr\u00e9e pr\u00e9vu pour les \u00e9tudiants \u00e9trangers et continuer Elisabeth. Selon ses propres d\u00e9clarations, le palais examine actuellement les effets possibles de la d\u00e9cision de l&rsquo;administration Trump. Si tout se passe comme pr\u00e9vu, Elisabeth aimerait terminer son ma\u00eetre en mai 2026.<\/p>\n<p><strong>&#8211; La poign\u00e9e de l&rsquo;arme est \u00e9galement incluse:<\/strong> L&rsquo;h\u00e9ritier belge du tr\u00f4ne a d\u00e9j\u00e0 suivi une formation de deux ans \u00e0 l&rsquo;\u00e9cole militaire royale de Bruxelles. Ceci n&rsquo;est pas d\u00e9termin\u00e9 par la loi ou la constitution. Mais: \u00ab\u00a0Le monarque, en l&rsquo;occurrence, Elisabeth en tant que future reine, doit \u00eatre capable d&rsquo;atteindre des armes au moins, du moins symboliquement, et de d\u00e9fendre son pays\u00a0\u00bb, explique l&rsquo;expert royal Thomas de Bergeyck du diffuseur belge RTL.<\/p>\n<div id=\"attachment_326295\" class=\"wp-caption alignleft\" style=\"max-width: 300px\"><img decoding=\"async\" class=\"wp-image-326295 size-medium\" src=\"https:\/\/vieassociative.be\/actualites\/wp-content\/uploads\/2025\/07\/Elisabeth-Votre-vie-en-tant-que-future-reine-de-la.jpeg\" alt=\"\" width=\"300\" height=\"200\"><\/p>\n<p class=\"wp-caption-text\">27 avril 2022, Belgique, Bruxelles: la princesse de la Couronne Elisabeth dans un camp d&rsquo;\u00e9t\u00e9 de l&rsquo;\u00e9cole militaire royale. Photo: Erwin ceup \/ erm-kms \/ belga \/ dpa<\/p>\n<\/div>\n<p>Tout comme Elisabeth, la princesse Leonor d&rsquo;Espagne fait \u00e9galement une formation militaire: seulement dans l&rsquo;arm\u00e9e, actuellement \u00e0 la Marine et bient\u00f4t avec l&rsquo;Air Force. Ceci est courant parce que le roi ou la reine a le commandement principal des militaires.<\/p>\n<p><strong>&#8211; Presque aucune interview et pratiquement aucune dates publiques:<\/strong> Les futures reines donnent rarement des interviews. La princesse Elisabeth vit \u00e0 l&rsquo;\u00e9tranger pour ses \u00e9tudes, loin du battage m\u00e9diatique belge, explique De Bergeyck. \u00ab\u00a0Cependant, ce qui la distingue des autres \u00e9l\u00e8ves, c&rsquo;est qu&rsquo;elle est constamment accompagn\u00e9e de deux gardes du corps\u00a0\u00bb, dit-il. La princesse Amalia a d\u00fb d\u00e9m\u00e9nager temporairement \u00e0 Madrid il y a quelques ann\u00e9es en raison d&rsquo;une \u00e9ventuelle menace pour les criminels.<\/p>\n<p>Certaines nominations publiques per\u00e7oivent d\u00e9j\u00e0 les h\u00e9ritiers du tr\u00f4ne. \u00c0 seulement neuf ans, Elisabeth a officiellement inaugur\u00e9 un nouvel h\u00f4pital pour enfants de l&rsquo;h\u00f4pital universitaire Gent, qui a \u00e9t\u00e9 nomm\u00e9 d&rsquo;apr\u00e8s elle.<\/p>\n<p><strong>&#8211; Airon, conduite et ballet royal hobbies:<\/strong> Les activit\u00e9s sportives font partie des jeunes successeurs. Selon le palais belge, Elisabeth aime courir le ski, l&rsquo;aviron et la voile. Elle joue le piano et parle plusieurs langues: en plus des n\u00e9erlandais, du fran\u00e7ais et de l&rsquo;anglais, contrairement \u00e0 ses fr\u00e8res et s\u0153urs &#8211; allemand. \u00ab\u00a0Elisabeth incarne une image moderne de la monarchie belge\u00a0\u00bb, explique l&rsquo;expert d&rsquo;Adels de Bergeyck. \u00ab\u00a0Une jeune femme instruite, multilingue, cosmopolite et s&rsquo;est engag\u00e9e dans des valeurs contemporaines telles que la responsabilit\u00e9 sociale et l&rsquo;\u00e9galit\u00e9 des sexes.\u00a0\u00bb<\/p>\n<p>Selon les m\u00e9dias n\u00e9erlandais, la princesse Amalia aurait appris, entre autres, le hockey, le judo, la conduite et le violon. L&rsquo;h\u00e9ritier du tr\u00f4ne Leonor est consid\u00e9r\u00e9 comme r\u00eaveur et, selon les m\u00e9dias espagnols, est un peu timide, mais aussi prudent, prudent et bien organis\u00e9. Ses passe-temps incluent le volleyball et le ballet.<\/p>\n<div id=\"attachment_369295\" class=\"wp-caption alignleft\" style=\"max-width: 300px\"><img decoding=\"async\" class=\"wp-image-369295 size-medium\" src=\"https:\/\/vieassociative.be\/actualites\/wp-content\/uploads\/2025\/07\/1751422650_712_Elisabeth-Votre-vie-en-tant-que-future-reine-de-la.jpg\" alt=\"\" width=\"300\" height=\"200\"><\/p>\n<p class=\"wp-caption-text\">11.05.2022, Grande-Bretagne, Oxford: Princess Elisabeth, duchesse de Brabant, visite l&rsquo;Universit\u00e9 d&rsquo;Oxford dans le cadre de la mission commerciale en Grande-Bretagne. Photo: Jasper Jacobs \/ Belga \/ DPA<\/p>\n<\/div>\n<p><strong>&#8211; Les successeurs du tr\u00f4ne doivent \u00eatre politiquement neutres:<\/strong> \u00ab\u00a0La princesse Elisabeth ne doit pas commenter politiquement comme h\u00e9ritier du tr\u00f4ne. Comme tous les membres de la famille royale, elle est oblig\u00e9e de stricter la neutralit\u00e9\u00a0\u00bb, explique De Bergeyck. La raison: les monarques sont cens\u00e9s prendre une fonction de connexion sur les tranch\u00e9es politiques. En tant que reine, Elisabeth devra \u00e9galement s&rsquo;en tenir.<\/p>\n<p><strong>&#8211; Quand deviendrez-vous des reines?<\/strong> \u00ab\u00a0De nos jours, la carri\u00e8re royale est g\u00e9n\u00e9ralement termin\u00e9e par l&rsquo;abdication &#8211; c&rsquo;\u00e9tait la mort\u00a0\u00bb, explique De Bergeyck \u00e0 propos de la monarchie belge. Les deux sont possibles. Cela s&rsquo;applique \u00e9galement aux h\u00e9ritiers du tr\u00f4ne Amalia et Leonor.<\/p>\n<p>En juin, le roi Philippe a expliqu\u00e9 dans une vid\u00e9o sur le site Web de la monarchie, o\u00f9 il a r\u00e9pondu aux questions des citoyens qu&rsquo;il ne se sentait pas \u00ab\u00e0 la retraite\u00bb \u00e0 l&rsquo;\u00e2ge de 65 ans. Sa d\u00e9claration: \u00ab\u00a0Je ne me sens pas comme un retrait\u00e9. Est-ce que je ressemble \u00e0 un retrait\u00e9 pour vous?\u00a0\u00bb<\/p>\n<p>Selon Bergeyck, la r\u00e9ponse est claire: le roi n&rsquo;est pas pr\u00eat \u00e0 mourir. Le fait qu&rsquo;Elisabeth devienne la premi\u00e8re femme au sommet apr\u00e8s six rois n&rsquo;a \u00e9t\u00e9 possible que depuis une r\u00e9forme en 1991. Depuis lors, le plus \u00e2g\u00e9 a h\u00e9rit\u00e9 du tr\u00f4ne, quel que soit le sexe. (DPA \/ CRE)<\/p>\n","protected":false},"excerpt":{"rendered":"<p>Vous \u00eates juste au d\u00e9but des ann\u00e9es 20, mais un jour probablement reine. Jusque-l\u00e0, les jeunes femmes et les futurs chefs d&rsquo;\u00c9tat sont assis dans<\/p>\n","protected":false},"author":1,"featured_media":8488,"comment_status":"","ping_status":"","sticky":false,"template":"","format":"standard","meta":{"footnotes":""},"categories":[298],"tags":[383,7585,1581,7586,1745,58,8],"class_list":["post-8487","post","type-post","status-publish","format-standard","has-post-thumbnail","hentry","category-belgique","tag-belgique","tag-elisabeth","tag-future","tag-reine","tag-tant","tag-vie","tag-votre","generate-columns","tablet-grid-50","mobile-grid-100","grid-parent","grid-33"],"yoast_head":"<!-- This site is optimized with the Yoast SEO plugin v24.0 - https:\/\/yoast.com\/wordpress\/plugins\/seo\/ -->\n<title>Elisabeth: Votre vie en tant que future reine de la Belgique | Vie Associative<\/title>\n<meta name=\"robots\" content=\"index, follow, max-snippet:-1, max-image-preview:large, max-video-preview:-1\" \/>\n<link rel=\"canonical\" href=\"https:\/\/vieassociative.be\/actualites\/elisabeth-votre-vie-en-tant-que-future-reine-de-la-belgique\/\" \/>\n<meta property=\"og:locale\" content=\"fr_FR\" \/>\n<meta property=\"og:type\" content=\"article\" \/>\n<meta property=\"og:title\" content=\"Elisabeth: Votre vie en tant que future reine de la Belgique | Vie Associative\" \/>\n<meta property=\"og:description\" content=\"Vous \u00eates juste au d\u00e9but des ann\u00e9es 20, mais un jour probablement reine. Jusque-l\u00e0, les jeunes femmes et les futurs chefs d&rsquo;\u00c9tat sont assis dans\" \/>\n<meta property=\"og:url\" content=\"https:\/\/vieassociative.be\/actualites\/elisabeth-votre-vie-en-tant-que-future-reine-de-la-belgique\/\" \/>\n<meta property=\"og:site_name\" content=\"Vie Associative\" \/>\n<meta property=\"article:published_time\" content=\"2025-07-02T02:17:30+00:00\" \/>\n<meta property=\"og:image\" content=\"https:\/\/vieassociative.be\/actualites\/wp-content\/uploads\/2024\/09\/header_backgroundk-01-e1726694325946.png\" \/>\n\t<meta property=\"og:image:width\" content=\"279\" \/>\n\t<meta property=\"og:image:height\" content=\"92\" \/>\n\t<meta property=\"og:image:type\" content=\"image\/png\" \/>\n<meta name=\"author\" content=\"Julien\" \/>\n<meta name=\"twitter:card\" content=\"summary_large_image\" \/>\n<meta name=\"twitter:label1\" content=\"\u00c9crit par\" \/>\n\t<meta name=\"twitter:data1\" content=\"Julien\" \/>\n\t<meta name=\"twitter:label2\" content=\"Dur\u00e9e de lecture est.\" \/>\n\t<meta name=\"twitter:data2\" content=\"5 minutes\" \/>\n<script type=\"application\/ld+json\" class=\"yoast-schema-graph\">{\"@context\":\"https:\/\/schema.org\",\"@graph\":[{\"@type\":\"Article\",\"@id\":\"https:\/\/vieassociative.be\/actualites\/elisabeth-votre-vie-en-tant-que-future-reine-de-la-belgique\/#article\",\"isPartOf\":{\"@id\":\"https:\/\/vieassociative.be\/actualites\/elisabeth-votre-vie-en-tant-que-future-reine-de-la-belgique\/\"},\"author\":{\"name\":\"Julien\",\"@id\":\"https:\/\/vieassociative.be\/actualites\/#\/schema\/person\/b87ac4f82f9d4e7b7cec7395b679edc4\"},\"headline\":\"Elisabeth: Votre vie en tant que future reine de la Belgique\",\"datePublished\":\"2025-07-02T02:17:30+00:00\",\"dateModified\":\"2025-07-02T02:17:30+00:00\",\"mainEntityOfPage\":{\"@id\":\"https:\/\/vieassociative.be\/actualites\/elisabeth-votre-vie-en-tant-que-future-reine-de-la-belgique\/\"},\"wordCount\":1153,\"publisher\":{\"@id\":\"https:\/\/vieassociative.be\/actualites\/#organization\"},\"image\":{\"@id\":\"https:\/\/vieassociative.be\/actualites\/elisabeth-votre-vie-en-tant-que-future-reine-de-la-belgique\/#primaryimage\"},\"thumbnailUrl\":\"https:\/\/vieassociative.be\/actualites\/wp-content\/uploads\/2025\/07\/1751422651_Elisabeth-Votre-vie-en-tant-que-future-reine-de-la.jpg\",\"keywords\":[\"Belgique\",\"Elisabeth\",\"future\",\"reine\",\"tant\",\"vie\",\"votre\"],\"articleSection\":[\"Belgique\"],\"inLanguage\":\"fr-BE\"},{\"@type\":\"WebPage\",\"@id\":\"https:\/\/vieassociative.be\/actualites\/elisabeth-votre-vie-en-tant-que-future-reine-de-la-belgique\/\",\"url\":\"https:\/\/vieassociative.be\/actualites\/elisabeth-votre-vie-en-tant-que-future-reine-de-la-belgique\/\",\"name\":\"Elisabeth: Votre vie en tant que future reine de la Belgique | Vie Associative\",\"isPartOf\":{\"@id\":\"https:\/\/vieassociative.be\/actualites\/#website\"},\"primaryImageOfPage\":{\"@id\":\"https:\/\/vieassociative.be\/actualites\/elisabeth-votre-vie-en-tant-que-future-reine-de-la-belgique\/#primaryimage\"},\"image\":{\"@id\":\"https:\/\/vieassociative.be\/actualites\/elisabeth-votre-vie-en-tant-que-future-reine-de-la-belgique\/#primaryimage\"},\"thumbnailUrl\":\"https:\/\/vieassociative.be\/actualites\/wp-content\/uploads\/2025\/07\/1751422651_Elisabeth-Votre-vie-en-tant-que-future-reine-de-la.jpg\",\"datePublished\":\"2025-07-02T02:17:30+00:00\",\"dateModified\":\"2025-07-02T02:17:30+00:00\",\"breadcrumb\":{\"@id\":\"https:\/\/vieassociative.be\/actualites\/elisabeth-votre-vie-en-tant-que-future-reine-de-la-belgique\/#breadcrumb\"},\"inLanguage\":\"fr-BE\",\"potentialAction\":[{\"@type\":\"ReadAction\",\"target\":[\"https:\/\/vieassociative.be\/actualites\/elisabeth-votre-vie-en-tant-que-future-reine-de-la-belgique\/\"]}]},{\"@type\":\"ImageObject\",\"inLanguage\":\"fr-BE\",\"@id\":\"https:\/\/vieassociative.be\/actualites\/elisabeth-votre-vie-en-tant-que-future-reine-de-la-belgique\/#primaryimage\",\"url\":\"https:\/\/vieassociative.be\/actualites\/wp-content\/uploads\/2025\/07\/1751422651_Elisabeth-Votre-vie-en-tant-que-future-reine-de-la.jpg\",\"contentUrl\":\"https:\/\/vieassociative.be\/actualites\/wp-content\/uploads\/2025\/07\/1751422651_Elisabeth-Votre-vie-en-tant-que-future-reine-de-la.jpg\",\"width\":1200,\"height\":800,\"caption\":\"Elisabeth: Votre vie en tant que future reine de la Belgique\"},{\"@type\":\"BreadcrumbList\",\"@id\":\"https:\/\/vieassociative.be\/actualites\/elisabeth-votre-vie-en-tant-que-future-reine-de-la-belgique\/#breadcrumb\",\"itemListElement\":[{\"@type\":\"ListItem\",\"position\":1,\"name\":\"Accueil\",\"item\":\"https:\/\/vieassociative.be\/actualites\/\"},{\"@type\":\"ListItem\",\"position\":2,\"name\":\"Elisabeth: Votre vie en tant que future reine de la Belgique\"}]},{\"@type\":\"WebSite\",\"@id\":\"https:\/\/vieassociative.be\/actualites\/#website\",\"url\":\"https:\/\/vieassociative.be\/actualites\/\",\"name\":\"Vie Associative\",\"description\":\"\",\"publisher\":{\"@id\":\"https:\/\/vieassociative.be\/actualites\/#organization\"},\"potentialAction\":[{\"@type\":\"SearchAction\",\"target\":{\"@type\":\"EntryPoint\",\"urlTemplate\":\"https:\/\/vieassociative.be\/actualites\/?s={search_term_string}\"},\"query-input\":{\"@type\":\"PropertyValueSpecification\",\"valueRequired\":true,\"valueName\":\"search_term_string\"}}],\"inLanguage\":\"fr-BE\"},{\"@type\":\"Organization\",\"@id\":\"https:\/\/vieassociative.be\/actualites\/#organization\",\"name\":\"Vie Associative\",\"url\":\"https:\/\/vieassociative.be\/actualites\/\",\"logo\":{\"@type\":\"ImageObject\",\"inLanguage\":\"fr-BE\",\"@id\":\"https:\/\/vieassociative.be\/actualites\/#\/schema\/logo\/image\/\",\"url\":\"https:\/\/vieassociative.be\/actualites\/wp-content\/uploads\/2024\/09\/cropped-vieassociative_favicon.ico.png\",\"contentUrl\":\"https:\/\/vieassociative.be\/actualites\/wp-content\/uploads\/2024\/09\/cropped-vieassociative_favicon.ico.png\",\"width\":512,\"height\":512,\"caption\":\"Vie Associative\"},\"image\":{\"@id\":\"https:\/\/vieassociative.be\/actualites\/#\/schema\/logo\/image\/\"}},{\"@type\":\"Person\",\"@id\":\"https:\/\/vieassociative.be\/actualites\/#\/schema\/person\/b87ac4f82f9d4e7b7cec7395b679edc4\",\"name\":\"Julien\",\"image\":{\"@type\":\"ImageObject\",\"inLanguage\":\"fr-BE\",\"@id\":\"https:\/\/vieassociative.be\/actualites\/#\/schema\/person\/image\/\",\"url\":\"https:\/\/vieassociative.be\/actualites\/wp-content\/uploads\/2024\/09\/vie-associative-1-150x150.jpg\",\"contentUrl\":\"https:\/\/vieassociative.be\/actualites\/wp-content\/uploads\/2024\/09\/vie-associative-1-150x150.jpg\",\"caption\":\"Julien\"},\"description\":\"Je suis Julien, r\u00e9dacteur pour Vie Associative. Passionn\u00e9 par le monde associatif depuis plus de 10 ans, j'ai \u00e0 c\u0153ur de partager des histoires inspirantes et de mettre en lumi\u00e8re les initiatives locales. Mon objectif est de sensibiliser et d'encourager l'engagement communautaire \u00e0 travers mes articles.\",\"sameAs\":[\"https:\/\/vieassociative.be\/\"]}]}<\/script>\n<!-- \/ Yoast SEO plugin. -->","yoast_head_json":{"title":"Elisabeth: Votre vie en tant que future reine de la Belgique | Vie Associative","robots":{"index":"index","follow":"follow","max-snippet":"max-snippet:-1","max-image-preview":"max-image-preview:large","max-video-preview":"max-video-preview:-1"},"canonical":"https:\/\/vieassociative.be\/actualites\/elisabeth-votre-vie-en-tant-que-future-reine-de-la-belgique\/","og_locale":"fr_FR","og_type":"article","og_title":"Elisabeth: Votre vie en tant que future reine de la Belgique | Vie Associative","og_description":"Vous \u00eates juste au d\u00e9but des ann\u00e9es 20, mais un jour probablement reine. Jusque-l\u00e0, les jeunes femmes et les futurs chefs d&rsquo;\u00c9tat sont assis dans","og_url":"https:\/\/vieassociative.be\/actualites\/elisabeth-votre-vie-en-tant-que-future-reine-de-la-belgique\/","og_site_name":"Vie Associative","article_published_time":"2025-07-02T02:17:30+00:00","og_image":[{"width":279,"height":92,"url":"https:\/\/vieassociative.be\/actualites\/wp-content\/uploads\/2024\/09\/header_backgroundk-01-e1726694325946.png","type":"image\/png"}],"author":"Julien","twitter_card":"summary_large_image","twitter_misc":{"\u00c9crit par":"Julien","Dur\u00e9e de lecture est.":"5 minutes"},"schema":{"@context":"https:\/\/schema.org","@graph":[{"@type":"Article","@id":"https:\/\/vieassociative.be\/actualites\/elisabeth-votre-vie-en-tant-que-future-reine-de-la-belgique\/#article","isPartOf":{"@id":"https:\/\/vieassociative.be\/actualites\/elisabeth-votre-vie-en-tant-que-future-reine-de-la-belgique\/"},"author":{"name":"Julien","@id":"https:\/\/vieassociative.be\/actualites\/#\/schema\/person\/b87ac4f82f9d4e7b7cec7395b679edc4"},"headline":"Elisabeth: Votre vie en tant que future reine de la Belgique","datePublished":"2025-07-02T02:17:30+00:00","dateModified":"2025-07-02T02:17:30+00:00","mainEntityOfPage":{"@id":"https:\/\/vieassociative.be\/actualites\/elisabeth-votre-vie-en-tant-que-future-reine-de-la-belgique\/"},"wordCount":1153,"publisher":{"@id":"https:\/\/vieassociative.be\/actualites\/#organization"},"image":{"@id":"https:\/\/vieassociative.be\/actualites\/elisabeth-votre-vie-en-tant-que-future-reine-de-la-belgique\/#primaryimage"},"thumbnailUrl":"https:\/\/vieassociative.be\/actualites\/wp-content\/uploads\/2025\/07\/1751422651_Elisabeth-Votre-vie-en-tant-que-future-reine-de-la.jpg","keywords":["Belgique","Elisabeth","future","reine","tant","vie","votre"],"articleSection":["Belgique"],"inLanguage":"fr-BE"},{"@type":"WebPage","@id":"https:\/\/vieassociative.be\/actualites\/elisabeth-votre-vie-en-tant-que-future-reine-de-la-belgique\/","url":"https:\/\/vieassociative.be\/actualites\/elisabeth-votre-vie-en-tant-que-future-reine-de-la-belgique\/","name":"Elisabeth: Votre vie en tant que future reine de la Belgique | Vie Associative","isPartOf":{"@id":"https:\/\/vieassociative.be\/actualites\/#website"},"primaryImageOfPage":{"@id":"https:\/\/vieassociative.be\/actualites\/elisabeth-votre-vie-en-tant-que-future-reine-de-la-belgique\/#primaryimage"},"image":{"@id":"https:\/\/vieassociative.be\/actualites\/elisabeth-votre-vie-en-tant-que-future-reine-de-la-belgique\/#primaryimage"},"thumbnailUrl":"https:\/\/vieassociative.be\/actualites\/wp-content\/uploads\/2025\/07\/1751422651_Elisabeth-Votre-vie-en-tant-que-future-reine-de-la.jpg","datePublished":"2025-07-02T02:17:30+00:00","dateModified":"2025-07-02T02:17:30+00:00","breadcrumb":{"@id":"https:\/\/vieassociative.be\/actualites\/elisabeth-votre-vie-en-tant-que-future-reine-de-la-belgique\/#breadcrumb"},"inLanguage":"fr-BE","potentialAction":[{"@type":"ReadAction","target":["https:\/\/vieassociative.be\/actualites\/elisabeth-votre-vie-en-tant-que-future-reine-de-la-belgique\/"]}]},{"@type":"ImageObject","inLanguage":"fr-BE","@id":"https:\/\/vieassociative.be\/actualites\/elisabeth-votre-vie-en-tant-que-future-reine-de-la-belgique\/#primaryimage","url":"https:\/\/vieassociative.be\/actualites\/wp-content\/uploads\/2025\/07\/1751422651_Elisabeth-Votre-vie-en-tant-que-future-reine-de-la.jpg","contentUrl":"https:\/\/vieassociative.be\/actualites\/wp-content\/uploads\/2025\/07\/1751422651_Elisabeth-Votre-vie-en-tant-que-future-reine-de-la.jpg","width":1200,"height":800,"caption":"Elisabeth: Votre vie en tant que future reine de la Belgique"},{"@type":"BreadcrumbList","@id":"https:\/\/vieassociative.be\/actualites\/elisabeth-votre-vie-en-tant-que-future-reine-de-la-belgique\/#breadcrumb","itemListElement":[{"@type":"ListItem","position":1,"name":"Accueil","item":"https:\/\/vieassociative.be\/actualites\/"},{"@type":"ListItem","position":2,"name":"Elisabeth: Votre vie en tant que future reine de la Belgique"}]},{"@type":"WebSite","@id":"https:\/\/vieassociative.be\/actualites\/#website","url":"https:\/\/vieassociative.be\/actualites\/","name":"Vie Associative","description":"","publisher":{"@id":"https:\/\/vieassociative.be\/actualites\/#organization"},"potentialAction":[{"@type":"SearchAction","target":{"@type":"EntryPoint","urlTemplate":"https:\/\/vieassociative.be\/actualites\/?s={search_term_string}"},"query-input":{"@type":"PropertyValueSpecification","valueRequired":true,"valueName":"search_term_string"}}],"inLanguage":"fr-BE"},{"@type":"Organization","@id":"https:\/\/vieassociative.be\/actualites\/#organization","name":"Vie Associative","url":"https:\/\/vieassociative.be\/actualites\/","logo":{"@type":"ImageObject","inLanguage":"fr-BE","@id":"https:\/\/vieassociative.be\/actualites\/#\/schema\/logo\/image\/","url":"https:\/\/vieassociative.be\/actualites\/wp-content\/uploads\/2024\/09\/cropped-vieassociative_favicon.ico.png","contentUrl":"https:\/\/vieassociative.be\/actualites\/wp-content\/uploads\/2024\/09\/cropped-vieassociative_favicon.ico.png","width":512,"height":512,"caption":"Vie Associative"},"image":{"@id":"https:\/\/vieassociative.be\/actualites\/#\/schema\/logo\/image\/"}},{"@type":"Person","@id":"https:\/\/vieassociative.be\/actualites\/#\/schema\/person\/b87ac4f82f9d4e7b7cec7395b679edc4","name":"Julien","image":{"@type":"ImageObject","inLanguage":"fr-BE","@id":"https:\/\/vieassociative.be\/actualites\/#\/schema\/person\/image\/","url":"https:\/\/vieassociative.be\/actualites\/wp-content\/uploads\/2024\/09\/vie-associative-1-150x150.jpg","contentUrl":"https:\/\/vieassociative.be\/actualites\/wp-content\/uploads\/2024\/09\/vie-associative-1-150x150.jpg","caption":"Julien"},"description":"Je suis Julien, r\u00e9dacteur pour Vie Associative. Passionn\u00e9 par le monde associatif depuis plus de 10 ans, j'ai \u00e0 c\u0153ur de partager des histoires inspirantes et de mettre en lumi\u00e8re les initiatives locales. Mon objectif est de sensibiliser et d'encourager l'engagement communautaire \u00e0 travers mes articles.","sameAs":["https:\/\/vieassociative.be\/"]}]}},"_links":{"self":[{"href":"https:\/\/vieassociative.be\/actualites\/wp-json\/wp\/v2\/posts\/8487"}],"collection":[{"href":"https:\/\/vieassociative.be\/actualites\/wp-json\/wp\/v2\/posts"}],"about":[{"href":"https:\/\/vieassociative.be\/actualites\/wp-json\/wp\/v2\/types\/post"}],"author":[{"embeddable":true,"href":"https:\/\/vieassociative.be\/actualites\/wp-json\/wp\/v2\/users\/1"}],"replies":[{"embeddable":true,"href":"https:\/\/vieassociative.be\/actualites\/wp-json\/wp\/v2\/comments?post=8487"}],"version-history":[{"count":0,"href":"https:\/\/vieassociative.be\/actualites\/wp-json\/wp\/v2\/posts\/8487\/revisions"}],"wp:featuredmedia":[{"embeddable":true,"href":"https:\/\/vieassociative.be\/actualites\/wp-json\/wp\/v2\/media\/8488"}],"wp:attachment":[{"href":"https:\/\/vieassociative.be\/actualites\/wp-json\/wp\/v2\/media?parent=8487"}],"wp:term":[{"taxonomy":"category","embeddable":true,"href":"https:\/\/vieassociative.be\/actualites\/wp-json\/wp\/v2\/categories?post=8487"},{"taxonomy":"post_tag","embeddable":true,"href":"https:\/\/vieassociative.be\/actualites\/wp-json\/wp\/v2\/tags?post=8487"}],"curies":[{"name":"wp","href":"https:\/\/api.w.org\/{rel}","templated":true}]}}