{"id":8480,"date":"2025-07-01T22:17:37","date_gmt":"2025-07-01T20:17:37","guid":{"rendered":"https:\/\/vieassociative.be\/actualites\/le-premier-ministre-dg-oliver-paasch-a-recu-une-promesse-mon-bpost-sera-bientot-disponible-en-allemand\/"},"modified":"2025-07-01T22:17:37","modified_gmt":"2025-07-01T20:17:37","slug":"le-premier-ministre-dg-oliver-paasch-a-recu-une-promesse-mon-bpost-sera-bientot-disponible-en-allemand","status":"publish","type":"post","link":"https:\/\/vieassociative.be\/actualites\/le-premier-ministre-dg-oliver-paasch-a-recu-une-promesse-mon-bpost-sera-bientot-disponible-en-allemand\/","title":{"rendered":"Le Premier ministre DG, Oliver Paasch, a re\u00e7u une promesse: \u00ab\u00a0Mon BPOST\u00a0\u00bb sera bient\u00f4t disponible en allemand"},"content":{"rendered":"<p><strong>Comme BPOST l&rsquo;a annonc\u00e9 au Premier ministre de la DG, Oliver Paasch (ProDG), l&rsquo;application de l&rsquo;appareil mobile de la soci\u00e9t\u00e9 postale belge sera \u00e9galement disponible en allemand tr\u00e8s rapidement.<\/strong><\/p>\n<p><span id=\"more-419061\"><\/span>Le message, que l&rsquo;application allemande en langue est actuellement en service, s&rsquo;attend \u00e0 une mise en \u0153uvre compl\u00e8te du projet jusqu&rsquo;au 9 juillet.<\/p>\n<p>Comme indiqu\u00e9, le Premier ministre Paasch a demand\u00e9 au bureau de poste en avril de rendre le contenu de son application disponible en allemand. Le chef du gouvernement \u00e9tait bas\u00e9 sur une opinion d&rsquo;experts de la Commission permanente pour le contr\u00f4le linguistique, qui a confirm\u00e9 que la s\u00e9lection actuelle de la langue de l&rsquo;application violait les lois linguistiques applicables.<\/p>\n<div id=\"attachment_400175\" class=\"wp-caption alignleft\" style=\"max-width: 300px\"><img fetchpriority=\"high\" decoding=\"async\" class=\"wp-image-400175 size-medium\" src=\"https:\/\/vieassociative.be\/actualites\/wp-content\/uploads\/2025\/07\/Le-Premier-ministre-DG-Oliver-Paasch-a-recu-une-promesse.jpg\" alt=\"\" width=\"300\" height=\"201\"  ><\/p>\n<p class=\"wp-caption-text\">Le Premier ministre DG Oliver Paasch au Parlement du DG. Photo: Patrick von Staufenberg<\/p>\n<\/div>\n<p>La Commission est arriv\u00e9e \u00e0 la conclusion que la limitation de l&rsquo;application en fran\u00e7ais, n\u00e9erlandais et anglais n&rsquo;est pas conforme aux lois linguistiques sur les questions administratives. BPOST sous r\u00e9serve de ces dispositions en tant que bureau central.<\/p>\n<p>\u00ab\u00a0La soci\u00e9t\u00e9 doit offrir la possibilit\u00e9 que l&rsquo;allemand puisse \u00e9galement \u00eatre s\u00e9lectionn\u00e9 pour toute son application. En raison de sa d\u00e9cision d&rsquo;arr\u00eater les notifications sous forme de papier, une certaine partie de la population de l&rsquo;un de ses services sera autrement retenue d&rsquo;une certaine partie de la population\u00a0\u00bb, a sp\u00e9cifi\u00e9 la Commission \u00e0 l&rsquo;\u00e9poque.<\/p>\n<p>Le Premier ministre donc \u00e0 plusieurs reprises et a soulign\u00e9 que BPOST devrait prendre des mesures imm\u00e9diatement pour fournir une version compl\u00e8te de la langue allemande de l&rsquo;application \u00ab\u00a0My BPOST\u00a0\u00bb. Dans le m\u00eame temps, il a soulign\u00e9 la direction qu&rsquo;une action opportune et constructive \u00e9tait n\u00e9cessaire pour \u00e9viter d&rsquo;autres \u00e9tapes juridiques. Une demande qui a apparemment trouv\u00e9 une audience.<\/p>\n","protected":false},"excerpt":{"rendered":"<p>Comme BPOST l&rsquo;a annonc\u00e9 au Premier ministre de la DG, Oliver Paasch (ProDG), l&rsquo;application de l&rsquo;appareil mobile de la soci\u00e9t\u00e9 postale belge sera \u00e9galement disponible<\/p>\n","protected":false},"author":1,"featured_media":7203,"comment_status":"","ping_status":"","sticky":false,"template":"","format":"standard","meta":{"footnotes":""},"categories":[298],"tags":[2732,2550,6751,2886,1245,49,3141,2553,443,7583,3920,3230,110],"class_list":["post-8480","post","type-post","status-publish","format-standard","has-post-thumbnail","hentry","category-belgique","tag-allemand","tag-bientot","tag-bpost","tag-disponible","tag-ministre","tag-mon","tag-oliver","tag-paasch","tag-premier","tag-promesse","tag-recu","tag-sera","tag-une","generate-columns","tablet-grid-50","mobile-grid-100","grid-parent","grid-33"],"yoast_head":"<!-- This site is optimized with the Yoast SEO plugin v24.0 - https:\/\/yoast.com\/wordpress\/plugins\/seo\/ -->\n<title>Le Premier ministre DG, Oliver Paasch, a re\u00e7u une promesse: &quot;Mon BPOST&quot; sera bient\u00f4t disponible en allemand | Vie Associative<\/title>\n<meta name=\"robots\" content=\"index, follow, max-snippet:-1, max-image-preview:large, max-video-preview:-1\" \/>\n<link rel=\"canonical\" href=\"https:\/\/vieassociative.be\/actualites\/le-premier-ministre-dg-oliver-paasch-a-recu-une-promesse-mon-bpost-sera-bientot-disponible-en-allemand\/\" \/>\n<meta property=\"og:locale\" content=\"fr_FR\" \/>\n<meta property=\"og:type\" content=\"article\" \/>\n<meta property=\"og:title\" content=\"Le Premier ministre DG, Oliver Paasch, a re\u00e7u une promesse: &quot;Mon BPOST&quot; sera bient\u00f4t disponible en allemand | Vie Associative\" \/>\n<meta property=\"og:description\" content=\"Comme BPOST l&rsquo;a annonc\u00e9 au Premier ministre de la DG, Oliver Paasch (ProDG), l&rsquo;application de l&rsquo;appareil mobile de la soci\u00e9t\u00e9 postale belge sera \u00e9galement disponible\" \/>\n<meta property=\"og:url\" content=\"https:\/\/vieassociative.be\/actualites\/le-premier-ministre-dg-oliver-paasch-a-recu-une-promesse-mon-bpost-sera-bientot-disponible-en-allemand\/\" \/>\n<meta property=\"og:site_name\" content=\"Vie Associative\" \/>\n<meta property=\"article:published_time\" content=\"2025-07-01T20:17:37+00:00\" \/>\n<meta property=\"og:image\" content=\"https:\/\/vieassociative.be\/actualites\/wp-content\/uploads\/2024\/09\/header_backgroundk-01-e1726694325946.png\" \/>\n\t<meta property=\"og:image:width\" content=\"279\" \/>\n\t<meta property=\"og:image:height\" content=\"92\" \/>\n\t<meta property=\"og:image:type\" content=\"image\/png\" \/>\n<meta name=\"author\" content=\"Julien\" \/>\n<meta name=\"twitter:card\" content=\"summary_large_image\" \/>\n<meta name=\"twitter:label1\" content=\"\u00c9crit par\" \/>\n\t<meta name=\"twitter:data1\" content=\"Julien\" \/>\n\t<meta name=\"twitter:label2\" content=\"Dur\u00e9e de lecture est.\" \/>\n\t<meta name=\"twitter:data2\" content=\"1 minute\" \/>\n<script type=\"application\/ld+json\" class=\"yoast-schema-graph\">{\"@context\":\"https:\/\/schema.org\",\"@graph\":[{\"@type\":\"Article\",\"@id\":\"https:\/\/vieassociative.be\/actualites\/le-premier-ministre-dg-oliver-paasch-a-recu-une-promesse-mon-bpost-sera-bientot-disponible-en-allemand\/#article\",\"isPartOf\":{\"@id\":\"https:\/\/vieassociative.be\/actualites\/le-premier-ministre-dg-oliver-paasch-a-recu-une-promesse-mon-bpost-sera-bientot-disponible-en-allemand\/\"},\"author\":{\"name\":\"Julien\",\"@id\":\"https:\/\/vieassociative.be\/actualites\/#\/schema\/person\/b87ac4f82f9d4e7b7cec7395b679edc4\"},\"headline\":\"Le Premier ministre DG, Oliver Paasch, a re\u00e7u une promesse: \u00ab\u00a0Mon BPOST\u00a0\u00bb sera bient\u00f4t disponible en allemand\",\"datePublished\":\"2025-07-01T20:17:37+00:00\",\"dateModified\":\"2025-07-01T20:17:37+00:00\",\"mainEntityOfPage\":{\"@id\":\"https:\/\/vieassociative.be\/actualites\/le-premier-ministre-dg-oliver-paasch-a-recu-une-promesse-mon-bpost-sera-bientot-disponible-en-allemand\/\"},\"wordCount\":326,\"publisher\":{\"@id\":\"https:\/\/vieassociative.be\/actualites\/#organization\"},\"image\":{\"@id\":\"https:\/\/vieassociative.be\/actualites\/le-premier-ministre-dg-oliver-paasch-a-recu-une-promesse-mon-bpost-sera-bientot-disponible-en-allemand\/#primaryimage\"},\"thumbnailUrl\":\"https:\/\/vieassociative.be\/actualites\/wp-content\/uploads\/2025\/05\/La-Commission-de-controle-des-langues-confirme-une-violation-de.jpeg\",\"keywords\":[\"allemand\",\"bient\u00f4t\",\"BPOST\",\"disponible\",\"ministre\",\"Mon\",\"Oliver\",\"Paasch\",\"premier\",\"promesse\",\"re\u00e7u\",\"sera\",\"une\"],\"articleSection\":[\"Belgique\"],\"inLanguage\":\"fr-BE\"},{\"@type\":\"WebPage\",\"@id\":\"https:\/\/vieassociative.be\/actualites\/le-premier-ministre-dg-oliver-paasch-a-recu-une-promesse-mon-bpost-sera-bientot-disponible-en-allemand\/\",\"url\":\"https:\/\/vieassociative.be\/actualites\/le-premier-ministre-dg-oliver-paasch-a-recu-une-promesse-mon-bpost-sera-bientot-disponible-en-allemand\/\",\"name\":\"Le Premier ministre DG, Oliver Paasch, a re\u00e7u une promesse: \\\"Mon BPOST\\\" sera bient\u00f4t disponible en allemand | Vie Associative\",\"isPartOf\":{\"@id\":\"https:\/\/vieassociative.be\/actualites\/#website\"},\"primaryImageOfPage\":{\"@id\":\"https:\/\/vieassociative.be\/actualites\/le-premier-ministre-dg-oliver-paasch-a-recu-une-promesse-mon-bpost-sera-bientot-disponible-en-allemand\/#primaryimage\"},\"image\":{\"@id\":\"https:\/\/vieassociative.be\/actualites\/le-premier-ministre-dg-oliver-paasch-a-recu-une-promesse-mon-bpost-sera-bientot-disponible-en-allemand\/#primaryimage\"},\"thumbnailUrl\":\"https:\/\/vieassociative.be\/actualites\/wp-content\/uploads\/2025\/05\/La-Commission-de-controle-des-langues-confirme-une-violation-de.jpeg\",\"datePublished\":\"2025-07-01T20:17:37+00:00\",\"dateModified\":\"2025-07-01T20:17:37+00:00\",\"breadcrumb\":{\"@id\":\"https:\/\/vieassociative.be\/actualites\/le-premier-ministre-dg-oliver-paasch-a-recu-une-promesse-mon-bpost-sera-bientot-disponible-en-allemand\/#breadcrumb\"},\"inLanguage\":\"fr-BE\",\"potentialAction\":[{\"@type\":\"ReadAction\",\"target\":[\"https:\/\/vieassociative.be\/actualites\/le-premier-ministre-dg-oliver-paasch-a-recu-une-promesse-mon-bpost-sera-bientot-disponible-en-allemand\/\"]}]},{\"@type\":\"ImageObject\",\"inLanguage\":\"fr-BE\",\"@id\":\"https:\/\/vieassociative.be\/actualites\/le-premier-ministre-dg-oliver-paasch-a-recu-une-promesse-mon-bpost-sera-bientot-disponible-en-allemand\/#primaryimage\",\"url\":\"https:\/\/vieassociative.be\/actualites\/wp-content\/uploads\/2025\/05\/La-Commission-de-controle-des-langues-confirme-une-violation-de.jpeg\",\"contentUrl\":\"https:\/\/vieassociative.be\/actualites\/wp-content\/uploads\/2025\/05\/La-Commission-de-controle-des-langues-confirme-une-violation-de.jpeg\",\"width\":1200,\"height\":807,\"caption\":\"La Commission de contr\u00f4le des langues confirme une violation de la loi en l'absence de l'application \\\"My BPOST\\\"\"},{\"@type\":\"BreadcrumbList\",\"@id\":\"https:\/\/vieassociative.be\/actualites\/le-premier-ministre-dg-oliver-paasch-a-recu-une-promesse-mon-bpost-sera-bientot-disponible-en-allemand\/#breadcrumb\",\"itemListElement\":[{\"@type\":\"ListItem\",\"position\":1,\"name\":\"Accueil\",\"item\":\"https:\/\/vieassociative.be\/actualites\/\"},{\"@type\":\"ListItem\",\"position\":2,\"name\":\"Le Premier ministre DG, Oliver Paasch, a re\u00e7u une promesse: \u00ab\u00a0Mon BPOST\u00a0\u00bb sera bient\u00f4t disponible en allemand\"}]},{\"@type\":\"WebSite\",\"@id\":\"https:\/\/vieassociative.be\/actualites\/#website\",\"url\":\"https:\/\/vieassociative.be\/actualites\/\",\"name\":\"Vie Associative\",\"description\":\"\",\"publisher\":{\"@id\":\"https:\/\/vieassociative.be\/actualites\/#organization\"},\"potentialAction\":[{\"@type\":\"SearchAction\",\"target\":{\"@type\":\"EntryPoint\",\"urlTemplate\":\"https:\/\/vieassociative.be\/actualites\/?s={search_term_string}\"},\"query-input\":{\"@type\":\"PropertyValueSpecification\",\"valueRequired\":true,\"valueName\":\"search_term_string\"}}],\"inLanguage\":\"fr-BE\"},{\"@type\":\"Organization\",\"@id\":\"https:\/\/vieassociative.be\/actualites\/#organization\",\"name\":\"Vie Associative\",\"url\":\"https:\/\/vieassociative.be\/actualites\/\",\"logo\":{\"@type\":\"ImageObject\",\"inLanguage\":\"fr-BE\",\"@id\":\"https:\/\/vieassociative.be\/actualites\/#\/schema\/logo\/image\/\",\"url\":\"https:\/\/vieassociative.be\/actualites\/wp-content\/uploads\/2024\/09\/cropped-vieassociative_favicon.ico.png\",\"contentUrl\":\"https:\/\/vieassociative.be\/actualites\/wp-content\/uploads\/2024\/09\/cropped-vieassociative_favicon.ico.png\",\"width\":512,\"height\":512,\"caption\":\"Vie Associative\"},\"image\":{\"@id\":\"https:\/\/vieassociative.be\/actualites\/#\/schema\/logo\/image\/\"}},{\"@type\":\"Person\",\"@id\":\"https:\/\/vieassociative.be\/actualites\/#\/schema\/person\/b87ac4f82f9d4e7b7cec7395b679edc4\",\"name\":\"Julien\",\"image\":{\"@type\":\"ImageObject\",\"inLanguage\":\"fr-BE\",\"@id\":\"https:\/\/vieassociative.be\/actualites\/#\/schema\/person\/image\/\",\"url\":\"https:\/\/vieassociative.be\/actualites\/wp-content\/uploads\/2024\/09\/vie-associative-1-150x150.jpg\",\"contentUrl\":\"https:\/\/vieassociative.be\/actualites\/wp-content\/uploads\/2024\/09\/vie-associative-1-150x150.jpg\",\"caption\":\"Julien\"},\"description\":\"Je suis Julien, r\u00e9dacteur pour Vie Associative. Passionn\u00e9 par le monde associatif depuis plus de 10 ans, j'ai \u00e0 c\u0153ur de partager des histoires inspirantes et de mettre en lumi\u00e8re les initiatives locales. Mon objectif est de sensibiliser et d'encourager l'engagement communautaire \u00e0 travers mes articles.\",\"sameAs\":[\"https:\/\/vieassociative.be\/\"]}]}<\/script>\n<!-- \/ Yoast SEO plugin. -->","yoast_head_json":{"title":"Le Premier ministre DG, Oliver Paasch, a re\u00e7u une promesse: \"Mon BPOST\" sera bient\u00f4t disponible en allemand | Vie Associative","robots":{"index":"index","follow":"follow","max-snippet":"max-snippet:-1","max-image-preview":"max-image-preview:large","max-video-preview":"max-video-preview:-1"},"canonical":"https:\/\/vieassociative.be\/actualites\/le-premier-ministre-dg-oliver-paasch-a-recu-une-promesse-mon-bpost-sera-bientot-disponible-en-allemand\/","og_locale":"fr_FR","og_type":"article","og_title":"Le Premier ministre DG, Oliver Paasch, a re\u00e7u une promesse: \"Mon BPOST\" sera bient\u00f4t disponible en allemand | Vie Associative","og_description":"Comme BPOST l&rsquo;a annonc\u00e9 au Premier ministre de la DG, Oliver Paasch (ProDG), l&rsquo;application de l&rsquo;appareil mobile de la soci\u00e9t\u00e9 postale belge sera \u00e9galement disponible","og_url":"https:\/\/vieassociative.be\/actualites\/le-premier-ministre-dg-oliver-paasch-a-recu-une-promesse-mon-bpost-sera-bientot-disponible-en-allemand\/","og_site_name":"Vie Associative","article_published_time":"2025-07-01T20:17:37+00:00","og_image":[{"width":279,"height":92,"url":"https:\/\/vieassociative.be\/actualites\/wp-content\/uploads\/2024\/09\/header_backgroundk-01-e1726694325946.png","type":"image\/png"}],"author":"Julien","twitter_card":"summary_large_image","twitter_misc":{"\u00c9crit par":"Julien","Dur\u00e9e de lecture est.":"1 minute"},"schema":{"@context":"https:\/\/schema.org","@graph":[{"@type":"Article","@id":"https:\/\/vieassociative.be\/actualites\/le-premier-ministre-dg-oliver-paasch-a-recu-une-promesse-mon-bpost-sera-bientot-disponible-en-allemand\/#article","isPartOf":{"@id":"https:\/\/vieassociative.be\/actualites\/le-premier-ministre-dg-oliver-paasch-a-recu-une-promesse-mon-bpost-sera-bientot-disponible-en-allemand\/"},"author":{"name":"Julien","@id":"https:\/\/vieassociative.be\/actualites\/#\/schema\/person\/b87ac4f82f9d4e7b7cec7395b679edc4"},"headline":"Le Premier ministre DG, Oliver Paasch, a re\u00e7u une promesse: \u00ab\u00a0Mon BPOST\u00a0\u00bb sera bient\u00f4t disponible en allemand","datePublished":"2025-07-01T20:17:37+00:00","dateModified":"2025-07-01T20:17:37+00:00","mainEntityOfPage":{"@id":"https:\/\/vieassociative.be\/actualites\/le-premier-ministre-dg-oliver-paasch-a-recu-une-promesse-mon-bpost-sera-bientot-disponible-en-allemand\/"},"wordCount":326,"publisher":{"@id":"https:\/\/vieassociative.be\/actualites\/#organization"},"image":{"@id":"https:\/\/vieassociative.be\/actualites\/le-premier-ministre-dg-oliver-paasch-a-recu-une-promesse-mon-bpost-sera-bientot-disponible-en-allemand\/#primaryimage"},"thumbnailUrl":"https:\/\/vieassociative.be\/actualites\/wp-content\/uploads\/2025\/05\/La-Commission-de-controle-des-langues-confirme-une-violation-de.jpeg","keywords":["allemand","bient\u00f4t","BPOST","disponible","ministre","Mon","Oliver","Paasch","premier","promesse","re\u00e7u","sera","une"],"articleSection":["Belgique"],"inLanguage":"fr-BE"},{"@type":"WebPage","@id":"https:\/\/vieassociative.be\/actualites\/le-premier-ministre-dg-oliver-paasch-a-recu-une-promesse-mon-bpost-sera-bientot-disponible-en-allemand\/","url":"https:\/\/vieassociative.be\/actualites\/le-premier-ministre-dg-oliver-paasch-a-recu-une-promesse-mon-bpost-sera-bientot-disponible-en-allemand\/","name":"Le Premier ministre DG, Oliver Paasch, a re\u00e7u une promesse: \"Mon BPOST\" sera bient\u00f4t disponible en allemand | Vie Associative","isPartOf":{"@id":"https:\/\/vieassociative.be\/actualites\/#website"},"primaryImageOfPage":{"@id":"https:\/\/vieassociative.be\/actualites\/le-premier-ministre-dg-oliver-paasch-a-recu-une-promesse-mon-bpost-sera-bientot-disponible-en-allemand\/#primaryimage"},"image":{"@id":"https:\/\/vieassociative.be\/actualites\/le-premier-ministre-dg-oliver-paasch-a-recu-une-promesse-mon-bpost-sera-bientot-disponible-en-allemand\/#primaryimage"},"thumbnailUrl":"https:\/\/vieassociative.be\/actualites\/wp-content\/uploads\/2025\/05\/La-Commission-de-controle-des-langues-confirme-une-violation-de.jpeg","datePublished":"2025-07-01T20:17:37+00:00","dateModified":"2025-07-01T20:17:37+00:00","breadcrumb":{"@id":"https:\/\/vieassociative.be\/actualites\/le-premier-ministre-dg-oliver-paasch-a-recu-une-promesse-mon-bpost-sera-bientot-disponible-en-allemand\/#breadcrumb"},"inLanguage":"fr-BE","potentialAction":[{"@type":"ReadAction","target":["https:\/\/vieassociative.be\/actualites\/le-premier-ministre-dg-oliver-paasch-a-recu-une-promesse-mon-bpost-sera-bientot-disponible-en-allemand\/"]}]},{"@type":"ImageObject","inLanguage":"fr-BE","@id":"https:\/\/vieassociative.be\/actualites\/le-premier-ministre-dg-oliver-paasch-a-recu-une-promesse-mon-bpost-sera-bientot-disponible-en-allemand\/#primaryimage","url":"https:\/\/vieassociative.be\/actualites\/wp-content\/uploads\/2025\/05\/La-Commission-de-controle-des-langues-confirme-une-violation-de.jpeg","contentUrl":"https:\/\/vieassociative.be\/actualites\/wp-content\/uploads\/2025\/05\/La-Commission-de-controle-des-langues-confirme-une-violation-de.jpeg","width":1200,"height":807,"caption":"La Commission de contr\u00f4le des langues confirme une violation de la loi en l'absence de l'application \"My BPOST\""},{"@type":"BreadcrumbList","@id":"https:\/\/vieassociative.be\/actualites\/le-premier-ministre-dg-oliver-paasch-a-recu-une-promesse-mon-bpost-sera-bientot-disponible-en-allemand\/#breadcrumb","itemListElement":[{"@type":"ListItem","position":1,"name":"Accueil","item":"https:\/\/vieassociative.be\/actualites\/"},{"@type":"ListItem","position":2,"name":"Le Premier ministre DG, Oliver Paasch, a re\u00e7u une promesse: \u00ab\u00a0Mon BPOST\u00a0\u00bb sera bient\u00f4t disponible en allemand"}]},{"@type":"WebSite","@id":"https:\/\/vieassociative.be\/actualites\/#website","url":"https:\/\/vieassociative.be\/actualites\/","name":"Vie Associative","description":"","publisher":{"@id":"https:\/\/vieassociative.be\/actualites\/#organization"},"potentialAction":[{"@type":"SearchAction","target":{"@type":"EntryPoint","urlTemplate":"https:\/\/vieassociative.be\/actualites\/?s={search_term_string}"},"query-input":{"@type":"PropertyValueSpecification","valueRequired":true,"valueName":"search_term_string"}}],"inLanguage":"fr-BE"},{"@type":"Organization","@id":"https:\/\/vieassociative.be\/actualites\/#organization","name":"Vie Associative","url":"https:\/\/vieassociative.be\/actualites\/","logo":{"@type":"ImageObject","inLanguage":"fr-BE","@id":"https:\/\/vieassociative.be\/actualites\/#\/schema\/logo\/image\/","url":"https:\/\/vieassociative.be\/actualites\/wp-content\/uploads\/2024\/09\/cropped-vieassociative_favicon.ico.png","contentUrl":"https:\/\/vieassociative.be\/actualites\/wp-content\/uploads\/2024\/09\/cropped-vieassociative_favicon.ico.png","width":512,"height":512,"caption":"Vie Associative"},"image":{"@id":"https:\/\/vieassociative.be\/actualites\/#\/schema\/logo\/image\/"}},{"@type":"Person","@id":"https:\/\/vieassociative.be\/actualites\/#\/schema\/person\/b87ac4f82f9d4e7b7cec7395b679edc4","name":"Julien","image":{"@type":"ImageObject","inLanguage":"fr-BE","@id":"https:\/\/vieassociative.be\/actualites\/#\/schema\/person\/image\/","url":"https:\/\/vieassociative.be\/actualites\/wp-content\/uploads\/2024\/09\/vie-associative-1-150x150.jpg","contentUrl":"https:\/\/vieassociative.be\/actualites\/wp-content\/uploads\/2024\/09\/vie-associative-1-150x150.jpg","caption":"Julien"},"description":"Je suis Julien, r\u00e9dacteur pour Vie Associative. Passionn\u00e9 par le monde associatif depuis plus de 10 ans, j'ai \u00e0 c\u0153ur de partager des histoires inspirantes et de mettre en lumi\u00e8re les initiatives locales. Mon objectif est de sensibiliser et d'encourager l'engagement communautaire \u00e0 travers mes articles.","sameAs":["https:\/\/vieassociative.be\/"]}]}},"_links":{"self":[{"href":"https:\/\/vieassociative.be\/actualites\/wp-json\/wp\/v2\/posts\/8480"}],"collection":[{"href":"https:\/\/vieassociative.be\/actualites\/wp-json\/wp\/v2\/posts"}],"about":[{"href":"https:\/\/vieassociative.be\/actualites\/wp-json\/wp\/v2\/types\/post"}],"author":[{"embeddable":true,"href":"https:\/\/vieassociative.be\/actualites\/wp-json\/wp\/v2\/users\/1"}],"replies":[{"embeddable":true,"href":"https:\/\/vieassociative.be\/actualites\/wp-json\/wp\/v2\/comments?post=8480"}],"version-history":[{"count":0,"href":"https:\/\/vieassociative.be\/actualites\/wp-json\/wp\/v2\/posts\/8480\/revisions"}],"wp:featuredmedia":[{"embeddable":true,"href":"https:\/\/vieassociative.be\/actualites\/wp-json\/wp\/v2\/media\/7203"}],"wp:attachment":[{"href":"https:\/\/vieassociative.be\/actualites\/wp-json\/wp\/v2\/media?parent=8480"}],"wp:term":[{"taxonomy":"category","embeddable":true,"href":"https:\/\/vieassociative.be\/actualites\/wp-json\/wp\/v2\/categories?post=8480"},{"taxonomy":"post_tag","embeddable":true,"href":"https:\/\/vieassociative.be\/actualites\/wp-json\/wp\/v2\/tags?post=8480"}],"curies":[{"name":"wp","href":"https:\/\/api.w.org\/{rel}","templated":true}]}}