{"id":848,"date":"2024-10-04T19:22:02","date_gmt":"2024-10-04T17:22:02","guid":{"rendered":"https:\/\/vieassociative.be\/actualites\/utilisez-ce-cadre-pour-donner-a-votre-enfant-suffisamment-de-temps-darret\/"},"modified":"2024-10-04T19:22:02","modified_gmt":"2024-10-04T17:22:02","slug":"utilisez-ce-cadre-pour-donner-a-votre-enfant-suffisamment-de-temps-darret","status":"publish","type":"post","link":"https:\/\/vieassociative.be\/actualites\/utilisez-ce-cadre-pour-donner-a-votre-enfant-suffisamment-de-temps-darret\/","title":{"rendered":"Utilisez ce cadre pour donner \u00e0 votre enfant suffisamment de temps d&rsquo;arr\u00eat"},"content":{"rendered":"<div class=\"mt-4 leading-6 md:mb-8\">Les activit\u00e9s parascolaires sont formidables, mais votre enfant a besoin de temps pour \u00eatre un enfant.<\/div>\n<p><\/p>\n<p>Cours de piano. Entra\u00eenement de football. Devoirs. Des activit\u00e9s comme celles-ci peuvent occuper une grande partie de l&rsquo;horaire de nos enfants, leur laissant peu de temps pour \u00eatre avec leurs amis et leur famille ou simplement profiter d&rsquo;\u00eatre un enfant, qu&rsquo;ils aient sept ou 17 ans. <\/p>\n<p>Imaginez une journ\u00e9e dans la vie d&rsquo;un enfant. Ils sont occup\u00e9s \u00e0 l&rsquo;\u00e9cole pendant six \u00e0 huit heures. En plus des activit\u00e9s parascolaires, ils peuvent \u00eatre charg\u00e9s de s\u2019occuper d\u2019un jeune fr\u00e8re ou d\u2019une s\u0153ur ou avoir un emploi \u00e0 temps partiel. Un emploi du temps incessant ne profite pas aux r\u00e9sultats scolaires ou \u00e0 la sant\u00e9 mentale d&rsquo;un enfant. Il est essentiel d&rsquo;int\u00e9grer du temps avec la famille, les amis ou soi-m\u00eame dans leur routine.<\/p>\n<p>Nous discuterons de quelques fa\u00e7ons innovantes d&rsquo;inclure des temps d&rsquo;arr\u00eat dans votre emploi du temps et celui de votre enfant afin qu&rsquo;ils (et vous) puissiez favoriser un mode de vie plus \u00e9quilibr\u00e9.<\/p>\n<h2 id=\"what-is-downtime\">Qu\u2019est-ce que le \u00ab temps d\u2019arr\u00eat \u00bb ?<\/h2>\n<p>Repensez \u00e0 votre propre enfance. Vous vous \u00eates peut-\u00eatre allong\u00e9 sur l&rsquo;herbe pour sentir la chaleur du soleil et de la brise, ou vous avez pass\u00e9 un apr\u00e8s-midi plong\u00e9 dans un livre. Peut-\u00eatre avez-vous construit un fort de couvertures avec votre fr\u00e8re ou s\u0153ur lors d&rsquo;un samedi paresseux ou jou\u00e9 \u00e0 la lutte avec un parent. Vous vous souvenez de l&rsquo;\u00e9puisement apr\u00e8s une matin\u00e9e de jeu menant \u00e0 une sieste satisfaisante ? <\/p>\n<p>Ce sont des moments de pur temps d\u2019arr\u00eat : des moments sans obligations ni structure, juste une p\u00e9riode de calme pour d\u00e9tendre votre esprit et votre corps. De nos jours, les engagements acad\u00e9miques, les activit\u00e9s extrascolaires et la technologie ont rendu ces moments rares. Mais les probl\u00e8mes modernes ont des solutions modernes.<\/p>\n<h2 id=\"the-pdf-framework\">Le cadre PDF<\/h2>\n<p>Denise Pope, Ph.D., et ses coll\u00e8gues de l&rsquo;association \u00e9ducative \u00e0 but non lucratif Challenge Success ont d\u00e9velopp\u00e9 trois types distincts de temps d&rsquo;arr\u00eat pour que les enfants r\u00e9ussissent\u00a0: <strong>temps de jeu, temps d&rsquo;arr\u00eat, <\/strong>et <strong>du temps en famille. <\/strong>Ma\u00eetre de conf\u00e9rences \u00e0 la Graduate School of Education de l&rsquo;Universit\u00e9 de Stanford et auteur de <em>Surcharg\u00e9s et mal pr\u00e9par\u00e9s\u00a0: strat\u00e9gies pour des \u00e9coles plus fortes et des enfants en bonne sant\u00e9 et qui r\u00e9ussissent<\/em><em> <\/em>appelle cela le <strong>Cadre PDF<\/strong> et l&rsquo;a int\u00e9gr\u00e9 avec succ\u00e8s dans sa propre famille.<\/p>\n<p>\u00ab\u00a0Je pense que les adultes doivent pr\u00e9voir du temps dans la journ\u00e9e pour permettre aux enfants de d\u00e9cider ce qu&rsquo;ils veulent faire\u00a0\u00bb, explique Pope. \u00ab\u00a0Nous savons que bien souvent, les enfants n&rsquo;ont pas cette capacit\u00e9 de choisir. Ils sont tr\u00e8s occup\u00e9s tout au long de la journ\u00e9e et ont besoin de cette pause.\u00a0\u00bb<\/p>\n<p>Le cadre PDF ne signifie pas n\u00e9cessairement que les enfants doivent \u00e9viter les \u00e9crans ou la technologie. Comme l&rsquo;explique Pope, c&rsquo;est aux adultes de servir de garde-fou contre la pratique excessive de certaines activit\u00e9s. <\/p>\n<p>\u00ab\u00a0L&rsquo;adulte doit dire : &lsquo;Eh bien, \u00e7a va pendant un certain temps, mais nous aimerions aussi que vous appreniez certaines activit\u00e9s qui ne sont pas li\u00e9es \u00e0 la technologie, et voici pourquoi'\u00a0\u00bb, explique Pope.<\/p>\n<p>Elle d\u00e9crit <strong>r\u00e9cr\u00e9ation<\/strong> comme une activit\u00e9 non structur\u00e9e et dirig\u00e9e par des enfants plut\u00f4t que comme une activit\u00e9 parascolaire dirig\u00e9e par des adultes. Cela peut \u00eatre aussi simple que de passer du temps avec des amis, de jouer avec des LEGO ou m\u00eame de cr\u00e9er des vid\u00e9os musicales sur leur tablette.<\/p>\n<p>\u00ab\u00a0Le temps de jeu est vraiment critique\u00a0\u00bb, d\u00e9clare Pope. \u00ab\u00a0Les enfants ont besoin de temps pour bouger leur corps, sortir, courir\u2026 et \u00eatre dans la nature. Cela peut \u00eatre tr\u00e8s r\u00e9parateur.\u00a0\u00bb<\/p>\n<p><strong>Temps d&rsquo;arr\u00eat <\/strong>est \u00e9galement non structur\u00e9. Ce sont les moments de la journ\u00e9e o\u00f9 les enfants lisent, se d\u00e9tendent et r\u00e9fl\u00e9chissent, mais le temps d\u2019arr\u00eat le plus vital est le sommeil. <\/p>\n<p>\u00ab\u00a0Nous savons \u00e0 quel point le sommeil est important pour le cerveau\u00a0\u00bb, explique Pope. \u00ab\u00a0Le sommeil est li\u00e9 \u00e0 l&rsquo;apprentissage et \u00e0 la sant\u00e9 mentale.\u00a0\u00bb<\/p>\n<p>Parce que les adultes ont aussi des responsabilit\u00e9s, <strong>temps en famille <\/strong>pourrait \u00eatre plus difficile \u00e0 r\u00e9aliser. Cela peut consister \u00e0 s&rsquo;asseoir ensemble autour d&rsquo;un repas en famille, \u00e0 faire une promenade ou \u00e0 participer \u00e0 de petits rituels en fin de journ\u00e9e.<\/p>\n<p>\u00ab\u00a0Cela peut \u00eatre litt\u00e9ralement tout ce qui va vous aider \u00e0 vous d\u00e9tendre, qu&rsquo;il s&rsquo;agisse de jouer un peu \u00e0 un jeu vid\u00e9o ou de regarder une t\u00e9l\u00e9 amusante\u00a0\u00bb, explique Pope.<\/p>\n<p>Pope comprend \u00e9galement que chaque famille fonctionne diff\u00e9remment. Les gardiens peuvent devoir exercer deux emplois, de sorte que la mani\u00e8re dont une famille met en \u0153uvre le cadre PDF peut varier pour certains m\u00e9nages en fonction de leur situation.<\/p>\n<h2 id=\"prioritize-whats-important\">Donnez la priorit\u00e9 \u00e0 ce qui est important<\/h2>\n<p>Ce n\u2019est pas parce que vous pouvez amener vos enfants \u00e0 chaque le\u00e7on, entra\u00eenement et jeu que vous devriez le faire. C&rsquo;est probablement quelque chose que ni vous ni eux ne pouvez supporter au fil du temps. Pope explique que puisque les parents agissent comme des garde-fous pour l&#8217;emploi du temps de leur enfant, il est n\u00e9cessaire d&rsquo;y jeter un regard complet et de r\u00e9fl\u00e9chir \u00e0 ce qui est essentiel.<\/p>\n<p>Elle recommande de r\u00e9pertorier les activit\u00e9s parascolaires, de d\u00e9cider lesquelles vous semblent non n\u00e9gociables et de demander \u00e0 votre enfant de classer \u00e0 quel point il aime le reste sur une \u00e9chelle de 1 \u00e0 10. Par exemple, s&rsquo;il \u00e9value les cours de piano au bas de l&rsquo;\u00e9chelle. , cela ne leur convient peut-\u00eatre pas maintenant, mais cela ne veut pas dire qu&rsquo;ils ne joueront plus du piano \u00e0 l&rsquo;avenir. La priorit\u00e9 num\u00e9ro un est que votre famille passe du temps ensemble et que vos enfants sachent qu&rsquo;ils sont aim\u00e9s de mani\u00e8re inconditionnelle.<\/p>\n<p>\u00ab\u00a0Si vous ne parlez que de notes et de devoirs lorsque vous \u00eates ensemble, vous envoyez certains messages sur ce qui est le plus important dans la vie de vos enfants\u00a0\u00bb, explique Pope.<\/p>\n<h2 id=\"take-time-for-yourself\">Prenez du temps pour vous<\/h2>\n<p>M\u00eame lorsque vos enfants sont au lit, vous travaillez probablement encore. Cela peut signifier faire beaucoup de vaisselle ou passer plus de temps \u00e0 r\u00e9pondre aux e-mails professionnels. M\u00eame si nous craignons de surcharger les horaires de nos enfants, nous faisons probablement la m\u00eame chose avec nous-m\u00eames. <\/p>\n<p>\u00ab\u00a0Je sais que beaucoup de gens n&rsquo;ont pas le choix\u00a0\u00bb, d\u00e9clare Pope. \u00ab\u00a0Ils ont plusieurs emplois. Ils sont parents c\u00e9libataires. (Mais) si vous pouvez trouver un moment pour faire un peu de travail respiratoire ou appr\u00e9cier cinq minutes d&rsquo;un coucher de soleil, cela fait une \u00e9norme diff\u00e9rence.\u00a0\u00bb<\/p>\n","protected":false},"excerpt":{"rendered":"<p>Les activit\u00e9s parascolaires sont formidables, mais votre enfant a besoin de temps pour \u00eatre un enfant. Cours de piano. Entra\u00eenement de football. Devoirs. Des activit\u00e9s<\/p>\n","protected":false},"author":1,"featured_media":849,"comment_status":"","ping_status":"","sticky":false,"template":"","format":"standard","meta":{"footnotes":""},"categories":[37],"tags":[1333,1335,818,295,81,1334,790,105,8],"class_list":["post-848","post","type-post","status-publish","format-standard","has-post-thumbnail","hentry","category-famille","tag-cadre","tag-darret","tag-donner","tag-enfant","tag-pour","tag-suffisamment","tag-temps","tag-utilisez","tag-votre","generate-columns","tablet-grid-50","mobile-grid-100","grid-parent","grid-33"],"yoast_head":"<!-- This site is optimized with the Yoast SEO plugin v24.0 - https:\/\/yoast.com\/wordpress\/plugins\/seo\/ -->\n<title>Utilisez ce cadre pour donner \u00e0 votre enfant suffisamment de temps d&#039;arr\u00eat | Vie Associative<\/title>\n<meta name=\"robots\" content=\"index, follow, max-snippet:-1, max-image-preview:large, max-video-preview:-1\" \/>\n<link rel=\"canonical\" href=\"https:\/\/vieassociative.be\/actualites\/utilisez-ce-cadre-pour-donner-a-votre-enfant-suffisamment-de-temps-darret\/\" \/>\n<meta property=\"og:locale\" content=\"fr_FR\" \/>\n<meta property=\"og:type\" content=\"article\" \/>\n<meta property=\"og:title\" content=\"Utilisez ce cadre pour donner \u00e0 votre enfant suffisamment de temps d&#039;arr\u00eat | Vie Associative\" \/>\n<meta property=\"og:description\" content=\"Les activit\u00e9s parascolaires sont formidables, mais votre enfant a besoin de temps pour \u00eatre un enfant. Cours de piano. Entra\u00eenement de football. Devoirs. Des activit\u00e9s\" \/>\n<meta property=\"og:url\" content=\"https:\/\/vieassociative.be\/actualites\/utilisez-ce-cadre-pour-donner-a-votre-enfant-suffisamment-de-temps-darret\/\" \/>\n<meta property=\"og:site_name\" content=\"Vie Associative\" \/>\n<meta property=\"article:published_time\" content=\"2024-10-04T17:22:02+00:00\" \/>\n<meta property=\"og:image\" content=\"https:\/\/vieassociative.be\/actualites\/wp-content\/uploads\/2024\/09\/header_backgroundk-01-e1726694325946.png\" \/>\n\t<meta property=\"og:image:width\" content=\"279\" \/>\n\t<meta property=\"og:image:height\" content=\"92\" \/>\n\t<meta property=\"og:image:type\" content=\"image\/png\" \/>\n<meta name=\"author\" content=\"Julien\" \/>\n<meta name=\"twitter:card\" content=\"summary_large_image\" \/>\n<meta name=\"twitter:label1\" content=\"\u00c9crit par\" \/>\n\t<meta name=\"twitter:data1\" content=\"Julien\" \/>\n\t<meta name=\"twitter:label2\" content=\"Dur\u00e9e de lecture est.\" \/>\n\t<meta name=\"twitter:data2\" content=\"6 minutes\" \/>\n<script type=\"application\/ld+json\" class=\"yoast-schema-graph\">{\"@context\":\"https:\/\/schema.org\",\"@graph\":[{\"@type\":\"Article\",\"@id\":\"https:\/\/vieassociative.be\/actualites\/utilisez-ce-cadre-pour-donner-a-votre-enfant-suffisamment-de-temps-darret\/#article\",\"isPartOf\":{\"@id\":\"https:\/\/vieassociative.be\/actualites\/utilisez-ce-cadre-pour-donner-a-votre-enfant-suffisamment-de-temps-darret\/\"},\"author\":{\"name\":\"Julien\",\"@id\":\"https:\/\/vieassociative.be\/actualites\/#\/schema\/person\/b87ac4f82f9d4e7b7cec7395b679edc4\"},\"headline\":\"Utilisez ce cadre pour donner \u00e0 votre enfant suffisamment de temps d&rsquo;arr\u00eat\",\"datePublished\":\"2024-10-04T17:22:02+00:00\",\"dateModified\":\"2024-10-04T17:22:02+00:00\",\"mainEntityOfPage\":{\"@id\":\"https:\/\/vieassociative.be\/actualites\/utilisez-ce-cadre-pour-donner-a-votre-enfant-suffisamment-de-temps-darret\/\"},\"wordCount\":1193,\"publisher\":{\"@id\":\"https:\/\/vieassociative.be\/actualites\/#organization\"},\"image\":{\"@id\":\"https:\/\/vieassociative.be\/actualites\/utilisez-ce-cadre-pour-donner-a-votre-enfant-suffisamment-de-temps-darret\/#primaryimage\"},\"thumbnailUrl\":\"https:\/\/vieassociative.be\/actualites\/wp-content\/uploads\/2024\/10\/Utilisez-ce-cadre-pour-donner-a-votre-enfant-suffisamment-de.jpg\",\"keywords\":[\"cadre\",\"darr\u00eat\",\"donner\",\"enfant\",\"pour\",\"suffisamment\",\"temps\",\"Utilisez\",\"votre\"],\"articleSection\":[\"Famille\"],\"inLanguage\":\"fr-BE\"},{\"@type\":\"WebPage\",\"@id\":\"https:\/\/vieassociative.be\/actualites\/utilisez-ce-cadre-pour-donner-a-votre-enfant-suffisamment-de-temps-darret\/\",\"url\":\"https:\/\/vieassociative.be\/actualites\/utilisez-ce-cadre-pour-donner-a-votre-enfant-suffisamment-de-temps-darret\/\",\"name\":\"Utilisez ce cadre pour donner \u00e0 votre enfant suffisamment de temps d'arr\u00eat | Vie Associative\",\"isPartOf\":{\"@id\":\"https:\/\/vieassociative.be\/actualites\/#website\"},\"primaryImageOfPage\":{\"@id\":\"https:\/\/vieassociative.be\/actualites\/utilisez-ce-cadre-pour-donner-a-votre-enfant-suffisamment-de-temps-darret\/#primaryimage\"},\"image\":{\"@id\":\"https:\/\/vieassociative.be\/actualites\/utilisez-ce-cadre-pour-donner-a-votre-enfant-suffisamment-de-temps-darret\/#primaryimage\"},\"thumbnailUrl\":\"https:\/\/vieassociative.be\/actualites\/wp-content\/uploads\/2024\/10\/Utilisez-ce-cadre-pour-donner-a-votre-enfant-suffisamment-de.jpg\",\"datePublished\":\"2024-10-04T17:22:02+00:00\",\"dateModified\":\"2024-10-04T17:22:02+00:00\",\"breadcrumb\":{\"@id\":\"https:\/\/vieassociative.be\/actualites\/utilisez-ce-cadre-pour-donner-a-votre-enfant-suffisamment-de-temps-darret\/#breadcrumb\"},\"inLanguage\":\"fr-BE\",\"potentialAction\":[{\"@type\":\"ReadAction\",\"target\":[\"https:\/\/vieassociative.be\/actualites\/utilisez-ce-cadre-pour-donner-a-votre-enfant-suffisamment-de-temps-darret\/\"]}]},{\"@type\":\"ImageObject\",\"inLanguage\":\"fr-BE\",\"@id\":\"https:\/\/vieassociative.be\/actualites\/utilisez-ce-cadre-pour-donner-a-votre-enfant-suffisamment-de-temps-darret\/#primaryimage\",\"url\":\"https:\/\/vieassociative.be\/actualites\/wp-content\/uploads\/2024\/10\/Utilisez-ce-cadre-pour-donner-a-votre-enfant-suffisamment-de.jpg\",\"contentUrl\":\"https:\/\/vieassociative.be\/actualites\/wp-content\/uploads\/2024\/10\/Utilisez-ce-cadre-pour-donner-a-votre-enfant-suffisamment-de.jpg\",\"width\":1200,\"height\":675,\"caption\":\"Utilisez ce cadre pour donner \u00e0 votre enfant suffisamment de temps d'arr\u00eat\"},{\"@type\":\"BreadcrumbList\",\"@id\":\"https:\/\/vieassociative.be\/actualites\/utilisez-ce-cadre-pour-donner-a-votre-enfant-suffisamment-de-temps-darret\/#breadcrumb\",\"itemListElement\":[{\"@type\":\"ListItem\",\"position\":1,\"name\":\"Accueil\",\"item\":\"https:\/\/vieassociative.be\/actualites\/\"},{\"@type\":\"ListItem\",\"position\":2,\"name\":\"Utilisez ce cadre pour donner \u00e0 votre enfant suffisamment de temps d&rsquo;arr\u00eat\"}]},{\"@type\":\"WebSite\",\"@id\":\"https:\/\/vieassociative.be\/actualites\/#website\",\"url\":\"https:\/\/vieassociative.be\/actualites\/\",\"name\":\"Vie Associative\",\"description\":\"\",\"publisher\":{\"@id\":\"https:\/\/vieassociative.be\/actualites\/#organization\"},\"potentialAction\":[{\"@type\":\"SearchAction\",\"target\":{\"@type\":\"EntryPoint\",\"urlTemplate\":\"https:\/\/vieassociative.be\/actualites\/?s={search_term_string}\"},\"query-input\":{\"@type\":\"PropertyValueSpecification\",\"valueRequired\":true,\"valueName\":\"search_term_string\"}}],\"inLanguage\":\"fr-BE\"},{\"@type\":\"Organization\",\"@id\":\"https:\/\/vieassociative.be\/actualites\/#organization\",\"name\":\"Vie Associative\",\"url\":\"https:\/\/vieassociative.be\/actualites\/\",\"logo\":{\"@type\":\"ImageObject\",\"inLanguage\":\"fr-BE\",\"@id\":\"https:\/\/vieassociative.be\/actualites\/#\/schema\/logo\/image\/\",\"url\":\"https:\/\/vieassociative.be\/actualites\/wp-content\/uploads\/2024\/09\/cropped-vieassociative_favicon.ico.png\",\"contentUrl\":\"https:\/\/vieassociative.be\/actualites\/wp-content\/uploads\/2024\/09\/cropped-vieassociative_favicon.ico.png\",\"width\":512,\"height\":512,\"caption\":\"Vie Associative\"},\"image\":{\"@id\":\"https:\/\/vieassociative.be\/actualites\/#\/schema\/logo\/image\/\"}},{\"@type\":\"Person\",\"@id\":\"https:\/\/vieassociative.be\/actualites\/#\/schema\/person\/b87ac4f82f9d4e7b7cec7395b679edc4\",\"name\":\"Julien\",\"image\":{\"@type\":\"ImageObject\",\"inLanguage\":\"fr-BE\",\"@id\":\"https:\/\/vieassociative.be\/actualites\/#\/schema\/person\/image\/\",\"url\":\"https:\/\/vieassociative.be\/actualites\/wp-content\/uploads\/2024\/09\/vie-associative-1-150x150.jpg\",\"contentUrl\":\"https:\/\/vieassociative.be\/actualites\/wp-content\/uploads\/2024\/09\/vie-associative-1-150x150.jpg\",\"caption\":\"Julien\"},\"description\":\"Je suis Julien, r\u00e9dacteur pour Vie Associative. Passionn\u00e9 par le monde associatif depuis plus de 10 ans, j'ai \u00e0 c\u0153ur de partager des histoires inspirantes et de mettre en lumi\u00e8re les initiatives locales. Mon objectif est de sensibiliser et d'encourager l'engagement communautaire \u00e0 travers mes articles.\",\"sameAs\":[\"https:\/\/vieassociative.be\/\"]}]}<\/script>\n<!-- \/ Yoast SEO plugin. -->","yoast_head_json":{"title":"Utilisez ce cadre pour donner \u00e0 votre enfant suffisamment de temps d'arr\u00eat | Vie Associative","robots":{"index":"index","follow":"follow","max-snippet":"max-snippet:-1","max-image-preview":"max-image-preview:large","max-video-preview":"max-video-preview:-1"},"canonical":"https:\/\/vieassociative.be\/actualites\/utilisez-ce-cadre-pour-donner-a-votre-enfant-suffisamment-de-temps-darret\/","og_locale":"fr_FR","og_type":"article","og_title":"Utilisez ce cadre pour donner \u00e0 votre enfant suffisamment de temps d'arr\u00eat | Vie Associative","og_description":"Les activit\u00e9s parascolaires sont formidables, mais votre enfant a besoin de temps pour \u00eatre un enfant. Cours de piano. Entra\u00eenement de football. Devoirs. Des activit\u00e9s","og_url":"https:\/\/vieassociative.be\/actualites\/utilisez-ce-cadre-pour-donner-a-votre-enfant-suffisamment-de-temps-darret\/","og_site_name":"Vie Associative","article_published_time":"2024-10-04T17:22:02+00:00","og_image":[{"width":279,"height":92,"url":"https:\/\/vieassociative.be\/actualites\/wp-content\/uploads\/2024\/09\/header_backgroundk-01-e1726694325946.png","type":"image\/png"}],"author":"Julien","twitter_card":"summary_large_image","twitter_misc":{"\u00c9crit par":"Julien","Dur\u00e9e de lecture est.":"6 minutes"},"schema":{"@context":"https:\/\/schema.org","@graph":[{"@type":"Article","@id":"https:\/\/vieassociative.be\/actualites\/utilisez-ce-cadre-pour-donner-a-votre-enfant-suffisamment-de-temps-darret\/#article","isPartOf":{"@id":"https:\/\/vieassociative.be\/actualites\/utilisez-ce-cadre-pour-donner-a-votre-enfant-suffisamment-de-temps-darret\/"},"author":{"name":"Julien","@id":"https:\/\/vieassociative.be\/actualites\/#\/schema\/person\/b87ac4f82f9d4e7b7cec7395b679edc4"},"headline":"Utilisez ce cadre pour donner \u00e0 votre enfant suffisamment de temps d&rsquo;arr\u00eat","datePublished":"2024-10-04T17:22:02+00:00","dateModified":"2024-10-04T17:22:02+00:00","mainEntityOfPage":{"@id":"https:\/\/vieassociative.be\/actualites\/utilisez-ce-cadre-pour-donner-a-votre-enfant-suffisamment-de-temps-darret\/"},"wordCount":1193,"publisher":{"@id":"https:\/\/vieassociative.be\/actualites\/#organization"},"image":{"@id":"https:\/\/vieassociative.be\/actualites\/utilisez-ce-cadre-pour-donner-a-votre-enfant-suffisamment-de-temps-darret\/#primaryimage"},"thumbnailUrl":"https:\/\/vieassociative.be\/actualites\/wp-content\/uploads\/2024\/10\/Utilisez-ce-cadre-pour-donner-a-votre-enfant-suffisamment-de.jpg","keywords":["cadre","darr\u00eat","donner","enfant","pour","suffisamment","temps","Utilisez","votre"],"articleSection":["Famille"],"inLanguage":"fr-BE"},{"@type":"WebPage","@id":"https:\/\/vieassociative.be\/actualites\/utilisez-ce-cadre-pour-donner-a-votre-enfant-suffisamment-de-temps-darret\/","url":"https:\/\/vieassociative.be\/actualites\/utilisez-ce-cadre-pour-donner-a-votre-enfant-suffisamment-de-temps-darret\/","name":"Utilisez ce cadre pour donner \u00e0 votre enfant suffisamment de temps d'arr\u00eat | Vie Associative","isPartOf":{"@id":"https:\/\/vieassociative.be\/actualites\/#website"},"primaryImageOfPage":{"@id":"https:\/\/vieassociative.be\/actualites\/utilisez-ce-cadre-pour-donner-a-votre-enfant-suffisamment-de-temps-darret\/#primaryimage"},"image":{"@id":"https:\/\/vieassociative.be\/actualites\/utilisez-ce-cadre-pour-donner-a-votre-enfant-suffisamment-de-temps-darret\/#primaryimage"},"thumbnailUrl":"https:\/\/vieassociative.be\/actualites\/wp-content\/uploads\/2024\/10\/Utilisez-ce-cadre-pour-donner-a-votre-enfant-suffisamment-de.jpg","datePublished":"2024-10-04T17:22:02+00:00","dateModified":"2024-10-04T17:22:02+00:00","breadcrumb":{"@id":"https:\/\/vieassociative.be\/actualites\/utilisez-ce-cadre-pour-donner-a-votre-enfant-suffisamment-de-temps-darret\/#breadcrumb"},"inLanguage":"fr-BE","potentialAction":[{"@type":"ReadAction","target":["https:\/\/vieassociative.be\/actualites\/utilisez-ce-cadre-pour-donner-a-votre-enfant-suffisamment-de-temps-darret\/"]}]},{"@type":"ImageObject","inLanguage":"fr-BE","@id":"https:\/\/vieassociative.be\/actualites\/utilisez-ce-cadre-pour-donner-a-votre-enfant-suffisamment-de-temps-darret\/#primaryimage","url":"https:\/\/vieassociative.be\/actualites\/wp-content\/uploads\/2024\/10\/Utilisez-ce-cadre-pour-donner-a-votre-enfant-suffisamment-de.jpg","contentUrl":"https:\/\/vieassociative.be\/actualites\/wp-content\/uploads\/2024\/10\/Utilisez-ce-cadre-pour-donner-a-votre-enfant-suffisamment-de.jpg","width":1200,"height":675,"caption":"Utilisez ce cadre pour donner \u00e0 votre enfant suffisamment de temps d'arr\u00eat"},{"@type":"BreadcrumbList","@id":"https:\/\/vieassociative.be\/actualites\/utilisez-ce-cadre-pour-donner-a-votre-enfant-suffisamment-de-temps-darret\/#breadcrumb","itemListElement":[{"@type":"ListItem","position":1,"name":"Accueil","item":"https:\/\/vieassociative.be\/actualites\/"},{"@type":"ListItem","position":2,"name":"Utilisez ce cadre pour donner \u00e0 votre enfant suffisamment de temps d&rsquo;arr\u00eat"}]},{"@type":"WebSite","@id":"https:\/\/vieassociative.be\/actualites\/#website","url":"https:\/\/vieassociative.be\/actualites\/","name":"Vie Associative","description":"","publisher":{"@id":"https:\/\/vieassociative.be\/actualites\/#organization"},"potentialAction":[{"@type":"SearchAction","target":{"@type":"EntryPoint","urlTemplate":"https:\/\/vieassociative.be\/actualites\/?s={search_term_string}"},"query-input":{"@type":"PropertyValueSpecification","valueRequired":true,"valueName":"search_term_string"}}],"inLanguage":"fr-BE"},{"@type":"Organization","@id":"https:\/\/vieassociative.be\/actualites\/#organization","name":"Vie Associative","url":"https:\/\/vieassociative.be\/actualites\/","logo":{"@type":"ImageObject","inLanguage":"fr-BE","@id":"https:\/\/vieassociative.be\/actualites\/#\/schema\/logo\/image\/","url":"https:\/\/vieassociative.be\/actualites\/wp-content\/uploads\/2024\/09\/cropped-vieassociative_favicon.ico.png","contentUrl":"https:\/\/vieassociative.be\/actualites\/wp-content\/uploads\/2024\/09\/cropped-vieassociative_favicon.ico.png","width":512,"height":512,"caption":"Vie Associative"},"image":{"@id":"https:\/\/vieassociative.be\/actualites\/#\/schema\/logo\/image\/"}},{"@type":"Person","@id":"https:\/\/vieassociative.be\/actualites\/#\/schema\/person\/b87ac4f82f9d4e7b7cec7395b679edc4","name":"Julien","image":{"@type":"ImageObject","inLanguage":"fr-BE","@id":"https:\/\/vieassociative.be\/actualites\/#\/schema\/person\/image\/","url":"https:\/\/vieassociative.be\/actualites\/wp-content\/uploads\/2024\/09\/vie-associative-1-150x150.jpg","contentUrl":"https:\/\/vieassociative.be\/actualites\/wp-content\/uploads\/2024\/09\/vie-associative-1-150x150.jpg","caption":"Julien"},"description":"Je suis Julien, r\u00e9dacteur pour Vie Associative. Passionn\u00e9 par le monde associatif depuis plus de 10 ans, j'ai \u00e0 c\u0153ur de partager des histoires inspirantes et de mettre en lumi\u00e8re les initiatives locales. Mon objectif est de sensibiliser et d'encourager l'engagement communautaire \u00e0 travers mes articles.","sameAs":["https:\/\/vieassociative.be\/"]}]}},"_links":{"self":[{"href":"https:\/\/vieassociative.be\/actualites\/wp-json\/wp\/v2\/posts\/848"}],"collection":[{"href":"https:\/\/vieassociative.be\/actualites\/wp-json\/wp\/v2\/posts"}],"about":[{"href":"https:\/\/vieassociative.be\/actualites\/wp-json\/wp\/v2\/types\/post"}],"author":[{"embeddable":true,"href":"https:\/\/vieassociative.be\/actualites\/wp-json\/wp\/v2\/users\/1"}],"replies":[{"embeddable":true,"href":"https:\/\/vieassociative.be\/actualites\/wp-json\/wp\/v2\/comments?post=848"}],"version-history":[{"count":0,"href":"https:\/\/vieassociative.be\/actualites\/wp-json\/wp\/v2\/posts\/848\/revisions"}],"wp:featuredmedia":[{"embeddable":true,"href":"https:\/\/vieassociative.be\/actualites\/wp-json\/wp\/v2\/media\/849"}],"wp:attachment":[{"href":"https:\/\/vieassociative.be\/actualites\/wp-json\/wp\/v2\/media?parent=848"}],"wp:term":[{"taxonomy":"category","embeddable":true,"href":"https:\/\/vieassociative.be\/actualites\/wp-json\/wp\/v2\/categories?post=848"},{"taxonomy":"post_tag","embeddable":true,"href":"https:\/\/vieassociative.be\/actualites\/wp-json\/wp\/v2\/tags?post=848"}],"curies":[{"name":"wp","href":"https:\/\/api.w.org\/{rel}","templated":true}]}}