{"id":8476,"date":"2025-07-01T16:17:12","date_gmt":"2025-07-01T14:17:12","guid":{"rendered":"https:\/\/vieassociative.be\/actualites\/56-participants-une-table-a-ete-enregistree-en-taille\/"},"modified":"2025-07-01T16:17:12","modified_gmt":"2025-07-01T14:17:12","slug":"56-participants-une-table-a-ete-enregistree-en-taille","status":"publish","type":"post","link":"https:\/\/vieassociative.be\/actualites\/56-participants-une-table-a-ete-enregistree-en-taille\/","title":{"rendered":"56 participants: une table a \u00e9t\u00e9 enregistr\u00e9e en taille"},"content":{"rendered":"<p><strong>Mis \u00e0 jour &#8211; lors de la campagne \u00ab\u00a0White Tafeln\u00a0\u00bb de cette ann\u00e9e \u00e0 Eupen, qui a eu lieu samedi soir dans 27 rues ou quartiers diff\u00e9rentes de la ville d&rsquo;Eupen, la famille Leffin &#8211; Conin a peut-\u00eatre atteint un record.<\/strong><\/p>\n<p><span id=\"more-419023\"><\/span>Vous ne pouvez pas tr\u00e8s bien dire cela, car une tablette n&rsquo;\u00e9tait pas dirig\u00e9e sur le nombre de participants de l&rsquo;individu. Le fait est cependant que 56 participants s&rsquo;\u00e9taient rassembl\u00e9s dans la cour int\u00e9rieure de la maison dans la cour int\u00e9rieure de la maison au Werthplatz et ont \u00e9t\u00e9 autoris\u00e9s \u00e0 vivre un \u00ab\u00a0tableau noir blanc\u00a0\u00bb jusqu&rsquo;\u00e0 tard dans la nuit. Selon Hedy Conin et Bernd Leffin, comme toujours, ce fut une exp\u00e9rience tr\u00e8s sp\u00e9ciale dans laquelle jeune et vieux ont pass\u00e9 cette belle soir\u00e9e ensemble.<\/p>\n<p>La maison d&rsquo;h\u00f4tes de la famille Leffin-Conin est une institution sp\u00e9ciale \u00e0 Eupen parce que la famille a \u00e9t\u00e9 g\u00e9r\u00e9e avec amour par la famille depuis tr\u00e8s longtemps. Cette ann\u00e9e, il a donc \u00e9t\u00e9 n\u00e9cessaire que la famille d\u00e9core la cour pour une \u00ab\u00a0table blanche\u00a0\u00bb et de mettre en place des tentes afin de se pr\u00e9parer \u00e0 toute \u00e9ventualit\u00e9. Les visiteurs du \u00ab\u00a0White Tafel\u00a0\u00bb avaient tellement apport\u00e9 \u00e0 manger pour ce pique-nique tr\u00e8s sp\u00e9cial qu&rsquo;il y avait quelque chose pour chaque go\u00fbt.<\/p>\n<p>Le fait que cette fois \u00e9tait de 56 participants n&rsquo;\u00e9tait pas un probl\u00e8me, car les tables fournies dans la cour \u00e9taient suffisantes, afin que vous auriez pu accueillir encore plus de visiteurs. (PVS)<\/p>\n<p><em><strong>Sur le sujet, voir \u00e9galement l&rsquo;article suivant sur OD:<\/strong><\/em><\/p>\n<div class=\"responsive-embed widescreen\">\n<blockquote class=\"wp-embedded-content\" data-secret=\"6drvbK4cXV\">\n<p>Photos des plaques blanches 2025 (galerie de photos)<\/p>\n<\/blockquote>\n<p><iframe loading=\"lazy\" class=\"wp-embedded-content\" sandbox=\"allow-scripts\" security=\"restricted\" style=\"position: absolute; visibility: hidden;\" title=\"\u201eBilder von den Wei\u00dfen Tafeln 2025 (Fotogalerie)\u201c \u2014 Ostbelgien Direkt\" src=\"https:\/\/ostbelgiendirekt.be\/about:blank\" data-secret=\"6drvbK4cXV\" width=\"500\" height=\"282\" frameborder=\"0\" marginwidth=\"0\" marginheight=\"0\" scrolling=\"no\" data-rocket-lazyload=\"fitvidscompatible\" data-lazy-src=\"https:\/\/ostbelgiendirekt.be\/weisse-tafeln-2025-fotogalerie-418836\/embed#?secret=R5BSh8FsSF#?secret=6drvbK4cXV\"><\/iframe><noscript><iframe class=\"wp-embedded-content\" sandbox=\"allow-scripts\" security=\"restricted\" style=\"position: absolute; visibility: hidden;\" title=\"\u201eBilder von den Wei\u00dfen Tafeln 2025 (Fotogalerie)\u201c \u2014 Ostbelgien Direkt\" src=\"https:\/\/ostbelgiendirekt.be\/weisse-tafeln-2025-fotogalerie-418836\/embed#?secret=R5BSh8FsSF#?secret=6drvbK4cXV\" data-secret=\"6drvbK4cXV\" width=\"500\" height=\"282\" frameborder=\"0\" marginwidth=\"0\" marginheight=\"0\" scrolling=\"no\"><\/iframe><\/noscript><\/p>\n<\/div>\n","protected":false},"excerpt":{"rendered":"<p>Mis \u00e0 jour &#8211; lors de la campagne \u00ab\u00a0White Tafeln\u00a0\u00bb de cette ann\u00e9e \u00e0 Eupen, qui a eu lieu samedi soir dans 27 rues ou<\/p>\n","protected":false},"author":1,"featured_media":8477,"comment_status":"","ping_status":"","sticky":false,"template":"","format":"standard","meta":{"footnotes":""},"categories":[298],"tags":[7581,217,5329,5379,4343,110],"class_list":["post-8476","post","type-post","status-publish","format-standard","has-post-thumbnail","hentry","category-belgique","tag-enregistree","tag-ete","tag-participants","tag-table","tag-taille","tag-une","generate-columns","tablet-grid-50","mobile-grid-100","grid-parent","grid-33"],"yoast_head":"<!-- This site is optimized with the Yoast SEO plugin v24.0 - https:\/\/yoast.com\/wordpress\/plugins\/seo\/ -->\n<title>56 participants: une table a \u00e9t\u00e9 enregistr\u00e9e en taille | Vie Associative<\/title>\n<meta name=\"robots\" content=\"index, follow, max-snippet:-1, max-image-preview:large, max-video-preview:-1\" \/>\n<link rel=\"canonical\" href=\"https:\/\/vieassociative.be\/actualites\/56-participants-une-table-a-ete-enregistree-en-taille\/\" \/>\n<meta property=\"og:locale\" content=\"fr_FR\" \/>\n<meta property=\"og:type\" content=\"article\" \/>\n<meta property=\"og:title\" content=\"56 participants: une table a \u00e9t\u00e9 enregistr\u00e9e en taille | Vie Associative\" \/>\n<meta property=\"og:description\" content=\"Mis \u00e0 jour &#8211; lors de la campagne \u00ab\u00a0White Tafeln\u00a0\u00bb de cette ann\u00e9e \u00e0 Eupen, qui a eu lieu samedi soir dans 27 rues ou\" \/>\n<meta property=\"og:url\" content=\"https:\/\/vieassociative.be\/actualites\/56-participants-une-table-a-ete-enregistree-en-taille\/\" \/>\n<meta property=\"og:site_name\" content=\"Vie Associative\" \/>\n<meta property=\"article:published_time\" content=\"2025-07-01T14:17:12+00:00\" \/>\n<meta property=\"og:image\" content=\"https:\/\/vieassociative.be\/actualites\/wp-content\/uploads\/2024\/09\/header_backgroundk-01-e1726694325946.png\" \/>\n\t<meta property=\"og:image:width\" content=\"279\" \/>\n\t<meta property=\"og:image:height\" content=\"92\" \/>\n\t<meta property=\"og:image:type\" content=\"image\/png\" \/>\n<meta name=\"author\" content=\"Julien\" \/>\n<meta name=\"twitter:card\" content=\"summary_large_image\" \/>\n<meta name=\"twitter:label1\" content=\"\u00c9crit par\" \/>\n\t<meta name=\"twitter:data1\" content=\"Julien\" \/>\n\t<meta name=\"twitter:label2\" content=\"Dur\u00e9e de lecture est.\" \/>\n\t<meta name=\"twitter:data2\" content=\"1 minute\" \/>\n<script type=\"application\/ld+json\" class=\"yoast-schema-graph\">{\"@context\":\"https:\/\/schema.org\",\"@graph\":[{\"@type\":\"Article\",\"@id\":\"https:\/\/vieassociative.be\/actualites\/56-participants-une-table-a-ete-enregistree-en-taille\/#article\",\"isPartOf\":{\"@id\":\"https:\/\/vieassociative.be\/actualites\/56-participants-une-table-a-ete-enregistree-en-taille\/\"},\"author\":{\"name\":\"Julien\",\"@id\":\"https:\/\/vieassociative.be\/actualites\/#\/schema\/person\/b87ac4f82f9d4e7b7cec7395b679edc4\"},\"headline\":\"56 participants: une table a \u00e9t\u00e9 enregistr\u00e9e en taille\",\"datePublished\":\"2025-07-01T14:17:12+00:00\",\"dateModified\":\"2025-07-01T14:17:12+00:00\",\"mainEntityOfPage\":{\"@id\":\"https:\/\/vieassociative.be\/actualites\/56-participants-une-table-a-ete-enregistree-en-taille\/\"},\"wordCount\":292,\"publisher\":{\"@id\":\"https:\/\/vieassociative.be\/actualites\/#organization\"},\"image\":{\"@id\":\"https:\/\/vieassociative.be\/actualites\/56-participants-une-table-a-ete-enregistree-en-taille\/#primaryimage\"},\"thumbnailUrl\":\"https:\/\/vieassociative.be\/actualites\/wp-content\/uploads\/2025\/07\/56-participants-une-table-a-ete-enregistree-en-taille.jpg\",\"keywords\":[\"enregistr\u00e9e\",\"\u00e9t\u00e9\",\"participants\",\"table\",\"taille\",\"une\"],\"articleSection\":[\"Belgique\"],\"inLanguage\":\"fr-BE\"},{\"@type\":\"WebPage\",\"@id\":\"https:\/\/vieassociative.be\/actualites\/56-participants-une-table-a-ete-enregistree-en-taille\/\",\"url\":\"https:\/\/vieassociative.be\/actualites\/56-participants-une-table-a-ete-enregistree-en-taille\/\",\"name\":\"56 participants: une table a \u00e9t\u00e9 enregistr\u00e9e en taille | Vie Associative\",\"isPartOf\":{\"@id\":\"https:\/\/vieassociative.be\/actualites\/#website\"},\"primaryImageOfPage\":{\"@id\":\"https:\/\/vieassociative.be\/actualites\/56-participants-une-table-a-ete-enregistree-en-taille\/#primaryimage\"},\"image\":{\"@id\":\"https:\/\/vieassociative.be\/actualites\/56-participants-une-table-a-ete-enregistree-en-taille\/#primaryimage\"},\"thumbnailUrl\":\"https:\/\/vieassociative.be\/actualites\/wp-content\/uploads\/2025\/07\/56-participants-une-table-a-ete-enregistree-en-taille.jpg\",\"datePublished\":\"2025-07-01T14:17:12+00:00\",\"dateModified\":\"2025-07-01T14:17:12+00:00\",\"breadcrumb\":{\"@id\":\"https:\/\/vieassociative.be\/actualites\/56-participants-une-table-a-ete-enregistree-en-taille\/#breadcrumb\"},\"inLanguage\":\"fr-BE\",\"potentialAction\":[{\"@type\":\"ReadAction\",\"target\":[\"https:\/\/vieassociative.be\/actualites\/56-participants-une-table-a-ete-enregistree-en-taille\/\"]}]},{\"@type\":\"ImageObject\",\"inLanguage\":\"fr-BE\",\"@id\":\"https:\/\/vieassociative.be\/actualites\/56-participants-une-table-a-ete-enregistree-en-taille\/#primaryimage\",\"url\":\"https:\/\/vieassociative.be\/actualites\/wp-content\/uploads\/2025\/07\/56-participants-une-table-a-ete-enregistree-en-taille.jpg\",\"contentUrl\":\"https:\/\/vieassociative.be\/actualites\/wp-content\/uploads\/2025\/07\/56-participants-une-table-a-ete-enregistree-en-taille.jpg\",\"width\":1600,\"height\":720,\"caption\":\"56 participants: une table a \u00e9t\u00e9 enregistr\u00e9e en taille\"},{\"@type\":\"BreadcrumbList\",\"@id\":\"https:\/\/vieassociative.be\/actualites\/56-participants-une-table-a-ete-enregistree-en-taille\/#breadcrumb\",\"itemListElement\":[{\"@type\":\"ListItem\",\"position\":1,\"name\":\"Accueil\",\"item\":\"https:\/\/vieassociative.be\/actualites\/\"},{\"@type\":\"ListItem\",\"position\":2,\"name\":\"56 participants: une table a \u00e9t\u00e9 enregistr\u00e9e en taille\"}]},{\"@type\":\"WebSite\",\"@id\":\"https:\/\/vieassociative.be\/actualites\/#website\",\"url\":\"https:\/\/vieassociative.be\/actualites\/\",\"name\":\"Vie Associative\",\"description\":\"\",\"publisher\":{\"@id\":\"https:\/\/vieassociative.be\/actualites\/#organization\"},\"potentialAction\":[{\"@type\":\"SearchAction\",\"target\":{\"@type\":\"EntryPoint\",\"urlTemplate\":\"https:\/\/vieassociative.be\/actualites\/?s={search_term_string}\"},\"query-input\":{\"@type\":\"PropertyValueSpecification\",\"valueRequired\":true,\"valueName\":\"search_term_string\"}}],\"inLanguage\":\"fr-BE\"},{\"@type\":\"Organization\",\"@id\":\"https:\/\/vieassociative.be\/actualites\/#organization\",\"name\":\"Vie Associative\",\"url\":\"https:\/\/vieassociative.be\/actualites\/\",\"logo\":{\"@type\":\"ImageObject\",\"inLanguage\":\"fr-BE\",\"@id\":\"https:\/\/vieassociative.be\/actualites\/#\/schema\/logo\/image\/\",\"url\":\"https:\/\/vieassociative.be\/actualites\/wp-content\/uploads\/2024\/09\/cropped-vieassociative_favicon.ico.png\",\"contentUrl\":\"https:\/\/vieassociative.be\/actualites\/wp-content\/uploads\/2024\/09\/cropped-vieassociative_favicon.ico.png\",\"width\":512,\"height\":512,\"caption\":\"Vie Associative\"},\"image\":{\"@id\":\"https:\/\/vieassociative.be\/actualites\/#\/schema\/logo\/image\/\"}},{\"@type\":\"Person\",\"@id\":\"https:\/\/vieassociative.be\/actualites\/#\/schema\/person\/b87ac4f82f9d4e7b7cec7395b679edc4\",\"name\":\"Julien\",\"image\":{\"@type\":\"ImageObject\",\"inLanguage\":\"fr-BE\",\"@id\":\"https:\/\/vieassociative.be\/actualites\/#\/schema\/person\/image\/\",\"url\":\"https:\/\/vieassociative.be\/actualites\/wp-content\/uploads\/2024\/09\/vie-associative-1-150x150.jpg\",\"contentUrl\":\"https:\/\/vieassociative.be\/actualites\/wp-content\/uploads\/2024\/09\/vie-associative-1-150x150.jpg\",\"caption\":\"Julien\"},\"description\":\"Je suis Julien, r\u00e9dacteur pour Vie Associative. Passionn\u00e9 par le monde associatif depuis plus de 10 ans, j'ai \u00e0 c\u0153ur de partager des histoires inspirantes et de mettre en lumi\u00e8re les initiatives locales. Mon objectif est de sensibiliser et d'encourager l'engagement communautaire \u00e0 travers mes articles.\",\"sameAs\":[\"https:\/\/vieassociative.be\/\"]}]}<\/script>\n<!-- \/ Yoast SEO plugin. -->","yoast_head_json":{"title":"56 participants: une table a \u00e9t\u00e9 enregistr\u00e9e en taille | Vie Associative","robots":{"index":"index","follow":"follow","max-snippet":"max-snippet:-1","max-image-preview":"max-image-preview:large","max-video-preview":"max-video-preview:-1"},"canonical":"https:\/\/vieassociative.be\/actualites\/56-participants-une-table-a-ete-enregistree-en-taille\/","og_locale":"fr_FR","og_type":"article","og_title":"56 participants: une table a \u00e9t\u00e9 enregistr\u00e9e en taille | Vie Associative","og_description":"Mis \u00e0 jour &#8211; lors de la campagne \u00ab\u00a0White Tafeln\u00a0\u00bb de cette ann\u00e9e \u00e0 Eupen, qui a eu lieu samedi soir dans 27 rues ou","og_url":"https:\/\/vieassociative.be\/actualites\/56-participants-une-table-a-ete-enregistree-en-taille\/","og_site_name":"Vie Associative","article_published_time":"2025-07-01T14:17:12+00:00","og_image":[{"width":279,"height":92,"url":"https:\/\/vieassociative.be\/actualites\/wp-content\/uploads\/2024\/09\/header_backgroundk-01-e1726694325946.png","type":"image\/png"}],"author":"Julien","twitter_card":"summary_large_image","twitter_misc":{"\u00c9crit par":"Julien","Dur\u00e9e de lecture est.":"1 minute"},"schema":{"@context":"https:\/\/schema.org","@graph":[{"@type":"Article","@id":"https:\/\/vieassociative.be\/actualites\/56-participants-une-table-a-ete-enregistree-en-taille\/#article","isPartOf":{"@id":"https:\/\/vieassociative.be\/actualites\/56-participants-une-table-a-ete-enregistree-en-taille\/"},"author":{"name":"Julien","@id":"https:\/\/vieassociative.be\/actualites\/#\/schema\/person\/b87ac4f82f9d4e7b7cec7395b679edc4"},"headline":"56 participants: une table a \u00e9t\u00e9 enregistr\u00e9e en taille","datePublished":"2025-07-01T14:17:12+00:00","dateModified":"2025-07-01T14:17:12+00:00","mainEntityOfPage":{"@id":"https:\/\/vieassociative.be\/actualites\/56-participants-une-table-a-ete-enregistree-en-taille\/"},"wordCount":292,"publisher":{"@id":"https:\/\/vieassociative.be\/actualites\/#organization"},"image":{"@id":"https:\/\/vieassociative.be\/actualites\/56-participants-une-table-a-ete-enregistree-en-taille\/#primaryimage"},"thumbnailUrl":"https:\/\/vieassociative.be\/actualites\/wp-content\/uploads\/2025\/07\/56-participants-une-table-a-ete-enregistree-en-taille.jpg","keywords":["enregistr\u00e9e","\u00e9t\u00e9","participants","table","taille","une"],"articleSection":["Belgique"],"inLanguage":"fr-BE"},{"@type":"WebPage","@id":"https:\/\/vieassociative.be\/actualites\/56-participants-une-table-a-ete-enregistree-en-taille\/","url":"https:\/\/vieassociative.be\/actualites\/56-participants-une-table-a-ete-enregistree-en-taille\/","name":"56 participants: une table a \u00e9t\u00e9 enregistr\u00e9e en taille | Vie Associative","isPartOf":{"@id":"https:\/\/vieassociative.be\/actualites\/#website"},"primaryImageOfPage":{"@id":"https:\/\/vieassociative.be\/actualites\/56-participants-une-table-a-ete-enregistree-en-taille\/#primaryimage"},"image":{"@id":"https:\/\/vieassociative.be\/actualites\/56-participants-une-table-a-ete-enregistree-en-taille\/#primaryimage"},"thumbnailUrl":"https:\/\/vieassociative.be\/actualites\/wp-content\/uploads\/2025\/07\/56-participants-une-table-a-ete-enregistree-en-taille.jpg","datePublished":"2025-07-01T14:17:12+00:00","dateModified":"2025-07-01T14:17:12+00:00","breadcrumb":{"@id":"https:\/\/vieassociative.be\/actualites\/56-participants-une-table-a-ete-enregistree-en-taille\/#breadcrumb"},"inLanguage":"fr-BE","potentialAction":[{"@type":"ReadAction","target":["https:\/\/vieassociative.be\/actualites\/56-participants-une-table-a-ete-enregistree-en-taille\/"]}]},{"@type":"ImageObject","inLanguage":"fr-BE","@id":"https:\/\/vieassociative.be\/actualites\/56-participants-une-table-a-ete-enregistree-en-taille\/#primaryimage","url":"https:\/\/vieassociative.be\/actualites\/wp-content\/uploads\/2025\/07\/56-participants-une-table-a-ete-enregistree-en-taille.jpg","contentUrl":"https:\/\/vieassociative.be\/actualites\/wp-content\/uploads\/2025\/07\/56-participants-une-table-a-ete-enregistree-en-taille.jpg","width":1600,"height":720,"caption":"56 participants: une table a \u00e9t\u00e9 enregistr\u00e9e en taille"},{"@type":"BreadcrumbList","@id":"https:\/\/vieassociative.be\/actualites\/56-participants-une-table-a-ete-enregistree-en-taille\/#breadcrumb","itemListElement":[{"@type":"ListItem","position":1,"name":"Accueil","item":"https:\/\/vieassociative.be\/actualites\/"},{"@type":"ListItem","position":2,"name":"56 participants: une table a \u00e9t\u00e9 enregistr\u00e9e en taille"}]},{"@type":"WebSite","@id":"https:\/\/vieassociative.be\/actualites\/#website","url":"https:\/\/vieassociative.be\/actualites\/","name":"Vie Associative","description":"","publisher":{"@id":"https:\/\/vieassociative.be\/actualites\/#organization"},"potentialAction":[{"@type":"SearchAction","target":{"@type":"EntryPoint","urlTemplate":"https:\/\/vieassociative.be\/actualites\/?s={search_term_string}"},"query-input":{"@type":"PropertyValueSpecification","valueRequired":true,"valueName":"search_term_string"}}],"inLanguage":"fr-BE"},{"@type":"Organization","@id":"https:\/\/vieassociative.be\/actualites\/#organization","name":"Vie Associative","url":"https:\/\/vieassociative.be\/actualites\/","logo":{"@type":"ImageObject","inLanguage":"fr-BE","@id":"https:\/\/vieassociative.be\/actualites\/#\/schema\/logo\/image\/","url":"https:\/\/vieassociative.be\/actualites\/wp-content\/uploads\/2024\/09\/cropped-vieassociative_favicon.ico.png","contentUrl":"https:\/\/vieassociative.be\/actualites\/wp-content\/uploads\/2024\/09\/cropped-vieassociative_favicon.ico.png","width":512,"height":512,"caption":"Vie Associative"},"image":{"@id":"https:\/\/vieassociative.be\/actualites\/#\/schema\/logo\/image\/"}},{"@type":"Person","@id":"https:\/\/vieassociative.be\/actualites\/#\/schema\/person\/b87ac4f82f9d4e7b7cec7395b679edc4","name":"Julien","image":{"@type":"ImageObject","inLanguage":"fr-BE","@id":"https:\/\/vieassociative.be\/actualites\/#\/schema\/person\/image\/","url":"https:\/\/vieassociative.be\/actualites\/wp-content\/uploads\/2024\/09\/vie-associative-1-150x150.jpg","contentUrl":"https:\/\/vieassociative.be\/actualites\/wp-content\/uploads\/2024\/09\/vie-associative-1-150x150.jpg","caption":"Julien"},"description":"Je suis Julien, r\u00e9dacteur pour Vie Associative. Passionn\u00e9 par le monde associatif depuis plus de 10 ans, j'ai \u00e0 c\u0153ur de partager des histoires inspirantes et de mettre en lumi\u00e8re les initiatives locales. Mon objectif est de sensibiliser et d'encourager l'engagement communautaire \u00e0 travers mes articles.","sameAs":["https:\/\/vieassociative.be\/"]}]}},"_links":{"self":[{"href":"https:\/\/vieassociative.be\/actualites\/wp-json\/wp\/v2\/posts\/8476"}],"collection":[{"href":"https:\/\/vieassociative.be\/actualites\/wp-json\/wp\/v2\/posts"}],"about":[{"href":"https:\/\/vieassociative.be\/actualites\/wp-json\/wp\/v2\/types\/post"}],"author":[{"embeddable":true,"href":"https:\/\/vieassociative.be\/actualites\/wp-json\/wp\/v2\/users\/1"}],"replies":[{"embeddable":true,"href":"https:\/\/vieassociative.be\/actualites\/wp-json\/wp\/v2\/comments?post=8476"}],"version-history":[{"count":0,"href":"https:\/\/vieassociative.be\/actualites\/wp-json\/wp\/v2\/posts\/8476\/revisions"}],"wp:featuredmedia":[{"embeddable":true,"href":"https:\/\/vieassociative.be\/actualites\/wp-json\/wp\/v2\/media\/8477"}],"wp:attachment":[{"href":"https:\/\/vieassociative.be\/actualites\/wp-json\/wp\/v2\/media?parent=8476"}],"wp:term":[{"taxonomy":"category","embeddable":true,"href":"https:\/\/vieassociative.be\/actualites\/wp-json\/wp\/v2\/categories?post=8476"},{"taxonomy":"post_tag","embeddable":true,"href":"https:\/\/vieassociative.be\/actualites\/wp-json\/wp\/v2\/tags?post=8476"}],"curies":[{"name":"wp","href":"https:\/\/api.w.org\/{rel}","templated":true}]}}