{"id":8474,"date":"2025-07-01T15:18:36","date_gmt":"2025-07-01T13:18:36","guid":{"rendered":"https:\/\/vieassociative.be\/actualites\/apple-music-vous-montrera-enfin-des-statistiques-tous-les-temps-mais-jai-une-meilleure-option\/"},"modified":"2025-07-01T15:18:36","modified_gmt":"2025-07-01T13:18:36","slug":"apple-music-vous-montrera-enfin-des-statistiques-tous-les-temps-mais-jai-une-meilleure-option","status":"publish","type":"post","link":"https:\/\/vieassociative.be\/actualites\/apple-music-vous-montrera-enfin-des-statistiques-tous-les-temps-mais-jai-une-meilleure-option\/","title":{"rendered":"Apple Music vous montrera enfin des statistiques \u00ab\u00a0 tous les temps \u00a0\u00bb, mais j&rsquo;ai une meilleure option"},"content":{"rendered":"<div class=\"mt-4 leading-6 md:mb-8\">Voici comment trouver votre playlist de rediffusion All Time et une option alternative.<\/div>\n<p><\/p>\n<p>Cela fait 10 ans que le service de streaming Apple Music a \u00e9t\u00e9 lanc\u00e9, et Apple marque l&rsquo;occasion de plusieurs mani\u00e8res: avec un nouvel espace de studio \u00e0 Los Angeles, avec des programmes sp\u00e9ciaux sur Apple Music Radio (y compris un compte \u00e0 rebours des 500 meilleures chansons les plus diffus\u00e9es sur Apple Music), et avec une nouvelle rediffusion de tous les temps qui vous donne vos statistiques globales de la journ\u00e9e.<\/p>\n<p>Replay All Time s&rsquo;appuie sur le r\u00e9sum\u00e9 annuel de vos habitudes d&rsquo;\u00e9coute qu&rsquo;Apple Music \u00e9met vers la fin de chaque ann\u00e9e. Ces r\u00e9capitulations annuelles sont disponibles dans tous les principaux services de streaming musicale et se sont r\u00e9v\u00e9l\u00e9s populaires &#8211; ils sont une fa\u00e7on amusante de revenir sur les go\u00fbts changeants et les favoris oubli\u00e9s. Et maintenant, vous n&rsquo;\u00eates pas limit\u00e9 \u00e0 un an.<\/p>\n<p>Si vous \u00eates int\u00e9ress\u00e9 par les statistiques d&rsquo;\u00e9coute \u00e0 long terme, cependant, il existe d\u00e9j\u00e0 une meilleure application pour le travail que j&rsquo;utilise depuis beaucoup plus longtemps qu&rsquo;Apple Music existe. Il fonctionne sur plusieurs plateformes et plusieurs services, et est en affaires depuis plus de 20 ans. <\/p>\n<h2 id=\"how-to-find-your-replay-all-time-playlist\">Comment trouver votre playlist de rediffusion All Time<\/h2>\n<p>La playlist de Replay All Time est disponible partout o\u00f9 vous pouvez trouver Apple Music. Ouvrez Apple Music sur iOS, Android, MacOS, Windows ou le Web, et vous devriez voir la rediffusion tout le temps affich\u00e9 en \u00e9vidence <strong>Maison<\/strong> Tab, aux c\u00f4t\u00e9s de la s\u00e9lection habituelle des listes de lecture g\u00e9n\u00e9r\u00e9es algorithmiques.<\/p>\n<p>S\u00e9lectionnez la playlist et il appara\u00eet comme les autres: vous obtenez des boutons <strong>Jouer<\/strong> et <strong>M\u00e9langer<\/strong> Il, et si vous appuyez sur les trois points aux c\u00f4t\u00e9s des pistes, vous pouvez l&rsquo;enregistrer en permanence dans votre biblioth\u00e8que, ajoutez-le \u00e0 une liste de lecture existante ou \u00e0 la file d&rsquo;attente actuelle, marquez toutes les pistes en tant que favoris et partagez la liste de lecture avec d&rsquo;autres personnes.<\/p>\n<div class=\"eloquent-imagery-image\">\n<div class=\"flex justify-center\">\n                    <img decoding=\"async\" class=\"border border-gray-100\" src=\"https:\/\/vieassociative.be\/actualites\/wp-content\/uploads\/2025\/07\/Apple-Music-vous-montrera-enfin-des-statistiques-tous-les.jpg\" alt=\"Pomme de musique\" width=\"2000\" height=\"1125\" loading=\"lazy\"  >\n            <\/div>\n<\/p><\/div>\n<p>Cette option de partage fait partie de l&rsquo;attrait de ces listes de lecture &#8211; vous pouvez faire savoir au monde entier \u00e0 quel point vous avez \u00e9t\u00e9 fid\u00e8le \u00e0 vos artistes pr\u00e9f\u00e9r\u00e9s au fil des ans, ou \u00e0 quel point vos go\u00fbts ont chang\u00e9. Vous pouvez partager un lien vers la liste de lecture dans plusieurs applications et m\u00eame l&rsquo;int\u00e9grer sur le Web.<\/p>\n<p>Choisissez d&rsquo;ajouter la playlist \u00e0 votre biblioth\u00e8que (via le menu \u00e0 trois points) et vous pouvez afficher les statistiques de ces morceaux dans l&rsquo;application Apple Music Desktop: avec la playlist \u00e0 l&rsquo;\u00e9cran, choisissez <strong>Voir> comme chansons<\/strong> Pour afficher plus de colonnes, alors <strong>Affichage> Afficher les options de vue<\/strong> Pour choisir les statistiques (telles que les pi\u00e8ces et la derni\u00e8re lecture), vous voulez afficher.<\/p>\n<div class=\"pogoClear relative my-10 border-b-(1.5px) border-t-(1.5px) border-dashed border-black py-5 sm:my-14 sm:border-0 sm:py-0\" data-ga-click data-ga-template=\"News\" data-ga-module=\"openweb_widget\" data-ga-element=\"openweb_scroll\" data-ga-item=\"openweb_scroll_midpage\" x-data=\"{\n         commentsCount: null,\n         hasComments: false,\n         async fetchCommentsCount() {\n             try {\n                 if (window.openweb &amp;&amp; typeof window.openweb.getMessagesCount === 'function') {\n                     this.commentsCount = await window.openweb.getMessagesCount('01JZ2J47SSHE5G5MY16BTW9ZPW');\n                     this.hasComments = this.commentsCount !== null &amp;&amp; this.commentsCount &gt; 0;\n                 }\n             } catch (e) {\n                 console.warn('Failed to fetch comment count:', e);\n             }\n         }\n     }\" x-init=\"fetchCommentsCount()\" x-cloak><\/p>\n<div class=\"absolute top-1\/2 hidden w-full -translate-y-1\/2 border-t-(1.5px) border-dashed border-black sm:block\"><\/div>\n<div class=\"relative flex justify-center\">\n<div class=\"flex max-w-fit items-center gap-x-3 bg-white px-5\">\n<div class=\"relative\">\n                <span class=\"absolute left-1\/2 top-1\/2 -translate-x-1\/2 -translate-y-1\/2 font-akshar text-sm font-medium text-black\" aria-live=\"polite\" x-show=\"hasComments\" x-text=\"commentsCount\"><\/span><\/p>\n<p>                <svg class=\"h-8 w-8 text-black\" role=\"img\" aria-hidden=\"true\">\n                    <use href=\"http:\/\/lifehacker.com\/images\/icons\/spritemap.svg#sprite-chat-bubble\"><\/use>\n                <\/svg>\n            <\/div>\n<p>            <span class=\"text-sm font-medium text-black\"><\/p>\n<p>                Que pensez-vous jusqu&rsquo;\u00e0 pr\u00e9sent?<br \/>\n                <button class=\"ml-1 font-semibold text-brand-green underline hover:text-brand-green-700\" type=\"button\" aria-label=\"Comment section trigger\" onclick=\"window.openweb.scrollToComments('01JZ2J47SSHE5G5MY16BTW9ZPW')\" x-text=\"hasComments ? 'Post a comment.' : 'Be the first to post a comment.'\"><\/button><br \/>\n            <\/span>\n        <\/div>\n<\/p><\/div>\n<\/div>\n<h2 id=\"how-to-use-lastfm-to-track-your-listening\">Comment utiliser Last.fm pour suivre votre \u00e9coute<\/h2>\n<p>Si vous aimez creuser dans les statistiques d&rsquo;\u00e9coute, il y a un autre service \u00e0 savoir qui existe beaucoup plus longtemps qu&rsquo;Apple Music: Last.fm. Il garde un \u0153il sur chaque chanson que vous \u00e9coutez (un processus que l&rsquo;application appelle \u00ab\u00a0se d\u00e9barrassant\u00a0\u00bb), et peut ensuite d\u00e9composer les statistiques par ann\u00e9e, mois, semaine ou jour.<\/p>\n<p>Une partie de l&rsquo;attrait de Last.FM est qu&rsquo;il dispose d&rsquo;applications et d&rsquo;extensions disponibles pour plusieurs services de streaming, sur le mobile et le bureau, ce qui est pratique si vous avez plusieurs abonnements en streaming de musique ou si vous sautez entre eux. De une vid\u00e9o YouTube sur le Web \u00e0 une liste de lecture Spotify sur votre t\u00e9l\u00e9phone, tout est enregistr\u00e9.<\/p>\n<div class=\"eloquent-imagery-image\">\n<div class=\"flex justify-center\">\n                    <img decoding=\"async\" class=\"border border-gray-100\" src=\"https:\/\/vieassociative.be\/actualites\/wp-content\/uploads\/2025\/07\/1751375916_196_Apple-Music-vous-montrera-enfin-des-statistiques-tous-les.jpg\" alt=\"Application last.fm\" width=\"2000\" height=\"1125\" loading=\"lazy\"  >\n            <\/div>\n<\/p><\/div>\n<p>J&rsquo;utilise Last.fm depuis si longtemps, je peux revenir \u00e0 n&rsquo;importe quelle p\u00e9riode et red\u00e9couvrir des chansons que j&rsquo;ai oubli\u00e9es: si je veux, je peux voir exactement quel album \u00e9tait mon pr\u00e9f\u00e9r\u00e9 en mars 2010 (il m&rsquo;attendait, par Moby). Last.fm excelle \u00e9galement \u00e0 recommander de la nouvelle musique, notamment parce qu&rsquo;il a tellement de donn\u00e9es d&rsquo;\u00e9coute \u00e0 analyser.<\/p>\n<p>Vous pouvez vous inscrire gratuitement \u00e0 Last.FM et commencer \u00e0 se d\u00e9barrasser de la large gamme d&rsquo;outils officiels et non officiels con\u00e7us pour le travail. Pour 5 $ par mois ou 50 $ par an, vous pouvez \u00e9galement vous inscrire \u00e0 Last.FM Pro, ce qui vous donne encore plus d&rsquo;informations sur votre historique d&rsquo;\u00e9coute et encore plus en termes d&rsquo;analyse (en comparant votre go\u00fbt \u00e0 d&rsquo;autres utilisateurs de Last.FM, par exemple).<\/p>\n","protected":false},"excerpt":{"rendered":"<p>Voici comment trouver votre playlist de rediffusion All Time et une option alternative. Cela fait 10 ans que le service de streaming Apple Music a<\/p>\n","protected":false},"author":1,"featured_media":8475,"comment_status":"","ping_status":"","sticky":false,"template":"","format":"standard","meta":{"footnotes":""},"categories":[13],"tags":[54,29,545,823,14,156,530,7579,3757,4217,7580,790,546,110,4],"class_list":["post-8474","post","type-post","status-publish","format-standard","has-post-thumbnail","hentry","category-technologie","tag-apple","tag-des","tag-enfin","tag-jai","tag-les","tag-mais","tag-meilleure","tag-montrera","tag-music","tag-option","tag-statistiques","tag-temps","tag-tous","tag-une","tag-vous","generate-columns","tablet-grid-50","mobile-grid-100","grid-parent","grid-33"],"yoast_head":"<!-- This site is optimized with the Yoast SEO plugin v24.0 - https:\/\/yoast.com\/wordpress\/plugins\/seo\/ -->\n<title>Apple Music vous montrera enfin des statistiques `` tous les temps &#039;&#039;, mais j&#039;ai une meilleure option | Vie Associative<\/title>\n<meta name=\"robots\" content=\"index, follow, max-snippet:-1, max-image-preview:large, max-video-preview:-1\" \/>\n<link rel=\"canonical\" href=\"https:\/\/vieassociative.be\/actualites\/apple-music-vous-montrera-enfin-des-statistiques-tous-les-temps-mais-jai-une-meilleure-option\/\" \/>\n<meta property=\"og:locale\" content=\"fr_FR\" \/>\n<meta property=\"og:type\" content=\"article\" \/>\n<meta property=\"og:title\" content=\"Apple Music vous montrera enfin des statistiques `` tous les temps &#039;&#039;, mais j&#039;ai une meilleure option | Vie Associative\" \/>\n<meta property=\"og:description\" content=\"Voici comment trouver votre playlist de rediffusion All Time et une option alternative. Cela fait 10 ans que le service de streaming Apple Music a\" \/>\n<meta property=\"og:url\" content=\"https:\/\/vieassociative.be\/actualites\/apple-music-vous-montrera-enfin-des-statistiques-tous-les-temps-mais-jai-une-meilleure-option\/\" \/>\n<meta property=\"og:site_name\" content=\"Vie Associative\" \/>\n<meta property=\"article:published_time\" content=\"2025-07-01T13:18:36+00:00\" \/>\n<meta property=\"og:image\" content=\"https:\/\/vieassociative.be\/actualites\/wp-content\/uploads\/2025\/07\/Apple-Music-vous-montrera-enfin-des-statistiques-tous-les.jpg\" \/>\n<meta name=\"author\" content=\"Julien\" \/>\n<meta name=\"twitter:card\" content=\"summary_large_image\" \/>\n<meta name=\"twitter:label1\" content=\"\u00c9crit par\" \/>\n\t<meta name=\"twitter:data1\" content=\"Julien\" \/>\n\t<meta name=\"twitter:label2\" content=\"Dur\u00e9e de lecture est.\" \/>\n\t<meta name=\"twitter:data2\" content=\"4 minutes\" \/>\n<script type=\"application\/ld+json\" class=\"yoast-schema-graph\">{\"@context\":\"https:\/\/schema.org\",\"@graph\":[{\"@type\":\"Article\",\"@id\":\"https:\/\/vieassociative.be\/actualites\/apple-music-vous-montrera-enfin-des-statistiques-tous-les-temps-mais-jai-une-meilleure-option\/#article\",\"isPartOf\":{\"@id\":\"https:\/\/vieassociative.be\/actualites\/apple-music-vous-montrera-enfin-des-statistiques-tous-les-temps-mais-jai-une-meilleure-option\/\"},\"author\":{\"name\":\"Julien\",\"@id\":\"https:\/\/vieassociative.be\/actualites\/#\/schema\/person\/b87ac4f82f9d4e7b7cec7395b679edc4\"},\"headline\":\"Apple Music vous montrera enfin des statistiques \u00ab\u00a0 tous les temps \u00a0\u00bb, mais j&rsquo;ai une meilleure option\",\"datePublished\":\"2025-07-01T13:18:36+00:00\",\"dateModified\":\"2025-07-01T13:18:36+00:00\",\"mainEntityOfPage\":{\"@id\":\"https:\/\/vieassociative.be\/actualites\/apple-music-vous-montrera-enfin-des-statistiques-tous-les-temps-mais-jai-une-meilleure-option\/\"},\"wordCount\":785,\"publisher\":{\"@id\":\"https:\/\/vieassociative.be\/actualites\/#organization\"},\"image\":{\"@id\":\"https:\/\/vieassociative.be\/actualites\/apple-music-vous-montrera-enfin-des-statistiques-tous-les-temps-mais-jai-une-meilleure-option\/#primaryimage\"},\"thumbnailUrl\":\"https:\/\/vieassociative.be\/actualites\/wp-content\/uploads\/2025\/07\/1751375917_Apple-Music-vous-montrera-enfin-des-statistiques-tous-les.jpg\",\"keywords\":[\"Apple\",\"Des\",\"enfin\",\"Jai\",\"Les\",\"mais\",\"meilleure\",\"montrera\",\"Music\",\"option\",\"statistiques\",\"temps\",\"tous\",\"une\",\"Vous\"],\"articleSection\":[\"Technologie\"],\"inLanguage\":\"fr-BE\"},{\"@type\":\"WebPage\",\"@id\":\"https:\/\/vieassociative.be\/actualites\/apple-music-vous-montrera-enfin-des-statistiques-tous-les-temps-mais-jai-une-meilleure-option\/\",\"url\":\"https:\/\/vieassociative.be\/actualites\/apple-music-vous-montrera-enfin-des-statistiques-tous-les-temps-mais-jai-une-meilleure-option\/\",\"name\":\"Apple Music vous montrera enfin des statistiques `` tous les temps '', mais j'ai une meilleure option | Vie Associative\",\"isPartOf\":{\"@id\":\"https:\/\/vieassociative.be\/actualites\/#website\"},\"primaryImageOfPage\":{\"@id\":\"https:\/\/vieassociative.be\/actualites\/apple-music-vous-montrera-enfin-des-statistiques-tous-les-temps-mais-jai-une-meilleure-option\/#primaryimage\"},\"image\":{\"@id\":\"https:\/\/vieassociative.be\/actualites\/apple-music-vous-montrera-enfin-des-statistiques-tous-les-temps-mais-jai-une-meilleure-option\/#primaryimage\"},\"thumbnailUrl\":\"https:\/\/vieassociative.be\/actualites\/wp-content\/uploads\/2025\/07\/1751375917_Apple-Music-vous-montrera-enfin-des-statistiques-tous-les.jpg\",\"datePublished\":\"2025-07-01T13:18:36+00:00\",\"dateModified\":\"2025-07-01T13:18:36+00:00\",\"breadcrumb\":{\"@id\":\"https:\/\/vieassociative.be\/actualites\/apple-music-vous-montrera-enfin-des-statistiques-tous-les-temps-mais-jai-une-meilleure-option\/#breadcrumb\"},\"inLanguage\":\"fr-BE\",\"potentialAction\":[{\"@type\":\"ReadAction\",\"target\":[\"https:\/\/vieassociative.be\/actualites\/apple-music-vous-montrera-enfin-des-statistiques-tous-les-temps-mais-jai-une-meilleure-option\/\"]}]},{\"@type\":\"ImageObject\",\"inLanguage\":\"fr-BE\",\"@id\":\"https:\/\/vieassociative.be\/actualites\/apple-music-vous-montrera-enfin-des-statistiques-tous-les-temps-mais-jai-une-meilleure-option\/#primaryimage\",\"url\":\"https:\/\/vieassociative.be\/actualites\/wp-content\/uploads\/2025\/07\/1751375917_Apple-Music-vous-montrera-enfin-des-statistiques-tous-les.jpg\",\"contentUrl\":\"https:\/\/vieassociative.be\/actualites\/wp-content\/uploads\/2025\/07\/1751375917_Apple-Music-vous-montrera-enfin-des-statistiques-tous-les.jpg\",\"width\":1200,\"height\":675,\"caption\":\"Apple Music vous montrera enfin des statistiques `` tous les temps '', mais j'ai une meilleure option\"},{\"@type\":\"BreadcrumbList\",\"@id\":\"https:\/\/vieassociative.be\/actualites\/apple-music-vous-montrera-enfin-des-statistiques-tous-les-temps-mais-jai-une-meilleure-option\/#breadcrumb\",\"itemListElement\":[{\"@type\":\"ListItem\",\"position\":1,\"name\":\"Accueil\",\"item\":\"https:\/\/vieassociative.be\/actualites\/\"},{\"@type\":\"ListItem\",\"position\":2,\"name\":\"Apple Music vous montrera enfin des statistiques \u00ab\u00a0 tous les temps \u00a0\u00bb, mais j&rsquo;ai une meilleure option\"}]},{\"@type\":\"WebSite\",\"@id\":\"https:\/\/vieassociative.be\/actualites\/#website\",\"url\":\"https:\/\/vieassociative.be\/actualites\/\",\"name\":\"Vie Associative\",\"description\":\"\",\"publisher\":{\"@id\":\"https:\/\/vieassociative.be\/actualites\/#organization\"},\"potentialAction\":[{\"@type\":\"SearchAction\",\"target\":{\"@type\":\"EntryPoint\",\"urlTemplate\":\"https:\/\/vieassociative.be\/actualites\/?s={search_term_string}\"},\"query-input\":{\"@type\":\"PropertyValueSpecification\",\"valueRequired\":true,\"valueName\":\"search_term_string\"}}],\"inLanguage\":\"fr-BE\"},{\"@type\":\"Organization\",\"@id\":\"https:\/\/vieassociative.be\/actualites\/#organization\",\"name\":\"Vie Associative\",\"url\":\"https:\/\/vieassociative.be\/actualites\/\",\"logo\":{\"@type\":\"ImageObject\",\"inLanguage\":\"fr-BE\",\"@id\":\"https:\/\/vieassociative.be\/actualites\/#\/schema\/logo\/image\/\",\"url\":\"https:\/\/vieassociative.be\/actualites\/wp-content\/uploads\/2024\/09\/cropped-vieassociative_favicon.ico.png\",\"contentUrl\":\"https:\/\/vieassociative.be\/actualites\/wp-content\/uploads\/2024\/09\/cropped-vieassociative_favicon.ico.png\",\"width\":512,\"height\":512,\"caption\":\"Vie Associative\"},\"image\":{\"@id\":\"https:\/\/vieassociative.be\/actualites\/#\/schema\/logo\/image\/\"}},{\"@type\":\"Person\",\"@id\":\"https:\/\/vieassociative.be\/actualites\/#\/schema\/person\/b87ac4f82f9d4e7b7cec7395b679edc4\",\"name\":\"Julien\",\"image\":{\"@type\":\"ImageObject\",\"inLanguage\":\"fr-BE\",\"@id\":\"https:\/\/vieassociative.be\/actualites\/#\/schema\/person\/image\/\",\"url\":\"https:\/\/vieassociative.be\/actualites\/wp-content\/uploads\/2024\/09\/vie-associative-1-150x150.jpg\",\"contentUrl\":\"https:\/\/vieassociative.be\/actualites\/wp-content\/uploads\/2024\/09\/vie-associative-1-150x150.jpg\",\"caption\":\"Julien\"},\"description\":\"Je suis Julien, r\u00e9dacteur pour Vie Associative. Passionn\u00e9 par le monde associatif depuis plus de 10 ans, j'ai \u00e0 c\u0153ur de partager des histoires inspirantes et de mettre en lumi\u00e8re les initiatives locales. Mon objectif est de sensibiliser et d'encourager l'engagement communautaire \u00e0 travers mes articles.\",\"sameAs\":[\"https:\/\/vieassociative.be\/\"]}]}<\/script>\n<!-- \/ Yoast SEO plugin. -->","yoast_head_json":{"title":"Apple Music vous montrera enfin des statistiques `` tous les temps '', mais j'ai une meilleure option | Vie Associative","robots":{"index":"index","follow":"follow","max-snippet":"max-snippet:-1","max-image-preview":"max-image-preview:large","max-video-preview":"max-video-preview:-1"},"canonical":"https:\/\/vieassociative.be\/actualites\/apple-music-vous-montrera-enfin-des-statistiques-tous-les-temps-mais-jai-une-meilleure-option\/","og_locale":"fr_FR","og_type":"article","og_title":"Apple Music vous montrera enfin des statistiques `` tous les temps '', mais j'ai une meilleure option | Vie Associative","og_description":"Voici comment trouver votre playlist de rediffusion All Time et une option alternative. Cela fait 10 ans que le service de streaming Apple Music a","og_url":"https:\/\/vieassociative.be\/actualites\/apple-music-vous-montrera-enfin-des-statistiques-tous-les-temps-mais-jai-une-meilleure-option\/","og_site_name":"Vie Associative","article_published_time":"2025-07-01T13:18:36+00:00","og_image":[{"url":"https:\/\/vieassociative.be\/actualites\/wp-content\/uploads\/2025\/07\/Apple-Music-vous-montrera-enfin-des-statistiques-tous-les.jpg","type":"","width":"","height":""}],"author":"Julien","twitter_card":"summary_large_image","twitter_misc":{"\u00c9crit par":"Julien","Dur\u00e9e de lecture est.":"4 minutes"},"schema":{"@context":"https:\/\/schema.org","@graph":[{"@type":"Article","@id":"https:\/\/vieassociative.be\/actualites\/apple-music-vous-montrera-enfin-des-statistiques-tous-les-temps-mais-jai-une-meilleure-option\/#article","isPartOf":{"@id":"https:\/\/vieassociative.be\/actualites\/apple-music-vous-montrera-enfin-des-statistiques-tous-les-temps-mais-jai-une-meilleure-option\/"},"author":{"name":"Julien","@id":"https:\/\/vieassociative.be\/actualites\/#\/schema\/person\/b87ac4f82f9d4e7b7cec7395b679edc4"},"headline":"Apple Music vous montrera enfin des statistiques \u00ab\u00a0 tous les temps \u00a0\u00bb, mais j&rsquo;ai une meilleure option","datePublished":"2025-07-01T13:18:36+00:00","dateModified":"2025-07-01T13:18:36+00:00","mainEntityOfPage":{"@id":"https:\/\/vieassociative.be\/actualites\/apple-music-vous-montrera-enfin-des-statistiques-tous-les-temps-mais-jai-une-meilleure-option\/"},"wordCount":785,"publisher":{"@id":"https:\/\/vieassociative.be\/actualites\/#organization"},"image":{"@id":"https:\/\/vieassociative.be\/actualites\/apple-music-vous-montrera-enfin-des-statistiques-tous-les-temps-mais-jai-une-meilleure-option\/#primaryimage"},"thumbnailUrl":"https:\/\/vieassociative.be\/actualites\/wp-content\/uploads\/2025\/07\/1751375917_Apple-Music-vous-montrera-enfin-des-statistiques-tous-les.jpg","keywords":["Apple","Des","enfin","Jai","Les","mais","meilleure","montrera","Music","option","statistiques","temps","tous","une","Vous"],"articleSection":["Technologie"],"inLanguage":"fr-BE"},{"@type":"WebPage","@id":"https:\/\/vieassociative.be\/actualites\/apple-music-vous-montrera-enfin-des-statistiques-tous-les-temps-mais-jai-une-meilleure-option\/","url":"https:\/\/vieassociative.be\/actualites\/apple-music-vous-montrera-enfin-des-statistiques-tous-les-temps-mais-jai-une-meilleure-option\/","name":"Apple Music vous montrera enfin des statistiques `` tous les temps '', mais j'ai une meilleure option | Vie Associative","isPartOf":{"@id":"https:\/\/vieassociative.be\/actualites\/#website"},"primaryImageOfPage":{"@id":"https:\/\/vieassociative.be\/actualites\/apple-music-vous-montrera-enfin-des-statistiques-tous-les-temps-mais-jai-une-meilleure-option\/#primaryimage"},"image":{"@id":"https:\/\/vieassociative.be\/actualites\/apple-music-vous-montrera-enfin-des-statistiques-tous-les-temps-mais-jai-une-meilleure-option\/#primaryimage"},"thumbnailUrl":"https:\/\/vieassociative.be\/actualites\/wp-content\/uploads\/2025\/07\/1751375917_Apple-Music-vous-montrera-enfin-des-statistiques-tous-les.jpg","datePublished":"2025-07-01T13:18:36+00:00","dateModified":"2025-07-01T13:18:36+00:00","breadcrumb":{"@id":"https:\/\/vieassociative.be\/actualites\/apple-music-vous-montrera-enfin-des-statistiques-tous-les-temps-mais-jai-une-meilleure-option\/#breadcrumb"},"inLanguage":"fr-BE","potentialAction":[{"@type":"ReadAction","target":["https:\/\/vieassociative.be\/actualites\/apple-music-vous-montrera-enfin-des-statistiques-tous-les-temps-mais-jai-une-meilleure-option\/"]}]},{"@type":"ImageObject","inLanguage":"fr-BE","@id":"https:\/\/vieassociative.be\/actualites\/apple-music-vous-montrera-enfin-des-statistiques-tous-les-temps-mais-jai-une-meilleure-option\/#primaryimage","url":"https:\/\/vieassociative.be\/actualites\/wp-content\/uploads\/2025\/07\/1751375917_Apple-Music-vous-montrera-enfin-des-statistiques-tous-les.jpg","contentUrl":"https:\/\/vieassociative.be\/actualites\/wp-content\/uploads\/2025\/07\/1751375917_Apple-Music-vous-montrera-enfin-des-statistiques-tous-les.jpg","width":1200,"height":675,"caption":"Apple Music vous montrera enfin des statistiques `` tous les temps '', mais j'ai une meilleure option"},{"@type":"BreadcrumbList","@id":"https:\/\/vieassociative.be\/actualites\/apple-music-vous-montrera-enfin-des-statistiques-tous-les-temps-mais-jai-une-meilleure-option\/#breadcrumb","itemListElement":[{"@type":"ListItem","position":1,"name":"Accueil","item":"https:\/\/vieassociative.be\/actualites\/"},{"@type":"ListItem","position":2,"name":"Apple Music vous montrera enfin des statistiques \u00ab\u00a0 tous les temps \u00a0\u00bb, mais j&rsquo;ai une meilleure option"}]},{"@type":"WebSite","@id":"https:\/\/vieassociative.be\/actualites\/#website","url":"https:\/\/vieassociative.be\/actualites\/","name":"Vie Associative","description":"","publisher":{"@id":"https:\/\/vieassociative.be\/actualites\/#organization"},"potentialAction":[{"@type":"SearchAction","target":{"@type":"EntryPoint","urlTemplate":"https:\/\/vieassociative.be\/actualites\/?s={search_term_string}"},"query-input":{"@type":"PropertyValueSpecification","valueRequired":true,"valueName":"search_term_string"}}],"inLanguage":"fr-BE"},{"@type":"Organization","@id":"https:\/\/vieassociative.be\/actualites\/#organization","name":"Vie Associative","url":"https:\/\/vieassociative.be\/actualites\/","logo":{"@type":"ImageObject","inLanguage":"fr-BE","@id":"https:\/\/vieassociative.be\/actualites\/#\/schema\/logo\/image\/","url":"https:\/\/vieassociative.be\/actualites\/wp-content\/uploads\/2024\/09\/cropped-vieassociative_favicon.ico.png","contentUrl":"https:\/\/vieassociative.be\/actualites\/wp-content\/uploads\/2024\/09\/cropped-vieassociative_favicon.ico.png","width":512,"height":512,"caption":"Vie Associative"},"image":{"@id":"https:\/\/vieassociative.be\/actualites\/#\/schema\/logo\/image\/"}},{"@type":"Person","@id":"https:\/\/vieassociative.be\/actualites\/#\/schema\/person\/b87ac4f82f9d4e7b7cec7395b679edc4","name":"Julien","image":{"@type":"ImageObject","inLanguage":"fr-BE","@id":"https:\/\/vieassociative.be\/actualites\/#\/schema\/person\/image\/","url":"https:\/\/vieassociative.be\/actualites\/wp-content\/uploads\/2024\/09\/vie-associative-1-150x150.jpg","contentUrl":"https:\/\/vieassociative.be\/actualites\/wp-content\/uploads\/2024\/09\/vie-associative-1-150x150.jpg","caption":"Julien"},"description":"Je suis Julien, r\u00e9dacteur pour Vie Associative. Passionn\u00e9 par le monde associatif depuis plus de 10 ans, j'ai \u00e0 c\u0153ur de partager des histoires inspirantes et de mettre en lumi\u00e8re les initiatives locales. Mon objectif est de sensibiliser et d'encourager l'engagement communautaire \u00e0 travers mes articles.","sameAs":["https:\/\/vieassociative.be\/"]}]}},"_links":{"self":[{"href":"https:\/\/vieassociative.be\/actualites\/wp-json\/wp\/v2\/posts\/8474"}],"collection":[{"href":"https:\/\/vieassociative.be\/actualites\/wp-json\/wp\/v2\/posts"}],"about":[{"href":"https:\/\/vieassociative.be\/actualites\/wp-json\/wp\/v2\/types\/post"}],"author":[{"embeddable":true,"href":"https:\/\/vieassociative.be\/actualites\/wp-json\/wp\/v2\/users\/1"}],"replies":[{"embeddable":true,"href":"https:\/\/vieassociative.be\/actualites\/wp-json\/wp\/v2\/comments?post=8474"}],"version-history":[{"count":0,"href":"https:\/\/vieassociative.be\/actualites\/wp-json\/wp\/v2\/posts\/8474\/revisions"}],"wp:featuredmedia":[{"embeddable":true,"href":"https:\/\/vieassociative.be\/actualites\/wp-json\/wp\/v2\/media\/8475"}],"wp:attachment":[{"href":"https:\/\/vieassociative.be\/actualites\/wp-json\/wp\/v2\/media?parent=8474"}],"wp:term":[{"taxonomy":"category","embeddable":true,"href":"https:\/\/vieassociative.be\/actualites\/wp-json\/wp\/v2\/categories?post=8474"},{"taxonomy":"post_tag","embeddable":true,"href":"https:\/\/vieassociative.be\/actualites\/wp-json\/wp\/v2\/tags?post=8474"}],"curies":[{"name":"wp","href":"https:\/\/api.w.org\/{rel}","templated":true}]}}