{"id":8468,"date":"2025-07-01T10:17:03","date_gmt":"2025-07-01T08:17:03","guid":{"rendered":"https:\/\/vieassociative.be\/actualites\/trump-et-musk-se-tirent-les-uns-contre-les-autres\/"},"modified":"2025-07-01T10:17:03","modified_gmt":"2025-07-01T08:17:03","slug":"trump-et-musk-se-tirent-les-uns-contre-les-autres","status":"publish","type":"post","link":"https:\/\/vieassociative.be\/actualites\/trump-et-musk-se-tirent-les-uns-contre-les-autres\/","title":{"rendered":"Trump et Musk se tirent les uns contre les autres"},"content":{"rendered":"<p><strong>Aucune opportunit\u00e9 n&rsquo;est laiss\u00e9e \u00e0 l&rsquo;\u00e9cart: Donald Trump et Elon Musk se tirent \u00e0 nouveau les uns contre les autres. Trump pense que vous pourriez \u00e9conomiser beaucoup &#8211; \u00e0 savoir les projets de Musk. Il parle d&rsquo;une \u00ab\u00a0f\u00eate d&rsquo;\u00e9paisseur\u00a0\u00bb.<\/strong><\/p>\n<p><span id=\"more-419041\"><\/span>La querelle entre le pr\u00e9sident am\u00e9ricain Donald Trump et son ancien consultant et milliardaire technologique Elon Musk tente une nouvelle tentative. Les deux ont fait rage les uns contre les autres sur les r\u00e9seaux sociaux lundi et la nuit (heure locale). Comme d&rsquo;habitude, le sujet \u00e9tait la loi sur les taxes et les d\u00e9penses promues par Trump &#8211; mais encore une fois un nouveau parti politique possible aux \u00c9tats-Unis.<\/p>\n<p>\u00ab\u00a0Elon peut obtenir plus de subventions que toute autre personne de l&rsquo;histoire, et de loin, et sans subventions, Elon devrait probablement fermer sa boutique et rentrer chez lui en Afrique du Sud\u00a0\u00bb, a \u00e9crit Trump sur sa langue en ligne Tube Truth Social. \u00ab\u00a0Plus de d\u00e9parts de fus\u00e9e, de satellites ou de production de voitures \u00e9lectriques, et notre pays sauverait une fortune.\u00a0\u00bb<\/p>\n<p><strong>&#8211; Musk parle d&rsquo;avertissement contre les d\u00e9put\u00e9s:<\/strong> Auparavant, le milliardaire technologique Musk avait achet\u00e9 contre la loi sur les taxes et les d\u00e9penses dans une s\u00e9rie de contributions sur les r\u00e9seaux sociaux et a menac\u00e9 le d\u00e9put\u00e9. \u00ab\u00a0Chaque membre du Congr\u00e8s qui a \u00e9t\u00e9 promu en r\u00e9duisant les d\u00e9penses publiques, puis a imm\u00e9diatement vot\u00e9 pour la plus grande augmentation de la dette de l&rsquo;histoire devrait avoir honte!\u00a0\u00bb Il a \u00e9crit sur la plate-forme X. \u00ab\u00a0Et vous perdrez votre code r\u00e9gional l&rsquo;ann\u00e9e prochaine si c&rsquo;est la derni\u00e8re chose que je fais sur cette terre.\u00a0\u00bb<\/p>\n<p>Le diff\u00e9rend entre Trump et Musk, qui a abouti \u00e0 un combat de boue ouvert, a d\u00e9clench\u00e9 la loi. Le pr\u00e9sident am\u00e9ricain veut mettre en \u0153uvre des promesses \u00e9lectorales centrales, Musk, en revanche, exige des d\u00e9penses beaucoup plus fortes.<\/p>\n<\/p>\n<div id=\"attachment_411001\" class=\"wp-caption alignleft\" style=\"max-width: 300px\"><img fetchpriority=\"high\" decoding=\"async\" class=\"wp-image-411001 size-medium\" src=\"https:\/\/vieassociative.be\/actualites\/wp-content\/uploads\/2025\/03\/1741702732_481_Les-craintes-economiques-Laissent-que-les-cours-americains-se-posent.jpg\" alt=\"\" width=\"300\" height=\"200\"><\/p>\n<p class=\"wp-caption-text\">11.02.2025, \u00c9tats-Unis, Washington: Elon Musk (L) \u00e9coute tandis que le pr\u00e9sident am\u00e9ricain Donald Trump parle aux journalistes du bureau ovale de la Maison Blanche. Photo: Alex Brandon \/ AP \/ DPA<\/p>\n<\/div>\n<p>La loi est actuellement en cours de n\u00e9gociation au S\u00e9nat. Si la chambre du Congr\u00e8s se produit, vous avez toujours besoin d&rsquo;approbation \u00e0 la Chambre des repr\u00e9sentants. Trump annonce la loi depuis des semaines &#8211; et exerce \u00e9galement une pression sur les critiques au sein du Parti r\u00e9publicain. Comme Musk, les appareils conservateurs ont r\u00e9cemment critiqu\u00e9 le fait que le projet ne va pas assez loin pour les coupes des d\u00e9penses publiques.<\/p>\n<p><strong>-Musk parle de \u00ab\u00a0Schweinchen-Dick Party\u00a0\u00bb:<\/strong> Dans un autre article, Musk a critiqu\u00e9 que les \u00ab\u00a0d\u00e9penses folles de ce projet de loi\u00a0\u00bb ont clairement fait \u00ab\u00a0que nous vivons dans un pays \u00e0 parti unique\u00a0\u00bb &#8211; que le \u00ab\u00a0parti \u00e9pais\u00a0\u00bb. Il \u00e9tait temps pour un nouveau parti politique qui s&rsquo;inqui\u00e9terait r\u00e9ellement des gens, a-t-il \u00e9crit. Si la loi est adopt\u00e9e, il a \u00e9crit dans un autre article, \u00ab\u00a0Le lendemain, le\u00a0\u00bb America Party \u00ab\u00a0sera fond\u00e9\u00a0\u00bb. Musk avait d\u00e9j\u00e0 propos\u00e9 il y a quelques semaines pour fonder une nouvelle f\u00eate au milieu.<\/p>\n<p>Dans son article, Trump a \u00e9galement fait r\u00e9f\u00e9rence \u00e0 la soi-disant exigence du mandat EV dans l&rsquo;\u00c9tat am\u00e9ricain le plus peupl\u00e9 de Californie, selon lequel seules les voitures \u00e0 batterie ou hybrides devraient \u00eatre vendues \u00e0 partir de 2035. Trump a \u00e9t\u00e9 une \u00e9pine dans le c\u00f4t\u00e9 depuis longtemps. Il a sign\u00e9 des d\u00e9cisions \u00e0 la mi-juin selon laquelle la majorit\u00e9 r\u00e9publicaine des deux chambres du Congr\u00e8s avait dit au revoir dans les semaines pr\u00e9c\u00e9dentes et a arr\u00eat\u00e9 ce programme.<\/p>\n<p>Musk savait bien avant son soutien \u00e0 Trump en tant que candidat \u00e0 la pr\u00e9sidentielle qu&rsquo;il \u00e9tait contre ce programme, a d\u00e9clar\u00e9 Trump. \u00ab\u00a0C&rsquo;est ridicule et a toujours \u00e9t\u00e9 une partie importante de ma campagne. Les voitures \u00e9lectriques sont bonnes, mais tout le monde ne devrait pas \u00eatre oblig\u00e9 d&rsquo;en poss\u00e9der un.\u00a0\u00bb (DPA)<\/p>\n","protected":false},"excerpt":{"rendered":"<p>Aucune opportunit\u00e9 n&rsquo;est laiss\u00e9e \u00e0 l&rsquo;\u00e9cart: Donald Trump et Elon Musk se tirent \u00e0 nouveau les uns contre les autres. Trump pense que vous pourriez<\/p>\n","protected":false},"author":1,"featured_media":8469,"comment_status":"","ping_status":"","sticky":false,"template":"","format":"standard","meta":{"footnotes":""},"categories":[298],"tags":[276,796,14,3149,7578,2425,6696],"class_list":["post-8468","post","type-post","status-publish","format-standard","has-post-thumbnail","hentry","category-belgique","tag-autres","tag-contre","tag-les","tag-musk","tag-tirent","tag-trump","tag-uns","generate-columns","tablet-grid-50","mobile-grid-100","grid-parent","grid-33"],"yoast_head":"<!-- This site is optimized with the Yoast SEO plugin v24.0 - https:\/\/yoast.com\/wordpress\/plugins\/seo\/ -->\n<title>Trump et Musk se tirent les uns contre les autres | Vie Associative<\/title>\n<meta name=\"robots\" content=\"index, follow, max-snippet:-1, max-image-preview:large, max-video-preview:-1\" \/>\n<link rel=\"canonical\" href=\"https:\/\/vieassociative.be\/actualites\/trump-et-musk-se-tirent-les-uns-contre-les-autres\/\" \/>\n<meta property=\"og:locale\" content=\"fr_FR\" \/>\n<meta property=\"og:type\" content=\"article\" \/>\n<meta property=\"og:title\" content=\"Trump et Musk se tirent les uns contre les autres | Vie Associative\" \/>\n<meta property=\"og:description\" content=\"Aucune opportunit\u00e9 n&rsquo;est laiss\u00e9e \u00e0 l&rsquo;\u00e9cart: Donald Trump et Elon Musk se tirent \u00e0 nouveau les uns contre les autres. Trump pense que vous pourriez\" \/>\n<meta property=\"og:url\" content=\"https:\/\/vieassociative.be\/actualites\/trump-et-musk-se-tirent-les-uns-contre-les-autres\/\" \/>\n<meta property=\"og:site_name\" content=\"Vie Associative\" \/>\n<meta property=\"article:published_time\" content=\"2025-07-01T08:17:03+00:00\" \/>\n<meta property=\"og:image\" content=\"https:\/\/vieassociative.be\/actualites\/wp-content\/uploads\/2024\/09\/header_backgroundk-01-e1726694325946.png\" \/>\n\t<meta property=\"og:image:width\" content=\"279\" \/>\n\t<meta property=\"og:image:height\" content=\"92\" \/>\n\t<meta property=\"og:image:type\" content=\"image\/png\" \/>\n<meta name=\"author\" content=\"Julien\" \/>\n<meta name=\"twitter:card\" content=\"summary_large_image\" \/>\n<meta name=\"twitter:label1\" content=\"\u00c9crit par\" \/>\n\t<meta name=\"twitter:data1\" content=\"Julien\" \/>\n\t<meta name=\"twitter:label2\" content=\"Dur\u00e9e de lecture est.\" \/>\n\t<meta name=\"twitter:data2\" content=\"3 minutes\" \/>\n<script type=\"application\/ld+json\" class=\"yoast-schema-graph\">{\"@context\":\"https:\/\/schema.org\",\"@graph\":[{\"@type\":\"Article\",\"@id\":\"https:\/\/vieassociative.be\/actualites\/trump-et-musk-se-tirent-les-uns-contre-les-autres\/#article\",\"isPartOf\":{\"@id\":\"https:\/\/vieassociative.be\/actualites\/trump-et-musk-se-tirent-les-uns-contre-les-autres\/\"},\"author\":{\"name\":\"Julien\",\"@id\":\"https:\/\/vieassociative.be\/actualites\/#\/schema\/person\/b87ac4f82f9d4e7b7cec7395b679edc4\"},\"headline\":\"Trump et Musk se tirent les uns contre les autres\",\"datePublished\":\"2025-07-01T08:17:03+00:00\",\"dateModified\":\"2025-07-01T08:17:03+00:00\",\"mainEntityOfPage\":{\"@id\":\"https:\/\/vieassociative.be\/actualites\/trump-et-musk-se-tirent-les-uns-contre-les-autres\/\"},\"wordCount\":690,\"publisher\":{\"@id\":\"https:\/\/vieassociative.be\/actualites\/#organization\"},\"image\":{\"@id\":\"https:\/\/vieassociative.be\/actualites\/trump-et-musk-se-tirent-les-uns-contre-les-autres\/#primaryimage\"},\"thumbnailUrl\":\"https:\/\/vieassociative.be\/actualites\/wp-content\/uploads\/2025\/07\/Trump-et-Musk-se-tirent-les-uns-contre-les-autres.jpg\",\"keywords\":[\"autres\",\"contre\",\"Les\",\"Musk\",\"tirent\",\"Trump\",\"uns\"],\"articleSection\":[\"Belgique\"],\"inLanguage\":\"fr-BE\"},{\"@type\":\"WebPage\",\"@id\":\"https:\/\/vieassociative.be\/actualites\/trump-et-musk-se-tirent-les-uns-contre-les-autres\/\",\"url\":\"https:\/\/vieassociative.be\/actualites\/trump-et-musk-se-tirent-les-uns-contre-les-autres\/\",\"name\":\"Trump et Musk se tirent les uns contre les autres | Vie Associative\",\"isPartOf\":{\"@id\":\"https:\/\/vieassociative.be\/actualites\/#website\"},\"primaryImageOfPage\":{\"@id\":\"https:\/\/vieassociative.be\/actualites\/trump-et-musk-se-tirent-les-uns-contre-les-autres\/#primaryimage\"},\"image\":{\"@id\":\"https:\/\/vieassociative.be\/actualites\/trump-et-musk-se-tirent-les-uns-contre-les-autres\/#primaryimage\"},\"thumbnailUrl\":\"https:\/\/vieassociative.be\/actualites\/wp-content\/uploads\/2025\/07\/Trump-et-Musk-se-tirent-les-uns-contre-les-autres.jpg\",\"datePublished\":\"2025-07-01T08:17:03+00:00\",\"dateModified\":\"2025-07-01T08:17:03+00:00\",\"breadcrumb\":{\"@id\":\"https:\/\/vieassociative.be\/actualites\/trump-et-musk-se-tirent-les-uns-contre-les-autres\/#breadcrumb\"},\"inLanguage\":\"fr-BE\",\"potentialAction\":[{\"@type\":\"ReadAction\",\"target\":[\"https:\/\/vieassociative.be\/actualites\/trump-et-musk-se-tirent-les-uns-contre-les-autres\/\"]}]},{\"@type\":\"ImageObject\",\"inLanguage\":\"fr-BE\",\"@id\":\"https:\/\/vieassociative.be\/actualites\/trump-et-musk-se-tirent-les-uns-contre-les-autres\/#primaryimage\",\"url\":\"https:\/\/vieassociative.be\/actualites\/wp-content\/uploads\/2025\/07\/Trump-et-Musk-se-tirent-les-uns-contre-les-autres.jpg\",\"contentUrl\":\"https:\/\/vieassociative.be\/actualites\/wp-content\/uploads\/2025\/07\/Trump-et-Musk-se-tirent-les-uns-contre-les-autres.jpg\",\"width\":1200,\"height\":800,\"caption\":\"Trump et Musk se tirent les uns contre les autres\"},{\"@type\":\"BreadcrumbList\",\"@id\":\"https:\/\/vieassociative.be\/actualites\/trump-et-musk-se-tirent-les-uns-contre-les-autres\/#breadcrumb\",\"itemListElement\":[{\"@type\":\"ListItem\",\"position\":1,\"name\":\"Accueil\",\"item\":\"https:\/\/vieassociative.be\/actualites\/\"},{\"@type\":\"ListItem\",\"position\":2,\"name\":\"Trump et Musk se tirent les uns contre les autres\"}]},{\"@type\":\"WebSite\",\"@id\":\"https:\/\/vieassociative.be\/actualites\/#website\",\"url\":\"https:\/\/vieassociative.be\/actualites\/\",\"name\":\"Vie Associative\",\"description\":\"\",\"publisher\":{\"@id\":\"https:\/\/vieassociative.be\/actualites\/#organization\"},\"potentialAction\":[{\"@type\":\"SearchAction\",\"target\":{\"@type\":\"EntryPoint\",\"urlTemplate\":\"https:\/\/vieassociative.be\/actualites\/?s={search_term_string}\"},\"query-input\":{\"@type\":\"PropertyValueSpecification\",\"valueRequired\":true,\"valueName\":\"search_term_string\"}}],\"inLanguage\":\"fr-BE\"},{\"@type\":\"Organization\",\"@id\":\"https:\/\/vieassociative.be\/actualites\/#organization\",\"name\":\"Vie Associative\",\"url\":\"https:\/\/vieassociative.be\/actualites\/\",\"logo\":{\"@type\":\"ImageObject\",\"inLanguage\":\"fr-BE\",\"@id\":\"https:\/\/vieassociative.be\/actualites\/#\/schema\/logo\/image\/\",\"url\":\"https:\/\/vieassociative.be\/actualites\/wp-content\/uploads\/2024\/09\/cropped-vieassociative_favicon.ico.png\",\"contentUrl\":\"https:\/\/vieassociative.be\/actualites\/wp-content\/uploads\/2024\/09\/cropped-vieassociative_favicon.ico.png\",\"width\":512,\"height\":512,\"caption\":\"Vie Associative\"},\"image\":{\"@id\":\"https:\/\/vieassociative.be\/actualites\/#\/schema\/logo\/image\/\"}},{\"@type\":\"Person\",\"@id\":\"https:\/\/vieassociative.be\/actualites\/#\/schema\/person\/b87ac4f82f9d4e7b7cec7395b679edc4\",\"name\":\"Julien\",\"image\":{\"@type\":\"ImageObject\",\"inLanguage\":\"fr-BE\",\"@id\":\"https:\/\/vieassociative.be\/actualites\/#\/schema\/person\/image\/\",\"url\":\"https:\/\/vieassociative.be\/actualites\/wp-content\/uploads\/2024\/09\/vie-associative-1-150x150.jpg\",\"contentUrl\":\"https:\/\/vieassociative.be\/actualites\/wp-content\/uploads\/2024\/09\/vie-associative-1-150x150.jpg\",\"caption\":\"Julien\"},\"description\":\"Je suis Julien, r\u00e9dacteur pour Vie Associative. Passionn\u00e9 par le monde associatif depuis plus de 10 ans, j'ai \u00e0 c\u0153ur de partager des histoires inspirantes et de mettre en lumi\u00e8re les initiatives locales. Mon objectif est de sensibiliser et d'encourager l'engagement communautaire \u00e0 travers mes articles.\",\"sameAs\":[\"https:\/\/vieassociative.be\/\"]}]}<\/script>\n<!-- \/ Yoast SEO plugin. -->","yoast_head_json":{"title":"Trump et Musk se tirent les uns contre les autres | Vie Associative","robots":{"index":"index","follow":"follow","max-snippet":"max-snippet:-1","max-image-preview":"max-image-preview:large","max-video-preview":"max-video-preview:-1"},"canonical":"https:\/\/vieassociative.be\/actualites\/trump-et-musk-se-tirent-les-uns-contre-les-autres\/","og_locale":"fr_FR","og_type":"article","og_title":"Trump et Musk se tirent les uns contre les autres | Vie Associative","og_description":"Aucune opportunit\u00e9 n&rsquo;est laiss\u00e9e \u00e0 l&rsquo;\u00e9cart: Donald Trump et Elon Musk se tirent \u00e0 nouveau les uns contre les autres. Trump pense que vous pourriez","og_url":"https:\/\/vieassociative.be\/actualites\/trump-et-musk-se-tirent-les-uns-contre-les-autres\/","og_site_name":"Vie Associative","article_published_time":"2025-07-01T08:17:03+00:00","og_image":[{"width":279,"height":92,"url":"https:\/\/vieassociative.be\/actualites\/wp-content\/uploads\/2024\/09\/header_backgroundk-01-e1726694325946.png","type":"image\/png"}],"author":"Julien","twitter_card":"summary_large_image","twitter_misc":{"\u00c9crit par":"Julien","Dur\u00e9e de lecture est.":"3 minutes"},"schema":{"@context":"https:\/\/schema.org","@graph":[{"@type":"Article","@id":"https:\/\/vieassociative.be\/actualites\/trump-et-musk-se-tirent-les-uns-contre-les-autres\/#article","isPartOf":{"@id":"https:\/\/vieassociative.be\/actualites\/trump-et-musk-se-tirent-les-uns-contre-les-autres\/"},"author":{"name":"Julien","@id":"https:\/\/vieassociative.be\/actualites\/#\/schema\/person\/b87ac4f82f9d4e7b7cec7395b679edc4"},"headline":"Trump et Musk se tirent les uns contre les autres","datePublished":"2025-07-01T08:17:03+00:00","dateModified":"2025-07-01T08:17:03+00:00","mainEntityOfPage":{"@id":"https:\/\/vieassociative.be\/actualites\/trump-et-musk-se-tirent-les-uns-contre-les-autres\/"},"wordCount":690,"publisher":{"@id":"https:\/\/vieassociative.be\/actualites\/#organization"},"image":{"@id":"https:\/\/vieassociative.be\/actualites\/trump-et-musk-se-tirent-les-uns-contre-les-autres\/#primaryimage"},"thumbnailUrl":"https:\/\/vieassociative.be\/actualites\/wp-content\/uploads\/2025\/07\/Trump-et-Musk-se-tirent-les-uns-contre-les-autres.jpg","keywords":["autres","contre","Les","Musk","tirent","Trump","uns"],"articleSection":["Belgique"],"inLanguage":"fr-BE"},{"@type":"WebPage","@id":"https:\/\/vieassociative.be\/actualites\/trump-et-musk-se-tirent-les-uns-contre-les-autres\/","url":"https:\/\/vieassociative.be\/actualites\/trump-et-musk-se-tirent-les-uns-contre-les-autres\/","name":"Trump et Musk se tirent les uns contre les autres | Vie Associative","isPartOf":{"@id":"https:\/\/vieassociative.be\/actualites\/#website"},"primaryImageOfPage":{"@id":"https:\/\/vieassociative.be\/actualites\/trump-et-musk-se-tirent-les-uns-contre-les-autres\/#primaryimage"},"image":{"@id":"https:\/\/vieassociative.be\/actualites\/trump-et-musk-se-tirent-les-uns-contre-les-autres\/#primaryimage"},"thumbnailUrl":"https:\/\/vieassociative.be\/actualites\/wp-content\/uploads\/2025\/07\/Trump-et-Musk-se-tirent-les-uns-contre-les-autres.jpg","datePublished":"2025-07-01T08:17:03+00:00","dateModified":"2025-07-01T08:17:03+00:00","breadcrumb":{"@id":"https:\/\/vieassociative.be\/actualites\/trump-et-musk-se-tirent-les-uns-contre-les-autres\/#breadcrumb"},"inLanguage":"fr-BE","potentialAction":[{"@type":"ReadAction","target":["https:\/\/vieassociative.be\/actualites\/trump-et-musk-se-tirent-les-uns-contre-les-autres\/"]}]},{"@type":"ImageObject","inLanguage":"fr-BE","@id":"https:\/\/vieassociative.be\/actualites\/trump-et-musk-se-tirent-les-uns-contre-les-autres\/#primaryimage","url":"https:\/\/vieassociative.be\/actualites\/wp-content\/uploads\/2025\/07\/Trump-et-Musk-se-tirent-les-uns-contre-les-autres.jpg","contentUrl":"https:\/\/vieassociative.be\/actualites\/wp-content\/uploads\/2025\/07\/Trump-et-Musk-se-tirent-les-uns-contre-les-autres.jpg","width":1200,"height":800,"caption":"Trump et Musk se tirent les uns contre les autres"},{"@type":"BreadcrumbList","@id":"https:\/\/vieassociative.be\/actualites\/trump-et-musk-se-tirent-les-uns-contre-les-autres\/#breadcrumb","itemListElement":[{"@type":"ListItem","position":1,"name":"Accueil","item":"https:\/\/vieassociative.be\/actualites\/"},{"@type":"ListItem","position":2,"name":"Trump et Musk se tirent les uns contre les autres"}]},{"@type":"WebSite","@id":"https:\/\/vieassociative.be\/actualites\/#website","url":"https:\/\/vieassociative.be\/actualites\/","name":"Vie Associative","description":"","publisher":{"@id":"https:\/\/vieassociative.be\/actualites\/#organization"},"potentialAction":[{"@type":"SearchAction","target":{"@type":"EntryPoint","urlTemplate":"https:\/\/vieassociative.be\/actualites\/?s={search_term_string}"},"query-input":{"@type":"PropertyValueSpecification","valueRequired":true,"valueName":"search_term_string"}}],"inLanguage":"fr-BE"},{"@type":"Organization","@id":"https:\/\/vieassociative.be\/actualites\/#organization","name":"Vie Associative","url":"https:\/\/vieassociative.be\/actualites\/","logo":{"@type":"ImageObject","inLanguage":"fr-BE","@id":"https:\/\/vieassociative.be\/actualites\/#\/schema\/logo\/image\/","url":"https:\/\/vieassociative.be\/actualites\/wp-content\/uploads\/2024\/09\/cropped-vieassociative_favicon.ico.png","contentUrl":"https:\/\/vieassociative.be\/actualites\/wp-content\/uploads\/2024\/09\/cropped-vieassociative_favicon.ico.png","width":512,"height":512,"caption":"Vie Associative"},"image":{"@id":"https:\/\/vieassociative.be\/actualites\/#\/schema\/logo\/image\/"}},{"@type":"Person","@id":"https:\/\/vieassociative.be\/actualites\/#\/schema\/person\/b87ac4f82f9d4e7b7cec7395b679edc4","name":"Julien","image":{"@type":"ImageObject","inLanguage":"fr-BE","@id":"https:\/\/vieassociative.be\/actualites\/#\/schema\/person\/image\/","url":"https:\/\/vieassociative.be\/actualites\/wp-content\/uploads\/2024\/09\/vie-associative-1-150x150.jpg","contentUrl":"https:\/\/vieassociative.be\/actualites\/wp-content\/uploads\/2024\/09\/vie-associative-1-150x150.jpg","caption":"Julien"},"description":"Je suis Julien, r\u00e9dacteur pour Vie Associative. Passionn\u00e9 par le monde associatif depuis plus de 10 ans, j'ai \u00e0 c\u0153ur de partager des histoires inspirantes et de mettre en lumi\u00e8re les initiatives locales. Mon objectif est de sensibiliser et d'encourager l'engagement communautaire \u00e0 travers mes articles.","sameAs":["https:\/\/vieassociative.be\/"]}]}},"_links":{"self":[{"href":"https:\/\/vieassociative.be\/actualites\/wp-json\/wp\/v2\/posts\/8468"}],"collection":[{"href":"https:\/\/vieassociative.be\/actualites\/wp-json\/wp\/v2\/posts"}],"about":[{"href":"https:\/\/vieassociative.be\/actualites\/wp-json\/wp\/v2\/types\/post"}],"author":[{"embeddable":true,"href":"https:\/\/vieassociative.be\/actualites\/wp-json\/wp\/v2\/users\/1"}],"replies":[{"embeddable":true,"href":"https:\/\/vieassociative.be\/actualites\/wp-json\/wp\/v2\/comments?post=8468"}],"version-history":[{"count":0,"href":"https:\/\/vieassociative.be\/actualites\/wp-json\/wp\/v2\/posts\/8468\/revisions"}],"wp:featuredmedia":[{"embeddable":true,"href":"https:\/\/vieassociative.be\/actualites\/wp-json\/wp\/v2\/media\/8469"}],"wp:attachment":[{"href":"https:\/\/vieassociative.be\/actualites\/wp-json\/wp\/v2\/media?parent=8468"}],"wp:term":[{"taxonomy":"category","embeddable":true,"href":"https:\/\/vieassociative.be\/actualites\/wp-json\/wp\/v2\/categories?post=8468"},{"taxonomy":"post_tag","embeddable":true,"href":"https:\/\/vieassociative.be\/actualites\/wp-json\/wp\/v2\/tags?post=8468"}],"curies":[{"name":"wp","href":"https:\/\/api.w.org\/{rel}","templated":true}]}}