{"id":8466,"date":"2025-07-01T09:20:35","date_gmt":"2025-07-01T07:20:35","guid":{"rendered":"https:\/\/vieassociative.be\/actualites\/pourquoi-je-suis-excite-pour-le-nouveau-tracker-de-fitness-helio-strap-damazfit\/"},"modified":"2025-07-01T09:20:35","modified_gmt":"2025-07-01T07:20:35","slug":"pourquoi-je-suis-excite-pour-le-nouveau-tracker-de-fitness-helio-strap-damazfit","status":"publish","type":"post","link":"https:\/\/vieassociative.be\/actualites\/pourquoi-je-suis-excite-pour-le-nouveau-tracker-de-fitness-helio-strap-damazfit\/","title":{"rendered":"Pourquoi je suis excit\u00e9 pour le nouveau tracker de fitness &lsquo;HELIO STRAP&rsquo; d&rsquo;Amazfit"},"content":{"rendered":"<div class=\"mt-4 leading-6 md:mb-8\">C&rsquo;est 99 $ et fait beaucoup de ce que fait Whoop, mais sans abonnement.<\/div>\n<p><\/p>\n<p>Amazfit a r\u00e9cemment lanc\u00e9 sa sangle Helio, la troisi\u00e8me des trois trackers de type Whoop, qui seront officiellement annonc\u00e9s. C&rsquo;est le seul que vous puissiez acheter <em>tout de suite<\/em>et ses fonctionnalit\u00e9s et son prix (seulement 99,99 $) ont l&rsquo;air assez doux. <\/p>\n<p>Une br\u00e8ve le\u00e7on d&rsquo;histoire: le premier des trois trackers en forme de qui est annonc\u00e9 \u00e9tait quelque chose de Polar. C&rsquo;est tout ce que nous savons &#8211; il n&rsquo;y a aucun nom de l&rsquo;appareil ou m\u00eame une photo, bien que l&rsquo;image sombre du communiqu\u00e9 de presse ressemble beaucoup au Polar 360, un appareil qui n&rsquo;a jamais \u00e9t\u00e9 commercialis\u00e9 directement aupr\u00e8s des consommateurs. Le prix n&rsquo;a pas \u00e9t\u00e9 annonc\u00e9, mais il sera \u00absans abonnement\u00bb. Le second \u00e9tait Garmin&rsquo;s Index Sleep Monitor, qui se vend 169,99 $, est \u00e9galement sans abonnement et est cens\u00e9 \u00eatre utilis\u00e9 uniquement pour le sommeil, pas sur le sport. (J&rsquo;ai trouv\u00e9 que la description du produit \u00e9tait d\u00e9cevante, bien que je n&rsquo;aie pas encore mis la main sur une unit\u00e9 de r\u00e9vision.) Enfin, nous avons un groupe d&rsquo;h\u00e9lio \u00e0 99 $ d&rsquo;Amazfit, qui a \u00e9t\u00e9 pr\u00e9c\u00e9demment taquin\u00e9 par Pro Hyrox Athletes et est devenu disponible pour le reste d&rsquo;entre nous la semaine derni\u00e8re. Mon unit\u00e9 de r\u00e9vision est en route, mais je peux dire en regardant les sp\u00e9cifications que c&rsquo;est le groupe pour lequel je suis le plus excit\u00e9. C&rsquo;est ce que Garmin <em>devrait<\/em> ont sorti, et cela \u00e9tablit la norme que Polar devra correspondre. <\/p>\n<h2 id=\"the-price-is-hard-to-beat\">Le prix est difficile \u00e0 battre<\/h2>\n<p>Il est difficile d&rsquo;imaginer payer <em>plus<\/em> \u00e0 100 $ pour une sangle sans \u00e9cran. Apr\u00e8s tout, l&rsquo;id\u00e9e est qu&rsquo;elle fait la moiti\u00e9 de ce qu&rsquo;une montre (elle collecte des donn\u00e9es, mais n&rsquo;a pas d&rsquo;\u00e9cran pour l&rsquo;afficher). J&rsquo;essaie de donner \u00e0 Whoop un laissez-passer sans \u00e9cran parce que son application est si r\u00e9fl\u00e9chie et fait une tonne d&rsquo;analyse et de planification &#8211; dans le cas de Whoop, vous payez vraiment le service plus que le mat\u00e9riel. Mais si vous allez acheter un appareil pour un prix forfaitaire, j&rsquo;ai du mal \u00e0 \u00e9tanner le prix de 169 $ de Garmin lorsque vous le porteriez probablement en plus d&rsquo;une montre Garmin qui co\u00fbte de 200 $ \u00e0 plus de 1 000 $. De plus, l&rsquo;appareil de Garmin est juste pour le sommeil. La sangle d&rsquo;h\u00e9lio est pour le sommeil <em>et<\/em> Les entra\u00eenements, vous obtenez donc sans doute deux fois plus d&rsquo;utilisation pour un peu plus de la moiti\u00e9 du prix. <\/p>\n<h2 id=\"you-can-use-it-for-both-exercise-and-sleep\">Vous pouvez l&rsquo;utiliser pour l&rsquo;exercice et le sommeil<\/h2>\n<p>L&rsquo;appareil de Garmin est juste pour le sommeil et celui de Polar <em>peut<\/em> Soyez pour une usure 24\/7 (nous ne savons pas encore), mais Amazfit est explicitement destin\u00e9 \u00e0 l&rsquo;exercice en plus de le porter pour dormir. L&rsquo;entreprise se vante qu&rsquo;elle a 27 modes d&rsquo;exercice, ce qui ne ressemble pas \u00e0 une tonne, mais je suis intrigu\u00e9 par le \u00abSmart Strength Training\u00bb et un mode de course Hyrox. (Hyrox est un sport de course de fitness, o\u00f9 les comp\u00e9titions vous font courir entre les stations d&rsquo;exercice, faire des choses comme les burpees et les pousses de tra\u00eeneau. Plusieurs montres AmazFit ont un mode qui peut garder une trace des diff\u00e9rents segments de cette comp\u00e9tition.)<\/p>\n<p>Amazfit pr\u00e9voit de vendre un brassard pour la sangle Helio, bien que leur site Web indique qu&rsquo;il n&rsquo;est pas encore disponible. Personnellement, j&rsquo;aime quand les trackers ont une option de brassard pour les activit\u00e9s de force ou de fitness fonctionnelles, car les kettlebells et les enveloppements de poignet ont tendance \u00e0 interf\u00e9rer avec tout ce qui est bas\u00e9 sur le poignet. <\/p>\n<div class=\"pogoClear relative my-10 border-b-(1.5px) border-t-(1.5px) border-dashed border-black py-5 sm:my-14 sm:border-0 sm:py-0\" data-ga-click data-ga-template=\"News\" data-ga-module=\"openweb_widget\" data-ga-element=\"openweb_scroll\" data-ga-item=\"openweb_scroll_midpage\" x-data=\"{\n         commentsCount: null,\n         hasComments: false,\n         async fetchCommentsCount() {\n             try {\n                 if (window.openweb &amp;&amp; typeof window.openweb.getMessagesCount === 'function') {\n                     this.commentsCount = await window.openweb.getMessagesCount('01JZ18M3544TV1F9H7030MSZVH');\n                     this.hasComments = this.commentsCount !== null &amp;&amp; this.commentsCount &gt; 0;\n                 }\n             } catch (e) {\n                 console.warn('Failed to fetch comment count:', e);\n             }\n         }\n     }\" x-init=\"fetchCommentsCount()\" x-cloak><\/p>\n<div class=\"absolute top-1\/2 hidden w-full -translate-y-1\/2 border-t-(1.5px) border-dashed border-black sm:block\"><\/div>\n<div class=\"relative flex justify-center\">\n<div class=\"flex max-w-fit items-center gap-x-3 bg-white px-5\">\n<div class=\"relative\">\n                <span class=\"absolute left-1\/2 top-1\/2 -translate-x-1\/2 -translate-y-1\/2 font-akshar text-sm font-medium text-black\" aria-live=\"polite\" x-show=\"hasComments\" x-text=\"commentsCount\"><\/span><\/p>\n<p>                <svg class=\"h-8 w-8 text-black\" role=\"img\" aria-hidden=\"true\">\n                    <use href=\"http:\/\/lifehacker.com\/images\/icons\/spritemap.svg#sprite-chat-bubble\"><\/use>\n                <\/svg>\n            <\/div>\n<p>            <span class=\"text-sm font-medium text-black\"><\/p>\n<p>                Que pensez-vous jusqu&rsquo;\u00e0 pr\u00e9sent?<br \/>\n                <button class=\"ml-1 font-semibold text-brand-green underline hover:text-brand-green-700\" type=\"button\" aria-label=\"Comment section trigger\" onclick=\"window.openweb.scrollToComments('01JZ18M3544TV1F9H7030MSZVH')\" x-text=\"hasComments ? 'Post a comment.' : 'Be the first to post a comment.'\"><\/button><br \/>\n            <\/span>\n        <\/div>\n<\/p><\/div>\n<\/div>\n<h2 id=\"its-garmin-not-whoop-that-should-be-scared\">C&rsquo;est Garmin, pas Whoop, \u00e7a devrait \u00eatre effray\u00e9<\/h2>\n<p>Selon la presse, la sangle Helio a une dur\u00e9e de vie de la batterie de 10 jours. Les donn\u00e9es de la sangle alimentent l&rsquo;application Zepp, la m\u00eame que celle des autres montres AmazFit, afin que vous puissiez \u00e9changer entre la sangle Helio et toute montre AmazFit que vous pouvez poss\u00e9der, comme le T-REX 3 ou le BIP 6 &#8211; ou le nouvel \u00e9quilibre 2, qui g\u00e8re en quelque sorte \u00e0 un groupe GPS \u00e0 double bande \u00e0 double bande. C&rsquo;est le genre de chose que les utilisateurs de Garmin Watch ont demand\u00e9: quelque chose qui permet aux gens de retirer leur montre tout en alimentant les donn\u00e9es dans la m\u00eame application que leur montre r\u00e9guli\u00e8re. Quelque chose qui a une bonne dur\u00e9e de vie de la batterie et un prix relativement abordable. Quelque chose que vous pouvez porter pendant les activit\u00e9s, pas seulement pour le sommeil. <\/p>\n<p>La sangle Helio pr\u00e9sente m\u00eame quelque chose appel\u00e9 BioCharge, qui ressemble beaucoup \u00e0 la \u00abbatterie du corps\u00bb de Garmin. La batterie du corps est un nombre qui monte lorsque vous dormez ou r\u00e9cup\u00e9rez, et descend lorsque vous faites de l&rsquo;exercice ou stress\u00e9. Je l&rsquo;ignore, personnellement, mais je sais que beaucoup de gens aiment garder un \u0153il sur une m\u00e9taphore num\u00e9rique de la fa\u00e7on dont ils pourraient se sentir \u00e9nergiques tout au long de la journ\u00e9e. <\/p>\n<p>La seule chose dont je ne suis pas si s\u00fbr, c&rsquo;est le GPS. Il n&rsquo;est mentionn\u00e9 dans aucune des sp\u00e9cifications de la sangle d&rsquo;Helio, et une note sur la dur\u00e9e de vie de la batterie mentionne qu&rsquo;ils supposent que les s\u00e9ances d&rsquo;entra\u00eenement en plein air se produisent avec la sangle li\u00e9e au GPS de votre t\u00e9l\u00e9phone. Ceci est similaire \u00e0 ce que fait Whoop, en les permettant de garder l&rsquo;appareil petit et \u00e9conome en puissance en \u00e9liminant compl\u00e8tement la technologie de suivi de l&#8217;emplacement. Mais il est livr\u00e9 avec des compromis: le GPS de votre t\u00e9l\u00e9phone n&rsquo;est peut-\u00eatre pas aussi pr\u00e9cis qu&rsquo;une montre (selon votre t\u00e9l\u00e9phone, bien s\u00fbr), et il mange dans la batterie de votre t\u00e9l\u00e9phone plut\u00f4t que sur l&rsquo;appareil. Cela dit, si vous suivez une course en plein air, vous voulez probablement porter votre montre de toute fa\u00e7on, ce qui nous reprend \u00e0 la configuration \u00e0 deux appareils dans lesquels AmazFit esp\u00e8re probablement que vous ach\u00e8terez.<\/p>\n","protected":false},"excerpt":{"rendered":"<p>C&rsquo;est 99 $ et fait beaucoup de ce que fait Whoop, mais sans abonnement. Amazfit a r\u00e9cemment lanc\u00e9 sa sangle Helio, la troisi\u00e8me des trois<\/p>\n","protected":false},"author":1,"featured_media":8467,"comment_status":"","ping_status":"","sticky":false,"template":"","format":"standard","meta":{"footnotes":""},"categories":[38],"tags":[7577,7574,2703,7575,553,81,734,7576,2985,6864],"class_list":["post-8466","post","type-post","status-publish","format-standard","has-post-thumbnail","hentry","category-sante","tag-damazfit","tag-excite","tag-fitness","tag-helio","tag-nouveau","tag-pour","tag-pourquoi","tag-strap","tag-suis","tag-tracker","generate-columns","tablet-grid-50","mobile-grid-100","grid-parent","grid-33"],"yoast_head":"<!-- This site is optimized with the Yoast SEO plugin v24.0 - https:\/\/yoast.com\/wordpress\/plugins\/seo\/ -->\n<title>Pourquoi je suis excit\u00e9 pour le nouveau tracker de fitness &#039;HELIO STRAP&#039; d&#039;Amazfit | Vie Associative<\/title>\n<meta name=\"robots\" content=\"index, follow, max-snippet:-1, max-image-preview:large, max-video-preview:-1\" \/>\n<link rel=\"canonical\" href=\"https:\/\/vieassociative.be\/actualites\/pourquoi-je-suis-excite-pour-le-nouveau-tracker-de-fitness-helio-strap-damazfit\/\" \/>\n<meta property=\"og:locale\" content=\"fr_FR\" \/>\n<meta property=\"og:type\" content=\"article\" \/>\n<meta property=\"og:title\" content=\"Pourquoi je suis excit\u00e9 pour le nouveau tracker de fitness &#039;HELIO STRAP&#039; d&#039;Amazfit | Vie Associative\" \/>\n<meta property=\"og:description\" content=\"C&rsquo;est 99 $ et fait beaucoup de ce que fait Whoop, mais sans abonnement. Amazfit a r\u00e9cemment lanc\u00e9 sa sangle Helio, la troisi\u00e8me des trois\" \/>\n<meta property=\"og:url\" content=\"https:\/\/vieassociative.be\/actualites\/pourquoi-je-suis-excite-pour-le-nouveau-tracker-de-fitness-helio-strap-damazfit\/\" \/>\n<meta property=\"og:site_name\" content=\"Vie Associative\" \/>\n<meta property=\"article:published_time\" content=\"2025-07-01T07:20:35+00:00\" \/>\n<meta property=\"og:image\" content=\"https:\/\/vieassociative.be\/actualites\/wp-content\/uploads\/2024\/09\/header_backgroundk-01-e1726694325946.png\" \/>\n\t<meta property=\"og:image:width\" content=\"279\" \/>\n\t<meta property=\"og:image:height\" content=\"92\" \/>\n\t<meta property=\"og:image:type\" content=\"image\/png\" \/>\n<meta name=\"author\" content=\"Julien\" \/>\n<meta name=\"twitter:card\" content=\"summary_large_image\" \/>\n<meta name=\"twitter:label1\" content=\"\u00c9crit par\" \/>\n\t<meta name=\"twitter:data1\" content=\"Julien\" \/>\n\t<meta name=\"twitter:label2\" content=\"Dur\u00e9e de lecture est.\" \/>\n\t<meta name=\"twitter:data2\" content=\"5 minutes\" \/>\n<script type=\"application\/ld+json\" class=\"yoast-schema-graph\">{\"@context\":\"https:\/\/schema.org\",\"@graph\":[{\"@type\":\"Article\",\"@id\":\"https:\/\/vieassociative.be\/actualites\/pourquoi-je-suis-excite-pour-le-nouveau-tracker-de-fitness-helio-strap-damazfit\/#article\",\"isPartOf\":{\"@id\":\"https:\/\/vieassociative.be\/actualites\/pourquoi-je-suis-excite-pour-le-nouveau-tracker-de-fitness-helio-strap-damazfit\/\"},\"author\":{\"name\":\"Julien\",\"@id\":\"https:\/\/vieassociative.be\/actualites\/#\/schema\/person\/b87ac4f82f9d4e7b7cec7395b679edc4\"},\"headline\":\"Pourquoi je suis excit\u00e9 pour le nouveau tracker de fitness &lsquo;HELIO STRAP&rsquo; d&rsquo;Amazfit\",\"datePublished\":\"2025-07-01T07:20:35+00:00\",\"dateModified\":\"2025-07-01T07:20:35+00:00\",\"mainEntityOfPage\":{\"@id\":\"https:\/\/vieassociative.be\/actualites\/pourquoi-je-suis-excite-pour-le-nouveau-tracker-de-fitness-helio-strap-damazfit\/\"},\"wordCount\":1096,\"publisher\":{\"@id\":\"https:\/\/vieassociative.be\/actualites\/#organization\"},\"image\":{\"@id\":\"https:\/\/vieassociative.be\/actualites\/pourquoi-je-suis-excite-pour-le-nouveau-tracker-de-fitness-helio-strap-damazfit\/#primaryimage\"},\"thumbnailUrl\":\"https:\/\/vieassociative.be\/actualites\/wp-content\/uploads\/2025\/07\/Pourquoi-je-suis-excite-pour-le-nouveau-tracker-de-fitness.png\",\"keywords\":[\"dAmazfit\",\"excit\u00e9\",\"fitness\",\"HELIO\",\"nouveau\",\"pour\",\"Pourquoi\",\"STRAP\",\"suis\",\"tracker\"],\"articleSection\":[\"Sant\u00e9\"],\"inLanguage\":\"fr-BE\"},{\"@type\":\"WebPage\",\"@id\":\"https:\/\/vieassociative.be\/actualites\/pourquoi-je-suis-excite-pour-le-nouveau-tracker-de-fitness-helio-strap-damazfit\/\",\"url\":\"https:\/\/vieassociative.be\/actualites\/pourquoi-je-suis-excite-pour-le-nouveau-tracker-de-fitness-helio-strap-damazfit\/\",\"name\":\"Pourquoi je suis excit\u00e9 pour le nouveau tracker de fitness 'HELIO STRAP' d'Amazfit | Vie Associative\",\"isPartOf\":{\"@id\":\"https:\/\/vieassociative.be\/actualites\/#website\"},\"primaryImageOfPage\":{\"@id\":\"https:\/\/vieassociative.be\/actualites\/pourquoi-je-suis-excite-pour-le-nouveau-tracker-de-fitness-helio-strap-damazfit\/#primaryimage\"},\"image\":{\"@id\":\"https:\/\/vieassociative.be\/actualites\/pourquoi-je-suis-excite-pour-le-nouveau-tracker-de-fitness-helio-strap-damazfit\/#primaryimage\"},\"thumbnailUrl\":\"https:\/\/vieassociative.be\/actualites\/wp-content\/uploads\/2025\/07\/Pourquoi-je-suis-excite-pour-le-nouveau-tracker-de-fitness.png\",\"datePublished\":\"2025-07-01T07:20:35+00:00\",\"dateModified\":\"2025-07-01T07:20:35+00:00\",\"breadcrumb\":{\"@id\":\"https:\/\/vieassociative.be\/actualites\/pourquoi-je-suis-excite-pour-le-nouveau-tracker-de-fitness-helio-strap-damazfit\/#breadcrumb\"},\"inLanguage\":\"fr-BE\",\"potentialAction\":[{\"@type\":\"ReadAction\",\"target\":[\"https:\/\/vieassociative.be\/actualites\/pourquoi-je-suis-excite-pour-le-nouveau-tracker-de-fitness-helio-strap-damazfit\/\"]}]},{\"@type\":\"ImageObject\",\"inLanguage\":\"fr-BE\",\"@id\":\"https:\/\/vieassociative.be\/actualites\/pourquoi-je-suis-excite-pour-le-nouveau-tracker-de-fitness-helio-strap-damazfit\/#primaryimage\",\"url\":\"https:\/\/vieassociative.be\/actualites\/wp-content\/uploads\/2025\/07\/Pourquoi-je-suis-excite-pour-le-nouveau-tracker-de-fitness.png\",\"contentUrl\":\"https:\/\/vieassociative.be\/actualites\/wp-content\/uploads\/2025\/07\/Pourquoi-je-suis-excite-pour-le-nouveau-tracker-de-fitness.png\",\"width\":1200,\"height\":675,\"caption\":\"Pourquoi je suis excit\u00e9 pour le nouveau tracker de fitness 'HELIO STRAP' d'Amazfit\"},{\"@type\":\"BreadcrumbList\",\"@id\":\"https:\/\/vieassociative.be\/actualites\/pourquoi-je-suis-excite-pour-le-nouveau-tracker-de-fitness-helio-strap-damazfit\/#breadcrumb\",\"itemListElement\":[{\"@type\":\"ListItem\",\"position\":1,\"name\":\"Accueil\",\"item\":\"https:\/\/vieassociative.be\/actualites\/\"},{\"@type\":\"ListItem\",\"position\":2,\"name\":\"Pourquoi je suis excit\u00e9 pour le nouveau tracker de fitness &lsquo;HELIO STRAP&rsquo; d&rsquo;Amazfit\"}]},{\"@type\":\"WebSite\",\"@id\":\"https:\/\/vieassociative.be\/actualites\/#website\",\"url\":\"https:\/\/vieassociative.be\/actualites\/\",\"name\":\"Vie Associative\",\"description\":\"\",\"publisher\":{\"@id\":\"https:\/\/vieassociative.be\/actualites\/#organization\"},\"potentialAction\":[{\"@type\":\"SearchAction\",\"target\":{\"@type\":\"EntryPoint\",\"urlTemplate\":\"https:\/\/vieassociative.be\/actualites\/?s={search_term_string}\"},\"query-input\":{\"@type\":\"PropertyValueSpecification\",\"valueRequired\":true,\"valueName\":\"search_term_string\"}}],\"inLanguage\":\"fr-BE\"},{\"@type\":\"Organization\",\"@id\":\"https:\/\/vieassociative.be\/actualites\/#organization\",\"name\":\"Vie Associative\",\"url\":\"https:\/\/vieassociative.be\/actualites\/\",\"logo\":{\"@type\":\"ImageObject\",\"inLanguage\":\"fr-BE\",\"@id\":\"https:\/\/vieassociative.be\/actualites\/#\/schema\/logo\/image\/\",\"url\":\"https:\/\/vieassociative.be\/actualites\/wp-content\/uploads\/2024\/09\/cropped-vieassociative_favicon.ico.png\",\"contentUrl\":\"https:\/\/vieassociative.be\/actualites\/wp-content\/uploads\/2024\/09\/cropped-vieassociative_favicon.ico.png\",\"width\":512,\"height\":512,\"caption\":\"Vie Associative\"},\"image\":{\"@id\":\"https:\/\/vieassociative.be\/actualites\/#\/schema\/logo\/image\/\"}},{\"@type\":\"Person\",\"@id\":\"https:\/\/vieassociative.be\/actualites\/#\/schema\/person\/b87ac4f82f9d4e7b7cec7395b679edc4\",\"name\":\"Julien\",\"image\":{\"@type\":\"ImageObject\",\"inLanguage\":\"fr-BE\",\"@id\":\"https:\/\/vieassociative.be\/actualites\/#\/schema\/person\/image\/\",\"url\":\"https:\/\/vieassociative.be\/actualites\/wp-content\/uploads\/2024\/09\/vie-associative-1-150x150.jpg\",\"contentUrl\":\"https:\/\/vieassociative.be\/actualites\/wp-content\/uploads\/2024\/09\/vie-associative-1-150x150.jpg\",\"caption\":\"Julien\"},\"description\":\"Je suis Julien, r\u00e9dacteur pour Vie Associative. Passionn\u00e9 par le monde associatif depuis plus de 10 ans, j'ai \u00e0 c\u0153ur de partager des histoires inspirantes et de mettre en lumi\u00e8re les initiatives locales. Mon objectif est de sensibiliser et d'encourager l'engagement communautaire \u00e0 travers mes articles.\",\"sameAs\":[\"https:\/\/vieassociative.be\/\"]}]}<\/script>\n<!-- \/ Yoast SEO plugin. -->","yoast_head_json":{"title":"Pourquoi je suis excit\u00e9 pour le nouveau tracker de fitness 'HELIO STRAP' d'Amazfit | Vie Associative","robots":{"index":"index","follow":"follow","max-snippet":"max-snippet:-1","max-image-preview":"max-image-preview:large","max-video-preview":"max-video-preview:-1"},"canonical":"https:\/\/vieassociative.be\/actualites\/pourquoi-je-suis-excite-pour-le-nouveau-tracker-de-fitness-helio-strap-damazfit\/","og_locale":"fr_FR","og_type":"article","og_title":"Pourquoi je suis excit\u00e9 pour le nouveau tracker de fitness 'HELIO STRAP' d'Amazfit | Vie Associative","og_description":"C&rsquo;est 99 $ et fait beaucoup de ce que fait Whoop, mais sans abonnement. Amazfit a r\u00e9cemment lanc\u00e9 sa sangle Helio, la troisi\u00e8me des trois","og_url":"https:\/\/vieassociative.be\/actualites\/pourquoi-je-suis-excite-pour-le-nouveau-tracker-de-fitness-helio-strap-damazfit\/","og_site_name":"Vie Associative","article_published_time":"2025-07-01T07:20:35+00:00","og_image":[{"width":279,"height":92,"url":"https:\/\/vieassociative.be\/actualites\/wp-content\/uploads\/2024\/09\/header_backgroundk-01-e1726694325946.png","type":"image\/png"}],"author":"Julien","twitter_card":"summary_large_image","twitter_misc":{"\u00c9crit par":"Julien","Dur\u00e9e de lecture est.":"5 minutes"},"schema":{"@context":"https:\/\/schema.org","@graph":[{"@type":"Article","@id":"https:\/\/vieassociative.be\/actualites\/pourquoi-je-suis-excite-pour-le-nouveau-tracker-de-fitness-helio-strap-damazfit\/#article","isPartOf":{"@id":"https:\/\/vieassociative.be\/actualites\/pourquoi-je-suis-excite-pour-le-nouveau-tracker-de-fitness-helio-strap-damazfit\/"},"author":{"name":"Julien","@id":"https:\/\/vieassociative.be\/actualites\/#\/schema\/person\/b87ac4f82f9d4e7b7cec7395b679edc4"},"headline":"Pourquoi je suis excit\u00e9 pour le nouveau tracker de fitness &lsquo;HELIO STRAP&rsquo; d&rsquo;Amazfit","datePublished":"2025-07-01T07:20:35+00:00","dateModified":"2025-07-01T07:20:35+00:00","mainEntityOfPage":{"@id":"https:\/\/vieassociative.be\/actualites\/pourquoi-je-suis-excite-pour-le-nouveau-tracker-de-fitness-helio-strap-damazfit\/"},"wordCount":1096,"publisher":{"@id":"https:\/\/vieassociative.be\/actualites\/#organization"},"image":{"@id":"https:\/\/vieassociative.be\/actualites\/pourquoi-je-suis-excite-pour-le-nouveau-tracker-de-fitness-helio-strap-damazfit\/#primaryimage"},"thumbnailUrl":"https:\/\/vieassociative.be\/actualites\/wp-content\/uploads\/2025\/07\/Pourquoi-je-suis-excite-pour-le-nouveau-tracker-de-fitness.png","keywords":["dAmazfit","excit\u00e9","fitness","HELIO","nouveau","pour","Pourquoi","STRAP","suis","tracker"],"articleSection":["Sant\u00e9"],"inLanguage":"fr-BE"},{"@type":"WebPage","@id":"https:\/\/vieassociative.be\/actualites\/pourquoi-je-suis-excite-pour-le-nouveau-tracker-de-fitness-helio-strap-damazfit\/","url":"https:\/\/vieassociative.be\/actualites\/pourquoi-je-suis-excite-pour-le-nouveau-tracker-de-fitness-helio-strap-damazfit\/","name":"Pourquoi je suis excit\u00e9 pour le nouveau tracker de fitness 'HELIO STRAP' d'Amazfit | Vie Associative","isPartOf":{"@id":"https:\/\/vieassociative.be\/actualites\/#website"},"primaryImageOfPage":{"@id":"https:\/\/vieassociative.be\/actualites\/pourquoi-je-suis-excite-pour-le-nouveau-tracker-de-fitness-helio-strap-damazfit\/#primaryimage"},"image":{"@id":"https:\/\/vieassociative.be\/actualites\/pourquoi-je-suis-excite-pour-le-nouveau-tracker-de-fitness-helio-strap-damazfit\/#primaryimage"},"thumbnailUrl":"https:\/\/vieassociative.be\/actualites\/wp-content\/uploads\/2025\/07\/Pourquoi-je-suis-excite-pour-le-nouveau-tracker-de-fitness.png","datePublished":"2025-07-01T07:20:35+00:00","dateModified":"2025-07-01T07:20:35+00:00","breadcrumb":{"@id":"https:\/\/vieassociative.be\/actualites\/pourquoi-je-suis-excite-pour-le-nouveau-tracker-de-fitness-helio-strap-damazfit\/#breadcrumb"},"inLanguage":"fr-BE","potentialAction":[{"@type":"ReadAction","target":["https:\/\/vieassociative.be\/actualites\/pourquoi-je-suis-excite-pour-le-nouveau-tracker-de-fitness-helio-strap-damazfit\/"]}]},{"@type":"ImageObject","inLanguage":"fr-BE","@id":"https:\/\/vieassociative.be\/actualites\/pourquoi-je-suis-excite-pour-le-nouveau-tracker-de-fitness-helio-strap-damazfit\/#primaryimage","url":"https:\/\/vieassociative.be\/actualites\/wp-content\/uploads\/2025\/07\/Pourquoi-je-suis-excite-pour-le-nouveau-tracker-de-fitness.png","contentUrl":"https:\/\/vieassociative.be\/actualites\/wp-content\/uploads\/2025\/07\/Pourquoi-je-suis-excite-pour-le-nouveau-tracker-de-fitness.png","width":1200,"height":675,"caption":"Pourquoi je suis excit\u00e9 pour le nouveau tracker de fitness 'HELIO STRAP' d'Amazfit"},{"@type":"BreadcrumbList","@id":"https:\/\/vieassociative.be\/actualites\/pourquoi-je-suis-excite-pour-le-nouveau-tracker-de-fitness-helio-strap-damazfit\/#breadcrumb","itemListElement":[{"@type":"ListItem","position":1,"name":"Accueil","item":"https:\/\/vieassociative.be\/actualites\/"},{"@type":"ListItem","position":2,"name":"Pourquoi je suis excit\u00e9 pour le nouveau tracker de fitness &lsquo;HELIO STRAP&rsquo; d&rsquo;Amazfit"}]},{"@type":"WebSite","@id":"https:\/\/vieassociative.be\/actualites\/#website","url":"https:\/\/vieassociative.be\/actualites\/","name":"Vie Associative","description":"","publisher":{"@id":"https:\/\/vieassociative.be\/actualites\/#organization"},"potentialAction":[{"@type":"SearchAction","target":{"@type":"EntryPoint","urlTemplate":"https:\/\/vieassociative.be\/actualites\/?s={search_term_string}"},"query-input":{"@type":"PropertyValueSpecification","valueRequired":true,"valueName":"search_term_string"}}],"inLanguage":"fr-BE"},{"@type":"Organization","@id":"https:\/\/vieassociative.be\/actualites\/#organization","name":"Vie Associative","url":"https:\/\/vieassociative.be\/actualites\/","logo":{"@type":"ImageObject","inLanguage":"fr-BE","@id":"https:\/\/vieassociative.be\/actualites\/#\/schema\/logo\/image\/","url":"https:\/\/vieassociative.be\/actualites\/wp-content\/uploads\/2024\/09\/cropped-vieassociative_favicon.ico.png","contentUrl":"https:\/\/vieassociative.be\/actualites\/wp-content\/uploads\/2024\/09\/cropped-vieassociative_favicon.ico.png","width":512,"height":512,"caption":"Vie Associative"},"image":{"@id":"https:\/\/vieassociative.be\/actualites\/#\/schema\/logo\/image\/"}},{"@type":"Person","@id":"https:\/\/vieassociative.be\/actualites\/#\/schema\/person\/b87ac4f82f9d4e7b7cec7395b679edc4","name":"Julien","image":{"@type":"ImageObject","inLanguage":"fr-BE","@id":"https:\/\/vieassociative.be\/actualites\/#\/schema\/person\/image\/","url":"https:\/\/vieassociative.be\/actualites\/wp-content\/uploads\/2024\/09\/vie-associative-1-150x150.jpg","contentUrl":"https:\/\/vieassociative.be\/actualites\/wp-content\/uploads\/2024\/09\/vie-associative-1-150x150.jpg","caption":"Julien"},"description":"Je suis Julien, r\u00e9dacteur pour Vie Associative. Passionn\u00e9 par le monde associatif depuis plus de 10 ans, j'ai \u00e0 c\u0153ur de partager des histoires inspirantes et de mettre en lumi\u00e8re les initiatives locales. Mon objectif est de sensibiliser et d'encourager l'engagement communautaire \u00e0 travers mes articles.","sameAs":["https:\/\/vieassociative.be\/"]}]}},"_links":{"self":[{"href":"https:\/\/vieassociative.be\/actualites\/wp-json\/wp\/v2\/posts\/8466"}],"collection":[{"href":"https:\/\/vieassociative.be\/actualites\/wp-json\/wp\/v2\/posts"}],"about":[{"href":"https:\/\/vieassociative.be\/actualites\/wp-json\/wp\/v2\/types\/post"}],"author":[{"embeddable":true,"href":"https:\/\/vieassociative.be\/actualites\/wp-json\/wp\/v2\/users\/1"}],"replies":[{"embeddable":true,"href":"https:\/\/vieassociative.be\/actualites\/wp-json\/wp\/v2\/comments?post=8466"}],"version-history":[{"count":0,"href":"https:\/\/vieassociative.be\/actualites\/wp-json\/wp\/v2\/posts\/8466\/revisions"}],"wp:featuredmedia":[{"embeddable":true,"href":"https:\/\/vieassociative.be\/actualites\/wp-json\/wp\/v2\/media\/8467"}],"wp:attachment":[{"href":"https:\/\/vieassociative.be\/actualites\/wp-json\/wp\/v2\/media?parent=8466"}],"wp:term":[{"taxonomy":"category","embeddable":true,"href":"https:\/\/vieassociative.be\/actualites\/wp-json\/wp\/v2\/categories?post=8466"},{"taxonomy":"post_tag","embeddable":true,"href":"https:\/\/vieassociative.be\/actualites\/wp-json\/wp\/v2\/tags?post=8466"}],"curies":[{"name":"wp","href":"https:\/\/api.w.org\/{rel}","templated":true}]}}