{"id":8464,"date":"2025-07-01T04:16:59","date_gmt":"2025-07-01T02:16:59","guid":{"rendered":"https:\/\/vieassociative.be\/actualites\/une-reception-triomphante-pour-les-anciens-et-nouveaux-champions-europeens-deurope-de-basket-ball-sur-le-grandplace\/"},"modified":"2025-07-01T04:16:59","modified_gmt":"2025-07-01T02:16:59","slug":"une-reception-triomphante-pour-les-anciens-et-nouveaux-champions-europeens-deurope-de-basket-ball-sur-le-grandplace","status":"publish","type":"post","link":"https:\/\/vieassociative.be\/actualites\/une-reception-triomphante-pour-les-anciens-et-nouveaux-champions-europeens-deurope-de-basket-ball-sur-le-grandplace\/","title":{"rendered":"Une r\u00e9ception triomphante pour les anciens et nouveaux champions europ\u00e9ens d&rsquo;Europe de basket-ball sur le Grand&rsquo;Place"},"content":{"rendered":"<p><strong>Mis \u00e0 jour &#8211; une journ\u00e9e qui restera dans les m\u00e9moires des basketteurs belges: pour la deuxi\u00e8me fois cons\u00e9cutive, les chats belges ont dirig\u00e9 le basket europ\u00e9en. Une double victoire historique inattendue qui a \u00e9t\u00e9 d\u00fbment c\u00e9l\u00e9br\u00e9e le lendemain.<\/strong><\/p>\n<p><span id=\"more-418724\"><\/span>Tout d&rsquo;abord avec une visite au roi. Les Belges, qui sont arriv\u00e9s une heure de retard en raison d&rsquo;un vol tardif, ont \u00e9t\u00e9 re\u00e7us dans le Palais de Laeken pour une rencontre et une s\u00e9ance photo.<\/p>\n<p>Plus tard, ils sont entr\u00e9s sur le balcon de la mairie de Bruxelles euphoriellement. Bravo d&rsquo;une foule enthousiaste sur le Grand&rsquo;Place, a appr\u00e9ci\u00e9 le moment.<\/p>\n<div id=\"attachment_419029\" class=\"wp-caption alignleft\" style=\"max-width: 300px\"><img fetchpriority=\"high\" decoding=\"async\" class=\"wp-image-419029 size-medium\" src=\"https:\/\/vieassociative.be\/actualites\/wp-content\/uploads\/2025\/07\/Une-reception-triomphante-pour-les-anciens-et-nouveaux-champions-europeens.jpg\" alt=\"\" width=\"300\" height=\"200\"><\/p>\n<p class=\"wp-caption-text\">30.06.2025, Belgique, Bruxelles: Apr\u00e8s avoir atterri \u00e0 Bruxelles, Emma Meesseman (avec troph\u00e9e) et ses co\u00e9quipiers ont \u00e9t\u00e9 accueillis par le ch\u00e2teau du roi Philippe (R). Photo: Belga<\/p>\n<\/div>\n<p>\u00ab\u00a0Je ne m&rsquo;attendais pas \u00e0 ce que tant de gens viennent\u00a0\u00bb, a d\u00e9clar\u00e9 Nastja Claessens. \u00ab\u00a0Je manque de mots\u00a0\u00bb, a d\u00e9clar\u00e9 Bethy Mununga et j&rsquo;ai re\u00e7u des applaudissements des fans.<\/p>\n<p>L&rsquo;atmosph\u00e8re d\u00e9j\u00e0 exub\u00e9rante a de nouveau relev\u00e9 lorsque le spectacle Girl Maxuella Lisowa Baka avec son sourire habituel, quelques marches de danse et une chanson sont mont\u00e9es sur sc\u00e8ne par toute la place.<\/p>\n<p>Depuis que les deux Julies, Vanloo et Allandand, \u00e9taient d\u00e9j\u00e0 revenus aux \u00c9tats-Unis pour leur saison NBA, le trio final \u00e9tait compos\u00e9 de Kyara Linskens, Antonia Delaere et bien s\u00fbr Emma Messeman, qui a \u00e9t\u00e9 re\u00e7ue comme une rock star avec leur troph\u00e9e.<\/p>\n<p>\u00ab\u00a0MVP, MVP, MVP\u00a0\u00bb, a scand\u00e9 le public \u00e0 l&rsquo;arriv\u00e9e. Dans le basket-ball (comme dans de nombreux autres sports), MVP signifie \u00ab\u00a0joueur le plus pr\u00e9cieux\u00a0\u00bb, c&rsquo;est-\u00e0-dire le joueur le plus utile.<\/p>\n<p>\u00ab\u00a0Nous ne serions pas ici sans vous. Nous en sommes un. Merci pour tout\u00a0\u00bb, a d\u00e9clar\u00e9 Meesseman dans une v\u00e9ritable d\u00e9claration d&rsquo;amour pour le public pr\u00e9sent.<\/p>\n<p>En fin de compte, une seule chose manquait pour rendre la soir\u00e9e vraiment parfaite: applaudir avec le public qui est devenu une marque de fabrique des chats pendant plusieurs ann\u00e9es. En fin de compte, les chats ont pris un bain dans la foule sur le Grand&rsquo;Place, ont pris des autographes et ont bris\u00e9 d&rsquo;innombrables mains. (Cre)<\/p>\n<h3>Les basketteurs de la Belgique Champion d&rsquo;Europe<\/h3>\n<p><strong>Une finale compl\u00e8tement folle et une autre \u00e9tape dans l&rsquo;histoire des chats belges. Bien que les joueurs de basket-ball belge se soient retir\u00e9s moins de cinq minutes avant la fin avec 12 points, l&rsquo;\u00e9quipe a r\u00e9ussi \u00e0 rattraper une poursuite incroyable avec laquelle l&rsquo;Espagne l&rsquo;a vaincue et a obtenu le deuxi\u00e8me titre de championnat d&rsquo;Europe d&rsquo;affil\u00e9e. Un vrai chef-d&rsquo;\u0153uvre!<\/strong><\/p>\n<p><!--more-->Il y a deux ans, les Belges Cats Espagne ont vaincu l&rsquo;Espagne en finale du championnat europ\u00e9en de basket-ball. Mais avant qu&rsquo;Emma Meesseman &#038; Co. ne puisse encourager la joie, les joueurs de Mike Thibault \u00e9prouvaient toutes sortes de sentiments en Pir\u00e9e.<\/p>\n<p>Les Espagnols ont domin\u00e9 le jeu pendant longtemps pendant longtemps. Apr\u00e8s le premier trimestre, il \u00e9tait 19:18, \u00e0 la mi-temps 37:31 et \u00e0 la fin du troisi\u00e8me trimestre 52:49.<\/p>\n<div id=\"attachment_418986\" class=\"wp-caption alignleft\" style=\"max-width: 300px\"><img decoding=\"async\" class=\"wp-image-418986 size-medium\" src=\"https:\/\/vieassociative.be\/actualites\/wp-content\/uploads\/2025\/07\/1751336219_310_Une-reception-triomphante-pour-les-anciens-et-nouveaux-champions-europeens.jpg\" alt=\"\" width=\"300\" height=\"200\"><\/p>\n<p class=\"wp-caption-text\">29\/06\/2025, Gr\u00e8ce, Pir\u00e9e: le capitaine belge Emma Meesseman (M), pr\u00e9c\u00e9demment reconnu comme le meilleur joueur du tournoi, met le troph\u00e9e devant ses co\u00e9quipiers acclamants. Photo: Belga<\/p>\n<\/div>\n<p>Au d\u00e9but du quatri\u00e8me trimestre, les Espagnols se sont install\u00e9s plus clairement. Avec quatre joueurs qui ont marqu\u00e9 dix points ou plus, ils \u00e9taient m\u00eame en t\u00eate avec jusqu&rsquo;\u00e0 12 points que ce qui ne pouvait \u00eatre jou\u00e9 que pendant cinq minutes. Beaucoup des nombreux fans belges ne semblaient gu\u00e8re avoir de l&rsquo;espoir pour un surf, d&rsquo;autant plus que le joueur vedette de la Belgique Meesseman fait r\u00e9guli\u00e8rement des erreurs qui ne sont pas habitu\u00e9es.<\/p>\n<p>Mais les chats belges ont r\u00e9agi. Meeseman est revenu avec des lancers francs et Julie Allemand a de nouveau provoqu\u00e9 l&rsquo;excitation avec trois lancers de points. Les Espagnols sont tomb\u00e9s et ont \u00e9clat\u00e9 lorsque Allemand Belgique a ramen\u00e9 \u00e0 un point.<\/p>\n<p>Il n&rsquo;y avait que 17 secondes \u00e0 jouer, mais l&rsquo;Espagne n&rsquo;a pas pu utiliser sa possession de balle. Antonia Delaere a utilis\u00e9 une mauvaise passe au milieu du terrain pour prendre d&rsquo;assaut le panier et faire applaudir la banque belge. Et Julie Vanloo a scell\u00e9 le r\u00e9sultat final avec un dernier lancer franc dans la derni\u00e8re seconde (65-67).<\/p>\n<p>Apr\u00e8s un match passionnant et un sc\u00e9nario improbable, les Belges Cats ont obtenu leur deuxi\u00e8me titre de championnat d&rsquo;Europe cons\u00e9cutif. Un v\u00e9ritable chef-d&rsquo;\u0153uvre, car bien que l&rsquo;URSS ait domin\u00e9 la sc\u00e8ne europ\u00e9enne de 1950 \u00e0 1991 (21 titres en 22 num\u00e9ros), une seule nation a d\u00e9fendu son titre: l&rsquo;Espagne, qui a remport\u00e9 le titre en 2017 et 2019.<br \/>\nAvec cette victoire, la Belgique s&rsquo;est qualifi\u00e9e en Allemagne directement pour la finale du championnat du monde 2026 \u00e0 Berlin du 4 au 13 septembre.<\/p>\n<p>Le prochain num\u00e9ro de l&rsquo;euro se d\u00e9roule en partie en Belgique. La Belgique est certainement qualifi\u00e9e pour le tour final de l&rsquo;Euro 2027, car il organisera l&rsquo;un des groupes d&rsquo;Anvers en l&rsquo;ann\u00e9e de l&rsquo;Association belge de l&rsquo;Association belge, qui est \u00e9galement l&rsquo;avant-derni\u00e8re sc\u00e8ne des Jeux olympiques de 2028 \u00e0 Los Angeles. (Cre)<\/p>\n","protected":false},"excerpt":{"rendered":"<p>Mis \u00e0 jour &#8211; une journ\u00e9e qui restera dans les m\u00e9moires des basketteurs belges: pour la deuxi\u00e8me fois cons\u00e9cutive, les chats belges ont dirig\u00e9 le<\/p>\n","protected":false},"author":1,"featured_media":8465,"comment_status":"","ping_status":"","sticky":false,"template":"","format":"standard","meta":{"footnotes":""},"categories":[298],"tags":[1548,7572,2818,3976,7571,7573,14,2052,81,627,33,7570,110],"class_list":["post-8464","post","type-post","status-publish","format-standard","has-post-thumbnail","hentry","category-belgique","tag-anciens","tag-basketball","tag-champions","tag-deurope","tag-europeens","tag-grandplace","tag-les","tag-nouveaux","tag-pour","tag-reception","tag-sur","tag-triomphante","tag-une","generate-columns","tablet-grid-50","mobile-grid-100","grid-parent","grid-33"],"yoast_head":"<!-- This site is optimized with the Yoast SEO plugin v24.0 - https:\/\/yoast.com\/wordpress\/plugins\/seo\/ -->\n<title>Une r\u00e9ception triomphante pour les anciens et nouveaux champions europ\u00e9ens d&#039;Europe de basket-ball sur le Grand&#039;Place | Vie Associative<\/title>\n<meta name=\"robots\" content=\"index, follow, max-snippet:-1, max-image-preview:large, max-video-preview:-1\" \/>\n<link rel=\"canonical\" href=\"https:\/\/vieassociative.be\/actualites\/une-reception-triomphante-pour-les-anciens-et-nouveaux-champions-europeens-deurope-de-basket-ball-sur-le-grandplace\/\" \/>\n<meta property=\"og:locale\" content=\"fr_FR\" \/>\n<meta property=\"og:type\" content=\"article\" \/>\n<meta property=\"og:title\" content=\"Une r\u00e9ception triomphante pour les anciens et nouveaux champions europ\u00e9ens d&#039;Europe de basket-ball sur le Grand&#039;Place | Vie Associative\" \/>\n<meta property=\"og:description\" content=\"Mis \u00e0 jour &#8211; une journ\u00e9e qui restera dans les m\u00e9moires des basketteurs belges: pour la deuxi\u00e8me fois cons\u00e9cutive, les chats belges ont dirig\u00e9 le\" \/>\n<meta property=\"og:url\" content=\"https:\/\/vieassociative.be\/actualites\/une-reception-triomphante-pour-les-anciens-et-nouveaux-champions-europeens-deurope-de-basket-ball-sur-le-grandplace\/\" \/>\n<meta property=\"og:site_name\" content=\"Vie Associative\" \/>\n<meta property=\"article:published_time\" content=\"2025-07-01T02:16:59+00:00\" \/>\n<meta property=\"og:image\" content=\"https:\/\/vieassociative.be\/actualites\/wp-content\/uploads\/2024\/09\/header_backgroundk-01-e1726694325946.png\" \/>\n\t<meta property=\"og:image:width\" content=\"279\" \/>\n\t<meta property=\"og:image:height\" content=\"92\" \/>\n\t<meta property=\"og:image:type\" content=\"image\/png\" \/>\n<meta name=\"author\" content=\"Julien\" \/>\n<meta name=\"twitter:card\" content=\"summary_large_image\" \/>\n<meta name=\"twitter:label1\" content=\"\u00c9crit par\" \/>\n\t<meta name=\"twitter:data1\" content=\"Julien\" \/>\n\t<meta name=\"twitter:label2\" content=\"Dur\u00e9e de lecture est.\" \/>\n\t<meta name=\"twitter:data2\" content=\"4 minutes\" \/>\n<script type=\"application\/ld+json\" class=\"yoast-schema-graph\">{\"@context\":\"https:\/\/schema.org\",\"@graph\":[{\"@type\":\"Article\",\"@id\":\"https:\/\/vieassociative.be\/actualites\/une-reception-triomphante-pour-les-anciens-et-nouveaux-champions-europeens-deurope-de-basket-ball-sur-le-grandplace\/#article\",\"isPartOf\":{\"@id\":\"https:\/\/vieassociative.be\/actualites\/une-reception-triomphante-pour-les-anciens-et-nouveaux-champions-europeens-deurope-de-basket-ball-sur-le-grandplace\/\"},\"author\":{\"name\":\"Julien\",\"@id\":\"https:\/\/vieassociative.be\/actualites\/#\/schema\/person\/b87ac4f82f9d4e7b7cec7395b679edc4\"},\"headline\":\"Une r\u00e9ception triomphante pour les anciens et nouveaux champions europ\u00e9ens d&rsquo;Europe de basket-ball sur le Grand&rsquo;Place\",\"datePublished\":\"2025-07-01T02:16:59+00:00\",\"dateModified\":\"2025-07-01T02:16:59+00:00\",\"mainEntityOfPage\":{\"@id\":\"https:\/\/vieassociative.be\/actualites\/une-reception-triomphante-pour-les-anciens-et-nouveaux-champions-europeens-deurope-de-basket-ball-sur-le-grandplace\/\"},\"wordCount\":930,\"publisher\":{\"@id\":\"https:\/\/vieassociative.be\/actualites\/#organization\"},\"image\":{\"@id\":\"https:\/\/vieassociative.be\/actualites\/une-reception-triomphante-pour-les-anciens-et-nouveaux-champions-europeens-deurope-de-basket-ball-sur-le-grandplace\/#primaryimage\"},\"thumbnailUrl\":\"https:\/\/vieassociative.be\/actualites\/wp-content\/uploads\/2025\/07\/1751336220_Une-reception-triomphante-pour-les-anciens-et-nouveaux-champions-europeens.jpg\",\"keywords\":[\"anciens\",\"basketball\",\"Champions\",\"dEurope\",\"europ\u00e9ens\",\"GrandPlace\",\"Les\",\"nouveaux\",\"pour\",\"r\u00e9ception\",\"sur\",\"triomphante\",\"une\"],\"articleSection\":[\"Belgique\"],\"inLanguage\":\"fr-BE\"},{\"@type\":\"WebPage\",\"@id\":\"https:\/\/vieassociative.be\/actualites\/une-reception-triomphante-pour-les-anciens-et-nouveaux-champions-europeens-deurope-de-basket-ball-sur-le-grandplace\/\",\"url\":\"https:\/\/vieassociative.be\/actualites\/une-reception-triomphante-pour-les-anciens-et-nouveaux-champions-europeens-deurope-de-basket-ball-sur-le-grandplace\/\",\"name\":\"Une r\u00e9ception triomphante pour les anciens et nouveaux champions europ\u00e9ens d'Europe de basket-ball sur le Grand'Place | Vie Associative\",\"isPartOf\":{\"@id\":\"https:\/\/vieassociative.be\/actualites\/#website\"},\"primaryImageOfPage\":{\"@id\":\"https:\/\/vieassociative.be\/actualites\/une-reception-triomphante-pour-les-anciens-et-nouveaux-champions-europeens-deurope-de-basket-ball-sur-le-grandplace\/#primaryimage\"},\"image\":{\"@id\":\"https:\/\/vieassociative.be\/actualites\/une-reception-triomphante-pour-les-anciens-et-nouveaux-champions-europeens-deurope-de-basket-ball-sur-le-grandplace\/#primaryimage\"},\"thumbnailUrl\":\"https:\/\/vieassociative.be\/actualites\/wp-content\/uploads\/2025\/07\/1751336220_Une-reception-triomphante-pour-les-anciens-et-nouveaux-champions-europeens.jpg\",\"datePublished\":\"2025-07-01T02:16:59+00:00\",\"dateModified\":\"2025-07-01T02:16:59+00:00\",\"breadcrumb\":{\"@id\":\"https:\/\/vieassociative.be\/actualites\/une-reception-triomphante-pour-les-anciens-et-nouveaux-champions-europeens-deurope-de-basket-ball-sur-le-grandplace\/#breadcrumb\"},\"inLanguage\":\"fr-BE\",\"potentialAction\":[{\"@type\":\"ReadAction\",\"target\":[\"https:\/\/vieassociative.be\/actualites\/une-reception-triomphante-pour-les-anciens-et-nouveaux-champions-europeens-deurope-de-basket-ball-sur-le-grandplace\/\"]}]},{\"@type\":\"ImageObject\",\"inLanguage\":\"fr-BE\",\"@id\":\"https:\/\/vieassociative.be\/actualites\/une-reception-triomphante-pour-les-anciens-et-nouveaux-champions-europeens-deurope-de-basket-ball-sur-le-grandplace\/#primaryimage\",\"url\":\"https:\/\/vieassociative.be\/actualites\/wp-content\/uploads\/2025\/07\/1751336220_Une-reception-triomphante-pour-les-anciens-et-nouveaux-champions-europeens.jpg\",\"contentUrl\":\"https:\/\/vieassociative.be\/actualites\/wp-content\/uploads\/2025\/07\/1751336220_Une-reception-triomphante-pour-les-anciens-et-nouveaux-champions-europeens.jpg\",\"width\":1200,\"height\":800,\"caption\":\"Une r\u00e9ception triomphante pour les anciens et nouveaux champions europ\u00e9ens d'Europe de basket-ball sur le Grand'Place\"},{\"@type\":\"BreadcrumbList\",\"@id\":\"https:\/\/vieassociative.be\/actualites\/une-reception-triomphante-pour-les-anciens-et-nouveaux-champions-europeens-deurope-de-basket-ball-sur-le-grandplace\/#breadcrumb\",\"itemListElement\":[{\"@type\":\"ListItem\",\"position\":1,\"name\":\"Accueil\",\"item\":\"https:\/\/vieassociative.be\/actualites\/\"},{\"@type\":\"ListItem\",\"position\":2,\"name\":\"Une r\u00e9ception triomphante pour les anciens et nouveaux champions europ\u00e9ens d&rsquo;Europe de basket-ball sur le Grand&rsquo;Place\"}]},{\"@type\":\"WebSite\",\"@id\":\"https:\/\/vieassociative.be\/actualites\/#website\",\"url\":\"https:\/\/vieassociative.be\/actualites\/\",\"name\":\"Vie Associative\",\"description\":\"\",\"publisher\":{\"@id\":\"https:\/\/vieassociative.be\/actualites\/#organization\"},\"potentialAction\":[{\"@type\":\"SearchAction\",\"target\":{\"@type\":\"EntryPoint\",\"urlTemplate\":\"https:\/\/vieassociative.be\/actualites\/?s={search_term_string}\"},\"query-input\":{\"@type\":\"PropertyValueSpecification\",\"valueRequired\":true,\"valueName\":\"search_term_string\"}}],\"inLanguage\":\"fr-BE\"},{\"@type\":\"Organization\",\"@id\":\"https:\/\/vieassociative.be\/actualites\/#organization\",\"name\":\"Vie Associative\",\"url\":\"https:\/\/vieassociative.be\/actualites\/\",\"logo\":{\"@type\":\"ImageObject\",\"inLanguage\":\"fr-BE\",\"@id\":\"https:\/\/vieassociative.be\/actualites\/#\/schema\/logo\/image\/\",\"url\":\"https:\/\/vieassociative.be\/actualites\/wp-content\/uploads\/2024\/09\/cropped-vieassociative_favicon.ico.png\",\"contentUrl\":\"https:\/\/vieassociative.be\/actualites\/wp-content\/uploads\/2024\/09\/cropped-vieassociative_favicon.ico.png\",\"width\":512,\"height\":512,\"caption\":\"Vie Associative\"},\"image\":{\"@id\":\"https:\/\/vieassociative.be\/actualites\/#\/schema\/logo\/image\/\"}},{\"@type\":\"Person\",\"@id\":\"https:\/\/vieassociative.be\/actualites\/#\/schema\/person\/b87ac4f82f9d4e7b7cec7395b679edc4\",\"name\":\"Julien\",\"image\":{\"@type\":\"ImageObject\",\"inLanguage\":\"fr-BE\",\"@id\":\"https:\/\/vieassociative.be\/actualites\/#\/schema\/person\/image\/\",\"url\":\"https:\/\/vieassociative.be\/actualites\/wp-content\/uploads\/2024\/09\/vie-associative-1-150x150.jpg\",\"contentUrl\":\"https:\/\/vieassociative.be\/actualites\/wp-content\/uploads\/2024\/09\/vie-associative-1-150x150.jpg\",\"caption\":\"Julien\"},\"description\":\"Je suis Julien, r\u00e9dacteur pour Vie Associative. Passionn\u00e9 par le monde associatif depuis plus de 10 ans, j'ai \u00e0 c\u0153ur de partager des histoires inspirantes et de mettre en lumi\u00e8re les initiatives locales. Mon objectif est de sensibiliser et d'encourager l'engagement communautaire \u00e0 travers mes articles.\",\"sameAs\":[\"https:\/\/vieassociative.be\/\"]}]}<\/script>\n<!-- \/ Yoast SEO plugin. -->","yoast_head_json":{"title":"Une r\u00e9ception triomphante pour les anciens et nouveaux champions europ\u00e9ens d'Europe de basket-ball sur le Grand'Place | Vie Associative","robots":{"index":"index","follow":"follow","max-snippet":"max-snippet:-1","max-image-preview":"max-image-preview:large","max-video-preview":"max-video-preview:-1"},"canonical":"https:\/\/vieassociative.be\/actualites\/une-reception-triomphante-pour-les-anciens-et-nouveaux-champions-europeens-deurope-de-basket-ball-sur-le-grandplace\/","og_locale":"fr_FR","og_type":"article","og_title":"Une r\u00e9ception triomphante pour les anciens et nouveaux champions europ\u00e9ens d'Europe de basket-ball sur le Grand'Place | Vie Associative","og_description":"Mis \u00e0 jour &#8211; une journ\u00e9e qui restera dans les m\u00e9moires des basketteurs belges: pour la deuxi\u00e8me fois cons\u00e9cutive, les chats belges ont dirig\u00e9 le","og_url":"https:\/\/vieassociative.be\/actualites\/une-reception-triomphante-pour-les-anciens-et-nouveaux-champions-europeens-deurope-de-basket-ball-sur-le-grandplace\/","og_site_name":"Vie Associative","article_published_time":"2025-07-01T02:16:59+00:00","og_image":[{"width":279,"height":92,"url":"https:\/\/vieassociative.be\/actualites\/wp-content\/uploads\/2024\/09\/header_backgroundk-01-e1726694325946.png","type":"image\/png"}],"author":"Julien","twitter_card":"summary_large_image","twitter_misc":{"\u00c9crit par":"Julien","Dur\u00e9e de lecture est.":"4 minutes"},"schema":{"@context":"https:\/\/schema.org","@graph":[{"@type":"Article","@id":"https:\/\/vieassociative.be\/actualites\/une-reception-triomphante-pour-les-anciens-et-nouveaux-champions-europeens-deurope-de-basket-ball-sur-le-grandplace\/#article","isPartOf":{"@id":"https:\/\/vieassociative.be\/actualites\/une-reception-triomphante-pour-les-anciens-et-nouveaux-champions-europeens-deurope-de-basket-ball-sur-le-grandplace\/"},"author":{"name":"Julien","@id":"https:\/\/vieassociative.be\/actualites\/#\/schema\/person\/b87ac4f82f9d4e7b7cec7395b679edc4"},"headline":"Une r\u00e9ception triomphante pour les anciens et nouveaux champions europ\u00e9ens d&rsquo;Europe de basket-ball sur le Grand&rsquo;Place","datePublished":"2025-07-01T02:16:59+00:00","dateModified":"2025-07-01T02:16:59+00:00","mainEntityOfPage":{"@id":"https:\/\/vieassociative.be\/actualites\/une-reception-triomphante-pour-les-anciens-et-nouveaux-champions-europeens-deurope-de-basket-ball-sur-le-grandplace\/"},"wordCount":930,"publisher":{"@id":"https:\/\/vieassociative.be\/actualites\/#organization"},"image":{"@id":"https:\/\/vieassociative.be\/actualites\/une-reception-triomphante-pour-les-anciens-et-nouveaux-champions-europeens-deurope-de-basket-ball-sur-le-grandplace\/#primaryimage"},"thumbnailUrl":"https:\/\/vieassociative.be\/actualites\/wp-content\/uploads\/2025\/07\/1751336220_Une-reception-triomphante-pour-les-anciens-et-nouveaux-champions-europeens.jpg","keywords":["anciens","basketball","Champions","dEurope","europ\u00e9ens","GrandPlace","Les","nouveaux","pour","r\u00e9ception","sur","triomphante","une"],"articleSection":["Belgique"],"inLanguage":"fr-BE"},{"@type":"WebPage","@id":"https:\/\/vieassociative.be\/actualites\/une-reception-triomphante-pour-les-anciens-et-nouveaux-champions-europeens-deurope-de-basket-ball-sur-le-grandplace\/","url":"https:\/\/vieassociative.be\/actualites\/une-reception-triomphante-pour-les-anciens-et-nouveaux-champions-europeens-deurope-de-basket-ball-sur-le-grandplace\/","name":"Une r\u00e9ception triomphante pour les anciens et nouveaux champions europ\u00e9ens d'Europe de basket-ball sur le Grand'Place | Vie Associative","isPartOf":{"@id":"https:\/\/vieassociative.be\/actualites\/#website"},"primaryImageOfPage":{"@id":"https:\/\/vieassociative.be\/actualites\/une-reception-triomphante-pour-les-anciens-et-nouveaux-champions-europeens-deurope-de-basket-ball-sur-le-grandplace\/#primaryimage"},"image":{"@id":"https:\/\/vieassociative.be\/actualites\/une-reception-triomphante-pour-les-anciens-et-nouveaux-champions-europeens-deurope-de-basket-ball-sur-le-grandplace\/#primaryimage"},"thumbnailUrl":"https:\/\/vieassociative.be\/actualites\/wp-content\/uploads\/2025\/07\/1751336220_Une-reception-triomphante-pour-les-anciens-et-nouveaux-champions-europeens.jpg","datePublished":"2025-07-01T02:16:59+00:00","dateModified":"2025-07-01T02:16:59+00:00","breadcrumb":{"@id":"https:\/\/vieassociative.be\/actualites\/une-reception-triomphante-pour-les-anciens-et-nouveaux-champions-europeens-deurope-de-basket-ball-sur-le-grandplace\/#breadcrumb"},"inLanguage":"fr-BE","potentialAction":[{"@type":"ReadAction","target":["https:\/\/vieassociative.be\/actualites\/une-reception-triomphante-pour-les-anciens-et-nouveaux-champions-europeens-deurope-de-basket-ball-sur-le-grandplace\/"]}]},{"@type":"ImageObject","inLanguage":"fr-BE","@id":"https:\/\/vieassociative.be\/actualites\/une-reception-triomphante-pour-les-anciens-et-nouveaux-champions-europeens-deurope-de-basket-ball-sur-le-grandplace\/#primaryimage","url":"https:\/\/vieassociative.be\/actualites\/wp-content\/uploads\/2025\/07\/1751336220_Une-reception-triomphante-pour-les-anciens-et-nouveaux-champions-europeens.jpg","contentUrl":"https:\/\/vieassociative.be\/actualites\/wp-content\/uploads\/2025\/07\/1751336220_Une-reception-triomphante-pour-les-anciens-et-nouveaux-champions-europeens.jpg","width":1200,"height":800,"caption":"Une r\u00e9ception triomphante pour les anciens et nouveaux champions europ\u00e9ens d'Europe de basket-ball sur le Grand'Place"},{"@type":"BreadcrumbList","@id":"https:\/\/vieassociative.be\/actualites\/une-reception-triomphante-pour-les-anciens-et-nouveaux-champions-europeens-deurope-de-basket-ball-sur-le-grandplace\/#breadcrumb","itemListElement":[{"@type":"ListItem","position":1,"name":"Accueil","item":"https:\/\/vieassociative.be\/actualites\/"},{"@type":"ListItem","position":2,"name":"Une r\u00e9ception triomphante pour les anciens et nouveaux champions europ\u00e9ens d&rsquo;Europe de basket-ball sur le Grand&rsquo;Place"}]},{"@type":"WebSite","@id":"https:\/\/vieassociative.be\/actualites\/#website","url":"https:\/\/vieassociative.be\/actualites\/","name":"Vie Associative","description":"","publisher":{"@id":"https:\/\/vieassociative.be\/actualites\/#organization"},"potentialAction":[{"@type":"SearchAction","target":{"@type":"EntryPoint","urlTemplate":"https:\/\/vieassociative.be\/actualites\/?s={search_term_string}"},"query-input":{"@type":"PropertyValueSpecification","valueRequired":true,"valueName":"search_term_string"}}],"inLanguage":"fr-BE"},{"@type":"Organization","@id":"https:\/\/vieassociative.be\/actualites\/#organization","name":"Vie Associative","url":"https:\/\/vieassociative.be\/actualites\/","logo":{"@type":"ImageObject","inLanguage":"fr-BE","@id":"https:\/\/vieassociative.be\/actualites\/#\/schema\/logo\/image\/","url":"https:\/\/vieassociative.be\/actualites\/wp-content\/uploads\/2024\/09\/cropped-vieassociative_favicon.ico.png","contentUrl":"https:\/\/vieassociative.be\/actualites\/wp-content\/uploads\/2024\/09\/cropped-vieassociative_favicon.ico.png","width":512,"height":512,"caption":"Vie Associative"},"image":{"@id":"https:\/\/vieassociative.be\/actualites\/#\/schema\/logo\/image\/"}},{"@type":"Person","@id":"https:\/\/vieassociative.be\/actualites\/#\/schema\/person\/b87ac4f82f9d4e7b7cec7395b679edc4","name":"Julien","image":{"@type":"ImageObject","inLanguage":"fr-BE","@id":"https:\/\/vieassociative.be\/actualites\/#\/schema\/person\/image\/","url":"https:\/\/vieassociative.be\/actualites\/wp-content\/uploads\/2024\/09\/vie-associative-1-150x150.jpg","contentUrl":"https:\/\/vieassociative.be\/actualites\/wp-content\/uploads\/2024\/09\/vie-associative-1-150x150.jpg","caption":"Julien"},"description":"Je suis Julien, r\u00e9dacteur pour Vie Associative. Passionn\u00e9 par le monde associatif depuis plus de 10 ans, j'ai \u00e0 c\u0153ur de partager des histoires inspirantes et de mettre en lumi\u00e8re les initiatives locales. Mon objectif est de sensibiliser et d'encourager l'engagement communautaire \u00e0 travers mes articles.","sameAs":["https:\/\/vieassociative.be\/"]}]}},"_links":{"self":[{"href":"https:\/\/vieassociative.be\/actualites\/wp-json\/wp\/v2\/posts\/8464"}],"collection":[{"href":"https:\/\/vieassociative.be\/actualites\/wp-json\/wp\/v2\/posts"}],"about":[{"href":"https:\/\/vieassociative.be\/actualites\/wp-json\/wp\/v2\/types\/post"}],"author":[{"embeddable":true,"href":"https:\/\/vieassociative.be\/actualites\/wp-json\/wp\/v2\/users\/1"}],"replies":[{"embeddable":true,"href":"https:\/\/vieassociative.be\/actualites\/wp-json\/wp\/v2\/comments?post=8464"}],"version-history":[{"count":0,"href":"https:\/\/vieassociative.be\/actualites\/wp-json\/wp\/v2\/posts\/8464\/revisions"}],"wp:featuredmedia":[{"embeddable":true,"href":"https:\/\/vieassociative.be\/actualites\/wp-json\/wp\/v2\/media\/8465"}],"wp:attachment":[{"href":"https:\/\/vieassociative.be\/actualites\/wp-json\/wp\/v2\/media?parent=8464"}],"wp:term":[{"taxonomy":"category","embeddable":true,"href":"https:\/\/vieassociative.be\/actualites\/wp-json\/wp\/v2\/categories?post=8464"},{"taxonomy":"post_tag","embeddable":true,"href":"https:\/\/vieassociative.be\/actualites\/wp-json\/wp\/v2\/tags?post=8464"}],"curies":[{"name":"wp","href":"https:\/\/api.w.org\/{rel}","templated":true}]}}