{"id":8458,"date":"2025-07-01T01:17:22","date_gmt":"2025-06-30T23:17:22","guid":{"rendered":"https:\/\/vieassociative.be\/actualites\/modifiez-ce-parametre-pour-empecher-meta-dutiliser-vos-photos-facebook-pour-former-son-ai\/"},"modified":"2025-07-01T01:17:22","modified_gmt":"2025-06-30T23:17:22","slug":"modifiez-ce-parametre-pour-empecher-meta-dutiliser-vos-photos-facebook-pour-former-son-ai","status":"publish","type":"post","link":"https:\/\/vieassociative.be\/actualites\/modifiez-ce-parametre-pour-empecher-meta-dutiliser-vos-photos-facebook-pour-former-son-ai\/","title":{"rendered":"Modifiez ce param\u00e8tre pour emp\u00eacher Meta d&rsquo;utiliser vos photos Facebook pour former son AI"},"content":{"rendered":"<div class=\"mt-4 leading-6 md:mb-8\">Meta incite les utilisateurs \u00e0 accorder un acc\u00e8s continu \u00e0 leurs photos \u00e0 analyser par l&rsquo;IA.<\/div>\n<p><\/p>\n<p>Meta incite les utilisateurs \u00e0 accorder un acc\u00e8s continu \u00e0 leurs photos de rouleaux d&rsquo;appareil photo &#8211; y compris les m\u00e9dias qu&rsquo;ils n&rsquo;ont pas sp\u00e9cifiquement t\u00e9l\u00e9charg\u00e9s sur Facebook &#8211; afin de recevoir des images et des suggestions et des suggestions organis\u00e9es pour les \u00abid\u00e9es cr\u00e9atives\u00bb. <\/p>\n<p>Comme le rapporte TechCrunch, Meta teste actuellement une fonctionnalit\u00e9 qui conduit \u00e0 certains utilisateurs de Facebook \u00e0 voir une fen\u00eatre contextuelle demandant l&rsquo;autorisation de \u00abtraitement du cloud\u00bb. Le message appara\u00eet lorsque les utilisateurs tentent de cr\u00e9er une nouvelle histoire sur Facebook et, si elles sont accept\u00e9es, permettaient \u00e0 Meta de t\u00e9l\u00e9charger les m\u00e9dias de votre appareil vers ses serveurs sur une \u00ab\u00a0base continue\u00a0\u00bb afin de sugg\u00e9rer des collages, des r\u00e9capitulations ou un resyling IA. <\/p>\n<p>Comme nous l&rsquo;avons \u00e9crit, Meta Ai est parmi les pires absolus en ce qui concerne la confidentialit\u00e9 et la s\u00e9curit\u00e9. (Meta en g\u00e9n\u00e9ral a un historique discutable avec la protection des donn\u00e9es des utilisateurs.) Si vous autorisez Meta \u00e0 acc\u00e9der \u00e0 votre rouleau de cam\u00e9ra pour le traitement d&rsquo;image, vous acceptez les termes d&rsquo;IA de Meta, qui incluent le droit d&rsquo;analyser vos fonctionnalit\u00e9s m\u00e9diatiques et faciales et de \u00ab\u00a0conserver et d&rsquo;utiliser\u00a0\u00bb les informations personnelles que vous avez partag\u00e9es.  <\/p>\n<p>Bien que Facebook ait d\u00e9clar\u00e9 que la fonctionnalit\u00e9 est un test, la possibilit\u00e9 d&rsquo;opter pour donner \u00e0 Meta acc\u00e8s \u00e0 vos photos ne semble pas \u00eatre toute nouvelle. Toi <em>peut<\/em> Activez-le dans vos param\u00e8tres Facebook, car il est d\u00e9sactiv\u00e9 par d\u00e9faut, mais vous ne devriez probablement pas, et vous devriez refuser l&rsquo;invite contextuelle si vous ne voulez pas remettre plus de donn\u00e9es \u00e0 Meta. <\/p>\n<div class=\"pogoClear relative my-10 border-b-(1.5px) border-t-(1.5px) border-dashed border-black py-5 sm:my-14 sm:border-0 sm:py-0\" data-ga-click data-ga-template=\"News\" data-ga-module=\"openweb_widget\" data-ga-element=\"openweb_scroll\" data-ga-item=\"openweb_scroll_midpage\" x-data=\"{\n         commentsCount: null,\n         hasComments: false,\n         async fetchCommentsCount() {\n             try {\n                 if (window.openweb &amp;&amp; typeof window.openweb.getMessagesCount === 'function') {\n                     this.commentsCount = await window.openweb.getMessagesCount('01JYZ9R5TNZHNZ6VGPQYARCF4K');\n                     this.hasComments = this.commentsCount !== null &amp;&amp; this.commentsCount &gt; 0;\n                 }\n             } catch (e) {\n                 console.warn('Failed to fetch comment count:', e);\n             }\n         }\n     }\" x-init=\"fetchCommentsCount()\" x-cloak><\/p>\n<div class=\"absolute top-1\/2 hidden w-full -translate-y-1\/2 border-t-(1.5px) border-dashed border-black sm:block\"><\/div>\n<div class=\"relative flex justify-center\">\n<div class=\"flex max-w-fit items-center gap-x-3 bg-white px-5\">\n<div class=\"relative\">\n                <span class=\"absolute left-1\/2 top-1\/2 -translate-x-1\/2 -translate-y-1\/2 font-akshar text-sm font-medium text-black\" aria-live=\"polite\" x-show=\"hasComments\" x-text=\"commentsCount\"><\/span><\/p>\n<p>                <svg class=\"h-8 w-8 text-black\" role=\"img\" aria-hidden=\"true\">\n                    <use href=\"http:\/\/lifehacker.com\/images\/icons\/spritemap.svg#sprite-chat-bubble\"><\/use>\n                <\/svg>\n            <\/div>\n<p>            <span class=\"text-sm font-medium text-black\"><\/p>\n<p>                Que pensez-vous jusqu&rsquo;\u00e0 pr\u00e9sent?<br \/>\n                <button class=\"ml-1 font-semibold text-brand-green underline hover:text-brand-green-700\" type=\"button\" aria-label=\"Comment section trigger\" onclick=\"window.openweb.scrollToComments('01JYZ9R5TNZHNZ6VGPQYARCF4K')\" x-text=\"hasComments ? 'Post a comment.' : 'Be the first to post a comment.'\"><\/button><br \/>\n            <\/span>\n        <\/div>\n<\/p><\/div>\n<\/div>\n<h2 id=\"how-to-manage-your-meta-ai-photo-permissions\">Comment g\u00e9rer vos autorisations photo m\u00e9ta-ai<\/h2>\n<p>Si vous voyez la fen\u00eatre contextuelle sur Facebook, vous pouvez taper <strong>Ne permettez pas<\/strong> Pour emp\u00eacher la fonction de suggestion de l&rsquo;IA d&rsquo;acc\u00e9der \u00e0 votre rouleau de cam\u00e9ra. Vous pouvez vous assurer qu&rsquo;il est d\u00e9sactiv\u00e9 dans les param\u00e8tres de votre application Facebook: acc\u00e9dez au menu en appuyant sur votre photo de profil suivie de l&rsquo;ic\u00f4ne des param\u00e8tres. Faites d\u00e9filer les suggestions de partage de la cam\u00e9ra et v\u00e9rifiez que <strong>Obtenez des id\u00e9es cr\u00e9atives faites pour vous en permettant un traitement de nuage de plis de la cam\u00e9ra<\/strong> est bascul\u00e9. <\/p>\n<p>Vous devez \u00e9galement saisir cette occasion pour auditer les applications qui ont acc\u00e8s \u00e0 votre biblioth\u00e8que photo et r\u00e9voquer toutes les autorisations qui ne sont pas absolument n\u00e9cessaires pour la fonctionnalit\u00e9 principale de l&rsquo;application. Bien que ces autorisations puissent \u00eatre principalement inoffensives, il existe des campagnes de logiciels malveillants qui ciblent les informations sensibles trouv\u00e9es dans vos photos et captures d&rsquo;\u00e9cran. <\/p>\n","protected":false},"excerpt":{"rendered":"<p>Meta incite les utilisateurs \u00e0 accorder un acc\u00e8s continu \u00e0 leurs photos \u00e0 analyser par l&rsquo;IA. Meta incite les utilisateurs \u00e0 accorder un acc\u00e8s continu<\/p>\n","protected":false},"author":1,"featured_media":8459,"comment_status":"","ping_status":"","sticky":false,"template":"","format":"standard","meta":{"footnotes":""},"categories":[13],"tags":[120,1889,3889,487,1644,7564,283,81,800,27],"class_list":["post-8458","post","type-post","status-publish","format-standard","has-post-thumbnail","hentry","category-technologie","tag-dutiliser","tag-empecher","tag-facebook","tag-meta","tag-modifiez","tag-parametre","tag-photos","tag-pour","tag-son","tag-vos","generate-columns","tablet-grid-50","mobile-grid-100","grid-parent","grid-33"],"yoast_head":"<!-- This site is optimized with the Yoast SEO plugin v24.0 - https:\/\/yoast.com\/wordpress\/plugins\/seo\/ -->\n<title>Modifiez ce param\u00e8tre pour emp\u00eacher Meta d&#039;utiliser vos photos Facebook pour former son AI | Vie Associative<\/title>\n<meta name=\"robots\" content=\"index, follow, max-snippet:-1, max-image-preview:large, max-video-preview:-1\" \/>\n<link rel=\"canonical\" href=\"https:\/\/vieassociative.be\/actualites\/modifiez-ce-parametre-pour-empecher-meta-dutiliser-vos-photos-facebook-pour-former-son-ai\/\" \/>\n<meta property=\"og:locale\" content=\"fr_FR\" \/>\n<meta property=\"og:type\" content=\"article\" \/>\n<meta property=\"og:title\" content=\"Modifiez ce param\u00e8tre pour emp\u00eacher Meta d&#039;utiliser vos photos Facebook pour former son AI | Vie Associative\" \/>\n<meta property=\"og:description\" content=\"Meta incite les utilisateurs \u00e0 accorder un acc\u00e8s continu \u00e0 leurs photos \u00e0 analyser par l&rsquo;IA. Meta incite les utilisateurs \u00e0 accorder un acc\u00e8s continu\" \/>\n<meta property=\"og:url\" content=\"https:\/\/vieassociative.be\/actualites\/modifiez-ce-parametre-pour-empecher-meta-dutiliser-vos-photos-facebook-pour-former-son-ai\/\" \/>\n<meta property=\"og:site_name\" content=\"Vie Associative\" \/>\n<meta property=\"article:published_time\" content=\"2025-06-30T23:17:22+00:00\" \/>\n<meta property=\"og:image\" content=\"https:\/\/vieassociative.be\/actualites\/wp-content\/uploads\/2024\/09\/header_backgroundk-01-e1726694325946.png\" \/>\n\t<meta property=\"og:image:width\" content=\"279\" \/>\n\t<meta property=\"og:image:height\" content=\"92\" \/>\n\t<meta property=\"og:image:type\" content=\"image\/png\" \/>\n<meta name=\"author\" content=\"Julien\" \/>\n<meta name=\"twitter:card\" content=\"summary_large_image\" \/>\n<meta name=\"twitter:label1\" content=\"\u00c9crit par\" \/>\n\t<meta name=\"twitter:data1\" content=\"Julien\" \/>\n\t<meta name=\"twitter:label2\" content=\"Dur\u00e9e de lecture est.\" \/>\n\t<meta name=\"twitter:data2\" content=\"2 minutes\" \/>\n<script type=\"application\/ld+json\" class=\"yoast-schema-graph\">{\"@context\":\"https:\/\/schema.org\",\"@graph\":[{\"@type\":\"Article\",\"@id\":\"https:\/\/vieassociative.be\/actualites\/modifiez-ce-parametre-pour-empecher-meta-dutiliser-vos-photos-facebook-pour-former-son-ai\/#article\",\"isPartOf\":{\"@id\":\"https:\/\/vieassociative.be\/actualites\/modifiez-ce-parametre-pour-empecher-meta-dutiliser-vos-photos-facebook-pour-former-son-ai\/\"},\"author\":{\"name\":\"Julien\",\"@id\":\"https:\/\/vieassociative.be\/actualites\/#\/schema\/person\/b87ac4f82f9d4e7b7cec7395b679edc4\"},\"headline\":\"Modifiez ce param\u00e8tre pour emp\u00eacher Meta d&rsquo;utiliser vos photos Facebook pour former son AI\",\"datePublished\":\"2025-06-30T23:17:22+00:00\",\"dateModified\":\"2025-06-30T23:17:22+00:00\",\"mainEntityOfPage\":{\"@id\":\"https:\/\/vieassociative.be\/actualites\/modifiez-ce-parametre-pour-empecher-meta-dutiliser-vos-photos-facebook-pour-former-son-ai\/\"},\"wordCount\":514,\"publisher\":{\"@id\":\"https:\/\/vieassociative.be\/actualites\/#organization\"},\"image\":{\"@id\":\"https:\/\/vieassociative.be\/actualites\/modifiez-ce-parametre-pour-empecher-meta-dutiliser-vos-photos-facebook-pour-former-son-ai\/#primaryimage\"},\"thumbnailUrl\":\"https:\/\/vieassociative.be\/actualites\/wp-content\/uploads\/2025\/07\/Modifiez-ce-parametre-pour-empecher-Meta-dutiliser-vos-photos-Facebook.jpg\",\"keywords\":[\"dutiliser\",\"emp\u00eacher\",\"Facebook\",\"Meta\",\"Modifiez\",\"param\u00e8tre\",\"Photos\",\"pour\",\"son\",\"vos\"],\"articleSection\":[\"Technologie\"],\"inLanguage\":\"fr-BE\"},{\"@type\":\"WebPage\",\"@id\":\"https:\/\/vieassociative.be\/actualites\/modifiez-ce-parametre-pour-empecher-meta-dutiliser-vos-photos-facebook-pour-former-son-ai\/\",\"url\":\"https:\/\/vieassociative.be\/actualites\/modifiez-ce-parametre-pour-empecher-meta-dutiliser-vos-photos-facebook-pour-former-son-ai\/\",\"name\":\"Modifiez ce param\u00e8tre pour emp\u00eacher Meta d'utiliser vos photos Facebook pour former son AI | Vie Associative\",\"isPartOf\":{\"@id\":\"https:\/\/vieassociative.be\/actualites\/#website\"},\"primaryImageOfPage\":{\"@id\":\"https:\/\/vieassociative.be\/actualites\/modifiez-ce-parametre-pour-empecher-meta-dutiliser-vos-photos-facebook-pour-former-son-ai\/#primaryimage\"},\"image\":{\"@id\":\"https:\/\/vieassociative.be\/actualites\/modifiez-ce-parametre-pour-empecher-meta-dutiliser-vos-photos-facebook-pour-former-son-ai\/#primaryimage\"},\"thumbnailUrl\":\"https:\/\/vieassociative.be\/actualites\/wp-content\/uploads\/2025\/07\/Modifiez-ce-parametre-pour-empecher-Meta-dutiliser-vos-photos-Facebook.jpg\",\"datePublished\":\"2025-06-30T23:17:22+00:00\",\"dateModified\":\"2025-06-30T23:17:22+00:00\",\"breadcrumb\":{\"@id\":\"https:\/\/vieassociative.be\/actualites\/modifiez-ce-parametre-pour-empecher-meta-dutiliser-vos-photos-facebook-pour-former-son-ai\/#breadcrumb\"},\"inLanguage\":\"fr-BE\",\"potentialAction\":[{\"@type\":\"ReadAction\",\"target\":[\"https:\/\/vieassociative.be\/actualites\/modifiez-ce-parametre-pour-empecher-meta-dutiliser-vos-photos-facebook-pour-former-son-ai\/\"]}]},{\"@type\":\"ImageObject\",\"inLanguage\":\"fr-BE\",\"@id\":\"https:\/\/vieassociative.be\/actualites\/modifiez-ce-parametre-pour-empecher-meta-dutiliser-vos-photos-facebook-pour-former-son-ai\/#primaryimage\",\"url\":\"https:\/\/vieassociative.be\/actualites\/wp-content\/uploads\/2025\/07\/Modifiez-ce-parametre-pour-empecher-Meta-dutiliser-vos-photos-Facebook.jpg\",\"contentUrl\":\"https:\/\/vieassociative.be\/actualites\/wp-content\/uploads\/2025\/07\/Modifiez-ce-parametre-pour-empecher-Meta-dutiliser-vos-photos-Facebook.jpg\",\"width\":1200,\"height\":675,\"caption\":\"Modifiez ce param\u00e8tre pour emp\u00eacher Meta d'utiliser vos photos Facebook pour former son AI\"},{\"@type\":\"BreadcrumbList\",\"@id\":\"https:\/\/vieassociative.be\/actualites\/modifiez-ce-parametre-pour-empecher-meta-dutiliser-vos-photos-facebook-pour-former-son-ai\/#breadcrumb\",\"itemListElement\":[{\"@type\":\"ListItem\",\"position\":1,\"name\":\"Accueil\",\"item\":\"https:\/\/vieassociative.be\/actualites\/\"},{\"@type\":\"ListItem\",\"position\":2,\"name\":\"Modifiez ce param\u00e8tre pour emp\u00eacher Meta d&rsquo;utiliser vos photos Facebook pour former son AI\"}]},{\"@type\":\"WebSite\",\"@id\":\"https:\/\/vieassociative.be\/actualites\/#website\",\"url\":\"https:\/\/vieassociative.be\/actualites\/\",\"name\":\"Vie Associative\",\"description\":\"\",\"publisher\":{\"@id\":\"https:\/\/vieassociative.be\/actualites\/#organization\"},\"potentialAction\":[{\"@type\":\"SearchAction\",\"target\":{\"@type\":\"EntryPoint\",\"urlTemplate\":\"https:\/\/vieassociative.be\/actualites\/?s={search_term_string}\"},\"query-input\":{\"@type\":\"PropertyValueSpecification\",\"valueRequired\":true,\"valueName\":\"search_term_string\"}}],\"inLanguage\":\"fr-BE\"},{\"@type\":\"Organization\",\"@id\":\"https:\/\/vieassociative.be\/actualites\/#organization\",\"name\":\"Vie Associative\",\"url\":\"https:\/\/vieassociative.be\/actualites\/\",\"logo\":{\"@type\":\"ImageObject\",\"inLanguage\":\"fr-BE\",\"@id\":\"https:\/\/vieassociative.be\/actualites\/#\/schema\/logo\/image\/\",\"url\":\"https:\/\/vieassociative.be\/actualites\/wp-content\/uploads\/2024\/09\/cropped-vieassociative_favicon.ico.png\",\"contentUrl\":\"https:\/\/vieassociative.be\/actualites\/wp-content\/uploads\/2024\/09\/cropped-vieassociative_favicon.ico.png\",\"width\":512,\"height\":512,\"caption\":\"Vie Associative\"},\"image\":{\"@id\":\"https:\/\/vieassociative.be\/actualites\/#\/schema\/logo\/image\/\"}},{\"@type\":\"Person\",\"@id\":\"https:\/\/vieassociative.be\/actualites\/#\/schema\/person\/b87ac4f82f9d4e7b7cec7395b679edc4\",\"name\":\"Julien\",\"image\":{\"@type\":\"ImageObject\",\"inLanguage\":\"fr-BE\",\"@id\":\"https:\/\/vieassociative.be\/actualites\/#\/schema\/person\/image\/\",\"url\":\"https:\/\/vieassociative.be\/actualites\/wp-content\/uploads\/2024\/09\/vie-associative-1-150x150.jpg\",\"contentUrl\":\"https:\/\/vieassociative.be\/actualites\/wp-content\/uploads\/2024\/09\/vie-associative-1-150x150.jpg\",\"caption\":\"Julien\"},\"description\":\"Je suis Julien, r\u00e9dacteur pour Vie Associative. Passionn\u00e9 par le monde associatif depuis plus de 10 ans, j'ai \u00e0 c\u0153ur de partager des histoires inspirantes et de mettre en lumi\u00e8re les initiatives locales. Mon objectif est de sensibiliser et d'encourager l'engagement communautaire \u00e0 travers mes articles.\",\"sameAs\":[\"https:\/\/vieassociative.be\/\"]}]}<\/script>\n<!-- \/ Yoast SEO plugin. -->","yoast_head_json":{"title":"Modifiez ce param\u00e8tre pour emp\u00eacher Meta d'utiliser vos photos Facebook pour former son AI | Vie Associative","robots":{"index":"index","follow":"follow","max-snippet":"max-snippet:-1","max-image-preview":"max-image-preview:large","max-video-preview":"max-video-preview:-1"},"canonical":"https:\/\/vieassociative.be\/actualites\/modifiez-ce-parametre-pour-empecher-meta-dutiliser-vos-photos-facebook-pour-former-son-ai\/","og_locale":"fr_FR","og_type":"article","og_title":"Modifiez ce param\u00e8tre pour emp\u00eacher Meta d'utiliser vos photos Facebook pour former son AI | Vie Associative","og_description":"Meta incite les utilisateurs \u00e0 accorder un acc\u00e8s continu \u00e0 leurs photos \u00e0 analyser par l&rsquo;IA. Meta incite les utilisateurs \u00e0 accorder un acc\u00e8s continu","og_url":"https:\/\/vieassociative.be\/actualites\/modifiez-ce-parametre-pour-empecher-meta-dutiliser-vos-photos-facebook-pour-former-son-ai\/","og_site_name":"Vie Associative","article_published_time":"2025-06-30T23:17:22+00:00","og_image":[{"width":279,"height":92,"url":"https:\/\/vieassociative.be\/actualites\/wp-content\/uploads\/2024\/09\/header_backgroundk-01-e1726694325946.png","type":"image\/png"}],"author":"Julien","twitter_card":"summary_large_image","twitter_misc":{"\u00c9crit par":"Julien","Dur\u00e9e de lecture est.":"2 minutes"},"schema":{"@context":"https:\/\/schema.org","@graph":[{"@type":"Article","@id":"https:\/\/vieassociative.be\/actualites\/modifiez-ce-parametre-pour-empecher-meta-dutiliser-vos-photos-facebook-pour-former-son-ai\/#article","isPartOf":{"@id":"https:\/\/vieassociative.be\/actualites\/modifiez-ce-parametre-pour-empecher-meta-dutiliser-vos-photos-facebook-pour-former-son-ai\/"},"author":{"name":"Julien","@id":"https:\/\/vieassociative.be\/actualites\/#\/schema\/person\/b87ac4f82f9d4e7b7cec7395b679edc4"},"headline":"Modifiez ce param\u00e8tre pour emp\u00eacher Meta d&rsquo;utiliser vos photos Facebook pour former son AI","datePublished":"2025-06-30T23:17:22+00:00","dateModified":"2025-06-30T23:17:22+00:00","mainEntityOfPage":{"@id":"https:\/\/vieassociative.be\/actualites\/modifiez-ce-parametre-pour-empecher-meta-dutiliser-vos-photos-facebook-pour-former-son-ai\/"},"wordCount":514,"publisher":{"@id":"https:\/\/vieassociative.be\/actualites\/#organization"},"image":{"@id":"https:\/\/vieassociative.be\/actualites\/modifiez-ce-parametre-pour-empecher-meta-dutiliser-vos-photos-facebook-pour-former-son-ai\/#primaryimage"},"thumbnailUrl":"https:\/\/vieassociative.be\/actualites\/wp-content\/uploads\/2025\/07\/Modifiez-ce-parametre-pour-empecher-Meta-dutiliser-vos-photos-Facebook.jpg","keywords":["dutiliser","emp\u00eacher","Facebook","Meta","Modifiez","param\u00e8tre","Photos","pour","son","vos"],"articleSection":["Technologie"],"inLanguage":"fr-BE"},{"@type":"WebPage","@id":"https:\/\/vieassociative.be\/actualites\/modifiez-ce-parametre-pour-empecher-meta-dutiliser-vos-photos-facebook-pour-former-son-ai\/","url":"https:\/\/vieassociative.be\/actualites\/modifiez-ce-parametre-pour-empecher-meta-dutiliser-vos-photos-facebook-pour-former-son-ai\/","name":"Modifiez ce param\u00e8tre pour emp\u00eacher Meta d'utiliser vos photos Facebook pour former son AI | Vie Associative","isPartOf":{"@id":"https:\/\/vieassociative.be\/actualites\/#website"},"primaryImageOfPage":{"@id":"https:\/\/vieassociative.be\/actualites\/modifiez-ce-parametre-pour-empecher-meta-dutiliser-vos-photos-facebook-pour-former-son-ai\/#primaryimage"},"image":{"@id":"https:\/\/vieassociative.be\/actualites\/modifiez-ce-parametre-pour-empecher-meta-dutiliser-vos-photos-facebook-pour-former-son-ai\/#primaryimage"},"thumbnailUrl":"https:\/\/vieassociative.be\/actualites\/wp-content\/uploads\/2025\/07\/Modifiez-ce-parametre-pour-empecher-Meta-dutiliser-vos-photos-Facebook.jpg","datePublished":"2025-06-30T23:17:22+00:00","dateModified":"2025-06-30T23:17:22+00:00","breadcrumb":{"@id":"https:\/\/vieassociative.be\/actualites\/modifiez-ce-parametre-pour-empecher-meta-dutiliser-vos-photos-facebook-pour-former-son-ai\/#breadcrumb"},"inLanguage":"fr-BE","potentialAction":[{"@type":"ReadAction","target":["https:\/\/vieassociative.be\/actualites\/modifiez-ce-parametre-pour-empecher-meta-dutiliser-vos-photos-facebook-pour-former-son-ai\/"]}]},{"@type":"ImageObject","inLanguage":"fr-BE","@id":"https:\/\/vieassociative.be\/actualites\/modifiez-ce-parametre-pour-empecher-meta-dutiliser-vos-photos-facebook-pour-former-son-ai\/#primaryimage","url":"https:\/\/vieassociative.be\/actualites\/wp-content\/uploads\/2025\/07\/Modifiez-ce-parametre-pour-empecher-Meta-dutiliser-vos-photos-Facebook.jpg","contentUrl":"https:\/\/vieassociative.be\/actualites\/wp-content\/uploads\/2025\/07\/Modifiez-ce-parametre-pour-empecher-Meta-dutiliser-vos-photos-Facebook.jpg","width":1200,"height":675,"caption":"Modifiez ce param\u00e8tre pour emp\u00eacher Meta d'utiliser vos photos Facebook pour former son AI"},{"@type":"BreadcrumbList","@id":"https:\/\/vieassociative.be\/actualites\/modifiez-ce-parametre-pour-empecher-meta-dutiliser-vos-photos-facebook-pour-former-son-ai\/#breadcrumb","itemListElement":[{"@type":"ListItem","position":1,"name":"Accueil","item":"https:\/\/vieassociative.be\/actualites\/"},{"@type":"ListItem","position":2,"name":"Modifiez ce param\u00e8tre pour emp\u00eacher Meta d&rsquo;utiliser vos photos Facebook pour former son AI"}]},{"@type":"WebSite","@id":"https:\/\/vieassociative.be\/actualites\/#website","url":"https:\/\/vieassociative.be\/actualites\/","name":"Vie Associative","description":"","publisher":{"@id":"https:\/\/vieassociative.be\/actualites\/#organization"},"potentialAction":[{"@type":"SearchAction","target":{"@type":"EntryPoint","urlTemplate":"https:\/\/vieassociative.be\/actualites\/?s={search_term_string}"},"query-input":{"@type":"PropertyValueSpecification","valueRequired":true,"valueName":"search_term_string"}}],"inLanguage":"fr-BE"},{"@type":"Organization","@id":"https:\/\/vieassociative.be\/actualites\/#organization","name":"Vie Associative","url":"https:\/\/vieassociative.be\/actualites\/","logo":{"@type":"ImageObject","inLanguage":"fr-BE","@id":"https:\/\/vieassociative.be\/actualites\/#\/schema\/logo\/image\/","url":"https:\/\/vieassociative.be\/actualites\/wp-content\/uploads\/2024\/09\/cropped-vieassociative_favicon.ico.png","contentUrl":"https:\/\/vieassociative.be\/actualites\/wp-content\/uploads\/2024\/09\/cropped-vieassociative_favicon.ico.png","width":512,"height":512,"caption":"Vie Associative"},"image":{"@id":"https:\/\/vieassociative.be\/actualites\/#\/schema\/logo\/image\/"}},{"@type":"Person","@id":"https:\/\/vieassociative.be\/actualites\/#\/schema\/person\/b87ac4f82f9d4e7b7cec7395b679edc4","name":"Julien","image":{"@type":"ImageObject","inLanguage":"fr-BE","@id":"https:\/\/vieassociative.be\/actualites\/#\/schema\/person\/image\/","url":"https:\/\/vieassociative.be\/actualites\/wp-content\/uploads\/2024\/09\/vie-associative-1-150x150.jpg","contentUrl":"https:\/\/vieassociative.be\/actualites\/wp-content\/uploads\/2024\/09\/vie-associative-1-150x150.jpg","caption":"Julien"},"description":"Je suis Julien, r\u00e9dacteur pour Vie Associative. Passionn\u00e9 par le monde associatif depuis plus de 10 ans, j'ai \u00e0 c\u0153ur de partager des histoires inspirantes et de mettre en lumi\u00e8re les initiatives locales. Mon objectif est de sensibiliser et d'encourager l'engagement communautaire \u00e0 travers mes articles.","sameAs":["https:\/\/vieassociative.be\/"]}]}},"_links":{"self":[{"href":"https:\/\/vieassociative.be\/actualites\/wp-json\/wp\/v2\/posts\/8458"}],"collection":[{"href":"https:\/\/vieassociative.be\/actualites\/wp-json\/wp\/v2\/posts"}],"about":[{"href":"https:\/\/vieassociative.be\/actualites\/wp-json\/wp\/v2\/types\/post"}],"author":[{"embeddable":true,"href":"https:\/\/vieassociative.be\/actualites\/wp-json\/wp\/v2\/users\/1"}],"replies":[{"embeddable":true,"href":"https:\/\/vieassociative.be\/actualites\/wp-json\/wp\/v2\/comments?post=8458"}],"version-history":[{"count":0,"href":"https:\/\/vieassociative.be\/actualites\/wp-json\/wp\/v2\/posts\/8458\/revisions"}],"wp:featuredmedia":[{"embeddable":true,"href":"https:\/\/vieassociative.be\/actualites\/wp-json\/wp\/v2\/media\/8459"}],"wp:attachment":[{"href":"https:\/\/vieassociative.be\/actualites\/wp-json\/wp\/v2\/media?parent=8458"}],"wp:term":[{"taxonomy":"category","embeddable":true,"href":"https:\/\/vieassociative.be\/actualites\/wp-json\/wp\/v2\/categories?post=8458"},{"taxonomy":"post_tag","embeddable":true,"href":"https:\/\/vieassociative.be\/actualites\/wp-json\/wp\/v2\/tags?post=8458"}],"curies":[{"name":"wp","href":"https:\/\/api.w.org\/{rel}","templated":true}]}}