{"id":8457,"date":"2025-06-30T22:18:03","date_gmt":"2025-06-30T20:18:03","guid":{"rendered":"https:\/\/vieassociative.be\/actualites\/les-cyclistes-tombent-du-velo-le-quad-roule-sur-la-terrasse-sans-conducteur\/"},"modified":"2025-06-30T22:18:03","modified_gmt":"2025-06-30T20:18:03","slug":"les-cyclistes-tombent-du-velo-le-quad-roule-sur-la-terrasse-sans-conducteur","status":"publish","type":"post","link":"https:\/\/vieassociative.be\/actualites\/les-cyclistes-tombent-du-velo-le-quad-roule-sur-la-terrasse-sans-conducteur\/","title":{"rendered":"Les cyclistes tombent du v\u00e9lo &#8211; le quad roule sur la terrasse sans conducteur"},"content":{"rendered":"<p><strong>La zone de police de Weser-G\u00f6hl a enregistr\u00e9 plusieurs missions entre le jeudi 26 juin 2025 \u00e0 7 h et le lundi 30 juin 2025. En plus des cambriolages \u00e0 Raeren, Eynatten et Hergenrath, il y a eu deux accidents de la circulation.<\/strong><\/p>\n<p><span id=\"more-419016\"><\/span><strong>&#8211; Accident de la circulation dans Eupen (1): <\/strong>Le 27\/06 vers 14 h 45, les services de la zone de police de Weser-G\u00f6hl seront signal\u00e9s \u00e0 un bless\u00e9 \u00e0 Eupen. Un cycliste parcourt le Kaperberg en direction de Werthplatz. Il s&rsquo;arr\u00eate au feu rouge. Apr\u00e8s cela, l&rsquo;homme plus \u00e2g\u00e9 continue vers le crochet, o\u00f9, selon le t\u00e9moignage, il tombe dans la fluctuation et tombe du v\u00e9lo sans influence externe. Le cycliste a \u00e9t\u00e9 amen\u00e9 \u00e0 Eupen aux urgences.<\/p>\n<p><strong>&#8211; Accident de la circulation dans Eupen (2):<\/strong> Le 29\/06 vers 19 h 05, les services de la zone de police de Weser-G\u00f6hl seront signal\u00e9s \u00e0 un accident de la circulation avec plusieurs blessures \u00e0 Eupen. Selon les t\u00e9moins, un quad roule \u00e0 la Hufengasse \u00e0 une vitesse accrue vers la place du march\u00e9. Peu de temps avant l&rsquo;intersection, le conducteur quad perd le contr\u00f4le de son v\u00e9hicule et le quad rebondit d&rsquo;un mur avant que les deux d\u00e9tenus ne tombent et que le quad se d\u00e9roule sur la terrasse d&rsquo;un restaurant sans conducteur. Lorsque la police est arriv\u00e9e, les services d&rsquo;urgence sont d\u00e9j\u00e0 sur place.<\/p>\n<p>Un client du restaurant est l\u00e9g\u00e8rement bless\u00e9 et est sous le choc. Les deux occupants du v\u00e9hicule portent des casques protecteurs au moment de l&rsquo;accident, mais sont \u00e9galement bless\u00e9s. Le conducteur est trait\u00e9 \u00e0 l&rsquo;h\u00f4pital Eupen, le passager amen\u00e9 \u00e0 l&rsquo;h\u00f4pital Li\u00e8ge en raison de ses blessures.<\/p>\n<p><strong>&#8211; Divers:<\/strong> La zone de police de Weser-G\u00f6hl souhaite souligner \u00e0 nouveau que la protection des cambriolages ne doit pas \u00eatre co\u00fbteuse et est particuli\u00e8rement importante pendant la saison des f\u00eates. Les conseils et le soutien \u00e0 tous les citoyens sont sur notre site Web: <u>https:\/\/wesgo.be\/site\/index.php\/aktuelles\/264-eu-focus- Against-<\/u><\/p>\n","protected":false},"excerpt":{"rendered":"<p>La zone de police de Weser-G\u00f6hl a enregistr\u00e9 plusieurs missions entre le jeudi 26 juin 2025 \u00e0 7 h et le lundi 30 juin 2025.<\/p>\n","protected":false},"author":1,"featured_media":1939,"comment_status":"","ping_status":"","sticky":false,"template":"","format":"standard","meta":{"footnotes":""},"categories":[298],"tags":[2646,7436,14,7563,7228,130,33,6412,7263,921],"class_list":["post-8457","post","type-post","status-publish","format-standard","has-post-thumbnail","hentry","category-belgique","tag-conducteur","tag-cyclistes","tag-les","tag-quad","tag-roule","tag-sans","tag-sur","tag-terrasse","tag-tombent","tag-velo","generate-columns","tablet-grid-50","mobile-grid-100","grid-parent","grid-33"],"yoast_head":"<!-- This site is optimized with the Yoast SEO plugin v24.0 - https:\/\/yoast.com\/wordpress\/plugins\/seo\/ -->\n<title>Les cyclistes tombent du v\u00e9lo - le quad roule sur la terrasse sans conducteur | Vie Associative<\/title>\n<meta name=\"robots\" content=\"index, follow, max-snippet:-1, max-image-preview:large, max-video-preview:-1\" \/>\n<link rel=\"canonical\" href=\"https:\/\/vieassociative.be\/actualites\/les-cyclistes-tombent-du-velo-le-quad-roule-sur-la-terrasse-sans-conducteur\/\" \/>\n<meta property=\"og:locale\" content=\"fr_FR\" \/>\n<meta property=\"og:type\" content=\"article\" \/>\n<meta property=\"og:title\" content=\"Les cyclistes tombent du v\u00e9lo - le quad roule sur la terrasse sans conducteur | Vie Associative\" \/>\n<meta property=\"og:description\" content=\"La zone de police de Weser-G\u00f6hl a enregistr\u00e9 plusieurs missions entre le jeudi 26 juin 2025 \u00e0 7 h et le lundi 30 juin 2025.\" \/>\n<meta property=\"og:url\" content=\"https:\/\/vieassociative.be\/actualites\/les-cyclistes-tombent-du-velo-le-quad-roule-sur-la-terrasse-sans-conducteur\/\" \/>\n<meta property=\"og:site_name\" content=\"Vie Associative\" \/>\n<meta property=\"article:published_time\" content=\"2025-06-30T20:18:03+00:00\" \/>\n<meta property=\"og:image\" content=\"https:\/\/vieassociative.be\/actualites\/wp-content\/uploads\/2024\/09\/header_backgroundk-01-e1726694325946.png\" \/>\n\t<meta property=\"og:image:width\" content=\"279\" \/>\n\t<meta property=\"og:image:height\" content=\"92\" \/>\n\t<meta property=\"og:image:type\" content=\"image\/png\" \/>\n<meta name=\"author\" content=\"Julien\" \/>\n<meta name=\"twitter:card\" content=\"summary_large_image\" \/>\n<meta name=\"twitter:label1\" content=\"\u00c9crit par\" \/>\n\t<meta name=\"twitter:data1\" content=\"Julien\" \/>\n\t<meta name=\"twitter:label2\" content=\"Dur\u00e9e de lecture est.\" \/>\n\t<meta name=\"twitter:data2\" content=\"2 minutes\" \/>\n<script type=\"application\/ld+json\" class=\"yoast-schema-graph\">{\"@context\":\"https:\/\/schema.org\",\"@graph\":[{\"@type\":\"Article\",\"@id\":\"https:\/\/vieassociative.be\/actualites\/les-cyclistes-tombent-du-velo-le-quad-roule-sur-la-terrasse-sans-conducteur\/#article\",\"isPartOf\":{\"@id\":\"https:\/\/vieassociative.be\/actualites\/les-cyclistes-tombent-du-velo-le-quad-roule-sur-la-terrasse-sans-conducteur\/\"},\"author\":{\"name\":\"Julien\",\"@id\":\"https:\/\/vieassociative.be\/actualites\/#\/schema\/person\/b87ac4f82f9d4e7b7cec7395b679edc4\"},\"headline\":\"Les cyclistes tombent du v\u00e9lo &#8211; le quad roule sur la terrasse sans conducteur\",\"datePublished\":\"2025-06-30T20:18:03+00:00\",\"dateModified\":\"2025-06-30T20:18:03+00:00\",\"mainEntityOfPage\":{\"@id\":\"https:\/\/vieassociative.be\/actualites\/les-cyclistes-tombent-du-velo-le-quad-roule-sur-la-terrasse-sans-conducteur\/\"},\"wordCount\":353,\"publisher\":{\"@id\":\"https:\/\/vieassociative.be\/actualites\/#organization\"},\"image\":{\"@id\":\"https:\/\/vieassociative.be\/actualites\/les-cyclistes-tombent-du-velo-le-quad-roule-sur-la-terrasse-sans-conducteur\/#primaryimage\"},\"thumbnailUrl\":\"https:\/\/vieassociative.be\/actualites\/wp-content\/uploads\/2024\/11\/Raeren-Le-conducteur-tombe-dans-un-micro-sommeil-a-midi.jpeg\",\"keywords\":[\"conducteur\",\"cyclistes\",\"Les\",\"quad\",\"roule\",\"sans\",\"sur\",\"terrasse\",\"tombent\",\"v\u00e9lo\"],\"articleSection\":[\"Belgique\"],\"inLanguage\":\"fr-BE\"},{\"@type\":\"WebPage\",\"@id\":\"https:\/\/vieassociative.be\/actualites\/les-cyclistes-tombent-du-velo-le-quad-roule-sur-la-terrasse-sans-conducteur\/\",\"url\":\"https:\/\/vieassociative.be\/actualites\/les-cyclistes-tombent-du-velo-le-quad-roule-sur-la-terrasse-sans-conducteur\/\",\"name\":\"Les cyclistes tombent du v\u00e9lo - le quad roule sur la terrasse sans conducteur | Vie Associative\",\"isPartOf\":{\"@id\":\"https:\/\/vieassociative.be\/actualites\/#website\"},\"primaryImageOfPage\":{\"@id\":\"https:\/\/vieassociative.be\/actualites\/les-cyclistes-tombent-du-velo-le-quad-roule-sur-la-terrasse-sans-conducteur\/#primaryimage\"},\"image\":{\"@id\":\"https:\/\/vieassociative.be\/actualites\/les-cyclistes-tombent-du-velo-le-quad-roule-sur-la-terrasse-sans-conducteur\/#primaryimage\"},\"thumbnailUrl\":\"https:\/\/vieassociative.be\/actualites\/wp-content\/uploads\/2024\/11\/Raeren-Le-conducteur-tombe-dans-un-micro-sommeil-a-midi.jpeg\",\"datePublished\":\"2025-06-30T20:18:03+00:00\",\"dateModified\":\"2025-06-30T20:18:03+00:00\",\"breadcrumb\":{\"@id\":\"https:\/\/vieassociative.be\/actualites\/les-cyclistes-tombent-du-velo-le-quad-roule-sur-la-terrasse-sans-conducteur\/#breadcrumb\"},\"inLanguage\":\"fr-BE\",\"potentialAction\":[{\"@type\":\"ReadAction\",\"target\":[\"https:\/\/vieassociative.be\/actualites\/les-cyclistes-tombent-du-velo-le-quad-roule-sur-la-terrasse-sans-conducteur\/\"]}]},{\"@type\":\"ImageObject\",\"inLanguage\":\"fr-BE\",\"@id\":\"https:\/\/vieassociative.be\/actualites\/les-cyclistes-tombent-du-velo-le-quad-roule-sur-la-terrasse-sans-conducteur\/#primaryimage\",\"url\":\"https:\/\/vieassociative.be\/actualites\/wp-content\/uploads\/2024\/11\/Raeren-Le-conducteur-tombe-dans-un-micro-sommeil-a-midi.jpeg\",\"contentUrl\":\"https:\/\/vieassociative.be\/actualites\/wp-content\/uploads\/2024\/11\/Raeren-Le-conducteur-tombe-dans-un-micro-sommeil-a-midi.jpeg\",\"width\":1200,\"height\":800,\"caption\":\"Raeren : Le conducteur tombe dans un micro-sommeil \u00e0 midi\"},{\"@type\":\"BreadcrumbList\",\"@id\":\"https:\/\/vieassociative.be\/actualites\/les-cyclistes-tombent-du-velo-le-quad-roule-sur-la-terrasse-sans-conducteur\/#breadcrumb\",\"itemListElement\":[{\"@type\":\"ListItem\",\"position\":1,\"name\":\"Accueil\",\"item\":\"https:\/\/vieassociative.be\/actualites\/\"},{\"@type\":\"ListItem\",\"position\":2,\"name\":\"Les cyclistes tombent du v\u00e9lo &#8211; le quad roule sur la terrasse sans conducteur\"}]},{\"@type\":\"WebSite\",\"@id\":\"https:\/\/vieassociative.be\/actualites\/#website\",\"url\":\"https:\/\/vieassociative.be\/actualites\/\",\"name\":\"Vie Associative\",\"description\":\"\",\"publisher\":{\"@id\":\"https:\/\/vieassociative.be\/actualites\/#organization\"},\"potentialAction\":[{\"@type\":\"SearchAction\",\"target\":{\"@type\":\"EntryPoint\",\"urlTemplate\":\"https:\/\/vieassociative.be\/actualites\/?s={search_term_string}\"},\"query-input\":{\"@type\":\"PropertyValueSpecification\",\"valueRequired\":true,\"valueName\":\"search_term_string\"}}],\"inLanguage\":\"fr-BE\"},{\"@type\":\"Organization\",\"@id\":\"https:\/\/vieassociative.be\/actualites\/#organization\",\"name\":\"Vie Associative\",\"url\":\"https:\/\/vieassociative.be\/actualites\/\",\"logo\":{\"@type\":\"ImageObject\",\"inLanguage\":\"fr-BE\",\"@id\":\"https:\/\/vieassociative.be\/actualites\/#\/schema\/logo\/image\/\",\"url\":\"https:\/\/vieassociative.be\/actualites\/wp-content\/uploads\/2024\/09\/cropped-vieassociative_favicon.ico.png\",\"contentUrl\":\"https:\/\/vieassociative.be\/actualites\/wp-content\/uploads\/2024\/09\/cropped-vieassociative_favicon.ico.png\",\"width\":512,\"height\":512,\"caption\":\"Vie Associative\"},\"image\":{\"@id\":\"https:\/\/vieassociative.be\/actualites\/#\/schema\/logo\/image\/\"}},{\"@type\":\"Person\",\"@id\":\"https:\/\/vieassociative.be\/actualites\/#\/schema\/person\/b87ac4f82f9d4e7b7cec7395b679edc4\",\"name\":\"Julien\",\"image\":{\"@type\":\"ImageObject\",\"inLanguage\":\"fr-BE\",\"@id\":\"https:\/\/vieassociative.be\/actualites\/#\/schema\/person\/image\/\",\"url\":\"https:\/\/vieassociative.be\/actualites\/wp-content\/uploads\/2024\/09\/vie-associative-1-150x150.jpg\",\"contentUrl\":\"https:\/\/vieassociative.be\/actualites\/wp-content\/uploads\/2024\/09\/vie-associative-1-150x150.jpg\",\"caption\":\"Julien\"},\"description\":\"Je suis Julien, r\u00e9dacteur pour Vie Associative. Passionn\u00e9 par le monde associatif depuis plus de 10 ans, j'ai \u00e0 c\u0153ur de partager des histoires inspirantes et de mettre en lumi\u00e8re les initiatives locales. Mon objectif est de sensibiliser et d'encourager l'engagement communautaire \u00e0 travers mes articles.\",\"sameAs\":[\"https:\/\/vieassociative.be\/\"]}]}<\/script>\n<!-- \/ Yoast SEO plugin. -->","yoast_head_json":{"title":"Les cyclistes tombent du v\u00e9lo - le quad roule sur la terrasse sans conducteur | Vie Associative","robots":{"index":"index","follow":"follow","max-snippet":"max-snippet:-1","max-image-preview":"max-image-preview:large","max-video-preview":"max-video-preview:-1"},"canonical":"https:\/\/vieassociative.be\/actualites\/les-cyclistes-tombent-du-velo-le-quad-roule-sur-la-terrasse-sans-conducteur\/","og_locale":"fr_FR","og_type":"article","og_title":"Les cyclistes tombent du v\u00e9lo - le quad roule sur la terrasse sans conducteur | Vie Associative","og_description":"La zone de police de Weser-G\u00f6hl a enregistr\u00e9 plusieurs missions entre le jeudi 26 juin 2025 \u00e0 7 h et le lundi 30 juin 2025.","og_url":"https:\/\/vieassociative.be\/actualites\/les-cyclistes-tombent-du-velo-le-quad-roule-sur-la-terrasse-sans-conducteur\/","og_site_name":"Vie Associative","article_published_time":"2025-06-30T20:18:03+00:00","og_image":[{"width":279,"height":92,"url":"https:\/\/vieassociative.be\/actualites\/wp-content\/uploads\/2024\/09\/header_backgroundk-01-e1726694325946.png","type":"image\/png"}],"author":"Julien","twitter_card":"summary_large_image","twitter_misc":{"\u00c9crit par":"Julien","Dur\u00e9e de lecture est.":"2 minutes"},"schema":{"@context":"https:\/\/schema.org","@graph":[{"@type":"Article","@id":"https:\/\/vieassociative.be\/actualites\/les-cyclistes-tombent-du-velo-le-quad-roule-sur-la-terrasse-sans-conducteur\/#article","isPartOf":{"@id":"https:\/\/vieassociative.be\/actualites\/les-cyclistes-tombent-du-velo-le-quad-roule-sur-la-terrasse-sans-conducteur\/"},"author":{"name":"Julien","@id":"https:\/\/vieassociative.be\/actualites\/#\/schema\/person\/b87ac4f82f9d4e7b7cec7395b679edc4"},"headline":"Les cyclistes tombent du v\u00e9lo &#8211; le quad roule sur la terrasse sans conducteur","datePublished":"2025-06-30T20:18:03+00:00","dateModified":"2025-06-30T20:18:03+00:00","mainEntityOfPage":{"@id":"https:\/\/vieassociative.be\/actualites\/les-cyclistes-tombent-du-velo-le-quad-roule-sur-la-terrasse-sans-conducteur\/"},"wordCount":353,"publisher":{"@id":"https:\/\/vieassociative.be\/actualites\/#organization"},"image":{"@id":"https:\/\/vieassociative.be\/actualites\/les-cyclistes-tombent-du-velo-le-quad-roule-sur-la-terrasse-sans-conducteur\/#primaryimage"},"thumbnailUrl":"https:\/\/vieassociative.be\/actualites\/wp-content\/uploads\/2024\/11\/Raeren-Le-conducteur-tombe-dans-un-micro-sommeil-a-midi.jpeg","keywords":["conducteur","cyclistes","Les","quad","roule","sans","sur","terrasse","tombent","v\u00e9lo"],"articleSection":["Belgique"],"inLanguage":"fr-BE"},{"@type":"WebPage","@id":"https:\/\/vieassociative.be\/actualites\/les-cyclistes-tombent-du-velo-le-quad-roule-sur-la-terrasse-sans-conducteur\/","url":"https:\/\/vieassociative.be\/actualites\/les-cyclistes-tombent-du-velo-le-quad-roule-sur-la-terrasse-sans-conducteur\/","name":"Les cyclistes tombent du v\u00e9lo - le quad roule sur la terrasse sans conducteur | Vie Associative","isPartOf":{"@id":"https:\/\/vieassociative.be\/actualites\/#website"},"primaryImageOfPage":{"@id":"https:\/\/vieassociative.be\/actualites\/les-cyclistes-tombent-du-velo-le-quad-roule-sur-la-terrasse-sans-conducteur\/#primaryimage"},"image":{"@id":"https:\/\/vieassociative.be\/actualites\/les-cyclistes-tombent-du-velo-le-quad-roule-sur-la-terrasse-sans-conducteur\/#primaryimage"},"thumbnailUrl":"https:\/\/vieassociative.be\/actualites\/wp-content\/uploads\/2024\/11\/Raeren-Le-conducteur-tombe-dans-un-micro-sommeil-a-midi.jpeg","datePublished":"2025-06-30T20:18:03+00:00","dateModified":"2025-06-30T20:18:03+00:00","breadcrumb":{"@id":"https:\/\/vieassociative.be\/actualites\/les-cyclistes-tombent-du-velo-le-quad-roule-sur-la-terrasse-sans-conducteur\/#breadcrumb"},"inLanguage":"fr-BE","potentialAction":[{"@type":"ReadAction","target":["https:\/\/vieassociative.be\/actualites\/les-cyclistes-tombent-du-velo-le-quad-roule-sur-la-terrasse-sans-conducteur\/"]}]},{"@type":"ImageObject","inLanguage":"fr-BE","@id":"https:\/\/vieassociative.be\/actualites\/les-cyclistes-tombent-du-velo-le-quad-roule-sur-la-terrasse-sans-conducteur\/#primaryimage","url":"https:\/\/vieassociative.be\/actualites\/wp-content\/uploads\/2024\/11\/Raeren-Le-conducteur-tombe-dans-un-micro-sommeil-a-midi.jpeg","contentUrl":"https:\/\/vieassociative.be\/actualites\/wp-content\/uploads\/2024\/11\/Raeren-Le-conducteur-tombe-dans-un-micro-sommeil-a-midi.jpeg","width":1200,"height":800,"caption":"Raeren : Le conducteur tombe dans un micro-sommeil \u00e0 midi"},{"@type":"BreadcrumbList","@id":"https:\/\/vieassociative.be\/actualites\/les-cyclistes-tombent-du-velo-le-quad-roule-sur-la-terrasse-sans-conducteur\/#breadcrumb","itemListElement":[{"@type":"ListItem","position":1,"name":"Accueil","item":"https:\/\/vieassociative.be\/actualites\/"},{"@type":"ListItem","position":2,"name":"Les cyclistes tombent du v\u00e9lo &#8211; le quad roule sur la terrasse sans conducteur"}]},{"@type":"WebSite","@id":"https:\/\/vieassociative.be\/actualites\/#website","url":"https:\/\/vieassociative.be\/actualites\/","name":"Vie Associative","description":"","publisher":{"@id":"https:\/\/vieassociative.be\/actualites\/#organization"},"potentialAction":[{"@type":"SearchAction","target":{"@type":"EntryPoint","urlTemplate":"https:\/\/vieassociative.be\/actualites\/?s={search_term_string}"},"query-input":{"@type":"PropertyValueSpecification","valueRequired":true,"valueName":"search_term_string"}}],"inLanguage":"fr-BE"},{"@type":"Organization","@id":"https:\/\/vieassociative.be\/actualites\/#organization","name":"Vie Associative","url":"https:\/\/vieassociative.be\/actualites\/","logo":{"@type":"ImageObject","inLanguage":"fr-BE","@id":"https:\/\/vieassociative.be\/actualites\/#\/schema\/logo\/image\/","url":"https:\/\/vieassociative.be\/actualites\/wp-content\/uploads\/2024\/09\/cropped-vieassociative_favicon.ico.png","contentUrl":"https:\/\/vieassociative.be\/actualites\/wp-content\/uploads\/2024\/09\/cropped-vieassociative_favicon.ico.png","width":512,"height":512,"caption":"Vie Associative"},"image":{"@id":"https:\/\/vieassociative.be\/actualites\/#\/schema\/logo\/image\/"}},{"@type":"Person","@id":"https:\/\/vieassociative.be\/actualites\/#\/schema\/person\/b87ac4f82f9d4e7b7cec7395b679edc4","name":"Julien","image":{"@type":"ImageObject","inLanguage":"fr-BE","@id":"https:\/\/vieassociative.be\/actualites\/#\/schema\/person\/image\/","url":"https:\/\/vieassociative.be\/actualites\/wp-content\/uploads\/2024\/09\/vie-associative-1-150x150.jpg","contentUrl":"https:\/\/vieassociative.be\/actualites\/wp-content\/uploads\/2024\/09\/vie-associative-1-150x150.jpg","caption":"Julien"},"description":"Je suis Julien, r\u00e9dacteur pour Vie Associative. Passionn\u00e9 par le monde associatif depuis plus de 10 ans, j'ai \u00e0 c\u0153ur de partager des histoires inspirantes et de mettre en lumi\u00e8re les initiatives locales. Mon objectif est de sensibiliser et d'encourager l'engagement communautaire \u00e0 travers mes articles.","sameAs":["https:\/\/vieassociative.be\/"]}]}},"_links":{"self":[{"href":"https:\/\/vieassociative.be\/actualites\/wp-json\/wp\/v2\/posts\/8457"}],"collection":[{"href":"https:\/\/vieassociative.be\/actualites\/wp-json\/wp\/v2\/posts"}],"about":[{"href":"https:\/\/vieassociative.be\/actualites\/wp-json\/wp\/v2\/types\/post"}],"author":[{"embeddable":true,"href":"https:\/\/vieassociative.be\/actualites\/wp-json\/wp\/v2\/users\/1"}],"replies":[{"embeddable":true,"href":"https:\/\/vieassociative.be\/actualites\/wp-json\/wp\/v2\/comments?post=8457"}],"version-history":[{"count":0,"href":"https:\/\/vieassociative.be\/actualites\/wp-json\/wp\/v2\/posts\/8457\/revisions"}],"wp:featuredmedia":[{"embeddable":true,"href":"https:\/\/vieassociative.be\/actualites\/wp-json\/wp\/v2\/media\/1939"}],"wp:attachment":[{"href":"https:\/\/vieassociative.be\/actualites\/wp-json\/wp\/v2\/media?parent=8457"}],"wp:term":[{"taxonomy":"category","embeddable":true,"href":"https:\/\/vieassociative.be\/actualites\/wp-json\/wp\/v2\/categories?post=8457"},{"taxonomy":"post_tag","embeddable":true,"href":"https:\/\/vieassociative.be\/actualites\/wp-json\/wp\/v2\/tags?post=8457"}],"curies":[{"name":"wp","href":"https:\/\/api.w.org\/{rel}","templated":true}]}}