{"id":8452,"date":"2025-06-30T15:19:44","date_gmt":"2025-06-30T13:19:44","guid":{"rendered":"https:\/\/vieassociative.be\/actualites\/comment-essayer-les-fonctionnalites-beta-des-airpods-dios-26-en-ce-moment-2\/"},"modified":"2025-06-30T15:19:44","modified_gmt":"2025-06-30T13:19:44","slug":"comment-essayer-les-fonctionnalites-beta-des-airpods-dios-26-en-ce-moment-2","status":"publish","type":"post","link":"https:\/\/vieassociative.be\/actualites\/comment-essayer-les-fonctionnalites-beta-des-airpods-dios-26-en-ce-moment-2\/","title":{"rendered":"Comment essayer les fonctionnalit\u00e9s b\u00eata des AirPods d&rsquo;iOS 26 en ce moment"},"content":{"rendered":"<div class=\"mt-4 leading-6 md:mb-8\">Restez au-dessus des derni\u00e8res fonctionnalit\u00e9s AirPods.<\/div>\n<p><\/p>\n<p>L&rsquo;une des nouvelles fonctionnalit\u00e9s les plus sous-estim\u00e9es d&rsquo;iOS 26 consiste \u00e0 essayer de nouvelles fonctionnalit\u00e9s AirPods avant d&rsquo;\u00eatre publi\u00e9es \u00e0 tout le monde. Oui, le nouveau syst\u00e8me d&rsquo;exploitation d&rsquo;Apple vous permet d\u00e9sormais de t\u00e9l\u00e9charger et d&rsquo;installer des mises \u00e0 jour du micrologiciel b\u00eata de vos AirPods. Voici tout ce que vous devez savoir pour l&rsquo;essayer vous-m\u00eame et une liste rapide des fonctionnalit\u00e9s que vous pouvez essayer tout de suite.<\/p>\n<h2 id=\"dont-update-your-airpods-recklessly\">Ne mettez pas \u00e0 jour vos AirPods imprudemment<\/h2>\n<p>Tout d&rsquo;abord, si vous appr\u00e9ciez la fiabilit\u00e9 de tout le reste, je recommanderais d&rsquo;installer le firmware b\u00eata sur vos AirPods. En effet, les b\u00eatas ne sont pas aussi polis que les versions de lib\u00e9ration et peuvent venir avec des bogues. Pour vos AirPods, cela pourrait signifier une d\u00e9connexion fr\u00e9quente, une coupe audio, des probl\u00e8mes d&rsquo;appariement, une qualit\u00e9 de micro d\u00e9grad\u00e9e ou l&rsquo;un des nombreux autres pi\u00e8ges potentiels. Cela ne veut pas dire que vous rencontrerez toujours des probl\u00e8mes lorsque vous utilisez des b\u00eatas, mais il y a toujours un risque de rencontrer des probl\u00e8mes. Bien qu&rsquo;il soit possible de revenir \u00e0 une version stable d&rsquo;iOS ou de macOS m\u00eame apr\u00e8s avoir install\u00e9 une version b\u00eata, vous ne pouvez pas le faire avec AirPods. Il est important de comprendre les risques avant de choisir d&rsquo;essayer ces fonctionnalit\u00e9s b\u00eata.<\/p>\n<h2 id=\"what-you-need-to-try-out-beta-airpods-firmware\">Ce dont vous avez besoin pour essayer le firmware Beta AirPods<\/h2>\n<p>Pour essayer le firmware b\u00eata sur vos AirPods, vous devrez d&rsquo;abord avoir un iPhone \/ iPad ex\u00e9cutant iOS 26 \/ iPados 26, ou \u00e9ventuellement, un Mac ex\u00e9cutant MacOS 26. Les mod\u00e8les AirPods suivants prennent en charge le firmware b\u00eata:<\/p>\n<ul>\n<li>\n<p>AirPods 4<\/p>\n<\/li>\n<li>\n<p>AirPods 4 (avec annulation active du bruit)<\/p>\n<\/li>\n<li>\n<p>AirPods Pro 2 (USB-C)<\/p>\n<\/li>\n<li>\n<p>AirPods Pro 2 (Lightning)<\/p>\n<\/li>\n<\/ul>\n<h2 id=\"how-to-install-airpods-beta-firmware\">Comment installer le firmware AirPods Beta<\/h2>\n<p>Selon le pr\u00e9ambule, le processus d&rsquo;installation r\u00e9el du firmware b\u00eata AirPods est assez simple. Sur votre iPhone ex\u00e9cutant iOS 26, connectez vos AirPods et allez \u00e0 <strong>Param\u00e8tres> Bluetooth<\/strong>. Appuyez sur le <strong>je<\/strong> Bouton \u00e0 c\u00f4t\u00e9 du nom de votre AirPods, faites d\u00e9filer vers le bas et appuyez sur <strong>Mises \u00e0 jour b\u00eata d&rsquo;AirPods<\/strong>. Sur la page suivante, activez la bascule qui appara\u00eet. Ces instructions fonctionnent \u00e9galement pour les appareils ex\u00e9cutant iPados 26.<\/p>\n<div class=\"pogoClear relative my-10 border-b-(1.5px) border-t-(1.5px) border-dashed border-black py-5 sm:my-14 sm:border-0 sm:py-0\" data-ga-click data-ga-template=\"How-To\" data-ga-module=\"openweb_widget\" data-ga-element=\"openweb_scroll\" data-ga-item=\"openweb_scroll_midpage\" x-data=\"{\n         commentsCount: null,\n         hasComments: false,\n         async fetchCommentsCount() {\n             try {\n                 if (window.openweb &amp;&amp; typeof window.openweb.getMessagesCount === 'function') {\n                     this.commentsCount = await window.openweb.getMessagesCount('01JYRW4KXH4NNGBWTX5AM8EM32');\n                     this.hasComments = this.commentsCount !== null &amp;&amp; this.commentsCount &gt; 0;\n                 }\n             } catch (e) {\n                 console.warn('Failed to fetch comment count:', e);\n             }\n         }\n     }\" x-init=\"fetchCommentsCount()\" x-cloak><\/p>\n<div class=\"absolute top-1\/2 hidden w-full -translate-y-1\/2 border-t-(1.5px) border-dashed border-black sm:block\"><\/div>\n<div class=\"relative flex justify-center\">\n<div class=\"flex max-w-fit items-center gap-x-3 bg-white px-5\">\n<div class=\"relative\">\n                <span class=\"absolute left-1\/2 top-1\/2 -translate-x-1\/2 -translate-y-1\/2 font-akshar text-sm font-medium text-black\" aria-live=\"polite\" x-show=\"hasComments\" x-text=\"commentsCount\"><\/span><\/p>\n<p>                <svg class=\"h-8 w-8 text-black\" role=\"img\" aria-hidden=\"true\">\n                    <use href=\"http:\/\/lifehacker.com\/images\/icons\/spritemap.svg#sprite-chat-bubble\"><\/use>\n                <\/svg>\n            <\/div>\n<p>            <span class=\"text-sm font-medium text-black\"><\/p>\n<p>                Que pensez-vous jusqu&rsquo;\u00e0 pr\u00e9sent?<br \/>\n                <button class=\"ml-1 font-semibold text-brand-green underline hover:text-brand-green-700\" type=\"button\" aria-label=\"Comment section trigger\" onclick=\"window.openweb.scrollToComments('01JYRW4KXH4NNGBWTX5AM8EM32')\" x-text=\"hasComments ? 'Post a comment.' : 'Be the first to post a comment.'\"><\/button><br \/>\n            <\/span>\n        <\/div>\n<\/p><\/div>\n<\/div>\n<p>Les utilisateurs de Mac devront attendre un peu avant de pouvoir installer le firmware b\u00eata sur leurs AirPods, mais Apple dit que cela arrive bient\u00f4t. Une fois la fonctionnalit\u00e9 en direct, vous devrez aller \u00e0 <strong>Param\u00e8tres du syst\u00e8me> Bluetooth<\/strong> sur votre mac et appuyez sur le <strong>je<\/strong> Bouton \u00e0 c\u00f4t\u00e9 du nom de votre AirPods. S\u00e9lectionner <strong>Mises \u00e0 jour b\u00eata d&rsquo;AirPods<\/strong> et leur permettre.<\/p>\n<h2 id=\"the-new-ios-26-features-you-can-try-on-your-airpods-now\">Les nouvelles fonctionnalit\u00e9s iOS 26 que vous pouvez essayer sur vos AirPods maintenant<\/h2>\n<p>La mise \u00e0 jour b\u00eata est livr\u00e9e avec un certain nombre de nouvelles fonctionnalit\u00e9s AirPods, il n&rsquo;y a donc pas de p\u00e9nurie de choses \u00e0 essayer. Voici les grands:<\/p>\n<ul>\n<li>\n<p><strong>T\u00e9l\u00e9commande de la cam\u00e9ra<\/strong>: Vous pouvez appuyer sur la tige de vos AirPods pour prendre une photo avec votre iPhone, ou pour d\u00e9marrer \/ arr\u00eater un enregistrement vid\u00e9o.<\/p>\n<\/li>\n<li>\n<p><strong>Meilleure qualit\u00e9 d&rsquo;appel<\/strong>: APPHE APPLICATION APPLICATION DES AUDIO SUR LES CAPPORTS T\u00c9L\u00c9PHONES, CAPPORTS FACETIME et pour d&rsquo;autres applications d&rsquo;appel.<\/p>\n<\/li>\n<li>\n<p><strong>Gardez l&rsquo;audio sur AirPods<\/strong>: Lorsque votre iPhone se connecte \u00e0 d&rsquo;autres appareils Bluetooth, vous pourrez choisir de continuer \u00e0 jouer audio via vos AirPod.<\/p>\n<\/li>\n<li>\n<p><strong>Enregistrement de la \u00abqualit\u00e9 studio\u00bb<\/strong>: Apple dit que le micro de votre AirPods sera en mesure d&rsquo;enregistrer l&rsquo;audio de meilleure qualit\u00e9 dans iOS 26.<\/p>\n<\/li>\n<li>\n<p><strong>Pause automatique au coucher<\/strong>: Lorsque vous portez vos AirPods au lit, ils pourront faire une pause audio automatiquement lorsque vous vous endormez.<\/p>\n<\/li>\n<li>\n<p><strong>Commutation automatique avec carplay<\/strong>: Vous remarquerez que l&rsquo;audio de votre iPhone passe automatiquement \u00e0 CarPlay lorsque vous entrez votre voiture. <\/p>\n<\/li>\n<\/ul>\n","protected":false},"excerpt":{"rendered":"<p>Restez au-dessus des derni\u00e8res fonctionnalit\u00e9s AirPods. L&rsquo;une des nouvelles fonctionnalit\u00e9s les plus sous-estim\u00e9es d&rsquo;iOS 26 consiste \u00e0 essayer de nouvelles fonctionnalit\u00e9s AirPods avant d&rsquo;\u00eatre publi\u00e9es<\/p>\n","protected":false},"author":1,"featured_media":8445,"comment_status":"","ping_status":"","sticky":false,"template":"","format":"standard","meta":{"footnotes":""},"categories":[13],"tags":[15,4813,44,29,285,246,1216,14,1429],"class_list":["post-8452","post","type-post","status-publish","format-standard","has-post-thumbnail","hentry","category-technologie","tag-airpods","tag-beta","tag-comment","tag-des","tag-dios","tag-essayer","tag-fonctionnalites","tag-les","tag-moment","generate-columns","tablet-grid-50","mobile-grid-100","grid-parent","grid-33"],"yoast_head":"<!-- This site is optimized with the Yoast SEO plugin v24.0 - https:\/\/yoast.com\/wordpress\/plugins\/seo\/ -->\n<title>Comment essayer les fonctionnalit\u00e9s b\u00eata des AirPods d&#039;iOS 26 en ce moment | Vie Associative<\/title>\n<meta name=\"robots\" content=\"index, follow, max-snippet:-1, max-image-preview:large, max-video-preview:-1\" \/>\n<link rel=\"canonical\" href=\"https:\/\/vieassociative.be\/actualites\/comment-essayer-les-fonctionnalites-beta-des-airpods-dios-26-en-ce-moment-2\/\" \/>\n<meta property=\"og:locale\" content=\"fr_FR\" \/>\n<meta property=\"og:type\" content=\"article\" \/>\n<meta property=\"og:title\" content=\"Comment essayer les fonctionnalit\u00e9s b\u00eata des AirPods d&#039;iOS 26 en ce moment | Vie Associative\" \/>\n<meta property=\"og:description\" content=\"Restez au-dessus des derni\u00e8res fonctionnalit\u00e9s AirPods. L&rsquo;une des nouvelles fonctionnalit\u00e9s les plus sous-estim\u00e9es d&rsquo;iOS 26 consiste \u00e0 essayer de nouvelles fonctionnalit\u00e9s AirPods avant d&rsquo;\u00eatre publi\u00e9es\" \/>\n<meta property=\"og:url\" content=\"https:\/\/vieassociative.be\/actualites\/comment-essayer-les-fonctionnalites-beta-des-airpods-dios-26-en-ce-moment-2\/\" \/>\n<meta property=\"og:site_name\" content=\"Vie Associative\" \/>\n<meta property=\"article:published_time\" content=\"2025-06-30T13:19:44+00:00\" \/>\n<meta property=\"og:image\" content=\"https:\/\/vieassociative.be\/actualites\/wp-content\/uploads\/2024\/09\/header_backgroundk-01-e1726694325946.png\" \/>\n\t<meta property=\"og:image:width\" content=\"279\" \/>\n\t<meta property=\"og:image:height\" content=\"92\" \/>\n\t<meta property=\"og:image:type\" content=\"image\/png\" \/>\n<meta name=\"author\" content=\"Julien\" \/>\n<meta name=\"twitter:card\" content=\"summary_large_image\" \/>\n<meta name=\"twitter:label1\" content=\"\u00c9crit par\" \/>\n\t<meta name=\"twitter:data1\" content=\"Julien\" \/>\n\t<meta name=\"twitter:label2\" content=\"Dur\u00e9e de lecture est.\" \/>\n\t<meta name=\"twitter:data2\" content=\"3 minutes\" \/>\n<script type=\"application\/ld+json\" class=\"yoast-schema-graph\">{\"@context\":\"https:\/\/schema.org\",\"@graph\":[{\"@type\":\"Article\",\"@id\":\"https:\/\/vieassociative.be\/actualites\/comment-essayer-les-fonctionnalites-beta-des-airpods-dios-26-en-ce-moment-2\/#article\",\"isPartOf\":{\"@id\":\"https:\/\/vieassociative.be\/actualites\/comment-essayer-les-fonctionnalites-beta-des-airpods-dios-26-en-ce-moment-2\/\"},\"author\":{\"name\":\"Julien\",\"@id\":\"https:\/\/vieassociative.be\/actualites\/#\/schema\/person\/b87ac4f82f9d4e7b7cec7395b679edc4\"},\"headline\":\"Comment essayer les fonctionnalit\u00e9s b\u00eata des AirPods d&rsquo;iOS 26 en ce moment\",\"datePublished\":\"2025-06-30T13:19:44+00:00\",\"dateModified\":\"2025-06-30T13:19:44+00:00\",\"mainEntityOfPage\":{\"@id\":\"https:\/\/vieassociative.be\/actualites\/comment-essayer-les-fonctionnalites-beta-des-airpods-dios-26-en-ce-moment-2\/\"},\"wordCount\":689,\"publisher\":{\"@id\":\"https:\/\/vieassociative.be\/actualites\/#organization\"},\"image\":{\"@id\":\"https:\/\/vieassociative.be\/actualites\/comment-essayer-les-fonctionnalites-beta-des-airpods-dios-26-en-ce-moment-2\/#primaryimage\"},\"thumbnailUrl\":\"https:\/\/vieassociative.be\/actualites\/wp-content\/uploads\/2025\/06\/Comment-essayer-les-fonctionnalites-beta-des-AirPods-diOS-26-en.png\",\"keywords\":[\"AirPods\",\"b\u00eata\",\"Comment\",\"Des\",\"diOS\",\"essayer\",\"fonctionnalit\u00e9s\",\"Les\",\"moment\"],\"articleSection\":[\"Technologie\"],\"inLanguage\":\"fr-BE\"},{\"@type\":\"WebPage\",\"@id\":\"https:\/\/vieassociative.be\/actualites\/comment-essayer-les-fonctionnalites-beta-des-airpods-dios-26-en-ce-moment-2\/\",\"url\":\"https:\/\/vieassociative.be\/actualites\/comment-essayer-les-fonctionnalites-beta-des-airpods-dios-26-en-ce-moment-2\/\",\"name\":\"Comment essayer les fonctionnalit\u00e9s b\u00eata des AirPods d'iOS 26 en ce moment | Vie Associative\",\"isPartOf\":{\"@id\":\"https:\/\/vieassociative.be\/actualites\/#website\"},\"primaryImageOfPage\":{\"@id\":\"https:\/\/vieassociative.be\/actualites\/comment-essayer-les-fonctionnalites-beta-des-airpods-dios-26-en-ce-moment-2\/#primaryimage\"},\"image\":{\"@id\":\"https:\/\/vieassociative.be\/actualites\/comment-essayer-les-fonctionnalites-beta-des-airpods-dios-26-en-ce-moment-2\/#primaryimage\"},\"thumbnailUrl\":\"https:\/\/vieassociative.be\/actualites\/wp-content\/uploads\/2025\/06\/Comment-essayer-les-fonctionnalites-beta-des-AirPods-diOS-26-en.png\",\"datePublished\":\"2025-06-30T13:19:44+00:00\",\"dateModified\":\"2025-06-30T13:19:44+00:00\",\"breadcrumb\":{\"@id\":\"https:\/\/vieassociative.be\/actualites\/comment-essayer-les-fonctionnalites-beta-des-airpods-dios-26-en-ce-moment-2\/#breadcrumb\"},\"inLanguage\":\"fr-BE\",\"potentialAction\":[{\"@type\":\"ReadAction\",\"target\":[\"https:\/\/vieassociative.be\/actualites\/comment-essayer-les-fonctionnalites-beta-des-airpods-dios-26-en-ce-moment-2\/\"]}]},{\"@type\":\"ImageObject\",\"inLanguage\":\"fr-BE\",\"@id\":\"https:\/\/vieassociative.be\/actualites\/comment-essayer-les-fonctionnalites-beta-des-airpods-dios-26-en-ce-moment-2\/#primaryimage\",\"url\":\"https:\/\/vieassociative.be\/actualites\/wp-content\/uploads\/2025\/06\/Comment-essayer-les-fonctionnalites-beta-des-AirPods-diOS-26-en.png\",\"contentUrl\":\"https:\/\/vieassociative.be\/actualites\/wp-content\/uploads\/2025\/06\/Comment-essayer-les-fonctionnalites-beta-des-AirPods-diOS-26-en.png\",\"width\":1200,\"height\":675,\"caption\":\"Comment essayer les fonctionnalit\u00e9s b\u00eata des AirPods d'iOS 26 en ce moment\"},{\"@type\":\"BreadcrumbList\",\"@id\":\"https:\/\/vieassociative.be\/actualites\/comment-essayer-les-fonctionnalites-beta-des-airpods-dios-26-en-ce-moment-2\/#breadcrumb\",\"itemListElement\":[{\"@type\":\"ListItem\",\"position\":1,\"name\":\"Accueil\",\"item\":\"https:\/\/vieassociative.be\/actualites\/\"},{\"@type\":\"ListItem\",\"position\":2,\"name\":\"Comment essayer les fonctionnalit\u00e9s b\u00eata des AirPods d&rsquo;iOS 26 en ce moment\"}]},{\"@type\":\"WebSite\",\"@id\":\"https:\/\/vieassociative.be\/actualites\/#website\",\"url\":\"https:\/\/vieassociative.be\/actualites\/\",\"name\":\"Vie Associative\",\"description\":\"\",\"publisher\":{\"@id\":\"https:\/\/vieassociative.be\/actualites\/#organization\"},\"potentialAction\":[{\"@type\":\"SearchAction\",\"target\":{\"@type\":\"EntryPoint\",\"urlTemplate\":\"https:\/\/vieassociative.be\/actualites\/?s={search_term_string}\"},\"query-input\":{\"@type\":\"PropertyValueSpecification\",\"valueRequired\":true,\"valueName\":\"search_term_string\"}}],\"inLanguage\":\"fr-BE\"},{\"@type\":\"Organization\",\"@id\":\"https:\/\/vieassociative.be\/actualites\/#organization\",\"name\":\"Vie Associative\",\"url\":\"https:\/\/vieassociative.be\/actualites\/\",\"logo\":{\"@type\":\"ImageObject\",\"inLanguage\":\"fr-BE\",\"@id\":\"https:\/\/vieassociative.be\/actualites\/#\/schema\/logo\/image\/\",\"url\":\"https:\/\/vieassociative.be\/actualites\/wp-content\/uploads\/2024\/09\/cropped-vieassociative_favicon.ico.png\",\"contentUrl\":\"https:\/\/vieassociative.be\/actualites\/wp-content\/uploads\/2024\/09\/cropped-vieassociative_favicon.ico.png\",\"width\":512,\"height\":512,\"caption\":\"Vie Associative\"},\"image\":{\"@id\":\"https:\/\/vieassociative.be\/actualites\/#\/schema\/logo\/image\/\"}},{\"@type\":\"Person\",\"@id\":\"https:\/\/vieassociative.be\/actualites\/#\/schema\/person\/b87ac4f82f9d4e7b7cec7395b679edc4\",\"name\":\"Julien\",\"image\":{\"@type\":\"ImageObject\",\"inLanguage\":\"fr-BE\",\"@id\":\"https:\/\/vieassociative.be\/actualites\/#\/schema\/person\/image\/\",\"url\":\"https:\/\/vieassociative.be\/actualites\/wp-content\/uploads\/2024\/09\/vie-associative-1-150x150.jpg\",\"contentUrl\":\"https:\/\/vieassociative.be\/actualites\/wp-content\/uploads\/2024\/09\/vie-associative-1-150x150.jpg\",\"caption\":\"Julien\"},\"description\":\"Je suis Julien, r\u00e9dacteur pour Vie Associative. Passionn\u00e9 par le monde associatif depuis plus de 10 ans, j'ai \u00e0 c\u0153ur de partager des histoires inspirantes et de mettre en lumi\u00e8re les initiatives locales. Mon objectif est de sensibiliser et d'encourager l'engagement communautaire \u00e0 travers mes articles.\",\"sameAs\":[\"https:\/\/vieassociative.be\/\"]}]}<\/script>\n<!-- \/ Yoast SEO plugin. -->","yoast_head_json":{"title":"Comment essayer les fonctionnalit\u00e9s b\u00eata des AirPods d'iOS 26 en ce moment | Vie Associative","robots":{"index":"index","follow":"follow","max-snippet":"max-snippet:-1","max-image-preview":"max-image-preview:large","max-video-preview":"max-video-preview:-1"},"canonical":"https:\/\/vieassociative.be\/actualites\/comment-essayer-les-fonctionnalites-beta-des-airpods-dios-26-en-ce-moment-2\/","og_locale":"fr_FR","og_type":"article","og_title":"Comment essayer les fonctionnalit\u00e9s b\u00eata des AirPods d'iOS 26 en ce moment | Vie Associative","og_description":"Restez au-dessus des derni\u00e8res fonctionnalit\u00e9s AirPods. L&rsquo;une des nouvelles fonctionnalit\u00e9s les plus sous-estim\u00e9es d&rsquo;iOS 26 consiste \u00e0 essayer de nouvelles fonctionnalit\u00e9s AirPods avant d&rsquo;\u00eatre publi\u00e9es","og_url":"https:\/\/vieassociative.be\/actualites\/comment-essayer-les-fonctionnalites-beta-des-airpods-dios-26-en-ce-moment-2\/","og_site_name":"Vie Associative","article_published_time":"2025-06-30T13:19:44+00:00","og_image":[{"width":279,"height":92,"url":"https:\/\/vieassociative.be\/actualites\/wp-content\/uploads\/2024\/09\/header_backgroundk-01-e1726694325946.png","type":"image\/png"}],"author":"Julien","twitter_card":"summary_large_image","twitter_misc":{"\u00c9crit par":"Julien","Dur\u00e9e de lecture est.":"3 minutes"},"schema":{"@context":"https:\/\/schema.org","@graph":[{"@type":"Article","@id":"https:\/\/vieassociative.be\/actualites\/comment-essayer-les-fonctionnalites-beta-des-airpods-dios-26-en-ce-moment-2\/#article","isPartOf":{"@id":"https:\/\/vieassociative.be\/actualites\/comment-essayer-les-fonctionnalites-beta-des-airpods-dios-26-en-ce-moment-2\/"},"author":{"name":"Julien","@id":"https:\/\/vieassociative.be\/actualites\/#\/schema\/person\/b87ac4f82f9d4e7b7cec7395b679edc4"},"headline":"Comment essayer les fonctionnalit\u00e9s b\u00eata des AirPods d&rsquo;iOS 26 en ce moment","datePublished":"2025-06-30T13:19:44+00:00","dateModified":"2025-06-30T13:19:44+00:00","mainEntityOfPage":{"@id":"https:\/\/vieassociative.be\/actualites\/comment-essayer-les-fonctionnalites-beta-des-airpods-dios-26-en-ce-moment-2\/"},"wordCount":689,"publisher":{"@id":"https:\/\/vieassociative.be\/actualites\/#organization"},"image":{"@id":"https:\/\/vieassociative.be\/actualites\/comment-essayer-les-fonctionnalites-beta-des-airpods-dios-26-en-ce-moment-2\/#primaryimage"},"thumbnailUrl":"https:\/\/vieassociative.be\/actualites\/wp-content\/uploads\/2025\/06\/Comment-essayer-les-fonctionnalites-beta-des-AirPods-diOS-26-en.png","keywords":["AirPods","b\u00eata","Comment","Des","diOS","essayer","fonctionnalit\u00e9s","Les","moment"],"articleSection":["Technologie"],"inLanguage":"fr-BE"},{"@type":"WebPage","@id":"https:\/\/vieassociative.be\/actualites\/comment-essayer-les-fonctionnalites-beta-des-airpods-dios-26-en-ce-moment-2\/","url":"https:\/\/vieassociative.be\/actualites\/comment-essayer-les-fonctionnalites-beta-des-airpods-dios-26-en-ce-moment-2\/","name":"Comment essayer les fonctionnalit\u00e9s b\u00eata des AirPods d'iOS 26 en ce moment | Vie Associative","isPartOf":{"@id":"https:\/\/vieassociative.be\/actualites\/#website"},"primaryImageOfPage":{"@id":"https:\/\/vieassociative.be\/actualites\/comment-essayer-les-fonctionnalites-beta-des-airpods-dios-26-en-ce-moment-2\/#primaryimage"},"image":{"@id":"https:\/\/vieassociative.be\/actualites\/comment-essayer-les-fonctionnalites-beta-des-airpods-dios-26-en-ce-moment-2\/#primaryimage"},"thumbnailUrl":"https:\/\/vieassociative.be\/actualites\/wp-content\/uploads\/2025\/06\/Comment-essayer-les-fonctionnalites-beta-des-AirPods-diOS-26-en.png","datePublished":"2025-06-30T13:19:44+00:00","dateModified":"2025-06-30T13:19:44+00:00","breadcrumb":{"@id":"https:\/\/vieassociative.be\/actualites\/comment-essayer-les-fonctionnalites-beta-des-airpods-dios-26-en-ce-moment-2\/#breadcrumb"},"inLanguage":"fr-BE","potentialAction":[{"@type":"ReadAction","target":["https:\/\/vieassociative.be\/actualites\/comment-essayer-les-fonctionnalites-beta-des-airpods-dios-26-en-ce-moment-2\/"]}]},{"@type":"ImageObject","inLanguage":"fr-BE","@id":"https:\/\/vieassociative.be\/actualites\/comment-essayer-les-fonctionnalites-beta-des-airpods-dios-26-en-ce-moment-2\/#primaryimage","url":"https:\/\/vieassociative.be\/actualites\/wp-content\/uploads\/2025\/06\/Comment-essayer-les-fonctionnalites-beta-des-AirPods-diOS-26-en.png","contentUrl":"https:\/\/vieassociative.be\/actualites\/wp-content\/uploads\/2025\/06\/Comment-essayer-les-fonctionnalites-beta-des-AirPods-diOS-26-en.png","width":1200,"height":675,"caption":"Comment essayer les fonctionnalit\u00e9s b\u00eata des AirPods d'iOS 26 en ce moment"},{"@type":"BreadcrumbList","@id":"https:\/\/vieassociative.be\/actualites\/comment-essayer-les-fonctionnalites-beta-des-airpods-dios-26-en-ce-moment-2\/#breadcrumb","itemListElement":[{"@type":"ListItem","position":1,"name":"Accueil","item":"https:\/\/vieassociative.be\/actualites\/"},{"@type":"ListItem","position":2,"name":"Comment essayer les fonctionnalit\u00e9s b\u00eata des AirPods d&rsquo;iOS 26 en ce moment"}]},{"@type":"WebSite","@id":"https:\/\/vieassociative.be\/actualites\/#website","url":"https:\/\/vieassociative.be\/actualites\/","name":"Vie Associative","description":"","publisher":{"@id":"https:\/\/vieassociative.be\/actualites\/#organization"},"potentialAction":[{"@type":"SearchAction","target":{"@type":"EntryPoint","urlTemplate":"https:\/\/vieassociative.be\/actualites\/?s={search_term_string}"},"query-input":{"@type":"PropertyValueSpecification","valueRequired":true,"valueName":"search_term_string"}}],"inLanguage":"fr-BE"},{"@type":"Organization","@id":"https:\/\/vieassociative.be\/actualites\/#organization","name":"Vie Associative","url":"https:\/\/vieassociative.be\/actualites\/","logo":{"@type":"ImageObject","inLanguage":"fr-BE","@id":"https:\/\/vieassociative.be\/actualites\/#\/schema\/logo\/image\/","url":"https:\/\/vieassociative.be\/actualites\/wp-content\/uploads\/2024\/09\/cropped-vieassociative_favicon.ico.png","contentUrl":"https:\/\/vieassociative.be\/actualites\/wp-content\/uploads\/2024\/09\/cropped-vieassociative_favicon.ico.png","width":512,"height":512,"caption":"Vie Associative"},"image":{"@id":"https:\/\/vieassociative.be\/actualites\/#\/schema\/logo\/image\/"}},{"@type":"Person","@id":"https:\/\/vieassociative.be\/actualites\/#\/schema\/person\/b87ac4f82f9d4e7b7cec7395b679edc4","name":"Julien","image":{"@type":"ImageObject","inLanguage":"fr-BE","@id":"https:\/\/vieassociative.be\/actualites\/#\/schema\/person\/image\/","url":"https:\/\/vieassociative.be\/actualites\/wp-content\/uploads\/2024\/09\/vie-associative-1-150x150.jpg","contentUrl":"https:\/\/vieassociative.be\/actualites\/wp-content\/uploads\/2024\/09\/vie-associative-1-150x150.jpg","caption":"Julien"},"description":"Je suis Julien, r\u00e9dacteur pour Vie Associative. Passionn\u00e9 par le monde associatif depuis plus de 10 ans, j'ai \u00e0 c\u0153ur de partager des histoires inspirantes et de mettre en lumi\u00e8re les initiatives locales. Mon objectif est de sensibiliser et d'encourager l'engagement communautaire \u00e0 travers mes articles.","sameAs":["https:\/\/vieassociative.be\/"]}]}},"_links":{"self":[{"href":"https:\/\/vieassociative.be\/actualites\/wp-json\/wp\/v2\/posts\/8452"}],"collection":[{"href":"https:\/\/vieassociative.be\/actualites\/wp-json\/wp\/v2\/posts"}],"about":[{"href":"https:\/\/vieassociative.be\/actualites\/wp-json\/wp\/v2\/types\/post"}],"author":[{"embeddable":true,"href":"https:\/\/vieassociative.be\/actualites\/wp-json\/wp\/v2\/users\/1"}],"replies":[{"embeddable":true,"href":"https:\/\/vieassociative.be\/actualites\/wp-json\/wp\/v2\/comments?post=8452"}],"version-history":[{"count":0,"href":"https:\/\/vieassociative.be\/actualites\/wp-json\/wp\/v2\/posts\/8452\/revisions"}],"wp:featuredmedia":[{"embeddable":true,"href":"https:\/\/vieassociative.be\/actualites\/wp-json\/wp\/v2\/media\/8445"}],"wp:attachment":[{"href":"https:\/\/vieassociative.be\/actualites\/wp-json\/wp\/v2\/media?parent=8452"}],"wp:term":[{"taxonomy":"category","embeddable":true,"href":"https:\/\/vieassociative.be\/actualites\/wp-json\/wp\/v2\/categories?post=8452"},{"taxonomy":"post_tag","embeddable":true,"href":"https:\/\/vieassociative.be\/actualites\/wp-json\/wp\/v2\/tags?post=8452"}],"curies":[{"name":"wp","href":"https:\/\/api.w.org\/{rel}","templated":true}]}}