{"id":844,"date":"2024-10-04T16:18:37","date_gmt":"2024-10-04T14:18:37","guid":{"rendered":"https:\/\/vieassociative.be\/actualites\/cette-friteuse-a-air-a-double-panier-peut-cuisiner-un-repas-complet-a-la-fois\/"},"modified":"2024-10-04T16:18:37","modified_gmt":"2024-10-04T14:18:37","slug":"cette-friteuse-a-air-a-double-panier-peut-cuisiner-un-repas-complet-a-la-fois","status":"publish","type":"post","link":"https:\/\/vieassociative.be\/actualites\/cette-friteuse-a-air-a-double-panier-peut-cuisiner-un-repas-complet-a-la-fois\/","title":{"rendered":"Cette friteuse \u00e0 air \u00e0 double panier peut cuisiner un repas complet \u00e0 la fois"},"content":{"rendered":"<div class=\"mt-4 leading-6 md:mb-8\">Pendant que d&rsquo;autres imb\u00e9ciles font frire \u00e0 l&rsquo;air libre avec un maigre panier, vous pouvez cuire et griller en m\u00eame temps.<\/div>\n<p><\/p>\n<p>Il est juste de dire que les friteuses \u00e0 air ont gagn\u00e9 leur place dans la cuisine. Ils peuvent \u00eatre \u00e9conomiques, faciliter l\u2019acc\u00e8s \u00e0 la cuisine et aider les gens \u00e0 pr\u00e9parer des repas plus sains. Mais si vous envisagez d&rsquo;acheter une friteuse \u00e0 air, qu&rsquo;il s&rsquo;agisse de votre premi\u00e8re ou d&rsquo;un remplacement, le grand nombre d&rsquo;options sur le march\u00e9 peut conduire \u00e0 la paralysie de l&rsquo;acheteur. Peut-\u00eatre que je peux vous aider : depuis quelques mois, j&rsquo;utilise la friteuse \u00e0 air Ninja DoubleStack XL, et son design inhabituel pourrait en faire la friteuse \u00e0 air qu&rsquo;il vous faut.<\/p>\n<h2 id=\"why-this-air-fryer-is-special\">Pourquoi cette friteuse \u00e0 air est sp\u00e9ciale <\/h2>\n<p>Le Ninja DoubleStack XL pr\u00e9sente deux caract\u00e9ristiques inhabituelles : il y a deux paniers et ils sont orient\u00e9s verticalement. De nombreuses friteuses \u00e0 air n&rsquo;ont qu&rsquo;un seul panier, ou si elles en ont deux, elles sont c\u00f4te \u00e0 c\u00f4te. Cette exploration verticale r\u00e9pond \u00e0 une de mes grandes pr\u00e9occupations : maximiser l\u2019espace de comptoir. <\/p>\n<p>Dans les appartements, l\u2019espace de comptoir est limit\u00e9 le jour de votre emm\u00e9nagement, et il y a m\u00eame des cuisines dans les maisons qui semblent \u00eatre une r\u00e9flexion apr\u00e8s coup. Ne vous m\u00e9prenez pas, le Ninja DoubleStack n&rsquo;est en aucun cas petit. Il mesure 11,25 pouces sur 19,22 pouces sur 15,14 pouces, ce qui est plus grand qu&rsquo;un bagage \u00e0 main pour certaines compagnies a\u00e9riennes nationales. Cependant, la conception du DoubleStack donne vraiment l\u2019impression qu\u2019il domine moins d\u2019espace dans ma cuisine. <\/p>\n<p>Il faut cependant \u00eatre intelligent quant \u00e0 son placement. Il se trouve que j&rsquo;ai un coin plut\u00f4t inutile de mon comptoir et cette friteuse \u00e0 air se blottit parfaitement juste sous mes armoires sans que j&rsquo;aie \u00e0 la contourner. Je le retire quand je l&rsquo;utilise pour une meilleure ventilation, mais quand j&rsquo;ai fini, je le pousse jusqu&rsquo;au mur, et mes chats l&rsquo;utilisent comme tremplin pour monter et descendre du r\u00e9frig\u00e9rateur.<\/p>\n<h2 id=\"how-the-ninja-doublestack-xl-stacks-up\">Comment le Ninja DoubleStack XL se compare<\/h2>\n<h3>Les avantages<\/h3>\n<ul>\n<li>\n<p>Forme haute et \u00e9lanc\u00e9e<\/p>\n<\/li>\n<li>\n<p>Zones de cuisson s\u00e9par\u00e9es<\/p>\n<\/li>\n<li>\n<p>Panneau num\u00e9rique facile \u00e0 utiliser<\/p>\n<\/li>\n<\/ul>\n<p>Les paniers empil\u00e9s \u00e9clipsent en fait la caract\u00e9ristique la plus pratique de cette friteuse \u00e0 air, \u00e0 savoir les deux zones de cuisson : deux paniers, deux compartiments s\u00e9par\u00e9s, deux ventilateurs et \u00e9l\u00e9ments chauffants s\u00e9par\u00e9s. Il n&rsquo;y a pas de quoi \u00e9ternuer.<\/p>\n<p>L&rsquo;une des plus grandes limitations de la plupart des friteuses \u00e0 air est que vous ne pouvez pas cuire efficacement plusieurs articles qui utilisent des vitesses ou des temp\u00e9ratures de ventilateur diff\u00e9rentes. Vous devez charger le panier ou le plateau, cuisiner une chose, la d\u00e9charger et la recharger avec la suivante. Votre longe de porc r\u00f4ti ou vos escalopes de poulet peuvent \u00eatre froides au moment o\u00f9 les c\u00f4t\u00e9s \u00e9mergent. <\/p>\n<p>Avec le Ninja DoubleStack, vous pouvez charger les deux paniers, en \u00e9tant s\u00fbr que chacun cuira correctement l&rsquo;article individuel, et vous pouvez coordonner votre nourriture pour qu&rsquo;elle finisse \u00e0 peu pr\u00e8s au m\u00eame moment. Le panneau num\u00e9rique est intuitif et permet de d\u00e9marrer facilement une zone de cuisson, d&rsquo;en mettre une autre en pause, d&rsquo;augmenter le temps de cuisson ou de modifier la vitesse du ventilateur (qui se lit g\u00e9n\u00e9ralement comme frire \u00e0 l&rsquo;air, r\u00f4tir, cuire au four, r\u00e9chauffer, etc.). Je donne souvent \u00e0 mes hamburgers v\u00e9g\u00e9tariens deux minutes suppl\u00e9mentaires pour les faire frire \u00e0 l&rsquo;air libre pendant que les petits pains se r\u00e9chauffent doucement dans le tiroir du haut.<\/p>\n<h3>Les inconv\u00e9nients<\/h3>\n<ul>\n<li>\n<p>Fort<\/p>\n<\/li>\n<li>\n<p>\u00c9l\u00e9ments chauffants \u00e0 l&rsquo;arri\u00e8re<\/p>\n<\/li>\n<li>\n<p>Petits paniers<\/p>\n<\/li>\n<li>\n<p>Les morceaux g\u00eanants<\/p>\n<\/li>\n<\/ul>\n<p>C&rsquo;est une petite mais r\u00e9elle nuisance : les friteuses \u00e0 air ne sont pas exactement des machines silencieuses, elles ont toutes un ventilateur tr\u00e8s puissant qui force l&rsquo;air chaud dans l&rsquo;espace du four, mais celle-ci en a deux. Une fois surmont\u00e9 le bruit blanc de l\u2019appareil, ce n\u2019est plus grave ; jusqu&rsquo;\u00e0 ce que vous appuyiez sur un bouton pour le mettre en pause ou le red\u00e9marrer. Toutes les friteuses \u00e0 air Ninja ont le m\u00eame \u00ab boo-BOOP \u00bb fort et j&rsquo;aimerais dans mon c\u0153ur qu&rsquo;il y ait une fonction de contr\u00f4le du volume. <\/p>\n<div class=\"eloquent-imagery-image\">\n<div class=\"flex justify-center\">\n<img decoding=\"async\" class=\"border border-gray-100\" src=\"https:\/\/vieassociative.be\/actualites\/wp-content\/uploads\/2024\/10\/Cette-friteuse-a-air-a-double-panier-peut-cuisiner-un.jpg\" alt=\"Vue int\u00e9rieure de la friteuse \u00e0 air o\u00f9 se trouve le ventilateur \u00e0 l'arri\u00e8re de la machine.\" width=\"2000\" height=\"1124\" loading=\"lazy\"  >\n<\/div>\n<\/div>\n<p>\u00c9tant donn\u00e9 que ce Ninja dispose de deux \u00e9l\u00e9ments chauffants et de ventilateurs, les concepteurs ont pens\u00e9 qu&rsquo;il \u00e9tait pr\u00e9f\u00e9rable de les placer \u00e0 l&rsquo;arri\u00e8re des paniers. Pour r\u00e9f\u00e9rence, la plupart des friteuses \u00e0 air chauffent par le haut. C&rsquo;est bien, mais ce n&rsquo;est pas g\u00e9nial car l&rsquo;arri\u00e8re du panier re\u00e7oit un souffle de chaleur plus direct. J&rsquo;ai d\u00e9couvert que d&rsquo;autres friteuses \u00e0 air chauffent de haut en bas et font dorer les articles \u00e0 l&rsquo;int\u00e9rieur plus rapidement et plus uniform\u00e9ment. <\/p>\n<p>Dans le but de prendre moins de place dans la largeur, la Ninja est dot\u00e9e de paniers plus fins que les friteuses \u00e0 air \u00e0 panier unique. Ninja compense cela avec une petite grille pour chaque panier afin que vous puissiez ajouter plus de nourriture \u00e0 l&rsquo;int\u00e9rieur. Le panier plus fin n&rsquo;est un probl\u00e8me que si vous aimez faire frire des cheesecakes ou des tartes \u00e0 la cr\u00e8me \u00e0 l&rsquo;air libre.<\/p>\n<div class=\"eloquent-imagery-image\">\n<div class=\"flex justify-center\">\n<img decoding=\"async\" class=\"border border-gray-100\" src=\"https:\/\/vieassociative.be\/actualites\/wp-content\/uploads\/2024\/10\/1728051517_461_Cette-friteuse-a-air-a-double-panier-peut-cuisiner-un.jpg\" alt=\"\u00c0 l'int\u00e9rieur du panier d'une friteuse \u00e0 air.\" width=\"2000\" height=\"1124\" loading=\"lazy\"  >\n<\/div>\n<\/div>\n<p>Ce Ninja poss\u00e8de un panneau de commande sur le c\u00f4t\u00e9 droit, que j&rsquo;ai d\u00e9crit comme un \u00ab\u00a0pro\u00a0\u00bb pour sa facilit\u00e9 d&rsquo;utilisation. Cependant, ce panneau d\u00e9passe sur le c\u00f4t\u00e9 et il est fixe. Cela signifie que vous ne pouvez pas le pousser contre un mur du c\u00f4t\u00e9 droit, ni le replier lorsqu&rsquo;il n&rsquo;est pas utilis\u00e9. Les poign\u00e9es sont \u00e9galement <em>\u00e9norme<\/em>. Plusieurs centim\u00e8tres d\u2019espace sont engloutis par ces gigantesques saillies.<\/p>\n<div class=\"eloquent-imagery-image\">\n<div class=\"flex justify-center\">\n<img decoding=\"async\" class=\"border border-gray-100\" src=\"https:\/\/vieassociative.be\/actualites\/wp-content\/uploads\/2024\/10\/1728051517_224_Cette-friteuse-a-air-a-double-panier-peut-cuisiner-un.jpg\" alt=\"Main derri\u00e8re le panneau num\u00e9rique de la friteuse \u00e0 air.\" width=\"2000\" height=\"1124\" loading=\"lazy\"  >\n<\/div>\n<\/div>\n<h2 id=\"is-this-air-fryer-right-for-you\">Cette friteuse \u00e0 air est-elle faite pour vous ?<\/h2>\n<p>Il s&rsquo;agit d&rsquo;une excellente friteuse \u00e0 air pour les m\u00e9nages de plusieurs personnes, les personnes qui font souvent frire \u00e0 l&rsquo;air libre ou qui aiment cuisiner plusieurs composants \u00e0 la fois, en gros, tout leur repas dans la friteuse \u00e0 air. D\u00e9posez une longe de porc enti\u00e8re dans un panier et faites r\u00f4tir des poivrons et des pommes de terre dans l&rsquo;autre. Vous pouvez r\u00e9ellement pr\u00e9parer un repas rapide et appropri\u00e9 sans toucher la cuisini\u00e8re.<\/p>\n<p>Si vous branchez votre friteuse \u00e0 air une fois par semaine pour r\u00e9chauffer des frites, alors le Ninja DoubleStack XL est probablement excessif. De m\u00eame, si votre espace de comptoir est vraiment limit\u00e9, r\u00e9fl\u00e9chissez longuement et s\u00e9rieusement \u00e0 la question de savoir si vous souhaitez \u00e9liminer 15 pouces sur 11 pouces de cet espace. Ce n\u2019est pas le genre de friteuse \u00e0 air que vous pouvez facilement ramasser et jeter dans une armoire jour apr\u00e8s jour. <\/p>\n","protected":false},"excerpt":{"rendered":"<p>Pendant que d&rsquo;autres imb\u00e9ciles font frire \u00e0 l&rsquo;air libre avec un maigre panier, vous pouvez cuire et griller en m\u00eame temps. Il est juste de<\/p>\n","protected":false},"author":1,"featured_media":845,"comment_status":"","ping_status":"","sticky":false,"template":"","format":"standard","meta":{"footnotes":""},"categories":[39],"tags":[1327,206,494,60,1328,774,1326,1329,22,1330],"class_list":["post-844","post","type-post","status-publish","format-standard","has-post-thumbnail","hentry","category-gastronomie","tag-air","tag-cette","tag-complet","tag-cuisiner","tag-double","tag-fois","tag-friteuse","tag-panier","tag-peut","tag-repas","generate-columns","tablet-grid-50","mobile-grid-100","grid-parent","grid-33"],"yoast_head":"<!-- This site is optimized with the Yoast SEO plugin v24.0 - https:\/\/yoast.com\/wordpress\/plugins\/seo\/ -->\n<title>Cette friteuse \u00e0 air \u00e0 double panier peut cuisiner un repas complet \u00e0 la fois | Vie Associative<\/title>\n<meta name=\"robots\" content=\"index, follow, max-snippet:-1, max-image-preview:large, max-video-preview:-1\" \/>\n<link rel=\"canonical\" href=\"https:\/\/vieassociative.be\/actualites\/cette-friteuse-a-air-a-double-panier-peut-cuisiner-un-repas-complet-a-la-fois\/\" \/>\n<meta property=\"og:locale\" content=\"fr_FR\" \/>\n<meta property=\"og:type\" content=\"article\" \/>\n<meta property=\"og:title\" content=\"Cette friteuse \u00e0 air \u00e0 double panier peut cuisiner un repas complet \u00e0 la fois | Vie Associative\" \/>\n<meta property=\"og:description\" content=\"Pendant que d&rsquo;autres imb\u00e9ciles font frire \u00e0 l&rsquo;air libre avec un maigre panier, vous pouvez cuire et griller en m\u00eame temps. Il est juste de\" \/>\n<meta property=\"og:url\" content=\"https:\/\/vieassociative.be\/actualites\/cette-friteuse-a-air-a-double-panier-peut-cuisiner-un-repas-complet-a-la-fois\/\" \/>\n<meta property=\"og:site_name\" content=\"Vie Associative\" \/>\n<meta property=\"article:published_time\" content=\"2024-10-04T14:18:37+00:00\" \/>\n<meta property=\"og:image\" content=\"https:\/\/vieassociative.be\/actualites\/wp-content\/uploads\/2024\/10\/Cette-friteuse-a-air-a-double-panier-peut-cuisiner-un.jpg\" \/>\n<meta name=\"author\" content=\"Julien\" \/>\n<meta name=\"twitter:card\" content=\"summary_large_image\" \/>\n<meta name=\"twitter:label1\" content=\"\u00c9crit par\" \/>\n\t<meta name=\"twitter:data1\" content=\"Julien\" \/>\n\t<meta name=\"twitter:label2\" content=\"Dur\u00e9e de lecture est.\" \/>\n\t<meta name=\"twitter:data2\" content=\"6 minutes\" \/>\n<script type=\"application\/ld+json\" class=\"yoast-schema-graph\">{\"@context\":\"https:\/\/schema.org\",\"@graph\":[{\"@type\":\"Article\",\"@id\":\"https:\/\/vieassociative.be\/actualites\/cette-friteuse-a-air-a-double-panier-peut-cuisiner-un-repas-complet-a-la-fois\/#article\",\"isPartOf\":{\"@id\":\"https:\/\/vieassociative.be\/actualites\/cette-friteuse-a-air-a-double-panier-peut-cuisiner-un-repas-complet-a-la-fois\/\"},\"author\":{\"name\":\"Julien\",\"@id\":\"https:\/\/vieassociative.be\/actualites\/#\/schema\/person\/b87ac4f82f9d4e7b7cec7395b679edc4\"},\"headline\":\"Cette friteuse \u00e0 air \u00e0 double panier peut cuisiner un repas complet \u00e0 la fois\",\"datePublished\":\"2024-10-04T14:18:37+00:00\",\"dateModified\":\"2024-10-04T14:18:37+00:00\",\"mainEntityOfPage\":{\"@id\":\"https:\/\/vieassociative.be\/actualites\/cette-friteuse-a-air-a-double-panier-peut-cuisiner-un-repas-complet-a-la-fois\/\"},\"wordCount\":1179,\"publisher\":{\"@id\":\"https:\/\/vieassociative.be\/actualites\/#organization\"},\"image\":{\"@id\":\"https:\/\/vieassociative.be\/actualites\/cette-friteuse-a-air-a-double-panier-peut-cuisiner-un-repas-complet-a-la-fois\/#primaryimage\"},\"thumbnailUrl\":\"https:\/\/vieassociative.be\/actualites\/wp-content\/uploads\/2024\/10\/1728051518_Cette-friteuse-a-air-a-double-panier-peut-cuisiner-un.jpg\",\"keywords\":[\"air\",\"cette\",\"complet\",\"cuisiner\",\"double\",\"fois\",\"friteuse\",\"panier\",\"peut\",\"repas\"],\"articleSection\":[\"Gastronomie\"],\"inLanguage\":\"fr-BE\"},{\"@type\":\"WebPage\",\"@id\":\"https:\/\/vieassociative.be\/actualites\/cette-friteuse-a-air-a-double-panier-peut-cuisiner-un-repas-complet-a-la-fois\/\",\"url\":\"https:\/\/vieassociative.be\/actualites\/cette-friteuse-a-air-a-double-panier-peut-cuisiner-un-repas-complet-a-la-fois\/\",\"name\":\"Cette friteuse \u00e0 air \u00e0 double panier peut cuisiner un repas complet \u00e0 la fois | Vie Associative\",\"isPartOf\":{\"@id\":\"https:\/\/vieassociative.be\/actualites\/#website\"},\"primaryImageOfPage\":{\"@id\":\"https:\/\/vieassociative.be\/actualites\/cette-friteuse-a-air-a-double-panier-peut-cuisiner-un-repas-complet-a-la-fois\/#primaryimage\"},\"image\":{\"@id\":\"https:\/\/vieassociative.be\/actualites\/cette-friteuse-a-air-a-double-panier-peut-cuisiner-un-repas-complet-a-la-fois\/#primaryimage\"},\"thumbnailUrl\":\"https:\/\/vieassociative.be\/actualites\/wp-content\/uploads\/2024\/10\/1728051518_Cette-friteuse-a-air-a-double-panier-peut-cuisiner-un.jpg\",\"datePublished\":\"2024-10-04T14:18:37+00:00\",\"dateModified\":\"2024-10-04T14:18:37+00:00\",\"breadcrumb\":{\"@id\":\"https:\/\/vieassociative.be\/actualites\/cette-friteuse-a-air-a-double-panier-peut-cuisiner-un-repas-complet-a-la-fois\/#breadcrumb\"},\"inLanguage\":\"fr-BE\",\"potentialAction\":[{\"@type\":\"ReadAction\",\"target\":[\"https:\/\/vieassociative.be\/actualites\/cette-friteuse-a-air-a-double-panier-peut-cuisiner-un-repas-complet-a-la-fois\/\"]}]},{\"@type\":\"ImageObject\",\"inLanguage\":\"fr-BE\",\"@id\":\"https:\/\/vieassociative.be\/actualites\/cette-friteuse-a-air-a-double-panier-peut-cuisiner-un-repas-complet-a-la-fois\/#primaryimage\",\"url\":\"https:\/\/vieassociative.be\/actualites\/wp-content\/uploads\/2024\/10\/1728051518_Cette-friteuse-a-air-a-double-panier-peut-cuisiner-un.jpg\",\"contentUrl\":\"https:\/\/vieassociative.be\/actualites\/wp-content\/uploads\/2024\/10\/1728051518_Cette-friteuse-a-air-a-double-panier-peut-cuisiner-un.jpg\",\"width\":1200,\"height\":675,\"caption\":\"Cette friteuse \u00e0 air \u00e0 double panier peut cuisiner un repas complet \u00e0 la fois\"},{\"@type\":\"BreadcrumbList\",\"@id\":\"https:\/\/vieassociative.be\/actualites\/cette-friteuse-a-air-a-double-panier-peut-cuisiner-un-repas-complet-a-la-fois\/#breadcrumb\",\"itemListElement\":[{\"@type\":\"ListItem\",\"position\":1,\"name\":\"Accueil\",\"item\":\"https:\/\/vieassociative.be\/actualites\/\"},{\"@type\":\"ListItem\",\"position\":2,\"name\":\"Cette friteuse \u00e0 air \u00e0 double panier peut cuisiner un repas complet \u00e0 la fois\"}]},{\"@type\":\"WebSite\",\"@id\":\"https:\/\/vieassociative.be\/actualites\/#website\",\"url\":\"https:\/\/vieassociative.be\/actualites\/\",\"name\":\"Vie Associative\",\"description\":\"\",\"publisher\":{\"@id\":\"https:\/\/vieassociative.be\/actualites\/#organization\"},\"potentialAction\":[{\"@type\":\"SearchAction\",\"target\":{\"@type\":\"EntryPoint\",\"urlTemplate\":\"https:\/\/vieassociative.be\/actualites\/?s={search_term_string}\"},\"query-input\":{\"@type\":\"PropertyValueSpecification\",\"valueRequired\":true,\"valueName\":\"search_term_string\"}}],\"inLanguage\":\"fr-BE\"},{\"@type\":\"Organization\",\"@id\":\"https:\/\/vieassociative.be\/actualites\/#organization\",\"name\":\"Vie Associative\",\"url\":\"https:\/\/vieassociative.be\/actualites\/\",\"logo\":{\"@type\":\"ImageObject\",\"inLanguage\":\"fr-BE\",\"@id\":\"https:\/\/vieassociative.be\/actualites\/#\/schema\/logo\/image\/\",\"url\":\"https:\/\/vieassociative.be\/actualites\/wp-content\/uploads\/2024\/09\/cropped-vieassociative_favicon.ico.png\",\"contentUrl\":\"https:\/\/vieassociative.be\/actualites\/wp-content\/uploads\/2024\/09\/cropped-vieassociative_favicon.ico.png\",\"width\":512,\"height\":512,\"caption\":\"Vie Associative\"},\"image\":{\"@id\":\"https:\/\/vieassociative.be\/actualites\/#\/schema\/logo\/image\/\"}},{\"@type\":\"Person\",\"@id\":\"https:\/\/vieassociative.be\/actualites\/#\/schema\/person\/b87ac4f82f9d4e7b7cec7395b679edc4\",\"name\":\"Julien\",\"image\":{\"@type\":\"ImageObject\",\"inLanguage\":\"fr-BE\",\"@id\":\"https:\/\/vieassociative.be\/actualites\/#\/schema\/person\/image\/\",\"url\":\"https:\/\/vieassociative.be\/actualites\/wp-content\/uploads\/2024\/09\/vie-associative-1-150x150.jpg\",\"contentUrl\":\"https:\/\/vieassociative.be\/actualites\/wp-content\/uploads\/2024\/09\/vie-associative-1-150x150.jpg\",\"caption\":\"Julien\"},\"description\":\"Je suis Julien, r\u00e9dacteur pour Vie Associative. Passionn\u00e9 par le monde associatif depuis plus de 10 ans, j'ai \u00e0 c\u0153ur de partager des histoires inspirantes et de mettre en lumi\u00e8re les initiatives locales. Mon objectif est de sensibiliser et d'encourager l'engagement communautaire \u00e0 travers mes articles.\",\"sameAs\":[\"https:\/\/vieassociative.be\/\"]}]}<\/script>\n<!-- \/ Yoast SEO plugin. -->","yoast_head_json":{"title":"Cette friteuse \u00e0 air \u00e0 double panier peut cuisiner un repas complet \u00e0 la fois | Vie Associative","robots":{"index":"index","follow":"follow","max-snippet":"max-snippet:-1","max-image-preview":"max-image-preview:large","max-video-preview":"max-video-preview:-1"},"canonical":"https:\/\/vieassociative.be\/actualites\/cette-friteuse-a-air-a-double-panier-peut-cuisiner-un-repas-complet-a-la-fois\/","og_locale":"fr_FR","og_type":"article","og_title":"Cette friteuse \u00e0 air \u00e0 double panier peut cuisiner un repas complet \u00e0 la fois | Vie Associative","og_description":"Pendant que d&rsquo;autres imb\u00e9ciles font frire \u00e0 l&rsquo;air libre avec un maigre panier, vous pouvez cuire et griller en m\u00eame temps. Il est juste de","og_url":"https:\/\/vieassociative.be\/actualites\/cette-friteuse-a-air-a-double-panier-peut-cuisiner-un-repas-complet-a-la-fois\/","og_site_name":"Vie Associative","article_published_time":"2024-10-04T14:18:37+00:00","og_image":[{"url":"https:\/\/vieassociative.be\/actualites\/wp-content\/uploads\/2024\/10\/Cette-friteuse-a-air-a-double-panier-peut-cuisiner-un.jpg","type":"","width":"","height":""}],"author":"Julien","twitter_card":"summary_large_image","twitter_misc":{"\u00c9crit par":"Julien","Dur\u00e9e de lecture est.":"6 minutes"},"schema":{"@context":"https:\/\/schema.org","@graph":[{"@type":"Article","@id":"https:\/\/vieassociative.be\/actualites\/cette-friteuse-a-air-a-double-panier-peut-cuisiner-un-repas-complet-a-la-fois\/#article","isPartOf":{"@id":"https:\/\/vieassociative.be\/actualites\/cette-friteuse-a-air-a-double-panier-peut-cuisiner-un-repas-complet-a-la-fois\/"},"author":{"name":"Julien","@id":"https:\/\/vieassociative.be\/actualites\/#\/schema\/person\/b87ac4f82f9d4e7b7cec7395b679edc4"},"headline":"Cette friteuse \u00e0 air \u00e0 double panier peut cuisiner un repas complet \u00e0 la fois","datePublished":"2024-10-04T14:18:37+00:00","dateModified":"2024-10-04T14:18:37+00:00","mainEntityOfPage":{"@id":"https:\/\/vieassociative.be\/actualites\/cette-friteuse-a-air-a-double-panier-peut-cuisiner-un-repas-complet-a-la-fois\/"},"wordCount":1179,"publisher":{"@id":"https:\/\/vieassociative.be\/actualites\/#organization"},"image":{"@id":"https:\/\/vieassociative.be\/actualites\/cette-friteuse-a-air-a-double-panier-peut-cuisiner-un-repas-complet-a-la-fois\/#primaryimage"},"thumbnailUrl":"https:\/\/vieassociative.be\/actualites\/wp-content\/uploads\/2024\/10\/1728051518_Cette-friteuse-a-air-a-double-panier-peut-cuisiner-un.jpg","keywords":["air","cette","complet","cuisiner","double","fois","friteuse","panier","peut","repas"],"articleSection":["Gastronomie"],"inLanguage":"fr-BE"},{"@type":"WebPage","@id":"https:\/\/vieassociative.be\/actualites\/cette-friteuse-a-air-a-double-panier-peut-cuisiner-un-repas-complet-a-la-fois\/","url":"https:\/\/vieassociative.be\/actualites\/cette-friteuse-a-air-a-double-panier-peut-cuisiner-un-repas-complet-a-la-fois\/","name":"Cette friteuse \u00e0 air \u00e0 double panier peut cuisiner un repas complet \u00e0 la fois | Vie Associative","isPartOf":{"@id":"https:\/\/vieassociative.be\/actualites\/#website"},"primaryImageOfPage":{"@id":"https:\/\/vieassociative.be\/actualites\/cette-friteuse-a-air-a-double-panier-peut-cuisiner-un-repas-complet-a-la-fois\/#primaryimage"},"image":{"@id":"https:\/\/vieassociative.be\/actualites\/cette-friteuse-a-air-a-double-panier-peut-cuisiner-un-repas-complet-a-la-fois\/#primaryimage"},"thumbnailUrl":"https:\/\/vieassociative.be\/actualites\/wp-content\/uploads\/2024\/10\/1728051518_Cette-friteuse-a-air-a-double-panier-peut-cuisiner-un.jpg","datePublished":"2024-10-04T14:18:37+00:00","dateModified":"2024-10-04T14:18:37+00:00","breadcrumb":{"@id":"https:\/\/vieassociative.be\/actualites\/cette-friteuse-a-air-a-double-panier-peut-cuisiner-un-repas-complet-a-la-fois\/#breadcrumb"},"inLanguage":"fr-BE","potentialAction":[{"@type":"ReadAction","target":["https:\/\/vieassociative.be\/actualites\/cette-friteuse-a-air-a-double-panier-peut-cuisiner-un-repas-complet-a-la-fois\/"]}]},{"@type":"ImageObject","inLanguage":"fr-BE","@id":"https:\/\/vieassociative.be\/actualites\/cette-friteuse-a-air-a-double-panier-peut-cuisiner-un-repas-complet-a-la-fois\/#primaryimage","url":"https:\/\/vieassociative.be\/actualites\/wp-content\/uploads\/2024\/10\/1728051518_Cette-friteuse-a-air-a-double-panier-peut-cuisiner-un.jpg","contentUrl":"https:\/\/vieassociative.be\/actualites\/wp-content\/uploads\/2024\/10\/1728051518_Cette-friteuse-a-air-a-double-panier-peut-cuisiner-un.jpg","width":1200,"height":675,"caption":"Cette friteuse \u00e0 air \u00e0 double panier peut cuisiner un repas complet \u00e0 la fois"},{"@type":"BreadcrumbList","@id":"https:\/\/vieassociative.be\/actualites\/cette-friteuse-a-air-a-double-panier-peut-cuisiner-un-repas-complet-a-la-fois\/#breadcrumb","itemListElement":[{"@type":"ListItem","position":1,"name":"Accueil","item":"https:\/\/vieassociative.be\/actualites\/"},{"@type":"ListItem","position":2,"name":"Cette friteuse \u00e0 air \u00e0 double panier peut cuisiner un repas complet \u00e0 la fois"}]},{"@type":"WebSite","@id":"https:\/\/vieassociative.be\/actualites\/#website","url":"https:\/\/vieassociative.be\/actualites\/","name":"Vie Associative","description":"","publisher":{"@id":"https:\/\/vieassociative.be\/actualites\/#organization"},"potentialAction":[{"@type":"SearchAction","target":{"@type":"EntryPoint","urlTemplate":"https:\/\/vieassociative.be\/actualites\/?s={search_term_string}"},"query-input":{"@type":"PropertyValueSpecification","valueRequired":true,"valueName":"search_term_string"}}],"inLanguage":"fr-BE"},{"@type":"Organization","@id":"https:\/\/vieassociative.be\/actualites\/#organization","name":"Vie Associative","url":"https:\/\/vieassociative.be\/actualites\/","logo":{"@type":"ImageObject","inLanguage":"fr-BE","@id":"https:\/\/vieassociative.be\/actualites\/#\/schema\/logo\/image\/","url":"https:\/\/vieassociative.be\/actualites\/wp-content\/uploads\/2024\/09\/cropped-vieassociative_favicon.ico.png","contentUrl":"https:\/\/vieassociative.be\/actualites\/wp-content\/uploads\/2024\/09\/cropped-vieassociative_favicon.ico.png","width":512,"height":512,"caption":"Vie Associative"},"image":{"@id":"https:\/\/vieassociative.be\/actualites\/#\/schema\/logo\/image\/"}},{"@type":"Person","@id":"https:\/\/vieassociative.be\/actualites\/#\/schema\/person\/b87ac4f82f9d4e7b7cec7395b679edc4","name":"Julien","image":{"@type":"ImageObject","inLanguage":"fr-BE","@id":"https:\/\/vieassociative.be\/actualites\/#\/schema\/person\/image\/","url":"https:\/\/vieassociative.be\/actualites\/wp-content\/uploads\/2024\/09\/vie-associative-1-150x150.jpg","contentUrl":"https:\/\/vieassociative.be\/actualites\/wp-content\/uploads\/2024\/09\/vie-associative-1-150x150.jpg","caption":"Julien"},"description":"Je suis Julien, r\u00e9dacteur pour Vie Associative. Passionn\u00e9 par le monde associatif depuis plus de 10 ans, j'ai \u00e0 c\u0153ur de partager des histoires inspirantes et de mettre en lumi\u00e8re les initiatives locales. Mon objectif est de sensibiliser et d'encourager l'engagement communautaire \u00e0 travers mes articles.","sameAs":["https:\/\/vieassociative.be\/"]}]}},"_links":{"self":[{"href":"https:\/\/vieassociative.be\/actualites\/wp-json\/wp\/v2\/posts\/844"}],"collection":[{"href":"https:\/\/vieassociative.be\/actualites\/wp-json\/wp\/v2\/posts"}],"about":[{"href":"https:\/\/vieassociative.be\/actualites\/wp-json\/wp\/v2\/types\/post"}],"author":[{"embeddable":true,"href":"https:\/\/vieassociative.be\/actualites\/wp-json\/wp\/v2\/users\/1"}],"replies":[{"embeddable":true,"href":"https:\/\/vieassociative.be\/actualites\/wp-json\/wp\/v2\/comments?post=844"}],"version-history":[{"count":0,"href":"https:\/\/vieassociative.be\/actualites\/wp-json\/wp\/v2\/posts\/844\/revisions"}],"wp:featuredmedia":[{"embeddable":true,"href":"https:\/\/vieassociative.be\/actualites\/wp-json\/wp\/v2\/media\/845"}],"wp:attachment":[{"href":"https:\/\/vieassociative.be\/actualites\/wp-json\/wp\/v2\/media?parent=844"}],"wp:term":[{"taxonomy":"category","embeddable":true,"href":"https:\/\/vieassociative.be\/actualites\/wp-json\/wp\/v2\/categories?post=844"},{"taxonomy":"post_tag","embeddable":true,"href":"https:\/\/vieassociative.be\/actualites\/wp-json\/wp\/v2\/tags?post=844"}],"curies":[{"name":"wp","href":"https:\/\/api.w.org\/{rel}","templated":true}]}}