{"id":8435,"date":"2025-06-29T09:18:25","date_gmt":"2025-06-29T07:18:25","guid":{"rendered":"https:\/\/vieassociative.be\/actualites\/voici-ce-qui-sera-en-vente-pendant-levenement-du-4-juillet-de-home-depot\/"},"modified":"2025-06-29T09:18:25","modified_gmt":"2025-06-29T07:18:25","slug":"voici-ce-qui-sera-en-vente-pendant-levenement-du-4-juillet-de-home-depot","status":"publish","type":"post","link":"https:\/\/vieassociative.be\/actualites\/voici-ce-qui-sera-en-vente-pendant-levenement-du-4-juillet-de-home-depot\/","title":{"rendered":"Voici ce qui sera en vente pendant l&rsquo;\u00e9v\u00e9nement du 4 juillet de Home Depot"},"content":{"rendered":"<div class=\"mt-4 leading-6 md:mb-8\">Vous pouvez d\u00e9j\u00e0 trouver des offres \u00e0 65% de r\u00e9duction une semaine avant le 4 juillet.<\/div>\n<p><\/p>\n<p>La vente du 4 juillet de Home Depot bat son plein, et vous pouvez trouver des offres sur les appareils \u00e9lectrom\u00e9nagers, les meubles, les produits de pelouse, les outils et plus pour 65% de r\u00e9duction. Voici ce que vous devez savoir sur la vente en cours.<\/p>\n<h2 id=\"how-long-is-home-depots-fourth-of-july-sale\">Combien de temps dure la vente du 4 juillet de Home Depot?<\/h2>\n<p>La vente a commenc\u00e9 le 19 juin et se d\u00e9roulera jusqu&rsquo;au 9 juillet. Cela co\u00efncide avec le deuxi\u00e8me jour de la plus grande vente de l&rsquo;ann\u00e9e, Prime Day. Vous pouvez acheter en ligne et dans le magasin, mais vous pourriez ne pas \u00eatre exactement les m\u00eames offres dans les deux endroits.<\/p>\n<h2 id=\"who-can-shop-the-sale\">Qui peut acheter la vente?<\/h2>\n<p>Contrairement \u00e0 la plupart des autres d\u00e9taillants ayant des ventes \u00e0 cette \u00e9poque, tout le monde peut acheter la vente de Home Depot. Cependant, \u00eatre un membre du programme de fid\u00e9lit\u00e9 Pro Xtra est enti\u00e8rement gratuit et vous donne en fait de beaux avantages, comme de meilleures offres et des options de livraison sp\u00e9ciales. <\/p>\n<div class=\"pogoClear relative my-10 border-b-(1.5px) border-t-(1.5px) border-dashed border-black py-5 sm:my-14 sm:border-0 sm:py-0\" data-ga-click data-ga-template=\"Deals\" data-ga-module=\"openweb_widget\" data-ga-element=\"openweb_scroll\" data-ga-item=\"openweb_scroll_midpage\" x-data=\"{\n         commentsCount: null,\n         hasComments: false,\n         async fetchCommentsCount() {\n             try {\n                 if (window.openweb &amp;&amp; typeof window.openweb.getMessagesCount === 'function') {\n                     this.commentsCount = await window.openweb.getMessagesCount('01JYSFYPG2ZF6BQCV74W37Q6Y1');\n                     this.hasComments = this.commentsCount !== null &amp;&amp; this.commentsCount &gt; 0;\n                 }\n             } catch (e) {\n                 console.warn('Failed to fetch comment count:', e);\n             }\n         }\n     }\" x-init=\"fetchCommentsCount()\" x-cloak><\/p>\n<div class=\"absolute top-1\/2 hidden w-full -translate-y-1\/2 border-t-(1.5px) border-dashed border-black sm:block\"><\/div>\n<div class=\"relative flex justify-center\">\n<div class=\"flex max-w-fit items-center gap-x-3 bg-white px-5\">\n<div class=\"relative\">\n                <span class=\"absolute left-1\/2 top-1\/2 -translate-x-1\/2 -translate-y-1\/2 font-akshar text-sm font-medium text-black\" aria-live=\"polite\" x-show=\"hasComments\" x-text=\"commentsCount\"><\/span><\/p>\n<p>                <svg class=\"h-8 w-8 text-black\" role=\"img\" aria-hidden=\"true\">\n                    <use href=\"http:\/\/lifehacker.com\/images\/icons\/spritemap.svg#sprite-chat-bubble\"><\/use>\n                <\/svg>\n            <\/div>\n<p>            <span class=\"text-sm font-medium text-black\"><\/p>\n<p>                Que pensez-vous jusqu&rsquo;\u00e0 pr\u00e9sent?<br \/>\n                <button class=\"ml-1 font-semibold text-brand-green underline hover:text-brand-green-700\" type=\"button\" aria-label=\"Comment section trigger\" onclick=\"window.openweb.scrollToComments('01JYSFYPG2ZF6BQCV74W37Q6Y1')\" x-text=\"hasComments ? 'Post a comment.' : 'Be the first to post a comment.'\"><\/button><br \/>\n            <\/span>\n        <\/div>\n<\/p><\/div>\n<\/div>\n<h2 id=\"remember-the-other-sales-coming-up\">Rappelez-vous que les autres ventes \u00e0 venir<\/h2>\n<p>Juillet est rempli de grosses ventes, et la plus grande est la premi\u00e8re journ\u00e9e d&rsquo;Amazon. Cependant, d&rsquo;autres grands \u00e0 conna\u00eetre sont le Black Friday de Best Buy en juillet qui commence le 7 juillet, Target&rsquo;s Circle Week qui commence le 6 juillet et Walmart Deals qui commence le 8 juillet, le m\u00eame jour que le premier jour. En ce qui concerne les outils et les meubles, Home Depot aura probablement les meilleures offres. <\/p>\n<h2 id=\"some-deals-from-home-depots-fourth-of-july-sale-to-consider\">Certaines offres de la vente du 4 juillet de Home Depot pour consid\u00e9rer<\/h2>\n<ul>\n<li>\n<p>Kit \u00e0 cliquet sans fil Ryobi One + 18V et pack de batteries <strong>99 $ <\/strong>(\u00e0 l&rsquo;origine 282,94 $). L&rsquo;outil \u00e0 cliquet lui-m\u00eame est normalement de 79 $, mais la valeur provient des deux batteries et du chargeur.<\/p>\n<\/li>\n<li>\n<p>Kit combo de forage milwaukee + outil gratuit <strong>309 $<\/strong> (\u00e0 l&rsquo;origine 369 $). Ce kit combo est livr\u00e9 avec une perceuse \u00e0 marteau sans cordon sans pinceau, un conducteur d&rsquo;impact et une scie coup\u00e9e ainsi qu&rsquo;une batterie 4 et 2-ah. De plus, Home Depot vous permet de choisir un outil gratuit \u00e0 la caisse entre un souffleur de taches, un outil \u00e0 cliquet et du fer \u00e0 souder.<\/p>\n<\/li>\n<li>\n<p>Kit d&rsquo;outils multi-outils Dewalt <strong>99 $<\/strong> (\u00e0 l&rsquo;origine 219,09 $). Coupez la plupart des bois et des m\u00e9taux avec 20 000 oscillations par minute. Il est livr\u00e9 avec un adaptateur, deux lames et une batterie et un chargeur de 1,5 AH.<\/p>\n<\/li>\n<li>\n<p>Trouvez plus d&rsquo;offres sur les outils ici.<\/p>\n<\/li>\n<\/ul>\n","protected":false},"excerpt":{"rendered":"<p>Vous pouvez d\u00e9j\u00e0 trouver des offres \u00e0 65% de r\u00e9duction une semaine avant le 4 juillet. La vente du 4 juillet de Home Depot bat<\/p>\n","protected":false},"author":1,"featured_media":8436,"comment_status":"","ping_status":"","sticky":false,"template":"","format":"standard","meta":{"footnotes":""},"categories":[41],"tags":[1314,453,3153,7556,198,99,3230,223,529],"class_list":["post-8435","post","type-post","status-publish","format-standard","has-post-thumbnail","hentry","category-argent","tag-depot","tag-home","tag-juillet","tag-levenement","tag-pendant","tag-qui","tag-sera","tag-vente","tag-voici","generate-columns","tablet-grid-50","mobile-grid-100","grid-parent","grid-33"],"yoast_head":"<!-- This site is optimized with the Yoast SEO plugin v24.0 - https:\/\/yoast.com\/wordpress\/plugins\/seo\/ -->\n<title>Voici ce qui sera en vente pendant l&#039;\u00e9v\u00e9nement du 4 juillet de Home Depot | Vie Associative<\/title>\n<meta name=\"robots\" content=\"index, follow, max-snippet:-1, max-image-preview:large, max-video-preview:-1\" \/>\n<link rel=\"canonical\" href=\"https:\/\/vieassociative.be\/actualites\/voici-ce-qui-sera-en-vente-pendant-levenement-du-4-juillet-de-home-depot\/\" \/>\n<meta property=\"og:locale\" content=\"fr_FR\" \/>\n<meta property=\"og:type\" content=\"article\" \/>\n<meta property=\"og:title\" content=\"Voici ce qui sera en vente pendant l&#039;\u00e9v\u00e9nement du 4 juillet de Home Depot | Vie Associative\" \/>\n<meta property=\"og:description\" content=\"Vous pouvez d\u00e9j\u00e0 trouver des offres \u00e0 65% de r\u00e9duction une semaine avant le 4 juillet. La vente du 4 juillet de Home Depot bat\" \/>\n<meta property=\"og:url\" content=\"https:\/\/vieassociative.be\/actualites\/voici-ce-qui-sera-en-vente-pendant-levenement-du-4-juillet-de-home-depot\/\" \/>\n<meta property=\"og:site_name\" content=\"Vie Associative\" \/>\n<meta property=\"article:published_time\" content=\"2025-06-29T07:18:25+00:00\" \/>\n<meta property=\"og:image\" content=\"https:\/\/vieassociative.be\/actualites\/wp-content\/uploads\/2024\/09\/header_backgroundk-01-e1726694325946.png\" \/>\n\t<meta property=\"og:image:width\" content=\"279\" \/>\n\t<meta property=\"og:image:height\" content=\"92\" \/>\n\t<meta property=\"og:image:type\" content=\"image\/png\" \/>\n<meta name=\"author\" content=\"Julien\" \/>\n<meta name=\"twitter:card\" content=\"summary_large_image\" \/>\n<meta name=\"twitter:label1\" content=\"\u00c9crit par\" \/>\n\t<meta name=\"twitter:data1\" content=\"Julien\" \/>\n\t<meta name=\"twitter:label2\" content=\"Dur\u00e9e de lecture est.\" \/>\n\t<meta name=\"twitter:data2\" content=\"2 minutes\" \/>\n<script type=\"application\/ld+json\" class=\"yoast-schema-graph\">{\"@context\":\"https:\/\/schema.org\",\"@graph\":[{\"@type\":\"Article\",\"@id\":\"https:\/\/vieassociative.be\/actualites\/voici-ce-qui-sera-en-vente-pendant-levenement-du-4-juillet-de-home-depot\/#article\",\"isPartOf\":{\"@id\":\"https:\/\/vieassociative.be\/actualites\/voici-ce-qui-sera-en-vente-pendant-levenement-du-4-juillet-de-home-depot\/\"},\"author\":{\"name\":\"Julien\",\"@id\":\"https:\/\/vieassociative.be\/actualites\/#\/schema\/person\/b87ac4f82f9d4e7b7cec7395b679edc4\"},\"headline\":\"Voici ce qui sera en vente pendant l&rsquo;\u00e9v\u00e9nement du 4 juillet de Home Depot\",\"datePublished\":\"2025-06-29T07:18:25+00:00\",\"dateModified\":\"2025-06-29T07:18:25+00:00\",\"mainEntityOfPage\":{\"@id\":\"https:\/\/vieassociative.be\/actualites\/voici-ce-qui-sera-en-vente-pendant-levenement-du-4-juillet-de-home-depot\/\"},\"wordCount\":441,\"publisher\":{\"@id\":\"https:\/\/vieassociative.be\/actualites\/#organization\"},\"image\":{\"@id\":\"https:\/\/vieassociative.be\/actualites\/voici-ce-qui-sera-en-vente-pendant-levenement-du-4-juillet-de-home-depot\/#primaryimage\"},\"thumbnailUrl\":\"https:\/\/vieassociative.be\/actualites\/wp-content\/uploads\/2025\/06\/Voici-ce-qui-sera-en-vente-pendant-levenement-du-4.jpg\",\"keywords\":[\"Depot\",\"Home\",\"juillet\",\"l\u00e9v\u00e9nement\",\"pendant\",\"qui\",\"sera\",\"vente\",\"Voici\"],\"articleSection\":[\"Argent\"],\"inLanguage\":\"fr-BE\"},{\"@type\":\"WebPage\",\"@id\":\"https:\/\/vieassociative.be\/actualites\/voici-ce-qui-sera-en-vente-pendant-levenement-du-4-juillet-de-home-depot\/\",\"url\":\"https:\/\/vieassociative.be\/actualites\/voici-ce-qui-sera-en-vente-pendant-levenement-du-4-juillet-de-home-depot\/\",\"name\":\"Voici ce qui sera en vente pendant l'\u00e9v\u00e9nement du 4 juillet de Home Depot | Vie Associative\",\"isPartOf\":{\"@id\":\"https:\/\/vieassociative.be\/actualites\/#website\"},\"primaryImageOfPage\":{\"@id\":\"https:\/\/vieassociative.be\/actualites\/voici-ce-qui-sera-en-vente-pendant-levenement-du-4-juillet-de-home-depot\/#primaryimage\"},\"image\":{\"@id\":\"https:\/\/vieassociative.be\/actualites\/voici-ce-qui-sera-en-vente-pendant-levenement-du-4-juillet-de-home-depot\/#primaryimage\"},\"thumbnailUrl\":\"https:\/\/vieassociative.be\/actualites\/wp-content\/uploads\/2025\/06\/Voici-ce-qui-sera-en-vente-pendant-levenement-du-4.jpg\",\"datePublished\":\"2025-06-29T07:18:25+00:00\",\"dateModified\":\"2025-06-29T07:18:25+00:00\",\"breadcrumb\":{\"@id\":\"https:\/\/vieassociative.be\/actualites\/voici-ce-qui-sera-en-vente-pendant-levenement-du-4-juillet-de-home-depot\/#breadcrumb\"},\"inLanguage\":\"fr-BE\",\"potentialAction\":[{\"@type\":\"ReadAction\",\"target\":[\"https:\/\/vieassociative.be\/actualites\/voici-ce-qui-sera-en-vente-pendant-levenement-du-4-juillet-de-home-depot\/\"]}]},{\"@type\":\"ImageObject\",\"inLanguage\":\"fr-BE\",\"@id\":\"https:\/\/vieassociative.be\/actualites\/voici-ce-qui-sera-en-vente-pendant-levenement-du-4-juillet-de-home-depot\/#primaryimage\",\"url\":\"https:\/\/vieassociative.be\/actualites\/wp-content\/uploads\/2025\/06\/Voici-ce-qui-sera-en-vente-pendant-levenement-du-4.jpg\",\"contentUrl\":\"https:\/\/vieassociative.be\/actualites\/wp-content\/uploads\/2025\/06\/Voici-ce-qui-sera-en-vente-pendant-levenement-du-4.jpg\",\"width\":1200,\"height\":675,\"caption\":\"Voici ce qui sera en vente pendant l'\u00e9v\u00e9nement du 4 juillet de Home Depot\"},{\"@type\":\"BreadcrumbList\",\"@id\":\"https:\/\/vieassociative.be\/actualites\/voici-ce-qui-sera-en-vente-pendant-levenement-du-4-juillet-de-home-depot\/#breadcrumb\",\"itemListElement\":[{\"@type\":\"ListItem\",\"position\":1,\"name\":\"Accueil\",\"item\":\"https:\/\/vieassociative.be\/actualites\/\"},{\"@type\":\"ListItem\",\"position\":2,\"name\":\"Voici ce qui sera en vente pendant l&rsquo;\u00e9v\u00e9nement du 4 juillet de Home Depot\"}]},{\"@type\":\"WebSite\",\"@id\":\"https:\/\/vieassociative.be\/actualites\/#website\",\"url\":\"https:\/\/vieassociative.be\/actualites\/\",\"name\":\"Vie Associative\",\"description\":\"\",\"publisher\":{\"@id\":\"https:\/\/vieassociative.be\/actualites\/#organization\"},\"potentialAction\":[{\"@type\":\"SearchAction\",\"target\":{\"@type\":\"EntryPoint\",\"urlTemplate\":\"https:\/\/vieassociative.be\/actualites\/?s={search_term_string}\"},\"query-input\":{\"@type\":\"PropertyValueSpecification\",\"valueRequired\":true,\"valueName\":\"search_term_string\"}}],\"inLanguage\":\"fr-BE\"},{\"@type\":\"Organization\",\"@id\":\"https:\/\/vieassociative.be\/actualites\/#organization\",\"name\":\"Vie Associative\",\"url\":\"https:\/\/vieassociative.be\/actualites\/\",\"logo\":{\"@type\":\"ImageObject\",\"inLanguage\":\"fr-BE\",\"@id\":\"https:\/\/vieassociative.be\/actualites\/#\/schema\/logo\/image\/\",\"url\":\"https:\/\/vieassociative.be\/actualites\/wp-content\/uploads\/2024\/09\/cropped-vieassociative_favicon.ico.png\",\"contentUrl\":\"https:\/\/vieassociative.be\/actualites\/wp-content\/uploads\/2024\/09\/cropped-vieassociative_favicon.ico.png\",\"width\":512,\"height\":512,\"caption\":\"Vie Associative\"},\"image\":{\"@id\":\"https:\/\/vieassociative.be\/actualites\/#\/schema\/logo\/image\/\"}},{\"@type\":\"Person\",\"@id\":\"https:\/\/vieassociative.be\/actualites\/#\/schema\/person\/b87ac4f82f9d4e7b7cec7395b679edc4\",\"name\":\"Julien\",\"image\":{\"@type\":\"ImageObject\",\"inLanguage\":\"fr-BE\",\"@id\":\"https:\/\/vieassociative.be\/actualites\/#\/schema\/person\/image\/\",\"url\":\"https:\/\/vieassociative.be\/actualites\/wp-content\/uploads\/2024\/09\/vie-associative-1-150x150.jpg\",\"contentUrl\":\"https:\/\/vieassociative.be\/actualites\/wp-content\/uploads\/2024\/09\/vie-associative-1-150x150.jpg\",\"caption\":\"Julien\"},\"description\":\"Je suis Julien, r\u00e9dacteur pour Vie Associative. Passionn\u00e9 par le monde associatif depuis plus de 10 ans, j'ai \u00e0 c\u0153ur de partager des histoires inspirantes et de mettre en lumi\u00e8re les initiatives locales. Mon objectif est de sensibiliser et d'encourager l'engagement communautaire \u00e0 travers mes articles.\",\"sameAs\":[\"https:\/\/vieassociative.be\/\"]}]}<\/script>\n<!-- \/ Yoast SEO plugin. -->","yoast_head_json":{"title":"Voici ce qui sera en vente pendant l'\u00e9v\u00e9nement du 4 juillet de Home Depot | Vie Associative","robots":{"index":"index","follow":"follow","max-snippet":"max-snippet:-1","max-image-preview":"max-image-preview:large","max-video-preview":"max-video-preview:-1"},"canonical":"https:\/\/vieassociative.be\/actualites\/voici-ce-qui-sera-en-vente-pendant-levenement-du-4-juillet-de-home-depot\/","og_locale":"fr_FR","og_type":"article","og_title":"Voici ce qui sera en vente pendant l'\u00e9v\u00e9nement du 4 juillet de Home Depot | Vie Associative","og_description":"Vous pouvez d\u00e9j\u00e0 trouver des offres \u00e0 65% de r\u00e9duction une semaine avant le 4 juillet. La vente du 4 juillet de Home Depot bat","og_url":"https:\/\/vieassociative.be\/actualites\/voici-ce-qui-sera-en-vente-pendant-levenement-du-4-juillet-de-home-depot\/","og_site_name":"Vie Associative","article_published_time":"2025-06-29T07:18:25+00:00","og_image":[{"width":279,"height":92,"url":"https:\/\/vieassociative.be\/actualites\/wp-content\/uploads\/2024\/09\/header_backgroundk-01-e1726694325946.png","type":"image\/png"}],"author":"Julien","twitter_card":"summary_large_image","twitter_misc":{"\u00c9crit par":"Julien","Dur\u00e9e de lecture est.":"2 minutes"},"schema":{"@context":"https:\/\/schema.org","@graph":[{"@type":"Article","@id":"https:\/\/vieassociative.be\/actualites\/voici-ce-qui-sera-en-vente-pendant-levenement-du-4-juillet-de-home-depot\/#article","isPartOf":{"@id":"https:\/\/vieassociative.be\/actualites\/voici-ce-qui-sera-en-vente-pendant-levenement-du-4-juillet-de-home-depot\/"},"author":{"name":"Julien","@id":"https:\/\/vieassociative.be\/actualites\/#\/schema\/person\/b87ac4f82f9d4e7b7cec7395b679edc4"},"headline":"Voici ce qui sera en vente pendant l&rsquo;\u00e9v\u00e9nement du 4 juillet de Home Depot","datePublished":"2025-06-29T07:18:25+00:00","dateModified":"2025-06-29T07:18:25+00:00","mainEntityOfPage":{"@id":"https:\/\/vieassociative.be\/actualites\/voici-ce-qui-sera-en-vente-pendant-levenement-du-4-juillet-de-home-depot\/"},"wordCount":441,"publisher":{"@id":"https:\/\/vieassociative.be\/actualites\/#organization"},"image":{"@id":"https:\/\/vieassociative.be\/actualites\/voici-ce-qui-sera-en-vente-pendant-levenement-du-4-juillet-de-home-depot\/#primaryimage"},"thumbnailUrl":"https:\/\/vieassociative.be\/actualites\/wp-content\/uploads\/2025\/06\/Voici-ce-qui-sera-en-vente-pendant-levenement-du-4.jpg","keywords":["Depot","Home","juillet","l\u00e9v\u00e9nement","pendant","qui","sera","vente","Voici"],"articleSection":["Argent"],"inLanguage":"fr-BE"},{"@type":"WebPage","@id":"https:\/\/vieassociative.be\/actualites\/voici-ce-qui-sera-en-vente-pendant-levenement-du-4-juillet-de-home-depot\/","url":"https:\/\/vieassociative.be\/actualites\/voici-ce-qui-sera-en-vente-pendant-levenement-du-4-juillet-de-home-depot\/","name":"Voici ce qui sera en vente pendant l'\u00e9v\u00e9nement du 4 juillet de Home Depot | Vie Associative","isPartOf":{"@id":"https:\/\/vieassociative.be\/actualites\/#website"},"primaryImageOfPage":{"@id":"https:\/\/vieassociative.be\/actualites\/voici-ce-qui-sera-en-vente-pendant-levenement-du-4-juillet-de-home-depot\/#primaryimage"},"image":{"@id":"https:\/\/vieassociative.be\/actualites\/voici-ce-qui-sera-en-vente-pendant-levenement-du-4-juillet-de-home-depot\/#primaryimage"},"thumbnailUrl":"https:\/\/vieassociative.be\/actualites\/wp-content\/uploads\/2025\/06\/Voici-ce-qui-sera-en-vente-pendant-levenement-du-4.jpg","datePublished":"2025-06-29T07:18:25+00:00","dateModified":"2025-06-29T07:18:25+00:00","breadcrumb":{"@id":"https:\/\/vieassociative.be\/actualites\/voici-ce-qui-sera-en-vente-pendant-levenement-du-4-juillet-de-home-depot\/#breadcrumb"},"inLanguage":"fr-BE","potentialAction":[{"@type":"ReadAction","target":["https:\/\/vieassociative.be\/actualites\/voici-ce-qui-sera-en-vente-pendant-levenement-du-4-juillet-de-home-depot\/"]}]},{"@type":"ImageObject","inLanguage":"fr-BE","@id":"https:\/\/vieassociative.be\/actualites\/voici-ce-qui-sera-en-vente-pendant-levenement-du-4-juillet-de-home-depot\/#primaryimage","url":"https:\/\/vieassociative.be\/actualites\/wp-content\/uploads\/2025\/06\/Voici-ce-qui-sera-en-vente-pendant-levenement-du-4.jpg","contentUrl":"https:\/\/vieassociative.be\/actualites\/wp-content\/uploads\/2025\/06\/Voici-ce-qui-sera-en-vente-pendant-levenement-du-4.jpg","width":1200,"height":675,"caption":"Voici ce qui sera en vente pendant l'\u00e9v\u00e9nement du 4 juillet de Home Depot"},{"@type":"BreadcrumbList","@id":"https:\/\/vieassociative.be\/actualites\/voici-ce-qui-sera-en-vente-pendant-levenement-du-4-juillet-de-home-depot\/#breadcrumb","itemListElement":[{"@type":"ListItem","position":1,"name":"Accueil","item":"https:\/\/vieassociative.be\/actualites\/"},{"@type":"ListItem","position":2,"name":"Voici ce qui sera en vente pendant l&rsquo;\u00e9v\u00e9nement du 4 juillet de Home Depot"}]},{"@type":"WebSite","@id":"https:\/\/vieassociative.be\/actualites\/#website","url":"https:\/\/vieassociative.be\/actualites\/","name":"Vie Associative","description":"","publisher":{"@id":"https:\/\/vieassociative.be\/actualites\/#organization"},"potentialAction":[{"@type":"SearchAction","target":{"@type":"EntryPoint","urlTemplate":"https:\/\/vieassociative.be\/actualites\/?s={search_term_string}"},"query-input":{"@type":"PropertyValueSpecification","valueRequired":true,"valueName":"search_term_string"}}],"inLanguage":"fr-BE"},{"@type":"Organization","@id":"https:\/\/vieassociative.be\/actualites\/#organization","name":"Vie Associative","url":"https:\/\/vieassociative.be\/actualites\/","logo":{"@type":"ImageObject","inLanguage":"fr-BE","@id":"https:\/\/vieassociative.be\/actualites\/#\/schema\/logo\/image\/","url":"https:\/\/vieassociative.be\/actualites\/wp-content\/uploads\/2024\/09\/cropped-vieassociative_favicon.ico.png","contentUrl":"https:\/\/vieassociative.be\/actualites\/wp-content\/uploads\/2024\/09\/cropped-vieassociative_favicon.ico.png","width":512,"height":512,"caption":"Vie Associative"},"image":{"@id":"https:\/\/vieassociative.be\/actualites\/#\/schema\/logo\/image\/"}},{"@type":"Person","@id":"https:\/\/vieassociative.be\/actualites\/#\/schema\/person\/b87ac4f82f9d4e7b7cec7395b679edc4","name":"Julien","image":{"@type":"ImageObject","inLanguage":"fr-BE","@id":"https:\/\/vieassociative.be\/actualites\/#\/schema\/person\/image\/","url":"https:\/\/vieassociative.be\/actualites\/wp-content\/uploads\/2024\/09\/vie-associative-1-150x150.jpg","contentUrl":"https:\/\/vieassociative.be\/actualites\/wp-content\/uploads\/2024\/09\/vie-associative-1-150x150.jpg","caption":"Julien"},"description":"Je suis Julien, r\u00e9dacteur pour Vie Associative. Passionn\u00e9 par le monde associatif depuis plus de 10 ans, j'ai \u00e0 c\u0153ur de partager des histoires inspirantes et de mettre en lumi\u00e8re les initiatives locales. Mon objectif est de sensibiliser et d'encourager l'engagement communautaire \u00e0 travers mes articles.","sameAs":["https:\/\/vieassociative.be\/"]}]}},"_links":{"self":[{"href":"https:\/\/vieassociative.be\/actualites\/wp-json\/wp\/v2\/posts\/8435"}],"collection":[{"href":"https:\/\/vieassociative.be\/actualites\/wp-json\/wp\/v2\/posts"}],"about":[{"href":"https:\/\/vieassociative.be\/actualites\/wp-json\/wp\/v2\/types\/post"}],"author":[{"embeddable":true,"href":"https:\/\/vieassociative.be\/actualites\/wp-json\/wp\/v2\/users\/1"}],"replies":[{"embeddable":true,"href":"https:\/\/vieassociative.be\/actualites\/wp-json\/wp\/v2\/comments?post=8435"}],"version-history":[{"count":0,"href":"https:\/\/vieassociative.be\/actualites\/wp-json\/wp\/v2\/posts\/8435\/revisions"}],"wp:featuredmedia":[{"embeddable":true,"href":"https:\/\/vieassociative.be\/actualites\/wp-json\/wp\/v2\/media\/8436"}],"wp:attachment":[{"href":"https:\/\/vieassociative.be\/actualites\/wp-json\/wp\/v2\/media?parent=8435"}],"wp:term":[{"taxonomy":"category","embeddable":true,"href":"https:\/\/vieassociative.be\/actualites\/wp-json\/wp\/v2\/categories?post=8435"},{"taxonomy":"post_tag","embeddable":true,"href":"https:\/\/vieassociative.be\/actualites\/wp-json\/wp\/v2\/tags?post=8435"}],"curies":[{"name":"wp","href":"https:\/\/api.w.org\/{rel}","templated":true}]}}