{"id":8432,"date":"2025-06-29T03:18:08","date_gmt":"2025-06-29T01:18:08","guid":{"rendered":"https:\/\/vieassociative.be\/actualites\/toutes-les-nouvelles-fonctionnalites-venant-aux-montres-garmin-dans-sa-mise-a-jour-beta-massive\/"},"modified":"2025-06-29T03:18:08","modified_gmt":"2025-06-29T01:18:08","slug":"toutes-les-nouvelles-fonctionnalites-venant-aux-montres-garmin-dans-sa-mise-a-jour-beta-massive","status":"publish","type":"post","link":"https:\/\/vieassociative.be\/actualites\/toutes-les-nouvelles-fonctionnalites-venant-aux-montres-garmin-dans-sa-mise-a-jour-beta-massive\/","title":{"rendered":"Toutes les nouvelles fonctionnalit\u00e9s venant aux montres Garmin dans sa mise \u00e0 jour b\u00eata massive"},"content":{"rendered":"<div class=\"mt-4 leading-6 md:mb-8\">D\u00e9couvrez ces 28 nouvelles fonctionnalit\u00e9s, celles totalement nouvelles pour toutes les montres Garmin.<\/div>\n<p><\/p>\n<p>Garmin vient d&rsquo;annoncer une mise \u00e0 jour de fonctionnalit\u00e9 absolument massive via la b\u00eata publique pour les montres Fenix \u200b\u200b8, Enduro 3 et Fenix \u200b\u200bE. Cela ajoute toutes les fonctionnalit\u00e9s d&rsquo;ex\u00e9cution de ForeRunner 970 nouvellement annonc\u00e9es, les nouvelles fonctionnalit\u00e9s de Venu X1, ainsi que quelques fonctionnalit\u00e9s enti\u00e8rement nouvelles sur Garmin. Cette version b\u00eata (version 17.11) rassemble des fonctionnalit\u00e9s qui \u00e9taient auparavant exclusives \u00e0 des lignes d&rsquo;appareils sp\u00e9cifiques et les rend disponibles dans leur s\u00e9rie phare de montre ext\u00e9rieure. Peut-\u00eatre le plus surprenant, le Fenix \u200b\u200bE &#8211; qui a eu du mal \u00e0 trouver sa position sur le march\u00e9 &#8211; re\u00e7oit le m\u00eame traitement que le Fenix \u200b\u200b8 et Enduro 3 plus cher. Jetons un coup d&rsquo;\u0153il aux nouvelles fonctionnalit\u00e9s que vous pouvez commencer \u00e0 utiliser, en fonction de votre appareil Garmin de choix.<\/p>\n<h2 id=\"features-brand-new-to-garmin-devices\">Fonctionne les appareils neufs sur Garmin<\/h2>\n<p>La mise \u00e0 jour b\u00eata pr\u00e9sente 28 nouvelles fonctionnalit\u00e9s, allant des applications enti\u00e8rement nouvelles aux m\u00e9triques de formation avanc\u00e9es. Plusieurs caract\u00e9ristiques font leurs d\u00e9buts sur tout l&rsquo;\u00e9cosyst\u00e8me du Garmin:<\/p>\n<ul>\n<li>\n<p><strong>Application de calculatrice<\/strong>: Une calculatrice compl\u00e8te avec calcul de la pointe et fonctionnalit\u00e9 de fractionnement des factures<\/p>\n<\/li>\n<li>\n<p><strong>Possibilit\u00e9 d&rsquo;acc\u00e9der \u00e0 la liste des applications en glissant \u00e0 gauche sur le visage de la montre<\/strong>: Une nouvelle m\u00e9thode de navigation pour un acc\u00e8s \u00e0 l&rsquo;application plus rapide<\/p>\n<\/li>\n<li>\n<p><strong>Modes de mise au point personnalis\u00e9s<\/strong>: L&rsquo;expansion tant attendue des modes de mise au point est pr\u00e9sent\u00e9e pour la premi\u00e8re fois l&rsquo;\u00e9t\u00e9 dernier<\/p>\n<\/li>\n<li>\n<p><strong>\u00c9dition pour tous les ensembles pr\u00e9c\u00e9dents dans l&rsquo;entra\u00eenement en force<\/strong>: Capacit\u00e9s de flux de travail de formation en force am\u00e9lior\u00e9e<\/p>\n<\/li>\n<li>\n<p><strong>Clavier de kana japonais<\/strong>: Expansion du support linguistique pour les utilisateurs internationaux<\/p>\n<\/li>\n<li>\n<p><strong>Page d&rsquo;options musicales pour les contr\u00f4les musicaux<\/strong>: Commandes de lecture musicale am\u00e9lior\u00e9es<\/p>\n<\/li>\n<li>\n<p><strong>Prise en charge des transitions d&rsquo;affichage d&rsquo;athl\u00e9tisme<\/strong>: Am\u00e9lioration de l&rsquo;optimisation de l&rsquo;affichage pour diff\u00e9rentes surfaces de course<\/p>\n<\/li>\n<li>\n<p><strong>Option de course sur piste pour les entra\u00eenements sugg\u00e9r\u00e9s quotidiens<\/strong>: Int\u00e9gration de la formation sp\u00e9cifique \u00e0 la piste dans les suggestions d&rsquo;entra\u00eenement automatis\u00e9es<\/p>\n<\/li>\n<\/ul>\n<h2 id=\"new-features-from-forerunner-570970\">Nouvelles fonctionnalit\u00e9s de Forerunner 570\/970<\/h2>\n<p>Certaines des capacit\u00e9s de course avanc\u00e9es qui ont fait de la Forerunner 970 un appareil hors concours sont maintenant disponibles sur la s\u00e9rie Fenix \u200b\u200bOutdoor Watch:<\/p>\n<ul>\n<li>\n<p><strong>Soutien de l&rsquo;\u00e9conomie en cours d&rsquo;ex\u00e9cution<\/strong>: Suivi avanc\u00e9 de l&rsquo;efficacit\u00e9 m\u00e9tabolique<\/p>\n<\/li>\n<li>\n<p><strong>Support de tol\u00e9rance \u00e0 la course<\/strong>: Gestion des charges de r\u00e9cup\u00e9ration et de formation<\/p>\n<\/li>\n<li>\n<p><strong>Support de perte de vitesse de pas<\/strong>: Analyse biom\u00e9canique pour l&rsquo;efficacit\u00e9 du fonctionnement<\/p>\n<\/li>\n<li>\n<p><strong>Assistance du rapport du soir<\/strong>: R\u00e9sum\u00e9s complets de sant\u00e9 et de formation de fin de journ\u00e9e<\/p>\n<\/li>\n<li>\n<p><strong>Support de rapport du matin \u00e9largi<\/strong>: Insignes de pr\u00e9paration quotidienne am\u00e9lior\u00e9es<\/p>\n<\/li>\n<li>\n<p><strong>Garmin Alertes sur le centre de notification<\/strong>: Gestion centralis\u00e9e des alertes<\/p>\n<\/li>\n<li>\n<p><strong>Prise en charge de l&rsquo;entra\u00eenement multisport<\/strong>: Une formation structur\u00e9e dans plusieurs disciplines<\/p>\n<\/li>\n<li>\n<p><strong>Page de seuil de puissance en lactate<\/strong>: Analyse de seuil bas\u00e9e sur la puissance<\/p>\n<\/li>\n<li>\n<p><strong>Support de point d&rsquo;arriv\u00e9e provisoire<\/strong>: Strat\u00e9gie de course et outils de rythme<\/p>\n<\/li>\n<li>\n<p><strong>Plan de formation adaptatif en triathlon<\/strong>: P\u00e9riodiisation de formation en triathlon dirig\u00e9e par AI<\/p>\n<\/li>\n<li>\n<p><strong>Support des \u00e9v\u00e9nements de race triathlon<\/strong>: Fonctionnalit\u00e9s compl\u00e8tes du jour de la course pour les triathl\u00e8tes<\/p>\n<\/li>\n<\/ul>\n<h2 id=\"features-from-other-garmin-devices\">Caract\u00e9ristiques des autres appareils Garmin<\/h2>\n<p>La mise \u00e0 jour apporte \u00e9galement des capacit\u00e9s des autres versions r\u00e9centes de Garmin:<\/p>\n<div class=\"pogoClear relative my-10 border-b-(1.5px) border-t-(1.5px) border-dashed border-black py-5 sm:my-14 sm:border-0 sm:py-0\" data-ga-click data-ga-template=\"News\" data-ga-module=\"openweb_widget\" data-ga-element=\"openweb_scroll\" data-ga-item=\"openweb_scroll_midpage\" x-data=\"{\n         commentsCount: null,\n         hasComments: false,\n         async fetchCommentsCount() {\n             try {\n                 if (window.openweb &amp;&amp; typeof window.openweb.getMessagesCount === 'function') {\n                     this.commentsCount = await window.openweb.getMessagesCount('01JYS9Z7KCP726P078QHG92GJ4');\n                     this.hasComments = this.commentsCount !== null &amp;&amp; this.commentsCount &gt; 0;\n                 }\n             } catch (e) {\n                 console.warn('Failed to fetch comment count:', e);\n             }\n         }\n     }\" x-init=\"fetchCommentsCount()\" x-cloak><\/p>\n<div class=\"absolute top-1\/2 hidden w-full -translate-y-1\/2 border-t-(1.5px) border-dashed border-black sm:block\"><\/div>\n<div class=\"relative flex justify-center\">\n<div class=\"flex max-w-fit items-center gap-x-3 bg-white px-5\">\n<div class=\"relative\">\n                <span class=\"absolute left-1\/2 top-1\/2 -translate-x-1\/2 -translate-y-1\/2 font-akshar text-sm font-medium text-black\" aria-live=\"polite\" x-show=\"hasComments\" x-text=\"commentsCount\"><\/span><\/p>\n<p>                <svg class=\"h-8 w-8 text-black\" role=\"img\" aria-hidden=\"true\">\n                    <use href=\"http:\/\/lifehacker.com\/images\/icons\/spritemap.svg#sprite-chat-bubble\"><\/use>\n                <\/svg>\n            <\/div>\n<p>            <span class=\"text-sm font-medium text-black\"><\/p>\n<p>                Que pensez-vous jusqu&rsquo;\u00e0 pr\u00e9sent?<br \/>\n                <button class=\"ml-1 font-semibold text-brand-green underline hover:text-brand-green-700\" type=\"button\" aria-label=\"Comment section trigger\" onclick=\"window.openweb.scrollToComments('01JYS9Z7KCP726P078QHG92GJ4')\" x-text=\"hasComments ? 'Post a comment.' : 'Be the first to post a comment.'\"><\/button><br \/>\n            <\/span>\n        <\/div>\n<\/p><\/div>\n<\/div>\n<ul>\n<li>\n<p><strong>Alarme de sillage intelligent<\/strong> (De Vivoactive 6): le synchronisation intelligente du sillage bas\u00e9 sur les cycles de sommeil<\/p>\n<\/li>\n<li>\n<p><strong>Dispos\u00e9s de clavier suppl\u00e9mentaires et support d&#8217;emoji<\/strong>: Capacit\u00e9s de saisie de texte am\u00e9lior\u00e9es pour les utilisateurs d&rsquo;Android<\/p>\n<\/li>\n<\/ul>\n<h2 id=\"sport-specific-enhancements\">Am\u00e9liorations sp\u00e9cifiques au sport<\/h2>\n<p>Si vous golf ou naviguez, v\u00e9rifiez-les:<\/p>\n<ul>\n<li>\n<p><strong>Menu de param\u00e8tres de recherche de gamme de golf<\/strong>: Am\u00e9lioration des fonctionnalit\u00e9s de golf<\/p>\n<\/li>\n<li>\n<p><strong>Champ de donn\u00e9es de la minuterie de course pour l&rsquo;activit\u00e9 de course de voile<\/strong>: Caract\u00e9ristiques de comp\u00e9tition de voile am\u00e9lior\u00e9es<\/p>\n<\/li>\n<li>\n<p><strong>Page de donn\u00e9es d&rsquo;assistance \u00e0 Tack dans les activit\u00e9s de voile<\/strong>: Aide \u00e0 la navigation de voile avanc\u00e9e<\/p>\n<\/li>\n<\/ul>\n<h2 id=\"what-this-means-for-garmin-users\">Ce que cela signifie pour les utilisateurs de Garmin<\/h2>\n<p>Notamment, la seule fonctionnalit\u00e9 manquante des r\u00e9centes versions de Garmin est \u00ab\u00a0<strong>Tour automatique \u00ab\u00a0<\/strong> Pour les courses avec des portes de synchronisation (o\u00f9 la montre ajustera votre kilom\u00e9trage lorsque vous passerez la porte), qui est venu au Forersner 570\/970 ainsi que le Venu X1. Pour les propri\u00e9taires actuels de Fenix \u200b\u200b8, Enduro 3 et Fenix \u200b\u200bE, cette mise \u00e0 jour est assez majeure. Que vous soyez un triathl\u00e8te, Elite Runner ou que vous vouliez simplement une putain de calculatrice, cette mise \u00e0 jour a quelque chose pour vous. La version b\u00eata est maintenant disponible pour les utilisateurs inscrits au programme publique b\u00eata de Garmin, avec une version stable pr\u00e9vue dans les semaines \u00e0 venir. Alors que Garmin continue d&rsquo;affiner et d&rsquo;\u00e9largir ces capacit\u00e9s, nous pouvons nous attendre \u00e0 ce que des fonctionnalit\u00e9s et des am\u00e9liorations suppl\u00e9mentaires se d\u00e9roulent tout au long du reste de 2025.<\/p>\n","protected":false},"excerpt":{"rendered":"<p>D\u00e9couvrez ces 28 nouvelles fonctionnalit\u00e9s, celles totalement nouvelles pour toutes les montres Garmin. Garmin vient d&rsquo;annoncer une mise \u00e0 jour de fonctionnalit\u00e9 absolument massive via<\/p>\n","protected":false},"author":1,"featured_media":8433,"comment_status":"","ping_status":"","sticky":false,"template":"","format":"standard","meta":{"footnotes":""},"categories":[38],"tags":[289,4813,166,1216,3685,53,14,1138,2183,3684,1215,62,4921],"class_list":["post-8432","post","type-post","status-publish","format-standard","has-post-thumbnail","hentry","category-sante","tag-aux","tag-beta","tag-dans","tag-fonctionnalites","tag-garmin","tag-jour","tag-les","tag-massive","tag-mise","tag-montres","tag-nouvelles","tag-toutes","tag-venant","generate-columns","tablet-grid-50","mobile-grid-100","grid-parent","grid-33"],"yoast_head":"<!-- This site is optimized with the Yoast SEO plugin v24.0 - https:\/\/yoast.com\/wordpress\/plugins\/seo\/ -->\n<title>Toutes les nouvelles fonctionnalit\u00e9s venant aux montres Garmin dans sa mise \u00e0 jour b\u00eata massive | Vie Associative<\/title>\n<meta name=\"robots\" content=\"index, follow, max-snippet:-1, max-image-preview:large, max-video-preview:-1\" \/>\n<link rel=\"canonical\" href=\"https:\/\/vieassociative.be\/actualites\/toutes-les-nouvelles-fonctionnalites-venant-aux-montres-garmin-dans-sa-mise-a-jour-beta-massive\/\" \/>\n<meta property=\"og:locale\" content=\"fr_FR\" \/>\n<meta property=\"og:type\" content=\"article\" \/>\n<meta property=\"og:title\" content=\"Toutes les nouvelles fonctionnalit\u00e9s venant aux montres Garmin dans sa mise \u00e0 jour b\u00eata massive | Vie Associative\" \/>\n<meta property=\"og:description\" content=\"D\u00e9couvrez ces 28 nouvelles fonctionnalit\u00e9s, celles totalement nouvelles pour toutes les montres Garmin. Garmin vient d&rsquo;annoncer une mise \u00e0 jour de fonctionnalit\u00e9 absolument massive via\" \/>\n<meta property=\"og:url\" content=\"https:\/\/vieassociative.be\/actualites\/toutes-les-nouvelles-fonctionnalites-venant-aux-montres-garmin-dans-sa-mise-a-jour-beta-massive\/\" \/>\n<meta property=\"og:site_name\" content=\"Vie Associative\" \/>\n<meta property=\"article:published_time\" content=\"2025-06-29T01:18:08+00:00\" \/>\n<meta property=\"og:image\" content=\"https:\/\/vieassociative.be\/actualites\/wp-content\/uploads\/2024\/09\/header_backgroundk-01-e1726694325946.png\" \/>\n\t<meta property=\"og:image:width\" content=\"279\" \/>\n\t<meta property=\"og:image:height\" content=\"92\" \/>\n\t<meta property=\"og:image:type\" content=\"image\/png\" \/>\n<meta name=\"author\" content=\"Julien\" \/>\n<meta name=\"twitter:card\" content=\"summary_large_image\" \/>\n<meta name=\"twitter:label1\" content=\"\u00c9crit par\" \/>\n\t<meta name=\"twitter:data1\" content=\"Julien\" \/>\n\t<meta name=\"twitter:label2\" content=\"Dur\u00e9e de lecture est.\" \/>\n\t<meta name=\"twitter:data2\" content=\"4 minutes\" \/>\n<script type=\"application\/ld+json\" class=\"yoast-schema-graph\">{\"@context\":\"https:\/\/schema.org\",\"@graph\":[{\"@type\":\"Article\",\"@id\":\"https:\/\/vieassociative.be\/actualites\/toutes-les-nouvelles-fonctionnalites-venant-aux-montres-garmin-dans-sa-mise-a-jour-beta-massive\/#article\",\"isPartOf\":{\"@id\":\"https:\/\/vieassociative.be\/actualites\/toutes-les-nouvelles-fonctionnalites-venant-aux-montres-garmin-dans-sa-mise-a-jour-beta-massive\/\"},\"author\":{\"name\":\"Julien\",\"@id\":\"https:\/\/vieassociative.be\/actualites\/#\/schema\/person\/b87ac4f82f9d4e7b7cec7395b679edc4\"},\"headline\":\"Toutes les nouvelles fonctionnalit\u00e9s venant aux montres Garmin dans sa mise \u00e0 jour b\u00eata massive\",\"datePublished\":\"2025-06-29T01:18:08+00:00\",\"dateModified\":\"2025-06-29T01:18:08+00:00\",\"mainEntityOfPage\":{\"@id\":\"https:\/\/vieassociative.be\/actualites\/toutes-les-nouvelles-fonctionnalites-venant-aux-montres-garmin-dans-sa-mise-a-jour-beta-massive\/\"},\"wordCount\":911,\"publisher\":{\"@id\":\"https:\/\/vieassociative.be\/actualites\/#organization\"},\"image\":{\"@id\":\"https:\/\/vieassociative.be\/actualites\/toutes-les-nouvelles-fonctionnalites-venant-aux-montres-garmin-dans-sa-mise-a-jour-beta-massive\/#primaryimage\"},\"thumbnailUrl\":\"https:\/\/vieassociative.be\/actualites\/wp-content\/uploads\/2025\/06\/Toutes-les-nouvelles-fonctionnalites-venant-aux-montres-Garmin-dans-sa.jpg\",\"keywords\":[\"aux\",\"b\u00eata\",\"dans\",\"fonctionnalit\u00e9s\",\"Garmin\",\"jour\",\"Les\",\"massive\",\"mise\",\"montres\",\"nouvelles\",\"toutes\",\"venant\"],\"articleSection\":[\"Sant\u00e9\"],\"inLanguage\":\"fr-BE\"},{\"@type\":\"WebPage\",\"@id\":\"https:\/\/vieassociative.be\/actualites\/toutes-les-nouvelles-fonctionnalites-venant-aux-montres-garmin-dans-sa-mise-a-jour-beta-massive\/\",\"url\":\"https:\/\/vieassociative.be\/actualites\/toutes-les-nouvelles-fonctionnalites-venant-aux-montres-garmin-dans-sa-mise-a-jour-beta-massive\/\",\"name\":\"Toutes les nouvelles fonctionnalit\u00e9s venant aux montres Garmin dans sa mise \u00e0 jour b\u00eata massive | Vie Associative\",\"isPartOf\":{\"@id\":\"https:\/\/vieassociative.be\/actualites\/#website\"},\"primaryImageOfPage\":{\"@id\":\"https:\/\/vieassociative.be\/actualites\/toutes-les-nouvelles-fonctionnalites-venant-aux-montres-garmin-dans-sa-mise-a-jour-beta-massive\/#primaryimage\"},\"image\":{\"@id\":\"https:\/\/vieassociative.be\/actualites\/toutes-les-nouvelles-fonctionnalites-venant-aux-montres-garmin-dans-sa-mise-a-jour-beta-massive\/#primaryimage\"},\"thumbnailUrl\":\"https:\/\/vieassociative.be\/actualites\/wp-content\/uploads\/2025\/06\/Toutes-les-nouvelles-fonctionnalites-venant-aux-montres-Garmin-dans-sa.jpg\",\"datePublished\":\"2025-06-29T01:18:08+00:00\",\"dateModified\":\"2025-06-29T01:18:08+00:00\",\"breadcrumb\":{\"@id\":\"https:\/\/vieassociative.be\/actualites\/toutes-les-nouvelles-fonctionnalites-venant-aux-montres-garmin-dans-sa-mise-a-jour-beta-massive\/#breadcrumb\"},\"inLanguage\":\"fr-BE\",\"potentialAction\":[{\"@type\":\"ReadAction\",\"target\":[\"https:\/\/vieassociative.be\/actualites\/toutes-les-nouvelles-fonctionnalites-venant-aux-montres-garmin-dans-sa-mise-a-jour-beta-massive\/\"]}]},{\"@type\":\"ImageObject\",\"inLanguage\":\"fr-BE\",\"@id\":\"https:\/\/vieassociative.be\/actualites\/toutes-les-nouvelles-fonctionnalites-venant-aux-montres-garmin-dans-sa-mise-a-jour-beta-massive\/#primaryimage\",\"url\":\"https:\/\/vieassociative.be\/actualites\/wp-content\/uploads\/2025\/06\/Toutes-les-nouvelles-fonctionnalites-venant-aux-montres-Garmin-dans-sa.jpg\",\"contentUrl\":\"https:\/\/vieassociative.be\/actualites\/wp-content\/uploads\/2025\/06\/Toutes-les-nouvelles-fonctionnalites-venant-aux-montres-Garmin-dans-sa.jpg\",\"width\":1200,\"height\":675,\"caption\":\"Toutes les nouvelles fonctionnalit\u00e9s venant aux montres Garmin dans sa mise \u00e0 jour b\u00eata massive\"},{\"@type\":\"BreadcrumbList\",\"@id\":\"https:\/\/vieassociative.be\/actualites\/toutes-les-nouvelles-fonctionnalites-venant-aux-montres-garmin-dans-sa-mise-a-jour-beta-massive\/#breadcrumb\",\"itemListElement\":[{\"@type\":\"ListItem\",\"position\":1,\"name\":\"Accueil\",\"item\":\"https:\/\/vieassociative.be\/actualites\/\"},{\"@type\":\"ListItem\",\"position\":2,\"name\":\"Toutes les nouvelles fonctionnalit\u00e9s venant aux montres Garmin dans sa mise \u00e0 jour b\u00eata massive\"}]},{\"@type\":\"WebSite\",\"@id\":\"https:\/\/vieassociative.be\/actualites\/#website\",\"url\":\"https:\/\/vieassociative.be\/actualites\/\",\"name\":\"Vie Associative\",\"description\":\"\",\"publisher\":{\"@id\":\"https:\/\/vieassociative.be\/actualites\/#organization\"},\"potentialAction\":[{\"@type\":\"SearchAction\",\"target\":{\"@type\":\"EntryPoint\",\"urlTemplate\":\"https:\/\/vieassociative.be\/actualites\/?s={search_term_string}\"},\"query-input\":{\"@type\":\"PropertyValueSpecification\",\"valueRequired\":true,\"valueName\":\"search_term_string\"}}],\"inLanguage\":\"fr-BE\"},{\"@type\":\"Organization\",\"@id\":\"https:\/\/vieassociative.be\/actualites\/#organization\",\"name\":\"Vie Associative\",\"url\":\"https:\/\/vieassociative.be\/actualites\/\",\"logo\":{\"@type\":\"ImageObject\",\"inLanguage\":\"fr-BE\",\"@id\":\"https:\/\/vieassociative.be\/actualites\/#\/schema\/logo\/image\/\",\"url\":\"https:\/\/vieassociative.be\/actualites\/wp-content\/uploads\/2024\/09\/cropped-vieassociative_favicon.ico.png\",\"contentUrl\":\"https:\/\/vieassociative.be\/actualites\/wp-content\/uploads\/2024\/09\/cropped-vieassociative_favicon.ico.png\",\"width\":512,\"height\":512,\"caption\":\"Vie Associative\"},\"image\":{\"@id\":\"https:\/\/vieassociative.be\/actualites\/#\/schema\/logo\/image\/\"}},{\"@type\":\"Person\",\"@id\":\"https:\/\/vieassociative.be\/actualites\/#\/schema\/person\/b87ac4f82f9d4e7b7cec7395b679edc4\",\"name\":\"Julien\",\"image\":{\"@type\":\"ImageObject\",\"inLanguage\":\"fr-BE\",\"@id\":\"https:\/\/vieassociative.be\/actualites\/#\/schema\/person\/image\/\",\"url\":\"https:\/\/vieassociative.be\/actualites\/wp-content\/uploads\/2024\/09\/vie-associative-1-150x150.jpg\",\"contentUrl\":\"https:\/\/vieassociative.be\/actualites\/wp-content\/uploads\/2024\/09\/vie-associative-1-150x150.jpg\",\"caption\":\"Julien\"},\"description\":\"Je suis Julien, r\u00e9dacteur pour Vie Associative. Passionn\u00e9 par le monde associatif depuis plus de 10 ans, j'ai \u00e0 c\u0153ur de partager des histoires inspirantes et de mettre en lumi\u00e8re les initiatives locales. Mon objectif est de sensibiliser et d'encourager l'engagement communautaire \u00e0 travers mes articles.\",\"sameAs\":[\"https:\/\/vieassociative.be\/\"]}]}<\/script>\n<!-- \/ Yoast SEO plugin. -->","yoast_head_json":{"title":"Toutes les nouvelles fonctionnalit\u00e9s venant aux montres Garmin dans sa mise \u00e0 jour b\u00eata massive | Vie Associative","robots":{"index":"index","follow":"follow","max-snippet":"max-snippet:-1","max-image-preview":"max-image-preview:large","max-video-preview":"max-video-preview:-1"},"canonical":"https:\/\/vieassociative.be\/actualites\/toutes-les-nouvelles-fonctionnalites-venant-aux-montres-garmin-dans-sa-mise-a-jour-beta-massive\/","og_locale":"fr_FR","og_type":"article","og_title":"Toutes les nouvelles fonctionnalit\u00e9s venant aux montres Garmin dans sa mise \u00e0 jour b\u00eata massive | Vie Associative","og_description":"D\u00e9couvrez ces 28 nouvelles fonctionnalit\u00e9s, celles totalement nouvelles pour toutes les montres Garmin. Garmin vient d&rsquo;annoncer une mise \u00e0 jour de fonctionnalit\u00e9 absolument massive via","og_url":"https:\/\/vieassociative.be\/actualites\/toutes-les-nouvelles-fonctionnalites-venant-aux-montres-garmin-dans-sa-mise-a-jour-beta-massive\/","og_site_name":"Vie Associative","article_published_time":"2025-06-29T01:18:08+00:00","og_image":[{"width":279,"height":92,"url":"https:\/\/vieassociative.be\/actualites\/wp-content\/uploads\/2024\/09\/header_backgroundk-01-e1726694325946.png","type":"image\/png"}],"author":"Julien","twitter_card":"summary_large_image","twitter_misc":{"\u00c9crit par":"Julien","Dur\u00e9e de lecture est.":"4 minutes"},"schema":{"@context":"https:\/\/schema.org","@graph":[{"@type":"Article","@id":"https:\/\/vieassociative.be\/actualites\/toutes-les-nouvelles-fonctionnalites-venant-aux-montres-garmin-dans-sa-mise-a-jour-beta-massive\/#article","isPartOf":{"@id":"https:\/\/vieassociative.be\/actualites\/toutes-les-nouvelles-fonctionnalites-venant-aux-montres-garmin-dans-sa-mise-a-jour-beta-massive\/"},"author":{"name":"Julien","@id":"https:\/\/vieassociative.be\/actualites\/#\/schema\/person\/b87ac4f82f9d4e7b7cec7395b679edc4"},"headline":"Toutes les nouvelles fonctionnalit\u00e9s venant aux montres Garmin dans sa mise \u00e0 jour b\u00eata massive","datePublished":"2025-06-29T01:18:08+00:00","dateModified":"2025-06-29T01:18:08+00:00","mainEntityOfPage":{"@id":"https:\/\/vieassociative.be\/actualites\/toutes-les-nouvelles-fonctionnalites-venant-aux-montres-garmin-dans-sa-mise-a-jour-beta-massive\/"},"wordCount":911,"publisher":{"@id":"https:\/\/vieassociative.be\/actualites\/#organization"},"image":{"@id":"https:\/\/vieassociative.be\/actualites\/toutes-les-nouvelles-fonctionnalites-venant-aux-montres-garmin-dans-sa-mise-a-jour-beta-massive\/#primaryimage"},"thumbnailUrl":"https:\/\/vieassociative.be\/actualites\/wp-content\/uploads\/2025\/06\/Toutes-les-nouvelles-fonctionnalites-venant-aux-montres-Garmin-dans-sa.jpg","keywords":["aux","b\u00eata","dans","fonctionnalit\u00e9s","Garmin","jour","Les","massive","mise","montres","nouvelles","toutes","venant"],"articleSection":["Sant\u00e9"],"inLanguage":"fr-BE"},{"@type":"WebPage","@id":"https:\/\/vieassociative.be\/actualites\/toutes-les-nouvelles-fonctionnalites-venant-aux-montres-garmin-dans-sa-mise-a-jour-beta-massive\/","url":"https:\/\/vieassociative.be\/actualites\/toutes-les-nouvelles-fonctionnalites-venant-aux-montres-garmin-dans-sa-mise-a-jour-beta-massive\/","name":"Toutes les nouvelles fonctionnalit\u00e9s venant aux montres Garmin dans sa mise \u00e0 jour b\u00eata massive | Vie Associative","isPartOf":{"@id":"https:\/\/vieassociative.be\/actualites\/#website"},"primaryImageOfPage":{"@id":"https:\/\/vieassociative.be\/actualites\/toutes-les-nouvelles-fonctionnalites-venant-aux-montres-garmin-dans-sa-mise-a-jour-beta-massive\/#primaryimage"},"image":{"@id":"https:\/\/vieassociative.be\/actualites\/toutes-les-nouvelles-fonctionnalites-venant-aux-montres-garmin-dans-sa-mise-a-jour-beta-massive\/#primaryimage"},"thumbnailUrl":"https:\/\/vieassociative.be\/actualites\/wp-content\/uploads\/2025\/06\/Toutes-les-nouvelles-fonctionnalites-venant-aux-montres-Garmin-dans-sa.jpg","datePublished":"2025-06-29T01:18:08+00:00","dateModified":"2025-06-29T01:18:08+00:00","breadcrumb":{"@id":"https:\/\/vieassociative.be\/actualites\/toutes-les-nouvelles-fonctionnalites-venant-aux-montres-garmin-dans-sa-mise-a-jour-beta-massive\/#breadcrumb"},"inLanguage":"fr-BE","potentialAction":[{"@type":"ReadAction","target":["https:\/\/vieassociative.be\/actualites\/toutes-les-nouvelles-fonctionnalites-venant-aux-montres-garmin-dans-sa-mise-a-jour-beta-massive\/"]}]},{"@type":"ImageObject","inLanguage":"fr-BE","@id":"https:\/\/vieassociative.be\/actualites\/toutes-les-nouvelles-fonctionnalites-venant-aux-montres-garmin-dans-sa-mise-a-jour-beta-massive\/#primaryimage","url":"https:\/\/vieassociative.be\/actualites\/wp-content\/uploads\/2025\/06\/Toutes-les-nouvelles-fonctionnalites-venant-aux-montres-Garmin-dans-sa.jpg","contentUrl":"https:\/\/vieassociative.be\/actualites\/wp-content\/uploads\/2025\/06\/Toutes-les-nouvelles-fonctionnalites-venant-aux-montres-Garmin-dans-sa.jpg","width":1200,"height":675,"caption":"Toutes les nouvelles fonctionnalit\u00e9s venant aux montres Garmin dans sa mise \u00e0 jour b\u00eata massive"},{"@type":"BreadcrumbList","@id":"https:\/\/vieassociative.be\/actualites\/toutes-les-nouvelles-fonctionnalites-venant-aux-montres-garmin-dans-sa-mise-a-jour-beta-massive\/#breadcrumb","itemListElement":[{"@type":"ListItem","position":1,"name":"Accueil","item":"https:\/\/vieassociative.be\/actualites\/"},{"@type":"ListItem","position":2,"name":"Toutes les nouvelles fonctionnalit\u00e9s venant aux montres Garmin dans sa mise \u00e0 jour b\u00eata massive"}]},{"@type":"WebSite","@id":"https:\/\/vieassociative.be\/actualites\/#website","url":"https:\/\/vieassociative.be\/actualites\/","name":"Vie Associative","description":"","publisher":{"@id":"https:\/\/vieassociative.be\/actualites\/#organization"},"potentialAction":[{"@type":"SearchAction","target":{"@type":"EntryPoint","urlTemplate":"https:\/\/vieassociative.be\/actualites\/?s={search_term_string}"},"query-input":{"@type":"PropertyValueSpecification","valueRequired":true,"valueName":"search_term_string"}}],"inLanguage":"fr-BE"},{"@type":"Organization","@id":"https:\/\/vieassociative.be\/actualites\/#organization","name":"Vie Associative","url":"https:\/\/vieassociative.be\/actualites\/","logo":{"@type":"ImageObject","inLanguage":"fr-BE","@id":"https:\/\/vieassociative.be\/actualites\/#\/schema\/logo\/image\/","url":"https:\/\/vieassociative.be\/actualites\/wp-content\/uploads\/2024\/09\/cropped-vieassociative_favicon.ico.png","contentUrl":"https:\/\/vieassociative.be\/actualites\/wp-content\/uploads\/2024\/09\/cropped-vieassociative_favicon.ico.png","width":512,"height":512,"caption":"Vie Associative"},"image":{"@id":"https:\/\/vieassociative.be\/actualites\/#\/schema\/logo\/image\/"}},{"@type":"Person","@id":"https:\/\/vieassociative.be\/actualites\/#\/schema\/person\/b87ac4f82f9d4e7b7cec7395b679edc4","name":"Julien","image":{"@type":"ImageObject","inLanguage":"fr-BE","@id":"https:\/\/vieassociative.be\/actualites\/#\/schema\/person\/image\/","url":"https:\/\/vieassociative.be\/actualites\/wp-content\/uploads\/2024\/09\/vie-associative-1-150x150.jpg","contentUrl":"https:\/\/vieassociative.be\/actualites\/wp-content\/uploads\/2024\/09\/vie-associative-1-150x150.jpg","caption":"Julien"},"description":"Je suis Julien, r\u00e9dacteur pour Vie Associative. Passionn\u00e9 par le monde associatif depuis plus de 10 ans, j'ai \u00e0 c\u0153ur de partager des histoires inspirantes et de mettre en lumi\u00e8re les initiatives locales. Mon objectif est de sensibiliser et d'encourager l'engagement communautaire \u00e0 travers mes articles.","sameAs":["https:\/\/vieassociative.be\/"]}]}},"_links":{"self":[{"href":"https:\/\/vieassociative.be\/actualites\/wp-json\/wp\/v2\/posts\/8432"}],"collection":[{"href":"https:\/\/vieassociative.be\/actualites\/wp-json\/wp\/v2\/posts"}],"about":[{"href":"https:\/\/vieassociative.be\/actualites\/wp-json\/wp\/v2\/types\/post"}],"author":[{"embeddable":true,"href":"https:\/\/vieassociative.be\/actualites\/wp-json\/wp\/v2\/users\/1"}],"replies":[{"embeddable":true,"href":"https:\/\/vieassociative.be\/actualites\/wp-json\/wp\/v2\/comments?post=8432"}],"version-history":[{"count":0,"href":"https:\/\/vieassociative.be\/actualites\/wp-json\/wp\/v2\/posts\/8432\/revisions"}],"wp:featuredmedia":[{"embeddable":true,"href":"https:\/\/vieassociative.be\/actualites\/wp-json\/wp\/v2\/media\/8433"}],"wp:attachment":[{"href":"https:\/\/vieassociative.be\/actualites\/wp-json\/wp\/v2\/media?parent=8432"}],"wp:term":[{"taxonomy":"category","embeddable":true,"href":"https:\/\/vieassociative.be\/actualites\/wp-json\/wp\/v2\/categories?post=8432"},{"taxonomy":"post_tag","embeddable":true,"href":"https:\/\/vieassociative.be\/actualites\/wp-json\/wp\/v2\/tags?post=8432"}],"curies":[{"name":"wp","href":"https:\/\/api.w.org\/{rel}","templated":true}]}}