{"id":8421,"date":"2025-06-28T09:17:55","date_gmt":"2025-06-28T07:17:55","guid":{"rendered":"https:\/\/vieassociative.be\/actualites\/le-nouvel-ordinateur-de-velo-de-garmin-est-construit-pour-les-vetetistes\/"},"modified":"2025-06-28T09:17:55","modified_gmt":"2025-06-28T07:17:55","slug":"le-nouvel-ordinateur-de-velo-de-garmin-est-construit-pour-les-vetetistes","status":"publish","type":"post","link":"https:\/\/vieassociative.be\/actualites\/le-nouvel-ordinateur-de-velo-de-garmin-est-construit-pour-les-vetetistes\/","title":{"rendered":"Le nouvel ordinateur de v\u00e9lo de Garmin est construit pour les v\u00e9t\u00e9tistes"},"content":{"rendered":"<div class=\"mt-4 leading-6 md:mb-8\">Si vous \u00eates un motard de montagne, ce gadget est con\u00e7u juste pour vous.<\/div>\n<p><\/p>\n<p>Mountain Bikers, \u00e9coutez: Garmin a r\u00e9cemment lanc\u00e9 son dernier ordinateur cyclable sp\u00e9cialement adapt\u00e9 pour vous. Le Edge MTB est con\u00e7u pour r\u00e9pondre aux besoins uniques des cyclistes hors route.<\/p>\n<p>Pour le contexte, le MTB Edge repr\u00e9sente un \u00e9cart par rapport \u00e0 l&rsquo;approche traditionnelle unique de Garmin pour les ordinateurs \u00e0 v\u00e9lo. Cet appareil se concentre assez exclusivement sur les sc\u00e9narios de v\u00e9lo de montagne, incorporant des modes de suivi sp\u00e9cialis\u00e9s et des fonctionnalit\u00e9s sp\u00e9cifiques aux sentiers dont les cyclistes routiers n&rsquo;auraient jamais besoin.<\/p>\n<p>Voici comment fonctionne le MTB Edge et ce qui le distingue des autres ordinateurs cyclables.<\/p>\n<h2 id=\"profiles-for-different-riding-styles\">Profils pour diff\u00e9rents styles de conduite<\/h2>\n<p>L&rsquo;ordinateur pr\u00e9sente deux profils de conduite distincts con\u00e7us pour diff\u00e9rentes disciplines de VTT. Le profil \u00ab\u00a0Enduro\u00a0\u00bb reconna\u00eet que le v\u00e9lo de montagne implique \u00e0 la fois des phases d&rsquo;escalade et de descente, permettant aux coureurs de suivre ces segments ind\u00e9pendamment. Les utilisateurs peuvent basculer manuellement entre le suivi de la mont\u00e9e et de la descente avec une appuye sur un bouton, ou s&rsquo;appuyer sur la fonction de pause automatique pour g\u00e9rer les transitions.<\/p>\n<p>Le profil \u00ab\u00a0Downhill\u00a0\u00bb aborde une frustration commune parmi les cyclistes ax\u00e9s sur la gravit\u00e9: la n\u00e9cessit\u00e9 de faire une pause et de reprendre constamment l&rsquo;enregistrement lors de l&rsquo;utilisation de la chaise ou des services de navette. (\u00c9NORME pour les utilisateurs de Dual Strava-Garmin). Ce mode filtre intelligemment les voyages en mont\u00e9e qui ne sont pas p\u00e9dag\u00e9s, de sorte que seuls le temps de descente et les statistiques r\u00e9els sont enregistr\u00e9s. Cela \u00e9limine le rituel fastidieux de la pause manuellement de l&rsquo;appareil \u00e0 chaque fois que les cyclistes montent \u00e0 bord d&rsquo;un ascenseur ou sautent dans un v\u00e9hicule de navette.<\/p>\n<h2 id=\"better-gps-for-winding-trails\">Meilleur GPS pour les sentiers sinueux<\/h2>\n<p>Les deux profils sp\u00e9cialis\u00e9s utilisent l&rsquo;enregistrement GPS de 5 Hz, offrant des mises \u00e0 jour de position plus fr\u00e9quentes que les ordinateurs cyclistes standard. Ce taux d&rsquo;\u00e9chantillonnage plus \u00e9lev\u00e9 se traduit par une pr\u00e9cision am\u00e9lior\u00e9e lors du suivi des sentiers techniques et sinueux typiques des sentiers de v\u00e9lo de montagne.<\/p>\n<p>L&rsquo;appareil introduit \u00e9galement la fonctionnalit\u00e9 des portes virtuelles, permettant aux cyclistes de d\u00e9finir des marqueurs de point de contr\u00f4le le long des sentiers pour surveiller les temps de division sur des segments sp\u00e9cifiques &#8211; utile pour la formation ou la comparaison des performances sur des itin\u00e9raires familiers.<\/p>\n<div class=\"pogoClear relative my-10 border-b-(1.5px) border-t-(1.5px) border-dashed border-black py-5 sm:my-14 sm:border-0 sm:py-0\" data-ga-click data-ga-template=\"News\" data-ga-module=\"openweb_widget\" data-ga-element=\"openweb_scroll\" data-ga-item=\"openweb_scroll_midpage\" x-data=\"{\n         commentsCount: null,\n         hasComments: false,\n         async fetchCommentsCount() {\n             try {\n                 if (window.openweb &amp;&amp; typeof window.openweb.getMessagesCount === 'function') {\n                     this.commentsCount = await window.openweb.getMessagesCount('01JYSDWV511744AES4R1J2PD1R');\n                     this.hasComments = this.commentsCount !== null &amp;&amp; this.commentsCount &gt; 0;\n                 }\n             } catch (e) {\n                 console.warn('Failed to fetch comment count:', e);\n             }\n         }\n     }\" x-init=\"fetchCommentsCount()\" x-cloak><\/p>\n<div class=\"absolute top-1\/2 hidden w-full -translate-y-1\/2 border-t-(1.5px) border-dashed border-black sm:block\"><\/div>\n<div class=\"relative flex justify-center\">\n<div class=\"flex max-w-fit items-center gap-x-3 bg-white px-5\">\n<div class=\"relative\">\n                <span class=\"absolute left-1\/2 top-1\/2 -translate-x-1\/2 -translate-y-1\/2 font-akshar text-sm font-medium text-black\" aria-live=\"polite\" x-show=\"hasComments\" x-text=\"commentsCount\"><\/span><\/p>\n<p>                <svg class=\"h-8 w-8 text-black\" role=\"img\" aria-hidden=\"true\">\n                    <use href=\"http:\/\/lifehacker.com\/images\/icons\/spritemap.svg#sprite-chat-bubble\"><\/use>\n                <\/svg>\n            <\/div>\n<p>            <span class=\"text-sm font-medium text-black\"><\/p>\n<p>                Que pensez-vous jusqu&rsquo;\u00e0 pr\u00e9sent?<br \/>\n                <button class=\"ml-1 font-semibold text-brand-green underline hover:text-brand-green-700\" type=\"button\" aria-label=\"Comment section trigger\" onclick=\"window.openweb.scrollToComments('01JYSDWV511744AES4R1J2PD1R')\" x-text=\"hasComments ? 'Post a comment.' : 'Be the first to post a comment.'\"><\/button><br \/>\n            <\/span>\n        <\/div>\n<\/p><\/div>\n<\/div>\n<h2 id=\"trail-navigation-features\">Caract\u00e9ristiques de navigation des sentiers<\/h2>\n<p>Le Edge MTB est \u00e9quip\u00e9 de Forkght, qui affiche les noms de sentiers qui approchent alors que les cavaliers naviguent dans les r\u00e9seaux de sentiers. L&rsquo;appareil est exp\u00e9di\u00e9 avec des cartes de trail pr\u00e9charg\u00e9es, donnant aux utilisateurs un acc\u00e8s imm\u00e9diat aux informations des sentiers sans n\u00e9cessiter de t\u00e9l\u00e9chargements ou d&rsquo;abonnements suppl\u00e9mentaires.<\/p>\n<h2 id=\"other-features-and-specs\">Autres fonctionnalit\u00e9s et sp\u00e9cifications<\/h2>\n<p>Selon Garmin, les performances de la batterie du bord MBT atteignent 14 heures de fonctionnement standard, s&rsquo;\u00e9tendant \u00e0 26 heures avec le mode d&rsquo;\u00e9conomiseur de batterie. Il a un \u00e9cran de verre de gorille Corning r\u00e9sistant aux rayures et une cote de r\u00e9sistance \u00e0 l&rsquo;eau IPX7. Les caract\u00e9ristiques de s\u00e9curit\u00e9 incluent le partage de livetrack et la d\u00e9tection automatique des incidents.<\/p>\n<p>Le Edge MTB est disponible pour 399,99 $, ce qui en fait une option de milieu de gamme parmi la gamme d&rsquo;ordinateurs \u00e0 cyclisme de Garmin. Les v\u00e9t\u00e9tistes appr\u00e9cieront certainement un ordinateur qui fait plus que simplement traiter le cyclisme hors route comme un simple v\u00e9lo de route dans un environnement diff\u00e9rent.<\/p>\n","protected":false},"excerpt":{"rendered":"<p>Si vous \u00eates un motard de montagne, ce gadget est con\u00e7u juste pour vous. Mountain Bikers, \u00e9coutez: Garmin a r\u00e9cemment lanc\u00e9 son dernier ordinateur cyclable<\/p>\n","protected":false},"author":1,"featured_media":8422,"comment_status":"","ping_status":"","sticky":false,"template":"","format":"standard","meta":{"footnotes":""},"categories":[38],"tags":[7550,76,3685,14,929,169,81,921,7551],"class_list":["post-8421","post","type-post","status-publish","format-standard","has-post-thumbnail","hentry","category-sante","tag-construit","tag-est","tag-garmin","tag-les","tag-nouvel","tag-ordinateur","tag-pour","tag-velo","tag-vetetistes","generate-columns","tablet-grid-50","mobile-grid-100","grid-parent","grid-33"],"yoast_head":"<!-- This site is optimized with the Yoast SEO plugin v24.0 - https:\/\/yoast.com\/wordpress\/plugins\/seo\/ -->\n<title>Le nouvel ordinateur de v\u00e9lo de Garmin est construit pour les v\u00e9t\u00e9tistes | Vie Associative<\/title>\n<meta name=\"robots\" content=\"index, follow, max-snippet:-1, max-image-preview:large, max-video-preview:-1\" \/>\n<link rel=\"canonical\" href=\"https:\/\/vieassociative.be\/actualites\/le-nouvel-ordinateur-de-velo-de-garmin-est-construit-pour-les-vetetistes\/\" \/>\n<meta property=\"og:locale\" content=\"fr_FR\" \/>\n<meta property=\"og:type\" content=\"article\" \/>\n<meta property=\"og:title\" content=\"Le nouvel ordinateur de v\u00e9lo de Garmin est construit pour les v\u00e9t\u00e9tistes | Vie Associative\" \/>\n<meta property=\"og:description\" content=\"Si vous \u00eates un motard de montagne, ce gadget est con\u00e7u juste pour vous. Mountain Bikers, \u00e9coutez: Garmin a r\u00e9cemment lanc\u00e9 son dernier ordinateur cyclable\" \/>\n<meta property=\"og:url\" content=\"https:\/\/vieassociative.be\/actualites\/le-nouvel-ordinateur-de-velo-de-garmin-est-construit-pour-les-vetetistes\/\" \/>\n<meta property=\"og:site_name\" content=\"Vie Associative\" \/>\n<meta property=\"article:published_time\" content=\"2025-06-28T07:17:55+00:00\" \/>\n<meta property=\"og:image\" content=\"https:\/\/vieassociative.be\/actualites\/wp-content\/uploads\/2024\/09\/header_backgroundk-01-e1726694325946.png\" \/>\n\t<meta property=\"og:image:width\" content=\"279\" \/>\n\t<meta property=\"og:image:height\" content=\"92\" \/>\n\t<meta property=\"og:image:type\" content=\"image\/png\" \/>\n<meta name=\"author\" content=\"Julien\" \/>\n<meta name=\"twitter:card\" content=\"summary_large_image\" \/>\n<meta name=\"twitter:label1\" content=\"\u00c9crit par\" \/>\n\t<meta name=\"twitter:data1\" content=\"Julien\" \/>\n\t<meta name=\"twitter:label2\" content=\"Dur\u00e9e de lecture est.\" \/>\n\t<meta name=\"twitter:data2\" content=\"3 minutes\" \/>\n<script type=\"application\/ld+json\" class=\"yoast-schema-graph\">{\"@context\":\"https:\/\/schema.org\",\"@graph\":[{\"@type\":\"Article\",\"@id\":\"https:\/\/vieassociative.be\/actualites\/le-nouvel-ordinateur-de-velo-de-garmin-est-construit-pour-les-vetetistes\/#article\",\"isPartOf\":{\"@id\":\"https:\/\/vieassociative.be\/actualites\/le-nouvel-ordinateur-de-velo-de-garmin-est-construit-pour-les-vetetistes\/\"},\"author\":{\"name\":\"Julien\",\"@id\":\"https:\/\/vieassociative.be\/actualites\/#\/schema\/person\/b87ac4f82f9d4e7b7cec7395b679edc4\"},\"headline\":\"Le nouvel ordinateur de v\u00e9lo de Garmin est construit pour les v\u00e9t\u00e9tistes\",\"datePublished\":\"2025-06-28T07:17:55+00:00\",\"dateModified\":\"2025-06-28T07:17:55+00:00\",\"mainEntityOfPage\":{\"@id\":\"https:\/\/vieassociative.be\/actualites\/le-nouvel-ordinateur-de-velo-de-garmin-est-construit-pour-les-vetetistes\/\"},\"wordCount\":654,\"publisher\":{\"@id\":\"https:\/\/vieassociative.be\/actualites\/#organization\"},\"image\":{\"@id\":\"https:\/\/vieassociative.be\/actualites\/le-nouvel-ordinateur-de-velo-de-garmin-est-construit-pour-les-vetetistes\/#primaryimage\"},\"thumbnailUrl\":\"https:\/\/vieassociative.be\/actualites\/wp-content\/uploads\/2025\/06\/Le-nouvel-ordinateur-de-velo-de-Garmin-est-construit-pour.png\",\"keywords\":[\"construit\",\"est\",\"Garmin\",\"Les\",\"nouvel\",\"ordinateur\",\"pour\",\"v\u00e9lo\",\"v\u00e9t\u00e9tistes\"],\"articleSection\":[\"Sant\u00e9\"],\"inLanguage\":\"fr-BE\"},{\"@type\":\"WebPage\",\"@id\":\"https:\/\/vieassociative.be\/actualites\/le-nouvel-ordinateur-de-velo-de-garmin-est-construit-pour-les-vetetistes\/\",\"url\":\"https:\/\/vieassociative.be\/actualites\/le-nouvel-ordinateur-de-velo-de-garmin-est-construit-pour-les-vetetistes\/\",\"name\":\"Le nouvel ordinateur de v\u00e9lo de Garmin est construit pour les v\u00e9t\u00e9tistes | Vie Associative\",\"isPartOf\":{\"@id\":\"https:\/\/vieassociative.be\/actualites\/#website\"},\"primaryImageOfPage\":{\"@id\":\"https:\/\/vieassociative.be\/actualites\/le-nouvel-ordinateur-de-velo-de-garmin-est-construit-pour-les-vetetistes\/#primaryimage\"},\"image\":{\"@id\":\"https:\/\/vieassociative.be\/actualites\/le-nouvel-ordinateur-de-velo-de-garmin-est-construit-pour-les-vetetistes\/#primaryimage\"},\"thumbnailUrl\":\"https:\/\/vieassociative.be\/actualites\/wp-content\/uploads\/2025\/06\/Le-nouvel-ordinateur-de-velo-de-Garmin-est-construit-pour.png\",\"datePublished\":\"2025-06-28T07:17:55+00:00\",\"dateModified\":\"2025-06-28T07:17:55+00:00\",\"breadcrumb\":{\"@id\":\"https:\/\/vieassociative.be\/actualites\/le-nouvel-ordinateur-de-velo-de-garmin-est-construit-pour-les-vetetistes\/#breadcrumb\"},\"inLanguage\":\"fr-BE\",\"potentialAction\":[{\"@type\":\"ReadAction\",\"target\":[\"https:\/\/vieassociative.be\/actualites\/le-nouvel-ordinateur-de-velo-de-garmin-est-construit-pour-les-vetetistes\/\"]}]},{\"@type\":\"ImageObject\",\"inLanguage\":\"fr-BE\",\"@id\":\"https:\/\/vieassociative.be\/actualites\/le-nouvel-ordinateur-de-velo-de-garmin-est-construit-pour-les-vetetistes\/#primaryimage\",\"url\":\"https:\/\/vieassociative.be\/actualites\/wp-content\/uploads\/2025\/06\/Le-nouvel-ordinateur-de-velo-de-Garmin-est-construit-pour.png\",\"contentUrl\":\"https:\/\/vieassociative.be\/actualites\/wp-content\/uploads\/2025\/06\/Le-nouvel-ordinateur-de-velo-de-Garmin-est-construit-pour.png\",\"width\":1200,\"height\":675,\"caption\":\"Le nouvel ordinateur de v\u00e9lo de Garmin est construit pour les v\u00e9t\u00e9tistes\"},{\"@type\":\"BreadcrumbList\",\"@id\":\"https:\/\/vieassociative.be\/actualites\/le-nouvel-ordinateur-de-velo-de-garmin-est-construit-pour-les-vetetistes\/#breadcrumb\",\"itemListElement\":[{\"@type\":\"ListItem\",\"position\":1,\"name\":\"Accueil\",\"item\":\"https:\/\/vieassociative.be\/actualites\/\"},{\"@type\":\"ListItem\",\"position\":2,\"name\":\"Le nouvel ordinateur de v\u00e9lo de Garmin est construit pour les v\u00e9t\u00e9tistes\"}]},{\"@type\":\"WebSite\",\"@id\":\"https:\/\/vieassociative.be\/actualites\/#website\",\"url\":\"https:\/\/vieassociative.be\/actualites\/\",\"name\":\"Vie Associative\",\"description\":\"\",\"publisher\":{\"@id\":\"https:\/\/vieassociative.be\/actualites\/#organization\"},\"potentialAction\":[{\"@type\":\"SearchAction\",\"target\":{\"@type\":\"EntryPoint\",\"urlTemplate\":\"https:\/\/vieassociative.be\/actualites\/?s={search_term_string}\"},\"query-input\":{\"@type\":\"PropertyValueSpecification\",\"valueRequired\":true,\"valueName\":\"search_term_string\"}}],\"inLanguage\":\"fr-BE\"},{\"@type\":\"Organization\",\"@id\":\"https:\/\/vieassociative.be\/actualites\/#organization\",\"name\":\"Vie Associative\",\"url\":\"https:\/\/vieassociative.be\/actualites\/\",\"logo\":{\"@type\":\"ImageObject\",\"inLanguage\":\"fr-BE\",\"@id\":\"https:\/\/vieassociative.be\/actualites\/#\/schema\/logo\/image\/\",\"url\":\"https:\/\/vieassociative.be\/actualites\/wp-content\/uploads\/2024\/09\/cropped-vieassociative_favicon.ico.png\",\"contentUrl\":\"https:\/\/vieassociative.be\/actualites\/wp-content\/uploads\/2024\/09\/cropped-vieassociative_favicon.ico.png\",\"width\":512,\"height\":512,\"caption\":\"Vie Associative\"},\"image\":{\"@id\":\"https:\/\/vieassociative.be\/actualites\/#\/schema\/logo\/image\/\"}},{\"@type\":\"Person\",\"@id\":\"https:\/\/vieassociative.be\/actualites\/#\/schema\/person\/b87ac4f82f9d4e7b7cec7395b679edc4\",\"name\":\"Julien\",\"image\":{\"@type\":\"ImageObject\",\"inLanguage\":\"fr-BE\",\"@id\":\"https:\/\/vieassociative.be\/actualites\/#\/schema\/person\/image\/\",\"url\":\"https:\/\/vieassociative.be\/actualites\/wp-content\/uploads\/2024\/09\/vie-associative-1-150x150.jpg\",\"contentUrl\":\"https:\/\/vieassociative.be\/actualites\/wp-content\/uploads\/2024\/09\/vie-associative-1-150x150.jpg\",\"caption\":\"Julien\"},\"description\":\"Je suis Julien, r\u00e9dacteur pour Vie Associative. Passionn\u00e9 par le monde associatif depuis plus de 10 ans, j'ai \u00e0 c\u0153ur de partager des histoires inspirantes et de mettre en lumi\u00e8re les initiatives locales. Mon objectif est de sensibiliser et d'encourager l'engagement communautaire \u00e0 travers mes articles.\",\"sameAs\":[\"https:\/\/vieassociative.be\/\"]}]}<\/script>\n<!-- \/ Yoast SEO plugin. -->","yoast_head_json":{"title":"Le nouvel ordinateur de v\u00e9lo de Garmin est construit pour les v\u00e9t\u00e9tistes | Vie Associative","robots":{"index":"index","follow":"follow","max-snippet":"max-snippet:-1","max-image-preview":"max-image-preview:large","max-video-preview":"max-video-preview:-1"},"canonical":"https:\/\/vieassociative.be\/actualites\/le-nouvel-ordinateur-de-velo-de-garmin-est-construit-pour-les-vetetistes\/","og_locale":"fr_FR","og_type":"article","og_title":"Le nouvel ordinateur de v\u00e9lo de Garmin est construit pour les v\u00e9t\u00e9tistes | Vie Associative","og_description":"Si vous \u00eates un motard de montagne, ce gadget est con\u00e7u juste pour vous. Mountain Bikers, \u00e9coutez: Garmin a r\u00e9cemment lanc\u00e9 son dernier ordinateur cyclable","og_url":"https:\/\/vieassociative.be\/actualites\/le-nouvel-ordinateur-de-velo-de-garmin-est-construit-pour-les-vetetistes\/","og_site_name":"Vie Associative","article_published_time":"2025-06-28T07:17:55+00:00","og_image":[{"width":279,"height":92,"url":"https:\/\/vieassociative.be\/actualites\/wp-content\/uploads\/2024\/09\/header_backgroundk-01-e1726694325946.png","type":"image\/png"}],"author":"Julien","twitter_card":"summary_large_image","twitter_misc":{"\u00c9crit par":"Julien","Dur\u00e9e de lecture est.":"3 minutes"},"schema":{"@context":"https:\/\/schema.org","@graph":[{"@type":"Article","@id":"https:\/\/vieassociative.be\/actualites\/le-nouvel-ordinateur-de-velo-de-garmin-est-construit-pour-les-vetetistes\/#article","isPartOf":{"@id":"https:\/\/vieassociative.be\/actualites\/le-nouvel-ordinateur-de-velo-de-garmin-est-construit-pour-les-vetetistes\/"},"author":{"name":"Julien","@id":"https:\/\/vieassociative.be\/actualites\/#\/schema\/person\/b87ac4f82f9d4e7b7cec7395b679edc4"},"headline":"Le nouvel ordinateur de v\u00e9lo de Garmin est construit pour les v\u00e9t\u00e9tistes","datePublished":"2025-06-28T07:17:55+00:00","dateModified":"2025-06-28T07:17:55+00:00","mainEntityOfPage":{"@id":"https:\/\/vieassociative.be\/actualites\/le-nouvel-ordinateur-de-velo-de-garmin-est-construit-pour-les-vetetistes\/"},"wordCount":654,"publisher":{"@id":"https:\/\/vieassociative.be\/actualites\/#organization"},"image":{"@id":"https:\/\/vieassociative.be\/actualites\/le-nouvel-ordinateur-de-velo-de-garmin-est-construit-pour-les-vetetistes\/#primaryimage"},"thumbnailUrl":"https:\/\/vieassociative.be\/actualites\/wp-content\/uploads\/2025\/06\/Le-nouvel-ordinateur-de-velo-de-Garmin-est-construit-pour.png","keywords":["construit","est","Garmin","Les","nouvel","ordinateur","pour","v\u00e9lo","v\u00e9t\u00e9tistes"],"articleSection":["Sant\u00e9"],"inLanguage":"fr-BE"},{"@type":"WebPage","@id":"https:\/\/vieassociative.be\/actualites\/le-nouvel-ordinateur-de-velo-de-garmin-est-construit-pour-les-vetetistes\/","url":"https:\/\/vieassociative.be\/actualites\/le-nouvel-ordinateur-de-velo-de-garmin-est-construit-pour-les-vetetistes\/","name":"Le nouvel ordinateur de v\u00e9lo de Garmin est construit pour les v\u00e9t\u00e9tistes | Vie Associative","isPartOf":{"@id":"https:\/\/vieassociative.be\/actualites\/#website"},"primaryImageOfPage":{"@id":"https:\/\/vieassociative.be\/actualites\/le-nouvel-ordinateur-de-velo-de-garmin-est-construit-pour-les-vetetistes\/#primaryimage"},"image":{"@id":"https:\/\/vieassociative.be\/actualites\/le-nouvel-ordinateur-de-velo-de-garmin-est-construit-pour-les-vetetistes\/#primaryimage"},"thumbnailUrl":"https:\/\/vieassociative.be\/actualites\/wp-content\/uploads\/2025\/06\/Le-nouvel-ordinateur-de-velo-de-Garmin-est-construit-pour.png","datePublished":"2025-06-28T07:17:55+00:00","dateModified":"2025-06-28T07:17:55+00:00","breadcrumb":{"@id":"https:\/\/vieassociative.be\/actualites\/le-nouvel-ordinateur-de-velo-de-garmin-est-construit-pour-les-vetetistes\/#breadcrumb"},"inLanguage":"fr-BE","potentialAction":[{"@type":"ReadAction","target":["https:\/\/vieassociative.be\/actualites\/le-nouvel-ordinateur-de-velo-de-garmin-est-construit-pour-les-vetetistes\/"]}]},{"@type":"ImageObject","inLanguage":"fr-BE","@id":"https:\/\/vieassociative.be\/actualites\/le-nouvel-ordinateur-de-velo-de-garmin-est-construit-pour-les-vetetistes\/#primaryimage","url":"https:\/\/vieassociative.be\/actualites\/wp-content\/uploads\/2025\/06\/Le-nouvel-ordinateur-de-velo-de-Garmin-est-construit-pour.png","contentUrl":"https:\/\/vieassociative.be\/actualites\/wp-content\/uploads\/2025\/06\/Le-nouvel-ordinateur-de-velo-de-Garmin-est-construit-pour.png","width":1200,"height":675,"caption":"Le nouvel ordinateur de v\u00e9lo de Garmin est construit pour les v\u00e9t\u00e9tistes"},{"@type":"BreadcrumbList","@id":"https:\/\/vieassociative.be\/actualites\/le-nouvel-ordinateur-de-velo-de-garmin-est-construit-pour-les-vetetistes\/#breadcrumb","itemListElement":[{"@type":"ListItem","position":1,"name":"Accueil","item":"https:\/\/vieassociative.be\/actualites\/"},{"@type":"ListItem","position":2,"name":"Le nouvel ordinateur de v\u00e9lo de Garmin est construit pour les v\u00e9t\u00e9tistes"}]},{"@type":"WebSite","@id":"https:\/\/vieassociative.be\/actualites\/#website","url":"https:\/\/vieassociative.be\/actualites\/","name":"Vie Associative","description":"","publisher":{"@id":"https:\/\/vieassociative.be\/actualites\/#organization"},"potentialAction":[{"@type":"SearchAction","target":{"@type":"EntryPoint","urlTemplate":"https:\/\/vieassociative.be\/actualites\/?s={search_term_string}"},"query-input":{"@type":"PropertyValueSpecification","valueRequired":true,"valueName":"search_term_string"}}],"inLanguage":"fr-BE"},{"@type":"Organization","@id":"https:\/\/vieassociative.be\/actualites\/#organization","name":"Vie Associative","url":"https:\/\/vieassociative.be\/actualites\/","logo":{"@type":"ImageObject","inLanguage":"fr-BE","@id":"https:\/\/vieassociative.be\/actualites\/#\/schema\/logo\/image\/","url":"https:\/\/vieassociative.be\/actualites\/wp-content\/uploads\/2024\/09\/cropped-vieassociative_favicon.ico.png","contentUrl":"https:\/\/vieassociative.be\/actualites\/wp-content\/uploads\/2024\/09\/cropped-vieassociative_favicon.ico.png","width":512,"height":512,"caption":"Vie Associative"},"image":{"@id":"https:\/\/vieassociative.be\/actualites\/#\/schema\/logo\/image\/"}},{"@type":"Person","@id":"https:\/\/vieassociative.be\/actualites\/#\/schema\/person\/b87ac4f82f9d4e7b7cec7395b679edc4","name":"Julien","image":{"@type":"ImageObject","inLanguage":"fr-BE","@id":"https:\/\/vieassociative.be\/actualites\/#\/schema\/person\/image\/","url":"https:\/\/vieassociative.be\/actualites\/wp-content\/uploads\/2024\/09\/vie-associative-1-150x150.jpg","contentUrl":"https:\/\/vieassociative.be\/actualites\/wp-content\/uploads\/2024\/09\/vie-associative-1-150x150.jpg","caption":"Julien"},"description":"Je suis Julien, r\u00e9dacteur pour Vie Associative. Passionn\u00e9 par le monde associatif depuis plus de 10 ans, j'ai \u00e0 c\u0153ur de partager des histoires inspirantes et de mettre en lumi\u00e8re les initiatives locales. Mon objectif est de sensibiliser et d'encourager l'engagement communautaire \u00e0 travers mes articles.","sameAs":["https:\/\/vieassociative.be\/"]}]}},"_links":{"self":[{"href":"https:\/\/vieassociative.be\/actualites\/wp-json\/wp\/v2\/posts\/8421"}],"collection":[{"href":"https:\/\/vieassociative.be\/actualites\/wp-json\/wp\/v2\/posts"}],"about":[{"href":"https:\/\/vieassociative.be\/actualites\/wp-json\/wp\/v2\/types\/post"}],"author":[{"embeddable":true,"href":"https:\/\/vieassociative.be\/actualites\/wp-json\/wp\/v2\/users\/1"}],"replies":[{"embeddable":true,"href":"https:\/\/vieassociative.be\/actualites\/wp-json\/wp\/v2\/comments?post=8421"}],"version-history":[{"count":0,"href":"https:\/\/vieassociative.be\/actualites\/wp-json\/wp\/v2\/posts\/8421\/revisions"}],"wp:featuredmedia":[{"embeddable":true,"href":"https:\/\/vieassociative.be\/actualites\/wp-json\/wp\/v2\/media\/8422"}],"wp:attachment":[{"href":"https:\/\/vieassociative.be\/actualites\/wp-json\/wp\/v2\/media?parent=8421"}],"wp:term":[{"taxonomy":"category","embeddable":true,"href":"https:\/\/vieassociative.be\/actualites\/wp-json\/wp\/v2\/categories?post=8421"},{"taxonomy":"post_tag","embeddable":true,"href":"https:\/\/vieassociative.be\/actualites\/wp-json\/wp\/v2\/tags?post=8421"}],"curies":[{"name":"wp","href":"https:\/\/api.w.org\/{rel}","templated":true}]}}