{"id":8413,"date":"2025-06-27T21:19:09","date_gmt":"2025-06-27T19:19:09","guid":{"rendered":"https:\/\/vieassociative.be\/actualites\/la-fonctionnalite-ai-demandez-aux-photos-de-google-peut-en-fait-etre-utilisable-maintenant\/"},"modified":"2025-06-27T21:19:09","modified_gmt":"2025-06-27T19:19:09","slug":"la-fonctionnalite-ai-demandez-aux-photos-de-google-peut-en-fait-etre-utilisable-maintenant","status":"publish","type":"post","link":"https:\/\/vieassociative.be\/actualites\/la-fonctionnalite-ai-demandez-aux-photos-de-google-peut-en-fait-etre-utilisable-maintenant\/","title":{"rendered":"La fonctionnalit\u00e9 AI \u00abDemandez aux photos\u00bb de Google peut en fait \u00eatre utilisable maintenant"},"content":{"rendered":"<div class=\"mt-4 leading-6 md:mb-8\">Maintenant, il existe un moyen plus rapide de rechercher vos photos Google \u00e0 l&rsquo;aide de Gemini AI.<\/div>\n<p><\/p>\n<p>La fonctionnalit\u00e9 AIM de Google a \u00e9t\u00e9 annonc\u00e9e l&rsquo;ann\u00e9e derni\u00e8re, mais n&rsquo;a pas r\u00e9ussi \u00e0 faire des \u00e9claboussures lorsqu&rsquo;elle a commenc\u00e9 \u00e0 se d\u00e9placer au public. Il a remplac\u00e9 la fonction de recherche de photos ordinaire par une recherche Gemini AI qui, souvent, a pris trop de temps lorsque vous vouliez simplement trouver des photos de vos animaux de compagnie ou de votre voiture. C&rsquo;\u00e9tait un tel probl\u00e8me que mes coll\u00e8gues qui commencent \u00e0 utiliser une solution de contournement qui leur permettent de demander des photos enti\u00e8rement, passant \u00e0 l&rsquo;option de recherche classique \u00e0 la place.<\/p>\n<p>Google semble avoir remarqu\u00e9, car au d\u00e9but de ce mois-ci, la soci\u00e9t\u00e9 a interrompu compl\u00e8tement le d\u00e9ploiement de la fonctionnalit\u00e9. Selon un chef de produit Google, la fonctionnalit\u00e9 n&rsquo;\u00e9tait \u00ab\u00a0o\u00f9 elle devait \u00eatre, en termes de latence, de qualit\u00e9 et UX\u00a0\u00bb. Maintenant, Google reprend \u00e0 nouveau ce d\u00e9ploiement, fixant ce qui \u00e9tait peut-\u00eatre le plus gros probl\u00e8me avec les photos de demande.<\/p>\n<h2 id=\"ask-photos-now-works-with-simple-search-terms-too\">Demandez aux photos qui fonctionnent maintenant avec des termes de recherche simples aussi<\/h2>\n<div class=\"eloquent-imagery-image\">\n<div class=\"flex justify-center\">\n                    <img decoding=\"async\" class=\"border border-gray-100\" src=\"https:\/\/lifehacker.com\/imagery\/articles\/01JYS09YSGZGKTAC82E17N0K6Q\/images-1.fill.size_2000x2000.v1751038360.webp\" alt=\"La nouvelle fonctionnalit\u00e9 Google Photos Demandez des photos en action.\" width=\"2000\" height=\"2000\" loading=\"lazy\"  >\n            <\/div>\n<\/p><\/div>\n<p>Demandez aux photos est la fonction de recherche am\u00e9lior\u00e9e de Google pour Google Photos qui combine Gemini AI et la recherche de photos r\u00e9guli\u00e8res. Ainsi, vous pouvez lui poser des questions d\u00e9taill\u00e9es et complexes comme: \u00ab\u00a0Trouvez toutes les photos de 2012 quand j&rsquo;avais les cheveux courts\u00a0\u00bb ou \u00ab\u00a0trouvez toutes les photos de mon ancienne camionnette gar\u00e9e \u00e0 la plage\u00a0\u00bb. En th\u00e9orie, il comprendrait ce que vous dites (gr\u00e2ce \u00e0 Gemini AI), puis proc\u00e9dez \u00e0 votre biblioth\u00e8que photo pour trouver ce que vous recherchez.<\/p>\n<p>Le probl\u00e8me avec Ask Photos \u00e9tait sa latence, surtout en ce qui concerne les recherches de mots, comme les \u00abchats\u00bb, la \u00abnature\u00bb, le \u00abbateau\u00bb, etc. Google dit que cela a r\u00e9solu ce probl\u00e8me, et lorsque vous utilisez une courte phrase de recherche dans Ask Photos, vous verrez les r\u00e9sultats de recherche instantan\u00e9ment, comme vous le faites dans la recherche classique.<\/p>\n<p>Google dit que cela a \u00e9galement rendu des recherches plus complexes plus rapidement. Ainsi, lorsque vous demandez des photos de vacances particuli\u00e8res ou des photos avec vos deux enfants sur la plage, Google vous montrera les r\u00e9sultats plus rapidement. Soi-disant, vous n&rsquo;aurez pas \u00e0 attendre \u00e9ternellement que Gemini Ai pense avant de commencer \u00e0 voir vos photos.<\/p>\n<div class=\"pogoClear relative my-10 border-b-(1.5px) border-t-(1.5px) border-dashed border-black py-5 sm:my-14 sm:border-0 sm:py-0\" data-ga-click data-ga-template=\"News\" data-ga-module=\"openweb_widget\" data-ga-element=\"openweb_scroll\" data-ga-item=\"openweb_scroll_midpage\" x-data=\"{\n         commentsCount: null,\n         hasComments: false,\n         async fetchCommentsCount() {\n             try {\n                 if (window.openweb &amp;&amp; typeof window.openweb.getMessagesCount === 'function') {\n                     this.commentsCount = await window.openweb.getMessagesCount('01JYS09YSGZGKTAC82E17N0K6Q');\n                     this.hasComments = this.commentsCount !== null &amp;&amp; this.commentsCount &gt; 0;\n                 }\n             } catch (e) {\n                 console.warn('Failed to fetch comment count:', e);\n             }\n         }\n     }\" x-init=\"fetchCommentsCount()\" x-cloak><\/p>\n<div class=\"absolute top-1\/2 hidden w-full -translate-y-1\/2 border-t-(1.5px) border-dashed border-black sm:block\"><\/div>\n<div class=\"relative flex justify-center\">\n<div class=\"flex max-w-fit items-center gap-x-3 bg-white px-5\">\n<div class=\"relative\">\n                <span class=\"absolute left-1\/2 top-1\/2 -translate-x-1\/2 -translate-y-1\/2 font-akshar text-sm font-medium text-black\" aria-live=\"polite\" x-show=\"hasComments\" x-text=\"commentsCount\"><\/span><\/p>\n<p>                <svg class=\"h-8 w-8 text-black\" role=\"img\" aria-hidden=\"true\">\n                    <use href=\"http:\/\/lifehacker.com\/images\/icons\/spritemap.svg#sprite-chat-bubble\"><\/use>\n                <\/svg>\n            <\/div>\n<p>            <span class=\"text-sm font-medium text-black\"><\/p>\n<p>                Que pensez-vous jusqu&rsquo;\u00e0 pr\u00e9sent?<br \/>\n                <button class=\"ml-1 font-semibold text-brand-green underline hover:text-brand-green-700\" type=\"button\" aria-label=\"Comment section trigger\" onclick=\"window.openweb.scrollToComments('01JYS09YSGZGKTAC82E17N0K6Q')\" x-text=\"hasComments ? 'Post a comment.' : 'Be the first to post a comment.'\"><\/button><br \/>\n            <\/span>\n        <\/div>\n<\/p><\/div>\n<\/div>\n<h2 id=\"how-to-try-the-new-ask-photos-update\">Comment essayer la nouvelle mise \u00e0 jour des photos de demande<\/h2>\n<p>Google dit que la mise \u00e0 jour des photos de Ask commencera \u00e0 se d\u00e9ployer sur un ensemble plus large d&rsquo;utilisateurs maintenant. Mais il est toujours limit\u00e9 aux \u00c9tats-Unis. Selon Google, vous devrez avoir 18 ans ou plus, \u00eatre bas\u00e9 aux \u00c9tats-Unis et avoir votre langue de compte Google en anglais (\u00c9tats-Unis) pour que cette fonctionnalit\u00e9 fonctionne. De plus, vous devrez \u00e9galement faire activer la fonction de groupes de visage.<\/p>\n<p>Une fois que vous r\u00e9pondez \u00e0 toutes ces exigences, ce sera un jeu en attente pour vous pour obtenir la mise \u00e0 jour, car Google \u00e9largit lentement la disponibilit\u00e9 de la fonction Ask Photos. Jusque-l\u00e0, vous pouvez continuer \u00e0 utiliser la m\u00e9thode de recherche classique.<\/p>\n","protected":false},"excerpt":{"rendered":"<p>Maintenant, il existe un moyen plus rapide de rechercher vos photos Google \u00e0 l&rsquo;aide de Gemini AI. La fonctionnalit\u00e9 AIM de Google a \u00e9t\u00e9 annonc\u00e9e<\/p>\n","protected":false},"author":1,"featured_media":8414,"comment_status":"","ping_status":"","sticky":false,"template":"","format":"standard","meta":{"footnotes":""},"categories":[13],"tags":[289,2488,23,635,1300,968,233,22,283,7547],"class_list":["post-8413","post","type-post","status-publish","format-standard","has-post-thumbnail","hentry","category-technologie","tag-aux","tag-demandez","tag-etre","tag-fait","tag-fonctionnalite","tag-google","tag-maintenant","tag-peut","tag-photos","tag-utilisable","generate-columns","tablet-grid-50","mobile-grid-100","grid-parent","grid-33"],"yoast_head":"<!-- This site is optimized with the Yoast SEO plugin v24.0 - https:\/\/yoast.com\/wordpress\/plugins\/seo\/ -->\n<title>La fonctionnalit\u00e9 AI \u00abDemandez aux photos\u00bb de Google peut en fait \u00eatre utilisable maintenant | Vie Associative<\/title>\n<meta name=\"robots\" content=\"index, follow, max-snippet:-1, max-image-preview:large, max-video-preview:-1\" \/>\n<link rel=\"canonical\" href=\"https:\/\/vieassociative.be\/actualites\/la-fonctionnalite-ai-demandez-aux-photos-de-google-peut-en-fait-etre-utilisable-maintenant\/\" \/>\n<meta property=\"og:locale\" content=\"fr_FR\" \/>\n<meta property=\"og:type\" content=\"article\" \/>\n<meta property=\"og:title\" content=\"La fonctionnalit\u00e9 AI \u00abDemandez aux photos\u00bb de Google peut en fait \u00eatre utilisable maintenant | Vie Associative\" \/>\n<meta property=\"og:description\" content=\"Maintenant, il existe un moyen plus rapide de rechercher vos photos Google \u00e0 l&rsquo;aide de Gemini AI. La fonctionnalit\u00e9 AIM de Google a \u00e9t\u00e9 annonc\u00e9e\" \/>\n<meta property=\"og:url\" content=\"https:\/\/vieassociative.be\/actualites\/la-fonctionnalite-ai-demandez-aux-photos-de-google-peut-en-fait-etre-utilisable-maintenant\/\" \/>\n<meta property=\"og:site_name\" content=\"Vie Associative\" \/>\n<meta property=\"article:published_time\" content=\"2025-06-27T19:19:09+00:00\" \/>\n<meta property=\"og:image\" content=\"https:\/\/lifehacker.com\/imagery\/articles\/01JYS09YSGZGKTAC82E17N0K6Q\/images-1.fill.size_2000x2000.v1751038360.webp\" \/>\n<meta name=\"author\" content=\"Julien\" \/>\n<meta name=\"twitter:card\" content=\"summary_large_image\" \/>\n<meta name=\"twitter:label1\" content=\"\u00c9crit par\" \/>\n\t<meta name=\"twitter:data1\" content=\"Julien\" \/>\n\t<meta name=\"twitter:label2\" content=\"Dur\u00e9e de lecture est.\" \/>\n\t<meta name=\"twitter:data2\" content=\"3 minutes\" \/>\n<script type=\"application\/ld+json\" class=\"yoast-schema-graph\">{\"@context\":\"https:\/\/schema.org\",\"@graph\":[{\"@type\":\"Article\",\"@id\":\"https:\/\/vieassociative.be\/actualites\/la-fonctionnalite-ai-demandez-aux-photos-de-google-peut-en-fait-etre-utilisable-maintenant\/#article\",\"isPartOf\":{\"@id\":\"https:\/\/vieassociative.be\/actualites\/la-fonctionnalite-ai-demandez-aux-photos-de-google-peut-en-fait-etre-utilisable-maintenant\/\"},\"author\":{\"name\":\"Julien\",\"@id\":\"https:\/\/vieassociative.be\/actualites\/#\/schema\/person\/b87ac4f82f9d4e7b7cec7395b679edc4\"},\"headline\":\"La fonctionnalit\u00e9 AI \u00abDemandez aux photos\u00bb de Google peut en fait \u00eatre utilisable maintenant\",\"datePublished\":\"2025-06-27T19:19:09+00:00\",\"dateModified\":\"2025-06-27T19:19:09+00:00\",\"mainEntityOfPage\":{\"@id\":\"https:\/\/vieassociative.be\/actualites\/la-fonctionnalite-ai-demandez-aux-photos-de-google-peut-en-fait-etre-utilisable-maintenant\/\"},\"wordCount\":559,\"publisher\":{\"@id\":\"https:\/\/vieassociative.be\/actualites\/#organization\"},\"image\":{\"@id\":\"https:\/\/vieassociative.be\/actualites\/la-fonctionnalite-ai-demandez-aux-photos-de-google-peut-en-fait-etre-utilisable-maintenant\/#primaryimage\"},\"thumbnailUrl\":\"https:\/\/vieassociative.be\/actualites\/wp-content\/uploads\/2025\/06\/La-fonctionnalite-AI-Demandez-aux-photos-de-Google-peut-en.png\",\"keywords\":[\"aux\",\"Demandez\",\"\u00eatre\",\"fait\",\"fonctionnalit\u00e9\",\"Google\",\"maintenant\",\"peut\",\"Photos\",\"utilisable\"],\"articleSection\":[\"Technologie\"],\"inLanguage\":\"fr-BE\"},{\"@type\":\"WebPage\",\"@id\":\"https:\/\/vieassociative.be\/actualites\/la-fonctionnalite-ai-demandez-aux-photos-de-google-peut-en-fait-etre-utilisable-maintenant\/\",\"url\":\"https:\/\/vieassociative.be\/actualites\/la-fonctionnalite-ai-demandez-aux-photos-de-google-peut-en-fait-etre-utilisable-maintenant\/\",\"name\":\"La fonctionnalit\u00e9 AI \u00abDemandez aux photos\u00bb de Google peut en fait \u00eatre utilisable maintenant | Vie Associative\",\"isPartOf\":{\"@id\":\"https:\/\/vieassociative.be\/actualites\/#website\"},\"primaryImageOfPage\":{\"@id\":\"https:\/\/vieassociative.be\/actualites\/la-fonctionnalite-ai-demandez-aux-photos-de-google-peut-en-fait-etre-utilisable-maintenant\/#primaryimage\"},\"image\":{\"@id\":\"https:\/\/vieassociative.be\/actualites\/la-fonctionnalite-ai-demandez-aux-photos-de-google-peut-en-fait-etre-utilisable-maintenant\/#primaryimage\"},\"thumbnailUrl\":\"https:\/\/vieassociative.be\/actualites\/wp-content\/uploads\/2025\/06\/La-fonctionnalite-AI-Demandez-aux-photos-de-Google-peut-en.png\",\"datePublished\":\"2025-06-27T19:19:09+00:00\",\"dateModified\":\"2025-06-27T19:19:09+00:00\",\"breadcrumb\":{\"@id\":\"https:\/\/vieassociative.be\/actualites\/la-fonctionnalite-ai-demandez-aux-photos-de-google-peut-en-fait-etre-utilisable-maintenant\/#breadcrumb\"},\"inLanguage\":\"fr-BE\",\"potentialAction\":[{\"@type\":\"ReadAction\",\"target\":[\"https:\/\/vieassociative.be\/actualites\/la-fonctionnalite-ai-demandez-aux-photos-de-google-peut-en-fait-etre-utilisable-maintenant\/\"]}]},{\"@type\":\"ImageObject\",\"inLanguage\":\"fr-BE\",\"@id\":\"https:\/\/vieassociative.be\/actualites\/la-fonctionnalite-ai-demandez-aux-photos-de-google-peut-en-fait-etre-utilisable-maintenant\/#primaryimage\",\"url\":\"https:\/\/vieassociative.be\/actualites\/wp-content\/uploads\/2025\/06\/La-fonctionnalite-AI-Demandez-aux-photos-de-Google-peut-en.png\",\"contentUrl\":\"https:\/\/vieassociative.be\/actualites\/wp-content\/uploads\/2025\/06\/La-fonctionnalite-AI-Demandez-aux-photos-de-Google-peut-en.png\",\"width\":1200,\"height\":675,\"caption\":\"La fonctionnalit\u00e9 AI \u00abDemandez aux photos\u00bb de Google peut en fait \u00eatre utilisable maintenant\"},{\"@type\":\"BreadcrumbList\",\"@id\":\"https:\/\/vieassociative.be\/actualites\/la-fonctionnalite-ai-demandez-aux-photos-de-google-peut-en-fait-etre-utilisable-maintenant\/#breadcrumb\",\"itemListElement\":[{\"@type\":\"ListItem\",\"position\":1,\"name\":\"Accueil\",\"item\":\"https:\/\/vieassociative.be\/actualites\/\"},{\"@type\":\"ListItem\",\"position\":2,\"name\":\"La fonctionnalit\u00e9 AI \u00abDemandez aux photos\u00bb de Google peut en fait \u00eatre utilisable maintenant\"}]},{\"@type\":\"WebSite\",\"@id\":\"https:\/\/vieassociative.be\/actualites\/#website\",\"url\":\"https:\/\/vieassociative.be\/actualites\/\",\"name\":\"Vie Associative\",\"description\":\"\",\"publisher\":{\"@id\":\"https:\/\/vieassociative.be\/actualites\/#organization\"},\"potentialAction\":[{\"@type\":\"SearchAction\",\"target\":{\"@type\":\"EntryPoint\",\"urlTemplate\":\"https:\/\/vieassociative.be\/actualites\/?s={search_term_string}\"},\"query-input\":{\"@type\":\"PropertyValueSpecification\",\"valueRequired\":true,\"valueName\":\"search_term_string\"}}],\"inLanguage\":\"fr-BE\"},{\"@type\":\"Organization\",\"@id\":\"https:\/\/vieassociative.be\/actualites\/#organization\",\"name\":\"Vie Associative\",\"url\":\"https:\/\/vieassociative.be\/actualites\/\",\"logo\":{\"@type\":\"ImageObject\",\"inLanguage\":\"fr-BE\",\"@id\":\"https:\/\/vieassociative.be\/actualites\/#\/schema\/logo\/image\/\",\"url\":\"https:\/\/vieassociative.be\/actualites\/wp-content\/uploads\/2024\/09\/cropped-vieassociative_favicon.ico.png\",\"contentUrl\":\"https:\/\/vieassociative.be\/actualites\/wp-content\/uploads\/2024\/09\/cropped-vieassociative_favicon.ico.png\",\"width\":512,\"height\":512,\"caption\":\"Vie Associative\"},\"image\":{\"@id\":\"https:\/\/vieassociative.be\/actualites\/#\/schema\/logo\/image\/\"}},{\"@type\":\"Person\",\"@id\":\"https:\/\/vieassociative.be\/actualites\/#\/schema\/person\/b87ac4f82f9d4e7b7cec7395b679edc4\",\"name\":\"Julien\",\"image\":{\"@type\":\"ImageObject\",\"inLanguage\":\"fr-BE\",\"@id\":\"https:\/\/vieassociative.be\/actualites\/#\/schema\/person\/image\/\",\"url\":\"https:\/\/vieassociative.be\/actualites\/wp-content\/uploads\/2024\/09\/vie-associative-1-150x150.jpg\",\"contentUrl\":\"https:\/\/vieassociative.be\/actualites\/wp-content\/uploads\/2024\/09\/vie-associative-1-150x150.jpg\",\"caption\":\"Julien\"},\"description\":\"Je suis Julien, r\u00e9dacteur pour Vie Associative. Passionn\u00e9 par le monde associatif depuis plus de 10 ans, j'ai \u00e0 c\u0153ur de partager des histoires inspirantes et de mettre en lumi\u00e8re les initiatives locales. Mon objectif est de sensibiliser et d'encourager l'engagement communautaire \u00e0 travers mes articles.\",\"sameAs\":[\"https:\/\/vieassociative.be\/\"]}]}<\/script>\n<!-- \/ Yoast SEO plugin. -->","yoast_head_json":{"title":"La fonctionnalit\u00e9 AI \u00abDemandez aux photos\u00bb de Google peut en fait \u00eatre utilisable maintenant | Vie Associative","robots":{"index":"index","follow":"follow","max-snippet":"max-snippet:-1","max-image-preview":"max-image-preview:large","max-video-preview":"max-video-preview:-1"},"canonical":"https:\/\/vieassociative.be\/actualites\/la-fonctionnalite-ai-demandez-aux-photos-de-google-peut-en-fait-etre-utilisable-maintenant\/","og_locale":"fr_FR","og_type":"article","og_title":"La fonctionnalit\u00e9 AI \u00abDemandez aux photos\u00bb de Google peut en fait \u00eatre utilisable maintenant | Vie Associative","og_description":"Maintenant, il existe un moyen plus rapide de rechercher vos photos Google \u00e0 l&rsquo;aide de Gemini AI. La fonctionnalit\u00e9 AIM de Google a \u00e9t\u00e9 annonc\u00e9e","og_url":"https:\/\/vieassociative.be\/actualites\/la-fonctionnalite-ai-demandez-aux-photos-de-google-peut-en-fait-etre-utilisable-maintenant\/","og_site_name":"Vie Associative","article_published_time":"2025-06-27T19:19:09+00:00","og_image":[{"url":"https:\/\/lifehacker.com\/imagery\/articles\/01JYS09YSGZGKTAC82E17N0K6Q\/images-1.fill.size_2000x2000.v1751038360.webp","type":"","width":"","height":""}],"author":"Julien","twitter_card":"summary_large_image","twitter_misc":{"\u00c9crit par":"Julien","Dur\u00e9e de lecture est.":"3 minutes"},"schema":{"@context":"https:\/\/schema.org","@graph":[{"@type":"Article","@id":"https:\/\/vieassociative.be\/actualites\/la-fonctionnalite-ai-demandez-aux-photos-de-google-peut-en-fait-etre-utilisable-maintenant\/#article","isPartOf":{"@id":"https:\/\/vieassociative.be\/actualites\/la-fonctionnalite-ai-demandez-aux-photos-de-google-peut-en-fait-etre-utilisable-maintenant\/"},"author":{"name":"Julien","@id":"https:\/\/vieassociative.be\/actualites\/#\/schema\/person\/b87ac4f82f9d4e7b7cec7395b679edc4"},"headline":"La fonctionnalit\u00e9 AI \u00abDemandez aux photos\u00bb de Google peut en fait \u00eatre utilisable maintenant","datePublished":"2025-06-27T19:19:09+00:00","dateModified":"2025-06-27T19:19:09+00:00","mainEntityOfPage":{"@id":"https:\/\/vieassociative.be\/actualites\/la-fonctionnalite-ai-demandez-aux-photos-de-google-peut-en-fait-etre-utilisable-maintenant\/"},"wordCount":559,"publisher":{"@id":"https:\/\/vieassociative.be\/actualites\/#organization"},"image":{"@id":"https:\/\/vieassociative.be\/actualites\/la-fonctionnalite-ai-demandez-aux-photos-de-google-peut-en-fait-etre-utilisable-maintenant\/#primaryimage"},"thumbnailUrl":"https:\/\/vieassociative.be\/actualites\/wp-content\/uploads\/2025\/06\/La-fonctionnalite-AI-Demandez-aux-photos-de-Google-peut-en.png","keywords":["aux","Demandez","\u00eatre","fait","fonctionnalit\u00e9","Google","maintenant","peut","Photos","utilisable"],"articleSection":["Technologie"],"inLanguage":"fr-BE"},{"@type":"WebPage","@id":"https:\/\/vieassociative.be\/actualites\/la-fonctionnalite-ai-demandez-aux-photos-de-google-peut-en-fait-etre-utilisable-maintenant\/","url":"https:\/\/vieassociative.be\/actualites\/la-fonctionnalite-ai-demandez-aux-photos-de-google-peut-en-fait-etre-utilisable-maintenant\/","name":"La fonctionnalit\u00e9 AI \u00abDemandez aux photos\u00bb de Google peut en fait \u00eatre utilisable maintenant | Vie Associative","isPartOf":{"@id":"https:\/\/vieassociative.be\/actualites\/#website"},"primaryImageOfPage":{"@id":"https:\/\/vieassociative.be\/actualites\/la-fonctionnalite-ai-demandez-aux-photos-de-google-peut-en-fait-etre-utilisable-maintenant\/#primaryimage"},"image":{"@id":"https:\/\/vieassociative.be\/actualites\/la-fonctionnalite-ai-demandez-aux-photos-de-google-peut-en-fait-etre-utilisable-maintenant\/#primaryimage"},"thumbnailUrl":"https:\/\/vieassociative.be\/actualites\/wp-content\/uploads\/2025\/06\/La-fonctionnalite-AI-Demandez-aux-photos-de-Google-peut-en.png","datePublished":"2025-06-27T19:19:09+00:00","dateModified":"2025-06-27T19:19:09+00:00","breadcrumb":{"@id":"https:\/\/vieassociative.be\/actualites\/la-fonctionnalite-ai-demandez-aux-photos-de-google-peut-en-fait-etre-utilisable-maintenant\/#breadcrumb"},"inLanguage":"fr-BE","potentialAction":[{"@type":"ReadAction","target":["https:\/\/vieassociative.be\/actualites\/la-fonctionnalite-ai-demandez-aux-photos-de-google-peut-en-fait-etre-utilisable-maintenant\/"]}]},{"@type":"ImageObject","inLanguage":"fr-BE","@id":"https:\/\/vieassociative.be\/actualites\/la-fonctionnalite-ai-demandez-aux-photos-de-google-peut-en-fait-etre-utilisable-maintenant\/#primaryimage","url":"https:\/\/vieassociative.be\/actualites\/wp-content\/uploads\/2025\/06\/La-fonctionnalite-AI-Demandez-aux-photos-de-Google-peut-en.png","contentUrl":"https:\/\/vieassociative.be\/actualites\/wp-content\/uploads\/2025\/06\/La-fonctionnalite-AI-Demandez-aux-photos-de-Google-peut-en.png","width":1200,"height":675,"caption":"La fonctionnalit\u00e9 AI \u00abDemandez aux photos\u00bb de Google peut en fait \u00eatre utilisable maintenant"},{"@type":"BreadcrumbList","@id":"https:\/\/vieassociative.be\/actualites\/la-fonctionnalite-ai-demandez-aux-photos-de-google-peut-en-fait-etre-utilisable-maintenant\/#breadcrumb","itemListElement":[{"@type":"ListItem","position":1,"name":"Accueil","item":"https:\/\/vieassociative.be\/actualites\/"},{"@type":"ListItem","position":2,"name":"La fonctionnalit\u00e9 AI \u00abDemandez aux photos\u00bb de Google peut en fait \u00eatre utilisable maintenant"}]},{"@type":"WebSite","@id":"https:\/\/vieassociative.be\/actualites\/#website","url":"https:\/\/vieassociative.be\/actualites\/","name":"Vie Associative","description":"","publisher":{"@id":"https:\/\/vieassociative.be\/actualites\/#organization"},"potentialAction":[{"@type":"SearchAction","target":{"@type":"EntryPoint","urlTemplate":"https:\/\/vieassociative.be\/actualites\/?s={search_term_string}"},"query-input":{"@type":"PropertyValueSpecification","valueRequired":true,"valueName":"search_term_string"}}],"inLanguage":"fr-BE"},{"@type":"Organization","@id":"https:\/\/vieassociative.be\/actualites\/#organization","name":"Vie Associative","url":"https:\/\/vieassociative.be\/actualites\/","logo":{"@type":"ImageObject","inLanguage":"fr-BE","@id":"https:\/\/vieassociative.be\/actualites\/#\/schema\/logo\/image\/","url":"https:\/\/vieassociative.be\/actualites\/wp-content\/uploads\/2024\/09\/cropped-vieassociative_favicon.ico.png","contentUrl":"https:\/\/vieassociative.be\/actualites\/wp-content\/uploads\/2024\/09\/cropped-vieassociative_favicon.ico.png","width":512,"height":512,"caption":"Vie Associative"},"image":{"@id":"https:\/\/vieassociative.be\/actualites\/#\/schema\/logo\/image\/"}},{"@type":"Person","@id":"https:\/\/vieassociative.be\/actualites\/#\/schema\/person\/b87ac4f82f9d4e7b7cec7395b679edc4","name":"Julien","image":{"@type":"ImageObject","inLanguage":"fr-BE","@id":"https:\/\/vieassociative.be\/actualites\/#\/schema\/person\/image\/","url":"https:\/\/vieassociative.be\/actualites\/wp-content\/uploads\/2024\/09\/vie-associative-1-150x150.jpg","contentUrl":"https:\/\/vieassociative.be\/actualites\/wp-content\/uploads\/2024\/09\/vie-associative-1-150x150.jpg","caption":"Julien"},"description":"Je suis Julien, r\u00e9dacteur pour Vie Associative. Passionn\u00e9 par le monde associatif depuis plus de 10 ans, j'ai \u00e0 c\u0153ur de partager des histoires inspirantes et de mettre en lumi\u00e8re les initiatives locales. Mon objectif est de sensibiliser et d'encourager l'engagement communautaire \u00e0 travers mes articles.","sameAs":["https:\/\/vieassociative.be\/"]}]}},"_links":{"self":[{"href":"https:\/\/vieassociative.be\/actualites\/wp-json\/wp\/v2\/posts\/8413"}],"collection":[{"href":"https:\/\/vieassociative.be\/actualites\/wp-json\/wp\/v2\/posts"}],"about":[{"href":"https:\/\/vieassociative.be\/actualites\/wp-json\/wp\/v2\/types\/post"}],"author":[{"embeddable":true,"href":"https:\/\/vieassociative.be\/actualites\/wp-json\/wp\/v2\/users\/1"}],"replies":[{"embeddable":true,"href":"https:\/\/vieassociative.be\/actualites\/wp-json\/wp\/v2\/comments?post=8413"}],"version-history":[{"count":0,"href":"https:\/\/vieassociative.be\/actualites\/wp-json\/wp\/v2\/posts\/8413\/revisions"}],"wp:featuredmedia":[{"embeddable":true,"href":"https:\/\/vieassociative.be\/actualites\/wp-json\/wp\/v2\/media\/8414"}],"wp:attachment":[{"href":"https:\/\/vieassociative.be\/actualites\/wp-json\/wp\/v2\/media?parent=8413"}],"wp:term":[{"taxonomy":"category","embeddable":true,"href":"https:\/\/vieassociative.be\/actualites\/wp-json\/wp\/v2\/categories?post=8413"},{"taxonomy":"post_tag","embeddable":true,"href":"https:\/\/vieassociative.be\/actualites\/wp-json\/wp\/v2\/tags?post=8413"}],"curies":[{"name":"wp","href":"https:\/\/api.w.org\/{rel}","templated":true}]}}