{"id":8411,"date":"2025-06-27T15:17:23","date_gmt":"2025-06-27T13:17:23","guid":{"rendered":"https:\/\/vieassociative.be\/actualites\/vous-pouvez-definir-des-alertes-de-prix-pour-prime-day-pour-ne-pas-depenser-trop\/"},"modified":"2025-06-27T15:17:23","modified_gmt":"2025-06-27T13:17:23","slug":"vous-pouvez-definir-des-alertes-de-prix-pour-prime-day-pour-ne-pas-depenser-trop","status":"publish","type":"post","link":"https:\/\/vieassociative.be\/actualites\/vous-pouvez-definir-des-alertes-de-prix-pour-prime-day-pour-ne-pas-depenser-trop\/","title":{"rendered":"Vous pouvez d\u00e9finir des alertes de prix pour Prime Day pour ne pas d\u00e9penser trop"},"content":{"rendered":"<div class=\"mt-4 leading-6 md:mb-8\">R\u00e9sistez aux tactiques de manipulation des prix d&rsquo;Amazon en choisissant le maximum que vous souhaitez d\u00e9penser \u00e0 l&rsquo;avance.<\/div>\n<p><\/p>\n<p>Si vous \u00eates un acheteur d&rsquo;impulsions, vous savez que les \u00e9v\u00e9nements de shopping comme la prochaine journ\u00e9e \u00e0 venir d&rsquo;Amazon peuvent \u00eatre mauvais. M\u00eame si nous <em>savoir<\/em> Amazon utilise toutes sortes de techniques de manipulation pour nous amener \u00e0 acheter des choses dont nous n&rsquo;avons pas besoin, cela fonctionne toujours, donc cette ann\u00e9e, essayez de fixer vos propres prix et de choisir uniquement les choses que vous <em>vouloir<\/em> pour acheter avant la grande vente de premier jour. (C&rsquo;est du 8 juillet au 11 juillet de cette ann\u00e9e, au cas o\u00f9 vous auriez besoin de vous pr\u00e9parer.)<\/p>\n<h2 id=\"how-to-set-your-own-prices-on-amazon\">Comment \u00abfixer vos propres prix\u00bb sur Amazon<\/h2>\n<p>Vous ne pouvez pas faire baisser Amazon ses prix \u00e0 votre caprice, mais vous <em>peut<\/em> Configurez un syst\u00e8me d&rsquo;alerte pour vous faire savoir si quelque chose que vous souhaitez acheter des baisses de prix suffisamment pour que vous ayez du sens pour vous de l&rsquo;acheter. Vous trouverez ci-dessous un guide \u00e9tape par \u00e9tape pour d\u00e9finir votre propre prix maximal personnel pour tout article vendu par Amazon:<\/p>\n<div class=\"pogoClear relative my-10 border-b-(1.5px) border-t-(1.5px) border-dashed border-black py-5 sm:my-14 sm:border-0 sm:py-0\" data-ga-click data-ga-template=\"How-To\" data-ga-module=\"openweb_widget\" data-ga-element=\"openweb_scroll\" data-ga-item=\"openweb_scroll_midpage\" x-data=\"{\n         commentsCount: null,\n         hasComments: false,\n         async fetchCommentsCount() {\n             try {\n                 if (window.openweb &amp;&amp; typeof window.openweb.getMessagesCount === 'function') {\n                     this.commentsCount = await window.openweb.getMessagesCount('1849158967');\n                     this.hasComments = this.commentsCount !== null &amp;&amp; this.commentsCount &gt; 0;\n                 }\n             } catch (e) {\n                 console.warn('Failed to fetch comment count:', e);\n             }\n         }\n     }\" x-init=\"fetchCommentsCount()\" x-cloak><\/p>\n<div class=\"absolute top-1\/2 hidden w-full -translate-y-1\/2 border-t-(1.5px) border-dashed border-black sm:block\"><\/div>\n<div class=\"relative flex justify-center\">\n<div class=\"flex max-w-fit items-center gap-x-3 bg-white px-5\">\n<div class=\"relative\">\n                <span class=\"absolute left-1\/2 top-1\/2 -translate-x-1\/2 -translate-y-1\/2 font-akshar text-sm font-medium text-black\" aria-live=\"polite\" x-show=\"hasComments\" x-text=\"commentsCount\"><\/span><\/p>\n<p>                <svg class=\"h-8 w-8 text-black\" role=\"img\" aria-hidden=\"true\">\n                    <use href=\"http:\/\/lifehacker.com\/images\/icons\/spritemap.svg#sprite-chat-bubble\"><\/use>\n                <\/svg>\n            <\/div>\n<p>            <span class=\"text-sm font-medium text-black\"><\/p>\n<p>                Que pensez-vous jusqu&rsquo;\u00e0 pr\u00e9sent?<br \/>\n                <button class=\"ml-1 font-semibold text-brand-green underline hover:text-brand-green-700\" type=\"button\" aria-label=\"Comment section trigger\" onclick=\"window.openweb.scrollToComments('1849158967')\" x-text=\"hasComments ? 'Post a comment.' : 'Be the first to post a comment.'\"><\/button><br \/>\n            <\/span>\n        <\/div>\n<\/p><\/div>\n<\/div>\n<ul>\n<li>\n<p>Identifiez les articles que vous souhaitez acheter et jetez-les dans votre liste de souhaits Amazon. Assurez-vous que votre liste de souhaits est d\u00e9finie sur \u00abpublic\u00bb.<\/p>\n<\/li>\n<li>\n<p>Visitez le site Web de suivi des prix Amazon CamelCamelCamel et cr\u00e9ez un compte gratuit. Il existe d&rsquo;autres applications et sites Web de suivi des prix qui, plus ou moins, font la m\u00eame chose &#8211; des offres, miel, keepa, etc. &#8211; consultez donc cet aper\u00e7u des meilleurs outils de suivi des prix si vous souhaitez les comparer. Alerte de spoiler, cependant: CamelcamelCamel gagne.<\/p>\n<\/li>\n<li>\n<p>Cliquez sur \u00abImporter WishList\u00bb. (Vous devrez copier et coller l&rsquo;URL de votre liste de souhaits Amazon.)<\/p>\n<\/li>\n<li>\n<p>Une fois que vous avez fait cela, CamelCamelCamel vous permet d&rsquo;ajouter des prix maximaux (ou des pourcentages) sp\u00e9cifiques pour tout dans votre liste de souhaits. Entrez le montant maximum que vous \u00eates pr\u00eat \u00e0 payer pour chaque article de votre liste, puis vous pouvez lui dire de vous envoyer un e-mail lorsque le prix d&rsquo;un article tombe \u00e0 votre limite de d\u00e9penses.<\/p>\n<\/li>\n<li>\n<p>Ignorez tout le battage m\u00e9diatique de Prime Big Deal et attendez que l&rsquo;alerte de messagerie vous laisse savoir que les articles choisis sont devenus suffisamment bon march\u00e9 pour que vous puissiez acheter.<\/p>\n<\/li>\n<li>\n<p>Passez la journ\u00e9e \u00e0 se sentir suffisant et d&rsquo;accord avec vous-m\u00eame que vous <em>sont<\/em> la personne la plus intelligente vivante. Ne regardez m\u00eame pas le site Web d&rsquo;Amazon. S\u00e9rieusement. Eh bien, peut-\u00eatre juste une seconde. Cette fois, vous aurez la volont\u00e9 d&rsquo;\u00e9viter d&rsquo;acheter une autre fontaine au chocolat ou une tasse autonome avec une \u00abtasse d&rsquo;auto-agitation\u00bb \u00e9crite sur le c\u00f4t\u00e9, non? Droite?<\/p>\n<\/li>\n<\/ul>\n<h2 id=\"more-ideas-for-imposing-limits-on-your-spending\">Plus d&rsquo;id\u00e9es pour imposer des limites \u00e0 vos d\u00e9penses<\/h2>\n<p>Si vous souhaitez prendre des garde-corps de magasinage bas\u00e9s sur la technologie au-del\u00e0 du syst\u00e8me d&rsquo;alerte de base \u00ab\u00a0Time to Buy\u00a0\u00bb d\u00e9crit ci-dessus, voici quelques id\u00e9es.<\/p>\n<ul>\n<li>\n<p><strong>Bloquer les publicit\u00e9s<\/strong>: Si vous \u00eates le type de personne qui r\u00e9pond aux annonces en ligne, vous pouvez en bloquer une tonne avec un outil ou une application simple. Voici notre aper\u00e7u du meilleur logiciel de blocage des publicit\u00e9s. <\/p>\n<\/li>\n<li>\n<p><strong>Suivez vos d\u00e9penses:<\/strong> Que vous le fassiez avec un crayon et du papier ou que vous utilisiez une application, voir combien vous d\u00e9pensez peut \u00eatre une motivation puissante pour \u00eatre plus \u00e9conome. La budg\u00e9tisation au fil du temps peut m\u00eame vous donner un peu un exc\u00e9dent, vous pouvez donc faire des folies lorsque le premier jour se d\u00e9roule si vous le souhaitez.<\/p>\n<\/li>\n<li>\n<p><strong>\u00c9conomisez pour quelque chose<\/strong>: \u00c9conomiser pour quelque chose dans le futur &#8211; des vacances, une planche de surf \u00e9lectrique, peu importe &#8211; peut faciliter la r\u00e9sistance aux d\u00e9penses maintenant.<\/p>\n<\/li>\n<li>\n<p><strong>Appuyez sur votre bouton de pause interne:<\/strong> Si vous pouvez prendre l&rsquo;habitude d&rsquo;attendre un jour ou deux entre penser \u00ab\u00a0Je veux ces lunettes de soleil\u00a0\u00bb et entrer dans vos num\u00e9ros de carte de cr\u00e9dit, vous pouvez d\u00e9cider que vos anciennes lunettes de soleil sont tr\u00e8s bien.<\/p>\n<\/li>\n<li>\n<p><strong>Configurez un syst\u00e8me \u00e0 un seul<\/strong>: Pour tout ce que vous achetez ou acqu\u00e9rez, d\u00e9barrassez-vous d&rsquo;un article similaire (ou plus!) Pour en faire de la place. Savoir quelque chose doit aller si vous frappez \u00ab\u00a0Acheter maintenant\u00a0\u00bb peut vous emp\u00eacher de faire un achat impulsif, et suivre cette r\u00e8gle maintient votre maison moins encombr\u00e9e. Points bonus si vous revendez un article avant d&rsquo;en obtenir un similaire. <em>Faire <\/em>de l&rsquo;argent avant <em>d\u00e9penses<\/em> de l&rsquo;argent et \u00e9conomisez de l&rsquo;espace pendant que vous y \u00eates.<\/p>\n<\/li>\n<li>\n<p><strong>Consid\u00e9rez l&rsquo;aide professionnelle<\/strong>: Il est normal et courant d&rsquo;avoir parfois un peu de difficult\u00e9 \u00e0 contr\u00f4ler les d\u00e9penses, mais les chercheurs disent qu&rsquo;environ 6% des Am\u00e9ricains souffrent d&rsquo;un trouble d&rsquo;achat compulsif qui peut faire partie d&rsquo;un probl\u00e8me psychologique plus important. Donc, si vos d\u00e9penses vous conduisent profond\u00e9ment, vous souffrez de cons\u00e9quences r\u00e9elles en fonction de vos habitudes d&rsquo;achat, ou vous avez simplement l&rsquo;impression que faire du shopping pourrait \u00eatre un probl\u00e8me pour vous, parlez \u00e0 un professionnel. <\/p>\n<\/li>\n<\/ul>\n","protected":false},"excerpt":{"rendered":"<p>R\u00e9sistez aux tactiques de manipulation des prix d&rsquo;Amazon en choisissant le maximum que vous souhaitez d\u00e9penser \u00e0 l&rsquo;avance. Si vous \u00eates un acheteur d&rsquo;impulsions, vous<\/p>\n","protected":false},"author":1,"featured_media":8412,"comment_status":"","ping_status":"","sticky":false,"template":"","format":"standard","meta":{"footnotes":""},"categories":[41],"tags":[7445,347,3595,1249,29,126,81,5,346,1399,656,4],"class_list":["post-8411","post","type-post","status-publish","format-standard","has-post-thumbnail","hentry","category-argent","tag-alertes","tag-day","tag-definir","tag-depenser","tag-des","tag-pas","tag-pour","tag-pouvez","tag-prime","tag-prix","tag-trop","tag-vous","generate-columns","tablet-grid-50","mobile-grid-100","grid-parent","grid-33"],"yoast_head":"<!-- This site is optimized with the Yoast SEO plugin v24.0 - https:\/\/yoast.com\/wordpress\/plugins\/seo\/ -->\n<title>Vous pouvez d\u00e9finir des alertes de prix pour Prime Day pour ne pas d\u00e9penser trop | Vie Associative<\/title>\n<meta name=\"robots\" content=\"index, follow, max-snippet:-1, max-image-preview:large, max-video-preview:-1\" \/>\n<link rel=\"canonical\" href=\"https:\/\/vieassociative.be\/actualites\/vous-pouvez-definir-des-alertes-de-prix-pour-prime-day-pour-ne-pas-depenser-trop\/\" \/>\n<meta property=\"og:locale\" content=\"fr_FR\" \/>\n<meta property=\"og:type\" content=\"article\" \/>\n<meta property=\"og:title\" content=\"Vous pouvez d\u00e9finir des alertes de prix pour Prime Day pour ne pas d\u00e9penser trop | Vie Associative\" \/>\n<meta property=\"og:description\" content=\"R\u00e9sistez aux tactiques de manipulation des prix d&rsquo;Amazon en choisissant le maximum que vous souhaitez d\u00e9penser \u00e0 l&rsquo;avance. Si vous \u00eates un acheteur d&rsquo;impulsions, vous\" \/>\n<meta property=\"og:url\" content=\"https:\/\/vieassociative.be\/actualites\/vous-pouvez-definir-des-alertes-de-prix-pour-prime-day-pour-ne-pas-depenser-trop\/\" \/>\n<meta property=\"og:site_name\" content=\"Vie Associative\" \/>\n<meta property=\"article:published_time\" content=\"2025-06-27T13:17:23+00:00\" \/>\n<meta property=\"og:image\" content=\"https:\/\/vieassociative.be\/actualites\/wp-content\/uploads\/2024\/09\/header_backgroundk-01-e1726694325946.png\" \/>\n\t<meta property=\"og:image:width\" content=\"279\" \/>\n\t<meta property=\"og:image:height\" content=\"92\" \/>\n\t<meta property=\"og:image:type\" content=\"image\/png\" \/>\n<meta name=\"author\" content=\"Julien\" \/>\n<meta name=\"twitter:card\" content=\"summary_large_image\" \/>\n<meta name=\"twitter:label1\" content=\"\u00c9crit par\" \/>\n\t<meta name=\"twitter:data1\" content=\"Julien\" \/>\n\t<meta name=\"twitter:label2\" content=\"Dur\u00e9e de lecture est.\" \/>\n\t<meta name=\"twitter:data2\" content=\"4 minutes\" \/>\n<script type=\"application\/ld+json\" class=\"yoast-schema-graph\">{\"@context\":\"https:\/\/schema.org\",\"@graph\":[{\"@type\":\"Article\",\"@id\":\"https:\/\/vieassociative.be\/actualites\/vous-pouvez-definir-des-alertes-de-prix-pour-prime-day-pour-ne-pas-depenser-trop\/#article\",\"isPartOf\":{\"@id\":\"https:\/\/vieassociative.be\/actualites\/vous-pouvez-definir-des-alertes-de-prix-pour-prime-day-pour-ne-pas-depenser-trop\/\"},\"author\":{\"name\":\"Julien\",\"@id\":\"https:\/\/vieassociative.be\/actualites\/#\/schema\/person\/b87ac4f82f9d4e7b7cec7395b679edc4\"},\"headline\":\"Vous pouvez d\u00e9finir des alertes de prix pour Prime Day pour ne pas d\u00e9penser trop\",\"datePublished\":\"2025-06-27T13:17:23+00:00\",\"dateModified\":\"2025-06-27T13:17:23+00:00\",\"mainEntityOfPage\":{\"@id\":\"https:\/\/vieassociative.be\/actualites\/vous-pouvez-definir-des-alertes-de-prix-pour-prime-day-pour-ne-pas-depenser-trop\/\"},\"wordCount\":922,\"publisher\":{\"@id\":\"https:\/\/vieassociative.be\/actualites\/#organization\"},\"image\":{\"@id\":\"https:\/\/vieassociative.be\/actualites\/vous-pouvez-definir-des-alertes-de-prix-pour-prime-day-pour-ne-pas-depenser-trop\/#primaryimage\"},\"thumbnailUrl\":\"https:\/\/vieassociative.be\/actualites\/wp-content\/uploads\/2025\/06\/Vous-pouvez-definir-des-alertes-de-prix-pour-Prime-Day.jpg\",\"keywords\":[\"alertes\",\"Day\",\"d\u00e9finir\",\"d\u00e9penser\",\"Des\",\"pas\",\"pour\",\"pouvez\",\"Prime\",\"prix\",\"trop\",\"Vous\"],\"articleSection\":[\"Argent\"],\"inLanguage\":\"fr-BE\"},{\"@type\":\"WebPage\",\"@id\":\"https:\/\/vieassociative.be\/actualites\/vous-pouvez-definir-des-alertes-de-prix-pour-prime-day-pour-ne-pas-depenser-trop\/\",\"url\":\"https:\/\/vieassociative.be\/actualites\/vous-pouvez-definir-des-alertes-de-prix-pour-prime-day-pour-ne-pas-depenser-trop\/\",\"name\":\"Vous pouvez d\u00e9finir des alertes de prix pour Prime Day pour ne pas d\u00e9penser trop | Vie Associative\",\"isPartOf\":{\"@id\":\"https:\/\/vieassociative.be\/actualites\/#website\"},\"primaryImageOfPage\":{\"@id\":\"https:\/\/vieassociative.be\/actualites\/vous-pouvez-definir-des-alertes-de-prix-pour-prime-day-pour-ne-pas-depenser-trop\/#primaryimage\"},\"image\":{\"@id\":\"https:\/\/vieassociative.be\/actualites\/vous-pouvez-definir-des-alertes-de-prix-pour-prime-day-pour-ne-pas-depenser-trop\/#primaryimage\"},\"thumbnailUrl\":\"https:\/\/vieassociative.be\/actualites\/wp-content\/uploads\/2025\/06\/Vous-pouvez-definir-des-alertes-de-prix-pour-Prime-Day.jpg\",\"datePublished\":\"2025-06-27T13:17:23+00:00\",\"dateModified\":\"2025-06-27T13:17:23+00:00\",\"breadcrumb\":{\"@id\":\"https:\/\/vieassociative.be\/actualites\/vous-pouvez-definir-des-alertes-de-prix-pour-prime-day-pour-ne-pas-depenser-trop\/#breadcrumb\"},\"inLanguage\":\"fr-BE\",\"potentialAction\":[{\"@type\":\"ReadAction\",\"target\":[\"https:\/\/vieassociative.be\/actualites\/vous-pouvez-definir-des-alertes-de-prix-pour-prime-day-pour-ne-pas-depenser-trop\/\"]}]},{\"@type\":\"ImageObject\",\"inLanguage\":\"fr-BE\",\"@id\":\"https:\/\/vieassociative.be\/actualites\/vous-pouvez-definir-des-alertes-de-prix-pour-prime-day-pour-ne-pas-depenser-trop\/#primaryimage\",\"url\":\"https:\/\/vieassociative.be\/actualites\/wp-content\/uploads\/2025\/06\/Vous-pouvez-definir-des-alertes-de-prix-pour-Prime-Day.jpg\",\"contentUrl\":\"https:\/\/vieassociative.be\/actualites\/wp-content\/uploads\/2025\/06\/Vous-pouvez-definir-des-alertes-de-prix-pour-Prime-Day.jpg\",\"width\":1200,\"height\":675,\"caption\":\"Vous pouvez d\u00e9finir des alertes de prix pour Prime Day pour ne pas d\u00e9penser trop\"},{\"@type\":\"BreadcrumbList\",\"@id\":\"https:\/\/vieassociative.be\/actualites\/vous-pouvez-definir-des-alertes-de-prix-pour-prime-day-pour-ne-pas-depenser-trop\/#breadcrumb\",\"itemListElement\":[{\"@type\":\"ListItem\",\"position\":1,\"name\":\"Accueil\",\"item\":\"https:\/\/vieassociative.be\/actualites\/\"},{\"@type\":\"ListItem\",\"position\":2,\"name\":\"Vous pouvez d\u00e9finir des alertes de prix pour Prime Day pour ne pas d\u00e9penser trop\"}]},{\"@type\":\"WebSite\",\"@id\":\"https:\/\/vieassociative.be\/actualites\/#website\",\"url\":\"https:\/\/vieassociative.be\/actualites\/\",\"name\":\"Vie Associative\",\"description\":\"\",\"publisher\":{\"@id\":\"https:\/\/vieassociative.be\/actualites\/#organization\"},\"potentialAction\":[{\"@type\":\"SearchAction\",\"target\":{\"@type\":\"EntryPoint\",\"urlTemplate\":\"https:\/\/vieassociative.be\/actualites\/?s={search_term_string}\"},\"query-input\":{\"@type\":\"PropertyValueSpecification\",\"valueRequired\":true,\"valueName\":\"search_term_string\"}}],\"inLanguage\":\"fr-BE\"},{\"@type\":\"Organization\",\"@id\":\"https:\/\/vieassociative.be\/actualites\/#organization\",\"name\":\"Vie Associative\",\"url\":\"https:\/\/vieassociative.be\/actualites\/\",\"logo\":{\"@type\":\"ImageObject\",\"inLanguage\":\"fr-BE\",\"@id\":\"https:\/\/vieassociative.be\/actualites\/#\/schema\/logo\/image\/\",\"url\":\"https:\/\/vieassociative.be\/actualites\/wp-content\/uploads\/2024\/09\/cropped-vieassociative_favicon.ico.png\",\"contentUrl\":\"https:\/\/vieassociative.be\/actualites\/wp-content\/uploads\/2024\/09\/cropped-vieassociative_favicon.ico.png\",\"width\":512,\"height\":512,\"caption\":\"Vie Associative\"},\"image\":{\"@id\":\"https:\/\/vieassociative.be\/actualites\/#\/schema\/logo\/image\/\"}},{\"@type\":\"Person\",\"@id\":\"https:\/\/vieassociative.be\/actualites\/#\/schema\/person\/b87ac4f82f9d4e7b7cec7395b679edc4\",\"name\":\"Julien\",\"image\":{\"@type\":\"ImageObject\",\"inLanguage\":\"fr-BE\",\"@id\":\"https:\/\/vieassociative.be\/actualites\/#\/schema\/person\/image\/\",\"url\":\"https:\/\/vieassociative.be\/actualites\/wp-content\/uploads\/2024\/09\/vie-associative-1-150x150.jpg\",\"contentUrl\":\"https:\/\/vieassociative.be\/actualites\/wp-content\/uploads\/2024\/09\/vie-associative-1-150x150.jpg\",\"caption\":\"Julien\"},\"description\":\"Je suis Julien, r\u00e9dacteur pour Vie Associative. Passionn\u00e9 par le monde associatif depuis plus de 10 ans, j'ai \u00e0 c\u0153ur de partager des histoires inspirantes et de mettre en lumi\u00e8re les initiatives locales. Mon objectif est de sensibiliser et d'encourager l'engagement communautaire \u00e0 travers mes articles.\",\"sameAs\":[\"https:\/\/vieassociative.be\/\"]}]}<\/script>\n<!-- \/ Yoast SEO plugin. -->","yoast_head_json":{"title":"Vous pouvez d\u00e9finir des alertes de prix pour Prime Day pour ne pas d\u00e9penser trop | Vie Associative","robots":{"index":"index","follow":"follow","max-snippet":"max-snippet:-1","max-image-preview":"max-image-preview:large","max-video-preview":"max-video-preview:-1"},"canonical":"https:\/\/vieassociative.be\/actualites\/vous-pouvez-definir-des-alertes-de-prix-pour-prime-day-pour-ne-pas-depenser-trop\/","og_locale":"fr_FR","og_type":"article","og_title":"Vous pouvez d\u00e9finir des alertes de prix pour Prime Day pour ne pas d\u00e9penser trop | Vie Associative","og_description":"R\u00e9sistez aux tactiques de manipulation des prix d&rsquo;Amazon en choisissant le maximum que vous souhaitez d\u00e9penser \u00e0 l&rsquo;avance. Si vous \u00eates un acheteur d&rsquo;impulsions, vous","og_url":"https:\/\/vieassociative.be\/actualites\/vous-pouvez-definir-des-alertes-de-prix-pour-prime-day-pour-ne-pas-depenser-trop\/","og_site_name":"Vie Associative","article_published_time":"2025-06-27T13:17:23+00:00","og_image":[{"width":279,"height":92,"url":"https:\/\/vieassociative.be\/actualites\/wp-content\/uploads\/2024\/09\/header_backgroundk-01-e1726694325946.png","type":"image\/png"}],"author":"Julien","twitter_card":"summary_large_image","twitter_misc":{"\u00c9crit par":"Julien","Dur\u00e9e de lecture est.":"4 minutes"},"schema":{"@context":"https:\/\/schema.org","@graph":[{"@type":"Article","@id":"https:\/\/vieassociative.be\/actualites\/vous-pouvez-definir-des-alertes-de-prix-pour-prime-day-pour-ne-pas-depenser-trop\/#article","isPartOf":{"@id":"https:\/\/vieassociative.be\/actualites\/vous-pouvez-definir-des-alertes-de-prix-pour-prime-day-pour-ne-pas-depenser-trop\/"},"author":{"name":"Julien","@id":"https:\/\/vieassociative.be\/actualites\/#\/schema\/person\/b87ac4f82f9d4e7b7cec7395b679edc4"},"headline":"Vous pouvez d\u00e9finir des alertes de prix pour Prime Day pour ne pas d\u00e9penser trop","datePublished":"2025-06-27T13:17:23+00:00","dateModified":"2025-06-27T13:17:23+00:00","mainEntityOfPage":{"@id":"https:\/\/vieassociative.be\/actualites\/vous-pouvez-definir-des-alertes-de-prix-pour-prime-day-pour-ne-pas-depenser-trop\/"},"wordCount":922,"publisher":{"@id":"https:\/\/vieassociative.be\/actualites\/#organization"},"image":{"@id":"https:\/\/vieassociative.be\/actualites\/vous-pouvez-definir-des-alertes-de-prix-pour-prime-day-pour-ne-pas-depenser-trop\/#primaryimage"},"thumbnailUrl":"https:\/\/vieassociative.be\/actualites\/wp-content\/uploads\/2025\/06\/Vous-pouvez-definir-des-alertes-de-prix-pour-Prime-Day.jpg","keywords":["alertes","Day","d\u00e9finir","d\u00e9penser","Des","pas","pour","pouvez","Prime","prix","trop","Vous"],"articleSection":["Argent"],"inLanguage":"fr-BE"},{"@type":"WebPage","@id":"https:\/\/vieassociative.be\/actualites\/vous-pouvez-definir-des-alertes-de-prix-pour-prime-day-pour-ne-pas-depenser-trop\/","url":"https:\/\/vieassociative.be\/actualites\/vous-pouvez-definir-des-alertes-de-prix-pour-prime-day-pour-ne-pas-depenser-trop\/","name":"Vous pouvez d\u00e9finir des alertes de prix pour Prime Day pour ne pas d\u00e9penser trop | Vie Associative","isPartOf":{"@id":"https:\/\/vieassociative.be\/actualites\/#website"},"primaryImageOfPage":{"@id":"https:\/\/vieassociative.be\/actualites\/vous-pouvez-definir-des-alertes-de-prix-pour-prime-day-pour-ne-pas-depenser-trop\/#primaryimage"},"image":{"@id":"https:\/\/vieassociative.be\/actualites\/vous-pouvez-definir-des-alertes-de-prix-pour-prime-day-pour-ne-pas-depenser-trop\/#primaryimage"},"thumbnailUrl":"https:\/\/vieassociative.be\/actualites\/wp-content\/uploads\/2025\/06\/Vous-pouvez-definir-des-alertes-de-prix-pour-Prime-Day.jpg","datePublished":"2025-06-27T13:17:23+00:00","dateModified":"2025-06-27T13:17:23+00:00","breadcrumb":{"@id":"https:\/\/vieassociative.be\/actualites\/vous-pouvez-definir-des-alertes-de-prix-pour-prime-day-pour-ne-pas-depenser-trop\/#breadcrumb"},"inLanguage":"fr-BE","potentialAction":[{"@type":"ReadAction","target":["https:\/\/vieassociative.be\/actualites\/vous-pouvez-definir-des-alertes-de-prix-pour-prime-day-pour-ne-pas-depenser-trop\/"]}]},{"@type":"ImageObject","inLanguage":"fr-BE","@id":"https:\/\/vieassociative.be\/actualites\/vous-pouvez-definir-des-alertes-de-prix-pour-prime-day-pour-ne-pas-depenser-trop\/#primaryimage","url":"https:\/\/vieassociative.be\/actualites\/wp-content\/uploads\/2025\/06\/Vous-pouvez-definir-des-alertes-de-prix-pour-Prime-Day.jpg","contentUrl":"https:\/\/vieassociative.be\/actualites\/wp-content\/uploads\/2025\/06\/Vous-pouvez-definir-des-alertes-de-prix-pour-Prime-Day.jpg","width":1200,"height":675,"caption":"Vous pouvez d\u00e9finir des alertes de prix pour Prime Day pour ne pas d\u00e9penser trop"},{"@type":"BreadcrumbList","@id":"https:\/\/vieassociative.be\/actualites\/vous-pouvez-definir-des-alertes-de-prix-pour-prime-day-pour-ne-pas-depenser-trop\/#breadcrumb","itemListElement":[{"@type":"ListItem","position":1,"name":"Accueil","item":"https:\/\/vieassociative.be\/actualites\/"},{"@type":"ListItem","position":2,"name":"Vous pouvez d\u00e9finir des alertes de prix pour Prime Day pour ne pas d\u00e9penser trop"}]},{"@type":"WebSite","@id":"https:\/\/vieassociative.be\/actualites\/#website","url":"https:\/\/vieassociative.be\/actualites\/","name":"Vie Associative","description":"","publisher":{"@id":"https:\/\/vieassociative.be\/actualites\/#organization"},"potentialAction":[{"@type":"SearchAction","target":{"@type":"EntryPoint","urlTemplate":"https:\/\/vieassociative.be\/actualites\/?s={search_term_string}"},"query-input":{"@type":"PropertyValueSpecification","valueRequired":true,"valueName":"search_term_string"}}],"inLanguage":"fr-BE"},{"@type":"Organization","@id":"https:\/\/vieassociative.be\/actualites\/#organization","name":"Vie Associative","url":"https:\/\/vieassociative.be\/actualites\/","logo":{"@type":"ImageObject","inLanguage":"fr-BE","@id":"https:\/\/vieassociative.be\/actualites\/#\/schema\/logo\/image\/","url":"https:\/\/vieassociative.be\/actualites\/wp-content\/uploads\/2024\/09\/cropped-vieassociative_favicon.ico.png","contentUrl":"https:\/\/vieassociative.be\/actualites\/wp-content\/uploads\/2024\/09\/cropped-vieassociative_favicon.ico.png","width":512,"height":512,"caption":"Vie Associative"},"image":{"@id":"https:\/\/vieassociative.be\/actualites\/#\/schema\/logo\/image\/"}},{"@type":"Person","@id":"https:\/\/vieassociative.be\/actualites\/#\/schema\/person\/b87ac4f82f9d4e7b7cec7395b679edc4","name":"Julien","image":{"@type":"ImageObject","inLanguage":"fr-BE","@id":"https:\/\/vieassociative.be\/actualites\/#\/schema\/person\/image\/","url":"https:\/\/vieassociative.be\/actualites\/wp-content\/uploads\/2024\/09\/vie-associative-1-150x150.jpg","contentUrl":"https:\/\/vieassociative.be\/actualites\/wp-content\/uploads\/2024\/09\/vie-associative-1-150x150.jpg","caption":"Julien"},"description":"Je suis Julien, r\u00e9dacteur pour Vie Associative. Passionn\u00e9 par le monde associatif depuis plus de 10 ans, j'ai \u00e0 c\u0153ur de partager des histoires inspirantes et de mettre en lumi\u00e8re les initiatives locales. Mon objectif est de sensibiliser et d'encourager l'engagement communautaire \u00e0 travers mes articles.","sameAs":["https:\/\/vieassociative.be\/"]}]}},"_links":{"self":[{"href":"https:\/\/vieassociative.be\/actualites\/wp-json\/wp\/v2\/posts\/8411"}],"collection":[{"href":"https:\/\/vieassociative.be\/actualites\/wp-json\/wp\/v2\/posts"}],"about":[{"href":"https:\/\/vieassociative.be\/actualites\/wp-json\/wp\/v2\/types\/post"}],"author":[{"embeddable":true,"href":"https:\/\/vieassociative.be\/actualites\/wp-json\/wp\/v2\/users\/1"}],"replies":[{"embeddable":true,"href":"https:\/\/vieassociative.be\/actualites\/wp-json\/wp\/v2\/comments?post=8411"}],"version-history":[{"count":0,"href":"https:\/\/vieassociative.be\/actualites\/wp-json\/wp\/v2\/posts\/8411\/revisions"}],"wp:featuredmedia":[{"embeddable":true,"href":"https:\/\/vieassociative.be\/actualites\/wp-json\/wp\/v2\/media\/8412"}],"wp:attachment":[{"href":"https:\/\/vieassociative.be\/actualites\/wp-json\/wp\/v2\/media?parent=8411"}],"wp:term":[{"taxonomy":"category","embeddable":true,"href":"https:\/\/vieassociative.be\/actualites\/wp-json\/wp\/v2\/categories?post=8411"},{"taxonomy":"post_tag","embeddable":true,"href":"https:\/\/vieassociative.be\/actualites\/wp-json\/wp\/v2\/tags?post=8411"}],"curies":[{"name":"wp","href":"https:\/\/api.w.org\/{rel}","templated":true}]}}