{"id":8409,"date":"2025-06-27T14:19:34","date_gmt":"2025-06-27T12:19:34","guid":{"rendered":"https:\/\/vieassociative.be\/actualites\/est-ce-bon-ou-mauvais-de-setirer-avant-un-entrainement\/"},"modified":"2025-06-27T14:19:34","modified_gmt":"2025-06-27T12:19:34","slug":"est-ce-bon-ou-mauvais-de-setirer-avant-un-entrainement","status":"publish","type":"post","link":"https:\/\/vieassociative.be\/actualites\/est-ce-bon-ou-mauvais-de-setirer-avant-un-entrainement\/","title":{"rendered":"Est-ce bon ou mauvais de s&rsquo;\u00e9tirer avant un entra\u00eenement?"},"content":{"rendered":"<div class=\"mt-4 leading-6 md:mb-8\">Les \u00e9tirements vous font-ils plus faible? Ou est-ce un bon moyen de se r\u00e9chauffer? Il s&rsquo;av\u00e8re que cela d\u00e9pend de ce que vous faites.<\/div>\n<p><\/p>\n<p>Devez-vous vous \u00e9tirer avant un entra\u00eenement? Il fut un temps o\u00f9 s&rsquo;\u00e9tirer \u00e9tait obligatoire, et je ressentais le besoin de vous dire que ce n&rsquo;est pas normal de ne pas le faire. Mais le pendule a bascul\u00e9 dans l&rsquo;autre sens, et les influenceurs vous disent que l&rsquo;\u00e9tirement tuera vos gains, et ce n&rsquo;est pas vraiment vrai non plus. D\u00e9composons les avantages et les inconv\u00e9nients de l&rsquo;\u00e9tirement avant une s\u00e9ance d&rsquo;entra\u00eenement, afin que vous puissiez comprendre ce que vous devriez r\u00e9ellement faire la prochaine fois que vous allez au gymnase. <\/p>\n<h2 id=\"stretching-can-increase-your-range-of-motion-for-exercises-you-need-to-do\">L&rsquo;\u00e9tirement peut augmenter votre amplitude de mouvement pour les exercices que vous devez faire<\/h2>\n<p>La meilleure raison de s&rsquo;\u00e9tirer avant une s\u00e9ance d&rsquo;entra\u00eenement est de vous pr\u00e9parer \u00e0 cela <em>sp\u00e9cifique<\/em> entra\u00eenement. Par exemple, beaucoup de gens ont du mal \u00e0 s&rsquo;accroupir aussi profond\u00e9ment qu&rsquo;ils le souhaiteraient, et la raison est souvent qu&rsquo;ils ont besoin d&rsquo;une meilleure mobilit\u00e9 de la cheville afin qu&rsquo;ils puissent se plier les genoux tandis que leurs pieds sont \u00e0 plat sur le sol. Si cela semble familier, certains \u00e9tirements pour vos veaux et les tendons d&rsquo;Achille feront une grande diff\u00e9rence. <\/p>\n<p>L&rsquo;\u00e9tirement augmente votre amplitude de mouvement \u00e0 court terme, comme vous le remarquerez si vous essayez de toucher vos orteils 10 fois de suite. Votre premi\u00e8re tentative pourrait ne pas vous mettre les mains tr\u00e8s loin vers le sol, mais \u00e0 la 10e, vous atteignez beaucoup plus bas que vous l&rsquo;avez fait au d\u00e9but. <\/p>\n<p>Cet effet ne dure pas tr\u00e8s longtemps. Plus tard dans la journ\u00e9e, vous serez \u00e0 nouveau raide. Mais c&rsquo;est exactement pourquoi il est bon de faire ces \u00e9tirements <em>juste avant<\/em> votre entra\u00eenement. Obtenez la mobilit\u00e9 accrue, puis utilisez-la pendant que vous l&rsquo;avez. Des chevilles plus flexibles vous permettra de s&rsquo;accroupir mieux, ce qui signifie que vos jambes obtiendront une meilleure s\u00e9ance d&rsquo;entra\u00eenement que si vous ne l&rsquo;aviez pas \u00e9tir\u00e9e.<\/p>\n<p>Vous pouvez \u00e9galement augmenter votre amplitude de mouvement \u00e0 long terme en \u00e9tirement. Vos \u00e9tirements avant l&rsquo;entra\u00eenement peuvent y contribuer, bien qu&rsquo;il soit bon de faire des \u00e9tirements et d&rsquo;autres travaux de flexibilit\u00e9 apr\u00e8s votre entra\u00eenement (ou comme son propre entra\u00eenement) si c&rsquo;est votre objectif. <\/p>\n<h2 id=\"stretching-can-slightly-decrease-strength-in-the-short-term\">\u00c9tirement peut <em>l\u00e9g\u00e8rement<\/em> diminuer la r\u00e9sistance \u00e0 court terme<\/h2>\n<p>Cela dit, \u00e7a <em>est<\/em> possible d&rsquo;\u00e9tirer trop avant un entra\u00eenement. Gardons l&rsquo;exemple d&rsquo;une s\u00e9ance d&rsquo;entra\u00eenement o\u00f9 vous pr\u00e9voyez de faire des squats. Les \u00e9tirements de la cheville sont super, car ils vous aideront \u00e0 entrer dans une position de squat plus profonde. Mais vous ne voudriez pas \u00e9tirer vos quads (les muscles \u00e0 l&rsquo;avant de vos cuisses) parce que ce sont les muscles qui devront travailler le plus dur pendant vos squats. <\/p>\n<p>Comme je l&rsquo;ai d\u00e9j\u00e0 discut\u00e9, l&rsquo;\u00e9tirement a un petit effet temporaire o\u00f9 il diminue la quantit\u00e9 de puissance que vous pouvez retirer du muscle qui a \u00e9t\u00e9 \u00e9tir\u00e9. Mais, pour \u00eatre clair, cela vous oblige \u00e0 faire des \u00e9tirements assez profonds, du muscle exact, l&rsquo;exercice de force fonctionnera et le fera juste avant le travail de force. Si vous faites cela, oui, vous remarquez peut-\u00eatre que vous ne pouvez pas soulever autant. <\/p>\n<p>Mais il est important de se souvenir de deux choses. L&rsquo;un est que vous n&rsquo;\u00e9tirez probablement pas <em>super<\/em> profond\u00e9ment, <em>imm\u00e9diatement<\/em> Avant que vos exercices de force. (Si vous l&rsquo;\u00eates, je dirais que vous voudrez peut-\u00eatre vous arr\u00eater.) Mais l&rsquo;autre est que la diminution des performances est tr\u00e8s faible. M\u00eame si vous \u00e9tirez vos quads juste avant de s&rsquo;accroupir, ce n&rsquo;est pas comme si vous annuliez les effets de vos squats. <\/p>\n<h2 id=\"stretching-isnt-necessary-to-prevent-injury\">L&rsquo;\u00e9tirement n&rsquo;est pas n\u00e9cessaire pour \u00e9viter les blessures<\/h2>\n<p>Il y a un vieux mythe qui s&rsquo;\u00e9tire emp\u00eache les blessures. Il a \u00e9t\u00e9 assez approfondi, donc si vous ne vous \u00e9tirez qu&rsquo;avant les entra\u00eenements parce que vous pensez qu&rsquo;il est n\u00e9cessaire de rester en s\u00e9curit\u00e9 et en bonne sant\u00e9, vous pouvez ignorer cette partie. Nous avons tous du temps limit\u00e9 dans le gymnase, il est donc probablement pr\u00e9f\u00e9rable d&rsquo;utiliser cette fois pour quelques \u00e9tirements qui vous aident \u00e0 vous pr\u00e9parer \u00e0 votre entra\u00eenement, puis \u00e0 continuer le reste de la formation de la journ\u00e9e. <\/p>\n<div class=\"pogoClear relative my-10 border-b-(1.5px) border-t-(1.5px) border-dashed border-black py-5 sm:my-14 sm:border-0 sm:py-0\" data-ga-click data-ga-template=\"Explainers\" data-ga-module=\"openweb_widget\" data-ga-element=\"openweb_scroll\" data-ga-item=\"openweb_scroll_midpage\" x-data=\"{\n         commentsCount: null,\n         hasComments: false,\n         async fetchCommentsCount() {\n             try {\n                 if (window.openweb &amp;&amp; typeof window.openweb.getMessagesCount === 'function') {\n                     this.commentsCount = await window.openweb.getMessagesCount('119067');\n                     this.hasComments = this.commentsCount !== null &amp;&amp; this.commentsCount &gt; 0;\n                 }\n             } catch (e) {\n                 console.warn('Failed to fetch comment count:', e);\n             }\n         }\n     }\" x-init=\"fetchCommentsCount()\" x-cloak><\/p>\n<div class=\"absolute top-1\/2 hidden w-full -translate-y-1\/2 border-t-(1.5px) border-dashed border-black sm:block\"><\/div>\n<div class=\"relative flex justify-center\">\n<div class=\"flex max-w-fit items-center gap-x-3 bg-white px-5\">\n<div class=\"relative\">\n                <span class=\"absolute left-1\/2 top-1\/2 -translate-x-1\/2 -translate-y-1\/2 font-akshar text-sm font-medium text-black\" aria-live=\"polite\" x-show=\"hasComments\" x-text=\"commentsCount\"><\/span><\/p>\n<p>                <svg class=\"h-8 w-8 text-black\" role=\"img\" aria-hidden=\"true\">\n                    <use href=\"http:\/\/lifehacker.com\/images\/icons\/spritemap.svg#sprite-chat-bubble\"><\/use>\n                <\/svg>\n            <\/div>\n<p>            <span class=\"text-sm font-medium text-black\"><\/p>\n<p>                Que pensez-vous jusqu&rsquo;\u00e0 pr\u00e9sent?<br \/>\n                <button class=\"ml-1 font-semibold text-brand-green underline hover:text-brand-green-700\" type=\"button\" aria-label=\"Comment section trigger\" onclick=\"window.openweb.scrollToComments('119067')\" x-text=\"hasComments ? 'Post a comment.' : 'Be the first to post a comment.'\"><\/button><br \/>\n            <\/span>\n        <\/div>\n<\/p><\/div>\n<\/div>\n<h2 id=\"stretching-by-itself-doesnt-warm-you-up\">L&rsquo;\u00e9tirement en lui-m\u00eame ne vous r\u00e9chauffe pas<\/h2>\n<p>D\u00e9placer votre corps pour se mettre en place pour vos \u00e9tirements pr\u00e9f\u00e9r\u00e9s <em>est<\/em> sans doute un bon moyen de se r\u00e9chauffer. Mais c&rsquo;est parce que tout mouvement aide, non pas parce que l&rsquo;\u00e9tirement est le meilleur moyen de r\u00e9chauffer vos muscles et de faire bouger vos articulations en douceur. <\/p>\n<p>Au lieu de cela, essayez les \u00e9tirements dynamiques. Je suis secr\u00e8tement convaincu que l&rsquo;avantage de ceux-ci est qu&rsquo;ils vous font bouger, pas qu&rsquo;ils incorporent un tron\u00e7on. Vous pouvez \u00e9galement faire tout autre type de mouvement doux qui vous aide \u00e0 vous sentir moins rigide: faire du jogging, par exemple, ou faire un flux de yoga rapide. <\/p>\n<h2 id=\"what-to-do-before-a-workout\">Que faire avant un entra\u00eenement<\/h2>\n<p>J&rsquo;ai \u00e9crit un guide pour comprendre quoi <em>toi<\/em> Besoin dans votre \u00e9chauffement &#8211; et ce ne sera pas n\u00e9cessairement la m\u00eame chose pour chaque entra\u00eenement. Avant une s\u00e9ance d&rsquo;entra\u00eenement avec des ascenseurs a\u00e9riens, je ferai des \u00e9tirements d&rsquo;\u00e9paule. Avant une s\u00e9ance d&rsquo;entra\u00eenement, quelqu&rsquo;un qui a du mal \u00e0 s&rsquo;accroupir suffisamment devrait probablement faire des \u00e9tirements de mollet et de cheville. <\/p>\n<p>Donc, d\u00e9terminez s&rsquo;il y a des mouvements qui pourraient b\u00e9n\u00e9ficier d&rsquo;une amplitude de mouvement suppl\u00e9mentaire dans une partie du corps donn\u00e9e. Certains entra\u00eenements peuvent ne pas avoir besoin de travaux de mobilit\u00e9, et ce n&rsquo;est pas grave &#8211; par exemple, si vous faites des boucles de d\u00e9velopp\u00e9 couch\u00e9 et des boucles de biceps, vous pourriez aller bien sans aucune tron\u00e7on dans l&rsquo;\u00e9chauffement. (Cela dit, certains \u00e9tirements pour votre dos pourraient vous aider \u00e0 obtenir une position plus forte dans le d\u00e9velopp\u00e9 couch\u00e9, ce qui \u00e0 son tour stabilise vos \u00e9paules. Je dis juste.) <\/p>\n<p>Pour ces \u00e9tirements sp\u00e9cifiques \u00e0 l&rsquo;entra\u00eenement, il est normal de faire des \u00e9tirements statiques (dans lesquels vous tenez une position pendant plusieurs secondes). Il est \u00e9galement bien de faire des \u00e9tirements dynamiques si vous sentez que ceux qui fonctionnent mieux pour vous, ou m\u00eame pour faire du pain pour la mobilit\u00e9. Comprendre ce qui fonctionne pour vous.<\/p>\n","protected":false},"excerpt":{"rendered":"<p>Les \u00e9tirements vous font-ils plus faible? Ou est-ce un bon moyen de se r\u00e9chauffer? Il s&rsquo;av\u00e8re que cela d\u00e9pend de ce que vous faites. Devez-vous<\/p>\n","protected":false},"author":1,"featured_media":8410,"comment_status":"","ping_status":"","sticky":false,"template":"","format":"standard","meta":{"footnotes":""},"categories":[38],"tags":[142,1036,1080,5967,693,7546],"class_list":["post-8409","post","type-post","status-publish","format-standard","has-post-thumbnail","hentry","category-sante","tag-avant","tag-bon","tag-entrainement","tag-estce","tag-mauvais","tag-setirer","generate-columns","tablet-grid-50","mobile-grid-100","grid-parent","grid-33"],"yoast_head":"<!-- This site is optimized with the Yoast SEO plugin v24.0 - https:\/\/yoast.com\/wordpress\/plugins\/seo\/ -->\n<title>Est-ce bon ou mauvais de s&#039;\u00e9tirer avant un entra\u00eenement? | Vie Associative<\/title>\n<meta name=\"robots\" content=\"index, follow, max-snippet:-1, max-image-preview:large, max-video-preview:-1\" \/>\n<link rel=\"canonical\" href=\"https:\/\/vieassociative.be\/actualites\/est-ce-bon-ou-mauvais-de-setirer-avant-un-entrainement\/\" \/>\n<meta property=\"og:locale\" content=\"fr_FR\" \/>\n<meta property=\"og:type\" content=\"article\" \/>\n<meta property=\"og:title\" content=\"Est-ce bon ou mauvais de s&#039;\u00e9tirer avant un entra\u00eenement? | Vie Associative\" \/>\n<meta property=\"og:description\" content=\"Les \u00e9tirements vous font-ils plus faible? Ou est-ce un bon moyen de se r\u00e9chauffer? Il s&rsquo;av\u00e8re que cela d\u00e9pend de ce que vous faites. Devez-vous\" \/>\n<meta property=\"og:url\" content=\"https:\/\/vieassociative.be\/actualites\/est-ce-bon-ou-mauvais-de-setirer-avant-un-entrainement\/\" \/>\n<meta property=\"og:site_name\" content=\"Vie Associative\" \/>\n<meta property=\"article:published_time\" content=\"2025-06-27T12:19:34+00:00\" \/>\n<meta property=\"og:image\" content=\"https:\/\/vieassociative.be\/actualites\/wp-content\/uploads\/2024\/09\/header_backgroundk-01-e1726694325946.png\" \/>\n\t<meta property=\"og:image:width\" content=\"279\" \/>\n\t<meta property=\"og:image:height\" content=\"92\" \/>\n\t<meta property=\"og:image:type\" content=\"image\/png\" \/>\n<meta name=\"author\" content=\"Julien\" \/>\n<meta name=\"twitter:card\" content=\"summary_large_image\" \/>\n<meta name=\"twitter:label1\" content=\"\u00c9crit par\" \/>\n\t<meta name=\"twitter:data1\" content=\"Julien\" \/>\n\t<meta name=\"twitter:label2\" content=\"Dur\u00e9e de lecture est.\" \/>\n\t<meta name=\"twitter:data2\" content=\"6 minutes\" \/>\n<script type=\"application\/ld+json\" class=\"yoast-schema-graph\">{\"@context\":\"https:\/\/schema.org\",\"@graph\":[{\"@type\":\"Article\",\"@id\":\"https:\/\/vieassociative.be\/actualites\/est-ce-bon-ou-mauvais-de-setirer-avant-un-entrainement\/#article\",\"isPartOf\":{\"@id\":\"https:\/\/vieassociative.be\/actualites\/est-ce-bon-ou-mauvais-de-setirer-avant-un-entrainement\/\"},\"author\":{\"name\":\"Julien\",\"@id\":\"https:\/\/vieassociative.be\/actualites\/#\/schema\/person\/b87ac4f82f9d4e7b7cec7395b679edc4\"},\"headline\":\"Est-ce bon ou mauvais de s&rsquo;\u00e9tirer avant un entra\u00eenement?\",\"datePublished\":\"2025-06-27T12:19:34+00:00\",\"dateModified\":\"2025-06-27T12:19:34+00:00\",\"mainEntityOfPage\":{\"@id\":\"https:\/\/vieassociative.be\/actualites\/est-ce-bon-ou-mauvais-de-setirer-avant-un-entrainement\/\"},\"wordCount\":1164,\"publisher\":{\"@id\":\"https:\/\/vieassociative.be\/actualites\/#organization\"},\"image\":{\"@id\":\"https:\/\/vieassociative.be\/actualites\/est-ce-bon-ou-mauvais-de-setirer-avant-un-entrainement\/#primaryimage\"},\"thumbnailUrl\":\"https:\/\/vieassociative.be\/actualites\/wp-content\/uploads\/2025\/06\/Est-ce-bon-ou-mauvais-de-setirer-avant-un-entrainement.jpg\",\"keywords\":[\"avant\",\"bon\",\"entra\u00eenement\",\"estce\",\"mauvais\",\"s\u00e9tirer\"],\"articleSection\":[\"Sant\u00e9\"],\"inLanguage\":\"fr-BE\"},{\"@type\":\"WebPage\",\"@id\":\"https:\/\/vieassociative.be\/actualites\/est-ce-bon-ou-mauvais-de-setirer-avant-un-entrainement\/\",\"url\":\"https:\/\/vieassociative.be\/actualites\/est-ce-bon-ou-mauvais-de-setirer-avant-un-entrainement\/\",\"name\":\"Est-ce bon ou mauvais de s'\u00e9tirer avant un entra\u00eenement? | Vie Associative\",\"isPartOf\":{\"@id\":\"https:\/\/vieassociative.be\/actualites\/#website\"},\"primaryImageOfPage\":{\"@id\":\"https:\/\/vieassociative.be\/actualites\/est-ce-bon-ou-mauvais-de-setirer-avant-un-entrainement\/#primaryimage\"},\"image\":{\"@id\":\"https:\/\/vieassociative.be\/actualites\/est-ce-bon-ou-mauvais-de-setirer-avant-un-entrainement\/#primaryimage\"},\"thumbnailUrl\":\"https:\/\/vieassociative.be\/actualites\/wp-content\/uploads\/2025\/06\/Est-ce-bon-ou-mauvais-de-setirer-avant-un-entrainement.jpg\",\"datePublished\":\"2025-06-27T12:19:34+00:00\",\"dateModified\":\"2025-06-27T12:19:34+00:00\",\"breadcrumb\":{\"@id\":\"https:\/\/vieassociative.be\/actualites\/est-ce-bon-ou-mauvais-de-setirer-avant-un-entrainement\/#breadcrumb\"},\"inLanguage\":\"fr-BE\",\"potentialAction\":[{\"@type\":\"ReadAction\",\"target\":[\"https:\/\/vieassociative.be\/actualites\/est-ce-bon-ou-mauvais-de-setirer-avant-un-entrainement\/\"]}]},{\"@type\":\"ImageObject\",\"inLanguage\":\"fr-BE\",\"@id\":\"https:\/\/vieassociative.be\/actualites\/est-ce-bon-ou-mauvais-de-setirer-avant-un-entrainement\/#primaryimage\",\"url\":\"https:\/\/vieassociative.be\/actualites\/wp-content\/uploads\/2025\/06\/Est-ce-bon-ou-mauvais-de-setirer-avant-un-entrainement.jpg\",\"contentUrl\":\"https:\/\/vieassociative.be\/actualites\/wp-content\/uploads\/2025\/06\/Est-ce-bon-ou-mauvais-de-setirer-avant-un-entrainement.jpg\",\"width\":1200,\"height\":675,\"caption\":\"Est-ce bon ou mauvais de s'\u00e9tirer avant un entra\u00eenement?\"},{\"@type\":\"BreadcrumbList\",\"@id\":\"https:\/\/vieassociative.be\/actualites\/est-ce-bon-ou-mauvais-de-setirer-avant-un-entrainement\/#breadcrumb\",\"itemListElement\":[{\"@type\":\"ListItem\",\"position\":1,\"name\":\"Accueil\",\"item\":\"https:\/\/vieassociative.be\/actualites\/\"},{\"@type\":\"ListItem\",\"position\":2,\"name\":\"Est-ce bon ou mauvais de s&rsquo;\u00e9tirer avant un entra\u00eenement?\"}]},{\"@type\":\"WebSite\",\"@id\":\"https:\/\/vieassociative.be\/actualites\/#website\",\"url\":\"https:\/\/vieassociative.be\/actualites\/\",\"name\":\"Vie Associative\",\"description\":\"\",\"publisher\":{\"@id\":\"https:\/\/vieassociative.be\/actualites\/#organization\"},\"potentialAction\":[{\"@type\":\"SearchAction\",\"target\":{\"@type\":\"EntryPoint\",\"urlTemplate\":\"https:\/\/vieassociative.be\/actualites\/?s={search_term_string}\"},\"query-input\":{\"@type\":\"PropertyValueSpecification\",\"valueRequired\":true,\"valueName\":\"search_term_string\"}}],\"inLanguage\":\"fr-BE\"},{\"@type\":\"Organization\",\"@id\":\"https:\/\/vieassociative.be\/actualites\/#organization\",\"name\":\"Vie Associative\",\"url\":\"https:\/\/vieassociative.be\/actualites\/\",\"logo\":{\"@type\":\"ImageObject\",\"inLanguage\":\"fr-BE\",\"@id\":\"https:\/\/vieassociative.be\/actualites\/#\/schema\/logo\/image\/\",\"url\":\"https:\/\/vieassociative.be\/actualites\/wp-content\/uploads\/2024\/09\/cropped-vieassociative_favicon.ico.png\",\"contentUrl\":\"https:\/\/vieassociative.be\/actualites\/wp-content\/uploads\/2024\/09\/cropped-vieassociative_favicon.ico.png\",\"width\":512,\"height\":512,\"caption\":\"Vie Associative\"},\"image\":{\"@id\":\"https:\/\/vieassociative.be\/actualites\/#\/schema\/logo\/image\/\"}},{\"@type\":\"Person\",\"@id\":\"https:\/\/vieassociative.be\/actualites\/#\/schema\/person\/b87ac4f82f9d4e7b7cec7395b679edc4\",\"name\":\"Julien\",\"image\":{\"@type\":\"ImageObject\",\"inLanguage\":\"fr-BE\",\"@id\":\"https:\/\/vieassociative.be\/actualites\/#\/schema\/person\/image\/\",\"url\":\"https:\/\/vieassociative.be\/actualites\/wp-content\/uploads\/2024\/09\/vie-associative-1-150x150.jpg\",\"contentUrl\":\"https:\/\/vieassociative.be\/actualites\/wp-content\/uploads\/2024\/09\/vie-associative-1-150x150.jpg\",\"caption\":\"Julien\"},\"description\":\"Je suis Julien, r\u00e9dacteur pour Vie Associative. Passionn\u00e9 par le monde associatif depuis plus de 10 ans, j'ai \u00e0 c\u0153ur de partager des histoires inspirantes et de mettre en lumi\u00e8re les initiatives locales. Mon objectif est de sensibiliser et d'encourager l'engagement communautaire \u00e0 travers mes articles.\",\"sameAs\":[\"https:\/\/vieassociative.be\/\"]}]}<\/script>\n<!-- \/ Yoast SEO plugin. -->","yoast_head_json":{"title":"Est-ce bon ou mauvais de s'\u00e9tirer avant un entra\u00eenement? | Vie Associative","robots":{"index":"index","follow":"follow","max-snippet":"max-snippet:-1","max-image-preview":"max-image-preview:large","max-video-preview":"max-video-preview:-1"},"canonical":"https:\/\/vieassociative.be\/actualites\/est-ce-bon-ou-mauvais-de-setirer-avant-un-entrainement\/","og_locale":"fr_FR","og_type":"article","og_title":"Est-ce bon ou mauvais de s'\u00e9tirer avant un entra\u00eenement? | Vie Associative","og_description":"Les \u00e9tirements vous font-ils plus faible? Ou est-ce un bon moyen de se r\u00e9chauffer? Il s&rsquo;av\u00e8re que cela d\u00e9pend de ce que vous faites. Devez-vous","og_url":"https:\/\/vieassociative.be\/actualites\/est-ce-bon-ou-mauvais-de-setirer-avant-un-entrainement\/","og_site_name":"Vie Associative","article_published_time":"2025-06-27T12:19:34+00:00","og_image":[{"width":279,"height":92,"url":"https:\/\/vieassociative.be\/actualites\/wp-content\/uploads\/2024\/09\/header_backgroundk-01-e1726694325946.png","type":"image\/png"}],"author":"Julien","twitter_card":"summary_large_image","twitter_misc":{"\u00c9crit par":"Julien","Dur\u00e9e de lecture est.":"6 minutes"},"schema":{"@context":"https:\/\/schema.org","@graph":[{"@type":"Article","@id":"https:\/\/vieassociative.be\/actualites\/est-ce-bon-ou-mauvais-de-setirer-avant-un-entrainement\/#article","isPartOf":{"@id":"https:\/\/vieassociative.be\/actualites\/est-ce-bon-ou-mauvais-de-setirer-avant-un-entrainement\/"},"author":{"name":"Julien","@id":"https:\/\/vieassociative.be\/actualites\/#\/schema\/person\/b87ac4f82f9d4e7b7cec7395b679edc4"},"headline":"Est-ce bon ou mauvais de s&rsquo;\u00e9tirer avant un entra\u00eenement?","datePublished":"2025-06-27T12:19:34+00:00","dateModified":"2025-06-27T12:19:34+00:00","mainEntityOfPage":{"@id":"https:\/\/vieassociative.be\/actualites\/est-ce-bon-ou-mauvais-de-setirer-avant-un-entrainement\/"},"wordCount":1164,"publisher":{"@id":"https:\/\/vieassociative.be\/actualites\/#organization"},"image":{"@id":"https:\/\/vieassociative.be\/actualites\/est-ce-bon-ou-mauvais-de-setirer-avant-un-entrainement\/#primaryimage"},"thumbnailUrl":"https:\/\/vieassociative.be\/actualites\/wp-content\/uploads\/2025\/06\/Est-ce-bon-ou-mauvais-de-setirer-avant-un-entrainement.jpg","keywords":["avant","bon","entra\u00eenement","estce","mauvais","s\u00e9tirer"],"articleSection":["Sant\u00e9"],"inLanguage":"fr-BE"},{"@type":"WebPage","@id":"https:\/\/vieassociative.be\/actualites\/est-ce-bon-ou-mauvais-de-setirer-avant-un-entrainement\/","url":"https:\/\/vieassociative.be\/actualites\/est-ce-bon-ou-mauvais-de-setirer-avant-un-entrainement\/","name":"Est-ce bon ou mauvais de s'\u00e9tirer avant un entra\u00eenement? | Vie Associative","isPartOf":{"@id":"https:\/\/vieassociative.be\/actualites\/#website"},"primaryImageOfPage":{"@id":"https:\/\/vieassociative.be\/actualites\/est-ce-bon-ou-mauvais-de-setirer-avant-un-entrainement\/#primaryimage"},"image":{"@id":"https:\/\/vieassociative.be\/actualites\/est-ce-bon-ou-mauvais-de-setirer-avant-un-entrainement\/#primaryimage"},"thumbnailUrl":"https:\/\/vieassociative.be\/actualites\/wp-content\/uploads\/2025\/06\/Est-ce-bon-ou-mauvais-de-setirer-avant-un-entrainement.jpg","datePublished":"2025-06-27T12:19:34+00:00","dateModified":"2025-06-27T12:19:34+00:00","breadcrumb":{"@id":"https:\/\/vieassociative.be\/actualites\/est-ce-bon-ou-mauvais-de-setirer-avant-un-entrainement\/#breadcrumb"},"inLanguage":"fr-BE","potentialAction":[{"@type":"ReadAction","target":["https:\/\/vieassociative.be\/actualites\/est-ce-bon-ou-mauvais-de-setirer-avant-un-entrainement\/"]}]},{"@type":"ImageObject","inLanguage":"fr-BE","@id":"https:\/\/vieassociative.be\/actualites\/est-ce-bon-ou-mauvais-de-setirer-avant-un-entrainement\/#primaryimage","url":"https:\/\/vieassociative.be\/actualites\/wp-content\/uploads\/2025\/06\/Est-ce-bon-ou-mauvais-de-setirer-avant-un-entrainement.jpg","contentUrl":"https:\/\/vieassociative.be\/actualites\/wp-content\/uploads\/2025\/06\/Est-ce-bon-ou-mauvais-de-setirer-avant-un-entrainement.jpg","width":1200,"height":675,"caption":"Est-ce bon ou mauvais de s'\u00e9tirer avant un entra\u00eenement?"},{"@type":"BreadcrumbList","@id":"https:\/\/vieassociative.be\/actualites\/est-ce-bon-ou-mauvais-de-setirer-avant-un-entrainement\/#breadcrumb","itemListElement":[{"@type":"ListItem","position":1,"name":"Accueil","item":"https:\/\/vieassociative.be\/actualites\/"},{"@type":"ListItem","position":2,"name":"Est-ce bon ou mauvais de s&rsquo;\u00e9tirer avant un entra\u00eenement?"}]},{"@type":"WebSite","@id":"https:\/\/vieassociative.be\/actualites\/#website","url":"https:\/\/vieassociative.be\/actualites\/","name":"Vie Associative","description":"","publisher":{"@id":"https:\/\/vieassociative.be\/actualites\/#organization"},"potentialAction":[{"@type":"SearchAction","target":{"@type":"EntryPoint","urlTemplate":"https:\/\/vieassociative.be\/actualites\/?s={search_term_string}"},"query-input":{"@type":"PropertyValueSpecification","valueRequired":true,"valueName":"search_term_string"}}],"inLanguage":"fr-BE"},{"@type":"Organization","@id":"https:\/\/vieassociative.be\/actualites\/#organization","name":"Vie Associative","url":"https:\/\/vieassociative.be\/actualites\/","logo":{"@type":"ImageObject","inLanguage":"fr-BE","@id":"https:\/\/vieassociative.be\/actualites\/#\/schema\/logo\/image\/","url":"https:\/\/vieassociative.be\/actualites\/wp-content\/uploads\/2024\/09\/cropped-vieassociative_favicon.ico.png","contentUrl":"https:\/\/vieassociative.be\/actualites\/wp-content\/uploads\/2024\/09\/cropped-vieassociative_favicon.ico.png","width":512,"height":512,"caption":"Vie Associative"},"image":{"@id":"https:\/\/vieassociative.be\/actualites\/#\/schema\/logo\/image\/"}},{"@type":"Person","@id":"https:\/\/vieassociative.be\/actualites\/#\/schema\/person\/b87ac4f82f9d4e7b7cec7395b679edc4","name":"Julien","image":{"@type":"ImageObject","inLanguage":"fr-BE","@id":"https:\/\/vieassociative.be\/actualites\/#\/schema\/person\/image\/","url":"https:\/\/vieassociative.be\/actualites\/wp-content\/uploads\/2024\/09\/vie-associative-1-150x150.jpg","contentUrl":"https:\/\/vieassociative.be\/actualites\/wp-content\/uploads\/2024\/09\/vie-associative-1-150x150.jpg","caption":"Julien"},"description":"Je suis Julien, r\u00e9dacteur pour Vie Associative. Passionn\u00e9 par le monde associatif depuis plus de 10 ans, j'ai \u00e0 c\u0153ur de partager des histoires inspirantes et de mettre en lumi\u00e8re les initiatives locales. Mon objectif est de sensibiliser et d'encourager l'engagement communautaire \u00e0 travers mes articles.","sameAs":["https:\/\/vieassociative.be\/"]}]}},"_links":{"self":[{"href":"https:\/\/vieassociative.be\/actualites\/wp-json\/wp\/v2\/posts\/8409"}],"collection":[{"href":"https:\/\/vieassociative.be\/actualites\/wp-json\/wp\/v2\/posts"}],"about":[{"href":"https:\/\/vieassociative.be\/actualites\/wp-json\/wp\/v2\/types\/post"}],"author":[{"embeddable":true,"href":"https:\/\/vieassociative.be\/actualites\/wp-json\/wp\/v2\/users\/1"}],"replies":[{"embeddable":true,"href":"https:\/\/vieassociative.be\/actualites\/wp-json\/wp\/v2\/comments?post=8409"}],"version-history":[{"count":0,"href":"https:\/\/vieassociative.be\/actualites\/wp-json\/wp\/v2\/posts\/8409\/revisions"}],"wp:featuredmedia":[{"embeddable":true,"href":"https:\/\/vieassociative.be\/actualites\/wp-json\/wp\/v2\/media\/8410"}],"wp:attachment":[{"href":"https:\/\/vieassociative.be\/actualites\/wp-json\/wp\/v2\/media?parent=8409"}],"wp:term":[{"taxonomy":"category","embeddable":true,"href":"https:\/\/vieassociative.be\/actualites\/wp-json\/wp\/v2\/categories?post=8409"},{"taxonomy":"post_tag","embeddable":true,"href":"https:\/\/vieassociative.be\/actualites\/wp-json\/wp\/v2\/tags?post=8409"}],"curies":[{"name":"wp","href":"https:\/\/api.w.org\/{rel}","templated":true}]}}